{"id":9942,"date":"2013-11-18T09:01:10","date_gmt":"2013-11-18T08:01:10","guid":{"rendered":"http:\/\/visionarymarketing.fr\/blog\/?p=9942"},"modified":"2024-08-08T22:12:15","modified_gmt":"2024-08-08T20:12:15","slug":"e-business-esg-mba-digital","status":"publish","type":"post","link":"https:\/\/visionarymarketing.com\/fr\/2013\/11\/18\/e-business-esg-mba-digital\/","title":{"rendered":"E-business : ESG Apprend le digital aux Patrons (MBA)"},"content":{"rendered":"<p><em><span style=\"color: #4f81bd;\"><a href=\"https:\/\/visionarymarketing.com\/wp-content\/uploads\/2013\/11\/academia-small.gif\"><img decoding=\"async\" style=\"background-image: none; float: left; padding-top: 0px; padding-left: 0px; margin: 10px 10px 10px 0px; display: inline; padding-right: 0px; border-width: 0px;\" title=\"academia-small\" alt=\"academia-small\" src=\"https:\/\/visionarymarketing.com\/wp-content\/uploads\/2013\/11\/academia-small_thumb.gif\" width=\"150\" height=\"121\" align=\"left\" border=\"0\" \/><\/a>J&rsquo;ai rencontr\u00e9 <span class=\"removed_link\" title=\"http:\/\/www.linkedin.com\/in\/catherineheadley\">Catherine Headley<\/span> <a class=\"zem_slink\" title=\"French grammar\" href=\"https:\/\/en.wikipedia.org\/wiki\/French_grammar\" target=\"_blank\" rel=\"wikipedia noopener noreferrer\">il y a<\/a> quelque temps afin de recueillir son t\u00e9moignage suite \u00e0 <strong><a href=\"http:\/\/www.esg-executive.fr\/executive-mba\/executive-mba-e-business.html\" target=\"_blank\" rel=\"noopener noreferrer\">la cr\u00e9ation r\u00e9cente du MBA e-business executive de l&rsquo;ESG<\/a><\/strong>, o\u00f9 j&rsquo;interviendrai \u00e9galement. Bien au del\u00e0 du simple descriptif d&rsquo;un cursus, c&rsquo;est une v\u00e9ritable vision, tr\u00e8s forte, du monde des affaires et de l&rsquo;importance capitale qu&rsquo;est en train de prendre le marketing digital dans ce monde, que Catherine nous a livr\u00e9e. On y retrouve une approche que je partage \u00e9galement et que je distille au travers de ce blog depuis des ann\u00e9es, mais aussi au travers des ouvrages que j&rsquo;\u00e9cris en collaboration avec Herv\u00e9 Kabla (la communication digitale expliqu\u00e9e \u00e0 mon boss &#8211; 2013 \u00e9ditions Kawa). Ma collaboration avec ESG n&rsquo;est pas le fruit d&rsquo;un hasard mais le r\u00e9sultat du partage de la m\u00eame vue du march\u00e9 et de son \u00e9volution. ESG, \u00e9cole pionni\u00e8re dans la <a class=\"zem_slink\" title=\"Formation (stratigraphy)\" href=\"https:\/\/en.wikipedia.org\/wiki\/Formation_%28stratigraphy%29\" target=\"_blank\" rel=\"wikipedia noopener noreferrer\">formation<\/a> au digital, et sponsor privil\u00e9gi\u00e9 de <span class=\"removed_link\" title=\"http:\/\/mediaaces.org\">Media Aces<\/span> depuis longtemps, montre qu&rsquo;elle a encore une longueur d&rsquo;avance en ce domaine.<\/span><\/em><\/p>\n<p>&nbsp;<\/p>\n<h2><b>Interview avec Catherine Headley, ESG Mba Executive e-<a class=\"zem_slink\" title=\"Business\" href=\"https:\/\/web.archive.org\/web\/20200505171323\/https:\/\/www.legalzoom.com\/articles\/starting-a-business\/all\" target=\"_blank\" rel=\"legalzoom noopener noreferrer\">business<\/a><\/b><\/h2>\n<p><b>ESG : pionnier de la formation e-business<\/b><\/p>\n<p><a href=\"https:\/\/visionarymarketing.com\/wp-content\/uploads\/2013\/11\/quotes-small.gif\"><img decoding=\"async\" style=\"background-image: none; float: left; padding-top: 0px; padding-left: 0px; margin: 10px 0px; display: inline; padding-right: 0px; border-width: 0px;\" title=\"quotes-small\" alt=\"quotes-small\" src=\"https:\/\/visionarymarketing.com\/wp-content\/uploads\/2013\/11\/quotes-small_thumb.gif\" width=\"150\" height=\"142\" align=\"left\" border=\"0\" \/><\/a>On peut dire que <a href=\"http:\/\/mba-esg.com\" target=\"_blank\" rel=\"noopener noreferrer\">l&rsquo;ESG management School<\/a> est un pionnier de la formation e-business. On a commenc\u00e9 en 1998 et on avait cr\u00e9\u00e9 un MBA ESG NTIC. Bien entendu le mot NTIC n&rsquo;existe plus aujourd&rsquo;hui, c&rsquo;est un peu ringard et il a \u00e9t\u00e9 rebaptis\u00e9 il y a 10 ans MBA e-business. Je m&rsquo;en occupe depuis cette \u00e9poque. Apr\u00e8s on a cr\u00e9\u00e9 une sp\u00e9cialisation \u00e0 l&rsquo;ESG\u00a0 management School en Master 1 et Master 2 qui est le master digital business, et maintenant on ouvre un MBA e-business executive qui ne cible que des professionnels qui ont d\u00e9j\u00e0 un bon niveau d&rsquo;\u00e9tudes en g\u00e9n\u00e9ral, un bac plus quatre minimum, et qui ont des fonctions de management dans les entreprises.<\/p>\n<p><b>Le constat<\/b><\/p>\n<p><a href=\"http:\/\/www.esg-executive.fr\/executive-mba\/executive-mba-e-business.html\" target=\"_blank\" rel=\"noopener noreferrer\"><img decoding=\"async\" style=\"background-image: none; float: left; padding-top: 0px; padding-left: 0px; margin: 0px 10px 0px 0px; display: inline; padding-right: 0px; border-width: 0px;\" title=\"image\" alt=\"image\" src=\"https:\/\/visionarymarketing.com\/wp-content\/uploads\/2013\/11\/image.png\" width=\"154\" height=\"228\" align=\"left\" border=\"0\" \/><\/a><a href=\"http:\/\/www.esg-executive.fr\/executive-mba\/executive-mba-e-business.html\" target=\"_blank\" rel=\"noopener noreferrer\"><img decoding=\"async\" style=\"background-image: none; float: right; padding-top: 0px; padding-left: 0px; margin: 0px 0px 0px 10px; display: inline; padding-right: 0px; border-width: 0px;\" title=\"image\" alt=\"image\" src=\"https:\/\/visionarymarketing.com\/wp-content\/uploads\/2013\/11\/image1.png\" width=\"154\" height=\"226\" align=\"right\" border=\"0\" \/><\/a>Le constat, c&rsquo;est qu&rsquo;aujourd&rsquo;hui de plus en plus de responsables de business units, et de responsables de d\u00e9partements sont amen\u00e9s \u00e0 g\u00e9rer des \u00e9quipes qui sont digitales, sont amen\u00e9s \u00e0 piloter des projets en <a class=\"zem_slink\" title=\"Digital marketing\" href=\"https:\/\/en.wikipedia.org\/wiki\/Digital_marketing\" target=\"_blank\" rel=\"wikipedia noopener noreferrer\">digital marketing<\/a>, ou m\u00eame en digital au sens large, pas seulement de e-marketing, et qu&rsquo; il y a un manque de s\u00e9niors dans ce type de fonctions.<\/p>\n<p>Tout \u00e7a est relativement r\u00e9cent et on va dire que la partie digitale en <a class=\"zem_slink\" title=\"France\" href=\"http:\/\/maps.google.com\/maps?ll=48.8566666667,2.35083333333&amp;spn=10.0,10.0&amp;q=48.8566666667,2.35083333333 (France)&amp;t=h\" target=\"_blank\" rel=\"geolocation noopener noreferrer\">France<\/a> s&rsquo; est surtout d\u00e9velopp\u00e9e \u00e0 partir de 97\/98. Donc, il y a tr\u00e8s peu de monde qui a 17 ou 18 ann\u00e9es d&rsquo;exp\u00e9rience en digital. Et aussi, il y a tr\u00e8s peu de personnes qui sont capables d&rsquo;avoir une vision compl\u00e8tement transverse. C&rsquo;est un manque au niveau des entreprises en termes de pilotage de ces projets-l\u00e0.<\/p>\n<p>Donc nous proposons \u00e0 des managers qui n&rsquo;ont pas \u00e0 la base de formation digitale, parce que \u00e0 l&rsquo;\u00e9poque \u00e7a ne se faisait pas, de pouvoir aujourd&rsquo;hui apprendre \u00e0 ma\u00eetriser tous les outils et toutes les strat\u00e9gies et tous les \u00e9l\u00e9ments n\u00e9cessaires pour encadrer et piloter ces experts.<\/p>\n<p><b><a class=\"zem_slink\" title=\"Le Web\" href=\"https:\/\/web.archive.org\/web\/20211231010336\/https:\/\/leweb.co\/\" target=\"_blank\" rel=\"homepage noopener noreferrer\">Le Web<\/a> n&rsquo;est pas que pour la g\u00e9n\u00e9ration Y<\/b><\/p>\n<p><img decoding=\"async\" style=\"float: none; margin: 10px auto; display: block;\" alt=\"\" src=\"https:\/\/farm8.staticflickr.com\/7300\/10857470763_705bba25e0.jpg\" \/><\/p>\n<p align=\"center\"><em>Catherine Headley au premier rang de la derni\u00e8re conf\u00e9rence Media Aces<\/em><\/p>\n<p>Je pense que par le pass\u00e9, on a cru que le Web c&rsquo;\u00e9tait pour la g\u00e9n\u00e9ration Y, que c&rsquo;\u00e9tait super parce que on pouvait embaucher des gens pas chers, et que ce raisonnement est \u00e9galement celui qui a pr\u00e9valu dans la presse ; on a cru beaucoup de choses fausses \u00e0 propos du Web, mais aujourd&rsquo;hui on s&rsquo;aper\u00e7oit qu&rsquo;en fin de compte, le Web c&rsquo;est simplement un canal de vente comme un autre. Est-ce qu&rsquo;on va donner \u00e0 la g\u00e9n\u00e9ration Y, la gestion de toutes les cha\u00eenes de magasins offline d&rsquo;un grand groupe ? Non ! Donc c&rsquo;est la m\u00eame chose sur la partie Web, l&rsquo;enjeu est devenu \u00e9norme en termes de chiffre d&rsquo;affaire.<\/p>\n<p>Si on revient sur un sujet un peu plus terre \u00e0 terre qui est le r\u00e9f\u00e9rencement naturel, le <a class=\"zem_slink\" title=\"Search engine optimization\" href=\"https:\/\/en.wikipedia.org\/wiki\/Search_engine_optimization\" target=\"_blank\" rel=\"wikipedia noopener noreferrer\">SEO<\/a>, celui-ci \u00e9tait vu comme un truc de notori\u00e9t\u00e9 qui ne servait pas \u00e0 grand-chose et puis aujourd&rsquo;hui on s&rsquo;aper\u00e7oit que c&rsquo;est un enjeu \u00e9norme et qu&rsquo;on investit \u00e9norm\u00e9ment dessus. Si on investit tant dur cette partie SEO c&rsquo;est parce qu&rsquo;on s&rsquo;aper\u00e7oit que si on n&rsquo;a pas de visibilit\u00e9 ni de notori\u00e9t\u00e9, on n&rsquo;a pas de chiffre d&rsquo;affaires non plus.<\/p>\n<p>Alors il y a aussi la mobilit\u00e9 qui rentre en ligne de compte. Les consommateurs utilisent Internet pour acheter, et la g\u00e9n\u00e9ration y utilise m\u00eame beaucoup plus Internet que les magasins donc il va falloir que les marques s&rsquo;adaptent \u00e0 ce type de strat\u00e9gie. Mais va-t-on mettre tous les budgets sur des personnes qui sortent simplement d&rsquo;\u00e9cole, je ne suis pas s\u00fbre.<\/p>\n<p>Aujourd&rsquo;hui, le Web devient de plus en plus s\u00e9rieux. On peut prendre Google en exemple et voir qu&rsquo;il suit de plus en plus les tendances humaines. Il y a un moment donn\u00e9 o\u00f9 on disait que sur le Web, le contenu est roi et on s&rsquo;est mis \u00e0 publier plein de contenu et puis apr\u00e8s on s&rsquo;est dit que pour \u00eatre r\u00e9f\u00e9renc\u00e9 il fallait cr\u00e9er de l&rsquo; \u00ab\u00a0engagement\u00a0\u00bb alors tout le monde s&rsquo;est mis \u00e0 \u201cliker\u201d et \u00e0 commenter et \u00e0 partager. Aujourd&rsquo;hui on est plut\u00f4t sur une tendance qui veut qu&rsquo;un contenu qui remonte, c&rsquo;est un contenu qui est \u00e9crit par une source cr\u00e9dible. C&rsquo;est \u00e7a qui est important : la cr\u00e9dibilit\u00e9 du contenu.<\/p>\n<p>En fait, c&rsquo;est tr\u00e8s logique, parce que si n&rsquo;importe qui pouvait \u00e9crire n&rsquo;importe quoi avant, ce n&rsquo;est plus suffisant aujourd&rsquo;hui. Mais c&rsquo;est un enjeu \u00e9norme qu&rsquo;on voit se mat\u00e9rialiser aujourd&rsquo;hui avec la disparition progressive des journalistes. Tout le monde devient en effet journaliste, mais est-ce que le contenu qui est \u00e9crit par Monsieur tout le monde a autant de valeur que le contenu qui est \u00e9crit par un quelqu&rsquo;un qui travaille \u00e0 France t\u00e9l\u00e9vision par exemple ? Pas forc\u00e9ment.<\/p>\n<p><strong>Or, \u00e7a veut dire quoi un contenu cr\u00e9dible par rapport \u00e0 Google ? C&rsquo;est un contenu qui est \u00e9crit par quelqu&rsquo;un qui <i>pourra<\/i> \u00eatre jug\u00e9 cr\u00e9dible parce qu&rsquo;il est connect\u00e9 \u00e0 \u00e9norm\u00e9ment de personnes cr\u00e9dibles ; c&rsquo;est \u00e0 dire quelqu&rsquo;un qui a un compte cr\u00e9dible sur un contenu qu&rsquo;il \u00e9crit et qui est connect\u00e9 \u00e0 beaucoup de monde, sur Google plus, qui est r\u00e9f\u00e9renc\u00e9 par beaucoup de monde et qui a beaucoup d&rsquo;abonn\u00e9s sur Twitter et qui est retweet\u00e9 etc.<\/strong><\/p>\n<p>Et cela nous enseigne quelque chose par rapport au jeunisme ambiant : est-ce que quelqu&rsquo;un qui sort de l&rsquo;\u00e9cole a autant de relations que quelqu&rsquo;un qui travaille d\u00e9j\u00e0 depuis 10 ans ou 15 ans ?<\/p>\n<p><b>Les buts du MBA Executive<\/b> <b>e-business<\/b><\/p>\n<p>Ce MBA c&rsquo;est une mani\u00e8re de remettre le Web au sein de la probl\u00e9matique de la technicit\u00e9 m\u00e9tier bien s\u00fbr, mais peut-\u00eatre aussi de continuer \u00e0 \u00eatre visionnaire et de se demander s&rsquo;il y a des changements qui vont arriver et par rapport \u00e0 ces changements dans le monde des affaires d&rsquo;en renforcer la cr\u00e9dibilit\u00e9 ; car ce m\u00e9tier va finalement devenir un m\u00e9tier classique, comme les autres.<\/p>\n<p>Cette tendance est une tendance sur laquelle on essaie de pr\u00e9parer les managers et ces managers qui viennent rejoindre le MBA Executive sont des personnes qui ont la confiance de leurs soci\u00e9t\u00e9s parce qu&rsquo;elles vont leur confier des missions tr\u00e8s transversales dans lesquels ils seront amen\u00e9s \u00e0 piloter des projets e-business.<\/p>\n<p><b>Apprendre \u00e0 mener des projets e-business<br \/>\n<\/b><\/p>\n<p>Ils doivent encadrer des \u00e9quipes digitales qui n&rsquo;existaient pas auparavant. Les personnes qui viennent rejoindre ce MBA vont donc se doter de ces comp\u00e9tences. Nous n&rsquo;avons pas juste cr\u00e9\u00e9 ce MBA spontan\u00e9ment, nous l&rsquo;avons cr\u00e9\u00e9 parce qu&rsquo;on avait de plus en plus de professionnels dans les MBA classiques. Ce sont des professionnels qui sont en poste, pas des gens qui sont au ch\u00f4mage et qui vont se payer une formation en attendant d&rsquo;en trouver un nouveau, ce sont des gens qui ont une demande et qui sont en entreprise sur un rythme \u00e0 temps partiel.<\/p>\n<p>Dans ces entreprises, on rencontre de plus en plus une probl\u00e9matique d&rsquo;encadrement d&rsquo;\u00e9quipes plus jeunes dans la partie digitale. Dans ces encadrements d&rsquo;\u00e9quipe, il va bien s\u00fbr y avoir des experts SEM, SEO et des Community Managers mais aussi des gens qui vont faire du display et des \u00ab\u00a0stores managers\u00a0\u00bb parce qu&rsquo;il y a une pl\u00e9thore de fonctions dans ces m\u00e9tiers l\u00e0 ; ils ont besoin de les encadrer et de les encadrer au m\u00eame titre que les \u00e9quipes classiques. <b>Je pense que le responsable digital aujourd&rsquo;hui va de plus en plus arriver dans les CODIR. <\/b><\/p>\n<p><b>Une maturation de la fonction et des responsables plus \u00e2g\u00e9s<\/b><\/p>\n<p>Ce qui m&rsquo;a frapp\u00e9 notamment aux \u00c9tats-Unis sur des conf\u00e9rences auxquelles j&rsquo;ai particip\u00e9 il y a un mois, c&rsquo;est que sur ces conf\u00e9rences, majoritairement, la population avait \u00e9norm\u00e9ment chang\u00e9. Il y a 5 ou 6 ans je me sentais vieille dans ces conf\u00e9rences, et pourtant j&rsquo;avais 39 ans. Aujourd&rsquo;hui je me sens jeune, parce qu&rsquo;ils ont en moyenne tous dans les 50 ans. Donc j&rsquo;ai l&rsquo;impression qu&rsquo;il y a un vrai changement, et que les probl\u00e9matiques ne sont plus les m\u00eames.<\/p>\n<p>Les probl\u00e9matiques aujourd&rsquo;hui sont v\u00e9ritablement de faire de l&rsquo;argent et de faire du chiffre d&rsquo;affaire, pouvoir en effet d\u00e9velopper des soci\u00e9t\u00e9s, et notamment \u00e0 l&rsquo;international. On n&rsquo;est plus sur les probl\u00e9matiques de design un peu funky d&rsquo;il y a six ans. Nous nous trouvons dans les probl\u00e8mes business classiques o\u00f9 le digital est simplement un levier parmi tant d&rsquo;autres.<\/p>\n<p>&nbsp;<\/p>\n<p><!--more--><\/p>\n<p>Des petites classes &#8230; Par choix<\/p>\n<p>Au niveau de ce MBA e-business Executive on a fait un choix d&rsquo;avoir toujours des petites classes ; c&rsquo;est tr\u00e8s important. On veut r\u00e9ellement cr\u00e9er une formation sur laquelle il y aura \u00e0 peu pr\u00e8s une dizaine d\u2019auditeurs maximum par classe, pour pouvoir travailler exactement\u00a0 comme dans les formations professionnelles en intra.<\/p>\n<p>L&rsquo;id\u00e9e c&rsquo;est vraiment d&rsquo;avoir un programme qui va durer 18 mois, une classe qui va commencer en novembre une autre qui va commencer en juin et qui va durer 12 mois ; mais avec des modules qui sont des modules de formation professionnelle et qui vont donner des comp\u00e9tences business c\u0153ur de m\u00e9tier et des comp\u00e9tences techniques, m\u00eame si j&rsquo;ai\u00a0 tout \u00e0 fait conscience qu&rsquo;on ne va pas en faire des d\u00e9veloppeurs, ce n&rsquo;est pas l&rsquo;objectif !<\/p>\n<p><b>Les managers ont besoin de comprendre les bases techniques <\/b><\/p>\n<p>Ce sont des managers, mais ils ont besoin de comprendre les bases techniques, ils ont besoin d&rsquo;avoir des cours de langages informatiques et des cours de bases de donn\u00e9es et aussi des cours de gestion de projet; ils ont besoin d&rsquo;avoir enfin des cours en business digital, business models, SEM, display etc. Sur la partie m\u00e9dias aussi, ils ont besoin d&rsquo;acqu\u00e9rir un ensemble de comp\u00e9tences pendant ce cursus, que ce soit celui de 18 ou de 12 mois.<\/p>\n<p><b>Se digitaliser <\/b><\/p>\n<p>Alors qu&rsquo;est-ce que \u00e7a veut dire \u00ab\u00a0se digitaliser\u00a0\u00bb ? L&rsquo;id\u00e9e c&rsquo;est de pouvoir faire en sorte qu&rsquo;ils aient des comptes twitter optimis\u00e9s, une pr\u00e9sence sur LinkedIn, qu&rsquo;ils sachent cr\u00e9er exactement aussi une page entreprise pour leur entreprise sur Facebook et que ce soient des gens qui soient visibles d&rsquo;un point de vue digital et qu&rsquo;ils aient \u00e0 une qualit\u00e9 d&rsquo;auteur parce qu&rsquo;ils ont besoin d&rsquo;une cr\u00e9dibilit\u00e9 digitale.<\/p>\n<p><b>Voyage d&rsquo;\u00e9tude en Angleterre<\/b><\/p>\n<p>ils vont aussi partir en voyage d&rsquo;\u00e9tude en Angleterre. Pourquoi en Angleterre ? Parce que ce sont des personnes qui sont en activit\u00e9, donc ils n&rsquo;ont pas le temps de passer une semaine aux \u00c9tats-Unis par rapport \u00e0 leurs fonctions. Donc nous allons les amener \u00e0 Londres, et sur les conf\u00e9rences digitales de SMX qui est un cycle de conf\u00e9rence orient\u00e9 acquisition digitale. Cela va leur permettre de toucher ces \u00e9volutions digitales au travers du monde anglo-saxon, qui est tr\u00e8s visionnaire.<\/p>\n<p><b>Des cycles de conf\u00e9rence en France <\/b><\/p>\n<p>Sur la partie fran\u00e7aise, \u00e9galement, au cours de leur formation, ils ont aussi la possibilit\u00e9 d&rsquo;acc\u00e9der \u00e0 des cycles de conf\u00e9rences comme la cantine comme media aces etc. pour les digitaliser et aussi pour leur permettre de faire des rencontres au niveau de leur cercle de relations.<\/p>\n<p><b>La France n&rsquo;a pas (bien) compris le digital<\/b><\/p>\n<p>Je ne veux pas juger la France au sens de savoir si elle est empaill\u00e9e, scl\u00e9ros\u00e9e. Je pense simplement que la France, aujourd&rsquo;hui dans le digital, n&rsquo;est pas orient\u00e9e business et n&rsquo;a pas compris que le digital est un moyen de faire du chiffre, un moyen de gagner l&rsquo;argent pour les soci\u00e9t\u00e9s.<\/p>\n<p><strong>Et aujourd&rsquo;hui il faut en fin de compte, il faut sortir du digital, ce c\u00f4t\u00e9 technique ou technicien que je trouve poussi\u00e9reux. Alors que le digital aujourd&rsquo;hui c&rsquo;est vraiment du chiffre d&rsquo;affaire, c&rsquo;est une opportunit\u00e9 de business extraordinaire et je pense que les gens qui sont bons en digital sont les personnes qui sont des commerciaux, in fine, et pas des techniciens. <\/strong><\/p>\n<h3 class=\"zemanta-related-title\" style=\"margin: 0 0 10px 0; padding: 0; clear: both;\">Related articles<\/h3>\n<ul class=\"zemanta-article-ul zemanta-article-ul-image\" style=\"margin: 0; padding: 0; overflow: hidden;\">\n<li class=\"zemanta-article-ul-li-image zemanta-article-ul-li\" style=\"padding: 0; background: none; list-style: none; display: block; float: left; vertical-align: top; text-align: left; width: 104px; font-size: 12px; margin: 0 5px 10px 0;\">Trucs et astuces_pour_facebook<\/li>\n<li class=\"zemanta-article-ul-li-image zemanta-article-ul-li\" style=\"padding: 0; background: none; list-style: none; display: block; float: left; vertical-align: top; text-align: left; width: 104px; font-size: 12px; margin: 0 5px 10px 0;\">GENFIT : Launch of a capital increase of maximum ?5M with preferential subscription rights for the existing shareholders (in French Version only)<\/li>\n<li class=\"zemanta-article-ul-li-image zemanta-article-ul-li\" style=\"padding: 0; background: none; list-style: none; display: block; float: left; vertical-align: top; text-align: left; width: 104px; font-size: 12px; margin: 0 5px 10px 0;\"><a style=\"padding: 2px; display: block; text-decoration: none;\" href=\"http:\/\/spacefiction.wordpress.com\/2014\/01\/09\/a-propos-de-la-geographie-dans-loeuvre-de-marcel-proust-a-la-recherche-du-temps-perdu-about-the-geography-in-the-work-of-marcel-proust-a-la-recherche-du-temps-perdu\/\" target=\"_blank\" rel=\"noopener noreferrer\"><\/a><a style=\"display: block; overflow: hidden; text-decoration: none; line-height: 12pt; height: 80px; padding: 5px 2px 0 2px;\" href=\"http:\/\/spacefiction.wordpress.com\/2014\/01\/09\/a-propos-de-la-geographie-dans-loeuvre-de-marcel-proust-a-la-recherche-du-temps-perdu-about-the-geography-in-the-work-of-marcel-proust-a-la-recherche-du-temps-perdu\/\" target=\"_blank\" rel=\"noopener noreferrer\">La g\u00e9ographie dans \u00ab\u00a0La Recherche\u00a0\u00bb de Marcel Proust \/ Geography in Proust&rsquo;s \u00ab\u00a0In Search of Lost Time\u00a0\u00bb<\/a><\/li>\n<\/ul>\n<div itemscope itemtype=\"http:\/\/schema.org\/AudioObject\"><meta itemprop=\"name\" content=\"E-business : ESG Apprend le digital aux Patrons (MBA)\" \/><meta itemprop=\"uploadDate\" content=\"2013-11-18T09:01:10+01:00\" \/><meta itemprop=\"encodingFormat\" content=\"audio\/mpeg\" \/><meta itemprop=\"duration\" content=\"PT11M54S\" \/><meta itemprop=\"description\" content=\"J&#039;ai rencontr\u00e9 Catherine Headley il y a quelque temps afin de recueillir son t\u00e9moignage suite \u00e0 la cr\u00e9ation r\u00e9cente du MBA e-business executive de l&#039;ESG, o\u00f9 j&#039;interviendrai \u00e9galement. Bien au del\u00e0 du simple descriptif d&#039;un cursus, c&#039;est une v\u00e9ritable...\" \/><meta itemprop=\"contentUrl\" content=\"https:\/\/media.blubrry.com\/visionarymarketing_les\/visionarymarketing.com\/files\/podcasts\/cheadley-ESG-mba-exec-digital.mp3\" \/><meta itemprop=\"contentSize\" content=\"19.1\" \/><div class=\"powerpress_player\" id=\"powerpress_player_3194\"><audio class=\"wp-audio-shortcode\" id=\"audio-9942-1\" preload=\"none\" style=\"width: 100%;\" controls=\"controls\"><source type=\"audio\/mpeg\" src=\"https:\/\/media.blubrry.com\/visionarymarketing_les\/visionarymarketing.com\/files\/podcasts\/cheadley-ESG-mba-exec-digital.mp3?_=1\" \/><a href=\"https:\/\/media.blubrry.com\/visionarymarketing_les\/visionarymarketing.com\/files\/podcasts\/cheadley-ESG-mba-exec-digital.mp3\">https:\/\/media.blubrry.com\/visionarymarketing_les\/visionarymarketing.com\/files\/podcasts\/cheadley-ESG-mba-exec-digital.mp3<\/a><\/audio><\/div><\/div><p class=\"powerpress_links powerpress_links_mp3\" style=\"margin-bottom: 1px !important;\">Podcast: <a href=\"https:\/\/media.blubrry.com\/visionarymarketing_les\/visionarymarketing.com\/files\/podcasts\/cheadley-ESG-mba-exec-digital.mp3\" class=\"powerpress_link_pinw\" target=\"_blank\" title=\"Play in new window\" onclick=\"return powerpress_pinw('https:\/\/visionarymarketing.com\/fr\/\/?powerpress_pinw=9942-podcast');\" rel=\"nofollow\">Play in new window<\/a> | <a href=\"https:\/\/media.blubrry.com\/visionarymarketing_les\/visionarymarketing.com\/files\/podcasts\/cheadley-ESG-mba-exec-digital.mp3\" class=\"powerpress_link_d\" title=\"Download\" rel=\"nofollow\" download=\"cheadley-ESG-mba-exec-digital.mp3\">Download<\/a> (Duration: 11:54 &#8212; 19.1MB)<\/p><p class=\"powerpress_links powerpress_subscribe_links\">Subscribe: <a href=\"https:\/\/itunes.apple.com\/us\/podcast\/visionarymarketing-les-interviews\/id731295319?mt=2&amp;ls=1#episodeGuid=http%3A%2F%2Fvisionarymarketing.fr%2Fblog%2F%3Fp%3D9942\" class=\"powerpress_link_subscribe powerpress_link_subscribe_itunes\" target=\"_blank\" title=\"Subscribe on Apple Podcasts\" rel=\"nofollow\">Apple Podcasts<\/a> | <a href=\"https:\/\/open.spotify.com\/show\/52VnZ1mhVSnDs4tQOx7Vuc\" class=\"powerpress_link_subscribe powerpress_link_subscribe_spotify\" target=\"_blank\" title=\"Subscribe on Spotify\" rel=\"nofollow\">Spotify<\/a> | <a href=\"https:\/\/subscribeonandroid.com\/visionarymarketing.com\/fr\/feed\/podcast\/\" class=\"powerpress_link_subscribe powerpress_link_subscribe_android\" target=\"_blank\" title=\"Subscribe on Android\" rel=\"nofollow\">Android<\/a> | <a href=\"https:\/\/visionarymarketing.com\/fr\/feed\/podcast\/\" class=\"powerpress_link_subscribe powerpress_link_subscribe_rss\" target=\"_blank\" title=\"Subscribe via RSS\" rel=\"nofollow\">RSS<\/a><\/p>","protected":false},"excerpt":{"rendered":"<p>J&rsquo;ai rencontr\u00e9 Catherine Headley il y a quelque temps afin de recueillir son t\u00e9moignage suite \u00e0 la cr\u00e9ation r\u00e9cente du MBA e-business executive de l&rsquo;ESG, o\u00f9 j&rsquo;interviendrai \u00e9galement. Bien au del\u00e0 du simple descriptif d&rsquo;un cursus, c&rsquo;est une v\u00e9ritable vision, tr\u00e8s forte, du monde des affaires et de l&rsquo;importance capitale qu&rsquo;est en train de prendre &hellip;<\/p>\n","protected":false},"author":2,"featured_media":34069,"comment_status":"open","ping_status":"open","sticky":false,"template":"","format":"standard","meta":{"footnotes":""},"categories":[2898,121,6],"tags":[],"class_list":["post-9942","post","type-post","status-publish","format-standard","has-post-thumbnail","hentry","category-communication-digitale","category-e-business","category-marketing-innovation-fr"],"yoast_head":"<!-- This site is optimized with the Yoast SEO plugin v27.5 - https:\/\/yoast.com\/product\/yoast-seo-wordpress\/ -->\n<title>E-business : ESG Apprend le digital aux Patrons (Exec MBA)<\/title>\n<meta name=\"description\" content=\"J&#039;ai rencontr\u00e9 Catherine Headley il y a quelque temps afin de recueillir son t\u00e9moignage suite \u00e0 la cr\u00e9ation r\u00e9cente du MBA e-business executive de l&#039;ESG,\" \/>\n<meta name=\"robots\" content=\"index, follow, max-snippet:-1, max-image-preview:large, max-video-preview:-1\" \/>\n<link rel=\"canonical\" href=\"https:\/\/visionarymarketing.com\/fr\/2013\/11\/18\/e-business-esg-mba-digital\/\" \/>\n<meta property=\"og:locale\" content=\"fr_FR\" \/>\n<meta property=\"og:type\" content=\"article\" \/>\n<meta property=\"og:title\" content=\"E-business : ESG Apprend le digital aux Patrons (Exec MBA)\" \/>\n<meta property=\"og:description\" content=\"J&#039;ai rencontr\u00e9 Catherine Headley il y a quelque temps afin de recueillir son t\u00e9moignage suite \u00e0 la cr\u00e9ation r\u00e9cente du MBA e-business executive de l&#039;ESG,\" \/>\n<meta property=\"og:url\" content=\"https:\/\/visionarymarketing.com\/fr\/2013\/11\/18\/e-business-esg-mba-digital\/\" \/>\n<meta property=\"og:site_name\" content=\"Marketing and Innovation\" \/>\n<meta property=\"article:publisher\" content=\"https:\/\/www.facebook.com\/vismktg\" \/>\n<meta property=\"article:author\" content=\"http:\/\/facebook.com\/ygourven\" \/>\n<meta property=\"article:published_time\" content=\"2013-11-18T08:01:10+00:00\" \/>\n<meta property=\"article:modified_time\" content=\"2024-08-08T20:12:15+00:00\" \/>\n<meta property=\"og:image\" content=\"https:\/\/visionarymarketing.com\/wp-content\/uploads\/2019\/11\/47883451541_40d3326d5e_c.jpg\" \/>\n\t<meta property=\"og:image:width\" content=\"644\" \/>\n\t<meta property=\"og:image:height\" content=\"430\" \/>\n\t<meta property=\"og:image:type\" content=\"image\/jpeg\" \/>\n<meta name=\"author\" content=\"Yann Gourvennec\" \/>\n<meta name=\"twitter:card\" content=\"summary_large_image\" \/>\n<meta name=\"twitter:creator\" content=\"@ygourven\" \/>\n<meta name=\"twitter:site\" content=\"@ygourven\" \/>\n<meta name=\"twitter:label1\" content=\"\u00c9crit par\" \/>\n\t<meta name=\"twitter:data1\" content=\"Yann Gourvennec\" \/>\n\t<meta name=\"twitter:label2\" content=\"Dur\u00e9e de lecture estim\u00e9e\" \/>\n\t<meta name=\"twitter:data2\" content=\"11 minutes\" \/>\n<script type=\"application\/ld+json\" class=\"yoast-schema-graph\">{\"@context\":\"https:\\\/\\\/schema.org\",\"@graph\":[{\"@type\":\"NewsArticle\",\"@id\":\"https:\\\/\\\/visionarymarketing.com\\\/fr\\\/2013\\\/11\\\/18\\\/e-business-esg-mba-digital\\\/#article\",\"isPartOf\":{\"@id\":\"https:\\\/\\\/visionarymarketing.com\\\/fr\\\/2013\\\/11\\\/18\\\/e-business-esg-mba-digital\\\/\"},\"author\":{\"name\":\"Yann Gourvennec\",\"@id\":\"https:\\\/\\\/visionarymarketing.com\\\/fr\\\/#\\\/schema\\\/person\\\/3754fee1e558f47b8deb46f53c37423e\"},\"headline\":\"E-business : ESG Apprend le digital aux Patrons (MBA)\",\"datePublished\":\"2013-11-18T08:01:10+00:00\",\"dateModified\":\"2024-08-08T20:12:15+00:00\",\"mainEntityOfPage\":{\"@id\":\"https:\\\/\\\/visionarymarketing.com\\\/fr\\\/2013\\\/11\\\/18\\\/e-business-esg-mba-digital\\\/\"},\"wordCount\":2364,\"commentCount\":1,\"image\":{\"@id\":\"https:\\\/\\\/visionarymarketing.com\\\/fr\\\/2013\\\/11\\\/18\\\/e-business-esg-mba-digital\\\/#primaryimage\"},\"thumbnailUrl\":\"https:\\\/\\\/visionarymarketing.com\\\/wp-content\\\/uploads\\\/2019\\\/11\\\/47883451541_40d3326d5e_c.jpg\",\"articleSection\":[\"communication digitale\",\"e-business \\\/ e-commerce\",\"Marketing &amp; Innovation\"],\"inLanguage\":\"fr-FR\",\"potentialAction\":[{\"@type\":\"CommentAction\",\"name\":\"Comment\",\"target\":[\"https:\\\/\\\/visionarymarketing.com\\\/fr\\\/2013\\\/11\\\/18\\\/e-business-esg-mba-digital\\\/#respond\"]}]},{\"@type\":\"WebPage\",\"@id\":\"https:\\\/\\\/visionarymarketing.com\\\/fr\\\/2013\\\/11\\\/18\\\/e-business-esg-mba-digital\\\/\",\"url\":\"https:\\\/\\\/visionarymarketing.com\\\/fr\\\/2013\\\/11\\\/18\\\/e-business-esg-mba-digital\\\/\",\"name\":\"E-business : ESG Apprend le digital aux Patrons (Exec MBA)\",\"isPartOf\":{\"@id\":\"https:\\\/\\\/visionarymarketing.com\\\/fr\\\/#website\"},\"primaryImageOfPage\":{\"@id\":\"https:\\\/\\\/visionarymarketing.com\\\/fr\\\/2013\\\/11\\\/18\\\/e-business-esg-mba-digital\\\/#primaryimage\"},\"image\":{\"@id\":\"https:\\\/\\\/visionarymarketing.com\\\/fr\\\/2013\\\/11\\\/18\\\/e-business-esg-mba-digital\\\/#primaryimage\"},\"thumbnailUrl\":\"https:\\\/\\\/visionarymarketing.com\\\/wp-content\\\/uploads\\\/2019\\\/11\\\/47883451541_40d3326d5e_c.jpg\",\"datePublished\":\"2013-11-18T08:01:10+00:00\",\"dateModified\":\"2024-08-08T20:12:15+00:00\",\"author\":{\"@id\":\"https:\\\/\\\/visionarymarketing.com\\\/fr\\\/#\\\/schema\\\/person\\\/3754fee1e558f47b8deb46f53c37423e\"},\"description\":\"J'ai rencontr\u00e9 Catherine Headley il y a quelque temps afin de recueillir son t\u00e9moignage suite \u00e0 la cr\u00e9ation r\u00e9cente du MBA e-business executive de l'ESG,\",\"breadcrumb\":{\"@id\":\"https:\\\/\\\/visionarymarketing.com\\\/fr\\\/2013\\\/11\\\/18\\\/e-business-esg-mba-digital\\\/#breadcrumb\"},\"inLanguage\":\"fr-FR\",\"potentialAction\":[{\"@type\":\"ReadAction\",\"target\":[\"https:\\\/\\\/visionarymarketing.com\\\/fr\\\/2013\\\/11\\\/18\\\/e-business-esg-mba-digital\\\/\"]}]},{\"@type\":\"ImageObject\",\"inLanguage\":\"fr-FR\",\"@id\":\"https:\\\/\\\/visionarymarketing.com\\\/fr\\\/2013\\\/11\\\/18\\\/e-business-esg-mba-digital\\\/#primaryimage\",\"url\":\"https:\\\/\\\/visionarymarketing.com\\\/wp-content\\\/uploads\\\/2019\\\/11\\\/47883451541_40d3326d5e_c.jpg\",\"contentUrl\":\"https:\\\/\\\/visionarymarketing.com\\\/wp-content\\\/uploads\\\/2019\\\/11\\\/47883451541_40d3326d5e_c.jpg\",\"width\":644,\"height\":430},{\"@type\":\"BreadcrumbList\",\"@id\":\"https:\\\/\\\/visionarymarketing.com\\\/fr\\\/2013\\\/11\\\/18\\\/e-business-esg-mba-digital\\\/#breadcrumb\",\"itemListElement\":[{\"@type\":\"ListItem\",\"position\":1,\"name\":\"Home\",\"item\":\"https:\\\/\\\/visionarymarketing.com\\\/fr\\\/\"},{\"@type\":\"ListItem\",\"position\":2,\"name\":\"E-business : ESG Apprend le digital aux Patrons (MBA)\"}]},{\"@type\":\"WebSite\",\"@id\":\"https:\\\/\\\/visionarymarketing.com\\\/fr\\\/#website\",\"url\":\"https:\\\/\\\/visionarymarketing.com\\\/fr\\\/\",\"name\":\"Marketing and Innovation\",\"description\":\"Site d&#039;infos ind\u00e9pendant, depuis 1996\",\"potentialAction\":[{\"@type\":\"SearchAction\",\"target\":{\"@type\":\"EntryPoint\",\"urlTemplate\":\"https:\\\/\\\/visionarymarketing.com\\\/fr\\\/?s={search_term_string}\"},\"query-input\":{\"@type\":\"PropertyValueSpecification\",\"valueRequired\":true,\"valueName\":\"search_term_string\"}}],\"inLanguage\":\"fr-FR\"},{\"@type\":\"Person\",\"@id\":\"https:\\\/\\\/visionarymarketing.com\\\/fr\\\/#\\\/schema\\\/person\\\/3754fee1e558f47b8deb46f53c37423e\",\"name\":\"Yann Gourvennec\",\"image\":{\"@type\":\"ImageObject\",\"inLanguage\":\"fr-FR\",\"@id\":\"https:\\\/\\\/secure.gravatar.com\\\/avatar\\\/5972001801e8de5692a3e31224e85769f50a55fb8b679749f9c8d1868cceff14?s=96&d=initials&r=g&initials=yg\",\"url\":\"https:\\\/\\\/secure.gravatar.com\\\/avatar\\\/5972001801e8de5692a3e31224e85769f50a55fb8b679749f9c8d1868cceff14?s=96&d=initials&r=g&initials=yg\",\"contentUrl\":\"https:\\\/\\\/secure.gravatar.com\\\/avatar\\\/5972001801e8de5692a3e31224e85769f50a55fb8b679749f9c8d1868cceff14?s=96&d=initials&r=g&initials=yg\",\"caption\":\"Yann Gourvennec\"},\"description\":\"Yann Gourvennec created visionarymarketing.com in 1996. He is a speaker and author of many books. In 2014 he went from intrapreneur to entrepreneur, when he created his digital marketing agency. Yann Gourvennec a cr\u00e9\u00e9 visionarymarketing.com en 1996. Il est conf\u00e9rencier et auteur de plusieurs livres. En 2014, il est pass\u00e9 d'intrapreneur \u00e0 entrepreneur en cr\u00e9ant son agence de marketing num\u00e9rique.\",\"sameAs\":[\"https:\\\/\\\/visionarymarketing.com\",\"http:\\\/\\\/facebook.com\\\/ygourven\",\"http:\\\/\\\/linkedin.com\\\/in\\\/ygourven\",\"https:\\\/\\\/x.com\\\/ygourven\",\"https:\\\/\\\/www.youtube.com\\\/c\\\/visionarymarketingagency\"],\"url\":\"https:\\\/\\\/visionarymarketing.com\\\/fr\\\/author\\\/yann-gourvennec\\\/\"}]}<\/script>\n<!-- \/ Yoast SEO plugin. -->","yoast_head_json":{"title":"E-business : ESG Apprend le digital aux Patrons (Exec MBA)","description":"J'ai rencontr\u00e9 Catherine Headley il y a quelque temps afin de recueillir son t\u00e9moignage suite \u00e0 la cr\u00e9ation r\u00e9cente du MBA e-business executive de l'ESG,","robots":{"index":"index","follow":"follow","max-snippet":"max-snippet:-1","max-image-preview":"max-image-preview:large","max-video-preview":"max-video-preview:-1"},"canonical":"https:\/\/visionarymarketing.com\/fr\/2013\/11\/18\/e-business-esg-mba-digital\/","og_locale":"fr_FR","og_type":"article","og_title":"E-business : ESG Apprend le digital aux Patrons (Exec MBA)","og_description":"J'ai rencontr\u00e9 Catherine Headley il y a quelque temps afin de recueillir son t\u00e9moignage suite \u00e0 la cr\u00e9ation r\u00e9cente du MBA e-business executive de l'ESG,","og_url":"https:\/\/visionarymarketing.com\/fr\/2013\/11\/18\/e-business-esg-mba-digital\/","og_site_name":"Marketing and Innovation","article_publisher":"https:\/\/www.facebook.com\/vismktg","article_author":"http:\/\/facebook.com\/ygourven","article_published_time":"2013-11-18T08:01:10+00:00","article_modified_time":"2024-08-08T20:12:15+00:00","og_image":[{"width":644,"height":430,"url":"https:\/\/visionarymarketing.com\/wp-content\/uploads\/2019\/11\/47883451541_40d3326d5e_c.jpg","type":"image\/jpeg"}],"author":"Yann Gourvennec","twitter_card":"summary_large_image","twitter_creator":"@ygourven","twitter_site":"@ygourven","twitter_misc":{"\u00c9crit par":"Yann Gourvennec","Dur\u00e9e de lecture estim\u00e9e":"11 minutes"},"schema":{"@context":"https:\/\/schema.org","@graph":[{"@type":"NewsArticle","@id":"https:\/\/visionarymarketing.com\/fr\/2013\/11\/18\/e-business-esg-mba-digital\/#article","isPartOf":{"@id":"https:\/\/visionarymarketing.com\/fr\/2013\/11\/18\/e-business-esg-mba-digital\/"},"author":{"name":"Yann Gourvennec","@id":"https:\/\/visionarymarketing.com\/fr\/#\/schema\/person\/3754fee1e558f47b8deb46f53c37423e"},"headline":"E-business : ESG Apprend le digital aux Patrons (MBA)","datePublished":"2013-11-18T08:01:10+00:00","dateModified":"2024-08-08T20:12:15+00:00","mainEntityOfPage":{"@id":"https:\/\/visionarymarketing.com\/fr\/2013\/11\/18\/e-business-esg-mba-digital\/"},"wordCount":2364,"commentCount":1,"image":{"@id":"https:\/\/visionarymarketing.com\/fr\/2013\/11\/18\/e-business-esg-mba-digital\/#primaryimage"},"thumbnailUrl":"https:\/\/visionarymarketing.com\/wp-content\/uploads\/2019\/11\/47883451541_40d3326d5e_c.jpg","articleSection":["communication digitale","e-business \/ e-commerce","Marketing &amp; Innovation"],"inLanguage":"fr-FR","potentialAction":[{"@type":"CommentAction","name":"Comment","target":["https:\/\/visionarymarketing.com\/fr\/2013\/11\/18\/e-business-esg-mba-digital\/#respond"]}]},{"@type":"WebPage","@id":"https:\/\/visionarymarketing.com\/fr\/2013\/11\/18\/e-business-esg-mba-digital\/","url":"https:\/\/visionarymarketing.com\/fr\/2013\/11\/18\/e-business-esg-mba-digital\/","name":"E-business : ESG Apprend le digital aux Patrons (Exec MBA)","isPartOf":{"@id":"https:\/\/visionarymarketing.com\/fr\/#website"},"primaryImageOfPage":{"@id":"https:\/\/visionarymarketing.com\/fr\/2013\/11\/18\/e-business-esg-mba-digital\/#primaryimage"},"image":{"@id":"https:\/\/visionarymarketing.com\/fr\/2013\/11\/18\/e-business-esg-mba-digital\/#primaryimage"},"thumbnailUrl":"https:\/\/visionarymarketing.com\/wp-content\/uploads\/2019\/11\/47883451541_40d3326d5e_c.jpg","datePublished":"2013-11-18T08:01:10+00:00","dateModified":"2024-08-08T20:12:15+00:00","author":{"@id":"https:\/\/visionarymarketing.com\/fr\/#\/schema\/person\/3754fee1e558f47b8deb46f53c37423e"},"description":"J'ai rencontr\u00e9 Catherine Headley il y a quelque temps afin de recueillir son t\u00e9moignage suite \u00e0 la cr\u00e9ation r\u00e9cente du MBA e-business executive de l'ESG,","breadcrumb":{"@id":"https:\/\/visionarymarketing.com\/fr\/2013\/11\/18\/e-business-esg-mba-digital\/#breadcrumb"},"inLanguage":"fr-FR","potentialAction":[{"@type":"ReadAction","target":["https:\/\/visionarymarketing.com\/fr\/2013\/11\/18\/e-business-esg-mba-digital\/"]}]},{"@type":"ImageObject","inLanguage":"fr-FR","@id":"https:\/\/visionarymarketing.com\/fr\/2013\/11\/18\/e-business-esg-mba-digital\/#primaryimage","url":"https:\/\/visionarymarketing.com\/wp-content\/uploads\/2019\/11\/47883451541_40d3326d5e_c.jpg","contentUrl":"https:\/\/visionarymarketing.com\/wp-content\/uploads\/2019\/11\/47883451541_40d3326d5e_c.jpg","width":644,"height":430},{"@type":"BreadcrumbList","@id":"https:\/\/visionarymarketing.com\/fr\/2013\/11\/18\/e-business-esg-mba-digital\/#breadcrumb","itemListElement":[{"@type":"ListItem","position":1,"name":"Home","item":"https:\/\/visionarymarketing.com\/fr\/"},{"@type":"ListItem","position":2,"name":"E-business : ESG Apprend le digital aux Patrons (MBA)"}]},{"@type":"WebSite","@id":"https:\/\/visionarymarketing.com\/fr\/#website","url":"https:\/\/visionarymarketing.com\/fr\/","name":"Marketing and Innovation","description":"Site d&#039;infos ind\u00e9pendant, depuis 1996","potentialAction":[{"@type":"SearchAction","target":{"@type":"EntryPoint","urlTemplate":"https:\/\/visionarymarketing.com\/fr\/?s={search_term_string}"},"query-input":{"@type":"PropertyValueSpecification","valueRequired":true,"valueName":"search_term_string"}}],"inLanguage":"fr-FR"},{"@type":"Person","@id":"https:\/\/visionarymarketing.com\/fr\/#\/schema\/person\/3754fee1e558f47b8deb46f53c37423e","name":"Yann Gourvennec","image":{"@type":"ImageObject","inLanguage":"fr-FR","@id":"https:\/\/secure.gravatar.com\/avatar\/5972001801e8de5692a3e31224e85769f50a55fb8b679749f9c8d1868cceff14?s=96&d=initials&r=g&initials=yg","url":"https:\/\/secure.gravatar.com\/avatar\/5972001801e8de5692a3e31224e85769f50a55fb8b679749f9c8d1868cceff14?s=96&d=initials&r=g&initials=yg","contentUrl":"https:\/\/secure.gravatar.com\/avatar\/5972001801e8de5692a3e31224e85769f50a55fb8b679749f9c8d1868cceff14?s=96&d=initials&r=g&initials=yg","caption":"Yann Gourvennec"},"description":"Yann Gourvennec created visionarymarketing.com in 1996. He is a speaker and author of many books. In 2014 he went from intrapreneur to entrepreneur, when he created his digital marketing agency. Yann Gourvennec a cr\u00e9\u00e9 visionarymarketing.com en 1996. Il est conf\u00e9rencier et auteur de plusieurs livres. En 2014, il est pass\u00e9 d'intrapreneur \u00e0 entrepreneur en cr\u00e9ant son agence de marketing num\u00e9rique.","sameAs":["https:\/\/visionarymarketing.com","http:\/\/facebook.com\/ygourven","http:\/\/linkedin.com\/in\/ygourven","https:\/\/x.com\/ygourven","https:\/\/www.youtube.com\/c\/visionarymarketingagency"],"url":"https:\/\/visionarymarketing.com\/fr\/author\/yann-gourvennec\/"}]}},"_links":{"self":[{"href":"https:\/\/visionarymarketing.com\/fr\/wp-json\/wp\/v2\/posts\/9942","targetHints":{"allow":["GET"]}}],"collection":[{"href":"https:\/\/visionarymarketing.com\/fr\/wp-json\/wp\/v2\/posts"}],"about":[{"href":"https:\/\/visionarymarketing.com\/fr\/wp-json\/wp\/v2\/types\/post"}],"author":[{"embeddable":true,"href":"https:\/\/visionarymarketing.com\/fr\/wp-json\/wp\/v2\/users\/2"}],"replies":[{"embeddable":true,"href":"https:\/\/visionarymarketing.com\/fr\/wp-json\/wp\/v2\/comments?post=9942"}],"version-history":[{"count":0,"href":"https:\/\/visionarymarketing.com\/fr\/wp-json\/wp\/v2\/posts\/9942\/revisions"}],"wp:featuredmedia":[{"embeddable":true,"href":"https:\/\/visionarymarketing.com\/fr\/wp-json\/wp\/v2\/media\/34069"}],"wp:attachment":[{"href":"https:\/\/visionarymarketing.com\/fr\/wp-json\/wp\/v2\/media?parent=9942"}],"wp:term":[{"taxonomy":"category","embeddable":true,"href":"https:\/\/visionarymarketing.com\/fr\/wp-json\/wp\/v2\/categories?post=9942"},{"taxonomy":"post_tag","embeddable":true,"href":"https:\/\/visionarymarketing.com\/fr\/wp-json\/wp\/v2\/tags?post=9942"}],"curies":[{"name":"wp","href":"https:\/\/api.w.org\/{rel}","templated":true}]}}