{"id":9873,"date":"2013-11-12T15:23:31","date_gmt":"2013-11-12T14:23:31","guid":{"rendered":"http:\/\/visionarymarketing.fr\/blog\/?p=9873"},"modified":"2023-11-30T06:10:48","modified_gmt":"2023-11-30T05:10:48","slug":"samsung-a-lassaut-du-marche-de-la-mobilite-dentreprise","status":"publish","type":"post","link":"https:\/\/visionarymarketing.com\/fr\/2013\/11\/12\/samsung-a-lassaut-du-marche-de-la-mobilite-dentreprise\/","title":{"rendered":"Samsung \u00e0 l&rsquo;assaut du march\u00e9 de la mobilit\u00e9 d&rsquo;entreprise"},"content":{"rendered":"<p><em><span style=\"color: #4f81bd;\">J&rsquo;ai eu la chance de pouvoir rencontrer <span class=\"removed_link\" title=\"http:\/\/uk.linkedin.com\/pub\/andrew-mills\/0\/238\/688\/\">Andrew Mills<\/span><span class=\"removed_link\" title=\"http:\/\/uk.linkedin.com\/pub\/andrew-mills\/0\/238\/688\/\">, Vice President, Enterprise Business<\/span>, qui nous accordait une interview exclusive pour marquer le lancement de la division entreprise de <\/span><\/em><a href=\"http:\/\/www.samsung.com\/us\/business\/\"><em><span style=\"color: #4f81bd;\">Samsung<\/span><\/em><\/a><em><span style=\"color: #4f81bd;\"> (transparence : j\u2019\u00e9tais l\u2019invit\u00e9 de Samsung aujourd\u2019hui). Cela fait plus de 10 ans que les services de mobilit\u00e9 se vendent aux grandes entreprises, les premi\u00e8res flottes mobiles datant des ann\u00e9es 2002-2003 si mes souvenirs sont bons, et au premier abord, j&rsquo;\u00e9tais un peu surpris de cette annonce de la cr\u00e9ation r\u00e9cente d&rsquo;une entit\u00e9 d\u00e9di\u00e9e au B2B chez Samsung. R\u00e9flexion faite, et au travers des explications d&rsquo;Andrew, tout ceci fait sens. Un seul chiffre permet de comprendre l&rsquo;ampleur du ph\u00e9nom\u00e8ne : <b>la moiti\u00e9 environ des mobiles achet\u00e9s en Allemagne dans les entreprises le sont sur le march\u00e9 ouvert<\/b>\u2026 Samsung d\u00e9sire donc se positionner de fa\u00e7on importante et volontariste sur ce march\u00e9 d&rsquo;entreprises, non seulement du c\u00f4t\u00e9 du mat\u00e9riel, mais aussi du c\u00f4t\u00e9 du service, sans oublier la convergence entre leurs diff\u00e9rentes lignes de produits une particularit\u00e9 due \u00e0 <\/span><\/em><a href=\"https:\/\/en.wikipedia.org\/wiki\/Samsung\"><em><span style=\"color: #4f81bd;\">leur historique de conglom\u00e9rat<\/span><\/em><\/a><em><span style=\"color: #4f81bd;\">.<\/span><\/em><\/p>\n<p><a href=\"https:\/\/visionarymarketing.com\/wp-content\/uploads\/2013\/11\/Samsung-9.jpg\"><img decoding=\"async\" style=\"background-image: none; padding-left: 0px; padding-right: 0px; display: block; float: none; margin-left: auto; margin-right: auto; padding-top: 0px; border: 0px;\" title=\"Samsung-9\" src=\"https:\/\/visionarymarketing.com\/wp-content\/uploads\/2013\/11\/Samsung-9_thumb.jpg\" alt=\"Samsung-9\" width=\"554\" height=\"368\" border=\"0\" \/><\/a><\/p>\n<p align=\"center\"><i><span style=\"color: #4f81bd;\">Andrew Mills pendant notre interview ce matin<\/span><\/i><\/p>\n<p>&nbsp;<\/p>\n<h2><b>Pourquoi lancer une division entreprise chez Samsung en 2013 ?<\/b><\/h2>\n<p>\u00ab Quand on regarde la croissance sur le march\u00e9 des Smartphones aujourd&rsquo;hui, on observe une croissance de 10 % d&rsquo;ann\u00e9e en ann\u00e9e. Sur le march\u00e9 des entreprises, c\u2019est 3 \u00e0 4 fois ce chiffre ! \u00bb a d\u00e9clar\u00e9 Andrew Mills dans son introduction. De tels chiffres sont suffisants pour r\u00e9veiller les consciences et faire en sorte que \u00ab nous saisissions le bon moment pour r\u00e9soudre les probl\u00e9matiques qu&rsquo;ont les directeurs informatiques aujourd&rsquo;hui \u00bb poursuivait-il. \u00ab Les CIOs ont encore quelques soucis autour de la confiance dans la plate-forme Android et ses vuln\u00e9rabilit\u00e9s, KNOX a \u00e9t\u00e9 d\u00e9velopp\u00e9 pour les r\u00e9soudre. Mais ce n&rsquo;est pas tout, le temps est m\u00fbr, et de nombreux directeurs informatiques sont en attente de solutions \u00bb a poursuivi Andrew Mills.<\/p>\n<h3>Se rapprocher de l&rsquo;utilisateur<\/h3>\n<p>Mais avant toute chose, ce que cherche \u00e0 faire Samsung, c&rsquo;est de se rapprocher de l&rsquo;utilisateur\u2026 sans casser son circuit de vente traditionnelle, essentiellement tourn\u00e9 vers les distributeurs et les op\u00e9rateurs. \u00ab Avant, nous ne travaillions que de fa\u00e7on indirecte, dans le futur nous continuerons \u00e0 travailler avec des op\u00e9rateurs ; <b>mais nous allons nous ouvrir aussi aux revendeurs IT et au march\u00e9 ouvert (\u00ab open Channel \u00bb) celui-ci repr\u00e9sente d\u00e9j\u00e0 45 \u00e0 50 % des ventes de mobiles en Allemagne<\/b> \u00bb.<\/p>\n<p><b>Une \u00e9quipe pan europ\u00e9enne<\/b><\/p>\n<p>Samsung a donc d\u00e9cid\u00e9 de mettre en place une \u00e9quipe europ\u00e9enne qui va travailler directement avec les clients, en leur fournissant des conseils et du support aussi sur l&rsquo;usage des mat\u00e9riels. Ceci, ira bien au-del\u00e0 du simple d\u00e9partement informatique, impliquant ainsi un rapprochement avec les directions m\u00e9tiers, de plus en plus importantes dans les choix de ce domaines. L&rsquo;Internet des objets n\u2019est pas non plus en reste car une des particularit\u00e9s de Samsung, \u00e9tant un conglom\u00e9rat, est de fabriquer aussi bien des PC des \u00e9crans que des mobiles et de \u00ab les connecter ensemble \u00bb pour reprendre les mots d\u2019Andrew ; ceci avec des solutions de plus en plus verticales qui pourront s&rsquo;adresser \u00e0 l&rsquo;h\u00f4tellerie, la distribution et l&rsquo;\u00e9ducation.<\/p>\n<p><b>Vers la convergence ?<\/b><\/p>\n<p>Les entreprises ont commenc\u00e9 \u00e0 r\u00e9fl\u00e9chir au remplacement des PC, certaines entreprises ont m\u00eame d\u00e9j\u00e0 franchi ce pas nous a confi\u00e9 Andrew Mills. Le fabricant cor\u00e9en a d&rsquo;ailleurs entam\u00e9 des partenariats avec des int\u00e9grateurs comme <a href=\"http:\/\/atos.net\/\">Atos<\/a>, notamment pour adresser le march\u00e9 de la distribution. Dans ces accords, les \u00e9diteurs comme <a href=\"https:\/\/sap.com\">SAP<\/a> ou <a href=\"http:\/\/citrix.com\/\">Citrix<\/a> ne sont pas en reste. Faut-il pour autant parler de convergence ? \u00ab Il y aura une r\u00e9daction du nombre de terminaux, mais les PC resteront un segment important \u00bb a pr\u00e9cis\u00e9 Andrew, \u00ab mais dans certains cas, les PC seront remplac\u00e9s quand m\u00eame \u00bb. \u00ab Les directeurs informatiques ont pass\u00e9 beaucoup de temps \u00e0 rationaliser leurs infrastructures \u00bb, a-t-il ajout\u00e9, \u00ab mais le futur et dans l&rsquo;interface utilisateur \u00bb, toute la transformation interviendra de ce c\u00f4t\u00e9 selon lui.<\/p>\n<p><b>O\u00f9 sera l\u2019innovation<\/b><\/p>\n<p>L&rsquo;innovation, il ne faut pas la chercher dans le mat\u00e9riel mais dans le service. Samsung s\u2019est d\u00e9cid\u00e9 \u00e0 se positionner \u00ab avec de nouveaux services pour les entreprises \u00bb a ajout\u00e9 Andrew Mills. \u00ab Le premier service que nous proposerons sera le service de support clients, qui sera disponible \u00e0 la fois en marque blanche, via des partenaires, et en direct aupr\u00e8s de Samsung. C&rsquo;est un grand pas en avant pour le constructeur qui sort de la simple relation de fournisseurs de mat\u00e9riels, <b>pour entrer de plain-pied dans le domaine du service B2B.<\/b><\/p>\n<p>La double strat\u00e9gie de Samsung se met en marche au travers d&rsquo;un programme qui s&rsquo;appelle STEP et qui s&rsquo;adresse aussi bien aux \u00e9diteurs de logiciels, aux int\u00e9grateurs syst\u00e8mes qu\u2019aux revendeurs distributeurs. Cette plate-forme STEP (\u00ab Samsung Team of Empowered Partners \u00bb une bien jolie anagramme) permet de fournir aux ventes indirectes un support directement depuis la marque. \u00ab <b>L&rsquo;\u00e9quipe B2B de Samsung est d\u00e9j\u00e0 forte de 600 personnes au travers de l&rsquo;Europe et a d\u00e9j\u00e0 doubl\u00e9 cette ann\u00e9e<\/b> \u00bb a pr\u00e9cis\u00e9 Andrew Mills. Elle doublera encore probablement l&rsquo;ann\u00e9e prochaine (ce nombre n&rsquo;inclut pas le support produit). L\u2019Europe des 7 est d\u00e9j\u00e0 staff\u00e9e, le d\u00e9veloppement se poursuit avec l\u2019Europe centrale.<\/p>\n<p><b>Peu de concurrence directe<\/b><\/p>\n<p>S&rsquo;il existe des concurrents dans chacune des diff\u00e9rentes cat\u00e9gories o\u00f9 Samsung est pr\u00e9sent, Andrew Mills ne se reconna\u00eet pas de v\u00e9ritable concurrent direct qui couvre l&rsquo;ensemble du spectre de la digitalisation des entreprises ; m\u00eame s&rsquo;il se d\u00e9fend d&rsquo;une certaine arrogance qui selon lui ne serait pas de mise sur des march\u00e9s aussi mouvants. Mais le challenge n&rsquo;est pas mince car si Samsung a un historique dans le march\u00e9 du consommateur o\u00f9 il a d\u00e9velopp\u00e9 des atouts tr\u00e8s forts, \u00ab<b>la fa\u00e7on dont on adresse marcher B2B et tr\u00e8s diff\u00e9rente et cela devra \u00eatre pris en compte par la marque<\/b> \u00bb a-t-il pr\u00e9cis\u00e9. C&rsquo;est certainement l\u00e0 leur plus gros challenge, m\u00eame si Andrew et ses \u00e9quipes sont pr\u00eats \u00e0 le relever.<\/p>\n<p>Nous n&rsquo;avons pas fini de voir des changements de position sur ce march\u00e9 de la mobilit\u00e9, et notamment la mont\u00e9e en charge des fabricants, comme Samsung, qui se rapprochent de l\u2019utilisateur et du client entreprise.<\/p>\n","protected":false},"excerpt":{"rendered":"<p>J&rsquo;ai eu la chance de pouvoir rencontrer Andrew Mills, Vice President, Enterprise Business, qui nous accordait une interview exclusive pour marquer le lancement de la division entreprise de Samsung (transparence : j\u2019\u00e9tais l\u2019invit\u00e9 de Samsung aujourd\u2019hui). Cela fait plus de 10 ans que les services de mobilit\u00e9 se vendent aux grandes entreprises, les premi\u00e8res flottes &hellip;<\/p>\n","protected":false},"author":2,"featured_media":9872,"comment_status":"open","ping_status":"open","sticky":false,"template":"","format":"standard","meta":{"footnotes":""},"categories":[6,744],"tags":[],"class_list":["post-9873","post","type-post","status-publish","format-standard","has-post-thumbnail","hentry","category-marketing-innovation-fr","category-marketing-b2b"],"yoast_head":"<!-- This site is optimized with the Yoast SEO plugin v27.5 - https:\/\/yoast.com\/product\/yoast-seo-wordpress\/ -->\n<title>Samsung \u00e0 l&#039;assaut du march\u00e9 de la mobilit\u00e9 d&#039;entreprise<\/title>\n<meta name=\"description\" content=\"J&#039;ai eu la chance de pouvoir rencontrer Andrew Mills, Vice President, Enterprise Business, qui nous accordait une interview exclusive pour marquer le\" \/>\n<meta name=\"robots\" content=\"index, follow, max-snippet:-1, max-image-preview:large, max-video-preview:-1\" \/>\n<link rel=\"canonical\" href=\"https:\/\/visionarymarketing.com\/fr\/2013\/11\/12\/samsung-a-lassaut-du-marche-de-la-mobilite-dentreprise\/\" \/>\n<meta property=\"og:locale\" content=\"fr_FR\" \/>\n<meta property=\"og:type\" content=\"article\" \/>\n<meta property=\"og:title\" content=\"Samsung \u00e0 l&#039;assaut du march\u00e9 de la mobilit\u00e9 d&#039;entreprise\" \/>\n<meta property=\"og:description\" content=\"J&#039;ai eu la chance de pouvoir rencontrer Andrew Mills, Vice President, Enterprise Business, qui nous accordait une interview exclusive pour marquer le\" \/>\n<meta property=\"og:url\" content=\"https:\/\/visionarymarketing.com\/fr\/2013\/11\/12\/samsung-a-lassaut-du-marche-de-la-mobilite-dentreprise\/\" \/>\n<meta property=\"og:site_name\" content=\"Marketing and Innovation\" \/>\n<meta property=\"article:publisher\" content=\"https:\/\/www.facebook.com\/vismktg\" \/>\n<meta property=\"article:author\" content=\"http:\/\/facebook.com\/ygourven\" \/>\n<meta property=\"article:published_time\" content=\"2013-11-12T14:23:31+00:00\" \/>\n<meta property=\"article:modified_time\" content=\"2023-11-30T05:10:48+00:00\" \/>\n<meta property=\"og:image\" content=\"https:\/\/visionarymarketing.com\/wp-content\/uploads\/2013\/11\/Samsung-9_thumb.jpg\" \/>\n\t<meta property=\"og:image:width\" content=\"554\" \/>\n\t<meta property=\"og:image:height\" content=\"368\" \/>\n\t<meta property=\"og:image:type\" content=\"image\/jpeg\" \/>\n<meta name=\"author\" content=\"Yann Gourvennec\" \/>\n<meta name=\"twitter:card\" content=\"summary_large_image\" \/>\n<meta name=\"twitter:creator\" content=\"@ygourven\" \/>\n<meta name=\"twitter:site\" content=\"@ygourven\" \/>\n<meta name=\"twitter:label1\" content=\"\u00c9crit par\" \/>\n\t<meta name=\"twitter:data1\" content=\"Yann Gourvennec\" \/>\n\t<meta name=\"twitter:label2\" content=\"Dur\u00e9e de lecture estim\u00e9e\" \/>\n\t<meta name=\"twitter:data2\" content=\"5 minutes\" \/>\n<script type=\"application\/ld+json\" class=\"yoast-schema-graph\">{\"@context\":\"https:\\\/\\\/schema.org\",\"@graph\":[{\"@type\":\"NewsArticle\",\"@id\":\"https:\\\/\\\/visionarymarketing.com\\\/fr\\\/2013\\\/11\\\/12\\\/samsung-a-lassaut-du-marche-de-la-mobilite-dentreprise\\\/#article\",\"isPartOf\":{\"@id\":\"https:\\\/\\\/visionarymarketing.com\\\/fr\\\/2013\\\/11\\\/12\\\/samsung-a-lassaut-du-marche-de-la-mobilite-dentreprise\\\/\"},\"author\":{\"name\":\"Yann Gourvennec\",\"@id\":\"https:\\\/\\\/visionarymarketing.com\\\/fr\\\/#\\\/schema\\\/person\\\/3754fee1e558f47b8deb46f53c37423e\"},\"headline\":\"Samsung \u00e0 l&rsquo;assaut du march\u00e9 de la mobilit\u00e9 d&rsquo;entreprise\",\"datePublished\":\"2013-11-12T14:23:31+00:00\",\"dateModified\":\"2023-11-30T05:10:48+00:00\",\"mainEntityOfPage\":{\"@id\":\"https:\\\/\\\/visionarymarketing.com\\\/fr\\\/2013\\\/11\\\/12\\\/samsung-a-lassaut-du-marche-de-la-mobilite-dentreprise\\\/\"},\"wordCount\":1109,\"commentCount\":0,\"image\":{\"@id\":\"https:\\\/\\\/visionarymarketing.com\\\/fr\\\/2013\\\/11\\\/12\\\/samsung-a-lassaut-du-marche-de-la-mobilite-dentreprise\\\/#primaryimage\"},\"thumbnailUrl\":\"https:\\\/\\\/visionarymarketing.com\\\/wp-content\\\/uploads\\\/2013\\\/11\\\/Samsung-9_thumb.jpg\",\"articleSection\":[\"Marketing &amp; Innovation\",\"marketing b2b\"],\"inLanguage\":\"fr-FR\",\"potentialAction\":[{\"@type\":\"CommentAction\",\"name\":\"Comment\",\"target\":[\"https:\\\/\\\/visionarymarketing.com\\\/fr\\\/2013\\\/11\\\/12\\\/samsung-a-lassaut-du-marche-de-la-mobilite-dentreprise\\\/#respond\"]}]},{\"@type\":\"WebPage\",\"@id\":\"https:\\\/\\\/visionarymarketing.com\\\/fr\\\/2013\\\/11\\\/12\\\/samsung-a-lassaut-du-marche-de-la-mobilite-dentreprise\\\/\",\"url\":\"https:\\\/\\\/visionarymarketing.com\\\/fr\\\/2013\\\/11\\\/12\\\/samsung-a-lassaut-du-marche-de-la-mobilite-dentreprise\\\/\",\"name\":\"Samsung \u00e0 l'assaut du march\u00e9 de la mobilit\u00e9 d'entreprise\",\"isPartOf\":{\"@id\":\"https:\\\/\\\/visionarymarketing.com\\\/fr\\\/#website\"},\"primaryImageOfPage\":{\"@id\":\"https:\\\/\\\/visionarymarketing.com\\\/fr\\\/2013\\\/11\\\/12\\\/samsung-a-lassaut-du-marche-de-la-mobilite-dentreprise\\\/#primaryimage\"},\"image\":{\"@id\":\"https:\\\/\\\/visionarymarketing.com\\\/fr\\\/2013\\\/11\\\/12\\\/samsung-a-lassaut-du-marche-de-la-mobilite-dentreprise\\\/#primaryimage\"},\"thumbnailUrl\":\"https:\\\/\\\/visionarymarketing.com\\\/wp-content\\\/uploads\\\/2013\\\/11\\\/Samsung-9_thumb.jpg\",\"datePublished\":\"2013-11-12T14:23:31+00:00\",\"dateModified\":\"2023-11-30T05:10:48+00:00\",\"author\":{\"@id\":\"https:\\\/\\\/visionarymarketing.com\\\/fr\\\/#\\\/schema\\\/person\\\/3754fee1e558f47b8deb46f53c37423e\"},\"description\":\"J'ai eu la chance de pouvoir rencontrer Andrew Mills, Vice President, Enterprise Business, qui nous accordait une interview exclusive pour marquer le\",\"breadcrumb\":{\"@id\":\"https:\\\/\\\/visionarymarketing.com\\\/fr\\\/2013\\\/11\\\/12\\\/samsung-a-lassaut-du-marche-de-la-mobilite-dentreprise\\\/#breadcrumb\"},\"inLanguage\":\"fr-FR\",\"potentialAction\":[{\"@type\":\"ReadAction\",\"target\":[\"https:\\\/\\\/visionarymarketing.com\\\/fr\\\/2013\\\/11\\\/12\\\/samsung-a-lassaut-du-marche-de-la-mobilite-dentreprise\\\/\"]}]},{\"@type\":\"ImageObject\",\"inLanguage\":\"fr-FR\",\"@id\":\"https:\\\/\\\/visionarymarketing.com\\\/fr\\\/2013\\\/11\\\/12\\\/samsung-a-lassaut-du-marche-de-la-mobilite-dentreprise\\\/#primaryimage\",\"url\":\"https:\\\/\\\/visionarymarketing.com\\\/wp-content\\\/uploads\\\/2013\\\/11\\\/Samsung-9_thumb.jpg\",\"contentUrl\":\"https:\\\/\\\/visionarymarketing.com\\\/wp-content\\\/uploads\\\/2013\\\/11\\\/Samsung-9_thumb.jpg\",\"width\":554,\"height\":368,\"caption\":\"Samsung\"},{\"@type\":\"BreadcrumbList\",\"@id\":\"https:\\\/\\\/visionarymarketing.com\\\/fr\\\/2013\\\/11\\\/12\\\/samsung-a-lassaut-du-marche-de-la-mobilite-dentreprise\\\/#breadcrumb\",\"itemListElement\":[{\"@type\":\"ListItem\",\"position\":1,\"name\":\"Home\",\"item\":\"https:\\\/\\\/visionarymarketing.com\\\/fr\\\/\"},{\"@type\":\"ListItem\",\"position\":2,\"name\":\"Samsung \u00e0 l&rsquo;assaut du march\u00e9 de la mobilit\u00e9 d&rsquo;entreprise\"}]},{\"@type\":\"WebSite\",\"@id\":\"https:\\\/\\\/visionarymarketing.com\\\/fr\\\/#website\",\"url\":\"https:\\\/\\\/visionarymarketing.com\\\/fr\\\/\",\"name\":\"Marketing and Innovation\",\"description\":\"Site d&#039;infos ind\u00e9pendant, depuis 1996\",\"potentialAction\":[{\"@type\":\"SearchAction\",\"target\":{\"@type\":\"EntryPoint\",\"urlTemplate\":\"https:\\\/\\\/visionarymarketing.com\\\/fr\\\/?s={search_term_string}\"},\"query-input\":{\"@type\":\"PropertyValueSpecification\",\"valueRequired\":true,\"valueName\":\"search_term_string\"}}],\"inLanguage\":\"fr-FR\"},{\"@type\":\"Person\",\"@id\":\"https:\\\/\\\/visionarymarketing.com\\\/fr\\\/#\\\/schema\\\/person\\\/3754fee1e558f47b8deb46f53c37423e\",\"name\":\"Yann Gourvennec\",\"image\":{\"@type\":\"ImageObject\",\"inLanguage\":\"fr-FR\",\"@id\":\"https:\\\/\\\/secure.gravatar.com\\\/avatar\\\/5972001801e8de5692a3e31224e85769f50a55fb8b679749f9c8d1868cceff14?s=96&d=initials&r=g&initials=yg\",\"url\":\"https:\\\/\\\/secure.gravatar.com\\\/avatar\\\/5972001801e8de5692a3e31224e85769f50a55fb8b679749f9c8d1868cceff14?s=96&d=initials&r=g&initials=yg\",\"contentUrl\":\"https:\\\/\\\/secure.gravatar.com\\\/avatar\\\/5972001801e8de5692a3e31224e85769f50a55fb8b679749f9c8d1868cceff14?s=96&d=initials&r=g&initials=yg\",\"caption\":\"Yann Gourvennec\"},\"description\":\"Yann Gourvennec created visionarymarketing.com in 1996. He is a speaker and author of many books. In 2014 he went from intrapreneur to entrepreneur, when he created his digital marketing agency. Yann Gourvennec a cr\u00e9\u00e9 visionarymarketing.com en 1996. Il est conf\u00e9rencier et auteur de plusieurs livres. En 2014, il est pass\u00e9 d'intrapreneur \u00e0 entrepreneur en cr\u00e9ant son agence de marketing num\u00e9rique.\",\"sameAs\":[\"https:\\\/\\\/visionarymarketing.com\",\"http:\\\/\\\/facebook.com\\\/ygourven\",\"http:\\\/\\\/linkedin.com\\\/in\\\/ygourven\",\"https:\\\/\\\/x.com\\\/ygourven\",\"https:\\\/\\\/www.youtube.com\\\/c\\\/visionarymarketingagency\"],\"url\":\"https:\\\/\\\/visionarymarketing.com\\\/fr\\\/author\\\/yann-gourvennec\\\/\"}]}<\/script>\n<!-- \/ Yoast SEO plugin. -->","yoast_head_json":{"title":"Samsung \u00e0 l'assaut du march\u00e9 de la mobilit\u00e9 d'entreprise","description":"J'ai eu la chance de pouvoir rencontrer Andrew Mills, Vice President, Enterprise Business, qui nous accordait une interview exclusive pour marquer le","robots":{"index":"index","follow":"follow","max-snippet":"max-snippet:-1","max-image-preview":"max-image-preview:large","max-video-preview":"max-video-preview:-1"},"canonical":"https:\/\/visionarymarketing.com\/fr\/2013\/11\/12\/samsung-a-lassaut-du-marche-de-la-mobilite-dentreprise\/","og_locale":"fr_FR","og_type":"article","og_title":"Samsung \u00e0 l'assaut du march\u00e9 de la mobilit\u00e9 d'entreprise","og_description":"J'ai eu la chance de pouvoir rencontrer Andrew Mills, Vice President, Enterprise Business, qui nous accordait une interview exclusive pour marquer le","og_url":"https:\/\/visionarymarketing.com\/fr\/2013\/11\/12\/samsung-a-lassaut-du-marche-de-la-mobilite-dentreprise\/","og_site_name":"Marketing and Innovation","article_publisher":"https:\/\/www.facebook.com\/vismktg","article_author":"http:\/\/facebook.com\/ygourven","article_published_time":"2013-11-12T14:23:31+00:00","article_modified_time":"2023-11-30T05:10:48+00:00","og_image":[{"width":554,"height":368,"url":"https:\/\/visionarymarketing.com\/wp-content\/uploads\/2013\/11\/Samsung-9_thumb.jpg","type":"image\/jpeg"}],"author":"Yann Gourvennec","twitter_card":"summary_large_image","twitter_creator":"@ygourven","twitter_site":"@ygourven","twitter_misc":{"\u00c9crit par":"Yann Gourvennec","Dur\u00e9e de lecture estim\u00e9e":"5 minutes"},"schema":{"@context":"https:\/\/schema.org","@graph":[{"@type":"NewsArticle","@id":"https:\/\/visionarymarketing.com\/fr\/2013\/11\/12\/samsung-a-lassaut-du-marche-de-la-mobilite-dentreprise\/#article","isPartOf":{"@id":"https:\/\/visionarymarketing.com\/fr\/2013\/11\/12\/samsung-a-lassaut-du-marche-de-la-mobilite-dentreprise\/"},"author":{"name":"Yann Gourvennec","@id":"https:\/\/visionarymarketing.com\/fr\/#\/schema\/person\/3754fee1e558f47b8deb46f53c37423e"},"headline":"Samsung \u00e0 l&rsquo;assaut du march\u00e9 de la mobilit\u00e9 d&rsquo;entreprise","datePublished":"2013-11-12T14:23:31+00:00","dateModified":"2023-11-30T05:10:48+00:00","mainEntityOfPage":{"@id":"https:\/\/visionarymarketing.com\/fr\/2013\/11\/12\/samsung-a-lassaut-du-marche-de-la-mobilite-dentreprise\/"},"wordCount":1109,"commentCount":0,"image":{"@id":"https:\/\/visionarymarketing.com\/fr\/2013\/11\/12\/samsung-a-lassaut-du-marche-de-la-mobilite-dentreprise\/#primaryimage"},"thumbnailUrl":"https:\/\/visionarymarketing.com\/wp-content\/uploads\/2013\/11\/Samsung-9_thumb.jpg","articleSection":["Marketing &amp; Innovation","marketing b2b"],"inLanguage":"fr-FR","potentialAction":[{"@type":"CommentAction","name":"Comment","target":["https:\/\/visionarymarketing.com\/fr\/2013\/11\/12\/samsung-a-lassaut-du-marche-de-la-mobilite-dentreprise\/#respond"]}]},{"@type":"WebPage","@id":"https:\/\/visionarymarketing.com\/fr\/2013\/11\/12\/samsung-a-lassaut-du-marche-de-la-mobilite-dentreprise\/","url":"https:\/\/visionarymarketing.com\/fr\/2013\/11\/12\/samsung-a-lassaut-du-marche-de-la-mobilite-dentreprise\/","name":"Samsung \u00e0 l'assaut du march\u00e9 de la mobilit\u00e9 d'entreprise","isPartOf":{"@id":"https:\/\/visionarymarketing.com\/fr\/#website"},"primaryImageOfPage":{"@id":"https:\/\/visionarymarketing.com\/fr\/2013\/11\/12\/samsung-a-lassaut-du-marche-de-la-mobilite-dentreprise\/#primaryimage"},"image":{"@id":"https:\/\/visionarymarketing.com\/fr\/2013\/11\/12\/samsung-a-lassaut-du-marche-de-la-mobilite-dentreprise\/#primaryimage"},"thumbnailUrl":"https:\/\/visionarymarketing.com\/wp-content\/uploads\/2013\/11\/Samsung-9_thumb.jpg","datePublished":"2013-11-12T14:23:31+00:00","dateModified":"2023-11-30T05:10:48+00:00","author":{"@id":"https:\/\/visionarymarketing.com\/fr\/#\/schema\/person\/3754fee1e558f47b8deb46f53c37423e"},"description":"J'ai eu la chance de pouvoir rencontrer Andrew Mills, Vice President, Enterprise Business, qui nous accordait une interview exclusive pour marquer le","breadcrumb":{"@id":"https:\/\/visionarymarketing.com\/fr\/2013\/11\/12\/samsung-a-lassaut-du-marche-de-la-mobilite-dentreprise\/#breadcrumb"},"inLanguage":"fr-FR","potentialAction":[{"@type":"ReadAction","target":["https:\/\/visionarymarketing.com\/fr\/2013\/11\/12\/samsung-a-lassaut-du-marche-de-la-mobilite-dentreprise\/"]}]},{"@type":"ImageObject","inLanguage":"fr-FR","@id":"https:\/\/visionarymarketing.com\/fr\/2013\/11\/12\/samsung-a-lassaut-du-marche-de-la-mobilite-dentreprise\/#primaryimage","url":"https:\/\/visionarymarketing.com\/wp-content\/uploads\/2013\/11\/Samsung-9_thumb.jpg","contentUrl":"https:\/\/visionarymarketing.com\/wp-content\/uploads\/2013\/11\/Samsung-9_thumb.jpg","width":554,"height":368,"caption":"Samsung"},{"@type":"BreadcrumbList","@id":"https:\/\/visionarymarketing.com\/fr\/2013\/11\/12\/samsung-a-lassaut-du-marche-de-la-mobilite-dentreprise\/#breadcrumb","itemListElement":[{"@type":"ListItem","position":1,"name":"Home","item":"https:\/\/visionarymarketing.com\/fr\/"},{"@type":"ListItem","position":2,"name":"Samsung \u00e0 l&rsquo;assaut du march\u00e9 de la mobilit\u00e9 d&rsquo;entreprise"}]},{"@type":"WebSite","@id":"https:\/\/visionarymarketing.com\/fr\/#website","url":"https:\/\/visionarymarketing.com\/fr\/","name":"Marketing and Innovation","description":"Site d&#039;infos ind\u00e9pendant, depuis 1996","potentialAction":[{"@type":"SearchAction","target":{"@type":"EntryPoint","urlTemplate":"https:\/\/visionarymarketing.com\/fr\/?s={search_term_string}"},"query-input":{"@type":"PropertyValueSpecification","valueRequired":true,"valueName":"search_term_string"}}],"inLanguage":"fr-FR"},{"@type":"Person","@id":"https:\/\/visionarymarketing.com\/fr\/#\/schema\/person\/3754fee1e558f47b8deb46f53c37423e","name":"Yann Gourvennec","image":{"@type":"ImageObject","inLanguage":"fr-FR","@id":"https:\/\/secure.gravatar.com\/avatar\/5972001801e8de5692a3e31224e85769f50a55fb8b679749f9c8d1868cceff14?s=96&d=initials&r=g&initials=yg","url":"https:\/\/secure.gravatar.com\/avatar\/5972001801e8de5692a3e31224e85769f50a55fb8b679749f9c8d1868cceff14?s=96&d=initials&r=g&initials=yg","contentUrl":"https:\/\/secure.gravatar.com\/avatar\/5972001801e8de5692a3e31224e85769f50a55fb8b679749f9c8d1868cceff14?s=96&d=initials&r=g&initials=yg","caption":"Yann Gourvennec"},"description":"Yann Gourvennec created visionarymarketing.com in 1996. He is a speaker and author of many books. In 2014 he went from intrapreneur to entrepreneur, when he created his digital marketing agency. Yann Gourvennec a cr\u00e9\u00e9 visionarymarketing.com en 1996. Il est conf\u00e9rencier et auteur de plusieurs livres. En 2014, il est pass\u00e9 d'intrapreneur \u00e0 entrepreneur en cr\u00e9ant son agence de marketing num\u00e9rique.","sameAs":["https:\/\/visionarymarketing.com","http:\/\/facebook.com\/ygourven","http:\/\/linkedin.com\/in\/ygourven","https:\/\/x.com\/ygourven","https:\/\/www.youtube.com\/c\/visionarymarketingagency"],"url":"https:\/\/visionarymarketing.com\/fr\/author\/yann-gourvennec\/"}]}},"_links":{"self":[{"href":"https:\/\/visionarymarketing.com\/fr\/wp-json\/wp\/v2\/posts\/9873","targetHints":{"allow":["GET"]}}],"collection":[{"href":"https:\/\/visionarymarketing.com\/fr\/wp-json\/wp\/v2\/posts"}],"about":[{"href":"https:\/\/visionarymarketing.com\/fr\/wp-json\/wp\/v2\/types\/post"}],"author":[{"embeddable":true,"href":"https:\/\/visionarymarketing.com\/fr\/wp-json\/wp\/v2\/users\/2"}],"replies":[{"embeddable":true,"href":"https:\/\/visionarymarketing.com\/fr\/wp-json\/wp\/v2\/comments?post=9873"}],"version-history":[{"count":0,"href":"https:\/\/visionarymarketing.com\/fr\/wp-json\/wp\/v2\/posts\/9873\/revisions"}],"wp:featuredmedia":[{"embeddable":true,"href":"https:\/\/visionarymarketing.com\/fr\/wp-json\/wp\/v2\/media\/9872"}],"wp:attachment":[{"href":"https:\/\/visionarymarketing.com\/fr\/wp-json\/wp\/v2\/media?parent=9873"}],"wp:term":[{"taxonomy":"category","embeddable":true,"href":"https:\/\/visionarymarketing.com\/fr\/wp-json\/wp\/v2\/categories?post=9873"},{"taxonomy":"post_tag","embeddable":true,"href":"https:\/\/visionarymarketing.com\/fr\/wp-json\/wp\/v2\/tags?post=9873"}],"curies":[{"name":"wp","href":"https:\/\/api.w.org\/{rel}","templated":true}]}}