{"id":9804,"date":"2013-11-04T09:01:28","date_gmt":"2013-11-04T08:01:28","guid":{"rendered":"http:\/\/visionarymarketing.fr\/blog\/?p=9804"},"modified":"2020-10-19T11:22:15","modified_gmt":"2020-10-19T09:22:15","slug":"aaron-paxton-kahlow-lhomme-qui-voulait-former-le-monde-sur-internet","status":"publish","type":"post","link":"https:\/\/visionarymarketing.com\/fr\/2013\/11\/04\/aaron-paxton-kahlow-lhomme-qui-voulait-former-le-monde-sur-internet\/","title":{"rendered":"Aaron Paxton Kahlow : L&rsquo;homme qui voulait former le monde sur Internet"},"content":{"rendered":"<p><em>Former le monde \u00e0 l&rsquo;utilisation d&rsquo;Internet, voici une ambition honrable. Vous le savez, <a href=\"https:\/\/visionarymarketing.com\/fr\/2013\/10\/web-deux-connect-tout-le-web-francais-se-connecte-le-6-et-7-novembre\/\" target=\"_blank\" rel=\"noopener noreferrer\">nous pr\u00e9parons \u00e0 la r\u00e9union Web2connect, comme tous les ans, celle de 2013 et en lieu les 6 et 7 novembre \u00e0 l&rsquo;usine comme d&rsquo;habitude<\/a>.<\/em><\/p>\n<p><a href=\"http:\/\/onlinemarketinginstitute.org\/\" target=\"_blank\" rel=\"noopener noreferrer\"><img decoding=\"async\" class=\"alignright\" style=\"background-image: none; padding-top: 0px; padding-left: 0px; margin: 0px 10px 0px 0px; display: inline; padding-right: 0px; border: 0px none;\" title=\"image\" src=\"https:\/\/visionarymarketing.com\/wp-content\/uploads\/2013\/10\/image7.png\" alt=\"image\" width=\"141\" height=\"326\" align=\"left\" border=\"0\" \/><\/a>Dans le cadre de cette pr\u00e9paration, j&rsquo;ai pu interviewer Aaron qui sera l&rsquo;un des pr\u00e9sentateurs de la semaine prochaine. Aaron a 13 ans d&rsquo;exp\u00e9rience en digital, c&rsquo;est donc un vieux routard de l&rsquo;Internet.<\/p>\n<p>Il a commenc\u00e9 par diriger une agence Web (Business Online \u00e0 San Diego) qui a commenc\u00e9 \u00ab\u00a0au dos d&rsquo;un cabinet de dentiste et emploie plus de 100 personnes aujourd&rsquo;hui) avec son fr\u00e8re puis a d\u00e9cid\u00e9 de cr\u00e9er le <span class=\"removed_link\" title=\"http:\/\/www.onlinemarketingsummit.com\/\">Online marketing summit<\/span>.<\/p>\n<p>Cet \u00e9v\u00e9nement a \u00e9t\u00e9 un v\u00e9ritable succ\u00e8s et s&rsquo;est r\u00e9pandu dans le monde entier, puis Aaron a voulu changer de voie et a d\u00e9cid\u00e9 de vendre son \u00e9v\u00e9nement car il sentait qu&rsquo;il pouvait passer \u00e0 la vitesse sup\u00e9rieure. \u00ab Il est impossible de former tout le monde en utilisant des \u00e9v\u00e9nementiels physiques \u00bb a-t-il d\u00e9clar\u00e9 et donc il a d\u00e9cid\u00e9 d\u2019 \u00ab <strong>utiliser cette chose appel\u00e9e Internet pour enseigner le digital au monde <\/strong>\u00bb.<!--more--><\/p>\n<p>Il a donc proc\u00e9d\u00e9 \u00e0 l&rsquo;enregistrement de pr\u00e9sentations qu\u2019il a transform\u00e9es en cours en ligne et le succ\u00e8s est au rendez-vous aux \u00c9tats-Unis et dans le reste du monde. D&rsquo;ailleurs, cette nouvelle entreprise, appel\u00e9e <a href=\"http:\/\/onlinemarketinginstitute.org\/\" target=\"_blank\" rel=\"noopener noreferrer\">Online marketing institute<\/a> va tr\u00e8s bient\u00f4t voir sa branche fran\u00e7aise cr\u00e9\u00e9e, en partenariat avec l&rsquo;organisateur du Web2connect lui-m\u00eame, Jean-Fran\u00e7ois Ruiz.<\/p>\n<p>Les cours, par centaines, sont tr\u00e8s vari\u00e9s et recouvrent des sujets aussi diff\u00e9rents que les m\u00e9dias sociaux, le big data, le marketing du contenu (appel\u00e9 Brand content en fran\u00e7ais), le Web mobile ou \u201ccomment collaborer ensemble\u201d.<\/p>\n<p>l&rsquo;institut fournit \u00e9galement des cours interactifs en ligne (Live) sur certains sujets. Voici mon interview de Aaron, en Anglais, enregistr\u00e9e il y a quelques jours au t\u00e9l\u00e9phone.<\/p>\n<audio class=\"wp-audio-shortcode\" id=\"audio-9804-2\" preload=\"none\" style=\"width: 100%;\" controls=\"controls\"><source type=\"audio\/mpeg\" src=\"https:\/\/visionarymarketing.com\/wp-content\/uploads\/2013\/11\/aaronpaxtonkahlow-edited.mp3?_=2\" \/><a href=\"https:\/\/visionarymarketing.com\/wp-content\/uploads\/2013\/11\/aaronpaxtonkahlow-edited.mp3\">https:\/\/visionarymarketing.com\/wp-content\/uploads\/2013\/11\/aaronpaxtonkahlow-edited.mp3<\/a><\/audio>\n<div itemscope itemtype=\"http:\/\/schema.org\/AudioObject\"><meta itemprop=\"name\" content=\"Aaron Paxton Kahlow : L&amp;rsquo;homme qui voulait former le monde sur Internet\" \/><meta itemprop=\"uploadDate\" content=\"2013-11-04T09:01:28+01:00\" \/><meta itemprop=\"encodingFormat\" content=\"audio\/mpeg\" \/><meta itemprop=\"duration\" content=\"PT6M31S\" \/><meta itemprop=\"description\" content=\"Former le monde \u00e0 l&#039;utilisation d&#039;Internet, voici une ambition honrable. Vous le savez, nous pr\u00e9parons \u00e0 la r\u00e9union Web2connect, comme tous les ans, celle de 2013 et en lieu les 6 et 7 novembre \u00e0 l&#039;usine comme d&#039;habitude.\n\nDans le cadre de cette pr\u00e9p...\" \/><meta itemprop=\"contentUrl\" content=\"https:\/\/media.blubrry.com\/visionarymarketing_les\/visionarymarketing.com\/files\/podcasts\/aaronpaxtonkahlow-edited.mp3\" \/><meta itemprop=\"contentSize\" content=\"10.4\" \/><div class=\"powerpress_player\" id=\"powerpress_player_2310\"><audio class=\"wp-audio-shortcode\" id=\"audio-9804-1\" preload=\"none\" style=\"width: 100%;\" controls=\"controls\"><source type=\"audio\/mpeg\" src=\"https:\/\/media.blubrry.com\/visionarymarketing_les\/visionarymarketing.com\/files\/podcasts\/aaronpaxtonkahlow-edited.mp3?_=1\" \/><a href=\"https:\/\/media.blubrry.com\/visionarymarketing_les\/visionarymarketing.com\/files\/podcasts\/aaronpaxtonkahlow-edited.mp3\">https:\/\/media.blubrry.com\/visionarymarketing_les\/visionarymarketing.com\/files\/podcasts\/aaronpaxtonkahlow-edited.mp3<\/a><\/audio><\/div><\/div><p class=\"powerpress_links powerpress_links_mp3\" style=\"margin-bottom: 1px !important;\">Podcast: <a href=\"https:\/\/media.blubrry.com\/visionarymarketing_les\/visionarymarketing.com\/files\/podcasts\/aaronpaxtonkahlow-edited.mp3\" class=\"powerpress_link_pinw\" target=\"_blank\" title=\"Play in new window\" onclick=\"return powerpress_pinw('https:\/\/visionarymarketing.com\/fr\/\/?powerpress_pinw=9804-podcast');\" rel=\"nofollow\">Play in new window<\/a> | <a href=\"https:\/\/media.blubrry.com\/visionarymarketing_les\/visionarymarketing.com\/files\/podcasts\/aaronpaxtonkahlow-edited.mp3\" class=\"powerpress_link_d\" title=\"Download\" rel=\"nofollow\" download=\"aaronpaxtonkahlow-edited.mp3\">Download<\/a> (Duration: 6:31 &#8212; 10.4MB)<\/p><p class=\"powerpress_links powerpress_subscribe_links\">Subscribe: <a href=\"https:\/\/itunes.apple.com\/us\/podcast\/visionarymarketing-les-interviews\/id731295319?mt=2&amp;ls=1#episodeGuid=http%3A%2F%2Fvisionarymarketing.fr%2Fblog%2F%3Fp%3D9804\" class=\"powerpress_link_subscribe powerpress_link_subscribe_itunes\" target=\"_blank\" title=\"Subscribe on Apple Podcasts\" rel=\"nofollow\">Apple Podcasts<\/a> | <a href=\"https:\/\/open.spotify.com\/show\/52VnZ1mhVSnDs4tQOx7Vuc\" class=\"powerpress_link_subscribe powerpress_link_subscribe_spotify\" target=\"_blank\" title=\"Subscribe on Spotify\" rel=\"nofollow\">Spotify<\/a> | <a href=\"https:\/\/subscribeonandroid.com\/visionarymarketing.com\/fr\/feed\/podcast\/\" class=\"powerpress_link_subscribe powerpress_link_subscribe_android\" target=\"_blank\" title=\"Subscribe on Android\" rel=\"nofollow\">Android<\/a> | <a href=\"https:\/\/visionarymarketing.com\/fr\/feed\/podcast\/\" class=\"powerpress_link_subscribe powerpress_link_subscribe_rss\" target=\"_blank\" title=\"Subscribe via RSS\" rel=\"nofollow\">RSS<\/a><\/p>","protected":false},"excerpt":{"rendered":"<p>Former le monde \u00e0 l&rsquo;utilisation d&rsquo;Internet, voici une ambition honrable. Vous le savez, nous pr\u00e9parons \u00e0 la r\u00e9union Web2connect, comme tous les ans, celle de 2013 et en lieu les 6 et 7 novembre \u00e0 l&rsquo;usine comme d&rsquo;habitude. Dans le cadre de cette pr\u00e9paration, j&rsquo;ai pu interviewer Aaron qui sera l&rsquo;un des pr\u00e9sentateurs de la &hellip;<\/p>\n","protected":false},"author":2,"featured_media":44465,"comment_status":"open","ping_status":"open","sticky":false,"template":"","format":"standard","meta":{"footnotes":""},"categories":[2894],"tags":[],"class_list":["post-9804","post","type-post","status-publish","format-standard","has-post-thumbnail","hentry","category-ia-big-data"],"yoast_head":"<!-- This site is optimized with the Yoast SEO plugin v27.5 - https:\/\/yoast.com\/product\/yoast-seo-wordpress\/ -->\n<title>Aaron Paxton Kahlow : L&#039;homme qui voulait former le monde sur Internet<\/title>\n<meta name=\"description\" content=\"Former le monde \u00e0 l&#039;utilisation d&#039;Internet, voici une ambition honrable. Nous pr\u00e9parons \u00e0 la r\u00e9union Web2connect, comme tous les ans\" \/>\n<meta name=\"robots\" content=\"index, follow, max-snippet:-1, max-image-preview:large, max-video-preview:-1\" \/>\n<link rel=\"canonical\" href=\"https:\/\/visionarymarketing.com\/fr\/2013\/11\/04\/aaron-paxton-kahlow-lhomme-qui-voulait-former-le-monde-sur-internet\/\" \/>\n<meta property=\"og:locale\" content=\"fr_FR\" \/>\n<meta property=\"og:type\" content=\"article\" \/>\n<meta property=\"og:title\" content=\"Aaron Paxton Kahlow : L&#039;homme qui voulait former le monde sur Internet\" \/>\n<meta property=\"og:description\" content=\"Former le monde \u00e0 l&#039;utilisation d&#039;Internet, voici une ambition honrable. Nous pr\u00e9parons \u00e0 la r\u00e9union Web2connect, comme tous les ans\" \/>\n<meta property=\"og:url\" content=\"https:\/\/visionarymarketing.com\/fr\/2013\/11\/04\/aaron-paxton-kahlow-lhomme-qui-voulait-former-le-monde-sur-internet\/\" \/>\n<meta property=\"og:site_name\" content=\"Marketing and Innovation\" \/>\n<meta property=\"article:publisher\" content=\"https:\/\/www.facebook.com\/vismktg\" \/>\n<meta property=\"article:author\" content=\"http:\/\/facebook.com\/ygourven\" \/>\n<meta property=\"article:published_time\" content=\"2013-11-04T08:01:28+00:00\" \/>\n<meta property=\"article:modified_time\" content=\"2020-10-19T09:22:15+00:00\" \/>\n<meta property=\"og:image\" content=\"https:\/\/visionarymarketing.com\/wp-content\/uploads\/2016\/12\/13171967613_c793e76aa0_z-1-e1603099320269.jpg\" \/>\n\t<meta property=\"og:image:width\" content=\"520\" \/>\n\t<meta property=\"og:image:height\" content=\"345\" \/>\n\t<meta property=\"og:image:type\" content=\"image\/jpeg\" \/>\n<meta name=\"author\" content=\"Yann Gourvennec\" \/>\n<meta name=\"twitter:card\" content=\"summary_large_image\" \/>\n<meta name=\"twitter:creator\" content=\"@ygourven\" \/>\n<meta name=\"twitter:site\" content=\"@ygourven\" \/>\n<meta name=\"twitter:label1\" content=\"\u00c9crit par\" \/>\n\t<meta name=\"twitter:data1\" content=\"Yann Gourvennec\" \/>\n\t<meta name=\"twitter:label2\" content=\"Dur\u00e9e de lecture estim\u00e9e\" \/>\n\t<meta name=\"twitter:data2\" content=\"2 minutes\" \/>\n<script type=\"application\/ld+json\" class=\"yoast-schema-graph\">{\"@context\":\"https:\\\/\\\/schema.org\",\"@graph\":[{\"@type\":\"NewsArticle\",\"@id\":\"https:\\\/\\\/visionarymarketing.com\\\/fr\\\/2013\\\/11\\\/04\\\/aaron-paxton-kahlow-lhomme-qui-voulait-former-le-monde-sur-internet\\\/#article\",\"isPartOf\":{\"@id\":\"https:\\\/\\\/visionarymarketing.com\\\/fr\\\/2013\\\/11\\\/04\\\/aaron-paxton-kahlow-lhomme-qui-voulait-former-le-monde-sur-internet\\\/\"},\"author\":{\"name\":\"Yann Gourvennec\",\"@id\":\"https:\\\/\\\/visionarymarketing.com\\\/fr\\\/#\\\/schema\\\/person\\\/3754fee1e558f47b8deb46f53c37423e\"},\"headline\":\"Aaron Paxton Kahlow : L&rsquo;homme qui voulait former le monde sur Internet\",\"datePublished\":\"2013-11-04T08:01:28+00:00\",\"dateModified\":\"2020-10-19T09:22:15+00:00\",\"mainEntityOfPage\":{\"@id\":\"https:\\\/\\\/visionarymarketing.com\\\/fr\\\/2013\\\/11\\\/04\\\/aaron-paxton-kahlow-lhomme-qui-voulait-former-le-monde-sur-internet\\\/\"},\"wordCount\":368,\"commentCount\":0,\"image\":{\"@id\":\"https:\\\/\\\/visionarymarketing.com\\\/fr\\\/2013\\\/11\\\/04\\\/aaron-paxton-kahlow-lhomme-qui-voulait-former-le-monde-sur-internet\\\/#primaryimage\"},\"thumbnailUrl\":\"https:\\\/\\\/visionarymarketing.com\\\/wp-content\\\/uploads\\\/2016\\\/12\\\/13171967613_c793e76aa0_z-1-e1603099320269.jpg\",\"articleSection\":[\"IA et Big Data\"],\"inLanguage\":\"fr-FR\",\"potentialAction\":[{\"@type\":\"CommentAction\",\"name\":\"Comment\",\"target\":[\"https:\\\/\\\/visionarymarketing.com\\\/fr\\\/2013\\\/11\\\/04\\\/aaron-paxton-kahlow-lhomme-qui-voulait-former-le-monde-sur-internet\\\/#respond\"]}]},{\"@type\":\"WebPage\",\"@id\":\"https:\\\/\\\/visionarymarketing.com\\\/fr\\\/2013\\\/11\\\/04\\\/aaron-paxton-kahlow-lhomme-qui-voulait-former-le-monde-sur-internet\\\/\",\"url\":\"https:\\\/\\\/visionarymarketing.com\\\/fr\\\/2013\\\/11\\\/04\\\/aaron-paxton-kahlow-lhomme-qui-voulait-former-le-monde-sur-internet\\\/\",\"name\":\"Aaron Paxton Kahlow : L'homme qui voulait former le monde sur Internet\",\"isPartOf\":{\"@id\":\"https:\\\/\\\/visionarymarketing.com\\\/fr\\\/#website\"},\"primaryImageOfPage\":{\"@id\":\"https:\\\/\\\/visionarymarketing.com\\\/fr\\\/2013\\\/11\\\/04\\\/aaron-paxton-kahlow-lhomme-qui-voulait-former-le-monde-sur-internet\\\/#primaryimage\"},\"image\":{\"@id\":\"https:\\\/\\\/visionarymarketing.com\\\/fr\\\/2013\\\/11\\\/04\\\/aaron-paxton-kahlow-lhomme-qui-voulait-former-le-monde-sur-internet\\\/#primaryimage\"},\"thumbnailUrl\":\"https:\\\/\\\/visionarymarketing.com\\\/wp-content\\\/uploads\\\/2016\\\/12\\\/13171967613_c793e76aa0_z-1-e1603099320269.jpg\",\"datePublished\":\"2013-11-04T08:01:28+00:00\",\"dateModified\":\"2020-10-19T09:22:15+00:00\",\"author\":{\"@id\":\"https:\\\/\\\/visionarymarketing.com\\\/fr\\\/#\\\/schema\\\/person\\\/3754fee1e558f47b8deb46f53c37423e\"},\"description\":\"Former le monde \u00e0 l'utilisation d'Internet, voici une ambition honrable. Nous pr\u00e9parons \u00e0 la r\u00e9union Web2connect, comme tous les ans\",\"breadcrumb\":{\"@id\":\"https:\\\/\\\/visionarymarketing.com\\\/fr\\\/2013\\\/11\\\/04\\\/aaron-paxton-kahlow-lhomme-qui-voulait-former-le-monde-sur-internet\\\/#breadcrumb\"},\"inLanguage\":\"fr-FR\",\"potentialAction\":[{\"@type\":\"ReadAction\",\"target\":[\"https:\\\/\\\/visionarymarketing.com\\\/fr\\\/2013\\\/11\\\/04\\\/aaron-paxton-kahlow-lhomme-qui-voulait-former-le-monde-sur-internet\\\/\"]}]},{\"@type\":\"ImageObject\",\"inLanguage\":\"fr-FR\",\"@id\":\"https:\\\/\\\/visionarymarketing.com\\\/fr\\\/2013\\\/11\\\/04\\\/aaron-paxton-kahlow-lhomme-qui-voulait-former-le-monde-sur-internet\\\/#primaryimage\",\"url\":\"https:\\\/\\\/visionarymarketing.com\\\/wp-content\\\/uploads\\\/2016\\\/12\\\/13171967613_c793e76aa0_z-1-e1603099320269.jpg\",\"contentUrl\":\"https:\\\/\\\/visionarymarketing.com\\\/wp-content\\\/uploads\\\/2016\\\/12\\\/13171967613_c793e76aa0_z-1-e1603099320269.jpg\",\"width\":520,\"height\":345,\"caption\":\"The Visionary Marketing office in Paris 9th district. Our office is located in Frederic Chopin's former home\"},{\"@type\":\"BreadcrumbList\",\"@id\":\"https:\\\/\\\/visionarymarketing.com\\\/fr\\\/2013\\\/11\\\/04\\\/aaron-paxton-kahlow-lhomme-qui-voulait-former-le-monde-sur-internet\\\/#breadcrumb\",\"itemListElement\":[{\"@type\":\"ListItem\",\"position\":1,\"name\":\"Home\",\"item\":\"https:\\\/\\\/visionarymarketing.com\\\/fr\\\/\"},{\"@type\":\"ListItem\",\"position\":2,\"name\":\"Aaron Paxton Kahlow : L&rsquo;homme qui voulait former le monde sur Internet\"}]},{\"@type\":\"WebSite\",\"@id\":\"https:\\\/\\\/visionarymarketing.com\\\/fr\\\/#website\",\"url\":\"https:\\\/\\\/visionarymarketing.com\\\/fr\\\/\",\"name\":\"Marketing and Innovation\",\"description\":\"Site d&#039;infos ind\u00e9pendant, depuis 1996\",\"potentialAction\":[{\"@type\":\"SearchAction\",\"target\":{\"@type\":\"EntryPoint\",\"urlTemplate\":\"https:\\\/\\\/visionarymarketing.com\\\/fr\\\/?s={search_term_string}\"},\"query-input\":{\"@type\":\"PropertyValueSpecification\",\"valueRequired\":true,\"valueName\":\"search_term_string\"}}],\"inLanguage\":\"fr-FR\"},{\"@type\":\"Person\",\"@id\":\"https:\\\/\\\/visionarymarketing.com\\\/fr\\\/#\\\/schema\\\/person\\\/3754fee1e558f47b8deb46f53c37423e\",\"name\":\"Yann Gourvennec\",\"image\":{\"@type\":\"ImageObject\",\"inLanguage\":\"fr-FR\",\"@id\":\"https:\\\/\\\/secure.gravatar.com\\\/avatar\\\/5972001801e8de5692a3e31224e85769f50a55fb8b679749f9c8d1868cceff14?s=96&d=initials&r=g&initials=yg\",\"url\":\"https:\\\/\\\/secure.gravatar.com\\\/avatar\\\/5972001801e8de5692a3e31224e85769f50a55fb8b679749f9c8d1868cceff14?s=96&d=initials&r=g&initials=yg\",\"contentUrl\":\"https:\\\/\\\/secure.gravatar.com\\\/avatar\\\/5972001801e8de5692a3e31224e85769f50a55fb8b679749f9c8d1868cceff14?s=96&d=initials&r=g&initials=yg\",\"caption\":\"Yann Gourvennec\"},\"description\":\"Yann Gourvennec created visionarymarketing.com in 1996. He is a speaker and author of many books. In 2014 he went from intrapreneur to entrepreneur, when he created his digital marketing agency. Yann Gourvennec a cr\u00e9\u00e9 visionarymarketing.com en 1996. Il est conf\u00e9rencier et auteur de plusieurs livres. En 2014, il est pass\u00e9 d'intrapreneur \u00e0 entrepreneur en cr\u00e9ant son agence de marketing num\u00e9rique.\",\"sameAs\":[\"https:\\\/\\\/visionarymarketing.com\",\"http:\\\/\\\/facebook.com\\\/ygourven\",\"http:\\\/\\\/linkedin.com\\\/in\\\/ygourven\",\"https:\\\/\\\/x.com\\\/ygourven\",\"https:\\\/\\\/www.youtube.com\\\/c\\\/visionarymarketingagency\"],\"url\":\"https:\\\/\\\/visionarymarketing.com\\\/fr\\\/author\\\/yann-gourvennec\\\/\"}]}<\/script>\n<!-- \/ Yoast SEO plugin. -->","yoast_head_json":{"title":"Aaron Paxton Kahlow : L'homme qui voulait former le monde sur Internet","description":"Former le monde \u00e0 l'utilisation d'Internet, voici une ambition honrable. Nous pr\u00e9parons \u00e0 la r\u00e9union Web2connect, comme tous les ans","robots":{"index":"index","follow":"follow","max-snippet":"max-snippet:-1","max-image-preview":"max-image-preview:large","max-video-preview":"max-video-preview:-1"},"canonical":"https:\/\/visionarymarketing.com\/fr\/2013\/11\/04\/aaron-paxton-kahlow-lhomme-qui-voulait-former-le-monde-sur-internet\/","og_locale":"fr_FR","og_type":"article","og_title":"Aaron Paxton Kahlow : L'homme qui voulait former le monde sur Internet","og_description":"Former le monde \u00e0 l'utilisation d'Internet, voici une ambition honrable. Nous pr\u00e9parons \u00e0 la r\u00e9union Web2connect, comme tous les ans","og_url":"https:\/\/visionarymarketing.com\/fr\/2013\/11\/04\/aaron-paxton-kahlow-lhomme-qui-voulait-former-le-monde-sur-internet\/","og_site_name":"Marketing and Innovation","article_publisher":"https:\/\/www.facebook.com\/vismktg","article_author":"http:\/\/facebook.com\/ygourven","article_published_time":"2013-11-04T08:01:28+00:00","article_modified_time":"2020-10-19T09:22:15+00:00","og_image":[{"width":520,"height":345,"url":"https:\/\/visionarymarketing.com\/wp-content\/uploads\/2016\/12\/13171967613_c793e76aa0_z-1-e1603099320269.jpg","type":"image\/jpeg"}],"author":"Yann Gourvennec","twitter_card":"summary_large_image","twitter_creator":"@ygourven","twitter_site":"@ygourven","twitter_misc":{"\u00c9crit par":"Yann Gourvennec","Dur\u00e9e de lecture estim\u00e9e":"2 minutes"},"schema":{"@context":"https:\/\/schema.org","@graph":[{"@type":"NewsArticle","@id":"https:\/\/visionarymarketing.com\/fr\/2013\/11\/04\/aaron-paxton-kahlow-lhomme-qui-voulait-former-le-monde-sur-internet\/#article","isPartOf":{"@id":"https:\/\/visionarymarketing.com\/fr\/2013\/11\/04\/aaron-paxton-kahlow-lhomme-qui-voulait-former-le-monde-sur-internet\/"},"author":{"name":"Yann Gourvennec","@id":"https:\/\/visionarymarketing.com\/fr\/#\/schema\/person\/3754fee1e558f47b8deb46f53c37423e"},"headline":"Aaron Paxton Kahlow : L&rsquo;homme qui voulait former le monde sur Internet","datePublished":"2013-11-04T08:01:28+00:00","dateModified":"2020-10-19T09:22:15+00:00","mainEntityOfPage":{"@id":"https:\/\/visionarymarketing.com\/fr\/2013\/11\/04\/aaron-paxton-kahlow-lhomme-qui-voulait-former-le-monde-sur-internet\/"},"wordCount":368,"commentCount":0,"image":{"@id":"https:\/\/visionarymarketing.com\/fr\/2013\/11\/04\/aaron-paxton-kahlow-lhomme-qui-voulait-former-le-monde-sur-internet\/#primaryimage"},"thumbnailUrl":"https:\/\/visionarymarketing.com\/wp-content\/uploads\/2016\/12\/13171967613_c793e76aa0_z-1-e1603099320269.jpg","articleSection":["IA et Big Data"],"inLanguage":"fr-FR","potentialAction":[{"@type":"CommentAction","name":"Comment","target":["https:\/\/visionarymarketing.com\/fr\/2013\/11\/04\/aaron-paxton-kahlow-lhomme-qui-voulait-former-le-monde-sur-internet\/#respond"]}]},{"@type":"WebPage","@id":"https:\/\/visionarymarketing.com\/fr\/2013\/11\/04\/aaron-paxton-kahlow-lhomme-qui-voulait-former-le-monde-sur-internet\/","url":"https:\/\/visionarymarketing.com\/fr\/2013\/11\/04\/aaron-paxton-kahlow-lhomme-qui-voulait-former-le-monde-sur-internet\/","name":"Aaron Paxton Kahlow : L'homme qui voulait former le monde sur Internet","isPartOf":{"@id":"https:\/\/visionarymarketing.com\/fr\/#website"},"primaryImageOfPage":{"@id":"https:\/\/visionarymarketing.com\/fr\/2013\/11\/04\/aaron-paxton-kahlow-lhomme-qui-voulait-former-le-monde-sur-internet\/#primaryimage"},"image":{"@id":"https:\/\/visionarymarketing.com\/fr\/2013\/11\/04\/aaron-paxton-kahlow-lhomme-qui-voulait-former-le-monde-sur-internet\/#primaryimage"},"thumbnailUrl":"https:\/\/visionarymarketing.com\/wp-content\/uploads\/2016\/12\/13171967613_c793e76aa0_z-1-e1603099320269.jpg","datePublished":"2013-11-04T08:01:28+00:00","dateModified":"2020-10-19T09:22:15+00:00","author":{"@id":"https:\/\/visionarymarketing.com\/fr\/#\/schema\/person\/3754fee1e558f47b8deb46f53c37423e"},"description":"Former le monde \u00e0 l'utilisation d'Internet, voici une ambition honrable. Nous pr\u00e9parons \u00e0 la r\u00e9union Web2connect, comme tous les ans","breadcrumb":{"@id":"https:\/\/visionarymarketing.com\/fr\/2013\/11\/04\/aaron-paxton-kahlow-lhomme-qui-voulait-former-le-monde-sur-internet\/#breadcrumb"},"inLanguage":"fr-FR","potentialAction":[{"@type":"ReadAction","target":["https:\/\/visionarymarketing.com\/fr\/2013\/11\/04\/aaron-paxton-kahlow-lhomme-qui-voulait-former-le-monde-sur-internet\/"]}]},{"@type":"ImageObject","inLanguage":"fr-FR","@id":"https:\/\/visionarymarketing.com\/fr\/2013\/11\/04\/aaron-paxton-kahlow-lhomme-qui-voulait-former-le-monde-sur-internet\/#primaryimage","url":"https:\/\/visionarymarketing.com\/wp-content\/uploads\/2016\/12\/13171967613_c793e76aa0_z-1-e1603099320269.jpg","contentUrl":"https:\/\/visionarymarketing.com\/wp-content\/uploads\/2016\/12\/13171967613_c793e76aa0_z-1-e1603099320269.jpg","width":520,"height":345,"caption":"The Visionary Marketing office in Paris 9th district. Our office is located in Frederic Chopin's former home"},{"@type":"BreadcrumbList","@id":"https:\/\/visionarymarketing.com\/fr\/2013\/11\/04\/aaron-paxton-kahlow-lhomme-qui-voulait-former-le-monde-sur-internet\/#breadcrumb","itemListElement":[{"@type":"ListItem","position":1,"name":"Home","item":"https:\/\/visionarymarketing.com\/fr\/"},{"@type":"ListItem","position":2,"name":"Aaron Paxton Kahlow : L&rsquo;homme qui voulait former le monde sur Internet"}]},{"@type":"WebSite","@id":"https:\/\/visionarymarketing.com\/fr\/#website","url":"https:\/\/visionarymarketing.com\/fr\/","name":"Marketing and Innovation","description":"Site d&#039;infos ind\u00e9pendant, depuis 1996","potentialAction":[{"@type":"SearchAction","target":{"@type":"EntryPoint","urlTemplate":"https:\/\/visionarymarketing.com\/fr\/?s={search_term_string}"},"query-input":{"@type":"PropertyValueSpecification","valueRequired":true,"valueName":"search_term_string"}}],"inLanguage":"fr-FR"},{"@type":"Person","@id":"https:\/\/visionarymarketing.com\/fr\/#\/schema\/person\/3754fee1e558f47b8deb46f53c37423e","name":"Yann Gourvennec","image":{"@type":"ImageObject","inLanguage":"fr-FR","@id":"https:\/\/secure.gravatar.com\/avatar\/5972001801e8de5692a3e31224e85769f50a55fb8b679749f9c8d1868cceff14?s=96&d=initials&r=g&initials=yg","url":"https:\/\/secure.gravatar.com\/avatar\/5972001801e8de5692a3e31224e85769f50a55fb8b679749f9c8d1868cceff14?s=96&d=initials&r=g&initials=yg","contentUrl":"https:\/\/secure.gravatar.com\/avatar\/5972001801e8de5692a3e31224e85769f50a55fb8b679749f9c8d1868cceff14?s=96&d=initials&r=g&initials=yg","caption":"Yann Gourvennec"},"description":"Yann Gourvennec created visionarymarketing.com in 1996. He is a speaker and author of many books. In 2014 he went from intrapreneur to entrepreneur, when he created his digital marketing agency. Yann Gourvennec a cr\u00e9\u00e9 visionarymarketing.com en 1996. Il est conf\u00e9rencier et auteur de plusieurs livres. En 2014, il est pass\u00e9 d'intrapreneur \u00e0 entrepreneur en cr\u00e9ant son agence de marketing num\u00e9rique.","sameAs":["https:\/\/visionarymarketing.com","http:\/\/facebook.com\/ygourven","http:\/\/linkedin.com\/in\/ygourven","https:\/\/x.com\/ygourven","https:\/\/www.youtube.com\/c\/visionarymarketingagency"],"url":"https:\/\/visionarymarketing.com\/fr\/author\/yann-gourvennec\/"}]}},"_links":{"self":[{"href":"https:\/\/visionarymarketing.com\/fr\/wp-json\/wp\/v2\/posts\/9804","targetHints":{"allow":["GET"]}}],"collection":[{"href":"https:\/\/visionarymarketing.com\/fr\/wp-json\/wp\/v2\/posts"}],"about":[{"href":"https:\/\/visionarymarketing.com\/fr\/wp-json\/wp\/v2\/types\/post"}],"author":[{"embeddable":true,"href":"https:\/\/visionarymarketing.com\/fr\/wp-json\/wp\/v2\/users\/2"}],"replies":[{"embeddable":true,"href":"https:\/\/visionarymarketing.com\/fr\/wp-json\/wp\/v2\/comments?post=9804"}],"version-history":[{"count":0,"href":"https:\/\/visionarymarketing.com\/fr\/wp-json\/wp\/v2\/posts\/9804\/revisions"}],"wp:featuredmedia":[{"embeddable":true,"href":"https:\/\/visionarymarketing.com\/fr\/wp-json\/wp\/v2\/media\/44465"}],"wp:attachment":[{"href":"https:\/\/visionarymarketing.com\/fr\/wp-json\/wp\/v2\/media?parent=9804"}],"wp:term":[{"taxonomy":"category","embeddable":true,"href":"https:\/\/visionarymarketing.com\/fr\/wp-json\/wp\/v2\/categories?post=9804"},{"taxonomy":"post_tag","embeddable":true,"href":"https:\/\/visionarymarketing.com\/fr\/wp-json\/wp\/v2\/tags?post=9804"}],"curies":[{"name":"wp","href":"https:\/\/api.w.org\/{rel}","templated":true}]}}