{"id":9773,"date":"2013-10-30T06:40:21","date_gmt":"2013-10-30T05:40:21","guid":{"rendered":"http:\/\/visionarymarketing.fr\/blog\/?p=9773"},"modified":"2021-10-03T10:05:32","modified_gmt":"2021-10-03T08:05:32","slug":"pierre-gattaz-nous-pouvons-crer-1-million-demplois-en-5-ans","status":"publish","type":"post","link":"https:\/\/visionarymarketing.com\/fr\/2013\/10\/30\/pierre-gattaz-nous-pouvons-crer-1-million-demplois-en-5-ans\/","title":{"rendered":"Pierre Gattaz : \u00ab\u00a0nous pouvons cr\u00e9er 1 million d&#8217;emplois en 5 ans\u00a0\u00bb"},"content":{"rendered":"<p><span style=\"color: #4f81bd;\"><em><a href=\"https:\/\/visionarymarketing.com\/wp-content\/uploads\/2013\/01\/briefcase-large_thumb.gif\"><img decoding=\"async\" class=\"alignleft size-full wp-image-7632\" src=\"https:\/\/visionarymarketing.com\/wp-content\/uploads\/2013\/01\/briefcase-large_thumb.gif\" alt=\"briefcase-large_thumb.gif\" width=\"176\" height=\"212\" \/><\/a>J&rsquo;ai eu l&rsquo;honneur de faire partie des invit\u00e9s (une vingtaine de blogueurs et d&rsquo;influenceurs)\u00a0 de Pierre Gattaz et son \u00e9quipe au <a href=\"https:\/\/www.medef.com\/fr\" target=\"_blank\" rel=\"noopener noreferrer\">Medef<\/a> lundi 28 octobre 2013, au si\u00e8ge de l&rsquo;avenue Bosquet lors d&rsquo;une r\u00e9union exceptionnelle qui a dur\u00e9 plus d\u2019une heure. \u00ab Je vous ai fait faux bond aux universit\u00e9s d&rsquo;\u00e9t\u00e9 du Medef et je m&rsquo;en excuse, j&rsquo;ai tenu \u00e0 r\u00e9parer cette erreur \u00bb a expliqu\u00e9 Pierre Gattaz, dans son introduction, ce qui traduit bien la simplicit\u00e9 et l&rsquo;humilit\u00e9 du personnage ; si tous les patrons pouvaient suivre cet exemple ! J&rsquo;\u00e9tais d&rsquo;autant plus enclin \u00e0 accepter cette invitation, que Monsieur Gattaz a \u00e9crit la pr\u00e9face de notre livre \u00ab <a href=\"http:\/\/amonboss.com\" target=\"_blank\" rel=\"noopener noreferrer\">la communication digitale expliqu\u00e9e mon boss<\/a><\/em>\u00a0<strong>\u00bb<\/strong><\/span><em><span style=\"color: #4f81bd;\">, dont nous avons pu lui remettre un exemplaire d\u00e9dicac\u00e9 en main propre, avec <a href=\"http:\/\/hervekabla.com\" target=\"_blank\" rel=\"noopener noreferrer\">Herv\u00e9 Kabla<\/a>. Mais au-del\u00e0 de ces consid\u00e9rations personnelles, c&rsquo;est \u00e0 un v\u00e9ritable r\u00e9quisitoire pour l&#8217;emploi, que Pierre Gattaz s&rsquo;est livr\u00e9 lundi, en nous fixant aussi clairement notre r\u00f4le : \u00ab nous avons besoin de vous \u00bb a-t-il pr\u00e9cis\u00e9, dans cette bataille de l&#8217;emploi qui, les sondages le rappellent tous les jours, est\u00a0 la pr\u00e9occupation principale des Fran\u00e7ais. Alors, pourquoi ne sont-ils pas \u00e9cout\u00e9s ? Ne serait-il pas temps de se ranger, loin des clich\u00e9s antiques sur le patronat dont notre pays raffole tant, derri\u00e8re un homme qui avant tout est passionn\u00e9 et cherche \u00e0 entra\u00eener tout le monde dans son enthousiasme, quelqu&rsquo;un qui se pr\u00e9sente tout simplement comme \u00ab un chef d&rsquo;entreprise \u00e0 la base \u00bb. Ah ! Si tous pouvaient entendre, malgr\u00e9 les id\u00e9es re\u00e7ues, l&rsquo;importance de l&rsquo;entreprise cr\u00e9atrice d&#8217;emplois, le b\u00e9n\u00e9fice serait pour nous tous. Voici mon r\u00e9sum\u00e9 de cet \u00e9change avec Pierre Gattaz, qui en 4 mois \u00e0 peine a secou\u00e9 le Medef de fa\u00e7on extraordinaire &#8230; et ce n&rsquo;est pas fini<\/span> :<\/em><\/p>\n<p><a title=\"antimuseum-PGattaz-34-8\" href=\"http:\/\/www.flickr.com\/photos\/45208593@N00\/10552471815\/\"><img decoding=\"async\" class=\"aligncenter\" src=\"https:\/\/static.flickr.com\/5539\/10552471815_0b8128e2e2_b.jpg\" alt=\"antimuseum-PGattaz-34-8\" width=\"600\" height=\"401\" border=\"0\" \/><\/a><\/p>\n<p><em><span style=\"color: #4f81bd;\">Pierre Gattaz, lundi 28 au MEDEF : un extraordinaire enthousiasme communicatif<\/span><\/em><\/p>\n<p><strong>Je suis un chef d&rsquo;entreprise \u00e0 la base<\/strong><\/p>\n<p>un connecteur de Radiall dont P Gattaz nous a montr\u00e9 un exemple lors de la r\u00e9union<\/p>\n<p>\u00ab je suis un chef d&rsquo;entreprise \u00e0 la base \u00bb a expliqu\u00e9 le patron du Medef. On devrait m\u00eame rajouter un industriel, \u00e0 la t\u00eate de <a href=\"http:\/\/fr.wikipedia.org\/wiki\/Radiall\">l&rsquo;entreprise Radiall<\/a>, cr\u00e9\u00e9e par son p\u00e8re, Yvon Gattaz avec son fr\u00e8re Lucien ; Yvon Gattaz lui-aussi Pr\u00e9sident de l&rsquo;anc\u00eatre du MEDEF, <a href=\"http:\/\/fr.wikipedia.org\/wiki\/Yvon_Gattaz\">le CNPF de 1981 \u00e0 1986<\/a>. Cette entreprise, il l&rsquo;a d\u00e9velopp\u00e9e \u00e0 force de travail et d&rsquo;ing\u00e9niosit\u00e9 afin d&rsquo;aller porter la bonne parole \u00e0 l&rsquo;\u00e9tranger. Boeing, Amraer et m\u00eame Apple sont devenus ses clients, \u00e0 qui ils vont des composants et des \u00ab connecteurs \u00bb. \u00ab En mondialisant Radiall, j&rsquo;ai r\u00e9ussi \u00e0 cr\u00e9er des emplois et m\u00eame \u00e0 ouvrir une 5\u00e8me usine en France. Nous avons aussi ouvert une usine Mexique qui nous a permis de travailler \u00e0 bas co\u00fbt tout en nous rapprochant des \u00c9tats-Unis (et de travailler dans une zone dollar). Mais en contentant Boeing, a-t-il pr\u00e9cis\u00e9, nous avons\u00a0 mont\u00e9 nos chiffres d&rsquo;affaires, et nos parts de march\u00e9, donc notre profit, et ceci nous a permis d&rsquo;investir en France ! \u00bb. Il y a cette vue en France, binaire, que la mondialisation est mauvaise, et que la France est bonne. <strong>C&rsquo;est une incompr\u00e9hension de l&rsquo;\u00e9conomie et le son c\u00f4t\u00e9 gagnant gagnant<\/strong>. Il y a donc \u00ab une boucle vertueuse \u00bb a poursuivi Pierre Gattaz en expliquant que 75 % de sa R&amp;D \u00e9taient faits en France. \u00ab <strong>Le monde a compris cela, mais quand on revient en France, on voit qu&rsquo;elle est \u00ab encalmin\u00e9e \u00bb<\/strong> \u00bb.<\/p>\n<p><strong>\u00a0La France f\u00e2ch\u00e9e avec l&rsquo;\u00e9conomie de march\u00e9<\/strong><\/p>\n<p>\u00ab On n&rsquo;assume pas le c\u00f4t\u00e9 \u00e9conomie de march\u00e9 en France \u00bb, m\u00eame si c&rsquo;est Fran\u00e7ois Mitterrand, rappelons-le, qui nous y a converti dans les ann\u00e9es 80, de fa\u00e7on assez paradoxale. Et donc \u00ab des tas d&rsquo;autres pays repartent, m\u00eame l&rsquo;Espagne, l&rsquo;Italie et l&rsquo;Irlande, mais nous, nous restons \u00e0 11 % de ch\u00f4mage, et surtout 25 % de ch\u00f4mage des jeunes ce qui est un scandale \u00bb a-t-il ajout\u00e9. Veut-on 15 % de ch\u00f4meurs ? S&rsquo;exclama-t-il. On pourra r\u00e9torquer que le taux de ch\u00f4mage est bien plus important en Espagne, et vous avouerez que c&rsquo;est un bien faible argument. Car notre pays \u00ab est un grand pays. Et non ! On n&rsquo;a pas tout fait contre le ch\u00f4mage ! Estime-t-il, c&rsquo;est l&rsquo;entreprise qui cr\u00e9e des emplois. Elle cr\u00e9e de la richesse au travers de 4 facteurs de comp\u00e9titivit\u00e9 qui sont les suivants :<\/p>\n<p><strong>4 facteurs de comp\u00e9titivit\u00e9 pour produire de la richesse<\/strong><\/p>\n<ol>\n<li><strong>Les clients heureux<\/strong> : on ne pourra que se r\u00e9jouir sur Visionary marketing d&rsquo;entendre que l&rsquo;on commence par essayer de satisfaire les clients, voil\u00e0 un effort que la France doit faire dans tous les secteurs d&rsquo;activit\u00e9s<\/li>\n<li><strong>L&rsquo;innovation<\/strong> : encore un motif de satisfaction pour moi, il faut aller de l&rsquo;avant, et peu importe les d\u00e9bats s\u00e9mantiques sur ce que veut dire l&rsquo;innovation.<\/li>\n<li><strong>L&rsquo;excellence op\u00e9rationnelle au travers des process<\/strong>. Je ne peux encore une fois qu&rsquo;\u00eatre d&rsquo;accord, malgr\u00e9 les immenses qualit\u00e9s que nous avons en France, les processus et l&rsquo;excellence op\u00e9rationnelle sont rarement au rendez-vous ; pourtant, \u00ab c&rsquo;est comme \u00e7a qu&rsquo;on est all\u00e9 vendre chez Boeing \u00bb a pr\u00e9cis\u00e9 Pierre Gattaz.<\/li>\n<li><strong>Les hommes et les femmes qui doivent \u00eatre \u00ab \u00e9panouis et form\u00e9s de fa\u00e7on permanente \u00bb<\/strong>. Il n&rsquo;est pas question de croire que \u00ab c&rsquo;est le bonheur partout \u00bb, mais encore une fois je ne peux qu&rsquo;\u00eatre d&rsquo;accord avec cette vue enthousiaste. La formation, et j&rsquo;ai la chance d&rsquo;y participer depuis des ann\u00e9es dans le domaine digital, est effectivement un facteur d&rsquo;am\u00e9lioration, de d\u00e9veloppement et d&rsquo;\u00e9panouissement.<\/li>\n<\/ol>\n<p>C&rsquo;est sur ces bases de facteurs de comp\u00e9titivit\u00e9, que le Medef a donn\u00e9 un cap avec <a href=\"https:\/\/web.archive.org\/web\/19990427131653\/http:\/\/www.2020.com:80\/\" target=\"_blank\" rel=\"noopener noreferrer\">http:\/\/www.france-2020.com<\/a><\/p>\n<p><strong>Mobiliser les entreprises pour cr\u00e9er 1 million d&#8217;emplois \u00e0 5 ans<\/strong><\/p>\n<p><strong>Mais Pierre Gattaz nous sert autre chose que des incantations, il pousse tout le monde, \u00e0 commencer par ses propres troupes \u00e0 se mobiliser : <\/strong>\u00ab <strong>nous, chefs d&rsquo;entreprise, pouvons cr\u00e9er 1 million d&#8217;emplois<\/strong>. Je les vois les millions d&#8217;emplois. Nous avons donc fait signer une lettre par toutes les f\u00e9d\u00e9rations [il y en a pr\u00e8s de 80 qui se sont rang\u00e9es derri\u00e8re ce mot d&rsquo;ordre !], ce n&rsquo;\u00e9tait pas un engagement stupide ni une chose simple ! <strong>A condition que les choses bougent, nous pouvons y arriver<\/strong>. \u00bb Et Pierre Gattaz nous a donn\u00e9 quelques exemples sur lesquels les chefs d&rsquo;entreprise pouvaient aider \u00e0 faire r\u00e9ellement bouger les choses :<\/p>\n<ol>\n<li>En <strong>co-g\u00e9rant avec les r\u00e9gions et l&rsquo;\u00e9ducation nationale le r\u00e9gime de l&rsquo;apprentissage<\/strong>, on peut passer de 400 000 \u00e0 500 000 apprentis en France selon lui. Il a donc \u00e9mis 11 propositions pour cela ;<\/li>\n<li>2e id\u00e9e : <strong>g\u00e9n\u00e9raliser le ch\u00e8que emploi service (CESU)<\/strong> : \u00ab les TPE ont peur d&#8217;embaucher car elles ont peur des prud&rsquo;hommes de l&rsquo;URSSAF etc. \u00bb il faut donc, selon lui, g\u00e9n\u00e9raliser le CESU \u00e0 tous les m\u00e9tiers pour qu&rsquo;ils puissent embaucher plus facilement sans avoir peur. Quand on a vu le succ\u00e8s dans le service \u00e0 la personne de ces ch\u00e8ques emploi service, on se demande encore pourquoi on a voulu en restreindre la port\u00e9e, alors que tous, employeurs et employ\u00e9s pl\u00e9biscitaient ce m\u00e9canisme ;<\/li>\n<li><strong>R\u00e9duire le d\u00e9ficit \u00e0 l&rsquo;export pour l&rsquo;amener \u00e0 z\u00e9ro<\/strong> : \u00ab c&rsquo;est un scandale ! Nous avons 65 milliards d&rsquo;euros de d\u00e9ficit, il faut le ramener \u00e0 z\u00e9ro \u00bb s&rsquo;est exclam\u00e9 Pierre Gattaz. Nous pourrions cr\u00e9er \u00ab 650 000 emplois si on r\u00e8gle ce probl\u00e8me \u00bb ;<\/li>\n<li><strong>Le tourisme<\/strong> : un domaine o\u00f9 la France s&rsquo;auto-congratule souvent, mais ne fait pas cependant ce qu&rsquo;il faut pour accueillir les masses de touristes en provenance des pays asiatiques, notamment les \u00ab\u00a0100 000 Chinois suppl\u00e9mentaires tous les ans\u00a0\u00bb, et probablement les 200 \u00e0 300 000 touristes d&rsquo;extr\u00eame Orient de toutes nationalit\u00e9s qui cherchent de la capacit\u00e9 suppl\u00e9mentaire dans les h\u00f4tels et les restaurants etc. Je me permets de rajouter \u00e0 titre personnel qu&rsquo;une fois que les hommes et les femmes seront \u00ab \u00e9panouis et form\u00e9s de fa\u00e7on continue \u00bb, on pourra aussi s&rsquo;attacher \u00e0 devenir aimables, notre plus gros probl\u00e8me limitateur quant au tourisme en France, \u00e0 mon humble avis, avant la propret\u00e9 de nos h\u00f4tels (parfois aussi discutable)<\/li>\n<\/ol>\n<p><strong>Un pays aux prises avec \u00ab\u00a0une lutte des classes incessante\u00a0\u00bb<\/strong><\/p>\n<p>\u00ab Notre probl\u00e8me, c&rsquo;est une lutte des classes incessantes et une opposition gauche-droite. On s&rsquo;en fout des gouvernements de gauche de droite il faut de l&rsquo;alternance, c&rsquo;est bon \u00bb a pr\u00e9cis\u00e9 Monsieur Gattaz dans une position qui lui est ch\u00e8re et qu&rsquo;il a martel\u00e9e tout au long des universit\u00e9s du Medef, et \u00e0 laquelle j&rsquo;adh\u00e8re totalement, <strong>qui est le positionnement des entreprises en dehors des partis et des approches partisanes<\/strong>, pour sortir de cette discussion de sourds, et de faire en sorte que l&rsquo;entreprise joue son r\u00f4le citoyen.<\/p>\n<p><strong>Le drame des entreprises de taille interm\u00e9diaire (ETI) en France<\/strong><\/p>\n<p>\u00ab Nous n&rsquo;avons pas assez d&rsquo;ETI France, celles qui correspondent au Mittelstand allemand \u00bb a ajout\u00e9 Monsieur Gattaz. Ce sont les entreprises entre 250 et 2500 personnes, et la <strong>France n&rsquo;en compte que 4500 alors qu&rsquo;il en existe 12 500 en Allemagne<\/strong>. Or, c&rsquo;est l\u00e0 le moteur de l&rsquo;\u00e9conomie allemande, et notamment le moteur de son exportation.<\/p>\n<p><strong>Alors que faut-il pour cr\u00e9er 1 million d&#8217;emploi ?<\/strong><\/p>\n<p>\u00ab Nous allons proposer des solutions au gouvernement pour \u00e9viter le zigzague sans ambition. V\u00e9ritable projet \u00e9conomique et social et n\u00e9cessaire dans ce pays \u00bb. Pour cadrer ce projet \u00e9conomique et social, Monsieur Gattaz d\u00e9termine 4 facteurs de comp\u00e9titivit\u00e9 indispensable :<\/p>\n<ol>\n<li><strong>Le co\u00fbt du travail<\/strong> : il s&rsquo;est consid\u00e9rablement aggrav\u00e9 en 10 ans. Alors que nous \u00e9tions 8 % moins chers en termes de co\u00fbt du travail qu&rsquo;en Allemagne en 2000, nous sommes 10 % plus chers aujourd&rsquo;hui. Un diff\u00e9rentiel intenable, que Monsieur Gattaz n&rsquo;h\u00e9site pas \u00e0 attribuer aux fameuses 35 heures, dont \u00ab les employ\u00e9s paient le prix aujourd&rsquo;hui \u00bb. Certes, il s&rsquo;agit d&rsquo;un sujet pol\u00e9mique, et on aime bien les vacances en France, mais les chiffres sont t\u00eatus ;<\/li>\n<li><strong>Le co\u00fbt fiscal<\/strong> : inutile d&rsquo;en rajouter, l&rsquo;ensemble du spectre politique et de la vie civile, sans parler des m\u00e9dias, et m\u00eame le gouvernement lui-m\u00eame, parle de <strong>pression fiscale insupportable<\/strong>. Il semblerait que nous soyons entr\u00e9s dans une spirale infernale probablement aggrav\u00e9e, mais pas cr\u00e9\u00e9e, par la <strong>situation financi\u00e8re de notre pays que Monsieur Gattaz n&rsquo;h\u00e9site pas \u00e0 qualifier de \u00ab faillite \u00bb<\/strong> \u00e0 l&rsquo;instar d&rsquo;un de nos anciens premiers ministres. Surtout, c&rsquo;est un probl\u00e8me d&rsquo;environnement, de confiance, a-t-il pr\u00e9cis\u00e9. <strong>\u00ab \u00c7a ne peut pas bouger tout le temps \u00bb car cela fait dispara\u00eetre la confiance, c&rsquo;est la confiance qui fait venir les entreprises qui fait cr\u00e9er les emplois.<\/strong><\/li>\n<li><strong>Le co\u00fbt de la complexit\u00e9<\/strong> : l\u00e0 aussi, inutile d&rsquo;en rajouter, il y a consensus, avec nos \u00ab 500 000 normes \u00bb je ne sais si le chiffre est exact, mais il \u00e9voque des exemples concrets \u00e0 tout le monde, nous ne sommes pas dans le pays de Courteline pour rien ;<\/li>\n<li><strong>Le co\u00fbt de l&rsquo;\u00e9nergie<\/strong> : Monsieur Gattaz estime que surtaxer l&rsquo;\u00e9nergie reviendrait \u00e0 se tirer une balle dans le pied. Je ne suis pas sp\u00e9cialement comp\u00e9tent dans ce domaine, je ne peux donc m&rsquo;exprimer. Il estime que cette taxe serait un une sorte de coup de gr\u00e2ce suppl\u00e9mentaire, sans pour autant nous aider dans la transition \u00e9nerg\u00e9tique.<\/li>\n<\/ol>\n<p><strong>Pour r\u00e9ussir tout cela, Pierre Gattaz a d\u00e9fini 5 d\u00e9fis pour notre \u00e9conomie mondiale :<\/strong><\/p>\n<ol>\n<li>Le premier est ce qu&rsquo;il est appel\u00e9 : \u00ab <strong>le monde \u00e0 \u00e9quiper<\/strong> \u00bb car en Chine et en Inde, \u00ab\u00a0il y a 3 milliards d&rsquo;individus qui ne demandent qu&rsquo;\u00e0 acheter des choses, il faut les servir\u00a0\u00bb ;<\/li>\n<li>Il y a ensuite les fili\u00e8res de pointe comme la Biotech, le tourisme, la transition \u00e9nerg\u00e9tique, la d\u00e9pendance etc. etc. ;<\/li>\n<li><strong>Vient ensuite le num\u00e9rique qui est \u00ab fondamental \u00bb<\/strong>. \u00ab Le num\u00e9rique fera perdre des emplois, mais il en cr\u00e9era plus qu&rsquo;il n&rsquo;en fera dispara\u00eetre \u00bb a ajout\u00e9 Monsieur Gattaz <strong>signalant que le solde net de ce secteur sera positif ;<\/strong><\/li>\n<li>Il y a ensuite <strong>l&rsquo;Europe \u00e0 finir de construire<\/strong> et une \u00ab r\u00e9ciprocit\u00e9 \u00e0 demander aux Chinois et aux autres pays \u00bb ;<\/li>\n<li>En enfin il y a l&rsquo;audace cr\u00e9atrice, la prise de risque et l&rsquo;entreprenariat. Il faut remplacer \u00ab le principe de pr\u00e9caution par le principe d&rsquo;innovation \u00bb.<\/li>\n<\/ol>\n<p><b>L&rsquo;exemple britannique de la simplification de l&rsquo;Etat<\/b><\/p>\n<p>Monsieur Gattaz, qui est souvent en contact avec ses homologues britanniques et allemands (rencontre le patron des patrons allemands tous les mois) \u00e0 citer beaucoup des bonnes pratiques, notamment outre-Manche, comme cette initiative de David Cameron, d\u00e9nomm\u00e9 one in two out, qui a consist\u00e9 \u00e0 faire sortir de textes de lois chaque fois quand introduisez un. Ceci a permis de simplifier le dispositif \u00e9tatique britannique, et pourrait tr\u00e8s bien \u00eatre appliqu\u00e9 en France.<\/p>\n<p><b>Sommes nous pr\u00eats \u00e0 \u00e9couter les \u00ab\u00a0\u00e9trangers\u00a0\u00bb ? <\/b><\/p>\n<p>Tout cela para\u00eet frapp\u00e9 au coin du bon sens et pourtant\u2026 Sommes-nous pr\u00eats \u00e0 \u00e9couter les \u00e9trangers ? Ne sommes nous toujours pas, comme l&rsquo;\u00e9crivait Pascal au XVIIe si\u00e8cle, \u00e0 en croire que la v\u00e9rit\u00e9 est \u00ab en de\u00e7\u00e0 des Pyr\u00e9n\u00e9es [et] l&rsquo;erreur au-del\u00e0 ? \u00bb Au-del\u00e0 de cet optimisme enthousiasmant de Pierre Gattaz, je suis plus sceptique sur la capacit\u00e9 des politiques, quelle que soit leur orientation politique, car il s&rsquo;agit plus d&rsquo;une question culturelle que politique, de s&rsquo;inspirer des exemples de l&rsquo;\u00e9tranger, <b>mais surtout de les mettre en \u0153uvre en risquant l&rsquo;impopularit\u00e9 et de bousculer les habitudes (pour les commentaires on les a d\u00e9j\u00e0 eus)<\/b>. Or, ce manque de courage \u00e9conomique (dont on ne peut que difficilement dissocier l&rsquo;aspect politique) a pour r\u00e9sultat exactement le m\u00eame m\u00e9contentement que si on avait v\u00e9ritablement entam\u00e9 les r\u00e9formes. Et ces r\u00e9formes, nous en avons besoin depuis fort longtemps, m\u00eame si la situation qui s&rsquo;est d\u00e9grad\u00e9e fortement r\u00e9cemment, portait les g\u00e8nes de ce mal il y a d\u00e9j\u00e0 bien longtemps. C&rsquo;est que la situation est devenue tr\u00e8s pr\u00e9occupante. <b>Le tissu industriel s&rsquo;est consid\u00e9rablement d\u00e9lit\u00e9 en France. Monsieur Gattaz a vu dispara\u00eetre une vingtaine de ses concurrents de Radiall, tous fran\u00e7ais, dans les 15 derni\u00e8res ann\u00e9es,<\/b> devant le co\u00fbt fiscal, le co\u00fbt des successions, la complexit\u00e9 et les difficult\u00e9s \u00e0 mener des entreprises.<\/p>\n<p>Certes, des blogueurs dans la salle ont fait remarquer que certains des blocages, \u00e0 juste titre, n&rsquo;\u00e9taient pas tous dus, ni au gouvernement ni aux lourdeurs des citoyens\/employ\u00e9s. <b>Tous les chefs d&rsquo;entreprise ne sont pas non plus des merveilles d&rsquo;adaptation ni d&rsquo;innovation<\/b>. Mais le \u00ab combat \u00bb de Monsieur Gattaz (c&rsquo;est le terme qu&rsquo;il emploie sans cesse), qui n&rsquo;est pas encore, r\u00e9p\u00e9tons-le, un combat politique mais un combat \u00e9conomique comme il rappelle toujours, reste une bataille \u00e0 gagner.<\/p>\n<p><b>Souhaitons que nous ne soyons pas oblig\u00e9s d&rsquo;arriver dans le mur, comme en 1984, pour enfin prendre conscience de l&rsquo;\u00e9vidence.<\/b><\/p>\n","protected":false},"excerpt":{"rendered":"<p>J&rsquo;ai eu l&rsquo;honneur de faire partie des invit\u00e9s (une vingtaine de blogueurs et d&rsquo;influenceurs)\u00a0 de Pierre Gattaz et son \u00e9quipe au Medef lundi 28 octobre 2013, au si\u00e8ge de l&rsquo;avenue Bosquet lors d&rsquo;une r\u00e9union exceptionnelle qui a dur\u00e9 plus d\u2019une heure. \u00ab Je vous ai fait faux bond aux universit\u00e9s d&rsquo;\u00e9t\u00e9 du Medef et je &hellip;<\/p>\n","protected":false},"author":2,"featured_media":34070,"comment_status":"open","ping_status":"open","sticky":false,"template":"","format":"standard","meta":{"footnotes":""},"categories":[2898,134,248],"tags":[],"class_list":["post-9773","post","type-post","status-publish","format-standard","has-post-thumbnail","hentry","category-communication-digitale","category-economie","category-livres-marketing"],"yoast_head":"<!-- This site is optimized with the Yoast SEO plugin v27.5 - https:\/\/yoast.com\/product\/yoast-seo-wordpress\/ -->\n<title>Pierre Gattaz : &quot;nous pouvons cr\u00e9er 1 million d&#039;emplois en 5 ans&quot;<\/title>\n<meta name=\"description\" content=\"J&#039;ai eu l&#039;honneur de faire partie des invit\u00e9s (une vingtaine de blogueurs et d&#039;influenceurs)\u00a0 de Pierre Gattaz et son \u00e9quipe au Medef lundi 28 octobre \u00ab je suis un chef d&#039;entreprise \u00e0 la base \u00bb a expliqu\u00e9 le patron du Medef. On devrait m\u00eame rajouter un industriel,\" \/>\n<meta name=\"robots\" content=\"index, follow, max-snippet:-1, max-image-preview:large, max-video-preview:-1\" \/>\n<link rel=\"canonical\" href=\"https:\/\/visionarymarketing.com\/fr\/2013\/10\/30\/pierre-gattaz-nous-pouvons-crer-1-million-demplois-en-5-ans\/\" \/>\n<meta property=\"og:locale\" content=\"fr_FR\" \/>\n<meta property=\"og:type\" content=\"article\" \/>\n<meta property=\"og:title\" content=\"Pierre Gattaz : &quot;nous pouvons cr\u00e9er 1 million d&#039;emplois en 5 ans&quot;\" \/>\n<meta property=\"og:description\" content=\"J&#039;ai eu l&#039;honneur de faire partie des invit\u00e9s (une vingtaine de blogueurs et d&#039;influenceurs)\u00a0 de Pierre Gattaz et son \u00e9quipe au Medef lundi 28 octobre \u00ab je suis un chef d&#039;entreprise \u00e0 la base \u00bb a expliqu\u00e9 le patron du Medef. On devrait m\u00eame rajouter un industriel,\" \/>\n<meta property=\"og:url\" content=\"https:\/\/visionarymarketing.com\/fr\/2013\/10\/30\/pierre-gattaz-nous-pouvons-crer-1-million-demplois-en-5-ans\/\" \/>\n<meta property=\"og:site_name\" content=\"Marketing and Innovation\" \/>\n<meta property=\"article:publisher\" content=\"https:\/\/www.facebook.com\/vismktg\" \/>\n<meta property=\"article:author\" content=\"http:\/\/facebook.com\/ygourven\" \/>\n<meta property=\"article:published_time\" content=\"2013-10-30T05:40:21+00:00\" \/>\n<meta property=\"article:modified_time\" content=\"2021-10-03T08:05:32+00:00\" \/>\n<meta property=\"og:image\" content=\"https:\/\/visionarymarketing.com\/wp-content\/uploads\/2019\/11\/default-image-blog-Visionary-Marketing-e1600435653473.jpg\" \/>\n\t<meta property=\"og:image:width\" content=\"519\" \/>\n\t<meta property=\"og:image:height\" content=\"340\" \/>\n\t<meta property=\"og:image:type\" content=\"image\/jpeg\" \/>\n<meta name=\"author\" content=\"Yann Gourvennec\" \/>\n<meta name=\"twitter:card\" content=\"summary_large_image\" \/>\n<meta name=\"twitter:creator\" content=\"@ygourven\" \/>\n<meta name=\"twitter:site\" content=\"@ygourven\" \/>\n<meta name=\"twitter:label1\" content=\"\u00c9crit par\" \/>\n\t<meta name=\"twitter:data1\" content=\"Yann Gourvennec\" \/>\n\t<meta name=\"twitter:label2\" content=\"Dur\u00e9e de lecture estim\u00e9e\" \/>\n\t<meta name=\"twitter:data2\" content=\"12 minutes\" \/>\n<script type=\"application\/ld+json\" class=\"yoast-schema-graph\">{\"@context\":\"https:\\\/\\\/schema.org\",\"@graph\":[{\"@type\":\"NewsArticle\",\"@id\":\"https:\\\/\\\/visionarymarketing.com\\\/fr\\\/2013\\\/10\\\/30\\\/pierre-gattaz-nous-pouvons-crer-1-million-demplois-en-5-ans\\\/#article\",\"isPartOf\":{\"@id\":\"https:\\\/\\\/visionarymarketing.com\\\/fr\\\/2013\\\/10\\\/30\\\/pierre-gattaz-nous-pouvons-crer-1-million-demplois-en-5-ans\\\/\"},\"author\":{\"name\":\"Yann Gourvennec\",\"@id\":\"https:\\\/\\\/visionarymarketing.com\\\/fr\\\/#\\\/schema\\\/person\\\/3754fee1e558f47b8deb46f53c37423e\"},\"headline\":\"Pierre Gattaz : \u00ab\u00a0nous pouvons cr\u00e9er 1 million d&#8217;emplois en 5 ans\u00a0\u00bb\",\"datePublished\":\"2013-10-30T05:40:21+00:00\",\"dateModified\":\"2021-10-03T08:05:32+00:00\",\"mainEntityOfPage\":{\"@id\":\"https:\\\/\\\/visionarymarketing.com\\\/fr\\\/2013\\\/10\\\/30\\\/pierre-gattaz-nous-pouvons-crer-1-million-demplois-en-5-ans\\\/\"},\"wordCount\":2587,\"commentCount\":9,\"image\":{\"@id\":\"https:\\\/\\\/visionarymarketing.com\\\/fr\\\/2013\\\/10\\\/30\\\/pierre-gattaz-nous-pouvons-crer-1-million-demplois-en-5-ans\\\/#primaryimage\"},\"thumbnailUrl\":\"https:\\\/\\\/visionarymarketing.com\\\/wp-content\\\/uploads\\\/2019\\\/11\\\/default-image-blog-Visionary-Marketing-e1600435653473.jpg\",\"articleSection\":[\"communication digitale\",\"\u00e9conomie et num\u00e9rique\",\"livres marketing\"],\"inLanguage\":\"fr-FR\",\"potentialAction\":[{\"@type\":\"CommentAction\",\"name\":\"Comment\",\"target\":[\"https:\\\/\\\/visionarymarketing.com\\\/fr\\\/2013\\\/10\\\/30\\\/pierre-gattaz-nous-pouvons-crer-1-million-demplois-en-5-ans\\\/#respond\"]}]},{\"@type\":\"WebPage\",\"@id\":\"https:\\\/\\\/visionarymarketing.com\\\/fr\\\/2013\\\/10\\\/30\\\/pierre-gattaz-nous-pouvons-crer-1-million-demplois-en-5-ans\\\/\",\"url\":\"https:\\\/\\\/visionarymarketing.com\\\/fr\\\/2013\\\/10\\\/30\\\/pierre-gattaz-nous-pouvons-crer-1-million-demplois-en-5-ans\\\/\",\"name\":\"Pierre Gattaz : \\\"nous pouvons cr\u00e9er 1 million d'emplois en 5 ans\\\"\",\"isPartOf\":{\"@id\":\"https:\\\/\\\/visionarymarketing.com\\\/fr\\\/#website\"},\"primaryImageOfPage\":{\"@id\":\"https:\\\/\\\/visionarymarketing.com\\\/fr\\\/2013\\\/10\\\/30\\\/pierre-gattaz-nous-pouvons-crer-1-million-demplois-en-5-ans\\\/#primaryimage\"},\"image\":{\"@id\":\"https:\\\/\\\/visionarymarketing.com\\\/fr\\\/2013\\\/10\\\/30\\\/pierre-gattaz-nous-pouvons-crer-1-million-demplois-en-5-ans\\\/#primaryimage\"},\"thumbnailUrl\":\"https:\\\/\\\/visionarymarketing.com\\\/wp-content\\\/uploads\\\/2019\\\/11\\\/default-image-blog-Visionary-Marketing-e1600435653473.jpg\",\"datePublished\":\"2013-10-30T05:40:21+00:00\",\"dateModified\":\"2021-10-03T08:05:32+00:00\",\"author\":{\"@id\":\"https:\\\/\\\/visionarymarketing.com\\\/fr\\\/#\\\/schema\\\/person\\\/3754fee1e558f47b8deb46f53c37423e\"},\"description\":\"J'ai eu l'honneur de faire partie des invit\u00e9s (une vingtaine de blogueurs et d'influenceurs)\u00a0 de Pierre Gattaz et son \u00e9quipe au Medef lundi 28 octobre \u00ab je suis un chef d'entreprise \u00e0 la base \u00bb a expliqu\u00e9 le patron du Medef. On devrait m\u00eame rajouter un industriel,\",\"breadcrumb\":{\"@id\":\"https:\\\/\\\/visionarymarketing.com\\\/fr\\\/2013\\\/10\\\/30\\\/pierre-gattaz-nous-pouvons-crer-1-million-demplois-en-5-ans\\\/#breadcrumb\"},\"inLanguage\":\"fr-FR\",\"potentialAction\":[{\"@type\":\"ReadAction\",\"target\":[\"https:\\\/\\\/visionarymarketing.com\\\/fr\\\/2013\\\/10\\\/30\\\/pierre-gattaz-nous-pouvons-crer-1-million-demplois-en-5-ans\\\/\"]}]},{\"@type\":\"ImageObject\",\"inLanguage\":\"fr-FR\",\"@id\":\"https:\\\/\\\/visionarymarketing.com\\\/fr\\\/2013\\\/10\\\/30\\\/pierre-gattaz-nous-pouvons-crer-1-million-demplois-en-5-ans\\\/#primaryimage\",\"url\":\"https:\\\/\\\/visionarymarketing.com\\\/wp-content\\\/uploads\\\/2019\\\/11\\\/default-image-blog-Visionary-Marketing-e1600435653473.jpg\",\"contentUrl\":\"https:\\\/\\\/visionarymarketing.com\\\/wp-content\\\/uploads\\\/2019\\\/11\\\/default-image-blog-Visionary-Marketing-e1600435653473.jpg\",\"width\":519,\"height\":340,\"caption\":\"Heliothrope - visionary marketing \u00a9 2015\"},{\"@type\":\"BreadcrumbList\",\"@id\":\"https:\\\/\\\/visionarymarketing.com\\\/fr\\\/2013\\\/10\\\/30\\\/pierre-gattaz-nous-pouvons-crer-1-million-demplois-en-5-ans\\\/#breadcrumb\",\"itemListElement\":[{\"@type\":\"ListItem\",\"position\":1,\"name\":\"Home\",\"item\":\"https:\\\/\\\/visionarymarketing.com\\\/fr\\\/\"},{\"@type\":\"ListItem\",\"position\":2,\"name\":\"Pierre Gattaz : \u00ab\u00a0nous pouvons cr\u00e9er 1 million d&#8217;emplois en 5 ans\u00a0\u00bb\"}]},{\"@type\":\"WebSite\",\"@id\":\"https:\\\/\\\/visionarymarketing.com\\\/fr\\\/#website\",\"url\":\"https:\\\/\\\/visionarymarketing.com\\\/fr\\\/\",\"name\":\"Marketing and Innovation\",\"description\":\"Site d&#039;infos ind\u00e9pendant, depuis 1996\",\"potentialAction\":[{\"@type\":\"SearchAction\",\"target\":{\"@type\":\"EntryPoint\",\"urlTemplate\":\"https:\\\/\\\/visionarymarketing.com\\\/fr\\\/?s={search_term_string}\"},\"query-input\":{\"@type\":\"PropertyValueSpecification\",\"valueRequired\":true,\"valueName\":\"search_term_string\"}}],\"inLanguage\":\"fr-FR\"},{\"@type\":\"Person\",\"@id\":\"https:\\\/\\\/visionarymarketing.com\\\/fr\\\/#\\\/schema\\\/person\\\/3754fee1e558f47b8deb46f53c37423e\",\"name\":\"Yann Gourvennec\",\"image\":{\"@type\":\"ImageObject\",\"inLanguage\":\"fr-FR\",\"@id\":\"https:\\\/\\\/secure.gravatar.com\\\/avatar\\\/5972001801e8de5692a3e31224e85769f50a55fb8b679749f9c8d1868cceff14?s=96&d=initials&r=g&initials=yg\",\"url\":\"https:\\\/\\\/secure.gravatar.com\\\/avatar\\\/5972001801e8de5692a3e31224e85769f50a55fb8b679749f9c8d1868cceff14?s=96&d=initials&r=g&initials=yg\",\"contentUrl\":\"https:\\\/\\\/secure.gravatar.com\\\/avatar\\\/5972001801e8de5692a3e31224e85769f50a55fb8b679749f9c8d1868cceff14?s=96&d=initials&r=g&initials=yg\",\"caption\":\"Yann Gourvennec\"},\"description\":\"Yann Gourvennec created visionarymarketing.com in 1996. He is a speaker and author of many books. In 2014 he went from intrapreneur to entrepreneur, when he created his digital marketing agency. Yann Gourvennec a cr\u00e9\u00e9 visionarymarketing.com en 1996. Il est conf\u00e9rencier et auteur de plusieurs livres. En 2014, il est pass\u00e9 d'intrapreneur \u00e0 entrepreneur en cr\u00e9ant son agence de marketing num\u00e9rique.\",\"sameAs\":[\"https:\\\/\\\/visionarymarketing.com\",\"http:\\\/\\\/facebook.com\\\/ygourven\",\"http:\\\/\\\/linkedin.com\\\/in\\\/ygourven\",\"https:\\\/\\\/x.com\\\/ygourven\",\"https:\\\/\\\/www.youtube.com\\\/c\\\/visionarymarketingagency\"],\"url\":\"https:\\\/\\\/visionarymarketing.com\\\/fr\\\/author\\\/yann-gourvennec\\\/\"}]}<\/script>\n<!-- \/ Yoast SEO plugin. -->","yoast_head_json":{"title":"Pierre Gattaz : \"nous pouvons cr\u00e9er 1 million d'emplois en 5 ans\"","description":"J'ai eu l'honneur de faire partie des invit\u00e9s (une vingtaine de blogueurs et d'influenceurs)\u00a0 de Pierre Gattaz et son \u00e9quipe au Medef lundi 28 octobre \u00ab je suis un chef d'entreprise \u00e0 la base \u00bb a expliqu\u00e9 le patron du Medef. On devrait m\u00eame rajouter un industriel,","robots":{"index":"index","follow":"follow","max-snippet":"max-snippet:-1","max-image-preview":"max-image-preview:large","max-video-preview":"max-video-preview:-1"},"canonical":"https:\/\/visionarymarketing.com\/fr\/2013\/10\/30\/pierre-gattaz-nous-pouvons-crer-1-million-demplois-en-5-ans\/","og_locale":"fr_FR","og_type":"article","og_title":"Pierre Gattaz : \"nous pouvons cr\u00e9er 1 million d'emplois en 5 ans\"","og_description":"J'ai eu l'honneur de faire partie des invit\u00e9s (une vingtaine de blogueurs et d'influenceurs)\u00a0 de Pierre Gattaz et son \u00e9quipe au Medef lundi 28 octobre \u00ab je suis un chef d'entreprise \u00e0 la base \u00bb a expliqu\u00e9 le patron du Medef. On devrait m\u00eame rajouter un industriel,","og_url":"https:\/\/visionarymarketing.com\/fr\/2013\/10\/30\/pierre-gattaz-nous-pouvons-crer-1-million-demplois-en-5-ans\/","og_site_name":"Marketing and Innovation","article_publisher":"https:\/\/www.facebook.com\/vismktg","article_author":"http:\/\/facebook.com\/ygourven","article_published_time":"2013-10-30T05:40:21+00:00","article_modified_time":"2021-10-03T08:05:32+00:00","og_image":[{"width":519,"height":340,"url":"https:\/\/visionarymarketing.com\/wp-content\/uploads\/2019\/11\/default-image-blog-Visionary-Marketing-e1600435653473.jpg","type":"image\/jpeg"}],"author":"Yann Gourvennec","twitter_card":"summary_large_image","twitter_creator":"@ygourven","twitter_site":"@ygourven","twitter_misc":{"\u00c9crit par":"Yann Gourvennec","Dur\u00e9e de lecture estim\u00e9e":"12 minutes"},"schema":{"@context":"https:\/\/schema.org","@graph":[{"@type":"NewsArticle","@id":"https:\/\/visionarymarketing.com\/fr\/2013\/10\/30\/pierre-gattaz-nous-pouvons-crer-1-million-demplois-en-5-ans\/#article","isPartOf":{"@id":"https:\/\/visionarymarketing.com\/fr\/2013\/10\/30\/pierre-gattaz-nous-pouvons-crer-1-million-demplois-en-5-ans\/"},"author":{"name":"Yann Gourvennec","@id":"https:\/\/visionarymarketing.com\/fr\/#\/schema\/person\/3754fee1e558f47b8deb46f53c37423e"},"headline":"Pierre Gattaz : \u00ab\u00a0nous pouvons cr\u00e9er 1 million d&#8217;emplois en 5 ans\u00a0\u00bb","datePublished":"2013-10-30T05:40:21+00:00","dateModified":"2021-10-03T08:05:32+00:00","mainEntityOfPage":{"@id":"https:\/\/visionarymarketing.com\/fr\/2013\/10\/30\/pierre-gattaz-nous-pouvons-crer-1-million-demplois-en-5-ans\/"},"wordCount":2587,"commentCount":9,"image":{"@id":"https:\/\/visionarymarketing.com\/fr\/2013\/10\/30\/pierre-gattaz-nous-pouvons-crer-1-million-demplois-en-5-ans\/#primaryimage"},"thumbnailUrl":"https:\/\/visionarymarketing.com\/wp-content\/uploads\/2019\/11\/default-image-blog-Visionary-Marketing-e1600435653473.jpg","articleSection":["communication digitale","\u00e9conomie et num\u00e9rique","livres marketing"],"inLanguage":"fr-FR","potentialAction":[{"@type":"CommentAction","name":"Comment","target":["https:\/\/visionarymarketing.com\/fr\/2013\/10\/30\/pierre-gattaz-nous-pouvons-crer-1-million-demplois-en-5-ans\/#respond"]}]},{"@type":"WebPage","@id":"https:\/\/visionarymarketing.com\/fr\/2013\/10\/30\/pierre-gattaz-nous-pouvons-crer-1-million-demplois-en-5-ans\/","url":"https:\/\/visionarymarketing.com\/fr\/2013\/10\/30\/pierre-gattaz-nous-pouvons-crer-1-million-demplois-en-5-ans\/","name":"Pierre Gattaz : \"nous pouvons cr\u00e9er 1 million d'emplois en 5 ans\"","isPartOf":{"@id":"https:\/\/visionarymarketing.com\/fr\/#website"},"primaryImageOfPage":{"@id":"https:\/\/visionarymarketing.com\/fr\/2013\/10\/30\/pierre-gattaz-nous-pouvons-crer-1-million-demplois-en-5-ans\/#primaryimage"},"image":{"@id":"https:\/\/visionarymarketing.com\/fr\/2013\/10\/30\/pierre-gattaz-nous-pouvons-crer-1-million-demplois-en-5-ans\/#primaryimage"},"thumbnailUrl":"https:\/\/visionarymarketing.com\/wp-content\/uploads\/2019\/11\/default-image-blog-Visionary-Marketing-e1600435653473.jpg","datePublished":"2013-10-30T05:40:21+00:00","dateModified":"2021-10-03T08:05:32+00:00","author":{"@id":"https:\/\/visionarymarketing.com\/fr\/#\/schema\/person\/3754fee1e558f47b8deb46f53c37423e"},"description":"J'ai eu l'honneur de faire partie des invit\u00e9s (une vingtaine de blogueurs et d'influenceurs)\u00a0 de Pierre Gattaz et son \u00e9quipe au Medef lundi 28 octobre \u00ab je suis un chef d'entreprise \u00e0 la base \u00bb a expliqu\u00e9 le patron du Medef. On devrait m\u00eame rajouter un industriel,","breadcrumb":{"@id":"https:\/\/visionarymarketing.com\/fr\/2013\/10\/30\/pierre-gattaz-nous-pouvons-crer-1-million-demplois-en-5-ans\/#breadcrumb"},"inLanguage":"fr-FR","potentialAction":[{"@type":"ReadAction","target":["https:\/\/visionarymarketing.com\/fr\/2013\/10\/30\/pierre-gattaz-nous-pouvons-crer-1-million-demplois-en-5-ans\/"]}]},{"@type":"ImageObject","inLanguage":"fr-FR","@id":"https:\/\/visionarymarketing.com\/fr\/2013\/10\/30\/pierre-gattaz-nous-pouvons-crer-1-million-demplois-en-5-ans\/#primaryimage","url":"https:\/\/visionarymarketing.com\/wp-content\/uploads\/2019\/11\/default-image-blog-Visionary-Marketing-e1600435653473.jpg","contentUrl":"https:\/\/visionarymarketing.com\/wp-content\/uploads\/2019\/11\/default-image-blog-Visionary-Marketing-e1600435653473.jpg","width":519,"height":340,"caption":"Heliothrope - visionary marketing \u00a9 2015"},{"@type":"BreadcrumbList","@id":"https:\/\/visionarymarketing.com\/fr\/2013\/10\/30\/pierre-gattaz-nous-pouvons-crer-1-million-demplois-en-5-ans\/#breadcrumb","itemListElement":[{"@type":"ListItem","position":1,"name":"Home","item":"https:\/\/visionarymarketing.com\/fr\/"},{"@type":"ListItem","position":2,"name":"Pierre Gattaz : \u00ab\u00a0nous pouvons cr\u00e9er 1 million d&#8217;emplois en 5 ans\u00a0\u00bb"}]},{"@type":"WebSite","@id":"https:\/\/visionarymarketing.com\/fr\/#website","url":"https:\/\/visionarymarketing.com\/fr\/","name":"Marketing and Innovation","description":"Site d&#039;infos ind\u00e9pendant, depuis 1996","potentialAction":[{"@type":"SearchAction","target":{"@type":"EntryPoint","urlTemplate":"https:\/\/visionarymarketing.com\/fr\/?s={search_term_string}"},"query-input":{"@type":"PropertyValueSpecification","valueRequired":true,"valueName":"search_term_string"}}],"inLanguage":"fr-FR"},{"@type":"Person","@id":"https:\/\/visionarymarketing.com\/fr\/#\/schema\/person\/3754fee1e558f47b8deb46f53c37423e","name":"Yann Gourvennec","image":{"@type":"ImageObject","inLanguage":"fr-FR","@id":"https:\/\/secure.gravatar.com\/avatar\/5972001801e8de5692a3e31224e85769f50a55fb8b679749f9c8d1868cceff14?s=96&d=initials&r=g&initials=yg","url":"https:\/\/secure.gravatar.com\/avatar\/5972001801e8de5692a3e31224e85769f50a55fb8b679749f9c8d1868cceff14?s=96&d=initials&r=g&initials=yg","contentUrl":"https:\/\/secure.gravatar.com\/avatar\/5972001801e8de5692a3e31224e85769f50a55fb8b679749f9c8d1868cceff14?s=96&d=initials&r=g&initials=yg","caption":"Yann Gourvennec"},"description":"Yann Gourvennec created visionarymarketing.com in 1996. He is a speaker and author of many books. In 2014 he went from intrapreneur to entrepreneur, when he created his digital marketing agency. Yann Gourvennec a cr\u00e9\u00e9 visionarymarketing.com en 1996. Il est conf\u00e9rencier et auteur de plusieurs livres. En 2014, il est pass\u00e9 d'intrapreneur \u00e0 entrepreneur en cr\u00e9ant son agence de marketing num\u00e9rique.","sameAs":["https:\/\/visionarymarketing.com","http:\/\/facebook.com\/ygourven","http:\/\/linkedin.com\/in\/ygourven","https:\/\/x.com\/ygourven","https:\/\/www.youtube.com\/c\/visionarymarketingagency"],"url":"https:\/\/visionarymarketing.com\/fr\/author\/yann-gourvennec\/"}]}},"_links":{"self":[{"href":"https:\/\/visionarymarketing.com\/fr\/wp-json\/wp\/v2\/posts\/9773","targetHints":{"allow":["GET"]}}],"collection":[{"href":"https:\/\/visionarymarketing.com\/fr\/wp-json\/wp\/v2\/posts"}],"about":[{"href":"https:\/\/visionarymarketing.com\/fr\/wp-json\/wp\/v2\/types\/post"}],"author":[{"embeddable":true,"href":"https:\/\/visionarymarketing.com\/fr\/wp-json\/wp\/v2\/users\/2"}],"replies":[{"embeddable":true,"href":"https:\/\/visionarymarketing.com\/fr\/wp-json\/wp\/v2\/comments?post=9773"}],"version-history":[{"count":0,"href":"https:\/\/visionarymarketing.com\/fr\/wp-json\/wp\/v2\/posts\/9773\/revisions"}],"wp:featuredmedia":[{"embeddable":true,"href":"https:\/\/visionarymarketing.com\/fr\/wp-json\/wp\/v2\/media\/34070"}],"wp:attachment":[{"href":"https:\/\/visionarymarketing.com\/fr\/wp-json\/wp\/v2\/media?parent=9773"}],"wp:term":[{"taxonomy":"category","embeddable":true,"href":"https:\/\/visionarymarketing.com\/fr\/wp-json\/wp\/v2\/categories?post=9773"},{"taxonomy":"post_tag","embeddable":true,"href":"https:\/\/visionarymarketing.com\/fr\/wp-json\/wp\/v2\/tags?post=9773"}],"curies":[{"name":"wp","href":"https:\/\/api.w.org\/{rel}","templated":true}]}}