{"id":9683,"date":"2013-10-18T09:05:31","date_gmt":"2013-10-18T07:05:31","guid":{"rendered":"http:\/\/visionarymarketing.fr\/blog\/?p=9683"},"modified":"2021-04-23T15:38:34","modified_gmt":"2021-04-23T13:38:34","slug":"ami-marie-intelligence-economique-et-medias-sociaux-avec-le-cloud-et-sa-marketplace","status":"publish","type":"post","link":"https:\/\/visionarymarketing.com\/fr\/2013\/10\/18\/ami-marie-intelligence-economique-et-medias-sociaux-avec-le-cloud-et-sa-marketplace\/","title":{"rendered":"intelligence \u00e9conomique et m\u00e9dias sociaux avec le Cloud"},"content":{"rendered":"<p><em><span style=\"color: #646b86;\"><a href=\"https:\/\/visionarymarketing.com\/wp-content\/uploads\/2013\/10\/idea-visionary-marketing.gif\"><img decoding=\"async\" style=\"background-image: none; float: left; padding-top: 0px; padding-left: 0px; margin: 0px 10px 10px 0px; display: inline; padding-right: 0px; border-width: 0px;\" title=\"idea-visionary-marketing\" src=\"https:\/\/visionarymarketing.com\/wp-content\/uploads\/2013\/10\/idea-visionary-marketing_thumb.gif\" alt=\"idea-visionary-marketing\" width=\"150\" height=\"141\" align=\"left\" border=\"0\" \/><\/a>J&rsquo;ai assist\u00e9 aujourd&rsquo;hui au lancement du dernier produit <a href=\"https:\/\/web.archive.org\/web\/20180313071839\/http:\/\/www.amisw.com:80\/fr\/\" target=\"_blank\" rel=\"noopener noreferrer\">d&rsquo;ami software de mon ami (sans jeu de mots) Alain Beauvieux<\/a>. Une v\u00e9ritable innovation sur ce march\u00e9 de la veille et de l&rsquo;intelligence \u00e9conomique o\u00f9, je m&rsquo;en suis d\u00e9j\u00e0 ouvert souvent, les co\u00fbts de la donn\u00e9e et de l&rsquo;analyse sont un handicap pour le responsable digital (entre autres personnes int\u00e9ress\u00e9es). Ami a repens\u00e9 compl\u00e8tement son mod\u00e8le autour du Cloud et certainement la premi\u00e8re chose que j&rsquo;ai trouv\u00e9e int\u00e9ressante dans ce mod\u00e8le en est le co\u00fbt adaptable mais aussi et surtout le fait qu&rsquo;ont puisse ouvrir la veille en mixant les mondes r\u00e9els et virtuels, gr\u00e2ce \u00e0 une marketplace qui permet \u00e0 des fournisseurs de donn\u00e9es structur\u00e9es d&rsquo;amener de la richesse \u00e0 des tableaux de bord qui ne peuvent plus se limiter aux seuls m\u00e9dias sociaux ; en m\u00eame temps, dans la veille \u00e9conomique ne peuvent plus les ignorer. Pour une soci\u00e9t\u00e9 qui se d\u00e9crit comme une \u00ab\u00a0soci\u00e9t\u00e9 d&rsquo;ing\u00e9nieurs\u00a0\u00bb je les trouve assez bons en marketing. Voici donc une vraie innovation \u00e0 suivre de pr\u00e8s, cela faisait longtemps que je n&rsquo;avais pas du quelque chose d&rsquo;aussi nouveau sur ce domaine qui commen\u00e7ait s\u00e9rieusement \u00e0 tourner en rond autour de Facebook. Voici mon comte-rendu :<\/span><\/em><\/p>\n<p><b>Une entreprise n\u00e9e avec le d\u00e9veloppement de l&rsquo;Internet <\/b><\/p>\n<p><a href=\"http:\/\/www.flickr.com\/photos\/yag\/with\/10331855073\/\" target=\"_blank\" rel=\"noopener noreferrer\"><img decoding=\"async\" style=\"float: left; margin: 0px 6px 10px 0px; display: inline;\" src=\"https:\/\/farm6.staticflickr.com\/5541\/10331855073_8e0f29ed96.jpg\" alt=\"\" width=\"200\" height=\"299\" align=\"left\" \/><\/a><a href=\"http:\/\/www.flickr.com\/photos\/yag\/with\/10331855073\/\" target=\"_blank\" rel=\"noopener noreferrer\">Alain Beauvieux (photo)<\/a>, pr\u00e9sident d&rsquo;ami software a d\u00e9but\u00e9 la r\u00e9union en rappelant son ambition : \u00ab\u00a0on n&rsquo;est pas n\u00e9s avec internet mais avec son d\u00e9veloppement en 2001 et on a d\u00e9velopp\u00e9 des produits pour valoriser les informations qui circulent sur le net. Le premier en 2003 puis Ami Enterprise intelligence, probablement la premi\u00e8re plateforme d&rsquo;analyse \u00e9conomique pour construire des tableaux de bord d\u00e9cisionnels\u00a0\u00bb a-t-il expliqu\u00e9 pour restituer l&rsquo;entreprise dans l&rsquo;histoire de l&rsquo;Internet.<\/p>\n<p>\u201cCette plateforme s&rsquo;est\u00a0 impos\u00e9e comme une r\u00e9f\u00e9rence, comme au minist\u00e8re de l&rsquo;\u00e9conomie et des finances avec des centaines d&rsquo;utilisateurs de milliers de documents\u201d a ajout\u00e9 Alain. Et c<b>ette reconnaissance fran\u00e7aise a su aussi s&rsquo;imposer \u00e0 l&rsquo;international <\/b>aupr\u00e8s de grands comptes qui savent acheter. Exemple le CNRS \u00e7a dire NSERC malgr\u00e9 la concurrence US.<\/p>\n<p>L&rsquo;objectif de ce nouveau projet intitul\u00e9 Ami Cloud Intelligence est de rendre l&rsquo;outil simple d&rsquo;acc\u00e8s et ils sont partis d&rsquo;une feuille blanche et se sont demand\u00e9 ce qu&rsquo;il fallait faire ; ils ont sur cette base con\u00e7u un cahier des charges en 3 points :<\/p>\n<ol>\n<li><b>Besoin d&rsquo;application facile et imm\u00e9diate du style de l&rsquo;iPhone<\/b> car les gens sont habitu\u00e9s \u00e0 cela et c&rsquo;est le mod\u00e8le dont ils ont d\u00e9sir\u00e9 s&rsquo;inspirer ;<\/li>\n<li>Les ressources informatiques : le Web est un gigantesque gisement d&rsquo;information donc il faut sans cesse s&rsquo;adapter sans limite aux besoin des utilisateurs ;<\/li>\n<li>Un mod\u00e8le \u00e9conomique enti\u00e8rement nouveau pour que la facturation soit \u00e9quitable sans investissement pr\u00e9alable.<\/li>\n<\/ol>\n<p><b>3 id\u00e9es force <\/b><\/p>\n<p>Ils se sont appliqu\u00e9 les m\u00eames lois que celles qu&rsquo;ils imposent \u00e0 leurs clients, ils ont fait de l&rsquo;intelligence \u00e9conomique pour eux-m\u00eame et en ont d\u00e9duit 3 id\u00e9es :<\/p>\n<ol>\n<li>Un concept de <b>marketplace<\/b> auquel les utilisateurs se sont habitu\u00e9s. Appexchange de salesforce, Google apps marketplace sont les plus connus<\/li>\n<li><b>Ressources informatiques<\/b> : les quantit\u00e9s d&rsquo;information sont gigantesques et ils ont regard\u00e9 amazon. C&rsquo;est la plus grande infrastructure disponible. Ils n&rsquo;ont pas mis leurs donn\u00e9es chez eux mais ils ont cherch\u00e9 \u00e0 comprendre leur capacit\u00e9 d&rsquo;\u00e9lasticit\u00e9. Et ils ont construit un mod\u00e8le similaire<\/li>\n<li><b>Ne pas forcer les utilisateurs \u00e0 investir :<\/b> c&rsquo;est une strat\u00e9gie d&rsquo;utilisation \u00e0 la consommation, comme EDF, avec un compteur pour \u00e9valuer la consommation. Ils ont h\u00e9sit\u00e9 sur cette notion de \u00ab\u00a0compteur\u00a0\u00bb. Ici on ne compte pas les kwh mais les DPU (Data processing units) c&rsquo;est \u00e0 dire la puissance informatique consomm\u00e9e. Et cela traduit la consommation effective. On ne paie que ce que l&rsquo;on consomme. \u00ab\u00a0Ce que les autres produits et nous aussi avant proposent c&rsquo;est l&rsquo;abonnement \u00e0 l&rsquo;utilisateur, un peu surdimensionn\u00e9 au d\u00e9part et au moment du pic on augmente l&rsquo;abonnement car \u00e7a ne devient pas assez et apr\u00e8s on garde l&rsquo;abonnement. Nous pensons que cette approche est une mauvaise approche commerciale car l&rsquo;investissement de d\u00e9part n&rsquo;est pas n\u00e9gligeable et \u00e0 partir de l\u00e0 il faut justifier son investissement. Ce qu&rsquo;on n&rsquo;a pas avec cette approche et si le syst\u00e8me n&rsquo;est pas utilis\u00e9 on ne paie rien\u00a0\u00bb a d\u00e9fendu Alain Beauvieux. Ce n&rsquo;est passe pour autant une innovation neutre : \u00ab\u00a0c&rsquo;est un investissement en millions d&rsquo;euros mais il a \u00e9t\u00e9 fait par ami\u00a0\u00bb a-t-il pr\u00e9cis\u00e9.<\/li>\n<\/ol>\n<p><b>C&rsquo;est de cette id\u00e9e qu&rsquo;est n\u00e9 ami Cloud intelligence, la premi\u00e8re Marketplace d\u00e9di\u00e9e \u00e0 la veille dans le Cloud avec z\u00e9ro investissement. <\/b><\/p>\n<p>C&rsquo;est un pari ambitieux pour un outil simple d&rsquo;utilisation et c&rsquo;est ami qui a pris le risque, en enlevant le risque du client. Le pari c&rsquo;est la d\u00e9mocratisation des outils qui sont tr\u00e8s puissants mais dont le prix est une barri\u00e8re. Cet investissement a \u00e9t\u00e9 rendu possible par le soutien des actionnaires d&rsquo;ami software, car le risque n&rsquo;est pas nul.<\/p>\n<p>L&rsquo;activit\u00e9 d&rsquo;\u00e9diteur d&rsquo;ami se poursuit n\u00e9anmoins. \u00ab\u00a0Avec une compatibilit\u00e9 100% avec le Systems Cloud\u00a0\u00bb. Le syst\u00e8me install\u00e9 chez le client peut utiliser les ressources du Cloud intelligence. Des process, des modules, des traitements .. Ex : les collectes sur les sources anglo-saxones qui peuvent se faire par l&rsquo;ext\u00e9rieur. La nouvelle version ami entreprise intelligence V7 sera disponible en janvier 2014.<\/p>\n<p><b>D\u00e9monstration<\/b><\/p>\n<p><img decoding=\"async\" style=\"float: left; margin: 0px 10px 10px 0px; display: inline;\" src=\"https:\/\/farm6.staticflickr.com\/5543\/10331803323_ab4a8792aa_m.jpg\" alt=\"\" align=\"left\" \/><img decoding=\"async\" style=\"float: right; margin: 5px 10px 10px 0px; display: inline;\" src=\"https:\/\/farm6.staticflickr.com\/5530\/10331668356_4fcc42fc8b_m.jpg\" alt=\"\" align=\"right\" \/>Jerome Zamy (\u00e0 gauche)\u00a0 Et Maxime Berthelot (\u00e0 droite) ont ensuite pr\u00e9sent\u00e9 le produit au cours d&rsquo;une d\u00e9monstration. La marketplace se pr\u00e9sente un peu diff\u00e9remment de ce qu&rsquo;on a l&rsquo;habitude de voir sur les smart phones. La logique est la m\u00eame que celle de l&rsquo;appexchange de Salesforce.\u00a0 Les applications sont r\u00e9sidentes sur le serveur et on a juste \u00e0 demander d&rsquo;en activer l&rsquo;acc\u00e8s.<\/p>\n<p>L&rsquo;application \u00ab\u00a0Buzz tracker\u00a0\u00bb permet la tra\u00e7abilit\u00e9 des Buzz sur les &lsquo;M\u00e9dias sociaux et permet de rejouer les Buzz est une de ces applications d\u00e9j\u00e0 disponibles. Mais nous avons surtout vu \u00ab\u00a0Smart horizons\u00a0\u00bb qui permet de surveiller les m\u00e9dias sociaux et le web en g\u00e9n\u00e9ral. Le tableau de bord est la page d&rsquo;accueil de d&rsquo;application : volumes de discussions, qui en parle, comparaison des diff\u00e9rents niveaux de bruits selon le produit, Sourcing des sujets par blog en pourcentage (tr\u00e8s bien fait) et classification des influenceurs avec un classement des comptes twitter avec la volum\u00e9trie de chaque compte. Ce n&rsquo;est pas l\u00e0 que r\u00e9side l&rsquo;originalit\u00e9 de l&rsquo;application m\u00eame si elle a l&rsquo;air bien con\u00e7ue. On y vient un peu apr\u00e8s.<\/p>\n<p>Comment construire un pareil tableau de bord ? Ami accompagne le client et a m\u00eame plusieurs offres de service d&rsquo;accompagnement du client. Mais on peut aussi partir d&rsquo;une feuille blanche de fa\u00e7on tr\u00e8s rapide comme l&rsquo;a d\u00e9montr\u00e9 Maxime Berthelot. Il y a des connecteurs avec des choix de sources vari\u00e9s, forums, m\u00e9dias, blogs et m\u00e9dias sociaux &#8230; On entre ensuite son mot clef et les param\u00e8tres de langue&#8230; C&rsquo;est fini ! Ami software s&rsquo;occupe de tout. Les graphiques se configurent tr\u00e8s facilement en faisant glisser des widgets sur le tableau de bord et en les param\u00e9trant.<\/p>\n<p><a href=\"https:\/\/visionarymarketing.com\/wp-content\/uploads\/2013\/10\/Evernote-Snapshot-20131017-174336.jpg\"><img decoding=\"async\" style=\"background-image: none; float: none; padding-top: 0px; padding-left: 0px; margin: 10px auto; display: block; padding-right: 0px; border-width: 0px;\" title=\"Evernote Snapshot 20131017 174336\" src=\"https:\/\/visionarymarketing.com\/wp-content\/uploads\/2013\/10\/Evernote-Snapshot-20131017-174336_thumb.jpg\" alt=\"Evernote Snapshot 20131017 174336\" width=\"504\" height=\"379\" border=\"0\" \/><\/a><\/p>\n<p><em><span style=\"color: #777777;\">l\u2019appstore dans le nuage d\u2019ami software en version 1<\/span><\/em><\/p>\n<p><strong>L\u00e0 ou, ami est original c&rsquo;est que les sources sont vari\u00e9es<\/strong>. \u00ab\u00a0soit je fais appel \u00e0 un fournisseur de donn\u00e9es soit j&rsquo;utilise un outil plus ou moins compliqu\u00e9 qui finit un peu en bo\u00eete noire. Ici, toutes les fonctionnalit\u00e9s sont disponibles\u00a0\u00bb a expliqu\u00e9 maxime Berthelot.<\/p>\n<p>Autre besoin, autre exemple : des personnes dans mon entreprise s&rsquo;int\u00e9ressent aux mati\u00e8res premi\u00e8res. Le probl\u00e8me en interne est de m\u00e9langer des sources classiques et m\u00e9langer ces donn\u00e9es \u00e0 des cotations boursi\u00e8res par exemple. On reste ici dans le p\u00e9rim\u00e8tre de la donn\u00e9e structur\u00e9e. Comme ci dessous dans l\u2019exemple ci-dessous sur le charbon avec une vraie vue 360\u00b0 o\u00f9 on va mixer des donn\u00e9es d&rsquo;ami avec des donn\u00e9es structur\u00e9es Bloomberg (vraies donn\u00e9es client temps r\u00e9el). <a href=\"https:\/\/visionarymarketing.com\/wp-content\/uploads\/2013\/10\/Evernote-Snapshot-20131017-175729.jpg\"><img decoding=\"async\" style=\"background-image: none; float: none; padding-top: 0px; padding-left: 0px; margin: 10px auto; display: block; padding-right: 0px; border-width: 0px;\" title=\"Evernote Snapshot 20131017 175729\" src=\"https:\/\/visionarymarketing.com\/wp-content\/uploads\/2013\/10\/Evernote-Snapshot-20131017-175729_thumb.jpg\" alt=\"Evernote Snapshot 20131017 175729\" width=\"504\" height=\"379\" border=\"0\" \/><\/a><\/p>\n<p><em><span style=\"color: #777777;\">les donn\u00e9es structur\u00e9es temps r\u00e9el en acc\u00e8s direct<\/span><\/em><\/p>\n<p>La grande valeur ajout\u00e9e est d&rsquo;avoir tout au m\u00eame endroit, c&rsquo;est un plus tr\u00e8s important.<\/p>\n<p>Autre application : On peut acc\u00e9der \u00e0 l\u2019application Bloomberg (\u00e0 condition d&rsquo;avoir un compte). Il suffit d&rsquo;activer l&rsquo;application sur la marketplace, et en quelques clics on va l&rsquo;activer ; <strong>\u201con peut param\u00e9trer rapidement cette application avec des widgets et avoir toutes les informations au m\u00eame endroit\u201d.<\/strong> Cette marketplace va s&rsquo;enrichir au fur et ars\u00e9niure avec des applications tierces : <strong>prochain rendez-vous important, le 16 janvier 2014.<\/strong><\/p>\n<p>Et pour les top managers qui ne veulent pas s&#8217;embarrasser de d\u00e9tails, il y a la possibilit\u00e9 d&rsquo;acc\u00e9der \u00e0 la donn\u00e9e brute pour ne pas avoir \u00e0 personnaliser l&rsquo;interface.<\/p>\n<p><b>Eric Fourboul patron de la R&amp;D a ensuite pr\u00e9sent\u00e9 la technologie sous-jascente. <\/b><\/p>\n<p>\u201cLe Web de 2013 est \u00e0 des kilom\u00e8tres du Web de 2003\u201d a expliqu\u00e9 Eric Fourboul en introduction. C\u2019est pourquoi la dimension big data a \u00e9t\u00e9 une ligne directrice, au-del\u00e0 du buzz qui est ind\u00fbment fait autour de ce vocable. Ici, on peut \u201ctoucher\u201d le big data, c\u2019est concret. \u201cAmi fait du SaaS depuis 10 ans et c&rsquo;est beaucoup d&rsquo;apprentissage\u201d a-t-il poursuivi, et Ami Cloud intelligence est bien le r\u00e9sultat de cette exp\u00e9rience. \u00c0 partir de Ami Enterprise intelligence en 2005 ils ont adopt\u00e9 le \u201cmode dual\u201d (SaaS ou sur site). \u201cIl y a des soci\u00e9t\u00e9s o\u00f9 l&rsquo;h\u00e9bergement et interne n&rsquo;est pas une option. Cela fait partie de l&rsquo;ADN d&rsquo;Ami\u201d a insist\u00e9 Eric Fourboul avant de d\u00e9crire la base technique de sa solution.<\/p>\n<p><img decoding=\"async\" style=\"float: none; margin: 10px auto; display: block;\" src=\"https:\/\/farm3.staticflickr.com\/2844\/10331847343_3736f08505.jpg\" alt=\"\" \/><\/p>\n<p><em><span style=\"color: #777777;\">Eric Fourboul en pleine explication<\/span><\/em><\/p>\n<p>Le chantier a d\u00e9marr\u00e9 il y a plus de 2 ans et les recherches ont commenc\u00e9 m\u00eame il y a 4 ans. Les objectifs \u00e9taient tr\u00e8s ambitieux car les algorithmes ont \u00e9t\u00e9 boost\u00e9s et les phases de traitement ont \u00e9t\u00e9 rendues 10 fois plus rapides, avec une capitalisation des informations 100 fois sup\u00e9rieure. <strong>Plusieurs T\u00e9ra de donn\u00e9es sont dig\u00e9rables sur une journ\u00e9e avec une adaptation de la puissance en temps r\u00e9el<\/strong>. \u201cQuand on parle de big data, on pense imm\u00e9diatement \u00e0 la quantit\u00e9 de donn\u00e9es mais la vari\u00e9t\u00e9 de ces donn\u00e9es est plus importante\u201d a ajout\u00e9 Eric. \u201cC&rsquo;est un monde plus ouvert aussi aux fournisseurs de donn\u00e9es tierces comme Bloomberg par exemple\u201d, et ici le mot d\u2019ouverture a toute son importance.<\/p>\n<p>Cette ouverture a consist\u00e9 \u00e0 rendre compatible le moteur avec l&rsquo;ensemble des autres acteurs. L&rsquo;ensemble des workflows utilise hadoop, bien entendu, pour le stockage et le traitement. <strong>Ami est aussi pionnier du \u00ab\u00a0<span class=\"removed_link\" title=\"http:\/\/hadoop.apache.org\/docs\/stable\/mapred_tutorial.html\">map\/reduce<\/span>\u00a0\u00bb qui permet le \u00ab\u00a0text mining\u00a0\u00bb en temps r\u00e9el et participe m\u00eame \u00e0 l&rsquo;\u00e9volution d&rsquo;hadoop. <\/strong><\/p>\n<p><strong>Prochain rendez vous <\/strong><a><strong>le 16 janvier 2014<\/strong><\/a><strong> pour la premi\u00e8re annonce de l&rsquo;\u00e9largissement de la marketplace avec 2 applications significatives.<\/strong> Le rendez-vous est pris !<\/p>\n","protected":false},"excerpt":{"rendered":"<p>J&rsquo;ai assist\u00e9 aujourd&rsquo;hui au lancement du dernier produit d&rsquo;ami software de mon ami (sans jeu de mots) Alain Beauvieux. Une v\u00e9ritable innovation sur ce march\u00e9 de la veille et de l&rsquo;intelligence \u00e9conomique o\u00f9, je m&rsquo;en suis d\u00e9j\u00e0 ouvert souvent, les co\u00fbts de la donn\u00e9e et de l&rsquo;analyse sont un handicap pour le responsable digital (entre &hellip;<\/p>\n","protected":false},"author":2,"featured_media":34067,"comment_status":"open","ping_status":"open","sticky":false,"template":"","format":"standard","meta":{"footnotes":""},"categories":[2894,6,744],"tags":[],"class_list":["post-9683","post","type-post","status-publish","format-standard","has-post-thumbnail","hentry","category-ia-big-data","category-marketing-innovation-fr","category-marketing-b2b"],"yoast_head":"<!-- This site is optimized with the Yoast SEO plugin v27.4 - https:\/\/yoast.com\/product\/yoast-seo-wordpress\/ -->\n<title>intelligence \u00e9conomique et m\u00e9dias sociaux avec le Cloud<\/title>\n<meta name=\"description\" content=\"Une v\u00e9ritable innovation sur ce march\u00e9 de la veille et de l&#039;intelligence \u00e9conomique\" \/>\n<meta name=\"robots\" content=\"index, follow, max-snippet:-1, max-image-preview:large, max-video-preview:-1\" \/>\n<link rel=\"canonical\" href=\"https:\/\/visionarymarketing.com\/fr\/2013\/10\/18\/ami-marie-intelligence-economique-et-medias-sociaux-avec-le-cloud-et-sa-marketplace\/\" \/>\n<meta property=\"og:locale\" content=\"fr_FR\" \/>\n<meta property=\"og:type\" content=\"article\" \/>\n<meta property=\"og:title\" content=\"intelligence \u00e9conomique et m\u00e9dias sociaux avec le Cloud\" \/>\n<meta property=\"og:description\" content=\"Une v\u00e9ritable innovation sur ce march\u00e9 de la veille et de l&#039;intelligence \u00e9conomique\" \/>\n<meta property=\"og:url\" content=\"https:\/\/visionarymarketing.com\/fr\/2013\/10\/18\/ami-marie-intelligence-economique-et-medias-sociaux-avec-le-cloud-et-sa-marketplace\/\" \/>\n<meta property=\"og:site_name\" content=\"Marketing and Innovation\" \/>\n<meta property=\"article:publisher\" content=\"https:\/\/www.facebook.com\/vismktg\" \/>\n<meta property=\"article:author\" content=\"http:\/\/facebook.com\/ygourven\" \/>\n<meta property=\"article:published_time\" content=\"2013-10-18T07:05:31+00:00\" \/>\n<meta property=\"article:modified_time\" content=\"2021-04-23T13:38:34+00:00\" \/>\n<meta property=\"og:image\" content=\"https:\/\/visionarymarketing.com\/wp-content\/uploads\/2019\/11\/47977292358_bf3ee00e95_c.jpg\" \/>\n\t<meta property=\"og:image:width\" content=\"644\" \/>\n\t<meta property=\"og:image:height\" content=\"430\" \/>\n\t<meta property=\"og:image:type\" content=\"image\/jpeg\" \/>\n<meta name=\"author\" content=\"Yann Gourvennec\" \/>\n<meta name=\"twitter:card\" content=\"summary_large_image\" \/>\n<meta name=\"twitter:creator\" content=\"@ygourven\" \/>\n<meta name=\"twitter:site\" content=\"@ygourven\" \/>\n<meta name=\"twitter:label1\" content=\"\u00c9crit par\" \/>\n\t<meta name=\"twitter:data1\" content=\"Yann Gourvennec\" \/>\n\t<meta name=\"twitter:label2\" content=\"Dur\u00e9e de lecture estim\u00e9e\" \/>\n\t<meta name=\"twitter:data2\" content=\"9 minutes\" \/>\n<script type=\"application\/ld+json\" class=\"yoast-schema-graph\">{\"@context\":\"https:\\\/\\\/schema.org\",\"@graph\":[{\"@type\":\"NewsArticle\",\"@id\":\"https:\\\/\\\/visionarymarketing.com\\\/fr\\\/2013\\\/10\\\/18\\\/ami-marie-intelligence-economique-et-medias-sociaux-avec-le-cloud-et-sa-marketplace\\\/#article\",\"isPartOf\":{\"@id\":\"https:\\\/\\\/visionarymarketing.com\\\/fr\\\/2013\\\/10\\\/18\\\/ami-marie-intelligence-economique-et-medias-sociaux-avec-le-cloud-et-sa-marketplace\\\/\"},\"author\":{\"name\":\"Yann Gourvennec\",\"@id\":\"https:\\\/\\\/visionarymarketing.com\\\/fr\\\/#\\\/schema\\\/person\\\/3754fee1e558f47b8deb46f53c37423e\"},\"headline\":\"intelligence \u00e9conomique et m\u00e9dias sociaux avec le Cloud\",\"datePublished\":\"2013-10-18T07:05:31+00:00\",\"dateModified\":\"2021-04-23T13:38:34+00:00\",\"mainEntityOfPage\":{\"@id\":\"https:\\\/\\\/visionarymarketing.com\\\/fr\\\/2013\\\/10\\\/18\\\/ami-marie-intelligence-economique-et-medias-sociaux-avec-le-cloud-et-sa-marketplace\\\/\"},\"wordCount\":1948,\"commentCount\":5,\"image\":{\"@id\":\"https:\\\/\\\/visionarymarketing.com\\\/fr\\\/2013\\\/10\\\/18\\\/ami-marie-intelligence-economique-et-medias-sociaux-avec-le-cloud-et-sa-marketplace\\\/#primaryimage\"},\"thumbnailUrl\":\"https:\\\/\\\/visionarymarketing.com\\\/wp-content\\\/uploads\\\/2019\\\/11\\\/47977292358_bf3ee00e95_c.jpg\",\"articleSection\":[\"IA et Big Data\",\"Marketing &amp; Innovation\",\"marketing b2b\"],\"inLanguage\":\"fr-FR\",\"potentialAction\":[{\"@type\":\"CommentAction\",\"name\":\"Comment\",\"target\":[\"https:\\\/\\\/visionarymarketing.com\\\/fr\\\/2013\\\/10\\\/18\\\/ami-marie-intelligence-economique-et-medias-sociaux-avec-le-cloud-et-sa-marketplace\\\/#respond\"]}]},{\"@type\":\"WebPage\",\"@id\":\"https:\\\/\\\/visionarymarketing.com\\\/fr\\\/2013\\\/10\\\/18\\\/ami-marie-intelligence-economique-et-medias-sociaux-avec-le-cloud-et-sa-marketplace\\\/\",\"url\":\"https:\\\/\\\/visionarymarketing.com\\\/fr\\\/2013\\\/10\\\/18\\\/ami-marie-intelligence-economique-et-medias-sociaux-avec-le-cloud-et-sa-marketplace\\\/\",\"name\":\"intelligence \u00e9conomique et m\u00e9dias sociaux avec le Cloud\",\"isPartOf\":{\"@id\":\"https:\\\/\\\/visionarymarketing.com\\\/fr\\\/#website\"},\"primaryImageOfPage\":{\"@id\":\"https:\\\/\\\/visionarymarketing.com\\\/fr\\\/2013\\\/10\\\/18\\\/ami-marie-intelligence-economique-et-medias-sociaux-avec-le-cloud-et-sa-marketplace\\\/#primaryimage\"},\"image\":{\"@id\":\"https:\\\/\\\/visionarymarketing.com\\\/fr\\\/2013\\\/10\\\/18\\\/ami-marie-intelligence-economique-et-medias-sociaux-avec-le-cloud-et-sa-marketplace\\\/#primaryimage\"},\"thumbnailUrl\":\"https:\\\/\\\/visionarymarketing.com\\\/wp-content\\\/uploads\\\/2019\\\/11\\\/47977292358_bf3ee00e95_c.jpg\",\"datePublished\":\"2013-10-18T07:05:31+00:00\",\"dateModified\":\"2021-04-23T13:38:34+00:00\",\"author\":{\"@id\":\"https:\\\/\\\/visionarymarketing.com\\\/fr\\\/#\\\/schema\\\/person\\\/3754fee1e558f47b8deb46f53c37423e\"},\"description\":\"Une v\u00e9ritable innovation sur ce march\u00e9 de la veille et de l'intelligence \u00e9conomique\",\"breadcrumb\":{\"@id\":\"https:\\\/\\\/visionarymarketing.com\\\/fr\\\/2013\\\/10\\\/18\\\/ami-marie-intelligence-economique-et-medias-sociaux-avec-le-cloud-et-sa-marketplace\\\/#breadcrumb\"},\"inLanguage\":\"fr-FR\",\"potentialAction\":[{\"@type\":\"ReadAction\",\"target\":[\"https:\\\/\\\/visionarymarketing.com\\\/fr\\\/2013\\\/10\\\/18\\\/ami-marie-intelligence-economique-et-medias-sociaux-avec-le-cloud-et-sa-marketplace\\\/\"]}]},{\"@type\":\"ImageObject\",\"inLanguage\":\"fr-FR\",\"@id\":\"https:\\\/\\\/visionarymarketing.com\\\/fr\\\/2013\\\/10\\\/18\\\/ami-marie-intelligence-economique-et-medias-sociaux-avec-le-cloud-et-sa-marketplace\\\/#primaryimage\",\"url\":\"https:\\\/\\\/visionarymarketing.com\\\/wp-content\\\/uploads\\\/2019\\\/11\\\/47977292358_bf3ee00e95_c.jpg\",\"contentUrl\":\"https:\\\/\\\/visionarymarketing.com\\\/wp-content\\\/uploads\\\/2019\\\/11\\\/47977292358_bf3ee00e95_c.jpg\",\"width\":644,\"height\":430},{\"@type\":\"BreadcrumbList\",\"@id\":\"https:\\\/\\\/visionarymarketing.com\\\/fr\\\/2013\\\/10\\\/18\\\/ami-marie-intelligence-economique-et-medias-sociaux-avec-le-cloud-et-sa-marketplace\\\/#breadcrumb\",\"itemListElement\":[{\"@type\":\"ListItem\",\"position\":1,\"name\":\"Home\",\"item\":\"https:\\\/\\\/visionarymarketing.com\\\/fr\\\/\"},{\"@type\":\"ListItem\",\"position\":2,\"name\":\"intelligence \u00e9conomique et m\u00e9dias sociaux avec le Cloud\"}]},{\"@type\":\"WebSite\",\"@id\":\"https:\\\/\\\/visionarymarketing.com\\\/fr\\\/#website\",\"url\":\"https:\\\/\\\/visionarymarketing.com\\\/fr\\\/\",\"name\":\"Marketing and Innovation\",\"description\":\"Site d&#039;infos ind\u00e9pendant, depuis 1996\",\"potentialAction\":[{\"@type\":\"SearchAction\",\"target\":{\"@type\":\"EntryPoint\",\"urlTemplate\":\"https:\\\/\\\/visionarymarketing.com\\\/fr\\\/?s={search_term_string}\"},\"query-input\":{\"@type\":\"PropertyValueSpecification\",\"valueRequired\":true,\"valueName\":\"search_term_string\"}}],\"inLanguage\":\"fr-FR\"},{\"@type\":\"Person\",\"@id\":\"https:\\\/\\\/visionarymarketing.com\\\/fr\\\/#\\\/schema\\\/person\\\/3754fee1e558f47b8deb46f53c37423e\",\"name\":\"Yann Gourvennec\",\"image\":{\"@type\":\"ImageObject\",\"inLanguage\":\"fr-FR\",\"@id\":\"https:\\\/\\\/secure.gravatar.com\\\/avatar\\\/5972001801e8de5692a3e31224e85769f50a55fb8b679749f9c8d1868cceff14?s=96&d=initials&r=g&initials=yg\",\"url\":\"https:\\\/\\\/secure.gravatar.com\\\/avatar\\\/5972001801e8de5692a3e31224e85769f50a55fb8b679749f9c8d1868cceff14?s=96&d=initials&r=g&initials=yg\",\"contentUrl\":\"https:\\\/\\\/secure.gravatar.com\\\/avatar\\\/5972001801e8de5692a3e31224e85769f50a55fb8b679749f9c8d1868cceff14?s=96&d=initials&r=g&initials=yg\",\"caption\":\"Yann Gourvennec\"},\"description\":\"Yann Gourvennec created visionarymarketing.com in 1996. He is a speaker and author of many books. In 2014 he went from intrapreneur to entrepreneur, when he created his digital marketing agency. Yann Gourvennec a cr\u00e9\u00e9 visionarymarketing.com en 1996. Il est conf\u00e9rencier et auteur de plusieurs livres. En 2014, il est pass\u00e9 d'intrapreneur \u00e0 entrepreneur en cr\u00e9ant son agence de marketing num\u00e9rique.\",\"sameAs\":[\"https:\\\/\\\/visionarymarketing.com\",\"http:\\\/\\\/facebook.com\\\/ygourven\",\"http:\\\/\\\/linkedin.com\\\/in\\\/ygourven\",\"https:\\\/\\\/x.com\\\/ygourven\",\"https:\\\/\\\/www.youtube.com\\\/c\\\/visionarymarketingagency\"],\"url\":\"https:\\\/\\\/visionarymarketing.com\\\/fr\\\/author\\\/yann-gourvennec\\\/\"}]}<\/script>\n<!-- \/ Yoast SEO plugin. -->","yoast_head_json":{"title":"intelligence \u00e9conomique et m\u00e9dias sociaux avec le Cloud","description":"Une v\u00e9ritable innovation sur ce march\u00e9 de la veille et de l'intelligence \u00e9conomique","robots":{"index":"index","follow":"follow","max-snippet":"max-snippet:-1","max-image-preview":"max-image-preview:large","max-video-preview":"max-video-preview:-1"},"canonical":"https:\/\/visionarymarketing.com\/fr\/2013\/10\/18\/ami-marie-intelligence-economique-et-medias-sociaux-avec-le-cloud-et-sa-marketplace\/","og_locale":"fr_FR","og_type":"article","og_title":"intelligence \u00e9conomique et m\u00e9dias sociaux avec le Cloud","og_description":"Une v\u00e9ritable innovation sur ce march\u00e9 de la veille et de l'intelligence \u00e9conomique","og_url":"https:\/\/visionarymarketing.com\/fr\/2013\/10\/18\/ami-marie-intelligence-economique-et-medias-sociaux-avec-le-cloud-et-sa-marketplace\/","og_site_name":"Marketing and Innovation","article_publisher":"https:\/\/www.facebook.com\/vismktg","article_author":"http:\/\/facebook.com\/ygourven","article_published_time":"2013-10-18T07:05:31+00:00","article_modified_time":"2021-04-23T13:38:34+00:00","og_image":[{"width":644,"height":430,"url":"https:\/\/visionarymarketing.com\/wp-content\/uploads\/2019\/11\/47977292358_bf3ee00e95_c.jpg","type":"image\/jpeg"}],"author":"Yann Gourvennec","twitter_card":"summary_large_image","twitter_creator":"@ygourven","twitter_site":"@ygourven","twitter_misc":{"\u00c9crit par":"Yann Gourvennec","Dur\u00e9e de lecture estim\u00e9e":"9 minutes"},"schema":{"@context":"https:\/\/schema.org","@graph":[{"@type":"NewsArticle","@id":"https:\/\/visionarymarketing.com\/fr\/2013\/10\/18\/ami-marie-intelligence-economique-et-medias-sociaux-avec-le-cloud-et-sa-marketplace\/#article","isPartOf":{"@id":"https:\/\/visionarymarketing.com\/fr\/2013\/10\/18\/ami-marie-intelligence-economique-et-medias-sociaux-avec-le-cloud-et-sa-marketplace\/"},"author":{"name":"Yann Gourvennec","@id":"https:\/\/visionarymarketing.com\/fr\/#\/schema\/person\/3754fee1e558f47b8deb46f53c37423e"},"headline":"intelligence \u00e9conomique et m\u00e9dias sociaux avec le Cloud","datePublished":"2013-10-18T07:05:31+00:00","dateModified":"2021-04-23T13:38:34+00:00","mainEntityOfPage":{"@id":"https:\/\/visionarymarketing.com\/fr\/2013\/10\/18\/ami-marie-intelligence-economique-et-medias-sociaux-avec-le-cloud-et-sa-marketplace\/"},"wordCount":1948,"commentCount":5,"image":{"@id":"https:\/\/visionarymarketing.com\/fr\/2013\/10\/18\/ami-marie-intelligence-economique-et-medias-sociaux-avec-le-cloud-et-sa-marketplace\/#primaryimage"},"thumbnailUrl":"https:\/\/visionarymarketing.com\/wp-content\/uploads\/2019\/11\/47977292358_bf3ee00e95_c.jpg","articleSection":["IA et Big Data","Marketing &amp; Innovation","marketing b2b"],"inLanguage":"fr-FR","potentialAction":[{"@type":"CommentAction","name":"Comment","target":["https:\/\/visionarymarketing.com\/fr\/2013\/10\/18\/ami-marie-intelligence-economique-et-medias-sociaux-avec-le-cloud-et-sa-marketplace\/#respond"]}]},{"@type":"WebPage","@id":"https:\/\/visionarymarketing.com\/fr\/2013\/10\/18\/ami-marie-intelligence-economique-et-medias-sociaux-avec-le-cloud-et-sa-marketplace\/","url":"https:\/\/visionarymarketing.com\/fr\/2013\/10\/18\/ami-marie-intelligence-economique-et-medias-sociaux-avec-le-cloud-et-sa-marketplace\/","name":"intelligence \u00e9conomique et m\u00e9dias sociaux avec le Cloud","isPartOf":{"@id":"https:\/\/visionarymarketing.com\/fr\/#website"},"primaryImageOfPage":{"@id":"https:\/\/visionarymarketing.com\/fr\/2013\/10\/18\/ami-marie-intelligence-economique-et-medias-sociaux-avec-le-cloud-et-sa-marketplace\/#primaryimage"},"image":{"@id":"https:\/\/visionarymarketing.com\/fr\/2013\/10\/18\/ami-marie-intelligence-economique-et-medias-sociaux-avec-le-cloud-et-sa-marketplace\/#primaryimage"},"thumbnailUrl":"https:\/\/visionarymarketing.com\/wp-content\/uploads\/2019\/11\/47977292358_bf3ee00e95_c.jpg","datePublished":"2013-10-18T07:05:31+00:00","dateModified":"2021-04-23T13:38:34+00:00","author":{"@id":"https:\/\/visionarymarketing.com\/fr\/#\/schema\/person\/3754fee1e558f47b8deb46f53c37423e"},"description":"Une v\u00e9ritable innovation sur ce march\u00e9 de la veille et de l'intelligence \u00e9conomique","breadcrumb":{"@id":"https:\/\/visionarymarketing.com\/fr\/2013\/10\/18\/ami-marie-intelligence-economique-et-medias-sociaux-avec-le-cloud-et-sa-marketplace\/#breadcrumb"},"inLanguage":"fr-FR","potentialAction":[{"@type":"ReadAction","target":["https:\/\/visionarymarketing.com\/fr\/2013\/10\/18\/ami-marie-intelligence-economique-et-medias-sociaux-avec-le-cloud-et-sa-marketplace\/"]}]},{"@type":"ImageObject","inLanguage":"fr-FR","@id":"https:\/\/visionarymarketing.com\/fr\/2013\/10\/18\/ami-marie-intelligence-economique-et-medias-sociaux-avec-le-cloud-et-sa-marketplace\/#primaryimage","url":"https:\/\/visionarymarketing.com\/wp-content\/uploads\/2019\/11\/47977292358_bf3ee00e95_c.jpg","contentUrl":"https:\/\/visionarymarketing.com\/wp-content\/uploads\/2019\/11\/47977292358_bf3ee00e95_c.jpg","width":644,"height":430},{"@type":"BreadcrumbList","@id":"https:\/\/visionarymarketing.com\/fr\/2013\/10\/18\/ami-marie-intelligence-economique-et-medias-sociaux-avec-le-cloud-et-sa-marketplace\/#breadcrumb","itemListElement":[{"@type":"ListItem","position":1,"name":"Home","item":"https:\/\/visionarymarketing.com\/fr\/"},{"@type":"ListItem","position":2,"name":"intelligence \u00e9conomique et m\u00e9dias sociaux avec le Cloud"}]},{"@type":"WebSite","@id":"https:\/\/visionarymarketing.com\/fr\/#website","url":"https:\/\/visionarymarketing.com\/fr\/","name":"Marketing and Innovation","description":"Site d&#039;infos ind\u00e9pendant, depuis 1996","potentialAction":[{"@type":"SearchAction","target":{"@type":"EntryPoint","urlTemplate":"https:\/\/visionarymarketing.com\/fr\/?s={search_term_string}"},"query-input":{"@type":"PropertyValueSpecification","valueRequired":true,"valueName":"search_term_string"}}],"inLanguage":"fr-FR"},{"@type":"Person","@id":"https:\/\/visionarymarketing.com\/fr\/#\/schema\/person\/3754fee1e558f47b8deb46f53c37423e","name":"Yann Gourvennec","image":{"@type":"ImageObject","inLanguage":"fr-FR","@id":"https:\/\/secure.gravatar.com\/avatar\/5972001801e8de5692a3e31224e85769f50a55fb8b679749f9c8d1868cceff14?s=96&d=initials&r=g&initials=yg","url":"https:\/\/secure.gravatar.com\/avatar\/5972001801e8de5692a3e31224e85769f50a55fb8b679749f9c8d1868cceff14?s=96&d=initials&r=g&initials=yg","contentUrl":"https:\/\/secure.gravatar.com\/avatar\/5972001801e8de5692a3e31224e85769f50a55fb8b679749f9c8d1868cceff14?s=96&d=initials&r=g&initials=yg","caption":"Yann Gourvennec"},"description":"Yann Gourvennec created visionarymarketing.com in 1996. He is a speaker and author of many books. In 2014 he went from intrapreneur to entrepreneur, when he created his digital marketing agency. Yann Gourvennec a cr\u00e9\u00e9 visionarymarketing.com en 1996. Il est conf\u00e9rencier et auteur de plusieurs livres. En 2014, il est pass\u00e9 d'intrapreneur \u00e0 entrepreneur en cr\u00e9ant son agence de marketing num\u00e9rique.","sameAs":["https:\/\/visionarymarketing.com","http:\/\/facebook.com\/ygourven","http:\/\/linkedin.com\/in\/ygourven","https:\/\/x.com\/ygourven","https:\/\/www.youtube.com\/c\/visionarymarketingagency"],"url":"https:\/\/visionarymarketing.com\/fr\/author\/yann-gourvennec\/"}]}},"_links":{"self":[{"href":"https:\/\/visionarymarketing.com\/fr\/wp-json\/wp\/v2\/posts\/9683","targetHints":{"allow":["GET"]}}],"collection":[{"href":"https:\/\/visionarymarketing.com\/fr\/wp-json\/wp\/v2\/posts"}],"about":[{"href":"https:\/\/visionarymarketing.com\/fr\/wp-json\/wp\/v2\/types\/post"}],"author":[{"embeddable":true,"href":"https:\/\/visionarymarketing.com\/fr\/wp-json\/wp\/v2\/users\/2"}],"replies":[{"embeddable":true,"href":"https:\/\/visionarymarketing.com\/fr\/wp-json\/wp\/v2\/comments?post=9683"}],"version-history":[{"count":0,"href":"https:\/\/visionarymarketing.com\/fr\/wp-json\/wp\/v2\/posts\/9683\/revisions"}],"wp:featuredmedia":[{"embeddable":true,"href":"https:\/\/visionarymarketing.com\/fr\/wp-json\/wp\/v2\/media\/34067"}],"wp:attachment":[{"href":"https:\/\/visionarymarketing.com\/fr\/wp-json\/wp\/v2\/media?parent=9683"}],"wp:term":[{"taxonomy":"category","embeddable":true,"href":"https:\/\/visionarymarketing.com\/fr\/wp-json\/wp\/v2\/categories?post=9683"},{"taxonomy":"post_tag","embeddable":true,"href":"https:\/\/visionarymarketing.com\/fr\/wp-json\/wp\/v2\/tags?post=9683"}],"curies":[{"name":"wp","href":"https:\/\/api.w.org\/{rel}","templated":true}]}}