{"id":9660,"date":"2013-10-16T09:05:22","date_gmt":"2013-10-16T07:05:22","guid":{"rendered":"http:\/\/visionarymarketing.fr\/blog\/?p=9660"},"modified":"2021-01-20T08:13:55","modified_gmt":"2021-01-20T07:13:55","slug":"le-livre-et-les-slides-la-communication-digitale-expliquee-a-mon-boss-est-disponible","status":"publish","type":"post","link":"https:\/\/visionarymarketing.com\/fr\/2013\/10\/16\/le-livre-et-les-slides-la-communication-digitale-expliquee-a-mon-boss-est-disponible\/","title":{"rendered":"La communication digitale expliqu\u00e9e \u00e0 mon boss"},"content":{"rendered":"<p><a href=\"https:\/\/visionarymarketing.com\/wp-content\/uploads\/2013\/10\/book-new-large1.jpg\"><span style=\"color: #4f81bd;\"><img decoding=\"async\" style=\"background-image: none; padding-left: 0px; padding-right: 0px; display: inline; float: left; padding-top: 0px; border: 0px;\" title=\"book-new-large\" src=\"https:\/\/visionarymarketing.com\/wp-content\/uploads\/2013\/10\/book-new-large_thumb1.jpg\" alt=\"book-new-large\" width=\"120\" height=\"98\" align=\"left\" border=\"0\" \/><\/span><\/a><em><span style=\"color: #4f81bd;\">C\u2019est le grand jour ! notre nouvel ouvrage la communication digitale expliqu\u00e9e \u00e0 mon boss sort aujourd\u2019hui, le 16 octobre 2013. Et ce n\u2019est pas tout, nous vous offrons aussi la <a href=\"https:\/\/www.slideshare.net\/MediaAces\/fr-la-communication-digitale-explique-mon-boss-2013-les-slides\/\" target=\"_blank\" rel=\"noopener noreferrer\">collection de planches PowerPoint pour vous aider \u00e0 le (ou la) convaincre<\/a>. 9 mois de travail ont \u00e9t\u00e9 n\u00e9cessaires \u00e0 la cr\u00e9ation de cette somme \u00e0 laquelle les membres et les amis de l\u2019association Media Aces ont particip\u00e9 afin de donner corps \u00e0 des anecdotes et des exemples qui permettront \u00e0 nos fid\u00e8les lecteurs de mettre en place ces strat\u00e9gies sur le terrain.<\/span><\/em><\/p>\n<figure id=\"attachment_50969\" aria-describedby=\"caption-attachment-50969\" style=\"width: 519px\" class=\"wp-caption aligncenter\"><img decoding=\"async\" class=\"wp-image-50969 size-full\" src=\"https:\/\/visionarymarketing.com\/wp-content\/uploads\/2013\/10\/fr-la-communication-digitale-explique-mon-boss-2013-les-slides-1-638-e1583943328943.jpg\" alt=\"La communication digitale expliqu\u00e9e \u00e0 mon boss\" width=\"519\" height=\"340\" \/><figcaption id=\"caption-attachment-50969\" class=\"wp-caption-text\">La communication digitale expliqu\u00e9e \u00e0 mon boss<\/figcaption><\/figure>\n<p><em><span style=\"color: #4f81bd;\">Qui plus est, cette fois-ci nous avons r\u00e9ussi \u00e0 attirer un h\u00f4te de marque pour r\u00e9diger la pr\u00e9face, en la personne de Pierre Gattaz, patron des patrons \u2026 qui mieux que lui, un v\u00e9ritable convaincu qui plus est, pour expliquer l\u2019importance du digital aux entrepreneurs et patrons d\u2019entreprises. Nous sommes fiers de ce partenariat, ainsi que celui que nous avons avec Frenchweb.fr, et Scoop.it qui nous aident \u00e0 diffuser la bonne parole. Voici la pr\u00e9sentation du livre, de ses planches PowerPoint et le lien vers la plateforme d&rsquo;achat de l&rsquo;\u00e9diteur Kawa.<br \/>\n<\/span><\/em><\/p>\n<p><img decoding=\"async\" style=\"display: inline; float: right;\" title=\"La communication digitale expliqu\u00e9e \u00e0 mon boss\" src=\"https:\/\/i2.wp.com\/amonboss.com\/img\/couv_01.png?resize=132%2C167\" alt=\"\" width=\"132\" height=\"167\" align=\"right\" \/><\/p>\n<p><strong>LA COMMUNICATION DIGITALE EXPLIQUEE A MON BOSS (2013)<br \/>\n<\/strong><\/p>\n<p>En 2013, le \u00ab digital \u00bb s\u2019est d\u00e9j\u00e0 r\u00e9pandu dans des entreprises du monde entier ; pourtant, la ma\u00eetrise de son langage et de son alchimie, m\u00e9lange de savoir-faire strat\u00e9gique, de communication, de cr\u00e9ation (et de co-cr\u00e9ation) de contenus, de marketing du bouche-\u00e0-oreille, de ma\u00eetrise d\u2019ouvrage, de conduite du changement et de vision technologique, reste un myst\u00e8re pour beaucoup.<\/p>\n<p>Ce livre a pour objectif d\u2019aider les d\u00e9cideurs \u00e0 remporter le d\u00e9fi de ce Web en constante \u00e9volution, sans cesse plus global (ou \u00ab glocal \u00bb), plus social, plus mobile et de plus en plus li\u00e9 au c\u0153ur de m\u00e9tier de l\u2019entreprise.<\/p>\n<p><!--more-->Cet ouvrage prolonge, en outre, \u00ab Les m\u00e9dias sociaux expliqu\u00e9s \u00e0 mon boss \u00bb, en \u00e9largissant la th\u00e9matique, et en donnant une large place aux m\u00e9dias sociaux en tant qu\u2019un des \u00e9l\u00e9ments fondamentaux d\u2019un mix marketing digital :<\/p>\n<p><strong>1\/ Importance du digital, historique, caract\u00e9ristiques et \u00e9volution :<\/strong><\/p>\n<p>le digital est plus qu\u2019une mode, c\u2019est une v\u00e9ritable tendance de fond qui bouleverse nos \u00e9conomies, refonde nos entreprises, red\u00e9finit les r\u00e8gles du jeu de la communication.<\/p>\n<p><strong>2\/ Le contenu au coeur de votre strat\u00e9gie de communication digitale :<\/strong><\/p>\n<p>\u00ab le contenu est roi \u00bb est un euph\u00e9misme. Toute strat\u00e9gie de communication digitale se base sur cette mati\u00e8re premi\u00e8re et vise \u00e0 l\u2019utiliser de fa\u00e7on originale.<\/p>\n<p><strong>3\/ D\u00e9velopper sa communication digitale :<\/strong><\/p>\n<p>cr\u00e9er du contenu est fondamental, mais ne suffit pas. Ce chapitre vous montrera comment d\u00e9velopper votre communication digitale efficacement.<\/p>\n<p><strong>4\/ Structurer sa communication digitale :<\/strong><\/p>\n<p>cr\u00e9er un site Web ou un blog est facile, conduire le changement dans une entreprise, mener sa gouvernance, faire \u00e9voluer les comp\u00e9tences est plus d\u00e9licat.<\/p>\n<p><strong>5\/ Pour ceux qui auraient rat\u00e9 la r\u00e9volution digitale :<\/strong><\/p>\n<p>si vous vous demandez encore si le digital peut faire quelque chose pour vous et votre entreprise, surtout si vous \u00eates une PME, alors ce chapitre est fait pour vous. Sinon, vous y trouverez des arguments solides pour convaincre vos coll\u00e8gues.<\/p>\n<h3>Un guide pratique de la mise en \u0153uvre de la strat\u00e9gie digitale en entreprise par MEDIA ACES !<\/h3>\n<p><a href=\"https:\/\/www.slideshare.net\/MediaAces\/fr-la-communication-digitale-explique-mon-boss-2013-les-slides\/\">Avec 28 sch\u00e9mas t\u00e9l\u00e9chargeables gratuitement pour expliquer la communication digitale \u00e0 mon boss <\/a><\/p>\n<p><strong>Pierre-Philippe Cormeraie<\/strong>, Directeur de l\u2019Innovation BPCE, Blogueur depuis 2006, @PPC sur Twitter<\/p>\n<p>\u00ab Si vous avez achet\u00e9 ce livre, vous devriez vous le faire rembourser ! \u00bb \u00ab Non par les auteurs ou l\u2019\u00e9diteur de cet ouvrage, mais par votre entreprise. Pourquoi ? Parce que vous avez entre les mains l\u2019ouvrage qui va vous permettre, de mani\u00e8re tr\u00e8s concr\u00e8te, de contribuer significativement \u00e0 la r\u00e9ussite de votre entreprise en mati\u00e8re de communication digitale \u00bb.<\/p>\n<p><strong>Dominique Delport,<\/strong> Global Managing Director de Havas M\u00e9dia Group et Pr\u00e9sident Havas M\u00e9dia France<\/p>\n<p>\u00ab Merci aux auteurs de ce livre de faciliter avec pugnacit\u00e9 ce difficile et indispensable transfert de connaissance. Vous l\u2019avez compris, le digital, c\u2019est l\u2019air que l\u2019on respire, omnipr\u00e9sent et indispensable. Je ne doute pas que cet ouvrage vous ait apport\u00e9 une vraie bouff\u00e9e d\u2019oxyg\u00e8ne et d\u2019optimisme. C\u2019est pour ma part ce que j\u2019essaie de transmettre dans toutes les organisations que j\u2019ai dirig\u00e9es, comme Yann Gourvennec et Herv\u00e9 Kabla dans leurs travaux \u00bb.<\/p>\n<p><strong>Avec des contributions de : <\/strong>(Par ordre alphab\u00e9tique)<\/p>\n<p>Herv\u00e9 Bloch, Arnaud Bouchard, Fr\u00e9d\u00e9ric Canevet, Olivier Cimeli\u00e8re, J\u00e9r\u00f4me Deiss, Denis Fages, Alban Fournier, Bruno Fridlansky, Jacques Froissant, Jean-Marc Goachet, Sarah Goodall, Catherine Headley, Natacha Heurtault, Cynthia Kari, Mohamed Khodja, Franck La Pinta, St\u00e9phane Lapeyrade, Fran\u00e7ois Laurent, Daniel Laury, David Parkinson, Fran\u00e7ois Pitavy, Serge-Henri Saint-Michel, Thierry Spencer, Michael Tartar, Marina Tymen, Pierre Vallet<\/p>\n<p>Les illustrations, et notamment notre superbe \u201cboss\u201d, sont de Mathias Bergeaud<\/p>\n<p>Pr\u00e9face de Pierre Gattaz, pr\u00e9sident du MEDEF<\/p>\n<p align=\"center\"><a href=\"https:\/\/www.editions-kawa.com\/fr\/home\/55-la-communication-digitale-expliquee-a-mon-boss.html\"><img decoding=\"async\" src=\"https:\/\/i1.wp.com\/amonboss.com\/img\/bg_bt_commander.png?w=540\" alt=\"\" width=\"300\" height=\"44\" \/><\/a><a href=\"https:\/\/www.editions-kawa.com\/fr\/home\/55-la-communication-digitale-expliquee-a-mon-boss.html\"><img decoding=\"async\" src=\"https:\/\/i0.wp.com\/amonboss.com\/img\/bg_bt_infos_livre.png?w=540\" alt=\"\" width=\"300\" height=\"44\" \/><\/a><\/p>\n<p align=\"center\"><strong>voir ci-dessous les sch\u00e9mas du livre, en t\u00e9l\u00e9chargement gratuit et libre (creative commons)<\/strong><\/p>\n<p align=\"center\"><iframe style=\"border-bottom: #ccc 0px solid; border-left: #ccc 1px solid; margin-bottom: 5px; border-top: #ccc 1px solid; border-right: #ccc 1px solid;\" src=\"https:\/\/www.slideshare.net\/slideshow\/embed_code\/26229704?rel=0\" width=\"512\" height=\"421\" frameborder=\"0\" marginwidth=\"0\" marginheight=\"0\" scrolling=\"no\" allowfullscreen=\"allowfullscreen\"><\/iframe><\/p>\n<div style=\"margin-bottom: 5px;\" align=\"center\"><strong><a title=\"[Fr] La communication digitale expliqu\u00e9e \u00e0 mon boss 2013 - les slides\" href=\"https:\/\/www.slideshare.net\/MediaAces\/fr-la-communication-digitale-explique-mon-boss-2013-les-slides\" target=\"_blank\" rel=\"noopener noreferrer\">[Fr] La communication digitale expliqu\u00e9e \u00e0 mon boss 2013 &#8211; les slides<\/a> <\/strong>de\u00a0<strong><a href=\"https:\/\/www.slideshare.net\/MediaAces\" target=\"_blank\" rel=\"noopener noreferrer\">Media Aces<\/a><\/strong><\/div>\n","protected":false},"excerpt":{"rendered":"<p>C\u2019est le grand jour ! notre nouvel ouvrage la communication digitale expliqu\u00e9e \u00e0 mon boss sort aujourd\u2019hui, le 16 octobre 2013. Et ce n\u2019est pas tout, nous vous offrons aussi la collection de planches PowerPoint pour vous aider \u00e0 le (ou la) convaincre. 9 mois de travail ont \u00e9t\u00e9 n\u00e9cessaires \u00e0 la cr\u00e9ation de cette &hellip;<\/p>\n","protected":false},"author":2,"featured_media":50969,"comment_status":"open","ping_status":"open","sticky":false,"template":"","format":"standard","meta":{"footnotes":""},"categories":[248],"tags":[],"class_list":["post-9660","post","type-post","status-publish","format-standard","has-post-thumbnail","hentry","category-livres-marketing"],"yoast_head":"<!-- This site is optimized with the Yoast SEO plugin v27.4 - https:\/\/yoast.com\/product\/yoast-seo-wordpress\/ -->\n<title>sortie du livre La communication digitale expliqu\u00e9e \u00e0 mon boss<\/title>\n<meta name=\"description\" content=\"C\u2019est le grand jour ! notre nouvel ouvrage la communication digitale expliqu\u00e9e \u00e0 mon boss sort aujourd\u2019hui avec ses planches PowerPoint\" \/>\n<meta name=\"robots\" content=\"index, follow, max-snippet:-1, max-image-preview:large, max-video-preview:-1\" \/>\n<link rel=\"canonical\" href=\"https:\/\/visionarymarketing.com\/fr\/2013\/10\/16\/le-livre-et-les-slides-la-communication-digitale-expliquee-a-mon-boss-est-disponible\/\" \/>\n<meta property=\"og:locale\" content=\"fr_FR\" \/>\n<meta property=\"og:type\" content=\"article\" \/>\n<meta property=\"og:title\" content=\"sortie du livre La communication digitale expliqu\u00e9e \u00e0 mon boss\" \/>\n<meta property=\"og:description\" content=\"C\u2019est le grand jour ! notre nouvel ouvrage la communication digitale expliqu\u00e9e \u00e0 mon boss sort aujourd\u2019hui avec ses planches PowerPoint\" \/>\n<meta property=\"og:url\" content=\"https:\/\/visionarymarketing.com\/fr\/2013\/10\/16\/le-livre-et-les-slides-la-communication-digitale-expliquee-a-mon-boss-est-disponible\/\" \/>\n<meta property=\"og:site_name\" content=\"Marketing and Innovation\" \/>\n<meta property=\"article:publisher\" content=\"https:\/\/www.facebook.com\/vismktg\" \/>\n<meta property=\"article:author\" content=\"http:\/\/facebook.com\/ygourven\" \/>\n<meta property=\"article:published_time\" content=\"2013-10-16T07:05:22+00:00\" \/>\n<meta property=\"article:modified_time\" content=\"2021-01-20T07:13:55+00:00\" \/>\n<meta property=\"og:image\" content=\"https:\/\/visionarymarketing.com\/wp-content\/uploads\/2013\/10\/fr-la-communication-digitale-explique-mon-boss-2013-les-slides-1-638-e1583943328943.jpg\" \/>\n\t<meta property=\"og:image:width\" content=\"638\" \/>\n\t<meta property=\"og:image:height\" content=\"479\" \/>\n\t<meta property=\"og:image:type\" content=\"image\/jpeg\" \/>\n<meta name=\"author\" content=\"Yann Gourvennec\" \/>\n<meta name=\"twitter:card\" content=\"summary_large_image\" \/>\n<meta name=\"twitter:creator\" content=\"@ygourven\" \/>\n<meta name=\"twitter:site\" content=\"@ygourven\" \/>\n<meta name=\"twitter:label1\" content=\"\u00c9crit par\" \/>\n\t<meta name=\"twitter:data1\" content=\"Yann Gourvennec\" \/>\n\t<meta name=\"twitter:label2\" content=\"Dur\u00e9e de lecture estim\u00e9e\" \/>\n\t<meta name=\"twitter:data2\" content=\"4 minutes\" \/>\n<script type=\"application\/ld+json\" class=\"yoast-schema-graph\">{\"@context\":\"https:\\\/\\\/schema.org\",\"@graph\":[{\"@type\":\"NewsArticle\",\"@id\":\"https:\\\/\\\/visionarymarketing.com\\\/fr\\\/2013\\\/10\\\/16\\\/le-livre-et-les-slides-la-communication-digitale-expliquee-a-mon-boss-est-disponible\\\/#article\",\"isPartOf\":{\"@id\":\"https:\\\/\\\/visionarymarketing.com\\\/fr\\\/2013\\\/10\\\/16\\\/le-livre-et-les-slides-la-communication-digitale-expliquee-a-mon-boss-est-disponible\\\/\"},\"author\":{\"name\":\"Yann Gourvennec\",\"@id\":\"https:\\\/\\\/visionarymarketing.com\\\/fr\\\/#\\\/schema\\\/person\\\/3754fee1e558f47b8deb46f53c37423e\"},\"headline\":\"La communication digitale expliqu\u00e9e \u00e0 mon boss\",\"datePublished\":\"2013-10-16T07:05:22+00:00\",\"dateModified\":\"2021-01-20T07:13:55+00:00\",\"mainEntityOfPage\":{\"@id\":\"https:\\\/\\\/visionarymarketing.com\\\/fr\\\/2013\\\/10\\\/16\\\/le-livre-et-les-slides-la-communication-digitale-expliquee-a-mon-boss-est-disponible\\\/\"},\"wordCount\":890,\"commentCount\":2,\"image\":{\"@id\":\"https:\\\/\\\/visionarymarketing.com\\\/fr\\\/2013\\\/10\\\/16\\\/le-livre-et-les-slides-la-communication-digitale-expliquee-a-mon-boss-est-disponible\\\/#primaryimage\"},\"thumbnailUrl\":\"https:\\\/\\\/visionarymarketing.com\\\/wp-content\\\/uploads\\\/2013\\\/10\\\/fr-la-communication-digitale-explique-mon-boss-2013-les-slides-1-638-e1583943328943.jpg\",\"articleSection\":[\"livres marketing\"],\"inLanguage\":\"fr-FR\",\"potentialAction\":[{\"@type\":\"CommentAction\",\"name\":\"Comment\",\"target\":[\"https:\\\/\\\/visionarymarketing.com\\\/fr\\\/2013\\\/10\\\/16\\\/le-livre-et-les-slides-la-communication-digitale-expliquee-a-mon-boss-est-disponible\\\/#respond\"]}]},{\"@type\":\"WebPage\",\"@id\":\"https:\\\/\\\/visionarymarketing.com\\\/fr\\\/2013\\\/10\\\/16\\\/le-livre-et-les-slides-la-communication-digitale-expliquee-a-mon-boss-est-disponible\\\/\",\"url\":\"https:\\\/\\\/visionarymarketing.com\\\/fr\\\/2013\\\/10\\\/16\\\/le-livre-et-les-slides-la-communication-digitale-expliquee-a-mon-boss-est-disponible\\\/\",\"name\":\"sortie du livre La communication digitale expliqu\u00e9e \u00e0 mon boss\",\"isPartOf\":{\"@id\":\"https:\\\/\\\/visionarymarketing.com\\\/fr\\\/#website\"},\"primaryImageOfPage\":{\"@id\":\"https:\\\/\\\/visionarymarketing.com\\\/fr\\\/2013\\\/10\\\/16\\\/le-livre-et-les-slides-la-communication-digitale-expliquee-a-mon-boss-est-disponible\\\/#primaryimage\"},\"image\":{\"@id\":\"https:\\\/\\\/visionarymarketing.com\\\/fr\\\/2013\\\/10\\\/16\\\/le-livre-et-les-slides-la-communication-digitale-expliquee-a-mon-boss-est-disponible\\\/#primaryimage\"},\"thumbnailUrl\":\"https:\\\/\\\/visionarymarketing.com\\\/wp-content\\\/uploads\\\/2013\\\/10\\\/fr-la-communication-digitale-explique-mon-boss-2013-les-slides-1-638-e1583943328943.jpg\",\"datePublished\":\"2013-10-16T07:05:22+00:00\",\"dateModified\":\"2021-01-20T07:13:55+00:00\",\"author\":{\"@id\":\"https:\\\/\\\/visionarymarketing.com\\\/fr\\\/#\\\/schema\\\/person\\\/3754fee1e558f47b8deb46f53c37423e\"},\"description\":\"C\u2019est le grand jour ! notre nouvel ouvrage la communication digitale expliqu\u00e9e \u00e0 mon boss sort aujourd\u2019hui avec ses planches PowerPoint\",\"breadcrumb\":{\"@id\":\"https:\\\/\\\/visionarymarketing.com\\\/fr\\\/2013\\\/10\\\/16\\\/le-livre-et-les-slides-la-communication-digitale-expliquee-a-mon-boss-est-disponible\\\/#breadcrumb\"},\"inLanguage\":\"fr-FR\",\"potentialAction\":[{\"@type\":\"ReadAction\",\"target\":[\"https:\\\/\\\/visionarymarketing.com\\\/fr\\\/2013\\\/10\\\/16\\\/le-livre-et-les-slides-la-communication-digitale-expliquee-a-mon-boss-est-disponible\\\/\"]}]},{\"@type\":\"ImageObject\",\"inLanguage\":\"fr-FR\",\"@id\":\"https:\\\/\\\/visionarymarketing.com\\\/fr\\\/2013\\\/10\\\/16\\\/le-livre-et-les-slides-la-communication-digitale-expliquee-a-mon-boss-est-disponible\\\/#primaryimage\",\"url\":\"https:\\\/\\\/visionarymarketing.com\\\/wp-content\\\/uploads\\\/2013\\\/10\\\/fr-la-communication-digitale-explique-mon-boss-2013-les-slides-1-638-e1583943328943.jpg\",\"contentUrl\":\"https:\\\/\\\/visionarymarketing.com\\\/wp-content\\\/uploads\\\/2013\\\/10\\\/fr-la-communication-digitale-explique-mon-boss-2013-les-slides-1-638-e1583943328943.jpg\",\"width\":519,\"height\":340},{\"@type\":\"BreadcrumbList\",\"@id\":\"https:\\\/\\\/visionarymarketing.com\\\/fr\\\/2013\\\/10\\\/16\\\/le-livre-et-les-slides-la-communication-digitale-expliquee-a-mon-boss-est-disponible\\\/#breadcrumb\",\"itemListElement\":[{\"@type\":\"ListItem\",\"position\":1,\"name\":\"Home\",\"item\":\"https:\\\/\\\/visionarymarketing.com\\\/fr\\\/\"},{\"@type\":\"ListItem\",\"position\":2,\"name\":\"La communication digitale expliqu\u00e9e \u00e0 mon boss\"}]},{\"@type\":\"WebSite\",\"@id\":\"https:\\\/\\\/visionarymarketing.com\\\/fr\\\/#website\",\"url\":\"https:\\\/\\\/visionarymarketing.com\\\/fr\\\/\",\"name\":\"Marketing and Innovation\",\"description\":\"Site d&#039;infos ind\u00e9pendant, depuis 1996\",\"potentialAction\":[{\"@type\":\"SearchAction\",\"target\":{\"@type\":\"EntryPoint\",\"urlTemplate\":\"https:\\\/\\\/visionarymarketing.com\\\/fr\\\/?s={search_term_string}\"},\"query-input\":{\"@type\":\"PropertyValueSpecification\",\"valueRequired\":true,\"valueName\":\"search_term_string\"}}],\"inLanguage\":\"fr-FR\"},{\"@type\":\"Person\",\"@id\":\"https:\\\/\\\/visionarymarketing.com\\\/fr\\\/#\\\/schema\\\/person\\\/3754fee1e558f47b8deb46f53c37423e\",\"name\":\"Yann Gourvennec\",\"image\":{\"@type\":\"ImageObject\",\"inLanguage\":\"fr-FR\",\"@id\":\"https:\\\/\\\/secure.gravatar.com\\\/avatar\\\/5972001801e8de5692a3e31224e85769f50a55fb8b679749f9c8d1868cceff14?s=96&d=initials&r=g&initials=yg\",\"url\":\"https:\\\/\\\/secure.gravatar.com\\\/avatar\\\/5972001801e8de5692a3e31224e85769f50a55fb8b679749f9c8d1868cceff14?s=96&d=initials&r=g&initials=yg\",\"contentUrl\":\"https:\\\/\\\/secure.gravatar.com\\\/avatar\\\/5972001801e8de5692a3e31224e85769f50a55fb8b679749f9c8d1868cceff14?s=96&d=initials&r=g&initials=yg\",\"caption\":\"Yann Gourvennec\"},\"description\":\"Yann Gourvennec created visionarymarketing.com in 1996. He is a speaker and author of many books. In 2014 he went from intrapreneur to entrepreneur, when he created his digital marketing agency. Yann Gourvennec a cr\u00e9\u00e9 visionarymarketing.com en 1996. Il est conf\u00e9rencier et auteur de plusieurs livres. En 2014, il est pass\u00e9 d'intrapreneur \u00e0 entrepreneur en cr\u00e9ant son agence de marketing num\u00e9rique.\",\"sameAs\":[\"https:\\\/\\\/visionarymarketing.com\",\"http:\\\/\\\/facebook.com\\\/ygourven\",\"http:\\\/\\\/linkedin.com\\\/in\\\/ygourven\",\"https:\\\/\\\/x.com\\\/ygourven\",\"https:\\\/\\\/www.youtube.com\\\/c\\\/visionarymarketingagency\"],\"url\":\"https:\\\/\\\/visionarymarketing.com\\\/fr\\\/author\\\/yann-gourvennec\\\/\"}]}<\/script>\n<!-- \/ Yoast SEO plugin. -->","yoast_head_json":{"title":"sortie du livre La communication digitale expliqu\u00e9e \u00e0 mon boss","description":"C\u2019est le grand jour ! notre nouvel ouvrage la communication digitale expliqu\u00e9e \u00e0 mon boss sort aujourd\u2019hui avec ses planches PowerPoint","robots":{"index":"index","follow":"follow","max-snippet":"max-snippet:-1","max-image-preview":"max-image-preview:large","max-video-preview":"max-video-preview:-1"},"canonical":"https:\/\/visionarymarketing.com\/fr\/2013\/10\/16\/le-livre-et-les-slides-la-communication-digitale-expliquee-a-mon-boss-est-disponible\/","og_locale":"fr_FR","og_type":"article","og_title":"sortie du livre La communication digitale expliqu\u00e9e \u00e0 mon boss","og_description":"C\u2019est le grand jour ! notre nouvel ouvrage la communication digitale expliqu\u00e9e \u00e0 mon boss sort aujourd\u2019hui avec ses planches PowerPoint","og_url":"https:\/\/visionarymarketing.com\/fr\/2013\/10\/16\/le-livre-et-les-slides-la-communication-digitale-expliquee-a-mon-boss-est-disponible\/","og_site_name":"Marketing and Innovation","article_publisher":"https:\/\/www.facebook.com\/vismktg","article_author":"http:\/\/facebook.com\/ygourven","article_published_time":"2013-10-16T07:05:22+00:00","article_modified_time":"2021-01-20T07:13:55+00:00","og_image":[{"width":638,"height":479,"url":"https:\/\/visionarymarketing.com\/wp-content\/uploads\/2013\/10\/fr-la-communication-digitale-explique-mon-boss-2013-les-slides-1-638-e1583943328943.jpg","type":"image\/jpeg"}],"author":"Yann Gourvennec","twitter_card":"summary_large_image","twitter_creator":"@ygourven","twitter_site":"@ygourven","twitter_misc":{"\u00c9crit par":"Yann Gourvennec","Dur\u00e9e de lecture estim\u00e9e":"4 minutes"},"schema":{"@context":"https:\/\/schema.org","@graph":[{"@type":"NewsArticle","@id":"https:\/\/visionarymarketing.com\/fr\/2013\/10\/16\/le-livre-et-les-slides-la-communication-digitale-expliquee-a-mon-boss-est-disponible\/#article","isPartOf":{"@id":"https:\/\/visionarymarketing.com\/fr\/2013\/10\/16\/le-livre-et-les-slides-la-communication-digitale-expliquee-a-mon-boss-est-disponible\/"},"author":{"name":"Yann Gourvennec","@id":"https:\/\/visionarymarketing.com\/fr\/#\/schema\/person\/3754fee1e558f47b8deb46f53c37423e"},"headline":"La communication digitale expliqu\u00e9e \u00e0 mon boss","datePublished":"2013-10-16T07:05:22+00:00","dateModified":"2021-01-20T07:13:55+00:00","mainEntityOfPage":{"@id":"https:\/\/visionarymarketing.com\/fr\/2013\/10\/16\/le-livre-et-les-slides-la-communication-digitale-expliquee-a-mon-boss-est-disponible\/"},"wordCount":890,"commentCount":2,"image":{"@id":"https:\/\/visionarymarketing.com\/fr\/2013\/10\/16\/le-livre-et-les-slides-la-communication-digitale-expliquee-a-mon-boss-est-disponible\/#primaryimage"},"thumbnailUrl":"https:\/\/visionarymarketing.com\/wp-content\/uploads\/2013\/10\/fr-la-communication-digitale-explique-mon-boss-2013-les-slides-1-638-e1583943328943.jpg","articleSection":["livres marketing"],"inLanguage":"fr-FR","potentialAction":[{"@type":"CommentAction","name":"Comment","target":["https:\/\/visionarymarketing.com\/fr\/2013\/10\/16\/le-livre-et-les-slides-la-communication-digitale-expliquee-a-mon-boss-est-disponible\/#respond"]}]},{"@type":"WebPage","@id":"https:\/\/visionarymarketing.com\/fr\/2013\/10\/16\/le-livre-et-les-slides-la-communication-digitale-expliquee-a-mon-boss-est-disponible\/","url":"https:\/\/visionarymarketing.com\/fr\/2013\/10\/16\/le-livre-et-les-slides-la-communication-digitale-expliquee-a-mon-boss-est-disponible\/","name":"sortie du livre La communication digitale expliqu\u00e9e \u00e0 mon boss","isPartOf":{"@id":"https:\/\/visionarymarketing.com\/fr\/#website"},"primaryImageOfPage":{"@id":"https:\/\/visionarymarketing.com\/fr\/2013\/10\/16\/le-livre-et-les-slides-la-communication-digitale-expliquee-a-mon-boss-est-disponible\/#primaryimage"},"image":{"@id":"https:\/\/visionarymarketing.com\/fr\/2013\/10\/16\/le-livre-et-les-slides-la-communication-digitale-expliquee-a-mon-boss-est-disponible\/#primaryimage"},"thumbnailUrl":"https:\/\/visionarymarketing.com\/wp-content\/uploads\/2013\/10\/fr-la-communication-digitale-explique-mon-boss-2013-les-slides-1-638-e1583943328943.jpg","datePublished":"2013-10-16T07:05:22+00:00","dateModified":"2021-01-20T07:13:55+00:00","author":{"@id":"https:\/\/visionarymarketing.com\/fr\/#\/schema\/person\/3754fee1e558f47b8deb46f53c37423e"},"description":"C\u2019est le grand jour ! notre nouvel ouvrage la communication digitale expliqu\u00e9e \u00e0 mon boss sort aujourd\u2019hui avec ses planches PowerPoint","breadcrumb":{"@id":"https:\/\/visionarymarketing.com\/fr\/2013\/10\/16\/le-livre-et-les-slides-la-communication-digitale-expliquee-a-mon-boss-est-disponible\/#breadcrumb"},"inLanguage":"fr-FR","potentialAction":[{"@type":"ReadAction","target":["https:\/\/visionarymarketing.com\/fr\/2013\/10\/16\/le-livre-et-les-slides-la-communication-digitale-expliquee-a-mon-boss-est-disponible\/"]}]},{"@type":"ImageObject","inLanguage":"fr-FR","@id":"https:\/\/visionarymarketing.com\/fr\/2013\/10\/16\/le-livre-et-les-slides-la-communication-digitale-expliquee-a-mon-boss-est-disponible\/#primaryimage","url":"https:\/\/visionarymarketing.com\/wp-content\/uploads\/2013\/10\/fr-la-communication-digitale-explique-mon-boss-2013-les-slides-1-638-e1583943328943.jpg","contentUrl":"https:\/\/visionarymarketing.com\/wp-content\/uploads\/2013\/10\/fr-la-communication-digitale-explique-mon-boss-2013-les-slides-1-638-e1583943328943.jpg","width":519,"height":340},{"@type":"BreadcrumbList","@id":"https:\/\/visionarymarketing.com\/fr\/2013\/10\/16\/le-livre-et-les-slides-la-communication-digitale-expliquee-a-mon-boss-est-disponible\/#breadcrumb","itemListElement":[{"@type":"ListItem","position":1,"name":"Home","item":"https:\/\/visionarymarketing.com\/fr\/"},{"@type":"ListItem","position":2,"name":"La communication digitale expliqu\u00e9e \u00e0 mon boss"}]},{"@type":"WebSite","@id":"https:\/\/visionarymarketing.com\/fr\/#website","url":"https:\/\/visionarymarketing.com\/fr\/","name":"Marketing and Innovation","description":"Site d&#039;infos ind\u00e9pendant, depuis 1996","potentialAction":[{"@type":"SearchAction","target":{"@type":"EntryPoint","urlTemplate":"https:\/\/visionarymarketing.com\/fr\/?s={search_term_string}"},"query-input":{"@type":"PropertyValueSpecification","valueRequired":true,"valueName":"search_term_string"}}],"inLanguage":"fr-FR"},{"@type":"Person","@id":"https:\/\/visionarymarketing.com\/fr\/#\/schema\/person\/3754fee1e558f47b8deb46f53c37423e","name":"Yann Gourvennec","image":{"@type":"ImageObject","inLanguage":"fr-FR","@id":"https:\/\/secure.gravatar.com\/avatar\/5972001801e8de5692a3e31224e85769f50a55fb8b679749f9c8d1868cceff14?s=96&d=initials&r=g&initials=yg","url":"https:\/\/secure.gravatar.com\/avatar\/5972001801e8de5692a3e31224e85769f50a55fb8b679749f9c8d1868cceff14?s=96&d=initials&r=g&initials=yg","contentUrl":"https:\/\/secure.gravatar.com\/avatar\/5972001801e8de5692a3e31224e85769f50a55fb8b679749f9c8d1868cceff14?s=96&d=initials&r=g&initials=yg","caption":"Yann Gourvennec"},"description":"Yann Gourvennec created visionarymarketing.com in 1996. He is a speaker and author of many books. In 2014 he went from intrapreneur to entrepreneur, when he created his digital marketing agency. Yann Gourvennec a cr\u00e9\u00e9 visionarymarketing.com en 1996. Il est conf\u00e9rencier et auteur de plusieurs livres. En 2014, il est pass\u00e9 d'intrapreneur \u00e0 entrepreneur en cr\u00e9ant son agence de marketing num\u00e9rique.","sameAs":["https:\/\/visionarymarketing.com","http:\/\/facebook.com\/ygourven","http:\/\/linkedin.com\/in\/ygourven","https:\/\/x.com\/ygourven","https:\/\/www.youtube.com\/c\/visionarymarketingagency"],"url":"https:\/\/visionarymarketing.com\/fr\/author\/yann-gourvennec\/"}]}},"_links":{"self":[{"href":"https:\/\/visionarymarketing.com\/fr\/wp-json\/wp\/v2\/posts\/9660","targetHints":{"allow":["GET"]}}],"collection":[{"href":"https:\/\/visionarymarketing.com\/fr\/wp-json\/wp\/v2\/posts"}],"about":[{"href":"https:\/\/visionarymarketing.com\/fr\/wp-json\/wp\/v2\/types\/post"}],"author":[{"embeddable":true,"href":"https:\/\/visionarymarketing.com\/fr\/wp-json\/wp\/v2\/users\/2"}],"replies":[{"embeddable":true,"href":"https:\/\/visionarymarketing.com\/fr\/wp-json\/wp\/v2\/comments?post=9660"}],"version-history":[{"count":0,"href":"https:\/\/visionarymarketing.com\/fr\/wp-json\/wp\/v2\/posts\/9660\/revisions"}],"wp:featuredmedia":[{"embeddable":true,"href":"https:\/\/visionarymarketing.com\/fr\/wp-json\/wp\/v2\/media\/50969"}],"wp:attachment":[{"href":"https:\/\/visionarymarketing.com\/fr\/wp-json\/wp\/v2\/media?parent=9660"}],"wp:term":[{"taxonomy":"category","embeddable":true,"href":"https:\/\/visionarymarketing.com\/fr\/wp-json\/wp\/v2\/categories?post=9660"},{"taxonomy":"post_tag","embeddable":true,"href":"https:\/\/visionarymarketing.com\/fr\/wp-json\/wp\/v2\/tags?post=9660"}],"curies":[{"name":"wp","href":"https:\/\/api.w.org\/{rel}","templated":true}]}}