{"id":9522,"date":"2013-10-03T16:42:37","date_gmt":"2013-10-03T14:42:37","guid":{"rendered":"http:\/\/visionarymarketing.fr\/blog\/?p=9522"},"modified":"2021-01-23T08:02:46","modified_gmt":"2021-01-23T07:02:46","slug":"soldes-dautomne-25-sur-les-pre-commandes-de-notre-futur-livre","status":"publish","type":"post","link":"https:\/\/visionarymarketing.com\/fr\/2013\/10\/03\/soldes-dautomne-25-sur-les-pre-commandes-de-notre-futur-livre\/","title":{"rendered":"Soldes d&rsquo;Automne : -25% sur les pr\u00e9-commandes de notre futur livre"},"content":{"rendered":"<p><strong>Pr\u00e9 vente avec r\u00e9ductions exceptionnelles du livre \u00ab La communication digitale expliqu\u00e9e \u00e0 mon boss \u00bb<\/strong><\/p>\n<p><a href=\"http:\/\/editions-kawa.com\/actualites\/pre-vente-avec-reductions-exceptionnelles-du-livre-la-communication-digitale-expliquee-a-mon-boss\/\" target=\"_blank\" rel=\"noopener noreferrer\"><img decoding=\"async\" style=\"background-image: none; padding-left: 0px; padding-right: 0px; display: inline; padding-top: 0px; border: 0px none;\" title=\"image\" src=\"https:\/\/visionarymarketing.com\/wp-content\/uploads\/2013\/10\/image_thumb2.png\" alt=\"image\" width=\"196\" height=\"240\" align=\"left\" border=\"0\" \/><\/a><\/p>\n<p><em>Ce sont les soldes ! Il faut en profiter \u2026 <a href=\"http:\/\/editions-kawa.com\/actualites\/pre-vente-avec-reductions-exceptionnelles-du-livre-la-communication-digitale-expliquee-a-mon-boss\/\" target=\"_blank\" rel=\"noopener noreferrer\">je relaie l\u2019information diffus\u00e9e ce jour par notre \u00e9diteur Kawa sur son blog<\/a><\/em><\/p>\n<p><strong>Pour b\u00e9n\u00e9ficier de la remise exceptionnelle de pr\u00e9 vente <a href=\"http:\/\/www.editions-kawa.com\/fr\/home\/55-la-communication-digitale-expliquee-a-mon-boss.html\">de -25% et des frais de port &amp; emballages gratuits, c\u2019est ici !<\/a> <\/strong><\/p>\n<p><strong>Soyez les premiers \u00e0 d\u00e9couvrir ce futur best-seller!<\/strong><\/p>\n<p>Le pitch en quelques mots:<\/p>\n<p>En 2013, le \u00ab digital \u00bb s\u2019est d\u00e9j\u00e0 r\u00e9pandu dans des entreprises du monde entier ; pourtant, la ma\u00eetrise de son langage et de son alchimie, m\u00e9lange de savoir-faire strat\u00e9gique, de communication, de cr\u00e9ation (et de co-cr\u00e9ation) de contenus, de marketing du bouche-\u00e0-oreille, de ma\u00eetrise d\u2019ouvrage, de conduite du changement et de vision technologique, reste un myst\u00e8re pour beaucoup. Ce livre a pour objectif d\u2019aider les d\u00e9cideurs \u00e0 remporter le d\u00e9fi de ce Web en constante \u00e9volution, sans cesse plus global (ou \u00ab glocal \u00bb), plus social, plus mobile et de plus en plus li\u00e9 au coeur de m\u00e9tier de l\u2019entreprise. Cet ouvrage prolonge, en outre, \u00ab Les m\u00e9dias sociaux expliqu\u00e9s \u00e0 mon boss \u00bb, en \u00e9largissant la th\u00e9matique, et en donnant une large place aux m\u00e9dias sociaux en tant qu\u2019un des \u00e9l\u00e9ments fondamentaux d\u2019un mix marketing digital :<\/p>\n<p><strong>1\/ Importance du digital, historique, caract\u00e9ristiques et \u00e9volution :<\/strong> le digital est plus qu\u2019une mode, c\u2019est une v\u00e9ritable tendance de fond qui bouleverse nos \u00e9conomies, refonde nos entreprises, red\u00e9finit les r\u00e8gles du jeu de la communication.<\/p>\n<p><strong>2\/ Le contenu au coeur de votre strat\u00e9gie de communication digitale :<\/strong> \u00ab le contenu est roi \u00bb est un euph\u00e9misme. Toute strat\u00e9gie de communication digitale se base sur cette mati\u00e8re premi\u00e8re et vise \u00e0 l\u2019utiliser de fa\u00e7on originale.<\/p>\n<p><strong>3\/ D\u00e9velopper sa communication digitale :<\/strong> cr\u00e9er du contenu est fondamental, mais ne suffit pas. Ce chapitre vous montrera comment d\u00e9velopper votre communication digitale efficacement.<\/p>\n<p><strong>4\/ Structurer sa communication digitale :<\/strong> cr\u00e9er un site Web ou un blog est facile, conduire le changement dans une entreprise, mener sa gouvernance, faire \u00e9voluer les comp\u00e9tences est plus d\u00e9licat.<\/p>\n<p><strong>5\/ Pour ceux qui auraient rat\u00e9 la r\u00e9volution digitale :<\/strong> si vous vous demandez encore si le digital peut faire quelque chose pour vous et votre entreprise, surtout si vous \u00eates une PME, alors ce chapitre est fait pour vous. Sinon, vous y trouverez des arguments solides pour convaincre vos coll\u00e8gues.<\/p>\n<p><strong>&gt; <\/strong><a href=\"http:\/\/editions-kawa.com\/actualites\/pre-vente-avec-reductions-exceptionnelles-du-livre-la-communication-digitale-expliquee-a-mon-boss\/\" target=\"_blank\" rel=\"noopener noreferrer\"><strong>lire la suite de l\u2019annonce sur le blog de Kawa \u00e9ditions<\/strong><\/a><\/p>\n","protected":false},"excerpt":{"rendered":"<p>Pr\u00e9 vente avec r\u00e9ductions exceptionnelles du livre \u00ab La communication digitale expliqu\u00e9e \u00e0 mon boss \u00bb Ce sont les soldes ! Il faut en profiter \u2026 je relaie l\u2019information diffus\u00e9e ce jour par notre \u00e9diteur Kawa sur son blog Pour b\u00e9n\u00e9ficier de la remise exceptionnelle de pr\u00e9 vente de -25% et des frais de port &hellip;<\/p>\n","protected":false},"author":2,"featured_media":60941,"comment_status":"open","ping_status":"open","sticky":false,"template":"","format":"standard","meta":{"footnotes":""},"categories":[2898,248],"tags":[],"class_list":["post-9522","post","type-post","status-publish","format-standard","has-post-thumbnail","hentry","category-communication-digitale","category-livres-marketing"],"yoast_head":"<!-- This site is optimized with the Yoast SEO plugin v27.4 - https:\/\/yoast.com\/product\/yoast-seo-wordpress\/ -->\n<title>Soldes d&#039;Automne : -25% sur les pr\u00e9-commandes de notre futur livre<\/title>\n<meta name=\"description\" content=\"Pr\u00e9 vente avec r\u00e9ductions exceptionnelles du livre \u00ab La communication digitale expliqu\u00e9e \u00e0 mon boss \u00bb Ce sont les soldes ! Il faut en profiter \u2026 je relaie\" \/>\n<meta name=\"robots\" content=\"noindex, follow\" \/>\n<meta property=\"og:locale\" content=\"fr_FR\" \/>\n<meta property=\"og:type\" content=\"article\" \/>\n<meta property=\"og:title\" content=\"Soldes d&#039;Automne : -25% sur les pr\u00e9-commandes de notre futur livre\" \/>\n<meta property=\"og:description\" content=\"Pr\u00e9 vente avec r\u00e9ductions exceptionnelles du livre \u00ab La communication digitale expliqu\u00e9e \u00e0 mon boss \u00bb Ce sont les soldes ! Il faut en profiter \u2026 je relaie\" \/>\n<meta property=\"og:url\" content=\"https:\/\/visionarymarketing.com\/fr\/2013\/10\/03\/soldes-dautomne-25-sur-les-pre-commandes-de-notre-futur-livre\/\" \/>\n<meta property=\"og:site_name\" content=\"Marketing and Innovation\" \/>\n<meta property=\"article:publisher\" content=\"https:\/\/www.facebook.com\/vismktg\" \/>\n<meta property=\"article:author\" content=\"http:\/\/facebook.com\/ygourven\" \/>\n<meta property=\"article:published_time\" content=\"2013-10-03T14:42:37+00:00\" \/>\n<meta property=\"article:modified_time\" content=\"2021-01-23T07:02:46+00:00\" \/>\n<meta property=\"og:image\" content=\"https:\/\/visionarymarketing.com\/wp-content\/uploads\/2021\/01\/amonboss-1.png\" \/>\n\t<meta property=\"og:image:width\" content=\"520\" \/>\n\t<meta property=\"og:image:height\" content=\"340\" \/>\n\t<meta property=\"og:image:type\" content=\"image\/png\" \/>\n<meta name=\"author\" content=\"Yann Gourvennec\" \/>\n<meta name=\"twitter:card\" content=\"summary_large_image\" \/>\n<meta name=\"twitter:creator\" content=\"@ygourven\" \/>\n<meta name=\"twitter:site\" content=\"@ygourven\" \/>\n<meta name=\"twitter:label1\" content=\"\u00c9crit par\" \/>\n\t<meta name=\"twitter:data1\" content=\"Yann Gourvennec\" \/>\n\t<meta name=\"twitter:label2\" content=\"Dur\u00e9e de lecture estim\u00e9e\" \/>\n\t<meta name=\"twitter:data2\" content=\"2 minutes\" \/>\n<script type=\"application\/ld+json\" class=\"yoast-schema-graph\">{\"@context\":\"https:\\\/\\\/schema.org\",\"@graph\":[{\"@type\":\"NewsArticle\",\"@id\":\"https:\\\/\\\/visionarymarketing.com\\\/fr\\\/2013\\\/10\\\/03\\\/soldes-dautomne-25-sur-les-pre-commandes-de-notre-futur-livre\\\/#article\",\"isPartOf\":{\"@id\":\"https:\\\/\\\/visionarymarketing.com\\\/fr\\\/2013\\\/10\\\/03\\\/soldes-dautomne-25-sur-les-pre-commandes-de-notre-futur-livre\\\/\"},\"author\":{\"name\":\"Yann Gourvennec\",\"@id\":\"https:\\\/\\\/visionarymarketing.com\\\/fr\\\/#\\\/schema\\\/person\\\/3754fee1e558f47b8deb46f53c37423e\"},\"headline\":\"Soldes d&rsquo;Automne : -25% sur les pr\u00e9-commandes de notre futur livre\",\"datePublished\":\"2013-10-03T14:42:37+00:00\",\"dateModified\":\"2021-01-23T07:02:46+00:00\",\"mainEntityOfPage\":{\"@id\":\"https:\\\/\\\/visionarymarketing.com\\\/fr\\\/2013\\\/10\\\/03\\\/soldes-dautomne-25-sur-les-pre-commandes-de-notre-futur-livre\\\/\"},\"wordCount\":442,\"commentCount\":0,\"image\":{\"@id\":\"https:\\\/\\\/visionarymarketing.com\\\/fr\\\/2013\\\/10\\\/03\\\/soldes-dautomne-25-sur-les-pre-commandes-de-notre-futur-livre\\\/#primaryimage\"},\"thumbnailUrl\":\"https:\\\/\\\/visionarymarketing.com\\\/wp-content\\\/uploads\\\/2021\\\/01\\\/amonboss-1.png\",\"articleSection\":[\"communication digitale\",\"livres marketing\"],\"inLanguage\":\"fr-FR\",\"potentialAction\":[{\"@type\":\"CommentAction\",\"name\":\"Comment\",\"target\":[\"https:\\\/\\\/visionarymarketing.com\\\/fr\\\/2013\\\/10\\\/03\\\/soldes-dautomne-25-sur-les-pre-commandes-de-notre-futur-livre\\\/#respond\"]}]},{\"@type\":\"WebPage\",\"@id\":\"https:\\\/\\\/visionarymarketing.com\\\/fr\\\/2013\\\/10\\\/03\\\/soldes-dautomne-25-sur-les-pre-commandes-de-notre-futur-livre\\\/\",\"url\":\"https:\\\/\\\/visionarymarketing.com\\\/fr\\\/2013\\\/10\\\/03\\\/soldes-dautomne-25-sur-les-pre-commandes-de-notre-futur-livre\\\/\",\"name\":\"Soldes d'Automne : -25% sur les pr\u00e9-commandes de notre futur livre\",\"isPartOf\":{\"@id\":\"https:\\\/\\\/visionarymarketing.com\\\/fr\\\/#website\"},\"primaryImageOfPage\":{\"@id\":\"https:\\\/\\\/visionarymarketing.com\\\/fr\\\/2013\\\/10\\\/03\\\/soldes-dautomne-25-sur-les-pre-commandes-de-notre-futur-livre\\\/#primaryimage\"},\"image\":{\"@id\":\"https:\\\/\\\/visionarymarketing.com\\\/fr\\\/2013\\\/10\\\/03\\\/soldes-dautomne-25-sur-les-pre-commandes-de-notre-futur-livre\\\/#primaryimage\"},\"thumbnailUrl\":\"https:\\\/\\\/visionarymarketing.com\\\/wp-content\\\/uploads\\\/2021\\\/01\\\/amonboss-1.png\",\"datePublished\":\"2013-10-03T14:42:37+00:00\",\"dateModified\":\"2021-01-23T07:02:46+00:00\",\"author\":{\"@id\":\"https:\\\/\\\/visionarymarketing.com\\\/fr\\\/#\\\/schema\\\/person\\\/3754fee1e558f47b8deb46f53c37423e\"},\"description\":\"Pr\u00e9 vente avec r\u00e9ductions exceptionnelles du livre \u00ab La communication digitale expliqu\u00e9e \u00e0 mon boss \u00bb Ce sont les soldes ! Il faut en profiter \u2026 je relaie\",\"breadcrumb\":{\"@id\":\"https:\\\/\\\/visionarymarketing.com\\\/fr\\\/2013\\\/10\\\/03\\\/soldes-dautomne-25-sur-les-pre-commandes-de-notre-futur-livre\\\/#breadcrumb\"},\"inLanguage\":\"fr-FR\",\"potentialAction\":[{\"@type\":\"ReadAction\",\"target\":[\"https:\\\/\\\/visionarymarketing.com\\\/fr\\\/2013\\\/10\\\/03\\\/soldes-dautomne-25-sur-les-pre-commandes-de-notre-futur-livre\\\/\"]}]},{\"@type\":\"ImageObject\",\"inLanguage\":\"fr-FR\",\"@id\":\"https:\\\/\\\/visionarymarketing.com\\\/fr\\\/2013\\\/10\\\/03\\\/soldes-dautomne-25-sur-les-pre-commandes-de-notre-futur-livre\\\/#primaryimage\",\"url\":\"https:\\\/\\\/visionarymarketing.com\\\/wp-content\\\/uploads\\\/2021\\\/01\\\/amonboss-1.png\",\"contentUrl\":\"https:\\\/\\\/visionarymarketing.com\\\/wp-content\\\/uploads\\\/2021\\\/01\\\/amonboss-1.png\",\"width\":520,\"height\":340},{\"@type\":\"BreadcrumbList\",\"@id\":\"https:\\\/\\\/visionarymarketing.com\\\/fr\\\/2013\\\/10\\\/03\\\/soldes-dautomne-25-sur-les-pre-commandes-de-notre-futur-livre\\\/#breadcrumb\",\"itemListElement\":[{\"@type\":\"ListItem\",\"position\":1,\"name\":\"Home\",\"item\":\"https:\\\/\\\/visionarymarketing.com\\\/fr\\\/\"},{\"@type\":\"ListItem\",\"position\":2,\"name\":\"Soldes d&rsquo;Automne : -25% sur les pr\u00e9-commandes de notre futur livre\"}]},{\"@type\":\"WebSite\",\"@id\":\"https:\\\/\\\/visionarymarketing.com\\\/fr\\\/#website\",\"url\":\"https:\\\/\\\/visionarymarketing.com\\\/fr\\\/\",\"name\":\"Marketing and Innovation\",\"description\":\"Site d&#039;infos ind\u00e9pendant, depuis 1996\",\"potentialAction\":[{\"@type\":\"SearchAction\",\"target\":{\"@type\":\"EntryPoint\",\"urlTemplate\":\"https:\\\/\\\/visionarymarketing.com\\\/fr\\\/?s={search_term_string}\"},\"query-input\":{\"@type\":\"PropertyValueSpecification\",\"valueRequired\":true,\"valueName\":\"search_term_string\"}}],\"inLanguage\":\"fr-FR\"},{\"@type\":\"Person\",\"@id\":\"https:\\\/\\\/visionarymarketing.com\\\/fr\\\/#\\\/schema\\\/person\\\/3754fee1e558f47b8deb46f53c37423e\",\"name\":\"Yann Gourvennec\",\"image\":{\"@type\":\"ImageObject\",\"inLanguage\":\"fr-FR\",\"@id\":\"https:\\\/\\\/secure.gravatar.com\\\/avatar\\\/5972001801e8de5692a3e31224e85769f50a55fb8b679749f9c8d1868cceff14?s=96&d=initials&r=g&initials=yg\",\"url\":\"https:\\\/\\\/secure.gravatar.com\\\/avatar\\\/5972001801e8de5692a3e31224e85769f50a55fb8b679749f9c8d1868cceff14?s=96&d=initials&r=g&initials=yg\",\"contentUrl\":\"https:\\\/\\\/secure.gravatar.com\\\/avatar\\\/5972001801e8de5692a3e31224e85769f50a55fb8b679749f9c8d1868cceff14?s=96&d=initials&r=g&initials=yg\",\"caption\":\"Yann Gourvennec\"},\"description\":\"Yann Gourvennec created visionarymarketing.com in 1996. He is a speaker and author of many books. In 2014 he went from intrapreneur to entrepreneur, when he created his digital marketing agency. Yann Gourvennec a cr\u00e9\u00e9 visionarymarketing.com en 1996. Il est conf\u00e9rencier et auteur de plusieurs livres. En 2014, il est pass\u00e9 d'intrapreneur \u00e0 entrepreneur en cr\u00e9ant son agence de marketing num\u00e9rique.\",\"sameAs\":[\"https:\\\/\\\/visionarymarketing.com\",\"http:\\\/\\\/facebook.com\\\/ygourven\",\"http:\\\/\\\/linkedin.com\\\/in\\\/ygourven\",\"https:\\\/\\\/x.com\\\/ygourven\",\"https:\\\/\\\/www.youtube.com\\\/c\\\/visionarymarketingagency\"],\"url\":\"https:\\\/\\\/visionarymarketing.com\\\/fr\\\/author\\\/yann-gourvennec\\\/\"}]}<\/script>\n<!-- \/ Yoast SEO plugin. -->","yoast_head_json":{"title":"Soldes d'Automne : -25% sur les pr\u00e9-commandes de notre futur livre","description":"Pr\u00e9 vente avec r\u00e9ductions exceptionnelles du livre \u00ab La communication digitale expliqu\u00e9e \u00e0 mon boss \u00bb Ce sont les soldes ! Il faut en profiter \u2026 je relaie","robots":{"index":"noindex","follow":"follow"},"og_locale":"fr_FR","og_type":"article","og_title":"Soldes d'Automne : -25% sur les pr\u00e9-commandes de notre futur livre","og_description":"Pr\u00e9 vente avec r\u00e9ductions exceptionnelles du livre \u00ab La communication digitale expliqu\u00e9e \u00e0 mon boss \u00bb Ce sont les soldes ! Il faut en profiter \u2026 je relaie","og_url":"https:\/\/visionarymarketing.com\/fr\/2013\/10\/03\/soldes-dautomne-25-sur-les-pre-commandes-de-notre-futur-livre\/","og_site_name":"Marketing and Innovation","article_publisher":"https:\/\/www.facebook.com\/vismktg","article_author":"http:\/\/facebook.com\/ygourven","article_published_time":"2013-10-03T14:42:37+00:00","article_modified_time":"2021-01-23T07:02:46+00:00","og_image":[{"width":520,"height":340,"url":"https:\/\/visionarymarketing.com\/wp-content\/uploads\/2021\/01\/amonboss-1.png","type":"image\/png"}],"author":"Yann Gourvennec","twitter_card":"summary_large_image","twitter_creator":"@ygourven","twitter_site":"@ygourven","twitter_misc":{"\u00c9crit par":"Yann Gourvennec","Dur\u00e9e de lecture estim\u00e9e":"2 minutes"},"schema":{"@context":"https:\/\/schema.org","@graph":[{"@type":"NewsArticle","@id":"https:\/\/visionarymarketing.com\/fr\/2013\/10\/03\/soldes-dautomne-25-sur-les-pre-commandes-de-notre-futur-livre\/#article","isPartOf":{"@id":"https:\/\/visionarymarketing.com\/fr\/2013\/10\/03\/soldes-dautomne-25-sur-les-pre-commandes-de-notre-futur-livre\/"},"author":{"name":"Yann Gourvennec","@id":"https:\/\/visionarymarketing.com\/fr\/#\/schema\/person\/3754fee1e558f47b8deb46f53c37423e"},"headline":"Soldes d&rsquo;Automne : -25% sur les pr\u00e9-commandes de notre futur livre","datePublished":"2013-10-03T14:42:37+00:00","dateModified":"2021-01-23T07:02:46+00:00","mainEntityOfPage":{"@id":"https:\/\/visionarymarketing.com\/fr\/2013\/10\/03\/soldes-dautomne-25-sur-les-pre-commandes-de-notre-futur-livre\/"},"wordCount":442,"commentCount":0,"image":{"@id":"https:\/\/visionarymarketing.com\/fr\/2013\/10\/03\/soldes-dautomne-25-sur-les-pre-commandes-de-notre-futur-livre\/#primaryimage"},"thumbnailUrl":"https:\/\/visionarymarketing.com\/wp-content\/uploads\/2021\/01\/amonboss-1.png","articleSection":["communication digitale","livres marketing"],"inLanguage":"fr-FR","potentialAction":[{"@type":"CommentAction","name":"Comment","target":["https:\/\/visionarymarketing.com\/fr\/2013\/10\/03\/soldes-dautomne-25-sur-les-pre-commandes-de-notre-futur-livre\/#respond"]}]},{"@type":"WebPage","@id":"https:\/\/visionarymarketing.com\/fr\/2013\/10\/03\/soldes-dautomne-25-sur-les-pre-commandes-de-notre-futur-livre\/","url":"https:\/\/visionarymarketing.com\/fr\/2013\/10\/03\/soldes-dautomne-25-sur-les-pre-commandes-de-notre-futur-livre\/","name":"Soldes d'Automne : -25% sur les pr\u00e9-commandes de notre futur livre","isPartOf":{"@id":"https:\/\/visionarymarketing.com\/fr\/#website"},"primaryImageOfPage":{"@id":"https:\/\/visionarymarketing.com\/fr\/2013\/10\/03\/soldes-dautomne-25-sur-les-pre-commandes-de-notre-futur-livre\/#primaryimage"},"image":{"@id":"https:\/\/visionarymarketing.com\/fr\/2013\/10\/03\/soldes-dautomne-25-sur-les-pre-commandes-de-notre-futur-livre\/#primaryimage"},"thumbnailUrl":"https:\/\/visionarymarketing.com\/wp-content\/uploads\/2021\/01\/amonboss-1.png","datePublished":"2013-10-03T14:42:37+00:00","dateModified":"2021-01-23T07:02:46+00:00","author":{"@id":"https:\/\/visionarymarketing.com\/fr\/#\/schema\/person\/3754fee1e558f47b8deb46f53c37423e"},"description":"Pr\u00e9 vente avec r\u00e9ductions exceptionnelles du livre \u00ab La communication digitale expliqu\u00e9e \u00e0 mon boss \u00bb Ce sont les soldes ! Il faut en profiter \u2026 je relaie","breadcrumb":{"@id":"https:\/\/visionarymarketing.com\/fr\/2013\/10\/03\/soldes-dautomne-25-sur-les-pre-commandes-de-notre-futur-livre\/#breadcrumb"},"inLanguage":"fr-FR","potentialAction":[{"@type":"ReadAction","target":["https:\/\/visionarymarketing.com\/fr\/2013\/10\/03\/soldes-dautomne-25-sur-les-pre-commandes-de-notre-futur-livre\/"]}]},{"@type":"ImageObject","inLanguage":"fr-FR","@id":"https:\/\/visionarymarketing.com\/fr\/2013\/10\/03\/soldes-dautomne-25-sur-les-pre-commandes-de-notre-futur-livre\/#primaryimage","url":"https:\/\/visionarymarketing.com\/wp-content\/uploads\/2021\/01\/amonboss-1.png","contentUrl":"https:\/\/visionarymarketing.com\/wp-content\/uploads\/2021\/01\/amonboss-1.png","width":520,"height":340},{"@type":"BreadcrumbList","@id":"https:\/\/visionarymarketing.com\/fr\/2013\/10\/03\/soldes-dautomne-25-sur-les-pre-commandes-de-notre-futur-livre\/#breadcrumb","itemListElement":[{"@type":"ListItem","position":1,"name":"Home","item":"https:\/\/visionarymarketing.com\/fr\/"},{"@type":"ListItem","position":2,"name":"Soldes d&rsquo;Automne : -25% sur les pr\u00e9-commandes de notre futur livre"}]},{"@type":"WebSite","@id":"https:\/\/visionarymarketing.com\/fr\/#website","url":"https:\/\/visionarymarketing.com\/fr\/","name":"Marketing and Innovation","description":"Site d&#039;infos ind\u00e9pendant, depuis 1996","potentialAction":[{"@type":"SearchAction","target":{"@type":"EntryPoint","urlTemplate":"https:\/\/visionarymarketing.com\/fr\/?s={search_term_string}"},"query-input":{"@type":"PropertyValueSpecification","valueRequired":true,"valueName":"search_term_string"}}],"inLanguage":"fr-FR"},{"@type":"Person","@id":"https:\/\/visionarymarketing.com\/fr\/#\/schema\/person\/3754fee1e558f47b8deb46f53c37423e","name":"Yann Gourvennec","image":{"@type":"ImageObject","inLanguage":"fr-FR","@id":"https:\/\/secure.gravatar.com\/avatar\/5972001801e8de5692a3e31224e85769f50a55fb8b679749f9c8d1868cceff14?s=96&d=initials&r=g&initials=yg","url":"https:\/\/secure.gravatar.com\/avatar\/5972001801e8de5692a3e31224e85769f50a55fb8b679749f9c8d1868cceff14?s=96&d=initials&r=g&initials=yg","contentUrl":"https:\/\/secure.gravatar.com\/avatar\/5972001801e8de5692a3e31224e85769f50a55fb8b679749f9c8d1868cceff14?s=96&d=initials&r=g&initials=yg","caption":"Yann Gourvennec"},"description":"Yann Gourvennec created visionarymarketing.com in 1996. He is a speaker and author of many books. In 2014 he went from intrapreneur to entrepreneur, when he created his digital marketing agency. Yann Gourvennec a cr\u00e9\u00e9 visionarymarketing.com en 1996. Il est conf\u00e9rencier et auteur de plusieurs livres. En 2014, il est pass\u00e9 d'intrapreneur \u00e0 entrepreneur en cr\u00e9ant son agence de marketing num\u00e9rique.","sameAs":["https:\/\/visionarymarketing.com","http:\/\/facebook.com\/ygourven","http:\/\/linkedin.com\/in\/ygourven","https:\/\/x.com\/ygourven","https:\/\/www.youtube.com\/c\/visionarymarketingagency"],"url":"https:\/\/visionarymarketing.com\/fr\/author\/yann-gourvennec\/"}]}},"_links":{"self":[{"href":"https:\/\/visionarymarketing.com\/fr\/wp-json\/wp\/v2\/posts\/9522","targetHints":{"allow":["GET"]}}],"collection":[{"href":"https:\/\/visionarymarketing.com\/fr\/wp-json\/wp\/v2\/posts"}],"about":[{"href":"https:\/\/visionarymarketing.com\/fr\/wp-json\/wp\/v2\/types\/post"}],"author":[{"embeddable":true,"href":"https:\/\/visionarymarketing.com\/fr\/wp-json\/wp\/v2\/users\/2"}],"replies":[{"embeddable":true,"href":"https:\/\/visionarymarketing.com\/fr\/wp-json\/wp\/v2\/comments?post=9522"}],"version-history":[{"count":0,"href":"https:\/\/visionarymarketing.com\/fr\/wp-json\/wp\/v2\/posts\/9522\/revisions"}],"wp:featuredmedia":[{"embeddable":true,"href":"https:\/\/visionarymarketing.com\/fr\/wp-json\/wp\/v2\/media\/60941"}],"wp:attachment":[{"href":"https:\/\/visionarymarketing.com\/fr\/wp-json\/wp\/v2\/media?parent=9522"}],"wp:term":[{"taxonomy":"category","embeddable":true,"href":"https:\/\/visionarymarketing.com\/fr\/wp-json\/wp\/v2\/categories?post=9522"},{"taxonomy":"post_tag","embeddable":true,"href":"https:\/\/visionarymarketing.com\/fr\/wp-json\/wp\/v2\/tags?post=9522"}],"curies":[{"name":"wp","href":"https:\/\/api.w.org\/{rel}","templated":true}]}}