{"id":9494,"date":"2013-10-02T08:19:32","date_gmt":"2013-10-02T06:19:32","guid":{"rendered":"http:\/\/visionarymarketing.fr\/blog\/?p=9494"},"modified":"2025-05-08T21:53:56","modified_gmt":"2025-05-08T19:53:56","slug":"couverture-presque-definitive-du-livre-la-communication-digitale-expliquee-a-mon-boss","status":"publish","type":"post","link":"https:\/\/visionarymarketing.com\/fr\/2013\/10\/02\/couverture-presque-definitive-du-livre-la-communication-digitale-expliquee-a-mon-boss\/","title":{"rendered":"La couverture du livre \u00ab\u00a0la communication digitale expliqu\u00e9e a mon boss\u00a0\u00bb"},"content":{"rendered":"<p><em><img loading=\"lazy\" decoding=\"async\" class=\"alignright wp-image-9492 size-full\" src=\"https:\/\/visionarymarketing.com\/wp-content\/uploads\/2013\/10\/image_thumb.png\" alt=\"converture \u00e0 mon boss\" width=\"154\" height=\"189\" \/>La couverture d&rsquo;un livre de la collection \u00e0 mon boss ce n&rsquo;est pas un d\u00e9tail.\u00a0Ouf ! Ca fait du bien quand on approche de la fin d\u2019un travail titanesque. 9 mois ont \u00e9t\u00e9 n\u00e9cessaires \u00e0 l\u2019\u00e9criture de notre nouvelle Somme : \u201cla communication digitale expliqu\u00e9e \u00e0 mon boss\u201d, toujours chez notre fid\u00e8le <span title=\"http:\/\/www.editions-kawa.com\/fr\/\">\u00e9diteur Kawa<\/span>, dont on louera encore une fois la souplesse et l\u2019adaptabilit\u00e9, qualit\u00e9s indispensables lorsqu\u2019on travaille avec des pros du Web, habitu\u00e9s \u00e0 penser \u00e0 la vitesse de l\u2019hypertexte.<\/em><\/p>\n<h2>La couverture du livre \u00ab\u00a0la communication digitale expliqu\u00e9e a mon boss\u00a0\u00bb<\/h2>\n<p>Pr\u00e8s de 370 pages et environ 90 articles de 1800 mots en moyenne au total pour un livre, qui comme le pr\u00e9c\u00e9dent (<em><a href=\"http:\/\/www.editions-kawa.com\/fr\/home\/39-les-medias-sociaux-expliques-a-mon-boss.html\" target=\"_blank\" rel=\"noopener noreferrer\">les m\u00e9dias sociaux expliqu\u00e9s \u00e0 mon boss<\/a><\/em>), est destin\u00e9 \u00e0 se lire ind\u00e9pendamment, chapitre par chapitre, ou cursivement. Carte ou menu en somme, c\u2019est le lecteur qui choisira.<\/p>\n<p><img loading=\"lazy\" decoding=\"async\" class=\"aligncenter wp-image-60941 size-full\" src=\"https:\/\/visionarymarketing.com\/wp-content\/uploads\/2021\/01\/amonboss-1.png\" alt=\"La couverture du livre &quot;la communication digitale expliqu\u00e9e a mon boss&quot;\" width=\"520\" height=\"340\" srcset=\"https:\/\/visionarymarketing.com\/wp-content\/uploads\/2021\/01\/amonboss-1.png 520w, https:\/\/visionarymarketing.com\/wp-content\/uploads\/2021\/01\/amonboss-1-459x300.png 459w\" sizes=\"auto, (max-width: 520px) 100vw, 520px\" \/><\/p>\n<p><strong>Un livre sous le patronage du <a href=\"https:\/\/www.medef.com\/fr\" target=\"_blank\" rel=\"noopener noreferrer\">MEDEF<\/a>, de <a href=\"http:\/\/scoop.it\" target=\"_blank\" rel=\"noopener noreferrer\">Scoop\u2019it<\/a> et de <a href=\"http:\/\/Frenchweb.fr\" target=\"_blank\" rel=\"noopener noreferrer\">Frenchweb.fr<\/a> et de l\u2019<a href=\"http:\/\/esg.fr\" target=\"_blank\" rel=\"noopener noreferrer\">ESG<\/a><\/strong><!--more--><\/p>\n<p>Nous sommes \u00e9galement tr\u00e8s heureux d\u2019annoncer que la premi\u00e8re pr\u00e9face du livre est \u00e9crite en ce moment-m\u00eame par Pierre Gattaz, le bouillonnant nouveau patron du MEDEF qui a sans cesse r\u00e9p\u00e9t\u00e9 l\u2019importance du num\u00e9rique aux derni\u00e8res universit\u00e9s du MEDEF, qui se sont tenues en Septembre 2013 sur le campus de HEC. Quelle plus belle preuve de l\u2019importance du num\u00e9rique voulions-nous ? <a href=\"http:\/\/fr.wikipedia.org\/wiki\/Pierre_Gattaz\" target=\"_blank\" rel=\"noopener noreferrer\">Un grand patron industriel<\/a>, boss des boss, qui explique spontan\u00e9ment l\u2019importance d\u2019un secteur traditionnellement &#8211; et par erreur &#8211; consid\u00e9r\u00e9 comme \u201c\u00e0 part\u201d.<\/p>\n<p><em>Pierre Gattaz \u00e9crit en ce moment-m\u00eame, la pr\u00e9face de notre livre <\/em>la communication digitale expliqu\u00e9e \u00e0 mon boss (photo <a href=\"http:\/\/ledauphine.com\" target=\"_blank\" rel=\"noopener noreferrer\">ledauphine.com<\/a>)<\/p>\n<p>Nous ne pouvions r\u00eaver mieux comme preuve de concept pour le lancement de ce livre qui, \u00e0 notre avis, tombe exactement au bon moment pour annoncer un changement d\u2019\u00e8re, o\u00f9 les m\u00e9dias sociaux sont devenus un \u00e9l\u00e9ment incontournable d\u2019un mix digital de plus en plus important, de plus en plus li\u00e9 au c\u0153ur de m\u00e9tier, de plus en plus en prise avec la r\u00e9alit\u00e9. Foin de cette \u201cvirtualit\u00e9\u201d trop souvent avanc\u00e9e comme un \u00e9pouvantail, le marketing et la communication digitale au service du m\u00e9tier, voil\u00e0 bien notre Graal.<\/p>\n<p><strong>28 planches illustratives (\u201cslides\u201d) en libre service sur <a href=\"http:\/\/slideshare.net\/mediaaces\" target=\"_blank\" rel=\"noopener noreferrer\">Slideshare<\/a><\/strong><\/p>\n<p>Pr\u00e9parez-vous, comme pour la version pr\u00e9c\u00e9dente \u00e0 un Buzz \u00e0 tout casser sur les planches illustratives du livre, un travail o\u00f9 nous n\u2019avons pas non plus m\u00e9nag\u00e9 nos forces cr\u00e9atrices, car celles-ci sont abondamment illustr\u00e9es de dessins originaux et de croquis. Nous serons second\u00e9s dans ce travail par nos amis de <a href=\"https:\/\/www.scoop.it\/\" target=\"_blank\" rel=\"noopener noreferrer\">Scoop.it<\/a> et de <a href=\"http:\/\/Frenchweb.fr\" target=\"_blank\" rel=\"noopener noreferrer\">Frenchweb.fr<\/a>, fid\u00e8les supporters de Media Aces.<\/p>\n<p><img loading=\"lazy\" decoding=\"async\" style=\"background-image: none; float: none; padding-top: 0px; padding-left: 0px; margin: 10px auto; display: block; padding-right: 0px; border-width: 0px;\" title=\"image\" src=\"https:\/\/visionarymarketing.com\/wp-content\/uploads\/2013\/10\/image_thumb1.png\" alt=\"image\" width=\"644\" height=\"287\" border=\"0\" \/><\/p>\n<p><em>NB : le QR code renvoie au moment de l\u2019\u00e9criture de cet article vers la version pr\u00e9c\u00e9dente des planches illustratives du livre, en attendant leur ouverture au public (<a href=\"https:\/\/www.slideshare.net\/MediaAces\/fr-la-communication-digitale-explique-mon-boss-2013-les-slides\/\">http:\/\/amonboss.com\/slides2013<\/a>) <\/em><\/p>\n<div id=\"scid:fb3a1972-4489-4e52-abe7-25a00bb07fdf:4ad847fb-ab78-4a68-bb6d-67d5b09c1261\" class=\"wlWriterEditableSmartContent\" style=\"float: none; margin: 0px; display: inline; padding: 0px;\">\n<p>t\u00e9l\u00e9charger le projet de couverture <a href=\"https:\/\/visionarymarketing.com\/wp-content\/uploads\/2013\/10\/LA-COM-DIGITALE-Couv1.pdf\" target=\"_blank\" rel=\"noopener noreferrer\">de notre futur livre la communication digitale expliqu\u00e9e \u00e0 mon boss<\/a><\/p>\n<\/div>\n<p><strong>Deux super conf\u00e9rences en Novembre et en D\u00e9cembre <\/strong><\/p>\n<p>R\u00e9servez d\u00e8s \u00e0 pr\u00e9sent 2 dates dans vos agendas :<\/p>\n<p><strong>le 14 Novembre 2013,<\/strong> une super conf\u00e9rence \u00e0 2 salles sera organis\u00e9e avec nos confr\u00e8res, amis et sponsors de l\u2019ESG (\u00e9cole o\u00f9 j\u2019enseigne depuis 2007, et qui est pr\u00e9sente sur les m\u00e9tiers du num\u00e9rique depuis 2000). Nous vous pr\u00e9parons un programme autour du livre avec un grand nombre d\u2019intervenants qui ont particip\u00e9 \u00e0 l\u2019ouvrage et qui viendront vous pr\u00e9senter leurs vues et leurs explications.<\/p>\n<p>Et le clou du spectacle, une pr\u00e9sentation pour les Boss, au MEDEF, le <strong>3 D\u00e9cembre 2013<\/strong>. Il est encore trop t\u00f4t pour vous dire ce que nous mettrons dedans, donc un peu de patience.<\/p>\n<p>Voil\u00e0 ! une page se tourne, avec pr\u00e8s de 9 mois de travail acharn\u00e9 pour \u00e9crire un livre qui est quasiment deux fois plus gros que le pr\u00e9c\u00e9dent (la fonte est deux fois plus petite et c\u2019est pour cela qu\u2019il fait \u00e0 peu pr\u00e8s le m\u00eame nombre de pages). Mais pour acharn\u00e9 qu\u2019il est l\u2019aventure n\u2019est pas termin\u00e9e pour autant \u2026 car la version anglaise du livre est en pr\u00e9paration, avec un premier jet de traduction qui sera boucl\u00e9 cette semaine. Restera \u00e0 r\u00e9\u00e9crire et r\u00e9adapter l\u2019ensemble ; le travail est loin d\u2019\u00eatre termin\u00e9 !<\/p>\n<p><a href=\"https:\/\/visionarymarketing.com\/wp-content\/uploads\/2013\/10\/INPI-couverture_V3_EN-com_d.gif\"><img loading=\"lazy\" decoding=\"async\" style=\"background-image: none; float: none; padding-top: 0px; padding-left: 0px; margin: 10px auto; display: block; padding-right: 0px; border: 0px;\" title=\"INPI-couverture_V3_EN-com_d\" src=\"https:\/\/visionarymarketing.com\/wp-content\/uploads\/2013\/10\/INPI-couverture_V3_EN-com_d_thumb.gif\" alt=\"INPI-couverture_V3_EN-com_d\" width=\"604\" height=\"232\" border=\"0\" \/><\/a><\/p>\n","protected":false},"excerpt":{"rendered":"<p>La couverture d&rsquo;un livre de la collection \u00e0 mon boss ce n&rsquo;est pas un d\u00e9tail.\u00a0Ouf ! Ca fait du bien quand on approche de la fin d\u2019un travail titanesque. 9 mois ont \u00e9t\u00e9 n\u00e9cessaires \u00e0 l\u2019\u00e9criture de notre nouvelle Somme : \u201cla communication digitale expliqu\u00e9e \u00e0 mon boss\u201d, toujours chez notre fid\u00e8le \u00e9diteur Kawa, dont &hellip;<\/p>\n","protected":false},"author":2,"featured_media":60941,"comment_status":"open","ping_status":"open","sticky":false,"template":"","format":"standard","meta":{"footnotes":""},"categories":[248],"tags":[],"class_list":["post-9494","post","type-post","status-publish","format-standard","has-post-thumbnail","hentry","category-livres-marketing"],"yoast_head":"<!-- This site is optimized with the Yoast SEO plugin v27.5 - https:\/\/yoast.com\/product\/yoast-seo-wordpress\/ -->\n<title>La couverture du livre &quot;la communication digitale expliqu\u00e9e a mon boss&quot;<\/title>\n<meta name=\"description\" content=\"La couverture d&#039;un livre de la collection \u00e0 mon boss ce n&#039;est pas un d\u00e9tail.\u00a0Ouf ! Ca fait du bien quand on approche de la fin d\u2019un travail titanesque. 9\" \/>\n<meta name=\"robots\" content=\"index, follow, max-snippet:-1, max-image-preview:large, max-video-preview:-1\" \/>\n<link rel=\"canonical\" href=\"https:\/\/visionarymarketing.com\/fr\/2013\/10\/02\/couverture-presque-definitive-du-livre-la-communication-digitale-expliquee-a-mon-boss\/\" \/>\n<meta property=\"og:locale\" content=\"fr_FR\" \/>\n<meta property=\"og:type\" content=\"article\" \/>\n<meta property=\"og:title\" content=\"La couverture du livre &quot;la communication digitale expliqu\u00e9e a mon boss&quot;\" \/>\n<meta property=\"og:description\" content=\"La couverture d&#039;un livre de la collection \u00e0 mon boss ce n&#039;est pas un d\u00e9tail.\u00a0Ouf ! Ca fait du bien quand on approche de la fin d\u2019un travail titanesque. 9\" \/>\n<meta property=\"og:url\" content=\"https:\/\/visionarymarketing.com\/fr\/2013\/10\/02\/couverture-presque-definitive-du-livre-la-communication-digitale-expliquee-a-mon-boss\/\" \/>\n<meta property=\"og:site_name\" content=\"Marketing and Innovation\" \/>\n<meta property=\"article:publisher\" content=\"https:\/\/www.facebook.com\/vismktg\" \/>\n<meta property=\"article:author\" content=\"http:\/\/facebook.com\/ygourven\" \/>\n<meta property=\"article:published_time\" content=\"2013-10-02T06:19:32+00:00\" \/>\n<meta property=\"article:modified_time\" content=\"2025-05-08T19:53:56+00:00\" \/>\n<meta property=\"og:image\" content=\"https:\/\/visionarymarketing.com\/wp-content\/uploads\/2021\/01\/amonboss-1.png\" \/>\n\t<meta property=\"og:image:width\" content=\"520\" \/>\n\t<meta property=\"og:image:height\" content=\"340\" \/>\n\t<meta property=\"og:image:type\" content=\"image\/png\" \/>\n<meta name=\"author\" content=\"Yann Gourvennec\" \/>\n<meta name=\"twitter:card\" content=\"summary_large_image\" \/>\n<meta name=\"twitter:creator\" content=\"@ygourven\" \/>\n<meta name=\"twitter:site\" content=\"@ygourven\" \/>\n<meta name=\"twitter:label1\" content=\"\u00c9crit par\" \/>\n\t<meta name=\"twitter:data1\" content=\"Yann Gourvennec\" \/>\n\t<meta name=\"twitter:label2\" content=\"Dur\u00e9e de lecture estim\u00e9e\" \/>\n\t<meta name=\"twitter:data2\" content=\"4 minutes\" \/>\n<script type=\"application\/ld+json\" class=\"yoast-schema-graph\">{\"@context\":\"https:\\\/\\\/schema.org\",\"@graph\":[{\"@type\":\"NewsArticle\",\"@id\":\"https:\\\/\\\/visionarymarketing.com\\\/fr\\\/2013\\\/10\\\/02\\\/couverture-presque-definitive-du-livre-la-communication-digitale-expliquee-a-mon-boss\\\/#article\",\"isPartOf\":{\"@id\":\"https:\\\/\\\/visionarymarketing.com\\\/fr\\\/2013\\\/10\\\/02\\\/couverture-presque-definitive-du-livre-la-communication-digitale-expliquee-a-mon-boss\\\/\"},\"author\":{\"name\":\"Yann Gourvennec\",\"@id\":\"https:\\\/\\\/visionarymarketing.com\\\/fr\\\/#\\\/schema\\\/person\\\/3754fee1e558f47b8deb46f53c37423e\"},\"headline\":\"La couverture du livre \u00ab\u00a0la communication digitale expliqu\u00e9e a mon boss\u00a0\u00bb\",\"datePublished\":\"2013-10-02T06:19:32+00:00\",\"dateModified\":\"2025-05-08T19:53:56+00:00\",\"mainEntityOfPage\":{\"@id\":\"https:\\\/\\\/visionarymarketing.com\\\/fr\\\/2013\\\/10\\\/02\\\/couverture-presque-definitive-du-livre-la-communication-digitale-expliquee-a-mon-boss\\\/\"},\"wordCount\":756,\"commentCount\":4,\"image\":{\"@id\":\"https:\\\/\\\/visionarymarketing.com\\\/fr\\\/2013\\\/10\\\/02\\\/couverture-presque-definitive-du-livre-la-communication-digitale-expliquee-a-mon-boss\\\/#primaryimage\"},\"thumbnailUrl\":\"https:\\\/\\\/visionarymarketing.com\\\/wp-content\\\/uploads\\\/2021\\\/01\\\/amonboss-1.png\",\"articleSection\":[\"livres marketing\"],\"inLanguage\":\"fr-FR\",\"potentialAction\":[{\"@type\":\"CommentAction\",\"name\":\"Comment\",\"target\":[\"https:\\\/\\\/visionarymarketing.com\\\/fr\\\/2013\\\/10\\\/02\\\/couverture-presque-definitive-du-livre-la-communication-digitale-expliquee-a-mon-boss\\\/#respond\"]}]},{\"@type\":\"WebPage\",\"@id\":\"https:\\\/\\\/visionarymarketing.com\\\/fr\\\/2013\\\/10\\\/02\\\/couverture-presque-definitive-du-livre-la-communication-digitale-expliquee-a-mon-boss\\\/\",\"url\":\"https:\\\/\\\/visionarymarketing.com\\\/fr\\\/2013\\\/10\\\/02\\\/couverture-presque-definitive-du-livre-la-communication-digitale-expliquee-a-mon-boss\\\/\",\"name\":\"La couverture du livre \\\"la communication digitale expliqu\u00e9e a mon boss\\\"\",\"isPartOf\":{\"@id\":\"https:\\\/\\\/visionarymarketing.com\\\/fr\\\/#website\"},\"primaryImageOfPage\":{\"@id\":\"https:\\\/\\\/visionarymarketing.com\\\/fr\\\/2013\\\/10\\\/02\\\/couverture-presque-definitive-du-livre-la-communication-digitale-expliquee-a-mon-boss\\\/#primaryimage\"},\"image\":{\"@id\":\"https:\\\/\\\/visionarymarketing.com\\\/fr\\\/2013\\\/10\\\/02\\\/couverture-presque-definitive-du-livre-la-communication-digitale-expliquee-a-mon-boss\\\/#primaryimage\"},\"thumbnailUrl\":\"https:\\\/\\\/visionarymarketing.com\\\/wp-content\\\/uploads\\\/2021\\\/01\\\/amonboss-1.png\",\"datePublished\":\"2013-10-02T06:19:32+00:00\",\"dateModified\":\"2025-05-08T19:53:56+00:00\",\"author\":{\"@id\":\"https:\\\/\\\/visionarymarketing.com\\\/fr\\\/#\\\/schema\\\/person\\\/3754fee1e558f47b8deb46f53c37423e\"},\"description\":\"La couverture d'un livre de la collection \u00e0 mon boss ce n'est pas un d\u00e9tail.\u00a0Ouf ! Ca fait du bien quand on approche de la fin d\u2019un travail titanesque. 9\",\"breadcrumb\":{\"@id\":\"https:\\\/\\\/visionarymarketing.com\\\/fr\\\/2013\\\/10\\\/02\\\/couverture-presque-definitive-du-livre-la-communication-digitale-expliquee-a-mon-boss\\\/#breadcrumb\"},\"inLanguage\":\"fr-FR\",\"potentialAction\":[{\"@type\":\"ReadAction\",\"target\":[\"https:\\\/\\\/visionarymarketing.com\\\/fr\\\/2013\\\/10\\\/02\\\/couverture-presque-definitive-du-livre-la-communication-digitale-expliquee-a-mon-boss\\\/\"]}]},{\"@type\":\"ImageObject\",\"inLanguage\":\"fr-FR\",\"@id\":\"https:\\\/\\\/visionarymarketing.com\\\/fr\\\/2013\\\/10\\\/02\\\/couverture-presque-definitive-du-livre-la-communication-digitale-expliquee-a-mon-boss\\\/#primaryimage\",\"url\":\"https:\\\/\\\/visionarymarketing.com\\\/wp-content\\\/uploads\\\/2021\\\/01\\\/amonboss-1.png\",\"contentUrl\":\"https:\\\/\\\/visionarymarketing.com\\\/wp-content\\\/uploads\\\/2021\\\/01\\\/amonboss-1.png\",\"width\":520,\"height\":340},{\"@type\":\"BreadcrumbList\",\"@id\":\"https:\\\/\\\/visionarymarketing.com\\\/fr\\\/2013\\\/10\\\/02\\\/couverture-presque-definitive-du-livre-la-communication-digitale-expliquee-a-mon-boss\\\/#breadcrumb\",\"itemListElement\":[{\"@type\":\"ListItem\",\"position\":1,\"name\":\"Home\",\"item\":\"https:\\\/\\\/visionarymarketing.com\\\/fr\\\/\"},{\"@type\":\"ListItem\",\"position\":2,\"name\":\"La couverture du livre &#8220;la communication digitale expliqu\u00e9e a mon boss&#8221;\"}]},{\"@type\":\"WebSite\",\"@id\":\"https:\\\/\\\/visionarymarketing.com\\\/fr\\\/#website\",\"url\":\"https:\\\/\\\/visionarymarketing.com\\\/fr\\\/\",\"name\":\"Marketing and Innovation\",\"description\":\"Site d&#039;infos ind\u00e9pendant, depuis 1996\",\"potentialAction\":[{\"@type\":\"SearchAction\",\"target\":{\"@type\":\"EntryPoint\",\"urlTemplate\":\"https:\\\/\\\/visionarymarketing.com\\\/fr\\\/?s={search_term_string}\"},\"query-input\":{\"@type\":\"PropertyValueSpecification\",\"valueRequired\":true,\"valueName\":\"search_term_string\"}}],\"inLanguage\":\"fr-FR\"},{\"@type\":\"Person\",\"@id\":\"https:\\\/\\\/visionarymarketing.com\\\/fr\\\/#\\\/schema\\\/person\\\/3754fee1e558f47b8deb46f53c37423e\",\"name\":\"Yann Gourvennec\",\"image\":{\"@type\":\"ImageObject\",\"inLanguage\":\"fr-FR\",\"@id\":\"https:\\\/\\\/secure.gravatar.com\\\/avatar\\\/5972001801e8de5692a3e31224e85769f50a55fb8b679749f9c8d1868cceff14?s=96&d=initials&r=g&initials=yg\",\"url\":\"https:\\\/\\\/secure.gravatar.com\\\/avatar\\\/5972001801e8de5692a3e31224e85769f50a55fb8b679749f9c8d1868cceff14?s=96&d=initials&r=g&initials=yg\",\"contentUrl\":\"https:\\\/\\\/secure.gravatar.com\\\/avatar\\\/5972001801e8de5692a3e31224e85769f50a55fb8b679749f9c8d1868cceff14?s=96&d=initials&r=g&initials=yg\",\"caption\":\"Yann Gourvennec\"},\"description\":\"Yann Gourvennec created visionarymarketing.com in 1996. He is a speaker and author of many books. In 2014 he went from intrapreneur to entrepreneur, when he created his digital marketing agency. Yann Gourvennec a cr\u00e9\u00e9 visionarymarketing.com en 1996. Il est conf\u00e9rencier et auteur de plusieurs livres. En 2014, il est pass\u00e9 d'intrapreneur \u00e0 entrepreneur en cr\u00e9ant son agence de marketing num\u00e9rique.\",\"sameAs\":[\"https:\\\/\\\/visionarymarketing.com\",\"http:\\\/\\\/facebook.com\\\/ygourven\",\"http:\\\/\\\/linkedin.com\\\/in\\\/ygourven\",\"https:\\\/\\\/x.com\\\/ygourven\",\"https:\\\/\\\/www.youtube.com\\\/c\\\/visionarymarketingagency\"],\"url\":\"https:\\\/\\\/visionarymarketing.com\\\/fr\\\/author\\\/yann-gourvennec\\\/\"}]}<\/script>\n<!-- \/ Yoast SEO plugin. -->","yoast_head_json":{"title":"La couverture du livre \"la communication digitale expliqu\u00e9e a mon boss\"","description":"La couverture d'un livre de la collection \u00e0 mon boss ce n'est pas un d\u00e9tail.\u00a0Ouf ! Ca fait du bien quand on approche de la fin d\u2019un travail titanesque. 9","robots":{"index":"index","follow":"follow","max-snippet":"max-snippet:-1","max-image-preview":"max-image-preview:large","max-video-preview":"max-video-preview:-1"},"canonical":"https:\/\/visionarymarketing.com\/fr\/2013\/10\/02\/couverture-presque-definitive-du-livre-la-communication-digitale-expliquee-a-mon-boss\/","og_locale":"fr_FR","og_type":"article","og_title":"La couverture du livre \"la communication digitale expliqu\u00e9e a mon boss\"","og_description":"La couverture d'un livre de la collection \u00e0 mon boss ce n'est pas un d\u00e9tail.\u00a0Ouf ! Ca fait du bien quand on approche de la fin d\u2019un travail titanesque. 9","og_url":"https:\/\/visionarymarketing.com\/fr\/2013\/10\/02\/couverture-presque-definitive-du-livre-la-communication-digitale-expliquee-a-mon-boss\/","og_site_name":"Marketing and Innovation","article_publisher":"https:\/\/www.facebook.com\/vismktg","article_author":"http:\/\/facebook.com\/ygourven","article_published_time":"2013-10-02T06:19:32+00:00","article_modified_time":"2025-05-08T19:53:56+00:00","og_image":[{"width":520,"height":340,"url":"https:\/\/visionarymarketing.com\/wp-content\/uploads\/2021\/01\/amonboss-1.png","type":"image\/png"}],"author":"Yann Gourvennec","twitter_card":"summary_large_image","twitter_creator":"@ygourven","twitter_site":"@ygourven","twitter_misc":{"\u00c9crit par":"Yann Gourvennec","Dur\u00e9e de lecture estim\u00e9e":"4 minutes"},"schema":{"@context":"https:\/\/schema.org","@graph":[{"@type":"NewsArticle","@id":"https:\/\/visionarymarketing.com\/fr\/2013\/10\/02\/couverture-presque-definitive-du-livre-la-communication-digitale-expliquee-a-mon-boss\/#article","isPartOf":{"@id":"https:\/\/visionarymarketing.com\/fr\/2013\/10\/02\/couverture-presque-definitive-du-livre-la-communication-digitale-expliquee-a-mon-boss\/"},"author":{"name":"Yann Gourvennec","@id":"https:\/\/visionarymarketing.com\/fr\/#\/schema\/person\/3754fee1e558f47b8deb46f53c37423e"},"headline":"La couverture du livre \u00ab\u00a0la communication digitale expliqu\u00e9e a mon boss\u00a0\u00bb","datePublished":"2013-10-02T06:19:32+00:00","dateModified":"2025-05-08T19:53:56+00:00","mainEntityOfPage":{"@id":"https:\/\/visionarymarketing.com\/fr\/2013\/10\/02\/couverture-presque-definitive-du-livre-la-communication-digitale-expliquee-a-mon-boss\/"},"wordCount":756,"commentCount":4,"image":{"@id":"https:\/\/visionarymarketing.com\/fr\/2013\/10\/02\/couverture-presque-definitive-du-livre-la-communication-digitale-expliquee-a-mon-boss\/#primaryimage"},"thumbnailUrl":"https:\/\/visionarymarketing.com\/wp-content\/uploads\/2021\/01\/amonboss-1.png","articleSection":["livres marketing"],"inLanguage":"fr-FR","potentialAction":[{"@type":"CommentAction","name":"Comment","target":["https:\/\/visionarymarketing.com\/fr\/2013\/10\/02\/couverture-presque-definitive-du-livre-la-communication-digitale-expliquee-a-mon-boss\/#respond"]}]},{"@type":"WebPage","@id":"https:\/\/visionarymarketing.com\/fr\/2013\/10\/02\/couverture-presque-definitive-du-livre-la-communication-digitale-expliquee-a-mon-boss\/","url":"https:\/\/visionarymarketing.com\/fr\/2013\/10\/02\/couverture-presque-definitive-du-livre-la-communication-digitale-expliquee-a-mon-boss\/","name":"La couverture du livre \"la communication digitale expliqu\u00e9e a mon boss\"","isPartOf":{"@id":"https:\/\/visionarymarketing.com\/fr\/#website"},"primaryImageOfPage":{"@id":"https:\/\/visionarymarketing.com\/fr\/2013\/10\/02\/couverture-presque-definitive-du-livre-la-communication-digitale-expliquee-a-mon-boss\/#primaryimage"},"image":{"@id":"https:\/\/visionarymarketing.com\/fr\/2013\/10\/02\/couverture-presque-definitive-du-livre-la-communication-digitale-expliquee-a-mon-boss\/#primaryimage"},"thumbnailUrl":"https:\/\/visionarymarketing.com\/wp-content\/uploads\/2021\/01\/amonboss-1.png","datePublished":"2013-10-02T06:19:32+00:00","dateModified":"2025-05-08T19:53:56+00:00","author":{"@id":"https:\/\/visionarymarketing.com\/fr\/#\/schema\/person\/3754fee1e558f47b8deb46f53c37423e"},"description":"La couverture d'un livre de la collection \u00e0 mon boss ce n'est pas un d\u00e9tail.\u00a0Ouf ! Ca fait du bien quand on approche de la fin d\u2019un travail titanesque. 9","breadcrumb":{"@id":"https:\/\/visionarymarketing.com\/fr\/2013\/10\/02\/couverture-presque-definitive-du-livre-la-communication-digitale-expliquee-a-mon-boss\/#breadcrumb"},"inLanguage":"fr-FR","potentialAction":[{"@type":"ReadAction","target":["https:\/\/visionarymarketing.com\/fr\/2013\/10\/02\/couverture-presque-definitive-du-livre-la-communication-digitale-expliquee-a-mon-boss\/"]}]},{"@type":"ImageObject","inLanguage":"fr-FR","@id":"https:\/\/visionarymarketing.com\/fr\/2013\/10\/02\/couverture-presque-definitive-du-livre-la-communication-digitale-expliquee-a-mon-boss\/#primaryimage","url":"https:\/\/visionarymarketing.com\/wp-content\/uploads\/2021\/01\/amonboss-1.png","contentUrl":"https:\/\/visionarymarketing.com\/wp-content\/uploads\/2021\/01\/amonboss-1.png","width":520,"height":340},{"@type":"BreadcrumbList","@id":"https:\/\/visionarymarketing.com\/fr\/2013\/10\/02\/couverture-presque-definitive-du-livre-la-communication-digitale-expliquee-a-mon-boss\/#breadcrumb","itemListElement":[{"@type":"ListItem","position":1,"name":"Home","item":"https:\/\/visionarymarketing.com\/fr\/"},{"@type":"ListItem","position":2,"name":"La couverture du livre &#8220;la communication digitale expliqu\u00e9e a mon boss&#8221;"}]},{"@type":"WebSite","@id":"https:\/\/visionarymarketing.com\/fr\/#website","url":"https:\/\/visionarymarketing.com\/fr\/","name":"Marketing and Innovation","description":"Site d&#039;infos ind\u00e9pendant, depuis 1996","potentialAction":[{"@type":"SearchAction","target":{"@type":"EntryPoint","urlTemplate":"https:\/\/visionarymarketing.com\/fr\/?s={search_term_string}"},"query-input":{"@type":"PropertyValueSpecification","valueRequired":true,"valueName":"search_term_string"}}],"inLanguage":"fr-FR"},{"@type":"Person","@id":"https:\/\/visionarymarketing.com\/fr\/#\/schema\/person\/3754fee1e558f47b8deb46f53c37423e","name":"Yann Gourvennec","image":{"@type":"ImageObject","inLanguage":"fr-FR","@id":"https:\/\/secure.gravatar.com\/avatar\/5972001801e8de5692a3e31224e85769f50a55fb8b679749f9c8d1868cceff14?s=96&d=initials&r=g&initials=yg","url":"https:\/\/secure.gravatar.com\/avatar\/5972001801e8de5692a3e31224e85769f50a55fb8b679749f9c8d1868cceff14?s=96&d=initials&r=g&initials=yg","contentUrl":"https:\/\/secure.gravatar.com\/avatar\/5972001801e8de5692a3e31224e85769f50a55fb8b679749f9c8d1868cceff14?s=96&d=initials&r=g&initials=yg","caption":"Yann Gourvennec"},"description":"Yann Gourvennec created visionarymarketing.com in 1996. He is a speaker and author of many books. In 2014 he went from intrapreneur to entrepreneur, when he created his digital marketing agency. Yann Gourvennec a cr\u00e9\u00e9 visionarymarketing.com en 1996. Il est conf\u00e9rencier et auteur de plusieurs livres. En 2014, il est pass\u00e9 d'intrapreneur \u00e0 entrepreneur en cr\u00e9ant son agence de marketing num\u00e9rique.","sameAs":["https:\/\/visionarymarketing.com","http:\/\/facebook.com\/ygourven","http:\/\/linkedin.com\/in\/ygourven","https:\/\/x.com\/ygourven","https:\/\/www.youtube.com\/c\/visionarymarketingagency"],"url":"https:\/\/visionarymarketing.com\/fr\/author\/yann-gourvennec\/"}]}},"_links":{"self":[{"href":"https:\/\/visionarymarketing.com\/fr\/wp-json\/wp\/v2\/posts\/9494","targetHints":{"allow":["GET"]}}],"collection":[{"href":"https:\/\/visionarymarketing.com\/fr\/wp-json\/wp\/v2\/posts"}],"about":[{"href":"https:\/\/visionarymarketing.com\/fr\/wp-json\/wp\/v2\/types\/post"}],"author":[{"embeddable":true,"href":"https:\/\/visionarymarketing.com\/fr\/wp-json\/wp\/v2\/users\/2"}],"replies":[{"embeddable":true,"href":"https:\/\/visionarymarketing.com\/fr\/wp-json\/wp\/v2\/comments?post=9494"}],"version-history":[{"count":0,"href":"https:\/\/visionarymarketing.com\/fr\/wp-json\/wp\/v2\/posts\/9494\/revisions"}],"wp:featuredmedia":[{"embeddable":true,"href":"https:\/\/visionarymarketing.com\/fr\/wp-json\/wp\/v2\/media\/60941"}],"wp:attachment":[{"href":"https:\/\/visionarymarketing.com\/fr\/wp-json\/wp\/v2\/media?parent=9494"}],"wp:term":[{"taxonomy":"category","embeddable":true,"href":"https:\/\/visionarymarketing.com\/fr\/wp-json\/wp\/v2\/categories?post=9494"},{"taxonomy":"post_tag","embeddable":true,"href":"https:\/\/visionarymarketing.com\/fr\/wp-json\/wp\/v2\/tags?post=9494"}],"curies":[{"name":"wp","href":"https:\/\/api.w.org\/{rel}","templated":true}]}}