{"id":9153,"date":"2011-06-14T12:00:00","date_gmt":"2011-06-14T12:00:00","guid":{"rendered":"https:\/\/visionary.wordpress.com\/?p=4224"},"modified":"2022-03-01T15:05:14","modified_gmt":"2022-03-01T14:05:14","slug":"social-crm-relation-client","status":"publish","type":"post","link":"https:\/\/visionarymarketing.com\/fr\/2011\/06\/14\/social-crm-relation-client\/","title":{"rendered":"Social CRM et relation client : vers la fusion des deux mondes"},"content":{"rendered":"<p><i>Social CRM et relation client, assisterions-nous \u00e0 la\u00a0fusion e ces deux mondes ? Voici, comme promis, le\u00a0<\/i><a style=\"font-style: italic;\" href=\"https:\/\/visionarymarketing.com\/fr\/2011\/06\/social-crm-relation-client\/\" target=\"_blank\" rel=\"noopener noreferrer\">compte-rendu de la conf\u00e9rence de i-expo de mai 2011<\/a> <em>qui s&rsquo;est tenu \u00e0 la porte de Versailles \u00e0 Paris. J&rsquo;ai d\u00e9j\u00e0 pu donner mon point de vue (<a href=\"https:\/\/visionarymarketing.com\/fr\/2011\/06\/etudes-de-marche\/\" rel=\"noopener noreferrer\">voir la pr\u00e9sentation sur l&rsquo;\u00e9volution de la veille<\/a><\/em><a href=\"https:\/\/visionarymarketing.com\/fr\/2011\/06\/etudes-de-marche\/\"><em>)<\/em><\/a><em> et bient\u00f4t dans un nouvel article qui para\u00eetra sur ce blog.<\/em><\/p>\n<h2>Social CRM et relation client : vers la fusion des deux mondes<\/h2>\n<p><img decoding=\"async\" class=\"alignright wp-image-4207 size-full\" src=\"https:\/\/visionarymarketing.com\/wp-content\/uploads\/2011\/06\/19052011029_thumb1.jpg\" alt=\"Social CRM et relation client : vers la fusion des deux mondes\" width=\"244\" height=\"184\" \/>La pr\u00e9sentation \u00e9tait dirig\u00e9e par <a href=\"http:\/\/digimind.com\" rel=\"noopener noreferrer\">Digimind<\/a> (<em>transparence : je suis un client de Digimind<\/em>) et <a href=\"https:\/\/web.archive.org\/web\/20190717203432\/http:\/\/www.acticall.com:80\/\" rel=\"noopener noreferrer\">Acticall<\/a>, op\u00e9rateur de centres d&rsquo;appels (voir le descriptif de ces deux soci\u00e9t\u00e9s \u00e0 la fin de cet article). Voyons dans cette premi\u00e8re partie les quelques conclusions, tr\u00e8s proches des miennes, que j&rsquo;ai retir\u00e9es \u00e0 la fin de cette pr\u00e9sentation.<\/p>\n<h3><strong>R\u00e9sumons cette pr\u00e9sentation en quelques mots<\/strong><\/h3>\n<ol>\n<li>La mont\u00e9e en charge va pousser \u00e0 l&rsquo;industrialisation de cette activit\u00e9 m\u00e9dias sociaux, ce qui implique que<\/li>\n<li>Demain, le canal \u00ab social \u00bb sera un canal comme les autres<\/li>\n<li>D&rsquo;ici 2013, 50 % des directions de la relation client l&rsquo;auront int\u00e9gr\u00e9 dans leur GRC (selon Gartner)<\/li>\n<li>Les deux d\u00e9fis li\u00e9s \u00e0 ce sujet sont : 1) comment collecter les infos et 2) comment dialoguer<\/li>\n<li>Quelques bonnes check-lists dans mon compte rendu que vous trouverez ci-dessous<\/li>\n<\/ol>\n<p><!--more--><\/p>\n<p><i><img decoding=\"async\" class=\"alignright wp-image-4217 size-full\" src=\"https:\/\/visionarymarketing.com\/wp-content\/uploads\/2011\/06\/19052011030_thumb.jpg\" alt=\"Social CRM et relation client : vers la fusion des deux mondes\" width=\"244\" height=\"184\" \/>L&rsquo;introduction de Christophe Junot a eu pour m\u00e9rite de poser le d\u00e9bat : \u00ab la veille, une fois mise en place, la r\u00e9flexion des clients est souvent : \u00ab et maintenant qu&rsquo;en fait-on ? \u00bb. Je ne peux qu&rsquo;\u00eatre d&rsquo;accord, j&rsquo;y reviendrai bient\u00f4t d&rsquo;ailleurs dans ces colonnes, alors voyons ici m\u00eame l&rsquo;exp\u00e9rience d&rsquo;Acticall en d\u00e9tail.<\/i><\/p>\n<h3><strong>Un partenariat Digimind\/Acticall arriv\u00e9 par Twitter !<\/strong><\/h3>\n<p><a href=\"https:\/\/visionarymarketing.com\/wp-content\/uploads\/2011\/06\/handshake-large.gif\"><img decoding=\"async\" class=\"alignnone\" style=\"background-image: none; padding-left: 0; padding-right: 0; display: inline; float: right; padding-top: 0; border: 0;\" title=\"handshake-large\" src=\"https:\/\/visionarymarketing.com\/wp-content\/uploads\/2011\/06\/handshake-large_thumb.gif\" alt=\"Social CRM et relation client : vers la fusion des deux mondes\" width=\"244\" height=\"220\" align=\"right\" border=\"0\" \/><\/a>Comment ce partenariat s&rsquo;est-il mont\u00e9 ? Par <a href=\"http:\/\/twitter.com\" target=\"_blank\" rel=\"noopener noreferrer\">Twitter<\/a> tout simplement ! Via un tweet d&rsquo;un client anonyme (ou presque, puisqu&rsquo;on conna\u00eet son nom : J\u00e9r\u00f4me Beno\u00eet, m\u00eame s&rsquo;il semble avoir disparu ou avoir rendu son profil priv\u00e9 depuis) qui aurait re\u00e7u son iPhone 4 et qui aurait manifest\u00e9, sur le site de micro blogging, son insatisfaction quant au d\u00e9lai d&rsquo;activation de sa ligne.<!--more--><\/p>\n<p>Apr\u00e8s diff\u00e9rentes discussions priv\u00e9es entre l&rsquo;op\u00e9rateur et ce client, ce dernier aurait obtenu enfin satisfaction et se serait r\u00e9pandu en louanges sur le r\u00e9seau pour c\u00e9l\u00e9brer la marque de son op\u00e9rateur. Ainsi, selon les pr\u00e9sentateurs, ce serait \u00ab 70 % des internautes [qui] accordent de l&rsquo;importance aux avis des autres clients avant d&rsquo;acheter \u00bb. On avance \u00e9galement que Jeff Bezos (patron d&rsquo;<a href=\"http:\/\/amazon.com\" target=\"_blank\" rel=\"noopener noreferrer\">Amazon<\/a>), \u00e0 qui on pr\u00eate d\u00e9cid\u00e9ment beaucoup de paroles inv\u00e9rifiables, pr\u00e9tendrait aussi que les clients m\u00e9contents sont 1000 fois plus influents que les clients satisfaits, m\u00eame si de l&rsquo;avis m\u00eame des pr\u00e9sentateurs, ceci est inv\u00e9rifiable.<\/p>\n<h3><strong>Social CRM et relation client : 80% des consommateurs fran\u00e7ais souhaitent parler avec les\u00a0marques !<\/strong><\/h3>\n<p><a href=\"https:\/\/visionarymarketing.com\/wp-content\/uploads\/2011\/06\/2-0-large.gif\"><img decoding=\"async\" class=\"alignleft\" style=\"background-image: none; padding-left: 0; padding-right: 0; display: inline; float: left; padding-top: 0; border: 0; margin: 0 9px 0 0;\" title=\"2.0-large\" src=\"https:\/\/visionarymarketing.com\/wp-content\/uploads\/2011\/06\/2-0-large_thumb.gif\" alt=\"2.0-large\" width=\"240\" height=\"173\" align=\"left\" border=\"0\" \/><\/a>Tout ceci concourt donc \u00e0 l&rsquo;importance du r\u00e9seau et des discussions des clients entre eux : \u00ab Les clients dialoguaient auparavant avec vous \u00bb, insistent Christophe Asselin et Arnaud de Lacoste, mais maintenant \u00ab ils dialoguent \u00e0 propos de vous \u00bb. La formule est particuli\u00e8rement percutante. Selon les pr\u00e9sentateurs d\u2019ailleurs, \u00ab 8 Fran\u00e7ais sur 10 souhaitent en effet dialoguer avec leurs marques sur Internet \u00bb.<\/p>\n<h3><strong>Social CRM et relation client : un langage parfois \u00ab fleuri \u00bb<\/strong><\/h3>\n<p>Toutefois, le langage utilis\u00e9 par ces clients peut \u00eatre tr\u00e8s imag\u00e9, voire \u00ab fleuri \u00bb, nous pr\u00e9viennent les pr\u00e9sentateurs ; les fautes d&rsquo;orthographe peuvent poser aussi de graves probl\u00e8mes de recherche et de veille. Mais, les clients peuvent aussi \u00eatre tr\u00e8s positifs sur une marque un jour, et en d\u00e9nigrer les d\u00e9lais de livraison quelques jours plus tard. L&rsquo;analyse dite de \u00ab sentiment \u00bb (ou de \u00ab\u00a0tonalit\u00e9\u00a0\u00bb en Fran\u00e7ais) n&rsquo;est donc pas quelque chose d&rsquo;uniforme.<\/p>\n<p>Acticall et Digimind ont ainsi d\u00e9termin\u00e9 les \u00e9tapes de la mise en place d&rsquo;une veille active. Celles-ci sont au nombre de 3 et impliquent des acteurs diff\u00e9rents \u00e0 chaque \u00e9tape :<\/p>\n<ol>\n<li>mettre une brique de veille (\u00e9diteur) ;<\/li>\n<li>promouvoir les marques et animer les communaut\u00e9s (les agences) <em>[*]<\/em> ;<\/li>\n<li>appropriation par les directions de la relation client (DRC), en parall\u00e8le des agences (CRM).<\/li>\n<\/ol>\n<p><em><span style=\"color: #0000ff;\">[*] NDLR : j\u2019apporterais bien quelques nuances sur ce point, si je ne l\u2019avais d\u00e9j\u00e0 fait avec <\/span><a href=\"http:\/\/twitter.com\/hervekabla\"><span style=\"color: #0000ff;\">Herv\u00e9 Kabla<\/span><\/a><span style=\"color: #0000ff;\"> au travers de notre ouvrage <\/span><a href=\"https:\/\/amonboss.com\/\"><span style=\"color: #0000ff;\">les m\u00e9dias sociaux expliqu\u00e9s \u00e0 mon boss<\/span><\/a><span style=\"color: #0000ff;\"> paru en f\u00e9vrier 2011 aux <\/span><a href=\"http:\/\/kawa-editions.com\/\"><span style=\"color: #0000ff;\">\u00e9ditions Kawa<\/span><\/a><span style=\"color: #0000ff;\">.<\/span><\/em><\/p>\n<h3><strong>En d\u00e9coulent 3 probl\u00e9matiques bien distinctes<\/strong><\/h3>\n<ol>\n<li>un enjeu de volume (les professionnels du CRM sont seuls \u00e0 savoir monter en charge) ;<\/li>\n<li>l&rsquo;information clients est poss\u00e9d\u00e9e par la direction de la relation client (DRC) \u00e9galement ;<\/li>\n<li>les processus de la relation client sont aussi dans la DRC.<\/li>\n<\/ol>\n<p>La conclusion de Digimind et Acticall, m\u00eame si c&rsquo;est un peu la dinde qui vote pour No\u00ebl, c&rsquo;est que la direction de la relation client est seul acteur l\u00e9gitime pour effectuer cette veille et y r\u00e9pondre. Je ferai remarquer, tout ceci est \u00e9galement en phase avec ma recommandation dans le cadre du livre blanc de la relation client paru en d\u00e9but d&rsquo;ann\u00e9e (<a href=\"http:\/\/tendances-crm.com\">http:\/\/tendances-crm.com<\/a>).<\/p>\n<p>Ces probl\u00e9matiques impliquent elles-m\u00eames 2 d\u00e9fis majeurs : comment collecter et comment dialoguer. Voyons-en les d\u00e9tails ici avec Acticall &amp; Digimind :<\/p>\n<h3><strong>La collecte : 3 points cruciaux<\/strong><\/h3>\n<p>Selon les pr\u00e9sentateurs, le volume moyen dans une soci\u00e9t\u00e9 comme AXA par exemple, est de 35 000 informations par mois, <span class=\"removed_link\" title=\"http:\/\/www.rue89.com\/2011\/04\/13\/skyrock-axa-sexplique-sur-la-mise-a-lecart-de-pierre-bellanger-199854\">mais celui-ci est mont\u00e9 \u00e0 150 000 informations avec l&rsquo;affaire Skyrock<\/span>. Il faut donc \u00eatre capable de r\u00e9pondre \u00e0 une pareille mont\u00e9e en charge, ce qui veut dire :<\/p>\n<ol>\n<li>avoir un outil capable de g\u00e9rer ce volume ;<\/li>\n<li>adopter une m\u00e9thodologie pour pouvoir l&rsquo;analyser ;<\/li>\n<li>adapter sa cible pour ne pas seulement inclure les r\u00e9seaux sociaux, <a href=\"http:\/\/facebook.com\" target=\"_blank\" rel=\"noopener noreferrer\">Facebook<\/a> et Twitter, mais aussi et surtout les forums (tr\u00e8s forts en France) et les autres formes plus traditionnelles qui cohabitent.<\/li>\n<\/ol>\n<p>Sur le plan de l&rsquo;outil, pour analyser et donner du sens il faut pouvoir agir en temps r\u00e9el :<\/p>\n<p>l&rsquo;analyse graphique est possible, mais en fin de compte \u00ab c&rsquo;est l&rsquo;humain qui va produire l&rsquo;analyse \u00bb insistent \u00e0 juste titre nos experts. Vient ensuite l&rsquo;analyse de tonalit\u00e9 (\u00ab\u00a0sentiment\u00a0\u00bb en Anglais) : qui s&rsquo;exprime ? Geeks ? Clients ? Prospect chaud ou froid ? Activiste ?\u2026<\/p>\n<h3><strong>Aider \u00e0 d\u00e9tecter les tendances<\/strong><\/h3>\n<p>Il faut ensuite une m\u00e9thodologie. Acticall et Digimind propose une approche qualitative qui permette de se focaliser : sur le top 200\/100 des blogs, le Top 50 des forums, Top 20 des tweets et les sites de Presse les plus repris. L&rsquo;int\u00e9r\u00eat de proc\u00e9der par panel, selon les pr\u00e9sentateurs, est de comparer le comparable. Mais le plus important selon eux est de savoir capter le temps r\u00e9el et pour ce faire il faut interroger aussi les moteurs de sites, directement sur les portails surveill\u00e9s<\/p>\n<p>Mais tout ceci cr\u00e9e un autre souci : comment \u00e9liminer le bruit ? ! <em>[**]<\/em> C&rsquo;est pour ceci qu&rsquo;il faut donc des outils puissants mais aussi et surtout des analyses humaines pouss\u00e9es.<\/p>\n<p><em><span style=\"color: #0000ff;\">[**] ndlr : c\u2019est l\u00e0 le n\u0153ud du probl\u00e8me, j\u2019y reviendrai tr\u00e8s bient\u00f4t dans ces colonnes<\/span><\/em><\/p>\n<h3><strong>Le dialogue : les 4 phases de la veille<\/strong><\/h3>\n<p>Une fois la veille (collecte) termin\u00e9e, il faut \u00e9valuer la pertinence \u00e0 r\u00e9pondre \u00e0 un client ou non : si oui, avec quel mode op\u00e9ratoire, et avec qui ?<\/p>\n<p>Les 4 phases de la veille active selon Acticall et Digimind sont donc les suivantes :<\/p>\n<ol>\n<li>surveillance ;<\/li>\n<li>\u00e9valuation de l&rsquo;engagement ;<\/li>\n<li>engagement de la conversation ;<\/li>\n<li>retour sur engagement.<\/li>\n<\/ol>\n<p>Le parti pris d&rsquo;Acticall est de traiter le num\u00e9rique \u00e0 part, car les outils de contact traditionnels selon eux ne sont pas adapt\u00e9s \u00e0 des d\u00e9marches de conversation.<\/p>\n<p><strong>en conclusion <\/strong><\/p>\n<p>Les conclusions de cette pr\u00e9sentation sont les suivantes et s&rsquo;expriment en 5 points :<\/p>\n<ol>\n<li>Il faut \u00e9tablir une veille efficace ;<\/li>\n<li>une strat\u00e9gie conversationnelle doit \u00eatre pr\u00e9par\u00e9e ;<\/li>\n<li>ne pas tout engager, faire la part des choses ;<\/li>\n<li>valoriser les contenus ;<\/li>\n<li>valoriser les contributeurs (dans le CRM traditionnel, on ne remercie pas les contacts).<\/li>\n<\/ol>\n<p>Twitter en France est encore petit, 350 000 utilisateurs actifs selon Digimind, il s&rsquo;agit donc encore \u201cd&rsquo;une petite communaut\u00e9 \u00e9gocentrique\u201d, mais demain les choses vont changer.<\/p>\n<p>La conclusion de cette pr\u00e9sentation \u00e9tait que \u201cdemain, ce canal sera un canal [de CRM] comme un autre\u201d. Aujourd&rsquo;hui il existe comme un canal \u00e0 part, mais bient\u00f4t (d\u00e8s 2013 selon Gartner, 50 % des directions de la relation client vont l\u2019int\u00e9grer dans leur relation clients.<\/p>\n<p><span style=\"color: #0000ff;\">Une conclusion bien en phase \u00e0 nouveau avec <\/span><a href=\"http:\/\/tendances-crm.com\/\"><span style=\"color: #0000ff;\">mon intervention dans le livre blanc de la relation clients<\/span><\/a><span style=\"color: #0000ff;\"> publi\u00e9 en d\u00e9but de cette ann\u00e9e.<\/span><\/p>\n<hr \/>\n<h4>Le titre de la pr\u00e9sentation \u00e9tait : \u00ab <strong>e-r\u00e9putation et social CRM : de la veille \u00e0 l&rsquo;engagement<\/strong> \u00bb.<\/h4>\n<p>A l&rsquo;anglicisme pr\u00e8s, on ne peut qu&rsquo;\u00eatre d&rsquo;accord avec ce titre de la conf\u00e9rence Digimind o\u00f9 Acticall a t\u00e9moign\u00e9.<\/p>\n<p>Vous pouvez aussi <a href=\"http:\/\/www.digimind.fr\/publications\/white-papers\/501-reputation-internet-ecoutez-et-analysez-le-buzz-digital.htm\" rel=\"noopener noreferrer\">t\u00e9l\u00e9charger le livre blanc de Digimind sur la gestion de la r\u00e9putation en ligne<\/a><\/p>\n<p><em>La pr\u00e9sentation a \u00e9t\u00e9 assur\u00e9e par <\/em><a href=\"http:\/\/www.digimind.fr\/actu\/societe\/832-interview-de-christophe-jenot-dg-de-digimind.htm\" rel=\"noopener noreferrer\"><em>Christophe Jenot, DG de Digimind<\/em><\/a><em>, <\/em><span class=\"removed_link\" title=\"http:\/\/www.viadeo.com\/fr\/profile\/arnaud.de-lacoste\"><em>Arnaud de Lacoste<\/em><\/span><em> , DG d&rsquo;Acticall et <\/em><a href=\"http:\/\/www.digimind.fr\/services\/conseil\/christophe-asselin-expert-veille-internet\" rel=\"noopener noreferrer\"><em>Christophe Asselin, expert en e-r\u00e9putation chez Digimind<\/em><\/a><em>. Digimind est \u00e9diteur de logiciel de veille strat\u00e9gique. Acticall est un op\u00e9rateur (flux entrants principalement, mais aussi sortants dans une moindre mesure [1]) de centres de contacts. Ils ont 5000 collaborateurs dont 4200 en France et ont r\u00e9alis\u00e9 un chiffre d&rsquo;affaires en 2010 de 229 millions d&rsquo;euros.<\/em><\/p>\n<p><em>[1] pr\u00e9cision apport\u00e9e ce jour par la responsable M\u00e9dias Sociaux d&rsquo;Acticall<\/em><\/p>\n","protected":false},"excerpt":{"rendered":"<p>Social CRM et relation client, assisterions-nous \u00e0 la\u00a0fusion e ces deux mondes ? Voici, comme promis, le\u00a0compte-rendu de la conf\u00e9rence de i-expo de mai 2011 qui s&rsquo;est tenu \u00e0 la porte de Versailles \u00e0 Paris. J&rsquo;ai d\u00e9j\u00e0 pu donner mon point de vue (voir la pr\u00e9sentation sur l&rsquo;\u00e9volution de la veille) et bient\u00f4t dans un &hellip;<\/p>\n","protected":false},"author":2,"featured_media":54099,"comment_status":"open","ping_status":"open","sticky":false,"template":"","format":"standard","meta":{"footnotes":""},"categories":[4064],"tags":[],"class_list":["post-9153","post","type-post","status-publish","format-standard","has-post-thumbnail","hentry","category-crm-et-experience-client"],"yoast_head":"<!-- This site is optimized with the Yoast SEO plugin v27.4 - https:\/\/yoast.com\/product\/yoast-seo-wordpress\/ -->\n<title>Social CRM relation client : vers la fusion des deux mondes<\/title>\n<meta name=\"description\" content=\"Social CRM et relation client, assisterions-nous \u00e0 la\u00a0fusion de ces deux mondes ? Suite de notre compte-rendu i-expo de mai 2011.\" \/>\n<meta name=\"robots\" content=\"index, follow, max-snippet:-1, max-image-preview:large, max-video-preview:-1\" \/>\n<link rel=\"canonical\" href=\"https:\/\/visionarymarketing.com\/fr\/2011\/06\/14\/social-crm-relation-client\/\" \/>\n<meta property=\"og:locale\" content=\"fr_FR\" \/>\n<meta property=\"og:type\" content=\"article\" \/>\n<meta property=\"og:title\" content=\"Social CRM relation client : vers la fusion des deux mondes\" \/>\n<meta property=\"og:description\" content=\"Social CRM et relation client, assisterions-nous \u00e0 la\u00a0fusion de ces deux mondes ? Suite de notre compte-rendu i-expo de mai 2011.\" \/>\n<meta property=\"og:url\" content=\"https:\/\/visionarymarketing.com\/fr\/2011\/06\/14\/social-crm-relation-client\/\" \/>\n<meta property=\"og:site_name\" content=\"Marketing and Innovation\" \/>\n<meta property=\"article:publisher\" content=\"https:\/\/www.facebook.com\/vismktg\" \/>\n<meta property=\"article:author\" content=\"http:\/\/facebook.com\/ygourven\" \/>\n<meta property=\"article:published_time\" content=\"2011-06-14T12:00:00+00:00\" \/>\n<meta property=\"article:modified_time\" content=\"2022-03-01T14:05:14+00:00\" \/>\n<meta property=\"og:image\" content=\"https:\/\/visionarymarketing.com\/wp-content\/uploads\/2020\/06\/alterbuzz-newcover2-final-e1593013064831.jpg\" \/>\n\t<meta property=\"og:image:width\" content=\"519\" \/>\n\t<meta property=\"og:image:height\" content=\"340\" \/>\n\t<meta property=\"og:image:type\" content=\"image\/jpeg\" \/>\n<meta name=\"author\" content=\"Yann Gourvennec\" \/>\n<meta name=\"twitter:card\" content=\"summary_large_image\" \/>\n<meta name=\"twitter:creator\" content=\"@ygourven\" \/>\n<meta name=\"twitter:site\" content=\"@ygourven\" \/>\n<meta name=\"twitter:label1\" content=\"\u00c9crit par\" \/>\n\t<meta name=\"twitter:data1\" content=\"Yann Gourvennec\" \/>\n\t<meta name=\"twitter:label2\" content=\"Dur\u00e9e de lecture estim\u00e9e\" \/>\n\t<meta name=\"twitter:data2\" content=\"8 minutes\" \/>\n<script type=\"application\/ld+json\" class=\"yoast-schema-graph\">{\"@context\":\"https:\\\/\\\/schema.org\",\"@graph\":[{\"@type\":\"NewsArticle\",\"@id\":\"https:\\\/\\\/visionarymarketing.com\\\/fr\\\/2011\\\/06\\\/14\\\/social-crm-relation-client\\\/#article\",\"isPartOf\":{\"@id\":\"https:\\\/\\\/visionarymarketing.com\\\/fr\\\/2011\\\/06\\\/14\\\/social-crm-relation-client\\\/\"},\"author\":{\"name\":\"Yann Gourvennec\",\"@id\":\"https:\\\/\\\/visionarymarketing.com\\\/fr\\\/#\\\/schema\\\/person\\\/3754fee1e558f47b8deb46f53c37423e\"},\"headline\":\"Social CRM et relation client : vers la fusion des deux mondes\",\"datePublished\":\"2011-06-14T12:00:00+00:00\",\"dateModified\":\"2022-03-01T14:05:14+00:00\",\"mainEntityOfPage\":{\"@id\":\"https:\\\/\\\/visionarymarketing.com\\\/fr\\\/2011\\\/06\\\/14\\\/social-crm-relation-client\\\/\"},\"wordCount\":1608,\"commentCount\":0,\"image\":{\"@id\":\"https:\\\/\\\/visionarymarketing.com\\\/fr\\\/2011\\\/06\\\/14\\\/social-crm-relation-client\\\/#primaryimage\"},\"thumbnailUrl\":\"https:\\\/\\\/visionarymarketing.com\\\/wp-content\\\/uploads\\\/2020\\\/06\\\/alterbuzz-newcover2-final-e1593013064831.jpg\",\"articleSection\":[\"CRM et Exp\u00e9rience client\"],\"inLanguage\":\"fr-FR\",\"potentialAction\":[{\"@type\":\"CommentAction\",\"name\":\"Comment\",\"target\":[\"https:\\\/\\\/visionarymarketing.com\\\/fr\\\/2011\\\/06\\\/14\\\/social-crm-relation-client\\\/#respond\"]}]},{\"@type\":\"WebPage\",\"@id\":\"https:\\\/\\\/visionarymarketing.com\\\/fr\\\/2011\\\/06\\\/14\\\/social-crm-relation-client\\\/\",\"url\":\"https:\\\/\\\/visionarymarketing.com\\\/fr\\\/2011\\\/06\\\/14\\\/social-crm-relation-client\\\/\",\"name\":\"Social CRM relation client : vers la fusion des deux mondes\",\"isPartOf\":{\"@id\":\"https:\\\/\\\/visionarymarketing.com\\\/fr\\\/#website\"},\"primaryImageOfPage\":{\"@id\":\"https:\\\/\\\/visionarymarketing.com\\\/fr\\\/2011\\\/06\\\/14\\\/social-crm-relation-client\\\/#primaryimage\"},\"image\":{\"@id\":\"https:\\\/\\\/visionarymarketing.com\\\/fr\\\/2011\\\/06\\\/14\\\/social-crm-relation-client\\\/#primaryimage\"},\"thumbnailUrl\":\"https:\\\/\\\/visionarymarketing.com\\\/wp-content\\\/uploads\\\/2020\\\/06\\\/alterbuzz-newcover2-final-e1593013064831.jpg\",\"datePublished\":\"2011-06-14T12:00:00+00:00\",\"dateModified\":\"2022-03-01T14:05:14+00:00\",\"author\":{\"@id\":\"https:\\\/\\\/visionarymarketing.com\\\/fr\\\/#\\\/schema\\\/person\\\/3754fee1e558f47b8deb46f53c37423e\"},\"description\":\"Social CRM et relation client, assisterions-nous \u00e0 la\u00a0fusion de ces deux mondes ? Suite de notre compte-rendu i-expo de mai 2011.\",\"breadcrumb\":{\"@id\":\"https:\\\/\\\/visionarymarketing.com\\\/fr\\\/2011\\\/06\\\/14\\\/social-crm-relation-client\\\/#breadcrumb\"},\"inLanguage\":\"fr-FR\",\"potentialAction\":[{\"@type\":\"ReadAction\",\"target\":[\"https:\\\/\\\/visionarymarketing.com\\\/fr\\\/2011\\\/06\\\/14\\\/social-crm-relation-client\\\/\"]}]},{\"@type\":\"ImageObject\",\"inLanguage\":\"fr-FR\",\"@id\":\"https:\\\/\\\/visionarymarketing.com\\\/fr\\\/2011\\\/06\\\/14\\\/social-crm-relation-client\\\/#primaryimage\",\"url\":\"https:\\\/\\\/visionarymarketing.com\\\/wp-content\\\/uploads\\\/2020\\\/06\\\/alterbuzz-newcover2-final-e1593013064831.jpg\",\"contentUrl\":\"https:\\\/\\\/visionarymarketing.com\\\/wp-content\\\/uploads\\\/2020\\\/06\\\/alterbuzz-newcover2-final-e1593013064831.jpg\",\"width\":519,\"height\":340,\"caption\":\"\"},{\"@type\":\"BreadcrumbList\",\"@id\":\"https:\\\/\\\/visionarymarketing.com\\\/fr\\\/2011\\\/06\\\/14\\\/social-crm-relation-client\\\/#breadcrumb\",\"itemListElement\":[{\"@type\":\"ListItem\",\"position\":1,\"name\":\"Home\",\"item\":\"https:\\\/\\\/visionarymarketing.com\\\/fr\\\/\"},{\"@type\":\"ListItem\",\"position\":2,\"name\":\"Social CRM et relation client : vers la fusion des deux mondes\"}]},{\"@type\":\"WebSite\",\"@id\":\"https:\\\/\\\/visionarymarketing.com\\\/fr\\\/#website\",\"url\":\"https:\\\/\\\/visionarymarketing.com\\\/fr\\\/\",\"name\":\"Marketing and Innovation\",\"description\":\"Site d&#039;infos ind\u00e9pendant, depuis 1996\",\"potentialAction\":[{\"@type\":\"SearchAction\",\"target\":{\"@type\":\"EntryPoint\",\"urlTemplate\":\"https:\\\/\\\/visionarymarketing.com\\\/fr\\\/?s={search_term_string}\"},\"query-input\":{\"@type\":\"PropertyValueSpecification\",\"valueRequired\":true,\"valueName\":\"search_term_string\"}}],\"inLanguage\":\"fr-FR\"},{\"@type\":\"Person\",\"@id\":\"https:\\\/\\\/visionarymarketing.com\\\/fr\\\/#\\\/schema\\\/person\\\/3754fee1e558f47b8deb46f53c37423e\",\"name\":\"Yann Gourvennec\",\"image\":{\"@type\":\"ImageObject\",\"inLanguage\":\"fr-FR\",\"@id\":\"https:\\\/\\\/secure.gravatar.com\\\/avatar\\\/5972001801e8de5692a3e31224e85769f50a55fb8b679749f9c8d1868cceff14?s=96&d=initials&r=g&initials=yg\",\"url\":\"https:\\\/\\\/secure.gravatar.com\\\/avatar\\\/5972001801e8de5692a3e31224e85769f50a55fb8b679749f9c8d1868cceff14?s=96&d=initials&r=g&initials=yg\",\"contentUrl\":\"https:\\\/\\\/secure.gravatar.com\\\/avatar\\\/5972001801e8de5692a3e31224e85769f50a55fb8b679749f9c8d1868cceff14?s=96&d=initials&r=g&initials=yg\",\"caption\":\"Yann Gourvennec\"},\"description\":\"Yann Gourvennec created visionarymarketing.com in 1996. He is a speaker and author of many books. In 2014 he went from intrapreneur to entrepreneur, when he created his digital marketing agency. Yann Gourvennec a cr\u00e9\u00e9 visionarymarketing.com en 1996. Il est conf\u00e9rencier et auteur de plusieurs livres. En 2014, il est pass\u00e9 d'intrapreneur \u00e0 entrepreneur en cr\u00e9ant son agence de marketing num\u00e9rique.\",\"sameAs\":[\"https:\\\/\\\/visionarymarketing.com\",\"http:\\\/\\\/facebook.com\\\/ygourven\",\"http:\\\/\\\/linkedin.com\\\/in\\\/ygourven\",\"https:\\\/\\\/x.com\\\/ygourven\",\"https:\\\/\\\/www.youtube.com\\\/c\\\/visionarymarketingagency\"],\"url\":\"https:\\\/\\\/visionarymarketing.com\\\/fr\\\/author\\\/yann-gourvennec\\\/\"}]}<\/script>\n<!-- \/ Yoast SEO plugin. -->","yoast_head_json":{"title":"Social CRM relation client : vers la fusion des deux mondes","description":"Social CRM et relation client, assisterions-nous \u00e0 la\u00a0fusion de ces deux mondes ? Suite de notre compte-rendu i-expo de mai 2011.","robots":{"index":"index","follow":"follow","max-snippet":"max-snippet:-1","max-image-preview":"max-image-preview:large","max-video-preview":"max-video-preview:-1"},"canonical":"https:\/\/visionarymarketing.com\/fr\/2011\/06\/14\/social-crm-relation-client\/","og_locale":"fr_FR","og_type":"article","og_title":"Social CRM relation client : vers la fusion des deux mondes","og_description":"Social CRM et relation client, assisterions-nous \u00e0 la\u00a0fusion de ces deux mondes ? Suite de notre compte-rendu i-expo de mai 2011.","og_url":"https:\/\/visionarymarketing.com\/fr\/2011\/06\/14\/social-crm-relation-client\/","og_site_name":"Marketing and Innovation","article_publisher":"https:\/\/www.facebook.com\/vismktg","article_author":"http:\/\/facebook.com\/ygourven","article_published_time":"2011-06-14T12:00:00+00:00","article_modified_time":"2022-03-01T14:05:14+00:00","og_image":[{"width":519,"height":340,"url":"https:\/\/visionarymarketing.com\/wp-content\/uploads\/2020\/06\/alterbuzz-newcover2-final-e1593013064831.jpg","type":"image\/jpeg"}],"author":"Yann Gourvennec","twitter_card":"summary_large_image","twitter_creator":"@ygourven","twitter_site":"@ygourven","twitter_misc":{"\u00c9crit par":"Yann Gourvennec","Dur\u00e9e de lecture estim\u00e9e":"8 minutes"},"schema":{"@context":"https:\/\/schema.org","@graph":[{"@type":"NewsArticle","@id":"https:\/\/visionarymarketing.com\/fr\/2011\/06\/14\/social-crm-relation-client\/#article","isPartOf":{"@id":"https:\/\/visionarymarketing.com\/fr\/2011\/06\/14\/social-crm-relation-client\/"},"author":{"name":"Yann Gourvennec","@id":"https:\/\/visionarymarketing.com\/fr\/#\/schema\/person\/3754fee1e558f47b8deb46f53c37423e"},"headline":"Social CRM et relation client : vers la fusion des deux mondes","datePublished":"2011-06-14T12:00:00+00:00","dateModified":"2022-03-01T14:05:14+00:00","mainEntityOfPage":{"@id":"https:\/\/visionarymarketing.com\/fr\/2011\/06\/14\/social-crm-relation-client\/"},"wordCount":1608,"commentCount":0,"image":{"@id":"https:\/\/visionarymarketing.com\/fr\/2011\/06\/14\/social-crm-relation-client\/#primaryimage"},"thumbnailUrl":"https:\/\/visionarymarketing.com\/wp-content\/uploads\/2020\/06\/alterbuzz-newcover2-final-e1593013064831.jpg","articleSection":["CRM et Exp\u00e9rience client"],"inLanguage":"fr-FR","potentialAction":[{"@type":"CommentAction","name":"Comment","target":["https:\/\/visionarymarketing.com\/fr\/2011\/06\/14\/social-crm-relation-client\/#respond"]}]},{"@type":"WebPage","@id":"https:\/\/visionarymarketing.com\/fr\/2011\/06\/14\/social-crm-relation-client\/","url":"https:\/\/visionarymarketing.com\/fr\/2011\/06\/14\/social-crm-relation-client\/","name":"Social CRM relation client : vers la fusion des deux mondes","isPartOf":{"@id":"https:\/\/visionarymarketing.com\/fr\/#website"},"primaryImageOfPage":{"@id":"https:\/\/visionarymarketing.com\/fr\/2011\/06\/14\/social-crm-relation-client\/#primaryimage"},"image":{"@id":"https:\/\/visionarymarketing.com\/fr\/2011\/06\/14\/social-crm-relation-client\/#primaryimage"},"thumbnailUrl":"https:\/\/visionarymarketing.com\/wp-content\/uploads\/2020\/06\/alterbuzz-newcover2-final-e1593013064831.jpg","datePublished":"2011-06-14T12:00:00+00:00","dateModified":"2022-03-01T14:05:14+00:00","author":{"@id":"https:\/\/visionarymarketing.com\/fr\/#\/schema\/person\/3754fee1e558f47b8deb46f53c37423e"},"description":"Social CRM et relation client, assisterions-nous \u00e0 la\u00a0fusion de ces deux mondes ? Suite de notre compte-rendu i-expo de mai 2011.","breadcrumb":{"@id":"https:\/\/visionarymarketing.com\/fr\/2011\/06\/14\/social-crm-relation-client\/#breadcrumb"},"inLanguage":"fr-FR","potentialAction":[{"@type":"ReadAction","target":["https:\/\/visionarymarketing.com\/fr\/2011\/06\/14\/social-crm-relation-client\/"]}]},{"@type":"ImageObject","inLanguage":"fr-FR","@id":"https:\/\/visionarymarketing.com\/fr\/2011\/06\/14\/social-crm-relation-client\/#primaryimage","url":"https:\/\/visionarymarketing.com\/wp-content\/uploads\/2020\/06\/alterbuzz-newcover2-final-e1593013064831.jpg","contentUrl":"https:\/\/visionarymarketing.com\/wp-content\/uploads\/2020\/06\/alterbuzz-newcover2-final-e1593013064831.jpg","width":519,"height":340,"caption":""},{"@type":"BreadcrumbList","@id":"https:\/\/visionarymarketing.com\/fr\/2011\/06\/14\/social-crm-relation-client\/#breadcrumb","itemListElement":[{"@type":"ListItem","position":1,"name":"Home","item":"https:\/\/visionarymarketing.com\/fr\/"},{"@type":"ListItem","position":2,"name":"Social CRM et relation client : vers la fusion des deux mondes"}]},{"@type":"WebSite","@id":"https:\/\/visionarymarketing.com\/fr\/#website","url":"https:\/\/visionarymarketing.com\/fr\/","name":"Marketing and Innovation","description":"Site d&#039;infos ind\u00e9pendant, depuis 1996","potentialAction":[{"@type":"SearchAction","target":{"@type":"EntryPoint","urlTemplate":"https:\/\/visionarymarketing.com\/fr\/?s={search_term_string}"},"query-input":{"@type":"PropertyValueSpecification","valueRequired":true,"valueName":"search_term_string"}}],"inLanguage":"fr-FR"},{"@type":"Person","@id":"https:\/\/visionarymarketing.com\/fr\/#\/schema\/person\/3754fee1e558f47b8deb46f53c37423e","name":"Yann Gourvennec","image":{"@type":"ImageObject","inLanguage":"fr-FR","@id":"https:\/\/secure.gravatar.com\/avatar\/5972001801e8de5692a3e31224e85769f50a55fb8b679749f9c8d1868cceff14?s=96&d=initials&r=g&initials=yg","url":"https:\/\/secure.gravatar.com\/avatar\/5972001801e8de5692a3e31224e85769f50a55fb8b679749f9c8d1868cceff14?s=96&d=initials&r=g&initials=yg","contentUrl":"https:\/\/secure.gravatar.com\/avatar\/5972001801e8de5692a3e31224e85769f50a55fb8b679749f9c8d1868cceff14?s=96&d=initials&r=g&initials=yg","caption":"Yann Gourvennec"},"description":"Yann Gourvennec created visionarymarketing.com in 1996. He is a speaker and author of many books. In 2014 he went from intrapreneur to entrepreneur, when he created his digital marketing agency. Yann Gourvennec a cr\u00e9\u00e9 visionarymarketing.com en 1996. Il est conf\u00e9rencier et auteur de plusieurs livres. En 2014, il est pass\u00e9 d'intrapreneur \u00e0 entrepreneur en cr\u00e9ant son agence de marketing num\u00e9rique.","sameAs":["https:\/\/visionarymarketing.com","http:\/\/facebook.com\/ygourven","http:\/\/linkedin.com\/in\/ygourven","https:\/\/x.com\/ygourven","https:\/\/www.youtube.com\/c\/visionarymarketingagency"],"url":"https:\/\/visionarymarketing.com\/fr\/author\/yann-gourvennec\/"}]}},"_links":{"self":[{"href":"https:\/\/visionarymarketing.com\/fr\/wp-json\/wp\/v2\/posts\/9153","targetHints":{"allow":["GET"]}}],"collection":[{"href":"https:\/\/visionarymarketing.com\/fr\/wp-json\/wp\/v2\/posts"}],"about":[{"href":"https:\/\/visionarymarketing.com\/fr\/wp-json\/wp\/v2\/types\/post"}],"author":[{"embeddable":true,"href":"https:\/\/visionarymarketing.com\/fr\/wp-json\/wp\/v2\/users\/2"}],"replies":[{"embeddable":true,"href":"https:\/\/visionarymarketing.com\/fr\/wp-json\/wp\/v2\/comments?post=9153"}],"version-history":[{"count":0,"href":"https:\/\/visionarymarketing.com\/fr\/wp-json\/wp\/v2\/posts\/9153\/revisions"}],"wp:featuredmedia":[{"embeddable":true,"href":"https:\/\/visionarymarketing.com\/fr\/wp-json\/wp\/v2\/media\/54099"}],"wp:attachment":[{"href":"https:\/\/visionarymarketing.com\/fr\/wp-json\/wp\/v2\/media?parent=9153"}],"wp:term":[{"taxonomy":"category","embeddable":true,"href":"https:\/\/visionarymarketing.com\/fr\/wp-json\/wp\/v2\/categories?post=9153"},{"taxonomy":"post_tag","embeddable":true,"href":"https:\/\/visionarymarketing.com\/fr\/wp-json\/wp\/v2\/tags?post=9153"}],"curies":[{"name":"wp","href":"https:\/\/api.w.org\/{rel}","templated":true}]}}