{"id":9140,"date":"2011-04-06T05:30:00","date_gmt":"2011-04-06T05:30:00","guid":{"rendered":"https:\/\/visionary.wordpress.com\/2011\/04\/06\/salon-statgie-clients-le-marketing-b2b-a-rattrap-son-retard-sur-le-b2c\/"},"modified":"2023-10-16T08:12:36","modified_gmt":"2023-10-16T06:12:36","slug":"marketing-b2b-retard","status":"publish","type":"post","link":"https:\/\/visionarymarketing.com\/fr\/2011\/04\/06\/marketing-b2b-retard\/","title":{"rendered":"Salon strat\u00e9gie clients : le B2B a rattrap\u00e9 son retard sur le B2C"},"content":{"rendered":"<p><em>Le 6 avril 2011, \u00e0 la porte de Versailles au <\/em><span class=\"removed_link\" title=\"http:\/\/blog.strategieclients.com\/a-propos\/trackback\"><em>salon de la strat\u00e9gie clients<\/em><\/span><em> (ex SECA), j\u2019ai anim\u00e9 une table ronde avec (de gauche \u00e0 droite autour de moi) <\/em><a href=\"https:\/\/web.archive.org\/web\/20130514110228\/http:\/\/www.e-marketing.fr\/Article-A-La-Une\/SPSS-promise-a-un-bel-avenir-1221.htm\" target=\"_blank\" rel=\"noopener noreferrer\"><em>Herv\u00e9 Delhin<\/em><\/a><em> (SPSS\/IBM) et administrateur du <\/em><span class=\"removed_link\" title=\"http:\/\/www.cmit.fr\/CMIT2009\/index.php\"><em>CMIT<\/em><\/span><em>, \u00c9ric Munz PDG de <\/em><span class=\"removed_link\" title=\"http:\/\/blog.kdpgroupe.com\/2011\/03\/trackback\"><em>KDP Groupe<\/em><\/span><em> (une agence de marketing relationnel qui n\u2019a rien \u00e0 voir avec KDP Software), et de <a href=\"https:\/\/viadeo.journaldunet.com\/p\/michael-tartar-874990\" target=\"_blank\" rel=\"noopener noreferrer\">Michael Tartar de Bearing Point<\/a>, qui est \u00e9galement un des contributeur de notre livre \u201c<a href=\"http:\/\/amonboss.com\/amazon\" target=\"_blank\" rel=\"noopener noreferrer\">les m\u00e9dias sociaux expliqu\u00e9s \u00e0 mon boss<\/a>\u201d.<\/em><\/p>\n<h2>Salon strat\u00e9gie clients : le B2B a rattrap\u00e9 son retard sur le B2C<\/h2>\n<p><a href=\"https:\/\/visionarymarketing.com\/wp-content\/uploads\/2011\/04\/image.png\"><img decoding=\"async\" class=\"alignnone\" style=\"background-image: none; padding-left: 0; padding-right: 0; display: inline; padding-top: 0; border-width: 0;\" title=\"image\" src=\"https:\/\/visionarymarketing.com\/wp-content\/uploads\/2011\/04\/image_thumb.png\" alt=\"Salon strat\u00e9gie clients : le B2B a rattrap\u00e9 son retard sur le B2C\" width=\"1132\" height=\"638\" border=\"0\" \/><\/a><\/p>\n<h3><strong>le sujet en \u00e9tait \u00ab quand le B2B met<\/strong><strong> l&rsquo;acc\u00e9l\u00e9rateur sur la relation client \u00bb.<\/strong><\/h3>\n<p>Je suis un privil\u00e9gi\u00e9. J&rsquo;observe le d\u00e9veloppement du marketing du business-to-business depuis les ann\u00e9es 80, date \u00e0 laquelle je partais avec mon b\u00e2ton de p\u00e8lerin pour essayer de convaincre des entreprises du domaine professionnel de se mettre aux techniques du marketing.<\/p>\n<p>Peine perdue \u00e0 l&rsquo;\u00e9poque, les r\u00e9ponses \u00e9taient toujours les m\u00eames : \u201c le marketing ce n&rsquo;est pas fait pour nous !\u201d Il est r\u00e9volu ce temps-l\u00e0, avec la professionnalisation et la sophistication des techniques et des pratiques du marketing dans les domaines business to business.<\/p>\n<p>Ceci a un impact sur tous les domaines du B2B : depuis la connaissance des clients et le comportemental, en passant par la veille, le datamining, la gestion des prospects (\u201clead generation\u201d) mais aussi les approches les plus modernes autour des m\u00e9dias sociaux, de l&rsquo;Internet et de l&rsquo;affiliation (<a href=\"http:\/\/www.agence-b2b.com\/\" target=\"_blank\" rel=\"noopener noreferrer\">voir ici mes amis et partenaires d\u2019effiliation<\/a>) et de l&rsquo;approche des insights clients.<!--more--><\/p>\n<p><strong>Herv\u00e9 Delhin : Le Gap entre B2B et B2C a \u00e9t\u00e9 combl\u00e9<\/strong><\/p>\n<p>Le d\u00e9bat a \u00e9t\u00e9 ouvert par Herv\u00e9 Delhin, qui a rappel\u00e9 que le gap entre le B2B et le B2C dont j&rsquo;ai parl\u00e9 pr\u00e9c\u00e9demment a \u00e9t\u00e9 aujourd&rsquo;hui enti\u00e8rement rattrap\u00e9. Le B2B, n&rsquo;est pas \u201cringard\u201d selon Herv\u00e9, bien au contraire, il s&rsquo;est enti\u00e8rement adapt\u00e9 pour se mettre aux techniques modernes de marketing et adopter toute une batterie d&rsquo;outils. \u00ab Les m\u00eames techniques sont utilis\u00e9es des deux c\u00f4t\u00e9s \u00bb a insist\u00e9 Herv\u00e9, responsable de la gamme SPSS chez IBM. Les clients \u00ab croulent sur les donn\u00e9es, car pr\u00e8s de 80 % de ces donn\u00e9es ne sont pas utilis\u00e9es selon Gartner \u00bb a-t-il martel\u00e9 lors de cette pr\u00e9sentation. Certes, il admet bien un peu, avec sa casquette du <span class=\"removed_link\" title=\"http:\/\/www.cmit.com\">CMIT<\/span>, que \u00ab les professionnels de l&rsquo;informatique sont peut-\u00eatre des cordonniers les plus mal chauss\u00e9s \u00bb. Mais m\u00eame pour des volumes faibles et des petits pools de client\u00e8le de quelques milliers, le marketing \u00e0 tout son sens en B2B.<\/p>\n<p><strong>E Munz : conna\u00eetre son client \u00e0 360\u00b0<\/strong><\/p>\n<p>La deuxi\u00e8me pr\u00e9sentation fut faite par \u00c9ric Munz, PDG de KDP Groupe Pour lui non plus il n&rsquo;y a \u00ab plus de dichotomie entre B2B et B2C \u00bb. Tous les r\u00e9flexes seraient applicables de l&rsquo;un \u00e0 l&rsquo;autre et vice versa. Si la probl\u00e9matique en B2B est de savoir comment segmenter ses clients lorsqu&rsquo;on en a 3 millions par exemple, poursuivait \u00c9ric, la v\u00e9ritable probl\u00e9matique en B2B lorsque l\u2019on n\u2019a probablement que 4000 clients se trouve ailleurs : il s&rsquo;agit de gagner en productivit\u00e9, car la force de vente n&rsquo;est pas extensible ! Il faut donc, et c&rsquo;est incontournable, conna\u00eetre son client, utiliser cette connaissance clients \u00e0 360\u00b0, et \u00eatre capable de l&rsquo;analyser pour en d\u00e9duire les scores d&rsquo;app\u00e9tence qui permettront d&rsquo;estimer le risque. Car perdre un client en B2B est plus grave en B2B qu\u2019en B2C (les clients sont moins nombreux et p\u00e8sent plus lourd intrins\u00e8quement). \u00c9ric a ensuite \u00e9voqu\u00e9 l&rsquo;importance croissante des m\u00e9dias sociaux, qui sont \u00e9galement un v\u00e9hicule important de donn\u00e9es clients comportementales.<\/p>\n<p><strong>Micha\u00ebl Tartar : Les m\u00e9dias sociaux plus pertinents du B2B que du B2C !<\/strong><\/p>\n<p><a href=\"https:\/\/visionarymarketing.com\/wp-content\/uploads\/2011\/04\/michaeltartar.jpg\"><img decoding=\"async\" class=\"alignright size-medium wp-image-4002\" title=\"Michaeltartar\" src=\"https:\/\/visionarymarketing.com\/wp-content\/uploads\/2011\/04\/michaeltartar.jpg?w=225\" alt=\"\" width=\"135\" height=\"180\" srcset=\"https:\/\/visionarymarketing.com\/wp-content\/uploads\/2011\/04\/michaeltartar.jpg 227w, https:\/\/visionarymarketing.com\/wp-content\/uploads\/2011\/04\/michaeltartar-225x300.jpg 225w\" sizes=\"(max-width: 135px) 100vw, 135px\" \/><\/a>Michael Tartar, qui a d&rsquo;ailleurs contribu\u00e9 par une interview \u00e0 la construction du livre les m\u00e9dias sociaux expliqu\u00e9s \u00e0 mon boss (pour la petite histoire, nous avons fait connaissance <a href=\"http:\/\/twitter.com\/#!\/michaeltartar\" target=\"_blank\" rel=\"noopener noreferrer\">au travers de Twitter<\/a> et c\u2019est ensuite que nous avons demand\u00e9 \u00e0 Michael de contribuer au livre). Michael a insist\u00e9 \u00e9galement sur le caract\u00e8re fondamental des m\u00e9dias sociaux en B2B pour insister notamment sur le fait que c&rsquo;est peut-\u00eatre m\u00eame en B2B que l&rsquo;impact de ces m\u00e9dias sociaux est le plus important.<\/p>\n<p>Selon lui, la production des m\u00e9dias sociaux dans l&rsquo;outillage du marketing moderne du B2B n&rsquo;est pas non plus antinomique de la d\u00e9marche commerciale, car il en est m\u00eame une prolongation.<\/p>\n<p>Il faut enfin selon lui savoir aller au-del\u00e0 du ROI, comme nous l&rsquo;avons soulign\u00e9 plusieurs fois dans le site le livre \u201cles m\u00e9dias sociaux expliqu\u00e9s \u00e0 mon boss\u201d (<a href=\"https:\/\/amonboss.com\/\" target=\"_blank\" rel=\"noopener noreferrer\">http:\/\/amonboss.com)<\/a>.<\/p>\n<p>voir l&rsquo;article de Michael sur son blog \u00e0 l&rsquo;adresse :\u00a0<a href=\"http:\/\/michaeltartar.com\/2011\/04\/05\/strategie-clients-2011-b2b-et-medias-sociaux\/\">http:\/\/michaeltartar.com\/2011\/04\/05\/strategie-clients-2011-b2b-et-medias-sociaux\/<\/a><\/p>\n<p><strong>Avant de penser le futur, utiliser ses donn\u00e9es clients existentes !<\/strong><\/p>\n<p>Nous avons termin\u00e9 sur une vue prospective du marketing dans le B2B pour en conclure de fa\u00e7on quasi unanime autour de la table que l&rsquo;objectif du marketing du futur est bien organisationnel avant d&rsquo;\u00eatre bas\u00e9 sur les outils, qu&rsquo;il s&rsquo;agit de d&rsquo;abattre les cloisons et d\u2019\u00e9tablir la transversalit\u00e9, d\u2019apporter plus de simplicit\u00e9, et surtout de ne pas oublier exploiter les donn\u00e9es clients qui sont d\u00e9j\u00e0 disponibles avant de penser \u00e0 noyer ses syst\u00e8mes d&rsquo;information et ses marketeurs avec encore plus de donn\u00e9es.<\/p>\n","protected":false},"excerpt":{"rendered":"<p>Le 6 avril 2011, \u00e0 la porte de Versailles au salon de la strat\u00e9gie clients (ex SECA), j\u2019ai anim\u00e9 une table ronde avec (de gauche \u00e0 droite autour de moi) Herv\u00e9 Delhin (SPSS\/IBM) et administrateur du CMIT, \u00c9ric Munz PDG de KDP Groupe (une agence de marketing relationnel qui n\u2019a rien \u00e0 voir avec KDP &hellip;<\/p>\n","protected":false},"author":2,"featured_media":4002,"comment_status":"open","ping_status":"open","sticky":false,"template":"","format":"standard","meta":{"footnotes":""},"categories":[744],"tags":[],"class_list":["post-9140","post","type-post","status-publish","format-standard","has-post-thumbnail","hentry","category-marketing-b2b"],"yoast_head":"<!-- This site is optimized with the Yoast SEO plugin v27.5 - https:\/\/yoast.com\/product\/yoast-seo-wordpress\/ -->\n<title>Salon strat\u00e9gie clients : le B2B a rattrap\u00e9 son retard sur le B2C<\/title>\n<meta name=\"description\" content=\"Je suis un privil\u00e9gi\u00e9. J&#039;observe le d\u00e9veloppement du marketing B2B dont on dit qu&#039;il est en retard depuis les ann\u00e9es 80 ...\" \/>\n<meta name=\"robots\" content=\"index, follow, max-snippet:-1, max-image-preview:large, max-video-preview:-1\" \/>\n<link rel=\"canonical\" href=\"https:\/\/visionarymarketing.com\/fr\/2011\/04\/06\/marketing-b2b-retard\/\" \/>\n<meta property=\"og:locale\" content=\"fr_FR\" \/>\n<meta property=\"og:type\" content=\"article\" \/>\n<meta property=\"og:title\" content=\"Salon strat\u00e9gie clients : le B2B a rattrap\u00e9 son retard sur le B2C\" \/>\n<meta property=\"og:description\" content=\"Je suis un privil\u00e9gi\u00e9. J&#039;observe le d\u00e9veloppement du marketing B2B dont on dit qu&#039;il est en retard depuis les ann\u00e9es 80 ...\" \/>\n<meta property=\"og:url\" content=\"https:\/\/visionarymarketing.com\/fr\/2011\/04\/06\/marketing-b2b-retard\/\" \/>\n<meta property=\"og:site_name\" content=\"Marketing and Innovation\" \/>\n<meta property=\"article:publisher\" content=\"https:\/\/www.facebook.com\/vismktg\" \/>\n<meta property=\"article:author\" content=\"http:\/\/facebook.com\/ygourven\" \/>\n<meta property=\"article:published_time\" content=\"2011-04-06T05:30:00+00:00\" \/>\n<meta property=\"article:modified_time\" content=\"2023-10-16T06:12:36+00:00\" \/>\n<meta property=\"og:image\" content=\"https:\/\/visionarymarketing.com\/wp-content\/uploads\/2011\/04\/michaeltartar.jpg\" \/>\n\t<meta property=\"og:image:width\" content=\"227\" \/>\n\t<meta property=\"og:image:height\" content=\"302\" \/>\n\t<meta property=\"og:image:type\" content=\"image\/jpeg\" \/>\n<meta name=\"author\" content=\"Yann Gourvennec\" \/>\n<meta name=\"twitter:card\" content=\"summary_large_image\" \/>\n<meta name=\"twitter:creator\" content=\"@ygourven\" \/>\n<meta name=\"twitter:site\" content=\"@ygourven\" \/>\n<meta name=\"twitter:label1\" content=\"\u00c9crit par\" \/>\n\t<meta name=\"twitter:data1\" content=\"Yann Gourvennec\" \/>\n\t<meta name=\"twitter:label2\" content=\"Dur\u00e9e de lecture estim\u00e9e\" \/>\n\t<meta name=\"twitter:data2\" content=\"5 minutes\" \/>\n<script type=\"application\/ld+json\" class=\"yoast-schema-graph\">{\"@context\":\"https:\\\/\\\/schema.org\",\"@graph\":[{\"@type\":\"NewsArticle\",\"@id\":\"https:\\\/\\\/visionarymarketing.com\\\/fr\\\/2011\\\/04\\\/06\\\/marketing-b2b-retard\\\/#article\",\"isPartOf\":{\"@id\":\"https:\\\/\\\/visionarymarketing.com\\\/fr\\\/2011\\\/04\\\/06\\\/marketing-b2b-retard\\\/\"},\"author\":{\"name\":\"Yann Gourvennec\",\"@id\":\"https:\\\/\\\/visionarymarketing.com\\\/fr\\\/#\\\/schema\\\/person\\\/3754fee1e558f47b8deb46f53c37423e\"},\"headline\":\"Salon strat\u00e9gie clients : le B2B a rattrap\u00e9 son retard sur le B2C\",\"datePublished\":\"2011-04-06T05:30:00+00:00\",\"dateModified\":\"2023-10-16T06:12:36+00:00\",\"mainEntityOfPage\":{\"@id\":\"https:\\\/\\\/visionarymarketing.com\\\/fr\\\/2011\\\/04\\\/06\\\/marketing-b2b-retard\\\/\"},\"wordCount\":964,\"commentCount\":0,\"image\":{\"@id\":\"https:\\\/\\\/visionarymarketing.com\\\/fr\\\/2011\\\/04\\\/06\\\/marketing-b2b-retard\\\/#primaryimage\"},\"thumbnailUrl\":\"https:\\\/\\\/visionarymarketing.com\\\/wp-content\\\/uploads\\\/2011\\\/04\\\/michaeltartar.jpg\",\"articleSection\":[\"marketing b2b\"],\"inLanguage\":\"fr-FR\",\"potentialAction\":[{\"@type\":\"CommentAction\",\"name\":\"Comment\",\"target\":[\"https:\\\/\\\/visionarymarketing.com\\\/fr\\\/2011\\\/04\\\/06\\\/marketing-b2b-retard\\\/#respond\"]}]},{\"@type\":\"WebPage\",\"@id\":\"https:\\\/\\\/visionarymarketing.com\\\/fr\\\/2011\\\/04\\\/06\\\/marketing-b2b-retard\\\/\",\"url\":\"https:\\\/\\\/visionarymarketing.com\\\/fr\\\/2011\\\/04\\\/06\\\/marketing-b2b-retard\\\/\",\"name\":\"Salon strat\u00e9gie clients : le B2B a rattrap\u00e9 son retard sur le B2C\",\"isPartOf\":{\"@id\":\"https:\\\/\\\/visionarymarketing.com\\\/fr\\\/#website\"},\"primaryImageOfPage\":{\"@id\":\"https:\\\/\\\/visionarymarketing.com\\\/fr\\\/2011\\\/04\\\/06\\\/marketing-b2b-retard\\\/#primaryimage\"},\"image\":{\"@id\":\"https:\\\/\\\/visionarymarketing.com\\\/fr\\\/2011\\\/04\\\/06\\\/marketing-b2b-retard\\\/#primaryimage\"},\"thumbnailUrl\":\"https:\\\/\\\/visionarymarketing.com\\\/wp-content\\\/uploads\\\/2011\\\/04\\\/michaeltartar.jpg\",\"datePublished\":\"2011-04-06T05:30:00+00:00\",\"dateModified\":\"2023-10-16T06:12:36+00:00\",\"author\":{\"@id\":\"https:\\\/\\\/visionarymarketing.com\\\/fr\\\/#\\\/schema\\\/person\\\/3754fee1e558f47b8deb46f53c37423e\"},\"description\":\"Je suis un privil\u00e9gi\u00e9. J'observe le d\u00e9veloppement du marketing B2B dont on dit qu'il est en retard depuis les ann\u00e9es 80 ...\",\"breadcrumb\":{\"@id\":\"https:\\\/\\\/visionarymarketing.com\\\/fr\\\/2011\\\/04\\\/06\\\/marketing-b2b-retard\\\/#breadcrumb\"},\"inLanguage\":\"fr-FR\",\"potentialAction\":[{\"@type\":\"ReadAction\",\"target\":[\"https:\\\/\\\/visionarymarketing.com\\\/fr\\\/2011\\\/04\\\/06\\\/marketing-b2b-retard\\\/\"]}]},{\"@type\":\"ImageObject\",\"inLanguage\":\"fr-FR\",\"@id\":\"https:\\\/\\\/visionarymarketing.com\\\/fr\\\/2011\\\/04\\\/06\\\/marketing-b2b-retard\\\/#primaryimage\",\"url\":\"https:\\\/\\\/visionarymarketing.com\\\/wp-content\\\/uploads\\\/2011\\\/04\\\/michaeltartar.jpg\",\"contentUrl\":\"https:\\\/\\\/visionarymarketing.com\\\/wp-content\\\/uploads\\\/2011\\\/04\\\/michaeltartar.jpg\",\"width\":227,\"height\":302},{\"@type\":\"BreadcrumbList\",\"@id\":\"https:\\\/\\\/visionarymarketing.com\\\/fr\\\/2011\\\/04\\\/06\\\/marketing-b2b-retard\\\/#breadcrumb\",\"itemListElement\":[{\"@type\":\"ListItem\",\"position\":1,\"name\":\"Home\",\"item\":\"https:\\\/\\\/visionarymarketing.com\\\/fr\\\/\"},{\"@type\":\"ListItem\",\"position\":2,\"name\":\"Salon strat\u00e9gie clients : le B2B a rattrap\u00e9 son retard sur le B2C\"}]},{\"@type\":\"WebSite\",\"@id\":\"https:\\\/\\\/visionarymarketing.com\\\/fr\\\/#website\",\"url\":\"https:\\\/\\\/visionarymarketing.com\\\/fr\\\/\",\"name\":\"Marketing and Innovation\",\"description\":\"Site d&#039;infos ind\u00e9pendant, depuis 1996\",\"potentialAction\":[{\"@type\":\"SearchAction\",\"target\":{\"@type\":\"EntryPoint\",\"urlTemplate\":\"https:\\\/\\\/visionarymarketing.com\\\/fr\\\/?s={search_term_string}\"},\"query-input\":{\"@type\":\"PropertyValueSpecification\",\"valueRequired\":true,\"valueName\":\"search_term_string\"}}],\"inLanguage\":\"fr-FR\"},{\"@type\":\"Person\",\"@id\":\"https:\\\/\\\/visionarymarketing.com\\\/fr\\\/#\\\/schema\\\/person\\\/3754fee1e558f47b8deb46f53c37423e\",\"name\":\"Yann Gourvennec\",\"image\":{\"@type\":\"ImageObject\",\"inLanguage\":\"fr-FR\",\"@id\":\"https:\\\/\\\/secure.gravatar.com\\\/avatar\\\/5972001801e8de5692a3e31224e85769f50a55fb8b679749f9c8d1868cceff14?s=96&d=initials&r=g&initials=yg\",\"url\":\"https:\\\/\\\/secure.gravatar.com\\\/avatar\\\/5972001801e8de5692a3e31224e85769f50a55fb8b679749f9c8d1868cceff14?s=96&d=initials&r=g&initials=yg\",\"contentUrl\":\"https:\\\/\\\/secure.gravatar.com\\\/avatar\\\/5972001801e8de5692a3e31224e85769f50a55fb8b679749f9c8d1868cceff14?s=96&d=initials&r=g&initials=yg\",\"caption\":\"Yann Gourvennec\"},\"description\":\"Yann Gourvennec created visionarymarketing.com in 1996. He is a speaker and author of many books. In 2014 he went from intrapreneur to entrepreneur, when he created his digital marketing agency. Yann Gourvennec a cr\u00e9\u00e9 visionarymarketing.com en 1996. Il est conf\u00e9rencier et auteur de plusieurs livres. En 2014, il est pass\u00e9 d'intrapreneur \u00e0 entrepreneur en cr\u00e9ant son agence de marketing num\u00e9rique.\",\"sameAs\":[\"https:\\\/\\\/visionarymarketing.com\",\"http:\\\/\\\/facebook.com\\\/ygourven\",\"http:\\\/\\\/linkedin.com\\\/in\\\/ygourven\",\"https:\\\/\\\/x.com\\\/ygourven\",\"https:\\\/\\\/www.youtube.com\\\/c\\\/visionarymarketingagency\"],\"url\":\"https:\\\/\\\/visionarymarketing.com\\\/fr\\\/author\\\/yann-gourvennec\\\/\"}]}<\/script>\n<!-- \/ Yoast SEO plugin. -->","yoast_head_json":{"title":"Salon strat\u00e9gie clients : le B2B a rattrap\u00e9 son retard sur le B2C","description":"Je suis un privil\u00e9gi\u00e9. J'observe le d\u00e9veloppement du marketing B2B dont on dit qu'il est en retard depuis les ann\u00e9es 80 ...","robots":{"index":"index","follow":"follow","max-snippet":"max-snippet:-1","max-image-preview":"max-image-preview:large","max-video-preview":"max-video-preview:-1"},"canonical":"https:\/\/visionarymarketing.com\/fr\/2011\/04\/06\/marketing-b2b-retard\/","og_locale":"fr_FR","og_type":"article","og_title":"Salon strat\u00e9gie clients : le B2B a rattrap\u00e9 son retard sur le B2C","og_description":"Je suis un privil\u00e9gi\u00e9. J'observe le d\u00e9veloppement du marketing B2B dont on dit qu'il est en retard depuis les ann\u00e9es 80 ...","og_url":"https:\/\/visionarymarketing.com\/fr\/2011\/04\/06\/marketing-b2b-retard\/","og_site_name":"Marketing and Innovation","article_publisher":"https:\/\/www.facebook.com\/vismktg","article_author":"http:\/\/facebook.com\/ygourven","article_published_time":"2011-04-06T05:30:00+00:00","article_modified_time":"2023-10-16T06:12:36+00:00","og_image":[{"width":227,"height":302,"url":"https:\/\/visionarymarketing.com\/wp-content\/uploads\/2011\/04\/michaeltartar.jpg","type":"image\/jpeg"}],"author":"Yann Gourvennec","twitter_card":"summary_large_image","twitter_creator":"@ygourven","twitter_site":"@ygourven","twitter_misc":{"\u00c9crit par":"Yann Gourvennec","Dur\u00e9e de lecture estim\u00e9e":"5 minutes"},"schema":{"@context":"https:\/\/schema.org","@graph":[{"@type":"NewsArticle","@id":"https:\/\/visionarymarketing.com\/fr\/2011\/04\/06\/marketing-b2b-retard\/#article","isPartOf":{"@id":"https:\/\/visionarymarketing.com\/fr\/2011\/04\/06\/marketing-b2b-retard\/"},"author":{"name":"Yann Gourvennec","@id":"https:\/\/visionarymarketing.com\/fr\/#\/schema\/person\/3754fee1e558f47b8deb46f53c37423e"},"headline":"Salon strat\u00e9gie clients : le B2B a rattrap\u00e9 son retard sur le B2C","datePublished":"2011-04-06T05:30:00+00:00","dateModified":"2023-10-16T06:12:36+00:00","mainEntityOfPage":{"@id":"https:\/\/visionarymarketing.com\/fr\/2011\/04\/06\/marketing-b2b-retard\/"},"wordCount":964,"commentCount":0,"image":{"@id":"https:\/\/visionarymarketing.com\/fr\/2011\/04\/06\/marketing-b2b-retard\/#primaryimage"},"thumbnailUrl":"https:\/\/visionarymarketing.com\/wp-content\/uploads\/2011\/04\/michaeltartar.jpg","articleSection":["marketing b2b"],"inLanguage":"fr-FR","potentialAction":[{"@type":"CommentAction","name":"Comment","target":["https:\/\/visionarymarketing.com\/fr\/2011\/04\/06\/marketing-b2b-retard\/#respond"]}]},{"@type":"WebPage","@id":"https:\/\/visionarymarketing.com\/fr\/2011\/04\/06\/marketing-b2b-retard\/","url":"https:\/\/visionarymarketing.com\/fr\/2011\/04\/06\/marketing-b2b-retard\/","name":"Salon strat\u00e9gie clients : le B2B a rattrap\u00e9 son retard sur le B2C","isPartOf":{"@id":"https:\/\/visionarymarketing.com\/fr\/#website"},"primaryImageOfPage":{"@id":"https:\/\/visionarymarketing.com\/fr\/2011\/04\/06\/marketing-b2b-retard\/#primaryimage"},"image":{"@id":"https:\/\/visionarymarketing.com\/fr\/2011\/04\/06\/marketing-b2b-retard\/#primaryimage"},"thumbnailUrl":"https:\/\/visionarymarketing.com\/wp-content\/uploads\/2011\/04\/michaeltartar.jpg","datePublished":"2011-04-06T05:30:00+00:00","dateModified":"2023-10-16T06:12:36+00:00","author":{"@id":"https:\/\/visionarymarketing.com\/fr\/#\/schema\/person\/3754fee1e558f47b8deb46f53c37423e"},"description":"Je suis un privil\u00e9gi\u00e9. J'observe le d\u00e9veloppement du marketing B2B dont on dit qu'il est en retard depuis les ann\u00e9es 80 ...","breadcrumb":{"@id":"https:\/\/visionarymarketing.com\/fr\/2011\/04\/06\/marketing-b2b-retard\/#breadcrumb"},"inLanguage":"fr-FR","potentialAction":[{"@type":"ReadAction","target":["https:\/\/visionarymarketing.com\/fr\/2011\/04\/06\/marketing-b2b-retard\/"]}]},{"@type":"ImageObject","inLanguage":"fr-FR","@id":"https:\/\/visionarymarketing.com\/fr\/2011\/04\/06\/marketing-b2b-retard\/#primaryimage","url":"https:\/\/visionarymarketing.com\/wp-content\/uploads\/2011\/04\/michaeltartar.jpg","contentUrl":"https:\/\/visionarymarketing.com\/wp-content\/uploads\/2011\/04\/michaeltartar.jpg","width":227,"height":302},{"@type":"BreadcrumbList","@id":"https:\/\/visionarymarketing.com\/fr\/2011\/04\/06\/marketing-b2b-retard\/#breadcrumb","itemListElement":[{"@type":"ListItem","position":1,"name":"Home","item":"https:\/\/visionarymarketing.com\/fr\/"},{"@type":"ListItem","position":2,"name":"Salon strat\u00e9gie clients : le B2B a rattrap\u00e9 son retard sur le B2C"}]},{"@type":"WebSite","@id":"https:\/\/visionarymarketing.com\/fr\/#website","url":"https:\/\/visionarymarketing.com\/fr\/","name":"Marketing and Innovation","description":"Site d&#039;infos ind\u00e9pendant, depuis 1996","potentialAction":[{"@type":"SearchAction","target":{"@type":"EntryPoint","urlTemplate":"https:\/\/visionarymarketing.com\/fr\/?s={search_term_string}"},"query-input":{"@type":"PropertyValueSpecification","valueRequired":true,"valueName":"search_term_string"}}],"inLanguage":"fr-FR"},{"@type":"Person","@id":"https:\/\/visionarymarketing.com\/fr\/#\/schema\/person\/3754fee1e558f47b8deb46f53c37423e","name":"Yann Gourvennec","image":{"@type":"ImageObject","inLanguage":"fr-FR","@id":"https:\/\/secure.gravatar.com\/avatar\/5972001801e8de5692a3e31224e85769f50a55fb8b679749f9c8d1868cceff14?s=96&d=initials&r=g&initials=yg","url":"https:\/\/secure.gravatar.com\/avatar\/5972001801e8de5692a3e31224e85769f50a55fb8b679749f9c8d1868cceff14?s=96&d=initials&r=g&initials=yg","contentUrl":"https:\/\/secure.gravatar.com\/avatar\/5972001801e8de5692a3e31224e85769f50a55fb8b679749f9c8d1868cceff14?s=96&d=initials&r=g&initials=yg","caption":"Yann Gourvennec"},"description":"Yann Gourvennec created visionarymarketing.com in 1996. He is a speaker and author of many books. In 2014 he went from intrapreneur to entrepreneur, when he created his digital marketing agency. Yann Gourvennec a cr\u00e9\u00e9 visionarymarketing.com en 1996. Il est conf\u00e9rencier et auteur de plusieurs livres. En 2014, il est pass\u00e9 d'intrapreneur \u00e0 entrepreneur en cr\u00e9ant son agence de marketing num\u00e9rique.","sameAs":["https:\/\/visionarymarketing.com","http:\/\/facebook.com\/ygourven","http:\/\/linkedin.com\/in\/ygourven","https:\/\/x.com\/ygourven","https:\/\/www.youtube.com\/c\/visionarymarketingagency"],"url":"https:\/\/visionarymarketing.com\/fr\/author\/yann-gourvennec\/"}]}},"_links":{"self":[{"href":"https:\/\/visionarymarketing.com\/fr\/wp-json\/wp\/v2\/posts\/9140","targetHints":{"allow":["GET"]}}],"collection":[{"href":"https:\/\/visionarymarketing.com\/fr\/wp-json\/wp\/v2\/posts"}],"about":[{"href":"https:\/\/visionarymarketing.com\/fr\/wp-json\/wp\/v2\/types\/post"}],"author":[{"embeddable":true,"href":"https:\/\/visionarymarketing.com\/fr\/wp-json\/wp\/v2\/users\/2"}],"replies":[{"embeddable":true,"href":"https:\/\/visionarymarketing.com\/fr\/wp-json\/wp\/v2\/comments?post=9140"}],"version-history":[{"count":0,"href":"https:\/\/visionarymarketing.com\/fr\/wp-json\/wp\/v2\/posts\/9140\/revisions"}],"wp:featuredmedia":[{"embeddable":true,"href":"https:\/\/visionarymarketing.com\/fr\/wp-json\/wp\/v2\/media\/4002"}],"wp:attachment":[{"href":"https:\/\/visionarymarketing.com\/fr\/wp-json\/wp\/v2\/media?parent=9140"}],"wp:term":[{"taxonomy":"category","embeddable":true,"href":"https:\/\/visionarymarketing.com\/fr\/wp-json\/wp\/v2\/categories?post=9140"},{"taxonomy":"post_tag","embeddable":true,"href":"https:\/\/visionarymarketing.com\/fr\/wp-json\/wp\/v2\/tags?post=9140"}],"curies":[{"name":"wp","href":"https:\/\/api.w.org\/{rel}","templated":true}]}}