{"id":9139,"date":"2011-03-31T09:50:56","date_gmt":"2011-03-31T09:50:56","guid":{"rendered":"http:\/\/visionary.wordpress.com\/?p=3972"},"modified":"2023-03-12T11:40:16","modified_gmt":"2023-03-12T10:40:16","slug":"medias-sociaux-paysan","status":"publish","type":"post","link":"https:\/\/visionarymarketing.com\/fr\/2011\/03\/31\/medias-sociaux-paysan\/","title":{"rendered":"les m\u00e9dias sociaux expliqu\u00e9s \u00e0 mon paysan : futur best seller"},"content":{"rendered":"<p><img decoding=\"async\" class=\"alignleft wp-image-3973 size-medium\" style=\"margin: 5px 10px;\" title=\"pb3\" src=\"https:\/\/visionarymarketing.com\/wp-content\/uploads\/2011\/03\/pb3-300x168.jpeg\" alt=\"les m\u00e9dias sociaux expliqu\u00e9s \u00e0 mon paysan : futur best seller\" width=\"300\" height=\"168\" srcset=\"https:\/\/visionarymarketing.com\/wp-content\/uploads\/2011\/03\/pb3-300x168.jpeg 300w, https:\/\/visionarymarketing.com\/wp-content\/uploads\/2011\/03\/pb3-500x281.jpeg 500w, https:\/\/visionarymarketing.com\/wp-content\/uploads\/2011\/03\/pb3.jpeg 700w\" sizes=\"(max-width: 300px) 100vw, 300px\" \/><em>On se moque souvent du paysan alors qu&rsquo;en mati\u00e8re de m\u00e9dias sociaux il est souvent meilleur que son homologue de la PME. Lors du salon <a title=\"Salon SIMA\" href=\"https:\/\/web.archive.org\/web\/20130524183705\/http:\/\/www.planet-agri.com\/fr\/sima\" target=\"_blank\" rel=\"noopener noreferrer\">SIMA (Salon International du Machinisme Agricole)<\/a> je suis intervenu aux c\u00f4t\u00e9s \u00a0d<a href=\"https:\/\/web.archive.org\/web\/20140921150017\/http:\/\/www.agriavis.com\/news-2040-etienne+vicariot+prend+en+charge+la+communication+chez+john+deere.html\" target=\"_blank\" rel=\"noopener noreferrer\">&lsquo;Etienne Vicariot, Directeur de la communication de John Deere en France<\/a>.<\/em><\/p>\n<h2>les m\u00e9dias sociaux expliqu\u00e9s \u00e0 mon paysan : futur best seller<\/h2>\n<p>Contrairement \u00e0 ce qu&rsquo;on pourrait croire, les <a href=\"https:\/\/visionarymarketing.com\/fr\/2016\/09\/agriculture-et-digital-revolution-marche\/\">agriculteurs<\/a> sont tr\u00e8s connect\u00e9s et aussi tr\u00e8s friands de technologie.<\/p>\n<p>Pas seulement de technologie agricole, bien que certaines des machines vues sur le salon \u00e9taient proprement hallucinantes, mais aussi de technologies de l&rsquo;information, que ces hyper connect\u00e9s (probablement les seuls \u00e0 l&rsquo;int\u00e9rieur de la population des PME\/TPE en France) utilisent non seulement pour se d\u00e9senclaver, mais aussi pour faire du commerce international.<\/p>\n<figure id=\"attachment_3907\" aria-describedby=\"caption-attachment-3907\" style=\"width: 519px\" class=\"wp-caption aligncenter\"><img decoding=\"async\" class=\"wp-image-3907 size-full\" src=\"https:\/\/visionarymarketing.com\/wp-content\/uploads\/2011\/02\/image_2041-e1597425653350.jpg\" alt=\"les m\u00e9dias sociaux expliqu\u00e9s \u00e0 mon paysan : futur best seller\" width=\"519\" height=\"340\" \/><figcaption id=\"caption-attachment-3907\" class=\"wp-caption-text\">les m\u00e9dias sociaux expliqu\u00e9s \u00e0 mon paysan : futur best seller<\/figcaption><\/figure>\n<p>Beaucoup deviennent des hommes d&rsquo;affaires qui investissent \u00e0 l&rsquo;\u00e9tranger, et aussi pour connecter leurs machines qui se servent des connections pour am\u00e9liorer le rendement ou la pr\u00e9cision du travail.<\/p>\n<p>Dans cette vid\u00e9o, outre la pr\u00e9sentation du livre \u00ab\u00a0<a title=\"Les m\u00e9dias sociaux expliqu\u00e9s \u00e0 mon boss\" href=\"http:\/\/amonboss.com\" target=\"_blank\" rel=\"noopener noreferrer\">les m\u00e9dias sociaux expliqu\u00e9s \u00e0 mon boss<\/a>\u00ab\u00a0, nous \u00e9voquons les exemples, bons et mauvais, tir\u00e9s de ce secteur d&rsquo;activit\u00e9 qui prend tous les jours plus d&rsquo;importance en ces temps o\u00f9 <a title=\"Nourrir la plan\u00e8te\" href=\"http:\/\/www.lemonde.fr\/planete\/article\/2009\/10\/16\/nourrir-la-planete-en-2050-un-defi-deja-d-actualite_1254656_3244.html\" target=\"_blank\" rel=\"noopener noreferrer\">nourrir la plan\u00e8te (re)devient une pr\u00e9occupation majeure des nations<\/a>.<\/p>\n","protected":false},"excerpt":{"rendered":"<p>On se moque souvent du paysan alors qu&rsquo;en mati\u00e8re de m\u00e9dias sociaux il est souvent meilleur que son homologue de la PME. Lors du salon SIMA (Salon International du Machinisme Agricole) je suis intervenu aux c\u00f4t\u00e9s \u00a0d&lsquo;Etienne Vicariot, Directeur de la communication de John Deere en France. les m\u00e9dias sociaux expliqu\u00e9s \u00e0 mon paysan : &hellip;<\/p>\n","protected":false},"author":2,"featured_media":3907,"comment_status":"open","ping_status":"open","sticky":false,"template":"","format":"standard","meta":{"footnotes":""},"categories":[25],"tags":[],"class_list":["post-9139","post","type-post","status-publish","format-standard","has-post-thumbnail","hentry","category-medias-sociaux"],"yoast_head":"<!-- This site is optimized with the Yoast SEO plugin v27.4 - https:\/\/yoast.com\/product\/yoast-seo-wordpress\/ -->\n<title>les m\u00e9dias sociaux expliqu\u00e9s \u00e0 mon paysan : futur best seller<\/title>\n<meta name=\"description\" content=\"les m\u00e9dias sociaux expliqu\u00e9s \u00e0 mon paysan : futur best seller - cette interview a eu lieu au salon du SIMA en 2011\" \/>\n<meta name=\"robots\" content=\"index, follow, max-snippet:-1, max-image-preview:large, max-video-preview:-1\" \/>\n<link rel=\"canonical\" href=\"https:\/\/visionarymarketing.com\/fr\/2011\/03\/31\/medias-sociaux-paysan\/\" \/>\n<meta property=\"og:locale\" content=\"fr_FR\" \/>\n<meta property=\"og:type\" content=\"article\" \/>\n<meta property=\"og:title\" content=\"les m\u00e9dias sociaux expliqu\u00e9s \u00e0 mon paysan : futur best seller\" \/>\n<meta property=\"og:description\" content=\"les m\u00e9dias sociaux expliqu\u00e9s \u00e0 mon paysan : futur best seller - cette interview a eu lieu au salon du SIMA en 2011\" \/>\n<meta property=\"og:url\" content=\"https:\/\/visionarymarketing.com\/fr\/2011\/03\/31\/medias-sociaux-paysan\/\" \/>\n<meta property=\"og:site_name\" content=\"Marketing and Innovation\" \/>\n<meta property=\"article:publisher\" content=\"https:\/\/www.facebook.com\/vismktg\" \/>\n<meta property=\"article:author\" content=\"http:\/\/facebook.com\/ygourven\" \/>\n<meta property=\"article:published_time\" content=\"2011-03-31T09:50:56+00:00\" \/>\n<meta property=\"article:modified_time\" content=\"2023-03-12T10:40:16+00:00\" \/>\n<meta property=\"og:image\" content=\"https:\/\/visionarymarketing.com\/wp-content\/uploads\/2011\/02\/image_2041-e1597425653350.jpg\" \/>\n\t<meta property=\"og:image:width\" content=\"519\" \/>\n\t<meta property=\"og:image:height\" content=\"340\" \/>\n\t<meta property=\"og:image:type\" content=\"image\/jpeg\" \/>\n<meta name=\"author\" content=\"Yann Gourvennec\" \/>\n<meta name=\"twitter:card\" content=\"summary_large_image\" \/>\n<meta name=\"twitter:creator\" content=\"@ygourven\" \/>\n<meta name=\"twitter:site\" content=\"@ygourven\" \/>\n<meta name=\"twitter:label1\" content=\"\u00c9crit par\" \/>\n\t<meta name=\"twitter:data1\" content=\"Yann Gourvennec\" \/>\n\t<meta name=\"twitter:label2\" content=\"Dur\u00e9e de lecture estim\u00e9e\" \/>\n\t<meta name=\"twitter:data2\" content=\"1 minute\" \/>\n<script type=\"application\/ld+json\" class=\"yoast-schema-graph\">{\"@context\":\"https:\\\/\\\/schema.org\",\"@graph\":[{\"@type\":\"NewsArticle\",\"@id\":\"https:\\\/\\\/visionarymarketing.com\\\/fr\\\/2011\\\/03\\\/31\\\/medias-sociaux-paysan\\\/#article\",\"isPartOf\":{\"@id\":\"https:\\\/\\\/visionarymarketing.com\\\/fr\\\/2011\\\/03\\\/31\\\/medias-sociaux-paysan\\\/\"},\"author\":{\"name\":\"Yann Gourvennec\",\"@id\":\"https:\\\/\\\/visionarymarketing.com\\\/fr\\\/#\\\/schema\\\/person\\\/3754fee1e558f47b8deb46f53c37423e\"},\"headline\":\"les m\u00e9dias sociaux expliqu\u00e9s \u00e0 mon paysan : futur best seller\",\"datePublished\":\"2011-03-31T09:50:56+00:00\",\"dateModified\":\"2023-03-12T10:40:16+00:00\",\"mainEntityOfPage\":{\"@id\":\"https:\\\/\\\/visionarymarketing.com\\\/fr\\\/2011\\\/03\\\/31\\\/medias-sociaux-paysan\\\/\"},\"wordCount\":258,\"commentCount\":0,\"image\":{\"@id\":\"https:\\\/\\\/visionarymarketing.com\\\/fr\\\/2011\\\/03\\\/31\\\/medias-sociaux-paysan\\\/#primaryimage\"},\"thumbnailUrl\":\"https:\\\/\\\/visionarymarketing.com\\\/wp-content\\\/uploads\\\/2011\\\/02\\\/image_2041-e1597425653350.jpg\",\"articleSection\":[\"m\u00e9dias \\\/ r\u00e9seaux sociaux\"],\"inLanguage\":\"fr-FR\",\"potentialAction\":[{\"@type\":\"CommentAction\",\"name\":\"Comment\",\"target\":[\"https:\\\/\\\/visionarymarketing.com\\\/fr\\\/2011\\\/03\\\/31\\\/medias-sociaux-paysan\\\/#respond\"]}]},{\"@type\":\"WebPage\",\"@id\":\"https:\\\/\\\/visionarymarketing.com\\\/fr\\\/2011\\\/03\\\/31\\\/medias-sociaux-paysan\\\/\",\"url\":\"https:\\\/\\\/visionarymarketing.com\\\/fr\\\/2011\\\/03\\\/31\\\/medias-sociaux-paysan\\\/\",\"name\":\"les m\u00e9dias sociaux expliqu\u00e9s \u00e0 mon paysan : futur best seller\",\"isPartOf\":{\"@id\":\"https:\\\/\\\/visionarymarketing.com\\\/fr\\\/#website\"},\"primaryImageOfPage\":{\"@id\":\"https:\\\/\\\/visionarymarketing.com\\\/fr\\\/2011\\\/03\\\/31\\\/medias-sociaux-paysan\\\/#primaryimage\"},\"image\":{\"@id\":\"https:\\\/\\\/visionarymarketing.com\\\/fr\\\/2011\\\/03\\\/31\\\/medias-sociaux-paysan\\\/#primaryimage\"},\"thumbnailUrl\":\"https:\\\/\\\/visionarymarketing.com\\\/wp-content\\\/uploads\\\/2011\\\/02\\\/image_2041-e1597425653350.jpg\",\"datePublished\":\"2011-03-31T09:50:56+00:00\",\"dateModified\":\"2023-03-12T10:40:16+00:00\",\"author\":{\"@id\":\"https:\\\/\\\/visionarymarketing.com\\\/fr\\\/#\\\/schema\\\/person\\\/3754fee1e558f47b8deb46f53c37423e\"},\"description\":\"les m\u00e9dias sociaux expliqu\u00e9s \u00e0 mon paysan : futur best seller - cette interview a eu lieu au salon du SIMA en 2011\",\"breadcrumb\":{\"@id\":\"https:\\\/\\\/visionarymarketing.com\\\/fr\\\/2011\\\/03\\\/31\\\/medias-sociaux-paysan\\\/#breadcrumb\"},\"inLanguage\":\"fr-FR\",\"potentialAction\":[{\"@type\":\"ReadAction\",\"target\":[\"https:\\\/\\\/visionarymarketing.com\\\/fr\\\/2011\\\/03\\\/31\\\/medias-sociaux-paysan\\\/\"]}]},{\"@type\":\"ImageObject\",\"inLanguage\":\"fr-FR\",\"@id\":\"https:\\\/\\\/visionarymarketing.com\\\/fr\\\/2011\\\/03\\\/31\\\/medias-sociaux-paysan\\\/#primaryimage\",\"url\":\"https:\\\/\\\/visionarymarketing.com\\\/wp-content\\\/uploads\\\/2011\\\/02\\\/image_2041-e1597425653350.jpg\",\"contentUrl\":\"https:\\\/\\\/visionarymarketing.com\\\/wp-content\\\/uploads\\\/2011\\\/02\\\/image_2041-e1597425653350.jpg\",\"width\":519,\"height\":340},{\"@type\":\"BreadcrumbList\",\"@id\":\"https:\\\/\\\/visionarymarketing.com\\\/fr\\\/2011\\\/03\\\/31\\\/medias-sociaux-paysan\\\/#breadcrumb\",\"itemListElement\":[{\"@type\":\"ListItem\",\"position\":1,\"name\":\"Home\",\"item\":\"https:\\\/\\\/visionarymarketing.com\\\/fr\\\/\"},{\"@type\":\"ListItem\",\"position\":2,\"name\":\"les m\u00e9dias sociaux expliqu\u00e9s \u00e0 mon paysan : futur best seller\"}]},{\"@type\":\"WebSite\",\"@id\":\"https:\\\/\\\/visionarymarketing.com\\\/fr\\\/#website\",\"url\":\"https:\\\/\\\/visionarymarketing.com\\\/fr\\\/\",\"name\":\"Marketing and Innovation\",\"description\":\"Site d&#039;infos ind\u00e9pendant, depuis 1996\",\"potentialAction\":[{\"@type\":\"SearchAction\",\"target\":{\"@type\":\"EntryPoint\",\"urlTemplate\":\"https:\\\/\\\/visionarymarketing.com\\\/fr\\\/?s={search_term_string}\"},\"query-input\":{\"@type\":\"PropertyValueSpecification\",\"valueRequired\":true,\"valueName\":\"search_term_string\"}}],\"inLanguage\":\"fr-FR\"},{\"@type\":\"Person\",\"@id\":\"https:\\\/\\\/visionarymarketing.com\\\/fr\\\/#\\\/schema\\\/person\\\/3754fee1e558f47b8deb46f53c37423e\",\"name\":\"Yann Gourvennec\",\"image\":{\"@type\":\"ImageObject\",\"inLanguage\":\"fr-FR\",\"@id\":\"https:\\\/\\\/secure.gravatar.com\\\/avatar\\\/5972001801e8de5692a3e31224e85769f50a55fb8b679749f9c8d1868cceff14?s=96&d=initials&r=g&initials=yg\",\"url\":\"https:\\\/\\\/secure.gravatar.com\\\/avatar\\\/5972001801e8de5692a3e31224e85769f50a55fb8b679749f9c8d1868cceff14?s=96&d=initials&r=g&initials=yg\",\"contentUrl\":\"https:\\\/\\\/secure.gravatar.com\\\/avatar\\\/5972001801e8de5692a3e31224e85769f50a55fb8b679749f9c8d1868cceff14?s=96&d=initials&r=g&initials=yg\",\"caption\":\"Yann Gourvennec\"},\"description\":\"Yann Gourvennec created visionarymarketing.com in 1996. He is a speaker and author of many books. In 2014 he went from intrapreneur to entrepreneur, when he created his digital marketing agency. Yann Gourvennec a cr\u00e9\u00e9 visionarymarketing.com en 1996. Il est conf\u00e9rencier et auteur de plusieurs livres. En 2014, il est pass\u00e9 d'intrapreneur \u00e0 entrepreneur en cr\u00e9ant son agence de marketing num\u00e9rique.\",\"sameAs\":[\"https:\\\/\\\/visionarymarketing.com\",\"http:\\\/\\\/facebook.com\\\/ygourven\",\"http:\\\/\\\/linkedin.com\\\/in\\\/ygourven\",\"https:\\\/\\\/x.com\\\/ygourven\",\"https:\\\/\\\/www.youtube.com\\\/c\\\/visionarymarketingagency\"],\"url\":\"https:\\\/\\\/visionarymarketing.com\\\/fr\\\/author\\\/yann-gourvennec\\\/\"}]}<\/script>\n<!-- \/ Yoast SEO plugin. -->","yoast_head_json":{"title":"les m\u00e9dias sociaux expliqu\u00e9s \u00e0 mon paysan : futur best seller","description":"les m\u00e9dias sociaux expliqu\u00e9s \u00e0 mon paysan : futur best seller - cette interview a eu lieu au salon du SIMA en 2011","robots":{"index":"index","follow":"follow","max-snippet":"max-snippet:-1","max-image-preview":"max-image-preview:large","max-video-preview":"max-video-preview:-1"},"canonical":"https:\/\/visionarymarketing.com\/fr\/2011\/03\/31\/medias-sociaux-paysan\/","og_locale":"fr_FR","og_type":"article","og_title":"les m\u00e9dias sociaux expliqu\u00e9s \u00e0 mon paysan : futur best seller","og_description":"les m\u00e9dias sociaux expliqu\u00e9s \u00e0 mon paysan : futur best seller - cette interview a eu lieu au salon du SIMA en 2011","og_url":"https:\/\/visionarymarketing.com\/fr\/2011\/03\/31\/medias-sociaux-paysan\/","og_site_name":"Marketing and Innovation","article_publisher":"https:\/\/www.facebook.com\/vismktg","article_author":"http:\/\/facebook.com\/ygourven","article_published_time":"2011-03-31T09:50:56+00:00","article_modified_time":"2023-03-12T10:40:16+00:00","og_image":[{"width":519,"height":340,"url":"https:\/\/visionarymarketing.com\/wp-content\/uploads\/2011\/02\/image_2041-e1597425653350.jpg","type":"image\/jpeg"}],"author":"Yann Gourvennec","twitter_card":"summary_large_image","twitter_creator":"@ygourven","twitter_site":"@ygourven","twitter_misc":{"\u00c9crit par":"Yann Gourvennec","Dur\u00e9e de lecture estim\u00e9e":"1 minute"},"schema":{"@context":"https:\/\/schema.org","@graph":[{"@type":"NewsArticle","@id":"https:\/\/visionarymarketing.com\/fr\/2011\/03\/31\/medias-sociaux-paysan\/#article","isPartOf":{"@id":"https:\/\/visionarymarketing.com\/fr\/2011\/03\/31\/medias-sociaux-paysan\/"},"author":{"name":"Yann Gourvennec","@id":"https:\/\/visionarymarketing.com\/fr\/#\/schema\/person\/3754fee1e558f47b8deb46f53c37423e"},"headline":"les m\u00e9dias sociaux expliqu\u00e9s \u00e0 mon paysan : futur best seller","datePublished":"2011-03-31T09:50:56+00:00","dateModified":"2023-03-12T10:40:16+00:00","mainEntityOfPage":{"@id":"https:\/\/visionarymarketing.com\/fr\/2011\/03\/31\/medias-sociaux-paysan\/"},"wordCount":258,"commentCount":0,"image":{"@id":"https:\/\/visionarymarketing.com\/fr\/2011\/03\/31\/medias-sociaux-paysan\/#primaryimage"},"thumbnailUrl":"https:\/\/visionarymarketing.com\/wp-content\/uploads\/2011\/02\/image_2041-e1597425653350.jpg","articleSection":["m\u00e9dias \/ r\u00e9seaux sociaux"],"inLanguage":"fr-FR","potentialAction":[{"@type":"CommentAction","name":"Comment","target":["https:\/\/visionarymarketing.com\/fr\/2011\/03\/31\/medias-sociaux-paysan\/#respond"]}]},{"@type":"WebPage","@id":"https:\/\/visionarymarketing.com\/fr\/2011\/03\/31\/medias-sociaux-paysan\/","url":"https:\/\/visionarymarketing.com\/fr\/2011\/03\/31\/medias-sociaux-paysan\/","name":"les m\u00e9dias sociaux expliqu\u00e9s \u00e0 mon paysan : futur best seller","isPartOf":{"@id":"https:\/\/visionarymarketing.com\/fr\/#website"},"primaryImageOfPage":{"@id":"https:\/\/visionarymarketing.com\/fr\/2011\/03\/31\/medias-sociaux-paysan\/#primaryimage"},"image":{"@id":"https:\/\/visionarymarketing.com\/fr\/2011\/03\/31\/medias-sociaux-paysan\/#primaryimage"},"thumbnailUrl":"https:\/\/visionarymarketing.com\/wp-content\/uploads\/2011\/02\/image_2041-e1597425653350.jpg","datePublished":"2011-03-31T09:50:56+00:00","dateModified":"2023-03-12T10:40:16+00:00","author":{"@id":"https:\/\/visionarymarketing.com\/fr\/#\/schema\/person\/3754fee1e558f47b8deb46f53c37423e"},"description":"les m\u00e9dias sociaux expliqu\u00e9s \u00e0 mon paysan : futur best seller - cette interview a eu lieu au salon du SIMA en 2011","breadcrumb":{"@id":"https:\/\/visionarymarketing.com\/fr\/2011\/03\/31\/medias-sociaux-paysan\/#breadcrumb"},"inLanguage":"fr-FR","potentialAction":[{"@type":"ReadAction","target":["https:\/\/visionarymarketing.com\/fr\/2011\/03\/31\/medias-sociaux-paysan\/"]}]},{"@type":"ImageObject","inLanguage":"fr-FR","@id":"https:\/\/visionarymarketing.com\/fr\/2011\/03\/31\/medias-sociaux-paysan\/#primaryimage","url":"https:\/\/visionarymarketing.com\/wp-content\/uploads\/2011\/02\/image_2041-e1597425653350.jpg","contentUrl":"https:\/\/visionarymarketing.com\/wp-content\/uploads\/2011\/02\/image_2041-e1597425653350.jpg","width":519,"height":340},{"@type":"BreadcrumbList","@id":"https:\/\/visionarymarketing.com\/fr\/2011\/03\/31\/medias-sociaux-paysan\/#breadcrumb","itemListElement":[{"@type":"ListItem","position":1,"name":"Home","item":"https:\/\/visionarymarketing.com\/fr\/"},{"@type":"ListItem","position":2,"name":"les m\u00e9dias sociaux expliqu\u00e9s \u00e0 mon paysan : futur best seller"}]},{"@type":"WebSite","@id":"https:\/\/visionarymarketing.com\/fr\/#website","url":"https:\/\/visionarymarketing.com\/fr\/","name":"Marketing and Innovation","description":"Site d&#039;infos ind\u00e9pendant, depuis 1996","potentialAction":[{"@type":"SearchAction","target":{"@type":"EntryPoint","urlTemplate":"https:\/\/visionarymarketing.com\/fr\/?s={search_term_string}"},"query-input":{"@type":"PropertyValueSpecification","valueRequired":true,"valueName":"search_term_string"}}],"inLanguage":"fr-FR"},{"@type":"Person","@id":"https:\/\/visionarymarketing.com\/fr\/#\/schema\/person\/3754fee1e558f47b8deb46f53c37423e","name":"Yann Gourvennec","image":{"@type":"ImageObject","inLanguage":"fr-FR","@id":"https:\/\/secure.gravatar.com\/avatar\/5972001801e8de5692a3e31224e85769f50a55fb8b679749f9c8d1868cceff14?s=96&d=initials&r=g&initials=yg","url":"https:\/\/secure.gravatar.com\/avatar\/5972001801e8de5692a3e31224e85769f50a55fb8b679749f9c8d1868cceff14?s=96&d=initials&r=g&initials=yg","contentUrl":"https:\/\/secure.gravatar.com\/avatar\/5972001801e8de5692a3e31224e85769f50a55fb8b679749f9c8d1868cceff14?s=96&d=initials&r=g&initials=yg","caption":"Yann Gourvennec"},"description":"Yann Gourvennec created visionarymarketing.com in 1996. He is a speaker and author of many books. In 2014 he went from intrapreneur to entrepreneur, when he created his digital marketing agency. Yann Gourvennec a cr\u00e9\u00e9 visionarymarketing.com en 1996. Il est conf\u00e9rencier et auteur de plusieurs livres. En 2014, il est pass\u00e9 d'intrapreneur \u00e0 entrepreneur en cr\u00e9ant son agence de marketing num\u00e9rique.","sameAs":["https:\/\/visionarymarketing.com","http:\/\/facebook.com\/ygourven","http:\/\/linkedin.com\/in\/ygourven","https:\/\/x.com\/ygourven","https:\/\/www.youtube.com\/c\/visionarymarketingagency"],"url":"https:\/\/visionarymarketing.com\/fr\/author\/yann-gourvennec\/"}]}},"_links":{"self":[{"href":"https:\/\/visionarymarketing.com\/fr\/wp-json\/wp\/v2\/posts\/9139","targetHints":{"allow":["GET"]}}],"collection":[{"href":"https:\/\/visionarymarketing.com\/fr\/wp-json\/wp\/v2\/posts"}],"about":[{"href":"https:\/\/visionarymarketing.com\/fr\/wp-json\/wp\/v2\/types\/post"}],"author":[{"embeddable":true,"href":"https:\/\/visionarymarketing.com\/fr\/wp-json\/wp\/v2\/users\/2"}],"replies":[{"embeddable":true,"href":"https:\/\/visionarymarketing.com\/fr\/wp-json\/wp\/v2\/comments?post=9139"}],"version-history":[{"count":0,"href":"https:\/\/visionarymarketing.com\/fr\/wp-json\/wp\/v2\/posts\/9139\/revisions"}],"wp:featuredmedia":[{"embeddable":true,"href":"https:\/\/visionarymarketing.com\/fr\/wp-json\/wp\/v2\/media\/3907"}],"wp:attachment":[{"href":"https:\/\/visionarymarketing.com\/fr\/wp-json\/wp\/v2\/media?parent=9139"}],"wp:term":[{"taxonomy":"category","embeddable":true,"href":"https:\/\/visionarymarketing.com\/fr\/wp-json\/wp\/v2\/categories?post=9139"},{"taxonomy":"post_tag","embeddable":true,"href":"https:\/\/visionarymarketing.com\/fr\/wp-json\/wp\/v2\/tags?post=9139"}],"curies":[{"name":"wp","href":"https:\/\/api.w.org\/{rel}","templated":true}]}}