{"id":9132,"date":"2010-09-07T05:00:00","date_gmt":"2010-09-07T05:00:00","guid":{"rendered":"https:\/\/visionary.wordpress.com\/?p=3005"},"modified":"2023-09-18T12:59:49","modified_gmt":"2023-09-18T10:59:49","slug":"web-social","status":"publish","type":"post","link":"https:\/\/visionarymarketing.com\/fr\/2010\/09\/07\/web-social\/","title":{"rendered":"Emmanuel Fraysse dresse le portrait robot du Web Social"},"content":{"rendered":"<p><em><a href=\"https:\/\/visionarymarketing.com\/wp-content\/uploads\/2010\/09\/emmanuelfraysse.png\"><img decoding=\"async\" class=\"alignnone\" style=\"display: inline; border-width: 0; margin: 0;\" title=\"emmanuel-fraysse\" src=\"https:\/\/visionarymarketing.com\/wp-content\/uploads\/2010\/09\/emmanuelfraysse_thumb.png\" alt=\"Emmanuel Fraysse dresse le portrait robot du Web Social\" width=\"97\" height=\"172\" align=\"right\" border=\"0\" \/><\/a>Le Web Social, Kesako ? Les vacances sont termin\u00e9es et nous voici de nouveau en selle pour le travail. Il y a \u00e0 peine quelques minutes j\u2019entendais dire mon management \u201cce que vous d\u00e9criviez il y a quelques ann\u00e9es \u2013 i.e. l\u2019av\u00e8nement des m\u00e9dias sociaux en entreprise \u2013 \u00e9tait un joli gadget, mais maintenant il y a un consensus pour reconna\u00eetre que c\u2019est devenu un mode majeur de communication\u201d. Et pour cause, il y a quelques jours, un de nos clients les plus prestigieux d\u00e9crivait nos <span class=\"removed_link\" title=\"http:\/\/blogs.orange-business.com\">blogs<\/span> et notre <span class=\"removed_link\" title=\"http:\/\/www.orange-business.tv\">WebTV<\/span> comme \u00e9tant \u201csa meilleure source d\u2019information sur les TIC\u201d. C\u2019est dire que le livre d\u2019Emmanuel Fraysse (<span class=\"removed_link\" title=\"http:\/\/livre.fnac.com\/a2988644\/Emmanuel-Fraysse-Facebook-Twitter-et-le-web-social\">Facebook, Twitter et le Web Social, nouvelles opportunit\u00e9s de business<\/span>) que je vais vous pr\u00e9senter est important pour vous et qu\u2019il arrive \u00e0 une p\u00e9riode particuli\u00e8rement propice (photo de l\u2019auteur sur la droite).<\/em><\/p>\n<p><a href=\"https:\/\/visionarymarketing.com\/wp-content\/uploads\/2010\/09\/image.png\"><img decoding=\"async\" class=\"alignnone\" style=\"display: block; float: none; margin-left: auto; margin-right: auto; border: 0;\" title=\"image\" src=\"https:\/\/visionarymarketing.com\/wp-content\/uploads\/2010\/09\/image_thumb.png\" alt=\"Web social\" width=\"484\" height=\"250\" border=\"0\" \/><\/a><\/p>\n<h2>Un protrait du Web social par Emmanuel Fraysse<\/h2>\n<p><a href=\"https:\/\/visionarymarketing.com\/wp-content\/uploads\/2010\/09\/emmanuelfrayssewebsocialopportunitesdebusiness.png\"><img decoding=\"async\" class=\"alignnone\" style=\"display: inline; border-width: 0; margin: 0 15px 0 0;\" title=\"emmanuel-Fraysse-websocial-opportunitesdebusiness\" src=\"https:\/\/visionarymarketing.com\/wp-content\/uploads\/2010\/09\/emmanuelfrayssewebsocialopportunitesdebusiness_thumb.png\" alt=\"Emmanuel Fraysse dresse le portrait robot du Web Social\" width=\"127\" height=\"140\" align=\"left\" border=\"0\" \/><\/a> C&rsquo;est une \u00e9norme somme de l&rsquo;\u00e9tat de l&rsquo;art des m\u00e9dias sociaux et de leur potentiel pour les affaires que nous a fournie <strong>Emmanuel Fraysse<\/strong> cet \u00e9t\u00e9 (<strong><span class=\"removed_link\" title=\"http:\/\/livre.fnac.com\/a2988644\/Emmanuel-Fraysse-Facebook-Twitter-et-le-web-social\">Facebook, Twitter et le web social, les nouvelles opportunit\u00e9s de business aux \u00e9ditions Kawa [*]<\/span><\/strong>). Jeune v\u00e9t\u00e9ran du Web, qu&rsquo;il a d\u00e9couvert en m\u00eame temps que moi il y a 15 ans, ex de Spray, <span class=\"removed_link\" title=\"http:\/\/www.linkedin.com\/ppl\/webprofile?gwp=&amp;id=130684&amp;pvs=pp&amp;authToken=iIpA&amp;authType=name&amp;locale=en_US&amp;trk=ppro_geturl&amp;lnk=sign_in\">Emmanuel Fraysse<\/span> a \u00e9t\u00e9 professeur de marketing et \u00e0 travaill\u00e9 pour Microsoft ; il s&rsquo;appr\u00eate aujourd&rsquo;hui \u00e0 rejoindre un \u00e9diteur de presse professionnelle afin d&rsquo;en dynamiser les sites Web. Il est aussi l&rsquo;inventeur de marketingrama, un digg-like d\u00e9di\u00e9 au marketing qui a \u00e9t\u00e9 pour beaucoup dans la promotion des articles des blogs marketing fran\u00e7ais il y a quelques ann\u00e9es (ce site de notation est h\u00e9las arr\u00eat\u00e9). Cet ouvrage \u00ab\u00a0les nouvelles opportunit\u00e9s de business \u00bb est une bible de 350 pages \u00e9crites \u00e0 la vitesse de l&rsquo;\u00e9clair, en \u00e0 peine 3 mois. Ceci donne une id\u00e9e de l&rsquo;\u00e9tendue des connaissances de l&rsquo;auteur qui n&rsquo;a eu qu&rsquo;\u00e0 puiser dans sa m\u00e9moire, pour \u00e9crire cet ouvrage tr\u00e8s complet qui couvre l&rsquo;ensemble des possibilit\u00e9s du Web social.<\/p>\n<p>[*] la collection du c\u00e9l\u00e8bre <a href=\"https:\/\/henrikaufman.typepad.com\/et_si_lon_parlait_marketi\/2010\/07\/les-nouvelles-opportunit%C3%A9s-de-business.html\" target=\"_blank\" rel=\"noopener noreferrer\">Henri Kaufman, intitul\u00e9e les fondamentaux du web<\/a><!--more--><\/p>\n<h3><strong>Le Web Social a toujours \u00e9t\u00e9 l\u00e0 !<\/strong><\/h3>\n<p>Les deux premiers chapitres du livre sont d\u00e9di\u00e9s \u00e0 un retour sur l&rsquo;historique du Web particuli\u00e8rement bien fait, ce qui permet de remettre en perspective les pr\u00e9tendues nouveaut\u00e9s du Web social. J&rsquo;aime notamment (page 27) la phrase suivante : \u00ab\u00a0Quand le Web social est-il n\u00e9 ? Il a toujours \u00e9t\u00e9 l\u00e0, il est n\u00e9 avec Internet sachant qu&rsquo;Internet est intrins\u00e8quement reliant et social\u00a0\u00bb. On dirait une phrase sortie de mon cours de l&rsquo;ESG (<a href=\"https:\/\/agence.visionarymarketing.com\/fr\/visionary-marketing\/yann-gourvennec-agence-visionary-marketing.html\" target=\"_blank\" rel=\"noopener noreferrer\">disponible dans sa version 2007 ici<\/a>), cela me para\u00eet tr\u00e8s bien vu. \u00c0 la page 36, Emmanuel propose une analyse particuli\u00e8rement int\u00e9ressante \u00e9galement en superposant de fa\u00e7on originale les deux courbes de crossing the chasm de Geoffrey Moore et du Hype Cycle de Gartner. La superposition de ces deux courbes (voir ci-dessous)permet \u00e0 l&rsquo;auteur d&rsquo;en d\u00e9duire le caract\u00e8re p\u00e9renne du Web social.<\/p>\n<h3><strong>les standards du Web Social<\/strong><\/h3>\n<p>Un peu comme dans un bon disque de Jazz, on trouvera \u00e9galement dans le livre une revue des standards et des concepts qui soutendent le web social : Granoveter (les liens faibles), Milgram (6 degr\u00e9s de s\u00e9paration), Gladwell (the tipping point), sans oublier notre Jo\u00ebl de Rosnay national etc. Tous les auteurs qui ont marqu\u00e9 et jalonn\u00e9 l&rsquo;av\u00e8nement du Web social y sont d\u00e9crits et analys\u00e9s.<\/p>\n<p>On notera \u00e9galement \u00e0 la page 54, une \u00e9tonnante critique des m\u00e9dias sociaux (c&rsquo;est l&rsquo;int\u00e9r\u00eat du livre qui fournit un regard critique et avis\u00e9, venant d&rsquo;un v\u00e9ritable expert qui conna\u00eet le domaine de longue date) et de la fameuse g\u00e9n\u00e9ration Y : \u201cLa g\u00e9n\u00e9ration Y a une f\u00e2cheuse tendance \u00e0 se cacher derri\u00e8re son ordinateur pour exprimer ses sentiments et dialoguer\u201d et de pr\u00e9ciser que cette fameuse g\u00e9n\u00e9ration &#8211; sujette de tant d&rsquo;\u00e9tudes et d&rsquo;attentions, objet de tant de pr\u00e9jug\u00e9s et de mythes &#8211; ne se sent \u00ab\u00a0pas forc\u00e9ment \u00e0 l&rsquo;aise ni pour \u00e9crire ni pour exprimer en public\u00a0\u00bb. Des conclusions assez proches <span class=\"removed_link\" title=\"http:\/\/www.groupereflect.net\/blog\/archives\/2009\/10\/mythes-et-realites-de-la-generation-y.html?parole_d_expert\">d&rsquo;un article d&rsquo;Alexis Mons sur ce sujet et sur lequel nous reviendrons bient\u00f4t sur ce blog<\/span>.<\/p>\n<p><strong>Entrer dans la r\u00e9alit\u00e9 du ph\u00e9nom\u00e8ne<\/strong><\/p>\n<p>On notera \u00e9galement \u00e0 la page 56, une \u00e9tude du Web social au travail, bas\u00e9e sur un travail de Microsoft, qui fournit une repr\u00e9sentation graphique des diff\u00e9rents profils des usages des TIC au travail particuli\u00e8rement int\u00e9ressante. Ou encore en page 59, ce passage sur les cons\u00e9quences importantes du Web social en termes d&rsquo;organisation du travail : moins de hi\u00e9rarchie, interaction moins formelle, moins d&rsquo;\u00e9tudes de march\u00e9, plus de crowdsourcing.<\/p>\n<p>Dans ce livre, on sort de la simple contemplation du ph\u00e9nom\u00e8ne Facebook, pour entrer dans la <em>r\u00e9alit\u00e9 du ph\u00e9nom\u00e8ne du Web Social dans son ensemble<\/em> et de ce qu&rsquo;il peut repr\u00e9senter pour les entreprises.<\/p>\n<p>Et ce d\u00e9veloppement des m\u00e9dias sociaux dans les entreprises, n&rsquo;est pas une sin\u00e9cure : les entreprises sont \u00ab crisp\u00e9es par le fait que les id\u00e9es puissent venir de l&rsquo;ext\u00e9rieur \u00bb ajoute l&rsquo;auteur, insistant ainsi sur les d\u00e9fis bien r\u00e9els des innovateurs charg\u00e9s de mettre en place les m\u00e9dias sociaux en entreprises. Et une \u00e9tude men\u00e9e par Microsoft et l&rsquo;IFOP, vient confirmer ce sentiment de difficult\u00e9 de mise en \u0153uvre : selon l&rsquo;auteur, c&rsquo;est seulement 18 % des personnes interrog\u00e9es qui travailleraient dans des entreprises organis\u00e9es en mode horizontal (c&rsquo;est-\u00e0-dire o\u00f9 l&rsquo;interaction entre les individus prennent le pas sur les fonctionnements hi\u00e9rarchies) et sont \u00e0 la pointe des technologies. On imagine donc le temps qu&rsquo;il va falloir afin que ces innovations puissent se r\u00e9pandre jusque dans les moindres m\u00e9andres de l&rsquo;\u00e9conomie.<\/p>\n<p>Le livre balaye ensuite les profils types du Web social, les fa\u00e7ons de gagner de l&rsquo;argent avec lui. Quatre chapitres entiers y sont d\u00e9di\u00e9s aux r\u00e9seaux d&rsquo;influence, comment identifier les bassins de cette influence et surtout comment assurer celle ci, pour le b\u00e9n\u00e9fice de votre marque.<\/p>\n<p><a href=\"https:\/\/visionarymarketing.com\/wp-content\/uploads\/2010\/09\/image1.png\"><img decoding=\"async\" style=\"display: inline; margin-left: 0; margin-right: 0; border-width: 0;\" title=\"image\" src=\"https:\/\/visionarymarketing.com\/wp-content\/uploads\/2010\/09\/image_thumb1.png\" alt=\"image\" width=\"307\" height=\"357\" align=\"right\" border=\"0\" \/><\/a> <strong>Un ouvrage complet et bien con\u00e7u \u2026 et un travail de titan<\/strong><\/p>\n<p>\u00c0 la fois contextuel, explicatif et aussi livre mode d&#8217;emploi, cet ouvrage fort bien con\u00e7u permet aux professionnels soucieux de prendre pied dans les m\u00e9dias sociaux, de comprendre la plupart des concepts principaux, de faire la liste des outils utiles pour votre business, et vous donnera \u00e9galement quelques recettes \u00e0 mettre en place concr\u00e8tement sur le terrain.<\/p>\n<p>Des livres sortis ces derniers mois, celui-ci est certainement un des plus int\u00e9ressants et je recommande vivement son achat, m\u00eame si le prix en est assez \u00e9lev\u00e9 (36.90\u20ac TTC en prix public). Disons qu\u2019il s\u2019agit d\u2019un investissement utile.<\/p>\n<p>Enfin, la pr\u00e9sence de quelques t\u00e9moignages comme celui de Bernard Benhamou coordinateur de la conf\u00e9rence minist\u00e9rielle de la pr\u00e9sidence fran\u00e7aise de l&rsquo;union europ\u00e9enne sur l&rsquo;Internet du futur, de Damien Vincent, directeur commercial de Facebook France, et de Rapha\u00ebl Fr\u00e9mont, un des pionniers du Search marketing en France, directeur associ\u00e9 du p\u00f4le acquisition de Publicis modem viennent ajouter une touche suppl\u00e9mentaire \u00e0 ce travail de titan r\u00e9alis\u00e9 en un temps record. Ajoutons pour conclure que j&rsquo;ai \u00e9galement contribu\u00e9 avec une interview sur la le Web social en B2B, et une explication autour de l&rsquo;association m\u00e9dia aces que j&rsquo;ai co-fond\u00e9e avec Herv\u00e9 Kabla, et que c\u2019est un r\u00e9el plaisir que d\u2019avoir particip\u00e9 \u00e0 cet excellent ouvrage d\u00e9di\u00e9 \u00e0 un domaine qui \u2013 comme je l\u2019ai expliqu\u00e9 dans mon introduction ci-dessus \u2013 devient rapidement strat\u00e9gique dans nos entreprises.<\/p>\n<ul>\n<li>acheter le livre <a href=\"http:\/\/www.amazon.fr\/Facebook-twitter-web-social-opportunit%C3%A9s\/dp\/2918866040\" target=\"_blank\" rel=\"noopener noreferrer\">\u201cFacebook, Twitter et le web social etc.\u201d sur AMAZON<\/a><\/li>\n<li>acheter le livre \u201cFacebook, Twitter et le web social etc.\u201d sur le <span class=\"removed_link\" title=\"http:\/\/livre.fnac.com\/a2988644\/Emmanuel-Fraysse-Facebook-Twitter-et-le-web-social\">site de la FNAC<\/span><\/li>\n<li>ou \u2026 <a href=\"http:\/\/www.arbrealettres.com\/detaillivre.php?gencod=9782918866046\" target=\"_blank\" rel=\"noopener noreferrer\"><strong>acheter le livre en ligne et se le faire livrer \u00e0 l\u2019Arbre \u00e0 Lettres le plus proche de vous \u00e0 Paris et encourager ainsi les librairies de quartier de notre capitale<\/strong><\/a><\/li>\n<\/ul>\n","protected":false},"excerpt":{"rendered":"<p>Le Web Social, Kesako ? Les vacances sont termin\u00e9es et nous voici de nouveau en selle pour le travail. Il y a \u00e0 peine quelques minutes j\u2019entendais dire mon management \u201cce que vous d\u00e9criviez il y a quelques ann\u00e9es \u2013 i.e. l\u2019av\u00e8nement des m\u00e9dias sociaux en entreprise \u2013 \u00e9tait un joli gadget, mais maintenant il &hellip;<\/p>\n","protected":false},"author":2,"featured_media":6163,"comment_status":"open","ping_status":"open","sticky":false,"template":"","format":"standard","meta":{"footnotes":""},"categories":[248,25],"tags":[],"class_list":["post-9132","post","type-post","status-publish","format-standard","has-post-thumbnail","hentry","category-livres-marketing","category-medias-sociaux"],"yoast_head":"<!-- This site is optimized with the Yoast SEO plugin v27.5 - https:\/\/yoast.com\/product\/yoast-seo-wordpress\/ -->\n<title>Emmanuel Fraysse dresse le portrait robot du Web Social<\/title>\n<meta name=\"description\" content=\"Le Web Social, Kesako ? L\u2019av\u00e8nement des m\u00e9dias sociaux en entreprise n&#039;est pas un gadget, c\u2019est devenu un mode majeur de communication\" \/>\n<meta name=\"robots\" content=\"index, follow, max-snippet:-1, max-image-preview:large, max-video-preview:-1\" \/>\n<link rel=\"canonical\" href=\"https:\/\/visionarymarketing.com\/fr\/2010\/09\/07\/web-social\/\" \/>\n<meta property=\"og:locale\" content=\"fr_FR\" \/>\n<meta property=\"og:type\" content=\"article\" \/>\n<meta property=\"og:title\" content=\"Emmanuel Fraysse dresse le portrait robot du Web Social\" \/>\n<meta property=\"og:description\" content=\"Le Web Social, Kesako ? L\u2019av\u00e8nement des m\u00e9dias sociaux en entreprise n&#039;est pas un gadget, c\u2019est devenu un mode majeur de communication\" \/>\n<meta property=\"og:url\" content=\"https:\/\/visionarymarketing.com\/fr\/2010\/09\/07\/web-social\/\" \/>\n<meta property=\"og:site_name\" content=\"Marketing and Innovation\" \/>\n<meta property=\"article:publisher\" content=\"https:\/\/www.facebook.com\/vismktg\" \/>\n<meta property=\"article:author\" content=\"http:\/\/facebook.com\/ygourven\" \/>\n<meta property=\"article:published_time\" content=\"2010-09-07T05:00:00+00:00\" \/>\n<meta property=\"article:modified_time\" content=\"2023-09-18T10:59:49+00:00\" \/>\n<meta property=\"og:image\" content=\"https:\/\/visionarymarketing.com\/wp-content\/uploads\/2012\/04\/image_thumb2.png\" \/>\n\t<meta property=\"og:image:width\" content=\"639\" \/>\n\t<meta property=\"og:image:height\" content=\"484\" \/>\n\t<meta property=\"og:image:type\" content=\"image\/png\" \/>\n<meta name=\"author\" content=\"Yann Gourvennec\" \/>\n<meta name=\"twitter:card\" content=\"summary_large_image\" \/>\n<meta name=\"twitter:creator\" content=\"@ygourven\" \/>\n<meta name=\"twitter:site\" content=\"@ygourven\" \/>\n<meta name=\"twitter:label1\" content=\"\u00c9crit par\" \/>\n\t<meta name=\"twitter:data1\" content=\"Yann Gourvennec\" \/>\n\t<meta name=\"twitter:label2\" content=\"Dur\u00e9e de lecture estim\u00e9e\" \/>\n\t<meta name=\"twitter:data2\" content=\"7 minutes\" \/>\n<script type=\"application\/ld+json\" class=\"yoast-schema-graph\">{\"@context\":\"https:\\\/\\\/schema.org\",\"@graph\":[{\"@type\":\"NewsArticle\",\"@id\":\"https:\\\/\\\/visionarymarketing.com\\\/fr\\\/2010\\\/09\\\/07\\\/web-social\\\/#article\",\"isPartOf\":{\"@id\":\"https:\\\/\\\/visionarymarketing.com\\\/fr\\\/2010\\\/09\\\/07\\\/web-social\\\/\"},\"author\":{\"name\":\"Yann Gourvennec\",\"@id\":\"https:\\\/\\\/visionarymarketing.com\\\/fr\\\/#\\\/schema\\\/person\\\/3754fee1e558f47b8deb46f53c37423e\"},\"headline\":\"Emmanuel Fraysse dresse le portrait robot du Web Social\",\"datePublished\":\"2010-09-07T05:00:00+00:00\",\"dateModified\":\"2023-09-18T10:59:49+00:00\",\"mainEntityOfPage\":{\"@id\":\"https:\\\/\\\/visionarymarketing.com\\\/fr\\\/2010\\\/09\\\/07\\\/web-social\\\/\"},\"wordCount\":1415,\"commentCount\":0,\"image\":{\"@id\":\"https:\\\/\\\/visionarymarketing.com\\\/fr\\\/2010\\\/09\\\/07\\\/web-social\\\/#primaryimage\"},\"thumbnailUrl\":\"https:\\\/\\\/visionarymarketing.com\\\/wp-content\\\/uploads\\\/2012\\\/04\\\/image_thumb2.png\",\"articleSection\":[\"livres marketing\",\"m\u00e9dias \\\/ r\u00e9seaux sociaux\"],\"inLanguage\":\"fr-FR\",\"potentialAction\":[{\"@type\":\"CommentAction\",\"name\":\"Comment\",\"target\":[\"https:\\\/\\\/visionarymarketing.com\\\/fr\\\/2010\\\/09\\\/07\\\/web-social\\\/#respond\"]}]},{\"@type\":\"WebPage\",\"@id\":\"https:\\\/\\\/visionarymarketing.com\\\/fr\\\/2010\\\/09\\\/07\\\/web-social\\\/\",\"url\":\"https:\\\/\\\/visionarymarketing.com\\\/fr\\\/2010\\\/09\\\/07\\\/web-social\\\/\",\"name\":\"Emmanuel Fraysse dresse le portrait robot du Web Social\",\"isPartOf\":{\"@id\":\"https:\\\/\\\/visionarymarketing.com\\\/fr\\\/#website\"},\"primaryImageOfPage\":{\"@id\":\"https:\\\/\\\/visionarymarketing.com\\\/fr\\\/2010\\\/09\\\/07\\\/web-social\\\/#primaryimage\"},\"image\":{\"@id\":\"https:\\\/\\\/visionarymarketing.com\\\/fr\\\/2010\\\/09\\\/07\\\/web-social\\\/#primaryimage\"},\"thumbnailUrl\":\"https:\\\/\\\/visionarymarketing.com\\\/wp-content\\\/uploads\\\/2012\\\/04\\\/image_thumb2.png\",\"datePublished\":\"2010-09-07T05:00:00+00:00\",\"dateModified\":\"2023-09-18T10:59:49+00:00\",\"author\":{\"@id\":\"https:\\\/\\\/visionarymarketing.com\\\/fr\\\/#\\\/schema\\\/person\\\/3754fee1e558f47b8deb46f53c37423e\"},\"description\":\"Le Web Social, Kesako ? L\u2019av\u00e8nement des m\u00e9dias sociaux en entreprise n'est pas un gadget, c\u2019est devenu un mode majeur de communication\",\"breadcrumb\":{\"@id\":\"https:\\\/\\\/visionarymarketing.com\\\/fr\\\/2010\\\/09\\\/07\\\/web-social\\\/#breadcrumb\"},\"inLanguage\":\"fr-FR\",\"potentialAction\":[{\"@type\":\"ReadAction\",\"target\":[\"https:\\\/\\\/visionarymarketing.com\\\/fr\\\/2010\\\/09\\\/07\\\/web-social\\\/\"]}]},{\"@type\":\"ImageObject\",\"inLanguage\":\"fr-FR\",\"@id\":\"https:\\\/\\\/visionarymarketing.com\\\/fr\\\/2010\\\/09\\\/07\\\/web-social\\\/#primaryimage\",\"url\":\"https:\\\/\\\/visionarymarketing.com\\\/wp-content\\\/uploads\\\/2012\\\/04\\\/image_thumb2.png\",\"contentUrl\":\"https:\\\/\\\/visionarymarketing.com\\\/wp-content\\\/uploads\\\/2012\\\/04\\\/image_thumb2.png\",\"width\":639,\"height\":484},{\"@type\":\"BreadcrumbList\",\"@id\":\"https:\\\/\\\/visionarymarketing.com\\\/fr\\\/2010\\\/09\\\/07\\\/web-social\\\/#breadcrumb\",\"itemListElement\":[{\"@type\":\"ListItem\",\"position\":1,\"name\":\"Home\",\"item\":\"https:\\\/\\\/visionarymarketing.com\\\/fr\\\/\"},{\"@type\":\"ListItem\",\"position\":2,\"name\":\"Emmanuel Fraysse dresse le portrait robot du Web Social\"}]},{\"@type\":\"WebSite\",\"@id\":\"https:\\\/\\\/visionarymarketing.com\\\/fr\\\/#website\",\"url\":\"https:\\\/\\\/visionarymarketing.com\\\/fr\\\/\",\"name\":\"Marketing and Innovation\",\"description\":\"Site d&#039;infos ind\u00e9pendant, depuis 1996\",\"potentialAction\":[{\"@type\":\"SearchAction\",\"target\":{\"@type\":\"EntryPoint\",\"urlTemplate\":\"https:\\\/\\\/visionarymarketing.com\\\/fr\\\/?s={search_term_string}\"},\"query-input\":{\"@type\":\"PropertyValueSpecification\",\"valueRequired\":true,\"valueName\":\"search_term_string\"}}],\"inLanguage\":\"fr-FR\"},{\"@type\":\"Person\",\"@id\":\"https:\\\/\\\/visionarymarketing.com\\\/fr\\\/#\\\/schema\\\/person\\\/3754fee1e558f47b8deb46f53c37423e\",\"name\":\"Yann Gourvennec\",\"image\":{\"@type\":\"ImageObject\",\"inLanguage\":\"fr-FR\",\"@id\":\"https:\\\/\\\/secure.gravatar.com\\\/avatar\\\/5972001801e8de5692a3e31224e85769f50a55fb8b679749f9c8d1868cceff14?s=96&d=initials&r=g&initials=yg\",\"url\":\"https:\\\/\\\/secure.gravatar.com\\\/avatar\\\/5972001801e8de5692a3e31224e85769f50a55fb8b679749f9c8d1868cceff14?s=96&d=initials&r=g&initials=yg\",\"contentUrl\":\"https:\\\/\\\/secure.gravatar.com\\\/avatar\\\/5972001801e8de5692a3e31224e85769f50a55fb8b679749f9c8d1868cceff14?s=96&d=initials&r=g&initials=yg\",\"caption\":\"Yann Gourvennec\"},\"description\":\"Yann Gourvennec created visionarymarketing.com in 1996. He is a speaker and author of many books. In 2014 he went from intrapreneur to entrepreneur, when he created his digital marketing agency. Yann Gourvennec a cr\u00e9\u00e9 visionarymarketing.com en 1996. Il est conf\u00e9rencier et auteur de plusieurs livres. En 2014, il est pass\u00e9 d'intrapreneur \u00e0 entrepreneur en cr\u00e9ant son agence de marketing num\u00e9rique.\",\"sameAs\":[\"https:\\\/\\\/visionarymarketing.com\",\"http:\\\/\\\/facebook.com\\\/ygourven\",\"http:\\\/\\\/linkedin.com\\\/in\\\/ygourven\",\"https:\\\/\\\/x.com\\\/ygourven\",\"https:\\\/\\\/www.youtube.com\\\/c\\\/visionarymarketingagency\"],\"url\":\"https:\\\/\\\/visionarymarketing.com\\\/fr\\\/author\\\/yann-gourvennec\\\/\"}]}<\/script>\n<!-- \/ Yoast SEO plugin. -->","yoast_head_json":{"title":"Emmanuel Fraysse dresse le portrait robot du Web Social","description":"Le Web Social, Kesako ? L\u2019av\u00e8nement des m\u00e9dias sociaux en entreprise n'est pas un gadget, c\u2019est devenu un mode majeur de communication","robots":{"index":"index","follow":"follow","max-snippet":"max-snippet:-1","max-image-preview":"max-image-preview:large","max-video-preview":"max-video-preview:-1"},"canonical":"https:\/\/visionarymarketing.com\/fr\/2010\/09\/07\/web-social\/","og_locale":"fr_FR","og_type":"article","og_title":"Emmanuel Fraysse dresse le portrait robot du Web Social","og_description":"Le Web Social, Kesako ? L\u2019av\u00e8nement des m\u00e9dias sociaux en entreprise n'est pas un gadget, c\u2019est devenu un mode majeur de communication","og_url":"https:\/\/visionarymarketing.com\/fr\/2010\/09\/07\/web-social\/","og_site_name":"Marketing and Innovation","article_publisher":"https:\/\/www.facebook.com\/vismktg","article_author":"http:\/\/facebook.com\/ygourven","article_published_time":"2010-09-07T05:00:00+00:00","article_modified_time":"2023-09-18T10:59:49+00:00","og_image":[{"width":639,"height":484,"url":"https:\/\/visionarymarketing.com\/wp-content\/uploads\/2012\/04\/image_thumb2.png","type":"image\/png"}],"author":"Yann Gourvennec","twitter_card":"summary_large_image","twitter_creator":"@ygourven","twitter_site":"@ygourven","twitter_misc":{"\u00c9crit par":"Yann Gourvennec","Dur\u00e9e de lecture estim\u00e9e":"7 minutes"},"schema":{"@context":"https:\/\/schema.org","@graph":[{"@type":"NewsArticle","@id":"https:\/\/visionarymarketing.com\/fr\/2010\/09\/07\/web-social\/#article","isPartOf":{"@id":"https:\/\/visionarymarketing.com\/fr\/2010\/09\/07\/web-social\/"},"author":{"name":"Yann Gourvennec","@id":"https:\/\/visionarymarketing.com\/fr\/#\/schema\/person\/3754fee1e558f47b8deb46f53c37423e"},"headline":"Emmanuel Fraysse dresse le portrait robot du Web Social","datePublished":"2010-09-07T05:00:00+00:00","dateModified":"2023-09-18T10:59:49+00:00","mainEntityOfPage":{"@id":"https:\/\/visionarymarketing.com\/fr\/2010\/09\/07\/web-social\/"},"wordCount":1415,"commentCount":0,"image":{"@id":"https:\/\/visionarymarketing.com\/fr\/2010\/09\/07\/web-social\/#primaryimage"},"thumbnailUrl":"https:\/\/visionarymarketing.com\/wp-content\/uploads\/2012\/04\/image_thumb2.png","articleSection":["livres marketing","m\u00e9dias \/ r\u00e9seaux sociaux"],"inLanguage":"fr-FR","potentialAction":[{"@type":"CommentAction","name":"Comment","target":["https:\/\/visionarymarketing.com\/fr\/2010\/09\/07\/web-social\/#respond"]}]},{"@type":"WebPage","@id":"https:\/\/visionarymarketing.com\/fr\/2010\/09\/07\/web-social\/","url":"https:\/\/visionarymarketing.com\/fr\/2010\/09\/07\/web-social\/","name":"Emmanuel Fraysse dresse le portrait robot du Web Social","isPartOf":{"@id":"https:\/\/visionarymarketing.com\/fr\/#website"},"primaryImageOfPage":{"@id":"https:\/\/visionarymarketing.com\/fr\/2010\/09\/07\/web-social\/#primaryimage"},"image":{"@id":"https:\/\/visionarymarketing.com\/fr\/2010\/09\/07\/web-social\/#primaryimage"},"thumbnailUrl":"https:\/\/visionarymarketing.com\/wp-content\/uploads\/2012\/04\/image_thumb2.png","datePublished":"2010-09-07T05:00:00+00:00","dateModified":"2023-09-18T10:59:49+00:00","author":{"@id":"https:\/\/visionarymarketing.com\/fr\/#\/schema\/person\/3754fee1e558f47b8deb46f53c37423e"},"description":"Le Web Social, Kesako ? L\u2019av\u00e8nement des m\u00e9dias sociaux en entreprise n'est pas un gadget, c\u2019est devenu un mode majeur de communication","breadcrumb":{"@id":"https:\/\/visionarymarketing.com\/fr\/2010\/09\/07\/web-social\/#breadcrumb"},"inLanguage":"fr-FR","potentialAction":[{"@type":"ReadAction","target":["https:\/\/visionarymarketing.com\/fr\/2010\/09\/07\/web-social\/"]}]},{"@type":"ImageObject","inLanguage":"fr-FR","@id":"https:\/\/visionarymarketing.com\/fr\/2010\/09\/07\/web-social\/#primaryimage","url":"https:\/\/visionarymarketing.com\/wp-content\/uploads\/2012\/04\/image_thumb2.png","contentUrl":"https:\/\/visionarymarketing.com\/wp-content\/uploads\/2012\/04\/image_thumb2.png","width":639,"height":484},{"@type":"BreadcrumbList","@id":"https:\/\/visionarymarketing.com\/fr\/2010\/09\/07\/web-social\/#breadcrumb","itemListElement":[{"@type":"ListItem","position":1,"name":"Home","item":"https:\/\/visionarymarketing.com\/fr\/"},{"@type":"ListItem","position":2,"name":"Emmanuel Fraysse dresse le portrait robot du Web Social"}]},{"@type":"WebSite","@id":"https:\/\/visionarymarketing.com\/fr\/#website","url":"https:\/\/visionarymarketing.com\/fr\/","name":"Marketing and Innovation","description":"Site d&#039;infos ind\u00e9pendant, depuis 1996","potentialAction":[{"@type":"SearchAction","target":{"@type":"EntryPoint","urlTemplate":"https:\/\/visionarymarketing.com\/fr\/?s={search_term_string}"},"query-input":{"@type":"PropertyValueSpecification","valueRequired":true,"valueName":"search_term_string"}}],"inLanguage":"fr-FR"},{"@type":"Person","@id":"https:\/\/visionarymarketing.com\/fr\/#\/schema\/person\/3754fee1e558f47b8deb46f53c37423e","name":"Yann Gourvennec","image":{"@type":"ImageObject","inLanguage":"fr-FR","@id":"https:\/\/secure.gravatar.com\/avatar\/5972001801e8de5692a3e31224e85769f50a55fb8b679749f9c8d1868cceff14?s=96&d=initials&r=g&initials=yg","url":"https:\/\/secure.gravatar.com\/avatar\/5972001801e8de5692a3e31224e85769f50a55fb8b679749f9c8d1868cceff14?s=96&d=initials&r=g&initials=yg","contentUrl":"https:\/\/secure.gravatar.com\/avatar\/5972001801e8de5692a3e31224e85769f50a55fb8b679749f9c8d1868cceff14?s=96&d=initials&r=g&initials=yg","caption":"Yann Gourvennec"},"description":"Yann Gourvennec created visionarymarketing.com in 1996. He is a speaker and author of many books. In 2014 he went from intrapreneur to entrepreneur, when he created his digital marketing agency. Yann Gourvennec a cr\u00e9\u00e9 visionarymarketing.com en 1996. Il est conf\u00e9rencier et auteur de plusieurs livres. En 2014, il est pass\u00e9 d'intrapreneur \u00e0 entrepreneur en cr\u00e9ant son agence de marketing num\u00e9rique.","sameAs":["https:\/\/visionarymarketing.com","http:\/\/facebook.com\/ygourven","http:\/\/linkedin.com\/in\/ygourven","https:\/\/x.com\/ygourven","https:\/\/www.youtube.com\/c\/visionarymarketingagency"],"url":"https:\/\/visionarymarketing.com\/fr\/author\/yann-gourvennec\/"}]}},"_links":{"self":[{"href":"https:\/\/visionarymarketing.com\/fr\/wp-json\/wp\/v2\/posts\/9132","targetHints":{"allow":["GET"]}}],"collection":[{"href":"https:\/\/visionarymarketing.com\/fr\/wp-json\/wp\/v2\/posts"}],"about":[{"href":"https:\/\/visionarymarketing.com\/fr\/wp-json\/wp\/v2\/types\/post"}],"author":[{"embeddable":true,"href":"https:\/\/visionarymarketing.com\/fr\/wp-json\/wp\/v2\/users\/2"}],"replies":[{"embeddable":true,"href":"https:\/\/visionarymarketing.com\/fr\/wp-json\/wp\/v2\/comments?post=9132"}],"version-history":[{"count":0,"href":"https:\/\/visionarymarketing.com\/fr\/wp-json\/wp\/v2\/posts\/9132\/revisions"}],"wp:featuredmedia":[{"embeddable":true,"href":"https:\/\/visionarymarketing.com\/fr\/wp-json\/wp\/v2\/media\/6163"}],"wp:attachment":[{"href":"https:\/\/visionarymarketing.com\/fr\/wp-json\/wp\/v2\/media?parent=9132"}],"wp:term":[{"taxonomy":"category","embeddable":true,"href":"https:\/\/visionarymarketing.com\/fr\/wp-json\/wp\/v2\/categories?post=9132"},{"taxonomy":"post_tag","embeddable":true,"href":"https:\/\/visionarymarketing.com\/fr\/wp-json\/wp\/v2\/tags?post=9132"}],"curies":[{"name":"wp","href":"https:\/\/api.w.org\/{rel}","templated":true}]}}