{"id":9130,"date":"2010-10-07T00:00:59","date_gmt":"2010-10-07T00:00:59","guid":{"rendered":"http:\/\/visionary.wordpress.com\/?p=2948"},"modified":"2022-03-12T11:49:08","modified_gmt":"2022-03-12T10:49:08","slug":"media-aces-livre-2","status":"publish","type":"post","link":"https:\/\/visionarymarketing.com\/fr\/2010\/10\/07\/media-aces-livre-2\/","title":{"rendered":"Media Aces d\u00e9voile son futur livre sur les m\u00e9dias sociaux"},"content":{"rendered":"<p>Au lendemain d&rsquo;une conf\u00e9rence Media Aces qui a vu son buzz passer au-dessus d&rsquo;Hadopi et Kerviel (sans pour autant \u00a0mettre personne en prison) je reviens dans ce post sur une annonce faite lors de la conf\u00e9rence, \u00e0 savoir celle de l&rsquo;annonce de notre ouvrage \u00a0\u00ab\u00a0les m\u00e9dias sociaux expliqu\u00e9s \u00e0 mon boss\u00a0\u00bb . \u00a0J&rsquo;ai particip\u00e9 aussi il y a quelque temps \u00e0 <span class=\"removed_link\" title=\"http:\/\/www.tribuneexperts.com\/temoignages\/expert\/interview-un-serial-intrapreneur--artr143.html\">une interview<\/span> sur Tribune Experts o\u00f9 j&rsquo;ai r\u00e9sum\u00e9 les objectifs de l&rsquo;association <a href=\"https:\/\/web.archive.org\/web\/20120919101829\/http:\/\/france.media-aces.org\/\" target=\"_blank\" rel=\"noopener noreferrer\">Media Aces<\/a> dont je suis co-fondateur et \u00a0 \u00e9voqu\u00e9 en avant-premi\u00e8re le livre sur les m\u00e9dias sociaux qui sera publi\u00e9 par l&rsquo;association <strong><a title=\"France Media Aces\" href=\"https:\/\/web.archive.org\/web\/20120919101829\/http:\/\/france.media-aces.org\/\" target=\"_blank\" rel=\"noopener noreferrer\">Media Aces<\/a><\/strong> chez l&rsquo;\u00e9diteur <strong><a title=\"http:\/\/www.agence-kawa.com\/\" href=\"http:\/\/www.agence-kawa.com\/\" target=\"_blank\" rel=\"noopener noreferrer\">Kawa<\/a><\/strong>, <span class=\"removed_link\" title=\"http:\/\/boutiquekawa.oxatis.com\/PBSCCatalog.asp?PBMInit=1\">sous la direction d&rsquo;Henri Kaufman<\/span>.<\/p>\n<figure id=\"attachment_55373\" aria-describedby=\"caption-attachment-55373\" style=\"width: 520px\" class=\"wp-caption aligncenter\"><a href=\"https:\/\/visionarymarketing.com\/wp-content\/uploads\/2011\/03\/prsentation-des-schmas-du-livre-les-mdias-sociaux-expliqus-mon-boss-creative-commons-1-728-e1597930568816.jpg\"><img decoding=\"async\" class=\"wp-image-55373 size-full\" src=\"https:\/\/visionarymarketing.com\/wp-content\/uploads\/2011\/03\/prsentation-des-schmas-du-livre-les-mdias-sociaux-expliqus-mon-boss-creative-commons-1-728-e1597930568816.jpg\" alt=\"Media Aces d\u00e9voile son futur livre sur les m\u00e9dias sociaux\" width=\"520\" height=\"390\" \/><\/a><figcaption id=\"caption-attachment-55373\" class=\"wp-caption-text\">Media Aces d\u00e9voile son futur livre sur les m\u00e9dias sociaux<\/figcaption><\/figure>\n<p><strong><span class=\"removed_link\" title=\"http:\/\/france.media-aces.org\/les-medias-sociaux-expliques-a-mon-boss\/\">Le livre est disponible en pr\u00e9-vente au prix exceptionnel de 30\u20ac si vous le r\u00e9servez, en cliquant directement sur ce lien, sur le blog de l&rsquo;association Media Aces. <\/span><\/strong>Voici ci apr\u00e8s quelques extraits de l&rsquo;interview:<\/p>\n<p><strong>Vous \u00eates co-fondateur de l\u2019association M\u00e9dia Aces. Pouvez-vous la pr\u00e9senter ?<\/strong><\/p>\n<div>\n<p><a href=\"..\/\">Media-Aces<\/a> , c&rsquo;est l&rsquo;association europ\u00e9enne des entreprises utilisant les m\u00e9dias sociaux.<!--more--><\/p>\n<p>Pour l\u2019instant nous avons surtout d\u00e9velopp\u00e9 le chapitre fran\u00e7ais, mais l&rsquo;Europe viendra bient\u00f4t, au d\u00e9but 2011. Au centre de cette association on retrouve bien entendu les entreprises, pas seulement les grandes mais aussi les moyennes et m\u00eame les petites qui utilisent les m\u00e9dias sociaux soit en interne soit en externe et qui veulent t\u00e9moigner sur leurs usages.<\/p>\n<p>En fait, l&rsquo;association a plusieurs objectifs : d&rsquo;une part, l&rsquo;entraide entre les membres. Car mettre en \u0153uvre les m\u00e9dias sociaux dans une entreprise est beaucoup moins facile que de le faire pour une personne ou pour une petite association.<\/p>\n<p>Deuxi\u00e8mement, \u00e9vang\u00e9liser sur le sujet des m\u00e9dias sociaux dans un but d&rsquo;efficacit\u00e9 mais aussi d&rsquo;\u00e9thique.<\/p>\n<p>Troisi\u00e8mement, diffuser des \u00e9tats de l\u2019art sur le sujet en montrant ce qui se passe r\u00e9ellement au sein des entreprises, et non \u00e0 travers de discours \u00e9th\u00e9r\u00e9s, \u00e9loign\u00e9s du terrain et de la pratique.<\/p>\n<p>Quatri\u00e8mement, r\u00e9sumer ses travaux au travers de publications, mais j&rsquo;y reviendrai bient\u00f4t dans une question suivante. Au total, notre association comporte 31 membres, ce qui est encourageant pour une association qui a moins d\u20191 an d\u2019existence.<\/p>\n<\/div>\n<div>\n<p><strong>L\u2019association organise des conf\u00e9rences tous les trois mois, quels sont les objectifs de ces \u00e9v\u00e9nements ?<\/strong><\/p>\n<div>\n<p>L&rsquo;objectif de ces conf\u00e9rences est multiple. D&rsquo;une part poursuivre l&rsquo;\u00e9vang\u00e9lisation autour des m\u00e9dias sociaux et de leur utilisation dans le cadre professionnel.<\/p>\n<p>Ensuite, faire t\u00e9moigner les entreprises qui les utilisent et montrer les pratiques r\u00e9elles du terrain, afin de partager avec les autres entreprises, et toutes les parties int\u00e9ress\u00e9es par ces exp\u00e9riences. Enfin, d\u00e9gager les bonnes pratiques qui peuvent servir \u00e0 la communaut\u00e9.Ce qui positionne l&rsquo;association par rapport \u00e0 ce qui existe d\u00e9j\u00e0 dans ce domaine, c&rsquo;est la r\u00e9alit\u00e9 de la pratique que nous avons sur le terrain ; ici pas de bla-bla, que des r\u00e9sultats concrets, souvent sans langue de bois : quand ils sont mauvais, on n\u2019h\u00e9site pas \u00e0 le dire, c&rsquo;est ce qui fait l&rsquo;originalit\u00e9 de l&rsquo;association. Apr\u00e8s tout, tout ne peut pas toujours r\u00e9ussir, c\u2019est ceci aussi qui donne de la cr\u00e9dibilit\u00e9 \u00e0 ces retours d\u2019exp\u00e9rience. Les conf\u00e9rences Media Aces, c\u2019est du v\u00e9cu !<\/p>\n<\/div>\n<div>\n<p><strong>Avez-vous des projets pour l\u2019association \u00e0 moyen terme ?<\/strong><\/p>\n<div>\n<p>Nous avons pour objectif de publier un livre qui portera les couleurs de l&rsquo;association Media-Aces et que nous annoncerons \u00e0 la prochaine r\u00e9union, le 6 octobre 2010.<\/p>\n<p>Ce livre recueillera les bonnes pratiques et les t\u00e9moignages de nos membres ; six de nos membres ont d\u00e9j\u00e0 t\u00e9moign\u00e9 \u00e0 ce jour au travers de ce livre qui se construit et qui avance bien.<\/p>\n<p>Il sera publi\u00e9 par l&rsquo;\u00e9diteur fran\u00e7ais des grands noms am\u00e9ricains des m\u00e9dias sociaux, Diateino, c&rsquo;est un gage de r\u00e9ussite pour la diffusion de cet ouvrage.<\/p>\n<\/div>\n<\/div>\n<\/div>\n<div>\n<div>\n<div>\n<p><strong> Le titre provisoire de l\u2019ouvrage sera \u00ab les m\u00e9dias sociaux expliqu\u00e9s \u00e0 mon boss \u00bb<\/strong>.<\/p>\n<\/div>\n<\/div>\n<\/div>\n<p class=\"getsocial\" style=\"text-align: center;\">\n<p class=\"getsocial\" style=\"text-align: center;\">\n","protected":false},"excerpt":{"rendered":"<p>Au lendemain d&rsquo;une conf\u00e9rence Media Aces qui a vu son buzz passer au-dessus d&rsquo;Hadopi et Kerviel (sans pour autant \u00a0mettre personne en prison) je reviens dans ce post sur une annonce faite lors de la conf\u00e9rence, \u00e0 savoir celle de l&rsquo;annonce de notre ouvrage \u00a0\u00ab\u00a0les m\u00e9dias sociaux expliqu\u00e9s \u00e0 mon boss\u00a0\u00bb . \u00a0J&rsquo;ai particip\u00e9 aussi &hellip;<\/p>\n","protected":false},"author":2,"featured_media":55373,"comment_status":"open","ping_status":"open","sticky":false,"template":"","format":"standard","meta":{"footnotes":""},"categories":[248],"tags":[],"class_list":["post-9130","post","type-post","status-publish","format-standard","has-post-thumbnail","hentry","category-livres-marketing"],"yoast_head":"<!-- This site is optimized with the Yoast SEO plugin v27.5 - https:\/\/yoast.com\/product\/yoast-seo-wordpress\/ -->\n<title>Media Aces d\u00e9voile son futur livre sur les m\u00e9dias sociaux<\/title>\n<meta name=\"description\" content=\"Au lendemain d&#039;une conf\u00e9rence Media Aces qui a vu son buzz passer au-dessus d&#039;Hadopi et Kerviel (sans pour autant \u00a0mettre personne en prison) je reviens\" \/>\n<meta name=\"robots\" content=\"index, follow, max-snippet:-1, max-image-preview:large, max-video-preview:-1\" \/>\n<link rel=\"canonical\" href=\"https:\/\/visionarymarketing.com\/fr\/2010\/10\/07\/media-aces-livre-2\/\" \/>\n<meta property=\"og:locale\" content=\"fr_FR\" \/>\n<meta property=\"og:type\" content=\"article\" \/>\n<meta property=\"og:title\" content=\"Media Aces d\u00e9voile son futur livre sur les m\u00e9dias sociaux\" \/>\n<meta property=\"og:description\" content=\"Au lendemain d&#039;une conf\u00e9rence Media Aces qui a vu son buzz passer au-dessus d&#039;Hadopi et Kerviel (sans pour autant \u00a0mettre personne en prison) je reviens\" \/>\n<meta property=\"og:url\" content=\"https:\/\/visionarymarketing.com\/fr\/2010\/10\/07\/media-aces-livre-2\/\" \/>\n<meta property=\"og:site_name\" content=\"Marketing and Innovation\" \/>\n<meta property=\"article:publisher\" content=\"https:\/\/www.facebook.com\/vismktg\" \/>\n<meta property=\"article:author\" content=\"http:\/\/facebook.com\/ygourven\" \/>\n<meta property=\"article:published_time\" content=\"2010-10-07T00:00:59+00:00\" \/>\n<meta property=\"article:modified_time\" content=\"2022-03-12T10:49:08+00:00\" \/>\n<meta property=\"og:image\" content=\"https:\/\/visionarymarketing.com\/wp-content\/uploads\/2011\/03\/prsentation-des-schmas-du-livre-les-mdias-sociaux-expliqus-mon-boss-creative-commons-1-728-e1597930568816.jpg\" \/>\n\t<meta property=\"og:image:width\" content=\"519\" \/>\n\t<meta property=\"og:image:height\" content=\"340\" \/>\n\t<meta property=\"og:image:type\" content=\"image\/jpeg\" \/>\n<meta name=\"author\" content=\"Yann Gourvennec\" \/>\n<meta name=\"twitter:card\" content=\"summary_large_image\" \/>\n<meta name=\"twitter:creator\" content=\"@ygourven\" \/>\n<meta name=\"twitter:site\" content=\"@ygourven\" \/>\n<meta name=\"twitter:label1\" content=\"\u00c9crit par\" \/>\n\t<meta name=\"twitter:data1\" content=\"Yann Gourvennec\" \/>\n\t<meta name=\"twitter:label2\" content=\"Dur\u00e9e de lecture estim\u00e9e\" \/>\n\t<meta name=\"twitter:data2\" content=\"3 minutes\" \/>\n<script type=\"application\/ld+json\" class=\"yoast-schema-graph\">{\"@context\":\"https:\\\/\\\/schema.org\",\"@graph\":[{\"@type\":\"NewsArticle\",\"@id\":\"https:\\\/\\\/visionarymarketing.com\\\/fr\\\/2010\\\/10\\\/07\\\/media-aces-livre-2\\\/#article\",\"isPartOf\":{\"@id\":\"https:\\\/\\\/visionarymarketing.com\\\/fr\\\/2010\\\/10\\\/07\\\/media-aces-livre-2\\\/\"},\"author\":{\"name\":\"Yann Gourvennec\",\"@id\":\"https:\\\/\\\/visionarymarketing.com\\\/fr\\\/#\\\/schema\\\/person\\\/3754fee1e558f47b8deb46f53c37423e\"},\"headline\":\"Media Aces d\u00e9voile son futur livre sur les m\u00e9dias sociaux\",\"datePublished\":\"2010-10-07T00:00:59+00:00\",\"dateModified\":\"2022-03-12T10:49:08+00:00\",\"mainEntityOfPage\":{\"@id\":\"https:\\\/\\\/visionarymarketing.com\\\/fr\\\/2010\\\/10\\\/07\\\/media-aces-livre-2\\\/\"},\"wordCount\":726,\"commentCount\":0,\"image\":{\"@id\":\"https:\\\/\\\/visionarymarketing.com\\\/fr\\\/2010\\\/10\\\/07\\\/media-aces-livre-2\\\/#primaryimage\"},\"thumbnailUrl\":\"https:\\\/\\\/visionarymarketing.com\\\/wp-content\\\/uploads\\\/2011\\\/03\\\/prsentation-des-schmas-du-livre-les-mdias-sociaux-expliqus-mon-boss-creative-commons-1-728-e1597930568816.jpg\",\"articleSection\":[\"livres marketing\"],\"inLanguage\":\"fr-FR\",\"potentialAction\":[{\"@type\":\"CommentAction\",\"name\":\"Comment\",\"target\":[\"https:\\\/\\\/visionarymarketing.com\\\/fr\\\/2010\\\/10\\\/07\\\/media-aces-livre-2\\\/#respond\"]}]},{\"@type\":\"WebPage\",\"@id\":\"https:\\\/\\\/visionarymarketing.com\\\/fr\\\/2010\\\/10\\\/07\\\/media-aces-livre-2\\\/\",\"url\":\"https:\\\/\\\/visionarymarketing.com\\\/fr\\\/2010\\\/10\\\/07\\\/media-aces-livre-2\\\/\",\"name\":\"Media Aces d\u00e9voile son futur livre sur les m\u00e9dias sociaux\",\"isPartOf\":{\"@id\":\"https:\\\/\\\/visionarymarketing.com\\\/fr\\\/#website\"},\"primaryImageOfPage\":{\"@id\":\"https:\\\/\\\/visionarymarketing.com\\\/fr\\\/2010\\\/10\\\/07\\\/media-aces-livre-2\\\/#primaryimage\"},\"image\":{\"@id\":\"https:\\\/\\\/visionarymarketing.com\\\/fr\\\/2010\\\/10\\\/07\\\/media-aces-livre-2\\\/#primaryimage\"},\"thumbnailUrl\":\"https:\\\/\\\/visionarymarketing.com\\\/wp-content\\\/uploads\\\/2011\\\/03\\\/prsentation-des-schmas-du-livre-les-mdias-sociaux-expliqus-mon-boss-creative-commons-1-728-e1597930568816.jpg\",\"datePublished\":\"2010-10-07T00:00:59+00:00\",\"dateModified\":\"2022-03-12T10:49:08+00:00\",\"author\":{\"@id\":\"https:\\\/\\\/visionarymarketing.com\\\/fr\\\/#\\\/schema\\\/person\\\/3754fee1e558f47b8deb46f53c37423e\"},\"description\":\"Au lendemain d'une conf\u00e9rence Media Aces qui a vu son buzz passer au-dessus d'Hadopi et Kerviel (sans pour autant \u00a0mettre personne en prison) je reviens\",\"breadcrumb\":{\"@id\":\"https:\\\/\\\/visionarymarketing.com\\\/fr\\\/2010\\\/10\\\/07\\\/media-aces-livre-2\\\/#breadcrumb\"},\"inLanguage\":\"fr-FR\",\"potentialAction\":[{\"@type\":\"ReadAction\",\"target\":[\"https:\\\/\\\/visionarymarketing.com\\\/fr\\\/2010\\\/10\\\/07\\\/media-aces-livre-2\\\/\"]}]},{\"@type\":\"ImageObject\",\"inLanguage\":\"fr-FR\",\"@id\":\"https:\\\/\\\/visionarymarketing.com\\\/fr\\\/2010\\\/10\\\/07\\\/media-aces-livre-2\\\/#primaryimage\",\"url\":\"https:\\\/\\\/visionarymarketing.com\\\/wp-content\\\/uploads\\\/2011\\\/03\\\/prsentation-des-schmas-du-livre-les-mdias-sociaux-expliqus-mon-boss-creative-commons-1-728-e1597930568816.jpg\",\"contentUrl\":\"https:\\\/\\\/visionarymarketing.com\\\/wp-content\\\/uploads\\\/2011\\\/03\\\/prsentation-des-schmas-du-livre-les-mdias-sociaux-expliqus-mon-boss-creative-commons-1-728-e1597930568816.jpg\",\"width\":519,\"height\":340,\"caption\":\"film m\u00e9dias sociaux\"},{\"@type\":\"BreadcrumbList\",\"@id\":\"https:\\\/\\\/visionarymarketing.com\\\/fr\\\/2010\\\/10\\\/07\\\/media-aces-livre-2\\\/#breadcrumb\",\"itemListElement\":[{\"@type\":\"ListItem\",\"position\":1,\"name\":\"Home\",\"item\":\"https:\\\/\\\/visionarymarketing.com\\\/fr\\\/\"},{\"@type\":\"ListItem\",\"position\":2,\"name\":\"Media Aces d\u00e9voile son futur livre sur les m\u00e9dias sociaux\"}]},{\"@type\":\"WebSite\",\"@id\":\"https:\\\/\\\/visionarymarketing.com\\\/fr\\\/#website\",\"url\":\"https:\\\/\\\/visionarymarketing.com\\\/fr\\\/\",\"name\":\"Marketing and Innovation\",\"description\":\"Site d&#039;infos ind\u00e9pendant, depuis 1996\",\"potentialAction\":[{\"@type\":\"SearchAction\",\"target\":{\"@type\":\"EntryPoint\",\"urlTemplate\":\"https:\\\/\\\/visionarymarketing.com\\\/fr\\\/?s={search_term_string}\"},\"query-input\":{\"@type\":\"PropertyValueSpecification\",\"valueRequired\":true,\"valueName\":\"search_term_string\"}}],\"inLanguage\":\"fr-FR\"},{\"@type\":\"Person\",\"@id\":\"https:\\\/\\\/visionarymarketing.com\\\/fr\\\/#\\\/schema\\\/person\\\/3754fee1e558f47b8deb46f53c37423e\",\"name\":\"Yann Gourvennec\",\"image\":{\"@type\":\"ImageObject\",\"inLanguage\":\"fr-FR\",\"@id\":\"https:\\\/\\\/secure.gravatar.com\\\/avatar\\\/5972001801e8de5692a3e31224e85769f50a55fb8b679749f9c8d1868cceff14?s=96&d=initials&r=g&initials=yg\",\"url\":\"https:\\\/\\\/secure.gravatar.com\\\/avatar\\\/5972001801e8de5692a3e31224e85769f50a55fb8b679749f9c8d1868cceff14?s=96&d=initials&r=g&initials=yg\",\"contentUrl\":\"https:\\\/\\\/secure.gravatar.com\\\/avatar\\\/5972001801e8de5692a3e31224e85769f50a55fb8b679749f9c8d1868cceff14?s=96&d=initials&r=g&initials=yg\",\"caption\":\"Yann Gourvennec\"},\"description\":\"Yann Gourvennec created visionarymarketing.com in 1996. He is a speaker and author of many books. In 2014 he went from intrapreneur to entrepreneur, when he created his digital marketing agency. Yann Gourvennec a cr\u00e9\u00e9 visionarymarketing.com en 1996. Il est conf\u00e9rencier et auteur de plusieurs livres. En 2014, il est pass\u00e9 d'intrapreneur \u00e0 entrepreneur en cr\u00e9ant son agence de marketing num\u00e9rique.\",\"sameAs\":[\"https:\\\/\\\/visionarymarketing.com\",\"http:\\\/\\\/facebook.com\\\/ygourven\",\"http:\\\/\\\/linkedin.com\\\/in\\\/ygourven\",\"https:\\\/\\\/x.com\\\/ygourven\",\"https:\\\/\\\/www.youtube.com\\\/c\\\/visionarymarketingagency\"],\"url\":\"https:\\\/\\\/visionarymarketing.com\\\/fr\\\/author\\\/yann-gourvennec\\\/\"}]}<\/script>\n<!-- \/ Yoast SEO plugin. -->","yoast_head_json":{"title":"Media Aces d\u00e9voile son futur livre sur les m\u00e9dias sociaux","description":"Au lendemain d'une conf\u00e9rence Media Aces qui a vu son buzz passer au-dessus d'Hadopi et Kerviel (sans pour autant \u00a0mettre personne en prison) je reviens","robots":{"index":"index","follow":"follow","max-snippet":"max-snippet:-1","max-image-preview":"max-image-preview:large","max-video-preview":"max-video-preview:-1"},"canonical":"https:\/\/visionarymarketing.com\/fr\/2010\/10\/07\/media-aces-livre-2\/","og_locale":"fr_FR","og_type":"article","og_title":"Media Aces d\u00e9voile son futur livre sur les m\u00e9dias sociaux","og_description":"Au lendemain d'une conf\u00e9rence Media Aces qui a vu son buzz passer au-dessus d'Hadopi et Kerviel (sans pour autant \u00a0mettre personne en prison) je reviens","og_url":"https:\/\/visionarymarketing.com\/fr\/2010\/10\/07\/media-aces-livre-2\/","og_site_name":"Marketing and Innovation","article_publisher":"https:\/\/www.facebook.com\/vismktg","article_author":"http:\/\/facebook.com\/ygourven","article_published_time":"2010-10-07T00:00:59+00:00","article_modified_time":"2022-03-12T10:49:08+00:00","og_image":[{"width":519,"height":340,"url":"https:\/\/visionarymarketing.com\/wp-content\/uploads\/2011\/03\/prsentation-des-schmas-du-livre-les-mdias-sociaux-expliqus-mon-boss-creative-commons-1-728-e1597930568816.jpg","type":"image\/jpeg"}],"author":"Yann Gourvennec","twitter_card":"summary_large_image","twitter_creator":"@ygourven","twitter_site":"@ygourven","twitter_misc":{"\u00c9crit par":"Yann Gourvennec","Dur\u00e9e de lecture estim\u00e9e":"3 minutes"},"schema":{"@context":"https:\/\/schema.org","@graph":[{"@type":"NewsArticle","@id":"https:\/\/visionarymarketing.com\/fr\/2010\/10\/07\/media-aces-livre-2\/#article","isPartOf":{"@id":"https:\/\/visionarymarketing.com\/fr\/2010\/10\/07\/media-aces-livre-2\/"},"author":{"name":"Yann Gourvennec","@id":"https:\/\/visionarymarketing.com\/fr\/#\/schema\/person\/3754fee1e558f47b8deb46f53c37423e"},"headline":"Media Aces d\u00e9voile son futur livre sur les m\u00e9dias sociaux","datePublished":"2010-10-07T00:00:59+00:00","dateModified":"2022-03-12T10:49:08+00:00","mainEntityOfPage":{"@id":"https:\/\/visionarymarketing.com\/fr\/2010\/10\/07\/media-aces-livre-2\/"},"wordCount":726,"commentCount":0,"image":{"@id":"https:\/\/visionarymarketing.com\/fr\/2010\/10\/07\/media-aces-livre-2\/#primaryimage"},"thumbnailUrl":"https:\/\/visionarymarketing.com\/wp-content\/uploads\/2011\/03\/prsentation-des-schmas-du-livre-les-mdias-sociaux-expliqus-mon-boss-creative-commons-1-728-e1597930568816.jpg","articleSection":["livres marketing"],"inLanguage":"fr-FR","potentialAction":[{"@type":"CommentAction","name":"Comment","target":["https:\/\/visionarymarketing.com\/fr\/2010\/10\/07\/media-aces-livre-2\/#respond"]}]},{"@type":"WebPage","@id":"https:\/\/visionarymarketing.com\/fr\/2010\/10\/07\/media-aces-livre-2\/","url":"https:\/\/visionarymarketing.com\/fr\/2010\/10\/07\/media-aces-livre-2\/","name":"Media Aces d\u00e9voile son futur livre sur les m\u00e9dias sociaux","isPartOf":{"@id":"https:\/\/visionarymarketing.com\/fr\/#website"},"primaryImageOfPage":{"@id":"https:\/\/visionarymarketing.com\/fr\/2010\/10\/07\/media-aces-livre-2\/#primaryimage"},"image":{"@id":"https:\/\/visionarymarketing.com\/fr\/2010\/10\/07\/media-aces-livre-2\/#primaryimage"},"thumbnailUrl":"https:\/\/visionarymarketing.com\/wp-content\/uploads\/2011\/03\/prsentation-des-schmas-du-livre-les-mdias-sociaux-expliqus-mon-boss-creative-commons-1-728-e1597930568816.jpg","datePublished":"2010-10-07T00:00:59+00:00","dateModified":"2022-03-12T10:49:08+00:00","author":{"@id":"https:\/\/visionarymarketing.com\/fr\/#\/schema\/person\/3754fee1e558f47b8deb46f53c37423e"},"description":"Au lendemain d'une conf\u00e9rence Media Aces qui a vu son buzz passer au-dessus d'Hadopi et Kerviel (sans pour autant \u00a0mettre personne en prison) je reviens","breadcrumb":{"@id":"https:\/\/visionarymarketing.com\/fr\/2010\/10\/07\/media-aces-livre-2\/#breadcrumb"},"inLanguage":"fr-FR","potentialAction":[{"@type":"ReadAction","target":["https:\/\/visionarymarketing.com\/fr\/2010\/10\/07\/media-aces-livre-2\/"]}]},{"@type":"ImageObject","inLanguage":"fr-FR","@id":"https:\/\/visionarymarketing.com\/fr\/2010\/10\/07\/media-aces-livre-2\/#primaryimage","url":"https:\/\/visionarymarketing.com\/wp-content\/uploads\/2011\/03\/prsentation-des-schmas-du-livre-les-mdias-sociaux-expliqus-mon-boss-creative-commons-1-728-e1597930568816.jpg","contentUrl":"https:\/\/visionarymarketing.com\/wp-content\/uploads\/2011\/03\/prsentation-des-schmas-du-livre-les-mdias-sociaux-expliqus-mon-boss-creative-commons-1-728-e1597930568816.jpg","width":519,"height":340,"caption":"film m\u00e9dias sociaux"},{"@type":"BreadcrumbList","@id":"https:\/\/visionarymarketing.com\/fr\/2010\/10\/07\/media-aces-livre-2\/#breadcrumb","itemListElement":[{"@type":"ListItem","position":1,"name":"Home","item":"https:\/\/visionarymarketing.com\/fr\/"},{"@type":"ListItem","position":2,"name":"Media Aces d\u00e9voile son futur livre sur les m\u00e9dias sociaux"}]},{"@type":"WebSite","@id":"https:\/\/visionarymarketing.com\/fr\/#website","url":"https:\/\/visionarymarketing.com\/fr\/","name":"Marketing and Innovation","description":"Site d&#039;infos ind\u00e9pendant, depuis 1996","potentialAction":[{"@type":"SearchAction","target":{"@type":"EntryPoint","urlTemplate":"https:\/\/visionarymarketing.com\/fr\/?s={search_term_string}"},"query-input":{"@type":"PropertyValueSpecification","valueRequired":true,"valueName":"search_term_string"}}],"inLanguage":"fr-FR"},{"@type":"Person","@id":"https:\/\/visionarymarketing.com\/fr\/#\/schema\/person\/3754fee1e558f47b8deb46f53c37423e","name":"Yann Gourvennec","image":{"@type":"ImageObject","inLanguage":"fr-FR","@id":"https:\/\/secure.gravatar.com\/avatar\/5972001801e8de5692a3e31224e85769f50a55fb8b679749f9c8d1868cceff14?s=96&d=initials&r=g&initials=yg","url":"https:\/\/secure.gravatar.com\/avatar\/5972001801e8de5692a3e31224e85769f50a55fb8b679749f9c8d1868cceff14?s=96&d=initials&r=g&initials=yg","contentUrl":"https:\/\/secure.gravatar.com\/avatar\/5972001801e8de5692a3e31224e85769f50a55fb8b679749f9c8d1868cceff14?s=96&d=initials&r=g&initials=yg","caption":"Yann Gourvennec"},"description":"Yann Gourvennec created visionarymarketing.com in 1996. He is a speaker and author of many books. In 2014 he went from intrapreneur to entrepreneur, when he created his digital marketing agency. Yann Gourvennec a cr\u00e9\u00e9 visionarymarketing.com en 1996. Il est conf\u00e9rencier et auteur de plusieurs livres. En 2014, il est pass\u00e9 d'intrapreneur \u00e0 entrepreneur en cr\u00e9ant son agence de marketing num\u00e9rique.","sameAs":["https:\/\/visionarymarketing.com","http:\/\/facebook.com\/ygourven","http:\/\/linkedin.com\/in\/ygourven","https:\/\/x.com\/ygourven","https:\/\/www.youtube.com\/c\/visionarymarketingagency"],"url":"https:\/\/visionarymarketing.com\/fr\/author\/yann-gourvennec\/"}]}},"_links":{"self":[{"href":"https:\/\/visionarymarketing.com\/fr\/wp-json\/wp\/v2\/posts\/9130","targetHints":{"allow":["GET"]}}],"collection":[{"href":"https:\/\/visionarymarketing.com\/fr\/wp-json\/wp\/v2\/posts"}],"about":[{"href":"https:\/\/visionarymarketing.com\/fr\/wp-json\/wp\/v2\/types\/post"}],"author":[{"embeddable":true,"href":"https:\/\/visionarymarketing.com\/fr\/wp-json\/wp\/v2\/users\/2"}],"replies":[{"embeddable":true,"href":"https:\/\/visionarymarketing.com\/fr\/wp-json\/wp\/v2\/comments?post=9130"}],"version-history":[{"count":0,"href":"https:\/\/visionarymarketing.com\/fr\/wp-json\/wp\/v2\/posts\/9130\/revisions"}],"wp:featuredmedia":[{"embeddable":true,"href":"https:\/\/visionarymarketing.com\/fr\/wp-json\/wp\/v2\/media\/55373"}],"wp:attachment":[{"href":"https:\/\/visionarymarketing.com\/fr\/wp-json\/wp\/v2\/media?parent=9130"}],"wp:term":[{"taxonomy":"category","embeddable":true,"href":"https:\/\/visionarymarketing.com\/fr\/wp-json\/wp\/v2\/categories?post=9130"},{"taxonomy":"post_tag","embeddable":true,"href":"https:\/\/visionarymarketing.com\/fr\/wp-json\/wp\/v2\/tags?post=9130"}],"curies":[{"name":"wp","href":"https:\/\/api.w.org\/{rel}","templated":true}]}}