{"id":9126,"date":"2010-07-20T05:30:43","date_gmt":"2010-07-20T03:30:43","guid":{"rendered":"http:\/\/visionary.wordpress.com\/?p=2910"},"modified":"2024-06-07T16:30:53","modified_gmt":"2024-06-07T14:30:53","slug":"teletravail-parisiens","status":"publish","type":"post","link":"https:\/\/visionarymarketing.com\/fr\/2010\/07\/20\/teletravail-parisiens\/","title":{"rendered":"Zevillage : le t\u00e9l\u00e9travail fait sortir les Parisiens hors du p\u00e9riph\u00e9rique"},"content":{"rendered":"<p><img decoding=\"async\" class=\"alignright\" src=\"https:\/\/visionarymarketing.com\/wp-content\/uploads\/2010\/07\/071910_1746_zevillageun1.jpg\" alt=\"\" align=\"left\" \/><strong>Le t\u00e9l\u00e9travail c&rsquo;est fait pour qui ? les provinciaux ou les Parisiens ? Ou bien tout le monde ?\u00a0<\/strong>\u00ab <a href=\"https:\/\/visionarymarketing.com\/fr\/2017\/12\/teletravail-et-visioconference-deux-tendances-complementaires\/\">Si je l&rsquo;ai fait<\/a>, pourquoi d&rsquo;autres ne le feraient pas \u00e9galement ? \u00bb S&rsquo;est dit <a href=\"https:\/\/web.archive.org\/web\/20130404130323\/http:\/\/explorateursduweb.com\/blog\/explorateurs-du-web\/xavier-de-mazenod.html\">Xavier de Mazenod<\/a>, entrepreneur et consultant (cf. sa soci\u00e9t\u00e9 <a href=\"https:\/\/web.archive.org\/web\/20191221001103\/http:\/\/www.adverbe.com:80\/\">adverbe<\/a>). Ayant quitt\u00e9 en 2004 sa maison \u00e0 Nanterre et la r\u00e9gion parisienne tout court, il est all\u00e9 s&rsquo;installer avec sa famille \u00e0 20 km d&rsquo;Alen\u00e7on et 10 km de S\u00e9es (<span class=\"removed_link\" title=\"http:\/\/www.boitron.fr\/2010\/05\/18\/les-travaux-du-t%C3%A9l%C3%A9centre-ont-commenc%C3%A9\/\">beaucoup de lecteurs doivent se demander o\u00f9 \u00e7a se trouve !<\/span>), \u00e0 la fronti\u00e8re du Perche et de la Normandie. Et il a cr\u00e9\u00e9 <a href=\"http:\/\/www.zevillage.net\/\">Zevillage<\/a>, un site communautaire devenu la r\u00e9f\u00e9rence pour ceux qui s&rsquo;int\u00e9ressent au travail \u00e0 distance. Mais ce n&rsquo;est pas tout\u00a0!<\/p>\n<h2>Zevillage : le t\u00e9l\u00e9travail fait sortir les Parisiens hors du p\u00e9riph\u00e9rique<\/h2>\n<figure id=\"attachment_55855\" aria-describedby=\"caption-attachment-55855\" style=\"width: 520px\" class=\"wp-caption aligncenter\"><a href=\"https:\/\/visionarymarketing.com\/wp-content\/uploads\/2010\/07\/50130848432_7463ef5b4d_c-e1598420931910.jpg\"><img decoding=\"async\" class=\"wp-image-55855 size-full\" src=\"https:\/\/visionarymarketing.com\/wp-content\/uploads\/2010\/07\/50130848432_7463ef5b4d_c-e1598420931910.jpg\" alt=\"Zevillage : le t\u00e9l\u00e9travail fait sortir les Parisiens hors du p\u00e9riph\u00e9rique\" width=\"520\" height=\"347\" \/><\/a><figcaption id=\"caption-attachment-55855\" class=\"wp-caption-text\">Zevillage : le t\u00e9l\u00e9travail fait sortir les Parisiens hors du p\u00e9riph\u00e9rique<\/figcaption><\/figure>\n<h3><strong>Le t\u00e9l\u00e9travail \u00e0 moins de 2 heures des Parisiens &#8230; Mais \u00e7a d\u00e9pend du train<br \/>\n<\/strong><\/h3>\n<p>L&rsquo;Orne finalement, ce n&rsquo;est pas si loin de la capitale. Moins de 2 heures de Montparnasse, ce qui somme toute n&rsquo;est pas bien pire que certains trajets entre deux points extr\u00eames de la tr\u00e8s grande banlieue. Mazenod et sa famille ont trouv\u00e9 une maison du XVIe si\u00e8cle dans un petit village de cette r\u00e9gion, <span class=\"removed_link\" title=\"http:\/\/www.boitron.fr\/2010\/05\/18\/les-travaux-du-t%C3%A9l%C3%A9centre-ont-commenc%C3%A9\/\">Boitron<\/span>. De toute fa\u00e7on, confie Xavier de Mazenod, \u00ab je ne vais pas souvent voir mes clients \u00e0 Paris, et quand j&rsquo;y vais, j&rsquo;y reste pour la journ\u00e9e, notamment pour y donner des formations \u00bb pr\u00e9cise-t-il. \u00ab La petite ligne de chemin de fer, tout le temps en panne \u00bb ne simplifie pas les choses, mais ce n&rsquo;est pas un handicap selon l&rsquo;entrepreneur.<!--more--><\/p>\n<h3><strong>Du 1.0 au 3.0 de l&rsquo;usage de l&rsquo;Internet<br \/>\n<\/strong><\/h3>\n<p>6 familles en 3 ans ont suivi les conseils de Xavier de Mazenod et sont venues s&rsquo;installer dans son canton, gr\u00e2ce \u00e0 l&rsquo;aide et l&rsquo;accueil du conseil g\u00e9n\u00e9ral et notamment d&rsquo;un de ses responsables \u00ab qui a pig\u00e9 tr\u00e8s vite \u00bb qu&rsquo;un accueil meilleur et une politique favorable au haut d\u00e9bit rural serait b\u00e9n\u00e9fique aux nouveaux arrivants et au canton lui-m\u00eame : un site Web, une politique d&rsquo;accueil et un encouragement au t\u00e9l\u00e9travail furent mis sur pied suite \u00e0 cette rencontre. Et ce n&rsquo;\u00e9tait pas gagn\u00e9 : \u00ab Dans la campagne en est encore \u00e0 l&rsquo;usage 1.0 de l&rsquo;Internet \u00bb ajoute Mazenod, mais le premier r\u00e9sultat fut encourageant. Est venue la question suivante : \u00ab soit j&rsquo;arr\u00eate \u00bb s&rsquo;est-il dit \u00ab car tout cela est chronophage, soit je passe \u00e0 la vitesse sup\u00e9rieure \u00bb. C&rsquo;est cette derni\u00e8re proposition qui fut retenue.<\/p>\n<h3><strong>Passer \u00e0 la vitesse sup\u00e9rieure<br \/>\n<\/strong><\/h3>\n<p>La vitesse sup\u00e9rieure, Xavier de Mazenod l&rsquo;a pass\u00e9e en rencontrant <a href=\"https:\/\/web.archive.org\/web\/20240513210751\/https:\/\/www.alain-lambert.org\/\">Alain Lambert<\/a>, pr\u00e9sident du conseil g\u00e9n\u00e9ral et s\u00e9nateur, mais aussi un \u00ab bon blogueur et bon <a href=\"http:\/\/twitter.com\/alainlambert\">twitterer<\/a> \u00bb. Il a \u00ab tout de suite compris \u00bb m\u00eame si le reste de l&rsquo;intendance a suivi plus lentement, mais \u00ab il a su secouer ses troupes \u00bb ajoute Mazenod, montrant ainsi qu&rsquo;avec un peu de volont\u00e9&#8230; Cette deuxi\u00e8me \u00e9tape passait par un plan de financement de cette id\u00e9e de t\u00e9l\u00e9centres ruraux. Il a donc travaill\u00e9 avec la r\u00e9gion et le conseil g\u00e9n\u00e9ral, malgr\u00e9 les diff\u00e9rentes couleurs politiques. La r\u00e9gion s&rsquo;est engag\u00e9e sur le tr\u00e8s haut d\u00e9bit dans toute la Basse-Normandie. Ceci n&rsquo;est pas une mince affaire car en absence de fibres, il a fallu recourir \u00e0 d&rsquo;autres techniques, via le faisceau hertzien, une solution radio qui fournit en th\u00e9orie 150 Mbs (non garantis) g\u00e9r\u00e9e par un op\u00e9rateur alternatif (altitude).<\/p>\n<p><span class=\"removed_link\" title=\"http:\/\/www.boitron.fr\/t%C3%A9l%C3%A9centre\/\"><strong>Boitron 2.0<\/strong><\/span><strong><br \/>\n<\/strong><\/p>\n<p><img decoding=\"async\" class=\"alignright\" src=\"https:\/\/visionarymarketing.com\/wp-content\/uploads\/2010\/07\/071910_1746_zevillageun2.jpg\" alt=\"\" width=\"193\" height=\"277\" align=\"left\" \/>C&rsquo;est ainsi qu&rsquo;est n\u00e9 le <span class=\"removed_link\" title=\"http:\/\/www.boitron.fr\/2010\/05\/18\/les-travaux-du-t%C3%A9l%C3%A9centre-ont-commenc%C3%A9\/\">projet du t\u00e9l\u00e9centre \u00e0 Boitron<\/span>, petit village o\u00f9 Mazenod et sa famille ont \u00e9lu domicile. Le projet a d\u00e9marr\u00e9 d\u00e8s d\u00e9but janvier 2009 et il a fallu un an de travail pour le monter. 15 k\u20ac ont \u00e9t\u00e9 apport\u00e9s par la mairie, 15 k\u20ac par le conseil g\u00e9n\u00e9ral pour la r\u00e9novation d&rsquo;un b\u00e2timent, plus de 60 k\u20ac pour une deuxi\u00e8me phase avec un b\u00e2timent <a href=\"https:\/\/en.wikipedia.org\/wiki\/Haute_Qualit%C3%A9_Environnementale\">haute qualit\u00e9 environnementale (HQE)<\/a> dont on voit un plan crayonn\u00e9 ci-dessous, le tout dans une ancienne \u00e9cole qui va ainsi retrouver une seconde vie. Dans le pire des cas ajoute Xavier de Mazenod, le b\u00e2timent aura \u00e9t\u00e9 r\u00e9habilit\u00e9, mais le pire des cas n&rsquo;est pas envisag\u00e9 ici, c&rsquo;est l&rsquo;avenir qu&rsquo;on construit, et c&rsquo;est beau un village qui revit.<\/p>\n<p><a href=\"https:\/\/visionarymarketing.com\/wp-content\/uploads\/2010\/07\/071910_1746_zevillageun31.jpg\"><img decoding=\"async\" class=\"aligncenter size-full wp-image-2926\" src=\"https:\/\/visionarymarketing.com\/wp-content\/uploads\/2010\/07\/071910_1746_zevillageun31.jpg\" alt=\"\" width=\"532\" height=\"245\" srcset=\"https:\/\/visionarymarketing.com\/wp-content\/uploads\/2010\/07\/071910_1746_zevillageun31.jpg 532w, https:\/\/visionarymarketing.com\/wp-content\/uploads\/2010\/07\/071910_1746_zevillageun31-500x230.jpg 500w, https:\/\/visionarymarketing.com\/wp-content\/uploads\/2010\/07\/071910_1746_zevillageun31-300x138.jpg 300w\" sizes=\"(max-width: 532px) 100vw, 532px\" \/><\/a><\/p>\n<p>Mais ce n&rsquo;est pas tout, le b\u00e2timent c&rsquo;est bien, mais sans tr\u00e8s haut d\u00e9bit, aucun travail n&rsquo;est possible dans la campagne, ni m\u00eame en ville. 60 k\u20ac suppl\u00e9mentaires ont \u00e9t\u00e9 investis pour la connectivit\u00e9, avec un abonnement noy\u00e9 dans cet investissement, ce qui fait diminuer les co\u00fbts variables et ram\u00e8ne le loyer \u00e0 100 \u20ac par mois pour 50 Mbs. Assez pour que le lieu puisse servir \u00e0 organiser des formations, qu&rsquo;il fasse office de bureau de passage, de lieu de s\u00e9minaires (au vert bien s\u00fbr) et d&rsquo;\u00e9v\u00e9nements.<\/p>\n<h3><strong>C\u00f4t\u00e9 recettes : location et abonnement<br \/>\n<\/strong><\/h3>\n<p>La location de la salle de r\u00e9union sera plac\u00e9e \u00e0 100 \u20ac par jour, mais ce n&rsquo;est pas si simple pour les ruraux, explique Mazenod : \u00ab la facturation \u00e0 l&rsquo;acte n&rsquo;est pas possible \u00bb car ce n&rsquo;est pas contr\u00f4lable \u00bb. Il a donc \u00e9t\u00e9 convenu d&rsquo;un abonnement annuel avec un nombre de jours d&rsquo;utilisation inclus dans cet abonnement.<\/p>\n<h3><strong>\u00ab Nom@de100R \u00bb Ke\u00e7ako ?<br \/>\n<\/strong><\/h3>\n<p>Le projet a fait des petits. Et notamment un programme du conseil g\u00e9n\u00e9ral intitul\u00e9 \u00ab Nom@de100R \u00bb (le \u00ab 100R \u00bb \u00e9tant cens\u00e9 repr\u00e9senter \u00ab center \u00bb), un espace pro pour le t\u00e9l\u00e9travail. Mais comme souvent en France, le marketing est l\u00e0 o\u00f9 le b\u00e2t blesse. Trop de noms, parfois pas tr\u00e8s habilement choisis, trop de projets, pas de coh\u00e9sion, pas de normalisation et une myriade de projets dans tous les sens. <a href=\"https:\/\/web.archive.org\/web\/20200513043928\/http:\/\/www.lacantine.org\/\">La Cantine<\/a> et <span class=\"removed_link\" title=\"http:\/\/www.lesechos.fr\/management\/actu\/020609084360-des-espaces-de-travail-collaboratif-fleurissent-de-paris-a-san-francisco.htm\">les nombreuses autres initiatives \u00e0 Paris<\/span>, les centres professionnels de mairie (\u00e0 Paris mais aussi ailleurs) et des projets p\u00e9riph\u00e9riques autour de la Capitale avec le projet Actipole21 o\u00f9 sont impliqu\u00e9s des industriels comme <span class=\"removed_link\" title=\"http:\/\/www.steelcase.fr\/fr\/Pages\/Bienvenue.aspx\">Steelcase<\/span> entre autres\u00a0; un projet prometteur selon Mazenod, \u00ab pas rural, pas bobo et pas dans les a\u00e9roports o\u00f9 tout est d\u00e9j\u00e0 pr\u00e9vu \u00bb. Un vrai projet o\u00f9 sont alli\u00e9s physique et virtuel.<\/p>\n<h3><strong>\u00ab t\u00e9l\u00e9travail, t\u00e9l\u00e9centre : des noms incontournables \u00bb m\u00eame pour les Parisiens<br \/>\n<\/strong><\/h3>\n<p>Hors de ce maelstr\u00f6m de projets, <a href=\"http:\/\/www.zevillage.net\">Zevillage<\/a> poursuit son d\u00e9veloppement. Il a un atout pour lui : un nom marrant, \u00e9vocateur et &#8230; une bonne communication (<a href=\"http:\/\/www.zevillage.net\/pressbook\/\">voir la couverture presse de Zevillage ici<\/a>) qui ont m\u00eame donn\u00e9 de la visibilit\u00e9 au projet sur <span class=\"removed_link\" title=\"http:\/\/www.boitron.fr\/2010\/03\/26\/boitron-fait-le-13-heures-de-tf1\/\">TF1<\/span> et le Figaro (c&rsquo;est l\u00e0 d&rsquo;ailleurs que j&rsquo;ai rep\u00e9r\u00e9 Xavier avant de l&rsquo;interpeller via <a href=\"http:\/\/twitter.com\/xm\">Twitter<\/a>). Car il faut aller de l&rsquo;avant ; pragmatique, Mazenod nous rappelle l&rsquo;\u00e9vidence, trop souvent oubli\u00e9e : <strong>\u00ab t\u00e9l\u00e9travail, t\u00e9l\u00e9centre \u00bb sont des noms qui ne sont pas beaux mais qui sont incontournables \u00bb<\/strong> ajoute-t-il, inutile de cr\u00e9er un nouveau concept, et Dieu sait qu&rsquo;il en existe ! Le futur pour Zevillage est de trouver des partenaires, de professionnaliser son site Web et le \u00ab faire monter d&rsquo;un cran \u00bb. D&rsquo;autres t\u00e9l\u00e9centres sur le mod\u00e8le de Boitron vont s&rsquo;ouvrir : 1 dans l&rsquo;Orne en 2011, 1 autre en 2011 ou 2012 dans l&rsquo;Orne \u00e9galement. En deux ans on en aura 10 ajoute Mazenod. 5 candidatures et 1 op\u00e9rateur priv\u00e9 (entre Falaise et Argentan) se sont d\u00e9j\u00e0 manifest\u00e9s.<\/p>\n<p><a href=\"https:\/\/visionarymarketing.com\/wp-content\/uploads\/2010\/07\/071910_1746_zevillageun41.jpg\"><img decoding=\"async\" class=\"aligncenter size-full wp-image-2928\" src=\"https:\/\/visionarymarketing.com\/wp-content\/uploads\/2010\/07\/071910_1746_zevillageun41.jpg\" alt=\"\" width=\"479\" height=\"373\" srcset=\"https:\/\/visionarymarketing.com\/wp-content\/uploads\/2010\/07\/071910_1746_zevillageun41.jpg 479w, https:\/\/visionarymarketing.com\/wp-content\/uploads\/2010\/07\/071910_1746_zevillageun41-385x300.jpg 385w, https:\/\/visionarymarketing.com\/wp-content\/uploads\/2010\/07\/071910_1746_zevillageun41-300x233.jpg 300w\" sizes=\"(max-width: 479px) 100vw, 479px\" \/><\/a><strong>Celui qui va imposer la norme va gagner<br \/>\n<\/strong><\/p>\n<p>Pas certain qu&rsquo;une logique de labellisation soit adapt\u00e9e \u00e0 la consolidation de ce foisonnement d&rsquo;initiatives, Mazenod nous pr\u00e9cisant en effet que \u00ab personne n&rsquo;est habilit\u00e9 \u00e0 le faire \u00bb. Il croit par contre \u00e0 un \u00ab\u00a0cahier des charges minimum qui aboutisse \u00e0 la cr\u00e9ation d&rsquo;un standard de facto \u00bb ; le rural et l&rsquo;urbain sont tous les 2 concern\u00e9s selon lui. les d\u00e9fis en r\u00e9gion sont cependant nombreux : une tentative d&rsquo;implantation d&rsquo;un nouveau <span class=\"removed_link\" title=\"http:\/\/teletravail-ariege-pyrenees.com\/Telecentres\">t\u00e9l\u00e9centre en Ari\u00e8ge<\/span> s&rsquo;est sold\u00e9e par l&rsquo;arrachage du Wifi par les Robins des Toits selon Xavier de Mazenod (<em>NDLR\u00a0: je n&rsquo;ai pu v\u00e9rifier cette information<\/em>). La cohabitation entre ruraux, n\u00e9o ruraux hippies et modernes urbains retournant \u00e0 la nature n&rsquo;est pas et ne sera pas sans g\u00e9n\u00e9rer des frictions importantes.<\/p>\n<p>\u00ab Celui qui va imposer la norme va gagner \u00bb ajoute Mazenod, mais il ne faudra pas de projets en sous-main ajoute-t-il. Soit une soci\u00e9t\u00e9 impose ouvertement ce standard, soit il s&rsquo;agira d&rsquo;un agr\u00e9gat d&rsquo;acteurs neutres et divers. On peut pr\u00e9dire qu&rsquo;une bataille entre les standards descendants et la norme de facto va probablement faire rage dans le futur d\u00e9veloppement des t\u00e9l\u00e9centres. Gageons que, comme souvent, ce sera le meilleur acteur \u00e9conomique qui imposera la norme. Des acteurs internationaux d\u00e9j\u00e0 fort d\u00e9velopp\u00e9s d&rsquo;ailleurs ne sont pas en reste (<a href=\"http:\/\/regus.com\">Regus<\/a>, <a href=\"http:\/\/eoffice.net\">e-office<\/a>), m\u00eame s&rsquo;ils ne s&rsquo;int\u00e9ressent pas \u00e0 Boitron en priorit\u00e9, ils font \u00e9voluer leurs concepts.<\/p>\n<p>La p\u00e9riode des 10 ans qui viennent risque d&rsquo;\u00eatre riche en rebondissements et en d\u00e9veloppements pour les t\u00e9l\u00e9centres et le t\u00e9l\u00e9travail, et pas seulement \u00e0 Boitron.<\/p>\n<p>\u00c0 suivre &#8230;<\/p>\n","protected":false},"excerpt":{"rendered":"<p>Le t\u00e9l\u00e9travail c&rsquo;est fait pour qui ? les provinciaux ou les Parisiens ? Ou bien tout le monde ?\u00a0\u00ab Si je l&rsquo;ai fait, pourquoi d&rsquo;autres ne le feraient pas \u00e9galement ? \u00bb S&rsquo;est dit Xavier de Mazenod, entrepreneur et consultant (cf. sa soci\u00e9t\u00e9 adverbe). Ayant quitt\u00e9 en 2004 sa maison \u00e0 Nanterre et la r\u00e9gion &hellip;<\/p>\n","protected":false},"author":2,"featured_media":55855,"comment_status":"open","ping_status":"open","sticky":false,"template":"","format":"standard","meta":{"footnotes":""},"categories":[10],"tags":[],"class_list":["post-9126","post","type-post","status-publish","format-standard","has-post-thumbnail","hentry","category-collaboration-et-teletravail"],"yoast_head":"<!-- This site is optimized with the Yoast SEO plugin v27.5 - https:\/\/yoast.com\/product\/yoast-seo-wordpress\/ -->\n<title>Zevillage : le t\u00e9l\u00e9travail fait sortir les Parisiens hors du p\u00e9riph\u00e9rique<\/title>\n<meta name=\"description\" content=\"T\u00e9l\u00e9travail et Parisiens : Le t\u00e9l\u00e9travail c&#039;est fait pour qui ? les provinciaux ou les Parisiens ? Ou bien tout le monde ?\u00a0\" \/>\n<meta name=\"robots\" content=\"index, follow, max-snippet:-1, max-image-preview:large, max-video-preview:-1\" \/>\n<link rel=\"canonical\" href=\"https:\/\/visionarymarketing.com\/fr\/2010\/07\/20\/teletravail-parisiens\/\" \/>\n<meta property=\"og:locale\" content=\"fr_FR\" \/>\n<meta property=\"og:type\" content=\"article\" \/>\n<meta property=\"og:title\" content=\"Zevillage : le t\u00e9l\u00e9travail fait sortir les Parisiens hors du p\u00e9riph\u00e9rique\" \/>\n<meta property=\"og:description\" content=\"T\u00e9l\u00e9travail et Parisiens : Le t\u00e9l\u00e9travail c&#039;est fait pour qui ? les provinciaux ou les Parisiens ? Ou bien tout le monde ?\u00a0\" \/>\n<meta property=\"og:url\" content=\"https:\/\/visionarymarketing.com\/fr\/2010\/07\/20\/teletravail-parisiens\/\" \/>\n<meta property=\"og:site_name\" content=\"Marketing and Innovation\" \/>\n<meta property=\"article:publisher\" content=\"https:\/\/www.facebook.com\/vismktg\" \/>\n<meta property=\"article:author\" content=\"http:\/\/facebook.com\/ygourven\" \/>\n<meta property=\"article:published_time\" content=\"2010-07-20T03:30:43+00:00\" \/>\n<meta property=\"article:modified_time\" content=\"2024-06-07T14:30:53+00:00\" \/>\n<meta property=\"og:image\" content=\"https:\/\/visionarymarketing.com\/wp-content\/uploads\/2010\/07\/50130848432_7463ef5b4d_c-e1598420931910.jpg\" \/>\n\t<meta property=\"og:image:width\" content=\"520\" \/>\n\t<meta property=\"og:image:height\" content=\"347\" \/>\n\t<meta property=\"og:image:type\" content=\"image\/jpeg\" \/>\n<meta name=\"author\" content=\"Yann Gourvennec\" \/>\n<meta name=\"twitter:card\" content=\"summary_large_image\" \/>\n<meta name=\"twitter:creator\" content=\"@ygourven\" \/>\n<meta name=\"twitter:site\" content=\"@ygourven\" \/>\n<meta name=\"twitter:label1\" content=\"\u00c9crit par\" \/>\n\t<meta name=\"twitter:data1\" content=\"Yann Gourvennec\" \/>\n\t<meta name=\"twitter:label2\" content=\"Dur\u00e9e de lecture estim\u00e9e\" \/>\n\t<meta name=\"twitter:data2\" content=\"8 minutes\" \/>\n<script type=\"application\/ld+json\" class=\"yoast-schema-graph\">{\"@context\":\"https:\\\/\\\/schema.org\",\"@graph\":[{\"@type\":\"NewsArticle\",\"@id\":\"https:\\\/\\\/visionarymarketing.com\\\/fr\\\/2010\\\/07\\\/20\\\/teletravail-parisiens\\\/#article\",\"isPartOf\":{\"@id\":\"https:\\\/\\\/visionarymarketing.com\\\/fr\\\/2010\\\/07\\\/20\\\/teletravail-parisiens\\\/\"},\"author\":{\"name\":\"Yann Gourvennec\",\"@id\":\"https:\\\/\\\/visionarymarketing.com\\\/fr\\\/#\\\/schema\\\/person\\\/3754fee1e558f47b8deb46f53c37423e\"},\"headline\":\"Zevillage : le t\u00e9l\u00e9travail fait sortir les Parisiens hors du p\u00e9riph\u00e9rique\",\"datePublished\":\"2010-07-20T03:30:43+00:00\",\"dateModified\":\"2024-06-07T14:30:53+00:00\",\"mainEntityOfPage\":{\"@id\":\"https:\\\/\\\/visionarymarketing.com\\\/fr\\\/2010\\\/07\\\/20\\\/teletravail-parisiens\\\/\"},\"wordCount\":1599,\"commentCount\":13,\"image\":{\"@id\":\"https:\\\/\\\/visionarymarketing.com\\\/fr\\\/2010\\\/07\\\/20\\\/teletravail-parisiens\\\/#primaryimage\"},\"thumbnailUrl\":\"https:\\\/\\\/visionarymarketing.com\\\/wp-content\\\/uploads\\\/2010\\\/07\\\/50130848432_7463ef5b4d_c-e1598420931910.jpg\",\"articleSection\":[\"collaboration \\\/ t\u00e9l\u00e9travail\"],\"inLanguage\":\"fr-FR\",\"potentialAction\":[{\"@type\":\"CommentAction\",\"name\":\"Comment\",\"target\":[\"https:\\\/\\\/visionarymarketing.com\\\/fr\\\/2010\\\/07\\\/20\\\/teletravail-parisiens\\\/#respond\"]}]},{\"@type\":\"WebPage\",\"@id\":\"https:\\\/\\\/visionarymarketing.com\\\/fr\\\/2010\\\/07\\\/20\\\/teletravail-parisiens\\\/\",\"url\":\"https:\\\/\\\/visionarymarketing.com\\\/fr\\\/2010\\\/07\\\/20\\\/teletravail-parisiens\\\/\",\"name\":\"Zevillage : le t\u00e9l\u00e9travail fait sortir les Parisiens hors du p\u00e9riph\u00e9rique\",\"isPartOf\":{\"@id\":\"https:\\\/\\\/visionarymarketing.com\\\/fr\\\/#website\"},\"primaryImageOfPage\":{\"@id\":\"https:\\\/\\\/visionarymarketing.com\\\/fr\\\/2010\\\/07\\\/20\\\/teletravail-parisiens\\\/#primaryimage\"},\"image\":{\"@id\":\"https:\\\/\\\/visionarymarketing.com\\\/fr\\\/2010\\\/07\\\/20\\\/teletravail-parisiens\\\/#primaryimage\"},\"thumbnailUrl\":\"https:\\\/\\\/visionarymarketing.com\\\/wp-content\\\/uploads\\\/2010\\\/07\\\/50130848432_7463ef5b4d_c-e1598420931910.jpg\",\"datePublished\":\"2010-07-20T03:30:43+00:00\",\"dateModified\":\"2024-06-07T14:30:53+00:00\",\"author\":{\"@id\":\"https:\\\/\\\/visionarymarketing.com\\\/fr\\\/#\\\/schema\\\/person\\\/3754fee1e558f47b8deb46f53c37423e\"},\"description\":\"T\u00e9l\u00e9travail et Parisiens : Le t\u00e9l\u00e9travail c'est fait pour qui ? les provinciaux ou les Parisiens ? Ou bien tout le monde ?\u00a0\",\"breadcrumb\":{\"@id\":\"https:\\\/\\\/visionarymarketing.com\\\/fr\\\/2010\\\/07\\\/20\\\/teletravail-parisiens\\\/#breadcrumb\"},\"inLanguage\":\"fr-FR\",\"potentialAction\":[{\"@type\":\"ReadAction\",\"target\":[\"https:\\\/\\\/visionarymarketing.com\\\/fr\\\/2010\\\/07\\\/20\\\/teletravail-parisiens\\\/\"]}]},{\"@type\":\"ImageObject\",\"inLanguage\":\"fr-FR\",\"@id\":\"https:\\\/\\\/visionarymarketing.com\\\/fr\\\/2010\\\/07\\\/20\\\/teletravail-parisiens\\\/#primaryimage\",\"url\":\"https:\\\/\\\/visionarymarketing.com\\\/wp-content\\\/uploads\\\/2010\\\/07\\\/50130848432_7463ef5b4d_c-e1598420931910.jpg\",\"contentUrl\":\"https:\\\/\\\/visionarymarketing.com\\\/wp-content\\\/uploads\\\/2010\\\/07\\\/50130848432_7463ef5b4d_c-e1598420931910.jpg\",\"width\":520,\"height\":347},{\"@type\":\"BreadcrumbList\",\"@id\":\"https:\\\/\\\/visionarymarketing.com\\\/fr\\\/2010\\\/07\\\/20\\\/teletravail-parisiens\\\/#breadcrumb\",\"itemListElement\":[{\"@type\":\"ListItem\",\"position\":1,\"name\":\"Home\",\"item\":\"https:\\\/\\\/visionarymarketing.com\\\/fr\\\/\"},{\"@type\":\"ListItem\",\"position\":2,\"name\":\"Zevillage : le t\u00e9l\u00e9travail fait sortir les Parisiens hors du p\u00e9riph\u00e9rique\"}]},{\"@type\":\"WebSite\",\"@id\":\"https:\\\/\\\/visionarymarketing.com\\\/fr\\\/#website\",\"url\":\"https:\\\/\\\/visionarymarketing.com\\\/fr\\\/\",\"name\":\"Marketing and Innovation\",\"description\":\"Site d&#039;infos ind\u00e9pendant, depuis 1996\",\"potentialAction\":[{\"@type\":\"SearchAction\",\"target\":{\"@type\":\"EntryPoint\",\"urlTemplate\":\"https:\\\/\\\/visionarymarketing.com\\\/fr\\\/?s={search_term_string}\"},\"query-input\":{\"@type\":\"PropertyValueSpecification\",\"valueRequired\":true,\"valueName\":\"search_term_string\"}}],\"inLanguage\":\"fr-FR\"},{\"@type\":\"Person\",\"@id\":\"https:\\\/\\\/visionarymarketing.com\\\/fr\\\/#\\\/schema\\\/person\\\/3754fee1e558f47b8deb46f53c37423e\",\"name\":\"Yann Gourvennec\",\"image\":{\"@type\":\"ImageObject\",\"inLanguage\":\"fr-FR\",\"@id\":\"https:\\\/\\\/secure.gravatar.com\\\/avatar\\\/5972001801e8de5692a3e31224e85769f50a55fb8b679749f9c8d1868cceff14?s=96&d=initials&r=g&initials=yg\",\"url\":\"https:\\\/\\\/secure.gravatar.com\\\/avatar\\\/5972001801e8de5692a3e31224e85769f50a55fb8b679749f9c8d1868cceff14?s=96&d=initials&r=g&initials=yg\",\"contentUrl\":\"https:\\\/\\\/secure.gravatar.com\\\/avatar\\\/5972001801e8de5692a3e31224e85769f50a55fb8b679749f9c8d1868cceff14?s=96&d=initials&r=g&initials=yg\",\"caption\":\"Yann Gourvennec\"},\"description\":\"Yann Gourvennec created visionarymarketing.com in 1996. He is a speaker and author of many books. In 2014 he went from intrapreneur to entrepreneur, when he created his digital marketing agency. Yann Gourvennec a cr\u00e9\u00e9 visionarymarketing.com en 1996. Il est conf\u00e9rencier et auteur de plusieurs livres. En 2014, il est pass\u00e9 d'intrapreneur \u00e0 entrepreneur en cr\u00e9ant son agence de marketing num\u00e9rique.\",\"sameAs\":[\"https:\\\/\\\/visionarymarketing.com\",\"http:\\\/\\\/facebook.com\\\/ygourven\",\"http:\\\/\\\/linkedin.com\\\/in\\\/ygourven\",\"https:\\\/\\\/x.com\\\/ygourven\",\"https:\\\/\\\/www.youtube.com\\\/c\\\/visionarymarketingagency\"],\"url\":\"https:\\\/\\\/visionarymarketing.com\\\/fr\\\/author\\\/yann-gourvennec\\\/\"}]}<\/script>\n<!-- \/ Yoast SEO plugin. -->","yoast_head_json":{"title":"Zevillage : le t\u00e9l\u00e9travail fait sortir les Parisiens hors du p\u00e9riph\u00e9rique","description":"T\u00e9l\u00e9travail et Parisiens : Le t\u00e9l\u00e9travail c'est fait pour qui ? les provinciaux ou les Parisiens ? Ou bien tout le monde ?\u00a0","robots":{"index":"index","follow":"follow","max-snippet":"max-snippet:-1","max-image-preview":"max-image-preview:large","max-video-preview":"max-video-preview:-1"},"canonical":"https:\/\/visionarymarketing.com\/fr\/2010\/07\/20\/teletravail-parisiens\/","og_locale":"fr_FR","og_type":"article","og_title":"Zevillage : le t\u00e9l\u00e9travail fait sortir les Parisiens hors du p\u00e9riph\u00e9rique","og_description":"T\u00e9l\u00e9travail et Parisiens : Le t\u00e9l\u00e9travail c'est fait pour qui ? les provinciaux ou les Parisiens ? Ou bien tout le monde ?\u00a0","og_url":"https:\/\/visionarymarketing.com\/fr\/2010\/07\/20\/teletravail-parisiens\/","og_site_name":"Marketing and Innovation","article_publisher":"https:\/\/www.facebook.com\/vismktg","article_author":"http:\/\/facebook.com\/ygourven","article_published_time":"2010-07-20T03:30:43+00:00","article_modified_time":"2024-06-07T14:30:53+00:00","og_image":[{"width":520,"height":347,"url":"https:\/\/visionarymarketing.com\/wp-content\/uploads\/2010\/07\/50130848432_7463ef5b4d_c-e1598420931910.jpg","type":"image\/jpeg"}],"author":"Yann Gourvennec","twitter_card":"summary_large_image","twitter_creator":"@ygourven","twitter_site":"@ygourven","twitter_misc":{"\u00c9crit par":"Yann Gourvennec","Dur\u00e9e de lecture estim\u00e9e":"8 minutes"},"schema":{"@context":"https:\/\/schema.org","@graph":[{"@type":"NewsArticle","@id":"https:\/\/visionarymarketing.com\/fr\/2010\/07\/20\/teletravail-parisiens\/#article","isPartOf":{"@id":"https:\/\/visionarymarketing.com\/fr\/2010\/07\/20\/teletravail-parisiens\/"},"author":{"name":"Yann Gourvennec","@id":"https:\/\/visionarymarketing.com\/fr\/#\/schema\/person\/3754fee1e558f47b8deb46f53c37423e"},"headline":"Zevillage : le t\u00e9l\u00e9travail fait sortir les Parisiens hors du p\u00e9riph\u00e9rique","datePublished":"2010-07-20T03:30:43+00:00","dateModified":"2024-06-07T14:30:53+00:00","mainEntityOfPage":{"@id":"https:\/\/visionarymarketing.com\/fr\/2010\/07\/20\/teletravail-parisiens\/"},"wordCount":1599,"commentCount":13,"image":{"@id":"https:\/\/visionarymarketing.com\/fr\/2010\/07\/20\/teletravail-parisiens\/#primaryimage"},"thumbnailUrl":"https:\/\/visionarymarketing.com\/wp-content\/uploads\/2010\/07\/50130848432_7463ef5b4d_c-e1598420931910.jpg","articleSection":["collaboration \/ t\u00e9l\u00e9travail"],"inLanguage":"fr-FR","potentialAction":[{"@type":"CommentAction","name":"Comment","target":["https:\/\/visionarymarketing.com\/fr\/2010\/07\/20\/teletravail-parisiens\/#respond"]}]},{"@type":"WebPage","@id":"https:\/\/visionarymarketing.com\/fr\/2010\/07\/20\/teletravail-parisiens\/","url":"https:\/\/visionarymarketing.com\/fr\/2010\/07\/20\/teletravail-parisiens\/","name":"Zevillage : le t\u00e9l\u00e9travail fait sortir les Parisiens hors du p\u00e9riph\u00e9rique","isPartOf":{"@id":"https:\/\/visionarymarketing.com\/fr\/#website"},"primaryImageOfPage":{"@id":"https:\/\/visionarymarketing.com\/fr\/2010\/07\/20\/teletravail-parisiens\/#primaryimage"},"image":{"@id":"https:\/\/visionarymarketing.com\/fr\/2010\/07\/20\/teletravail-parisiens\/#primaryimage"},"thumbnailUrl":"https:\/\/visionarymarketing.com\/wp-content\/uploads\/2010\/07\/50130848432_7463ef5b4d_c-e1598420931910.jpg","datePublished":"2010-07-20T03:30:43+00:00","dateModified":"2024-06-07T14:30:53+00:00","author":{"@id":"https:\/\/visionarymarketing.com\/fr\/#\/schema\/person\/3754fee1e558f47b8deb46f53c37423e"},"description":"T\u00e9l\u00e9travail et Parisiens : Le t\u00e9l\u00e9travail c'est fait pour qui ? les provinciaux ou les Parisiens ? Ou bien tout le monde ?\u00a0","breadcrumb":{"@id":"https:\/\/visionarymarketing.com\/fr\/2010\/07\/20\/teletravail-parisiens\/#breadcrumb"},"inLanguage":"fr-FR","potentialAction":[{"@type":"ReadAction","target":["https:\/\/visionarymarketing.com\/fr\/2010\/07\/20\/teletravail-parisiens\/"]}]},{"@type":"ImageObject","inLanguage":"fr-FR","@id":"https:\/\/visionarymarketing.com\/fr\/2010\/07\/20\/teletravail-parisiens\/#primaryimage","url":"https:\/\/visionarymarketing.com\/wp-content\/uploads\/2010\/07\/50130848432_7463ef5b4d_c-e1598420931910.jpg","contentUrl":"https:\/\/visionarymarketing.com\/wp-content\/uploads\/2010\/07\/50130848432_7463ef5b4d_c-e1598420931910.jpg","width":520,"height":347},{"@type":"BreadcrumbList","@id":"https:\/\/visionarymarketing.com\/fr\/2010\/07\/20\/teletravail-parisiens\/#breadcrumb","itemListElement":[{"@type":"ListItem","position":1,"name":"Home","item":"https:\/\/visionarymarketing.com\/fr\/"},{"@type":"ListItem","position":2,"name":"Zevillage : le t\u00e9l\u00e9travail fait sortir les Parisiens hors du p\u00e9riph\u00e9rique"}]},{"@type":"WebSite","@id":"https:\/\/visionarymarketing.com\/fr\/#website","url":"https:\/\/visionarymarketing.com\/fr\/","name":"Marketing and Innovation","description":"Site d&#039;infos ind\u00e9pendant, depuis 1996","potentialAction":[{"@type":"SearchAction","target":{"@type":"EntryPoint","urlTemplate":"https:\/\/visionarymarketing.com\/fr\/?s={search_term_string}"},"query-input":{"@type":"PropertyValueSpecification","valueRequired":true,"valueName":"search_term_string"}}],"inLanguage":"fr-FR"},{"@type":"Person","@id":"https:\/\/visionarymarketing.com\/fr\/#\/schema\/person\/3754fee1e558f47b8deb46f53c37423e","name":"Yann Gourvennec","image":{"@type":"ImageObject","inLanguage":"fr-FR","@id":"https:\/\/secure.gravatar.com\/avatar\/5972001801e8de5692a3e31224e85769f50a55fb8b679749f9c8d1868cceff14?s=96&d=initials&r=g&initials=yg","url":"https:\/\/secure.gravatar.com\/avatar\/5972001801e8de5692a3e31224e85769f50a55fb8b679749f9c8d1868cceff14?s=96&d=initials&r=g&initials=yg","contentUrl":"https:\/\/secure.gravatar.com\/avatar\/5972001801e8de5692a3e31224e85769f50a55fb8b679749f9c8d1868cceff14?s=96&d=initials&r=g&initials=yg","caption":"Yann Gourvennec"},"description":"Yann Gourvennec created visionarymarketing.com in 1996. He is a speaker and author of many books. In 2014 he went from intrapreneur to entrepreneur, when he created his digital marketing agency. Yann Gourvennec a cr\u00e9\u00e9 visionarymarketing.com en 1996. Il est conf\u00e9rencier et auteur de plusieurs livres. En 2014, il est pass\u00e9 d'intrapreneur \u00e0 entrepreneur en cr\u00e9ant son agence de marketing num\u00e9rique.","sameAs":["https:\/\/visionarymarketing.com","http:\/\/facebook.com\/ygourven","http:\/\/linkedin.com\/in\/ygourven","https:\/\/x.com\/ygourven","https:\/\/www.youtube.com\/c\/visionarymarketingagency"],"url":"https:\/\/visionarymarketing.com\/fr\/author\/yann-gourvennec\/"}]}},"_links":{"self":[{"href":"https:\/\/visionarymarketing.com\/fr\/wp-json\/wp\/v2\/posts\/9126","targetHints":{"allow":["GET"]}}],"collection":[{"href":"https:\/\/visionarymarketing.com\/fr\/wp-json\/wp\/v2\/posts"}],"about":[{"href":"https:\/\/visionarymarketing.com\/fr\/wp-json\/wp\/v2\/types\/post"}],"author":[{"embeddable":true,"href":"https:\/\/visionarymarketing.com\/fr\/wp-json\/wp\/v2\/users\/2"}],"replies":[{"embeddable":true,"href":"https:\/\/visionarymarketing.com\/fr\/wp-json\/wp\/v2\/comments?post=9126"}],"version-history":[{"count":0,"href":"https:\/\/visionarymarketing.com\/fr\/wp-json\/wp\/v2\/posts\/9126\/revisions"}],"wp:featuredmedia":[{"embeddable":true,"href":"https:\/\/visionarymarketing.com\/fr\/wp-json\/wp\/v2\/media\/55855"}],"wp:attachment":[{"href":"https:\/\/visionarymarketing.com\/fr\/wp-json\/wp\/v2\/media?parent=9126"}],"wp:term":[{"taxonomy":"category","embeddable":true,"href":"https:\/\/visionarymarketing.com\/fr\/wp-json\/wp\/v2\/categories?post=9126"},{"taxonomy":"post_tag","embeddable":true,"href":"https:\/\/visionarymarketing.com\/fr\/wp-json\/wp\/v2\/tags?post=9126"}],"curies":[{"name":"wp","href":"https:\/\/api.w.org\/{rel}","templated":true}]}}