{"id":9125,"date":"2010-07-22T06:00:00","date_gmt":"2010-07-22T04:00:00","guid":{"rendered":"https:\/\/visionary.wordpress.com\/?p=2903"},"modified":"2022-08-16T14:51:40","modified_gmt":"2022-08-16T12:51:40","slug":"evenements-2","status":"publish","type":"post","link":"https:\/\/visionarymarketing.com\/fr\/2010\/07\/22\/evenements-2\/","title":{"rendered":"Comment doper ses \u00e9v\u00e9nements avec les m\u00e9dias sociaux"},"content":{"rendered":"<p><a href=\"https:\/\/visionarymarketing.com\/wp-content\/uploads\/2010\/07\/image.png\"><img decoding=\"async\" class=\"alignnone\" style=\"display: inline; border-width: 0; margin: 0 10px 0 0;\" title=\"image\" src=\"https:\/\/visionarymarketing.com\/wp-content\/uploads\/2010\/07\/image_thumb.png\" alt=\"Comment doper ses \u00e9v\u00e9nements avec les m\u00e9dias sociaux\" width=\"260\" height=\"238\" align=\"left\" border=\"0\" \/><\/a><i>Comment doper ses \u00e9v\u00e9nements\u00a0avec les m\u00e9dias sociaux ? Il est coutume de dire, principalement en <\/i><a style=\"font-style: italic;\" href=\"https:\/\/visionarymarketing.com\/fr\/2018\/03\/client-humain-b2b\/\">b2b<\/a><i>, que rien ne vaut les contacts humains et ce n&rsquo;est pas moi qui vous dirai le contraire. Jusqu&rsquo;\u00e0 il y a encore quelques ann\u00e9es (mois pour certains), il y avait cependant un hiatus entre l&rsquo;organisation d&rsquo;un \u00e9v\u00e9nement &#8211; spectaculaire, en face-\u00e0-face et forc\u00e9ment d\u00e9connect\u00e9 &#8211; et la vie en ligne. L&rsquo;\u00e9quipe marketing, parfois snobait, plus souvent ignorait l&rsquo;\u00e9quipe Web, rel\u00e9gu\u00e9e \u00e0 des t\u00e2ches plus subalternes de mise \u00e0 jour de pages sur un site Web Corporate statique. Au mieux, r\u00e9alisait-on un micro site pour \u00ab f\u00eater \u00bb l&rsquo;\u00e9v\u00e9nement sans pour autant susciter la passion ni m\u00eame faire le lien entre l&rsquo;\u00e9v\u00e9nement lui-m\u00eame et le Web.<\/i><\/p>\n<h2>Comment doper ses \u00e9v\u00e9nements avec les m\u00e9dias sociaux<\/h2>\n<p><strong>Des temps r\u00e9volus<\/strong><\/p>\n<p><a href=\"https:\/\/visionarymarketing.com\/wp-content\/uploads\/2010\/07\/newpicture1.png\"><img decoding=\"async\" class=\"alignnone\" style=\"display: inline; margin-left: 0; margin-right: 0; border-width: 0;\" title=\"New Picture (1)\" src=\"https:\/\/visionarymarketing.com\/wp-content\/uploads\/2010\/07\/newpicture1_thumb.png\" alt=\"Comment doper ses \u00e9v\u00e9nements avec les m\u00e9dias sociaux\" width=\"244\" height=\"154\" align=\"right\" border=\"0\" \/><\/a> Ces temps sont r\u00e9volus, et <a title=\"http:\/\/bit.ly\/sroche2010\" href=\"http:\/\/bit.ly\/sroche2010\" target=\"_blank\" rel=\"noopener noreferrer\">c&rsquo;est ce que d\u00e9veloppe St\u00e9phane Roche<\/a>, directeur des \u00e9v\u00e9nementiels chez Orange Business Services (<span class=\"removed_link\" title=\"http:\/\/blogs.orange-business.com\/live-france\">transparence: je dirige les sites web d&rsquo;Orange Business Services et St\u00e9phane est un coll\u00e8gue<\/span>). \u00ab Nous ne pouvons plus concevoir un \u00e9v\u00e9nement sans l&rsquo;apport des m\u00e9dias sociaux \u00bb nous a-t-il confi\u00e9 dans cette interview (<a title=\"http:\/\/bit.ly\/sroche2010\" href=\"http:\/\/bit.ly\/sroche2010\" target=\"_blank\" rel=\"noopener noreferrer\">http:\/\/bit.ly\/sroche2010<\/a>). Prenons-donc ici un exemple concret, l&rsquo;\u00e9v\u00e9nement annuel Orange Business Live (<a title=\"http:\/\/orangebusiness.posterous.com\" href=\"https:\/\/web.archive.org\/web\/20171004204908\/http:\/\/orangebusiness.posterous.com:80\/\" target=\"_blank\" rel=\"noopener noreferrer\">http:\/\/orangebusiness.posterous.com<\/a>) pour d\u00e9montrer le phasage et les bonnes recettes qui font d&rsquo;un \u00e9v\u00e9nement relay\u00e9 dans les m\u00e9dias sociaux une r\u00e9ussite.<!--more--><\/p>\n<p><strong>Apprendre de ses erreurs<\/strong><\/p>\n<p>C&rsquo;est paradoxal &#8211; et ceci tr\u00e8s peu compris en nos contr\u00e9es &#8211; pour r\u00e9ussir, il faut d&rsquo;abord beaucoup rater ! Notre exp\u00e9rience de l&rsquo;organisation d&rsquo;\u00e9v\u00e9nements ne s&rsquo;est pas construite sans effort. Au contraire, il nous a fallu \u00e9chou\u00e9 de nombreuses fois avant de r\u00e9ussir ; d&rsquo;abord en interne, puis sur des \u00e9v\u00e9nements ouverts, et enfin sur les \u00e9v\u00e9nements clients. Plusieurs phases ont \u00e9t\u00e9 n\u00e9cessaires.<\/p>\n<p><strong>Proc\u00e9der par phases<\/strong><\/p>\n<p><a href=\"https:\/\/visionarymarketing.com\/wp-content\/uploads\/2010\/07\/image1.png\"><img decoding=\"async\" class=\"alignnone\" style=\"display: inline; border-width: 0; margin: 0 10px 0 0;\" title=\"image\" src=\"https:\/\/visionarymarketing.com\/wp-content\/uploads\/2010\/07\/image_thumb1.png\" alt=\"Comment doper ses \u00e9v\u00e9nements avec les m\u00e9dias sociaux\" width=\"244\" height=\"164\" align=\"left\" border=\"0\" \/><\/a><a href=\"https:\/\/web.archive.org\/web\/20171004204908\/http:\/\/orangebusiness.posterous.com:80\/\" target=\"_blank\" rel=\"noopener noreferrer\"> Orange Business Live<\/a> n&rsquo;est pas un \u00e9v\u00e9nement comme les autres pour Orange Business Services ; c&rsquo;est l&rsquo;\u00e9v\u00e9nement annuel qui rassemble tous nos clients venus de toute l&rsquo;Europe et du Moyen-Orient et de l&rsquo;Afrique. Quelques invit\u00e9s am\u00e9ricains et asiatiques agr\u00e9mentaient \u00e9galement ce grand rassemblement de professionnels des TIC. Orange Business Live est organis\u00e9 tous les ans et regroupe environ 300 clients. Il prend place dans une ville d&rsquo;Europe diff\u00e9rente chaque ann\u00e9e. C&rsquo;est l&rsquo;\u00e9v\u00e9nement majeur de l&rsquo;entreprise pour ses clients, et la pr\u00e9sence des m\u00e9dias sociaux ne s&rsquo;est pas impos\u00e9e d&rsquo;\u00e9vidence tout de suite.<\/p>\n<p><strong>D&rsquo;abord il a fallu montrer la pertinence d&rsquo;un dispositif des m\u00e9dias sociaux<\/strong><\/p>\n<p>Orange Business Live ne ressemble pas \u00e0 l&rsquo;arch\u00e9type des \u00e9v\u00e9nements commerciaux et c&rsquo;est un point fondamental : pas de grandes messes, pas de bourrage de cr\u00e2ne, l&rsquo;\u00e9v\u00e9nement est r\u00e9alis\u00e9 comme un forum de contenus, d\u00e9bats et s\u00e9minaires, enti\u00e8rement d\u00e9di\u00e9s aux probl\u00e9matiques des directeurs des syst\u00e8mes d&rsquo;information (DSI) et destin\u00e9 \u00e0 leur apporter des solutions. En ceci, cet \u00e9v\u00e9nement qui fait intervenir nombre de personnalit\u00e9s, analystes, clients, experts divers, est en lui-m\u00eame un \u00e9norme apport de contenus originaux et de qualit\u00e9 destin\u00e9s \u00e0 enrichir la relation client. C&rsquo;est en cela qu&rsquo;il nous a sembl\u00e9 pertinent des m\u00e9dias sociaux. Ceux ci r\u00e9clament des contenus riches et de qualit\u00e9, les visiteurs des m\u00e9dias sociaux en sont demandeurs \u00e9galement ; l&rsquo;\u00e9v\u00e9nement pouvait donc \u00e0 l&rsquo;\u00e9vidence servir ce but, et c&rsquo;est ce que nous avons montr\u00e9 d\u00e8s 2009 avec l&rsquo;\u00e9dition londonienne de ce rassemblement clients.<\/p>\n<p><a href=\"https:\/\/visionarymarketing.com\/wp-content\/uploads\/2010\/07\/image2.png\"><img decoding=\"async\" class=\"alignnone\" style=\"display: inline; border-width: 0; margin: 0 10px 0 0;\" title=\"image\" src=\"https:\/\/visionarymarketing.com\/wp-content\/uploads\/2010\/07\/image_thumb2.png\" alt=\"Comment doper ses \u00e9v\u00e9nements avec les m\u00e9dias sociaux\" width=\"304\" height=\"204\" align=\"left\" border=\"0\" \/><\/a> <strong>La preuve par l&rsquo;exemple<\/strong><\/p>\n<p>En juin 2009, nous avons donc amen\u00e9 une \u00e9quipe restreinte autour de cet \u00e9v\u00e9nement, afin de d\u00e9montrer<\/p>\n<ol>\n<li>la pertinence des m\u00e9dias sociaux dans ce contexte (voir ci-dessus)<\/li>\n<li>qu&rsquo;il n&rsquo;y avait pas de \u00ab\u00a0danger\u00a0\u00bb \u00e0 proprement parler, que les m\u00e9dias sociaux \u00e9taient plus une opportunit\u00e9 qu&rsquo;un risque. Notre objectif \u00e9tait de rassurer.<\/li>\n<li>que nous pouvions apporter l&rsquo;\u00e9v\u00e9nement au sein de l&rsquo;\u00e9v\u00e9nement gr\u00e2ce \u00e0 des technologies tr\u00e8s dynamiques et de pointe : quoi de plus \u00e9loquent en termes d&rsquo;innovation que de montrer qu&rsquo;Orange Business Services ma\u00eetrise elle-m\u00eame les technologies web 2.0 pour elle-m\u00eame ?<\/li>\n<li>que gr\u00e2ce \u00e0 un contenu de qualit\u00e9 nous pouvions cr\u00e9er l&rsquo;\u00e9v\u00e9nement sur <a title=\"http:\/\/orangebusiness.posterous.com\" href=\"https:\/\/web.archive.org\/web\/20171004204908\/http:\/\/orangebusiness.posterous.com:80\/\" target=\"_blank\" rel=\"noopener noreferrer\">Internet aussi avec un microsite sur Posterous<\/a> cr\u00e9\u00e9 pour l&rsquo;occasion et qui attirera autant de visiteurs en deux jours que le site Corporate en un mois !<\/li>\n<\/ol>\n<p><strong>Aff\u00fbter ses armes et passer \u00e0 l&rsquo;\u00e9tape suivante<\/strong><\/p>\n<p>Pass\u00e9e cette \u00e9tape, reste l&rsquo;\u00e9tape suivante, celle de la mont\u00e9e en charge et de l&rsquo;accroissement de la visibilit\u00e9 sur l&rsquo;\u00e9v\u00e9nement et hors de l&rsquo;\u00e9v\u00e9nement. Cette \u00e9tape suivante \u00e9tait l&rsquo;\u00e9dition 2010 d&rsquo;Orange Business Live qui eut lieu les 15-17 juin 2010 \u00e0 Amsterdam, aux Pays-Bas. Cette fois-ci, nous nous y sommes pris \u00e0 l&rsquo;avance. Six mois avant l&rsquo;\u00e9v\u00e9nement, nous avons initi\u00e9 des r\u00e9unions de sensibilisation afin de convaincre notre \u00e9quipe \u00e9v\u00e9nementielle que les m\u00e9dias sociaux pouvaient les aider \u00e0 rendre a encore am\u00e9liorer un \u00e9v\u00e9nement d\u00e9j\u00e0 exceptionnel.<\/p>\n<p>Le but n&rsquo;\u00e9tait pas de permettre la retransmission de l&rsquo;\u00e9v\u00e9nement en ligne. \u00c0 terme je pense que nous y arriverons, mais ce n&rsquo;\u00e9tait pas le sujet encore cette ann\u00e9e. Il y avait la crainte de perdre les visiteurs \u00e0 cause d&rsquo;Internet ; m\u00eame si je ne pense pas que ce n&rsquo;est pas le cas, ni qu&rsquo;il y ait un risque, ni que les deux soient incompatibles, au contraire, mais il faut encore donner du temps pour rassurer les responsables. L&rsquo;objectif de la pr\u00e9sence des m\u00e9dias sociaux en 2010 \u00e0 Orange Business Live \u00e9tait de montrer en quoi et comment les m\u00e9dias sociaux pouvaient cr\u00e9er l&rsquo;\u00e9v\u00e9nement dans l&rsquo;\u00e9v\u00e9nement, une fois ceux-ci acquis, nous pouvions ensuite nous mettre \u00e0 travailler &#8230;<\/p>\n<p><strong>Le cahier des charges : un petit dessin&#8230;<\/strong><\/p>\n<p>L&rsquo;\u00e9tape suivante fut de faire&#8230; un petit dessin : il n&rsquo;y a pas que dans le dicton que cela a prouv\u00e9 son efficacit\u00e9. Ce mini cahier des charges a permis de faire toucher du doigt la r\u00e9alit\u00e9 du dispositif &#8211; blogueurs, studio WebTV etc. &#8211; et la r\u00e9ponse, positive, fut imm\u00e9diate et enthousiasmante. Finie l&rsquo;\u00e9quipe Web et isol\u00e9e r\u00e9duite \u00e0 mettre en ligne un contenu \u00ab\u00a0valid\u00e9\u00a0\u00bb pr\u00e9fabriqu\u00e9. L&rsquo;aventure \u00e9tait devant nous, il fallait pr\u00e9parer l&rsquo;\u00e9v\u00e9nement.<\/p>\n<p><a href=\"https:\/\/visionarymarketing.com\/wp-content\/uploads\/2010\/07\/image_thumb.gif\"><img decoding=\"async\" class=\"aligncenter size-full wp-image-2900\" src=\"https:\/\/visionarymarketing.com\/wp-content\/uploads\/2010\/07\/image_thumb.gif\" alt=\"\" width=\"354\" height=\"246\" \/><\/a><\/p>\n<p><strong>Des r\u00e9sultats tangibles<\/strong><\/p>\n<p>Les r\u00e9sultats &#8211; tangibles &#8211; furent tous rendez-vous (voir cartouche), m\u00eame si l&rsquo;interpr\u00e9tation des chiffres obtenus peut pr\u00eater \u00e0 discussion, nous y reviendrons un peu plus loin dans ces lignes. 15 blogueurs r\u00e9pondirent pr\u00e9sents pour Orange Business Live 2010 \u00e0 Amsterdam dont une majorit\u00e9 de Britanniques, un Belge, une Australienne, une Am\u00e9ricaine (binationale Fran\u00e7aise) et quelques Fran\u00e7ais. L&#8217;emphase fut mise sur le caract\u00e8re international de l&rsquo;\u00e9v\u00e9nement, ce qui explique la forte proportion de repr\u00e9sentants hors de France. La plupart de ces blogueurs fut rencontr\u00e9s par nous-m\u00eames lors de repr\u00e9sentations et \u00e9v\u00e9nement d\u00e9di\u00e9s aux m\u00e9dias sociaux, principalement \u00e0 l&rsquo;\u00e9tranger.<\/p>\n<p><strong>Pourquoi suis-je invit\u00e9 ?<\/strong><\/p>\n<p><a href=\"https:\/\/visionarymarketing.com\/wp-content\/uploads\/2010\/07\/image3.png\"><img decoding=\"async\" class=\"alignnone\" style=\"display: inline; border-width: 0; margin: 0;\" title=\"image\" src=\"https:\/\/visionarymarketing.com\/wp-content\/uploads\/2010\/07\/image_thumb3.png\" alt=\"Comment doper ses \u00e9v\u00e9nements avec les m\u00e9dias sociaux\" width=\"332\" height=\"176\" align=\"right\" border=\"0\" \/><\/a>Tous avaient r\u00e9pondu favorablement. Ils avaient \u00e9t\u00e9 recrut\u00e9s pour la plupart pour leur connaissance des m\u00e9dias sociaux et leurs comp\u00e9tences en termes de reportage, certains m\u00eame me demandant pourquoi ils \u00e9taient l\u00e0 ?<\/p>\n<p>\u00ab Pourquoi vouloir de moi ici &#8211; moi qui suis un ancien journaliste sportif &#8211; je ne le sais pas, mais je crois qu&rsquo;on va bien s&rsquo;amuser \u00bb d\u00e9clarera Glenn Le Santo, alias le pirate, car son grand-p\u00e8re en fut un, alors qu&rsquo;il fut l&rsquo;animateur incontest\u00e9 de cette session \u00e9v\u00e9nementielle. Ceci est un enseignement en tant que tel, la capacit\u00e9 de bien apporter l&rsquo;\u00e9v\u00e9nement dans l&rsquo;\u00e9v\u00e9nement \u00e9tait la principale raison de ce recrutement.<\/p>\n<p style=\"text-align: left;\"><strong>\u2026 <a href=\"https:\/\/visionarymarketing.com\/fr\/2010\/07\/evenementiels-medias-sociaux\/\">\u00e0 suivre avec la 2\u00e8me partie et ses conseils pratiques<\/a><\/strong><\/p>\n<p style=\"text-align: center;\">\n","protected":false},"excerpt":{"rendered":"<p>Comment doper ses \u00e9v\u00e9nements\u00a0avec les m\u00e9dias sociaux ? Il est coutume de dire, principalement en b2b, que rien ne vaut les contacts humains et ce n&rsquo;est pas moi qui vous dirai le contraire. Jusqu&rsquo;\u00e0 il y a encore quelques ann\u00e9es (mois pour certains), il y avait cependant un hiatus entre l&rsquo;organisation d&rsquo;un \u00e9v\u00e9nement &#8211; spectaculaire, &hellip;<\/p>\n","protected":false},"author":2,"featured_media":2885,"comment_status":"open","ping_status":"open","sticky":false,"template":"","format":"standard","meta":{"footnotes":""},"categories":[744],"tags":[],"class_list":["post-9125","post","type-post","status-publish","format-standard","has-post-thumbnail","hentry","category-marketing-b2b"],"yoast_head":"<!-- This site is optimized with the Yoast SEO plugin v27.5 - https:\/\/yoast.com\/product\/yoast-seo-wordpress\/ -->\n<title>Comment doper ses \u00e9v\u00e9nements avec les m\u00e9dias sociaux<\/title>\n<meta name=\"description\" content=\"Comment doper ses \u00e9v\u00e9nements\u00a0avec les m\u00e9dias sociaux ? Il est coutume de dire, en b2b, que rien ne vaut les contacts humains\" \/>\n<meta name=\"robots\" content=\"index, follow, max-snippet:-1, max-image-preview:large, max-video-preview:-1\" \/>\n<link rel=\"canonical\" href=\"https:\/\/visionarymarketing.com\/fr\/2010\/07\/22\/evenements-2\/\" \/>\n<meta property=\"og:locale\" content=\"fr_FR\" \/>\n<meta property=\"og:type\" content=\"article\" \/>\n<meta property=\"og:title\" content=\"Comment doper ses \u00e9v\u00e9nements avec les m\u00e9dias sociaux\" \/>\n<meta property=\"og:description\" content=\"Comment doper ses \u00e9v\u00e9nements\u00a0avec les m\u00e9dias sociaux ? Il est coutume de dire, en b2b, que rien ne vaut les contacts humains\" \/>\n<meta property=\"og:url\" content=\"https:\/\/visionarymarketing.com\/fr\/2010\/07\/22\/evenements-2\/\" \/>\n<meta property=\"og:site_name\" content=\"Marketing and Innovation\" \/>\n<meta property=\"article:publisher\" content=\"https:\/\/www.facebook.com\/vismktg\" \/>\n<meta property=\"article:author\" content=\"http:\/\/facebook.com\/ygourven\" \/>\n<meta property=\"article:published_time\" content=\"2010-07-22T04:00:00+00:00\" \/>\n<meta property=\"article:modified_time\" content=\"2022-08-16T12:51:40+00:00\" \/>\n<meta property=\"og:image\" content=\"https:\/\/visionarymarketing.com\/wp-content\/uploads\/2010\/07\/image_thumb.png\" \/>\n\t<meta property=\"og:image:width\" content=\"260\" \/>\n\t<meta property=\"og:image:height\" content=\"237\" \/>\n\t<meta property=\"og:image:type\" content=\"image\/png\" \/>\n<meta name=\"author\" content=\"Yann Gourvennec\" \/>\n<meta name=\"twitter:card\" content=\"summary_large_image\" \/>\n<meta name=\"twitter:creator\" content=\"@ygourven\" \/>\n<meta name=\"twitter:site\" content=\"@ygourven\" \/>\n<meta name=\"twitter:label1\" content=\"\u00c9crit par\" \/>\n\t<meta name=\"twitter:data1\" content=\"Yann Gourvennec\" \/>\n\t<meta name=\"twitter:label2\" content=\"Dur\u00e9e de lecture estim\u00e9e\" \/>\n\t<meta name=\"twitter:data2\" content=\"7 minutes\" \/>\n<script type=\"application\/ld+json\" class=\"yoast-schema-graph\">{\"@context\":\"https:\\\/\\\/schema.org\",\"@graph\":[{\"@type\":\"NewsArticle\",\"@id\":\"https:\\\/\\\/visionarymarketing.com\\\/fr\\\/2010\\\/07\\\/22\\\/evenements-2\\\/#article\",\"isPartOf\":{\"@id\":\"https:\\\/\\\/visionarymarketing.com\\\/fr\\\/2010\\\/07\\\/22\\\/evenements-2\\\/\"},\"author\":{\"name\":\"Yann Gourvennec\",\"@id\":\"https:\\\/\\\/visionarymarketing.com\\\/fr\\\/#\\\/schema\\\/person\\\/3754fee1e558f47b8deb46f53c37423e\"},\"headline\":\"Comment doper ses \u00e9v\u00e9nements avec les m\u00e9dias sociaux\",\"datePublished\":\"2010-07-22T04:00:00+00:00\",\"dateModified\":\"2022-08-16T12:51:40+00:00\",\"mainEntityOfPage\":{\"@id\":\"https:\\\/\\\/visionarymarketing.com\\\/fr\\\/2010\\\/07\\\/22\\\/evenements-2\\\/\"},\"wordCount\":1380,\"commentCount\":0,\"image\":{\"@id\":\"https:\\\/\\\/visionarymarketing.com\\\/fr\\\/2010\\\/07\\\/22\\\/evenements-2\\\/#primaryimage\"},\"thumbnailUrl\":\"https:\\\/\\\/visionarymarketing.com\\\/wp-content\\\/uploads\\\/2010\\\/07\\\/image_thumb.png\",\"articleSection\":[\"marketing b2b\"],\"inLanguage\":\"fr-FR\",\"potentialAction\":[{\"@type\":\"CommentAction\",\"name\":\"Comment\",\"target\":[\"https:\\\/\\\/visionarymarketing.com\\\/fr\\\/2010\\\/07\\\/22\\\/evenements-2\\\/#respond\"]}]},{\"@type\":\"WebPage\",\"@id\":\"https:\\\/\\\/visionarymarketing.com\\\/fr\\\/2010\\\/07\\\/22\\\/evenements-2\\\/\",\"url\":\"https:\\\/\\\/visionarymarketing.com\\\/fr\\\/2010\\\/07\\\/22\\\/evenements-2\\\/\",\"name\":\"Comment doper ses \u00e9v\u00e9nements avec les m\u00e9dias sociaux\",\"isPartOf\":{\"@id\":\"https:\\\/\\\/visionarymarketing.com\\\/fr\\\/#website\"},\"primaryImageOfPage\":{\"@id\":\"https:\\\/\\\/visionarymarketing.com\\\/fr\\\/2010\\\/07\\\/22\\\/evenements-2\\\/#primaryimage\"},\"image\":{\"@id\":\"https:\\\/\\\/visionarymarketing.com\\\/fr\\\/2010\\\/07\\\/22\\\/evenements-2\\\/#primaryimage\"},\"thumbnailUrl\":\"https:\\\/\\\/visionarymarketing.com\\\/wp-content\\\/uploads\\\/2010\\\/07\\\/image_thumb.png\",\"datePublished\":\"2010-07-22T04:00:00+00:00\",\"dateModified\":\"2022-08-16T12:51:40+00:00\",\"author\":{\"@id\":\"https:\\\/\\\/visionarymarketing.com\\\/fr\\\/#\\\/schema\\\/person\\\/3754fee1e558f47b8deb46f53c37423e\"},\"description\":\"Comment doper ses \u00e9v\u00e9nements\u00a0avec les m\u00e9dias sociaux ? Il est coutume de dire, en b2b, que rien ne vaut les contacts humains\",\"breadcrumb\":{\"@id\":\"https:\\\/\\\/visionarymarketing.com\\\/fr\\\/2010\\\/07\\\/22\\\/evenements-2\\\/#breadcrumb\"},\"inLanguage\":\"fr-FR\",\"potentialAction\":[{\"@type\":\"ReadAction\",\"target\":[\"https:\\\/\\\/visionarymarketing.com\\\/fr\\\/2010\\\/07\\\/22\\\/evenements-2\\\/\"]}]},{\"@type\":\"ImageObject\",\"inLanguage\":\"fr-FR\",\"@id\":\"https:\\\/\\\/visionarymarketing.com\\\/fr\\\/2010\\\/07\\\/22\\\/evenements-2\\\/#primaryimage\",\"url\":\"https:\\\/\\\/visionarymarketing.com\\\/wp-content\\\/uploads\\\/2010\\\/07\\\/image_thumb.png\",\"contentUrl\":\"https:\\\/\\\/visionarymarketing.com\\\/wp-content\\\/uploads\\\/2010\\\/07\\\/image_thumb.png\",\"width\":260,\"height\":237},{\"@type\":\"BreadcrumbList\",\"@id\":\"https:\\\/\\\/visionarymarketing.com\\\/fr\\\/2010\\\/07\\\/22\\\/evenements-2\\\/#breadcrumb\",\"itemListElement\":[{\"@type\":\"ListItem\",\"position\":1,\"name\":\"Home\",\"item\":\"https:\\\/\\\/visionarymarketing.com\\\/fr\\\/\"},{\"@type\":\"ListItem\",\"position\":2,\"name\":\"Comment doper ses \u00e9v\u00e9nements avec les m\u00e9dias sociaux\"}]},{\"@type\":\"WebSite\",\"@id\":\"https:\\\/\\\/visionarymarketing.com\\\/fr\\\/#website\",\"url\":\"https:\\\/\\\/visionarymarketing.com\\\/fr\\\/\",\"name\":\"Marketing and Innovation\",\"description\":\"Site d&#039;infos ind\u00e9pendant, depuis 1996\",\"potentialAction\":[{\"@type\":\"SearchAction\",\"target\":{\"@type\":\"EntryPoint\",\"urlTemplate\":\"https:\\\/\\\/visionarymarketing.com\\\/fr\\\/?s={search_term_string}\"},\"query-input\":{\"@type\":\"PropertyValueSpecification\",\"valueRequired\":true,\"valueName\":\"search_term_string\"}}],\"inLanguage\":\"fr-FR\"},{\"@type\":\"Person\",\"@id\":\"https:\\\/\\\/visionarymarketing.com\\\/fr\\\/#\\\/schema\\\/person\\\/3754fee1e558f47b8deb46f53c37423e\",\"name\":\"Yann Gourvennec\",\"image\":{\"@type\":\"ImageObject\",\"inLanguage\":\"fr-FR\",\"@id\":\"https:\\\/\\\/secure.gravatar.com\\\/avatar\\\/5972001801e8de5692a3e31224e85769f50a55fb8b679749f9c8d1868cceff14?s=96&d=initials&r=g&initials=yg\",\"url\":\"https:\\\/\\\/secure.gravatar.com\\\/avatar\\\/5972001801e8de5692a3e31224e85769f50a55fb8b679749f9c8d1868cceff14?s=96&d=initials&r=g&initials=yg\",\"contentUrl\":\"https:\\\/\\\/secure.gravatar.com\\\/avatar\\\/5972001801e8de5692a3e31224e85769f50a55fb8b679749f9c8d1868cceff14?s=96&d=initials&r=g&initials=yg\",\"caption\":\"Yann Gourvennec\"},\"description\":\"Yann Gourvennec created visionarymarketing.com in 1996. He is a speaker and author of many books. In 2014 he went from intrapreneur to entrepreneur, when he created his digital marketing agency. Yann Gourvennec a cr\u00e9\u00e9 visionarymarketing.com en 1996. Il est conf\u00e9rencier et auteur de plusieurs livres. En 2014, il est pass\u00e9 d'intrapreneur \u00e0 entrepreneur en cr\u00e9ant son agence de marketing num\u00e9rique.\",\"sameAs\":[\"https:\\\/\\\/visionarymarketing.com\",\"http:\\\/\\\/facebook.com\\\/ygourven\",\"http:\\\/\\\/linkedin.com\\\/in\\\/ygourven\",\"https:\\\/\\\/x.com\\\/ygourven\",\"https:\\\/\\\/www.youtube.com\\\/c\\\/visionarymarketingagency\"],\"url\":\"https:\\\/\\\/visionarymarketing.com\\\/fr\\\/author\\\/yann-gourvennec\\\/\"}]}<\/script>\n<!-- \/ Yoast SEO plugin. -->","yoast_head_json":{"title":"Comment doper ses \u00e9v\u00e9nements avec les m\u00e9dias sociaux","description":"Comment doper ses \u00e9v\u00e9nements\u00a0avec les m\u00e9dias sociaux ? Il est coutume de dire, en b2b, que rien ne vaut les contacts humains","robots":{"index":"index","follow":"follow","max-snippet":"max-snippet:-1","max-image-preview":"max-image-preview:large","max-video-preview":"max-video-preview:-1"},"canonical":"https:\/\/visionarymarketing.com\/fr\/2010\/07\/22\/evenements-2\/","og_locale":"fr_FR","og_type":"article","og_title":"Comment doper ses \u00e9v\u00e9nements avec les m\u00e9dias sociaux","og_description":"Comment doper ses \u00e9v\u00e9nements\u00a0avec les m\u00e9dias sociaux ? Il est coutume de dire, en b2b, que rien ne vaut les contacts humains","og_url":"https:\/\/visionarymarketing.com\/fr\/2010\/07\/22\/evenements-2\/","og_site_name":"Marketing and Innovation","article_publisher":"https:\/\/www.facebook.com\/vismktg","article_author":"http:\/\/facebook.com\/ygourven","article_published_time":"2010-07-22T04:00:00+00:00","article_modified_time":"2022-08-16T12:51:40+00:00","og_image":[{"width":260,"height":237,"url":"https:\/\/visionarymarketing.com\/wp-content\/uploads\/2010\/07\/image_thumb.png","type":"image\/png"}],"author":"Yann Gourvennec","twitter_card":"summary_large_image","twitter_creator":"@ygourven","twitter_site":"@ygourven","twitter_misc":{"\u00c9crit par":"Yann Gourvennec","Dur\u00e9e de lecture estim\u00e9e":"7 minutes"},"schema":{"@context":"https:\/\/schema.org","@graph":[{"@type":"NewsArticle","@id":"https:\/\/visionarymarketing.com\/fr\/2010\/07\/22\/evenements-2\/#article","isPartOf":{"@id":"https:\/\/visionarymarketing.com\/fr\/2010\/07\/22\/evenements-2\/"},"author":{"name":"Yann Gourvennec","@id":"https:\/\/visionarymarketing.com\/fr\/#\/schema\/person\/3754fee1e558f47b8deb46f53c37423e"},"headline":"Comment doper ses \u00e9v\u00e9nements avec les m\u00e9dias sociaux","datePublished":"2010-07-22T04:00:00+00:00","dateModified":"2022-08-16T12:51:40+00:00","mainEntityOfPage":{"@id":"https:\/\/visionarymarketing.com\/fr\/2010\/07\/22\/evenements-2\/"},"wordCount":1380,"commentCount":0,"image":{"@id":"https:\/\/visionarymarketing.com\/fr\/2010\/07\/22\/evenements-2\/#primaryimage"},"thumbnailUrl":"https:\/\/visionarymarketing.com\/wp-content\/uploads\/2010\/07\/image_thumb.png","articleSection":["marketing b2b"],"inLanguage":"fr-FR","potentialAction":[{"@type":"CommentAction","name":"Comment","target":["https:\/\/visionarymarketing.com\/fr\/2010\/07\/22\/evenements-2\/#respond"]}]},{"@type":"WebPage","@id":"https:\/\/visionarymarketing.com\/fr\/2010\/07\/22\/evenements-2\/","url":"https:\/\/visionarymarketing.com\/fr\/2010\/07\/22\/evenements-2\/","name":"Comment doper ses \u00e9v\u00e9nements avec les m\u00e9dias sociaux","isPartOf":{"@id":"https:\/\/visionarymarketing.com\/fr\/#website"},"primaryImageOfPage":{"@id":"https:\/\/visionarymarketing.com\/fr\/2010\/07\/22\/evenements-2\/#primaryimage"},"image":{"@id":"https:\/\/visionarymarketing.com\/fr\/2010\/07\/22\/evenements-2\/#primaryimage"},"thumbnailUrl":"https:\/\/visionarymarketing.com\/wp-content\/uploads\/2010\/07\/image_thumb.png","datePublished":"2010-07-22T04:00:00+00:00","dateModified":"2022-08-16T12:51:40+00:00","author":{"@id":"https:\/\/visionarymarketing.com\/fr\/#\/schema\/person\/3754fee1e558f47b8deb46f53c37423e"},"description":"Comment doper ses \u00e9v\u00e9nements\u00a0avec les m\u00e9dias sociaux ? Il est coutume de dire, en b2b, que rien ne vaut les contacts humains","breadcrumb":{"@id":"https:\/\/visionarymarketing.com\/fr\/2010\/07\/22\/evenements-2\/#breadcrumb"},"inLanguage":"fr-FR","potentialAction":[{"@type":"ReadAction","target":["https:\/\/visionarymarketing.com\/fr\/2010\/07\/22\/evenements-2\/"]}]},{"@type":"ImageObject","inLanguage":"fr-FR","@id":"https:\/\/visionarymarketing.com\/fr\/2010\/07\/22\/evenements-2\/#primaryimage","url":"https:\/\/visionarymarketing.com\/wp-content\/uploads\/2010\/07\/image_thumb.png","contentUrl":"https:\/\/visionarymarketing.com\/wp-content\/uploads\/2010\/07\/image_thumb.png","width":260,"height":237},{"@type":"BreadcrumbList","@id":"https:\/\/visionarymarketing.com\/fr\/2010\/07\/22\/evenements-2\/#breadcrumb","itemListElement":[{"@type":"ListItem","position":1,"name":"Home","item":"https:\/\/visionarymarketing.com\/fr\/"},{"@type":"ListItem","position":2,"name":"Comment doper ses \u00e9v\u00e9nements avec les m\u00e9dias sociaux"}]},{"@type":"WebSite","@id":"https:\/\/visionarymarketing.com\/fr\/#website","url":"https:\/\/visionarymarketing.com\/fr\/","name":"Marketing and Innovation","description":"Site d&#039;infos ind\u00e9pendant, depuis 1996","potentialAction":[{"@type":"SearchAction","target":{"@type":"EntryPoint","urlTemplate":"https:\/\/visionarymarketing.com\/fr\/?s={search_term_string}"},"query-input":{"@type":"PropertyValueSpecification","valueRequired":true,"valueName":"search_term_string"}}],"inLanguage":"fr-FR"},{"@type":"Person","@id":"https:\/\/visionarymarketing.com\/fr\/#\/schema\/person\/3754fee1e558f47b8deb46f53c37423e","name":"Yann Gourvennec","image":{"@type":"ImageObject","inLanguage":"fr-FR","@id":"https:\/\/secure.gravatar.com\/avatar\/5972001801e8de5692a3e31224e85769f50a55fb8b679749f9c8d1868cceff14?s=96&d=initials&r=g&initials=yg","url":"https:\/\/secure.gravatar.com\/avatar\/5972001801e8de5692a3e31224e85769f50a55fb8b679749f9c8d1868cceff14?s=96&d=initials&r=g&initials=yg","contentUrl":"https:\/\/secure.gravatar.com\/avatar\/5972001801e8de5692a3e31224e85769f50a55fb8b679749f9c8d1868cceff14?s=96&d=initials&r=g&initials=yg","caption":"Yann Gourvennec"},"description":"Yann Gourvennec created visionarymarketing.com in 1996. He is a speaker and author of many books. In 2014 he went from intrapreneur to entrepreneur, when he created his digital marketing agency. Yann Gourvennec a cr\u00e9\u00e9 visionarymarketing.com en 1996. Il est conf\u00e9rencier et auteur de plusieurs livres. En 2014, il est pass\u00e9 d'intrapreneur \u00e0 entrepreneur en cr\u00e9ant son agence de marketing num\u00e9rique.","sameAs":["https:\/\/visionarymarketing.com","http:\/\/facebook.com\/ygourven","http:\/\/linkedin.com\/in\/ygourven","https:\/\/x.com\/ygourven","https:\/\/www.youtube.com\/c\/visionarymarketingagency"],"url":"https:\/\/visionarymarketing.com\/fr\/author\/yann-gourvennec\/"}]}},"_links":{"self":[{"href":"https:\/\/visionarymarketing.com\/fr\/wp-json\/wp\/v2\/posts\/9125","targetHints":{"allow":["GET"]}}],"collection":[{"href":"https:\/\/visionarymarketing.com\/fr\/wp-json\/wp\/v2\/posts"}],"about":[{"href":"https:\/\/visionarymarketing.com\/fr\/wp-json\/wp\/v2\/types\/post"}],"author":[{"embeddable":true,"href":"https:\/\/visionarymarketing.com\/fr\/wp-json\/wp\/v2\/users\/2"}],"replies":[{"embeddable":true,"href":"https:\/\/visionarymarketing.com\/fr\/wp-json\/wp\/v2\/comments?post=9125"}],"version-history":[{"count":0,"href":"https:\/\/visionarymarketing.com\/fr\/wp-json\/wp\/v2\/posts\/9125\/revisions"}],"wp:featuredmedia":[{"embeddable":true,"href":"https:\/\/visionarymarketing.com\/fr\/wp-json\/wp\/v2\/media\/2885"}],"wp:attachment":[{"href":"https:\/\/visionarymarketing.com\/fr\/wp-json\/wp\/v2\/media?parent=9125"}],"wp:term":[{"taxonomy":"category","embeddable":true,"href":"https:\/\/visionarymarketing.com\/fr\/wp-json\/wp\/v2\/categories?post=9125"},{"taxonomy":"post_tag","embeddable":true,"href":"https:\/\/visionarymarketing.com\/fr\/wp-json\/wp\/v2\/tags?post=9125"}],"curies":[{"name":"wp","href":"https:\/\/api.w.org\/{rel}","templated":true}]}}