{"id":9124,"date":"2010-07-16T09:58:11","date_gmt":"2010-07-16T07:58:11","guid":{"rendered":"https:\/\/visionary.wordpress.com\/?p=2877"},"modified":"2020-03-11T17:30:10","modified_gmt":"2020-03-11T16:30:10","slug":"generation-y-les-adolescents-sont-ils-vraiment-plus-doues-pour-linformatique-et-linternet","status":"publish","type":"post","link":"https:\/\/visionarymarketing.com\/fr\/2010\/07\/16\/generation-y-les-adolescents-sont-ils-vraiment-plus-doues-pour-linformatique-et-linternet\/","title":{"rendered":"G\u00e9n\u00e9ration Y : les adolescents plus dou\u00e9s pour l&rsquo;IT et Internet ?"},"content":{"rendered":"<p style=\"text-align: justify;\"><span class=\"removed_link\" title=\"http:\/\/media.ft.com\/cms\/c3852b2e-6f9a-11de-bfc5-00144feabdc0.pdfhttp:\/media.ft.com\/cms\/c3852b2e-6f9a-11de-bfc5-00144feabdc0.pdf\"><em>Le rapport Robson<\/em><\/span><em> fit grand bruit il y a \u00e0 peine un an en Grande-Bretagne. Pass\u00e9 plus ou moins inaper\u00e7u en France, ce rapport est cependant d&rsquo;une importance capitale si l&rsquo;on veut comprendre et d\u00e9coder l&rsquo;un des clich\u00e9s majeurs de ce d\u00e9but XXIe si\u00e8cle : <strong>la <a href=\"https:\/\/visionarymarketing.com\/fr\/2015\/07\/digital-natives-ecdl\/\">g\u00e9n\u00e9ration Y<\/a><\/strong> (qu&rsquo;on retrouve d&rsquo;ailleurs cit\u00e9 sous divers vocables, tous plus ou moins pr\u00e9cis, millenials, digital natives etc.)<\/em><\/p>\n<figure id=\"attachment_50980\" aria-describedby=\"caption-attachment-50980\" style=\"width: 520px\" class=\"wp-caption aligncenter\"><img decoding=\"async\" class=\"wp-image-50980 size-full\" src=\"https:\/\/visionarymarketing.com\/wp-content\/uploads\/2010\/07\/jumpstory-download20200311-162011-e1583943675957.jpg\" alt=\"G\u00e9n\u00e9ration Y : les adolescents plus dou\u00e9s pour l'IT et Internet ?\" width=\"520\" height=\"347\" \/><figcaption id=\"caption-attachment-50980\" class=\"wp-caption-text\">G\u00e9n\u00e9ration Y : les adolescents plus dou\u00e9s pour l&rsquo;IT et Internet ?<\/figcaption><\/figure>\n<p style=\"text-align: justify;\">le rapport publi\u00e9 par <a href=\"http:\/\/www.morganstanley.com\/\" target=\"_blank\" rel=\"noopener noreferrer\">Morgan Stanley<\/a> et intitul\u00e9 \u00ab <span class=\"removed_link\" title=\"http:\/\/media.ft.com\/cms\/c3852b2e-6f9a-11de-bfc5-00144feabdc0.pdfhttp:\/media.ft.com\/cms\/c3852b2e-6f9a-11de-bfc5-00144feabdc0.pdf\">m\u00e9dia et Internet, comment les adolescents consomment les m\u00e9dias<\/span> \u00bb est un des exemples les plus frappants de circulation d&rsquo;informations \u00e0 l&rsquo;\u00e9chelle de la plan\u00e8te (on omettra ici la France, pour d\u2019\u00e9videntes raisons linguistiques, ceci n\u2019enlevant rien \u00e0 la diffusion mondiale de ce rapport).<\/p>\n<p style=\"text-align: justify;\">Matthew Robson &#8211; un stagiaire de 15 ans \u00e0 qui des repr\u00e9sentants de l&rsquo;entreprise ont demand\u00e9 de r\u00e9diger un rapport sur son usage des m\u00e9dias et celui de ses pairs &#8211; n&rsquo;a plus besoin de travailler sur son e-reputation, du moins outre-Manche. En moins de temps qu&rsquo;il ne faut pour le dire, ce rapport \u00e9tait sur toutes les l\u00e8vres, dans tous les journaux, et surtout &#8230; sur tous les ordinateurs.<!--more--><\/p>\n<h3>G\u00e9n\u00e9ration Y : les adolescents plus dou\u00e9s pour l&rsquo;IT et Internet ?<\/h3>\n<p style=\"text-align: justify;\">Plus encore, ce rapport est utilis\u00e9 comme une preuve tangible d&rsquo;un v\u00e9ritable ph\u00e9nom\u00e8ne de soci\u00e9t\u00e9 li\u00e9 aux jeunes g\u00e9n\u00e9rations et \u00e0 leur fa\u00e7on d&rsquo;appr\u00e9hender les m\u00e9dias. Au contraire, je suis d&rsquo;avis qu&rsquo;il s&rsquo;agit d&rsquo;un <strong>exemple typique de la fa\u00e7on dont les adultes<\/strong> <strong>&#8211; et non les \u00ab jeunes \u00bb &#8211; consomment les m\u00e9dias<\/strong>, et notamment l&rsquo;Internet qui, soit dit en passant, n&rsquo;est pas un m\u00e9dia (je passe sur le terme de \u00ab consommer \u00bb qui ne me para\u00eet pas appropri\u00e9 ou plut\u00f4t qui rel\u00e8ve aussi d\u2019une philosophie int\u00e9ressante).<\/p>\n<ol style=\"text-align: justify;\">\n<li>Ce rapport fut repris pour argent comptant comme dans <a href=\"http:\/\/www.guardian.co.uk\/business\/2009\/jul\/13\/teenage-media-habits-morgan-stanley\" target=\"_blank\" rel=\"noopener noreferrer\">cet article du Guardian<\/a>, sans analyse, ni remise en cause du rapport lui-m\u00eame. Ceci est typique d&rsquo;une culture du copier-coller qui a rattrap\u00e9 le journalisme, on le d\u00e9plorera ;\u00a0 je ne pense pas que les journalistes soient des adolescents.<\/li>\n<li>Les adolescents quant \u00e0 eux sont diff\u00e9rents des adultes, on peut admettre cette g\u00e9n\u00e9ralisation. Cela veut-il dire que quand les adolescents deviennent des adultes, leurs go\u00fbts resteront les m\u00eames ? Il est fort \u00e0 parier que non. Du moins on l&rsquo;esp\u00e8re. Certes, il en est qui oublient de m\u00fbrir, ceci en soi n&rsquo;est pas nouveau.<\/li>\n<li>Le marketing de masse a appris aux adolescents \u00e0 se comporter comme des consommateurs plus que des \u00eatres humains, d&rsquo;o\u00f9 le sentiment &#8211; plus acquis qu&rsquo;inn\u00e9 &#8211; qu&rsquo;ils forment une race \u00e0 part. Mais en fait, rien n&rsquo;est plus faux. Les adolescents sont des adultes en devenir et devraient \u00eatre trait\u00e9s ainsi, ni stigmatis\u00e9s, ni id\u00e9alis\u00e9s. La jeunesse n&rsquo;est pas \u00e9ternelle.<\/li>\n<li>La g\u00e9n\u00e9ration Y &#8211; <a href=\"https:\/\/en.wikipedia.org\/wiki\/Generation_Y\" target=\"_blank\" rel=\"noopener noreferrer\">un concept attrape-tout qui ne veut rien dire tant il est large<\/a> &#8211; est cens\u00e9e \u00eatre plus dou\u00e9e en informatique, surtout sur Internet, que les g\u00e9n\u00e9rations pr\u00e9c\u00e9dentes. En v\u00e9rit\u00e9, une \u00e9tude en profondeur (et confidentielle)\u00a0r\u00e9alis\u00e9e par Orange pour un \u00e9chantillon de lyc\u00e9ens de 15 ans il y a quelques ann\u00e9es a d\u00e9montr\u00e9 que cela n&rsquo;\u00e9tait pas vraiment soutenu par les faits. Les ados sont en effet meilleurs quant \u00e0 l&rsquo;usage de certaines technologies comme la messagerie instantan\u00e9e et ils sont les praticiens du multit\u00e2che permanent &#8211; <a href=\"http:\/\/www.guardian.co.uk\/commentisfree\/2008\/jan\/16\/canihaveyourattentionplease\" target=\"_blank\" rel=\"noopener noreferrer\">ceci n&rsquo;est d&rsquo;ailleurs pas une bonne chose selon Guardian<\/a> -mais leur connaissance intime de l&rsquo;informatique n&rsquo;est pas meilleure que celle de leurs a\u00een\u00e9s ; ils appellent \u00e0 la rescousse d\u00e8s que quelque chose ne fonctionne plus comme il faut. Quand l&rsquo;ordinateur tombe en panne, le jeune appelle&#8230; Papa ! En France, la proportion importante de blogs cr\u00e9\u00e9s sur <a href=\"http:\/\/www.skyrock.com\/blog\/\" target=\"_blank\" rel=\"noopener noreferrer\">sky blogs<\/a> il y a quelques ann\u00e9es par les tr\u00e8s jeunes a pu fausser les statistiques quelque peu. La migration de masse de ces jeunes vers Facebook nous promet non pas plus de ma\u00eetrise informatique, mais moins de ma\u00eetrise informatique par ces jeunes (soit dit en passant, l&rsquo;\u00e9tude montrait que dans chaque groupe de jeunes un \u00ab expert \u00bb de l&rsquo;informatique se mettait \u00e0 la disposition des autres pour leur cr\u00e9er leur blogs, ne montrant pas ainsi que la majorit\u00e9 \u00e9tait plus dou\u00e9e pour l&rsquo;informatique que les autres g\u00e9n\u00e9rations).<\/li>\n<li>Il est rare que les vrais blogueurs, et surtout les meilleurs, soient des adolescents et beaucoup d&rsquo;entre eux ont entre 40 et 50 ans sinon plus. Je peux t\u00e9moigner si besoin \u00e9tait&#8230;<\/li>\n<li>En cons\u00e9quence ce qui pr\u00e9c\u00e8de, twitter est aussi fortement utilis\u00e9 par ces m\u00eames personnes pour, principalement, publier, diffuser du contenu, partager avec leurs r\u00e9seaux et aussi comme un substitut \u00e0 la messagerie instantan\u00e9e entre les membres de ces r\u00e9seaux.<\/li>\n<li>En cons\u00e9quence de cela \u00e9galement, twitter est en effet un outil pour les adultes et en cela, je veux bien croire Matthew Robson qui a raison sur ce point. Ceci \u00e9tant, le fait que les adolescents ne l&rsquo;utilisent pas ne le rend pas moins int\u00e9ressant, au contraire.<\/li>\n<li>(Juste une hypoth\u00e8se de ma part je le reconnais) le style de ce rapport semble avoir tr\u00e8s peu \u00e0 voir avec la contre-culture adolescente et beaucoup plus \u00e0 voir avec le style de Morgan Stanley et d&rsquo;une banque d&rsquo;affaires en g\u00e9n\u00e9ral.<\/li>\n<li>Ce rapport part de l&rsquo;hypoth\u00e8se que les entreprises devraient avoir peur des adolescents qui les rejoindront dans les prochaines ann\u00e9es. Cependant :\n<ul>\n<li>le temps qu&rsquo;ils les rejoignent, ils ne seront plus adolescents, certains d&rsquo;entre eux auront m\u00eame des enfants<\/li>\n<li>d\u2019ici l\u00e0, la plupart d&rsquo;entre eux auront appris les bonnes mani\u00e8res du monde de l&rsquo;entreprise<\/li>\n<li>d\u00e8s lors que M. Robson sera sur le march\u00e9 du travail, c&rsquo;est-\u00e0-dire dans \u00e0 peu pr\u00e8s 10 ans, les entreprises aussi auront \u00e9volu\u00e9 \u00e0 force de se confronter \u00e0 la pression, des jeunes comme des vieux, qui r\u00e9clament plus de libert\u00e9 dans l&rsquo;entreprise et qui ont \u00e9galement acquis leurs propres outils technologiques afin de passer outre les r\u00e8gles contraignantes \u00e9dict\u00e9es par l&rsquo;informatique d&rsquo;entreprise (un concept connu sous le nom de BYOC, qui tend \u00e0 se d\u00e9velopper, et m\u00eame parfois \u00e0 la demande des entreprises elles-m\u00eames qui peinent \u00e0 g\u00e9rer correctement l&rsquo;informatique des utilisateurs et qui pr\u00e9f\u00e8rent s&rsquo;en d\u00e9barrasser en donnant de l&rsquo;argent aux utilisateurs)<\/li>\n<li>on peut \u00e9galement se poser la question de savoir si la peur n&rsquo;est pas une projection des g\u00e9n\u00e9rations les plus \u00e2g\u00e9es, qui craignent pour leurs emplois en voyant d\u00e9barquer des masses de jeunes surdipl\u00f4m\u00e9s. Ceci pourrait \u00e9galement expliquer la faveur de ces th\u00e9ories sur la g\u00e9n\u00e9ration Y, non pas le reflet total d&rsquo;une r\u00e9alit\u00e9, mais surtout la projection d&rsquo;une peur, car il n&rsquo;y a rien de tel pour faire l&rsquo;information que la peur et la tendance \u00e0 nourrir celle-ci.<\/li>\n<li>Enfin, puis-je me permettre de demander qui est matthew robson ? Je n&rsquo;ai pas r\u00e9ussi \u00e0 trouver (au moment de l\u2019\u00e9criture de cet article fin 2009) une trace de ce gar\u00e7on, m\u00eame dans Facebook dont je doute qu&rsquo;il puisse \u00eatre consid\u00e9r\u00e9 comme de la technologie du XIXe si\u00e8cle. Ainsi, et malgr\u00e9 mon commentaire introductif, il se pourrait bien que Matthew robson ait encore \u00e0 travailler sur sa r\u00e9putation en ligne, \u00e0 moins que cela aussi soit un concept d\u00e9mod\u00e9.<\/li>\n<\/ul>\n<\/li>\n<\/ol>\n<p style=\"text-align: justify;\"><strong><em>de l\u2019information et du bruit \u2026<\/em><\/strong><\/p>\n<p style=\"text-align: justify;\">Qu&rsquo;est-ce qui fait que l&rsquo;information se d\u00e9marque de la donn\u00e9e et du cyber babillage ? L&rsquo;information, est ce qui arrive \u00e0 chaque fois que des sources sont v\u00e9rifi\u00e9es, rev\u00e9rifi\u00e9es et lorsque des investigations ont lieu. Que cela soit fait par un blogueur, un journaliste, un chercheur, un professeur, voire m\u00eame un \u00e9tudiant n&rsquo;a aucune esp\u00e8ce d&rsquo;importance. L&rsquo;information est \u00e9galement li\u00e9e \u00e0 l&rsquo;identit\u00e9 des auteurs qui est d\u00e9voil\u00e9e (m\u00eame les r\u00e9dacteurs de The Economist, bien que signal\u00e9s aux lecteurs par des pseudonymes comme Charlemagne, le plus connu d&rsquo;entre eux, peuvent \u00eatre retrouv\u00e9s sur l&rsquo;annuaire m\u00e9dia \u00e9lectronique du journal avec images et points de contact).<\/p>\n<p style=\"text-align: justify;\">Ne vous y trompez pas, et ne rendez pas l&rsquo;Internet responsable pour le fait que les adultes, et plus tard <strong>la g\u00e9n\u00e9ration Y, qui en fait ne sont que des adultes en devenir<\/strong>, ne sache plus faire la diff\u00e9rence entre l&rsquo;information et le bruit. Ce n&rsquo;est pas Internet qui est responsable, mais les gens qui l&rsquo;utilisent.<\/p>\n","protected":false},"excerpt":{"rendered":"<p>Le rapport Robson fit grand bruit il y a \u00e0 peine un an en Grande-Bretagne. Pass\u00e9 plus ou moins inaper\u00e7u en France, ce rapport est cependant d&rsquo;une importance capitale si l&rsquo;on veut comprendre et d\u00e9coder l&rsquo;un des clich\u00e9s majeurs de ce d\u00e9but XXIe si\u00e8cle : la g\u00e9n\u00e9ration Y (qu&rsquo;on retrouve d&rsquo;ailleurs cit\u00e9 sous divers vocables, &hellip;<\/p>\n","protected":false},"author":2,"featured_media":50980,"comment_status":"open","ping_status":"open","sticky":false,"template":"","format":"standard","meta":{"footnotes":""},"categories":[134],"tags":[],"class_list":["post-9124","post","type-post","status-publish","format-standard","has-post-thumbnail","hentry","category-economie"],"yoast_head":"<!-- This site is optimized with the Yoast SEO plugin v27.4 - https:\/\/yoast.com\/product\/yoast-seo-wordpress\/ -->\n<title>G\u00e9n\u00e9ration Y : les adolescents plus dou\u00e9s pour l&#039;IT et Internet ?<\/title>\n<meta name=\"description\" content=\"G\u00e9n\u00e9ration Y : les adolescents plus dou\u00e9s pour l&#039;IT et Internet ? Visionary Marketing m\u00e8ne l&#039;enqu\u00eate pour le d\u00e9couvrir\" \/>\n<meta name=\"robots\" content=\"index, follow, max-snippet:-1, max-image-preview:large, max-video-preview:-1\" \/>\n<link rel=\"canonical\" href=\"https:\/\/visionarymarketing.com\/fr\/2010\/07\/16\/generation-y-les-adolescents-sont-ils-vraiment-plus-doues-pour-linformatique-et-linternet\/\" \/>\n<meta property=\"og:locale\" content=\"fr_FR\" \/>\n<meta property=\"og:type\" content=\"article\" \/>\n<meta property=\"og:title\" content=\"G\u00e9n\u00e9ration Y : les adolescents plus dou\u00e9s pour l&#039;IT et Internet ?\" \/>\n<meta property=\"og:description\" content=\"G\u00e9n\u00e9ration Y : les adolescents plus dou\u00e9s pour l&#039;IT et Internet ? Visionary Marketing m\u00e8ne l&#039;enqu\u00eate pour le d\u00e9couvrir\" \/>\n<meta property=\"og:url\" content=\"https:\/\/visionarymarketing.com\/fr\/2010\/07\/16\/generation-y-les-adolescents-sont-ils-vraiment-plus-doues-pour-linformatique-et-linternet\/\" \/>\n<meta property=\"og:site_name\" content=\"Marketing and Innovation\" \/>\n<meta property=\"article:publisher\" content=\"https:\/\/www.facebook.com\/vismktg\" \/>\n<meta property=\"article:author\" content=\"http:\/\/facebook.com\/ygourven\" \/>\n<meta property=\"article:published_time\" content=\"2010-07-16T07:58:11+00:00\" \/>\n<meta property=\"article:modified_time\" content=\"2020-03-11T16:30:10+00:00\" \/>\n<meta property=\"og:image\" content=\"https:\/\/visionarymarketing.com\/wp-content\/uploads\/2010\/07\/jumpstory-download20200311-162011-e1583943675957.jpg\" \/>\n\t<meta property=\"og:image:width\" content=\"640\" \/>\n\t<meta property=\"og:image:height\" content=\"427\" \/>\n\t<meta property=\"og:image:type\" content=\"image\/jpeg\" \/>\n<meta name=\"author\" content=\"Yann Gourvennec\" \/>\n<meta name=\"twitter:card\" content=\"summary_large_image\" \/>\n<meta name=\"twitter:creator\" content=\"@ygourven\" \/>\n<meta name=\"twitter:site\" content=\"@ygourven\" \/>\n<meta name=\"twitter:label1\" content=\"\u00c9crit par\" \/>\n\t<meta name=\"twitter:data1\" content=\"Yann Gourvennec\" \/>\n\t<meta name=\"twitter:label2\" content=\"Dur\u00e9e de lecture estim\u00e9e\" \/>\n\t<meta name=\"twitter:data2\" content=\"7 minutes\" \/>\n<script type=\"application\/ld+json\" class=\"yoast-schema-graph\">{\"@context\":\"https:\\\/\\\/schema.org\",\"@graph\":[{\"@type\":\"NewsArticle\",\"@id\":\"https:\\\/\\\/visionarymarketing.com\\\/fr\\\/2010\\\/07\\\/16\\\/generation-y-les-adolescents-sont-ils-vraiment-plus-doues-pour-linformatique-et-linternet\\\/#article\",\"isPartOf\":{\"@id\":\"https:\\\/\\\/visionarymarketing.com\\\/fr\\\/2010\\\/07\\\/16\\\/generation-y-les-adolescents-sont-ils-vraiment-plus-doues-pour-linformatique-et-linternet\\\/\"},\"author\":{\"name\":\"Yann Gourvennec\",\"@id\":\"https:\\\/\\\/visionarymarketing.com\\\/fr\\\/#\\\/schema\\\/person\\\/3754fee1e558f47b8deb46f53c37423e\"},\"headline\":\"G\u00e9n\u00e9ration Y : les adolescents plus dou\u00e9s pour l&rsquo;IT et Internet ?\",\"datePublished\":\"2010-07-16T07:58:11+00:00\",\"dateModified\":\"2020-03-11T16:30:10+00:00\",\"mainEntityOfPage\":{\"@id\":\"https:\\\/\\\/visionarymarketing.com\\\/fr\\\/2010\\\/07\\\/16\\\/generation-y-les-adolescents-sont-ils-vraiment-plus-doues-pour-linformatique-et-linternet\\\/\"},\"wordCount\":1532,\"commentCount\":0,\"image\":{\"@id\":\"https:\\\/\\\/visionarymarketing.com\\\/fr\\\/2010\\\/07\\\/16\\\/generation-y-les-adolescents-sont-ils-vraiment-plus-doues-pour-linformatique-et-linternet\\\/#primaryimage\"},\"thumbnailUrl\":\"https:\\\/\\\/visionarymarketing.com\\\/wp-content\\\/uploads\\\/2010\\\/07\\\/jumpstory-download20200311-162011-e1583943675957.jpg\",\"articleSection\":[\"\u00e9conomie et num\u00e9rique\"],\"inLanguage\":\"fr-FR\",\"potentialAction\":[{\"@type\":\"CommentAction\",\"name\":\"Comment\",\"target\":[\"https:\\\/\\\/visionarymarketing.com\\\/fr\\\/2010\\\/07\\\/16\\\/generation-y-les-adolescents-sont-ils-vraiment-plus-doues-pour-linformatique-et-linternet\\\/#respond\"]}]},{\"@type\":\"WebPage\",\"@id\":\"https:\\\/\\\/visionarymarketing.com\\\/fr\\\/2010\\\/07\\\/16\\\/generation-y-les-adolescents-sont-ils-vraiment-plus-doues-pour-linformatique-et-linternet\\\/\",\"url\":\"https:\\\/\\\/visionarymarketing.com\\\/fr\\\/2010\\\/07\\\/16\\\/generation-y-les-adolescents-sont-ils-vraiment-plus-doues-pour-linformatique-et-linternet\\\/\",\"name\":\"G\u00e9n\u00e9ration Y : les adolescents plus dou\u00e9s pour l'IT et Internet ?\",\"isPartOf\":{\"@id\":\"https:\\\/\\\/visionarymarketing.com\\\/fr\\\/#website\"},\"primaryImageOfPage\":{\"@id\":\"https:\\\/\\\/visionarymarketing.com\\\/fr\\\/2010\\\/07\\\/16\\\/generation-y-les-adolescents-sont-ils-vraiment-plus-doues-pour-linformatique-et-linternet\\\/#primaryimage\"},\"image\":{\"@id\":\"https:\\\/\\\/visionarymarketing.com\\\/fr\\\/2010\\\/07\\\/16\\\/generation-y-les-adolescents-sont-ils-vraiment-plus-doues-pour-linformatique-et-linternet\\\/#primaryimage\"},\"thumbnailUrl\":\"https:\\\/\\\/visionarymarketing.com\\\/wp-content\\\/uploads\\\/2010\\\/07\\\/jumpstory-download20200311-162011-e1583943675957.jpg\",\"datePublished\":\"2010-07-16T07:58:11+00:00\",\"dateModified\":\"2020-03-11T16:30:10+00:00\",\"author\":{\"@id\":\"https:\\\/\\\/visionarymarketing.com\\\/fr\\\/#\\\/schema\\\/person\\\/3754fee1e558f47b8deb46f53c37423e\"},\"description\":\"G\u00e9n\u00e9ration Y : les adolescents plus dou\u00e9s pour l'IT et Internet ? Visionary Marketing m\u00e8ne l'enqu\u00eate pour le d\u00e9couvrir\",\"breadcrumb\":{\"@id\":\"https:\\\/\\\/visionarymarketing.com\\\/fr\\\/2010\\\/07\\\/16\\\/generation-y-les-adolescents-sont-ils-vraiment-plus-doues-pour-linformatique-et-linternet\\\/#breadcrumb\"},\"inLanguage\":\"fr-FR\",\"potentialAction\":[{\"@type\":\"ReadAction\",\"target\":[\"https:\\\/\\\/visionarymarketing.com\\\/fr\\\/2010\\\/07\\\/16\\\/generation-y-les-adolescents-sont-ils-vraiment-plus-doues-pour-linformatique-et-linternet\\\/\"]}]},{\"@type\":\"ImageObject\",\"inLanguage\":\"fr-FR\",\"@id\":\"https:\\\/\\\/visionarymarketing.com\\\/fr\\\/2010\\\/07\\\/16\\\/generation-y-les-adolescents-sont-ils-vraiment-plus-doues-pour-linformatique-et-linternet\\\/#primaryimage\",\"url\":\"https:\\\/\\\/visionarymarketing.com\\\/wp-content\\\/uploads\\\/2010\\\/07\\\/jumpstory-download20200311-162011-e1583943675957.jpg\",\"contentUrl\":\"https:\\\/\\\/visionarymarketing.com\\\/wp-content\\\/uploads\\\/2010\\\/07\\\/jumpstory-download20200311-162011-e1583943675957.jpg\",\"width\":520,\"height\":347,\"caption\":\"La communication digitale expliqu\u00e9e \u00e0 mon boss\"},{\"@type\":\"BreadcrumbList\",\"@id\":\"https:\\\/\\\/visionarymarketing.com\\\/fr\\\/2010\\\/07\\\/16\\\/generation-y-les-adolescents-sont-ils-vraiment-plus-doues-pour-linformatique-et-linternet\\\/#breadcrumb\",\"itemListElement\":[{\"@type\":\"ListItem\",\"position\":1,\"name\":\"Home\",\"item\":\"https:\\\/\\\/visionarymarketing.com\\\/fr\\\/\"},{\"@type\":\"ListItem\",\"position\":2,\"name\":\"G\u00e9n\u00e9ration Y : les adolescents plus dou\u00e9s pour l&rsquo;IT et Internet ?\"}]},{\"@type\":\"WebSite\",\"@id\":\"https:\\\/\\\/visionarymarketing.com\\\/fr\\\/#website\",\"url\":\"https:\\\/\\\/visionarymarketing.com\\\/fr\\\/\",\"name\":\"Marketing and Innovation\",\"description\":\"Site d&#039;infos ind\u00e9pendant, depuis 1996\",\"potentialAction\":[{\"@type\":\"SearchAction\",\"target\":{\"@type\":\"EntryPoint\",\"urlTemplate\":\"https:\\\/\\\/visionarymarketing.com\\\/fr\\\/?s={search_term_string}\"},\"query-input\":{\"@type\":\"PropertyValueSpecification\",\"valueRequired\":true,\"valueName\":\"search_term_string\"}}],\"inLanguage\":\"fr-FR\"},{\"@type\":\"Person\",\"@id\":\"https:\\\/\\\/visionarymarketing.com\\\/fr\\\/#\\\/schema\\\/person\\\/3754fee1e558f47b8deb46f53c37423e\",\"name\":\"Yann Gourvennec\",\"image\":{\"@type\":\"ImageObject\",\"inLanguage\":\"fr-FR\",\"@id\":\"https:\\\/\\\/secure.gravatar.com\\\/avatar\\\/5972001801e8de5692a3e31224e85769f50a55fb8b679749f9c8d1868cceff14?s=96&d=initials&r=g&initials=yg\",\"url\":\"https:\\\/\\\/secure.gravatar.com\\\/avatar\\\/5972001801e8de5692a3e31224e85769f50a55fb8b679749f9c8d1868cceff14?s=96&d=initials&r=g&initials=yg\",\"contentUrl\":\"https:\\\/\\\/secure.gravatar.com\\\/avatar\\\/5972001801e8de5692a3e31224e85769f50a55fb8b679749f9c8d1868cceff14?s=96&d=initials&r=g&initials=yg\",\"caption\":\"Yann Gourvennec\"},\"description\":\"Yann Gourvennec created visionarymarketing.com in 1996. He is a speaker and author of many books. In 2014 he went from intrapreneur to entrepreneur, when he created his digital marketing agency. Yann Gourvennec a cr\u00e9\u00e9 visionarymarketing.com en 1996. Il est conf\u00e9rencier et auteur de plusieurs livres. En 2014, il est pass\u00e9 d'intrapreneur \u00e0 entrepreneur en cr\u00e9ant son agence de marketing num\u00e9rique.\",\"sameAs\":[\"https:\\\/\\\/visionarymarketing.com\",\"http:\\\/\\\/facebook.com\\\/ygourven\",\"http:\\\/\\\/linkedin.com\\\/in\\\/ygourven\",\"https:\\\/\\\/x.com\\\/ygourven\",\"https:\\\/\\\/www.youtube.com\\\/c\\\/visionarymarketingagency\"],\"url\":\"https:\\\/\\\/visionarymarketing.com\\\/fr\\\/author\\\/yann-gourvennec\\\/\"}]}<\/script>\n<!-- \/ Yoast SEO plugin. -->","yoast_head_json":{"title":"G\u00e9n\u00e9ration Y : les adolescents plus dou\u00e9s pour l'IT et Internet ?","description":"G\u00e9n\u00e9ration Y : les adolescents plus dou\u00e9s pour l'IT et Internet ? Visionary Marketing m\u00e8ne l'enqu\u00eate pour le d\u00e9couvrir","robots":{"index":"index","follow":"follow","max-snippet":"max-snippet:-1","max-image-preview":"max-image-preview:large","max-video-preview":"max-video-preview:-1"},"canonical":"https:\/\/visionarymarketing.com\/fr\/2010\/07\/16\/generation-y-les-adolescents-sont-ils-vraiment-plus-doues-pour-linformatique-et-linternet\/","og_locale":"fr_FR","og_type":"article","og_title":"G\u00e9n\u00e9ration Y : les adolescents plus dou\u00e9s pour l'IT et Internet ?","og_description":"G\u00e9n\u00e9ration Y : les adolescents plus dou\u00e9s pour l'IT et Internet ? Visionary Marketing m\u00e8ne l'enqu\u00eate pour le d\u00e9couvrir","og_url":"https:\/\/visionarymarketing.com\/fr\/2010\/07\/16\/generation-y-les-adolescents-sont-ils-vraiment-plus-doues-pour-linformatique-et-linternet\/","og_site_name":"Marketing and Innovation","article_publisher":"https:\/\/www.facebook.com\/vismktg","article_author":"http:\/\/facebook.com\/ygourven","article_published_time":"2010-07-16T07:58:11+00:00","article_modified_time":"2020-03-11T16:30:10+00:00","og_image":[{"width":640,"height":427,"url":"https:\/\/visionarymarketing.com\/wp-content\/uploads\/2010\/07\/jumpstory-download20200311-162011-e1583943675957.jpg","type":"image\/jpeg"}],"author":"Yann Gourvennec","twitter_card":"summary_large_image","twitter_creator":"@ygourven","twitter_site":"@ygourven","twitter_misc":{"\u00c9crit par":"Yann Gourvennec","Dur\u00e9e de lecture estim\u00e9e":"7 minutes"},"schema":{"@context":"https:\/\/schema.org","@graph":[{"@type":"NewsArticle","@id":"https:\/\/visionarymarketing.com\/fr\/2010\/07\/16\/generation-y-les-adolescents-sont-ils-vraiment-plus-doues-pour-linformatique-et-linternet\/#article","isPartOf":{"@id":"https:\/\/visionarymarketing.com\/fr\/2010\/07\/16\/generation-y-les-adolescents-sont-ils-vraiment-plus-doues-pour-linformatique-et-linternet\/"},"author":{"name":"Yann Gourvennec","@id":"https:\/\/visionarymarketing.com\/fr\/#\/schema\/person\/3754fee1e558f47b8deb46f53c37423e"},"headline":"G\u00e9n\u00e9ration Y : les adolescents plus dou\u00e9s pour l&rsquo;IT et Internet ?","datePublished":"2010-07-16T07:58:11+00:00","dateModified":"2020-03-11T16:30:10+00:00","mainEntityOfPage":{"@id":"https:\/\/visionarymarketing.com\/fr\/2010\/07\/16\/generation-y-les-adolescents-sont-ils-vraiment-plus-doues-pour-linformatique-et-linternet\/"},"wordCount":1532,"commentCount":0,"image":{"@id":"https:\/\/visionarymarketing.com\/fr\/2010\/07\/16\/generation-y-les-adolescents-sont-ils-vraiment-plus-doues-pour-linformatique-et-linternet\/#primaryimage"},"thumbnailUrl":"https:\/\/visionarymarketing.com\/wp-content\/uploads\/2010\/07\/jumpstory-download20200311-162011-e1583943675957.jpg","articleSection":["\u00e9conomie et num\u00e9rique"],"inLanguage":"fr-FR","potentialAction":[{"@type":"CommentAction","name":"Comment","target":["https:\/\/visionarymarketing.com\/fr\/2010\/07\/16\/generation-y-les-adolescents-sont-ils-vraiment-plus-doues-pour-linformatique-et-linternet\/#respond"]}]},{"@type":"WebPage","@id":"https:\/\/visionarymarketing.com\/fr\/2010\/07\/16\/generation-y-les-adolescents-sont-ils-vraiment-plus-doues-pour-linformatique-et-linternet\/","url":"https:\/\/visionarymarketing.com\/fr\/2010\/07\/16\/generation-y-les-adolescents-sont-ils-vraiment-plus-doues-pour-linformatique-et-linternet\/","name":"G\u00e9n\u00e9ration Y : les adolescents plus dou\u00e9s pour l'IT et Internet ?","isPartOf":{"@id":"https:\/\/visionarymarketing.com\/fr\/#website"},"primaryImageOfPage":{"@id":"https:\/\/visionarymarketing.com\/fr\/2010\/07\/16\/generation-y-les-adolescents-sont-ils-vraiment-plus-doues-pour-linformatique-et-linternet\/#primaryimage"},"image":{"@id":"https:\/\/visionarymarketing.com\/fr\/2010\/07\/16\/generation-y-les-adolescents-sont-ils-vraiment-plus-doues-pour-linformatique-et-linternet\/#primaryimage"},"thumbnailUrl":"https:\/\/visionarymarketing.com\/wp-content\/uploads\/2010\/07\/jumpstory-download20200311-162011-e1583943675957.jpg","datePublished":"2010-07-16T07:58:11+00:00","dateModified":"2020-03-11T16:30:10+00:00","author":{"@id":"https:\/\/visionarymarketing.com\/fr\/#\/schema\/person\/3754fee1e558f47b8deb46f53c37423e"},"description":"G\u00e9n\u00e9ration Y : les adolescents plus dou\u00e9s pour l'IT et Internet ? Visionary Marketing m\u00e8ne l'enqu\u00eate pour le d\u00e9couvrir","breadcrumb":{"@id":"https:\/\/visionarymarketing.com\/fr\/2010\/07\/16\/generation-y-les-adolescents-sont-ils-vraiment-plus-doues-pour-linformatique-et-linternet\/#breadcrumb"},"inLanguage":"fr-FR","potentialAction":[{"@type":"ReadAction","target":["https:\/\/visionarymarketing.com\/fr\/2010\/07\/16\/generation-y-les-adolescents-sont-ils-vraiment-plus-doues-pour-linformatique-et-linternet\/"]}]},{"@type":"ImageObject","inLanguage":"fr-FR","@id":"https:\/\/visionarymarketing.com\/fr\/2010\/07\/16\/generation-y-les-adolescents-sont-ils-vraiment-plus-doues-pour-linformatique-et-linternet\/#primaryimage","url":"https:\/\/visionarymarketing.com\/wp-content\/uploads\/2010\/07\/jumpstory-download20200311-162011-e1583943675957.jpg","contentUrl":"https:\/\/visionarymarketing.com\/wp-content\/uploads\/2010\/07\/jumpstory-download20200311-162011-e1583943675957.jpg","width":520,"height":347,"caption":"La communication digitale expliqu\u00e9e \u00e0 mon boss"},{"@type":"BreadcrumbList","@id":"https:\/\/visionarymarketing.com\/fr\/2010\/07\/16\/generation-y-les-adolescents-sont-ils-vraiment-plus-doues-pour-linformatique-et-linternet\/#breadcrumb","itemListElement":[{"@type":"ListItem","position":1,"name":"Home","item":"https:\/\/visionarymarketing.com\/fr\/"},{"@type":"ListItem","position":2,"name":"G\u00e9n\u00e9ration Y : les adolescents plus dou\u00e9s pour l&rsquo;IT et Internet ?"}]},{"@type":"WebSite","@id":"https:\/\/visionarymarketing.com\/fr\/#website","url":"https:\/\/visionarymarketing.com\/fr\/","name":"Marketing and Innovation","description":"Site d&#039;infos ind\u00e9pendant, depuis 1996","potentialAction":[{"@type":"SearchAction","target":{"@type":"EntryPoint","urlTemplate":"https:\/\/visionarymarketing.com\/fr\/?s={search_term_string}"},"query-input":{"@type":"PropertyValueSpecification","valueRequired":true,"valueName":"search_term_string"}}],"inLanguage":"fr-FR"},{"@type":"Person","@id":"https:\/\/visionarymarketing.com\/fr\/#\/schema\/person\/3754fee1e558f47b8deb46f53c37423e","name":"Yann Gourvennec","image":{"@type":"ImageObject","inLanguage":"fr-FR","@id":"https:\/\/secure.gravatar.com\/avatar\/5972001801e8de5692a3e31224e85769f50a55fb8b679749f9c8d1868cceff14?s=96&d=initials&r=g&initials=yg","url":"https:\/\/secure.gravatar.com\/avatar\/5972001801e8de5692a3e31224e85769f50a55fb8b679749f9c8d1868cceff14?s=96&d=initials&r=g&initials=yg","contentUrl":"https:\/\/secure.gravatar.com\/avatar\/5972001801e8de5692a3e31224e85769f50a55fb8b679749f9c8d1868cceff14?s=96&d=initials&r=g&initials=yg","caption":"Yann Gourvennec"},"description":"Yann Gourvennec created visionarymarketing.com in 1996. He is a speaker and author of many books. In 2014 he went from intrapreneur to entrepreneur, when he created his digital marketing agency. Yann Gourvennec a cr\u00e9\u00e9 visionarymarketing.com en 1996. Il est conf\u00e9rencier et auteur de plusieurs livres. En 2014, il est pass\u00e9 d'intrapreneur \u00e0 entrepreneur en cr\u00e9ant son agence de marketing num\u00e9rique.","sameAs":["https:\/\/visionarymarketing.com","http:\/\/facebook.com\/ygourven","http:\/\/linkedin.com\/in\/ygourven","https:\/\/x.com\/ygourven","https:\/\/www.youtube.com\/c\/visionarymarketingagency"],"url":"https:\/\/visionarymarketing.com\/fr\/author\/yann-gourvennec\/"}]}},"_links":{"self":[{"href":"https:\/\/visionarymarketing.com\/fr\/wp-json\/wp\/v2\/posts\/9124","targetHints":{"allow":["GET"]}}],"collection":[{"href":"https:\/\/visionarymarketing.com\/fr\/wp-json\/wp\/v2\/posts"}],"about":[{"href":"https:\/\/visionarymarketing.com\/fr\/wp-json\/wp\/v2\/types\/post"}],"author":[{"embeddable":true,"href":"https:\/\/visionarymarketing.com\/fr\/wp-json\/wp\/v2\/users\/2"}],"replies":[{"embeddable":true,"href":"https:\/\/visionarymarketing.com\/fr\/wp-json\/wp\/v2\/comments?post=9124"}],"version-history":[{"count":0,"href":"https:\/\/visionarymarketing.com\/fr\/wp-json\/wp\/v2\/posts\/9124\/revisions"}],"wp:featuredmedia":[{"embeddable":true,"href":"https:\/\/visionarymarketing.com\/fr\/wp-json\/wp\/v2\/media\/50980"}],"wp:attachment":[{"href":"https:\/\/visionarymarketing.com\/fr\/wp-json\/wp\/v2\/media?parent=9124"}],"wp:term":[{"taxonomy":"category","embeddable":true,"href":"https:\/\/visionarymarketing.com\/fr\/wp-json\/wp\/v2\/categories?post=9124"},{"taxonomy":"post_tag","embeddable":true,"href":"https:\/\/visionarymarketing.com\/fr\/wp-json\/wp\/v2\/tags?post=9124"}],"curies":[{"name":"wp","href":"https:\/\/api.w.org\/{rel}","templated":true}]}}