{"id":9115,"date":"2010-04-29T00:00:57","date_gmt":"2010-04-29T00:00:57","guid":{"rendered":"http:\/\/visionary.wordpress.com\/?p=2550"},"modified":"2021-03-05T21:33:49","modified_gmt":"2021-03-05T20:33:49","slug":"olivier-cimeliere-ericsson-france-avec-media-aces-on-se-sent-moins-seul","status":"publish","type":"post","link":"https:\/\/visionarymarketing.com\/fr\/2010\/04\/29\/olivier-cimeliere-ericsson-france-avec-media-aces-on-se-sent-moins-seul\/","title":{"rendered":"Olivier Cimeli\u00e8re \u00ab\u00a0avec Media Aces on se sent moins seul\u00a0\u00bb"},"content":{"rendered":"<figure id=\"attachment_2560\" aria-describedby=\"caption-attachment-2560\" style=\"width: 231px\" class=\"wp-caption alignleft\"><a href=\"https:\/\/visionarymarketing.com\/wp-content\/uploads\/2010\/04\/olivier-cimeliere-ericsson.gif\"><img decoding=\"async\" class=\"wp-image-2560 size-full\" title=\"olivier-cimeliere-ericsson\" src=\"https:\/\/visionarymarketing.com\/wp-content\/uploads\/2010\/04\/olivier-cimeliere-ericsson.gif\" alt=\"Media Aces\" width=\"231\" height=\"166\" \/><\/a><figcaption id=\"caption-attachment-2560\" class=\"wp-caption-text\">Olivier Cimeli\u00e8re d&rsquo;Ericsson France et membre de Media Aces<\/figcaption><\/figure>\n<p style=\"text-align: justify;\">\u00ab\u00a0<strong>Quand on est au quotidien, les mains dans les boulons, on a de grands moments de solitude<\/strong>\u00a0\u00bb nous d\u00e9clare <a title=\"Olivier Cimeli\u00e8re\" href=\"https:\/\/twitter.com\/olivcim\" target=\"_blank\" rel=\"noopener noreferrer\">Olivier Cimeli\u00e8re<\/a>, VP Corp Communications chez <a href=\"https:\/\/www.slideshare.net\/EricssonFrance\" target=\"_blank\" rel=\"noopener noreferrer\">Ericsson France<\/a> et pr\u00e9sentateur lors de la premi\u00e8re \u00e9dition de Media Aces de D\u00e9cembre 2009 revient sur son exp\u00e9rience en tant que pr\u00e9sentateur et &#8211; lors de la 2\u00e8me \u00e9dition du 16 mars &#8211; en tant que spectateur. Il revient surtout sur<em> la n\u00e9cessit\u00e9 d&rsquo;\u00e9duquer les directions g\u00e9n\u00e9rales<\/em> quant \u00e0 la n\u00e9cessit\u00e9 de<strong> revoir le mode de communication descendante<\/strong> o\u00f9 \u00ab\u00a0tout doit \u00eatre contr\u00f4l\u00e9\u00a0\u00bb si l&rsquo;on veut embrasser mod\u00e8le collaboratif \/ m\u00e9dias sociaux, et sur le fait \u00ab\u00a0qu&rsquo;il n\u00a0\u00bbexiste pas de recette miracle, ce en quoi il a bien raison\u00a0\u00bb.<\/p>\n<p><iframe title=\"[Fr] Media Aces : Olivier Cimeli\u00e8re d&#039;Ericsson France de l&#039;autre c\u00f4t\u00e9 de la barri\u00e8re\" width=\"500\" height=\"281\" src=\"https:\/\/www.youtube.com\/embed\/5tv1VeNcGuY?feature=oembed\" frameborder=\"0\" allow=\"accelerometer; autoplay; clipboard-write; encrypted-media; gyroscope; picture-in-picture; web-share\" referrerpolicy=\"strict-origin-when-cross-origin\" allowfullscreen><\/iframe><\/p>\n<p style=\"text-align: justify;\">[slideshare id=2711025&amp;doc=blogericsson-conferencemediaaces-091213170511-phpapp01]<\/p>\n","protected":false},"excerpt":{"rendered":"<p>\u00ab\u00a0Quand on est au quotidien, les mains dans les boulons, on a de grands moments de solitude\u00a0\u00bb nous d\u00e9clare Olivier Cimeli\u00e8re, VP Corp Communications chez Ericsson France et pr\u00e9sentateur lors de la premi\u00e8re \u00e9dition de Media Aces de D\u00e9cembre 2009 revient sur son exp\u00e9rience en tant que pr\u00e9sentateur et &#8211; lors de la 2\u00e8me \u00e9dition &hellip;<\/p>\n","protected":false},"author":2,"featured_media":2560,"comment_status":"open","ping_status":"open","sticky":false,"template":"","format":"standard","meta":{"footnotes":""},"categories":[1613],"tags":[],"class_list":["post-9115","post","type-post","status-publish","format-standard","has-post-thumbnail","hentry","category-marketing-digital-marketing"],"yoast_head":"<!-- This site is optimized with the Yoast SEO plugin v27.5 - https:\/\/yoast.com\/product\/yoast-seo-wordpress\/ -->\n<title>Olivier Cimeli\u00e8re &quot;avec Media Aces on se sent moins seul&quot;<\/title>\n<meta name=\"description\" content=\"&quot;Quand on est au quotidien, les mains dans les boulons, on a de grands moments de solitude&quot; nous d\u00e9clare Olivier Cimeli\u00e8re, VP Corp Communications chez\" \/>\n<meta name=\"robots\" content=\"noindex, follow\" \/>\n<meta property=\"og:locale\" content=\"fr_FR\" \/>\n<meta property=\"og:type\" content=\"article\" \/>\n<meta property=\"og:title\" content=\"Olivier Cimeli\u00e8re &quot;avec Media Aces on se sent moins seul&quot;\" \/>\n<meta property=\"og:description\" content=\"&quot;Quand on est au quotidien, les mains dans les boulons, on a de grands moments de solitude&quot; nous d\u00e9clare Olivier Cimeli\u00e8re, VP Corp Communications chez\" \/>\n<meta property=\"og:url\" content=\"https:\/\/visionarymarketing.com\/fr\/2010\/04\/29\/olivier-cimeliere-ericsson-france-avec-media-aces-on-se-sent-moins-seul\/\" \/>\n<meta property=\"og:site_name\" content=\"Marketing and Innovation\" \/>\n<meta property=\"article:publisher\" content=\"https:\/\/www.facebook.com\/vismktg\" \/>\n<meta property=\"article:author\" content=\"http:\/\/facebook.com\/ygourven\" \/>\n<meta property=\"article:published_time\" content=\"2010-04-29T00:00:57+00:00\" \/>\n<meta property=\"article:modified_time\" content=\"2021-03-05T20:33:49+00:00\" \/>\n<meta property=\"og:image\" content=\"https:\/\/visionarymarketing.com\/wp-content\/uploads\/2010\/04\/olivier-cimeliere-ericsson.gif\" \/>\n\t<meta property=\"og:image:width\" content=\"231\" \/>\n\t<meta property=\"og:image:height\" content=\"166\" \/>\n\t<meta property=\"og:image:type\" content=\"image\/gif\" \/>\n<meta name=\"author\" content=\"Yann Gourvennec\" \/>\n<meta name=\"twitter:card\" content=\"summary_large_image\" \/>\n<meta name=\"twitter:creator\" content=\"@ygourven\" \/>\n<meta name=\"twitter:site\" content=\"@ygourven\" \/>\n<meta name=\"twitter:label1\" content=\"\u00c9crit par\" \/>\n\t<meta name=\"twitter:data1\" content=\"Yann Gourvennec\" \/>\n\t<meta name=\"twitter:label2\" content=\"Dur\u00e9e de lecture estim\u00e9e\" \/>\n\t<meta name=\"twitter:data2\" content=\"1 minute\" \/>\n<script type=\"application\/ld+json\" class=\"yoast-schema-graph\">{\"@context\":\"https:\\\/\\\/schema.org\",\"@graph\":[{\"@type\":\"NewsArticle\",\"@id\":\"https:\\\/\\\/visionarymarketing.com\\\/fr\\\/2010\\\/04\\\/29\\\/olivier-cimeliere-ericsson-france-avec-media-aces-on-se-sent-moins-seul\\\/#article\",\"isPartOf\":{\"@id\":\"https:\\\/\\\/visionarymarketing.com\\\/fr\\\/2010\\\/04\\\/29\\\/olivier-cimeliere-ericsson-france-avec-media-aces-on-se-sent-moins-seul\\\/\"},\"author\":{\"name\":\"Yann Gourvennec\",\"@id\":\"https:\\\/\\\/visionarymarketing.com\\\/fr\\\/#\\\/schema\\\/person\\\/3754fee1e558f47b8deb46f53c37423e\"},\"headline\":\"Olivier Cimeli\u00e8re \u00ab\u00a0avec Media Aces on se sent moins seul\u00a0\u00bb\",\"datePublished\":\"2010-04-29T00:00:57+00:00\",\"dateModified\":\"2021-03-05T20:33:49+00:00\",\"mainEntityOfPage\":{\"@id\":\"https:\\\/\\\/visionarymarketing.com\\\/fr\\\/2010\\\/04\\\/29\\\/olivier-cimeliere-ericsson-france-avec-media-aces-on-se-sent-moins-seul\\\/\"},\"wordCount\":177,\"commentCount\":0,\"image\":{\"@id\":\"https:\\\/\\\/visionarymarketing.com\\\/fr\\\/2010\\\/04\\\/29\\\/olivier-cimeliere-ericsson-france-avec-media-aces-on-se-sent-moins-seul\\\/#primaryimage\"},\"thumbnailUrl\":\"https:\\\/\\\/visionarymarketing.com\\\/wp-content\\\/uploads\\\/2010\\\/04\\\/olivier-cimeliere-ericsson.gif\",\"articleSection\":[\"marketing digital\"],\"inLanguage\":\"fr-FR\",\"potentialAction\":[{\"@type\":\"CommentAction\",\"name\":\"Comment\",\"target\":[\"https:\\\/\\\/visionarymarketing.com\\\/fr\\\/2010\\\/04\\\/29\\\/olivier-cimeliere-ericsson-france-avec-media-aces-on-se-sent-moins-seul\\\/#respond\"]}]},{\"@type\":\"WebPage\",\"@id\":\"https:\\\/\\\/visionarymarketing.com\\\/fr\\\/2010\\\/04\\\/29\\\/olivier-cimeliere-ericsson-france-avec-media-aces-on-se-sent-moins-seul\\\/\",\"url\":\"https:\\\/\\\/visionarymarketing.com\\\/fr\\\/2010\\\/04\\\/29\\\/olivier-cimeliere-ericsson-france-avec-media-aces-on-se-sent-moins-seul\\\/\",\"name\":\"Olivier Cimeli\u00e8re \\\"avec Media Aces on se sent moins seul\\\"\",\"isPartOf\":{\"@id\":\"https:\\\/\\\/visionarymarketing.com\\\/fr\\\/#website\"},\"primaryImageOfPage\":{\"@id\":\"https:\\\/\\\/visionarymarketing.com\\\/fr\\\/2010\\\/04\\\/29\\\/olivier-cimeliere-ericsson-france-avec-media-aces-on-se-sent-moins-seul\\\/#primaryimage\"},\"image\":{\"@id\":\"https:\\\/\\\/visionarymarketing.com\\\/fr\\\/2010\\\/04\\\/29\\\/olivier-cimeliere-ericsson-france-avec-media-aces-on-se-sent-moins-seul\\\/#primaryimage\"},\"thumbnailUrl\":\"https:\\\/\\\/visionarymarketing.com\\\/wp-content\\\/uploads\\\/2010\\\/04\\\/olivier-cimeliere-ericsson.gif\",\"datePublished\":\"2010-04-29T00:00:57+00:00\",\"dateModified\":\"2021-03-05T20:33:49+00:00\",\"author\":{\"@id\":\"https:\\\/\\\/visionarymarketing.com\\\/fr\\\/#\\\/schema\\\/person\\\/3754fee1e558f47b8deb46f53c37423e\"},\"description\":\"\\\"Quand on est au quotidien, les mains dans les boulons, on a de grands moments de solitude\\\" nous d\u00e9clare Olivier Cimeli\u00e8re, VP Corp Communications chez\",\"breadcrumb\":{\"@id\":\"https:\\\/\\\/visionarymarketing.com\\\/fr\\\/2010\\\/04\\\/29\\\/olivier-cimeliere-ericsson-france-avec-media-aces-on-se-sent-moins-seul\\\/#breadcrumb\"},\"inLanguage\":\"fr-FR\",\"potentialAction\":[{\"@type\":\"ReadAction\",\"target\":[\"https:\\\/\\\/visionarymarketing.com\\\/fr\\\/2010\\\/04\\\/29\\\/olivier-cimeliere-ericsson-france-avec-media-aces-on-se-sent-moins-seul\\\/\"]}]},{\"@type\":\"ImageObject\",\"inLanguage\":\"fr-FR\",\"@id\":\"https:\\\/\\\/visionarymarketing.com\\\/fr\\\/2010\\\/04\\\/29\\\/olivier-cimeliere-ericsson-france-avec-media-aces-on-se-sent-moins-seul\\\/#primaryimage\",\"url\":\"https:\\\/\\\/visionarymarketing.com\\\/wp-content\\\/uploads\\\/2010\\\/04\\\/olivier-cimeliere-ericsson.gif\",\"contentUrl\":\"https:\\\/\\\/visionarymarketing.com\\\/wp-content\\\/uploads\\\/2010\\\/04\\\/olivier-cimeliere-ericsson.gif\",\"width\":231,\"height\":166,\"caption\":\"Olivier Cimeli\u00e8re d'Ericsson France\"},{\"@type\":\"BreadcrumbList\",\"@id\":\"https:\\\/\\\/visionarymarketing.com\\\/fr\\\/2010\\\/04\\\/29\\\/olivier-cimeliere-ericsson-france-avec-media-aces-on-se-sent-moins-seul\\\/#breadcrumb\",\"itemListElement\":[{\"@type\":\"ListItem\",\"position\":1,\"name\":\"Home\",\"item\":\"https:\\\/\\\/visionarymarketing.com\\\/fr\\\/\"},{\"@type\":\"ListItem\",\"position\":2,\"name\":\"Olivier Cimeli\u00e8re \u00ab\u00a0avec Media Aces on se sent moins seul\u00a0\u00bb\"}]},{\"@type\":\"WebSite\",\"@id\":\"https:\\\/\\\/visionarymarketing.com\\\/fr\\\/#website\",\"url\":\"https:\\\/\\\/visionarymarketing.com\\\/fr\\\/\",\"name\":\"Marketing and Innovation\",\"description\":\"Site d&#039;infos ind\u00e9pendant, depuis 1996\",\"potentialAction\":[{\"@type\":\"SearchAction\",\"target\":{\"@type\":\"EntryPoint\",\"urlTemplate\":\"https:\\\/\\\/visionarymarketing.com\\\/fr\\\/?s={search_term_string}\"},\"query-input\":{\"@type\":\"PropertyValueSpecification\",\"valueRequired\":true,\"valueName\":\"search_term_string\"}}],\"inLanguage\":\"fr-FR\"},{\"@type\":\"Person\",\"@id\":\"https:\\\/\\\/visionarymarketing.com\\\/fr\\\/#\\\/schema\\\/person\\\/3754fee1e558f47b8deb46f53c37423e\",\"name\":\"Yann Gourvennec\",\"image\":{\"@type\":\"ImageObject\",\"inLanguage\":\"fr-FR\",\"@id\":\"https:\\\/\\\/secure.gravatar.com\\\/avatar\\\/5972001801e8de5692a3e31224e85769f50a55fb8b679749f9c8d1868cceff14?s=96&d=initials&r=g&initials=yg\",\"url\":\"https:\\\/\\\/secure.gravatar.com\\\/avatar\\\/5972001801e8de5692a3e31224e85769f50a55fb8b679749f9c8d1868cceff14?s=96&d=initials&r=g&initials=yg\",\"contentUrl\":\"https:\\\/\\\/secure.gravatar.com\\\/avatar\\\/5972001801e8de5692a3e31224e85769f50a55fb8b679749f9c8d1868cceff14?s=96&d=initials&r=g&initials=yg\",\"caption\":\"Yann Gourvennec\"},\"description\":\"Yann Gourvennec created visionarymarketing.com in 1996. He is a speaker and author of many books. In 2014 he went from intrapreneur to entrepreneur, when he created his digital marketing agency. Yann Gourvennec a cr\u00e9\u00e9 visionarymarketing.com en 1996. Il est conf\u00e9rencier et auteur de plusieurs livres. En 2014, il est pass\u00e9 d'intrapreneur \u00e0 entrepreneur en cr\u00e9ant son agence de marketing num\u00e9rique.\",\"sameAs\":[\"https:\\\/\\\/visionarymarketing.com\",\"http:\\\/\\\/facebook.com\\\/ygourven\",\"http:\\\/\\\/linkedin.com\\\/in\\\/ygourven\",\"https:\\\/\\\/x.com\\\/ygourven\",\"https:\\\/\\\/www.youtube.com\\\/c\\\/visionarymarketingagency\"],\"url\":\"https:\\\/\\\/visionarymarketing.com\\\/fr\\\/author\\\/yann-gourvennec\\\/\"}]}<\/script>\n<!-- \/ Yoast SEO plugin. -->","yoast_head_json":{"title":"Olivier Cimeli\u00e8re \"avec Media Aces on se sent moins seul\"","description":"\"Quand on est au quotidien, les mains dans les boulons, on a de grands moments de solitude\" nous d\u00e9clare Olivier Cimeli\u00e8re, VP Corp Communications chez","robots":{"index":"noindex","follow":"follow"},"og_locale":"fr_FR","og_type":"article","og_title":"Olivier Cimeli\u00e8re \"avec Media Aces on se sent moins seul\"","og_description":"\"Quand on est au quotidien, les mains dans les boulons, on a de grands moments de solitude\" nous d\u00e9clare Olivier Cimeli\u00e8re, VP Corp Communications chez","og_url":"https:\/\/visionarymarketing.com\/fr\/2010\/04\/29\/olivier-cimeliere-ericsson-france-avec-media-aces-on-se-sent-moins-seul\/","og_site_name":"Marketing and Innovation","article_publisher":"https:\/\/www.facebook.com\/vismktg","article_author":"http:\/\/facebook.com\/ygourven","article_published_time":"2010-04-29T00:00:57+00:00","article_modified_time":"2021-03-05T20:33:49+00:00","og_image":[{"width":231,"height":166,"url":"https:\/\/visionarymarketing.com\/wp-content\/uploads\/2010\/04\/olivier-cimeliere-ericsson.gif","type":"image\/gif"}],"author":"Yann Gourvennec","twitter_card":"summary_large_image","twitter_creator":"@ygourven","twitter_site":"@ygourven","twitter_misc":{"\u00c9crit par":"Yann Gourvennec","Dur\u00e9e de lecture estim\u00e9e":"1 minute"},"schema":{"@context":"https:\/\/schema.org","@graph":[{"@type":"NewsArticle","@id":"https:\/\/visionarymarketing.com\/fr\/2010\/04\/29\/olivier-cimeliere-ericsson-france-avec-media-aces-on-se-sent-moins-seul\/#article","isPartOf":{"@id":"https:\/\/visionarymarketing.com\/fr\/2010\/04\/29\/olivier-cimeliere-ericsson-france-avec-media-aces-on-se-sent-moins-seul\/"},"author":{"name":"Yann Gourvennec","@id":"https:\/\/visionarymarketing.com\/fr\/#\/schema\/person\/3754fee1e558f47b8deb46f53c37423e"},"headline":"Olivier Cimeli\u00e8re \u00ab\u00a0avec Media Aces on se sent moins seul\u00a0\u00bb","datePublished":"2010-04-29T00:00:57+00:00","dateModified":"2021-03-05T20:33:49+00:00","mainEntityOfPage":{"@id":"https:\/\/visionarymarketing.com\/fr\/2010\/04\/29\/olivier-cimeliere-ericsson-france-avec-media-aces-on-se-sent-moins-seul\/"},"wordCount":177,"commentCount":0,"image":{"@id":"https:\/\/visionarymarketing.com\/fr\/2010\/04\/29\/olivier-cimeliere-ericsson-france-avec-media-aces-on-se-sent-moins-seul\/#primaryimage"},"thumbnailUrl":"https:\/\/visionarymarketing.com\/wp-content\/uploads\/2010\/04\/olivier-cimeliere-ericsson.gif","articleSection":["marketing digital"],"inLanguage":"fr-FR","potentialAction":[{"@type":"CommentAction","name":"Comment","target":["https:\/\/visionarymarketing.com\/fr\/2010\/04\/29\/olivier-cimeliere-ericsson-france-avec-media-aces-on-se-sent-moins-seul\/#respond"]}]},{"@type":"WebPage","@id":"https:\/\/visionarymarketing.com\/fr\/2010\/04\/29\/olivier-cimeliere-ericsson-france-avec-media-aces-on-se-sent-moins-seul\/","url":"https:\/\/visionarymarketing.com\/fr\/2010\/04\/29\/olivier-cimeliere-ericsson-france-avec-media-aces-on-se-sent-moins-seul\/","name":"Olivier Cimeli\u00e8re \"avec Media Aces on se sent moins seul\"","isPartOf":{"@id":"https:\/\/visionarymarketing.com\/fr\/#website"},"primaryImageOfPage":{"@id":"https:\/\/visionarymarketing.com\/fr\/2010\/04\/29\/olivier-cimeliere-ericsson-france-avec-media-aces-on-se-sent-moins-seul\/#primaryimage"},"image":{"@id":"https:\/\/visionarymarketing.com\/fr\/2010\/04\/29\/olivier-cimeliere-ericsson-france-avec-media-aces-on-se-sent-moins-seul\/#primaryimage"},"thumbnailUrl":"https:\/\/visionarymarketing.com\/wp-content\/uploads\/2010\/04\/olivier-cimeliere-ericsson.gif","datePublished":"2010-04-29T00:00:57+00:00","dateModified":"2021-03-05T20:33:49+00:00","author":{"@id":"https:\/\/visionarymarketing.com\/fr\/#\/schema\/person\/3754fee1e558f47b8deb46f53c37423e"},"description":"\"Quand on est au quotidien, les mains dans les boulons, on a de grands moments de solitude\" nous d\u00e9clare Olivier Cimeli\u00e8re, VP Corp Communications chez","breadcrumb":{"@id":"https:\/\/visionarymarketing.com\/fr\/2010\/04\/29\/olivier-cimeliere-ericsson-france-avec-media-aces-on-se-sent-moins-seul\/#breadcrumb"},"inLanguage":"fr-FR","potentialAction":[{"@type":"ReadAction","target":["https:\/\/visionarymarketing.com\/fr\/2010\/04\/29\/olivier-cimeliere-ericsson-france-avec-media-aces-on-se-sent-moins-seul\/"]}]},{"@type":"ImageObject","inLanguage":"fr-FR","@id":"https:\/\/visionarymarketing.com\/fr\/2010\/04\/29\/olivier-cimeliere-ericsson-france-avec-media-aces-on-se-sent-moins-seul\/#primaryimage","url":"https:\/\/visionarymarketing.com\/wp-content\/uploads\/2010\/04\/olivier-cimeliere-ericsson.gif","contentUrl":"https:\/\/visionarymarketing.com\/wp-content\/uploads\/2010\/04\/olivier-cimeliere-ericsson.gif","width":231,"height":166,"caption":"Olivier Cimeli\u00e8re d'Ericsson France"},{"@type":"BreadcrumbList","@id":"https:\/\/visionarymarketing.com\/fr\/2010\/04\/29\/olivier-cimeliere-ericsson-france-avec-media-aces-on-se-sent-moins-seul\/#breadcrumb","itemListElement":[{"@type":"ListItem","position":1,"name":"Home","item":"https:\/\/visionarymarketing.com\/fr\/"},{"@type":"ListItem","position":2,"name":"Olivier Cimeli\u00e8re \u00ab\u00a0avec Media Aces on se sent moins seul\u00a0\u00bb"}]},{"@type":"WebSite","@id":"https:\/\/visionarymarketing.com\/fr\/#website","url":"https:\/\/visionarymarketing.com\/fr\/","name":"Marketing and Innovation","description":"Site d&#039;infos ind\u00e9pendant, depuis 1996","potentialAction":[{"@type":"SearchAction","target":{"@type":"EntryPoint","urlTemplate":"https:\/\/visionarymarketing.com\/fr\/?s={search_term_string}"},"query-input":{"@type":"PropertyValueSpecification","valueRequired":true,"valueName":"search_term_string"}}],"inLanguage":"fr-FR"},{"@type":"Person","@id":"https:\/\/visionarymarketing.com\/fr\/#\/schema\/person\/3754fee1e558f47b8deb46f53c37423e","name":"Yann Gourvennec","image":{"@type":"ImageObject","inLanguage":"fr-FR","@id":"https:\/\/secure.gravatar.com\/avatar\/5972001801e8de5692a3e31224e85769f50a55fb8b679749f9c8d1868cceff14?s=96&d=initials&r=g&initials=yg","url":"https:\/\/secure.gravatar.com\/avatar\/5972001801e8de5692a3e31224e85769f50a55fb8b679749f9c8d1868cceff14?s=96&d=initials&r=g&initials=yg","contentUrl":"https:\/\/secure.gravatar.com\/avatar\/5972001801e8de5692a3e31224e85769f50a55fb8b679749f9c8d1868cceff14?s=96&d=initials&r=g&initials=yg","caption":"Yann Gourvennec"},"description":"Yann Gourvennec created visionarymarketing.com in 1996. He is a speaker and author of many books. In 2014 he went from intrapreneur to entrepreneur, when he created his digital marketing agency. Yann Gourvennec a cr\u00e9\u00e9 visionarymarketing.com en 1996. Il est conf\u00e9rencier et auteur de plusieurs livres. En 2014, il est pass\u00e9 d'intrapreneur \u00e0 entrepreneur en cr\u00e9ant son agence de marketing num\u00e9rique.","sameAs":["https:\/\/visionarymarketing.com","http:\/\/facebook.com\/ygourven","http:\/\/linkedin.com\/in\/ygourven","https:\/\/x.com\/ygourven","https:\/\/www.youtube.com\/c\/visionarymarketingagency"],"url":"https:\/\/visionarymarketing.com\/fr\/author\/yann-gourvennec\/"}]}},"_links":{"self":[{"href":"https:\/\/visionarymarketing.com\/fr\/wp-json\/wp\/v2\/posts\/9115","targetHints":{"allow":["GET"]}}],"collection":[{"href":"https:\/\/visionarymarketing.com\/fr\/wp-json\/wp\/v2\/posts"}],"about":[{"href":"https:\/\/visionarymarketing.com\/fr\/wp-json\/wp\/v2\/types\/post"}],"author":[{"embeddable":true,"href":"https:\/\/visionarymarketing.com\/fr\/wp-json\/wp\/v2\/users\/2"}],"replies":[{"embeddable":true,"href":"https:\/\/visionarymarketing.com\/fr\/wp-json\/wp\/v2\/comments?post=9115"}],"version-history":[{"count":0,"href":"https:\/\/visionarymarketing.com\/fr\/wp-json\/wp\/v2\/posts\/9115\/revisions"}],"wp:featuredmedia":[{"embeddable":true,"href":"https:\/\/visionarymarketing.com\/fr\/wp-json\/wp\/v2\/media\/2560"}],"wp:attachment":[{"href":"https:\/\/visionarymarketing.com\/fr\/wp-json\/wp\/v2\/media?parent=9115"}],"wp:term":[{"taxonomy":"category","embeddable":true,"href":"https:\/\/visionarymarketing.com\/fr\/wp-json\/wp\/v2\/categories?post=9115"},{"taxonomy":"post_tag","embeddable":true,"href":"https:\/\/visionarymarketing.com\/fr\/wp-json\/wp\/v2\/tags?post=9115"}],"curies":[{"name":"wp","href":"https:\/\/api.w.org\/{rel}","templated":true}]}}