{"id":9108,"date":"2009-09-03T10:25:55","date_gmt":"2009-09-03T10:25:55","guid":{"rendered":"http:\/\/visionary.wordpress.com\/?p=1932"},"modified":"2020-09-05T09:55:20","modified_gmt":"2020-09-05T07:55:20","slug":"capitalisme-ethique","status":"publish","type":"post","link":"https:\/\/visionarymarketing.com\/fr\/2009\/09\/03\/capitalisme-ethique\/","title":{"rendered":"Capitalisme \u00e9thique : plus de 50% des transactions en gr\u00e9 \u00e0 gr\u00e9 non r\u00e9gul\u00e9"},"content":{"rendered":"<p>\u00ab\u00a0Le capitalisme sera \u00e9thique ou ne sera pas\u00a0\u00bb \u00e9tait le titre de la pl\u00e9ni\u00e8re de l&rsquo;universit\u00e9 du Medef o\u00f9 je suis invit\u00e9 en tant que blogueur<\/p>\n<h2>Capitalisme \u00e9thique : plus de 50% des transactions sur des march\u00e9s de gr\u00e9 \u00e0 gr\u00e9 non r\u00e9gul\u00e9s<\/h2>\n<figure id=\"attachment_1931\" aria-describedby=\"caption-attachment-1931\" style=\"width: 1000px\" class=\"wp-caption aligncenter\"><a href=\"https:\/\/visionarymarketing.com\/wp-content\/uploads\/2009\/09\/03092009165-scaled-1000.jpg\"><img decoding=\"async\" class=\"wp-image-1931 size-full\" title=\"03092009165.jpg.scaled.1000\" src=\"https:\/\/visionarymarketing.com\/wp-content\/uploads\/2009\/09\/03092009162-scaled-1000.jpg\" alt=\"Capitalisme \u00e9thique : plus de 50% des transactions en gr\u00e9 \u00e0 gr\u00e9 non r\u00e9gul\u00e9\" width=\"1000\" height=\"750\" srcset=\"https:\/\/visionarymarketing.com\/wp-content\/uploads\/2009\/09\/03092009162-scaled-1000.jpg 1000w, https:\/\/visionarymarketing.com\/wp-content\/uploads\/2009\/09\/03092009162-scaled-1000-400x300.jpg 400w, https:\/\/visionarymarketing.com\/wp-content\/uploads\/2009\/09\/03092009162-scaled-1000-768x576.jpg 768w, https:\/\/visionarymarketing.com\/wp-content\/uploads\/2009\/09\/03092009162-scaled-1000-300x225.jpg 300w\" sizes=\"(max-width: 1000px) 100vw, 1000px\" \/><\/a><figcaption id=\"caption-attachment-1931\" class=\"wp-caption-text\">Capitalisme \u00e9thique : plus de 50% des transactions en gr\u00e9 \u00e0 gr\u00e9 non r\u00e9gul\u00e9<\/figcaption><\/figure>\n<p>C\u2019est assez paradoxal, un ex-premier ministre socialiste, connu pour ses r\u00e9centes positions tr\u00e8s anti lib\u00e9rales, qui d\u00e9fend presque le capitalisme (en mettant les positions de la gauche et de la droite face \u00e0 la crise dos \u00e0 dos) et un pr\u00e9sident de l\u2019AMF \u2013 qui vit des march\u00e9s \u2013 qui attaque de fa\u00e7on tr\u00e8s s\u00e9v\u00e8re ces m\u00eames march\u00e9s dont la plus grande partie \u00e9chappe \u00e0 son contr\u00f4le ainsi qu\u2019\u00e0 celui de ses coll\u00e8gues. Et il est vrai que les \u00e9changes sous le manteau sont impressionnants, ce qui n\u2019est pas sans rappeler le march\u00e9 des valeurs parall\u00e8les qui se faisait \u00e0 l\u2019ext\u00e9rieur de la bourse de Paris lors de la crise de 1881-1882 dans son r\u00e9quisitoire contre la sp\u00e9culation intitul\u00e9 l\u2019Argent et publi\u00e9 une dizaine d\u2019ann\u00e9e apr\u00e8s le crach de l\u2019union g\u00e9n\u00e9rale (<a href=\"http:\/\/fr.wikipedia.org\/wiki\/L'Argent\">http:\/\/fr.wikipedia.org\/wiki\/L&rsquo;Argent<\/a>.<!--more--><\/p>\n<p>Les politiques semblent donc marcher sur des \u0153ufs, voire m\u00eame se d\u00e9clarent \u00ab\u00a0en d\u00e9licatesse avec le sujet\u00a0\u00bb mais les techniciens, probablement lib\u00e9r\u00e9s des contraintes politiques, n\u2019h\u00e9sitent pas \u00e0 d\u00e9noncer un syst\u00e8me qui continue donc a priori de dysfonctionner, en dehors du contr\u00f4le des r\u00e9gulateurs. Ceci \u00e9tant, si les capitalistes crient haro sur le capitalisme, c&rsquo;est surtout pour accuser les voisins, les Etats Unis en premier lieu, les politiques aussi bien s\u00fbr.<\/p>\n<p>Le comportement \u00e9thique ? on en reparlera une prochaine fois.<\/p>\n<p><strong>Voici mes notes prises en s\u00e9ance en format brut de d\u00e9coffrage<\/strong><\/p>\n<p><strong>Xavier Fontanet<\/strong><\/p>\n<p>\u2022 Pr\u00e9sident d\u2019Essilor : 1er niveau le dogme, le 2\u00e8me la politique, 3\u00e8me l\u2019appropriation personnelle par les individus. Trouve que la probl\u00e9matique est un m\u00e9lange des genres. Dans le communisme aussi il y a des \u00e9l\u00e9ments d\u2019\u00e9thique. N\u2019est pas un moralisateur. A 2 questions : traites-tu tes interlocuteurs comme toi-m\u00eame ? Si on retranscrit ton comportement dans le journal seras-tu fier ?<\/p>\n<p>\u2022 Dans les bidonvilles indiens on croit au capitalisme, c\u2019est un outil de d\u00e9veloppement, il ne faut pas le jeter aux orties. Il faut que chacun s\u2019occupe de ses affaires.<\/p>\n<p><strong>Laurent Fabius, ex premier ministre<\/strong><\/p>\n<p>\u2022 Aussi en d\u00e9licatesse avec le sujet. On a l\u2019habitude de dire que le capitalisme c\u2019est 1) la propri\u00e9t\u00e9 priv\u00e9e 2) l\u2019\u00e9conomie de march\u00e9 et ses r\u00e8gles 3) l\u2019actionnariat.<\/p>\n<p>\u2022 Croit que quand on parle d\u2019\u00e9thique on parle d\u2019autre chose, ce n\u2019est pas le m\u00eame ordre, m\u00eame s\u2019il y a une dimension morale.<\/p>\n<p>\u2022 Dans la presse on dit que le capitalisme est fini, mais non. Mais quand on a mis les m\u00e9canismes de contr\u00f4le comme en ce moment c\u2019est bien mais on n\u2019a fait qu\u2019une partie du chemin. Il y a toute une s\u00e9rie de questions non trait\u00e9es : d\u00e9s\u00e9quilibre mondial, rapport Chine-Etats-unis et reste de l\u2019Europe, d\u00e9vastation climatologique, r\u00e9partition du capital etc.<\/p>\n<p>\u2022 Pour r\u00e9sumer, il faut s\u2019efforcer individuellement d\u2019avoir un comportement moral mais on ne peut pas le faire collectivement.<\/p>\n<p>\u2022 Ceci bouscule la vision traditionnelle de la gauche et de la droite. La droite \u00e9tait traditionnellement dans le laisser-faire mais cette vision ne va pas march\u00e9. Mais la r\u00e9ponse de la gauche (d\u20191 c\u00f4t\u00e9 il faut une r\u00e9ponse mondiale, et d\u2019autre il faut une meilleure r\u00e9partition) est une r\u00e9ponse non satisfaisante non plus<\/p>\n<p>\u2022 Il n\u2019y a pas 1 crise mais des crises, mais parmi les diff\u00e9rentes causes il y a un partage in\u00e9galitaire entre les revenus du travail et du capital qui a pouss\u00e9 les salari\u00e9s \u00e0 l\u2019endettement (aux US et les banques de fa\u00e7on \u00e9tendue) et quand ce syst\u00e8me s\u2019est \u00e9croul\u00e9 tout le reste aussi, comme un ch\u00e2teau de cartes<\/p>\n<p><strong>Michel P\u00e9bereau, ex-patron de la BNP<\/strong><\/p>\n<ul>\n<li>Au d\u00e9but de cette crise il y a un myst\u00e8re. Comment la crise des subprimes a-t-elle pu d\u00e9g\u00e9nerer en crise \u00e9conomique mondiale. Il a fallu un certain nombre d\u2019acteurs qui ont dysfonctionn\u00e9 au niveau 1) macro-\u00e9conomique. Il y avait des d\u00e9s\u00e9quilibres dans le monde depuis trop longtemps avec trop de dette aux US et un exc\u00e9dent d\u2019\u00e9pargne en Chine et en Allemagne. Et la politique de facilit\u00e9 \u00e9conomique aux US a forc\u00e9 la crises 2) dans le secteur bancaire, cette crise a d\u2019abord \u00e9t\u00e9 une crise de la liquidit\u00e9 des banques. Essentiellement aux US et aussi ici. Les premiers responsables ont \u00e9t\u00e9 les banques d\u2019investissement aux US qui ont pris des risques de liquidit\u00e9 qu\u2019ils n\u2019ont pu assumer. Northern Rock au Royaume Uni \u00e9tait pourtant une banque de d\u00e9tail. Elle a aussi commis cette erreur. 3) le r\u00e9gulateur a \u00e9t\u00e9 cr\u00e9\u00e9 pour \u00e9viter les faillites. Les r\u00e9gulateurs des banques et des assurances, du SEC et notamment aux US ont une forte responsabilit\u00e9 4) enfin une illusion du \u00ab tout march\u00e9 \u00bb et on a cru qu\u2019il \u00e9tait possible de r\u00e9cup\u00e9rer de l\u2019argent contre n\u2019importe quel actif. Ce n\u2019\u00e9tait pas juste.<\/li>\n<li>BNP Paribas, comme toutes les banques fran\u00e7aises a \u00e9t\u00e9 s\u00e9rieuse dans cette crise. Les banques fran\u00e7aises sont pass\u00e9es assez bien pour les principales d\u2019entre elles.<\/li>\n<li>Lehman Bros a montr\u00e9 qu\u2019une grande banque d\u2019investissement pouvait faire faillite. Ceci a g\u00e9n\u00e9r\u00e9 une grande crise de liquidit\u00e9 et c\u2019est \u00e0 ce moment que BNPP a \u00e9t\u00e9 affect\u00e9e. On est pass\u00e9s tout pr\u00eat d\u2019une crise syst\u00e9mique, mais \u00e9vit\u00e9e pour 2 raisons : 1\u00b0 les banques centrales ont tr\u00e8s bien jou\u00e9 et notamment la BCE, la plus efficace 2\u00b0 apr\u00e8s Lehman Bros, les Etats ont d\u00fb intervenir.<\/li>\n<\/ul>\n<p><strong>Marc Lacharri\u00e8re, chef d\u2019entreprise fran\u00e7ais<\/strong><\/p>\n<ul>\n<li>Gr\u00e2ce au profit on cr\u00e9e de la solidarit\u00e9. Il n\u2019y a pas de modification de la fa\u00e7on dont on peut voir le capitalisme. Cette crise, 2 ans apr\u00e8s, c\u2019est une crise de la d\u00e9faillance de la gouvernance am\u00e9ricaine. Car le gouvernement US a d\u00e9cid\u00e9 de privil\u00e9gier le plein emploi.<\/li>\n<li>La crise n\u2019\u00e9tait pas le fait des priv\u00e9s. Pour avoir le plein emploi a d\u00fb laisser propager une bulle financi\u00e8re pour g\u00e9n\u00e9rer une croissance sup\u00e9rieure \u00e0 2.5% chiffre minimal indispensable pour atteindre le plein emploi.<\/li>\n<li>La deuxi\u00e8me cause c\u2019est que la premi\u00e8re fois qu\u2019un pays a r\u00e9ussi \u00e0 contaminer le reste du monde aussi vite. La mondialisation<\/li>\n<li>Personne ne conteste plus l\u2019utilit\u00e9 des analystes financiers<\/li>\n<\/ul>\n<p><strong>Jean Pierre Jouyet, pr\u00e9sident de l\u2019AMF<\/strong><\/p>\n<ul>\n<li>Pour le r\u00e9gumlateur, la vision c\u2019est d\u2019un capitalisme au service de la soci\u00e9t\u00e9 qui s\u2019appui sur des normes. L\u2019auto r\u00e9gulation \u00e7 an\u2019a pas march\u00e9.<\/li>\n<li>Le public s\u2019est aper\u00e7u de certaines d\u00e9rives comme de la possibilit\u00e9 de gagner beaucoup d\u2019argent sans r\u00e9sultats<\/li>\n<li>Mais les traders c\u2019est un sympt\u00f4me, pas une cause. Le mauvais fonctionnement des march\u00e9s est \u00e0 l\u2019origine du probl\u00e8me. Plus de la moiti\u00e9 des \u00e9changes ne sont pas transparents. On ne sait pas qui ach\u00e8te, ni qui vend, ni combien \u00e7a vaut vraiment. Ceci para\u00eet r\u00e9parable, mais il faut changer les choses. CAC 40 : plus de 50% des transactions sont faites sur des march\u00e9s de gr\u00e9 \u00e0 gr\u00e9 non r\u00e9gul\u00e9s. A Londres et NYC c\u2019est pire. Cela est une v\u00e9ritable d\u00e9rive. On n\u2019arrive pas \u00e0 contr\u00f4ler ces \u00e9changes.<\/li>\n<\/ul>\n<p><strong>Pierre Bellon, patron de Sodexo<\/strong><\/p>\n<ul>\n<li>L\u2019enfer est pav\u00e9 de bonnes intention. Le probl\u00e8me n\u2019est pas l\u2019\u00e9thique mais de savoir comment on \u00e9vite que \u00e7a recommence. 1\u00e8re : il faut mettre fin \u00e0 la liberalisation des march\u00e9s et la d\u00e9r\u00e9glementation mise en place par Ronald Reagan. Le capitalisme doit fonctionner avec des r\u00e8gles.<\/li>\n<li>Trouve que l\u2019\u00e9cart entre riches et pauvres s\u2019accro\u00eet partout et c\u2019est tr\u00e8s grave. Idem pour la faim dans le monde, qui devient \u00ab terrible \u00bb selon ses mots.<\/li>\n<li>En s\u2019adressant \u00e0 Michel P\u00e9berau, il trouve que mettre les normes IFRS comme responsable de la crise, c\u2019est trop facile. Les erreurs majeures de certains et notamment des assureurs est en jeu.<\/li>\n<li>affiche son accord avec l&rsquo;expos\u00e9 de Bernard Jouyet<\/li>\n<\/ul>\n","protected":false},"excerpt":{"rendered":"<p>\u00ab\u00a0Le capitalisme sera \u00e9thique ou ne sera pas\u00a0\u00bb \u00e9tait le titre de la pl\u00e9ni\u00e8re de l&rsquo;universit\u00e9 du Medef o\u00f9 je suis invit\u00e9 en tant que blogueur Capitalisme \u00e9thique : plus de 50% des transactions sur des march\u00e9s de gr\u00e9 \u00e0 gr\u00e9 non r\u00e9gul\u00e9s C\u2019est assez paradoxal, un ex-premier ministre socialiste, connu pour ses r\u00e9centes positions &hellip;<\/p>\n","protected":false},"author":2,"featured_media":55900,"comment_status":"open","ping_status":"open","sticky":false,"template":"","format":"standard","meta":{"footnotes":""},"categories":[1613],"tags":[],"class_list":["post-9108","post","type-post","status-publish","format-standard","has-post-thumbnail","hentry","category-marketing-digital-marketing"],"yoast_head":"<!-- This site is optimized with the Yoast SEO plugin v27.5 - https:\/\/yoast.com\/product\/yoast-seo-wordpress\/ -->\n<title>Capitalisme \u00e9thique : plus de 50% des transactions en gr\u00e9 \u00e0 gr\u00e9 non r\u00e9gul\u00e9<\/title>\n<meta name=\"description\" content=\"Le capitalisme sera \u00e9thique ou ne sera pas&quot; \u00e9tait le titre de la pl\u00e9ni\u00e8re de l&#039;universit\u00e9 du Medef o\u00f9 je suis invit\u00e9 en tant que blogueur\" \/>\n<meta name=\"robots\" content=\"index, follow, max-snippet:-1, max-image-preview:large, max-video-preview:-1\" \/>\n<link rel=\"canonical\" href=\"https:\/\/visionarymarketing.com\/fr\/2009\/09\/03\/capitalisme-ethique\/\" \/>\n<meta property=\"og:locale\" content=\"fr_FR\" \/>\n<meta property=\"og:type\" content=\"article\" \/>\n<meta property=\"og:title\" content=\"Capitalisme \u00e9thique : plus de 50% des transactions en gr\u00e9 \u00e0 gr\u00e9 non r\u00e9gul\u00e9\" \/>\n<meta property=\"og:description\" content=\"Le capitalisme sera \u00e9thique ou ne sera pas&quot; \u00e9tait le titre de la pl\u00e9ni\u00e8re de l&#039;universit\u00e9 du Medef o\u00f9 je suis invit\u00e9 en tant que blogueur\" \/>\n<meta property=\"og:url\" content=\"https:\/\/visionarymarketing.com\/fr\/2009\/09\/03\/capitalisme-ethique\/\" \/>\n<meta property=\"og:site_name\" content=\"Marketing and Innovation\" \/>\n<meta property=\"article:publisher\" content=\"https:\/\/www.facebook.com\/vismktg\" \/>\n<meta property=\"article:author\" content=\"http:\/\/facebook.com\/ygourven\" \/>\n<meta property=\"article:published_time\" content=\"2009-09-03T10:25:55+00:00\" \/>\n<meta property=\"article:modified_time\" content=\"2020-09-05T07:55:20+00:00\" \/>\n<meta property=\"og:image\" content=\"https:\/\/visionarymarketing.com\/wp-content\/uploads\/2010\/06\/8362923451_20ae5aa472_c-e1598548836399.jpg\" \/>\n\t<meta property=\"og:image:width\" content=\"520\" \/>\n\t<meta property=\"og:image:height\" content=\"345\" \/>\n\t<meta property=\"og:image:type\" content=\"image\/jpeg\" \/>\n<meta name=\"author\" content=\"Yann Gourvennec\" \/>\n<meta name=\"twitter:card\" content=\"summary_large_image\" \/>\n<meta name=\"twitter:creator\" content=\"@ygourven\" \/>\n<meta name=\"twitter:site\" content=\"@ygourven\" \/>\n<meta name=\"twitter:label1\" content=\"\u00c9crit par\" \/>\n\t<meta name=\"twitter:data1\" content=\"Yann Gourvennec\" \/>\n\t<meta name=\"twitter:label2\" content=\"Dur\u00e9e de lecture estim\u00e9e\" \/>\n\t<meta name=\"twitter:data2\" content=\"7 minutes\" \/>\n<script type=\"application\/ld+json\" class=\"yoast-schema-graph\">{\"@context\":\"https:\\\/\\\/schema.org\",\"@graph\":[{\"@type\":\"NewsArticle\",\"@id\":\"https:\\\/\\\/visionarymarketing.com\\\/fr\\\/2009\\\/09\\\/03\\\/capitalisme-ethique\\\/#article\",\"isPartOf\":{\"@id\":\"https:\\\/\\\/visionarymarketing.com\\\/fr\\\/2009\\\/09\\\/03\\\/capitalisme-ethique\\\/\"},\"author\":{\"name\":\"Yann Gourvennec\",\"@id\":\"https:\\\/\\\/visionarymarketing.com\\\/fr\\\/#\\\/schema\\\/person\\\/3754fee1e558f47b8deb46f53c37423e\"},\"headline\":\"Capitalisme \u00e9thique : plus de 50% des transactions en gr\u00e9 \u00e0 gr\u00e9 non r\u00e9gul\u00e9\",\"datePublished\":\"2009-09-03T10:25:55+00:00\",\"dateModified\":\"2020-09-05T07:55:20+00:00\",\"mainEntityOfPage\":{\"@id\":\"https:\\\/\\\/visionarymarketing.com\\\/fr\\\/2009\\\/09\\\/03\\\/capitalisme-ethique\\\/\"},\"wordCount\":1476,\"commentCount\":0,\"image\":{\"@id\":\"https:\\\/\\\/visionarymarketing.com\\\/fr\\\/2009\\\/09\\\/03\\\/capitalisme-ethique\\\/#primaryimage\"},\"thumbnailUrl\":\"https:\\\/\\\/visionarymarketing.com\\\/wp-content\\\/uploads\\\/2010\\\/06\\\/8362923451_20ae5aa472_c-e1598548836399.jpg\",\"articleSection\":[\"marketing digital\"],\"inLanguage\":\"fr-FR\",\"potentialAction\":[{\"@type\":\"CommentAction\",\"name\":\"Comment\",\"target\":[\"https:\\\/\\\/visionarymarketing.com\\\/fr\\\/2009\\\/09\\\/03\\\/capitalisme-ethique\\\/#respond\"]}]},{\"@type\":\"WebPage\",\"@id\":\"https:\\\/\\\/visionarymarketing.com\\\/fr\\\/2009\\\/09\\\/03\\\/capitalisme-ethique\\\/\",\"url\":\"https:\\\/\\\/visionarymarketing.com\\\/fr\\\/2009\\\/09\\\/03\\\/capitalisme-ethique\\\/\",\"name\":\"Capitalisme \u00e9thique : plus de 50% des transactions en gr\u00e9 \u00e0 gr\u00e9 non r\u00e9gul\u00e9\",\"isPartOf\":{\"@id\":\"https:\\\/\\\/visionarymarketing.com\\\/fr\\\/#website\"},\"primaryImageOfPage\":{\"@id\":\"https:\\\/\\\/visionarymarketing.com\\\/fr\\\/2009\\\/09\\\/03\\\/capitalisme-ethique\\\/#primaryimage\"},\"image\":{\"@id\":\"https:\\\/\\\/visionarymarketing.com\\\/fr\\\/2009\\\/09\\\/03\\\/capitalisme-ethique\\\/#primaryimage\"},\"thumbnailUrl\":\"https:\\\/\\\/visionarymarketing.com\\\/wp-content\\\/uploads\\\/2010\\\/06\\\/8362923451_20ae5aa472_c-e1598548836399.jpg\",\"datePublished\":\"2009-09-03T10:25:55+00:00\",\"dateModified\":\"2020-09-05T07:55:20+00:00\",\"author\":{\"@id\":\"https:\\\/\\\/visionarymarketing.com\\\/fr\\\/#\\\/schema\\\/person\\\/3754fee1e558f47b8deb46f53c37423e\"},\"description\":\"Le capitalisme sera \u00e9thique ou ne sera pas\\\" \u00e9tait le titre de la pl\u00e9ni\u00e8re de l'universit\u00e9 du Medef o\u00f9 je suis invit\u00e9 en tant que blogueur\",\"breadcrumb\":{\"@id\":\"https:\\\/\\\/visionarymarketing.com\\\/fr\\\/2009\\\/09\\\/03\\\/capitalisme-ethique\\\/#breadcrumb\"},\"inLanguage\":\"fr-FR\",\"potentialAction\":[{\"@type\":\"ReadAction\",\"target\":[\"https:\\\/\\\/visionarymarketing.com\\\/fr\\\/2009\\\/09\\\/03\\\/capitalisme-ethique\\\/\"]}]},{\"@type\":\"ImageObject\",\"inLanguage\":\"fr-FR\",\"@id\":\"https:\\\/\\\/visionarymarketing.com\\\/fr\\\/2009\\\/09\\\/03\\\/capitalisme-ethique\\\/#primaryimage\",\"url\":\"https:\\\/\\\/visionarymarketing.com\\\/wp-content\\\/uploads\\\/2010\\\/06\\\/8362923451_20ae5aa472_c-e1598548836399.jpg\",\"contentUrl\":\"https:\\\/\\\/visionarymarketing.com\\\/wp-content\\\/uploads\\\/2010\\\/06\\\/8362923451_20ae5aa472_c-e1598548836399.jpg\",\"width\":520,\"height\":345,\"caption\":\"Capitalisme \u00e9thique\"},{\"@type\":\"BreadcrumbList\",\"@id\":\"https:\\\/\\\/visionarymarketing.com\\\/fr\\\/2009\\\/09\\\/03\\\/capitalisme-ethique\\\/#breadcrumb\",\"itemListElement\":[{\"@type\":\"ListItem\",\"position\":1,\"name\":\"Home\",\"item\":\"https:\\\/\\\/visionarymarketing.com\\\/fr\\\/\"},{\"@type\":\"ListItem\",\"position\":2,\"name\":\"Capitalisme \u00e9thique : plus de 50% des transactions en gr\u00e9 \u00e0 gr\u00e9 non r\u00e9gul\u00e9\"}]},{\"@type\":\"WebSite\",\"@id\":\"https:\\\/\\\/visionarymarketing.com\\\/fr\\\/#website\",\"url\":\"https:\\\/\\\/visionarymarketing.com\\\/fr\\\/\",\"name\":\"Marketing and Innovation\",\"description\":\"Site d&#039;infos ind\u00e9pendant, depuis 1996\",\"potentialAction\":[{\"@type\":\"SearchAction\",\"target\":{\"@type\":\"EntryPoint\",\"urlTemplate\":\"https:\\\/\\\/visionarymarketing.com\\\/fr\\\/?s={search_term_string}\"},\"query-input\":{\"@type\":\"PropertyValueSpecification\",\"valueRequired\":true,\"valueName\":\"search_term_string\"}}],\"inLanguage\":\"fr-FR\"},{\"@type\":\"Person\",\"@id\":\"https:\\\/\\\/visionarymarketing.com\\\/fr\\\/#\\\/schema\\\/person\\\/3754fee1e558f47b8deb46f53c37423e\",\"name\":\"Yann Gourvennec\",\"image\":{\"@type\":\"ImageObject\",\"inLanguage\":\"fr-FR\",\"@id\":\"https:\\\/\\\/secure.gravatar.com\\\/avatar\\\/5972001801e8de5692a3e31224e85769f50a55fb8b679749f9c8d1868cceff14?s=96&d=initials&r=g&initials=yg\",\"url\":\"https:\\\/\\\/secure.gravatar.com\\\/avatar\\\/5972001801e8de5692a3e31224e85769f50a55fb8b679749f9c8d1868cceff14?s=96&d=initials&r=g&initials=yg\",\"contentUrl\":\"https:\\\/\\\/secure.gravatar.com\\\/avatar\\\/5972001801e8de5692a3e31224e85769f50a55fb8b679749f9c8d1868cceff14?s=96&d=initials&r=g&initials=yg\",\"caption\":\"Yann Gourvennec\"},\"description\":\"Yann Gourvennec created visionarymarketing.com in 1996. He is a speaker and author of many books. In 2014 he went from intrapreneur to entrepreneur, when he created his digital marketing agency. Yann Gourvennec a cr\u00e9\u00e9 visionarymarketing.com en 1996. Il est conf\u00e9rencier et auteur de plusieurs livres. En 2014, il est pass\u00e9 d'intrapreneur \u00e0 entrepreneur en cr\u00e9ant son agence de marketing num\u00e9rique.\",\"sameAs\":[\"https:\\\/\\\/visionarymarketing.com\",\"http:\\\/\\\/facebook.com\\\/ygourven\",\"http:\\\/\\\/linkedin.com\\\/in\\\/ygourven\",\"https:\\\/\\\/x.com\\\/ygourven\",\"https:\\\/\\\/www.youtube.com\\\/c\\\/visionarymarketingagency\"],\"url\":\"https:\\\/\\\/visionarymarketing.com\\\/fr\\\/author\\\/yann-gourvennec\\\/\"}]}<\/script>\n<!-- \/ Yoast SEO plugin. -->","yoast_head_json":{"title":"Capitalisme \u00e9thique : plus de 50% des transactions en gr\u00e9 \u00e0 gr\u00e9 non r\u00e9gul\u00e9","description":"Le capitalisme sera \u00e9thique ou ne sera pas\" \u00e9tait le titre de la pl\u00e9ni\u00e8re de l'universit\u00e9 du Medef o\u00f9 je suis invit\u00e9 en tant que blogueur","robots":{"index":"index","follow":"follow","max-snippet":"max-snippet:-1","max-image-preview":"max-image-preview:large","max-video-preview":"max-video-preview:-1"},"canonical":"https:\/\/visionarymarketing.com\/fr\/2009\/09\/03\/capitalisme-ethique\/","og_locale":"fr_FR","og_type":"article","og_title":"Capitalisme \u00e9thique : plus de 50% des transactions en gr\u00e9 \u00e0 gr\u00e9 non r\u00e9gul\u00e9","og_description":"Le capitalisme sera \u00e9thique ou ne sera pas\" \u00e9tait le titre de la pl\u00e9ni\u00e8re de l'universit\u00e9 du Medef o\u00f9 je suis invit\u00e9 en tant que blogueur","og_url":"https:\/\/visionarymarketing.com\/fr\/2009\/09\/03\/capitalisme-ethique\/","og_site_name":"Marketing and Innovation","article_publisher":"https:\/\/www.facebook.com\/vismktg","article_author":"http:\/\/facebook.com\/ygourven","article_published_time":"2009-09-03T10:25:55+00:00","article_modified_time":"2020-09-05T07:55:20+00:00","og_image":[{"width":520,"height":345,"url":"https:\/\/visionarymarketing.com\/wp-content\/uploads\/2010\/06\/8362923451_20ae5aa472_c-e1598548836399.jpg","type":"image\/jpeg"}],"author":"Yann Gourvennec","twitter_card":"summary_large_image","twitter_creator":"@ygourven","twitter_site":"@ygourven","twitter_misc":{"\u00c9crit par":"Yann Gourvennec","Dur\u00e9e de lecture estim\u00e9e":"7 minutes"},"schema":{"@context":"https:\/\/schema.org","@graph":[{"@type":"NewsArticle","@id":"https:\/\/visionarymarketing.com\/fr\/2009\/09\/03\/capitalisme-ethique\/#article","isPartOf":{"@id":"https:\/\/visionarymarketing.com\/fr\/2009\/09\/03\/capitalisme-ethique\/"},"author":{"name":"Yann Gourvennec","@id":"https:\/\/visionarymarketing.com\/fr\/#\/schema\/person\/3754fee1e558f47b8deb46f53c37423e"},"headline":"Capitalisme \u00e9thique : plus de 50% des transactions en gr\u00e9 \u00e0 gr\u00e9 non r\u00e9gul\u00e9","datePublished":"2009-09-03T10:25:55+00:00","dateModified":"2020-09-05T07:55:20+00:00","mainEntityOfPage":{"@id":"https:\/\/visionarymarketing.com\/fr\/2009\/09\/03\/capitalisme-ethique\/"},"wordCount":1476,"commentCount":0,"image":{"@id":"https:\/\/visionarymarketing.com\/fr\/2009\/09\/03\/capitalisme-ethique\/#primaryimage"},"thumbnailUrl":"https:\/\/visionarymarketing.com\/wp-content\/uploads\/2010\/06\/8362923451_20ae5aa472_c-e1598548836399.jpg","articleSection":["marketing digital"],"inLanguage":"fr-FR","potentialAction":[{"@type":"CommentAction","name":"Comment","target":["https:\/\/visionarymarketing.com\/fr\/2009\/09\/03\/capitalisme-ethique\/#respond"]}]},{"@type":"WebPage","@id":"https:\/\/visionarymarketing.com\/fr\/2009\/09\/03\/capitalisme-ethique\/","url":"https:\/\/visionarymarketing.com\/fr\/2009\/09\/03\/capitalisme-ethique\/","name":"Capitalisme \u00e9thique : plus de 50% des transactions en gr\u00e9 \u00e0 gr\u00e9 non r\u00e9gul\u00e9","isPartOf":{"@id":"https:\/\/visionarymarketing.com\/fr\/#website"},"primaryImageOfPage":{"@id":"https:\/\/visionarymarketing.com\/fr\/2009\/09\/03\/capitalisme-ethique\/#primaryimage"},"image":{"@id":"https:\/\/visionarymarketing.com\/fr\/2009\/09\/03\/capitalisme-ethique\/#primaryimage"},"thumbnailUrl":"https:\/\/visionarymarketing.com\/wp-content\/uploads\/2010\/06\/8362923451_20ae5aa472_c-e1598548836399.jpg","datePublished":"2009-09-03T10:25:55+00:00","dateModified":"2020-09-05T07:55:20+00:00","author":{"@id":"https:\/\/visionarymarketing.com\/fr\/#\/schema\/person\/3754fee1e558f47b8deb46f53c37423e"},"description":"Le capitalisme sera \u00e9thique ou ne sera pas\" \u00e9tait le titre de la pl\u00e9ni\u00e8re de l'universit\u00e9 du Medef o\u00f9 je suis invit\u00e9 en tant que blogueur","breadcrumb":{"@id":"https:\/\/visionarymarketing.com\/fr\/2009\/09\/03\/capitalisme-ethique\/#breadcrumb"},"inLanguage":"fr-FR","potentialAction":[{"@type":"ReadAction","target":["https:\/\/visionarymarketing.com\/fr\/2009\/09\/03\/capitalisme-ethique\/"]}]},{"@type":"ImageObject","inLanguage":"fr-FR","@id":"https:\/\/visionarymarketing.com\/fr\/2009\/09\/03\/capitalisme-ethique\/#primaryimage","url":"https:\/\/visionarymarketing.com\/wp-content\/uploads\/2010\/06\/8362923451_20ae5aa472_c-e1598548836399.jpg","contentUrl":"https:\/\/visionarymarketing.com\/wp-content\/uploads\/2010\/06\/8362923451_20ae5aa472_c-e1598548836399.jpg","width":520,"height":345,"caption":"Capitalisme \u00e9thique"},{"@type":"BreadcrumbList","@id":"https:\/\/visionarymarketing.com\/fr\/2009\/09\/03\/capitalisme-ethique\/#breadcrumb","itemListElement":[{"@type":"ListItem","position":1,"name":"Home","item":"https:\/\/visionarymarketing.com\/fr\/"},{"@type":"ListItem","position":2,"name":"Capitalisme \u00e9thique : plus de 50% des transactions en gr\u00e9 \u00e0 gr\u00e9 non r\u00e9gul\u00e9"}]},{"@type":"WebSite","@id":"https:\/\/visionarymarketing.com\/fr\/#website","url":"https:\/\/visionarymarketing.com\/fr\/","name":"Marketing and Innovation","description":"Site d&#039;infos ind\u00e9pendant, depuis 1996","potentialAction":[{"@type":"SearchAction","target":{"@type":"EntryPoint","urlTemplate":"https:\/\/visionarymarketing.com\/fr\/?s={search_term_string}"},"query-input":{"@type":"PropertyValueSpecification","valueRequired":true,"valueName":"search_term_string"}}],"inLanguage":"fr-FR"},{"@type":"Person","@id":"https:\/\/visionarymarketing.com\/fr\/#\/schema\/person\/3754fee1e558f47b8deb46f53c37423e","name":"Yann Gourvennec","image":{"@type":"ImageObject","inLanguage":"fr-FR","@id":"https:\/\/secure.gravatar.com\/avatar\/5972001801e8de5692a3e31224e85769f50a55fb8b679749f9c8d1868cceff14?s=96&d=initials&r=g&initials=yg","url":"https:\/\/secure.gravatar.com\/avatar\/5972001801e8de5692a3e31224e85769f50a55fb8b679749f9c8d1868cceff14?s=96&d=initials&r=g&initials=yg","contentUrl":"https:\/\/secure.gravatar.com\/avatar\/5972001801e8de5692a3e31224e85769f50a55fb8b679749f9c8d1868cceff14?s=96&d=initials&r=g&initials=yg","caption":"Yann Gourvennec"},"description":"Yann Gourvennec created visionarymarketing.com in 1996. He is a speaker and author of many books. In 2014 he went from intrapreneur to entrepreneur, when he created his digital marketing agency. Yann Gourvennec a cr\u00e9\u00e9 visionarymarketing.com en 1996. Il est conf\u00e9rencier et auteur de plusieurs livres. En 2014, il est pass\u00e9 d'intrapreneur \u00e0 entrepreneur en cr\u00e9ant son agence de marketing num\u00e9rique.","sameAs":["https:\/\/visionarymarketing.com","http:\/\/facebook.com\/ygourven","http:\/\/linkedin.com\/in\/ygourven","https:\/\/x.com\/ygourven","https:\/\/www.youtube.com\/c\/visionarymarketingagency"],"url":"https:\/\/visionarymarketing.com\/fr\/author\/yann-gourvennec\/"}]}},"_links":{"self":[{"href":"https:\/\/visionarymarketing.com\/fr\/wp-json\/wp\/v2\/posts\/9108","targetHints":{"allow":["GET"]}}],"collection":[{"href":"https:\/\/visionarymarketing.com\/fr\/wp-json\/wp\/v2\/posts"}],"about":[{"href":"https:\/\/visionarymarketing.com\/fr\/wp-json\/wp\/v2\/types\/post"}],"author":[{"embeddable":true,"href":"https:\/\/visionarymarketing.com\/fr\/wp-json\/wp\/v2\/users\/2"}],"replies":[{"embeddable":true,"href":"https:\/\/visionarymarketing.com\/fr\/wp-json\/wp\/v2\/comments?post=9108"}],"version-history":[{"count":0,"href":"https:\/\/visionarymarketing.com\/fr\/wp-json\/wp\/v2\/posts\/9108\/revisions"}],"wp:featuredmedia":[{"embeddable":true,"href":"https:\/\/visionarymarketing.com\/fr\/wp-json\/wp\/v2\/media\/55900"}],"wp:attachment":[{"href":"https:\/\/visionarymarketing.com\/fr\/wp-json\/wp\/v2\/media?parent=9108"}],"wp:term":[{"taxonomy":"category","embeddable":true,"href":"https:\/\/visionarymarketing.com\/fr\/wp-json\/wp\/v2\/categories?post=9108"},{"taxonomy":"post_tag","embeddable":true,"href":"https:\/\/visionarymarketing.com\/fr\/wp-json\/wp\/v2\/tags?post=9108"}],"curies":[{"name":"wp","href":"https:\/\/api.w.org\/{rel}","templated":true}]}}