{"id":9107,"date":"2009-06-30T17:39:29","date_gmt":"2009-06-30T17:39:29","guid":{"rendered":"http:\/\/visionary.wordpress.com\/?p=1809"},"modified":"2024-07-11T14:58:39","modified_gmt":"2024-07-11T12:58:39","slug":"media-aces","status":"publish","type":"post","link":"https:\/\/visionarymarketing.com\/fr\/2009\/06\/30\/media-aces\/","title":{"rendered":"l&rsquo;association media-aces (les as des m\u00e9dias) est n\u00e9e !"},"content":{"rendered":"<p><em>Media-aces (les as des m\u00e9dias) est n\u00e9e ! <a title=\"Herv\u00e9 Kabla\" href=\"http:\/\/www.hervekabla.com\/wordpress\/\" target=\"_blank\" rel=\"noopener noreferrer\">Herv\u00e9 Kabla<\/a> et moi-m\u00eame avons le plaisir de vous annoncer la naissance\u00a0de Media Aces, une association qui regroupe les principaux acteurs des m\u00e9dias sociaux au sein d\u2019entreprises europ\u00e9ennes: responsables de blogs d\u2019entreprise, de plateformes de partages ou collaboratives, peu importent les technologies, l\u2019essentiel r\u00e9side dans les usages, sur lesquels nous allons bient\u00f4t diffuser de nombreux t\u00e9moignages.<\/em><\/p>\n<h2>Media-aces (les as des m\u00e9dias) est n\u00e9e !<\/h2>\n<figure style=\"width: 1000px\" class=\"wp-caption aligncenter\"><img decoding=\"async\" src=\"https:\/\/visionarymarketing.com\/wp-content\/uploads\/2010\/02\/14092009181-scaled-1000.jpg\" alt=\"l'association media-aces (les as des m\u00e9dias) est n\u00e9e !\" width=\"1000\" height=\"750\" \/><figcaption class=\"wp-caption-text\">l&rsquo;association media-aces (les as des m\u00e9dias) est n\u00e9e !<\/figcaption><\/figure>\n<p>N\u2019h\u00e9sitez-pas \u00e0 rejoindre cette association, sorte de\u00a0<a href=\"https:\/\/visionarymarketing.com\/fr\/2009\/07\/le-blog-council-a-change-de-nom-et-sappelle-social-media-business-council\/\" target=\"_blank\" rel=\"noopener noreferrer\">Blog Council<\/a> \u00e0 l\u2019europ\u00e9enne. C\u2019est avant tout par la qualit\u00e9 de ses membres que ses travaux serviront \u00e0 la communaut\u00e9<\/p>\n","protected":false},"excerpt":{"rendered":"<p>Media-aces (les as des m\u00e9dias) est n\u00e9e ! Herv\u00e9 Kabla et moi-m\u00eame avons le plaisir de vous annoncer la naissance\u00a0de Media Aces, une association qui regroupe les principaux acteurs des m\u00e9dias sociaux au sein d\u2019entreprises europ\u00e9ennes: responsables de blogs d\u2019entreprise, de plateformes de partages ou collaboratives, peu importent les technologies, l\u2019essentiel r\u00e9side dans les usages, &hellip;<\/p>\n","protected":false},"author":2,"featured_media":41963,"comment_status":"open","ping_status":"open","sticky":false,"template":"","format":"standard","meta":{"footnotes":""},"categories":[1613],"tags":[],"class_list":["post-9107","post","type-post","status-publish","format-standard","has-post-thumbnail","hentry","category-marketing-digital-marketing"],"yoast_head":"<!-- This site is optimized with the Yoast SEO plugin v27.5 - https:\/\/yoast.com\/product\/yoast-seo-wordpress\/ -->\n<title>l&#039;association media-aces (les as des m\u00e9dias) est n\u00e9e !<\/title>\n<meta name=\"description\" content=\"Media-aces (les as des m\u00e9dias) est n\u00e9e ! Herv\u00e9 Kabla et moi-m\u00eame avons le plaisir de vous annoncer la naissance\u00a0de Media Aces, une association qui\" \/>\n<meta name=\"robots\" content=\"noindex, follow\" \/>\n<meta property=\"og:locale\" content=\"fr_FR\" \/>\n<meta property=\"og:type\" content=\"article\" \/>\n<meta property=\"og:title\" content=\"l&#039;association media-aces (les as des m\u00e9dias) est n\u00e9e !\" \/>\n<meta property=\"og:description\" content=\"Media-aces (les as des m\u00e9dias) est n\u00e9e ! Herv\u00e9 Kabla et moi-m\u00eame avons le plaisir de vous annoncer la naissance\u00a0de Media Aces, une association qui\" \/>\n<meta property=\"og:url\" content=\"https:\/\/visionarymarketing.com\/fr\/2009\/06\/30\/media-aces\/\" \/>\n<meta property=\"og:site_name\" content=\"Marketing and Innovation\" \/>\n<meta property=\"article:publisher\" content=\"https:\/\/www.facebook.com\/vismktg\" \/>\n<meta property=\"article:author\" content=\"http:\/\/facebook.com\/ygourven\" \/>\n<meta property=\"article:published_time\" content=\"2009-06-30T17:39:29+00:00\" \/>\n<meta property=\"article:modified_time\" content=\"2024-07-11T12:58:39+00:00\" \/>\n<meta property=\"og:image\" content=\"https:\/\/visionarymarketing.com\/wp-content\/uploads\/2010\/02\/14092009181-scaled-1000.jpg\" \/>\n\t<meta property=\"og:image:width\" content=\"1000\" \/>\n\t<meta property=\"og:image:height\" content=\"750\" \/>\n\t<meta property=\"og:image:type\" content=\"image\/jpeg\" \/>\n<meta name=\"author\" content=\"Yann Gourvennec\" \/>\n<meta name=\"twitter:card\" content=\"summary_large_image\" \/>\n<meta name=\"twitter:creator\" content=\"@ygourven\" \/>\n<meta name=\"twitter:site\" content=\"@ygourven\" \/>\n<meta name=\"twitter:label1\" content=\"\u00c9crit par\" \/>\n\t<meta name=\"twitter:data1\" content=\"Yann Gourvennec\" \/>\n\t<meta name=\"twitter:label2\" content=\"Dur\u00e9e de lecture estim\u00e9e\" \/>\n\t<meta name=\"twitter:data2\" content=\"1 minute\" \/>\n<script type=\"application\/ld+json\" class=\"yoast-schema-graph\">{\"@context\":\"https:\\\/\\\/schema.org\",\"@graph\":[{\"@type\":\"NewsArticle\",\"@id\":\"https:\\\/\\\/visionarymarketing.com\\\/fr\\\/2009\\\/06\\\/30\\\/media-aces\\\/#article\",\"isPartOf\":{\"@id\":\"https:\\\/\\\/visionarymarketing.com\\\/fr\\\/2009\\\/06\\\/30\\\/media-aces\\\/\"},\"author\":{\"name\":\"Yann Gourvennec\",\"@id\":\"https:\\\/\\\/visionarymarketing.com\\\/fr\\\/#\\\/schema\\\/person\\\/3754fee1e558f47b8deb46f53c37423e\"},\"headline\":\"l&rsquo;association media-aces (les as des m\u00e9dias) est n\u00e9e !\",\"datePublished\":\"2009-06-30T17:39:29+00:00\",\"dateModified\":\"2024-07-11T12:58:39+00:00\",\"mainEntityOfPage\":{\"@id\":\"https:\\\/\\\/visionarymarketing.com\\\/fr\\\/2009\\\/06\\\/30\\\/media-aces\\\/\"},\"wordCount\":141,\"commentCount\":2,\"image\":{\"@id\":\"https:\\\/\\\/visionarymarketing.com\\\/fr\\\/2009\\\/06\\\/30\\\/media-aces\\\/#primaryimage\"},\"thumbnailUrl\":\"https:\\\/\\\/visionarymarketing.com\\\/wp-content\\\/uploads\\\/2010\\\/02\\\/14092009181-scaled-1000.jpg\",\"articleSection\":[\"marketing digital\"],\"inLanguage\":\"fr-FR\",\"potentialAction\":[{\"@type\":\"CommentAction\",\"name\":\"Comment\",\"target\":[\"https:\\\/\\\/visionarymarketing.com\\\/fr\\\/2009\\\/06\\\/30\\\/media-aces\\\/#respond\"]}]},{\"@type\":\"WebPage\",\"@id\":\"https:\\\/\\\/visionarymarketing.com\\\/fr\\\/2009\\\/06\\\/30\\\/media-aces\\\/\",\"url\":\"https:\\\/\\\/visionarymarketing.com\\\/fr\\\/2009\\\/06\\\/30\\\/media-aces\\\/\",\"name\":\"l'association media-aces (les as des m\u00e9dias) est n\u00e9e !\",\"isPartOf\":{\"@id\":\"https:\\\/\\\/visionarymarketing.com\\\/fr\\\/#website\"},\"primaryImageOfPage\":{\"@id\":\"https:\\\/\\\/visionarymarketing.com\\\/fr\\\/2009\\\/06\\\/30\\\/media-aces\\\/#primaryimage\"},\"image\":{\"@id\":\"https:\\\/\\\/visionarymarketing.com\\\/fr\\\/2009\\\/06\\\/30\\\/media-aces\\\/#primaryimage\"},\"thumbnailUrl\":\"https:\\\/\\\/visionarymarketing.com\\\/wp-content\\\/uploads\\\/2010\\\/02\\\/14092009181-scaled-1000.jpg\",\"datePublished\":\"2009-06-30T17:39:29+00:00\",\"dateModified\":\"2024-07-11T12:58:39+00:00\",\"author\":{\"@id\":\"https:\\\/\\\/visionarymarketing.com\\\/fr\\\/#\\\/schema\\\/person\\\/3754fee1e558f47b8deb46f53c37423e\"},\"description\":\"Media-aces (les as des m\u00e9dias) est n\u00e9e ! Herv\u00e9 Kabla et moi-m\u00eame avons le plaisir de vous annoncer la naissance\u00a0de Media Aces, une association qui\",\"breadcrumb\":{\"@id\":\"https:\\\/\\\/visionarymarketing.com\\\/fr\\\/2009\\\/06\\\/30\\\/media-aces\\\/#breadcrumb\"},\"inLanguage\":\"fr-FR\",\"potentialAction\":[{\"@type\":\"ReadAction\",\"target\":[\"https:\\\/\\\/visionarymarketing.com\\\/fr\\\/2009\\\/06\\\/30\\\/media-aces\\\/\"]}]},{\"@type\":\"ImageObject\",\"inLanguage\":\"fr-FR\",\"@id\":\"https:\\\/\\\/visionarymarketing.com\\\/fr\\\/2009\\\/06\\\/30\\\/media-aces\\\/#primaryimage\",\"url\":\"https:\\\/\\\/visionarymarketing.com\\\/wp-content\\\/uploads\\\/2010\\\/02\\\/14092009181-scaled-1000.jpg\",\"contentUrl\":\"https:\\\/\\\/visionarymarketing.com\\\/wp-content\\\/uploads\\\/2010\\\/02\\\/14092009181-scaled-1000.jpg\",\"width\":1000,\"height\":750},{\"@type\":\"BreadcrumbList\",\"@id\":\"https:\\\/\\\/visionarymarketing.com\\\/fr\\\/2009\\\/06\\\/30\\\/media-aces\\\/#breadcrumb\",\"itemListElement\":[{\"@type\":\"ListItem\",\"position\":1,\"name\":\"Home\",\"item\":\"https:\\\/\\\/visionarymarketing.com\\\/fr\\\/\"},{\"@type\":\"ListItem\",\"position\":2,\"name\":\"l&#8217;association media-aces (les as des m\u00e9dias) est n\u00e9e !\"}]},{\"@type\":\"WebSite\",\"@id\":\"https:\\\/\\\/visionarymarketing.com\\\/fr\\\/#website\",\"url\":\"https:\\\/\\\/visionarymarketing.com\\\/fr\\\/\",\"name\":\"Marketing and Innovation\",\"description\":\"Site d&#039;infos ind\u00e9pendant, depuis 1996\",\"potentialAction\":[{\"@type\":\"SearchAction\",\"target\":{\"@type\":\"EntryPoint\",\"urlTemplate\":\"https:\\\/\\\/visionarymarketing.com\\\/fr\\\/?s={search_term_string}\"},\"query-input\":{\"@type\":\"PropertyValueSpecification\",\"valueRequired\":true,\"valueName\":\"search_term_string\"}}],\"inLanguage\":\"fr-FR\"},{\"@type\":\"Person\",\"@id\":\"https:\\\/\\\/visionarymarketing.com\\\/fr\\\/#\\\/schema\\\/person\\\/3754fee1e558f47b8deb46f53c37423e\",\"name\":\"Yann Gourvennec\",\"image\":{\"@type\":\"ImageObject\",\"inLanguage\":\"fr-FR\",\"@id\":\"https:\\\/\\\/secure.gravatar.com\\\/avatar\\\/5972001801e8de5692a3e31224e85769f50a55fb8b679749f9c8d1868cceff14?s=96&d=initials&r=g&initials=yg\",\"url\":\"https:\\\/\\\/secure.gravatar.com\\\/avatar\\\/5972001801e8de5692a3e31224e85769f50a55fb8b679749f9c8d1868cceff14?s=96&d=initials&r=g&initials=yg\",\"contentUrl\":\"https:\\\/\\\/secure.gravatar.com\\\/avatar\\\/5972001801e8de5692a3e31224e85769f50a55fb8b679749f9c8d1868cceff14?s=96&d=initials&r=g&initials=yg\",\"caption\":\"Yann Gourvennec\"},\"description\":\"Yann Gourvennec created visionarymarketing.com in 1996. He is a speaker and author of many books. In 2014 he went from intrapreneur to entrepreneur, when he created his digital marketing agency. Yann Gourvennec a cr\u00e9\u00e9 visionarymarketing.com en 1996. Il est conf\u00e9rencier et auteur de plusieurs livres. En 2014, il est pass\u00e9 d'intrapreneur \u00e0 entrepreneur en cr\u00e9ant son agence de marketing num\u00e9rique.\",\"sameAs\":[\"https:\\\/\\\/visionarymarketing.com\",\"http:\\\/\\\/facebook.com\\\/ygourven\",\"http:\\\/\\\/linkedin.com\\\/in\\\/ygourven\",\"https:\\\/\\\/x.com\\\/ygourven\",\"https:\\\/\\\/www.youtube.com\\\/c\\\/visionarymarketingagency\"],\"url\":\"https:\\\/\\\/visionarymarketing.com\\\/fr\\\/author\\\/yann-gourvennec\\\/\"}]}<\/script>\n<!-- \/ Yoast SEO plugin. -->","yoast_head_json":{"title":"l'association media-aces (les as des m\u00e9dias) est n\u00e9e !","description":"Media-aces (les as des m\u00e9dias) est n\u00e9e ! Herv\u00e9 Kabla et moi-m\u00eame avons le plaisir de vous annoncer la naissance\u00a0de Media Aces, une association qui","robots":{"index":"noindex","follow":"follow"},"og_locale":"fr_FR","og_type":"article","og_title":"l'association media-aces (les as des m\u00e9dias) est n\u00e9e !","og_description":"Media-aces (les as des m\u00e9dias) est n\u00e9e ! Herv\u00e9 Kabla et moi-m\u00eame avons le plaisir de vous annoncer la naissance\u00a0de Media Aces, une association qui","og_url":"https:\/\/visionarymarketing.com\/fr\/2009\/06\/30\/media-aces\/","og_site_name":"Marketing and Innovation","article_publisher":"https:\/\/www.facebook.com\/vismktg","article_author":"http:\/\/facebook.com\/ygourven","article_published_time":"2009-06-30T17:39:29+00:00","article_modified_time":"2024-07-11T12:58:39+00:00","og_image":[{"width":1000,"height":750,"url":"https:\/\/visionarymarketing.com\/wp-content\/uploads\/2010\/02\/14092009181-scaled-1000.jpg","type":"image\/jpeg"}],"author":"Yann Gourvennec","twitter_card":"summary_large_image","twitter_creator":"@ygourven","twitter_site":"@ygourven","twitter_misc":{"\u00c9crit par":"Yann Gourvennec","Dur\u00e9e de lecture estim\u00e9e":"1 minute"},"schema":{"@context":"https:\/\/schema.org","@graph":[{"@type":"NewsArticle","@id":"https:\/\/visionarymarketing.com\/fr\/2009\/06\/30\/media-aces\/#article","isPartOf":{"@id":"https:\/\/visionarymarketing.com\/fr\/2009\/06\/30\/media-aces\/"},"author":{"name":"Yann Gourvennec","@id":"https:\/\/visionarymarketing.com\/fr\/#\/schema\/person\/3754fee1e558f47b8deb46f53c37423e"},"headline":"l&rsquo;association media-aces (les as des m\u00e9dias) est n\u00e9e !","datePublished":"2009-06-30T17:39:29+00:00","dateModified":"2024-07-11T12:58:39+00:00","mainEntityOfPage":{"@id":"https:\/\/visionarymarketing.com\/fr\/2009\/06\/30\/media-aces\/"},"wordCount":141,"commentCount":2,"image":{"@id":"https:\/\/visionarymarketing.com\/fr\/2009\/06\/30\/media-aces\/#primaryimage"},"thumbnailUrl":"https:\/\/visionarymarketing.com\/wp-content\/uploads\/2010\/02\/14092009181-scaled-1000.jpg","articleSection":["marketing digital"],"inLanguage":"fr-FR","potentialAction":[{"@type":"CommentAction","name":"Comment","target":["https:\/\/visionarymarketing.com\/fr\/2009\/06\/30\/media-aces\/#respond"]}]},{"@type":"WebPage","@id":"https:\/\/visionarymarketing.com\/fr\/2009\/06\/30\/media-aces\/","url":"https:\/\/visionarymarketing.com\/fr\/2009\/06\/30\/media-aces\/","name":"l'association media-aces (les as des m\u00e9dias) est n\u00e9e !","isPartOf":{"@id":"https:\/\/visionarymarketing.com\/fr\/#website"},"primaryImageOfPage":{"@id":"https:\/\/visionarymarketing.com\/fr\/2009\/06\/30\/media-aces\/#primaryimage"},"image":{"@id":"https:\/\/visionarymarketing.com\/fr\/2009\/06\/30\/media-aces\/#primaryimage"},"thumbnailUrl":"https:\/\/visionarymarketing.com\/wp-content\/uploads\/2010\/02\/14092009181-scaled-1000.jpg","datePublished":"2009-06-30T17:39:29+00:00","dateModified":"2024-07-11T12:58:39+00:00","author":{"@id":"https:\/\/visionarymarketing.com\/fr\/#\/schema\/person\/3754fee1e558f47b8deb46f53c37423e"},"description":"Media-aces (les as des m\u00e9dias) est n\u00e9e ! Herv\u00e9 Kabla et moi-m\u00eame avons le plaisir de vous annoncer la naissance\u00a0de Media Aces, une association qui","breadcrumb":{"@id":"https:\/\/visionarymarketing.com\/fr\/2009\/06\/30\/media-aces\/#breadcrumb"},"inLanguage":"fr-FR","potentialAction":[{"@type":"ReadAction","target":["https:\/\/visionarymarketing.com\/fr\/2009\/06\/30\/media-aces\/"]}]},{"@type":"ImageObject","inLanguage":"fr-FR","@id":"https:\/\/visionarymarketing.com\/fr\/2009\/06\/30\/media-aces\/#primaryimage","url":"https:\/\/visionarymarketing.com\/wp-content\/uploads\/2010\/02\/14092009181-scaled-1000.jpg","contentUrl":"https:\/\/visionarymarketing.com\/wp-content\/uploads\/2010\/02\/14092009181-scaled-1000.jpg","width":1000,"height":750},{"@type":"BreadcrumbList","@id":"https:\/\/visionarymarketing.com\/fr\/2009\/06\/30\/media-aces\/#breadcrumb","itemListElement":[{"@type":"ListItem","position":1,"name":"Home","item":"https:\/\/visionarymarketing.com\/fr\/"},{"@type":"ListItem","position":2,"name":"l&#8217;association media-aces (les as des m\u00e9dias) est n\u00e9e !"}]},{"@type":"WebSite","@id":"https:\/\/visionarymarketing.com\/fr\/#website","url":"https:\/\/visionarymarketing.com\/fr\/","name":"Marketing and Innovation","description":"Site d&#039;infos ind\u00e9pendant, depuis 1996","potentialAction":[{"@type":"SearchAction","target":{"@type":"EntryPoint","urlTemplate":"https:\/\/visionarymarketing.com\/fr\/?s={search_term_string}"},"query-input":{"@type":"PropertyValueSpecification","valueRequired":true,"valueName":"search_term_string"}}],"inLanguage":"fr-FR"},{"@type":"Person","@id":"https:\/\/visionarymarketing.com\/fr\/#\/schema\/person\/3754fee1e558f47b8deb46f53c37423e","name":"Yann Gourvennec","image":{"@type":"ImageObject","inLanguage":"fr-FR","@id":"https:\/\/secure.gravatar.com\/avatar\/5972001801e8de5692a3e31224e85769f50a55fb8b679749f9c8d1868cceff14?s=96&d=initials&r=g&initials=yg","url":"https:\/\/secure.gravatar.com\/avatar\/5972001801e8de5692a3e31224e85769f50a55fb8b679749f9c8d1868cceff14?s=96&d=initials&r=g&initials=yg","contentUrl":"https:\/\/secure.gravatar.com\/avatar\/5972001801e8de5692a3e31224e85769f50a55fb8b679749f9c8d1868cceff14?s=96&d=initials&r=g&initials=yg","caption":"Yann Gourvennec"},"description":"Yann Gourvennec created visionarymarketing.com in 1996. He is a speaker and author of many books. In 2014 he went from intrapreneur to entrepreneur, when he created his digital marketing agency. Yann Gourvennec a cr\u00e9\u00e9 visionarymarketing.com en 1996. Il est conf\u00e9rencier et auteur de plusieurs livres. En 2014, il est pass\u00e9 d'intrapreneur \u00e0 entrepreneur en cr\u00e9ant son agence de marketing num\u00e9rique.","sameAs":["https:\/\/visionarymarketing.com","http:\/\/facebook.com\/ygourven","http:\/\/linkedin.com\/in\/ygourven","https:\/\/x.com\/ygourven","https:\/\/www.youtube.com\/c\/visionarymarketingagency"],"url":"https:\/\/visionarymarketing.com\/fr\/author\/yann-gourvennec\/"}]}},"_links":{"self":[{"href":"https:\/\/visionarymarketing.com\/fr\/wp-json\/wp\/v2\/posts\/9107","targetHints":{"allow":["GET"]}}],"collection":[{"href":"https:\/\/visionarymarketing.com\/fr\/wp-json\/wp\/v2\/posts"}],"about":[{"href":"https:\/\/visionarymarketing.com\/fr\/wp-json\/wp\/v2\/types\/post"}],"author":[{"embeddable":true,"href":"https:\/\/visionarymarketing.com\/fr\/wp-json\/wp\/v2\/users\/2"}],"replies":[{"embeddable":true,"href":"https:\/\/visionarymarketing.com\/fr\/wp-json\/wp\/v2\/comments?post=9107"}],"version-history":[{"count":0,"href":"https:\/\/visionarymarketing.com\/fr\/wp-json\/wp\/v2\/posts\/9107\/revisions"}],"wp:featuredmedia":[{"embeddable":true,"href":"https:\/\/visionarymarketing.com\/fr\/wp-json\/wp\/v2\/media\/41963"}],"wp:attachment":[{"href":"https:\/\/visionarymarketing.com\/fr\/wp-json\/wp\/v2\/media?parent=9107"}],"wp:term":[{"taxonomy":"category","embeddable":true,"href":"https:\/\/visionarymarketing.com\/fr\/wp-json\/wp\/v2\/categories?post=9107"},{"taxonomy":"post_tag","embeddable":true,"href":"https:\/\/visionarymarketing.com\/fr\/wp-json\/wp\/v2\/tags?post=9107"}],"curies":[{"name":"wp","href":"https:\/\/api.w.org\/{rel}","templated":true}]}}