{"id":9101,"date":"2008-11-21T08:37:13","date_gmt":"2008-11-21T07:37:13","guid":{"rendered":"http:\/\/visionary.wordpress.com\/?p=1031"},"modified":"2024-03-01T13:37:07","modified_gmt":"2024-03-01T12:37:07","slug":"web-collaboratif","status":"publish","type":"post","link":"https:\/\/visionarymarketing.com\/fr\/2008\/11\/21\/web-collaboratif\/","title":{"rendered":"G9+ sur le Web collaboratif : \u00ab\u00a0Le Web 2.0 est-il mort ?\u00a0\u00bb"},"content":{"rendered":"<p><span style=\"text-align: justify;\">Je me suis rendu \u00e0 la r\u00e9union du G9+ sur le web collaboratif qui avait lieu aux jardins de l&rsquo;innovation d&rsquo;Orange \u00e0 Issy-les-Moulineaux, \u00e0 l&rsquo;invitation de <\/span><span class=\"removed_link\" style=\"text-align: justify;\" title=\"http:\/\/essec-bt.blogspirit.com\/archive\/2004\/04\/19\/luc_bretones_-_essec_business_et_technologie.html\">Luc Bretones<\/span><span style=\"text-align: justify;\">, qui repr\u00e9sente l&rsquo;Essec dans cette association. Pour ceux qui ne conna\u00eetraient pas, le G9+ regroupe les grandes \u00e9coles les plus importantes de notre pays. Le titre de la conf\u00e9rence en \u00e9tait : Conf\u00e9rence Web 2.0. <\/span><\/p>\n<p><span style=\"text-align: justify;\">Ceci a fait dire \u00e0 Olivier Ezratty, consultant freelance dans le conseil en strat\u00e9gie d&rsquo;innovation et ancien de Microsoft France, que quand on mettait juste le titre Web 2.0 sur une conf\u00e9rence, \u00ab\u00a0cela avait un air de faire-part de d\u00e9c\u00e8s\u00a0\u00bb. De l\u00e0 \u00e0 dire que le Web 2.0 est mort&#8230; ?<\/span><\/p>\n<h2 style=\"text-align: justify;\">G9+ sur le Web collaboratif : \u00ab\u00a0Le Web2.0 est-il mort ?\u00a0\u00bb<\/h2>\n<figure id=\"attachment_1037\" aria-describedby=\"caption-attachment-1037\" style=\"width: 520px\" class=\"wp-caption aligncenter\"><a href=\"https:\/\/visionarymarketing.com\/wp-content\/uploads\/2008\/11\/image_080.jpg\"><img decoding=\"async\" class=\"wp-image-1037 size-full\" style=\"margin-left: 10px; margin-right: 10px; border: 0 initial initial;\" title=\"image_080\" src=\"https:\/\/visionarymarketing.com\/wp-content\/uploads\/2008\/11\/image_079-e1600230115220.jpg\" alt=\"G9+ sur le Web collaboratif : &quot;Le Web 2.0 est-il mort ?&quot;\" width=\"520\" height=\"390\" \/><\/a><figcaption id=\"caption-attachment-1037\" class=\"wp-caption-text\">la r\u00e9union du G9+ sur le web collaboratif aux jardins de l&rsquo;innovation d&rsquo;Orange en visio-conf\u00e9rence avec l&rsquo;Orange lab de San Francisco<\/figcaption><\/figure>\n<p style=\"text-align: justify;\">La question s&rsquo;est pos\u00e9e d&rsquo;ailleurs tout au long de la soir\u00e9e, de savoir si la crise que nous vivons aujourd&rsquo;hui va mettre un coup d&rsquo;arr\u00eat \u00e0 l&rsquo;innovation ou pas. La conclusion \u00e0 la sortie de la r\u00e9union n&rsquo;est d&rsquo;ailleurs pas ais\u00e9e.<!--more--><\/p>\n<p style=\"text-align: justify;\">Les avis \u00e9tant partag\u00e9s entre le les diff\u00e9rents participants, et notamment le panel de patrons de start-up fran\u00e7aises bas\u00e9es dans la Silicon Valley, et qui \u00e9taient tous venus expliqu\u00e9es leurs points de vue sur la crise sur ce qui allait se passer.<\/p>\n<p style=\"text-align: justify;\">D&rsquo;aucuns \u00e9taients r\u00e9solument optimistes et pensaient que apr\u00e8s une p\u00e9riode assez dure et d&rsquo;incertitude, gr\u00e2ce \u00e0 la flexibilit\u00e9 du travail qui est un classique aux \u00c9tats-Unis, les soci\u00e9t\u00e9s pourraient rapidement reprendre du poil de la b\u00eate. D&rsquo;autres comme B\u00e9atrice Tarki de mobissimo, \u00e9taient plus pessimistes car \u00ab la crise va nous toucher avec le recul de la pub et surtout dans le tourisme. Et qu&rsquo;il y aura \u00e9galement des probl\u00e8mes de financement \u00bb.<\/p>\n<p style=\"text-align: justify;\">C&rsquo;est donc un bilan mitig\u00e9 \u00e0 l&rsquo;issue d&rsquo;une p\u00e9riode de d\u00e9but de crise, et j&rsquo;\u00e9tais notamment dans la Silicon Valley il y a un mois, o\u00f9 on sentait un gros nuage noir au-dessus de nos t\u00eates, sans \u00eatre vraiment certains de savoir quel en allait \u00eatre l&rsquo;impact. Depuis, le chiffre est rappel\u00e9 par Georges Nahon le patron de l&rsquo;Orange labs de San Francisco, pr\u00e8s de 55 000 licenciements sont intervenus dans la Silicon Valley, dont la moiti\u00e9 chez HP.<\/p>\n<p style=\"text-align: justify;\">Comme le fait remarquer Georges Nahon, ceci n&rsquo;est pas forc\u00e9ment d\u00e9primant, les meilleures innovations arrivant souvent dans les p\u00e9riodes de crise, et de citer les innovations d&rsquo;Apple et de Microsoft dans les ann\u00e9es 70.<\/p>\n<p style=\"text-align: justify;\">Comme le r\u00e9sume Olivier Ezrati, le Web collaboratif n&rsquo;est peut-\u00eatre pas tout \u00e0 fait mort (bien que nous ayons d\u00e9j\u00e0 soulign\u00e9 dans ces colonnes que au moins sur le plan international nous ne parlions plus de 2.0 mais de Social Media) mais nous entrons \u00ab\u00a0dans une p\u00e9riode avec beaucoup de mutations et d&rsquo;incertitude\u00a0\u00bb.<\/p>\n<p style=\"text-align: justify;\">Comme l&rsquo;ont soulign\u00e9 maints intervenants, les soci\u00e9t\u00e9s les moins solides en termes de business models, notamment celles qui ne font confiance qu&rsquo;au mod\u00e8le publicitaire, vont probablement se purger ou fusionner ou dispara\u00eetre.<\/p>\n<p style=\"text-align: justify;\">Celles qui seront plus solides et qui ont au moins 18 mois de cash-flow dans leurs caisses, en faisant le dos rond arriveront probablement \u00e0 survivre, notamment aux \u00c9tats-Unis et dans la Silicon Valley o\u00f9 gr\u00e2ce au visa de type H1, on est capable de renvoyer le personnel \u00e9tranger s&rsquo;il n&rsquo;a pas trouv\u00e9 de travail au bout d&rsquo;un mois. On imagine le toll\u00e9 en France si une telle r\u00e8gle \u00e9tait appliqu\u00e9e.<\/p>\n<p style=\"text-align: justify;\">La question se posait \u00e9galement de savoir si la supr\u00e9matie de l&rsquo;Am\u00e9rique et notamment de la Silicon Valley allait dispara\u00eetre. Il a \u00e9t\u00e9 tr\u00e8s difficile de trancher sur cette question, tant la fascination pour cet endroit de la plan\u00e8te est tel qu&rsquo;oin peut douter de sa disparition, m\u00eame si de nouvelles places \u00e9mergentes se font jour. Quelques chiffres ont \u00e9t\u00e9 cit\u00e9s qui sont assez impressionnants, 11,6 % de tous les brevets et pas seulement dans les hautes technologies sont issus de la Silicon Valley.<\/p>\n<p style=\"text-align: justify;\">La part des budgets des soci\u00e9t\u00e9s de capital-risque qui sont investis dans la Silicon Valley repr\u00e9sentent 40 % de leurs investissements totaux. La Nouvelle-Angleterre qui arrive deuxi\u00e8me repr\u00e9sentant 12 % seulement.<\/p>\n<p style=\"text-align: justify;\">D&rsquo;aucuns ont fait remarquer \u00e9galement que la Silicon Valley \u00e9tait loin d&rsquo;\u00eatre majoritairement acquise \u00e0 l&rsquo;Internet, que les technologies d&rsquo;infrastructures \u00e9taient encore tr\u00e8s importantes et majoritaires, voire que m\u00eame certaines soci\u00e9t\u00e9s majeures de l&rsquo;Internet comme Google par exemple ou Amazon ou Ebay, deviennent de v\u00e9ritables fournisseurs d&rsquo;infrastructures \u00e0 part enti\u00e8res comme l&rsquo;a tr\u00e8s bien pr\u00e9sent\u00e9 Louis Naug\u00e8s (voir article pr\u00e9sent\u00e9 sur ce blog).<\/p>\n<p style=\"text-align: justify;\">En conclusion, difficile d&rsquo;avoir un avis tranch\u00e9, mais on peut raisonnablement poser l&rsquo;hypoth\u00e8se que les temps vont \u00eatre durs, pas seulement pour l&rsquo;Internet cette fois-ci, mais pour tout le monde, d&rsquo;autant plus que la crise est cette fois ci structurelle comme l&rsquo;a fait remarquer une des participantes et que la grosse diff\u00e9rence c&rsquo;est que cette fois-ci c&rsquo;est l&rsquo;argent qui vient \u00e0 manquer tout simplement.<\/p>\n<p style=\"text-align: justify;\">On peut \u00e9galement parier que l&rsquo;onde de choc va mettre quelques ann\u00e9es \u00e0 se d\u00e9velopper compl\u00e8tement, m\u00eame si les temps de r\u00e9action sont bien plus rapides aux \u00c9tats-Unis, les purges plus spectaculaires mais aussi moins cons\u00e9quentes puisque la plupart des employ\u00e9s qui sont flexibles sont en fait des \u00e9trangers qui sont renvoy\u00e9s chez eux, ce qui \u00e9viter d&rsquo;impacter le ch\u00f4mage local, ce qui en fin de compte va permettre \u00e9galement \u00e0 la r\u00e9gion de repartir rapidement.<\/p>\n<p style=\"text-align: justify;\">On risque donc d&rsquo;avoir un double effet diff\u00e9rentiel avec ce qui se passe en France, o\u00f9 l&rsquo;\u00e9conomie est incroyablement plus molle mais aussi plus r\u00e9siliante parce qu&rsquo;elle d\u00e9pend \u00e9norm\u00e9ment de l&rsquo;\u00c9tat en majeure partie. On va donc voir l&rsquo;Am\u00e9rique plonger tr\u00e8s vite puis remonter plus vite que nous avec de grandes oscillations, mais aussi une incroyable capacit\u00e9 \u00e0 se r\u00e9inventer et \u00e0 recycler son \u00e9ternel optimisme.<\/p>\n<p style=\"text-align: justify;\">Dans tous les cas souhaitons nous tous bonne chance et bon courage, l&rsquo;innovation devra \u00eatre au pouvoir afin de nous aider \u00e0 passer au mieux cette mauvaise p\u00e9riode.\u00a0Tous les d\u00e9tails concernant cette conf\u00e9rence sont disponibles en ligne sur Internet, et un compte rendu bien plus pr\u00e9cis que le mien sera disponible \u00e9galement dans les jours qui viennent, sur le site Internet et sur le blog de l&rsquo;organisation : voir <a title=\"G9 plus\" href=\"http:\/\/www.g9plus.org\/\" target=\"_blank\" rel=\"noopener noreferrer\">http:\/\/www.g9plus.org<\/a> et le blog d\u00e9di\u00e9 \u00e0 l&rsquo;\u00e9v\u00e9nement : <a title=\"Blogs Silicon Centraliens\" href=\"https:\/\/web.archive.org\/web\/20231201022605\/http:\/\/silicon-valley.blogs.centraliens-marseille.fr\/\" target=\"_blank\" rel=\"noopener noreferrer\">http:\/\/silicon.valley.blogs.centraliens-marseille.fr\/<\/a><\/p>\n","protected":false},"excerpt":{"rendered":"<p>Je me suis rendu \u00e0 la r\u00e9union du G9+ sur le web collaboratif qui avait lieu aux jardins de l&rsquo;innovation d&rsquo;Orange \u00e0 Issy-les-Moulineaux, \u00e0 l&rsquo;invitation de Luc Bretones, qui repr\u00e9sente l&rsquo;Essec dans cette association. Pour ceux qui ne conna\u00eetraient pas, le G9+ regroupe les grandes \u00e9coles les plus importantes de notre pays. Le titre de &hellip;<\/p>\n","protected":false},"author":2,"featured_media":1037,"comment_status":"open","ping_status":"open","sticky":false,"template":"","format":"standard","meta":{"footnotes":""},"categories":[134],"tags":[],"class_list":["post-9101","post","type-post","status-publish","format-standard","has-post-thumbnail","hentry","category-economie"],"yoast_head":"<!-- This site is optimized with the Yoast SEO plugin v27.5 - https:\/\/yoast.com\/product\/yoast-seo-wordpress\/ -->\n<title>Web collaboratif : &quot;Le Web 2.0 est-il mort ?&quot; la question se pose<\/title>\n<meta name=\"description\" content=\"Je me suis rendu \u00e0 la r\u00e9union du G9+ qui avait lieu chez Orange \u00e0 Issy-les-Moulineaux sur le sujet du Web collaboratif et du Web 2.0\" \/>\n<meta name=\"robots\" content=\"index, follow, max-snippet:-1, max-image-preview:large, max-video-preview:-1\" \/>\n<link rel=\"canonical\" href=\"https:\/\/visionarymarketing.com\/fr\/2008\/11\/21\/web-collaboratif\/\" \/>\n<meta property=\"og:locale\" content=\"fr_FR\" \/>\n<meta property=\"og:type\" content=\"article\" \/>\n<meta property=\"og:title\" content=\"Web collaboratif : &quot;Le Web 2.0 est-il mort ?&quot; la question se pose\" \/>\n<meta property=\"og:description\" content=\"Je me suis rendu \u00e0 la r\u00e9union du G9+ qui avait lieu chez Orange \u00e0 Issy-les-Moulineaux sur le sujet du Web collaboratif et du Web 2.0\" \/>\n<meta property=\"og:url\" content=\"https:\/\/visionarymarketing.com\/fr\/2008\/11\/21\/web-collaboratif\/\" \/>\n<meta property=\"og:site_name\" content=\"Marketing and Innovation\" \/>\n<meta property=\"article:publisher\" content=\"https:\/\/www.facebook.com\/vismktg\" \/>\n<meta property=\"article:author\" content=\"http:\/\/facebook.com\/ygourven\" \/>\n<meta property=\"article:published_time\" content=\"2008-11-21T07:37:13+00:00\" \/>\n<meta property=\"article:modified_time\" content=\"2024-03-01T12:37:07+00:00\" \/>\n<meta property=\"og:image\" content=\"https:\/\/visionarymarketing.com\/wp-content\/uploads\/2008\/11\/image_079-e1600230115220.jpg\" \/>\n\t<meta property=\"og:image:width\" content=\"520\" \/>\n\t<meta property=\"og:image:height\" content=\"390\" \/>\n\t<meta property=\"og:image:type\" content=\"image\/jpeg\" \/>\n<meta name=\"author\" content=\"Yann Gourvennec\" \/>\n<meta name=\"twitter:card\" content=\"summary_large_image\" \/>\n<meta name=\"twitter:creator\" content=\"@ygourven\" \/>\n<meta name=\"twitter:site\" content=\"@ygourven\" \/>\n<meta name=\"twitter:label1\" content=\"\u00c9crit par\" \/>\n\t<meta name=\"twitter:data1\" content=\"Yann Gourvennec\" \/>\n\t<meta name=\"twitter:label2\" content=\"Dur\u00e9e de lecture estim\u00e9e\" \/>\n\t<meta name=\"twitter:data2\" content=\"5 minutes\" \/>\n<script type=\"application\/ld+json\" class=\"yoast-schema-graph\">{\"@context\":\"https:\\\/\\\/schema.org\",\"@graph\":[{\"@type\":\"NewsArticle\",\"@id\":\"https:\\\/\\\/visionarymarketing.com\\\/fr\\\/2008\\\/11\\\/21\\\/web-collaboratif\\\/#article\",\"isPartOf\":{\"@id\":\"https:\\\/\\\/visionarymarketing.com\\\/fr\\\/2008\\\/11\\\/21\\\/web-collaboratif\\\/\"},\"author\":{\"name\":\"Yann Gourvennec\",\"@id\":\"https:\\\/\\\/visionarymarketing.com\\\/fr\\\/#\\\/schema\\\/person\\\/3754fee1e558f47b8deb46f53c37423e\"},\"headline\":\"G9+ sur le Web collaboratif : \u00ab\u00a0Le Web 2.0 est-il mort ?\u00a0\u00bb\",\"datePublished\":\"2008-11-21T07:37:13+00:00\",\"dateModified\":\"2024-03-01T12:37:07+00:00\",\"mainEntityOfPage\":{\"@id\":\"https:\\\/\\\/visionarymarketing.com\\\/fr\\\/2008\\\/11\\\/21\\\/web-collaboratif\\\/\"},\"wordCount\":1174,\"commentCount\":0,\"image\":{\"@id\":\"https:\\\/\\\/visionarymarketing.com\\\/fr\\\/2008\\\/11\\\/21\\\/web-collaboratif\\\/#primaryimage\"},\"thumbnailUrl\":\"https:\\\/\\\/visionarymarketing.com\\\/wp-content\\\/uploads\\\/2008\\\/11\\\/image_079-e1600230115220.jpg\",\"articleSection\":[\"\u00e9conomie et num\u00e9rique\"],\"inLanguage\":\"fr-FR\",\"potentialAction\":[{\"@type\":\"CommentAction\",\"name\":\"Comment\",\"target\":[\"https:\\\/\\\/visionarymarketing.com\\\/fr\\\/2008\\\/11\\\/21\\\/web-collaboratif\\\/#respond\"]}]},{\"@type\":\"WebPage\",\"@id\":\"https:\\\/\\\/visionarymarketing.com\\\/fr\\\/2008\\\/11\\\/21\\\/web-collaboratif\\\/\",\"url\":\"https:\\\/\\\/visionarymarketing.com\\\/fr\\\/2008\\\/11\\\/21\\\/web-collaboratif\\\/\",\"name\":\"Web collaboratif : \\\"Le Web 2.0 est-il mort ?\\\" la question se pose\",\"isPartOf\":{\"@id\":\"https:\\\/\\\/visionarymarketing.com\\\/fr\\\/#website\"},\"primaryImageOfPage\":{\"@id\":\"https:\\\/\\\/visionarymarketing.com\\\/fr\\\/2008\\\/11\\\/21\\\/web-collaboratif\\\/#primaryimage\"},\"image\":{\"@id\":\"https:\\\/\\\/visionarymarketing.com\\\/fr\\\/2008\\\/11\\\/21\\\/web-collaboratif\\\/#primaryimage\"},\"thumbnailUrl\":\"https:\\\/\\\/visionarymarketing.com\\\/wp-content\\\/uploads\\\/2008\\\/11\\\/image_079-e1600230115220.jpg\",\"datePublished\":\"2008-11-21T07:37:13+00:00\",\"dateModified\":\"2024-03-01T12:37:07+00:00\",\"author\":{\"@id\":\"https:\\\/\\\/visionarymarketing.com\\\/fr\\\/#\\\/schema\\\/person\\\/3754fee1e558f47b8deb46f53c37423e\"},\"description\":\"Je me suis rendu \u00e0 la r\u00e9union du G9+ qui avait lieu chez Orange \u00e0 Issy-les-Moulineaux sur le sujet du Web collaboratif et du Web 2.0\",\"breadcrumb\":{\"@id\":\"https:\\\/\\\/visionarymarketing.com\\\/fr\\\/2008\\\/11\\\/21\\\/web-collaboratif\\\/#breadcrumb\"},\"inLanguage\":\"fr-FR\",\"potentialAction\":[{\"@type\":\"ReadAction\",\"target\":[\"https:\\\/\\\/visionarymarketing.com\\\/fr\\\/2008\\\/11\\\/21\\\/web-collaboratif\\\/\"]}]},{\"@type\":\"ImageObject\",\"inLanguage\":\"fr-FR\",\"@id\":\"https:\\\/\\\/visionarymarketing.com\\\/fr\\\/2008\\\/11\\\/21\\\/web-collaboratif\\\/#primaryimage\",\"url\":\"https:\\\/\\\/visionarymarketing.com\\\/wp-content\\\/uploads\\\/2008\\\/11\\\/image_079-e1600230115220.jpg\",\"contentUrl\":\"https:\\\/\\\/visionarymarketing.com\\\/wp-content\\\/uploads\\\/2008\\\/11\\\/image_079-e1600230115220.jpg\",\"width\":520,\"height\":390},{\"@type\":\"BreadcrumbList\",\"@id\":\"https:\\\/\\\/visionarymarketing.com\\\/fr\\\/2008\\\/11\\\/21\\\/web-collaboratif\\\/#breadcrumb\",\"itemListElement\":[{\"@type\":\"ListItem\",\"position\":1,\"name\":\"Home\",\"item\":\"https:\\\/\\\/visionarymarketing.com\\\/fr\\\/\"},{\"@type\":\"ListItem\",\"position\":2,\"name\":\"G9+ sur le Web collaboratif : \u00ab\u00a0Le Web 2.0 est-il mort ?\u00a0\u00bb\"}]},{\"@type\":\"WebSite\",\"@id\":\"https:\\\/\\\/visionarymarketing.com\\\/fr\\\/#website\",\"url\":\"https:\\\/\\\/visionarymarketing.com\\\/fr\\\/\",\"name\":\"Marketing and Innovation\",\"description\":\"Site d&#039;infos ind\u00e9pendant, depuis 1996\",\"potentialAction\":[{\"@type\":\"SearchAction\",\"target\":{\"@type\":\"EntryPoint\",\"urlTemplate\":\"https:\\\/\\\/visionarymarketing.com\\\/fr\\\/?s={search_term_string}\"},\"query-input\":{\"@type\":\"PropertyValueSpecification\",\"valueRequired\":true,\"valueName\":\"search_term_string\"}}],\"inLanguage\":\"fr-FR\"},{\"@type\":\"Person\",\"@id\":\"https:\\\/\\\/visionarymarketing.com\\\/fr\\\/#\\\/schema\\\/person\\\/3754fee1e558f47b8deb46f53c37423e\",\"name\":\"Yann Gourvennec\",\"image\":{\"@type\":\"ImageObject\",\"inLanguage\":\"fr-FR\",\"@id\":\"https:\\\/\\\/secure.gravatar.com\\\/avatar\\\/5972001801e8de5692a3e31224e85769f50a55fb8b679749f9c8d1868cceff14?s=96&d=initials&r=g&initials=yg\",\"url\":\"https:\\\/\\\/secure.gravatar.com\\\/avatar\\\/5972001801e8de5692a3e31224e85769f50a55fb8b679749f9c8d1868cceff14?s=96&d=initials&r=g&initials=yg\",\"contentUrl\":\"https:\\\/\\\/secure.gravatar.com\\\/avatar\\\/5972001801e8de5692a3e31224e85769f50a55fb8b679749f9c8d1868cceff14?s=96&d=initials&r=g&initials=yg\",\"caption\":\"Yann Gourvennec\"},\"description\":\"Yann Gourvennec created visionarymarketing.com in 1996. He is a speaker and author of many books. In 2014 he went from intrapreneur to entrepreneur, when he created his digital marketing agency. Yann Gourvennec a cr\u00e9\u00e9 visionarymarketing.com en 1996. Il est conf\u00e9rencier et auteur de plusieurs livres. En 2014, il est pass\u00e9 d'intrapreneur \u00e0 entrepreneur en cr\u00e9ant son agence de marketing num\u00e9rique.\",\"sameAs\":[\"https:\\\/\\\/visionarymarketing.com\",\"http:\\\/\\\/facebook.com\\\/ygourven\",\"http:\\\/\\\/linkedin.com\\\/in\\\/ygourven\",\"https:\\\/\\\/x.com\\\/ygourven\",\"https:\\\/\\\/www.youtube.com\\\/c\\\/visionarymarketingagency\"],\"url\":\"https:\\\/\\\/visionarymarketing.com\\\/fr\\\/author\\\/yann-gourvennec\\\/\"}]}<\/script>\n<!-- \/ Yoast SEO plugin. -->","yoast_head_json":{"title":"Web collaboratif : \"Le Web 2.0 est-il mort ?\" la question se pose","description":"Je me suis rendu \u00e0 la r\u00e9union du G9+ qui avait lieu chez Orange \u00e0 Issy-les-Moulineaux sur le sujet du Web collaboratif et du Web 2.0","robots":{"index":"index","follow":"follow","max-snippet":"max-snippet:-1","max-image-preview":"max-image-preview:large","max-video-preview":"max-video-preview:-1"},"canonical":"https:\/\/visionarymarketing.com\/fr\/2008\/11\/21\/web-collaboratif\/","og_locale":"fr_FR","og_type":"article","og_title":"Web collaboratif : \"Le Web 2.0 est-il mort ?\" la question se pose","og_description":"Je me suis rendu \u00e0 la r\u00e9union du G9+ qui avait lieu chez Orange \u00e0 Issy-les-Moulineaux sur le sujet du Web collaboratif et du Web 2.0","og_url":"https:\/\/visionarymarketing.com\/fr\/2008\/11\/21\/web-collaboratif\/","og_site_name":"Marketing and Innovation","article_publisher":"https:\/\/www.facebook.com\/vismktg","article_author":"http:\/\/facebook.com\/ygourven","article_published_time":"2008-11-21T07:37:13+00:00","article_modified_time":"2024-03-01T12:37:07+00:00","og_image":[{"width":520,"height":390,"url":"https:\/\/visionarymarketing.com\/wp-content\/uploads\/2008\/11\/image_079-e1600230115220.jpg","type":"image\/jpeg"}],"author":"Yann Gourvennec","twitter_card":"summary_large_image","twitter_creator":"@ygourven","twitter_site":"@ygourven","twitter_misc":{"\u00c9crit par":"Yann Gourvennec","Dur\u00e9e de lecture estim\u00e9e":"5 minutes"},"schema":{"@context":"https:\/\/schema.org","@graph":[{"@type":"NewsArticle","@id":"https:\/\/visionarymarketing.com\/fr\/2008\/11\/21\/web-collaboratif\/#article","isPartOf":{"@id":"https:\/\/visionarymarketing.com\/fr\/2008\/11\/21\/web-collaboratif\/"},"author":{"name":"Yann Gourvennec","@id":"https:\/\/visionarymarketing.com\/fr\/#\/schema\/person\/3754fee1e558f47b8deb46f53c37423e"},"headline":"G9+ sur le Web collaboratif : \u00ab\u00a0Le Web 2.0 est-il mort ?\u00a0\u00bb","datePublished":"2008-11-21T07:37:13+00:00","dateModified":"2024-03-01T12:37:07+00:00","mainEntityOfPage":{"@id":"https:\/\/visionarymarketing.com\/fr\/2008\/11\/21\/web-collaboratif\/"},"wordCount":1174,"commentCount":0,"image":{"@id":"https:\/\/visionarymarketing.com\/fr\/2008\/11\/21\/web-collaboratif\/#primaryimage"},"thumbnailUrl":"https:\/\/visionarymarketing.com\/wp-content\/uploads\/2008\/11\/image_079-e1600230115220.jpg","articleSection":["\u00e9conomie et num\u00e9rique"],"inLanguage":"fr-FR","potentialAction":[{"@type":"CommentAction","name":"Comment","target":["https:\/\/visionarymarketing.com\/fr\/2008\/11\/21\/web-collaboratif\/#respond"]}]},{"@type":"WebPage","@id":"https:\/\/visionarymarketing.com\/fr\/2008\/11\/21\/web-collaboratif\/","url":"https:\/\/visionarymarketing.com\/fr\/2008\/11\/21\/web-collaboratif\/","name":"Web collaboratif : \"Le Web 2.0 est-il mort ?\" la question se pose","isPartOf":{"@id":"https:\/\/visionarymarketing.com\/fr\/#website"},"primaryImageOfPage":{"@id":"https:\/\/visionarymarketing.com\/fr\/2008\/11\/21\/web-collaboratif\/#primaryimage"},"image":{"@id":"https:\/\/visionarymarketing.com\/fr\/2008\/11\/21\/web-collaboratif\/#primaryimage"},"thumbnailUrl":"https:\/\/visionarymarketing.com\/wp-content\/uploads\/2008\/11\/image_079-e1600230115220.jpg","datePublished":"2008-11-21T07:37:13+00:00","dateModified":"2024-03-01T12:37:07+00:00","author":{"@id":"https:\/\/visionarymarketing.com\/fr\/#\/schema\/person\/3754fee1e558f47b8deb46f53c37423e"},"description":"Je me suis rendu \u00e0 la r\u00e9union du G9+ qui avait lieu chez Orange \u00e0 Issy-les-Moulineaux sur le sujet du Web collaboratif et du Web 2.0","breadcrumb":{"@id":"https:\/\/visionarymarketing.com\/fr\/2008\/11\/21\/web-collaboratif\/#breadcrumb"},"inLanguage":"fr-FR","potentialAction":[{"@type":"ReadAction","target":["https:\/\/visionarymarketing.com\/fr\/2008\/11\/21\/web-collaboratif\/"]}]},{"@type":"ImageObject","inLanguage":"fr-FR","@id":"https:\/\/visionarymarketing.com\/fr\/2008\/11\/21\/web-collaboratif\/#primaryimage","url":"https:\/\/visionarymarketing.com\/wp-content\/uploads\/2008\/11\/image_079-e1600230115220.jpg","contentUrl":"https:\/\/visionarymarketing.com\/wp-content\/uploads\/2008\/11\/image_079-e1600230115220.jpg","width":520,"height":390},{"@type":"BreadcrumbList","@id":"https:\/\/visionarymarketing.com\/fr\/2008\/11\/21\/web-collaboratif\/#breadcrumb","itemListElement":[{"@type":"ListItem","position":1,"name":"Home","item":"https:\/\/visionarymarketing.com\/fr\/"},{"@type":"ListItem","position":2,"name":"G9+ sur le Web collaboratif : \u00ab\u00a0Le Web 2.0 est-il mort ?\u00a0\u00bb"}]},{"@type":"WebSite","@id":"https:\/\/visionarymarketing.com\/fr\/#website","url":"https:\/\/visionarymarketing.com\/fr\/","name":"Marketing and Innovation","description":"Site d&#039;infos ind\u00e9pendant, depuis 1996","potentialAction":[{"@type":"SearchAction","target":{"@type":"EntryPoint","urlTemplate":"https:\/\/visionarymarketing.com\/fr\/?s={search_term_string}"},"query-input":{"@type":"PropertyValueSpecification","valueRequired":true,"valueName":"search_term_string"}}],"inLanguage":"fr-FR"},{"@type":"Person","@id":"https:\/\/visionarymarketing.com\/fr\/#\/schema\/person\/3754fee1e558f47b8deb46f53c37423e","name":"Yann Gourvennec","image":{"@type":"ImageObject","inLanguage":"fr-FR","@id":"https:\/\/secure.gravatar.com\/avatar\/5972001801e8de5692a3e31224e85769f50a55fb8b679749f9c8d1868cceff14?s=96&d=initials&r=g&initials=yg","url":"https:\/\/secure.gravatar.com\/avatar\/5972001801e8de5692a3e31224e85769f50a55fb8b679749f9c8d1868cceff14?s=96&d=initials&r=g&initials=yg","contentUrl":"https:\/\/secure.gravatar.com\/avatar\/5972001801e8de5692a3e31224e85769f50a55fb8b679749f9c8d1868cceff14?s=96&d=initials&r=g&initials=yg","caption":"Yann Gourvennec"},"description":"Yann Gourvennec created visionarymarketing.com in 1996. He is a speaker and author of many books. In 2014 he went from intrapreneur to entrepreneur, when he created his digital marketing agency. Yann Gourvennec a cr\u00e9\u00e9 visionarymarketing.com en 1996. Il est conf\u00e9rencier et auteur de plusieurs livres. En 2014, il est pass\u00e9 d'intrapreneur \u00e0 entrepreneur en cr\u00e9ant son agence de marketing num\u00e9rique.","sameAs":["https:\/\/visionarymarketing.com","http:\/\/facebook.com\/ygourven","http:\/\/linkedin.com\/in\/ygourven","https:\/\/x.com\/ygourven","https:\/\/www.youtube.com\/c\/visionarymarketingagency"],"url":"https:\/\/visionarymarketing.com\/fr\/author\/yann-gourvennec\/"}]}},"_links":{"self":[{"href":"https:\/\/visionarymarketing.com\/fr\/wp-json\/wp\/v2\/posts\/9101","targetHints":{"allow":["GET"]}}],"collection":[{"href":"https:\/\/visionarymarketing.com\/fr\/wp-json\/wp\/v2\/posts"}],"about":[{"href":"https:\/\/visionarymarketing.com\/fr\/wp-json\/wp\/v2\/types\/post"}],"author":[{"embeddable":true,"href":"https:\/\/visionarymarketing.com\/fr\/wp-json\/wp\/v2\/users\/2"}],"replies":[{"embeddable":true,"href":"https:\/\/visionarymarketing.com\/fr\/wp-json\/wp\/v2\/comments?post=9101"}],"version-history":[{"count":0,"href":"https:\/\/visionarymarketing.com\/fr\/wp-json\/wp\/v2\/posts\/9101\/revisions"}],"wp:featuredmedia":[{"embeddable":true,"href":"https:\/\/visionarymarketing.com\/fr\/wp-json\/wp\/v2\/media\/1037"}],"wp:attachment":[{"href":"https:\/\/visionarymarketing.com\/fr\/wp-json\/wp\/v2\/media?parent=9101"}],"wp:term":[{"taxonomy":"category","embeddable":true,"href":"https:\/\/visionarymarketing.com\/fr\/wp-json\/wp\/v2\/categories?post=9101"},{"taxonomy":"post_tag","embeddable":true,"href":"https:\/\/visionarymarketing.com\/fr\/wp-json\/wp\/v2\/tags?post=9101"}],"curies":[{"name":"wp","href":"https:\/\/api.w.org\/{rel}","templated":true}]}}