{"id":8625,"date":"2013-06-28T07:01:32","date_gmt":"2013-06-28T07:01:32","guid":{"rendered":"http:\/\/visionary.wordpress.com\/?p=8625"},"modified":"2021-04-23T16:26:33","modified_gmt":"2021-04-23T14:26:33","slug":"rejet-mondialisation-europe","status":"publish","type":"post","link":"https:\/\/visionarymarketing.com\/fr\/2013\/06\/28\/rejet-mondialisation-europe\/","title":{"rendered":"Vrai-faux du rejet de la mondialisation en Europe et en France"},"content":{"rendered":"<p><em><span style=\"color: #4f81bd;\">Le rejet de la mondialisation en Europe est un sujet r\u00e9current, mais les statistiques \u00e9voqu\u00e9es par les politiques sont souvent, h\u00e9las, folkloriques. Il est fr\u00e9quent qu\u2019on tape sur les journalistes, et ils n\u2019aiment pas \u00e7a, \u00e7a se comprend, m\u00eame si <\/span><\/em><a href=\"http:\/\/www.arretsurimages.net\/\" target=\"_blank\" rel=\"noopener noreferrer\"><em><span style=\"color: #4f81bd;\">parfois certains d\u2019entre eux le cherchent un peu<\/span><\/em><\/a><em><span style=\"color: #4f81bd;\">. Et pourtant, le journalisme bien fait, cela fait plaisir pour les petites cellules grises (<\/span><\/em><a href=\"https:\/\/visionarymarketing.com\/fr\/2012\/01\/democratie-besoin-journalistes\/\" target=\"_blank\" rel=\"noopener noreferrer\"><em><span style=\"color: #4f81bd;\">clin d\u2019\u0153il \u00e0 mon ami Olivier Cimeli\u00e8re<\/span><\/em><\/a><em><span style=\"color: #4f81bd;\">) ; alors je voulais partager avec vous mon coup de coeur du matin, et m\u00eame de tous les matins, puisque j\u2019\u00e9coute cette \u00e9mission tous les jours ou presque, \u00e0 une heure o\u00f9 h\u00e9las, la plupart des gens sont sous la couette. A en juger par le nombre de retweets, on voit \u00e9galement que ce qui fait la qualit\u00e9 d\u2019une information ne se mesure pas en nombre de \u201cgazouillis\u201d.<\/span><\/em><\/p>\n<h2>Vrai-faux du rejet de la mondialisation en Europe et en France<\/h2>\n<figure id=\"attachment_61403\" aria-describedby=\"caption-attachment-61403\" style=\"width: 519px\" class=\"wp-caption aligncenter\"><img decoding=\"async\" class=\"wp-image-61403 size-full\" src=\"https:\/\/visionarymarketing.com\/wp-content\/uploads\/2013\/06\/untitled-3835-e1613127400919.jpg\" alt=\"Vrai-faux du rejet de la mondialisation en Europe et en France\" width=\"519\" height=\"340\" srcset=\"https:\/\/visionarymarketing.com\/wp-content\/uploads\/2013\/06\/untitled-3835-e1613127400919.jpg 519w, https:\/\/visionarymarketing.com\/wp-content\/uploads\/2013\/06\/untitled-3835-e1613127400919-458x300.jpg 458w\" sizes=\"(max-width: 519px) 100vw, 519px\" \/><figcaption id=\"caption-attachment-61403\" class=\"wp-caption-text\">La France, sa Tour Eiffel, son rejet de la mondialisation et &#8230; ses statistiques fantaisistes<\/figcaption><\/figure>\n<p><!--more--><\/p>\n<p><span class=\"removed_link\" title=\"http:\/\/www.linkedin.com\/profile\/view?id=104369052&amp;authType=NAME_SEARCH&amp;authToken=cKRA&amp;locale=fr_FR&amp;srchid=1790921372396039033&amp;srchindex=3&amp;srchtotal=25&amp;trk=vsrp_people_res_name&amp;trkInfo=VSRPsearchId%3A1790921372396039033%2CVSRPtargetId%3A104369052%2CVSRPcmpt%3Aprimary\">Delphine Simon donc, journaliste \u00e0 France Inter<\/span> (et <a href=\"https:\/\/twitter.com\/Delphinesimon\" target=\"_blank\" rel=\"noopener noreferrer\">peut-\u00eatre aussi \u00e0 RTBF si la photo est ressemblante<\/a>, je n\u2019arrive pas \u00e0 r\u00e9concilier les bios), d\u00e9crypte le vrai-faux de l\u2019Europe tous les jours et prend une citation, qu\u2019elle d\u00e9crypte et qu\u2019elle v\u00e9rifie, chiffres \u00e0 l\u2019appui. Enfin du vrai fact-checking ! On en avait bien besoin, et je me demande pourquoi, d\u2019ailleurs, ce type de journalisme n\u2019est pas syst\u00e9matiquement appliqu\u00e9 sur les grandes antennes, \u00e0 une heure qui ne soit pas celle o\u00f9 les gens dorment.<\/p>\n<h3>Plus les mensonges sont gros, plus ils passent<\/h3>\n<p>La citation d\u2019aujourd\u2019hui \u00e9tait encore plus croustillante que d\u2019habitude, car elle concernait <a href=\"https:\/\/web.archive.org\/web\/20130703154534\/http:\/\/www.franceinter.fr\/emission-grand-angle-le-vraifaux-de-leurope-est-il-vrai-que-75-des-francais-sont-opposes-a-la-mondia\" target=\"_blank\" rel=\"noopener noreferrer\">notre matador national<\/a>, pourfendeur de mondialisation et d\u2019\u00e9conomie (<a href=\"http:\/\/oumma.com\/Arnaud-Montebourg-Mon-grand-pere\" target=\"_blank\" rel=\"noopener noreferrer\">lui-m\u00eame issu de la mondialisation<\/a>)\u00a0 : 75% des Fran\u00e7ais selon lui, seraient oppos\u00e9s \u00e0 la mondialisation.<\/p>\n<blockquote class=\"quote-light\"><p><em>\u201cQuand vous avez des gens comme monsieur Barroso qui d\u00e9clarent : \u2018l\u2019exception culturelle \u00e0 la concurrence, \u00e0 la mondialisation&rsquo; alors qu\u2019il y a 75% des Fran\u00e7ais qui sont contre la mondialisation telle qu\u2019elle existe et que vous avez la quasi-totalit\u00e9 des pays europ\u00e9ens qui sont r\u00e9ticents \u00e0 la mondialisation et de fa\u00e7on ultra majoritaire, y compris l\u2019Allemagne, c&rsquo;est incroyable\u201d &#8211; <a href=\"https:\/\/web.archive.org\/web\/20130703154534\/http:\/\/www.franceinter.fr\/emission-grand-angle-le-vraifaux-de-leurope-est-il-vrai-que-75-des-francais-sont-opposes-a-la-mondia\" target=\"_blank\" rel=\"noopener\">source<\/a><\/em><\/p><\/blockquote>\n<p>On ne sera pas surpris de la r\u00e9ponse que vous irez d\u00e9couvrir dans <a href=\"https:\/\/web.archive.org\/web\/20130703154534\/http:\/\/www.franceinter.fr\/emission-grand-angle-le-vraifaux-de-leurope-est-il-vrai-que-75-des-francais-sont-opposes-a-la-mondia\" target=\"_blank\" rel=\"noopener noreferrer\">le podcast de la radio publique<\/a>, et pas \u00e9tonn\u00e9 non plus de l\u2019amas de b\u00eatises prof\u00e9r\u00e9es par nos \u201cresponsables\u201d politiques et celui-ci en particulier. Quel \u00e9tonnement de voir ensuite le vote populiste l\u2019emporter apr\u00e8s avoir nourri la population au biberon du mensonge et de la peur irrationnelle. Vraiment, je ne comprends pas ce qui se passe \u2026 soupirs !<\/p>\n<h3>Un rejet de la mondialisation en France \u00e0 45% (et non \u00e0 75%) &#8211; plus que dans le reste de l&rsquo;Europe<\/h3>\n<p>La bonne nouvelle dans cette chronique de ce matin, c\u2019est que non ! il n\u2019y a pas 75% de personnes, chiffre absolument farfelu, qui rejettent la mondialisation. La mauvaise nouvelle, c\u2019est qu\u2019il y en a quand-m\u00eame 45%, certainement un chiffre suffisant pour para\u00eetre comme des dinosaures apeur\u00e9s, pessimistes et irrationnels aux yeux du monde.<\/p>\n<h4>Europe : 67% des Allemands jugent la mondialisation b\u00e9n\u00e9fique<\/h4>\n<p>Et surtout aux yeux de nos camarades germaniques, qui sont pr\u00e8s de 67% \u00e0 penser que cette mondialisation est b\u00e9n\u00e9fique. Il est vrai qu\u2019ils y sont assez gagnants, \u00e0 force de travail et d\u2019adaptation, et que nous avons un peu moins de succ\u00e8s internationaux, m\u00eame si le potentiel du pays et de son \u00e9conomie est assez fort (et tr\u00e8s mal utilis\u00e9).<\/p>\n<p>Une lacune : il n\u2019est pas pr\u00e9cis\u00e9 (mais avons-nous ces chiffres ?) quelle proportion de ces 45% se pr\u00e9cipite tous les samedis dans les hypermarch\u00e9s pour y acheter en masse des produits fabriqu\u00e9s en Chine afin de faire de bonnes affaires.<\/p>\n<p>Cela fera peut-\u00eatre l\u2019objet d\u2019une prochaine \u00e9mission\u2026<\/p>\n<p><em><span style=\"color: #4bacc6;\"><a href=\"https:\/\/web.archive.org\/web\/20130703154534\/http:\/\/www.franceinter.fr\/emission-grand-angle-le-vraifaux-de-leurope-est-il-vrai-que-75-des-francais-sont-opposes-a-la-mondia\" target=\"_blank\" rel=\"noopener\">Le vrai\/faux de l&rsquo;Europe<\/a> : est-il vrai que 75% des Fran\u00e7ais sont oppos\u00e9s \u00e0 la mondialisation ? <\/span><\/em><em><span style=\"color: #4bacc6;\">(via @f_inter)<\/span><\/em><\/p>\n<p><em>Dipl\u00f4m\u00e9e de l\u2019Ecole sup\u00e9rieure de journalisme de Lille et Laur\u00e9ate de la Bourse Ren\u00e9 Payot, elle a pr\u00e9sent\u00e9 durant 5 ans les journaux de France Inter, avant de devenir reporter au service des Informations g\u00e9n\u00e9rales, puis grand reporter au service Etranger de France Inter. <\/em><em>Depuis 1998, elle est sp\u00e9cialis\u00e9e dans les questions europ\u00e9ennes. <\/em><\/p>\n","protected":false},"excerpt":{"rendered":"<p>Le rejet de la mondialisation en Europe est un sujet r\u00e9current, mais les statistiques \u00e9voqu\u00e9es par les politiques sont souvent, h\u00e9las, folkloriques. Il est fr\u00e9quent qu\u2019on tape sur les journalistes, et ils n\u2019aiment pas \u00e7a, \u00e7a se comprend, m\u00eame si parfois certains d\u2019entre eux le cherchent un peu. Et pourtant, le journalisme bien fait, cela &hellip;<\/p>\n","protected":false},"author":2,"featured_media":61403,"comment_status":"open","ping_status":"open","sticky":false,"template":"","format":"standard","meta":{"footnotes":""},"categories":[134],"tags":[],"class_list":["post-8625","post","type-post","status-publish","format-standard","has-post-thumbnail","hentry","category-economie"],"yoast_head":"<!-- This site is optimized with the Yoast SEO plugin v27.5 - https:\/\/yoast.com\/product\/yoast-seo-wordpress\/ -->\n<title>Vrai-faux du rejet de la mondialisation en Europe et en France<\/title>\n<meta name=\"description\" content=\"Le rejet de la mondialisation en Europe est un sujet r\u00e9current, mais les statistiques \u00e9voqu\u00e9es par les politiques sont souvent folkloriques\" \/>\n<meta name=\"robots\" content=\"index, follow, max-snippet:-1, max-image-preview:large, max-video-preview:-1\" \/>\n<link rel=\"canonical\" href=\"https:\/\/visionarymarketing.com\/fr\/2013\/06\/28\/rejet-mondialisation-europe\/\" \/>\n<meta property=\"og:locale\" content=\"fr_FR\" \/>\n<meta property=\"og:type\" content=\"article\" \/>\n<meta property=\"og:title\" content=\"Vrai-faux du rejet de la mondialisation en Europe et en France\" \/>\n<meta property=\"og:description\" content=\"Le rejet de la mondialisation en Europe est un sujet r\u00e9current, mais les statistiques \u00e9voqu\u00e9es par les politiques sont souvent folkloriques\" \/>\n<meta property=\"og:url\" content=\"https:\/\/visionarymarketing.com\/fr\/2013\/06\/28\/rejet-mondialisation-europe\/\" \/>\n<meta property=\"og:site_name\" content=\"Marketing and Innovation\" \/>\n<meta property=\"article:publisher\" content=\"https:\/\/www.facebook.com\/vismktg\" \/>\n<meta property=\"article:author\" content=\"http:\/\/facebook.com\/ygourven\" \/>\n<meta property=\"article:published_time\" content=\"2013-06-28T07:01:32+00:00\" \/>\n<meta property=\"article:modified_time\" content=\"2021-04-23T14:26:33+00:00\" \/>\n<meta property=\"og:image\" content=\"https:\/\/visionarymarketing.com\/wp-content\/uploads\/2013\/06\/untitled-3835-e1613127400919.jpg\" \/>\n\t<meta property=\"og:image:width\" content=\"519\" \/>\n\t<meta property=\"og:image:height\" content=\"340\" \/>\n\t<meta property=\"og:image:type\" content=\"image\/jpeg\" \/>\n<meta name=\"author\" content=\"Yann Gourvennec\" \/>\n<meta name=\"twitter:card\" content=\"summary_large_image\" \/>\n<meta name=\"twitter:creator\" content=\"@ygourven\" \/>\n<meta name=\"twitter:site\" content=\"@ygourven\" \/>\n<meta name=\"twitter:label1\" content=\"\u00c9crit par\" \/>\n\t<meta name=\"twitter:data1\" content=\"Yann Gourvennec\" \/>\n\t<meta name=\"twitter:label2\" content=\"Dur\u00e9e de lecture estim\u00e9e\" \/>\n\t<meta name=\"twitter:data2\" content=\"4 minutes\" \/>\n<script type=\"application\/ld+json\" class=\"yoast-schema-graph\">{\"@context\":\"https:\\\/\\\/schema.org\",\"@graph\":[{\"@type\":\"NewsArticle\",\"@id\":\"https:\\\/\\\/visionarymarketing.com\\\/fr\\\/2013\\\/06\\\/28\\\/rejet-mondialisation-europe\\\/#article\",\"isPartOf\":{\"@id\":\"https:\\\/\\\/visionarymarketing.com\\\/fr\\\/2013\\\/06\\\/28\\\/rejet-mondialisation-europe\\\/\"},\"author\":{\"name\":\"Yann Gourvennec\",\"@id\":\"https:\\\/\\\/visionarymarketing.com\\\/fr\\\/#\\\/schema\\\/person\\\/3754fee1e558f47b8deb46f53c37423e\"},\"headline\":\"Vrai-faux du rejet de la mondialisation en Europe et en France\",\"datePublished\":\"2013-06-28T07:01:32+00:00\",\"dateModified\":\"2021-04-23T14:26:33+00:00\",\"mainEntityOfPage\":{\"@id\":\"https:\\\/\\\/visionarymarketing.com\\\/fr\\\/2013\\\/06\\\/28\\\/rejet-mondialisation-europe\\\/\"},\"wordCount\":760,\"commentCount\":0,\"image\":{\"@id\":\"https:\\\/\\\/visionarymarketing.com\\\/fr\\\/2013\\\/06\\\/28\\\/rejet-mondialisation-europe\\\/#primaryimage\"},\"thumbnailUrl\":\"https:\\\/\\\/visionarymarketing.com\\\/wp-content\\\/uploads\\\/2013\\\/06\\\/untitled-3835-e1613127400919.jpg\",\"articleSection\":[\"\u00e9conomie et num\u00e9rique\"],\"inLanguage\":\"fr-FR\",\"potentialAction\":[{\"@type\":\"CommentAction\",\"name\":\"Comment\",\"target\":[\"https:\\\/\\\/visionarymarketing.com\\\/fr\\\/2013\\\/06\\\/28\\\/rejet-mondialisation-europe\\\/#respond\"]}]},{\"@type\":\"WebPage\",\"@id\":\"https:\\\/\\\/visionarymarketing.com\\\/fr\\\/2013\\\/06\\\/28\\\/rejet-mondialisation-europe\\\/\",\"url\":\"https:\\\/\\\/visionarymarketing.com\\\/fr\\\/2013\\\/06\\\/28\\\/rejet-mondialisation-europe\\\/\",\"name\":\"Vrai-faux du rejet de la mondialisation en Europe et en France\",\"isPartOf\":{\"@id\":\"https:\\\/\\\/visionarymarketing.com\\\/fr\\\/#website\"},\"primaryImageOfPage\":{\"@id\":\"https:\\\/\\\/visionarymarketing.com\\\/fr\\\/2013\\\/06\\\/28\\\/rejet-mondialisation-europe\\\/#primaryimage\"},\"image\":{\"@id\":\"https:\\\/\\\/visionarymarketing.com\\\/fr\\\/2013\\\/06\\\/28\\\/rejet-mondialisation-europe\\\/#primaryimage\"},\"thumbnailUrl\":\"https:\\\/\\\/visionarymarketing.com\\\/wp-content\\\/uploads\\\/2013\\\/06\\\/untitled-3835-e1613127400919.jpg\",\"datePublished\":\"2013-06-28T07:01:32+00:00\",\"dateModified\":\"2021-04-23T14:26:33+00:00\",\"author\":{\"@id\":\"https:\\\/\\\/visionarymarketing.com\\\/fr\\\/#\\\/schema\\\/person\\\/3754fee1e558f47b8deb46f53c37423e\"},\"description\":\"Le rejet de la mondialisation en Europe est un sujet r\u00e9current, mais les statistiques \u00e9voqu\u00e9es par les politiques sont souvent folkloriques\",\"breadcrumb\":{\"@id\":\"https:\\\/\\\/visionarymarketing.com\\\/fr\\\/2013\\\/06\\\/28\\\/rejet-mondialisation-europe\\\/#breadcrumb\"},\"inLanguage\":\"fr-FR\",\"potentialAction\":[{\"@type\":\"ReadAction\",\"target\":[\"https:\\\/\\\/visionarymarketing.com\\\/fr\\\/2013\\\/06\\\/28\\\/rejet-mondialisation-europe\\\/\"]}]},{\"@type\":\"ImageObject\",\"inLanguage\":\"fr-FR\",\"@id\":\"https:\\\/\\\/visionarymarketing.com\\\/fr\\\/2013\\\/06\\\/28\\\/rejet-mondialisation-europe\\\/#primaryimage\",\"url\":\"https:\\\/\\\/visionarymarketing.com\\\/wp-content\\\/uploads\\\/2013\\\/06\\\/untitled-3835-e1613127400919.jpg\",\"contentUrl\":\"https:\\\/\\\/visionarymarketing.com\\\/wp-content\\\/uploads\\\/2013\\\/06\\\/untitled-3835-e1613127400919.jpg\",\"width\":519,\"height\":340},{\"@type\":\"BreadcrumbList\",\"@id\":\"https:\\\/\\\/visionarymarketing.com\\\/fr\\\/2013\\\/06\\\/28\\\/rejet-mondialisation-europe\\\/#breadcrumb\",\"itemListElement\":[{\"@type\":\"ListItem\",\"position\":1,\"name\":\"Home\",\"item\":\"https:\\\/\\\/visionarymarketing.com\\\/fr\\\/\"},{\"@type\":\"ListItem\",\"position\":2,\"name\":\"Vrai-faux du rejet de la mondialisation en Europe et en France\"}]},{\"@type\":\"WebSite\",\"@id\":\"https:\\\/\\\/visionarymarketing.com\\\/fr\\\/#website\",\"url\":\"https:\\\/\\\/visionarymarketing.com\\\/fr\\\/\",\"name\":\"Marketing and Innovation\",\"description\":\"Site d&#039;infos ind\u00e9pendant, depuis 1996\",\"potentialAction\":[{\"@type\":\"SearchAction\",\"target\":{\"@type\":\"EntryPoint\",\"urlTemplate\":\"https:\\\/\\\/visionarymarketing.com\\\/fr\\\/?s={search_term_string}\"},\"query-input\":{\"@type\":\"PropertyValueSpecification\",\"valueRequired\":true,\"valueName\":\"search_term_string\"}}],\"inLanguage\":\"fr-FR\"},{\"@type\":\"Person\",\"@id\":\"https:\\\/\\\/visionarymarketing.com\\\/fr\\\/#\\\/schema\\\/person\\\/3754fee1e558f47b8deb46f53c37423e\",\"name\":\"Yann Gourvennec\",\"image\":{\"@type\":\"ImageObject\",\"inLanguage\":\"fr-FR\",\"@id\":\"https:\\\/\\\/secure.gravatar.com\\\/avatar\\\/5972001801e8de5692a3e31224e85769f50a55fb8b679749f9c8d1868cceff14?s=96&d=initials&r=g&initials=yg\",\"url\":\"https:\\\/\\\/secure.gravatar.com\\\/avatar\\\/5972001801e8de5692a3e31224e85769f50a55fb8b679749f9c8d1868cceff14?s=96&d=initials&r=g&initials=yg\",\"contentUrl\":\"https:\\\/\\\/secure.gravatar.com\\\/avatar\\\/5972001801e8de5692a3e31224e85769f50a55fb8b679749f9c8d1868cceff14?s=96&d=initials&r=g&initials=yg\",\"caption\":\"Yann Gourvennec\"},\"description\":\"Yann Gourvennec created visionarymarketing.com in 1996. He is a speaker and author of many books. In 2014 he went from intrapreneur to entrepreneur, when he created his digital marketing agency. Yann Gourvennec a cr\u00e9\u00e9 visionarymarketing.com en 1996. Il est conf\u00e9rencier et auteur de plusieurs livres. En 2014, il est pass\u00e9 d'intrapreneur \u00e0 entrepreneur en cr\u00e9ant son agence de marketing num\u00e9rique.\",\"sameAs\":[\"https:\\\/\\\/visionarymarketing.com\",\"http:\\\/\\\/facebook.com\\\/ygourven\",\"http:\\\/\\\/linkedin.com\\\/in\\\/ygourven\",\"https:\\\/\\\/x.com\\\/ygourven\",\"https:\\\/\\\/www.youtube.com\\\/c\\\/visionarymarketingagency\"],\"url\":\"https:\\\/\\\/visionarymarketing.com\\\/fr\\\/author\\\/yann-gourvennec\\\/\"}]}<\/script>\n<!-- \/ Yoast SEO plugin. -->","yoast_head_json":{"title":"Vrai-faux du rejet de la mondialisation en Europe et en France","description":"Le rejet de la mondialisation en Europe est un sujet r\u00e9current, mais les statistiques \u00e9voqu\u00e9es par les politiques sont souvent folkloriques","robots":{"index":"index","follow":"follow","max-snippet":"max-snippet:-1","max-image-preview":"max-image-preview:large","max-video-preview":"max-video-preview:-1"},"canonical":"https:\/\/visionarymarketing.com\/fr\/2013\/06\/28\/rejet-mondialisation-europe\/","og_locale":"fr_FR","og_type":"article","og_title":"Vrai-faux du rejet de la mondialisation en Europe et en France","og_description":"Le rejet de la mondialisation en Europe est un sujet r\u00e9current, mais les statistiques \u00e9voqu\u00e9es par les politiques sont souvent folkloriques","og_url":"https:\/\/visionarymarketing.com\/fr\/2013\/06\/28\/rejet-mondialisation-europe\/","og_site_name":"Marketing and Innovation","article_publisher":"https:\/\/www.facebook.com\/vismktg","article_author":"http:\/\/facebook.com\/ygourven","article_published_time":"2013-06-28T07:01:32+00:00","article_modified_time":"2021-04-23T14:26:33+00:00","og_image":[{"width":519,"height":340,"url":"https:\/\/visionarymarketing.com\/wp-content\/uploads\/2013\/06\/untitled-3835-e1613127400919.jpg","type":"image\/jpeg"}],"author":"Yann Gourvennec","twitter_card":"summary_large_image","twitter_creator":"@ygourven","twitter_site":"@ygourven","twitter_misc":{"\u00c9crit par":"Yann Gourvennec","Dur\u00e9e de lecture estim\u00e9e":"4 minutes"},"schema":{"@context":"https:\/\/schema.org","@graph":[{"@type":"NewsArticle","@id":"https:\/\/visionarymarketing.com\/fr\/2013\/06\/28\/rejet-mondialisation-europe\/#article","isPartOf":{"@id":"https:\/\/visionarymarketing.com\/fr\/2013\/06\/28\/rejet-mondialisation-europe\/"},"author":{"name":"Yann Gourvennec","@id":"https:\/\/visionarymarketing.com\/fr\/#\/schema\/person\/3754fee1e558f47b8deb46f53c37423e"},"headline":"Vrai-faux du rejet de la mondialisation en Europe et en France","datePublished":"2013-06-28T07:01:32+00:00","dateModified":"2021-04-23T14:26:33+00:00","mainEntityOfPage":{"@id":"https:\/\/visionarymarketing.com\/fr\/2013\/06\/28\/rejet-mondialisation-europe\/"},"wordCount":760,"commentCount":0,"image":{"@id":"https:\/\/visionarymarketing.com\/fr\/2013\/06\/28\/rejet-mondialisation-europe\/#primaryimage"},"thumbnailUrl":"https:\/\/visionarymarketing.com\/wp-content\/uploads\/2013\/06\/untitled-3835-e1613127400919.jpg","articleSection":["\u00e9conomie et num\u00e9rique"],"inLanguage":"fr-FR","potentialAction":[{"@type":"CommentAction","name":"Comment","target":["https:\/\/visionarymarketing.com\/fr\/2013\/06\/28\/rejet-mondialisation-europe\/#respond"]}]},{"@type":"WebPage","@id":"https:\/\/visionarymarketing.com\/fr\/2013\/06\/28\/rejet-mondialisation-europe\/","url":"https:\/\/visionarymarketing.com\/fr\/2013\/06\/28\/rejet-mondialisation-europe\/","name":"Vrai-faux du rejet de la mondialisation en Europe et en France","isPartOf":{"@id":"https:\/\/visionarymarketing.com\/fr\/#website"},"primaryImageOfPage":{"@id":"https:\/\/visionarymarketing.com\/fr\/2013\/06\/28\/rejet-mondialisation-europe\/#primaryimage"},"image":{"@id":"https:\/\/visionarymarketing.com\/fr\/2013\/06\/28\/rejet-mondialisation-europe\/#primaryimage"},"thumbnailUrl":"https:\/\/visionarymarketing.com\/wp-content\/uploads\/2013\/06\/untitled-3835-e1613127400919.jpg","datePublished":"2013-06-28T07:01:32+00:00","dateModified":"2021-04-23T14:26:33+00:00","author":{"@id":"https:\/\/visionarymarketing.com\/fr\/#\/schema\/person\/3754fee1e558f47b8deb46f53c37423e"},"description":"Le rejet de la mondialisation en Europe est un sujet r\u00e9current, mais les statistiques \u00e9voqu\u00e9es par les politiques sont souvent folkloriques","breadcrumb":{"@id":"https:\/\/visionarymarketing.com\/fr\/2013\/06\/28\/rejet-mondialisation-europe\/#breadcrumb"},"inLanguage":"fr-FR","potentialAction":[{"@type":"ReadAction","target":["https:\/\/visionarymarketing.com\/fr\/2013\/06\/28\/rejet-mondialisation-europe\/"]}]},{"@type":"ImageObject","inLanguage":"fr-FR","@id":"https:\/\/visionarymarketing.com\/fr\/2013\/06\/28\/rejet-mondialisation-europe\/#primaryimage","url":"https:\/\/visionarymarketing.com\/wp-content\/uploads\/2013\/06\/untitled-3835-e1613127400919.jpg","contentUrl":"https:\/\/visionarymarketing.com\/wp-content\/uploads\/2013\/06\/untitled-3835-e1613127400919.jpg","width":519,"height":340},{"@type":"BreadcrumbList","@id":"https:\/\/visionarymarketing.com\/fr\/2013\/06\/28\/rejet-mondialisation-europe\/#breadcrumb","itemListElement":[{"@type":"ListItem","position":1,"name":"Home","item":"https:\/\/visionarymarketing.com\/fr\/"},{"@type":"ListItem","position":2,"name":"Vrai-faux du rejet de la mondialisation en Europe et en France"}]},{"@type":"WebSite","@id":"https:\/\/visionarymarketing.com\/fr\/#website","url":"https:\/\/visionarymarketing.com\/fr\/","name":"Marketing and Innovation","description":"Site d&#039;infos ind\u00e9pendant, depuis 1996","potentialAction":[{"@type":"SearchAction","target":{"@type":"EntryPoint","urlTemplate":"https:\/\/visionarymarketing.com\/fr\/?s={search_term_string}"},"query-input":{"@type":"PropertyValueSpecification","valueRequired":true,"valueName":"search_term_string"}}],"inLanguage":"fr-FR"},{"@type":"Person","@id":"https:\/\/visionarymarketing.com\/fr\/#\/schema\/person\/3754fee1e558f47b8deb46f53c37423e","name":"Yann Gourvennec","image":{"@type":"ImageObject","inLanguage":"fr-FR","@id":"https:\/\/secure.gravatar.com\/avatar\/5972001801e8de5692a3e31224e85769f50a55fb8b679749f9c8d1868cceff14?s=96&d=initials&r=g&initials=yg","url":"https:\/\/secure.gravatar.com\/avatar\/5972001801e8de5692a3e31224e85769f50a55fb8b679749f9c8d1868cceff14?s=96&d=initials&r=g&initials=yg","contentUrl":"https:\/\/secure.gravatar.com\/avatar\/5972001801e8de5692a3e31224e85769f50a55fb8b679749f9c8d1868cceff14?s=96&d=initials&r=g&initials=yg","caption":"Yann Gourvennec"},"description":"Yann Gourvennec created visionarymarketing.com in 1996. He is a speaker and author of many books. In 2014 he went from intrapreneur to entrepreneur, when he created his digital marketing agency. Yann Gourvennec a cr\u00e9\u00e9 visionarymarketing.com en 1996. Il est conf\u00e9rencier et auteur de plusieurs livres. En 2014, il est pass\u00e9 d'intrapreneur \u00e0 entrepreneur en cr\u00e9ant son agence de marketing num\u00e9rique.","sameAs":["https:\/\/visionarymarketing.com","http:\/\/facebook.com\/ygourven","http:\/\/linkedin.com\/in\/ygourven","https:\/\/x.com\/ygourven","https:\/\/www.youtube.com\/c\/visionarymarketingagency"],"url":"https:\/\/visionarymarketing.com\/fr\/author\/yann-gourvennec\/"}]}},"_links":{"self":[{"href":"https:\/\/visionarymarketing.com\/fr\/wp-json\/wp\/v2\/posts\/8625","targetHints":{"allow":["GET"]}}],"collection":[{"href":"https:\/\/visionarymarketing.com\/fr\/wp-json\/wp\/v2\/posts"}],"about":[{"href":"https:\/\/visionarymarketing.com\/fr\/wp-json\/wp\/v2\/types\/post"}],"author":[{"embeddable":true,"href":"https:\/\/visionarymarketing.com\/fr\/wp-json\/wp\/v2\/users\/2"}],"replies":[{"embeddable":true,"href":"https:\/\/visionarymarketing.com\/fr\/wp-json\/wp\/v2\/comments?post=8625"}],"version-history":[{"count":0,"href":"https:\/\/visionarymarketing.com\/fr\/wp-json\/wp\/v2\/posts\/8625\/revisions"}],"wp:featuredmedia":[{"embeddable":true,"href":"https:\/\/visionarymarketing.com\/fr\/wp-json\/wp\/v2\/media\/61403"}],"wp:attachment":[{"href":"https:\/\/visionarymarketing.com\/fr\/wp-json\/wp\/v2\/media?parent=8625"}],"wp:term":[{"taxonomy":"category","embeddable":true,"href":"https:\/\/visionarymarketing.com\/fr\/wp-json\/wp\/v2\/categories?post=8625"},{"taxonomy":"post_tag","embeddable":true,"href":"https:\/\/visionarymarketing.com\/fr\/wp-json\/wp\/v2\/tags?post=8625"}],"curies":[{"name":"wp","href":"https:\/\/api.w.org\/{rel}","templated":true}]}}