{"id":8518,"date":"2013-06-14T05:38:16","date_gmt":"2013-06-14T03:38:16","guid":{"rendered":"https:\/\/visionary.wordpress.com\/?p=8518"},"modified":"2023-06-13T07:08:37","modified_gmt":"2023-06-13T05:08:37","slug":"emba","status":"publish","type":"post","link":"https:\/\/visionarymarketing.com\/fr\/2013\/06\/14\/emba\/","title":{"rendered":"Telecom Ecole de Management lance son eMBA 100% digital et innovation"},"content":{"rendered":"<p><em><span style=\"color: #4f81bd;\"><img decoding=\"async\" class=\"wp-image-16618 size-full alignright\" src=\"https:\/\/visionarymarketing.com\/wp-content\/uploads\/2014\/11\/earth-large.gif\" alt=\"Terre\" width=\"150\" height=\"121\" \/>Hier soir, 13 juin 2013, j\u2019ai brav\u00e9 la gr\u00e8ve et le froid sib\u00e9rien afin d\u2019assister \u00e0 la pr\u00e9sentation de l\u2019eMBA de Mines Telecom Paris (la r\u00e9union des 2 grandes \u00e9coles sous le nom de ParisTech). Le nom du MBA est \u201c<\/span><\/em><b>leading innovation in a digital world\u201d. <\/b><em><span style=\"color: #4f81bd;\"><span class=\"removed_link\" title=\"http:\/\/fr.linkedin.com\/pub\/didier-tranchier\/0\/537\/710\">Didier Tranchier, Directeur du Programme MBA<\/span>, nous a pr\u00e9sent\u00e9 le programme, sa sp\u00e9cificit\u00e9 et sa philosophie, 100% digitale et innovation.<\/span><\/em><\/p>\n<p>Telecom Paris faisait partie du groupe Telecom (sur ses campus de Brest, Evry, et de <a href=\"https:\/\/www.telecom-paris.fr\" target=\"_blank\" rel=\"noopener noreferrer\">Telecoms Ecole de management<\/a>). Le <a href=\"https:\/\/www.telecom-paris.fr\" target=\"_blank\" rel=\"noopener noreferrer\">campus de Telecom Ecole de Management est \u00e0 Evry<\/a>, mais depuis la fusion avec Mines (m\u00eame si sur le Web tout cela para\u00eet encore largement confus) le regroupement au sein de ParisTech l\u2019ensemble constitue un des premiers campus europ\u00e9ens fait du regroupement de 13 \u00e9coles d&rsquo;ing\u00e9nieurs (<span class=\"removed_link\" title=\"http:\/\/www.telecom-paristech.fr\/telecom-paristech\/ecole\/ecole-institut-mines-telecom.html\">j\u2019en compte beaucoup peu plus que \u00e7a sur le site Web,<\/span> surtout si on ajoute les \u00e9coles associ\u00e9es).<\/p>\n<h2>Un nouveau eMBA, 100% innovation et digital<\/h2>\n<p>&nbsp;<\/p>\n<p><a href=\"https:\/\/web.archive.org\/web\/20180512184822\/http:\/\/www.telecom-em.eu:80\/emba\" target=\"_blank\" rel=\"noopener noreferrer\">Il y a 6 mois, ils ont lanc\u00e9 leur eMBA<\/a>, accr\u00e9dit\u00e9 par Aacsb et AMBA (<a href=\"https:\/\/web.archive.org\/web\/20200927030208\/http:\/\/rankings.ft.com\/businessschoolrankings\/telecom-business-school\/masters-in-management-2012\" target=\"_blank\" rel=\"noopener noreferrer\">ce qui leur vaut le rang 41 sur la liste du FT<\/a> des <em>masters in managament<\/em>) qui est enti\u00e8rement centr\u00e9 sur l&rsquo;innovation technologique. Selon <span class=\"removed_link\" title=\"http:\/\/fr.linkedin.com\/pub\/didier-tranchier\/0\/537\/710\">Didier Tanchier, Directeur du Programme MBA, entrepreneur et business angel<\/span>, il s\u2019agirait selon lui <strong><em>du seul MBA en Europe bas\u00e9 sur l&rsquo;innovation technologique<\/em><\/strong>.<!--more--><\/p>\n<p>Le syst\u00e8me est tr\u00e8s diff\u00e9rent aux USA o\u00f9 on m\u00e9lange \u00e0 la fois science et business nous dit Didier. Ce n\u2019est pas le cas en France o\u00f9 \u00e9coles de management et d\u2019ing\u00e9nieurs se tournent le dos. Et pourtant, pour innover, on le r\u00e9p\u00e8te assez sur ce blog depuis la nuit des temps, <strong>il faut comprendre les 2 aspects<\/strong>. Le eMBA de Telecom Institut de Management reprend donc cet \u00e9tat d&rsquo;esprit des grandes universit\u00e9s am\u00e9ricaines pour aider \u00e0 comprendre la num\u00e9risation et la transformation de l&rsquo;\u00e9conomie via les technologies et l&rsquo;Internet.<\/p>\n<p><strong><span style=\"color: #666666;\">18 mois pour devenir un leader de l\u2019innovation<\/span><\/strong><\/p>\n<p>Il y a dans ce eMBA des programmes similaires au MIT et Stanford selon Didier Tranchier. Un Executive MBA, c\u2019est une pause offerte dans une carri\u00e8re pour des personnes entre 5 et 15 ans d&rsquo;exp\u00e9rience qui continuent \u00e0 travailler et veulent rebondir. Le cycle dure 18 mois ; la prochaine promotion commence en janvier 2014 et finit en avril 2015. La formation est organis\u00e9e en sessions de 3 jours qui ont lieu \u00e0 l&rsquo;ENST (Paris 13\u00e8me, rue Barrault) ou aux Mines de Paris (<a href=\"http:\/\/flickr.com\/photos\/mediaaces\" target=\"_blank\" rel=\"noopener noreferrer\">au Luxembourg, que les amis de Media Aces connaissent bien<\/a>).\u00a0 A la fin de chaque p\u00e9riode un voyage d\u2019\u00e9tude est organis\u00e9. Le 1er voyage, sera Chennai (anciennement Madras) et Bangalore (2 villes tr\u00e8s diff\u00e9rentes). Le 2\u00e8me emm\u00e8nera les \u00e9tudiants en Finlande (\u00e0 Tampere) et il y aua l\u2019in\u00e9vitable Silicon Valley. <a href=\"https:\/\/en.wikipedia.org\/wiki\/List_of_tech_parks_in_Chennai\" target=\"_blank\" rel=\"noopener noreferrer\">Chennai : c&rsquo;est la nouvelle capitale de l&rsquo;informatique en Inde<\/a>. \u201cOn y recrute et on y garde le personnel plus facilement\u201d selon Didier Tranchier. Ce ne sont pas forc\u00e9ment des SSII sous traitantes qui s\u2019y implantent \u201cmais des bo\u00eetes qui travaillent l\u2019informatique de bout en bout\u201d.<\/p>\n<p><strong><span style=\"color: #666666;\">Apprendre aussi des erreurs des autres\u00a0 \u2026<\/span><\/strong><\/p>\n<p>Pourquoi la Finlande ? \u201cC&rsquo;est Nokia qui a fait d\u00e9coller le t\u00e9l\u00e9phone mobile mais aujourd&rsquo;hui Nokia a \u00e9t\u00e9 \u00e9clips\u00e9 par Apple\u201d a expliqu\u00e9 Didier Tranchier. La Finlande est pourtant un pays innovant avec un \u00e9cosyst\u00e8me extr\u00eamement riche. Un nouveau champion mondial va-t-il se d\u00e9velopper en Finlande ? C\u2019est toute la question, \u00e0 laquelle les \u00e9tudiants pourront tenter de r\u00e9pondre.<\/p>\n<p>Pourquoi ne trouve-t-on pas Silicon Roundabout ni Tel Aviv dans ce programme ? Isra\u00ebl est la \u00ab\u00a0startup nation\u00a0\u00bb nous dit Didier Tranchier mais \u201cson souci est qu&rsquo;ils n&rsquo;ont pas de clients locaux\u201d m\u00eame si la diaspora est tr\u00e8s forte et tr\u00e8s solidaire.\u00a0 \u201cIls sont tr\u00e8s forts sur la partie militaire vu la proximit\u00e9 avec l&rsquo;arm\u00e9e isra\u00e9lienne\u201d. Mais le \u201cbut n&rsquo;est pas d&rsquo;aller dans tous les endroits (il y a Berlin aussi, et ce serait m\u00eame plus fort que Londres)\u201d. Quant \u00e0 la Silicon Valley, \u201celle commence \u00e0 \u00eatre d\u00e9s\u00e9quilibr\u00e9e car le co\u00fbt du d\u00e9veloppement est exorbitant et le mod\u00e8le est en panne\u201d m\u00eame si la machine est loin d\u2019\u00eatre arr\u00eat\u00e9e, on en conviendra.<\/p>\n<p>Aujourd&rsquo;hui, Didier voit aussi beaucoup de startups venir d&rsquo;Afrique et autres endroits o\u00f9 il n&rsquo;y a pas d&rsquo;infrastructure. De nouvelles perspectives s\u2019ouvrent. Une affirmation confirm\u00e9e le soir m\u00eame par Richard Attias sur LCI, \u201cla croissance de certains pays africains comme la C\u00f4te d\u2019Ivoire approche de 10% et fait \u00e9merger de nouveaux chammpions, o\u00f9 malheureusement la pauvret\u00e9 subsiste en parall\u00e8le\u201d a-t-il dit en substance.<\/p>\n<p><strong>La France n\u2019a pas \u00e0 rougir<\/strong><\/p>\n<p>Le choix du mba est de comprendre ce qui se passe dans certains endroits mais pas de tout voir. La France n&rsquo;a pas \u00e0 rougir selon lui et elle est m\u00eame bien positionn\u00e9e notamment sur la R&amp;D. Les profs viennent de France et de l&rsquo;international (on y trouve <a href=\"http:\/\/www.oezratty.net\/wordpress\/\" target=\"_blank\" rel=\"noopener noreferrer\">Olivier Ezratty<\/a> entre autres, qui est un de mes confr\u00e8res <a href=\"http:\/\/www.editions-kawa.com\/index.php\" target=\"_blank\" rel=\"noopener noreferrer\">auteur chez Kawa \u00e9ditions<\/a>).<\/p>\n<p><strong>Une originalit\u00e9 : enseigner le savoir-<em>\u00eatre<\/em><\/strong><\/p>\n<p><strong>Une des caract\u00e9ristiques du programme est d&rsquo;insister sur le savoir-\u00eatre et non pas se limiter au savoir-faire<\/strong>. Les aspects socio-culturels sont importants et le programme encadre les \u00e9tudiants et incube aussit\u00f4t des startups. Sur la partie multiculturelle le programme traite aussi des sujets comme le management de s \u00e9quipes \u00e0 distance par exemple. La crise est une \u00e9norme opportunit\u00e9 selon Didier ;\u00a0 \u201con est en train de reconstruire une nouvelle \u00e9conomie avec le digital a-t-il conclu\u201d. Car la technologie cr\u00e9\u00e9 aussi des march\u00e9s sans limites du moins sans limites visibles.<\/p>\n<p><strong>Le co\u00fbt du programme<\/strong><\/p>\n<p>Il en co\u00fbtera 30k\u20ac pour le programme. 10 \u00e9tudiants seront recrut\u00e9s sur la premi\u00e8re promotion, et la limite \u201csera fix\u00e9e \u00e0 20 \u00e9tudiants dans le futur\u201d a pr\u00e9cis\u00e9 Didier Tranchier. Les \u00e9tudiants auront des origines diverses, avec des commerciaux, des ingenieurs et m\u00eame des litt\u00e9raires, des gens de startups et de grands groupes. Les cours sont livr\u00e9s en Anglais par des professeurs fran\u00e7ais et \u00e9trangers.<\/p>\n<p><strong><a href=\"https:\/\/www.telecom-paris.fr\" target=\"_blank\" rel=\"noopener noreferrer\">&gt;&gt; pour s\u2019inscrire au eMBA<\/a><\/strong><\/p>\n","protected":false},"excerpt":{"rendered":"<p>Hier soir, 13 juin 2013, j\u2019ai brav\u00e9 la gr\u00e8ve et le froid sib\u00e9rien afin d\u2019assister \u00e0 la pr\u00e9sentation de l\u2019eMBA de Mines Telecom Paris (la r\u00e9union des 2 grandes \u00e9coles sous le nom de ParisTech). Le nom du MBA est \u201cleading innovation in a digital world\u201d. Didier Tranchier, Directeur du Programme MBA, nous a pr\u00e9sent\u00e9 &hellip;<\/p>\n","protected":false},"author":2,"featured_media":55270,"comment_status":"open","ping_status":"open","sticky":false,"template":"","format":"standard","meta":{"footnotes":""},"categories":[4059],"tags":[],"class_list":["post-8518","post","type-post","status-publish","format-standard","has-post-thumbnail","hentry","category-formation-et-elearning"],"yoast_head":"<!-- This site is optimized with the Yoast SEO plugin v27.4 - https:\/\/yoast.com\/product\/yoast-seo-wordpress\/ -->\n<title>Telecom Ecole de Management lance son eMBA 100% digital et innovation<\/title>\n<meta name=\"description\" content=\"Hier soir, 13 juin 2013, j\u2019ai brav\u00e9 la gr\u00e8ve et le froid sib\u00e9rien afin d\u2019assister \u00e0 la pr\u00e9sentation de l\u2019eMBA de Mines Telecom Paris\" \/>\n<meta name=\"robots\" content=\"index, follow, max-snippet:-1, max-image-preview:large, max-video-preview:-1\" \/>\n<link rel=\"canonical\" href=\"https:\/\/visionarymarketing.com\/fr\/2013\/06\/14\/emba\/\" \/>\n<meta property=\"og:locale\" content=\"fr_FR\" \/>\n<meta property=\"og:type\" content=\"article\" \/>\n<meta property=\"og:title\" content=\"Telecom Ecole de Management lance son eMBA 100% digital et innovation\" \/>\n<meta property=\"og:description\" content=\"Hier soir, 13 juin 2013, j\u2019ai brav\u00e9 la gr\u00e8ve et le froid sib\u00e9rien afin d\u2019assister \u00e0 la pr\u00e9sentation de l\u2019eMBA de Mines Telecom Paris\" \/>\n<meta property=\"og:url\" content=\"https:\/\/visionarymarketing.com\/fr\/2013\/06\/14\/emba\/\" \/>\n<meta property=\"og:site_name\" content=\"Marketing and Innovation\" \/>\n<meta property=\"article:publisher\" content=\"https:\/\/www.facebook.com\/vismktg\" \/>\n<meta property=\"article:author\" content=\"http:\/\/facebook.com\/ygourven\" \/>\n<meta property=\"article:published_time\" content=\"2013-06-14T03:38:16+00:00\" \/>\n<meta property=\"article:modified_time\" content=\"2023-06-13T05:08:37+00:00\" \/>\n<meta property=\"og:image\" content=\"https:\/\/visionarymarketing.com\/wp-content\/uploads\/2020\/09\/suez-local-authorities-water-management-smart-storm-real-time-1000x563-1-e1597681749296.jpg\" \/>\n\t<meta property=\"og:image:width\" content=\"519\" \/>\n\t<meta property=\"og:image:height\" content=\"339\" \/>\n\t<meta property=\"og:image:type\" content=\"image\/jpeg\" \/>\n<meta name=\"author\" content=\"Yann Gourvennec\" \/>\n<meta name=\"twitter:card\" content=\"summary_large_image\" \/>\n<meta name=\"twitter:creator\" content=\"@ygourven\" \/>\n<meta name=\"twitter:site\" content=\"@ygourven\" \/>\n<meta name=\"twitter:label1\" content=\"\u00c9crit par\" \/>\n\t<meta name=\"twitter:data1\" content=\"Yann Gourvennec\" \/>\n\t<meta name=\"twitter:label2\" content=\"Dur\u00e9e de lecture estim\u00e9e\" \/>\n\t<meta name=\"twitter:data2\" content=\"5 minutes\" \/>\n<script type=\"application\/ld+json\" class=\"yoast-schema-graph\">{\"@context\":\"https:\\\/\\\/schema.org\",\"@graph\":[{\"@type\":\"NewsArticle\",\"@id\":\"https:\\\/\\\/visionarymarketing.com\\\/fr\\\/2013\\\/06\\\/14\\\/emba\\\/#article\",\"isPartOf\":{\"@id\":\"https:\\\/\\\/visionarymarketing.com\\\/fr\\\/2013\\\/06\\\/14\\\/emba\\\/\"},\"author\":{\"name\":\"Yann Gourvennec\",\"@id\":\"https:\\\/\\\/visionarymarketing.com\\\/fr\\\/#\\\/schema\\\/person\\\/3754fee1e558f47b8deb46f53c37423e\"},\"headline\":\"Telecom Ecole de Management lance son eMBA 100% digital et innovation\",\"datePublished\":\"2013-06-14T03:38:16+00:00\",\"dateModified\":\"2023-06-13T05:08:37+00:00\",\"mainEntityOfPage\":{\"@id\":\"https:\\\/\\\/visionarymarketing.com\\\/fr\\\/2013\\\/06\\\/14\\\/emba\\\/\"},\"wordCount\":1071,\"commentCount\":8,\"image\":{\"@id\":\"https:\\\/\\\/visionarymarketing.com\\\/fr\\\/2013\\\/06\\\/14\\\/emba\\\/#primaryimage\"},\"thumbnailUrl\":\"https:\\\/\\\/visionarymarketing.com\\\/wp-content\\\/uploads\\\/2020\\\/09\\\/suez-local-authorities-water-management-smart-storm-real-time-1000x563-1-e1597681749296.jpg\",\"articleSection\":[\"formation et elearning\"],\"inLanguage\":\"fr-FR\",\"potentialAction\":[{\"@type\":\"CommentAction\",\"name\":\"Comment\",\"target\":[\"https:\\\/\\\/visionarymarketing.com\\\/fr\\\/2013\\\/06\\\/14\\\/emba\\\/#respond\"]}]},{\"@type\":\"WebPage\",\"@id\":\"https:\\\/\\\/visionarymarketing.com\\\/fr\\\/2013\\\/06\\\/14\\\/emba\\\/\",\"url\":\"https:\\\/\\\/visionarymarketing.com\\\/fr\\\/2013\\\/06\\\/14\\\/emba\\\/\",\"name\":\"Telecom Ecole de Management lance son eMBA 100% digital et innovation\",\"isPartOf\":{\"@id\":\"https:\\\/\\\/visionarymarketing.com\\\/fr\\\/#website\"},\"primaryImageOfPage\":{\"@id\":\"https:\\\/\\\/visionarymarketing.com\\\/fr\\\/2013\\\/06\\\/14\\\/emba\\\/#primaryimage\"},\"image\":{\"@id\":\"https:\\\/\\\/visionarymarketing.com\\\/fr\\\/2013\\\/06\\\/14\\\/emba\\\/#primaryimage\"},\"thumbnailUrl\":\"https:\\\/\\\/visionarymarketing.com\\\/wp-content\\\/uploads\\\/2020\\\/09\\\/suez-local-authorities-water-management-smart-storm-real-time-1000x563-1-e1597681749296.jpg\",\"datePublished\":\"2013-06-14T03:38:16+00:00\",\"dateModified\":\"2023-06-13T05:08:37+00:00\",\"author\":{\"@id\":\"https:\\\/\\\/visionarymarketing.com\\\/fr\\\/#\\\/schema\\\/person\\\/3754fee1e558f47b8deb46f53c37423e\"},\"description\":\"Hier soir, 13 juin 2013, j\u2019ai brav\u00e9 la gr\u00e8ve et le froid sib\u00e9rien afin d\u2019assister \u00e0 la pr\u00e9sentation de l\u2019eMBA de Mines Telecom Paris\",\"breadcrumb\":{\"@id\":\"https:\\\/\\\/visionarymarketing.com\\\/fr\\\/2013\\\/06\\\/14\\\/emba\\\/#breadcrumb\"},\"inLanguage\":\"fr-FR\",\"potentialAction\":[{\"@type\":\"ReadAction\",\"target\":[\"https:\\\/\\\/visionarymarketing.com\\\/fr\\\/2013\\\/06\\\/14\\\/emba\\\/\"]}]},{\"@type\":\"ImageObject\",\"inLanguage\":\"fr-FR\",\"@id\":\"https:\\\/\\\/visionarymarketing.com\\\/fr\\\/2013\\\/06\\\/14\\\/emba\\\/#primaryimage\",\"url\":\"https:\\\/\\\/visionarymarketing.com\\\/wp-content\\\/uploads\\\/2020\\\/09\\\/suez-local-authorities-water-management-smart-storm-real-time-1000x563-1-e1597681749296.jpg\",\"contentUrl\":\"https:\\\/\\\/visionarymarketing.com\\\/wp-content\\\/uploads\\\/2020\\\/09\\\/suez-local-authorities-water-management-smart-storm-real-time-1000x563-1-e1597681749296.jpg\",\"width\":519,\"height\":339},{\"@type\":\"BreadcrumbList\",\"@id\":\"https:\\\/\\\/visionarymarketing.com\\\/fr\\\/2013\\\/06\\\/14\\\/emba\\\/#breadcrumb\",\"itemListElement\":[{\"@type\":\"ListItem\",\"position\":1,\"name\":\"Home\",\"item\":\"https:\\\/\\\/visionarymarketing.com\\\/fr\\\/\"},{\"@type\":\"ListItem\",\"position\":2,\"name\":\"Telecom Ecole de Management lance son eMBA 100% digital et innovation\"}]},{\"@type\":\"WebSite\",\"@id\":\"https:\\\/\\\/visionarymarketing.com\\\/fr\\\/#website\",\"url\":\"https:\\\/\\\/visionarymarketing.com\\\/fr\\\/\",\"name\":\"Marketing and Innovation\",\"description\":\"Site d&#039;infos ind\u00e9pendant, depuis 1996\",\"potentialAction\":[{\"@type\":\"SearchAction\",\"target\":{\"@type\":\"EntryPoint\",\"urlTemplate\":\"https:\\\/\\\/visionarymarketing.com\\\/fr\\\/?s={search_term_string}\"},\"query-input\":{\"@type\":\"PropertyValueSpecification\",\"valueRequired\":true,\"valueName\":\"search_term_string\"}}],\"inLanguage\":\"fr-FR\"},{\"@type\":\"Person\",\"@id\":\"https:\\\/\\\/visionarymarketing.com\\\/fr\\\/#\\\/schema\\\/person\\\/3754fee1e558f47b8deb46f53c37423e\",\"name\":\"Yann Gourvennec\",\"image\":{\"@type\":\"ImageObject\",\"inLanguage\":\"fr-FR\",\"@id\":\"https:\\\/\\\/secure.gravatar.com\\\/avatar\\\/5972001801e8de5692a3e31224e85769f50a55fb8b679749f9c8d1868cceff14?s=96&d=initials&r=g&initials=yg\",\"url\":\"https:\\\/\\\/secure.gravatar.com\\\/avatar\\\/5972001801e8de5692a3e31224e85769f50a55fb8b679749f9c8d1868cceff14?s=96&d=initials&r=g&initials=yg\",\"contentUrl\":\"https:\\\/\\\/secure.gravatar.com\\\/avatar\\\/5972001801e8de5692a3e31224e85769f50a55fb8b679749f9c8d1868cceff14?s=96&d=initials&r=g&initials=yg\",\"caption\":\"Yann Gourvennec\"},\"description\":\"Yann Gourvennec created visionarymarketing.com in 1996. He is a speaker and author of many books. In 2014 he went from intrapreneur to entrepreneur, when he created his digital marketing agency. Yann Gourvennec a cr\u00e9\u00e9 visionarymarketing.com en 1996. Il est conf\u00e9rencier et auteur de plusieurs livres. En 2014, il est pass\u00e9 d'intrapreneur \u00e0 entrepreneur en cr\u00e9ant son agence de marketing num\u00e9rique.\",\"sameAs\":[\"https:\\\/\\\/visionarymarketing.com\",\"http:\\\/\\\/facebook.com\\\/ygourven\",\"http:\\\/\\\/linkedin.com\\\/in\\\/ygourven\",\"https:\\\/\\\/x.com\\\/ygourven\",\"https:\\\/\\\/www.youtube.com\\\/c\\\/visionarymarketingagency\"],\"url\":\"https:\\\/\\\/visionarymarketing.com\\\/fr\\\/author\\\/yann-gourvennec\\\/\"}]}<\/script>\n<!-- \/ Yoast SEO plugin. -->","yoast_head_json":{"title":"Telecom Ecole de Management lance son eMBA 100% digital et innovation","description":"Hier soir, 13 juin 2013, j\u2019ai brav\u00e9 la gr\u00e8ve et le froid sib\u00e9rien afin d\u2019assister \u00e0 la pr\u00e9sentation de l\u2019eMBA de Mines Telecom Paris","robots":{"index":"index","follow":"follow","max-snippet":"max-snippet:-1","max-image-preview":"max-image-preview:large","max-video-preview":"max-video-preview:-1"},"canonical":"https:\/\/visionarymarketing.com\/fr\/2013\/06\/14\/emba\/","og_locale":"fr_FR","og_type":"article","og_title":"Telecom Ecole de Management lance son eMBA 100% digital et innovation","og_description":"Hier soir, 13 juin 2013, j\u2019ai brav\u00e9 la gr\u00e8ve et le froid sib\u00e9rien afin d\u2019assister \u00e0 la pr\u00e9sentation de l\u2019eMBA de Mines Telecom Paris","og_url":"https:\/\/visionarymarketing.com\/fr\/2013\/06\/14\/emba\/","og_site_name":"Marketing and Innovation","article_publisher":"https:\/\/www.facebook.com\/vismktg","article_author":"http:\/\/facebook.com\/ygourven","article_published_time":"2013-06-14T03:38:16+00:00","article_modified_time":"2023-06-13T05:08:37+00:00","og_image":[{"width":519,"height":339,"url":"https:\/\/visionarymarketing.com\/wp-content\/uploads\/2020\/09\/suez-local-authorities-water-management-smart-storm-real-time-1000x563-1-e1597681749296.jpg","type":"image\/jpeg"}],"author":"Yann Gourvennec","twitter_card":"summary_large_image","twitter_creator":"@ygourven","twitter_site":"@ygourven","twitter_misc":{"\u00c9crit par":"Yann Gourvennec","Dur\u00e9e de lecture estim\u00e9e":"5 minutes"},"schema":{"@context":"https:\/\/schema.org","@graph":[{"@type":"NewsArticle","@id":"https:\/\/visionarymarketing.com\/fr\/2013\/06\/14\/emba\/#article","isPartOf":{"@id":"https:\/\/visionarymarketing.com\/fr\/2013\/06\/14\/emba\/"},"author":{"name":"Yann Gourvennec","@id":"https:\/\/visionarymarketing.com\/fr\/#\/schema\/person\/3754fee1e558f47b8deb46f53c37423e"},"headline":"Telecom Ecole de Management lance son eMBA 100% digital et innovation","datePublished":"2013-06-14T03:38:16+00:00","dateModified":"2023-06-13T05:08:37+00:00","mainEntityOfPage":{"@id":"https:\/\/visionarymarketing.com\/fr\/2013\/06\/14\/emba\/"},"wordCount":1071,"commentCount":8,"image":{"@id":"https:\/\/visionarymarketing.com\/fr\/2013\/06\/14\/emba\/#primaryimage"},"thumbnailUrl":"https:\/\/visionarymarketing.com\/wp-content\/uploads\/2020\/09\/suez-local-authorities-water-management-smart-storm-real-time-1000x563-1-e1597681749296.jpg","articleSection":["formation et elearning"],"inLanguage":"fr-FR","potentialAction":[{"@type":"CommentAction","name":"Comment","target":["https:\/\/visionarymarketing.com\/fr\/2013\/06\/14\/emba\/#respond"]}]},{"@type":"WebPage","@id":"https:\/\/visionarymarketing.com\/fr\/2013\/06\/14\/emba\/","url":"https:\/\/visionarymarketing.com\/fr\/2013\/06\/14\/emba\/","name":"Telecom Ecole de Management lance son eMBA 100% digital et innovation","isPartOf":{"@id":"https:\/\/visionarymarketing.com\/fr\/#website"},"primaryImageOfPage":{"@id":"https:\/\/visionarymarketing.com\/fr\/2013\/06\/14\/emba\/#primaryimage"},"image":{"@id":"https:\/\/visionarymarketing.com\/fr\/2013\/06\/14\/emba\/#primaryimage"},"thumbnailUrl":"https:\/\/visionarymarketing.com\/wp-content\/uploads\/2020\/09\/suez-local-authorities-water-management-smart-storm-real-time-1000x563-1-e1597681749296.jpg","datePublished":"2013-06-14T03:38:16+00:00","dateModified":"2023-06-13T05:08:37+00:00","author":{"@id":"https:\/\/visionarymarketing.com\/fr\/#\/schema\/person\/3754fee1e558f47b8deb46f53c37423e"},"description":"Hier soir, 13 juin 2013, j\u2019ai brav\u00e9 la gr\u00e8ve et le froid sib\u00e9rien afin d\u2019assister \u00e0 la pr\u00e9sentation de l\u2019eMBA de Mines Telecom Paris","breadcrumb":{"@id":"https:\/\/visionarymarketing.com\/fr\/2013\/06\/14\/emba\/#breadcrumb"},"inLanguage":"fr-FR","potentialAction":[{"@type":"ReadAction","target":["https:\/\/visionarymarketing.com\/fr\/2013\/06\/14\/emba\/"]}]},{"@type":"ImageObject","inLanguage":"fr-FR","@id":"https:\/\/visionarymarketing.com\/fr\/2013\/06\/14\/emba\/#primaryimage","url":"https:\/\/visionarymarketing.com\/wp-content\/uploads\/2020\/09\/suez-local-authorities-water-management-smart-storm-real-time-1000x563-1-e1597681749296.jpg","contentUrl":"https:\/\/visionarymarketing.com\/wp-content\/uploads\/2020\/09\/suez-local-authorities-water-management-smart-storm-real-time-1000x563-1-e1597681749296.jpg","width":519,"height":339},{"@type":"BreadcrumbList","@id":"https:\/\/visionarymarketing.com\/fr\/2013\/06\/14\/emba\/#breadcrumb","itemListElement":[{"@type":"ListItem","position":1,"name":"Home","item":"https:\/\/visionarymarketing.com\/fr\/"},{"@type":"ListItem","position":2,"name":"Telecom Ecole de Management lance son eMBA 100% digital et innovation"}]},{"@type":"WebSite","@id":"https:\/\/visionarymarketing.com\/fr\/#website","url":"https:\/\/visionarymarketing.com\/fr\/","name":"Marketing and Innovation","description":"Site d&#039;infos ind\u00e9pendant, depuis 1996","potentialAction":[{"@type":"SearchAction","target":{"@type":"EntryPoint","urlTemplate":"https:\/\/visionarymarketing.com\/fr\/?s={search_term_string}"},"query-input":{"@type":"PropertyValueSpecification","valueRequired":true,"valueName":"search_term_string"}}],"inLanguage":"fr-FR"},{"@type":"Person","@id":"https:\/\/visionarymarketing.com\/fr\/#\/schema\/person\/3754fee1e558f47b8deb46f53c37423e","name":"Yann Gourvennec","image":{"@type":"ImageObject","inLanguage":"fr-FR","@id":"https:\/\/secure.gravatar.com\/avatar\/5972001801e8de5692a3e31224e85769f50a55fb8b679749f9c8d1868cceff14?s=96&d=initials&r=g&initials=yg","url":"https:\/\/secure.gravatar.com\/avatar\/5972001801e8de5692a3e31224e85769f50a55fb8b679749f9c8d1868cceff14?s=96&d=initials&r=g&initials=yg","contentUrl":"https:\/\/secure.gravatar.com\/avatar\/5972001801e8de5692a3e31224e85769f50a55fb8b679749f9c8d1868cceff14?s=96&d=initials&r=g&initials=yg","caption":"Yann Gourvennec"},"description":"Yann Gourvennec created visionarymarketing.com in 1996. He is a speaker and author of many books. In 2014 he went from intrapreneur to entrepreneur, when he created his digital marketing agency. Yann Gourvennec a cr\u00e9\u00e9 visionarymarketing.com en 1996. Il est conf\u00e9rencier et auteur de plusieurs livres. En 2014, il est pass\u00e9 d'intrapreneur \u00e0 entrepreneur en cr\u00e9ant son agence de marketing num\u00e9rique.","sameAs":["https:\/\/visionarymarketing.com","http:\/\/facebook.com\/ygourven","http:\/\/linkedin.com\/in\/ygourven","https:\/\/x.com\/ygourven","https:\/\/www.youtube.com\/c\/visionarymarketingagency"],"url":"https:\/\/visionarymarketing.com\/fr\/author\/yann-gourvennec\/"}]}},"_links":{"self":[{"href":"https:\/\/visionarymarketing.com\/fr\/wp-json\/wp\/v2\/posts\/8518","targetHints":{"allow":["GET"]}}],"collection":[{"href":"https:\/\/visionarymarketing.com\/fr\/wp-json\/wp\/v2\/posts"}],"about":[{"href":"https:\/\/visionarymarketing.com\/fr\/wp-json\/wp\/v2\/types\/post"}],"author":[{"embeddable":true,"href":"https:\/\/visionarymarketing.com\/fr\/wp-json\/wp\/v2\/users\/2"}],"replies":[{"embeddable":true,"href":"https:\/\/visionarymarketing.com\/fr\/wp-json\/wp\/v2\/comments?post=8518"}],"version-history":[{"count":0,"href":"https:\/\/visionarymarketing.com\/fr\/wp-json\/wp\/v2\/posts\/8518\/revisions"}],"wp:featuredmedia":[{"embeddable":true,"href":"https:\/\/visionarymarketing.com\/fr\/wp-json\/wp\/v2\/media\/55270"}],"wp:attachment":[{"href":"https:\/\/visionarymarketing.com\/fr\/wp-json\/wp\/v2\/media?parent=8518"}],"wp:term":[{"taxonomy":"category","embeddable":true,"href":"https:\/\/visionarymarketing.com\/fr\/wp-json\/wp\/v2\/categories?post=8518"},{"taxonomy":"post_tag","embeddable":true,"href":"https:\/\/visionarymarketing.com\/fr\/wp-json\/wp\/v2\/tags?post=8518"}],"curies":[{"name":"wp","href":"https:\/\/api.w.org\/{rel}","templated":true}]}}