{"id":84947,"date":"2025-11-17T07:00:29","date_gmt":"2025-11-17T06:00:29","guid":{"rendered":"https:\/\/visionarymarketing.com\/?p=84947"},"modified":"2025-11-19T10:24:40","modified_gmt":"2025-11-19T09:24:40","slug":"transition-ecologique-entrepreneuriale","status":"publish","type":"post","link":"https:\/\/visionarymarketing.com\/fr\/2025\/11\/17\/transition-ecologique-entrepreneuriale\/","title":{"rendered":"La transition \u00e9cologique entrepreneuriale, comme diff\u00e9renciation"},"content":{"rendered":"\n<p>La transition \u00e9cologique entrepreneuriale oblige \u00e0 concilier performance \u00e9conomique et engagement environnemental. Ce qui n&rsquo;est pas facile. Dans un contexte \u00e9conomique tr\u00e8s difficile, la question de la survie entrepreneuriale prend une dimension nouvelle. Ces interrogations, loin d&rsquo;\u00eatre un dilemme, constituent aujourd&rsquo;hui l&rsquo;une des cl\u00e9s de la r\u00e9ussite durable selon Thomas Burbidge. Entrepreneur sp\u00e9cialis\u00e9 dans l&rsquo;accompagnement des ind\u00e9pendants et auteur du livre \u00ab <a href=\"https:\/\/www.eyrolles.com\/Entreprise\/Livre\/sauver-sa-peau-sa-boite-et-la-planete-9782416013397\/\">Sauver sa peau, sa bo\u00eete et la plan\u00e8te<\/a> \u00bb publi\u00e9 chez Eyrolles, il nous distille ici ses conseils. Ce billet est le r\u00e9sum\u00e9 d&rsquo;un webinaire qui a eu lieu le 14 novembre sur LinkedIn. Vous en trouverez la vid\u00e9o en fin d&rsquo;article. <\/p>\n\n\n\n<h2 class=\"wp-block-heading\">La transition \u00e9cologique entrepreneuriale, aller au-del\u00e0 de l&rsquo;imp\u00e9ratif moral<\/h2>\n\n\n\n<figure class=\"wp-block-image size-large\"><img decoding=\"async\" width=\"1024\" height=\"684\" src=\"https:\/\/visionarymarketing.com\/wp-content\/uploads\/2025\/11\/36975578431-24355c12b3-k-1-1024x684.jpg\" alt=\"La transition \u00e9cologique entrepreneuriale, \u00e9l\u00e9ment de diff\u00e9renciation\" class=\"wp-image-84951\" style=\"aspect-ratio:16\/9;object-fit:cover\" srcset=\"https:\/\/visionarymarketing.com\/wp-content\/uploads\/2025\/11\/36975578431-24355c12b3-k-1-1024x684.jpg 1024w, https:\/\/visionarymarketing.com\/wp-content\/uploads\/2025\/11\/36975578431-24355c12b3-k-1-449x300.jpg 449w, https:\/\/visionarymarketing.com\/wp-content\/uploads\/2025\/11\/36975578431-24355c12b3-k-1-768x513.jpg 768w, https:\/\/visionarymarketing.com\/wp-content\/uploads\/2025\/11\/36975578431-24355c12b3-k-1-1536x1025.jpg 1536w, https:\/\/visionarymarketing.com\/wp-content\/uploads\/2025\/11\/36975578431-24355c12b3-k-1.jpg 1618w\" sizes=\"(max-width: 1024px) 100vw, 1024px\" \/><figcaption class=\"wp-element-caption\">La transition \u00e9cologique entrepreneuriale est un \u00e9l\u00e9ment de diff\u00e9renciation qui peut elle aussi emmener l&rsquo;entrepreneur vers les sommets. image <a href=\"https:\/\/antimuseum.com\" target=\"_blank\" rel=\"noreferrer noopener\">antimuseum.com<\/a><\/figcaption><\/figure>\n\n\n\n<p>Dans son livre Thomas d\u00e9montre que l&rsquo;engagement \u00e9cologique repr\u00e9sente d\u00e9sormais un levier strat\u00e9gique incontournable. Selon lui, il est possible de r\u00e9ussir sa transition \u00e9cologique entrepreneuriale et d&rsquo;assurer la p\u00e9rennit\u00e9 de son entreprise.<\/p>\n\n\n\n<!--more-->\n\n\n\n<p>\u00c0 travers son podcast \u00ab <a href=\"https:\/\/podcasts.apple.com\/fr\/podcast\/young-white-freelance\/id1234567890\">Young, White &amp; Freelance<\/a> \u00bb et ses accompagnements, Thomas a observ\u00e9 plus de 10 000 entrepreneurs. Ceux-ci sont confront\u00e9s \u00e0 une double exigence. <strong>Maintenir son activit\u00e9 \u00e0 flot tout en r\u00e9pondant aux enjeux environnementaux<\/strong>. Son approche pragmatique r\u00e9v\u00e8le comment transformer cette apparente contrainte en v\u00e9ritable opportunit\u00e9 de diff\u00e9renciation et de croissance durable.<\/p>\n\n\n\n<figure class=\"wp-block-image size-large\"><img decoding=\"async\" width=\"1024\" height=\"574\" src=\"https:\/\/visionarymarketing.com\/wp-content\/uploads\/2025\/11\/ygourven-split-screen-composition-showing-an-overwhelmed-entrep-003c60d4-23a5-4ed6-a058-74522cc43e17-1024x574.jpg\" alt=\"La transition \u00e9cologique entrepreneuriale, \u00e9l\u00e9ment de diff\u00e9renciation\" class=\"wp-image-84954\" srcset=\"https:\/\/visionarymarketing.com\/wp-content\/uploads\/2025\/11\/ygourven-split-screen-composition-showing-an-overwhelmed-entrep-003c60d4-23a5-4ed6-a058-74522cc43e17-1024x574.jpg 1024w, https:\/\/visionarymarketing.com\/wp-content\/uploads\/2025\/11\/ygourven-split-screen-composition-showing-an-overwhelmed-entrep-003c60d4-23a5-4ed6-a058-74522cc43e17-500x280.jpg 500w, https:\/\/visionarymarketing.com\/wp-content\/uploads\/2025\/11\/ygourven-split-screen-composition-showing-an-overwhelmed-entrep-003c60d4-23a5-4ed6-a058-74522cc43e17-768x430.jpg 768w, https:\/\/visionarymarketing.com\/wp-content\/uploads\/2025\/11\/ygourven-split-screen-composition-showing-an-overwhelmed-entrep-003c60d4-23a5-4ed6-a058-74522cc43e17-1536x861.jpg 1536w, https:\/\/visionarymarketing.com\/wp-content\/uploads\/2025\/11\/ygourven-split-screen-composition-showing-an-overwhelmed-entrep-003c60d4-23a5-4ed6-a058-74522cc43e17-390x220.jpg 390w, https:\/\/visionarymarketing.com\/wp-content\/uploads\/2025\/11\/ygourven-split-screen-composition-showing-an-overwhelmed-entrep-003c60d4-23a5-4ed6-a058-74522cc43e17.jpg 1920w\" sizes=\"(max-width: 1024px) 100vw, 1024px\" \/><figcaption class=\"wp-element-caption\">Pour Thomas Burbidge il n&rsquo;y a pas de sens \u00e0 choisir entre entrepreneuriat et environnement. Image produite avec Midjourney<\/figcaption><\/figure>\n\n\n\n<h3 class=\"wp-block-heading\">L&rsquo;entrepreneur face \u00e0 l&rsquo;urgence \u00e9cologique : entre conscience et impuissance<\/h3>\n\n\n\n<p>L&rsquo;observation du terrain r\u00e9v\u00e8le un paradoxe frappant chez les entrepreneurs d&rsquo;aujourd&rsquo;hui. Thomas Burbidge identifie une d\u00e9connexion troublante entre la conscience \u00e9cologique et l&rsquo;action quotidienne. Cette fracture s&rsquo;exprime particuli\u00e8rement dans les entreprises de services o\u00f9 l&rsquo;impact environnemental semble moins visible que dans l&rsquo;industrie manufacturi\u00e8re.<\/p>\n\n\n\n<p>\u00ab Je voyais beaucoup chez nos clients une esp\u00e8ce de d\u00e9connexion. D\u2019un c\u00f4t\u00e9, j&rsquo;ai mon entreprise, j&rsquo;ai mon quotidien, j&rsquo;ai mes clients, je facture, je r\u00e9alise mes prestations. Et de l&rsquo;autre c\u00f4t\u00e9, j&rsquo;ai cette esp\u00e8ce de frustration de me dire l&rsquo;\u00e9cologie, c&rsquo;est un sujet qui me touche. Je vois \u00e0 quel point c&rsquo;est la cause ultime qui fait que notre esp\u00e8ce humaine risque de dispara\u00eetre \u00e0 terme \u00bb.<\/p>\n\n\n\n<h4 class=\"wp-block-heading\">Les solopreneurs impuissants face aux g\u00e9ants industriels<\/h4>\n\n\n\n<p>Cette dichotomie s&rsquo;explique par un sentiment d&rsquo;impuissance particuli\u00e8rement pr\u00e9gnant chez les solopreneurs. Face aux g\u00e9ants industriels, l&rsquo;entrepreneur individuel \u00e9prouve souvent l&rsquo;impression de ne pouvoir \u00ab faire aucune diff\u00e9rence \u00bb. Cette perception erron\u00e9e constitue l&rsquo;un des principaux obstacles \u00e0 l&rsquo;engagement dans une v\u00e9ritable transition \u00e9cologique entrepreneuriale.<\/p>\n\n\n\n<p>\u00ab Je ne suis qu&rsquo;un entrepreneur tout seul derri\u00e8re son ordinateur. J&rsquo;ai mon carnet de commandes, je ne suis pas une multinationale. Je ne peux pas renverser un march\u00e9 tout entier. Je fais de la prestation de services. J&rsquo;ai l&rsquo;impression que je ne peux faire aucune diff\u00e9rence \u00bb.<\/p>\n\n\n\n<h3 class=\"wp-block-heading\">Repenser l&rsquo;entrepreneuriat : au-del\u00e0 du fantasme de l&rsquo;enrichissement<\/h3>\n\n\n\n<p>L&rsquo;analyse de Thomas Burbidge souligne que l\u2019entrepreneuriat est trop souvent pr\u00e9sent\u00e9 comme un \u00ab v\u00e9hicule d&rsquo;enrichissement personnel \u00bb. Cela a cr\u00e9\u00e9 des attentes irr\u00e9alistes d\u00e9connect\u00e9es de la r\u00e9alit\u00e9 \u00e9conomique. Cette vision r\u00e9ductrice entrave paradoxalement la capacit\u00e9 d&rsquo;innovation n\u00e9cessaire \u00e0 une transition \u00e9cologique entrepreneuriale r\u00e9ussie.<\/p>\n\n\n\n<p>\u00ab Les statistiques ne vont pas dans le sens de cette vision idyllique. Un entrepreneur sur deux au bout de deux ans met la cl\u00e9 sous la porte parce qu&rsquo;il n&rsquo;a pas r\u00e9ussi \u00e0 trouver le mod\u00e8le de rentabilit\u00e9 juste pour payer ses factures et satisfaire ses besoins primaires personnels \u00bb.<\/p>\n\n\n\n<p>Cette r\u00e9alit\u00e9 du terrain, o\u00f9 les entrepreneurs peinent parfois simplement \u00e0 \u00ab faire rentrer l&rsquo;argent qu&rsquo;il me faut pour payer mon loyer, pour payer ma nourriture \u00bb, explique en partie la difficult\u00e9 \u00e0 int\u00e9grer des pr\u00e9occupations \u00e9cologiques per\u00e7ues comme secondaires. Pourtant, c&rsquo;est justement dans cette fragilit\u00e9 \u00e9conomique que r\u00e9side l&rsquo;opportunit\u00e9 de diff\u00e9renciation par l&rsquo;engagement environnemental.<\/p>\n\n\n\n<h3 class=\"wp-block-heading\">L&rsquo;\u00e9cologie comme strat\u00e9gie de r\u00e9silience d&rsquo;entreprise<\/h3>\n\n\n\n<p>Thomas Burbidge tente de reconnecter les enjeux \u00e9cologiques avec la survie m\u00eame de l&rsquo;entreprise. Citant les travaux de <a href=\"https:\/\/timotheeparrique.com\/\">Timoth\u00e9e Parique<\/a>, il rappelle une v\u00e9rit\u00e9 fondamentale souvent occult\u00e9e dans notre \u00e9conomie d\u00e9mat\u00e9rialis\u00e9e.<\/p>\n\n\n\n<p>\u00ab 100&nbsp;% de nos entreprises et de notre \u00e9conomie d\u00e9pendent de la disponibilit\u00e9 de ressources naturelles. Tout ce qu&rsquo;une entreprise construit, que ce soit du service ou du produit prend racine dans une ressource naturelle \u00bb.<\/p>\n\n\n\n<p>Cette d\u00e9pendance, invisible dans notre \u00e9conomie num\u00e9rique, cr\u00e9e une vuln\u00e9rabilit\u00e9 structurelle majeure. Un ordinateur portable, symbole de notre \u00e9conomie d\u00e9mat\u00e9rialis\u00e9e, repr\u00e9sente \u00ab 850&nbsp;kg de mati\u00e8res premi\u00e8res, de m\u00e9taux rares, de cuivre, de plastique qui vient du p\u00e9trole<a href=\"applewebdata:\/\/7A99881B-FE30-4306-9385-7F6504778FD1#_ftn1\" name=\"_ftnref1\">[1]<\/a> \u00bb. Ces ressources, non renouvelables \u00e0 l&rsquo;\u00e9chelle humaine, constituent les fondations fragiles sur lesquelles reposent nos mod\u00e8les \u00e9conomiques.<\/p>\n\n\n\n<p>Thomas Burbidge \u00e9tablit ainsi un lien direct entre pr\u00e9servation des ressources et p\u00e9rennit\u00e9 entrepreneuriale. Il positionne la transition \u00e9cologique entrepreneuriale comme une n\u00e9cessit\u00e9 strat\u00e9gique plut\u00f4t qu&rsquo;une contrainte morale.<\/p>\n\n\n\n<h3 class=\"wp-block-heading\">Le pouvoir unique de l&rsquo;entrepreneur dans la transformation \u00e9cologique<\/h3>\n\n\n\n<p>L&rsquo;entrepreneur occupe une position strat\u00e9gique unique dans l&rsquo;\u00e9cosyst\u00e8me \u00e9conomique, particuli\u00e8rement favorable \u00e0 l&rsquo;impulsion d&rsquo;une transition \u00e9cologique entrepreneuriale efficace. Thomas Burbidge identifie cette singularit\u00e9 comme un avantage concurrentiel d\u00e9cisif.<\/p>\n\n\n\n<p>\u00ab L&rsquo;entrepreneur se situe \u00e0 la jonction entre les deux. J&rsquo;ai la flexibilit\u00e9, l&rsquo;agilit\u00e9 qui me permet de changer mon offre pour qu&rsquo;elle prenne en consid\u00e9ration les enjeux \u00e9cologiques. Mais j&rsquo;ai aussi la main sur la demande. En effet, je suis aussi une personne qui consomme autant pour moi que pour la vie de mon entreprise \u00bb.<\/p>\n\n\n\n<p>Cette double influence sur l&rsquo;offre et la demande conf\u00e8re aux entrepreneurs un levier d&rsquo;action particuli\u00e8rement puissant. \u00c0 cela s&rsquo;ajoute leur \u00ab comp\u00e9tence m\u00e9diatique \u00bb, leur capacit\u00e9 \u00e0 \u00ab cr\u00e9er du contenu, diffuser des id\u00e9es. Ils peuvent f\u00e9d\u00e9rer des personnes dans des communaut\u00e9s \u00bb, autant d&rsquo;outils essentiels pour acc\u00e9l\u00e9rer les transformations soci\u00e9tales.<\/p>\n\n\n\n<p>L&rsquo;entrepreneur devient ainsi un \u00ab pollinisateur \u00bb d&rsquo;id\u00e9es, diffusant les bonnes pratiques \u00ab d&rsquo;entreprise en entreprise \u00bb gr\u00e2ce \u00e0 son parcours professionnel diversifi\u00e9. Cette capacit\u00e9 de diss\u00e9mination place la transition \u00e9cologique entrepreneuriale au c\u0153ur des dynamiques d&rsquo;innovation soci\u00e9tale.<\/p>\n\n\n\n<h3 class=\"wp-block-heading\">De l&rsquo;impact direct \u00e0 l&rsquo;impact potentiel : une grille d&rsquo;analyse pragmatique<\/h3>\n\n\n\n<p>Pour orchestrer une transition \u00e9cologique entrepreneuriale efficace, Thomas Burbidge propose une grille d&rsquo;analyse en trois niveaux d&rsquo;impact. L&rsquo;impact direct correspond aux ressources directement consomm\u00e9es par l&rsquo;activit\u00e9. L&rsquo;impact indirect concerne les comportements induits par la solution cr\u00e9\u00e9e. Enfin, l&rsquo;impact potentiel \u00e9value les changements de comportement g\u00e9n\u00e9r\u00e9s chez les utilisateurs.<\/p>\n\n\n\n<p>L&rsquo;exemple du d\u00e9veloppement de sites web illustre parfaitement cette approche syst\u00e9mique selon Thomas. Au-del\u00e0 de la consommation \u00e9lectrique (impact direct) et de l&rsquo;h\u00e9bergement permanent des donn\u00e9es (impact indirect), la finalit\u00e9 du site web d\u00e9termine son impact potentiel global.<\/p>\n\n\n\n<p>\u00ab Le but, ce n&rsquo;est pas que chaque individu devienne un surhomme, parfait sur toute la ligne \u00e9cologique, mais c&rsquo;est de se demander c&rsquo;est quoi le r\u00f4le que j&rsquo;ai envie de jouer et pour lequel j&rsquo;ai les bonnes comp\u00e9tences et les bonnes app\u00e9tences pour contribuer \u00e0 la lutte contre le changement climatique \u00bb.<\/p>\n\n\n\n<p>Cette approche permet d&rsquo;\u00e9viter le pi\u00e8ge de la culpabilisation individuelle tout en maintenant une exigence d&rsquo;analyse critique, condition sine qua non d&rsquo;une transition \u00e9cologique entrepreneuriale authentique et durable.<\/p>\n\n\n\n<h3 class=\"wp-block-heading\">L&rsquo;\u00e9conomie r\u00e9g\u00e9n\u00e9rative : vers un nouveau paradigme entrepreneurial<\/h3>\n\n\n\n<p>Thomas introduit aussi dans son livre le concept d&rsquo;\u00e9conomie r\u00e9g\u00e9n\u00e9rative, que nous avons d\u00e9j\u00e0 abord\u00e9 avec Navi Radjou dans ces colonnes, comme d\u00e9passement des limites actuelles de la transition \u00e9cologique entrepreneuriale. Contrairement aux approches purement d\u00e9fensives, cette vision transforme l&rsquo;entreprise en acteur de r\u00e9g\u00e9n\u00e9ration des ressources dont elle d\u00e9pend.<\/p>\n\n\n\n<p>L&rsquo;exemple de <u><a href=\"https:\/\/www.papaoutang.fr\/\">Papa Outang<\/a><\/u>, entreprise de p\u00e2te \u00e0 tartiner qui finance la pr\u00e9servation de la for\u00eat de Born\u00e9o, illustre selon l\u2019auteur cette approche originale.<\/p>\n\n\n\n<p>\u00ab L&rsquo;objectif de l&rsquo;entreprise est de prot\u00e9ger l&rsquo;int\u00e9gralit\u00e9 de la for\u00eat tropicale \u00e0 Born\u00e9o. Et c&rsquo;est l&rsquo;objectif de l&rsquo;entreprise, la raison m\u00eame de son existence. La vente de p\u00e2te \u00e0 tartiner est l&rsquo;excuse pour g\u00e9n\u00e9rer les fonds pour racheter la for\u00eat en vue de la prot\u00e9ger \u00bb.<\/p>\n\n\n\n<p>Cette r\u00e9volution conceptuelle repositionne l&rsquo;entreprise comme solution plut\u00f4t que comme probl\u00e8me, cr\u00e9ant un cercle vertueux o\u00f9 croissance \u00e9conomique et r\u00e9g\u00e9n\u00e9ration environnementale se renforcent mutuellement. Elle ouvre ainsi de nouvelles perspectives pour une transition \u00e9cologique entrepreneuriale v\u00e9ritablement transformatrice.<\/p>\n\n\n\n<h3 class=\"wp-block-heading\">Premiers pas vers l&rsquo;action : conseils pratiques<\/h3>\n\n\n\n<p>Pour l&rsquo;entrepreneur pr\u00eat \u00e0 franchir le pas de la transition \u00e9cologique entrepreneuriale, Thomas Burbidge recommande de commencer par cartographier les d\u00e9pendances aux ressources naturelles. Dans le secteur num\u00e9rique, cela peut se traduire par une d\u00e9marche d&rsquo;autonomie \u00e9nerg\u00e9tique ou l&rsquo;adoption syst\u00e9matique du mat\u00e9riel reconditionn\u00e9.<\/p>\n\n\n\n<p>L&rsquo;auteur insiste particuli\u00e8rement sur l&rsquo;importance d&rsquo;une approche progressive, adapt\u00e9e aux moyens et au contexte de chaque entrepreneur.<\/p>\n\n\n\n<p>\u00ab On part tous et toutes d&rsquo;un endroit diff\u00e9rent et l&rsquo;id\u00e9e, c&rsquo;est d&rsquo;y aller \u00e9tape par \u00e9tape, petit \u00e0 petit, mais de plus en plus fort. Donc chacun son chemin et je pense que c&rsquo;est important qu&rsquo;on c\u00e9l\u00e8bre le fait que tout le monde s&rsquo;engage sur ce chemin plus que le fait d&rsquo;arriver au bout du chemin \u00bb.<\/p>\n\n\n\n<p>Cette philosophie du progr\u00e8s continu a pour but d\u2019\u00e9viter l&rsquo;\u00e9cueil du perfectionnisme paralysant tout en maintenant l&rsquo;exigence d&rsquo;am\u00e9lioration constante, pierre angulaire d&rsquo;une transition \u00e9cologique entrepreneuriale r\u00e9ussie selon Thomas.<\/p>\n\n\n\n<h3 class=\"wp-block-heading\">L&rsquo;anticipation comme avantage concurrentiel<\/h3>\n\n\n\n<p>Au-del\u00e0 de l&rsquo;impact environnemental positif, Thomas Burbidge met en \u00e9vidence la dimension strat\u00e9gique de l&rsquo;engagement pr\u00e9coce dans une transition \u00e9cologique entrepreneuriale. Les entreprises qui d\u00e9veloppent d\u00e8s aujourd&rsquo;hui ces comp\u00e9tences se positionnent favorablement pour les d\u00e9fis de demain.<\/p>\n\n\n\n<p>\u00ab Quoiqu&rsquo;il arrive, le monde va aller dans ce sens, il y a un moment donn\u00e9 o\u00f9 malheureusement on sera si proche du pr\u00e9cipice que tout le monde va s&rsquo;exciter dans tous les sens pour essayer de trouver des solutions. Les personnes qui d\u00e8s maintenant les ma\u00eetrisent, qui les mettent en place sans plus attendre, qui les explorent auront vraiment beaucoup de travail dans l\u2019avenir \u00bb.<\/p>\n\n\n\n<h3 class=\"wp-block-heading\">Imp\u00e9ratif moral vs diff\u00e9renciation strat\u00e9gique<\/h3>\n\n\n\n<p>L&rsquo;approche d\u00e9velopp\u00e9e par Thomas Burbidge dans \u00ab Sauver sa peau, sa bo\u00eete et la plan\u00e8te \u00bb d\u00e9montre que la transition \u00e9cologique entrepreneuriale n&rsquo;est pas seulement un imp\u00e9ratif moral, mais une strat\u00e9gie de diff\u00e9renciation et de r\u00e9silience \u00e9conomique. En repositionnant l&rsquo;entrepreneur comme acteur central de la transformation soci\u00e9tale, l&rsquo;auteur ouvre de nouvelles perspectives pour concilier performance \u00e9conomique et impact environnemental positif.<\/p>\n\n\n\n<h4 class=\"wp-block-heading\">Trois leviers identifi\u00e9s<\/h4>\n\n\n\n<p>Les trois leviers identifi\u00e9s &#8211; transformation de l&rsquo;entreprise, \u00e9volution du mode de vie et engagement citoyen &#8211; offrent un cadre d&rsquo;action complet pour les entrepreneurs d\u00e9sireux de s&rsquo;engager dans cette voie. L&rsquo;exemple des entreprises r\u00e9g\u00e9n\u00e9ratives illustre le potentiel transformateur de cette approche, o\u00f9 l&rsquo;activit\u00e9 \u00e9conomique devient un moyen de r\u00e9soudre les d\u00e9fis environnementaux plut\u00f4t que de les aggraver.<\/p>\n\n\n\n<p>Pour les entrepreneurs d&rsquo;aujourd&rsquo;hui, la question n&rsquo;est plus de savoir s&rsquo;il faut s&rsquo;engager dans une transition \u00e9cologique entrepreneuriale, mais comment le faire efficacement. L&rsquo;analyse de Thomas Burbidge fournit les outils conceptuels et pratiques pour transformer cette n\u00e9cessit\u00e9 en occasion favorable, cr\u00e9ant ainsi les conditions d&rsquo;un entrepreneuriat v\u00e9ritablement durable et porteur de sens.<\/p>\n\n\n\n<p>Dans un monde o\u00f9 les d\u00e9fis environnementaux s&rsquo;intensifient, les entrepreneurs qui sauront ma\u00eetriser les codes de la transition \u00e9cologique entrepreneuriale d\u00e9tiennent les cl\u00e9s de la r\u00e9ussite future. Ils ne se contenteront pas de survivre aux mutations en cours : ils en seront les architectes.<\/p>\n\n\n\n<div class=\"wp-block-buttons alignwide is-content-justification-center is-layout-flex wp-container-core-buttons-is-layout-16018d1d wp-block-buttons-is-layout-flex\">\n<div class=\"wp-block-button\"><a class=\"wp-block-button__link has-black-color has-luminous-vivid-amber-background-color has-text-color has-background has-link-color wp-element-button\" href=\"https:\/\/www.editions-eyrolles.com\/livre\/sauver-sa-peau-sa-boite-et-la-planete\" target=\"_blank\" rel=\"noreferrer noopener\">Acheter -> Sauver sa peau, sa bo\u00eete et la plan\u00e8te<\/a><\/div>\n<\/div>\n\n\n\n<figure class=\"wp-block-embed is-type-video is-provider-youtube wp-block-embed-youtube wp-embed-aspect-16-9 wp-has-aspect-ratio\"><div class=\"wp-block-embed__wrapper\">\n<iframe title=\"Comment SAUVER sa peau, sa bo\u00eete, et la PLANETE avec Thomas Burbidge\" width=\"500\" height=\"281\" src=\"https:\/\/www.youtube.com\/embed\/16N23lLgCfA?feature=oembed\" frameborder=\"0\" allow=\"accelerometer; autoplay; clipboard-write; encrypted-media; gyroscope; picture-in-picture; web-share\" referrerpolicy=\"strict-origin-when-cross-origin\" allowfullscreen><\/iframe>\n<\/div><\/figure>\n\n\n\n<h3 class=\"wp-block-heading\">Pour approfondir vos connaissances<\/h3>\n\n\n\n<p>Pour approfondir cette r\u00e9flexion, nous vous invitons \u00e0 d\u00e9couvrir d&rsquo;autres analyses sur Visionary Marketing, notamment nos articles sur <a href=\"https:\/\/visionarymarketing.com\/fr\/2024\/10\/18\/marketing-responsable\/\">l&rsquo;innovation responsable<\/a> et les <a href=\"https:\/\/visionarymarketing.com\/fr\/2025\/10\/21\/economie-regenerative-modele-davenir-pour-la-france\/\">nouveaux mod\u00e8les \u00e9conomiques r\u00e9g\u00e9n\u00e9ratifs<\/a>.<\/p>\n\n\n\n<h4 class=\"wp-block-heading\">Notes<\/h4>\n\n\n\n<p><a href=\"applewebdata:\/\/7A99881B-FE30-4306-9385-7F6504778FD1#_ftnref1\" name=\"_ftn1\">[1]<\/a> Nos recherches n\u2019ont pas permis de confirmer ce chiffre de 850 kg. Mais on comprend bien que l\u2019impact de la construction d\u2019un ordinateur n\u2019est pas neutre. Il est probablement moindre, cependant, que celui de la fabrication d\u2019une voiture, fusse-t-elle \u00e9lectrique. \u00c0 ce titre, un ordinateur portable g\u00e9n\u00e8re environ 330 kg CO\u2082eq sur son cycle de vie, soit 19 fois moins qu&rsquo;une voiture \u00e9lectrique (6,2 tonnes CO\u2082eq rien qu&rsquo;\u00e0 la fabrication) (<a href=\"https:\/\/therestartproject.org\/consumption\/hidden-impact-devices\/\">The Restart Project<\/a>, <a href=\"https:\/\/circularcomputing.com\/news\/carbon-footprint-laptop\/\">Circular Computing<\/a>, <a href=\"https:\/\/www.quechoisir.org\/actualite-voitures-electriques-sont-elles-vraiment-ecologiques-n103891\/\">UFC Que Choisir<\/a>, <a href=\"https:\/\/www.hellocarbo.com\/blog\/calculer\/empreinte-carbone-voiture\/\">HelloCarbo<\/a>).<\/p>\n<div itemscope itemtype=\"http:\/\/schema.org\/AudioObject\"><meta itemprop=\"name\" content=\"La transition \u00e9cologique entrepreneuriale, comme diff\u00e9renciation\" \/><meta itemprop=\"uploadDate\" content=\"2025-11-17T07:00:29+01:00\" \/><meta itemprop=\"encodingFormat\" content=\"audio\/mpeg\" \/><meta itemprop=\"duration\" content=\"PT1H05M14S\" \/><meta itemprop=\"description\" content=\"\nLa transition \u00e9cologique entrepreneuriale oblige \u00e0 concilier performance \u00e9conomique et engagement environnemental. Ce qui n&#039;est pas facile. Dans un contexte \u00e9conomique tr\u00e8s difficile, la question de la survie entrepreneuriale prend une dimension nou...\" \/><meta itemprop=\"contentUrl\" content=\"https:\/\/media.blubrry.com\/visionarymarketing_les\/agence.visionarymarketing.com\/files\/podcasts\/2025-11-17-Burbidge-sauver-planete-mixdown.mp3\" \/><meta itemprop=\"contentSize\" content=\"38.1\" \/><div class=\"powerpress_player\" id=\"powerpress_player_9722\"><audio class=\"wp-audio-shortcode\" id=\"audio-84947-1\" preload=\"none\" style=\"width: 100%;\" controls=\"controls\"><source type=\"audio\/mpeg\" src=\"https:\/\/media.blubrry.com\/visionarymarketing_les\/agence.visionarymarketing.com\/files\/podcasts\/2025-11-17-Burbidge-sauver-planete-mixdown.mp3?_=1\" \/><a href=\"https:\/\/media.blubrry.com\/visionarymarketing_les\/agence.visionarymarketing.com\/files\/podcasts\/2025-11-17-Burbidge-sauver-planete-mixdown.mp3\">https:\/\/media.blubrry.com\/visionarymarketing_les\/agence.visionarymarketing.com\/files\/podcasts\/2025-11-17-Burbidge-sauver-planete-mixdown.mp3<\/a><\/audio><\/div><\/div><p class=\"powerpress_links powerpress_links_mp3\" style=\"margin-bottom: 1px !important;\">Podcast: <a href=\"https:\/\/media.blubrry.com\/visionarymarketing_les\/agence.visionarymarketing.com\/files\/podcasts\/2025-11-17-Burbidge-sauver-planete-mixdown.mp3\" class=\"powerpress_link_pinw\" target=\"_blank\" title=\"Play in new window\" onclick=\"return powerpress_pinw('https:\/\/visionarymarketing.com\/fr\/\/?powerpress_pinw=84947-podcast');\" rel=\"nofollow\">Play in new window<\/a> | <a href=\"https:\/\/media.blubrry.com\/visionarymarketing_les\/agence.visionarymarketing.com\/files\/podcasts\/2025-11-17-Burbidge-sauver-planete-mixdown.mp3\" class=\"powerpress_link_d\" title=\"Download\" rel=\"nofollow\" download=\"2025-11-17-Burbidge-sauver-planete-mixdown.mp3\">Download<\/a> (Duration: 1:05:14 &#8212; 38.1MB)<\/p><p class=\"powerpress_links powerpress_subscribe_links\">Subscribe: <a href=\"https:\/\/itunes.apple.com\/us\/podcast\/visionarymarketing-les-interviews\/id731295319?mt=2&amp;ls=1#episodeGuid=https%3A%2F%2Fvisionarymarketing.com%2F%3Fp%3D84947\" class=\"powerpress_link_subscribe powerpress_link_subscribe_itunes\" target=\"_blank\" title=\"Subscribe on Apple Podcasts\" rel=\"nofollow\">Apple Podcasts<\/a> | <a href=\"https:\/\/open.spotify.com\/show\/52VnZ1mhVSnDs4tQOx7Vuc\" class=\"powerpress_link_subscribe powerpress_link_subscribe_spotify\" target=\"_blank\" title=\"Subscribe on Spotify\" rel=\"nofollow\">Spotify<\/a> | <a href=\"https:\/\/subscribeonandroid.com\/visionarymarketing.com\/fr\/feed\/podcast\/\" class=\"powerpress_link_subscribe powerpress_link_subscribe_android\" target=\"_blank\" title=\"Subscribe on Android\" rel=\"nofollow\">Android<\/a> | <a href=\"https:\/\/visionarymarketing.com\/fr\/feed\/podcast\/\" class=\"powerpress_link_subscribe powerpress_link_subscribe_rss\" target=\"_blank\" title=\"Subscribe via RSS\" rel=\"nofollow\">RSS<\/a><\/p>","protected":false},"excerpt":{"rendered":"<p>La transition \u00e9cologique entrepreneuriale oblige \u00e0 concilier performance \u00e9conomique et engagement environnemental. Ce qui n&rsquo;est pas facile. Dans un contexte \u00e9conomique tr\u00e8s difficile, la question de la survie entrepreneuriale prend une dimension nouvelle. Ces interrogations, loin d&rsquo;\u00eatre un dilemme, constituent aujourd&rsquo;hui l&rsquo;une des cl\u00e9s de la r\u00e9ussite durable selon Thomas Burbidge. Entrepreneur sp\u00e9cialis\u00e9 dans l&rsquo;accompagnement &hellip;<\/p>\n","protected":false},"author":2,"featured_media":84954,"comment_status":"open","ping_status":"open","sticky":false,"template":"","format":"standard","meta":{"footnotes":""},"categories":[4062,134,248],"tags":[],"class_list":["post-84947","post","type-post","status-publish","format-standard","has-post-thumbnail","hentry","category-a-la-une","category-economie","category-livres-marketing"],"yoast_head":"<!-- This site is optimized with the Yoast SEO plugin v27.4 - https:\/\/yoast.com\/product\/yoast-seo-wordpress\/ -->\n<title>Transition \u00e9cologique entrepreneuriale, \u00e9l\u00e9ment de diff\u00e9renciation<\/title>\n<meta name=\"description\" content=\"Transition \u00e9cologique entrepreneuriale : Thomas Burbidge r\u00e9v\u00e8le comment transformer l&#039;engagement environnemental en levier strat\u00e9gique\" \/>\n<meta name=\"robots\" content=\"index, follow, max-snippet:-1, max-image-preview:large, max-video-preview:-1\" \/>\n<link rel=\"canonical\" href=\"https:\/\/visionarymarketing.com\/fr\/2025\/11\/17\/transition-ecologique-entrepreneuriale\/\" \/>\n<meta property=\"og:locale\" content=\"fr_FR\" \/>\n<meta property=\"og:type\" content=\"article\" \/>\n<meta property=\"og:title\" content=\"Transition \u00e9cologique entrepreneuriale, \u00e9l\u00e9ment de diff\u00e9renciation\" \/>\n<meta property=\"og:description\" content=\"Transition \u00e9cologique entrepreneuriale : Thomas Burbidge r\u00e9v\u00e8le comment transformer l&#039;engagement environnemental en levier strat\u00e9gique\" \/>\n<meta property=\"og:url\" content=\"https:\/\/visionarymarketing.com\/fr\/2025\/11\/17\/transition-ecologique-entrepreneuriale\/\" \/>\n<meta property=\"og:site_name\" content=\"Marketing and Innovation\" \/>\n<meta property=\"article:publisher\" content=\"https:\/\/www.facebook.com\/vismktg\" \/>\n<meta property=\"article:author\" content=\"http:\/\/facebook.com\/ygourven\" \/>\n<meta property=\"article:published_time\" content=\"2025-11-17T06:00:29+00:00\" \/>\n<meta property=\"article:modified_time\" content=\"2025-11-19T09:24:40+00:00\" \/>\n<meta property=\"og:image\" content=\"https:\/\/visionarymarketing.com\/wp-content\/uploads\/2025\/11\/ygourven-split-screen-composition-showing-an-overwhelmed-entrep-003c60d4-23a5-4ed6-a058-74522cc43e17.jpg\" \/>\n\t<meta property=\"og:image:width\" content=\"1920\" \/>\n\t<meta property=\"og:image:height\" content=\"1076\" \/>\n\t<meta property=\"og:image:type\" content=\"image\/jpeg\" \/>\n<meta name=\"author\" content=\"Yann Gourvennec\" \/>\n<meta name=\"twitter:card\" content=\"summary_large_image\" \/>\n<meta name=\"twitter:creator\" content=\"@ygourven\" \/>\n<meta name=\"twitter:site\" content=\"@ygourven\" \/>\n<meta name=\"twitter:label1\" content=\"\u00c9crit par\" \/>\n\t<meta name=\"twitter:data1\" content=\"Yann Gourvennec\" \/>\n\t<meta name=\"twitter:label2\" content=\"Dur\u00e9e de lecture estim\u00e9e\" \/>\n\t<meta name=\"twitter:data2\" content=\"9 minutes\" \/>\n<script type=\"application\/ld+json\" class=\"yoast-schema-graph\">{\"@context\":\"https:\\\/\\\/schema.org\",\"@graph\":[{\"@type\":\"NewsArticle\",\"@id\":\"https:\\\/\\\/visionarymarketing.com\\\/fr\\\/2025\\\/11\\\/17\\\/transition-ecologique-entrepreneuriale\\\/#article\",\"isPartOf\":{\"@id\":\"https:\\\/\\\/visionarymarketing.com\\\/fr\\\/2025\\\/11\\\/17\\\/transition-ecologique-entrepreneuriale\\\/\"},\"author\":{\"name\":\"Yann Gourvennec\",\"@id\":\"https:\\\/\\\/visionarymarketing.com\\\/fr\\\/#\\\/schema\\\/person\\\/3754fee1e558f47b8deb46f53c37423e\"},\"headline\":\"La transition \u00e9cologique entrepreneuriale, comme diff\u00e9renciation\",\"datePublished\":\"2025-11-17T06:00:29+00:00\",\"dateModified\":\"2025-11-19T09:24:40+00:00\",\"mainEntityOfPage\":{\"@id\":\"https:\\\/\\\/visionarymarketing.com\\\/fr\\\/2025\\\/11\\\/17\\\/transition-ecologique-entrepreneuriale\\\/\"},\"wordCount\":2233,\"commentCount\":0,\"image\":{\"@id\":\"https:\\\/\\\/visionarymarketing.com\\\/fr\\\/2025\\\/11\\\/17\\\/transition-ecologique-entrepreneuriale\\\/#primaryimage\"},\"thumbnailUrl\":\"https:\\\/\\\/visionarymarketing.com\\\/wp-content\\\/uploads\\\/2025\\\/11\\\/ygourven-split-screen-composition-showing-an-overwhelmed-entrep-003c60d4-23a5-4ed6-a058-74522cc43e17.jpg\",\"articleSection\":[\"A la une\",\"\u00e9conomie et num\u00e9rique\",\"livres marketing\"],\"inLanguage\":\"fr-FR\",\"potentialAction\":[{\"@type\":\"CommentAction\",\"name\":\"Comment\",\"target\":[\"https:\\\/\\\/visionarymarketing.com\\\/fr\\\/2025\\\/11\\\/17\\\/transition-ecologique-entrepreneuriale\\\/#respond\"]}]},{\"@type\":\"WebPage\",\"@id\":\"https:\\\/\\\/visionarymarketing.com\\\/fr\\\/2025\\\/11\\\/17\\\/transition-ecologique-entrepreneuriale\\\/\",\"url\":\"https:\\\/\\\/visionarymarketing.com\\\/fr\\\/2025\\\/11\\\/17\\\/transition-ecologique-entrepreneuriale\\\/\",\"name\":\"Transition \u00e9cologique entrepreneuriale, \u00e9l\u00e9ment de diff\u00e9renciation\",\"isPartOf\":{\"@id\":\"https:\\\/\\\/visionarymarketing.com\\\/fr\\\/#website\"},\"primaryImageOfPage\":{\"@id\":\"https:\\\/\\\/visionarymarketing.com\\\/fr\\\/2025\\\/11\\\/17\\\/transition-ecologique-entrepreneuriale\\\/#primaryimage\"},\"image\":{\"@id\":\"https:\\\/\\\/visionarymarketing.com\\\/fr\\\/2025\\\/11\\\/17\\\/transition-ecologique-entrepreneuriale\\\/#primaryimage\"},\"thumbnailUrl\":\"https:\\\/\\\/visionarymarketing.com\\\/wp-content\\\/uploads\\\/2025\\\/11\\\/ygourven-split-screen-composition-showing-an-overwhelmed-entrep-003c60d4-23a5-4ed6-a058-74522cc43e17.jpg\",\"datePublished\":\"2025-11-17T06:00:29+00:00\",\"dateModified\":\"2025-11-19T09:24:40+00:00\",\"author\":{\"@id\":\"https:\\\/\\\/visionarymarketing.com\\\/fr\\\/#\\\/schema\\\/person\\\/3754fee1e558f47b8deb46f53c37423e\"},\"description\":\"Transition \u00e9cologique entrepreneuriale : Thomas Burbidge r\u00e9v\u00e8le comment transformer l'engagement environnemental en levier strat\u00e9gique\",\"breadcrumb\":{\"@id\":\"https:\\\/\\\/visionarymarketing.com\\\/fr\\\/2025\\\/11\\\/17\\\/transition-ecologique-entrepreneuriale\\\/#breadcrumb\"},\"inLanguage\":\"fr-FR\",\"potentialAction\":[{\"@type\":\"ReadAction\",\"target\":[\"https:\\\/\\\/visionarymarketing.com\\\/fr\\\/2025\\\/11\\\/17\\\/transition-ecologique-entrepreneuriale\\\/\"]}]},{\"@type\":\"ImageObject\",\"inLanguage\":\"fr-FR\",\"@id\":\"https:\\\/\\\/visionarymarketing.com\\\/fr\\\/2025\\\/11\\\/17\\\/transition-ecologique-entrepreneuriale\\\/#primaryimage\",\"url\":\"https:\\\/\\\/visionarymarketing.com\\\/wp-content\\\/uploads\\\/2025\\\/11\\\/ygourven-split-screen-composition-showing-an-overwhelmed-entrep-003c60d4-23a5-4ed6-a058-74522cc43e17.jpg\",\"contentUrl\":\"https:\\\/\\\/visionarymarketing.com\\\/wp-content\\\/uploads\\\/2025\\\/11\\\/ygourven-split-screen-composition-showing-an-overwhelmed-entrep-003c60d4-23a5-4ed6-a058-74522cc43e17.jpg\",\"width\":1920,\"height\":1076,\"caption\":\"La transition \u00e9cologique entrepreneuriale, \u00e9l\u00e9ment de diff\u00e9renciation\"},{\"@type\":\"BreadcrumbList\",\"@id\":\"https:\\\/\\\/visionarymarketing.com\\\/fr\\\/2025\\\/11\\\/17\\\/transition-ecologique-entrepreneuriale\\\/#breadcrumb\",\"itemListElement\":[{\"@type\":\"ListItem\",\"position\":1,\"name\":\"Home\",\"item\":\"https:\\\/\\\/visionarymarketing.com\\\/fr\\\/\"},{\"@type\":\"ListItem\",\"position\":2,\"name\":\"La transition \u00e9cologique entrepreneuriale, comme diff\u00e9renciation\"}]},{\"@type\":\"WebSite\",\"@id\":\"https:\\\/\\\/visionarymarketing.com\\\/fr\\\/#website\",\"url\":\"https:\\\/\\\/visionarymarketing.com\\\/fr\\\/\",\"name\":\"Marketing and Innovation\",\"description\":\"Site d&#039;infos ind\u00e9pendant, depuis 1996\",\"potentialAction\":[{\"@type\":\"SearchAction\",\"target\":{\"@type\":\"EntryPoint\",\"urlTemplate\":\"https:\\\/\\\/visionarymarketing.com\\\/fr\\\/?s={search_term_string}\"},\"query-input\":{\"@type\":\"PropertyValueSpecification\",\"valueRequired\":true,\"valueName\":\"search_term_string\"}}],\"inLanguage\":\"fr-FR\"},{\"@type\":\"Person\",\"@id\":\"https:\\\/\\\/visionarymarketing.com\\\/fr\\\/#\\\/schema\\\/person\\\/3754fee1e558f47b8deb46f53c37423e\",\"name\":\"Yann Gourvennec\",\"image\":{\"@type\":\"ImageObject\",\"inLanguage\":\"fr-FR\",\"@id\":\"https:\\\/\\\/secure.gravatar.com\\\/avatar\\\/5972001801e8de5692a3e31224e85769f50a55fb8b679749f9c8d1868cceff14?s=96&d=initials&r=g&initials=yg\",\"url\":\"https:\\\/\\\/secure.gravatar.com\\\/avatar\\\/5972001801e8de5692a3e31224e85769f50a55fb8b679749f9c8d1868cceff14?s=96&d=initials&r=g&initials=yg\",\"contentUrl\":\"https:\\\/\\\/secure.gravatar.com\\\/avatar\\\/5972001801e8de5692a3e31224e85769f50a55fb8b679749f9c8d1868cceff14?s=96&d=initials&r=g&initials=yg\",\"caption\":\"Yann Gourvennec\"},\"description\":\"Yann Gourvennec created visionarymarketing.com in 1996. He is a speaker and author of many books. In 2014 he went from intrapreneur to entrepreneur, when he created his digital marketing agency. Yann Gourvennec a cr\u00e9\u00e9 visionarymarketing.com en 1996. Il est conf\u00e9rencier et auteur de plusieurs livres. En 2014, il est pass\u00e9 d'intrapreneur \u00e0 entrepreneur en cr\u00e9ant son agence de marketing num\u00e9rique.\",\"sameAs\":[\"https:\\\/\\\/visionarymarketing.com\",\"http:\\\/\\\/facebook.com\\\/ygourven\",\"http:\\\/\\\/linkedin.com\\\/in\\\/ygourven\",\"https:\\\/\\\/x.com\\\/ygourven\",\"https:\\\/\\\/www.youtube.com\\\/c\\\/visionarymarketingagency\"],\"url\":\"https:\\\/\\\/visionarymarketing.com\\\/fr\\\/author\\\/yann-gourvennec\\\/\"}]}<\/script>\n<!-- \/ Yoast SEO plugin. -->","yoast_head_json":{"title":"Transition \u00e9cologique entrepreneuriale, \u00e9l\u00e9ment de diff\u00e9renciation","description":"Transition \u00e9cologique entrepreneuriale : Thomas Burbidge r\u00e9v\u00e8le comment transformer l'engagement environnemental en levier strat\u00e9gique","robots":{"index":"index","follow":"follow","max-snippet":"max-snippet:-1","max-image-preview":"max-image-preview:large","max-video-preview":"max-video-preview:-1"},"canonical":"https:\/\/visionarymarketing.com\/fr\/2025\/11\/17\/transition-ecologique-entrepreneuriale\/","og_locale":"fr_FR","og_type":"article","og_title":"Transition \u00e9cologique entrepreneuriale, \u00e9l\u00e9ment de diff\u00e9renciation","og_description":"Transition \u00e9cologique entrepreneuriale : Thomas Burbidge r\u00e9v\u00e8le comment transformer l'engagement environnemental en levier strat\u00e9gique","og_url":"https:\/\/visionarymarketing.com\/fr\/2025\/11\/17\/transition-ecologique-entrepreneuriale\/","og_site_name":"Marketing and Innovation","article_publisher":"https:\/\/www.facebook.com\/vismktg","article_author":"http:\/\/facebook.com\/ygourven","article_published_time":"2025-11-17T06:00:29+00:00","article_modified_time":"2025-11-19T09:24:40+00:00","og_image":[{"width":1920,"height":1076,"url":"https:\/\/visionarymarketing.com\/wp-content\/uploads\/2025\/11\/ygourven-split-screen-composition-showing-an-overwhelmed-entrep-003c60d4-23a5-4ed6-a058-74522cc43e17.jpg","type":"image\/jpeg"}],"author":"Yann Gourvennec","twitter_card":"summary_large_image","twitter_creator":"@ygourven","twitter_site":"@ygourven","twitter_misc":{"\u00c9crit par":"Yann Gourvennec","Dur\u00e9e de lecture estim\u00e9e":"9 minutes"},"schema":{"@context":"https:\/\/schema.org","@graph":[{"@type":"NewsArticle","@id":"https:\/\/visionarymarketing.com\/fr\/2025\/11\/17\/transition-ecologique-entrepreneuriale\/#article","isPartOf":{"@id":"https:\/\/visionarymarketing.com\/fr\/2025\/11\/17\/transition-ecologique-entrepreneuriale\/"},"author":{"name":"Yann Gourvennec","@id":"https:\/\/visionarymarketing.com\/fr\/#\/schema\/person\/3754fee1e558f47b8deb46f53c37423e"},"headline":"La transition \u00e9cologique entrepreneuriale, comme diff\u00e9renciation","datePublished":"2025-11-17T06:00:29+00:00","dateModified":"2025-11-19T09:24:40+00:00","mainEntityOfPage":{"@id":"https:\/\/visionarymarketing.com\/fr\/2025\/11\/17\/transition-ecologique-entrepreneuriale\/"},"wordCount":2233,"commentCount":0,"image":{"@id":"https:\/\/visionarymarketing.com\/fr\/2025\/11\/17\/transition-ecologique-entrepreneuriale\/#primaryimage"},"thumbnailUrl":"https:\/\/visionarymarketing.com\/wp-content\/uploads\/2025\/11\/ygourven-split-screen-composition-showing-an-overwhelmed-entrep-003c60d4-23a5-4ed6-a058-74522cc43e17.jpg","articleSection":["A la une","\u00e9conomie et num\u00e9rique","livres marketing"],"inLanguage":"fr-FR","potentialAction":[{"@type":"CommentAction","name":"Comment","target":["https:\/\/visionarymarketing.com\/fr\/2025\/11\/17\/transition-ecologique-entrepreneuriale\/#respond"]}]},{"@type":"WebPage","@id":"https:\/\/visionarymarketing.com\/fr\/2025\/11\/17\/transition-ecologique-entrepreneuriale\/","url":"https:\/\/visionarymarketing.com\/fr\/2025\/11\/17\/transition-ecologique-entrepreneuriale\/","name":"Transition \u00e9cologique entrepreneuriale, \u00e9l\u00e9ment de diff\u00e9renciation","isPartOf":{"@id":"https:\/\/visionarymarketing.com\/fr\/#website"},"primaryImageOfPage":{"@id":"https:\/\/visionarymarketing.com\/fr\/2025\/11\/17\/transition-ecologique-entrepreneuriale\/#primaryimage"},"image":{"@id":"https:\/\/visionarymarketing.com\/fr\/2025\/11\/17\/transition-ecologique-entrepreneuriale\/#primaryimage"},"thumbnailUrl":"https:\/\/visionarymarketing.com\/wp-content\/uploads\/2025\/11\/ygourven-split-screen-composition-showing-an-overwhelmed-entrep-003c60d4-23a5-4ed6-a058-74522cc43e17.jpg","datePublished":"2025-11-17T06:00:29+00:00","dateModified":"2025-11-19T09:24:40+00:00","author":{"@id":"https:\/\/visionarymarketing.com\/fr\/#\/schema\/person\/3754fee1e558f47b8deb46f53c37423e"},"description":"Transition \u00e9cologique entrepreneuriale : Thomas Burbidge r\u00e9v\u00e8le comment transformer l'engagement environnemental en levier strat\u00e9gique","breadcrumb":{"@id":"https:\/\/visionarymarketing.com\/fr\/2025\/11\/17\/transition-ecologique-entrepreneuriale\/#breadcrumb"},"inLanguage":"fr-FR","potentialAction":[{"@type":"ReadAction","target":["https:\/\/visionarymarketing.com\/fr\/2025\/11\/17\/transition-ecologique-entrepreneuriale\/"]}]},{"@type":"ImageObject","inLanguage":"fr-FR","@id":"https:\/\/visionarymarketing.com\/fr\/2025\/11\/17\/transition-ecologique-entrepreneuriale\/#primaryimage","url":"https:\/\/visionarymarketing.com\/wp-content\/uploads\/2025\/11\/ygourven-split-screen-composition-showing-an-overwhelmed-entrep-003c60d4-23a5-4ed6-a058-74522cc43e17.jpg","contentUrl":"https:\/\/visionarymarketing.com\/wp-content\/uploads\/2025\/11\/ygourven-split-screen-composition-showing-an-overwhelmed-entrep-003c60d4-23a5-4ed6-a058-74522cc43e17.jpg","width":1920,"height":1076,"caption":"La transition \u00e9cologique entrepreneuriale, \u00e9l\u00e9ment de diff\u00e9renciation"},{"@type":"BreadcrumbList","@id":"https:\/\/visionarymarketing.com\/fr\/2025\/11\/17\/transition-ecologique-entrepreneuriale\/#breadcrumb","itemListElement":[{"@type":"ListItem","position":1,"name":"Home","item":"https:\/\/visionarymarketing.com\/fr\/"},{"@type":"ListItem","position":2,"name":"La transition \u00e9cologique entrepreneuriale, comme diff\u00e9renciation"}]},{"@type":"WebSite","@id":"https:\/\/visionarymarketing.com\/fr\/#website","url":"https:\/\/visionarymarketing.com\/fr\/","name":"Marketing and Innovation","description":"Site d&#039;infos ind\u00e9pendant, depuis 1996","potentialAction":[{"@type":"SearchAction","target":{"@type":"EntryPoint","urlTemplate":"https:\/\/visionarymarketing.com\/fr\/?s={search_term_string}"},"query-input":{"@type":"PropertyValueSpecification","valueRequired":true,"valueName":"search_term_string"}}],"inLanguage":"fr-FR"},{"@type":"Person","@id":"https:\/\/visionarymarketing.com\/fr\/#\/schema\/person\/3754fee1e558f47b8deb46f53c37423e","name":"Yann Gourvennec","image":{"@type":"ImageObject","inLanguage":"fr-FR","@id":"https:\/\/secure.gravatar.com\/avatar\/5972001801e8de5692a3e31224e85769f50a55fb8b679749f9c8d1868cceff14?s=96&d=initials&r=g&initials=yg","url":"https:\/\/secure.gravatar.com\/avatar\/5972001801e8de5692a3e31224e85769f50a55fb8b679749f9c8d1868cceff14?s=96&d=initials&r=g&initials=yg","contentUrl":"https:\/\/secure.gravatar.com\/avatar\/5972001801e8de5692a3e31224e85769f50a55fb8b679749f9c8d1868cceff14?s=96&d=initials&r=g&initials=yg","caption":"Yann Gourvennec"},"description":"Yann Gourvennec created visionarymarketing.com in 1996. He is a speaker and author of many books. In 2014 he went from intrapreneur to entrepreneur, when he created his digital marketing agency. Yann Gourvennec a cr\u00e9\u00e9 visionarymarketing.com en 1996. Il est conf\u00e9rencier et auteur de plusieurs livres. En 2014, il est pass\u00e9 d'intrapreneur \u00e0 entrepreneur en cr\u00e9ant son agence de marketing num\u00e9rique.","sameAs":["https:\/\/visionarymarketing.com","http:\/\/facebook.com\/ygourven","http:\/\/linkedin.com\/in\/ygourven","https:\/\/x.com\/ygourven","https:\/\/www.youtube.com\/c\/visionarymarketingagency"],"url":"https:\/\/visionarymarketing.com\/fr\/author\/yann-gourvennec\/"}]}},"_links":{"self":[{"href":"https:\/\/visionarymarketing.com\/fr\/wp-json\/wp\/v2\/posts\/84947","targetHints":{"allow":["GET"]}}],"collection":[{"href":"https:\/\/visionarymarketing.com\/fr\/wp-json\/wp\/v2\/posts"}],"about":[{"href":"https:\/\/visionarymarketing.com\/fr\/wp-json\/wp\/v2\/types\/post"}],"author":[{"embeddable":true,"href":"https:\/\/visionarymarketing.com\/fr\/wp-json\/wp\/v2\/users\/2"}],"replies":[{"embeddable":true,"href":"https:\/\/visionarymarketing.com\/fr\/wp-json\/wp\/v2\/comments?post=84947"}],"version-history":[{"count":0,"href":"https:\/\/visionarymarketing.com\/fr\/wp-json\/wp\/v2\/posts\/84947\/revisions"}],"wp:featuredmedia":[{"embeddable":true,"href":"https:\/\/visionarymarketing.com\/fr\/wp-json\/wp\/v2\/media\/84954"}],"wp:attachment":[{"href":"https:\/\/visionarymarketing.com\/fr\/wp-json\/wp\/v2\/media?parent=84947"}],"wp:term":[{"taxonomy":"category","embeddable":true,"href":"https:\/\/visionarymarketing.com\/fr\/wp-json\/wp\/v2\/categories?post=84947"},{"taxonomy":"post_tag","embeddable":true,"href":"https:\/\/visionarymarketing.com\/fr\/wp-json\/wp\/v2\/tags?post=84947"}],"curies":[{"name":"wp","href":"https:\/\/api.w.org\/{rel}","templated":true}]}}