{"id":84735,"date":"2025-10-06T07:56:44","date_gmt":"2025-10-06T05:56:44","guid":{"rendered":"https:\/\/visionarymarketing.com\/?p=84735"},"modified":"2025-10-06T10:04:49","modified_gmt":"2025-10-06T08:04:49","slug":"les-tendances-de-la-communication-en-2025","status":"publish","type":"post","link":"https:\/\/visionarymarketing.com\/fr\/2025\/10\/06\/les-tendances-de-la-communication-en-2025\/","title":{"rendered":"Les tendances de la communication en 2025"},"content":{"rendered":"\n<p><em>Quelles sont les tendances de la communication en cette fin 2025 ? Le m\u00e9tier de communicant traverse une mutation sans pr\u00e9c\u00e9dent. Intelligence artificielle, paysage m\u00e9diatique fragment\u00e9, fake news, d\u00e9fis r\u00e9glementaires : les nuages s&rsquo;accumulent \u00e0 une vitesse vertigineuse. Comment garder le cap dans cette temp\u00eate et <strong>anticiper plut\u00f4t que subir<\/strong> ? Nous sommes heureux d&rsquo;annoncer notre partenariat avec Comundi pour la 21\u00e8me \u00e9dition de <strong style=\"font-weight: 400;\">Tendances Communication<\/strong>, qui se tiendra le <strong style=\"font-weight: 400;\">25\u00a0novembre 2025<\/strong> dans les locaux de M6 \u00e0 Neuilly-sur-Seine. Et dans le cadre de ce partenariat, nous offrons avec Comundi &#8211; Strat\u00e9gies, <a href=\"https:\/\/vismktg.info\/comundisite25\">10\u00a0% du prix du billet<\/a> \u00e0 nos lecteurs.\u00a0<\/em><\/p>\n\n\n\n<h2 class=\"wp-block-heading\">Tendances Communication 2025 : Rendez-vous le 25\/11 !<\/h2>\n\n\n<div class=\"wp-block-image wp-image-84738 size-full\">\n<figure class=\"aligncenter\"><a href=\"https:\/\/vismktg.info\/comundisite25\"><img decoding=\"async\" width=\"1920\" height=\"1080\" src=\"https:\/\/visionarymarketing.com\/wp-content\/uploads\/2025\/10\/tendances-com-2025-visionary-marketing-front-new.jpg\" alt=\"Au 5\/10 il vous reste encore 50 jours et 15 heures pour vous inscrire \u00e0 l'\u00e9v\u00e9nement Tendances Communication 2025 de Comundi - Strat\u00e9gies\" class=\"wp-image-84738\" srcset=\"https:\/\/visionarymarketing.com\/wp-content\/uploads\/2025\/10\/tendances-com-2025-visionary-marketing-front-new.jpg 1920w, https:\/\/visionarymarketing.com\/wp-content\/uploads\/2025\/10\/tendances-com-2025-visionary-marketing-front-new-500x281.jpg 500w, https:\/\/visionarymarketing.com\/wp-content\/uploads\/2025\/10\/tendances-com-2025-visionary-marketing-front-new-1024x576.jpg 1024w, https:\/\/visionarymarketing.com\/wp-content\/uploads\/2025\/10\/tendances-com-2025-visionary-marketing-front-new-768x432.jpg 768w, https:\/\/visionarymarketing.com\/wp-content\/uploads\/2025\/10\/tendances-com-2025-visionary-marketing-front-new-1536x864.jpg 1536w, https:\/\/visionarymarketing.com\/wp-content\/uploads\/2025\/10\/tendances-com-2025-visionary-marketing-front-new-390x220.jpg 390w\" sizes=\"(max-width: 1920px) 100vw, 1920px\" \/><\/a><figcaption class=\"wp-element-caption\">Au 5\/10 il vous reste encore 50 jours et 15 heures <strong><a href=\"https:\/\/vismktg.info\/comundisite25\">pour vous inscrire \u00e0 Tendances Communication 2025.<\/a><\/strong> Visionary Marketing y est associ\u00e9 en tant que partenaire. Et en cliquant sur nos banni\u00e8res, gagnez 10% sur le prix du billet !<\/figcaption><\/figure>\n<\/div>\n\n\n<p>Notre ami et confr\u00e8re <strong><a href=\"https:\/\/visionarymarketing.com\/fr\/2024\/10\/28\/communication-interne-retrouver-la-voix-de-lauthenticite\/\">Olivier Cimeli\u00e8re<\/a><\/strong>, pr\u00e9sident de s\u00e9ance, orchestrera cette journ\u00e9e exceptionnelle. Il est ex-directeur de la communication chez Google France, Ipsos, Ericsson France et Nestl\u00e9 Waters. Auteur du Blog du Communicant et fondateur d&rsquo;Heuristik Conseil, Olivier sait extraire l&rsquo;essentiel des tendances qui fa\u00e7onnent notre m\u00e9tier. Nous aurons le plaisir de nous joindre \u00e0 lui pour cette \u00e9dition qui s&rsquo;annonce particuli\u00e8rement riche.<\/p>\n\n\n\n<!--more-->\n\n\n\n<p>Cette conf\u00e9rence n&rsquo;est pas une \u00e9ni\u00e8me grand-messe th\u00e9orique. C&rsquo;est un concentr\u00e9 d&rsquo;analyses concr\u00e8tes, de retours d&rsquo;exp\u00e9rience terrain et de visions prospectives. Elle r\u00e9unit 15 experts de premier plan et accueillant quelque 120 participants.<\/p>\n\n\n\n<h3 class=\"wp-block-heading\"><strong>Au programme : l&rsquo;IA, l&rsquo;influence, le droit et la pratique<\/strong><\/h3>\n\n\n\n<p>Apr\u00e8s l&rsquo;introduction d&rsquo;Olivier, la journ\u00e9e se poursuivra \u00e0 9h30 avec une immersion dans le barom\u00e8tre annuel de l&rsquo;Institut d&rsquo;\u00e9tudes Moa\u00ef, pr\u00e9sent\u00e9 par Herv\u00e9 Bonnet et Thomas Bosque. Mais la grande innovation de cette ann\u00e9e sera la pr\u00e9sence de <strong>\u00ab\u00a0Patrice\u00a0\u00bb, une IA-persona<\/strong> aliment\u00e9e par des milliers de donn\u00e9es issues de ce m\u00eame barom\u00e8tre. Un concentr\u00e9 de data humaine pour dialoguer en direct avec vous sur les tendances qui comptent r\u00e9ellement.<\/p>\n\n\n\n<p>Guillaume Th\u00e9audi\u00e8re, directeur associ\u00e9 chez Monolith Partners et enseignant \u00e0 Sciences Po, interviendra ensuite sur les nouvelles postures strat\u00e9giques que les communicants doivent adopter. Edouard Fillias, pr\u00e9sident et co-fondateur de l&rsquo;agence JIN et ex-chroniqueur sur BFM Business, d\u00e9cryptera quant \u00e0 lui l&rsquo;\u00e9cosyst\u00e8me d&rsquo;influence en 2025 \u2013 un sujet br\u00fblant \u00e0 l&rsquo;heure o\u00f9 les codes \u00e9voluent \u00e0 la vitesse de la lumi\u00e8re. Il sera accompagn\u00e9 par Pierre Tettart, directeur G\u00e9n\u00e9ral de Whatnot France.<\/p>\n\n\n\n<p>L&rsquo;apr\u00e8s-midi sera tout aussi dense avec Nicolas Vanderbiest (Saper Vedere) sur la veille et la d\u00e9tection des signaux faibles, Betty Jeulin sur les enjeux juridiques du num\u00e9rique et de l&rsquo;IA, et une table ronde r\u00e9unissant Guillaume Aper (JCDecaux), Val\u00e9rie Perruchot Garcia (ex-Johnson &amp; Johnson), Marion Scappaticci (Generali France) et Corentin Vrand (Decathlon France) autour des nouvelles pratiques de communication interne.<\/p>\n\n\n\n<p>La journ\u00e9e se cl\u00f4turera par deux interventions coup de poing : Gildas Bonnel (Sidi\u00e8se) sur la communication d&rsquo;impact, et Thomas Huchon, expert en d\u00e9sinformation et complotisme, sur les strat\u00e9gies pour r\u00e9sister aux fake news.<\/p>\n\n\n\n<h3 class=\"wp-block-heading\"><strong>Une journ\u00e9e compl\u00e8te avec visite exclusive<\/strong><\/h3>\n\n\n\n<p>Cerise sur le g\u00e2teau : une visite des coulisses de M6 est offerte \u00e0 tous les participants en pr\u00e9sentiel. Studios d&rsquo;enregistrement, r\u00e9gie, r\u00e9daction nationale : une immersion rare dans les m\u00e9tiers de l&rsquo;antenne.<\/p>\n\n\n\n<p>La conf\u00e9rence se tiendra au si\u00e8ge du Groupe M6, 89 Avenue Charles de Gaulle \u00e0 Neuilly-sur-Seine (m\u00e9tro Les Sablons), avec un format hybride permettant \u00e9galement de suivre \u00e0 distance.<\/p>\n\n\n\n<h3 class=\"wp-block-heading\"><strong>S&rsquo;inscrire avec l&rsquo;offre Visionary Marketing<\/strong> bet gagnez 10% !<\/h3>\n\n\n\n<p><strong>Visionary Marketing est heureux d&rsquo;offrir \u00e0 ses lecteurs une r\u00e9duction de 10% sur le prix du billet.<\/strong> Pour en b\u00e9n\u00e9ficier, il vous suffit de cliquer sur la banni\u00e8re d\u00e9di\u00e9e lors de votre inscription sur le site de Comundi.<\/p>\n\n\n\n<p><strong>Informations pratiques :<\/strong><\/p>\n\n\n\n<ul class=\"wp-block-list\">\n<li><strong>Date :<\/strong> Mardi 25 novembre 2025, \u00e0 partir de 9h00<\/li>\n\n\n\n<li><strong>Lieu :<\/strong> Groupe M6, 89 Av. Charles de Gaulle, 92200 Neuilly-sur-Seine<\/li>\n\n\n\n<li><strong>Format :<\/strong> Pr\u00e9sentiel ou \u00e0 distance<\/li>\n\n\n\n<li><strong><a href=\"https:\/\/vismktg.info\/comundisite25\">Inscription et renseignements<\/a><\/strong><\/li>\n<\/ul>\n\n\n<div class=\"wp-block-image\">\n<figure class=\"aligncenter\"><a href=\"https:\/\/vismktg.info\/comundisite25\"><img decoding=\"async\" width=\"1920\" height=\"1080\" src=\"https:\/\/visionarymarketing.com\/wp-content\/uploads\/2025\/10\/partenaires-1920-x-1080.jpg\" alt=\"\" class=\"wp-image-84740\" srcset=\"https:\/\/visionarymarketing.com\/wp-content\/uploads\/2025\/10\/partenaires-1920-x-1080.jpg 1920w, https:\/\/visionarymarketing.com\/wp-content\/uploads\/2025\/10\/partenaires-1920-x-1080-500x281.jpg 500w, https:\/\/visionarymarketing.com\/wp-content\/uploads\/2025\/10\/partenaires-1920-x-1080-1024x576.jpg 1024w, https:\/\/visionarymarketing.com\/wp-content\/uploads\/2025\/10\/partenaires-1920-x-1080-768x432.jpg 768w, https:\/\/visionarymarketing.com\/wp-content\/uploads\/2025\/10\/partenaires-1920-x-1080-1536x864.jpg 1536w, https:\/\/visionarymarketing.com\/wp-content\/uploads\/2025\/10\/partenaires-1920-x-1080-390x220.jpg 390w\" sizes=\"(max-width: 1920px) 100vw, 1920px\" \/><\/a><figcaption class=\"wp-element-caption\">Visionary Marketing est partenaire de Comundi &#8211; Stratg\u00e9gie pour cette 21e conf\u00e9rence Tendances 2025 Communication<\/figcaption><\/figure>\n<\/div>\n\n\n<h3 class=\"wp-block-heading\">Tendances communication 2025 21e \u00e9dition<\/h3>\n\n\n\n<p>Avec 21 \u00e9ditions au compteur, 16 partenaires mobilis\u00e9s et des retours participants enthousiastes ann\u00e9e apr\u00e8s ann\u00e9e (\u00ab\u00a0Une journ\u00e9e riche avec une \u00e9quipe aux petits soins\u00a0\u00bb, \u00ab\u00a0Qualit\u00e9 des intervenants, pas de blabla g\u00e9n\u00e9raliste\u00a0\u00bb), Tendances Communication s&rsquo;impose comme LE rendez-vous incontournable de fin d&rsquo;ann\u00e9e pour les professionnels de la communication.<\/p>\n\n\n\n<p>Ne manquez pas cette occasion de prendre un coup d&rsquo;avance. Nous avons h\u00e2te de vous y retrouver aux c\u00f4t\u00e9s d&rsquo;Olivier Cimeli\u00e8re !<\/p>\n\n\n<div class=\"wp-block-image\">\n<figure class=\"aligncenter size-full\"><a href=\"https:\/\/vismktg.info\/comundisite25\"><img decoding=\"async\" width=\"456\" height=\"152\" src=\"https:\/\/visionarymarketing.com\/wp-content\/uploads\/2025\/10\/je-minscris-bouton.png\" alt=\"\" class=\"wp-image-84746\"\/><\/a><\/figure>\n<\/div><div itemscope itemtype=\"http:\/\/schema.org\/AudioObject\"><meta itemprop=\"name\" content=\"Les tendances de la communication en 2025\" \/><meta itemprop=\"uploadDate\" content=\"2025-10-06T07:56:44+02:00\" \/><meta itemprop=\"encodingFormat\" content=\"audio\/mpeg\" \/><meta itemprop=\"duration\" content=\"PT6M28S\" \/><meta itemprop=\"description\" content=\"\nQuelles sont les tendances de la communication en cette fin 2025 ? Le m\u00e9tier de communicant traverse une mutation sans pr\u00e9c\u00e9dent. Intelligence artificielle, paysage m\u00e9diatique fragment\u00e9, fake news, d\u00e9fis r\u00e9glementaires : les nuages s&#039;accumulent \u00e0 un...\" \/><meta itemprop=\"contentUrl\" content=\"https:\/\/media.blubrry.com\/visionarymarketing_les\/agence.visionarymarketing.com\/files\/podcasts\/2025-10-06-Comundi-annonce-mixdown.mp3\" \/><meta itemprop=\"contentSize\" content=\"9.4\" \/><div class=\"powerpress_player\" id=\"powerpress_player_7721\"><audio class=\"wp-audio-shortcode\" id=\"audio-84735-1\" preload=\"none\" style=\"width: 100%;\" controls=\"controls\"><source type=\"audio\/mpeg\" src=\"https:\/\/media.blubrry.com\/visionarymarketing_les\/agence.visionarymarketing.com\/files\/podcasts\/2025-10-06-Comundi-annonce-mixdown.mp3?_=1\" \/><a href=\"https:\/\/media.blubrry.com\/visionarymarketing_les\/agence.visionarymarketing.com\/files\/podcasts\/2025-10-06-Comundi-annonce-mixdown.mp3\">https:\/\/media.blubrry.com\/visionarymarketing_les\/agence.visionarymarketing.com\/files\/podcasts\/2025-10-06-Comundi-annonce-mixdown.mp3<\/a><\/audio><\/div><\/div><p class=\"powerpress_links powerpress_links_mp3\" style=\"margin-bottom: 1px !important;\">Podcast: <a href=\"https:\/\/media.blubrry.com\/visionarymarketing_les\/agence.visionarymarketing.com\/files\/podcasts\/2025-10-06-Comundi-annonce-mixdown.mp3\" class=\"powerpress_link_pinw\" target=\"_blank\" title=\"Play in new window\" onclick=\"return powerpress_pinw('https:\/\/visionarymarketing.com\/fr\/\/?powerpress_pinw=84735-podcast');\" rel=\"nofollow\">Play in new window<\/a> | <a href=\"https:\/\/media.blubrry.com\/visionarymarketing_les\/agence.visionarymarketing.com\/files\/podcasts\/2025-10-06-Comundi-annonce-mixdown.mp3\" class=\"powerpress_link_d\" title=\"Download\" rel=\"nofollow\" download=\"2025-10-06-Comundi-annonce-mixdown.mp3\">Download<\/a> (Duration: 6:28 &#8212; 9.4MB)<\/p><p class=\"powerpress_links powerpress_subscribe_links\">Subscribe: <a href=\"https:\/\/itunes.apple.com\/us\/podcast\/visionarymarketing-les-interviews\/id731295319?mt=2&amp;ls=1#episodeGuid=https%3A%2F%2Fvisionarymarketing.com%2F%3Fp%3D84735\" class=\"powerpress_link_subscribe powerpress_link_subscribe_itunes\" target=\"_blank\" title=\"Subscribe on Apple Podcasts\" rel=\"nofollow\">Apple Podcasts<\/a> | <a href=\"https:\/\/open.spotify.com\/show\/52VnZ1mhVSnDs4tQOx7Vuc\" class=\"powerpress_link_subscribe powerpress_link_subscribe_spotify\" target=\"_blank\" title=\"Subscribe on Spotify\" rel=\"nofollow\">Spotify<\/a> | <a href=\"https:\/\/subscribeonandroid.com\/visionarymarketing.com\/fr\/feed\/podcast\/\" class=\"powerpress_link_subscribe powerpress_link_subscribe_android\" target=\"_blank\" title=\"Subscribe on Android\" rel=\"nofollow\">Android<\/a> | <a href=\"https:\/\/visionarymarketing.com\/fr\/feed\/podcast\/\" class=\"powerpress_link_subscribe powerpress_link_subscribe_rss\" target=\"_blank\" title=\"Subscribe via RSS\" rel=\"nofollow\">RSS<\/a><\/p>","protected":false},"excerpt":{"rendered":"<p>Quelles sont les tendances de la communication en cette fin 2025 ? Le m\u00e9tier de communicant traverse une mutation sans pr\u00e9c\u00e9dent. Intelligence artificielle, paysage m\u00e9diatique fragment\u00e9, fake news, d\u00e9fis r\u00e9glementaires : les nuages s&rsquo;accumulent \u00e0 une vitesse vertigineuse. Comment garder le cap dans cette temp\u00eate et anticiper plut\u00f4t que subir ? Nous sommes heureux d&rsquo;annoncer &hellip;<\/p>\n","protected":false},"author":2,"featured_media":84743,"comment_status":"open","ping_status":"open","sticky":false,"template":"","format":"standard","meta":{"footnotes":""},"categories":[2898],"tags":[],"class_list":["post-84735","post","type-post","status-publish","format-standard","has-post-thumbnail","hentry","category-communication-digitale"],"yoast_head":"<!-- This site is optimized with the Yoast SEO plugin v27.4 - https:\/\/yoast.com\/product\/yoast-seo-wordpress\/ -->\n<title>Tendances communication 2025 le 25 novembre<\/title>\n<meta name=\"description\" content=\"Le m\u00e9tier de communicant traverse une mutation sans pr\u00e9c\u00e9dent, quelles sont les tendances de la communication en cette fin 2025 ?\" \/>\n<meta name=\"robots\" content=\"index, follow, max-snippet:-1, max-image-preview:large, max-video-preview:-1\" \/>\n<link rel=\"canonical\" href=\"https:\/\/visionarymarketing.com\/fr\/2025\/10\/06\/les-tendances-de-la-communication-en-2025\/\" \/>\n<meta property=\"og:locale\" content=\"fr_FR\" \/>\n<meta property=\"og:type\" content=\"article\" \/>\n<meta property=\"og:title\" content=\"Tendances communication 2025 le 25 novembre\" \/>\n<meta property=\"og:description\" content=\"Le m\u00e9tier de communicant traverse une mutation sans pr\u00e9c\u00e9dent, quelles sont les tendances de la communication en cette fin 2025 ?\" \/>\n<meta property=\"og:url\" content=\"https:\/\/visionarymarketing.com\/fr\/2025\/10\/06\/les-tendances-de-la-communication-en-2025\/\" \/>\n<meta property=\"og:site_name\" content=\"Marketing and Innovation\" \/>\n<meta property=\"article:publisher\" content=\"https:\/\/www.facebook.com\/vismktg\" \/>\n<meta property=\"article:author\" content=\"http:\/\/facebook.com\/ygourven\" \/>\n<meta property=\"article:published_time\" content=\"2025-10-06T05:56:44+00:00\" \/>\n<meta property=\"article:modified_time\" content=\"2025-10-06T08:04:49+00:00\" \/>\n<meta property=\"og:image\" content=\"https:\/\/visionarymarketing.com\/wp-content\/uploads\/2025\/10\/thumbnail.jpg\" \/>\n\t<meta property=\"og:image:width\" content=\"1920\" \/>\n\t<meta property=\"og:image:height\" content=\"1080\" \/>\n\t<meta property=\"og:image:type\" content=\"image\/jpeg\" \/>\n<meta name=\"author\" content=\"Yann Gourvennec\" \/>\n<meta name=\"twitter:card\" content=\"summary_large_image\" \/>\n<meta name=\"twitter:creator\" content=\"@ygourven\" \/>\n<meta name=\"twitter:site\" content=\"@ygourven\" \/>\n<meta name=\"twitter:label1\" content=\"\u00c9crit par\" \/>\n\t<meta name=\"twitter:data1\" content=\"Yann Gourvennec\" \/>\n\t<meta name=\"twitter:label2\" content=\"Dur\u00e9e de lecture estim\u00e9e\" \/>\n\t<meta name=\"twitter:data2\" content=\"4 minutes\" \/>\n<script type=\"application\/ld+json\" class=\"yoast-schema-graph\">{\"@context\":\"https:\\\/\\\/schema.org\",\"@graph\":[{\"@type\":\"NewsArticle\",\"@id\":\"https:\\\/\\\/visionarymarketing.com\\\/fr\\\/2025\\\/10\\\/06\\\/les-tendances-de-la-communication-en-2025\\\/#article\",\"isPartOf\":{\"@id\":\"https:\\\/\\\/visionarymarketing.com\\\/fr\\\/2025\\\/10\\\/06\\\/les-tendances-de-la-communication-en-2025\\\/\"},\"author\":{\"name\":\"Yann Gourvennec\",\"@id\":\"https:\\\/\\\/visionarymarketing.com\\\/fr\\\/#\\\/schema\\\/person\\\/3754fee1e558f47b8deb46f53c37423e\"},\"headline\":\"Les tendances de la communication en 2025\",\"datePublished\":\"2025-10-06T05:56:44+00:00\",\"dateModified\":\"2025-10-06T08:04:49+00:00\",\"mainEntityOfPage\":{\"@id\":\"https:\\\/\\\/visionarymarketing.com\\\/fr\\\/2025\\\/10\\\/06\\\/les-tendances-de-la-communication-en-2025\\\/\"},\"wordCount\":795,\"commentCount\":0,\"image\":{\"@id\":\"https:\\\/\\\/visionarymarketing.com\\\/fr\\\/2025\\\/10\\\/06\\\/les-tendances-de-la-communication-en-2025\\\/#primaryimage\"},\"thumbnailUrl\":\"https:\\\/\\\/visionarymarketing.com\\\/wp-content\\\/uploads\\\/2025\\\/10\\\/thumbnail.jpg\",\"articleSection\":[\"communication digitale\"],\"inLanguage\":\"fr-FR\",\"potentialAction\":[{\"@type\":\"CommentAction\",\"name\":\"Comment\",\"target\":[\"https:\\\/\\\/visionarymarketing.com\\\/fr\\\/2025\\\/10\\\/06\\\/les-tendances-de-la-communication-en-2025\\\/#respond\"]}]},{\"@type\":\"WebPage\",\"@id\":\"https:\\\/\\\/visionarymarketing.com\\\/fr\\\/2025\\\/10\\\/06\\\/les-tendances-de-la-communication-en-2025\\\/\",\"url\":\"https:\\\/\\\/visionarymarketing.com\\\/fr\\\/2025\\\/10\\\/06\\\/les-tendances-de-la-communication-en-2025\\\/\",\"name\":\"Tendances communication 2025 le 25 novembre\",\"isPartOf\":{\"@id\":\"https:\\\/\\\/visionarymarketing.com\\\/fr\\\/#website\"},\"primaryImageOfPage\":{\"@id\":\"https:\\\/\\\/visionarymarketing.com\\\/fr\\\/2025\\\/10\\\/06\\\/les-tendances-de-la-communication-en-2025\\\/#primaryimage\"},\"image\":{\"@id\":\"https:\\\/\\\/visionarymarketing.com\\\/fr\\\/2025\\\/10\\\/06\\\/les-tendances-de-la-communication-en-2025\\\/#primaryimage\"},\"thumbnailUrl\":\"https:\\\/\\\/visionarymarketing.com\\\/wp-content\\\/uploads\\\/2025\\\/10\\\/thumbnail.jpg\",\"datePublished\":\"2025-10-06T05:56:44+00:00\",\"dateModified\":\"2025-10-06T08:04:49+00:00\",\"author\":{\"@id\":\"https:\\\/\\\/visionarymarketing.com\\\/fr\\\/#\\\/schema\\\/person\\\/3754fee1e558f47b8deb46f53c37423e\"},\"description\":\"Le m\u00e9tier de communicant traverse une mutation sans pr\u00e9c\u00e9dent, quelles sont les tendances de la communication en cette fin 2025 ?\",\"breadcrumb\":{\"@id\":\"https:\\\/\\\/visionarymarketing.com\\\/fr\\\/2025\\\/10\\\/06\\\/les-tendances-de-la-communication-en-2025\\\/#breadcrumb\"},\"inLanguage\":\"fr-FR\",\"potentialAction\":[{\"@type\":\"ReadAction\",\"target\":[\"https:\\\/\\\/visionarymarketing.com\\\/fr\\\/2025\\\/10\\\/06\\\/les-tendances-de-la-communication-en-2025\\\/\"]}]},{\"@type\":\"ImageObject\",\"inLanguage\":\"fr-FR\",\"@id\":\"https:\\\/\\\/visionarymarketing.com\\\/fr\\\/2025\\\/10\\\/06\\\/les-tendances-de-la-communication-en-2025\\\/#primaryimage\",\"url\":\"https:\\\/\\\/visionarymarketing.com\\\/wp-content\\\/uploads\\\/2025\\\/10\\\/thumbnail.jpg\",\"contentUrl\":\"https:\\\/\\\/visionarymarketing.com\\\/wp-content\\\/uploads\\\/2025\\\/10\\\/thumbnail.jpg\",\"width\":1920,\"height\":1080,\"caption\":\"Tendances Communication 2025\"},{\"@type\":\"BreadcrumbList\",\"@id\":\"https:\\\/\\\/visionarymarketing.com\\\/fr\\\/2025\\\/10\\\/06\\\/les-tendances-de-la-communication-en-2025\\\/#breadcrumb\",\"itemListElement\":[{\"@type\":\"ListItem\",\"position\":1,\"name\":\"Home\",\"item\":\"https:\\\/\\\/visionarymarketing.com\\\/fr\\\/\"},{\"@type\":\"ListItem\",\"position\":2,\"name\":\"Les tendances de la communication en 2025\"}]},{\"@type\":\"WebSite\",\"@id\":\"https:\\\/\\\/visionarymarketing.com\\\/fr\\\/#website\",\"url\":\"https:\\\/\\\/visionarymarketing.com\\\/fr\\\/\",\"name\":\"Marketing and Innovation\",\"description\":\"Site d&#039;infos ind\u00e9pendant, depuis 1996\",\"potentialAction\":[{\"@type\":\"SearchAction\",\"target\":{\"@type\":\"EntryPoint\",\"urlTemplate\":\"https:\\\/\\\/visionarymarketing.com\\\/fr\\\/?s={search_term_string}\"},\"query-input\":{\"@type\":\"PropertyValueSpecification\",\"valueRequired\":true,\"valueName\":\"search_term_string\"}}],\"inLanguage\":\"fr-FR\"},{\"@type\":\"Person\",\"@id\":\"https:\\\/\\\/visionarymarketing.com\\\/fr\\\/#\\\/schema\\\/person\\\/3754fee1e558f47b8deb46f53c37423e\",\"name\":\"Yann Gourvennec\",\"image\":{\"@type\":\"ImageObject\",\"inLanguage\":\"fr-FR\",\"@id\":\"https:\\\/\\\/secure.gravatar.com\\\/avatar\\\/5972001801e8de5692a3e31224e85769f50a55fb8b679749f9c8d1868cceff14?s=96&d=initials&r=g&initials=yg\",\"url\":\"https:\\\/\\\/secure.gravatar.com\\\/avatar\\\/5972001801e8de5692a3e31224e85769f50a55fb8b679749f9c8d1868cceff14?s=96&d=initials&r=g&initials=yg\",\"contentUrl\":\"https:\\\/\\\/secure.gravatar.com\\\/avatar\\\/5972001801e8de5692a3e31224e85769f50a55fb8b679749f9c8d1868cceff14?s=96&d=initials&r=g&initials=yg\",\"caption\":\"Yann Gourvennec\"},\"description\":\"Yann Gourvennec created visionarymarketing.com in 1996. He is a speaker and author of many books. In 2014 he went from intrapreneur to entrepreneur, when he created his digital marketing agency. Yann Gourvennec a cr\u00e9\u00e9 visionarymarketing.com en 1996. Il est conf\u00e9rencier et auteur de plusieurs livres. En 2014, il est pass\u00e9 d'intrapreneur \u00e0 entrepreneur en cr\u00e9ant son agence de marketing num\u00e9rique.\",\"sameAs\":[\"https:\\\/\\\/visionarymarketing.com\",\"http:\\\/\\\/facebook.com\\\/ygourven\",\"http:\\\/\\\/linkedin.com\\\/in\\\/ygourven\",\"https:\\\/\\\/x.com\\\/ygourven\",\"https:\\\/\\\/www.youtube.com\\\/c\\\/visionarymarketingagency\"],\"url\":\"https:\\\/\\\/visionarymarketing.com\\\/fr\\\/author\\\/yann-gourvennec\\\/\"}]}<\/script>\n<!-- \/ Yoast SEO plugin. -->","yoast_head_json":{"title":"Tendances communication 2025 le 25 novembre","description":"Le m\u00e9tier de communicant traverse une mutation sans pr\u00e9c\u00e9dent, quelles sont les tendances de la communication en cette fin 2025 ?","robots":{"index":"index","follow":"follow","max-snippet":"max-snippet:-1","max-image-preview":"max-image-preview:large","max-video-preview":"max-video-preview:-1"},"canonical":"https:\/\/visionarymarketing.com\/fr\/2025\/10\/06\/les-tendances-de-la-communication-en-2025\/","og_locale":"fr_FR","og_type":"article","og_title":"Tendances communication 2025 le 25 novembre","og_description":"Le m\u00e9tier de communicant traverse une mutation sans pr\u00e9c\u00e9dent, quelles sont les tendances de la communication en cette fin 2025 ?","og_url":"https:\/\/visionarymarketing.com\/fr\/2025\/10\/06\/les-tendances-de-la-communication-en-2025\/","og_site_name":"Marketing and Innovation","article_publisher":"https:\/\/www.facebook.com\/vismktg","article_author":"http:\/\/facebook.com\/ygourven","article_published_time":"2025-10-06T05:56:44+00:00","article_modified_time":"2025-10-06T08:04:49+00:00","og_image":[{"width":1920,"height":1080,"url":"https:\/\/visionarymarketing.com\/wp-content\/uploads\/2025\/10\/thumbnail.jpg","type":"image\/jpeg"}],"author":"Yann Gourvennec","twitter_card":"summary_large_image","twitter_creator":"@ygourven","twitter_site":"@ygourven","twitter_misc":{"\u00c9crit par":"Yann Gourvennec","Dur\u00e9e de lecture estim\u00e9e":"4 minutes"},"schema":{"@context":"https:\/\/schema.org","@graph":[{"@type":"NewsArticle","@id":"https:\/\/visionarymarketing.com\/fr\/2025\/10\/06\/les-tendances-de-la-communication-en-2025\/#article","isPartOf":{"@id":"https:\/\/visionarymarketing.com\/fr\/2025\/10\/06\/les-tendances-de-la-communication-en-2025\/"},"author":{"name":"Yann Gourvennec","@id":"https:\/\/visionarymarketing.com\/fr\/#\/schema\/person\/3754fee1e558f47b8deb46f53c37423e"},"headline":"Les tendances de la communication en 2025","datePublished":"2025-10-06T05:56:44+00:00","dateModified":"2025-10-06T08:04:49+00:00","mainEntityOfPage":{"@id":"https:\/\/visionarymarketing.com\/fr\/2025\/10\/06\/les-tendances-de-la-communication-en-2025\/"},"wordCount":795,"commentCount":0,"image":{"@id":"https:\/\/visionarymarketing.com\/fr\/2025\/10\/06\/les-tendances-de-la-communication-en-2025\/#primaryimage"},"thumbnailUrl":"https:\/\/visionarymarketing.com\/wp-content\/uploads\/2025\/10\/thumbnail.jpg","articleSection":["communication digitale"],"inLanguage":"fr-FR","potentialAction":[{"@type":"CommentAction","name":"Comment","target":["https:\/\/visionarymarketing.com\/fr\/2025\/10\/06\/les-tendances-de-la-communication-en-2025\/#respond"]}]},{"@type":"WebPage","@id":"https:\/\/visionarymarketing.com\/fr\/2025\/10\/06\/les-tendances-de-la-communication-en-2025\/","url":"https:\/\/visionarymarketing.com\/fr\/2025\/10\/06\/les-tendances-de-la-communication-en-2025\/","name":"Tendances communication 2025 le 25 novembre","isPartOf":{"@id":"https:\/\/visionarymarketing.com\/fr\/#website"},"primaryImageOfPage":{"@id":"https:\/\/visionarymarketing.com\/fr\/2025\/10\/06\/les-tendances-de-la-communication-en-2025\/#primaryimage"},"image":{"@id":"https:\/\/visionarymarketing.com\/fr\/2025\/10\/06\/les-tendances-de-la-communication-en-2025\/#primaryimage"},"thumbnailUrl":"https:\/\/visionarymarketing.com\/wp-content\/uploads\/2025\/10\/thumbnail.jpg","datePublished":"2025-10-06T05:56:44+00:00","dateModified":"2025-10-06T08:04:49+00:00","author":{"@id":"https:\/\/visionarymarketing.com\/fr\/#\/schema\/person\/3754fee1e558f47b8deb46f53c37423e"},"description":"Le m\u00e9tier de communicant traverse une mutation sans pr\u00e9c\u00e9dent, quelles sont les tendances de la communication en cette fin 2025 ?","breadcrumb":{"@id":"https:\/\/visionarymarketing.com\/fr\/2025\/10\/06\/les-tendances-de-la-communication-en-2025\/#breadcrumb"},"inLanguage":"fr-FR","potentialAction":[{"@type":"ReadAction","target":["https:\/\/visionarymarketing.com\/fr\/2025\/10\/06\/les-tendances-de-la-communication-en-2025\/"]}]},{"@type":"ImageObject","inLanguage":"fr-FR","@id":"https:\/\/visionarymarketing.com\/fr\/2025\/10\/06\/les-tendances-de-la-communication-en-2025\/#primaryimage","url":"https:\/\/visionarymarketing.com\/wp-content\/uploads\/2025\/10\/thumbnail.jpg","contentUrl":"https:\/\/visionarymarketing.com\/wp-content\/uploads\/2025\/10\/thumbnail.jpg","width":1920,"height":1080,"caption":"Tendances Communication 2025"},{"@type":"BreadcrumbList","@id":"https:\/\/visionarymarketing.com\/fr\/2025\/10\/06\/les-tendances-de-la-communication-en-2025\/#breadcrumb","itemListElement":[{"@type":"ListItem","position":1,"name":"Home","item":"https:\/\/visionarymarketing.com\/fr\/"},{"@type":"ListItem","position":2,"name":"Les tendances de la communication en 2025"}]},{"@type":"WebSite","@id":"https:\/\/visionarymarketing.com\/fr\/#website","url":"https:\/\/visionarymarketing.com\/fr\/","name":"Marketing and Innovation","description":"Site d&#039;infos ind\u00e9pendant, depuis 1996","potentialAction":[{"@type":"SearchAction","target":{"@type":"EntryPoint","urlTemplate":"https:\/\/visionarymarketing.com\/fr\/?s={search_term_string}"},"query-input":{"@type":"PropertyValueSpecification","valueRequired":true,"valueName":"search_term_string"}}],"inLanguage":"fr-FR"},{"@type":"Person","@id":"https:\/\/visionarymarketing.com\/fr\/#\/schema\/person\/3754fee1e558f47b8deb46f53c37423e","name":"Yann Gourvennec","image":{"@type":"ImageObject","inLanguage":"fr-FR","@id":"https:\/\/secure.gravatar.com\/avatar\/5972001801e8de5692a3e31224e85769f50a55fb8b679749f9c8d1868cceff14?s=96&d=initials&r=g&initials=yg","url":"https:\/\/secure.gravatar.com\/avatar\/5972001801e8de5692a3e31224e85769f50a55fb8b679749f9c8d1868cceff14?s=96&d=initials&r=g&initials=yg","contentUrl":"https:\/\/secure.gravatar.com\/avatar\/5972001801e8de5692a3e31224e85769f50a55fb8b679749f9c8d1868cceff14?s=96&d=initials&r=g&initials=yg","caption":"Yann Gourvennec"},"description":"Yann Gourvennec created visionarymarketing.com in 1996. He is a speaker and author of many books. In 2014 he went from intrapreneur to entrepreneur, when he created his digital marketing agency. Yann Gourvennec a cr\u00e9\u00e9 visionarymarketing.com en 1996. Il est conf\u00e9rencier et auteur de plusieurs livres. En 2014, il est pass\u00e9 d'intrapreneur \u00e0 entrepreneur en cr\u00e9ant son agence de marketing num\u00e9rique.","sameAs":["https:\/\/visionarymarketing.com","http:\/\/facebook.com\/ygourven","http:\/\/linkedin.com\/in\/ygourven","https:\/\/x.com\/ygourven","https:\/\/www.youtube.com\/c\/visionarymarketingagency"],"url":"https:\/\/visionarymarketing.com\/fr\/author\/yann-gourvennec\/"}]}},"_links":{"self":[{"href":"https:\/\/visionarymarketing.com\/fr\/wp-json\/wp\/v2\/posts\/84735","targetHints":{"allow":["GET"]}}],"collection":[{"href":"https:\/\/visionarymarketing.com\/fr\/wp-json\/wp\/v2\/posts"}],"about":[{"href":"https:\/\/visionarymarketing.com\/fr\/wp-json\/wp\/v2\/types\/post"}],"author":[{"embeddable":true,"href":"https:\/\/visionarymarketing.com\/fr\/wp-json\/wp\/v2\/users\/2"}],"replies":[{"embeddable":true,"href":"https:\/\/visionarymarketing.com\/fr\/wp-json\/wp\/v2\/comments?post=84735"}],"version-history":[{"count":0,"href":"https:\/\/visionarymarketing.com\/fr\/wp-json\/wp\/v2\/posts\/84735\/revisions"}],"wp:featuredmedia":[{"embeddable":true,"href":"https:\/\/visionarymarketing.com\/fr\/wp-json\/wp\/v2\/media\/84743"}],"wp:attachment":[{"href":"https:\/\/visionarymarketing.com\/fr\/wp-json\/wp\/v2\/media?parent=84735"}],"wp:term":[{"taxonomy":"category","embeddable":true,"href":"https:\/\/visionarymarketing.com\/fr\/wp-json\/wp\/v2\/categories?post=84735"},{"taxonomy":"post_tag","embeddable":true,"href":"https:\/\/visionarymarketing.com\/fr\/wp-json\/wp\/v2\/tags?post=84735"}],"curies":[{"name":"wp","href":"https:\/\/api.w.org\/{rel}","templated":true}]}}