{"id":84711,"date":"2025-10-01T08:14:34","date_gmt":"2025-10-01T06:14:34","guid":{"rendered":"https:\/\/visionarymarketing.com\/?p=84711"},"modified":"2025-10-01T08:14:36","modified_gmt":"2025-10-01T06:14:36","slug":"la-bulle-de-lia-va-t-elle-bientot-eclater","status":"publish","type":"post","link":"https:\/\/visionarymarketing.com\/fr\/2025\/10\/01\/la-bulle-de-lia-va-t-elle-bientot-eclater\/","title":{"rendered":"La bulle de l&rsquo;IA va-t-elle bient\u00f4t \u00e9clater ?"},"content":{"rendered":"\n<p><em>La bulle de l&rsquo;IA va-t-elle \u00e9clater ou l&rsquo;IA g\u00e9n\u00e9rative est-elle l\u00e0 pour durer ? Le secteur de l&rsquo;intelligence artificielle conna\u00eet une euphorie financi\u00e8re sans pr\u00e9c\u00e9dent. Pourtant, la situation demeure tr\u00e8s confuse. Les investissements dans l&rsquo;IA atteignent des sommets vertigineux. Citons <a style=\"font-weight: 400;\" href=\"https:\/\/openai.com\/index\/march-funding-updates\/\">la lev\u00e9e de fonds de 40 milliards de dollars d&rsquo;OpenAI avec une valorisation de 300 milliards de dollars<\/a> et <a href=\"https:\/\/www.reuters.com\/world\/europe\/asml-becomes-mistral-ais-top-shareholder-after-leading-latest-funding-round-2025-09-07\/\">celle de 1,7 milliard d&rsquo;euros de Mistral AI<\/a>. Malgr\u00e9 cela, certains commentateurs se montrent tr\u00e8s critiques. Ed Zitron, par exemple, pr\u00e9dit que la bulle de l&rsquo;IA \u00e9clatera au quatri\u00e8me trimestre 2025. Tout cela alimente un d\u00e9bat passionn\u00e9, pas toujours rationnel. J&rsquo;ai voulu confronter ces inqui\u00e9tudes \u00e0 l&rsquo;expertise de Bernhard Schaffrik, analyste principal chez Forrester Research. Son analyse se r\u00e9v\u00e8le \u00e0 la fois perspicace et nuanc\u00e9e. D&rsquo;apr\u00e8s lui, une correction aura bien lieu, mais l&rsquo;IA g\u00e9n\u00e9rative demeure trop populaire pour dispara\u00eetre.<\/em><\/p>\n\n\n\n<h2 class=\"wp-block-heading\">Quand la bulle de l&rsquo;IA va-t-elle \u00e9clater ?<\/h2>\n\n\n\n<figure class=\"wp-block-image size-large\"><img decoding=\"async\" width=\"1024\" height=\"568\" src=\"https:\/\/visionarymarketing.com\/wp-content\/uploads\/2025\/09\/bernhard-schaffrik-1024x768-14559615-1024x568.jpg\" alt=\"Bulle de l'IA \u00e9clater\" class=\"wp-image-84703\" srcset=\"https:\/\/visionarymarketing.com\/wp-content\/uploads\/2025\/09\/bernhard-schaffrik-1024x768-14559615-1024x568.jpg 1024w, https:\/\/visionarymarketing.com\/wp-content\/uploads\/2025\/09\/bernhard-schaffrik-1024x768-14559615-500x277.jpg 500w, https:\/\/visionarymarketing.com\/wp-content\/uploads\/2025\/09\/bernhard-schaffrik-1024x768-14559615-768x426.jpg 768w, https:\/\/visionarymarketing.com\/wp-content\/uploads\/2025\/09\/bernhard-schaffrik-1024x768-14559615-1536x852.jpg 1536w, https:\/\/visionarymarketing.com\/wp-content\/uploads\/2025\/09\/bernhard-schaffrik-1024x768-14559615.jpg 1947w\" sizes=\"(max-width: 1024px) 100vw, 1024px\" \/><figcaption class=\"wp-element-caption\">La bulle de l&rsquo;IA est-elle sur le point d&rsquo;\u00e9clater ou l&rsquo;IA g\u00e9n\u00e9rative est-elle l\u00e0 pour durer ? Pour Schaffrik de Forrester, des corrections sont \u00e0 pr\u00e9voir mais l&rsquo;IA g\u00e9n\u00e9rative est trop populaire pour s&rsquo;\u00e9vanouir \u2014 photo Forrester.com<\/figcaption><\/figure>\n\n\n\n<p>Bernhard Schaffrik de Forrester fait partie des meilleurs experts en intelligence artificielle. Il nous livre une analyse nuanc\u00e9e qui d\u00e9passe de loin les simples consid\u00e9rations financi\u00e8res. Son regard sur un \u00e9ventuel \u00e9clatement de la bulle de l&rsquo;IA apporte des \u00e9clairages essentiels pour comprendre o\u00f9 se dirige vraiment cette technologie de rupture.<\/p>\n\n\n\n<!--more-->\n\n\n\n<h3 class=\"wp-block-heading\"><strong>La bulle de l&rsquo;IA, une r\u00e9alit\u00e9 financi\u00e8re <\/strong>?<\/h3>\n\n\n\n<p>On ne peut r\u00e9pondre de fa\u00e7on univoque \u00e0 la question d&rsquo;un \u00e9ventuel \u00e9clatement de la bulle de l&rsquo;IA. Comme le souligne \u00e0 juste titre Bernhard Schaffrik, tout d\u00e9pend du point de vue que l&rsquo;on adopte. Cette dualit\u00e9 constitue probablement l&rsquo;une des cl\u00e9s pour  comprendre la situation actuelle et les risques d&rsquo;\u00e9clatement de la bulle de l&rsquo;IA.<\/p>\n\n\n\n<figure class=\"wp-block-image size-large\"><img decoding=\"async\" width=\"1024\" height=\"585\" src=\"https:\/\/visionarymarketing.com\/wp-content\/uploads\/2025\/09\/firefly-a-soap-bubble-that-doesnt-burst-millions-of-spoap-bubbles-in-the-the-blue-sky-934666-1024x585.jpg\" alt=\"Schaffrik ne croit pas \u00e0 un \u00e9clatement de la bulle de l'IA pour l'instant\" class=\"wp-image-84707\" srcset=\"https:\/\/visionarymarketing.com\/wp-content\/uploads\/2025\/09\/firefly-a-soap-bubble-that-doesnt-burst-millions-of-spoap-bubbles-in-the-the-blue-sky-934666-1024x585.jpg 1024w, https:\/\/visionarymarketing.com\/wp-content\/uploads\/2025\/09\/firefly-a-soap-bubble-that-doesnt-burst-millions-of-spoap-bubbles-in-the-the-blue-sky-934666-500x286.jpg 500w, https:\/\/visionarymarketing.com\/wp-content\/uploads\/2025\/09\/firefly-a-soap-bubble-that-doesnt-burst-millions-of-spoap-bubbles-in-the-the-blue-sky-934666-768x439.jpg 768w, https:\/\/visionarymarketing.com\/wp-content\/uploads\/2025\/09\/firefly-a-soap-bubble-that-doesnt-burst-millions-of-spoap-bubbles-in-the-the-blue-sky-934666-1536x878.jpg 1536w, https:\/\/visionarymarketing.com\/wp-content\/uploads\/2025\/09\/firefly-a-soap-bubble-that-doesnt-burst-millions-of-spoap-bubbles-in-the-the-blue-sky-934666.jpg 1920w\" sizes=\"(max-width: 1024px) 100vw, 1024px\" \/><figcaption class=\"wp-element-caption\">Comme nous, Schaffrik souligne \u00e0 juste titre que le principal probl\u00e8me <a href=\"https:\/\/visionarymarketing.com\/en\/2025\/03\/28\/chores-to-ai-thinking-to-humans\/\">que pose l&rsquo;IA rel\u00e8ve du soci\u00e9tal et du philosophique<\/a> \u2014 image g\u00e9n\u00e9r\u00e9e avec Adobe Firefly<\/figcaption><\/figure>\n\n\n\n<p>\u00ab Il est presque impossible d&rsquo;obtenir une r\u00e9ponse en une seule phrase de la part d&rsquo;un analyste. Permettez-moi d&rsquo;en utiliser deux. Premi\u00e8rement, tout d\u00e9pend \u00e9videmment du profil de votre interlocuteur. Si nous parlons des investisseurs financiers, alors oui, tous les signaux montrent qu&rsquo;il s&rsquo;agit d&rsquo;une bulle, car des sommes colossales y sont inject\u00e9es \u2014 plus de 120 milliards de dollars en d\u00e9penses d&rsquo;investissement pour les infrastructures d&rsquo;IA uniquement, rien que par les sept g\u00e9ants de la technologie. Cette bulle pourrait donc \u00e9clater \u00bb, explique l&rsquo;expert de Forrester.<\/p>\n\n\n\n<p>Ce constat prend toute sa pertinence quand on consid\u00e8re <a href=\"https:\/\/www.techrepublic.com\/article\/news-google-9b-oklahoma-ai-data-centers-training\/\">l&rsquo;investissement de 9 milliards de dollars de Google dans un centre de donn\u00e9es IA en Oklahoma<\/a> pour des infrastructures avanc\u00e9es d&rsquo;entra\u00eenement de l&rsquo;IA.<\/p>\n\n\n\n<h4 class=\"wp-block-heading\">Une logique diff\u00e9rente<\/h4>\n\n\n\n<p>Cette perspective financi\u00e8re ne raconte toutefois qu&rsquo;une partie de l&rsquo;histoire. <strong>L&rsquo;adoption des technologies ob\u00e9it \u00e0 une logique diff\u00e9rente de celle des march\u00e9s financiers<\/strong>, comme l&rsquo;a confirm\u00e9 Schaffrik lors de notre \u00e9change sur les risques d&rsquo;\u00e9clatement de la bulle de l&rsquo;IA.<\/p>\n\n\n\n<p>\u00ab Mais si vous vous mettez maintenant \u00e0 la place des d\u00e9cideurs d&rsquo;entreprise, des responsables technologiques, ou m\u00eame des utilisateurs d&rsquo;IA, beaucoup vous diront : \u00ab\u00a0<strong>Peu m&rsquo;importe que cette bulle \u00e9clate, la technologie existe et elle ne dispara\u00eetra pas<\/strong>.\u00a0\u00bb \u00bb<\/p>\n\n\n\n<p>\u00ab Quels que soient les montants et toutes les transactions financi\u00e8res autour du secteur de l&rsquo;IA, les gens utilisent <em>vraiment<\/em> cette technologie. Et ils appr\u00e9cient ce qu&rsquo;ils voient. Ce n&rsquo;est peut-\u00eatre pas la <a href=\"https:\/\/visionarymarketing.com\/fr\/2024\/02\/06\/la-revolution-de-lia-naura-pas-lieu\/\">r\u00e9volution<\/a> de rupture que certains imaginent. C&rsquo;est probablement plus progressif que cela, mais l&rsquo;adoption de cette technologie reste ind\u00e9niable. \u00bb<\/p>\n\n\n\n<h3 class=\"wp-block-heading\"><strong>Le d\u00e9fi des revenus : un \u00e9cart de 25 milliards de dollars \u00e0 combler<\/strong><\/h3>\n\n\n\n<p><a href=\"https:\/\/fortune.com\/2025\/09\/09\/is-the-ai-bubble-about-to-burst-theres-mounting-data-suggesting-it-might-be\/\">L&rsquo;analyse de Fortune<\/a> r\u00e9v\u00e8le un \u00e9cart pr\u00e9occupant entre les investissements actuels et les revenus g\u00e9n\u00e9r\u00e9s. Pour justifier les investissements actuels, les entreprises d&rsquo;IA devraient g\u00e9n\u00e9rer 40 milliards de dollars de revenus annuels, alors qu&rsquo;elles n&rsquo;en produisent que 15 \u00e0 20 milliards.<\/p>\n\n\n\n<figure class=\"wp-block-image size-large\"><img decoding=\"async\" width=\"1024\" height=\"585\" src=\"https:\/\/visionarymarketing.com\/wp-content\/uploads\/2025\/09\/firefly-a-soap-bubble-that-doesnt-burst-millions-of-spoap-bubbles-in-the-the-blue-sky-219817-2-1024x585.jpg\" alt=\"Schaffrik ne croit pas \u00e0 un \u00e9clatement de la bulle de l'IA pour l'instant\" class=\"wp-image-84708\" srcset=\"https:\/\/visionarymarketing.com\/wp-content\/uploads\/2025\/09\/firefly-a-soap-bubble-that-doesnt-burst-millions-of-spoap-bubbles-in-the-the-blue-sky-219817-2-1024x585.jpg 1024w, https:\/\/visionarymarketing.com\/wp-content\/uploads\/2025\/09\/firefly-a-soap-bubble-that-doesnt-burst-millions-of-spoap-bubbles-in-the-the-blue-sky-219817-2-500x286.jpg 500w, https:\/\/visionarymarketing.com\/wp-content\/uploads\/2025\/09\/firefly-a-soap-bubble-that-doesnt-burst-millions-of-spoap-bubbles-in-the-the-blue-sky-219817-2-768x439.jpg 768w, https:\/\/visionarymarketing.com\/wp-content\/uploads\/2025\/09\/firefly-a-soap-bubble-that-doesnt-burst-millions-of-spoap-bubbles-in-the-the-blue-sky-219817-2-1536x878.jpg 1536w, https:\/\/visionarymarketing.com\/wp-content\/uploads\/2025\/09\/firefly-a-soap-bubble-that-doesnt-burst-millions-of-spoap-bubbles-in-the-the-blue-sky-219817-2.jpg 1920w\" sizes=\"(max-width: 1024px) 100vw, 1024px\" \/><figcaption class=\"wp-element-caption\">Schaffrik ne croit pas \u00e0 un \u00e9clatement imminent de la bulle de l&rsquo;IA \u2014 image r\u00e9alis\u00e9e avec Adobe Firefly<\/figcaption><\/figure>\n\n\n\n<p>Je me demandais si cet \u00e9cart de 20 \u00e0 25 milliards de dollars pouvait repr\u00e9senter un risque syst\u00e9mique susceptible de d\u00e9clencher un \u00e9clatement de la bulle de l&rsquo;IA.<\/p>\n\n\n\n<p>Schaffrik reste relativement optimiste sur ce point : \u00ab <strong>Le march\u00e9 dispose encore de suffisamment de liquidit\u00e9s pour combler ces \u00e9carts de revenus, au moins pendant un certain temps<\/strong>. Et je constate \u00e9galement que <strong>les plus grandes entreprises<\/strong> de la plan\u00e8te <strong>sont d\u00e9termin\u00e9es \u00e0 continuer d&rsquo;utiliser ces logiciels<\/strong>. Si cela implique un surco\u00fbt raisonnable, disons quelques points de pourcentage de plus que ce qu&rsquo;elles paient aujourd&rsquo;hui, alors elles l&rsquo;accepteront. \u00bb<\/p>\n\n\n\n<p><strong>Si les grandes entreprises acceptent ces surco\u00fbts<\/strong>, c&rsquo;est qu&rsquo;elles constatent une <strong>valeur ajout\u00e9e progressive<\/strong>, m\u00eame si elle n&rsquo;a pas encore atteint le niveau de transformation promis qui pourrait \u00e9viter un \u00e9clatement de la bulle de l&rsquo;IA.<\/p>\n\n\n\n<h3 class=\"wp-block-heading\"><strong>R\u00e9gression des LLM : un signal d&rsquo;alerte ?<\/strong><\/h3>\n\n\n\n<p>Un \u00e9l\u00e9ment particuli\u00e8rement troublant dans l&rsquo;\u00e9cosyst\u00e8me actuel : <a href=\"https:\/\/www.newsguardtech.com\/ai-monitor\/august-2025-ai-false-claim-monitor\/\"><strong>la r\u00e9cente \u00e9tude de NewsGuard<\/strong><\/a> <strong>r\u00e9v\u00e8le que les principaux syst\u00e8mes de grands mod\u00e8les de langage ne progressent plus, ils r\u00e9gressent<\/strong>, g\u00e9n\u00e9rant davantage d&rsquo;hallucinations et d&rsquo;erreurs. Ce constat soul\u00e8ve des questions fondamentales sur la maturit\u00e9 actuelle de la technologie et son impact sur les risques d&rsquo;\u00e9clatement de la bulle de l&rsquo;IA.<\/p>\n\n\n\n<p>\u00ab Je ne pr\u00e9tends pas que les grands mod\u00e8les de langage et l&rsquo;IA g\u00e9n\u00e9rative progressent de mani\u00e8re lin\u00e9aire, ni que cette technologie sera r\u00e9volutionnaire, malgr\u00e9 les promesses. Comme nous l&rsquo;avons constat\u00e9 avec les technologies \u00e9mergentes depuis des d\u00e9cennies, voire des si\u00e8cles, seules de v\u00e9ritables ruptures technologiques \u2014 et non de simples \u00e9volutions \u2014 permettent de tenir de telles promesses \u00bb, analyse Schaffrik.<\/p>\n\n\n\n<p>Cette vision des limites actuelles de l&rsquo;IA n&rsquo;entame en rien l&rsquo;optimisme \u00e0 long terme de Bernhard : \u00ab Mais je reste convaincu que ces ruptures se produiront, pas dans les sept, huit, neuf ou douze prochains mois, mais peut-\u00eatre \u00e0 plus long terme. d&rsquo;autres choses \u00e9mergeront. \u00bb<\/p>\n\n\n\n<h3 class=\"wp-block-heading\"><strong>Efficacit\u00e9 \u00e9nerg\u00e9tique : le talon d&rsquo;Achille de l&rsquo;IA<\/strong><\/h3>\n\n\n\n<p>L&rsquo;une des critiques les plus percutantes de Schaffrik porte sur l&rsquo;efficacit\u00e9 \u00e9nerg\u00e9tique des syst\u00e8mes actuels. Sa comparaison entre le cerveau humain et les centres de donn\u00e9es est frappante et pertinente pour comprendre si nous sommes confront\u00e9s \u00e0 un \u00e9clatement de la bulle de l&rsquo;IA.<\/p>\n\n\n\n<p>\u00ab Si nous comparons la quantit\u00e9 d&rsquo;\u00e9nergie dont nos cerveaux ont besoin pour produire une inf\u00e9rence donn\u00e9e, et ce qu&rsquo;un grand mod\u00e8le de langage consommerait en \u00e9lectricit\u00e9 pour obtenir le m\u00eame r\u00e9sultat, cette voie ne peut pas \u00eatre viable. \u00bb<\/p>\n\n\n\n<p>Cette inefficacit\u00e9 \u00e9nerg\u00e9tique constitue un obstacle majeur au passage \u00e0 l&rsquo;\u00e9chelle et n\u00e9cessitera des ruptures technologiques importantes, ce qui pourrait influencer le calendrier d&rsquo;un \u00e9ventuel \u00e9clatement de la bulle de l&rsquo;IA.<\/p>\n\n\n\n<h3 class=\"wp-block-heading\">\u00c9checs des projets pilotes : situation normale ou signal d&rsquo;alarme ?<\/h3>\n\n\n\n<p>Le <a href=\"https:\/\/www.windowscentral.com\/artificial-intelligence\/the-ai-bubble-may-be-about-to-pop-heres-what-mits-95-percent-failure-stat-means\">taux d&rsquo;\u00e9chec de 95 % des projets pilotes d&rsquo;IA en entreprise r\u00e9v\u00e9l\u00e9 par une \u00e9tude du MIT<\/a> pourrait sembler alarmant et annoncer un \u00e9clatement imminent de la bulle. Pourtant, Schaffrik replace ce chiffre dans son contexte historique : \u00ab C&rsquo;est parfaitement normal. En tant qu&rsquo;analyste sp\u00e9cialis\u00e9 dans la gestion de l&rsquo;innovation, j&rsquo;ai observ\u00e9 au fil du temps qu&rsquo;environ 10 % seulement de tous les MVP (Minimum viable products), preuves de concept et pilotes li\u00e9s \u00e0 l&rsquo;innovation d\u00e9bouchent sur un produit. \u00bb<\/p>\n\n\n\n<p>Le probl\u00e8me viendrait plut\u00f4t d&rsquo;attentes irr\u00e9alistes : \u00ab Tout le monde s&rsquo;est ru\u00e9 dessus en pensant que, puisque c&rsquo;est accessible via le langage naturel, ce serait plus facile \u00e0 d\u00e9ployer et \u00e0 mettre en \u0153uvre, sans inconv\u00e9nients ni aspects n\u00e9gatifs. Cela pourrait expliquer un taux d&rsquo;\u00e9chec l\u00e9g\u00e8rement sup\u00e9rieur aux technologies pr\u00e9c\u00e9dentes. \u00bb<\/p>\n\n\n\n<h3 class=\"wp-block-heading\"><strong>IAG : la prochaine r\u00e9volution en marche<\/strong><\/h3>\n\n\n\n<p>Malgr\u00e9 les limites actuelles, Schaffrik maintient sa pr\u00e9diction audacieuse formul\u00e9e dans son <a href=\"https:\/\/www.forrester.com\/blogs\/demystifying-artificial-general-intelligence\/\">analyse de juillet 2025 \u00ab D\u00e9mystifier l&rsquo;intelligence artificielle g\u00e9n\u00e9rale \u00bb<\/a> : l&rsquo;Intelligence Artificielle G\u00e9n\u00e9rale (IAG) repr\u00e9sente \u00ab <strong>le plus grand bouleversement technologique que nous ayons jamais connu et il commence maintenant<\/strong> \u00bb. Cette vision, qui pourrait influencer les sc\u00e9narios d&rsquo;\u00e9clatement de la bulle de l&rsquo;IA, s&rsquo;articule autour de trois \u00e9tapes de maturit\u00e9.<span style=\"font-size: revert;\"><\/span><\/p>\n\n\n\n<ol class=\"wp-block-list\">\n<li>\u00ab L&rsquo;intelligence artificielle g\u00e9n\u00e9rale comp\u00e9tente se profile \u00e0 l&rsquo;horizon. Nous pr\u00e9voyons qu&rsquo;entre 2026 et 2030, nous verrons \u00e9merger une intelligence artificielle g\u00e9n\u00e9rale comp\u00e9tente. Imaginez votre premier agent d&rsquo;IA vraiment digne de confiance. Vous ne lui confieriez peut-\u00eatre pas encore les cl\u00e9s de votre voiture ou votre portefeuille, mais il pourrait accomplir des choses extraordinaires. \u00bb<\/li>\n\n\n\n<li>Les \u00e9tapes suivantes se d\u00e9ploieraient sur des horizons plus lointains : l&rsquo;IAG autonome d&rsquo;ici cinq \u00e0 dix ans,<\/li>\n\n\n\n<li>Et enfin, l&rsquo;IAG strat\u00e9gique dans un futur plus \u00e9loign\u00e9 encore.<\/li>\n<\/ol>\n\n\n\n<h3 class=\"wp-block-heading\"><strong>Limites actuelles de l&rsquo;IA : exp\u00e9rience contre entra\u00eenement<\/strong><\/h3>\n\n\n\n<p>Un point crucial abord\u00e9 lors de notre discussion porte sur la diff\u00e9rence entre l&rsquo;entra\u00eenement et l&rsquo;exp\u00e9rience. Comme je l&rsquo;ai fait remarquer \u00e0 Schaffrik, l&rsquo;exp\u00e9rience d\u00e9veloppe une pens\u00e9e critique que les grands mod\u00e8les de langage actuels ne poss\u00e8dent pas encore, ce qui pourrait peser sur les risques d&rsquo;\u00e9clatement de la bulle de l&rsquo;IA.<\/p>\n\n\n\n<p>\u00ab Nous pourrions atteindre un stade o\u00f9 la plupart d&rsquo;entre nous, humains, seraient incapables de d\u00e9terminer si notre interlocuteur est un humain ou une machine. Certains domaines permettront encore de faire la distinction. Mais l&rsquo;exp\u00e9rience est quelque chose que nous pourrions au moins partiellement r\u00e9soudre avec davantage de donn\u00e9es et de meilleures donn\u00e9es \u00bb, estime Schaffrik.<\/p>\n\n\n\n<p>La solution, selon lui, passe par une collecte massive de donn\u00e9es : \u00ab Une grande partie des milliards investis qui affluent vers toutes ces grandes entreprises sert \u00e9galement \u00e0 collecter et organiser <strong>des donn\u00e9es provenant de l&rsquo;environnement physique<\/strong>. Rassembler toutes ces donn\u00e9es permettra de cr\u00e9er <strong>quelque chose qui imite l&rsquo;exp\u00e9rience<\/strong>. \u00bb<\/p>\n\n\n\n<h3 class=\"wp-block-heading\"><strong>Et que va-t-il rester aux humains ?<\/strong><\/h3>\n\n\n\n<p>La question philosophique de ce que deviendront les humains lorsque les machines nous d\u00e9passeront dans nos capacit\u00e9s de r\u00e9flexion constitue la pr\u00e9occupation personnelle de Schaffrik quant aux r\u00e9percussions soci\u00e9tales potentielles de l&rsquo;IA avanc\u00e9e, ind\u00e9pendamment de tout \u00e9clatement de la bulle.<\/p>\n\n\n\n<p>\u00ab Je dois avouer que c&rsquo;est mon sc\u00e9nario catastrophe personnel. Ce n&rsquo;est pas bon pour nous, humains, de rester inactifs. <strong>Il ne s&rsquo;agit donc pas tant d&rsquo;une question technique que d&rsquo;un enjeu politique, soci\u00e9tal, psychologique et philosophique<\/strong>. Nous en sommes encore loin, certes, mais nous nous en rapprochons. \u00bb<\/p>\n\n\n\n<h3 class=\"wp-block-heading\"><strong>Leadership et pr\u00e9paration : le d\u00e9fi de la gouvernance<\/strong><\/h3>\n\n\n\n<p>Sur la question du leadership dans cette transformation, Schaffrik reconna\u00eet la complexit\u00e9 : \u00ab Les dirigeants sont cens\u00e9s diriger. La vraie question est plut\u00f4t de savoir s&rsquo;ils s&rsquo;entourent volontairement d&rsquo;experts aux comp\u00e9tences vari\u00e9es capables de les conseiller. Techniquement, c&rsquo;est possible. Sont-ils pr\u00eats \u00e0 le faire ? Voil\u00e0 toute la question. \u00bb<\/p>\n\n\n\n<p><strong>Sa confiance dans notre capacit\u00e9 d&rsquo;adaptation reste intacte<\/strong> : \u00ab Je reste convaincu qu&rsquo;une fois conscients des v\u00e9ritables dangers de certaines technologies, nous saurons nous remettre en question. Nous avons toujours trouv\u00e9 le moyen d&rsquo;avancer, et nous le trouverons encore cette fois. \u00bb<\/p>\n\n\n\n<h3 class=\"wp-block-heading\"><strong>Conclusion : au-del\u00e0 du d\u00e9bat sur l&rsquo;\u00e9clatement de la bulle<\/strong><\/h3>\n\n\n\n<p>Notre conversation avec Bernhard Schaffrik r\u00e9v\u00e8le que la question de l&rsquo;\u00e9clatement de la bulle de l&rsquo;IA <strong>d\u00e9passe largement les simples consid\u00e9rations financi\u00e8res<\/strong>. Si les march\u00e9s financiers conna\u00eetront probablement des corrections, la technologie sous-jacente poursuit sa progression inexorable.<\/p>\n\n\n\n<p>Le principal enseignement : nous assistons \u00e0 une transformation fondamentale qui perdurera quelles que soient les turbulences des march\u00e9s. L&rsquo;analyse de Schaffrik sugg\u00e8re que plut\u00f4t que de redouter un \u00e9clatement de la bulle de l&rsquo;IA, nous ferions mieux de nous pr\u00e9parer aux bouleversements \u00e0 venir. La technologie ne dispara\u00eetra pas, mais elle \u00e9voluera selon des modalit\u00e9s que nous imaginons \u00e0 peine aujourd&rsquo;hui. \u00c0 ce tournant d\u00e9cisif, la question n&rsquo;est pas de savoir si la bulle de l&rsquo;IA \u00e9clatera, mais comment nous naviguerons dans les profondes transformations soci\u00e9tales et technologiques qui nous attendent.<\/p>\n\n\n\n<p>Le d\u00e9bat sur l&rsquo;\u00e9clatement de la bulle de l&rsquo;IA n&rsquo;est finalement que le pr\u00e9lude \u00e0 une r\u00e9flexion bien plus vaste sur notre avenir au milieu de ces technologies toujours plus performantes.<\/p>\n<div itemscope itemtype=\"http:\/\/schema.org\/AudioObject\"><meta itemprop=\"name\" content=\"La bulle de l&amp;rsquo;IA va-t-elle bient\u00f4t \u00e9clater ?\" \/><meta itemprop=\"uploadDate\" content=\"2025-10-01T08:14:34+02:00\" \/><meta itemprop=\"encodingFormat\" content=\"audio\/mpeg\" \/><meta itemprop=\"duration\" content=\"PT40M21S\" \/><meta itemprop=\"description\" content=\"\nLa bulle de l&#039;IA va-t-elle \u00e9clater ou l&#039;IA g\u00e9n\u00e9rative est-elle l\u00e0 pour durer ? Le secteur de l&#039;intelligence artificielle conna\u00eet une euphorie financi\u00e8re sans pr\u00e9c\u00e9dent. Pourtant, la situation demeure tr\u00e8s confuse. Les investissements dans l&#039;IA attei...\" \/><meta itemprop=\"contentUrl\" content=\"https:\/\/media.blubrry.com\/visionarymarketing_les\/agence.visionarymarketing.com\/files\/podcasts\/2025-10-01-FRENCH-B-Schaffrik-AI-Forrester_mixdown.mp3\" \/><meta itemprop=\"contentSize\" content=\"28.6\" \/><div class=\"powerpress_player\" id=\"powerpress_player_5113\"><audio class=\"wp-audio-shortcode\" id=\"audio-84711-1\" preload=\"none\" style=\"width: 100%;\" controls=\"controls\"><source type=\"audio\/mpeg\" src=\"https:\/\/media.blubrry.com\/visionarymarketing_les\/agence.visionarymarketing.com\/files\/podcasts\/2025-10-01-FRENCH-B-Schaffrik-AI-Forrester_mixdown.mp3?_=1\" \/><a href=\"https:\/\/media.blubrry.com\/visionarymarketing_les\/agence.visionarymarketing.com\/files\/podcasts\/2025-10-01-FRENCH-B-Schaffrik-AI-Forrester_mixdown.mp3\">https:\/\/media.blubrry.com\/visionarymarketing_les\/agence.visionarymarketing.com\/files\/podcasts\/2025-10-01-FRENCH-B-Schaffrik-AI-Forrester_mixdown.mp3<\/a><\/audio><\/div><\/div><p class=\"powerpress_links powerpress_links_mp3\" style=\"margin-bottom: 1px !important;\">Podcast: <a href=\"https:\/\/media.blubrry.com\/visionarymarketing_les\/agence.visionarymarketing.com\/files\/podcasts\/2025-10-01-FRENCH-B-Schaffrik-AI-Forrester_mixdown.mp3\" class=\"powerpress_link_pinw\" target=\"_blank\" title=\"Play in new window\" onclick=\"return powerpress_pinw('https:\/\/visionarymarketing.com\/fr\/\/?powerpress_pinw=84711-podcast');\" rel=\"nofollow\">Play in new window<\/a> | <a href=\"https:\/\/media.blubrry.com\/visionarymarketing_les\/agence.visionarymarketing.com\/files\/podcasts\/2025-10-01-FRENCH-B-Schaffrik-AI-Forrester_mixdown.mp3\" class=\"powerpress_link_d\" title=\"Download\" rel=\"nofollow\" download=\"2025-10-01-FRENCH-B-Schaffrik-AI-Forrester_mixdown.mp3\">Download<\/a> (Duration: 40:21 &#8212; 28.6MB)<\/p><p class=\"powerpress_links powerpress_subscribe_links\">Subscribe: <a href=\"https:\/\/itunes.apple.com\/us\/podcast\/visionarymarketing-les-interviews\/id731295319?mt=2&amp;ls=1#episodeGuid=https%3A%2F%2Fvisionarymarketing.com%2F%3Fp%3D84711\" class=\"powerpress_link_subscribe powerpress_link_subscribe_itunes\" target=\"_blank\" title=\"Subscribe on Apple Podcasts\" rel=\"nofollow\">Apple Podcasts<\/a> | <a href=\"https:\/\/open.spotify.com\/show\/52VnZ1mhVSnDs4tQOx7Vuc\" class=\"powerpress_link_subscribe powerpress_link_subscribe_spotify\" target=\"_blank\" title=\"Subscribe on Spotify\" rel=\"nofollow\">Spotify<\/a> | <a href=\"https:\/\/subscribeonandroid.com\/visionarymarketing.com\/fr\/feed\/podcast\/\" class=\"powerpress_link_subscribe powerpress_link_subscribe_android\" target=\"_blank\" title=\"Subscribe on Android\" rel=\"nofollow\">Android<\/a> | <a href=\"https:\/\/visionarymarketing.com\/fr\/feed\/podcast\/\" class=\"powerpress_link_subscribe powerpress_link_subscribe_rss\" target=\"_blank\" title=\"Subscribe via RSS\" rel=\"nofollow\">RSS<\/a><\/p>","protected":false},"excerpt":{"rendered":"<p>La bulle de l&rsquo;IA va-t-elle \u00e9clater ou l&rsquo;IA g\u00e9n\u00e9rative est-elle l\u00e0 pour durer ? Le secteur de l&rsquo;intelligence artificielle conna\u00eet une euphorie financi\u00e8re sans pr\u00e9c\u00e9dent. Pourtant, la situation demeure tr\u00e8s confuse. Les investissements dans l&rsquo;IA atteignent des sommets vertigineux. Citons la lev\u00e9e de fonds de 40 milliards de dollars d&rsquo;OpenAI avec une valorisation de 300 &hellip;<\/p>\n","protected":false},"author":2,"featured_media":84712,"comment_status":"open","ping_status":"open","sticky":false,"template":"","format":"standard","meta":{"footnotes":""},"categories":[2894],"tags":[],"class_list":["post-84711","post","type-post","status-publish","format-standard","has-post-thumbnail","hentry","category-ia-big-data"],"yoast_head":"<!-- This site is optimized with the Yoast SEO plugin v27.5 - https:\/\/yoast.com\/product\/yoast-seo-wordpress\/ -->\n<title>La bulle de l&#039;IA va-t-elle bient\u00f4t \u00e9clater ?<\/title>\n<meta name=\"description\" content=\"La bulle de l&#039;IA va-t-elle \u00e9clater ou l&#039;IA g\u00e9n\u00e9rative est-elle l\u00e0 pour durer ? Le secteur de l&#039;intelligence artificielle conna\u00eet une euphorie financi\u00e8re\" \/>\n<meta name=\"robots\" content=\"index, follow, max-snippet:-1, max-image-preview:large, max-video-preview:-1\" \/>\n<link rel=\"canonical\" href=\"https:\/\/visionarymarketing.com\/fr\/2025\/10\/01\/la-bulle-de-lia-va-t-elle-bientot-eclater\/\" \/>\n<meta property=\"og:locale\" content=\"fr_FR\" \/>\n<meta property=\"og:type\" content=\"article\" \/>\n<meta property=\"og:title\" content=\"La bulle de l&#039;IA va-t-elle bient\u00f4t \u00e9clater ?\" \/>\n<meta property=\"og:description\" content=\"La bulle de l&#039;IA va-t-elle \u00e9clater ou l&#039;IA g\u00e9n\u00e9rative est-elle l\u00e0 pour durer ? Le secteur de l&#039;intelligence artificielle conna\u00eet une euphorie financi\u00e8re\" \/>\n<meta property=\"og:url\" content=\"https:\/\/visionarymarketing.com\/fr\/2025\/10\/01\/la-bulle-de-lia-va-t-elle-bientot-eclater\/\" \/>\n<meta property=\"og:site_name\" content=\"Marketing and Innovation\" \/>\n<meta property=\"article:publisher\" content=\"https:\/\/www.facebook.com\/vismktg\" \/>\n<meta property=\"article:author\" content=\"http:\/\/facebook.com\/ygourven\" \/>\n<meta property=\"article:published_time\" content=\"2025-10-01T06:14:34+00:00\" \/>\n<meta property=\"article:modified_time\" content=\"2025-10-01T06:14:36+00:00\" \/>\n<meta property=\"og:image\" content=\"https:\/\/visionarymarketing.com\/wp-content\/uploads\/2025\/09\/bernhard-schaffrik-1024x768-14559615.jpg\" \/>\n\t<meta property=\"og:image:width\" content=\"1947\" \/>\n\t<meta property=\"og:image:height\" content=\"1080\" \/>\n\t<meta property=\"og:image:type\" content=\"image\/jpeg\" \/>\n<meta name=\"author\" content=\"Yann Gourvennec\" \/>\n<meta name=\"twitter:card\" content=\"summary_large_image\" \/>\n<meta name=\"twitter:creator\" content=\"@ygourven\" \/>\n<meta name=\"twitter:site\" content=\"@ygourven\" \/>\n<meta name=\"twitter:label1\" content=\"\u00c9crit par\" \/>\n\t<meta name=\"twitter:data1\" content=\"Yann Gourvennec\" \/>\n\t<meta name=\"twitter:label2\" content=\"Dur\u00e9e de lecture estim\u00e9e\" \/>\n\t<meta name=\"twitter:data2\" content=\"9 minutes\" \/>\n<script type=\"application\/ld+json\" class=\"yoast-schema-graph\">{\"@context\":\"https:\\\/\\\/schema.org\",\"@graph\":[{\"@type\":\"NewsArticle\",\"@id\":\"https:\\\/\\\/visionarymarketing.com\\\/fr\\\/2025\\\/10\\\/01\\\/la-bulle-de-lia-va-t-elle-bientot-eclater\\\/#article\",\"isPartOf\":{\"@id\":\"https:\\\/\\\/visionarymarketing.com\\\/fr\\\/2025\\\/10\\\/01\\\/la-bulle-de-lia-va-t-elle-bientot-eclater\\\/\"},\"author\":{\"name\":\"Yann Gourvennec\",\"@id\":\"https:\\\/\\\/visionarymarketing.com\\\/fr\\\/#\\\/schema\\\/person\\\/3754fee1e558f47b8deb46f53c37423e\"},\"headline\":\"La bulle de l&rsquo;IA va-t-elle bient\u00f4t \u00e9clater ?\",\"datePublished\":\"2025-10-01T06:14:34+00:00\",\"dateModified\":\"2025-10-01T06:14:36+00:00\",\"mainEntityOfPage\":{\"@id\":\"https:\\\/\\\/visionarymarketing.com\\\/fr\\\/2025\\\/10\\\/01\\\/la-bulle-de-lia-va-t-elle-bientot-eclater\\\/\"},\"wordCount\":2179,\"commentCount\":0,\"image\":{\"@id\":\"https:\\\/\\\/visionarymarketing.com\\\/fr\\\/2025\\\/10\\\/01\\\/la-bulle-de-lia-va-t-elle-bientot-eclater\\\/#primaryimage\"},\"thumbnailUrl\":\"https:\\\/\\\/visionarymarketing.com\\\/wp-content\\\/uploads\\\/2025\\\/09\\\/bernhard-schaffrik-1024x768-14559615.jpg\",\"articleSection\":[\"IA et Big Data\"],\"inLanguage\":\"fr-FR\",\"potentialAction\":[{\"@type\":\"CommentAction\",\"name\":\"Comment\",\"target\":[\"https:\\\/\\\/visionarymarketing.com\\\/fr\\\/2025\\\/10\\\/01\\\/la-bulle-de-lia-va-t-elle-bientot-eclater\\\/#respond\"]}]},{\"@type\":\"WebPage\",\"@id\":\"https:\\\/\\\/visionarymarketing.com\\\/fr\\\/2025\\\/10\\\/01\\\/la-bulle-de-lia-va-t-elle-bientot-eclater\\\/\",\"url\":\"https:\\\/\\\/visionarymarketing.com\\\/fr\\\/2025\\\/10\\\/01\\\/la-bulle-de-lia-va-t-elle-bientot-eclater\\\/\",\"name\":\"La bulle de l'IA va-t-elle bient\u00f4t \u00e9clater ?\",\"isPartOf\":{\"@id\":\"https:\\\/\\\/visionarymarketing.com\\\/fr\\\/#website\"},\"primaryImageOfPage\":{\"@id\":\"https:\\\/\\\/visionarymarketing.com\\\/fr\\\/2025\\\/10\\\/01\\\/la-bulle-de-lia-va-t-elle-bientot-eclater\\\/#primaryimage\"},\"image\":{\"@id\":\"https:\\\/\\\/visionarymarketing.com\\\/fr\\\/2025\\\/10\\\/01\\\/la-bulle-de-lia-va-t-elle-bientot-eclater\\\/#primaryimage\"},\"thumbnailUrl\":\"https:\\\/\\\/visionarymarketing.com\\\/wp-content\\\/uploads\\\/2025\\\/09\\\/bernhard-schaffrik-1024x768-14559615.jpg\",\"datePublished\":\"2025-10-01T06:14:34+00:00\",\"dateModified\":\"2025-10-01T06:14:36+00:00\",\"author\":{\"@id\":\"https:\\\/\\\/visionarymarketing.com\\\/fr\\\/#\\\/schema\\\/person\\\/3754fee1e558f47b8deb46f53c37423e\"},\"description\":\"La bulle de l'IA va-t-elle \u00e9clater ou l'IA g\u00e9n\u00e9rative est-elle l\u00e0 pour durer ? Le secteur de l'intelligence artificielle conna\u00eet une euphorie financi\u00e8re\",\"breadcrumb\":{\"@id\":\"https:\\\/\\\/visionarymarketing.com\\\/fr\\\/2025\\\/10\\\/01\\\/la-bulle-de-lia-va-t-elle-bientot-eclater\\\/#breadcrumb\"},\"inLanguage\":\"fr-FR\",\"potentialAction\":[{\"@type\":\"ReadAction\",\"target\":[\"https:\\\/\\\/visionarymarketing.com\\\/fr\\\/2025\\\/10\\\/01\\\/la-bulle-de-lia-va-t-elle-bientot-eclater\\\/\"]}]},{\"@type\":\"ImageObject\",\"inLanguage\":\"fr-FR\",\"@id\":\"https:\\\/\\\/visionarymarketing.com\\\/fr\\\/2025\\\/10\\\/01\\\/la-bulle-de-lia-va-t-elle-bientot-eclater\\\/#primaryimage\",\"url\":\"https:\\\/\\\/visionarymarketing.com\\\/wp-content\\\/uploads\\\/2025\\\/09\\\/bernhard-schaffrik-1024x768-14559615.jpg\",\"contentUrl\":\"https:\\\/\\\/visionarymarketing.com\\\/wp-content\\\/uploads\\\/2025\\\/09\\\/bernhard-schaffrik-1024x768-14559615.jpg\",\"width\":1947,\"height\":1080},{\"@type\":\"BreadcrumbList\",\"@id\":\"https:\\\/\\\/visionarymarketing.com\\\/fr\\\/2025\\\/10\\\/01\\\/la-bulle-de-lia-va-t-elle-bientot-eclater\\\/#breadcrumb\",\"itemListElement\":[{\"@type\":\"ListItem\",\"position\":1,\"name\":\"Home\",\"item\":\"https:\\\/\\\/visionarymarketing.com\\\/fr\\\/\"},{\"@type\":\"ListItem\",\"position\":2,\"name\":\"La bulle de l&#8217;IA va-t-elle bient\u00f4t \u00e9clater ?\"}]},{\"@type\":\"WebSite\",\"@id\":\"https:\\\/\\\/visionarymarketing.com\\\/fr\\\/#website\",\"url\":\"https:\\\/\\\/visionarymarketing.com\\\/fr\\\/\",\"name\":\"Marketing and Innovation\",\"description\":\"Site d&#039;infos ind\u00e9pendant, depuis 1996\",\"potentialAction\":[{\"@type\":\"SearchAction\",\"target\":{\"@type\":\"EntryPoint\",\"urlTemplate\":\"https:\\\/\\\/visionarymarketing.com\\\/fr\\\/?s={search_term_string}\"},\"query-input\":{\"@type\":\"PropertyValueSpecification\",\"valueRequired\":true,\"valueName\":\"search_term_string\"}}],\"inLanguage\":\"fr-FR\"},{\"@type\":\"Person\",\"@id\":\"https:\\\/\\\/visionarymarketing.com\\\/fr\\\/#\\\/schema\\\/person\\\/3754fee1e558f47b8deb46f53c37423e\",\"name\":\"Yann Gourvennec\",\"image\":{\"@type\":\"ImageObject\",\"inLanguage\":\"fr-FR\",\"@id\":\"https:\\\/\\\/secure.gravatar.com\\\/avatar\\\/5972001801e8de5692a3e31224e85769f50a55fb8b679749f9c8d1868cceff14?s=96&d=initials&r=g&initials=yg\",\"url\":\"https:\\\/\\\/secure.gravatar.com\\\/avatar\\\/5972001801e8de5692a3e31224e85769f50a55fb8b679749f9c8d1868cceff14?s=96&d=initials&r=g&initials=yg\",\"contentUrl\":\"https:\\\/\\\/secure.gravatar.com\\\/avatar\\\/5972001801e8de5692a3e31224e85769f50a55fb8b679749f9c8d1868cceff14?s=96&d=initials&r=g&initials=yg\",\"caption\":\"Yann Gourvennec\"},\"description\":\"Yann Gourvennec created visionarymarketing.com in 1996. He is a speaker and author of many books. In 2014 he went from intrapreneur to entrepreneur, when he created his digital marketing agency. Yann Gourvennec a cr\u00e9\u00e9 visionarymarketing.com en 1996. Il est conf\u00e9rencier et auteur de plusieurs livres. En 2014, il est pass\u00e9 d'intrapreneur \u00e0 entrepreneur en cr\u00e9ant son agence de marketing num\u00e9rique.\",\"sameAs\":[\"https:\\\/\\\/visionarymarketing.com\",\"http:\\\/\\\/facebook.com\\\/ygourven\",\"http:\\\/\\\/linkedin.com\\\/in\\\/ygourven\",\"https:\\\/\\\/x.com\\\/ygourven\",\"https:\\\/\\\/www.youtube.com\\\/c\\\/visionarymarketingagency\"],\"url\":\"https:\\\/\\\/visionarymarketing.com\\\/fr\\\/author\\\/yann-gourvennec\\\/\"}]}<\/script>\n<!-- \/ Yoast SEO plugin. -->","yoast_head_json":{"title":"La bulle de l'IA va-t-elle bient\u00f4t \u00e9clater ?","description":"La bulle de l'IA va-t-elle \u00e9clater ou l'IA g\u00e9n\u00e9rative est-elle l\u00e0 pour durer ? Le secteur de l'intelligence artificielle conna\u00eet une euphorie financi\u00e8re","robots":{"index":"index","follow":"follow","max-snippet":"max-snippet:-1","max-image-preview":"max-image-preview:large","max-video-preview":"max-video-preview:-1"},"canonical":"https:\/\/visionarymarketing.com\/fr\/2025\/10\/01\/la-bulle-de-lia-va-t-elle-bientot-eclater\/","og_locale":"fr_FR","og_type":"article","og_title":"La bulle de l'IA va-t-elle bient\u00f4t \u00e9clater ?","og_description":"La bulle de l'IA va-t-elle \u00e9clater ou l'IA g\u00e9n\u00e9rative est-elle l\u00e0 pour durer ? Le secteur de l'intelligence artificielle conna\u00eet une euphorie financi\u00e8re","og_url":"https:\/\/visionarymarketing.com\/fr\/2025\/10\/01\/la-bulle-de-lia-va-t-elle-bientot-eclater\/","og_site_name":"Marketing and Innovation","article_publisher":"https:\/\/www.facebook.com\/vismktg","article_author":"http:\/\/facebook.com\/ygourven","article_published_time":"2025-10-01T06:14:34+00:00","article_modified_time":"2025-10-01T06:14:36+00:00","og_image":[{"width":1947,"height":1080,"url":"https:\/\/visionarymarketing.com\/wp-content\/uploads\/2025\/09\/bernhard-schaffrik-1024x768-14559615.jpg","type":"image\/jpeg"}],"author":"Yann Gourvennec","twitter_card":"summary_large_image","twitter_creator":"@ygourven","twitter_site":"@ygourven","twitter_misc":{"\u00c9crit par":"Yann Gourvennec","Dur\u00e9e de lecture estim\u00e9e":"9 minutes"},"schema":{"@context":"https:\/\/schema.org","@graph":[{"@type":"NewsArticle","@id":"https:\/\/visionarymarketing.com\/fr\/2025\/10\/01\/la-bulle-de-lia-va-t-elle-bientot-eclater\/#article","isPartOf":{"@id":"https:\/\/visionarymarketing.com\/fr\/2025\/10\/01\/la-bulle-de-lia-va-t-elle-bientot-eclater\/"},"author":{"name":"Yann Gourvennec","@id":"https:\/\/visionarymarketing.com\/fr\/#\/schema\/person\/3754fee1e558f47b8deb46f53c37423e"},"headline":"La bulle de l&rsquo;IA va-t-elle bient\u00f4t \u00e9clater ?","datePublished":"2025-10-01T06:14:34+00:00","dateModified":"2025-10-01T06:14:36+00:00","mainEntityOfPage":{"@id":"https:\/\/visionarymarketing.com\/fr\/2025\/10\/01\/la-bulle-de-lia-va-t-elle-bientot-eclater\/"},"wordCount":2179,"commentCount":0,"image":{"@id":"https:\/\/visionarymarketing.com\/fr\/2025\/10\/01\/la-bulle-de-lia-va-t-elle-bientot-eclater\/#primaryimage"},"thumbnailUrl":"https:\/\/visionarymarketing.com\/wp-content\/uploads\/2025\/09\/bernhard-schaffrik-1024x768-14559615.jpg","articleSection":["IA et Big Data"],"inLanguage":"fr-FR","potentialAction":[{"@type":"CommentAction","name":"Comment","target":["https:\/\/visionarymarketing.com\/fr\/2025\/10\/01\/la-bulle-de-lia-va-t-elle-bientot-eclater\/#respond"]}]},{"@type":"WebPage","@id":"https:\/\/visionarymarketing.com\/fr\/2025\/10\/01\/la-bulle-de-lia-va-t-elle-bientot-eclater\/","url":"https:\/\/visionarymarketing.com\/fr\/2025\/10\/01\/la-bulle-de-lia-va-t-elle-bientot-eclater\/","name":"La bulle de l'IA va-t-elle bient\u00f4t \u00e9clater ?","isPartOf":{"@id":"https:\/\/visionarymarketing.com\/fr\/#website"},"primaryImageOfPage":{"@id":"https:\/\/visionarymarketing.com\/fr\/2025\/10\/01\/la-bulle-de-lia-va-t-elle-bientot-eclater\/#primaryimage"},"image":{"@id":"https:\/\/visionarymarketing.com\/fr\/2025\/10\/01\/la-bulle-de-lia-va-t-elle-bientot-eclater\/#primaryimage"},"thumbnailUrl":"https:\/\/visionarymarketing.com\/wp-content\/uploads\/2025\/09\/bernhard-schaffrik-1024x768-14559615.jpg","datePublished":"2025-10-01T06:14:34+00:00","dateModified":"2025-10-01T06:14:36+00:00","author":{"@id":"https:\/\/visionarymarketing.com\/fr\/#\/schema\/person\/3754fee1e558f47b8deb46f53c37423e"},"description":"La bulle de l'IA va-t-elle \u00e9clater ou l'IA g\u00e9n\u00e9rative est-elle l\u00e0 pour durer ? Le secteur de l'intelligence artificielle conna\u00eet une euphorie financi\u00e8re","breadcrumb":{"@id":"https:\/\/visionarymarketing.com\/fr\/2025\/10\/01\/la-bulle-de-lia-va-t-elle-bientot-eclater\/#breadcrumb"},"inLanguage":"fr-FR","potentialAction":[{"@type":"ReadAction","target":["https:\/\/visionarymarketing.com\/fr\/2025\/10\/01\/la-bulle-de-lia-va-t-elle-bientot-eclater\/"]}]},{"@type":"ImageObject","inLanguage":"fr-FR","@id":"https:\/\/visionarymarketing.com\/fr\/2025\/10\/01\/la-bulle-de-lia-va-t-elle-bientot-eclater\/#primaryimage","url":"https:\/\/visionarymarketing.com\/wp-content\/uploads\/2025\/09\/bernhard-schaffrik-1024x768-14559615.jpg","contentUrl":"https:\/\/visionarymarketing.com\/wp-content\/uploads\/2025\/09\/bernhard-schaffrik-1024x768-14559615.jpg","width":1947,"height":1080},{"@type":"BreadcrumbList","@id":"https:\/\/visionarymarketing.com\/fr\/2025\/10\/01\/la-bulle-de-lia-va-t-elle-bientot-eclater\/#breadcrumb","itemListElement":[{"@type":"ListItem","position":1,"name":"Home","item":"https:\/\/visionarymarketing.com\/fr\/"},{"@type":"ListItem","position":2,"name":"La bulle de l&#8217;IA va-t-elle bient\u00f4t \u00e9clater ?"}]},{"@type":"WebSite","@id":"https:\/\/visionarymarketing.com\/fr\/#website","url":"https:\/\/visionarymarketing.com\/fr\/","name":"Marketing and Innovation","description":"Site d&#039;infos ind\u00e9pendant, depuis 1996","potentialAction":[{"@type":"SearchAction","target":{"@type":"EntryPoint","urlTemplate":"https:\/\/visionarymarketing.com\/fr\/?s={search_term_string}"},"query-input":{"@type":"PropertyValueSpecification","valueRequired":true,"valueName":"search_term_string"}}],"inLanguage":"fr-FR"},{"@type":"Person","@id":"https:\/\/visionarymarketing.com\/fr\/#\/schema\/person\/3754fee1e558f47b8deb46f53c37423e","name":"Yann Gourvennec","image":{"@type":"ImageObject","inLanguage":"fr-FR","@id":"https:\/\/secure.gravatar.com\/avatar\/5972001801e8de5692a3e31224e85769f50a55fb8b679749f9c8d1868cceff14?s=96&d=initials&r=g&initials=yg","url":"https:\/\/secure.gravatar.com\/avatar\/5972001801e8de5692a3e31224e85769f50a55fb8b679749f9c8d1868cceff14?s=96&d=initials&r=g&initials=yg","contentUrl":"https:\/\/secure.gravatar.com\/avatar\/5972001801e8de5692a3e31224e85769f50a55fb8b679749f9c8d1868cceff14?s=96&d=initials&r=g&initials=yg","caption":"Yann Gourvennec"},"description":"Yann Gourvennec created visionarymarketing.com in 1996. He is a speaker and author of many books. In 2014 he went from intrapreneur to entrepreneur, when he created his digital marketing agency. Yann Gourvennec a cr\u00e9\u00e9 visionarymarketing.com en 1996. Il est conf\u00e9rencier et auteur de plusieurs livres. En 2014, il est pass\u00e9 d'intrapreneur \u00e0 entrepreneur en cr\u00e9ant son agence de marketing num\u00e9rique.","sameAs":["https:\/\/visionarymarketing.com","http:\/\/facebook.com\/ygourven","http:\/\/linkedin.com\/in\/ygourven","https:\/\/x.com\/ygourven","https:\/\/www.youtube.com\/c\/visionarymarketingagency"],"url":"https:\/\/visionarymarketing.com\/fr\/author\/yann-gourvennec\/"}]}},"_links":{"self":[{"href":"https:\/\/visionarymarketing.com\/fr\/wp-json\/wp\/v2\/posts\/84711","targetHints":{"allow":["GET"]}}],"collection":[{"href":"https:\/\/visionarymarketing.com\/fr\/wp-json\/wp\/v2\/posts"}],"about":[{"href":"https:\/\/visionarymarketing.com\/fr\/wp-json\/wp\/v2\/types\/post"}],"author":[{"embeddable":true,"href":"https:\/\/visionarymarketing.com\/fr\/wp-json\/wp\/v2\/users\/2"}],"replies":[{"embeddable":true,"href":"https:\/\/visionarymarketing.com\/fr\/wp-json\/wp\/v2\/comments?post=84711"}],"version-history":[{"count":0,"href":"https:\/\/visionarymarketing.com\/fr\/wp-json\/wp\/v2\/posts\/84711\/revisions"}],"wp:featuredmedia":[{"embeddable":true,"href":"https:\/\/visionarymarketing.com\/fr\/wp-json\/wp\/v2\/media\/84712"}],"wp:attachment":[{"href":"https:\/\/visionarymarketing.com\/fr\/wp-json\/wp\/v2\/media?parent=84711"}],"wp:term":[{"taxonomy":"category","embeddable":true,"href":"https:\/\/visionarymarketing.com\/fr\/wp-json\/wp\/v2\/categories?post=84711"},{"taxonomy":"post_tag","embeddable":true,"href":"https:\/\/visionarymarketing.com\/fr\/wp-json\/wp\/v2\/tags?post=84711"}],"curies":[{"name":"wp","href":"https:\/\/api.w.org\/{rel}","templated":true}]}}