{"id":84065,"date":"2025-06-17T07:19:46","date_gmt":"2025-06-17T05:19:46","guid":{"rendered":"https:\/\/visionarymarketing.com\/?p=84065"},"modified":"2025-06-17T07:19:46","modified_gmt":"2025-06-17T05:19:46","slug":"intelligence-artificielle-revolution-ou-mirage","status":"publish","type":"post","link":"https:\/\/visionarymarketing.com\/fr\/2025\/06\/17\/intelligence-artificielle-revolution-ou-mirage\/","title":{"rendered":"IA r\u00e9volution ou mirage ?"},"content":{"rendered":"\n<p><em>L&rsquo;intelligence artificielle g\u00e9n\u00e9rative fait-elle partie de ces technologies qui transforment r\u00e9ellement notre fa\u00e7on de travailler, ou s&rsquo;agit-il d&rsquo;un \u00e9ni\u00e8me effet de mode technologique ? La r\u00e9ponse \u00e0 cette question fondamentale para\u00eet \u00e9vidente et pourtant&#8230; Elle sera au c\u0153ur du webinaire \u00ab\u00a0<strong><a href=\"https:\/\/www.linkedin.com\/events\/7338900349027512323\/comments\/\" target=\"_blank\" rel=\"noreferrer noopener\">IA&#8230; r\u00e9volution ou mirage ?<\/a><\/strong>\u00a0\u00bb organis\u00e9 par Visionary Marketing le\u00a0<strong><a href=\"https:\/\/www.linkedin.com\/events\/7338900349027512323\/comments\/\" target=\"_blank\" rel=\"noreferrer noopener\">jeudi\u00a026\u00a0juin 2025 de 13\u00a0h \u00e0 14\u00a0h<\/a><\/strong>.<\/em><\/p>\n\n\n\n<figure class=\"wp-block-image size-large\"><img decoding=\"async\" width=\"1024\" height=\"576\" src=\"https:\/\/visionarymarketing.com\/wp-content\/uploads\/2025\/06\/ia-revolution-ou-mirage-1024x576.jpg\" alt=\"Intelligence artificielle, r\u00e9volution ou mirage ?\" class=\"wp-image-84067\" srcset=\"https:\/\/visionarymarketing.com\/wp-content\/uploads\/2025\/06\/ia-revolution-ou-mirage-1024x576.jpg 1024w, https:\/\/visionarymarketing.com\/wp-content\/uploads\/2025\/06\/ia-revolution-ou-mirage-500x281.jpg 500w, https:\/\/visionarymarketing.com\/wp-content\/uploads\/2025\/06\/ia-revolution-ou-mirage-768x432.jpg 768w, https:\/\/visionarymarketing.com\/wp-content\/uploads\/2025\/06\/ia-revolution-ou-mirage-1536x864.jpg 1536w, https:\/\/visionarymarketing.com\/wp-content\/uploads\/2025\/06\/ia-revolution-ou-mirage-390x220.jpg 390w, https:\/\/visionarymarketing.com\/wp-content\/uploads\/2025\/06\/ia-revolution-ou-mirage.jpg 1920w\" sizes=\"(max-width: 1024px) 100vw, 1024px\" \/><figcaption class=\"wp-element-caption\">Intelligence artificielle, r\u00e9volution ou mirage &#8211; webinaire le 26 juin 2025 \u00e0 13h00 avec un joli panel d&rsquo;experts. <\/figcaption><\/figure>\n\n\n\n<h1 class=\"wp-block-heading\">Intelligence artificielle : r\u00e9volution ou mirage ?<\/h1>\n\n\n\n<p>Les chatbots IA sont sur tous les salons professionnels et l&rsquo;engouement m\u00e9diatique autour de cette technologie devient quasiment intenable. Dans ce contexte, il faut \u00eatre capable de distinguer les v\u00e9ritables innovations des simples effets d&rsquo;annonce. Trente-six ans apr\u00e8s l&rsquo;invention du Web, dont l&rsquo;impact \u00e9conomique r\u00e9el <a href=\"https:\/\/visionarymarketing.com\/fr\/2019\/05\/13\/paradoxe-de-solow\/\">fait encore d\u00e9bat parmi les \u00e9conomistes<\/a>, risquons-nous de reproduire le m\u00eame sch\u00e9ma avec l&rsquo;IA g\u00e9n\u00e9rative ?<\/p>\n\n\n\n<!--more-->\n\n\n\n<p>Ce webinaire r\u00e9unira trois experts aux perspectives compl\u00e9mentaires :\u00a0<\/p>\n\n\n\n<ul class=\"wp-block-list\">\n<li><strong>Am\u00e9lie Raoul<\/strong>, chercheuse en IA et formatrice ;\u00a0<\/li>\n\n\n\n<li><strong>Fr\u00e9d\u00e9ric Cavazza<\/strong>, sp\u00e9cialiste des technologies \u00e9mergentes ; <\/li>\n\n\n\n<li>et\u00a0<strong>Alain Lefebvre<\/strong>, expert en transformation digitale. <\/li>\n<\/ul>\n\n\n\n<p>Ensemble, nous d\u00e9crypterons les enjeux r\u00e9els de l&rsquo;IA g\u00e9n\u00e9rative pour les entreprises, en nous appuyant sur des cas concrets et des retours d&rsquo;exp\u00e9rience terrain.<\/p>\n\n\n\n<hr class=\"wp-block-separator has-alpha-channel-opacity\"\/>\n\n\n\n<h2 class=\"wp-block-heading\">Intelligence Artificielle g\u00e9n\u00e9rative : au-del\u00e0 du buzz, quels impacts r\u00e9els pour les entreprises ?<\/h2>\n\n\n\n<h3 class=\"wp-block-heading\">IA g\u00e9n\u00e9rative : maturit\u00e9 ou suivisme ?<\/h3>\n\n\n\n<p>Fr\u00e9d\u00e9ric Cavazza a relev\u00e9 une tendance sur le dernier salon VivaTech : la pr\u00e9sence quasi syst\u00e9matique de chatbots IA sur l&rsquo;ensemble des stands. Cette uniformisation soul\u00e8ve une question fondamentale : assistons-nous \u00e0 l&rsquo;adoption naturelle d&rsquo;une technologie d\u00e9sormais mature, ou \u00e0 un manque de cr\u00e9ativit\u00e9 dans l&rsquo;innovation technologique ?<\/p>\n\n\n\n<h3 class=\"wp-block-heading\">Le paradoxe de la productivit\u00e9 : entre promesses et r\u00e9alit\u00e9 terrain<\/h3>\n\n\n\n<p>Si les promesses de gains de productivit\u00e9 li\u00e9s \u00e0 l&rsquo;IA g\u00e9n\u00e9rative sont omnipr\u00e9sentes dans les discours marketing, la r\u00e9alit\u00e9 terrain est souvent plus nuanc\u00e9e. Comment mesurer concr\u00e8tement l&rsquo;impact de ces outils ? Est-il suffisant qu&rsquo;un premier r\u00e9sultat soit satisfaisant s&rsquo;il n\u00e9cessite ensuite de nombreuses heures de correction et d&rsquo;ajustement ?<\/p>\n\n\n\n<p>Am\u00e9lie Raoul nous apportera son exp\u00e9rience de chercheuse et de formatrice en IA. Elle a r\u00e9cemment <a href=\"https:\/\/www.linkedin.com\/posts\/am%C3%A9lie-raoul_recherche-ia-ethiqueia-activity-7339280886539927575-Gwh9?utm_source=share&amp;utm_medium=member_desktop&amp;rcm=ACoAAAACu5QBPhbbLAtmrUdfmZngawv3FspUKT0\" target=\"_blank\" rel=\"noreferrer noopener\">pouss\u00e9 un coup de gueule<\/a> sur les \u00e9tudes  mal ficel\u00e9es relay\u00e9es par les \u00ab\u00a0experts IA \u00bb de LinkedIn. <\/p>\n\n\n\n<h3 class=\"wp-block-heading\">La loi d&rsquo;Amara appliqu\u00e9e \u00e0 l&rsquo;Intelligence artificielle : o\u00f9 en sommes-nous ?<\/h3>\n\n\n\n<p>La loi d&rsquo;Amara, selon laquelle <strong>nous avons tendance \u00e0 surestimer l&rsquo;impact des technologies \u00e0 court terme et \u00e0 le sous-estimer \u00e0 long terme<\/strong>, offre un cadre d&rsquo;analyse pertinent \u00e0 ce webinaire. \u00c0 quelle phase du cycle technologique nous situons-nous actuellement avec l&rsquo;IA g\u00e9n\u00e9rative ?<\/p>\n\n\n\n<p><a href=\"https:\/\/visionarymarketing.com\/fr\/2023\/10\/11\/acceleration-numerique\/\">Alain Lefebvre<\/a> apportera son regard critique pour identifier les signaux qui permettent de distinguer une v\u00e9ritable r\u00e9volution technologique d&rsquo;un simple mirage. Cette perspective historique est essentielle. En technologie comme dans la vie de tous les jours, ignorer l&rsquo;histoire c&rsquo;est se condamner \u00e0 r\u00e9p\u00e9ter les m\u00eames erreurs. <\/p>\n\n\n\n<p>Nos trois experts partageront leurs recommandations pratiques pour \u00e9viter les \u00e9cueils de l&rsquo;adoption pr\u00e9cipit\u00e9e tout en ne manquant pas les opportunit\u00e9s r\u00e9elles qu&rsquo;offrent ces technologies, bien plus vari\u00e9es et complexes qu&rsquo;on croit.<\/p>\n\n\n\n<p><strong>Rendez-vous le jeudi 26 juin 2025 de 13h00 \u00e0 14h00<\/strong>&nbsp;pour ce d\u00e9bat essentiel qui vous aidera \u00e0 y voir plus clair dans le paysage complexe de l&rsquo;intelligence artificielle g\u00e9n\u00e9rative.<\/p>\n\n\n<div class=\"wp-block-image\">\n<figure class=\"aligncenter size-full is-resized\"><a href=\"https:\/\/www.linkedin.com\/events\/7338900349027512323\/comments\/\" target=\"_blank\" rel=\" noreferrer noopener\"><img decoding=\"async\" width=\"450\" height=\"75\" src=\"https:\/\/visionarymarketing.com\/wp-content\/uploads\/2024\/09\/retailigence-inscription.jpg\" alt=\"Intelligence artificielle, r\u00e9volution ou mirage ?\" class=\"wp-image-81255\" style=\"width:450px;height:auto\"\/><\/a><\/figure>\n<\/div>\n\n\n<p>voir \u00e9galement cette petite vid\u00e9o introductivee. <\/p>\n\n\n\n<figure class=\"wp-block-embed is-type-video is-provider-youtube wp-block-embed-youtube wp-embed-aspect-16-9 wp-has-aspect-ratio\"><div class=\"wp-block-embed__wrapper\">\n<iframe title=\"\ud83c\udfaf IA g\u00e9n\u00e9rative : r\u00e9volution ou mirage ?\" width=\"500\" height=\"281\" src=\"https:\/\/www.youtube.com\/embed\/vLgADI0y9T8?feature=oembed\" frameborder=\"0\" allow=\"accelerometer; autoplay; clipboard-write; encrypted-media; gyroscope; picture-in-picture; web-share\" referrerpolicy=\"strict-origin-when-cross-origin\" allowfullscreen><\/iframe>\n<\/div><\/figure>\n","protected":false},"excerpt":{"rendered":"<p>L&rsquo;intelligence artificielle g\u00e9n\u00e9rative fait-elle partie de ces technologies qui transforment r\u00e9ellement notre fa\u00e7on de travailler, ou s&rsquo;agit-il d&rsquo;un \u00e9ni\u00e8me effet de mode technologique ? La r\u00e9ponse \u00e0 cette question fondamentale para\u00eet \u00e9vidente et pourtant&#8230; Elle sera au c\u0153ur du webinaire \u00ab\u00a0IA&#8230; r\u00e9volution ou mirage ?\u00a0\u00bb organis\u00e9 par Visionary Marketing le\u00a0jeudi\u00a026\u00a0juin 2025 de 13\u00a0h \u00e0 14\u00a0h. &hellip;<\/p>\n","protected":false},"author":2,"featured_media":84067,"comment_status":"open","ping_status":"open","sticky":false,"template":"","format":"standard","meta":{"footnotes":""},"categories":[1613],"tags":[],"class_list":["post-84065","post","type-post","status-publish","format-standard","has-post-thumbnail","hentry","category-marketing-digital-marketing"],"yoast_head":"<!-- This site is optimized with the Yoast SEO plugin v27.5 - https:\/\/yoast.com\/product\/yoast-seo-wordpress\/ -->\n<title>Intelligence artificielle, r\u00e9volution ou mirage ?<\/title>\n<meta name=\"description\" content=\"L&#039;intelligence artificielle g\u00e9n\u00e9rative transforme-t-elle notre fa\u00e7on de travailler, ou s&#039;agit-il d&#039;un effet de mode technologique ?\" \/>\n<meta name=\"robots\" content=\"index, follow, max-snippet:-1, max-image-preview:large, max-video-preview:-1\" \/>\n<link rel=\"canonical\" href=\"https:\/\/visionarymarketing.com\/fr\/2025\/06\/17\/intelligence-artificielle-revolution-ou-mirage\/\" \/>\n<meta property=\"og:locale\" content=\"fr_FR\" \/>\n<meta property=\"og:type\" content=\"article\" \/>\n<meta property=\"og:title\" content=\"Intelligence artificielle, r\u00e9volution ou mirage ?\" \/>\n<meta property=\"og:description\" content=\"L&#039;intelligence artificielle g\u00e9n\u00e9rative transforme-t-elle notre fa\u00e7on de travailler, ou s&#039;agit-il d&#039;un effet de mode technologique ?\" \/>\n<meta property=\"og:url\" content=\"https:\/\/visionarymarketing.com\/fr\/2025\/06\/17\/intelligence-artificielle-revolution-ou-mirage\/\" \/>\n<meta property=\"og:site_name\" content=\"Marketing and Innovation\" \/>\n<meta property=\"article:publisher\" content=\"https:\/\/www.facebook.com\/vismktg\" \/>\n<meta property=\"article:author\" content=\"http:\/\/facebook.com\/ygourven\" \/>\n<meta property=\"article:published_time\" content=\"2025-06-17T05:19:46+00:00\" \/>\n<meta property=\"og:image\" content=\"https:\/\/visionarymarketing.com\/wp-content\/uploads\/2025\/06\/ia-revolution-ou-mirage.jpg\" \/>\n\t<meta property=\"og:image:width\" content=\"1920\" \/>\n\t<meta property=\"og:image:height\" content=\"1080\" \/>\n\t<meta property=\"og:image:type\" content=\"image\/jpeg\" \/>\n<meta name=\"author\" content=\"Yann Gourvennec\" \/>\n<meta name=\"twitter:card\" content=\"summary_large_image\" \/>\n<meta name=\"twitter:creator\" content=\"@ygourven\" \/>\n<meta name=\"twitter:site\" content=\"@ygourven\" \/>\n<meta name=\"twitter:label1\" content=\"\u00c9crit par\" \/>\n\t<meta name=\"twitter:data1\" content=\"Yann Gourvennec\" \/>\n\t<meta name=\"twitter:label2\" content=\"Dur\u00e9e de lecture estim\u00e9e\" \/>\n\t<meta name=\"twitter:data2\" content=\"3 minutes\" \/>\n<script type=\"application\/ld+json\" class=\"yoast-schema-graph\">{\"@context\":\"https:\\\/\\\/schema.org\",\"@graph\":[{\"@type\":\"NewsArticle\",\"@id\":\"https:\\\/\\\/visionarymarketing.com\\\/fr\\\/2025\\\/06\\\/17\\\/intelligence-artificielle-revolution-ou-mirage\\\/#article\",\"isPartOf\":{\"@id\":\"https:\\\/\\\/visionarymarketing.com\\\/fr\\\/2025\\\/06\\\/17\\\/intelligence-artificielle-revolution-ou-mirage\\\/\"},\"author\":{\"name\":\"Yann Gourvennec\",\"@id\":\"https:\\\/\\\/visionarymarketing.com\\\/fr\\\/#\\\/schema\\\/person\\\/3754fee1e558f47b8deb46f53c37423e\"},\"headline\":\"IA r\u00e9volution ou mirage ?\",\"datePublished\":\"2025-06-17T05:19:46+00:00\",\"mainEntityOfPage\":{\"@id\":\"https:\\\/\\\/visionarymarketing.com\\\/fr\\\/2025\\\/06\\\/17\\\/intelligence-artificielle-revolution-ou-mirage\\\/\"},\"wordCount\":614,\"commentCount\":0,\"image\":{\"@id\":\"https:\\\/\\\/visionarymarketing.com\\\/fr\\\/2025\\\/06\\\/17\\\/intelligence-artificielle-revolution-ou-mirage\\\/#primaryimage\"},\"thumbnailUrl\":\"https:\\\/\\\/visionarymarketing.com\\\/wp-content\\\/uploads\\\/2025\\\/06\\\/ia-revolution-ou-mirage.jpg\",\"articleSection\":[\"marketing digital\"],\"inLanguage\":\"fr-FR\",\"potentialAction\":[{\"@type\":\"CommentAction\",\"name\":\"Comment\",\"target\":[\"https:\\\/\\\/visionarymarketing.com\\\/fr\\\/2025\\\/06\\\/17\\\/intelligence-artificielle-revolution-ou-mirage\\\/#respond\"]}]},{\"@type\":\"WebPage\",\"@id\":\"https:\\\/\\\/visionarymarketing.com\\\/fr\\\/2025\\\/06\\\/17\\\/intelligence-artificielle-revolution-ou-mirage\\\/\",\"url\":\"https:\\\/\\\/visionarymarketing.com\\\/fr\\\/2025\\\/06\\\/17\\\/intelligence-artificielle-revolution-ou-mirage\\\/\",\"name\":\"Intelligence artificielle, r\u00e9volution ou mirage ?\",\"isPartOf\":{\"@id\":\"https:\\\/\\\/visionarymarketing.com\\\/fr\\\/#website\"},\"primaryImageOfPage\":{\"@id\":\"https:\\\/\\\/visionarymarketing.com\\\/fr\\\/2025\\\/06\\\/17\\\/intelligence-artificielle-revolution-ou-mirage\\\/#primaryimage\"},\"image\":{\"@id\":\"https:\\\/\\\/visionarymarketing.com\\\/fr\\\/2025\\\/06\\\/17\\\/intelligence-artificielle-revolution-ou-mirage\\\/#primaryimage\"},\"thumbnailUrl\":\"https:\\\/\\\/visionarymarketing.com\\\/wp-content\\\/uploads\\\/2025\\\/06\\\/ia-revolution-ou-mirage.jpg\",\"datePublished\":\"2025-06-17T05:19:46+00:00\",\"author\":{\"@id\":\"https:\\\/\\\/visionarymarketing.com\\\/fr\\\/#\\\/schema\\\/person\\\/3754fee1e558f47b8deb46f53c37423e\"},\"description\":\"L'intelligence artificielle g\u00e9n\u00e9rative transforme-t-elle notre fa\u00e7on de travailler, ou s'agit-il d'un effet de mode technologique ?\",\"breadcrumb\":{\"@id\":\"https:\\\/\\\/visionarymarketing.com\\\/fr\\\/2025\\\/06\\\/17\\\/intelligence-artificielle-revolution-ou-mirage\\\/#breadcrumb\"},\"inLanguage\":\"fr-FR\",\"potentialAction\":[{\"@type\":\"ReadAction\",\"target\":[\"https:\\\/\\\/visionarymarketing.com\\\/fr\\\/2025\\\/06\\\/17\\\/intelligence-artificielle-revolution-ou-mirage\\\/\"]}]},{\"@type\":\"ImageObject\",\"inLanguage\":\"fr-FR\",\"@id\":\"https:\\\/\\\/visionarymarketing.com\\\/fr\\\/2025\\\/06\\\/17\\\/intelligence-artificielle-revolution-ou-mirage\\\/#primaryimage\",\"url\":\"https:\\\/\\\/visionarymarketing.com\\\/wp-content\\\/uploads\\\/2025\\\/06\\\/ia-revolution-ou-mirage.jpg\",\"contentUrl\":\"https:\\\/\\\/visionarymarketing.com\\\/wp-content\\\/uploads\\\/2025\\\/06\\\/ia-revolution-ou-mirage.jpg\",\"width\":1920,\"height\":1080,\"caption\":\"IA r\u00e9volution ou mirage\"},{\"@type\":\"BreadcrumbList\",\"@id\":\"https:\\\/\\\/visionarymarketing.com\\\/fr\\\/2025\\\/06\\\/17\\\/intelligence-artificielle-revolution-ou-mirage\\\/#breadcrumb\",\"itemListElement\":[{\"@type\":\"ListItem\",\"position\":1,\"name\":\"Home\",\"item\":\"https:\\\/\\\/visionarymarketing.com\\\/fr\\\/\"},{\"@type\":\"ListItem\",\"position\":2,\"name\":\"IA r\u00e9volution ou mirage ?\"}]},{\"@type\":\"WebSite\",\"@id\":\"https:\\\/\\\/visionarymarketing.com\\\/fr\\\/#website\",\"url\":\"https:\\\/\\\/visionarymarketing.com\\\/fr\\\/\",\"name\":\"Marketing and Innovation\",\"description\":\"Site d&#039;infos ind\u00e9pendant, depuis 1996\",\"potentialAction\":[{\"@type\":\"SearchAction\",\"target\":{\"@type\":\"EntryPoint\",\"urlTemplate\":\"https:\\\/\\\/visionarymarketing.com\\\/fr\\\/?s={search_term_string}\"},\"query-input\":{\"@type\":\"PropertyValueSpecification\",\"valueRequired\":true,\"valueName\":\"search_term_string\"}}],\"inLanguage\":\"fr-FR\"},{\"@type\":\"Person\",\"@id\":\"https:\\\/\\\/visionarymarketing.com\\\/fr\\\/#\\\/schema\\\/person\\\/3754fee1e558f47b8deb46f53c37423e\",\"name\":\"Yann Gourvennec\",\"image\":{\"@type\":\"ImageObject\",\"inLanguage\":\"fr-FR\",\"@id\":\"https:\\\/\\\/secure.gravatar.com\\\/avatar\\\/5972001801e8de5692a3e31224e85769f50a55fb8b679749f9c8d1868cceff14?s=96&d=initials&r=g&initials=yg\",\"url\":\"https:\\\/\\\/secure.gravatar.com\\\/avatar\\\/5972001801e8de5692a3e31224e85769f50a55fb8b679749f9c8d1868cceff14?s=96&d=initials&r=g&initials=yg\",\"contentUrl\":\"https:\\\/\\\/secure.gravatar.com\\\/avatar\\\/5972001801e8de5692a3e31224e85769f50a55fb8b679749f9c8d1868cceff14?s=96&d=initials&r=g&initials=yg\",\"caption\":\"Yann Gourvennec\"},\"description\":\"Yann Gourvennec created visionarymarketing.com in 1996. He is a speaker and author of many books. In 2014 he went from intrapreneur to entrepreneur, when he created his digital marketing agency. Yann Gourvennec a cr\u00e9\u00e9 visionarymarketing.com en 1996. Il est conf\u00e9rencier et auteur de plusieurs livres. En 2014, il est pass\u00e9 d'intrapreneur \u00e0 entrepreneur en cr\u00e9ant son agence de marketing num\u00e9rique.\",\"sameAs\":[\"https:\\\/\\\/visionarymarketing.com\",\"http:\\\/\\\/facebook.com\\\/ygourven\",\"http:\\\/\\\/linkedin.com\\\/in\\\/ygourven\",\"https:\\\/\\\/x.com\\\/ygourven\",\"https:\\\/\\\/www.youtube.com\\\/c\\\/visionarymarketingagency\"],\"url\":\"https:\\\/\\\/visionarymarketing.com\\\/fr\\\/author\\\/yann-gourvennec\\\/\"}]}<\/script>\n<!-- \/ Yoast SEO plugin. -->","yoast_head_json":{"title":"Intelligence artificielle, r\u00e9volution ou mirage ?","description":"L'intelligence artificielle g\u00e9n\u00e9rative transforme-t-elle notre fa\u00e7on de travailler, ou s'agit-il d'un effet de mode technologique ?","robots":{"index":"index","follow":"follow","max-snippet":"max-snippet:-1","max-image-preview":"max-image-preview:large","max-video-preview":"max-video-preview:-1"},"canonical":"https:\/\/visionarymarketing.com\/fr\/2025\/06\/17\/intelligence-artificielle-revolution-ou-mirage\/","og_locale":"fr_FR","og_type":"article","og_title":"Intelligence artificielle, r\u00e9volution ou mirage ?","og_description":"L'intelligence artificielle g\u00e9n\u00e9rative transforme-t-elle notre fa\u00e7on de travailler, ou s'agit-il d'un effet de mode technologique ?","og_url":"https:\/\/visionarymarketing.com\/fr\/2025\/06\/17\/intelligence-artificielle-revolution-ou-mirage\/","og_site_name":"Marketing and Innovation","article_publisher":"https:\/\/www.facebook.com\/vismktg","article_author":"http:\/\/facebook.com\/ygourven","article_published_time":"2025-06-17T05:19:46+00:00","og_image":[{"width":1920,"height":1080,"url":"https:\/\/visionarymarketing.com\/wp-content\/uploads\/2025\/06\/ia-revolution-ou-mirage.jpg","type":"image\/jpeg"}],"author":"Yann Gourvennec","twitter_card":"summary_large_image","twitter_creator":"@ygourven","twitter_site":"@ygourven","twitter_misc":{"\u00c9crit par":"Yann Gourvennec","Dur\u00e9e de lecture estim\u00e9e":"3 minutes"},"schema":{"@context":"https:\/\/schema.org","@graph":[{"@type":"NewsArticle","@id":"https:\/\/visionarymarketing.com\/fr\/2025\/06\/17\/intelligence-artificielle-revolution-ou-mirage\/#article","isPartOf":{"@id":"https:\/\/visionarymarketing.com\/fr\/2025\/06\/17\/intelligence-artificielle-revolution-ou-mirage\/"},"author":{"name":"Yann Gourvennec","@id":"https:\/\/visionarymarketing.com\/fr\/#\/schema\/person\/3754fee1e558f47b8deb46f53c37423e"},"headline":"IA r\u00e9volution ou mirage ?","datePublished":"2025-06-17T05:19:46+00:00","mainEntityOfPage":{"@id":"https:\/\/visionarymarketing.com\/fr\/2025\/06\/17\/intelligence-artificielle-revolution-ou-mirage\/"},"wordCount":614,"commentCount":0,"image":{"@id":"https:\/\/visionarymarketing.com\/fr\/2025\/06\/17\/intelligence-artificielle-revolution-ou-mirage\/#primaryimage"},"thumbnailUrl":"https:\/\/visionarymarketing.com\/wp-content\/uploads\/2025\/06\/ia-revolution-ou-mirage.jpg","articleSection":["marketing digital"],"inLanguage":"fr-FR","potentialAction":[{"@type":"CommentAction","name":"Comment","target":["https:\/\/visionarymarketing.com\/fr\/2025\/06\/17\/intelligence-artificielle-revolution-ou-mirage\/#respond"]}]},{"@type":"WebPage","@id":"https:\/\/visionarymarketing.com\/fr\/2025\/06\/17\/intelligence-artificielle-revolution-ou-mirage\/","url":"https:\/\/visionarymarketing.com\/fr\/2025\/06\/17\/intelligence-artificielle-revolution-ou-mirage\/","name":"Intelligence artificielle, r\u00e9volution ou mirage ?","isPartOf":{"@id":"https:\/\/visionarymarketing.com\/fr\/#website"},"primaryImageOfPage":{"@id":"https:\/\/visionarymarketing.com\/fr\/2025\/06\/17\/intelligence-artificielle-revolution-ou-mirage\/#primaryimage"},"image":{"@id":"https:\/\/visionarymarketing.com\/fr\/2025\/06\/17\/intelligence-artificielle-revolution-ou-mirage\/#primaryimage"},"thumbnailUrl":"https:\/\/visionarymarketing.com\/wp-content\/uploads\/2025\/06\/ia-revolution-ou-mirage.jpg","datePublished":"2025-06-17T05:19:46+00:00","author":{"@id":"https:\/\/visionarymarketing.com\/fr\/#\/schema\/person\/3754fee1e558f47b8deb46f53c37423e"},"description":"L'intelligence artificielle g\u00e9n\u00e9rative transforme-t-elle notre fa\u00e7on de travailler, ou s'agit-il d'un effet de mode technologique ?","breadcrumb":{"@id":"https:\/\/visionarymarketing.com\/fr\/2025\/06\/17\/intelligence-artificielle-revolution-ou-mirage\/#breadcrumb"},"inLanguage":"fr-FR","potentialAction":[{"@type":"ReadAction","target":["https:\/\/visionarymarketing.com\/fr\/2025\/06\/17\/intelligence-artificielle-revolution-ou-mirage\/"]}]},{"@type":"ImageObject","inLanguage":"fr-FR","@id":"https:\/\/visionarymarketing.com\/fr\/2025\/06\/17\/intelligence-artificielle-revolution-ou-mirage\/#primaryimage","url":"https:\/\/visionarymarketing.com\/wp-content\/uploads\/2025\/06\/ia-revolution-ou-mirage.jpg","contentUrl":"https:\/\/visionarymarketing.com\/wp-content\/uploads\/2025\/06\/ia-revolution-ou-mirage.jpg","width":1920,"height":1080,"caption":"IA r\u00e9volution ou mirage"},{"@type":"BreadcrumbList","@id":"https:\/\/visionarymarketing.com\/fr\/2025\/06\/17\/intelligence-artificielle-revolution-ou-mirage\/#breadcrumb","itemListElement":[{"@type":"ListItem","position":1,"name":"Home","item":"https:\/\/visionarymarketing.com\/fr\/"},{"@type":"ListItem","position":2,"name":"IA r\u00e9volution ou mirage ?"}]},{"@type":"WebSite","@id":"https:\/\/visionarymarketing.com\/fr\/#website","url":"https:\/\/visionarymarketing.com\/fr\/","name":"Marketing and Innovation","description":"Site d&#039;infos ind\u00e9pendant, depuis 1996","potentialAction":[{"@type":"SearchAction","target":{"@type":"EntryPoint","urlTemplate":"https:\/\/visionarymarketing.com\/fr\/?s={search_term_string}"},"query-input":{"@type":"PropertyValueSpecification","valueRequired":true,"valueName":"search_term_string"}}],"inLanguage":"fr-FR"},{"@type":"Person","@id":"https:\/\/visionarymarketing.com\/fr\/#\/schema\/person\/3754fee1e558f47b8deb46f53c37423e","name":"Yann Gourvennec","image":{"@type":"ImageObject","inLanguage":"fr-FR","@id":"https:\/\/secure.gravatar.com\/avatar\/5972001801e8de5692a3e31224e85769f50a55fb8b679749f9c8d1868cceff14?s=96&d=initials&r=g&initials=yg","url":"https:\/\/secure.gravatar.com\/avatar\/5972001801e8de5692a3e31224e85769f50a55fb8b679749f9c8d1868cceff14?s=96&d=initials&r=g&initials=yg","contentUrl":"https:\/\/secure.gravatar.com\/avatar\/5972001801e8de5692a3e31224e85769f50a55fb8b679749f9c8d1868cceff14?s=96&d=initials&r=g&initials=yg","caption":"Yann Gourvennec"},"description":"Yann Gourvennec created visionarymarketing.com in 1996. He is a speaker and author of many books. In 2014 he went from intrapreneur to entrepreneur, when he created his digital marketing agency. Yann Gourvennec a cr\u00e9\u00e9 visionarymarketing.com en 1996. Il est conf\u00e9rencier et auteur de plusieurs livres. En 2014, il est pass\u00e9 d'intrapreneur \u00e0 entrepreneur en cr\u00e9ant son agence de marketing num\u00e9rique.","sameAs":["https:\/\/visionarymarketing.com","http:\/\/facebook.com\/ygourven","http:\/\/linkedin.com\/in\/ygourven","https:\/\/x.com\/ygourven","https:\/\/www.youtube.com\/c\/visionarymarketingagency"],"url":"https:\/\/visionarymarketing.com\/fr\/author\/yann-gourvennec\/"}]}},"_links":{"self":[{"href":"https:\/\/visionarymarketing.com\/fr\/wp-json\/wp\/v2\/posts\/84065","targetHints":{"allow":["GET"]}}],"collection":[{"href":"https:\/\/visionarymarketing.com\/fr\/wp-json\/wp\/v2\/posts"}],"about":[{"href":"https:\/\/visionarymarketing.com\/fr\/wp-json\/wp\/v2\/types\/post"}],"author":[{"embeddable":true,"href":"https:\/\/visionarymarketing.com\/fr\/wp-json\/wp\/v2\/users\/2"}],"replies":[{"embeddable":true,"href":"https:\/\/visionarymarketing.com\/fr\/wp-json\/wp\/v2\/comments?post=84065"}],"version-history":[{"count":0,"href":"https:\/\/visionarymarketing.com\/fr\/wp-json\/wp\/v2\/posts\/84065\/revisions"}],"wp:featuredmedia":[{"embeddable":true,"href":"https:\/\/visionarymarketing.com\/fr\/wp-json\/wp\/v2\/media\/84067"}],"wp:attachment":[{"href":"https:\/\/visionarymarketing.com\/fr\/wp-json\/wp\/v2\/media?parent=84065"}],"wp:term":[{"taxonomy":"category","embeddable":true,"href":"https:\/\/visionarymarketing.com\/fr\/wp-json\/wp\/v2\/categories?post=84065"},{"taxonomy":"post_tag","embeddable":true,"href":"https:\/\/visionarymarketing.com\/fr\/wp-json\/wp\/v2\/tags?post=84065"}],"curies":[{"name":"wp","href":"https:\/\/api.w.org\/{rel}","templated":true}]}}