{"id":83925,"date":"2025-06-03T08:52:56","date_gmt":"2025-06-03T06:52:56","guid":{"rendered":"https:\/\/visionarymarketing.com\/?p=83925"},"modified":"2025-06-03T08:53:54","modified_gmt":"2025-06-03T06:53:54","slug":"corpoworking","status":"publish","type":"post","link":"https:\/\/visionarymarketing.com\/fr\/2025\/06\/03\/corpoworking\/","title":{"rendered":"Le corpoworking : une solution de travail flexible innovante et prometteuse"},"content":{"rendered":"\n<p><em>Je pratique le corpoworking depuis 12 ans. Quand j\u2019ai cr\u00e9\u00e9 mon entreprise, plut\u00f4t que de chercher des bureaux tout seul ou rester chez moi, je me suis rapproch\u00e9 d&rsquo;une autre soci\u00e9t\u00e9. Celle-ci m\u2019a h\u00e9berg\u00e9, mes salari\u00e9s et moi-m\u00eame, pendant des ann\u00e9es. Cela m&rsquo;a permis de d\u00e9coller beaucoup plus vite et de profiter de son \u00e9cosyst\u00e8me. Sans le savoir, comme monsieur Jourdain, je faisais du corpoworking. Puis, il y a cinq ans, quand je me suis d\u00e9cid\u00e9 \u00e0 acheter mes locaux \u00e0 la porte de Versailles, j&rsquo;ai rencontr\u00e9 <a href=\"https:\/\/www.linkedin.com\/in\/arnaud-adler-267487\/\">Arnaud Adler<\/a>, fondateur de <a href=\"https:\/\/coworkea.fr\" target=\"_blank\" rel=\"noreferrer noopener\">Coworkea<\/a>, qui m&rsquo;a propos\u00e9 une formule beaucoup plus professionnelle de partage de mes bureaux avec d\u2019autres entrepreneurs. Conquis par cette solution, j&rsquo;ai voulu en savoir plus. J&rsquo;ai donc invit\u00e9 Arnaud \u00e0 nous expliquer ce march\u00e9 et \u00e0 nous donner quelques perspectives sur le travail flexible dont il est un expert.<\/em><\/p>\n\n\n\n<h2 class=\"wp-block-heading\"><strong>Le corpoworking : une solution de travail flexible innovante et prometteuse<\/strong><\/h2>\n\n\n\n<figure class=\"wp-block-image size-large\"><img decoding=\"async\" width=\"1024\" height=\"547\" src=\"https:\/\/visionarymarketing.com\/wp-content\/uploads\/2025\/06\/corpoworking-1024x547.jpg\" alt=\"Le corpoworking : une solution de travail flexible innovante et prometteuse\" class=\"wp-image-83928\" srcset=\"https:\/\/visionarymarketing.com\/wp-content\/uploads\/2025\/06\/corpoworking-1024x547.jpg 1024w, https:\/\/visionarymarketing.com\/wp-content\/uploads\/2025\/06\/corpoworking-500x267.jpg 500w, https:\/\/visionarymarketing.com\/wp-content\/uploads\/2025\/06\/corpoworking-768x410.jpg 768w, https:\/\/visionarymarketing.com\/wp-content\/uploads\/2025\/06\/corpoworking-1536x820.jpg 1536w, https:\/\/visionarymarketing.com\/wp-content\/uploads\/2025\/06\/corpoworking.jpg 1920w\" sizes=\"(max-width: 1024px) 100vw, 1024px\" \/><figcaption class=\"wp-element-caption\">Nous pratiquons le corpoworking avec Coworkea dans les bureaux de Visionary Marketing depuis 4 ans et nous avons invit\u00e9 Arnaud Adler pour nosu en parler.<\/figcaption><\/figure>\n\n\n\n<h3 class=\"wp-block-heading\"><strong>Qu&rsquo;est-ce que le corpoworking ?<\/strong><\/h3>\n\n\n\n<p><strong>Arnaud Adler<\/strong>. Le corpoworking est la contraction de deux termes : \u00ab Corporate \u00bb et \u00ab Coworking \u00bb. Corporate pour entreprise et coworking, la location de bureau en mode flexible que tout le monde conna\u00eet aujourd\u2019hui. Il s&rsquo;agit donc de la location de bureau \u00e0 l&rsquo;int\u00e9rieur d&rsquo;entreprises d\u00e9j\u00e0 install\u00e9es, qui s&rsquo;apparente \u00e0 de la sous-location.&nbsp;<\/p>\n\n\n\n<!--more-->\n\n\n\n<p>Nous sous-louons des bureaux au sein d&rsquo;une entreprise existante, mais dans les m\u00eames conditions que le coworking. Il s&rsquo;agit de bureaux \u00e9quip\u00e9s avec mobilier, prestation de m\u00e9nage, connexion Internet.\u00a0<\/p>\n\n\n\n<p>Nous offrons la m\u00eame flexibilit\u00e9 qu&rsquo;en coworking avec des contrats de prestation de service \u00e0 pr\u00e9avis courts, g\u00e9n\u00e9ralement trois mois. Cette approche laisse un maximum de flexibilit\u00e9 au chef d&rsquo;entreprise qui prend des bureaux.&nbsp;<\/p>\n\n\n\n<p>Aujourd&rsquo;hui, souscrire un bail sur des dur\u00e9es de 3, 6 ou 9 ans repr\u00e9sente une difficult\u00e9 majeure pour un dirigeant qui ne peut pr\u00e9voir l&rsquo;avenir. Cette solution lui apporte davantage de s\u00e9r\u00e9nit\u00e9, lui permettant de rester ou de partir pour des espaces plus grands ou plus petits selon ses besoins.<\/p>\n\n\n\n<figure class=\"wp-block-image size-large\"><img decoding=\"async\" width=\"1024\" height=\"574\" src=\"https:\/\/visionarymarketing.com\/wp-content\/uploads\/2025\/06\/corpoworking-2-1024x574.jpg\" alt=\"\" class=\"wp-image-83927\" srcset=\"https:\/\/visionarymarketing.com\/wp-content\/uploads\/2025\/06\/corpoworking-2-1024x574.jpg 1024w, https:\/\/visionarymarketing.com\/wp-content\/uploads\/2025\/06\/corpoworking-2-500x280.jpg 500w, https:\/\/visionarymarketing.com\/wp-content\/uploads\/2025\/06\/corpoworking-2-768x430.jpg 768w, https:\/\/visionarymarketing.com\/wp-content\/uploads\/2025\/06\/corpoworking-2-1536x861.jpg 1536w, https:\/\/visionarymarketing.com\/wp-content\/uploads\/2025\/06\/corpoworking-2-390x220.jpg 390w, https:\/\/visionarymarketing.com\/wp-content\/uploads\/2025\/06\/corpoworking-2.jpg 1920w\" sizes=\"(max-width: 1024px) 100vw, 1024px\" \/><figcaption class=\"wp-element-caption\">Le Corpoworking est autant une opportunit\u00e9 d&rsquo;\u00e9changer et de s&rsquo;enrichir que de louer ou de sous-louer ses bureaux \u2014 image con\u00e7ue avec Midjourney<\/figcaption><\/figure>\n\n\n\n<h3 class=\"wp-block-heading\"><strong>Quel est l&rsquo;avantage pour celui qui vient louer le bureau en corpoworking?<\/strong><\/h3>\n\n\n\n<p><strong>A.A.<\/strong> Pour le locataire qui va occuper les espaces, il b\u00e9n\u00e9ficie d&rsquo;abord de ce qu&rsquo;on appelle le \u00ab Plug and work \u00bb : c\u2019est une solution cl\u00e9 en main ; il arrive avec son ordinateur et tout est pr\u00eat. Les chaises, le bureau, le mobilier, Internet, le m\u00e9nage \u2013 il ne s&rsquo;occupe de rien.&nbsp;<\/p>\n\n\n\n<p>Si un robinet fuit, ce n&rsquo;est pas son probl\u00e8me, mais le mien ou celui de l&rsquo;entreprise accueillante. Il peut rester trois mois, six mois, un an, deux ans, trois ans, mais peut partir quand il le souhaite en respectant un pr\u00e9avis de trois mois.&nbsp;<\/p>\n\n\n\n<p>Cette flexibilit\u00e9 lui permet, s&rsquo;il s&rsquo;agit d&rsquo;une start-up, d&rsquo;accompagner sa croissance s&rsquo;il a besoin de trouver un local plus grand. Si, au contraire, il rencontre des difficult\u00e9s \u00e9conomiques, il peut partir pour prendre plus petit.&nbsp;<\/p>\n\n\n\n<p>Cette approche lui apporte davantage de s\u00e9r\u00e9nit\u00e9.<\/p>\n\n\n\n<figure class=\"wp-block-image size-large\"><img decoding=\"async\" width=\"1024\" height=\"576\" src=\"https:\/\/visionarymarketing.com\/wp-content\/uploads\/2025\/06\/corpoworking-infographie-coworkea-50-1024x576.jpg\" alt=\"Corpoworking\" class=\"wp-image-83929\" srcset=\"https:\/\/visionarymarketing.com\/wp-content\/uploads\/2025\/06\/corpoworking-infographie-coworkea-50-1024x576.jpg 1024w, https:\/\/visionarymarketing.com\/wp-content\/uploads\/2025\/06\/corpoworking-infographie-coworkea-50-500x281.jpg 500w, https:\/\/visionarymarketing.com\/wp-content\/uploads\/2025\/06\/corpoworking-infographie-coworkea-50-768x432.jpg 768w, https:\/\/visionarymarketing.com\/wp-content\/uploads\/2025\/06\/corpoworking-infographie-coworkea-50-1536x864.jpg 1536w, https:\/\/visionarymarketing.com\/wp-content\/uploads\/2025\/06\/corpoworking-infographie-coworkea-50-390x220.jpg 390w, https:\/\/visionarymarketing.com\/wp-content\/uploads\/2025\/06\/corpoworking-infographie-coworkea-50.jpg 1920w\" sizes=\"(max-width: 1024px) 100vw, 1024px\" \/><figcaption class=\"wp-element-caption\">Le corpoworking en chiffres \u2014 source Coworkea<\/figcaption><\/figure>\n\n\n\n<h3 class=\"wp-block-heading\"><strong>Combien de temps restent-ils en moyenne ?<\/strong><\/h3>\n\n\n\n<p><strong>A.A.<\/strong> Les \u00ab\u00a0fonci\u00e8res \u00bb nous indiquent qu\u2019avec les baux traditionnels <a href=\"https:\/\/www.legalstart.fr\/fiches-pratiques\/immobilier-patrimoine\/bail-commercial-3-6-9\/\">3-6-9<\/a>, les entreprises restent environ 6 ans. Ce que nous observons dans le cas du corpoworking, c&rsquo;est qu&rsquo;ils restent environ 3 ans en moyenne. Nos plus anciens clients ont 6 ou 7 ans d&rsquo;anciennet\u00e9 d\u00e9j\u00e0.\u00a0<\/p>\n\n\n\n<p>Nous ne sommes donc pas vraiment dans l&rsquo;\u00e9ph\u00e9m\u00e8re. D&rsquo;ailleurs, nous n&rsquo;acceptons pas les gens qui viennent \u00e0 la journ\u00e9e ou \u00e0 la semaine. Nous leur demandons de s\u2019engager sur 3 mois minimum, car nous souhaitons un minimum de stabilit\u00e9 au sein de l&rsquo;espace.&nbsp;<\/p>\n\n\n\n<p>Nous voulons en effet que les locataires restent avec nous pour de bonnes raisons \u2013 parce que leurs bureaux sont adapt\u00e9s \u00e0 leur business \u2013 et non pour de mauvaises raisons \u2013 une contrainte contractuelle qui les emp\u00eache de partir.&nbsp;<\/p>\n\n\n\n<p>Notre but n\u2019est pas de maintenir l\u2019entreprise captive.<\/p>\n\n\n\n<p><em>[NDLR Les fonci\u00e8res ou soci\u00e9t\u00e9s <\/em><a href=\"https:\/\/www.legalstart.fr\/fiches-pratiques\/statut-entreprise\/fonciere\/#qu-est-ce-qu-une-fonciere\"><em>fonci\u00e8res<\/em><\/a><em> sont des soci\u00e9t\u00e9s sp\u00e9cialis\u00e9es dans l\u2019acquisition, la gestion et la valorisation d\u2019un patrimoine immobilier.]<\/em><\/p>\n\n\n\n<h3 class=\"wp-block-heading\"><strong>Le corpoworking permet aussi de cr\u00e9er des liens entre entrepreneurs.<\/strong><\/h3>\n\n\n\n<p><strong>A.A.<\/strong> Absolument. Cela modifie l&rsquo;\u00e9cosyst\u00e8me, particuli\u00e8rement pour les solo-entrepreneurs ou les petites entreprises qui ont besoin de voir d&rsquo;autres personnes. Quel que soit notre secteur, nous avons tous des points communs : recruter des clients, les fid\u00e9liser, parfois recruter des collaborateurs et les fid\u00e9liser, g\u00e9rer, s&rsquo;organiser, facturer, faire du recouvrement.&nbsp;<\/p>\n\n\n\n<p>Il y a donc de nombreuses astuces et conseils que nous pouvons \u00e9changer. Nous avons besoin de communiquer, de faire du marketing. L\u2019entreprise attir\u00e9e par le corpoworking arrive donc dans un \u00e9cosyst\u00e8me, cela est b\u00e9n\u00e9fique pour tous.&nbsp;<\/p>\n\n\n\n<h3 class=\"wp-block-heading\"><strong>Pourquoi une entreprise se lance-t-elle dans le corpoworking ?<\/strong><\/h3>\n\n\n\n<p><strong>A.A.<\/strong> Dans le corpoworking, vous avez deux acteurs : le locataire et l&rsquo;entreprise accueillante. Commen\u00e7ons par cette derni\u00e8re, car c&rsquo;est la plus importante \u2013 c&rsquo;est elle qui accueille les futurs locataires.<\/p>\n\n\n\n<p>Il faut savoir qu&rsquo;il y a plusieurs raisons principales pour lesquelles une entreprise entre dans une d\u00e9marche de corpoworking. Elle dispose de m\u00e8tres carr\u00e9s disponibles.&nbsp;<\/p>\n\n\n\n<p>Soit le t\u00e9l\u00e9travail s&rsquo;est fortement d\u00e9velopp\u00e9 et elle n&rsquo;a pas d\u00e9m\u00e9nag\u00e9, donc des places restent disponibles. Parfois, la crise \u00e9conomique est pass\u00e9e par l\u00e0 avec une r\u00e9duction d&rsquo;effectifs. Qui dit crise dit qu&rsquo;on ne souhaite pas surpayer son immobilier, donc rentabiliser ses espaces disponibles fait du bien au portefeuille.&nbsp;<\/p>\n\n\n\n<p>Ou encore, des entreprises anticipent une croissance forte qui tarde \u00e0 venir. Les m\u00e8tres carr\u00e9s sont l\u00e0, inutilis\u00e9s, et disproportionn\u00e9s par rapport au budget immobilier n\u00e9cessaire. Le corpoworking permet de rentabiliser cet espace. Cette entreprise accueillante va donc ouvrir son \u00e9cosyst\u00e8me \u00e0 d&rsquo;autres locataires.&nbsp;<\/p>\n\n\n\n<p>Cela lui fait du bien financi\u00e8rement, mais aussi pour son \u00e9cosyst\u00e8me, car elle aura \u00e0 proximit\u00e9 d&rsquo;autres comp\u00e9tences qui peuvent \u00eatre synergiques ou non. C\u2019est la troisi\u00e8me raison pour se lancer dans le corpoworking.&nbsp;<\/p>\n\n\n\n<figure class=\"wp-block-image size-large\"><img decoding=\"async\" width=\"1024\" height=\"574\" src=\"https:\/\/visionarymarketing.com\/wp-content\/uploads\/2025\/06\/corpoworking-3-1024x574.jpg\" alt=\"Corpoworking\" class=\"wp-image-83926\" srcset=\"https:\/\/visionarymarketing.com\/wp-content\/uploads\/2025\/06\/corpoworking-3-1024x574.jpg 1024w, https:\/\/visionarymarketing.com\/wp-content\/uploads\/2025\/06\/corpoworking-3-500x280.jpg 500w, https:\/\/visionarymarketing.com\/wp-content\/uploads\/2025\/06\/corpoworking-3-768x430.jpg 768w, https:\/\/visionarymarketing.com\/wp-content\/uploads\/2025\/06\/corpoworking-3-1536x861.jpg 1536w, https:\/\/visionarymarketing.com\/wp-content\/uploads\/2025\/06\/corpoworking-3-390x220.jpg 390w, https:\/\/visionarymarketing.com\/wp-content\/uploads\/2025\/06\/corpoworking-3.jpg 1920w\" sizes=\"(max-width: 1024px) 100vw, 1024px\" \/><figcaption class=\"wp-element-caption\">Le corpoworking : une solution de travail flexible innovante et prometteuse &#8211; image produite avec Midjourney<\/figcaption><\/figure>\n\n\n\n<h3 class=\"wp-block-heading\"><strong>Des synergies se cr\u00e9ent entre les entrepreneurs.&nbsp;<\/strong><\/h3>\n\n\n\n<p><strong>A.A<\/strong>. Ce que j&rsquo;appr\u00e9cie particuli\u00e8rement, ce sont les synergies qui se cr\u00e9ent avec des business qui naissent au sein d&rsquo;un environnement de travail. Rien de tel que d&rsquo;aller voir la comptable juste \u00e0 c\u00f4t\u00e9, un gestionnaire de site web dans le bureau voisin, un assureur \u00e0 quelques m\u00e8tres pour les probl\u00e8mes de couverture, ou un sp\u00e9cialiste en communication pour g\u00e9rer la newsletter. Cet \u00e9cosyst\u00e8me est vraiment synergique et profite \u00e0 tout le monde.<\/p>\n\n\n\n<p>Il profite aussi au locataire, qui doit conna\u00eetre le type d&rsquo;activit\u00e9 de l&rsquo;entreprise accueillante chez qui il va s&rsquo;installer et identifier ses voisins et leurs activit\u00e9s. Cela cr\u00e9e une dynamique agr\u00e9able pour tous et constitue un facteur d&rsquo;attractivit\u00e9 pour rester dans les locaux.<\/p>\n\n\n\n<h3 class=\"wp-block-heading\"><strong>Quel est le poids du march\u00e9 du corpoworking ?&nbsp;<\/strong><\/h3>\n\n\n\n<p>Aujourd&rsquo;hui, le corpoworking en termes de march\u00e9 repr\u00e9sente quelque chose de naissant et de minime par rapport au march\u00e9 de la location 3-6-9. Par contre, son potentiel est \u00e9norme.&nbsp;<\/p>\n\n\n\n<p>Le march\u00e9 du \u00ab&nbsp;flex&nbsp;\u00bb a un taux de p\u00e9n\u00e9tration \u2013 sur Paris et l&rsquo;\u00cele-de-France \u2013 qui varie entre 0,5&nbsp;% et 15&nbsp;% selon les quartiers. Dans les quartiers pris\u00e9s du 2\u1d49 ou du 9\u1d49 arrondissement du centre de Paris, vous pouvez atteindre 15&nbsp;% de taux de p\u00e9n\u00e9tration du flex par rapport au traditionnel. Dans le 15\u1d49 arrondissement parisien, c&rsquo;est plut\u00f4t 0,5&nbsp;%.&nbsp;<\/p>\n\n\n\n<p>\u00c0 Londres, le taux de p\u00e9n\u00e9tration du flex est de 25&nbsp;%. Au sein du flex, la sous-location et le corpoworking repr\u00e9sentent juste quelques pour cent.&nbsp;<\/p>\n\n\n\n<p>Beaucoup d\u2019entreprises tentent de se lancer dans le corpoworking en direct, mais cela prend \u00e9norm\u00e9ment de temps, car elles n&rsquo;ont pas les bons relais ni le r\u00e9seau. Nous sommes tr\u00e8s peu \u00e0 pratiquer le corpoworking de mani\u00e8re professionnelle.<\/p>\n\n\n\n<p><em>[NDLR Flex est l\u2019abr\u00e9viation de \u00ab flexible \u00bb et fait r\u00e9f\u00e9rence aux espaces de bureaux flexibles, c\u2019est-\u00e0-dire les bureaux partag\u00e9s, les espaces de coworking ou les solutions immobili\u00e8res offrant une grande souplesse de location (dur\u00e9e, taille, services, etc.)]<\/em><\/p>\n\n\n\n<h3 class=\"wp-block-heading\"><strong>Marg\u00e9 tout, on continue \u00e0 construire de nouveaux bureaux\u2026<\/strong><\/h3>\n\n\n\n<p><strong>A.A.<\/strong> Oui, la Tour Triangle par exemple : 70 000&nbsp;m\u00b2 de bureaux. On se demande comment ils vont \u00eatre occup\u00e9s. Certains sp\u00e9cialistes affirment que c&rsquo;est encore utile, car nous manquons de grands si\u00e8ges aux bonnes normes pour les entreprises internationales. Soit. Mais cela va cr\u00e9er un appel d&rsquo;air consid\u00e9rable si cette tour se remplit, car il y a \u00e9norm\u00e9ment de bureaux \u00e0 Paris qui sont d\u00e9j\u00e0 vides et qui le seront encore plus.&nbsp;<\/p>\n\n\n\n<h3 class=\"wp-block-heading\"><strong>\u00c0 La D\u00e9fense, nous avons un taux de vacance autour de 15 \u00e0 19&nbsp;% \u2013 c&rsquo;est monstrueux.<\/strong><\/h3>\n\n\n\n<p>Nous traversons une crise immobili\u00e8re sur les bureaux vraiment tr\u00e8s profonde. Parall\u00e8lement, nous observons un int\u00e9r\u00eat \u00e9norme pour la flexibilit\u00e9.<\/p>\n\n\n\n<p>Les personnes qui adoptent cette d\u00e9marche de flexibilit\u00e9 obtiennent un meilleur rendement et moins de vacances locatives que celles qui attendent la solution 3-6-9, o\u00f9 il n&rsquo;y a rien \u00e0 faire, car il y a une prise \u00e0 bail. Cela devient tellement hypoth\u00e9tique que nous \u00e9voluons vers un syst\u00e8me plus flexible.<\/p>\n\n\n\n<h3 class=\"wp-block-heading\"><strong>Comment voyez-vous l&rsquo;\u00e9volution du monde du travail dans les prochaines ann\u00e9es ?<\/strong><\/h3>\n\n\n\n<p>A.A. Je me garderais bien de faire une telle pr\u00e9vision sur 15-20 ans. M\u00eame si nous avons observ\u00e9 un recul du t\u00e9l\u00e9travail, les entreprises se stabilisent \u00e0 un ou deux jours de t\u00e9l\u00e9travail par semaine.&nbsp;<\/p>\n\n\n\n<p>Un seul jour de t\u00e9l\u00e9travail par semaine repr\u00e9sente d\u00e9j\u00e0 20&nbsp;% de besoins en moins en mati\u00e8re de bureaux. Ind\u00e9pendamment de tout ce qui a \u00e9t\u00e9 construit, l&rsquo;offre et la demande doivent s&rsquo;\u00e9quilibrer \u00e0 un moment.<\/p>\n\n\n\n<p>Je ne suis pas tr\u00e8s optimiste sur cette crise immobili\u00e8re, mais je suis optimiste sur le business du travail flexible, coworking et corpoworking. Car cela r\u00e9pond \u00e0 un vrai point de douleur. D&rsquo;une part, des m\u00e8tres carr\u00e9s inoccup\u00e9s sur lesquels il faut accepter de changer de mod\u00e8le. D&rsquo;autre part, des entreprises qui ont besoin de m\u00e8tres carr\u00e9s, mais ne veulent pas s&rsquo;engager \u00e0 tout prix.<\/p>\n\n\n\n<h3 class=\"wp-block-heading\"><strong>En conclusion<\/strong><\/h3>\n\n\n\n<p>M\u00eame si les chiffres restent modestes et que le march\u00e9 immobilier change moins vite que les habitudes de travail, le travail flexible et en particulier le corpoworking a une grande marge de progression et semble promis \u00e0 un bel avenir.&nbsp;<\/p>\n<div itemscope itemtype=\"http:\/\/schema.org\/AudioObject\"><meta itemprop=\"name\" content=\"Le corpoworking : une solution de travail flexible innovante et prometteuse\" \/><meta itemprop=\"uploadDate\" content=\"2025-06-03T08:52:56+02:00\" \/><meta itemprop=\"encodingFormat\" content=\"audio\/mpeg\" \/><meta itemprop=\"duration\" content=\"PT19M39S\" \/><meta itemprop=\"description\" content=\"\nJe pratique le corpoworking depuis 12 ans. Quand j\u2019ai cr\u00e9\u00e9 mon entreprise, plut\u00f4t que de chercher des bureaux tout seul ou rester chez moi, je me suis rapproch\u00e9 d&#039;une autre soci\u00e9t\u00e9. Celle-ci m\u2019a h\u00e9berg\u00e9, mes salari\u00e9s et moi-m\u00eame, pendant des ann\u00e9es....\" \/><meta itemprop=\"contentUrl\" content=\"https:\/\/media.blubrry.com\/visionarymarketing_les\/agence.visionarymarketing.com\/files\/podcasts\/2025-06-03-Arnaud-Adler-corpoworking-mixdown.mp3\" \/><meta itemprop=\"contentSize\" content=\"16.8\" \/><div class=\"powerpress_player\" id=\"powerpress_player_4067\"><audio class=\"wp-audio-shortcode\" id=\"audio-83925-1\" preload=\"none\" style=\"width: 100%;\" controls=\"controls\"><source type=\"audio\/mpeg\" src=\"https:\/\/media.blubrry.com\/visionarymarketing_les\/agence.visionarymarketing.com\/files\/podcasts\/2025-06-03-Arnaud-Adler-corpoworking-mixdown.mp3?_=1\" \/><a href=\"https:\/\/media.blubrry.com\/visionarymarketing_les\/agence.visionarymarketing.com\/files\/podcasts\/2025-06-03-Arnaud-Adler-corpoworking-mixdown.mp3\">https:\/\/media.blubrry.com\/visionarymarketing_les\/agence.visionarymarketing.com\/files\/podcasts\/2025-06-03-Arnaud-Adler-corpoworking-mixdown.mp3<\/a><\/audio><\/div><\/div><p class=\"powerpress_links powerpress_links_mp3\" style=\"margin-bottom: 1px !important;\">Podcast: <a href=\"https:\/\/media.blubrry.com\/visionarymarketing_les\/agence.visionarymarketing.com\/files\/podcasts\/2025-06-03-Arnaud-Adler-corpoworking-mixdown.mp3\" class=\"powerpress_link_pinw\" target=\"_blank\" title=\"Play in new window\" onclick=\"return powerpress_pinw('https:\/\/visionarymarketing.com\/fr\/\/?powerpress_pinw=83925-podcast');\" rel=\"nofollow\">Play in new window<\/a> | <a href=\"https:\/\/media.blubrry.com\/visionarymarketing_les\/agence.visionarymarketing.com\/files\/podcasts\/2025-06-03-Arnaud-Adler-corpoworking-mixdown.mp3\" class=\"powerpress_link_d\" title=\"Download\" rel=\"nofollow\" download=\"2025-06-03-Arnaud-Adler-corpoworking-mixdown.mp3\">Download<\/a> (Duration: 19:39 &#8212; 16.8MB)<\/p><p class=\"powerpress_links powerpress_subscribe_links\">Subscribe: <a href=\"https:\/\/itunes.apple.com\/us\/podcast\/visionarymarketing-les-interviews\/id731295319?mt=2&amp;ls=1#episodeGuid=https%3A%2F%2Fvisionarymarketing.com%2F%3Fp%3D83925\" class=\"powerpress_link_subscribe powerpress_link_subscribe_itunes\" target=\"_blank\" title=\"Subscribe on Apple Podcasts\" rel=\"nofollow\">Apple Podcasts<\/a> | <a href=\"https:\/\/open.spotify.com\/show\/52VnZ1mhVSnDs4tQOx7Vuc\" class=\"powerpress_link_subscribe powerpress_link_subscribe_spotify\" target=\"_blank\" title=\"Subscribe on Spotify\" rel=\"nofollow\">Spotify<\/a> | <a href=\"https:\/\/subscribeonandroid.com\/visionarymarketing.com\/fr\/feed\/podcast\/\" class=\"powerpress_link_subscribe powerpress_link_subscribe_android\" target=\"_blank\" title=\"Subscribe on Android\" rel=\"nofollow\">Android<\/a> | <a href=\"https:\/\/visionarymarketing.com\/fr\/feed\/podcast\/\" class=\"powerpress_link_subscribe powerpress_link_subscribe_rss\" target=\"_blank\" title=\"Subscribe via RSS\" rel=\"nofollow\">RSS<\/a><\/p>","protected":false},"excerpt":{"rendered":"<p>Je pratique le corpoworking depuis 12 ans. Quand j\u2019ai cr\u00e9\u00e9 mon entreprise, plut\u00f4t que de chercher des bureaux tout seul ou rester chez moi, je me suis rapproch\u00e9 d&rsquo;une autre soci\u00e9t\u00e9. Celle-ci m\u2019a h\u00e9berg\u00e9, mes salari\u00e9s et moi-m\u00eame, pendant des ann\u00e9es. Cela m&rsquo;a permis de d\u00e9coller beaucoup plus vite et de profiter de son \u00e9cosyst\u00e8me. &hellip;<\/p>\n","protected":false},"author":2,"featured_media":83928,"comment_status":"open","ping_status":"open","sticky":false,"template":"","format":"standard","meta":{"footnotes":""},"categories":[1613],"tags":[],"class_list":["post-83925","post","type-post","status-publish","format-standard","has-post-thumbnail","hentry","category-marketing-digital-marketing"],"yoast_head":"<!-- This site is optimized with the Yoast SEO plugin v27.5 - https:\/\/yoast.com\/product\/yoast-seo-wordpress\/ -->\n<title>Corpoworking : solution innovante et prometteuse de travail flexible<\/title>\n<meta name=\"description\" content=\"Sans le savoir, je faisais du corpoworking. Puis, il y a cinq ans, quand j&#039;ai achet\u00e9 mes breaux j&#039;ai r\u00e9cidiv\u00e9 mais \u00e0 l&#039;envers\" \/>\n<meta name=\"robots\" content=\"index, follow, max-snippet:-1, max-image-preview:large, max-video-preview:-1\" \/>\n<link rel=\"canonical\" href=\"https:\/\/visionarymarketing.com\/fr\/2025\/06\/03\/corpoworking\/\" \/>\n<meta property=\"og:locale\" content=\"fr_FR\" \/>\n<meta property=\"og:type\" content=\"article\" \/>\n<meta property=\"og:title\" content=\"Corpoworking : solution innovante et prometteuse de travail flexible\" \/>\n<meta property=\"og:description\" content=\"Sans le savoir, je faisais du corpoworking. Puis, il y a cinq ans, quand j&#039;ai achet\u00e9 mes breaux j&#039;ai r\u00e9cidiv\u00e9 mais \u00e0 l&#039;envers\" \/>\n<meta property=\"og:url\" content=\"https:\/\/visionarymarketing.com\/fr\/2025\/06\/03\/corpoworking\/\" \/>\n<meta property=\"og:site_name\" content=\"Marketing and Innovation\" \/>\n<meta property=\"article:publisher\" content=\"https:\/\/www.facebook.com\/vismktg\" \/>\n<meta property=\"article:author\" content=\"http:\/\/facebook.com\/ygourven\" \/>\n<meta property=\"article:published_time\" content=\"2025-06-03T06:52:56+00:00\" \/>\n<meta property=\"article:modified_time\" content=\"2025-06-03T06:53:54+00:00\" \/>\n<meta property=\"og:image\" content=\"https:\/\/visionarymarketing.com\/wp-content\/uploads\/2025\/06\/corpoworking.jpg\" \/>\n\t<meta property=\"og:image:width\" content=\"1920\" \/>\n\t<meta property=\"og:image:height\" content=\"1025\" \/>\n\t<meta property=\"og:image:type\" content=\"image\/jpeg\" \/>\n<meta name=\"author\" content=\"Yann Gourvennec\" \/>\n<meta name=\"twitter:card\" content=\"summary_large_image\" \/>\n<meta name=\"twitter:creator\" content=\"@ygourven\" \/>\n<meta name=\"twitter:site\" content=\"@ygourven\" \/>\n<meta name=\"twitter:label1\" content=\"\u00c9crit par\" \/>\n\t<meta name=\"twitter:data1\" content=\"Yann Gourvennec\" \/>\n\t<meta name=\"twitter:label2\" content=\"Dur\u00e9e de lecture estim\u00e9e\" \/>\n\t<meta name=\"twitter:data2\" content=\"9 minutes\" \/>\n<script type=\"application\/ld+json\" class=\"yoast-schema-graph\">{\"@context\":\"https:\\\/\\\/schema.org\",\"@graph\":[{\"@type\":\"NewsArticle\",\"@id\":\"https:\\\/\\\/visionarymarketing.com\\\/fr\\\/2025\\\/06\\\/03\\\/corpoworking\\\/#article\",\"isPartOf\":{\"@id\":\"https:\\\/\\\/visionarymarketing.com\\\/fr\\\/2025\\\/06\\\/03\\\/corpoworking\\\/\"},\"author\":{\"name\":\"Yann Gourvennec\",\"@id\":\"https:\\\/\\\/visionarymarketing.com\\\/fr\\\/#\\\/schema\\\/person\\\/3754fee1e558f47b8deb46f53c37423e\"},\"headline\":\"Le corpoworking : une solution de travail flexible innovante et prometteuse\",\"datePublished\":\"2025-06-03T06:52:56+00:00\",\"dateModified\":\"2025-06-03T06:53:54+00:00\",\"mainEntityOfPage\":{\"@id\":\"https:\\\/\\\/visionarymarketing.com\\\/fr\\\/2025\\\/06\\\/03\\\/corpoworking\\\/\"},\"wordCount\":1892,\"commentCount\":0,\"image\":{\"@id\":\"https:\\\/\\\/visionarymarketing.com\\\/fr\\\/2025\\\/06\\\/03\\\/corpoworking\\\/#primaryimage\"},\"thumbnailUrl\":\"https:\\\/\\\/visionarymarketing.com\\\/wp-content\\\/uploads\\\/2025\\\/06\\\/corpoworking.jpg\",\"articleSection\":[\"marketing digital\"],\"inLanguage\":\"fr-FR\",\"potentialAction\":[{\"@type\":\"CommentAction\",\"name\":\"Comment\",\"target\":[\"https:\\\/\\\/visionarymarketing.com\\\/fr\\\/2025\\\/06\\\/03\\\/corpoworking\\\/#respond\"]}]},{\"@type\":\"WebPage\",\"@id\":\"https:\\\/\\\/visionarymarketing.com\\\/fr\\\/2025\\\/06\\\/03\\\/corpoworking\\\/\",\"url\":\"https:\\\/\\\/visionarymarketing.com\\\/fr\\\/2025\\\/06\\\/03\\\/corpoworking\\\/\",\"name\":\"Corpoworking : solution innovante et prometteuse de travail flexible\",\"isPartOf\":{\"@id\":\"https:\\\/\\\/visionarymarketing.com\\\/fr\\\/#website\"},\"primaryImageOfPage\":{\"@id\":\"https:\\\/\\\/visionarymarketing.com\\\/fr\\\/2025\\\/06\\\/03\\\/corpoworking\\\/#primaryimage\"},\"image\":{\"@id\":\"https:\\\/\\\/visionarymarketing.com\\\/fr\\\/2025\\\/06\\\/03\\\/corpoworking\\\/#primaryimage\"},\"thumbnailUrl\":\"https:\\\/\\\/visionarymarketing.com\\\/wp-content\\\/uploads\\\/2025\\\/06\\\/corpoworking.jpg\",\"datePublished\":\"2025-06-03T06:52:56+00:00\",\"dateModified\":\"2025-06-03T06:53:54+00:00\",\"author\":{\"@id\":\"https:\\\/\\\/visionarymarketing.com\\\/fr\\\/#\\\/schema\\\/person\\\/3754fee1e558f47b8deb46f53c37423e\"},\"description\":\"Sans le savoir, je faisais du corpoworking. Puis, il y a cinq ans, quand j'ai achet\u00e9 mes breaux j'ai r\u00e9cidiv\u00e9 mais \u00e0 l'envers\",\"breadcrumb\":{\"@id\":\"https:\\\/\\\/visionarymarketing.com\\\/fr\\\/2025\\\/06\\\/03\\\/corpoworking\\\/#breadcrumb\"},\"inLanguage\":\"fr-FR\",\"potentialAction\":[{\"@type\":\"ReadAction\",\"target\":[\"https:\\\/\\\/visionarymarketing.com\\\/fr\\\/2025\\\/06\\\/03\\\/corpoworking\\\/\"]}]},{\"@type\":\"ImageObject\",\"inLanguage\":\"fr-FR\",\"@id\":\"https:\\\/\\\/visionarymarketing.com\\\/fr\\\/2025\\\/06\\\/03\\\/corpoworking\\\/#primaryimage\",\"url\":\"https:\\\/\\\/visionarymarketing.com\\\/wp-content\\\/uploads\\\/2025\\\/06\\\/corpoworking.jpg\",\"contentUrl\":\"https:\\\/\\\/visionarymarketing.com\\\/wp-content\\\/uploads\\\/2025\\\/06\\\/corpoworking.jpg\",\"width\":1920,\"height\":1025},{\"@type\":\"BreadcrumbList\",\"@id\":\"https:\\\/\\\/visionarymarketing.com\\\/fr\\\/2025\\\/06\\\/03\\\/corpoworking\\\/#breadcrumb\",\"itemListElement\":[{\"@type\":\"ListItem\",\"position\":1,\"name\":\"Home\",\"item\":\"https:\\\/\\\/visionarymarketing.com\\\/fr\\\/\"},{\"@type\":\"ListItem\",\"position\":2,\"name\":\"Le corpoworking : une solution de travail flexible innovante et prometteuse\"}]},{\"@type\":\"WebSite\",\"@id\":\"https:\\\/\\\/visionarymarketing.com\\\/fr\\\/#website\",\"url\":\"https:\\\/\\\/visionarymarketing.com\\\/fr\\\/\",\"name\":\"Marketing and Innovation\",\"description\":\"Site d&#039;infos ind\u00e9pendant, depuis 1996\",\"potentialAction\":[{\"@type\":\"SearchAction\",\"target\":{\"@type\":\"EntryPoint\",\"urlTemplate\":\"https:\\\/\\\/visionarymarketing.com\\\/fr\\\/?s={search_term_string}\"},\"query-input\":{\"@type\":\"PropertyValueSpecification\",\"valueRequired\":true,\"valueName\":\"search_term_string\"}}],\"inLanguage\":\"fr-FR\"},{\"@type\":\"Person\",\"@id\":\"https:\\\/\\\/visionarymarketing.com\\\/fr\\\/#\\\/schema\\\/person\\\/3754fee1e558f47b8deb46f53c37423e\",\"name\":\"Yann Gourvennec\",\"image\":{\"@type\":\"ImageObject\",\"inLanguage\":\"fr-FR\",\"@id\":\"https:\\\/\\\/secure.gravatar.com\\\/avatar\\\/5972001801e8de5692a3e31224e85769f50a55fb8b679749f9c8d1868cceff14?s=96&d=initials&r=g&initials=yg\",\"url\":\"https:\\\/\\\/secure.gravatar.com\\\/avatar\\\/5972001801e8de5692a3e31224e85769f50a55fb8b679749f9c8d1868cceff14?s=96&d=initials&r=g&initials=yg\",\"contentUrl\":\"https:\\\/\\\/secure.gravatar.com\\\/avatar\\\/5972001801e8de5692a3e31224e85769f50a55fb8b679749f9c8d1868cceff14?s=96&d=initials&r=g&initials=yg\",\"caption\":\"Yann Gourvennec\"},\"description\":\"Yann Gourvennec created visionarymarketing.com in 1996. He is a speaker and author of many books. In 2014 he went from intrapreneur to entrepreneur, when he created his digital marketing agency. Yann Gourvennec a cr\u00e9\u00e9 visionarymarketing.com en 1996. Il est conf\u00e9rencier et auteur de plusieurs livres. En 2014, il est pass\u00e9 d'intrapreneur \u00e0 entrepreneur en cr\u00e9ant son agence de marketing num\u00e9rique.\",\"sameAs\":[\"https:\\\/\\\/visionarymarketing.com\",\"http:\\\/\\\/facebook.com\\\/ygourven\",\"http:\\\/\\\/linkedin.com\\\/in\\\/ygourven\",\"https:\\\/\\\/x.com\\\/ygourven\",\"https:\\\/\\\/www.youtube.com\\\/c\\\/visionarymarketingagency\"],\"url\":\"https:\\\/\\\/visionarymarketing.com\\\/fr\\\/author\\\/yann-gourvennec\\\/\"}]}<\/script>\n<!-- \/ Yoast SEO plugin. -->","yoast_head_json":{"title":"Corpoworking : solution innovante et prometteuse de travail flexible","description":"Sans le savoir, je faisais du corpoworking. Puis, il y a cinq ans, quand j'ai achet\u00e9 mes breaux j'ai r\u00e9cidiv\u00e9 mais \u00e0 l'envers","robots":{"index":"index","follow":"follow","max-snippet":"max-snippet:-1","max-image-preview":"max-image-preview:large","max-video-preview":"max-video-preview:-1"},"canonical":"https:\/\/visionarymarketing.com\/fr\/2025\/06\/03\/corpoworking\/","og_locale":"fr_FR","og_type":"article","og_title":"Corpoworking : solution innovante et prometteuse de travail flexible","og_description":"Sans le savoir, je faisais du corpoworking. Puis, il y a cinq ans, quand j'ai achet\u00e9 mes breaux j'ai r\u00e9cidiv\u00e9 mais \u00e0 l'envers","og_url":"https:\/\/visionarymarketing.com\/fr\/2025\/06\/03\/corpoworking\/","og_site_name":"Marketing and Innovation","article_publisher":"https:\/\/www.facebook.com\/vismktg","article_author":"http:\/\/facebook.com\/ygourven","article_published_time":"2025-06-03T06:52:56+00:00","article_modified_time":"2025-06-03T06:53:54+00:00","og_image":[{"width":1920,"height":1025,"url":"https:\/\/visionarymarketing.com\/wp-content\/uploads\/2025\/06\/corpoworking.jpg","type":"image\/jpeg"}],"author":"Yann Gourvennec","twitter_card":"summary_large_image","twitter_creator":"@ygourven","twitter_site":"@ygourven","twitter_misc":{"\u00c9crit par":"Yann Gourvennec","Dur\u00e9e de lecture estim\u00e9e":"9 minutes"},"schema":{"@context":"https:\/\/schema.org","@graph":[{"@type":"NewsArticle","@id":"https:\/\/visionarymarketing.com\/fr\/2025\/06\/03\/corpoworking\/#article","isPartOf":{"@id":"https:\/\/visionarymarketing.com\/fr\/2025\/06\/03\/corpoworking\/"},"author":{"name":"Yann Gourvennec","@id":"https:\/\/visionarymarketing.com\/fr\/#\/schema\/person\/3754fee1e558f47b8deb46f53c37423e"},"headline":"Le corpoworking : une solution de travail flexible innovante et prometteuse","datePublished":"2025-06-03T06:52:56+00:00","dateModified":"2025-06-03T06:53:54+00:00","mainEntityOfPage":{"@id":"https:\/\/visionarymarketing.com\/fr\/2025\/06\/03\/corpoworking\/"},"wordCount":1892,"commentCount":0,"image":{"@id":"https:\/\/visionarymarketing.com\/fr\/2025\/06\/03\/corpoworking\/#primaryimage"},"thumbnailUrl":"https:\/\/visionarymarketing.com\/wp-content\/uploads\/2025\/06\/corpoworking.jpg","articleSection":["marketing digital"],"inLanguage":"fr-FR","potentialAction":[{"@type":"CommentAction","name":"Comment","target":["https:\/\/visionarymarketing.com\/fr\/2025\/06\/03\/corpoworking\/#respond"]}]},{"@type":"WebPage","@id":"https:\/\/visionarymarketing.com\/fr\/2025\/06\/03\/corpoworking\/","url":"https:\/\/visionarymarketing.com\/fr\/2025\/06\/03\/corpoworking\/","name":"Corpoworking : solution innovante et prometteuse de travail flexible","isPartOf":{"@id":"https:\/\/visionarymarketing.com\/fr\/#website"},"primaryImageOfPage":{"@id":"https:\/\/visionarymarketing.com\/fr\/2025\/06\/03\/corpoworking\/#primaryimage"},"image":{"@id":"https:\/\/visionarymarketing.com\/fr\/2025\/06\/03\/corpoworking\/#primaryimage"},"thumbnailUrl":"https:\/\/visionarymarketing.com\/wp-content\/uploads\/2025\/06\/corpoworking.jpg","datePublished":"2025-06-03T06:52:56+00:00","dateModified":"2025-06-03T06:53:54+00:00","author":{"@id":"https:\/\/visionarymarketing.com\/fr\/#\/schema\/person\/3754fee1e558f47b8deb46f53c37423e"},"description":"Sans le savoir, je faisais du corpoworking. Puis, il y a cinq ans, quand j'ai achet\u00e9 mes breaux j'ai r\u00e9cidiv\u00e9 mais \u00e0 l'envers","breadcrumb":{"@id":"https:\/\/visionarymarketing.com\/fr\/2025\/06\/03\/corpoworking\/#breadcrumb"},"inLanguage":"fr-FR","potentialAction":[{"@type":"ReadAction","target":["https:\/\/visionarymarketing.com\/fr\/2025\/06\/03\/corpoworking\/"]}]},{"@type":"ImageObject","inLanguage":"fr-FR","@id":"https:\/\/visionarymarketing.com\/fr\/2025\/06\/03\/corpoworking\/#primaryimage","url":"https:\/\/visionarymarketing.com\/wp-content\/uploads\/2025\/06\/corpoworking.jpg","contentUrl":"https:\/\/visionarymarketing.com\/wp-content\/uploads\/2025\/06\/corpoworking.jpg","width":1920,"height":1025},{"@type":"BreadcrumbList","@id":"https:\/\/visionarymarketing.com\/fr\/2025\/06\/03\/corpoworking\/#breadcrumb","itemListElement":[{"@type":"ListItem","position":1,"name":"Home","item":"https:\/\/visionarymarketing.com\/fr\/"},{"@type":"ListItem","position":2,"name":"Le corpoworking : une solution de travail flexible innovante et prometteuse"}]},{"@type":"WebSite","@id":"https:\/\/visionarymarketing.com\/fr\/#website","url":"https:\/\/visionarymarketing.com\/fr\/","name":"Marketing and Innovation","description":"Site d&#039;infos ind\u00e9pendant, depuis 1996","potentialAction":[{"@type":"SearchAction","target":{"@type":"EntryPoint","urlTemplate":"https:\/\/visionarymarketing.com\/fr\/?s={search_term_string}"},"query-input":{"@type":"PropertyValueSpecification","valueRequired":true,"valueName":"search_term_string"}}],"inLanguage":"fr-FR"},{"@type":"Person","@id":"https:\/\/visionarymarketing.com\/fr\/#\/schema\/person\/3754fee1e558f47b8deb46f53c37423e","name":"Yann Gourvennec","image":{"@type":"ImageObject","inLanguage":"fr-FR","@id":"https:\/\/secure.gravatar.com\/avatar\/5972001801e8de5692a3e31224e85769f50a55fb8b679749f9c8d1868cceff14?s=96&d=initials&r=g&initials=yg","url":"https:\/\/secure.gravatar.com\/avatar\/5972001801e8de5692a3e31224e85769f50a55fb8b679749f9c8d1868cceff14?s=96&d=initials&r=g&initials=yg","contentUrl":"https:\/\/secure.gravatar.com\/avatar\/5972001801e8de5692a3e31224e85769f50a55fb8b679749f9c8d1868cceff14?s=96&d=initials&r=g&initials=yg","caption":"Yann Gourvennec"},"description":"Yann Gourvennec created visionarymarketing.com in 1996. He is a speaker and author of many books. In 2014 he went from intrapreneur to entrepreneur, when he created his digital marketing agency. Yann Gourvennec a cr\u00e9\u00e9 visionarymarketing.com en 1996. Il est conf\u00e9rencier et auteur de plusieurs livres. En 2014, il est pass\u00e9 d'intrapreneur \u00e0 entrepreneur en cr\u00e9ant son agence de marketing num\u00e9rique.","sameAs":["https:\/\/visionarymarketing.com","http:\/\/facebook.com\/ygourven","http:\/\/linkedin.com\/in\/ygourven","https:\/\/x.com\/ygourven","https:\/\/www.youtube.com\/c\/visionarymarketingagency"],"url":"https:\/\/visionarymarketing.com\/fr\/author\/yann-gourvennec\/"}]}},"_links":{"self":[{"href":"https:\/\/visionarymarketing.com\/fr\/wp-json\/wp\/v2\/posts\/83925","targetHints":{"allow":["GET"]}}],"collection":[{"href":"https:\/\/visionarymarketing.com\/fr\/wp-json\/wp\/v2\/posts"}],"about":[{"href":"https:\/\/visionarymarketing.com\/fr\/wp-json\/wp\/v2\/types\/post"}],"author":[{"embeddable":true,"href":"https:\/\/visionarymarketing.com\/fr\/wp-json\/wp\/v2\/users\/2"}],"replies":[{"embeddable":true,"href":"https:\/\/visionarymarketing.com\/fr\/wp-json\/wp\/v2\/comments?post=83925"}],"version-history":[{"count":0,"href":"https:\/\/visionarymarketing.com\/fr\/wp-json\/wp\/v2\/posts\/83925\/revisions"}],"wp:featuredmedia":[{"embeddable":true,"href":"https:\/\/visionarymarketing.com\/fr\/wp-json\/wp\/v2\/media\/83928"}],"wp:attachment":[{"href":"https:\/\/visionarymarketing.com\/fr\/wp-json\/wp\/v2\/media?parent=83925"}],"wp:term":[{"taxonomy":"category","embeddable":true,"href":"https:\/\/visionarymarketing.com\/fr\/wp-json\/wp\/v2\/categories?post=83925"},{"taxonomy":"post_tag","embeddable":true,"href":"https:\/\/visionarymarketing.com\/fr\/wp-json\/wp\/v2\/tags?post=83925"}],"curies":[{"name":"wp","href":"https:\/\/api.w.org\/{rel}","templated":true}]}}