{"id":83858,"date":"2025-05-26T07:03:24","date_gmt":"2025-05-26T05:03:24","guid":{"rendered":"https:\/\/visionarymarketing.com\/?p=83858"},"modified":"2025-05-27T07:46:39","modified_gmt":"2025-05-27T05:46:39","slug":"intelligence-collective-pour-un-futur-desirable","status":"publish","type":"post","link":"https:\/\/visionarymarketing.com\/fr\/2025\/05\/26\/intelligence-collective-pour-un-futur-desirable\/","title":{"rendered":"L&rsquo;intelligence collective pour un futur d\u00e9sirable"},"content":{"rendered":"\n<p><em>J\u2019ai re\u00e7u Olivier Zara il y a quelques semaines pour parler de <a href=\"https:\/\/www.amazon.fr\/Lintelligence-collective-pour-sauver-plan\u00e8te\/dp\/B0DGXMPN92\/ref=sr_1_3?dib=eyJ2IjoiMSJ9.AWJN-ghd8x63AMhOtj_C5v7p6QP5Bwr0q2kogXU_iCbmwnFF_9kDJ8aLaCQ2mWHen0ABs42XZaG08BpSbXVVH1xRj5bBzWgSbDXs5BtVgznqEWpDXhpYTuP6THkE0S4oPZ4dmvm8kMhtLfUjw7N-YuTdzfin6kVComzPtj5rJKjdNqdQDEbN_BrAS0It8WWv4hm_MmchjFINNsVa49K_2vP1naXFIKWtpwXpdncEqKI.kG-Un_g6BvOKs-jYR7Uw794greckNWt-Mlxt24gW9As&amp;dib_tag=se&amp;keywords=olivier+zara&amp;qid=1748069721&amp;sr=8-3\" target=\"_blank\" rel=\"noreferrer noopener\">son dernier ouvrage<\/a> intitul\u00e9 <\/em><strong>l\u2019intelligence collective pour sauver la plan\u00e8te<\/strong><em>. Mais face \u00e0 l\u2019accumulation de messages <a href=\"https:\/\/visionarymarketing.com\/fr\/2025\/01\/21\/marketing-et-rse-une-etude-montre-des-signes-encourageants\/\">anxiog\u00e8nes<\/a> d\u2019une part, et la multiplication des attitudes et comportements anti\u00e9cologistes d\u2019autre part, peut-on encore esp\u00e9rer que nous sortions des blabla politiques pour entrer v\u00e9ritablement dans l\u2019action&nbsp;? La r\u00e9ponse est positive selon Olivier.<\/em> <em>Il nous enjoint de faire confiance \u00e0 l\u2019intelligence collective au niveau local pour r\u00e9soudre des probl\u00e8mes trop complexes et cons\u00e9quents pour l<\/em>e <em>niveau mondial. En 18&nbsp;minutes chrono, voici ses arguments \u00ab&nbsp;cash&nbsp;\u00bb pour vous convaincre de garder l\u2019espoir et agir pour la plan\u00e8te et ses enfants.&nbsp;<\/em><\/p>\n\n\n\n<h2 class=\"wp-block-heading\">Intelligence collective&nbsp;: peut-on encore sauver la plan\u00e8te&nbsp;?&nbsp;<\/h2>\n\n\n<div class=\"wp-block-image\">\n<figure class=\"aligncenter size-large\"><img decoding=\"async\" width=\"1024\" height=\"576\" src=\"https:\/\/visionarymarketing.com\/wp-content\/uploads\/2025\/05\/intelligence-collective-sauver-planete-1024x576.jpg\" alt=\"\" class=\"wp-image-83861\" srcset=\"https:\/\/visionarymarketing.com\/wp-content\/uploads\/2025\/05\/intelligence-collective-sauver-planete-1024x576.jpg 1024w, https:\/\/visionarymarketing.com\/wp-content\/uploads\/2025\/05\/intelligence-collective-sauver-planete-500x281.jpg 500w, https:\/\/visionarymarketing.com\/wp-content\/uploads\/2025\/05\/intelligence-collective-sauver-planete-768x432.jpg 768w, https:\/\/visionarymarketing.com\/wp-content\/uploads\/2025\/05\/intelligence-collective-sauver-planete-390x220.jpg 390w, https:\/\/visionarymarketing.com\/wp-content\/uploads\/2025\/05\/intelligence-collective-sauver-planete.jpg 1280w\" sizes=\"(max-width: 1024px) 100vw, 1024px\" \/><figcaption class=\"wp-element-caption\">Intelligence <\/figcaption><\/figure>\n<\/div>\n\n\n<p>Au tout d\u00e9but de l\u2019Internet, une vid\u00e9o virale circulait. C\u2019\u00e9tait un vieux p\u00e9p\u00e9 en chapeau qui expliquait l\u2019intelligence collective. Je l\u2019ai retrouv\u00e9e pour vous.&nbsp;<\/p>\n\n\n\n<!--more-->\n\n\n\n<blockquote class=\"wp-block-quote quote-light is-layout-flow wp-block-quote quote-light-is-layout-flow\">\n<p>\u2014&nbsp;\u00ab&nbsp;Qu\u2019est-ce que l\u2019intelligence collective&nbsp;\u00bb, disait-il devant la cam\u00e9ra<\/p>\n\n\n\n<p>\u2014&nbsp;\u00ab&nbsp;Tout le monde conna\u00eet la c***erie collective&nbsp;\u00bb poursuivait-il, assez fac\u00e9tieux, \u00ab&nbsp;on la rencontre dans un d\u00eener, une r\u00e9union de famille, au bureau\u2026&nbsp;\u00bb<\/p>\n\n\n\n<p>Et de conclure,&nbsp;<\/p>\n\n\n\n<p>\u2014&nbsp;\u00ab&nbsp;Et bien l\u2019intelligence collective, c\u2019est le contraire&nbsp;!&nbsp;\u00bb&nbsp;<\/p>\n<\/blockquote>\n\n\n\n<p>Et il levait son verre (rempli mod\u00e9r\u00e9ment comme il se doit), \u00e0 notre sant\u00e9.&nbsp;<\/p>\n\n\n\n<figure class=\"wp-block-embed is-type-video is-provider-youtube wp-block-embed-youtube wp-embed-aspect-4-3 wp-has-aspect-ratio\"><div class=\"wp-block-embed__wrapper\">\n<iframe title=\"Qu&#039;est-ce que l&#039;intelligence collective ?\" width=\"500\" height=\"375\" src=\"https:\/\/www.youtube.com\/embed\/VTtUsHEN2a8?feature=oembed\" frameborder=\"0\" allow=\"accelerometer; autoplay; clipboard-write; encrypted-media; gyroscope; picture-in-picture; web-share\" referrerpolicy=\"strict-origin-when-cross-origin\" allowfullscreen><\/iframe>\n<\/div><figcaption class=\"wp-element-caption\">L&rsquo;intelligence collective, qu&rsquo;est-ce que c&rsquo;est ?<\/figcaption><\/figure>\n\n\n\n<p>Cette boutade m\u2019est revenue en \u00e9coutant le discours de mon ami Olivier Zara, en ce d\u00e9but d\u2019ann\u00e9e. Je partage comme lui, et ce depuis ma prime jeunesse, une conscience que je pourrais nommer \u00e9cologique. Non du fait d&rsquo;une quelconque appartenance \u00e0 un parti politique, dont je ne dirai rien ici. Rien \u00e0 voir donc, l\u2019\u00e9cologie est l\u2019art d\u2019\u00e9tudier \u2014 pour mieux la g\u00e9rer \u2014&nbsp;la \u00ab&nbsp;maison&nbsp;\u00bb. <strong>Notre<\/strong> maison, la Terre. Et je note que celle-ci ne me para\u00eet pas tr\u00e8s propre, c\u2019est un euph\u00e9misme.&nbsp;<\/p>\n\n\n\n<blockquote class=\"wp-block-quote quote-light is-layout-flow wp-block-quote quote-light-is-layout-flow\">\n<p>L\u2019\u00e9cosyst\u00e8me, c\u2019est, litt\u00e9ralement, <strong>la \u00ab&nbsp;maison&nbsp;\u00bb de la vie, et la science qui l\u2019\u00e9tudie, l\u2019\u00e9cologie<\/strong>. Ce terme a \u00e9t\u00e9 cr\u00e9\u00e9 en 1866 par le biologiste allemand Ernst Haeckel \u00e0 partir du grec oikos, la maison, et logos, la science. Elle \u00e9tudie les relations qui existent entre les \u00eatres vivants et le milieu o\u00f9 ils vivent.<br \/>Rosnay, Jo\u00ebl de. Le Macroscope. Vers une vision globale (Points Sciences \u2014 Seuil), 1975.&nbsp;<\/p>\n<\/blockquote>\n\n\n\n<p>Le discours d\u2019Olivier m\u2019a bien plu. Sans fard et charg\u00e9 d\u2019ironie. Et il en faut de l\u2019ironie pour s\u2019attaquer \u00e0 l\u2019immobilisme et au scepticisme. Mais il apporte plus que cela. Une approche, peut-\u00eatre un peu utopique, bas\u00e9e sur l\u2019intelligence collective (dont vous connaissez maintenant la d\u00e9finition), pragmatique et sans chichis.&nbsp;<\/p>\n\n\n\n<p>Ce sont les r\u00eaves qui poussent les humains aux grandes choses. Alors, continuons \u00e0 r\u00eaver, et peut-\u00eatre que cette intelligence collective nous aidera \u00e0 sauver notre petite maison.&nbsp;<\/p>\n\n\n\n<p>Voici l\u2019interview d\u2019Olivier, sans censure ni tabous, et souhaitons qu\u2019elle fasse r\u00e9fl\u00e9chir les marketeurs que nous sommes. Apr\u00e8s tout, on ne vend pas grand-chose dans une maison en ruines.&nbsp;<\/p>\n\n\n\n<h3 class=\"wp-block-heading\">Interview : l&rsquo;intelligence collective pour un futur d\u00e9sirable avec Olivier Zara<\/h3>\n\n\n<div class=\"wp-block-image\">\n<figure class=\"aligncenter size-large\"><img decoding=\"async\" width=\"1024\" height=\"574\" src=\"https:\/\/visionarymarketing.com\/wp-content\/uploads\/2025\/05\/ygourven-people-of-earth-getting-together-to-save-the-planet-61e088dc-e90a-495b-8ca5-95c672776d44-1-1024x574.jpg\" alt=\"\" class=\"wp-image-83874\" srcset=\"https:\/\/visionarymarketing.com\/wp-content\/uploads\/2025\/05\/ygourven-people-of-earth-getting-together-to-save-the-planet-61e088dc-e90a-495b-8ca5-95c672776d44-1-1024x574.jpg 1024w, https:\/\/visionarymarketing.com\/wp-content\/uploads\/2025\/05\/ygourven-people-of-earth-getting-together-to-save-the-planet-61e088dc-e90a-495b-8ca5-95c672776d44-1-500x280.jpg 500w, https:\/\/visionarymarketing.com\/wp-content\/uploads\/2025\/05\/ygourven-people-of-earth-getting-together-to-save-the-planet-61e088dc-e90a-495b-8ca5-95c672776d44-1-768x430.jpg 768w, https:\/\/visionarymarketing.com\/wp-content\/uploads\/2025\/05\/ygourven-people-of-earth-getting-together-to-save-the-planet-61e088dc-e90a-495b-8ca5-95c672776d44-1-1536x861.jpg 1536w, https:\/\/visionarymarketing.com\/wp-content\/uploads\/2025\/05\/ygourven-people-of-earth-getting-together-to-save-the-planet-61e088dc-e90a-495b-8ca5-95c672776d44-1-390x220.jpg 390w, https:\/\/visionarymarketing.com\/wp-content\/uploads\/2025\/05\/ygourven-people-of-earth-getting-together-to-save-the-planet-61e088dc-e90a-495b-8ca5-95c672776d44-1.jpg 1920w\" sizes=\"(max-width: 1024px) 100vw, 1024px\" \/><figcaption class=\"wp-element-caption\">L&rsquo;intelligence collective au niveau local peut nous offrir un futur d\u00e9sirable selon Olivier Zara<\/figcaption><\/figure>\n<\/div>\n\n\n<h4 class=\"wp-block-heading\"><strong>Pourquoi la transition \u00e9cologique doit-elle \u00eatre locale&nbsp;?<\/strong><\/h4>\n\n\n\n<blockquote class=\"wp-block-quote quote-light is-layout-flow wp-block-quote quote-light-is-layout-flow\">\n<p>La transition \u00e9cologique sera locale ou ne sera pas.&nbsp;<\/p>\n<\/blockquote>\n\n\n\n<p>Nous sommes submerg\u00e9s, au moins 3, 4, 5&nbsp;fois par jour, d\u2019informations sur <strong>l\u2019urgence d\u2019agir pour le climat<\/strong>. Et pourtant, malgr\u00e9 ce niveau de conscience, on n\u2019a toujours pas le sentiment d\u2019\u00eatre dans l\u2019action. Alors, que faire&nbsp;?<\/p>\n\n\n\n<p>Le probl\u00e8me est mondial et donc, logiquement, on se dit qu\u2019il faut agir \u00e0 ce niveau. Et dans le m\u00eame temps, \u00e0 chaque COP, on assiste au bureau des pleurs. Et on se dit qu\u2019on n\u2019est pas sorti d\u2019affaire.&nbsp;<\/p>\n\n\n\n<p>Ainsi, l\u2019Union europ\u00e9enne concocte son Green Deal en 2019 pour expliquer qu\u2019en 2035, il n\u2019y aura plus de voitures thermiques. Moins d\u2019un an apr\u00e8s cette mesure phare, la Pologne, l\u2019Allemagne et l\u2019Italie <a href=\"https:\/\/www.lemonde.fr\/economie\/article\/2023\/03\/25\/automobile-sous-pression-de-berlin-l-union-europeenne-assouplit-l-interdiction-des-moteurs-thermiques_6166965_3234.html\">font pression<\/a> sur l\u2019UE pour faire machine arri\u00e8re sur la voiture \u00e9lectrique.&nbsp;<\/p>\n\n\n<div class=\"wp-block-image\">\n<figure class=\"aligncenter size-large\"><img decoding=\"async\" width=\"1024\" height=\"574\" src=\"https:\/\/visionarymarketing.com\/wp-content\/uploads\/2025\/05\/ygourven-people-of-earth-thinking-in-groups-and-helping-eachoth-4e4f2cee-1735-4017-b802-e31fc4008132-1-1024x574.jpg\" alt=\"Intelligence collective : pour un futur d\u00e9sirable\" class=\"wp-image-83875\" srcset=\"https:\/\/visionarymarketing.com\/wp-content\/uploads\/2025\/05\/ygourven-people-of-earth-thinking-in-groups-and-helping-eachoth-4e4f2cee-1735-4017-b802-e31fc4008132-1-1024x574.jpg 1024w, https:\/\/visionarymarketing.com\/wp-content\/uploads\/2025\/05\/ygourven-people-of-earth-thinking-in-groups-and-helping-eachoth-4e4f2cee-1735-4017-b802-e31fc4008132-1-500x280.jpg 500w, https:\/\/visionarymarketing.com\/wp-content\/uploads\/2025\/05\/ygourven-people-of-earth-thinking-in-groups-and-helping-eachoth-4e4f2cee-1735-4017-b802-e31fc4008132-1-768x430.jpg 768w, https:\/\/visionarymarketing.com\/wp-content\/uploads\/2025\/05\/ygourven-people-of-earth-thinking-in-groups-and-helping-eachoth-4e4f2cee-1735-4017-b802-e31fc4008132-1-1536x861.jpg 1536w, https:\/\/visionarymarketing.com\/wp-content\/uploads\/2025\/05\/ygourven-people-of-earth-thinking-in-groups-and-helping-eachoth-4e4f2cee-1735-4017-b802-e31fc4008132-1-390x220.jpg 390w, https:\/\/visionarymarketing.com\/wp-content\/uploads\/2025\/05\/ygourven-people-of-earth-thinking-in-groups-and-helping-eachoth-4e4f2cee-1735-4017-b802-e31fc4008132-1.jpg 1920w\" sizes=\"(max-width: 1024px) 100vw, 1024px\" \/><figcaption class=\"wp-element-caption\">Si tous les gars du monde&#8230; l&rsquo;intelligence collective, un bon substitut \u00e0 l&rsquo;imb\u00e9cillit\u00e9 \u00e9go\u00efste<\/figcaption><\/figure>\n<\/div>\n\n\n<h3 class=\"wp-block-heading\">Quelques centimes et c\u2019est d\u00e9j\u00e0 trop\u2026<\/h3>\n\n\n\n<p>Alors on se rabat sur le niveau national. Et on d\u00e9cide de mettre en place une taxe carbone de quelques centimes sur le carburant. Et c\u2019est la r\u00e9volte des gilets jaunes.&nbsp;<\/p>\n\n\n\n<p>Mais pas de probl\u00e8me, on organise une petite convention citoyenne du climat ; en se disant que les d\u00e9bats seront \u00ab&nbsp;sans filtre&nbsp;\u00bb. R\u00e9sultat, les recommandations sont finalement vid\u00e9es de leur substance ou r\u00e9duites \u00e0 leur plus simple expression.<\/p>\n\n\n\n<h3 class=\"wp-block-heading\">La folie c\u2019est faire toujours la m\u00eame chose\u2026<\/h3>\n\n\n\n<p>Il y a une citation attribu\u00e9e \u00e0 Einstein que j\u2019aime bien&nbsp;:<\/p>\n\n\n\n<blockquote class=\"wp-block-quote quote-light is-layout-flow wp-block-quote quote-light-is-layout-flow\">\n<p>La folie c\u2019est faire toujours la m\u00eame chose et s\u2019attendre \u00e0 un r\u00e9sultat diff\u00e9rent<\/p>\n<\/blockquote>\n\n\n\n<p>Si au niveau international, les COP ne fonctionnent pas, si au niveau europ\u00e9en, \u00e7a ne fonctionne pas, si au niveau national, d\u00e8s qu\u2019on fait quelque chose d\u2019un peu puissant, \u00e7a ne fonctionne pas non plus, que nous reste-t-il ? <strong>Le niveau local<\/strong>.<\/p>\n\n\n\n<p>C\u2019est la th\u00e8se et l\u2019angle de mon livre. Il faut changer le centre de gravit\u00e9 et sortir des tours d\u2019ivoire.&nbsp;<\/p>\n\n\n\n<p>Les instances nationales et supranationales d\u00e9versent des r\u00e9glementations et des plans d\u2019adaptation sur leurs administr\u00e9s de mani\u00e8re descendante. Et les citoyens se demandent \u00ab&nbsp;pourquoi&nbsp;?&nbsp;\u00bb <\/p>\n\n\n\n<p>On vient heurter des biais cognitifs, le biais pour le pr\u00e9sent, le biais d\u2019int\u00e9r\u00eat, le biais d\u2019aversion pour le risque, le biais de statu quo.&nbsp;Le r\u00e9sultat, c\u2019est une r\u00e9sistance qui s\u2019instaure.<\/p>\n\n\n\n<p>Il faut donc agir au niveau local et travailler en dynamique d\u2019intelligence collective. Il faut co-construire, au niveau local, la fa\u00e7on dont on va vivre ensemble dans les prochaines ann\u00e9es.<\/p>\n\n\n\n<h3 class=\"wp-block-heading\">Qu\u2019entend-on par \u00ab&nbsp;niveau local&nbsp;\u00bb&nbsp;?<\/h3>\n\n\n\n<p>Il est une loi bien connue des journalistes, la loi du mort-kilom\u00e8tre.&nbsp;<\/p>\n\n\n\n<p>Vaut-il mieux parler de 10&nbsp;000&nbsp;morts \u00e0 10&nbsp;000&nbsp;km ou d\u2019un mort \u00e0 1&nbsp;km&nbsp;? Les journalistes sont form\u00e9s \u00e0 parler du mort \u00e0 1&nbsp;km, car cela parle plus \u00e0 leurs audiences.&nbsp;<\/p>\n\n\n\n<p>Ainsi, quand on explique que la taxe carbone consiste \u00e0 augmenter les prix de 4&nbsp;centimes pour sauver la plan\u00e8te en 2100, \u00e7a ne parle \u00e0 personne.<\/p>\n\n\n\n<p>Par contre, si l\u2019on me dit que je peux co-construire un futur d\u00e9sirable, de nouveaux modes de vie, de consommation, proche de chez moi, dans pas longtemps, je commence \u00e0 percevoir les b\u00e9n\u00e9fices potentiels de l\u2019action. Surtout si cette co-construction s\u2019envisage avec des gens qui me ressemblent, qui sont proches de moi, \u00e0 qui je peux m\u2019identifier.<\/p>\n\n\n\n<p>L\u2019\u00e9chelle locale peut \u00eatre une ville, une communaut\u00e9 de communes, un bassin de vie\u2026 Une ville, que je nomme<strong> franche<\/strong>, qui a une certaine autonomie et un \u00e9cosyst\u00e8me propre.<\/p>\n\n\n<div class=\"wp-block-image\">\n<figure class=\"aligncenter size-large\"><img decoding=\"async\" width=\"1024\" height=\"768\" src=\"https:\/\/visionarymarketing.com\/wp-content\/uploads\/2025\/05\/artboard-13x-1024x768.jpg\" alt=\"Intelligence collective : pour un futur d\u00e9sirable\" class=\"wp-image-83880\" srcset=\"https:\/\/visionarymarketing.com\/wp-content\/uploads\/2025\/05\/artboard-13x-1024x768.jpg 1024w, https:\/\/visionarymarketing.com\/wp-content\/uploads\/2025\/05\/artboard-13x-400x300.jpg 400w, https:\/\/visionarymarketing.com\/wp-content\/uploads\/2025\/05\/artboard-13x-768x576.jpg 768w, https:\/\/visionarymarketing.com\/wp-content\/uploads\/2025\/05\/artboard-13x-1536x1152.jpg 1536w, https:\/\/visionarymarketing.com\/wp-content\/uploads\/2025\/05\/artboard-13x.jpg 1920w\" sizes=\"(max-width: 1024px) 100vw, 1024px\" \/><figcaption class=\"wp-element-caption\">La courbe de Rogers &#8211; image cc bas\u00e9e sur Rogers, E. (1962) Diffusion of innovations. Free Press, London, NY, USA., <a href=\"https:\/\/commons.wikimedia.org\/w\/index.php?curid=18525407\" target=\"_blank\" rel=\"noreferrer noopener\">Public Domain<\/a><\/figcaption><\/figure>\n<\/div>\n\n\n<h3 class=\"wp-block-heading\">Comment d\u00e9finir l\u2019innovation dans ce contexte&nbsp;?<\/h3>\n\n\n\n<p>Je distingue deux types de projets.<\/p>\n\n\n\n<ul class=\"wp-block-list\">\n<li>D\u2019abord les projets de statu quo. On y parle en termes de r\u00e9duction, la r\u00e9duction des gaz \u00e0 effet de serre, par exemple. On y parle de restauration, de pr\u00e9servation. \u00ab&nbsp;Il faut reboiser&nbsp;\u00bb, par exemple. C\u2019est une bonne chose, car cela est cens\u00e9 ralentir la catastrophe climatique. Mais pour moi, c\u2019est se tromper d\u2019objectif. Ces projets de restauration, de limitation, de r\u00e9duction sont importants, mais il faut maintenant en faire notre deuil. Les changements que nous vivons sont immuables.&nbsp;<\/li>\n\n\n\n<li>Il faut donc aller au contraire sur des projets d\u2019adaptation. Et l\u2019adaptation, pour moi, cela ne consiste pas \u00e0 faire une digue ni \u00e0 reboiser. \u00c7a, c\u2019est du statu quo, c\u2019est d\u2019essayer de rester le plus proche possible de nos modes de vie actuels. Quand je parle d\u2019adaptation, je parle de r\u00e9silience. Ces ph\u00e9nom\u00e8nes climatiques, d\u2019inondations, de feux de for\u00eat, de p\u00e9nuries alimentaires\u2026 tout cela est in\u00e9vitable. Il nous faudra nous adapter, r\u00e9inventer, innover dans nos fa\u00e7ons de consommer, de nous d\u00e9placer, de construire, etc.<\/li>\n<\/ul>\n\n\n\n<h3 class=\"wp-block-heading\">L\u2019adaptation c\u2019est la r\u00e9silience, et pour cela il nous faudra innover.&nbsp;<\/h3>\n\n\n\n<p>Pour moi, un projet d\u2019adaptation, c\u2019est un projet dans lequel il faut innover, inventer. On pourrait parler de \u00ab&nbsp;pragmatopie&nbsp;\u00bb. Il nous faudra \u00eatre \u00e0 la fois pragmatiques et utopiques.<\/p>\n\n\n\n<p>Qui parle innovation, parle \u00e9galement de courbe de l\u2019adoption de l\u2019innovation de Rogers. Avec les adopteurs et les suiveurs pr\u00e9coces, les suiveurs tardifs, etc.&nbsp;<\/p>\n\n\n\n<p>Quand le chemin de fer est arriv\u00e9, certaines villes n\u2019ont pas voulu du chemin de fer parce que \u00e7a allait faire du bruit et de la fum\u00e9e.<\/p>\n\n\n<div class=\"wp-block-image\">\n<figure class=\"aligncenter size-large\"><img decoding=\"async\" width=\"1024\" height=\"684\" src=\"https:\/\/visionarymarketing.com\/wp-content\/uploads\/2025\/05\/15143375824-534ca0c8a9-o-1024x684.jpg\" alt=\"Intelligence collective : pour un futur d\u00e9sirable\" class=\"wp-image-83878\" srcset=\"https:\/\/visionarymarketing.com\/wp-content\/uploads\/2025\/05\/15143375824-534ca0c8a9-o-1024x684.jpg 1024w, https:\/\/visionarymarketing.com\/wp-content\/uploads\/2025\/05\/15143375824-534ca0c8a9-o-449x300.jpg 449w, https:\/\/visionarymarketing.com\/wp-content\/uploads\/2025\/05\/15143375824-534ca0c8a9-o-768x513.jpg 768w, https:\/\/visionarymarketing.com\/wp-content\/uploads\/2025\/05\/15143375824-534ca0c8a9-o.jpg 1498w\" sizes=\"(max-width: 1024px) 100vw, 1024px\" \/><figcaption class=\"wp-element-caption\">Si la belle ville de Senlis est encombr\u00e9e de voitures, c&rsquo;est que la b\u00eatise collective s&rsquo;est ligu\u00e9e contre le chemin de fer au 19e si\u00e8cle. <\/figcaption><\/figure>\n<\/div>\n\n\n<p>Donc l\u2019id\u00e9e, c\u2019est de commencer par des villes, les \u00e9lus et les citoyens qui sont les adopteurs pr\u00e9coces et qui sont pr\u00eats \u00e0 se muer <strong>en laboratoire d\u2019innovation publique<\/strong>. Et ces villes, ces \u00e9lus et ces citoyens auront une grande autonomie \u00e9cologique et vont inventer de nouvelles fa\u00e7ons de se nourrir, de se d\u00e9placer, de construire. \u00c9videmment, certaines choses ne fonctionneront pas, il y aura des \u00e9checs et des rat\u00e9s.<\/p>\n\n\n\n<h3 class=\"wp-block-heading\">Intelligence collective : changer le centre de gravit\u00e9 de la transition \u00e9cologique<\/h3>\n\n\n\n<p>Ce que je souhaiterais, c\u2019est qu\u2019on change le centre de gravit\u00e9 qui est aujourd\u2019hui encore national ou europ\u00e9en ou international. Ceux-l\u00e0 sont dans leur tour d\u2019ivoire et balancent des \u00ab&nbsp;il faut faire ci, il faut faire \u00e7a&nbsp;\u00bb. Ils pratiquent ce que d\u2019aucuns nomment l\u2019\u00e9cologie punitive. Il faut donc changer le centre de gravit\u00e9 et se dire que le leader de la transition \u00e9cologique, c\u2019est le niveau local. Et les niveaux national et international doivent se mettre au service du local.<\/p>\n\n\n\n<p>Ensuite, il faudra regarder les innovations qui ont fonctionn\u00e9 et essayer de les d\u00e9ployer dans les villes, les communaut\u00e9s ou les territoires qui n\u2019ont pas voulu \u00eatre \u00e0 la pointe de l\u2019exp\u00e9rimentation. D\u00e8s lors, on pourra \u00eatre plus directif. On montrera comment les pionniers ont r\u00e9duit leur consommation de viande ; et comment ils ont optimis\u00e9 et r\u00e9duit leur bilan carbone. Nous montrerons que ces pionniers-l\u00e0 vivent autrement et qu\u2019ils vivent mieux. Ensuite, on pourra imposer cette solution au niveau national et international.<\/p>\n\n\n\n<p>La transition \u00e9cologique sera locale ou elle ne sera pas.<\/p>\n\n\n\n<h3 class=\"wp-block-heading\">Existe-t-il d\u00e9j\u00e0 des exemples de ce que tu proposes&nbsp;?<\/h3>\n\n\n\n<p>Oui, il y a \u00ab&nbsp;<a href=\"https:\/\/fab.city\">Fab City<\/a>&nbsp;\u00bb, un r\u00e9seau de villes au niveau international, qui pr\u00e9voit pour 2054 d\u2019\u00eatre compl\u00e8tement autonomes. Elles souhaiteraient, \u00e0 horizon&nbsp;2054, \u00eatre capables de produire tout ce dont ils ont besoin pour vivre avec des imprimantes 3D. C\u2019est Barcelone qui est \u00e0 l\u2019initiative de ce projet.&nbsp;<\/p>\n\n\n\n<p>C\u2019est exactement dans l\u2019esprit de ce que je propose. J\u2019appelle cela des villes franches. Parce que je voudrais qu\u2019on leur donne \u00e0 peu pr\u00e8s la m\u00eame autonomie que celle qu\u2019on donne \u00e0 une province au Canada, \u00e0 un land en Allemagne ou \u00e0 un canton en Suisse.<\/p>\n\n\n\n<p>C\u2019est que la fondation \u00ab&nbsp;Fab City&nbsp;\u00bb&nbsp;est en train de faire. Mais elles sont broy\u00e9es, \u00e9cras\u00e9es par des r\u00e9glementations internationales, europ\u00e9ennes et nationales. Et ainsi, elles sont brid\u00e9es dans leur capacit\u00e9 \u00e0 innover. C\u2019est comme si on nous disait \u00ab&nbsp;tu peux innover, mais voici toutes les barri\u00e8res, tous les freins que tu as et qui te brident.&nbsp;\u00bb<\/p>\n\n\n\n<p>Je voudrais simplement lib\u00e9rer le potentiel de ces communaut\u00e9s, de ces territoires, pour pouvoir acc\u00e9l\u00e9rer les choses.<\/p>\n\n\n<div class=\"wp-block-image\">\n<figure class=\"aligncenter size-large\"><a href=\"https:\/\/www.amazon.fr\/Lintelligence-collective-pour-sauver-plan\u00e8te\/dp\/B0DGXMPN92\/ref=sr_1_3?dib=eyJ2IjoiMSJ9.AWJN-ghd8x63AMhOtj_C5v7p6QP5Bwr0q2kogXU_iCbmwnFF_9kDJ8aLaCQ2mWHen0ABs42XZaG08BpSbXVVH1xRj5bBzWgSbDXs5BtVgznqEWpDXhpYTuP6THkE0S4oPZ4dmvm8kMhtLfUjw7N-YuTdzfin6kVComzPtj5rJKjdNqdQDEbN_BrAS0It8WWv4hm_MmchjFINNsVa49K_2vP1naXFIKWtpwXpdncEqKI.kG-Un_g6BvOKs-jYR7Uw794greckNWt-Mlxt24gW9As&amp;dib_tag=se&amp;keywords=olivier+zara&amp;qid=1748069721&amp;sr=8-3\" target=\"_blank\" rel=\" noreferrer noopener\"><img decoding=\"async\" width=\"1024\" height=\"576\" src=\"https:\/\/visionarymarketing.com\/wp-content\/uploads\/2025\/05\/710ohfkj1xl-sl1430-1024x576.jpg\" alt=\"\" class=\"wp-image-83888\" srcset=\"https:\/\/visionarymarketing.com\/wp-content\/uploads\/2025\/05\/710ohfkj1xl-sl1430-1024x576.jpg 1024w, https:\/\/visionarymarketing.com\/wp-content\/uploads\/2025\/05\/710ohfkj1xl-sl1430-500x281.jpg 500w, https:\/\/visionarymarketing.com\/wp-content\/uploads\/2025\/05\/710ohfkj1xl-sl1430-768x432.jpg 768w, https:\/\/visionarymarketing.com\/wp-content\/uploads\/2025\/05\/710ohfkj1xl-sl1430-1536x864.jpg 1536w, https:\/\/visionarymarketing.com\/wp-content\/uploads\/2025\/05\/710ohfkj1xl-sl1430-390x220.jpg 390w, https:\/\/visionarymarketing.com\/wp-content\/uploads\/2025\/05\/710ohfkj1xl-sl1430.jpg 1919w\" sizes=\"(max-width: 1024px) 100vw, 1024px\" \/><\/a><\/figure>\n<\/div>\n\n\n<h3 class=\"wp-block-heading\">Penses-tu que la technologie va nous sauver&nbsp;?<\/h3>\n\n\n\n<p>En fait, je n\u2019en sais rien. Tant mieux si \u00e7a arrive. Je le souhaite sinc\u00e8rement, je ne suis pas un technophobe, mais je ne ferai pas ce pari.&nbsp;<\/p>\n\n\n\n<p>Alors que tout le monde cherche des technologies salvatrices, pourquoi pas. Mais cela ne peut pas \u00eatre le plan A, c\u2019est juste un plan B.<\/p>\n\n\n\n<p>Le plan A, c\u2019est sur ces territoires autonomes, comment on peut transformer quelques territoires en laboratoire d\u2019innovation publique, pour qu\u2019ils co-construisent, qu\u2019ils inventent. C\u2019est ce que j\u2019appelais la \u00ab&nbsp;<a href=\"https:\/\/www.researchgate.net\/publication\/367641785_Utopie_pragmatopie_et_heterotopie_A_propos_de_quelques_limites_politiques_des_experimentations_de_transition_ecologiqueUtopia_Pragmatopia_and_Heterotopia_Political_Limitations_on_Attempts_at_an_Ecolog\">pragmatopie<\/a>&nbsp;\u00bb, ce terme n\u2019est pas de mon invention.&nbsp;<\/p>\n\n\n\n<h3 class=\"wp-block-heading\">Qui doit prendre l\u2019initiative de cr\u00e9er ces villes franches&nbsp;?<\/h3>\n\n\n\n<p>Au d\u00e9marrage, quand m\u00eame, il faut une initiative politique. \u00c9videmment, dans un \u00e9tat tr\u00e8s centralis\u00e9, comme en France, ce concept de ville franche avec une autonomie \u00e9cologique est moins \u00e9vident.&nbsp;<\/p>\n\n\n\n<p>Avec une perspective mondiale par contre, c\u2019est plus logique. Si on propose cette id\u00e9e au Qu\u00e9bec, en Scandinavie ou en Allemagne, o\u00f9 il y a d\u00e9j\u00e0 trois villes qui sont des l\u00e4nder (Berlin, Br\u00eame et Hambourg qui y sont nomm\u00e9s des <a href=\"https:\/\/fr.wikipedia.org\/wiki\/Land_(Allemagne)\">Stadtstaaten<\/a>), on risque d\u2019avoir une plus grande r\u00e9ceptivit\u00e9.&nbsp;<\/p>\n\n\n\n<p>L\u2019impulsion politique au d\u00e9marrage est n\u00e9cessaire pour donner le cadre en fait d\u2019autonomie.&nbsp;<\/p>\n\n\n\n<h3 class=\"wp-block-heading\"><strong>Une <\/strong>transition<strong> obligatoirement d\u00e9mocratique&nbsp;<\/strong><\/h3>\n\n\n\n<p>Et ensuite de \u00e7a, tout \u00e0 l\u2019heure, je disais que la transition \u00e9cologique serait locale ou ne serait pas. Mais la transition \u00e9cologique sera \u00e9galement d\u00e9mocratique ou elle ne le sera pas.&nbsp;<\/p>\n\n\n\n<p>De ce fait, \u00e0 un moment donn\u00e9, il faudra passer par des r\u00e9f\u00e9rendums. Un peu \u00e0 l\u2019image de ce qu\u2019on fait avec les \u00ab&nbsp;votations&nbsp;\u00bb en Suisse. Sur des choix de soci\u00e9t\u00e9 comme la consommation de viande, sur les mobilit\u00e9s, sur les logements, on ne peut pas imposer cela par la force, le changement doit se mener d\u00e9mocratiquement.<\/p>\n\n\n\n<p>Et ceux qui sont contre les innovations pourront toujours aller habiter ailleurs.<\/p>\n\n\n\n<h3 class=\"wp-block-heading\">Pourquoi sommes-nous bloqu\u00e9s dans l\u2019inaction climatique&nbsp;?<\/h3>\n\n\n\n<p>Il est vrai qu\u2019aujourd\u2019hui, l\u2019impulsion politique va dans le mauvais sens. Il y a bien des causes \u00e0 cela que j\u2019explique dans le livre. J\u2019en donne neuf, il y en a peut-\u00eatre davantage.<\/p>\n\n\n\n<p><strong>Une de ces causes, c\u2019est la recherche du consensus<\/strong>. <a href=\"https:\/\/www.toupie.org\/Citations\/Climat.htm\">Jean-Claude Juncker disait<\/a>&nbsp;: \u00ab&nbsp;Les responsables politiques savent tr\u00e8s bien ce qu\u2019il faut faire pour lutter contre le r\u00e9chauffement climatique, mais ils ne savent pas comment \u00eatre r\u00e9\u00e9lus s\u2019ils le font&nbsp;\u00bb.<\/p>\n\n\n\n<p>Donc, Trump arrive au pouvoir en 2017, et il sort brutalement des accords de Paris. Biden revient et valide \u00e0 nouveau les accords de Paris, puis Trump revient en 2025 et sort \u00e0 nouveau des accords de Paris. On parle quand m\u00eame du pays qui pollue le plus dans le monde.<\/p>\n\n\n\n<p>C\u2019est pour cela que je pense qu\u2019il est plus pragmatique et plus r\u00e9aliste de donner une autonomie aux villes.<\/p>\n\n\n\n<h3 class=\"wp-block-heading\">Intelligence collective : encore des raisons d\u2019esp\u00e9rer ?<\/h3>\n\n\n\n<p>Absolument, sinon, je n\u2019aurais pas pris le temps d\u2019\u00e9crire ce livre, m\u00eame si souvent, on fait tout l\u2019inverse de ce qui doit \u00eatre fait.<\/p>\n\n\n\n<p>Le message d\u2019espoir, c\u2019est qu\u2019il suffit de peu pour donner de l\u2019autonomie \u00e9cologique \u00e0 des villes. Co-construire, hybrider des solutions qui se situent entre utopie et pragmatique, \u00e0 faire voter par la population en mode r\u00e9f\u00e9rendaire. Avec ces solutions qui \u00e9mergeront, on pourra refondre enti\u00e8rement les processus d\u00e9cisionnels pour les amener au niveau local. Et non plus international ni m\u00eame national.<\/p>\n\n\n\n<p>Nous avons donc vraiment des raisons d\u2019esp\u00e9rer que, dans les 50&nbsp;prochaines ann\u00e9es, on fasse tout l\u2019inverse de ce qu\u2019on a fait dans les 50&nbsp;derni\u00e8res.<\/p>\n\n\n\n<figure class=\"wp-block-embed is-type-video is-provider-youtube wp-block-embed-youtube wp-embed-aspect-16-9 wp-has-aspect-ratio\"><div class=\"wp-block-embed__wrapper\">\n<iframe title=\"[Fr]\u00a0L&#039;intelligence collective pour sauver la plan\u00e8te avec Olivier Zara\" width=\"500\" height=\"281\" src=\"https:\/\/www.youtube.com\/embed\/H0_9QmCr0fM?feature=oembed\" frameborder=\"0\" allow=\"accelerometer; autoplay; clipboard-write; encrypted-media; gyroscope; picture-in-picture; web-share\" referrerpolicy=\"strict-origin-when-cross-origin\" allowfullscreen><\/iframe>\n<\/div><figcaption class=\"wp-element-caption\">L&rsquo;intelligence collective pour sauver la plan\u00e8te : vid\u00e9o de l&rsquo;interview d&rsquo;Olivier Zara dans les studios de Visionary Marketing en ce d\u00e9but 2025<\/figcaption><\/figure>\n\n\n\n<div class=\"wp-block-buttons is-content-justification-center is-layout-flex wp-container-core-buttons-is-layout-16018d1d wp-block-buttons-is-layout-flex\">\n<div class=\"wp-block-button\"><a class=\"wp-block-button__link has-black-color has-luminous-vivid-amber-background-color has-text-color has-background has-link-color wp-element-button\" href=\"https:\/\/www.amazon.fr\/Lintelligence-collective-pour-sauver-plan\u00e8te\/dp\/B0DGXMPN92\/ref=sr_1_3?dib=eyJ2IjoiMSJ9.AWJN-ghd8x63AMhOtj_C5v7p6QP5Bwr0q2kogXU_iCbmwnFF_9kDJ8aLaCQ2mWHen0ABs42XZaG08BpSbXVVH1xRj5bBzWgSbDXs5BtVgznqEWpDXhpYTuP6THkE0S4oPZ4dmvm8kMhtLfUjw7N-YuTdzfin6kVComzPtj5rJKjdNqdQDEbN_BrAS0It8WWv4hm_MmchjFINNsVa49K_2vP1naXFIKWtpwXpdncEqKI.kG-Un_g6BvOKs-jYR7Uw794greckNWt-Mlxt24gW9As&amp;dib_tag=se&amp;keywords=olivier+zara&amp;qid=1748069721&amp;sr=8-3\" target=\"_blank\" rel=\"noreferrer noopener\">j&rsquo;ach\u00e8te le livre d&rsquo;Olivier Zara<\/a><\/div>\n<\/div>\n\n\n\n<p><\/p>\n<div itemscope itemtype=\"http:\/\/schema.org\/AudioObject\"><meta itemprop=\"name\" content=\"L&amp;rsquo;intelligence collective pour un futur d\u00e9sirable\" \/><meta itemprop=\"uploadDate\" content=\"2025-05-26T07:03:24+02:00\" \/><meta itemprop=\"encodingFormat\" content=\"audio\/mpeg\" \/><meta itemprop=\"duration\" content=\"PT18M45S\" \/><meta itemprop=\"description\" content=\"\nJ\u2019ai re\u00e7u Olivier Zara il y a quelques semaines pour parler de son dernier ouvrage intitul\u00e9 l\u2019intelligence collective pour sauver la plan\u00e8te. Mais face \u00e0 l\u2019accumulation de messages anxiog\u00e8nes d\u2019une part, et la multiplication des attitudes et comport...\" \/><meta itemprop=\"contentUrl\" content=\"https:\/\/media.blubrry.com\/visionarymarketing_les\/agence.visionarymarketing.com\/files\/podcasts\/2025-05-26-O-Zara-intelligence-collective.mp3\" \/><meta itemprop=\"contentSize\" content=\"12.8\" \/><div class=\"powerpress_player\" id=\"powerpress_player_1380\"><audio class=\"wp-audio-shortcode\" id=\"audio-83858-1\" preload=\"none\" style=\"width: 100%;\" controls=\"controls\"><source type=\"audio\/mpeg\" src=\"https:\/\/media.blubrry.com\/visionarymarketing_les\/agence.visionarymarketing.com\/files\/podcasts\/2025-05-26-O-Zara-intelligence-collective.mp3?_=1\" \/><a href=\"https:\/\/media.blubrry.com\/visionarymarketing_les\/agence.visionarymarketing.com\/files\/podcasts\/2025-05-26-O-Zara-intelligence-collective.mp3\">https:\/\/media.blubrry.com\/visionarymarketing_les\/agence.visionarymarketing.com\/files\/podcasts\/2025-05-26-O-Zara-intelligence-collective.mp3<\/a><\/audio><\/div><\/div><p class=\"powerpress_links powerpress_links_mp3\" style=\"margin-bottom: 1px !important;\">Podcast: <a href=\"https:\/\/media.blubrry.com\/visionarymarketing_les\/agence.visionarymarketing.com\/files\/podcasts\/2025-05-26-O-Zara-intelligence-collective.mp3\" class=\"powerpress_link_pinw\" target=\"_blank\" title=\"Play in new window\" onclick=\"return powerpress_pinw('https:\/\/visionarymarketing.com\/fr\/\/?powerpress_pinw=83858-podcast');\" rel=\"nofollow\">Play in new window<\/a> | <a href=\"https:\/\/media.blubrry.com\/visionarymarketing_les\/agence.visionarymarketing.com\/files\/podcasts\/2025-05-26-O-Zara-intelligence-collective.mp3\" class=\"powerpress_link_d\" title=\"Download\" rel=\"nofollow\" download=\"2025-05-26-O-Zara-intelligence-collective.mp3\">Download<\/a> (Duration: 18:45 &#8212; 12.8MB)<\/p><p class=\"powerpress_links powerpress_subscribe_links\">Subscribe: <a href=\"https:\/\/itunes.apple.com\/us\/podcast\/visionarymarketing-les-interviews\/id731295319?mt=2&amp;ls=1#episodeGuid=https%3A%2F%2Fvisionarymarketing.com%2F%3Fp%3D83858\" class=\"powerpress_link_subscribe powerpress_link_subscribe_itunes\" target=\"_blank\" title=\"Subscribe on Apple Podcasts\" rel=\"nofollow\">Apple Podcasts<\/a> | <a href=\"https:\/\/open.spotify.com\/show\/52VnZ1mhVSnDs4tQOx7Vuc\" class=\"powerpress_link_subscribe powerpress_link_subscribe_spotify\" target=\"_blank\" title=\"Subscribe on Spotify\" rel=\"nofollow\">Spotify<\/a> | <a href=\"https:\/\/subscribeonandroid.com\/visionarymarketing.com\/fr\/feed\/podcast\/\" class=\"powerpress_link_subscribe powerpress_link_subscribe_android\" target=\"_blank\" title=\"Subscribe on Android\" rel=\"nofollow\">Android<\/a> | <a href=\"https:\/\/visionarymarketing.com\/fr\/feed\/podcast\/\" class=\"powerpress_link_subscribe powerpress_link_subscribe_rss\" target=\"_blank\" title=\"Subscribe via RSS\" rel=\"nofollow\">RSS<\/a><\/p>","protected":false},"excerpt":{"rendered":"<p>J\u2019ai re\u00e7u Olivier Zara il y a quelques semaines pour parler de son dernier ouvrage intitul\u00e9 l\u2019intelligence collective pour sauver la plan\u00e8te. Mais face \u00e0 l\u2019accumulation de messages anxiog\u00e8nes d\u2019une part, et la multiplication des attitudes et comportements anti\u00e9cologistes d\u2019autre part, peut-on encore esp\u00e9rer que nous sortions des blabla politiques pour entrer v\u00e9ritablement dans l\u2019action&nbsp;? &hellip;<\/p>\n","protected":false},"author":2,"featured_media":83872,"comment_status":"open","ping_status":"open","sticky":false,"template":"","format":"standard","meta":{"footnotes":""},"categories":[4062,134],"tags":[],"class_list":["post-83858","post","type-post","status-publish","format-standard","has-post-thumbnail","hentry","category-a-la-une","category-economie"],"yoast_head":"<!-- This site is optimized with the Yoast SEO plugin v27.4 - https:\/\/yoast.com\/product\/yoast-seo-wordpress\/ -->\n<title>Intelligence collective : pour un futur d\u00e9sirable<\/title>\n<meta name=\"description\" content=\"J\u2019ai re\u00e7u Olivier Zara dans les bureaux de Visionary Marketing pour parler de son ouvrage l\u2019intelligence collective pour sauver la plan\u00e8te.\" \/>\n<meta name=\"robots\" content=\"index, follow, max-snippet:-1, max-image-preview:large, max-video-preview:-1\" \/>\n<link rel=\"canonical\" href=\"https:\/\/visionarymarketing.com\/fr\/2025\/05\/26\/intelligence-collective-pour-un-futur-desirable\/\" \/>\n<meta property=\"og:locale\" content=\"fr_FR\" \/>\n<meta property=\"og:type\" content=\"article\" \/>\n<meta property=\"og:title\" content=\"Intelligence collective : pour un futur d\u00e9sirable\" \/>\n<meta property=\"og:description\" content=\"J\u2019ai re\u00e7u Olivier Zara dans les bureaux de Visionary Marketing pour parler de son ouvrage l\u2019intelligence collective pour sauver la plan\u00e8te.\" \/>\n<meta property=\"og:url\" content=\"https:\/\/visionarymarketing.com\/fr\/2025\/05\/26\/intelligence-collective-pour-un-futur-desirable\/\" \/>\n<meta property=\"og:site_name\" content=\"Marketing and Innovation\" \/>\n<meta property=\"article:publisher\" content=\"https:\/\/www.facebook.com\/vismktg\" \/>\n<meta property=\"article:author\" content=\"http:\/\/facebook.com\/ygourven\" \/>\n<meta property=\"article:published_time\" content=\"2025-05-26T05:03:24+00:00\" \/>\n<meta property=\"article:modified_time\" content=\"2025-05-27T05:46:39+00:00\" \/>\n<meta property=\"og:image\" content=\"https:\/\/visionarymarketing.com\/wp-content\/uploads\/2025\/05\/ygourven-people-of-earth-thinking-in-groups-and-helping-eachoth-4e4f2cee-1735-4017-b802-e31fc4008132.jpg\" \/>\n\t<meta property=\"og:image:width\" content=\"1920\" \/>\n\t<meta property=\"og:image:height\" content=\"1076\" \/>\n\t<meta property=\"og:image:type\" content=\"image\/jpeg\" \/>\n<meta name=\"author\" content=\"Yann Gourvennec\" \/>\n<meta name=\"twitter:card\" content=\"summary_large_image\" \/>\n<meta name=\"twitter:creator\" content=\"@ygourven\" \/>\n<meta name=\"twitter:site\" content=\"@ygourven\" \/>\n<meta name=\"twitter:label1\" content=\"\u00c9crit par\" \/>\n\t<meta name=\"twitter:data1\" content=\"Yann Gourvennec\" \/>\n\t<meta name=\"twitter:label2\" content=\"Dur\u00e9e de lecture estim\u00e9e\" \/>\n\t<meta name=\"twitter:data2\" content=\"12 minutes\" \/>\n<script type=\"application\/ld+json\" class=\"yoast-schema-graph\">{\"@context\":\"https:\\\/\\\/schema.org\",\"@graph\":[{\"@type\":\"NewsArticle\",\"@id\":\"https:\\\/\\\/visionarymarketing.com\\\/fr\\\/2025\\\/05\\\/26\\\/intelligence-collective-pour-un-futur-desirable\\\/#article\",\"isPartOf\":{\"@id\":\"https:\\\/\\\/visionarymarketing.com\\\/fr\\\/2025\\\/05\\\/26\\\/intelligence-collective-pour-un-futur-desirable\\\/\"},\"author\":{\"name\":\"Yann Gourvennec\",\"@id\":\"https:\\\/\\\/visionarymarketing.com\\\/fr\\\/#\\\/schema\\\/person\\\/3754fee1e558f47b8deb46f53c37423e\"},\"headline\":\"L&rsquo;intelligence collective pour un futur d\u00e9sirable\",\"datePublished\":\"2025-05-26T05:03:24+00:00\",\"dateModified\":\"2025-05-27T05:46:39+00:00\",\"mainEntityOfPage\":{\"@id\":\"https:\\\/\\\/visionarymarketing.com\\\/fr\\\/2025\\\/05\\\/26\\\/intelligence-collective-pour-un-futur-desirable\\\/\"},\"wordCount\":2792,\"commentCount\":1,\"image\":{\"@id\":\"https:\\\/\\\/visionarymarketing.com\\\/fr\\\/2025\\\/05\\\/26\\\/intelligence-collective-pour-un-futur-desirable\\\/#primaryimage\"},\"thumbnailUrl\":\"https:\\\/\\\/visionarymarketing.com\\\/wp-content\\\/uploads\\\/2025\\\/05\\\/ygourven-people-of-earth-thinking-in-groups-and-helping-eachoth-4e4f2cee-1735-4017-b802-e31fc4008132.jpg\",\"articleSection\":[\"A la une\",\"\u00e9conomie et num\u00e9rique\"],\"inLanguage\":\"fr-FR\",\"potentialAction\":[{\"@type\":\"CommentAction\",\"name\":\"Comment\",\"target\":[\"https:\\\/\\\/visionarymarketing.com\\\/fr\\\/2025\\\/05\\\/26\\\/intelligence-collective-pour-un-futur-desirable\\\/#respond\"]}]},{\"@type\":\"WebPage\",\"@id\":\"https:\\\/\\\/visionarymarketing.com\\\/fr\\\/2025\\\/05\\\/26\\\/intelligence-collective-pour-un-futur-desirable\\\/\",\"url\":\"https:\\\/\\\/visionarymarketing.com\\\/fr\\\/2025\\\/05\\\/26\\\/intelligence-collective-pour-un-futur-desirable\\\/\",\"name\":\"Intelligence collective : pour un futur d\u00e9sirable\",\"isPartOf\":{\"@id\":\"https:\\\/\\\/visionarymarketing.com\\\/fr\\\/#website\"},\"primaryImageOfPage\":{\"@id\":\"https:\\\/\\\/visionarymarketing.com\\\/fr\\\/2025\\\/05\\\/26\\\/intelligence-collective-pour-un-futur-desirable\\\/#primaryimage\"},\"image\":{\"@id\":\"https:\\\/\\\/visionarymarketing.com\\\/fr\\\/2025\\\/05\\\/26\\\/intelligence-collective-pour-un-futur-desirable\\\/#primaryimage\"},\"thumbnailUrl\":\"https:\\\/\\\/visionarymarketing.com\\\/wp-content\\\/uploads\\\/2025\\\/05\\\/ygourven-people-of-earth-thinking-in-groups-and-helping-eachoth-4e4f2cee-1735-4017-b802-e31fc4008132.jpg\",\"datePublished\":\"2025-05-26T05:03:24+00:00\",\"dateModified\":\"2025-05-27T05:46:39+00:00\",\"author\":{\"@id\":\"https:\\\/\\\/visionarymarketing.com\\\/fr\\\/#\\\/schema\\\/person\\\/3754fee1e558f47b8deb46f53c37423e\"},\"description\":\"J\u2019ai re\u00e7u Olivier Zara dans les bureaux de Visionary Marketing pour parler de son ouvrage l\u2019intelligence collective pour sauver la plan\u00e8te.\",\"breadcrumb\":{\"@id\":\"https:\\\/\\\/visionarymarketing.com\\\/fr\\\/2025\\\/05\\\/26\\\/intelligence-collective-pour-un-futur-desirable\\\/#breadcrumb\"},\"inLanguage\":\"fr-FR\",\"potentialAction\":[{\"@type\":\"ReadAction\",\"target\":[\"https:\\\/\\\/visionarymarketing.com\\\/fr\\\/2025\\\/05\\\/26\\\/intelligence-collective-pour-un-futur-desirable\\\/\"]}]},{\"@type\":\"ImageObject\",\"inLanguage\":\"fr-FR\",\"@id\":\"https:\\\/\\\/visionarymarketing.com\\\/fr\\\/2025\\\/05\\\/26\\\/intelligence-collective-pour-un-futur-desirable\\\/#primaryimage\",\"url\":\"https:\\\/\\\/visionarymarketing.com\\\/wp-content\\\/uploads\\\/2025\\\/05\\\/ygourven-people-of-earth-thinking-in-groups-and-helping-eachoth-4e4f2cee-1735-4017-b802-e31fc4008132.jpg\",\"contentUrl\":\"https:\\\/\\\/visionarymarketing.com\\\/wp-content\\\/uploads\\\/2025\\\/05\\\/ygourven-people-of-earth-thinking-in-groups-and-helping-eachoth-4e4f2cee-1735-4017-b802-e31fc4008132.jpg\",\"width\":1920,\"height\":1076,\"caption\":\"intelligence collective pour sauver la plan\u00e8te\"},{\"@type\":\"BreadcrumbList\",\"@id\":\"https:\\\/\\\/visionarymarketing.com\\\/fr\\\/2025\\\/05\\\/26\\\/intelligence-collective-pour-un-futur-desirable\\\/#breadcrumb\",\"itemListElement\":[{\"@type\":\"ListItem\",\"position\":1,\"name\":\"Home\",\"item\":\"https:\\\/\\\/visionarymarketing.com\\\/fr\\\/\"},{\"@type\":\"ListItem\",\"position\":2,\"name\":\"L&#8217;intelligence collective pour un futur d\u00e9sirable\"}]},{\"@type\":\"WebSite\",\"@id\":\"https:\\\/\\\/visionarymarketing.com\\\/fr\\\/#website\",\"url\":\"https:\\\/\\\/visionarymarketing.com\\\/fr\\\/\",\"name\":\"Marketing and Innovation\",\"description\":\"Site d&#039;infos ind\u00e9pendant, depuis 1996\",\"potentialAction\":[{\"@type\":\"SearchAction\",\"target\":{\"@type\":\"EntryPoint\",\"urlTemplate\":\"https:\\\/\\\/visionarymarketing.com\\\/fr\\\/?s={search_term_string}\"},\"query-input\":{\"@type\":\"PropertyValueSpecification\",\"valueRequired\":true,\"valueName\":\"search_term_string\"}}],\"inLanguage\":\"fr-FR\"},{\"@type\":\"Person\",\"@id\":\"https:\\\/\\\/visionarymarketing.com\\\/fr\\\/#\\\/schema\\\/person\\\/3754fee1e558f47b8deb46f53c37423e\",\"name\":\"Yann Gourvennec\",\"image\":{\"@type\":\"ImageObject\",\"inLanguage\":\"fr-FR\",\"@id\":\"https:\\\/\\\/secure.gravatar.com\\\/avatar\\\/5972001801e8de5692a3e31224e85769f50a55fb8b679749f9c8d1868cceff14?s=96&d=initials&r=g&initials=yg\",\"url\":\"https:\\\/\\\/secure.gravatar.com\\\/avatar\\\/5972001801e8de5692a3e31224e85769f50a55fb8b679749f9c8d1868cceff14?s=96&d=initials&r=g&initials=yg\",\"contentUrl\":\"https:\\\/\\\/secure.gravatar.com\\\/avatar\\\/5972001801e8de5692a3e31224e85769f50a55fb8b679749f9c8d1868cceff14?s=96&d=initials&r=g&initials=yg\",\"caption\":\"Yann Gourvennec\"},\"description\":\"Yann Gourvennec created visionarymarketing.com in 1996. He is a speaker and author of many books. In 2014 he went from intrapreneur to entrepreneur, when he created his digital marketing agency. Yann Gourvennec a cr\u00e9\u00e9 visionarymarketing.com en 1996. Il est conf\u00e9rencier et auteur de plusieurs livres. En 2014, il est pass\u00e9 d'intrapreneur \u00e0 entrepreneur en cr\u00e9ant son agence de marketing num\u00e9rique.\",\"sameAs\":[\"https:\\\/\\\/visionarymarketing.com\",\"http:\\\/\\\/facebook.com\\\/ygourven\",\"http:\\\/\\\/linkedin.com\\\/in\\\/ygourven\",\"https:\\\/\\\/x.com\\\/ygourven\",\"https:\\\/\\\/www.youtube.com\\\/c\\\/visionarymarketingagency\"],\"url\":\"https:\\\/\\\/visionarymarketing.com\\\/fr\\\/author\\\/yann-gourvennec\\\/\"}]}<\/script>\n<!-- \/ Yoast SEO plugin. -->","yoast_head_json":{"title":"Intelligence collective : pour un futur d\u00e9sirable","description":"J\u2019ai re\u00e7u Olivier Zara dans les bureaux de Visionary Marketing pour parler de son ouvrage l\u2019intelligence collective pour sauver la plan\u00e8te.","robots":{"index":"index","follow":"follow","max-snippet":"max-snippet:-1","max-image-preview":"max-image-preview:large","max-video-preview":"max-video-preview:-1"},"canonical":"https:\/\/visionarymarketing.com\/fr\/2025\/05\/26\/intelligence-collective-pour-un-futur-desirable\/","og_locale":"fr_FR","og_type":"article","og_title":"Intelligence collective : pour un futur d\u00e9sirable","og_description":"J\u2019ai re\u00e7u Olivier Zara dans les bureaux de Visionary Marketing pour parler de son ouvrage l\u2019intelligence collective pour sauver la plan\u00e8te.","og_url":"https:\/\/visionarymarketing.com\/fr\/2025\/05\/26\/intelligence-collective-pour-un-futur-desirable\/","og_site_name":"Marketing and Innovation","article_publisher":"https:\/\/www.facebook.com\/vismktg","article_author":"http:\/\/facebook.com\/ygourven","article_published_time":"2025-05-26T05:03:24+00:00","article_modified_time":"2025-05-27T05:46:39+00:00","og_image":[{"width":1920,"height":1076,"url":"https:\/\/visionarymarketing.com\/wp-content\/uploads\/2025\/05\/ygourven-people-of-earth-thinking-in-groups-and-helping-eachoth-4e4f2cee-1735-4017-b802-e31fc4008132.jpg","type":"image\/jpeg"}],"author":"Yann Gourvennec","twitter_card":"summary_large_image","twitter_creator":"@ygourven","twitter_site":"@ygourven","twitter_misc":{"\u00c9crit par":"Yann Gourvennec","Dur\u00e9e de lecture estim\u00e9e":"12 minutes"},"schema":{"@context":"https:\/\/schema.org","@graph":[{"@type":"NewsArticle","@id":"https:\/\/visionarymarketing.com\/fr\/2025\/05\/26\/intelligence-collective-pour-un-futur-desirable\/#article","isPartOf":{"@id":"https:\/\/visionarymarketing.com\/fr\/2025\/05\/26\/intelligence-collective-pour-un-futur-desirable\/"},"author":{"name":"Yann Gourvennec","@id":"https:\/\/visionarymarketing.com\/fr\/#\/schema\/person\/3754fee1e558f47b8deb46f53c37423e"},"headline":"L&rsquo;intelligence collective pour un futur d\u00e9sirable","datePublished":"2025-05-26T05:03:24+00:00","dateModified":"2025-05-27T05:46:39+00:00","mainEntityOfPage":{"@id":"https:\/\/visionarymarketing.com\/fr\/2025\/05\/26\/intelligence-collective-pour-un-futur-desirable\/"},"wordCount":2792,"commentCount":1,"image":{"@id":"https:\/\/visionarymarketing.com\/fr\/2025\/05\/26\/intelligence-collective-pour-un-futur-desirable\/#primaryimage"},"thumbnailUrl":"https:\/\/visionarymarketing.com\/wp-content\/uploads\/2025\/05\/ygourven-people-of-earth-thinking-in-groups-and-helping-eachoth-4e4f2cee-1735-4017-b802-e31fc4008132.jpg","articleSection":["A la une","\u00e9conomie et num\u00e9rique"],"inLanguage":"fr-FR","potentialAction":[{"@type":"CommentAction","name":"Comment","target":["https:\/\/visionarymarketing.com\/fr\/2025\/05\/26\/intelligence-collective-pour-un-futur-desirable\/#respond"]}]},{"@type":"WebPage","@id":"https:\/\/visionarymarketing.com\/fr\/2025\/05\/26\/intelligence-collective-pour-un-futur-desirable\/","url":"https:\/\/visionarymarketing.com\/fr\/2025\/05\/26\/intelligence-collective-pour-un-futur-desirable\/","name":"Intelligence collective : pour un futur d\u00e9sirable","isPartOf":{"@id":"https:\/\/visionarymarketing.com\/fr\/#website"},"primaryImageOfPage":{"@id":"https:\/\/visionarymarketing.com\/fr\/2025\/05\/26\/intelligence-collective-pour-un-futur-desirable\/#primaryimage"},"image":{"@id":"https:\/\/visionarymarketing.com\/fr\/2025\/05\/26\/intelligence-collective-pour-un-futur-desirable\/#primaryimage"},"thumbnailUrl":"https:\/\/visionarymarketing.com\/wp-content\/uploads\/2025\/05\/ygourven-people-of-earth-thinking-in-groups-and-helping-eachoth-4e4f2cee-1735-4017-b802-e31fc4008132.jpg","datePublished":"2025-05-26T05:03:24+00:00","dateModified":"2025-05-27T05:46:39+00:00","author":{"@id":"https:\/\/visionarymarketing.com\/fr\/#\/schema\/person\/3754fee1e558f47b8deb46f53c37423e"},"description":"J\u2019ai re\u00e7u Olivier Zara dans les bureaux de Visionary Marketing pour parler de son ouvrage l\u2019intelligence collective pour sauver la plan\u00e8te.","breadcrumb":{"@id":"https:\/\/visionarymarketing.com\/fr\/2025\/05\/26\/intelligence-collective-pour-un-futur-desirable\/#breadcrumb"},"inLanguage":"fr-FR","potentialAction":[{"@type":"ReadAction","target":["https:\/\/visionarymarketing.com\/fr\/2025\/05\/26\/intelligence-collective-pour-un-futur-desirable\/"]}]},{"@type":"ImageObject","inLanguage":"fr-FR","@id":"https:\/\/visionarymarketing.com\/fr\/2025\/05\/26\/intelligence-collective-pour-un-futur-desirable\/#primaryimage","url":"https:\/\/visionarymarketing.com\/wp-content\/uploads\/2025\/05\/ygourven-people-of-earth-thinking-in-groups-and-helping-eachoth-4e4f2cee-1735-4017-b802-e31fc4008132.jpg","contentUrl":"https:\/\/visionarymarketing.com\/wp-content\/uploads\/2025\/05\/ygourven-people-of-earth-thinking-in-groups-and-helping-eachoth-4e4f2cee-1735-4017-b802-e31fc4008132.jpg","width":1920,"height":1076,"caption":"intelligence collective pour sauver la plan\u00e8te"},{"@type":"BreadcrumbList","@id":"https:\/\/visionarymarketing.com\/fr\/2025\/05\/26\/intelligence-collective-pour-un-futur-desirable\/#breadcrumb","itemListElement":[{"@type":"ListItem","position":1,"name":"Home","item":"https:\/\/visionarymarketing.com\/fr\/"},{"@type":"ListItem","position":2,"name":"L&#8217;intelligence collective pour un futur d\u00e9sirable"}]},{"@type":"WebSite","@id":"https:\/\/visionarymarketing.com\/fr\/#website","url":"https:\/\/visionarymarketing.com\/fr\/","name":"Marketing and Innovation","description":"Site d&#039;infos ind\u00e9pendant, depuis 1996","potentialAction":[{"@type":"SearchAction","target":{"@type":"EntryPoint","urlTemplate":"https:\/\/visionarymarketing.com\/fr\/?s={search_term_string}"},"query-input":{"@type":"PropertyValueSpecification","valueRequired":true,"valueName":"search_term_string"}}],"inLanguage":"fr-FR"},{"@type":"Person","@id":"https:\/\/visionarymarketing.com\/fr\/#\/schema\/person\/3754fee1e558f47b8deb46f53c37423e","name":"Yann Gourvennec","image":{"@type":"ImageObject","inLanguage":"fr-FR","@id":"https:\/\/secure.gravatar.com\/avatar\/5972001801e8de5692a3e31224e85769f50a55fb8b679749f9c8d1868cceff14?s=96&d=initials&r=g&initials=yg","url":"https:\/\/secure.gravatar.com\/avatar\/5972001801e8de5692a3e31224e85769f50a55fb8b679749f9c8d1868cceff14?s=96&d=initials&r=g&initials=yg","contentUrl":"https:\/\/secure.gravatar.com\/avatar\/5972001801e8de5692a3e31224e85769f50a55fb8b679749f9c8d1868cceff14?s=96&d=initials&r=g&initials=yg","caption":"Yann Gourvennec"},"description":"Yann Gourvennec created visionarymarketing.com in 1996. He is a speaker and author of many books. In 2014 he went from intrapreneur to entrepreneur, when he created his digital marketing agency. Yann Gourvennec a cr\u00e9\u00e9 visionarymarketing.com en 1996. Il est conf\u00e9rencier et auteur de plusieurs livres. En 2014, il est pass\u00e9 d'intrapreneur \u00e0 entrepreneur en cr\u00e9ant son agence de marketing num\u00e9rique.","sameAs":["https:\/\/visionarymarketing.com","http:\/\/facebook.com\/ygourven","http:\/\/linkedin.com\/in\/ygourven","https:\/\/x.com\/ygourven","https:\/\/www.youtube.com\/c\/visionarymarketingagency"],"url":"https:\/\/visionarymarketing.com\/fr\/author\/yann-gourvennec\/"}]}},"_links":{"self":[{"href":"https:\/\/visionarymarketing.com\/fr\/wp-json\/wp\/v2\/posts\/83858","targetHints":{"allow":["GET"]}}],"collection":[{"href":"https:\/\/visionarymarketing.com\/fr\/wp-json\/wp\/v2\/posts"}],"about":[{"href":"https:\/\/visionarymarketing.com\/fr\/wp-json\/wp\/v2\/types\/post"}],"author":[{"embeddable":true,"href":"https:\/\/visionarymarketing.com\/fr\/wp-json\/wp\/v2\/users\/2"}],"replies":[{"embeddable":true,"href":"https:\/\/visionarymarketing.com\/fr\/wp-json\/wp\/v2\/comments?post=83858"}],"version-history":[{"count":0,"href":"https:\/\/visionarymarketing.com\/fr\/wp-json\/wp\/v2\/posts\/83858\/revisions"}],"wp:featuredmedia":[{"embeddable":true,"href":"https:\/\/visionarymarketing.com\/fr\/wp-json\/wp\/v2\/media\/83872"}],"wp:attachment":[{"href":"https:\/\/visionarymarketing.com\/fr\/wp-json\/wp\/v2\/media?parent=83858"}],"wp:term":[{"taxonomy":"category","embeddable":true,"href":"https:\/\/visionarymarketing.com\/fr\/wp-json\/wp\/v2\/categories?post=83858"},{"taxonomy":"post_tag","embeddable":true,"href":"https:\/\/visionarymarketing.com\/fr\/wp-json\/wp\/v2\/tags?post=83858"}],"curies":[{"name":"wp","href":"https:\/\/api.w.org\/{rel}","templated":true}]}}