{"id":83808,"date":"2025-05-23T08:10:10","date_gmt":"2025-05-23T06:10:10","guid":{"rendered":"https:\/\/visionarymarketing.com\/?p=83808"},"modified":"2025-05-23T08:13:39","modified_gmt":"2025-05-23T06:13:39","slug":"qui-cree-les-emplois-prives-en-france","status":"publish","type":"post","link":"https:\/\/visionarymarketing.com\/fr\/2025\/05\/23\/qui-cree-les-emplois-prives-en-france\/","title":{"rendered":"Qui cr\u00e9e les emplois priv\u00e9s en France ?"},"content":{"rendered":"\n<p><em>Qui cr\u00e9e les emplois priv\u00e9s en France ? J&rsquo;ai re\u00e7u comme chaque semaine <a href=\"https:\/\/news.zevillage.net\/about?utm_source=subscribe_email&amp;utm_content=learn_more\" target=\"_blank\" rel=\"noreferrer noopener\">l&rsquo;infolettre de Zevillage<\/a> et celle-ci m&rsquo;a interpell\u00e9. Xavier de Mazenod y faisait r\u00e9f\u00e9rence \u00e0 un article de Charles Werly, journaliste suisse bien connu (<a href=\"https:\/\/link2.blick.ch\/view\/65f944c34ae052674342e091nrtjg.13c\/0a97fb2e?utm_source=substack&amp;utm_medium=email\" target=\"_blank\" rel=\"noreferrer noopener\">Blick<\/a>), o\u00f9 le journaliste avance que la France aime surtout les patrons \u00e9trangers. Ce qui n&rsquo;est pas une si mauvaise nouvelle que cela d&rsquo;ailleurs, pour une fois qu&rsquo;on aime l&rsquo;alt\u00e9rit\u00e9 ici, devrait-on s&rsquo;en plaindre ? Mais l&rsquo;enseignement principal est ailleurs. <\/em><\/p>\n\n\n\n<h2 class=\"wp-block-heading\">Etat des lieux : qui cr\u00e9e les emplois priv\u00e9s en France ?<\/h2>\n\n\n\n<figure class=\"wp-block-image size-large\"><img decoding=\"async\" width=\"1024\" height=\"561\" src=\"https:\/\/visionarymarketing.com\/wp-content\/uploads\/2025\/05\/tableau-emplois-2009-2020-1024x561.jpg\" alt=\"Qui cr\u00e9e les emplois priv\u00e9s en France ? \" class=\"wp-image-83809\" srcset=\"https:\/\/visionarymarketing.com\/wp-content\/uploads\/2025\/05\/tableau-emplois-2009-2020-1024x561.jpg 1024w, https:\/\/visionarymarketing.com\/wp-content\/uploads\/2025\/05\/tableau-emplois-2009-2020-500x274.jpg 500w, https:\/\/visionarymarketing.com\/wp-content\/uploads\/2025\/05\/tableau-emplois-2009-2020-768x421.jpg 768w, https:\/\/visionarymarketing.com\/wp-content\/uploads\/2025\/05\/tableau-emplois-2009-2020-1536x841.jpg 1536w, https:\/\/visionarymarketing.com\/wp-content\/uploads\/2025\/05\/tableau-emplois-2009-2020-2048x1121.jpg 1973w, https:\/\/visionarymarketing.com\/wp-content\/uploads\/2025\/05\/tableau-emplois-2009-2020-scaled.jpg 1972w\" sizes=\"(max-width: 1024px) 100vw, 1024px\" \/><figcaption class=\"wp-element-caption\">Qui cr\u00e9e les emplois priv\u00e9s en France ? Le tableau de Zevillage avec quelques ajouts maison \u2014&nbsp;Chiffres extraits par Perplexity, crois\u00e9s et v\u00e9rifi\u00e9s <\/figcaption><\/figure>\n\n\n\n<h3 class=\"wp-block-heading\">PME et ETI : qui cr\u00e9e les emplois en France ? <\/h3>\n\n\n\n<p>Quand j&rsquo;ai d\u00e9couvert ce tableau je l&rsquo;ai trouv\u00e9 tr\u00e8s int\u00e9ressant pour plein de raisons que je vais indiquer ci-dessous, et c&rsquo;est ce qui m&rsquo;a pouss\u00e9 \u00e0 \u00e9crire cette br\u00e8ve. Mais il m&rsquo;a sembl\u00e9 \u00e9galement qu&rsquo;il manquait quelques chiffres. <\/p>\n\n\n\n<figure class=\"wp-block-image size-full\"><img decoding=\"async\" width=\"1000\" height=\"551\" src=\"https:\/\/visionarymarketing.com\/wp-content\/uploads\/2024\/04\/guide-pratique-transfo-industrie-175237.jpg\" alt=\"Qui cr\u00e9e les emplois priv\u00e9s en France ? \" class=\"wp-image-79892\" srcset=\"https:\/\/visionarymarketing.com\/wp-content\/uploads\/2024\/04\/guide-pratique-transfo-industrie-175237.jpg 1000w, https:\/\/visionarymarketing.com\/wp-content\/uploads\/2024\/04\/guide-pratique-transfo-industrie-175237-500x276.jpg 500w, https:\/\/visionarymarketing.com\/wp-content\/uploads\/2024\/04\/guide-pratique-transfo-industrie-175237-768x423.jpg 768w\" sizes=\"(max-width: 1000px) 100vw, 1000px\" \/><figcaption class=\"wp-element-caption\"><em>Qui cr\u00e9e les emplois priv\u00e9s en France ? Les PME et les ETI bien s\u00fbr ! Et attention, <a href=\"https:\/\/visionarymarketing.com\/fr\/2024\/04\/04\/transformation-digitale-des-pme-et-eti-industrielles\/\">ces termes sont plus pr\u00e9cis que l&rsquo;on croit<\/a>. Voir notre guide r\u00e9alis\u00e9 avec Visiativ en 2024<\/em><\/figcaption><\/figure>\n\n\n\n<p>En effet, on voit bien que l\u2019essentiel des emplois se cr\u00e9e dans les petites entreprises, ce qui n&rsquo;est pas vraiment une nouveaut\u00e9. Mais ce qu&rsquo;on ne voyait pas, c&rsquo;\u00e9tait le poids total des PME et ETI compar\u00e9 \u00e0 celui des grandes entreprises et groupes multinationaux en nombre d&#8217;emplois. <\/p>\n\n\n\n<figure class=\"wp-block-image size-large\"><img decoding=\"async\" width=\"1024\" height=\"574\" src=\"https:\/\/visionarymarketing.com\/wp-content\/uploads\/2025\/05\/ygourven-an-illustration-of-different-types-of-businesses-by-si-24383e79-3150-4327-b831-ab314fa8922a-2-1024x574.jpg\" alt=\"Qui cr\u00e9e les emplois\" class=\"wp-image-83821\" srcset=\"https:\/\/visionarymarketing.com\/wp-content\/uploads\/2025\/05\/ygourven-an-illustration-of-different-types-of-businesses-by-si-24383e79-3150-4327-b831-ab314fa8922a-2-1024x574.jpg 1024w, https:\/\/visionarymarketing.com\/wp-content\/uploads\/2025\/05\/ygourven-an-illustration-of-different-types-of-businesses-by-si-24383e79-3150-4327-b831-ab314fa8922a-2-500x280.jpg 500w, https:\/\/visionarymarketing.com\/wp-content\/uploads\/2025\/05\/ygourven-an-illustration-of-different-types-of-businesses-by-si-24383e79-3150-4327-b831-ab314fa8922a-2-768x430.jpg 768w, https:\/\/visionarymarketing.com\/wp-content\/uploads\/2025\/05\/ygourven-an-illustration-of-different-types-of-businesses-by-si-24383e79-3150-4327-b831-ab314fa8922a-2-1536x861.jpg 1536w, https:\/\/visionarymarketing.com\/wp-content\/uploads\/2025\/05\/ygourven-an-illustration-of-different-types-of-businesses-by-si-24383e79-3150-4327-b831-ab314fa8922a-2-390x220.jpg 390w, https:\/\/visionarymarketing.com\/wp-content\/uploads\/2025\/05\/ygourven-an-illustration-of-different-types-of-businesses-by-si-24383e79-3150-4327-b831-ab314fa8922a-2.jpg 1920w\" sizes=\"(max-width: 1024px) 100vw, 1024px\" \/><figcaption class=\"wp-element-caption\">Qui cr\u00e9e les emplois en France ? Les petits ou les gros milliardaires ? Image produite avec Midjourney<\/figcaption><\/figure>\n\n\n\n<p>J\u2019ai donc compl\u00e9t\u00e9 ce tableau en allant chercher les sources dans l\u2019INSEE. J\u2019ai bien entendu \u00e9cart\u00e9 les microentreprises qui viennent fausser les r\u00e9sultats, une forte proportion des micro-entrepreneurs \u00e9tant \u00e9galement salari\u00e9s (43&nbsp;% sont \u00ab\u2009pluriactifs\u2009\u00bb, 14&nbsp;% abandonnent la microentreprise en fin d\u2019ann\u00e9e \u2014 <a href=\"https:\/\/www.perplexity.ai\/search\/completer-ce-tableau-avec-1-no-d0joGdLFRC2_ENyBrlYJXg\" target=\"_blank\" rel=\"noreferrer noopener\">source<\/a>).<\/p>\n\n\n\n<h3 class=\"wp-block-heading\">Voici donc ma liste des insights retir\u00e9s de ce tableau <\/h3>\n\n\n\n<ul class=\"wp-block-list\">\n<li>Les PME et ETI repr\u00e9sentent environ 50 % des emplois totaux <\/li>\n\n\n\n<li> Les grandes entreprises et grandes entreprises internationales ne repr\u00e9sentent qu\u2019environ 35&nbsp;% du total. Bien loin de l\u2019image d\u2019\u00c9pinal qui veut que les grandes entreprises soient les pourvoyeurs d\u2019emploi dans notre pays. <\/li>\n\n\n\n<li>Le nombre d&#8217;emplois cr\u00e9\u00e9 chaque ann\u00e9e est modeste (un peu moins de 10% du total des actifs hors fonctionnaires en 11 ans).<\/li>\n\n\n\n<li> Plus inqui\u00e9tant, le nombre d&#8217;emplois d\u00e9truits sur cette p\u00e9riode est presque \u00e9quivalent. Le solde ne repr\u00e9sentant que 2.6% du total de 2020. Une mani\u00e8re positive de commenter ce chiffre consisterait \u00e0 dire que le nombre d\u2019emplois est stable. Une autre fa\u00e7on de voir les choses serait de commenter que, finalement, on ne cr\u00e9e pas beaucoup d&#8217;emplois en France pour ne pas dire, quasiment pas.<\/li>\n\n\n\n<li> Le d\u00e9bat sur l&rsquo;attractivit\u00e9 se porte essentiellement sur les emplois, mais peut-\u00eatre que la r\u00e9alit\u00e9 \u00e9conomique tient essentiellement dans l&rsquo;image. Finalement, les actions men\u00e9es autour de l&rsquo;attractivit\u00e9 du pays sont essentiellement du marketing.<\/li>\n\n\n\n<li>Ensuite, et c&rsquo;est le sujet de l&rsquo;infolettre de Zevillage, l&rsquo;essentiel des maigres emplois cr\u00e9\u00e9s en France le sont par les PME et ETI. <\/li>\n\n\n\n<li>Enfin, une question se pose de savoir qui sont les 16&nbsp;millions d\u2019employ\u00e9s qui ne sont pas compt\u00e9s ci-dessus. Car la France comptera <a href=\"https:\/\/www.insee.fr\/fr\/statistiques\/1281165\" target=\"_blank\" rel=\"noreferrer noopener\">30&nbsp;millions d\u2019actifs en 2025 selon l\u2019INSEE<\/a>. En 2010, il n\u2019y en avait que 28&nbsp;millions, ce qui me laisse penser que 2&nbsp;millions d\u2019emplois ont \u00e9t\u00e9 cr\u00e9\u00e9s et pas dans le secteur priv\u00e9, mais plut\u00f4t majoritairement dans le secteur public. De facto, cela repr\u00e9senterait presque un actif sur deux, ce qui fait r\u00e9fl\u00e9chir. <\/li>\n<\/ul>\n\n\n\n<h3 class=\"wp-block-heading\">En conclusion de cette br\u00e8ve r\u00e9flexion sur les emplois cr\u00e9\u00e9s en France<\/h3>\n\n\n\n<p>Il manque sans doute de granularit\u00e9 dans ces chiffres, afin d\u2019analyser les sous-secteurs qui cr\u00e9ent et d\u00e9truisent des emplois. Mais on se doute que l\u2019industrie avec son fort taux d\u2019automatisation, de sous-traitance en Asie du Sud-Est et la fermeture d\u2019usines \u00e0 r\u00e9p\u00e9tition n\u2019est pas dans le peloton de t\u00eate. <\/p>\n\n\n\n<p>Ensuite, une question m\u2019obs\u00e8de en ce moment, celle qui consiste \u00e0 essayer de savoir combien de ces 14\u00a0millions d\u2019emplois (et encore plus des 16\u00a0autres millions \u00e9voqu\u00e9s plus haut) qui sont \u00ab\u2009automatisables\u2009\u00bb par l\u2019IA. <a href=\"https:\/\/visionarymarketing.com\/fr\/2024\/10\/23\/metiers-du-futur-qui-nexistent-pas-encore\/\">Ma r\u00e9ponse pr\u00e9c\u00e9dente<\/a> \u00e9tait que l\u2019impact serait mod\u00e9r\u00e9 du fait de la structure des emplois en France. L\u2019avenir nous dira si j\u2019ai raison, et si dans 10\u00a0ans la situation aura chang\u00e9. En tout cas, je ne constate pas de \u00ab\u2009<a href=\"https:\/\/visionarymarketing.com\/fr\/2024\/02\/06\/la-revolution-de-lia-naura-pas-lieu\/\">r\u00e9volution<\/a>\u2009\u00bb imm\u00e9diate en ce domaine au point de vue macro-\u00e9conomique.<\/p>\n\n\n\n<p>Pour s&rsquo;inscrire \u00e0 la newsletter de Zevillage, <a href=\"https:\/\/news.zevillage.net\/about?utm_source=subscribe_email&amp;utm_content=learn_more\" target=\"_blank\" rel=\"noreferrer noopener\">c&rsquo;est par l\u00e0 \ud83d\udc47<\/a><\/p>\n\n\n<div class=\"wp-block-image\">\n<figure class=\"aligncenter size-full\"><a href=\"https:\/\/news.zevillage.net\/about?utm_source=subscribe_email&amp;utm_content=learn_more\" target=\"_blank\" rel=\" noreferrer noopener\"><img decoding=\"async\" width=\"326\" height=\"75\" src=\"https:\/\/visionarymarketing.com\/wp-content\/uploads\/2023\/01\/tous-boutons-orange-sinscrire.png\" alt=\"s'inscrire\" class=\"wp-image-73186\"\/><\/a><\/figure>\n<\/div>\n\n\n<div class=\"wp-block-file\"><a id=\"wp-block-file--media-5dce1115-df57-49c6-8757-061406474985\" href=\"https:\/\/visionarymarketing.com\/wp-content\/uploads\/2025\/05\/tableau-emplois-2009-2020.xlsx\">T\u00e9l\u00e9charger le tableau emplois 2009-2020<\/a><a href=\"https:\/\/visionarymarketing.com\/wp-content\/uploads\/2025\/05\/tableau-emplois-2009-2020.xlsx\" class=\"wp-block-file__button wp-element-button\" download aria-describedby=\"wp-block-file--media-5dce1115-df57-49c6-8757-061406474985\">Download<\/a><\/div>\n\n\n\n<p><\/p>\n","protected":false},"excerpt":{"rendered":"<p>Qui cr\u00e9e les emplois priv\u00e9s en France ? J&rsquo;ai re\u00e7u comme chaque semaine l&rsquo;infolettre de Zevillage et celle-ci m&rsquo;a interpell\u00e9. Xavier de Mazenod y faisait r\u00e9f\u00e9rence \u00e0 un article de Charles Werly, journaliste suisse bien connu (Blick), o\u00f9 le journaliste avance que la France aime surtout les patrons \u00e9trangers. Ce qui n&rsquo;est pas une si &hellip;<\/p>\n","protected":false},"author":2,"featured_media":83821,"comment_status":"open","ping_status":"open","sticky":false,"template":"","format":"standard","meta":{"footnotes":""},"categories":[5127,134],"tags":[],"class_list":["post-83808","post","type-post","status-publish","format-standard","has-post-thumbnail","hentry","category-breves","category-economie"],"yoast_head":"<!-- This site is optimized with the Yoast SEO plugin v27.4 - https:\/\/yoast.com\/product\/yoast-seo-wordpress\/ -->\n<title>Qui cr\u00e9e les emplois priv\u00e9s en France ?<\/title>\n<meta name=\"description\" content=\"Qui cr\u00e9e les emplois priv\u00e9s en France\u2009? J\u2019ai re\u00e7u comme chaque semaine l\u2019infolettre de Zevillage et celle-ci m\u2019a interpell\u00e9.\" \/>\n<meta name=\"robots\" content=\"index, follow, max-snippet:-1, max-image-preview:large, max-video-preview:-1\" \/>\n<link rel=\"canonical\" href=\"https:\/\/visionarymarketing.com\/fr\/2025\/05\/23\/qui-cree-les-emplois-prives-en-france\/\" \/>\n<meta property=\"og:locale\" content=\"fr_FR\" \/>\n<meta property=\"og:type\" content=\"article\" \/>\n<meta property=\"og:title\" content=\"Qui cr\u00e9e les emplois priv\u00e9s en France ?\" \/>\n<meta property=\"og:description\" content=\"Qui cr\u00e9e les emplois priv\u00e9s en France\u2009? J\u2019ai re\u00e7u comme chaque semaine l\u2019infolettre de Zevillage et celle-ci m\u2019a interpell\u00e9.\" \/>\n<meta property=\"og:url\" content=\"https:\/\/visionarymarketing.com\/fr\/2025\/05\/23\/qui-cree-les-emplois-prives-en-france\/\" \/>\n<meta property=\"og:site_name\" content=\"Marketing and Innovation\" \/>\n<meta property=\"article:publisher\" content=\"https:\/\/www.facebook.com\/vismktg\" \/>\n<meta property=\"article:author\" content=\"http:\/\/facebook.com\/ygourven\" \/>\n<meta property=\"article:published_time\" content=\"2025-05-23T06:10:10+00:00\" \/>\n<meta property=\"article:modified_time\" content=\"2025-05-23T06:13:39+00:00\" \/>\n<meta property=\"og:image\" content=\"https:\/\/visionarymarketing.com\/wp-content\/uploads\/2025\/05\/ygourven-an-illustration-of-different-types-of-businesses-by-si-24383e79-3150-4327-b831-ab314fa8922a-2.jpg\" \/>\n\t<meta property=\"og:image:width\" content=\"1920\" \/>\n\t<meta property=\"og:image:height\" content=\"1076\" \/>\n\t<meta property=\"og:image:type\" content=\"image\/jpeg\" \/>\n<meta name=\"author\" content=\"Yann Gourvennec\" \/>\n<meta name=\"twitter:card\" content=\"summary_large_image\" \/>\n<meta name=\"twitter:creator\" content=\"@ygourven\" \/>\n<meta name=\"twitter:site\" content=\"@ygourven\" \/>\n<meta name=\"twitter:label1\" content=\"\u00c9crit par\" \/>\n\t<meta name=\"twitter:data1\" content=\"Yann Gourvennec\" \/>\n\t<meta name=\"twitter:label2\" content=\"Dur\u00e9e de lecture estim\u00e9e\" \/>\n\t<meta name=\"twitter:data2\" content=\"5 minutes\" \/>\n<script type=\"application\/ld+json\" class=\"yoast-schema-graph\">{\"@context\":\"https:\\\/\\\/schema.org\",\"@graph\":[{\"@type\":\"NewsArticle\",\"@id\":\"https:\\\/\\\/visionarymarketing.com\\\/fr\\\/2025\\\/05\\\/23\\\/qui-cree-les-emplois-prives-en-france\\\/#article\",\"isPartOf\":{\"@id\":\"https:\\\/\\\/visionarymarketing.com\\\/fr\\\/2025\\\/05\\\/23\\\/qui-cree-les-emplois-prives-en-france\\\/\"},\"author\":{\"name\":\"Yann Gourvennec\",\"@id\":\"https:\\\/\\\/visionarymarketing.com\\\/fr\\\/#\\\/schema\\\/person\\\/3754fee1e558f47b8deb46f53c37423e\"},\"headline\":\"Qui cr\u00e9e les emplois priv\u00e9s en France ?\",\"datePublished\":\"2025-05-23T06:10:10+00:00\",\"dateModified\":\"2025-05-23T06:13:39+00:00\",\"mainEntityOfPage\":{\"@id\":\"https:\\\/\\\/visionarymarketing.com\\\/fr\\\/2025\\\/05\\\/23\\\/qui-cree-les-emplois-prives-en-france\\\/\"},\"wordCount\":843,\"commentCount\":0,\"image\":{\"@id\":\"https:\\\/\\\/visionarymarketing.com\\\/fr\\\/2025\\\/05\\\/23\\\/qui-cree-les-emplois-prives-en-france\\\/#primaryimage\"},\"thumbnailUrl\":\"https:\\\/\\\/visionarymarketing.com\\\/wp-content\\\/uploads\\\/2025\\\/05\\\/ygourven-an-illustration-of-different-types-of-businesses-by-si-24383e79-3150-4327-b831-ab314fa8922a-2.jpg\",\"articleSection\":[\"Br\u00e8ves\",\"\u00e9conomie et num\u00e9rique\"],\"inLanguage\":\"fr-FR\",\"potentialAction\":[{\"@type\":\"CommentAction\",\"name\":\"Comment\",\"target\":[\"https:\\\/\\\/visionarymarketing.com\\\/fr\\\/2025\\\/05\\\/23\\\/qui-cree-les-emplois-prives-en-france\\\/#respond\"]}]},{\"@type\":\"WebPage\",\"@id\":\"https:\\\/\\\/visionarymarketing.com\\\/fr\\\/2025\\\/05\\\/23\\\/qui-cree-les-emplois-prives-en-france\\\/\",\"url\":\"https:\\\/\\\/visionarymarketing.com\\\/fr\\\/2025\\\/05\\\/23\\\/qui-cree-les-emplois-prives-en-france\\\/\",\"name\":\"Qui cr\u00e9e les emplois priv\u00e9s en France ?\",\"isPartOf\":{\"@id\":\"https:\\\/\\\/visionarymarketing.com\\\/fr\\\/#website\"},\"primaryImageOfPage\":{\"@id\":\"https:\\\/\\\/visionarymarketing.com\\\/fr\\\/2025\\\/05\\\/23\\\/qui-cree-les-emplois-prives-en-france\\\/#primaryimage\"},\"image\":{\"@id\":\"https:\\\/\\\/visionarymarketing.com\\\/fr\\\/2025\\\/05\\\/23\\\/qui-cree-les-emplois-prives-en-france\\\/#primaryimage\"},\"thumbnailUrl\":\"https:\\\/\\\/visionarymarketing.com\\\/wp-content\\\/uploads\\\/2025\\\/05\\\/ygourven-an-illustration-of-different-types-of-businesses-by-si-24383e79-3150-4327-b831-ab314fa8922a-2.jpg\",\"datePublished\":\"2025-05-23T06:10:10+00:00\",\"dateModified\":\"2025-05-23T06:13:39+00:00\",\"author\":{\"@id\":\"https:\\\/\\\/visionarymarketing.com\\\/fr\\\/#\\\/schema\\\/person\\\/3754fee1e558f47b8deb46f53c37423e\"},\"description\":\"Qui cr\u00e9e les emplois priv\u00e9s en France\u2009? J\u2019ai re\u00e7u comme chaque semaine l\u2019infolettre de Zevillage et celle-ci m\u2019a interpell\u00e9.\",\"breadcrumb\":{\"@id\":\"https:\\\/\\\/visionarymarketing.com\\\/fr\\\/2025\\\/05\\\/23\\\/qui-cree-les-emplois-prives-en-france\\\/#breadcrumb\"},\"inLanguage\":\"fr-FR\",\"potentialAction\":[{\"@type\":\"ReadAction\",\"target\":[\"https:\\\/\\\/visionarymarketing.com\\\/fr\\\/2025\\\/05\\\/23\\\/qui-cree-les-emplois-prives-en-france\\\/\"]}]},{\"@type\":\"ImageObject\",\"inLanguage\":\"fr-FR\",\"@id\":\"https:\\\/\\\/visionarymarketing.com\\\/fr\\\/2025\\\/05\\\/23\\\/qui-cree-les-emplois-prives-en-france\\\/#primaryimage\",\"url\":\"https:\\\/\\\/visionarymarketing.com\\\/wp-content\\\/uploads\\\/2025\\\/05\\\/ygourven-an-illustration-of-different-types-of-businesses-by-si-24383e79-3150-4327-b831-ab314fa8922a-2.jpg\",\"contentUrl\":\"https:\\\/\\\/visionarymarketing.com\\\/wp-content\\\/uploads\\\/2025\\\/05\\\/ygourven-an-illustration-of-different-types-of-businesses-by-si-24383e79-3150-4327-b831-ab314fa8922a-2.jpg\",\"width\":1920,\"height\":1076},{\"@type\":\"BreadcrumbList\",\"@id\":\"https:\\\/\\\/visionarymarketing.com\\\/fr\\\/2025\\\/05\\\/23\\\/qui-cree-les-emplois-prives-en-france\\\/#breadcrumb\",\"itemListElement\":[{\"@type\":\"ListItem\",\"position\":1,\"name\":\"Home\",\"item\":\"https:\\\/\\\/visionarymarketing.com\\\/fr\\\/\"},{\"@type\":\"ListItem\",\"position\":2,\"name\":\"Qui cr\u00e9e les emplois priv\u00e9s en France ?\"}]},{\"@type\":\"WebSite\",\"@id\":\"https:\\\/\\\/visionarymarketing.com\\\/fr\\\/#website\",\"url\":\"https:\\\/\\\/visionarymarketing.com\\\/fr\\\/\",\"name\":\"Marketing and Innovation\",\"description\":\"Site d&#039;infos ind\u00e9pendant, depuis 1996\",\"potentialAction\":[{\"@type\":\"SearchAction\",\"target\":{\"@type\":\"EntryPoint\",\"urlTemplate\":\"https:\\\/\\\/visionarymarketing.com\\\/fr\\\/?s={search_term_string}\"},\"query-input\":{\"@type\":\"PropertyValueSpecification\",\"valueRequired\":true,\"valueName\":\"search_term_string\"}}],\"inLanguage\":\"fr-FR\"},{\"@type\":\"Person\",\"@id\":\"https:\\\/\\\/visionarymarketing.com\\\/fr\\\/#\\\/schema\\\/person\\\/3754fee1e558f47b8deb46f53c37423e\",\"name\":\"Yann Gourvennec\",\"image\":{\"@type\":\"ImageObject\",\"inLanguage\":\"fr-FR\",\"@id\":\"https:\\\/\\\/secure.gravatar.com\\\/avatar\\\/5972001801e8de5692a3e31224e85769f50a55fb8b679749f9c8d1868cceff14?s=96&d=initials&r=g&initials=yg\",\"url\":\"https:\\\/\\\/secure.gravatar.com\\\/avatar\\\/5972001801e8de5692a3e31224e85769f50a55fb8b679749f9c8d1868cceff14?s=96&d=initials&r=g&initials=yg\",\"contentUrl\":\"https:\\\/\\\/secure.gravatar.com\\\/avatar\\\/5972001801e8de5692a3e31224e85769f50a55fb8b679749f9c8d1868cceff14?s=96&d=initials&r=g&initials=yg\",\"caption\":\"Yann Gourvennec\"},\"description\":\"Yann Gourvennec created visionarymarketing.com in 1996. He is a speaker and author of many books. In 2014 he went from intrapreneur to entrepreneur, when he created his digital marketing agency. Yann Gourvennec a cr\u00e9\u00e9 visionarymarketing.com en 1996. Il est conf\u00e9rencier et auteur de plusieurs livres. En 2014, il est pass\u00e9 d'intrapreneur \u00e0 entrepreneur en cr\u00e9ant son agence de marketing num\u00e9rique.\",\"sameAs\":[\"https:\\\/\\\/visionarymarketing.com\",\"http:\\\/\\\/facebook.com\\\/ygourven\",\"http:\\\/\\\/linkedin.com\\\/in\\\/ygourven\",\"https:\\\/\\\/x.com\\\/ygourven\",\"https:\\\/\\\/www.youtube.com\\\/c\\\/visionarymarketingagency\"],\"url\":\"https:\\\/\\\/visionarymarketing.com\\\/fr\\\/author\\\/yann-gourvennec\\\/\"}]}<\/script>\n<!-- \/ Yoast SEO plugin. -->","yoast_head_json":{"title":"Qui cr\u00e9e les emplois priv\u00e9s en France ?","description":"Qui cr\u00e9e les emplois priv\u00e9s en France\u2009? J\u2019ai re\u00e7u comme chaque semaine l\u2019infolettre de Zevillage et celle-ci m\u2019a interpell\u00e9.","robots":{"index":"index","follow":"follow","max-snippet":"max-snippet:-1","max-image-preview":"max-image-preview:large","max-video-preview":"max-video-preview:-1"},"canonical":"https:\/\/visionarymarketing.com\/fr\/2025\/05\/23\/qui-cree-les-emplois-prives-en-france\/","og_locale":"fr_FR","og_type":"article","og_title":"Qui cr\u00e9e les emplois priv\u00e9s en France ?","og_description":"Qui cr\u00e9e les emplois priv\u00e9s en France\u2009? J\u2019ai re\u00e7u comme chaque semaine l\u2019infolettre de Zevillage et celle-ci m\u2019a interpell\u00e9.","og_url":"https:\/\/visionarymarketing.com\/fr\/2025\/05\/23\/qui-cree-les-emplois-prives-en-france\/","og_site_name":"Marketing and Innovation","article_publisher":"https:\/\/www.facebook.com\/vismktg","article_author":"http:\/\/facebook.com\/ygourven","article_published_time":"2025-05-23T06:10:10+00:00","article_modified_time":"2025-05-23T06:13:39+00:00","og_image":[{"width":1920,"height":1076,"url":"https:\/\/visionarymarketing.com\/wp-content\/uploads\/2025\/05\/ygourven-an-illustration-of-different-types-of-businesses-by-si-24383e79-3150-4327-b831-ab314fa8922a-2.jpg","type":"image\/jpeg"}],"author":"Yann Gourvennec","twitter_card":"summary_large_image","twitter_creator":"@ygourven","twitter_site":"@ygourven","twitter_misc":{"\u00c9crit par":"Yann Gourvennec","Dur\u00e9e de lecture estim\u00e9e":"5 minutes"},"schema":{"@context":"https:\/\/schema.org","@graph":[{"@type":"NewsArticle","@id":"https:\/\/visionarymarketing.com\/fr\/2025\/05\/23\/qui-cree-les-emplois-prives-en-france\/#article","isPartOf":{"@id":"https:\/\/visionarymarketing.com\/fr\/2025\/05\/23\/qui-cree-les-emplois-prives-en-france\/"},"author":{"name":"Yann Gourvennec","@id":"https:\/\/visionarymarketing.com\/fr\/#\/schema\/person\/3754fee1e558f47b8deb46f53c37423e"},"headline":"Qui cr\u00e9e les emplois priv\u00e9s en France ?","datePublished":"2025-05-23T06:10:10+00:00","dateModified":"2025-05-23T06:13:39+00:00","mainEntityOfPage":{"@id":"https:\/\/visionarymarketing.com\/fr\/2025\/05\/23\/qui-cree-les-emplois-prives-en-france\/"},"wordCount":843,"commentCount":0,"image":{"@id":"https:\/\/visionarymarketing.com\/fr\/2025\/05\/23\/qui-cree-les-emplois-prives-en-france\/#primaryimage"},"thumbnailUrl":"https:\/\/visionarymarketing.com\/wp-content\/uploads\/2025\/05\/ygourven-an-illustration-of-different-types-of-businesses-by-si-24383e79-3150-4327-b831-ab314fa8922a-2.jpg","articleSection":["Br\u00e8ves","\u00e9conomie et num\u00e9rique"],"inLanguage":"fr-FR","potentialAction":[{"@type":"CommentAction","name":"Comment","target":["https:\/\/visionarymarketing.com\/fr\/2025\/05\/23\/qui-cree-les-emplois-prives-en-france\/#respond"]}]},{"@type":"WebPage","@id":"https:\/\/visionarymarketing.com\/fr\/2025\/05\/23\/qui-cree-les-emplois-prives-en-france\/","url":"https:\/\/visionarymarketing.com\/fr\/2025\/05\/23\/qui-cree-les-emplois-prives-en-france\/","name":"Qui cr\u00e9e les emplois priv\u00e9s en France ?","isPartOf":{"@id":"https:\/\/visionarymarketing.com\/fr\/#website"},"primaryImageOfPage":{"@id":"https:\/\/visionarymarketing.com\/fr\/2025\/05\/23\/qui-cree-les-emplois-prives-en-france\/#primaryimage"},"image":{"@id":"https:\/\/visionarymarketing.com\/fr\/2025\/05\/23\/qui-cree-les-emplois-prives-en-france\/#primaryimage"},"thumbnailUrl":"https:\/\/visionarymarketing.com\/wp-content\/uploads\/2025\/05\/ygourven-an-illustration-of-different-types-of-businesses-by-si-24383e79-3150-4327-b831-ab314fa8922a-2.jpg","datePublished":"2025-05-23T06:10:10+00:00","dateModified":"2025-05-23T06:13:39+00:00","author":{"@id":"https:\/\/visionarymarketing.com\/fr\/#\/schema\/person\/3754fee1e558f47b8deb46f53c37423e"},"description":"Qui cr\u00e9e les emplois priv\u00e9s en France\u2009? J\u2019ai re\u00e7u comme chaque semaine l\u2019infolettre de Zevillage et celle-ci m\u2019a interpell\u00e9.","breadcrumb":{"@id":"https:\/\/visionarymarketing.com\/fr\/2025\/05\/23\/qui-cree-les-emplois-prives-en-france\/#breadcrumb"},"inLanguage":"fr-FR","potentialAction":[{"@type":"ReadAction","target":["https:\/\/visionarymarketing.com\/fr\/2025\/05\/23\/qui-cree-les-emplois-prives-en-france\/"]}]},{"@type":"ImageObject","inLanguage":"fr-FR","@id":"https:\/\/visionarymarketing.com\/fr\/2025\/05\/23\/qui-cree-les-emplois-prives-en-france\/#primaryimage","url":"https:\/\/visionarymarketing.com\/wp-content\/uploads\/2025\/05\/ygourven-an-illustration-of-different-types-of-businesses-by-si-24383e79-3150-4327-b831-ab314fa8922a-2.jpg","contentUrl":"https:\/\/visionarymarketing.com\/wp-content\/uploads\/2025\/05\/ygourven-an-illustration-of-different-types-of-businesses-by-si-24383e79-3150-4327-b831-ab314fa8922a-2.jpg","width":1920,"height":1076},{"@type":"BreadcrumbList","@id":"https:\/\/visionarymarketing.com\/fr\/2025\/05\/23\/qui-cree-les-emplois-prives-en-france\/#breadcrumb","itemListElement":[{"@type":"ListItem","position":1,"name":"Home","item":"https:\/\/visionarymarketing.com\/fr\/"},{"@type":"ListItem","position":2,"name":"Qui cr\u00e9e les emplois priv\u00e9s en France ?"}]},{"@type":"WebSite","@id":"https:\/\/visionarymarketing.com\/fr\/#website","url":"https:\/\/visionarymarketing.com\/fr\/","name":"Marketing and Innovation","description":"Site d&#039;infos ind\u00e9pendant, depuis 1996","potentialAction":[{"@type":"SearchAction","target":{"@type":"EntryPoint","urlTemplate":"https:\/\/visionarymarketing.com\/fr\/?s={search_term_string}"},"query-input":{"@type":"PropertyValueSpecification","valueRequired":true,"valueName":"search_term_string"}}],"inLanguage":"fr-FR"},{"@type":"Person","@id":"https:\/\/visionarymarketing.com\/fr\/#\/schema\/person\/3754fee1e558f47b8deb46f53c37423e","name":"Yann Gourvennec","image":{"@type":"ImageObject","inLanguage":"fr-FR","@id":"https:\/\/secure.gravatar.com\/avatar\/5972001801e8de5692a3e31224e85769f50a55fb8b679749f9c8d1868cceff14?s=96&d=initials&r=g&initials=yg","url":"https:\/\/secure.gravatar.com\/avatar\/5972001801e8de5692a3e31224e85769f50a55fb8b679749f9c8d1868cceff14?s=96&d=initials&r=g&initials=yg","contentUrl":"https:\/\/secure.gravatar.com\/avatar\/5972001801e8de5692a3e31224e85769f50a55fb8b679749f9c8d1868cceff14?s=96&d=initials&r=g&initials=yg","caption":"Yann Gourvennec"},"description":"Yann Gourvennec created visionarymarketing.com in 1996. He is a speaker and author of many books. In 2014 he went from intrapreneur to entrepreneur, when he created his digital marketing agency. Yann Gourvennec a cr\u00e9\u00e9 visionarymarketing.com en 1996. Il est conf\u00e9rencier et auteur de plusieurs livres. En 2014, il est pass\u00e9 d'intrapreneur \u00e0 entrepreneur en cr\u00e9ant son agence de marketing num\u00e9rique.","sameAs":["https:\/\/visionarymarketing.com","http:\/\/facebook.com\/ygourven","http:\/\/linkedin.com\/in\/ygourven","https:\/\/x.com\/ygourven","https:\/\/www.youtube.com\/c\/visionarymarketingagency"],"url":"https:\/\/visionarymarketing.com\/fr\/author\/yann-gourvennec\/"}]}},"_links":{"self":[{"href":"https:\/\/visionarymarketing.com\/fr\/wp-json\/wp\/v2\/posts\/83808","targetHints":{"allow":["GET"]}}],"collection":[{"href":"https:\/\/visionarymarketing.com\/fr\/wp-json\/wp\/v2\/posts"}],"about":[{"href":"https:\/\/visionarymarketing.com\/fr\/wp-json\/wp\/v2\/types\/post"}],"author":[{"embeddable":true,"href":"https:\/\/visionarymarketing.com\/fr\/wp-json\/wp\/v2\/users\/2"}],"replies":[{"embeddable":true,"href":"https:\/\/visionarymarketing.com\/fr\/wp-json\/wp\/v2\/comments?post=83808"}],"version-history":[{"count":0,"href":"https:\/\/visionarymarketing.com\/fr\/wp-json\/wp\/v2\/posts\/83808\/revisions"}],"wp:featuredmedia":[{"embeddable":true,"href":"https:\/\/visionarymarketing.com\/fr\/wp-json\/wp\/v2\/media\/83821"}],"wp:attachment":[{"href":"https:\/\/visionarymarketing.com\/fr\/wp-json\/wp\/v2\/media?parent=83808"}],"wp:term":[{"taxonomy":"category","embeddable":true,"href":"https:\/\/visionarymarketing.com\/fr\/wp-json\/wp\/v2\/categories?post=83808"},{"taxonomy":"post_tag","embeddable":true,"href":"https:\/\/visionarymarketing.com\/fr\/wp-json\/wp\/v2\/tags?post=83808"}],"curies":[{"name":"wp","href":"https:\/\/api.w.org\/{rel}","templated":true}]}}