{"id":83019,"date":"2025-04-08T08:48:49","date_gmt":"2025-04-08T06:48:49","guid":{"rendered":"https:\/\/visionarymarketing.com\/?p=83019"},"modified":"2025-05-08T11:03:03","modified_gmt":"2025-05-08T09:03:03","slug":"ia-et-loi","status":"publish","type":"post","link":"https:\/\/visionarymarketing.com\/fr\/2025\/04\/08\/ia-et-loi\/","title":{"rendered":"L&rsquo;IA n&rsquo;est pas un Far West juridique !"},"content":{"rendered":"<p style=\"font-weight: 400;\"><em>Malgr\u00e9 les apparences, IA et loi ne sont pas incompatibles. Si d<\/em><em>e nombreuses questions se posent quant \u00e0 l&rsquo;utilisation de l&rsquo;IA, nous a expliqu\u00e9 <\/em><a href=\"https:\/\/www.linkedin.com\/in\/aurore-sauviat-23536260\/\"><em>Aurore Sauviat<\/em><\/a><em>, avocate associ\u00e9e chez Lawderis Avocats au <a href=\"https:\/\/comenorday.com\" target=\"_blank\" rel=\"noopener\">Com\u2019 en Or Day<\/a> de Lille le 20 mars 2025, des r\u00e9ponses juridiques existent. Cr\u00e9er avec l&rsquo;IA m\u00e8ne-t-il forc\u00e9ment \u00e0 la contrefa\u00e7on ? A-t-on le droit d&rsquo;exploiter commercialement des r\u00e9sultats de l&rsquo;IA ? Puis-je revendiquer les droits d&rsquo;auteur sur ce que j&rsquo;ai cr\u00e9\u00e9 en utilisant des outils d&rsquo;intelligence artificielle, sans oublier les questions de droit \u00e0 l&rsquo;image des personnes physiques vivantes ou mortes ? Et enfin, qui est responsable si un chatbot IA se trompe ? Aurore a uniquement d\u00e9cid\u00e9 de traiter trois questions lors de cette conf\u00e9rence : 1\/IA et droit d\u2019auteur 2\/IA et droit \u00e0 l\u2019image et enfin, 3\/les questions de responsabilit\u00e9 dans l\u2019usage de l\u2019IA. Elle a apport\u00e9 des r\u00e9ponses claires qui rassureront les professionnels qui tremblent \u00e0 l&rsquo;id\u00e9e d&rsquo;approcher les doigts de leur clavier. Non ! L&rsquo;IA n&rsquo;est pas un Far West entour\u00e9 d&rsquo;un vide juridique.\u00a0<\/em><\/p>\n<h2>Loi et IA : ce n\u2019est pas un Far West juridique !<\/h2>\n<figure id=\"attachment_83022\" aria-describedby=\"caption-attachment-83022\" style=\"width: 1920px\" class=\"wp-caption aligncenter\"><img decoding=\"async\" class=\"wp-image-83022 size-full\" src=\"https:\/\/visionarymarketing.com\/wp-content\/uploads\/2025\/04\/ygourven-a-futuristic-cityscape-blending-ai-technology-with-cla-508517c1-77fe-4640-81be-b00f838df80a.jpg\" alt=\"L'IA n'est pas un Far West juridique !\" width=\"1920\" height=\"1076\" srcset=\"https:\/\/visionarymarketing.com\/wp-content\/uploads\/2025\/04\/ygourven-a-futuristic-cityscape-blending-ai-technology-with-cla-508517c1-77fe-4640-81be-b00f838df80a.jpg 1920w, https:\/\/visionarymarketing.com\/wp-content\/uploads\/2025\/04\/ygourven-a-futuristic-cityscape-blending-ai-technology-with-cla-508517c1-77fe-4640-81be-b00f838df80a-500x280.jpg 500w, https:\/\/visionarymarketing.com\/wp-content\/uploads\/2025\/04\/ygourven-a-futuristic-cityscape-blending-ai-technology-with-cla-508517c1-77fe-4640-81be-b00f838df80a-1024x574.jpg 1024w, https:\/\/visionarymarketing.com\/wp-content\/uploads\/2025\/04\/ygourven-a-futuristic-cityscape-blending-ai-technology-with-cla-508517c1-77fe-4640-81be-b00f838df80a-768x430.jpg 768w, https:\/\/visionarymarketing.com\/wp-content\/uploads\/2025\/04\/ygourven-a-futuristic-cityscape-blending-ai-technology-with-cla-508517c1-77fe-4640-81be-b00f838df80a-1536x861.jpg 1536w, https:\/\/visionarymarketing.com\/wp-content\/uploads\/2025\/04\/ygourven-a-futuristic-cityscape-blending-ai-technology-with-cla-508517c1-77fe-4640-81be-b00f838df80a-390x220.jpg 390w\" sizes=\"(max-width: 1920px) 100vw, 1920px\" \/><figcaption id=\"caption-attachment-83022\" class=\"wp-caption-text\">L&rsquo;IA n&rsquo;est pas un Far West juridique ! Nous a expliqu\u00e9 Aurore Sauviat \u2014 image produite avec Midjourney et notre mode cr\u00e9atif personnalis\u00e9 (je ne me suis pas film\u00e9, mais j&rsquo;ai gard\u00e9 toutes les traces)<\/figcaption><\/figure>\n<h3>Loi, IA et droit d\u2019auteur<\/h3>\n<p style=\"font-weight: 400;\">Aurore nous a avertis\u00a0: \u00ab\u00a0On lit \u00e9norm\u00e9ment de fausses informations dans les m\u00e9dias et sur les r\u00e9seaux sociaux. Il y a une telle m\u00e9connaissance des sujets de droit d&rsquo;auteur qu&rsquo;on m\u00e9lange des sujets qui sont compl\u00e8tement distincts\u00a0\u00bb. En amont, il s\u2019agit des libert\u00e9s prises par les \u00e9diteurs de solutions IA pour entra\u00eener leurs algorithmes, et en aval, l\u2019utilisation qui est faite de ces outils d\u2019IA pour produire des \u0153uvres et notamment des images.<!--more--><\/p>\n<h3>Les entra\u00eenements des IA par les \u00e9diteurs<\/h3>\n<p style=\"font-weight: 400;\">\u00ab\u00a0Il y a d\u00e9j\u00e0 50 contentions en cours aux \u00c9tats-Unis sur ce sujet-l\u00e0. Deux ou trois au Royaume-Uni, deux en Allemagne, un nouveau qui vient d&rsquo;arriver en France et les premiers contentieux europ\u00e9ens font leur apparition\u00a0\u00bb.<\/p>\n<figure id=\"attachment_83023\" aria-describedby=\"caption-attachment-83023\" style=\"width: 2048px\" class=\"wp-caption aligncenter\"><img decoding=\"async\" class=\"wp-image-83023 size-full\" src=\"https:\/\/visionarymarketing.com\/wp-content\/uploads\/2025\/04\/1741192386228.jpeg\" alt=\"L\u2019IA n\u2019est pas un Far West juridique !\" width=\"2048\" height=\"1236\" srcset=\"https:\/\/visionarymarketing.com\/wp-content\/uploads\/2025\/04\/1741192386228.jpeg 1920w, https:\/\/visionarymarketing.com\/wp-content\/uploads\/2025\/04\/1741192386228-497x300.jpeg 497w, https:\/\/visionarymarketing.com\/wp-content\/uploads\/2025\/04\/1741192386228-1024x618.jpeg 1024w, https:\/\/visionarymarketing.com\/wp-content\/uploads\/2025\/04\/1741192386228-768x464.jpeg 768w, https:\/\/visionarymarketing.com\/wp-content\/uploads\/2025\/04\/1741192386228-1536x927.jpeg 1536w, https:\/\/visionarymarketing.com\/wp-content\/uploads\/2025\/04\/1741192386228-780x470.jpeg 780w\" sizes=\"(max-width: 2048px) 100vw, 2048px\" \/><figcaption id=\"caption-attachment-83023\" class=\"wp-caption-text\">Aurore Sauviat nous a \u00e9clair\u00e9s sur la place du Copyright dans les cr\u00e9ations IA en \u00e9voquant 3 des questions les plus fr\u00e9quemment pos\u00e9es \u00e0 ce sujet.<\/figcaption><\/figure>\n<p style=\"font-weight: 400;\">Si du point de vue de l\u2019auteur et de l\u2019utilisateur, le \u00ab\u00a0pillage\u00a0\u00bb des \u0153uvres par les entra\u00eenements d&rsquo;IA g\u00e9n\u00e9ratives para\u00eet \u00e9vident, le probl\u00e8me est que la r\u00e9ponse \u00e0 la question \u00ab\u00a0amont\u00a0\u00bb, elle, l\u2019est beaucoup moins, nous explique la juriste.<\/p>\n<p style=\"font-weight: 400;\">C\u2019est que du c\u00f4t\u00e9 des \u00e9diteurs d&rsquo;intelligence artificielle, on essaie de se cacher derri\u00e8re \u00ab\u00a0<strong>certaines exceptions aux droits d&rsquo;auteur qui permettent de ne pas demander l&rsquo;autorisation au cr\u00e9ateur dans certains cas sp\u00e9cifiques\u00a0\u00bb<\/strong>. Il s\u2019agit du \u00ab\u00a0fair use\u00a0\u00bb aux USA (qu\u2019Aurore traduit fort justement par \u00ab\u00a0utilisation \u00e9quitable\u00a0\u00bb).<\/p>\n<h4>D\u00e9finition du fair use aux USA<\/h4>\n<p style=\"font-weight: 400;\">\u00ab\u00a0L&rsquo;utilisation \u00e9quitable permet \u00e0 une partie d&rsquo;utiliser une \u0153uvre prot\u00e9g\u00e9e par des droits d&rsquo;auteur sans l&rsquo;autorisation du d\u00e9tenteur des droits d&rsquo;auteur \u00e0 des fins telles que la critique, le commentaire, le reportage, l&rsquo;enseignement, l&rsquo;\u00e9rudition ou la recherche.\u00a0\u00bb<br \/>\nCopyright Alliance, \u00ab\u00a0<a href=\"https:\/\/copyrightalliance.org\/faqs\/what-is-fair-use\/\">What is Fair Use<\/a>\u00a0\u00bb<\/p>\n<p style=\"font-weight: 400;\">\u00ab On commence \u00e0 avoir les premi\u00e8res r\u00e9ponses qui se d\u00e9gagent, mais elles sont extr\u00eamement parcellaires parce qu&rsquo;elles portent sur des contentieux tr\u00e8s sp\u00e9cifiques \u00bb, explique Aurore. Quoiqu\u2019il en soit, nous explique Aurore, \u00ab la posture adopt\u00e9e par les \u00e9diteurs d&rsquo;IA consiste quand m\u00eame \u00e0 ne pas payer pour ce qu&rsquo;ils ont \u2018scrap\u00e9\u2019 et \u00e0 recourir en Europe \u00e0 une autre exception. Il s&rsquo;agit de l&rsquo;exception de \u00ab text and data mining \u00bb (TDM) ou fouille de textes et de donn\u00e9es, qui a \u00e9t\u00e9 introduite par la Directive (UE) 2019\/790 sur le droit d\u2019auteur dans le march\u00e9 unique num\u00e9rique (<a href=\"https:\/\/fr.wikipedia.org\/wiki\/Directive_sur_le_droit_d'auteur_dans_le_march\u00e9_unique_num\u00e9rique\" target=\"_blank\" rel=\"noopener\">DSM<\/a>).<\/p>\n<p>Cette exception a \u00e9t\u00e9 \u00ab malheureusement cr\u00e9\u00e9e dans une directive sur le droit d&rsquo;auteur de 2019 \u00bb explique Aurore.<\/p>\n<p style=\"font-weight: 400;\">\u00c0 cette \u00e9poque, les LLM n\u2019avaient pas encore \u00e9t\u00e9 adopt\u00e9s massivement. Les n\u00e9gociations engag\u00e9es par les grands producteurs de contenus, les \u00ab majors \u00bb, la SACEM et son homologue allemand (GEMA) n&rsquo;ont pas abouti \u00e0 un accord sur la r\u00e9mun\u00e9ration des cr\u00e9ateurs dont les \u0153uvres avaient \u00e9t\u00e9 utilis\u00e9es sans autorisation. Si ces n\u00e9gociations n\u2019ont pas abouti explique la juriste, c\u2019est que le \u00ab but des \u00e9diteurs d&rsquo;IA est de ne pas payer ou de payer le plus tard possible \u00bb.<\/p>\n<h4>Utiliser un outil qui viole les droits d\u2019auteurs fait-elle de vous un voleur\u00a0?<\/h4>\n<p style=\"font-weight: 400;\">Ce n\u2019est pas parce que vous avez utilis\u00e9 un outil qui a viol\u00e9 les droits d\u2019auteur, que vous avez \u00ab automatiquement port\u00e9 atteinte \u00e0 ces droits d\u2019auteur \u00bb explique Aurore. \u00ab\u00a0Car la notion de contrefa\u00e7on ne s&rsquo;appr\u00e9cie pas de mani\u00e8re g\u00e9n\u00e9rale\u00a0\u00bb, et c&rsquo;est ce qui explique que les auteurs ont bien du mal \u00e0 faire valoir leurs droits.<\/p>\n<p style=\"font-weight: 400;\">D\u00e8s lors que vous utiliserez un outil d&rsquo;intelligence artificielle pour cr\u00e9er, en faisant \u0153uvre d\u2019un v\u00e9ritable processus cr\u00e9atif, et que vous produisez un r\u00e9sultat qui ne ressemble pas \u00e0 des \u0153uvres d&rsquo;art physiques existantes qu&rsquo;on peut nommer, d\u00e9nommer, ni identifier sp\u00e9cifiquement, alors vous ne violez pas les droits d\u2019auteur.<\/p>\n<p style=\"font-weight: 400;\">On imagine la difficult\u00e9 pour les artistes et les cr\u00e9ateurs de contenus \u00e0 faire valoir des droits qui sont finalement bien fragiles et qui, d\u2019autre part, ne sont pas prot\u00e9g\u00e9s \u00e0 la m\u00eame vitesse que celle qui r\u00e9git l\u2019innovation technologique. Au passage, cela vaut aussi pour nous, cr\u00e9ateurs de contenus professionnels, qui nourrissons Internet depuis 30 ans.<\/p>\n<h4>Droits d\u2019auteur et utilisation commerciale des \u00ab\u00a0\u0153uvres\u00a0\u00bb produites avec l\u2019IA\u00a0?<\/h4>\n<p style=\"font-weight: 400;\">Voici pour le sujet des droits d\u2019auteur en amont, mais il y a \u00e9galement le sujet aval\u00a0: \u00ab\u00a0Lorsque j&rsquo;int\u00e8gre dans mes workflows des outils d&rsquo;intelligence artificielle, est-ce que, premi\u00e8rement, je peux en faire une exploitation commerciale, et deuxi\u00e8mement, je peux revendiquer des droits d&rsquo;auteur ?\u00a0\u00bb<\/p>\n<p style=\"font-weight: 400;\">Ce sont encore \u00ab\u00a0des probl\u00e9matiques qu&rsquo;on m\u00e9lange \u00e0 tort\u00a0\u00bb, insiste Aurore Sauviat.<\/p>\n<h4>Conditions g\u00e9n\u00e9rales\u00a0: lire les petits caract\u00e8res<\/h4>\n<p style=\"font-weight: 400;\"><strong>Vous pouvez \u00e9ventuellement revendiquer une exploitation commerciale sans \u00eatre prot\u00e9g\u00e9 par le droit d&rsquo;auteur<\/strong>. La r\u00e9ponse \u00e0 la question ci-dessus est donc un \u00e9nigmatique \u00ab\u00a0\u00e7a d\u00e9pend\u00a0\u00bb.<\/p>\n<p style=\"font-weight: 400;\">Cela d\u00e9pend <strong>des conditions g\u00e9n\u00e9rales d&rsquo;utilisation des outils<\/strong> dont vous vous servez pour cr\u00e9er. Beaucoup de ces outils ont \u00e9t\u00e9 mis \u00e0 disposition en mode freemium. Aurore nous enjoint donc de \u00ab\u00a0bien lire les conditions g\u00e9n\u00e9rales d&rsquo;utilisation, car une utilisation gratuite ne permet pas librement, voire pas du tout, de faire des r\u00e9sultats produits une exploitation commerciale\u00a0\u00bb. Dans certains cas, un filigrane devrait \u00eatre appos\u00e9. C\u2019\u00e9tait d\u2019ailleurs la m\u00e9thode choisie par Adobe au moment du lancement d\u2019Adobe Firefly en 2023. Mais \u00e0 ma connaissance, ces filigranes ont \u00e9t\u00e9 abandonn\u00e9s depuis.<\/p>\n<figure id=\"attachment_83025\" aria-describedby=\"caption-attachment-83025\" style=\"width: 1040px\" class=\"wp-caption aligncenter\"><img decoding=\"async\" class=\"wp-image-83025 size-full\" src=\"https:\/\/visionarymarketing.com\/wp-content\/uploads\/2025\/04\/firefly-virtual-reality-gamer-female-plain-background-blue-happy-face-94144.jpg\" alt=\"Loi et IA \" width=\"1040\" height=\"594\" srcset=\"https:\/\/visionarymarketing.com\/wp-content\/uploads\/2025\/04\/firefly-virtual-reality-gamer-female-plain-background-blue-happy-face-94144.jpg 1040w, https:\/\/visionarymarketing.com\/wp-content\/uploads\/2025\/04\/firefly-virtual-reality-gamer-female-plain-background-blue-happy-face-94144-500x286.jpg 500w, https:\/\/visionarymarketing.com\/wp-content\/uploads\/2025\/04\/firefly-virtual-reality-gamer-female-plain-background-blue-happy-face-94144-1024x585.jpg 1024w, https:\/\/visionarymarketing.com\/wp-content\/uploads\/2025\/04\/firefly-virtual-reality-gamer-female-plain-background-blue-happy-face-94144-768x439.jpg 768w\" sizes=\"(max-width: 1040px) 100vw, 1040px\" \/><figcaption id=\"caption-attachment-83025\" class=\"wp-caption-text\">Loi et IA : une image produite avec Adobe Firefly en juillet 2023. Depuis, le filigrane a disparu.<\/figcaption><\/figure>\n<h4>Loi et IA : Revendiquer les droits d\u2019auteur de l\u2019IA ?<\/h4>\n<p style=\"font-weight: 400;\">Deuxi\u00e8me question distincte de la premi\u00e8re, \u00ab\u00a0Est-ce que je peux revendiquer des droits d&rsquo;auteur sur ce que j&rsquo;ai cr\u00e9\u00e9 \u00e0 l&rsquo;aide d&rsquo;un outil d&rsquo;intelligence artificielle ?\u00a0\u00bb L\u00e0 encore, la r\u00e9ponse est \u00ab \u00c7a d\u00e9pend de l\u2019originalit\u00e9 de votre cr\u00e9ation\u00a0\u00bb, explique Aurore Sauviat.<\/p>\n<p style=\"font-weight: 400;\">\u00ab\u00a0<strong>Juridiquement, cela signifie que votre cr\u00e9ation t\u00e9moigne de l&#8217;empreinte de la personnalit\u00e9 d&rsquo;un auteur<\/strong>\u00a0\u00bb. Ce langage juridique issu de la jurisprudence peut se traduire en bon fran\u00e7ais. Cela signifie que <strong>vous \u00eates capable de d\u00e9montrer l\u2019ensemble de vos choix cr\u00e9atifs. <\/strong>Aurore, qui travaille exclusivement avec des cr\u00e9atifs explique ainsi que \u00ab\u00a0lorsque les cr\u00e9as utilisent l&rsquo;IA pour g\u00e9n\u00e9rer quelque chose, ce n&rsquo;est pas avec une simple phrase, un prompt, un r\u00e9sultat vite fait exploit\u00e9 directement\u00a0\u00bb. Au contraire, ils travaillent en amont, r\u00e9alisent des croquis, cr\u00e9ent des \u00ab\u00a0moodboards\u00a0\u00bb, ils r\u00e9fl\u00e9chissent \u00e0 leur travail et proc\u00e8dent de mani\u00e8re it\u00e9rative. Enfin, ils travaillent aussi \u00e0 leur postproduction en corrigeant les r\u00e9sultats bruts issus de l\u2019IA. Par ailleurs, ils ne donnent pas d\u2019\u00e9l\u00e9ment de marque \u00e0 l\u2019IA, ils les int\u00e8grent en postproduction. \u00ab\u00a0C\u2019est l\u2019ensemble de ce processus cr\u00e9atif qui d\u00e9montre le droit d&rsquo;auteur et qui qualifie l&#8217;empreinte de la personnalit\u00e9 d&rsquo;un cr\u00e9ateur\u00a0\u00bb.<\/p>\n<figure id=\"attachment_83026\" aria-describedby=\"caption-attachment-83026\" style=\"width: 1160px\" class=\"wp-caption aligncenter\"><img decoding=\"async\" class=\"wp-image-83026 size-full\" src=\"https:\/\/visionarymarketing.com\/wp-content\/uploads\/2025\/04\/70a4f55c90-chamonix-ia.jpg\" alt=\"La publicit\u00e9 pour Chamonix en 2025 porte bien la mention de l\u2019utilisation de l\u2019IA. La pratique est plut\u00f4t bonne, mais cela n\u2019a pas emp\u00each\u00e9 le bad buzz.\" width=\"1160\" height=\"652\" srcset=\"https:\/\/visionarymarketing.com\/wp-content\/uploads\/2025\/04\/70a4f55c90-chamonix-ia.jpg 1160w, https:\/\/visionarymarketing.com\/wp-content\/uploads\/2025\/04\/70a4f55c90-chamonix-ia-500x281.jpg 500w, https:\/\/visionarymarketing.com\/wp-content\/uploads\/2025\/04\/70a4f55c90-chamonix-ia-1024x576.jpg 1024w, https:\/\/visionarymarketing.com\/wp-content\/uploads\/2025\/04\/70a4f55c90-chamonix-ia-768x432.jpg 768w, https:\/\/visionarymarketing.com\/wp-content\/uploads\/2025\/04\/70a4f55c90-chamonix-ia-390x220.jpg 390w\" sizes=\"(max-width: 1160px) 100vw, 1160px\" \/><figcaption id=\"caption-attachment-83026\" class=\"wp-caption-text\">La publicit\u00e9 pour Chamonix en 2025 porte bien la mention de l\u2019utilisation de l\u2019IA. La pratique est plut\u00f4t bonne du point de vue de la loi et de l&rsquo;IA, mais cela n\u2019a pas emp\u00each\u00e9 le bad buzz.<\/figcaption><\/figure>\n<p style=\"font-weight: 400;\">Malgr\u00e9 les grandes diff\u00e9rences entre copyright et droits d\u2019auteur, la situation entre la France et les \u00c9tats-Unis n\u2019est pas tr\u00e8s diff\u00e9rente, explique la juriste.<\/p>\n<blockquote class=\"quote-light\">\n<p style=\"font-weight: 400;\">La seule diff\u00e9rence avec les \u00c9tats-Unis, c&rsquo;est que de l\u2019autre c\u00f4t\u00e9 de l\u2019Atlantique, le copyright fait l\u2019objet d\u2019un enregistrement. Au moment de la cr\u00e9ation de l\u2019\u0153uvre, vous la soumettez \u00e0 l&rsquo;US Copyright Office et on vous r\u00e9pond tout de suite si c&rsquo;est &lsquo;copyrightable&rsquo; ou non.<\/p>\n<\/blockquote>\n<p style=\"font-weight: 400;\">Ici, la situation est invers\u00e9e. Juridiquement, en <strong>France, vous d\u00e9tenez des droits d&rsquo;auteur d\u00e8s lors que vous mat\u00e9rialisez votre \u0153uvre<\/strong>. Et c&rsquo;est seulement quand il y a un contentieux judiciaire sur du plagiat que vous allez devoir d\u00e9montrer que, d\u2019une part, vous \u00eates titulaire des droits d&rsquo;auteur et d\u2019autre part, que <strong>vous allez d\u00e9montrer pourquoi votre \u0153uvre est originale<\/strong>.<\/p>\n<p style=\"font-weight: 400;\">En conclusion, quand vous \u00eates cr\u00e9atif, vous vous devez de \u00ab\u00a0documenter vos processus cr\u00e9atifs et garder des preuves de ce processus\u00a0\u00bb. La preuve sur ces sujets-l\u00e0 se fait par tout moyen qui vous permettra de revendiquer des droits d&rsquo;auteur sur ce que vous avez cr\u00e9\u00e9 \u00e0 l&rsquo;aide de l&rsquo;intelligence artificielle\u00a0\u00bb.<\/p>\n<h3>IA et droit \u00e0 l\u2019image<\/h3>\n<p style=\"font-weight: 400;\">Deuxi\u00e8me sujet connexe, l\u2019IA et le droit \u00e0 l\u2019image. Que se passe-t-il quand, lors de l\u2019utilisation de l\u2019IA, je d\u00e9cide d&rsquo;exploiter les droits \u00e0 l&rsquo;image de personnes physiques\u00a0?<\/p>\n<p style=\"font-weight: 400;\">Cela peut se mat\u00e9rialiser dans du clonage vocal, ou la r\u00e9utilisation de l&rsquo;image, des attributs de la personnalit\u00e9 de quelqu&rsquo;un, qu&rsquo;il soit vivant ou qu&rsquo;il soit mort. <span lang=\"FR\">La question des clients d\u2019Aurore est \u00ab ai-je le droit de le faire ? \u00bb <\/span>Pour une fois, la r\u00e9ponse est beaucoup plus simple, nous explique la juriste. \u00ab\u00a0Ce n\u2019est pas du tout une zone grise\u00a0\u00bb.<\/p>\n<p style=\"font-weight: 400;\">\u00ab\u00a0Tant que vous \u00eates vivant, vous pouvez vous opposer \u00e0 l&rsquo;exploitation de votre image, de votre voix, de votre attitude, de votre fa\u00e7on de marcher, de votre nom ou de votre pr\u00e9nom si l\u2019on a omis de vous demander votre autorisation\u00a0\u00bb.<\/p>\n<p style=\"font-weight: 400;\">C\u2019est ce qui s\u2019est pass\u00e9 avec Scarlett Johnson et la voix d\u2019OpenAI. Sam Altman est un grand fan du film Her et il avait demand\u00e9 \u00e0 Scarlett Johnson d&rsquo;utiliser sa voix pour faire la voix d&rsquo;OpenAI. Celle-ci avait refus\u00e9. Altman a donc recr\u00e9\u00e9 la voix de Scarlett Johnson. Mais l\u2019actrice \u00e9tant toujours vivante, \u00ab elle s&rsquo;est oppos\u00e9e \u00e0 la r\u00e9plication de quelque chose qui reproduisait sa voix de mani\u00e8re extr\u00eamement proche\u00a0\u00bb.<\/p>\n<p style=\"font-weight: 400;\">Sous la pression du bad buzz, OpenAI a finalement fait marche arri\u00e8re. Mais juridiquement, ils auraient pu avoir des arguments pour poursuivre l&rsquo;utilisation de cette voix-l\u00e0 qui ressemble \u00e0 celle de Scarlett Johnson, car il s\u2019agissait en fait de la synth\u00e9tisation de la voix d\u2019un autre \u00eatre humain.<\/p>\n<h4>Open-bar pour les personnes d\u00e9c\u00e9d\u00e9es\u00a0!<\/h4>\n<p style=\"font-weight: 400;\">Pour les c\u00e9l\u00e9brit\u00e9s d\u00e9c\u00e9d\u00e9es, c\u2019est une tout autre histoire. \u00ab\u00a0 D\u00e8s lors que vous mourrez, vous n&rsquo;avez plus de droit \u00e0 la personnalit\u00e9 et vos h\u00e9ritiers ne r\u00e9cup\u00e8rent pas non plus ce droit\u00a0\u00bb.<\/p>\n<p style=\"font-weight: 400;\">Si une c\u00e9l\u00e9brit\u00e9 meurt, n&rsquo;importe qui peut r\u00e9utiliser son image pour faire de la publicit\u00e9, de la promotion. C&rsquo;est pour cela qu&rsquo;on voit Gandhi qui, depuis des ann\u00e9es, vend du Microsoft, vend des voitures, ou Einstein ou Marilyn Monroe qui nous vendent des pizzas. M\u00eame si avec l&rsquo;arriv\u00e9e de l&rsquo;intelligence artificielle, cela heurte plus le public, il ne s\u2019agit pas d\u2019une infraction \u00e0 la loi.<\/p>\n<h4>Le cas des deepfakes<\/h4>\n<p style=\"font-weight: 400;\">Ensuite, il y a le sujet qui est celui des deepfakes. Tout le monde pense que c&rsquo;est interdit. Mais ce n\u2019est pas aussi simple que cela.<\/p>\n<p style=\"font-weight: 400;\">\u00ab\u00a0Le deepfake en soi n&rsquo;est pas du tout interdit, car il est soumis au principe de la libert\u00e9 d&rsquo;expression\u00a0\u00bb.<\/p>\n<p style=\"font-weight: 400;\">On a donc le droit de faire un deepfake pour r\u00e9aliser une satire, une caricature politique. Cela existe depuis longtemps nous confirme la juriste. Les adeptes de Canteloup le savent.<\/p>\n<p style=\"font-weight: 400;\">\u00ab\u00a0La premi\u00e8re contrainte, c\u2019est l\u2019obligation de mentionner que vous faites du deepfake\u00a0\u00bb, explique Aurore, et que \u00ab\u00a0vous avez r\u00e9utilis\u00e9 un outil d&rsquo;IA pour r\u00e9g\u00e9n\u00e9rer l\u2019image ou la voix de quelqu&rsquo;un\u00a0\u00bb. Deuxi\u00e8me contrainte, \u00ab\u00a0ne pas porter atteinte \u00e0 l&rsquo;ordre public\u00a0\u00bb. En effet, plus de 90\u00a0% des deepfakes sont g\u00e9n\u00e9r\u00e9s dans des cas de \u00ab\u00a0revenge porn\u00a0\u00bb ou \u00e0 des fins pornographiques.<\/p>\n<p style=\"font-weight: 400;\">En dehors de ces limites, le deepfake n&rsquo;est donc pas interdit.<\/p>\n<h3>IA et responsabilit\u00e9<\/h3>\n<p style=\"font-weight: 400;\">Dernier cas d\u2019usage d\u00e9crit par Aurore lors de cette conf\u00e9rence, <strong>IA et responsabilit\u00e9<\/strong>. Cela est particuli\u00e8rement important dans le cas o\u00f9 vous mettez en place des chatbots dans le cadre de vos activit\u00e9s. Aurore a eu notamment le cas avec des soci\u00e9t\u00e9s du secteur de l\u2019\u00e9v\u00e9nementiel.<\/p>\n<h4>Suis-je responsable si l&rsquo;IA dit n&rsquo;importe quoi\u00a0?<\/h4>\n<p style=\"font-weight: 400;\">Pour faire court, la r\u00e9ponse est oui, nous explique la juriste.<\/p>\n<p style=\"font-weight: 400;\">Ce ne peut \u00eatre l&rsquo;IA qui est responsable, elle n&rsquo;est ni une personne physique ni morale. Ce ne peut \u00eatre l&rsquo;\u00e9diteur de la solution non plus, car \u00ab\u00a0il ne fait que vous fournir un outil, et vous \u00eates responsable de la fa\u00e7on dont vous l&rsquo;utilisez\u00a0\u00bb. Pas plus que n&rsquo;allez poursuivre Nikon au cas o\u00f9 vous avez r\u00e9alis\u00e9 une photo ill\u00e9gale avec un appareil de cette marque, vous ne pourrez pas non plus poursuivre l&rsquo;\u00e9diteur de votre solution de chatbot IA.<\/p>\n<h3>En conclusion, l&rsquo;IA, ce n&rsquo;est pas le Far West\u00a0!<\/h3>\n<p style=\"font-weight: 400;\">En conclusion, Aurore nous a rassur\u00e9s\u00a0\u00a0: \u00ab\u00a0L&rsquo;IA, ce n&rsquo;est pas du tout le Far West.\u00a0\u00bb Les juristes ont beaucoup de r\u00e9ponses \u00e0 vous apporter, nous a-t-elle dit.<\/p>\n<p style=\"font-weight: 400;\">\u00ab\u00a0Il existe un corpus important de textes en droit d&rsquo;auteur, en droit de la consommation, sur la loi influenceur et le fameux IA Act, qui nous permettent d&rsquo;apporter des r\u00e9ponses.\u00a0\u00bb En conclusion, Aurore nous enjoint \u00e0 \u00ab\u00a0adopter les outils d&rsquo;IA pour [nos] m\u00e9tiers, si [nous] le [souhaitons]\u00a0\u00bb.<\/p>\n<p style=\"font-weight: 400;\">Mais elle nous pr\u00e9vient aussi sur la n\u00e9cessaire mise en place d&rsquo;un dispositif de s\u00e9curit\u00e9 juridique pour permettre de mettre en place ces technologies de mani\u00e8re saine pour nos entreprises.<\/p>\n<h4>IA et loi : ce n&rsquo;est pas un Far West juridique \u2014 pr\u00e9sentation d&rsquo;Aurore au Com en Or day<\/h4>\n<p><iframe title=\"\u00abIA, propri\u00e9t\u00e9 intellectuelle &amp; com&#039; : naviguer dans les zones grises juridiques\u00bb par Aurore SAUVIAT\" width=\"500\" height=\"281\" src=\"https:\/\/www.youtube.com\/embed\/RqWRmOrRnM8?feature=oembed\" frameborder=\"0\" allow=\"accelerometer; autoplay; clipboard-write; encrypted-media; gyroscope; picture-in-picture; web-share\" referrerpolicy=\"strict-origin-when-cross-origin\" allowfullscreen><\/iframe><\/p>\n<p>Nous vous invitons \u00e9galement <a href=\"https:\/\/visionarymarketing.com\/fr\/2025\/03\/20\/aux-ia-les-corvees-aux-humains-les-pensees\/\">\u00e0 regarder notre pr\u00e9sentation<\/a> lors de cet \u00e9v\u00e9nement du 20\u00a0mars 2025<\/p>\n<div itemscope itemtype=\"http:\/\/schema.org\/AudioObject\"><meta itemprop=\"name\" content=\"L&amp;rsquo;IA n&amp;rsquo;est pas un Far West juridique !\" \/><meta itemprop=\"uploadDate\" content=\"2025-04-08T08:48:49+02:00\" \/><meta itemprop=\"encodingFormat\" content=\"audio\/mpeg\" \/><meta itemprop=\"duration\" content=\"PT21M33S\" \/><meta itemprop=\"description\" content=\"Malgr\u00e9 les apparences, IA et loi ne sont pas incompatibles. Si de nombreuses questions se posent quant \u00e0 l&#039;utilisation de l&#039;IA, nous a expliqu\u00e9 Aurore Sauviat, avocate associ\u00e9e chez Lawderis Avocats au Com\u2019 en Or Day de Lille le 20 mars 2025, des r\u00e9p...\" \/><meta itemprop=\"contentUrl\" content=\"https:\/\/media.blubrry.com\/visionarymarketing_les\/agence.visionarymarketing.com\/files\/podcasts\/2025-04-08-Aurore-Sauviat-IA-Loi.mp3\" \/><meta itemprop=\"contentSize\" content=\"14.3\" \/><div class=\"powerpress_player\" id=\"powerpress_player_8239\"><audio class=\"wp-audio-shortcode\" id=\"audio-83019-1\" preload=\"none\" style=\"width: 100%;\" controls=\"controls\"><source type=\"audio\/mpeg\" src=\"https:\/\/media.blubrry.com\/visionarymarketing_les\/agence.visionarymarketing.com\/files\/podcasts\/2025-04-08-Aurore-Sauviat-IA-Loi.mp3?_=1\" \/><a href=\"https:\/\/media.blubrry.com\/visionarymarketing_les\/agence.visionarymarketing.com\/files\/podcasts\/2025-04-08-Aurore-Sauviat-IA-Loi.mp3\">https:\/\/media.blubrry.com\/visionarymarketing_les\/agence.visionarymarketing.com\/files\/podcasts\/2025-04-08-Aurore-Sauviat-IA-Loi.mp3<\/a><\/audio><\/div><\/div><p class=\"powerpress_links powerpress_links_mp3\" style=\"margin-bottom: 1px !important;\">Podcast: <a href=\"https:\/\/media.blubrry.com\/visionarymarketing_les\/agence.visionarymarketing.com\/files\/podcasts\/2025-04-08-Aurore-Sauviat-IA-Loi.mp3\" class=\"powerpress_link_pinw\" target=\"_blank\" title=\"Play in new window\" onclick=\"return powerpress_pinw('https:\/\/visionarymarketing.com\/fr\/\/?powerpress_pinw=83019-podcast');\" rel=\"nofollow\">Play in new window<\/a> | <a href=\"https:\/\/media.blubrry.com\/visionarymarketing_les\/agence.visionarymarketing.com\/files\/podcasts\/2025-04-08-Aurore-Sauviat-IA-Loi.mp3\" class=\"powerpress_link_d\" title=\"Download\" rel=\"nofollow\" download=\"2025-04-08-Aurore-Sauviat-IA-Loi.mp3\">Download<\/a> (Duration: 21:33 &#8212; 14.3MB)<\/p><p class=\"powerpress_links powerpress_subscribe_links\">Subscribe: <a href=\"https:\/\/itunes.apple.com\/us\/podcast\/visionarymarketing-les-interviews\/id731295319?mt=2&amp;ls=1#episodeGuid=https%3A%2F%2Fvisionarymarketing.com%2F%3Fp%3D83019\" class=\"powerpress_link_subscribe powerpress_link_subscribe_itunes\" target=\"_blank\" title=\"Subscribe on Apple Podcasts\" rel=\"nofollow\">Apple Podcasts<\/a> | <a href=\"https:\/\/open.spotify.com\/show\/52VnZ1mhVSnDs4tQOx7Vuc\" class=\"powerpress_link_subscribe powerpress_link_subscribe_spotify\" target=\"_blank\" title=\"Subscribe on Spotify\" rel=\"nofollow\">Spotify<\/a> | <a href=\"https:\/\/subscribeonandroid.com\/visionarymarketing.com\/fr\/feed\/podcast\/\" class=\"powerpress_link_subscribe powerpress_link_subscribe_android\" target=\"_blank\" title=\"Subscribe on Android\" rel=\"nofollow\">Android<\/a> | <a href=\"https:\/\/visionarymarketing.com\/fr\/feed\/podcast\/\" class=\"powerpress_link_subscribe powerpress_link_subscribe_rss\" target=\"_blank\" title=\"Subscribe via RSS\" rel=\"nofollow\">RSS<\/a><\/p>","protected":false},"excerpt":{"rendered":"<p>Malgr\u00e9 les apparences, IA et loi ne sont pas incompatibles. Si de nombreuses questions se posent quant \u00e0 l&rsquo;utilisation de l&rsquo;IA, nous a expliqu\u00e9 Aurore Sauviat, avocate associ\u00e9e chez Lawderis Avocats au Com\u2019 en Or Day de Lille le 20 mars 2025, des r\u00e9ponses juridiques existent. Cr\u00e9er avec l&rsquo;IA m\u00e8ne-t-il forc\u00e9ment \u00e0 la contrefa\u00e7on ? &hellip;<\/p>\n","protected":false},"author":2,"featured_media":83023,"comment_status":"open","ping_status":"open","sticky":false,"template":"","format":"standard","meta":{"footnotes":""},"categories":[2894],"tags":[],"class_list":["post-83019","post","type-post","status-publish","format-standard","has-post-thumbnail","hentry","category-ia-big-data"],"yoast_head":"<!-- This site is optimized with the Yoast SEO plugin v27.5 - https:\/\/yoast.com\/product\/yoast-seo-wordpress\/ -->\n<title>Loi et IA : L&#039;IA n&#039;est pas un Far West juridique !<\/title>\n<meta name=\"description\" content=\"Malgr\u00e9 les apparences, IA et loi ne sont pas incompatibles. Des questions se posent quant \u00e0 son utilisation mais des r\u00e9ponses existent\" \/>\n<meta name=\"robots\" content=\"index, follow, max-snippet:-1, max-image-preview:large, max-video-preview:-1\" \/>\n<link rel=\"canonical\" href=\"https:\/\/visionarymarketing.com\/fr\/2025\/04\/08\/ia-et-loi\/\" \/>\n<meta property=\"og:locale\" content=\"fr_FR\" \/>\n<meta property=\"og:type\" content=\"article\" \/>\n<meta property=\"og:title\" content=\"Loi et IA : L&#039;IA n&#039;est pas un Far West juridique !\" \/>\n<meta property=\"og:description\" content=\"Malgr\u00e9 les apparences, IA et loi ne sont pas incompatibles. Des questions se posent quant \u00e0 son utilisation mais des r\u00e9ponses existent\" \/>\n<meta property=\"og:url\" content=\"https:\/\/visionarymarketing.com\/fr\/2025\/04\/08\/ia-et-loi\/\" \/>\n<meta property=\"og:site_name\" content=\"Marketing and Innovation\" \/>\n<meta property=\"article:publisher\" content=\"https:\/\/www.facebook.com\/vismktg\" \/>\n<meta property=\"article:author\" content=\"http:\/\/facebook.com\/ygourven\" \/>\n<meta property=\"article:published_time\" content=\"2025-04-08T06:48:49+00:00\" \/>\n<meta property=\"article:modified_time\" content=\"2025-05-08T09:03:03+00:00\" \/>\n<meta property=\"og:image\" content=\"https:\/\/visionarymarketing.com\/wp-content\/uploads\/2025\/04\/1741192386228.jpeg\" \/>\n\t<meta property=\"og:image:width\" content=\"2048\" \/>\n\t<meta property=\"og:image:height\" content=\"1236\" \/>\n\t<meta property=\"og:image:type\" content=\"image\/jpeg\" \/>\n<meta name=\"author\" content=\"Yann Gourvennec\" \/>\n<meta name=\"twitter:card\" content=\"summary_large_image\" \/>\n<meta name=\"twitter:creator\" content=\"@ygourven\" \/>\n<meta name=\"twitter:site\" content=\"@ygourven\" \/>\n<meta name=\"twitter:label1\" content=\"\u00c9crit par\" \/>\n\t<meta name=\"twitter:data1\" content=\"Yann Gourvennec\" \/>\n\t<meta name=\"twitter:label2\" content=\"Dur\u00e9e de lecture estim\u00e9e\" \/>\n\t<meta name=\"twitter:data2\" content=\"11 minutes\" \/>\n<script type=\"application\/ld+json\" class=\"yoast-schema-graph\">{\"@context\":\"https:\\\/\\\/schema.org\",\"@graph\":[{\"@type\":\"NewsArticle\",\"@id\":\"https:\\\/\\\/visionarymarketing.com\\\/fr\\\/2025\\\/04\\\/08\\\/ia-et-loi\\\/#article\",\"isPartOf\":{\"@id\":\"https:\\\/\\\/visionarymarketing.com\\\/fr\\\/2025\\\/04\\\/08\\\/ia-et-loi\\\/\"},\"author\":{\"name\":\"Yann Gourvennec\",\"@id\":\"https:\\\/\\\/visionarymarketing.com\\\/fr\\\/#\\\/schema\\\/person\\\/3754fee1e558f47b8deb46f53c37423e\"},\"headline\":\"L&rsquo;IA n&rsquo;est pas un Far West juridique !\",\"datePublished\":\"2025-04-08T06:48:49+00:00\",\"dateModified\":\"2025-05-08T09:03:03+00:00\",\"mainEntityOfPage\":{\"@id\":\"https:\\\/\\\/visionarymarketing.com\\\/fr\\\/2025\\\/04\\\/08\\\/ia-et-loi\\\/\"},\"wordCount\":2655,\"commentCount\":0,\"image\":{\"@id\":\"https:\\\/\\\/visionarymarketing.com\\\/fr\\\/2025\\\/04\\\/08\\\/ia-et-loi\\\/#primaryimage\"},\"thumbnailUrl\":\"https:\\\/\\\/visionarymarketing.com\\\/wp-content\\\/uploads\\\/2025\\\/04\\\/1741192386228.jpeg\",\"articleSection\":[\"IA et Big Data\"],\"inLanguage\":\"fr-FR\",\"potentialAction\":[{\"@type\":\"CommentAction\",\"name\":\"Comment\",\"target\":[\"https:\\\/\\\/visionarymarketing.com\\\/fr\\\/2025\\\/04\\\/08\\\/ia-et-loi\\\/#respond\"]}]},{\"@type\":\"WebPage\",\"@id\":\"https:\\\/\\\/visionarymarketing.com\\\/fr\\\/2025\\\/04\\\/08\\\/ia-et-loi\\\/\",\"url\":\"https:\\\/\\\/visionarymarketing.com\\\/fr\\\/2025\\\/04\\\/08\\\/ia-et-loi\\\/\",\"name\":\"Loi et IA : L'IA n'est pas un Far West juridique !\",\"isPartOf\":{\"@id\":\"https:\\\/\\\/visionarymarketing.com\\\/fr\\\/#website\"},\"primaryImageOfPage\":{\"@id\":\"https:\\\/\\\/visionarymarketing.com\\\/fr\\\/2025\\\/04\\\/08\\\/ia-et-loi\\\/#primaryimage\"},\"image\":{\"@id\":\"https:\\\/\\\/visionarymarketing.com\\\/fr\\\/2025\\\/04\\\/08\\\/ia-et-loi\\\/#primaryimage\"},\"thumbnailUrl\":\"https:\\\/\\\/visionarymarketing.com\\\/wp-content\\\/uploads\\\/2025\\\/04\\\/1741192386228.jpeg\",\"datePublished\":\"2025-04-08T06:48:49+00:00\",\"dateModified\":\"2025-05-08T09:03:03+00:00\",\"author\":{\"@id\":\"https:\\\/\\\/visionarymarketing.com\\\/fr\\\/#\\\/schema\\\/person\\\/3754fee1e558f47b8deb46f53c37423e\"},\"description\":\"Malgr\u00e9 les apparences, IA et loi ne sont pas incompatibles. Des questions se posent quant \u00e0 son utilisation mais des r\u00e9ponses existent\",\"breadcrumb\":{\"@id\":\"https:\\\/\\\/visionarymarketing.com\\\/fr\\\/2025\\\/04\\\/08\\\/ia-et-loi\\\/#breadcrumb\"},\"inLanguage\":\"fr-FR\",\"potentialAction\":[{\"@type\":\"ReadAction\",\"target\":[\"https:\\\/\\\/visionarymarketing.com\\\/fr\\\/2025\\\/04\\\/08\\\/ia-et-loi\\\/\"]}]},{\"@type\":\"ImageObject\",\"inLanguage\":\"fr-FR\",\"@id\":\"https:\\\/\\\/visionarymarketing.com\\\/fr\\\/2025\\\/04\\\/08\\\/ia-et-loi\\\/#primaryimage\",\"url\":\"https:\\\/\\\/visionarymarketing.com\\\/wp-content\\\/uploads\\\/2025\\\/04\\\/1741192386228.jpeg\",\"contentUrl\":\"https:\\\/\\\/visionarymarketing.com\\\/wp-content\\\/uploads\\\/2025\\\/04\\\/1741192386228.jpeg\",\"width\":1920,\"height\":1159,\"caption\":\"Aurore Sauviat nous a \u00e9clair\u00e9 sur la place du Copyright dans les cr\u00e9ations IA en \u00e9voquant 3 des questions les plus fr\u00e9quemment pos\u00e9e \u00e0 ce sujet.\"},{\"@type\":\"BreadcrumbList\",\"@id\":\"https:\\\/\\\/visionarymarketing.com\\\/fr\\\/2025\\\/04\\\/08\\\/ia-et-loi\\\/#breadcrumb\",\"itemListElement\":[{\"@type\":\"ListItem\",\"position\":1,\"name\":\"Home\",\"item\":\"https:\\\/\\\/visionarymarketing.com\\\/fr\\\/\"},{\"@type\":\"ListItem\",\"position\":2,\"name\":\"L&#8217;IA n&#8217;est pas un Far West juridique !\"}]},{\"@type\":\"WebSite\",\"@id\":\"https:\\\/\\\/visionarymarketing.com\\\/fr\\\/#website\",\"url\":\"https:\\\/\\\/visionarymarketing.com\\\/fr\\\/\",\"name\":\"Marketing and Innovation\",\"description\":\"Site d&#039;infos ind\u00e9pendant, depuis 1996\",\"potentialAction\":[{\"@type\":\"SearchAction\",\"target\":{\"@type\":\"EntryPoint\",\"urlTemplate\":\"https:\\\/\\\/visionarymarketing.com\\\/fr\\\/?s={search_term_string}\"},\"query-input\":{\"@type\":\"PropertyValueSpecification\",\"valueRequired\":true,\"valueName\":\"search_term_string\"}}],\"inLanguage\":\"fr-FR\"},{\"@type\":\"Person\",\"@id\":\"https:\\\/\\\/visionarymarketing.com\\\/fr\\\/#\\\/schema\\\/person\\\/3754fee1e558f47b8deb46f53c37423e\",\"name\":\"Yann Gourvennec\",\"image\":{\"@type\":\"ImageObject\",\"inLanguage\":\"fr-FR\",\"@id\":\"https:\\\/\\\/secure.gravatar.com\\\/avatar\\\/5972001801e8de5692a3e31224e85769f50a55fb8b679749f9c8d1868cceff14?s=96&d=initials&r=g&initials=yg\",\"url\":\"https:\\\/\\\/secure.gravatar.com\\\/avatar\\\/5972001801e8de5692a3e31224e85769f50a55fb8b679749f9c8d1868cceff14?s=96&d=initials&r=g&initials=yg\",\"contentUrl\":\"https:\\\/\\\/secure.gravatar.com\\\/avatar\\\/5972001801e8de5692a3e31224e85769f50a55fb8b679749f9c8d1868cceff14?s=96&d=initials&r=g&initials=yg\",\"caption\":\"Yann Gourvennec\"},\"description\":\"Yann Gourvennec created visionarymarketing.com in 1996. He is a speaker and author of many books. In 2014 he went from intrapreneur to entrepreneur, when he created his digital marketing agency. Yann Gourvennec a cr\u00e9\u00e9 visionarymarketing.com en 1996. Il est conf\u00e9rencier et auteur de plusieurs livres. En 2014, il est pass\u00e9 d'intrapreneur \u00e0 entrepreneur en cr\u00e9ant son agence de marketing num\u00e9rique.\",\"sameAs\":[\"https:\\\/\\\/visionarymarketing.com\",\"http:\\\/\\\/facebook.com\\\/ygourven\",\"http:\\\/\\\/linkedin.com\\\/in\\\/ygourven\",\"https:\\\/\\\/x.com\\\/ygourven\",\"https:\\\/\\\/www.youtube.com\\\/c\\\/visionarymarketingagency\"],\"url\":\"https:\\\/\\\/visionarymarketing.com\\\/fr\\\/author\\\/yann-gourvennec\\\/\"}]}<\/script>\n<!-- \/ Yoast SEO plugin. -->","yoast_head_json":{"title":"Loi et IA : L'IA n'est pas un Far West juridique !","description":"Malgr\u00e9 les apparences, IA et loi ne sont pas incompatibles. Des questions se posent quant \u00e0 son utilisation mais des r\u00e9ponses existent","robots":{"index":"index","follow":"follow","max-snippet":"max-snippet:-1","max-image-preview":"max-image-preview:large","max-video-preview":"max-video-preview:-1"},"canonical":"https:\/\/visionarymarketing.com\/fr\/2025\/04\/08\/ia-et-loi\/","og_locale":"fr_FR","og_type":"article","og_title":"Loi et IA : L'IA n'est pas un Far West juridique !","og_description":"Malgr\u00e9 les apparences, IA et loi ne sont pas incompatibles. Des questions se posent quant \u00e0 son utilisation mais des r\u00e9ponses existent","og_url":"https:\/\/visionarymarketing.com\/fr\/2025\/04\/08\/ia-et-loi\/","og_site_name":"Marketing and Innovation","article_publisher":"https:\/\/www.facebook.com\/vismktg","article_author":"http:\/\/facebook.com\/ygourven","article_published_time":"2025-04-08T06:48:49+00:00","article_modified_time":"2025-05-08T09:03:03+00:00","og_image":[{"width":2048,"height":1236,"url":"https:\/\/visionarymarketing.com\/wp-content\/uploads\/2025\/04\/1741192386228.jpeg","type":"image\/jpeg"}],"author":"Yann Gourvennec","twitter_card":"summary_large_image","twitter_creator":"@ygourven","twitter_site":"@ygourven","twitter_misc":{"\u00c9crit par":"Yann Gourvennec","Dur\u00e9e de lecture estim\u00e9e":"11 minutes"},"schema":{"@context":"https:\/\/schema.org","@graph":[{"@type":"NewsArticle","@id":"https:\/\/visionarymarketing.com\/fr\/2025\/04\/08\/ia-et-loi\/#article","isPartOf":{"@id":"https:\/\/visionarymarketing.com\/fr\/2025\/04\/08\/ia-et-loi\/"},"author":{"name":"Yann Gourvennec","@id":"https:\/\/visionarymarketing.com\/fr\/#\/schema\/person\/3754fee1e558f47b8deb46f53c37423e"},"headline":"L&rsquo;IA n&rsquo;est pas un Far West juridique !","datePublished":"2025-04-08T06:48:49+00:00","dateModified":"2025-05-08T09:03:03+00:00","mainEntityOfPage":{"@id":"https:\/\/visionarymarketing.com\/fr\/2025\/04\/08\/ia-et-loi\/"},"wordCount":2655,"commentCount":0,"image":{"@id":"https:\/\/visionarymarketing.com\/fr\/2025\/04\/08\/ia-et-loi\/#primaryimage"},"thumbnailUrl":"https:\/\/visionarymarketing.com\/wp-content\/uploads\/2025\/04\/1741192386228.jpeg","articleSection":["IA et Big Data"],"inLanguage":"fr-FR","potentialAction":[{"@type":"CommentAction","name":"Comment","target":["https:\/\/visionarymarketing.com\/fr\/2025\/04\/08\/ia-et-loi\/#respond"]}]},{"@type":"WebPage","@id":"https:\/\/visionarymarketing.com\/fr\/2025\/04\/08\/ia-et-loi\/","url":"https:\/\/visionarymarketing.com\/fr\/2025\/04\/08\/ia-et-loi\/","name":"Loi et IA : L'IA n'est pas un Far West juridique !","isPartOf":{"@id":"https:\/\/visionarymarketing.com\/fr\/#website"},"primaryImageOfPage":{"@id":"https:\/\/visionarymarketing.com\/fr\/2025\/04\/08\/ia-et-loi\/#primaryimage"},"image":{"@id":"https:\/\/visionarymarketing.com\/fr\/2025\/04\/08\/ia-et-loi\/#primaryimage"},"thumbnailUrl":"https:\/\/visionarymarketing.com\/wp-content\/uploads\/2025\/04\/1741192386228.jpeg","datePublished":"2025-04-08T06:48:49+00:00","dateModified":"2025-05-08T09:03:03+00:00","author":{"@id":"https:\/\/visionarymarketing.com\/fr\/#\/schema\/person\/3754fee1e558f47b8deb46f53c37423e"},"description":"Malgr\u00e9 les apparences, IA et loi ne sont pas incompatibles. Des questions se posent quant \u00e0 son utilisation mais des r\u00e9ponses existent","breadcrumb":{"@id":"https:\/\/visionarymarketing.com\/fr\/2025\/04\/08\/ia-et-loi\/#breadcrumb"},"inLanguage":"fr-FR","potentialAction":[{"@type":"ReadAction","target":["https:\/\/visionarymarketing.com\/fr\/2025\/04\/08\/ia-et-loi\/"]}]},{"@type":"ImageObject","inLanguage":"fr-FR","@id":"https:\/\/visionarymarketing.com\/fr\/2025\/04\/08\/ia-et-loi\/#primaryimage","url":"https:\/\/visionarymarketing.com\/wp-content\/uploads\/2025\/04\/1741192386228.jpeg","contentUrl":"https:\/\/visionarymarketing.com\/wp-content\/uploads\/2025\/04\/1741192386228.jpeg","width":1920,"height":1159,"caption":"Aurore Sauviat nous a \u00e9clair\u00e9 sur la place du Copyright dans les cr\u00e9ations IA en \u00e9voquant 3 des questions les plus fr\u00e9quemment pos\u00e9e \u00e0 ce sujet."},{"@type":"BreadcrumbList","@id":"https:\/\/visionarymarketing.com\/fr\/2025\/04\/08\/ia-et-loi\/#breadcrumb","itemListElement":[{"@type":"ListItem","position":1,"name":"Home","item":"https:\/\/visionarymarketing.com\/fr\/"},{"@type":"ListItem","position":2,"name":"L&#8217;IA n&#8217;est pas un Far West juridique !"}]},{"@type":"WebSite","@id":"https:\/\/visionarymarketing.com\/fr\/#website","url":"https:\/\/visionarymarketing.com\/fr\/","name":"Marketing and Innovation","description":"Site d&#039;infos ind\u00e9pendant, depuis 1996","potentialAction":[{"@type":"SearchAction","target":{"@type":"EntryPoint","urlTemplate":"https:\/\/visionarymarketing.com\/fr\/?s={search_term_string}"},"query-input":{"@type":"PropertyValueSpecification","valueRequired":true,"valueName":"search_term_string"}}],"inLanguage":"fr-FR"},{"@type":"Person","@id":"https:\/\/visionarymarketing.com\/fr\/#\/schema\/person\/3754fee1e558f47b8deb46f53c37423e","name":"Yann Gourvennec","image":{"@type":"ImageObject","inLanguage":"fr-FR","@id":"https:\/\/secure.gravatar.com\/avatar\/5972001801e8de5692a3e31224e85769f50a55fb8b679749f9c8d1868cceff14?s=96&d=initials&r=g&initials=yg","url":"https:\/\/secure.gravatar.com\/avatar\/5972001801e8de5692a3e31224e85769f50a55fb8b679749f9c8d1868cceff14?s=96&d=initials&r=g&initials=yg","contentUrl":"https:\/\/secure.gravatar.com\/avatar\/5972001801e8de5692a3e31224e85769f50a55fb8b679749f9c8d1868cceff14?s=96&d=initials&r=g&initials=yg","caption":"Yann Gourvennec"},"description":"Yann Gourvennec created visionarymarketing.com in 1996. He is a speaker and author of many books. In 2014 he went from intrapreneur to entrepreneur, when he created his digital marketing agency. Yann Gourvennec a cr\u00e9\u00e9 visionarymarketing.com en 1996. Il est conf\u00e9rencier et auteur de plusieurs livres. En 2014, il est pass\u00e9 d'intrapreneur \u00e0 entrepreneur en cr\u00e9ant son agence de marketing num\u00e9rique.","sameAs":["https:\/\/visionarymarketing.com","http:\/\/facebook.com\/ygourven","http:\/\/linkedin.com\/in\/ygourven","https:\/\/x.com\/ygourven","https:\/\/www.youtube.com\/c\/visionarymarketingagency"],"url":"https:\/\/visionarymarketing.com\/fr\/author\/yann-gourvennec\/"}]}},"_links":{"self":[{"href":"https:\/\/visionarymarketing.com\/fr\/wp-json\/wp\/v2\/posts\/83019","targetHints":{"allow":["GET"]}}],"collection":[{"href":"https:\/\/visionarymarketing.com\/fr\/wp-json\/wp\/v2\/posts"}],"about":[{"href":"https:\/\/visionarymarketing.com\/fr\/wp-json\/wp\/v2\/types\/post"}],"author":[{"embeddable":true,"href":"https:\/\/visionarymarketing.com\/fr\/wp-json\/wp\/v2\/users\/2"}],"replies":[{"embeddable":true,"href":"https:\/\/visionarymarketing.com\/fr\/wp-json\/wp\/v2\/comments?post=83019"}],"version-history":[{"count":0,"href":"https:\/\/visionarymarketing.com\/fr\/wp-json\/wp\/v2\/posts\/83019\/revisions"}],"wp:featuredmedia":[{"embeddable":true,"href":"https:\/\/visionarymarketing.com\/fr\/wp-json\/wp\/v2\/media\/83023"}],"wp:attachment":[{"href":"https:\/\/visionarymarketing.com\/fr\/wp-json\/wp\/v2\/media?parent=83019"}],"wp:term":[{"taxonomy":"category","embeddable":true,"href":"https:\/\/visionarymarketing.com\/fr\/wp-json\/wp\/v2\/categories?post=83019"},{"taxonomy":"post_tag","embeddable":true,"href":"https:\/\/visionarymarketing.com\/fr\/wp-json\/wp\/v2\/tags?post=83019"}],"curies":[{"name":"wp","href":"https:\/\/api.w.org\/{rel}","templated":true}]}}