{"id":82570,"date":"2025-02-06T12:29:00","date_gmt":"2025-02-06T11:29:00","guid":{"rendered":"https:\/\/visionarymarketing.com\/?p=82570"},"modified":"2025-02-18T07:08:47","modified_gmt":"2025-02-18T06:08:47","slug":"lia-au-coeur-des-cyber-menaces-en-2025-selon-lanssi","status":"publish","type":"post","link":"https:\/\/visionarymarketing.com\/fr\/2025\/02\/06\/lia-au-coeur-des-cyber-menaces-en-2025-selon-lanssi\/","title":{"rendered":"L\u2019IA au c\u0153ur des cyber menaces en 2025 selon l\u2019ANSSI"},"content":{"rendered":"<p class=\"p1\"><em>Emmanuel Na\u00ebgelen est g\u00e9n\u00e9ral de brigade a\u00e9rienne. Il a, en sa qualit\u00e9 de DG adjoint de l\u2019ANSSI (Agence nationale de la s\u00e9curit\u00e9 des syst\u00e8mes d&rsquo;information), ouvert la <strong><a href=\"https:\/\/universite-des-dpo-2025.afcdp.net\/page\/c101-accueil\/\" target=\"_blank\" rel=\"noopener\">19e universit\u00e9 des DPO<\/a> de <a href=\"https:\/\/visionarymarketing.com\/fr\/2023\/02\/13\/vol-de-donnees\/\">l\u2019AFCDP<\/a><\/strong>. Dans ce cadre, il a dress\u00e9 un \u00e9tat des lieux de la cybers\u00e9curit\u00e9 en amont de la publication du panorama de la menace 2025 qui sera rendu disponible en mars de cette ann\u00e9e. Pour simplifier : mont\u00e9e en charge de l\u2019hacktivisme, nouvelles menaces dues \u00e0 l\u2019IA et mise en place de NIS2 sont au menu de cette ann\u00e9e.<\/em><\/p>\n<h2 class=\"p4\"><span class=\"s3\">L\u2019IA au c\u0153ur des cybermenaces en 2025 selon l\u2019ANSSI<\/span><\/h2>\n<figure id=\"attachment_82572\" aria-describedby=\"caption-attachment-82572\" style=\"width: 2560px\" class=\"wp-caption aligncenter\"><img decoding=\"async\" class=\"wp-image-82572 size-full\" src=\"https:\/\/visionarymarketing.com\/wp-content\/uploads\/2025\/02\/img-3767-scaled.jpeg\" alt=\"Le g\u00e9n\u00e9ral Na\u00ebgelen au pupitre de la 19e universit\u00e9 de l\u2019AFCDP a Paris le 6 f\u00e9vrier 2025\" width=\"2560\" height=\"1440\" srcset=\"https:\/\/visionarymarketing.com\/wp-content\/uploads\/2025\/02\/img-3767-scaled.jpeg 1920w, https:\/\/visionarymarketing.com\/wp-content\/uploads\/2025\/02\/img-3767-500x281.jpeg 500w, https:\/\/visionarymarketing.com\/wp-content\/uploads\/2025\/02\/img-3767-1024x576.jpeg 1024w, https:\/\/visionarymarketing.com\/wp-content\/uploads\/2025\/02\/img-3767-768x432.jpeg 768w, https:\/\/visionarymarketing.com\/wp-content\/uploads\/2025\/02\/img-3767-1536x864.jpeg 1536w, https:\/\/visionarymarketing.com\/wp-content\/uploads\/2025\/02\/img-3767-390x220.jpeg 390w\" sizes=\"(max-width: 2560px) 100vw, 2560px\" \/><figcaption id=\"caption-attachment-82572\" class=\"wp-caption-text\">Le g\u00e9n\u00e9ral Na\u00ebgelen au pupitre de la 19e universit\u00e9 de l\u2019AFCDP a Paris le 6\u00a0f\u00e9vrier 2025<\/figcaption><\/figure>\n<h3 class=\"p3\"><span class=\"s4\">La donn\u00e9e vraiment centrale en 2025 <\/span><\/h3>\n<p class=\"p3\"><span class=\"s2\">Le monde num\u00e9rique g\u00e9n\u00e8re des donn\u00e9es et ces ressources sont de plus en plus convoit\u00e9es. \u00c0 la fois par des acteurs \u00e9conomiques (et notamment dans l\u2019IA) et des criminels, a expliqu\u00e9 le g\u00e9n\u00e9ral Na\u00ebgelen. Certaines de ces convoitises sont louables<span class=\"Apple-converted-space\">,\u00a0 <\/span>mais d\u2019autres non, y compris chez les acteurs \u00e9conomiques qui ne sont pas toujours vertueux.<span class=\"Apple-converted-space\">\u00a0 <\/span>Face \u00e0 ces risques, la question \u00e0 se poser est de \u00ab\u00a0savoir comment prot\u00e9ger ces donn\u00e9es de mani\u00e8re proportionn\u00e9e, c\u2019est-\u00e0-dire en<span class=\"Apple-converted-space\">\u00a0 <\/span>\u00e9vitant la sur ou sous protection et en prot\u00e9geant la donn\u00e9e de mani\u00e8re coh\u00e9rente avec le RGPD et les obligations de la cybers\u00e9curit\u00e9 comme NIS2 \u00bb. <\/span><\/p>\n<p class=\"p3\"><span class=\"s2\">Mais la r\u00e9glementation n\u2019est pas tout. Le DGA de l\u2019ANSSI insiste sur la \u00ab\u00a0n\u00e9cessit\u00e9 d\u2019\u00eatre compatible avec les avanc\u00e9es technologiques\u00a0et en particulier l\u2019IA\u00a0\u00bb et de reconna\u00eetre qu\u2019il s\u2019agit \u00ab\u00a0d\u2019un sujet de plus en plus vaste et complexe\u00a0\u00bb. <\/span><\/p>\n<h3 class=\"p3\"><span class=\"s4\">Une approche pragmatique pour r\u00e9pondre \u00e0 la menace <\/span><\/h3>\n<p class=\"p3\"><span class=\"s2\">Face \u00e0 ces menaces, Emmanuel Na\u00ebgelen propose une approche pragmatique. D\u2019abord en balayant les enjeux de protection qui p\u00e8sent sur ces donn\u00e9es. Puis en d\u00e9taillant les approches pour y faire face.<\/span><\/p>\n<figure id=\"attachment_82573\" aria-describedby=\"caption-attachment-82573\" style=\"width: 2560px\" class=\"wp-caption aligncenter\"><img decoding=\"async\" class=\"wp-image-82573 size-full\" src=\"https:\/\/visionarymarketing.com\/wp-content\/uploads\/2025\/02\/img-3768-scaled.jpeg\" alt=\"\" width=\"2560\" height=\"1440\" srcset=\"https:\/\/visionarymarketing.com\/wp-content\/uploads\/2025\/02\/img-3768-scaled.jpeg 1920w, https:\/\/visionarymarketing.com\/wp-content\/uploads\/2025\/02\/img-3768-500x281.jpeg 500w, https:\/\/visionarymarketing.com\/wp-content\/uploads\/2025\/02\/img-3768-1024x576.jpeg 1024w, https:\/\/visionarymarketing.com\/wp-content\/uploads\/2025\/02\/img-3768-768x432.jpeg 768w, https:\/\/visionarymarketing.com\/wp-content\/uploads\/2025\/02\/img-3768-1536x864.jpeg 1536w, https:\/\/visionarymarketing.com\/wp-content\/uploads\/2025\/02\/img-3768-390x220.jpeg 390w\" sizes=\"(max-width: 2560px) 100vw, 2560px\" \/><figcaption id=\"caption-attachment-82573\" class=\"wp-caption-text\">Une salle pleine \u00e0 craquer pour ces 19e universit\u00e9s d\u00e8s DPO<\/figcaption><\/figure>\n<p class=\"p3\"><span class=\"s2\">Le <\/span><span class=\"s5\">panorama de la menace para\u00eetra le 11\u00a0mars<\/span><span class=\"s2\">. Si le DGA de l\u2019ANSSI ne pouvait pas tout dire sur ce document, il en a livr\u00e9 n\u00e9anmoins<span class=\"Apple-converted-space\">\u00a0 <\/span>quelques points saillants. <\/span><\/p>\n<ol class=\"ol1\">\n<li class=\"li3\"><span class=\"s2\">La donn\u00e9e vol\u00e9e sert toujours \u00e0 faire du chantage (ran\u00e7ons, extorsion avec les fameux ran\u00e7ongiciels qui n\u2019ont h\u00e9las, pas disparu), mais pendant les Jeux olympiques de Paris 2024, sont apparus des groupes activistes pour faire pression dans le but d\u2019apporter un \u00e9clairage m\u00e9diatique fort sur leurs causes et d\u00e9cr\u00e9dibiliser certains acteurs, notamment institutionnels. Le g\u00e9n\u00e9ral a cit\u00e9 deux exemples. <\/span>\n<ul class=\"ul1\">\n<li class=\"li3\"><span class=\"s2\"><a href=\"https:\/\/www.clubic.com\/actualite-534263-peur-sur-les-jeux-une-fuite-de-donnees-touche-le-comite-national-olympique-francais.html\" target=\"_blank\" rel=\"noopener\">D\u2019abord<\/a>, un groupe propalestinien en juillet 2024 a revendiqu\u00e9 un vol de donn\u00e9es du CNOSF. Ce vol a \u00e9t\u00e9 av\u00e9r\u00e9 nous a dit le pr\u00e9sentateur, mais il s\u2019agissait de donn\u00e9es issues \u00ab d\u2019un vieux site web mal \u201cd\u00e9commissionn\u00e9\u201d \u00bb. Il s\u2019agissait de donn\u00e9es personnelles, mais sans impact pour la bonne tenue des jeux. Mais ce groupe a r\u00e9ussi \u00e0 faire parler de lui, il y a eu un impact m\u00e9diatique ind\u00e9niable selon le g\u00e9n\u00e9ral [NDLR La cause du groupe a \u00e9t\u00e9 cit\u00e9e par le pr\u00e9sentateur, mais n\u2019est pas identifi\u00e9e dans les coupures de presse retrouv\u00e9es].<\/span><\/li>\n<li class=\"li3\"><span class=\"s2\"><a href=\"https:\/\/www.globalsecuritymag.fr\/l-hacktivisme-se-prepare-pour-les-jop-2024.html\" target=\"_blank\" rel=\"noopener\">Deuxi\u00e8me exemple<\/a> sur la d\u00e9nonciation de la lutte antidopage pour exclure certains pays comme la Russie des JO 2024. C\u2019est une nouvelle exploitation des donn\u00e9es \u00e0 des fins de revendications.<\/span><\/li>\n<\/ul>\n<\/li>\n<li class=\"li3\"><span class=\"s2\">La cybermenace prend aussi de nouvelles voies au travers des donn\u00e9es \u00ab\u00a0vol\u00e9es \u00e0 prestataires informatiques disposant d\u2019acc\u00e8s privil\u00e9gi\u00e9s sans restriction mal prot\u00e9g\u00e9s avec des mots de passe faibles\u00a0\u00bb. Ce sont des techniques classiques, nous explique le repr\u00e9sentant de l\u2019ANSSI. Les sous-traitants et prestataires seraient moins bien prot\u00e9g\u00e9s et moins pr\u00e9cautionneux que leurs clients selon lui. <\/span><\/li>\n<li class=\"li3\"><span class=\"s2\">Les infrastructures de cloud sont aussi au c\u0153ur de la menace, car \u00ab\u00a0elles h\u00e9bergent des donn\u00e9es en masse et ne sont pas tr\u00e8s bien prot\u00e9g\u00e9es\u00a0\u00bb. Par exemple, \u00ab\u00a0on peut attaquer les hyperviseurs, ces logiciels d\u2019administration tr\u00e8s puissants qui donnent acc\u00e8s discr\u00e8tement \u00e0 un grand nombre de donn\u00e9es\u00a0\u00bb. <\/span><\/li>\n<li class=\"li3\"><span class=\"s2\">Le secteur social a \u00e9galement \u00e9t\u00e9 particuli\u00e8rement vis\u00e9 en 2024 explique l\u2019ANSSI, et notamment les agences qui ont la charge du tiers payant. <\/span><\/li>\n<li class=\"li3\"><span class=\"s2\">Enfin, les \u00e9changes de donn\u00e9es sur le dark web \u00ab\u00a0qui fleurissent\u00a0\u00bb. Il y a bien \u00ab\u00a0des op\u00e9rations de police sur les forums, mais d\u2019autres forums se recr\u00e9ent imm\u00e9diatement\u00a0\u00bb. <\/span><\/li>\n<\/ol>\n<h3 class=\"p3\"><span class=\"s4\">La cybermenace s\u2019industrialise <\/span><\/h3>\n<p class=\"p3\"><span class=\"s2\">\u00ab La menace s\u2019industrialise, c\u2019est la premi\u00e8re tendance \u00bb, nous a expliqu\u00e9 Emmanuel Na\u00ebgelen. Il remarque aussi une \u00ab relative impunit\u00e9 malgr\u00e9 les efforts de la justice et de la police qui ont eu quand m\u00eame des r\u00e9sultats \u00bb. Enfin, on observe le d\u00e9veloppement de l\u2019hacktivisme \u00ab qui a un impact faible sur les donn\u00e9es, mais qui a un impact fort sur la m\u00e9diatisation ou les institutions \u00bb. <\/span><\/p>\n<p class=\"p3\"><span class=\"s2\">Mais ce n\u2019est pas tout, il y a encore deux nouveaux risques qui ont \u00e9t\u00e9 mis sur le radar de l\u2019ANSSI: <\/span><\/p>\n<ul class=\"ul1\">\n<li class=\"li3\"><span class=\"s2\">L\u2019IA qui \u00ab\u00a0refa\u00e7onne compl\u00e8tement le paysage\u00a0\u00bb. C\u2019est la donn\u00e9e qui pilote tout, elle est centrale et cruciale pour l\u2019entra\u00eenement et la performance. Certains attaquants vont essayer de la corrompre ou d\u2019exfiltrer la donn\u00e9e qui a servi \u00e0 l\u2019entra\u00eenement. Cela pose de \u00ab\u00a0nouveaux probl\u00e8mes que nous d\u00e9frichons en ce moment\u00a0\u00bb, explique le repr\u00e9sentant de l\u2019agence. Deux publications sur les mod\u00e8les de donn\u00e9es et une autre en collaboration avec les Allemands sur les IA g\u00e9n\u00e9ratrices de code sont con\u00e7ues par l\u2019ANSSI. <\/span><\/li>\n<li class=\"li3\"><span class=\"s2\">Le g\u00e9n\u00e9ral n\u2019a pas voulu \u00ab\u00a0s\u2019\u00e9taler sur la souverainet\u00e9 des donn\u00e9es\u00a0\u00bb tout en l\u2019\u00e9voquant. C\u2019est surtout un sujet de droit selon lui. Au sens o\u00f9 il faut trouver des parades aux lois extraterritoriales. Il y a aussi selon lui une question de fond sur l\u2019Europe pour savoir si on tol\u00e8re d\u2019autres droits. <\/span><\/li>\n<\/ul>\n<h3 class=\"p3\"><span class=\"s4\">Que faire donc pour prot\u00e9ger les donn\u00e9es <\/span><\/h3>\n<ul class=\"ul1\">\n<li class=\"li3\"><span class=\"s2\">En premier lieu, il y a le droit : c\u2019est toute l\u2019ambition de NIS2. Le projet de loi est pr\u00e9vu au s\u00e9nat d\u00e9but mars. C\u2019est un chantier majeur. Avec cela, on va passer \u00e0 15 \u00e0 20 000 entit\u00e9s r\u00e9gul\u00e9es. Il est le signe d\u2019une diff\u00e9rence majeure de m\u00e9thode avec le RGPD qui a \u00e9t\u00e9 \u00e9labor\u00e9 avant 2016 et mis en place en 2018. Avec NIS2, on \u00e9tablit un v\u00e9ritable r\u00e9f\u00e9rentiel pour dicter les exigences aux entit\u00e9s et s\u2019en pr\u00e9valoir pour les contr\u00f4les. Ce qu\u2019on cherche \u00e0 faire, c\u2019est de construire un chemin vers la conformit\u00e9 et de d\u00e9velopper les services en ligne. Concernant les contr\u00f4les, le DG de l\u2019ANSSI a indiqu\u00e9 que le contr\u00f4le sera progressif et se d\u00e9ploiera \u00e0 partir de 2026 et sur 3 ans. <\/span><\/li>\n<li class=\"li3\"><span class=\"s2\">\u00ab\u00a0Le droit c\u2019est bien, mais la technique le compl\u00e8te\u00a0\u00bb. L\u2019ANSSI publie une large collection de guides sur ces sujets et notamment le guide des 11 bonnes pratiques pour se prot\u00e9ger contre les fuites de donn\u00e9es.<\/span><\/li>\n<\/ul>\n<h3 class=\"p3\"><span class=\"s5\">\u00c0 propos de NIS 2 (Perplexity et sources) <\/span><\/h3>\n<p class=\"p3\"><span class=\"s2\">La directive NIS2 (Network and Information Security 2) est une r\u00e9glementation de l&rsquo;Union europ\u00e9enne visant \u00e0 renforcer la cybers\u00e9curit\u00e9 \u00e0 l&rsquo;\u00e9chelle de l&rsquo;UE. Elle constitue une mise \u00e0 jour et une extension de la directive NIS originale de 2016, avec pour objectif d&rsquo;am\u00e9liorer la r\u00e9silience et les capacit\u00e9s de r\u00e9ponse aux incidents de cybers\u00e9curit\u00e9 des entit\u00e9s publiques et priv\u00e9es, des \u00c9tats membres et de l&rsquo;UE dans son ensemble.<\/span><\/p>\n<h4 class=\"p3\"><span class=\"s2\">Principales caract\u00e9ristiques de NIS2 (compilation <a href=\"https:\/\/www.perplexity.ai\/search\/quest-ce-que-nis2-QdOIq4D.TIOo.6UyzoSc2g#0\" target=\"_blank\" rel=\"noopener\">Perplexity<\/a> modifi\u00e9e par nos soins)<\/span><\/h4>\n<p><strong>La liste suivante est fournie en l\u2019\u00e9tat, merci de v\u00e9rifier ces informations avant de les r\u00e9utiliser<\/strong><\/p>\n<ol>\n<li class=\"p3\"><span class=\"s2\">Champ d&rsquo;application \u00e9largi: NIS2 couvre un \u00e9ventail plus large d&rsquo;entit\u00e9s \u00ab\u00a0essentielles\u00a0\u00bb et \u00ab\u00a0importantes\u00a0\u00bb dans 15 secteurs diff\u00e9rents, incluant l&rsquo;\u00e9nergie, les transports, la banque, la sant\u00e9 et l&rsquo;infrastructure num\u00e9rique.<\/span><\/li>\n<li class=\"p3\"><span class=\"s2\">Exigences de s\u00e9curit\u00e9 renforc\u00e9es : La directive impose des mesures de s\u00e9curit\u00e9 plus d\u00e9taill\u00e9es et harmonis\u00e9es, telles que l&rsquo;\u00e9valuation des risques, les plans de r\u00e9ponse aux incidents et la s\u00e9curit\u00e9 de la cha\u00eene d&rsquo;approvisionnement.<\/span><\/li>\n<li class=\"p3\"><span class=\"s2\">Obligations de signalement plus strictes: NIS2 introduit des d\u00e9lais plus courts pour la notification des incidents aux autorit\u00e9s comp\u00e9tentes.<\/span><\/li>\n<li class=\"p3\"><span class=\"s2\">Application renforc\u00e9e: Les autorit\u00e9s nationales peuvent imposer des sanctions plus s\u00e9v\u00e8res, avec des amendes pouvant atteindre 10 millions d&rsquo;euros ou 2 % du chiffre d&rsquo;affaires annuel mondial.<\/span><\/li>\n<li class=\"p3\"><span class=\"s2\">Collaboration accrue: La directive vise \u00e0 am\u00e9liorer la coop\u00e9ration transfrontali\u00e8re et le partage d&rsquo;informations entre les \u00c9tats membres de l&rsquo;UE.<\/span><\/li>\n<\/ol>\n<p class=\"p3\"><span class=\"s2\">cf. l&rsquo;article suivant issu du site officiel de l&rsquo;ANSSI : <a href=\"https:\/\/cyber.gouv.fr\/la-directive-nis-2\" target=\"_blank\" rel=\"noopener\">https:\/\/cyber.gouv.fr\/la-directive-nis-2<\/a><\/span><\/p>\n","protected":false},"excerpt":{"rendered":"<p>Emmanuel Na\u00ebgelen est g\u00e9n\u00e9ral de brigade a\u00e9rienne. Il a, en sa qualit\u00e9 de DG adjoint de l\u2019ANSSI (Agence nationale de la s\u00e9curit\u00e9 des syst\u00e8mes d&rsquo;information), ouvert la 19e universit\u00e9 des DPO de l\u2019AFCDP. Dans ce cadre, il a dress\u00e9 un \u00e9tat des lieux de la cybers\u00e9curit\u00e9 en amont de la publication du panorama de la &hellip;<\/p>\n","protected":false},"author":2,"featured_media":82572,"comment_status":"open","ping_status":"open","sticky":false,"template":"","format":"standard","meta":{"footnotes":""},"categories":[2894,4065],"tags":[],"class_list":["post-82570","post","type-post","status-publish","format-standard","has-post-thumbnail","hentry","category-ia-big-data","category-it-du-futur-aujourdhui"],"yoast_head":"<!-- This site is optimized with the Yoast SEO plugin v27.4 - https:\/\/yoast.com\/product\/yoast-seo-wordpress\/ -->\n<title>L\u2019IA au c\u0153ur des cyber menaces en 2025 selon l\u2019ANSSI<\/title>\n<meta name=\"description\" content=\"Emmanuel Na\u00ebgelen est g\u00e9n\u00e9ral de brigade a\u00e9rienne. Il a, en sa qualit\u00e9 de DG adjoint de l\u2019ANSSI (Agence nationale de la s\u00e9curit\u00e9 des syst\u00e8mes\" \/>\n<meta name=\"robots\" content=\"index, follow, max-snippet:-1, max-image-preview:large, max-video-preview:-1\" \/>\n<link rel=\"canonical\" href=\"https:\/\/visionarymarketing.com\/fr\/2025\/02\/06\/lia-au-coeur-des-cyber-menaces-en-2025-selon-lanssi\/\" \/>\n<meta property=\"og:locale\" content=\"fr_FR\" \/>\n<meta property=\"og:type\" content=\"article\" \/>\n<meta property=\"og:title\" content=\"L\u2019IA au c\u0153ur des cyber menaces en 2025 selon l\u2019ANSSI\" \/>\n<meta property=\"og:description\" content=\"Emmanuel Na\u00ebgelen est g\u00e9n\u00e9ral de brigade a\u00e9rienne. Il a, en sa qualit\u00e9 de DG adjoint de l\u2019ANSSI (Agence nationale de la s\u00e9curit\u00e9 des syst\u00e8mes\" \/>\n<meta property=\"og:url\" content=\"https:\/\/visionarymarketing.com\/fr\/2025\/02\/06\/lia-au-coeur-des-cyber-menaces-en-2025-selon-lanssi\/\" \/>\n<meta property=\"og:site_name\" content=\"Marketing and Innovation\" \/>\n<meta property=\"article:publisher\" content=\"https:\/\/www.facebook.com\/vismktg\" \/>\n<meta property=\"article:author\" content=\"http:\/\/facebook.com\/ygourven\" \/>\n<meta property=\"article:published_time\" content=\"2025-02-06T11:29:00+00:00\" \/>\n<meta property=\"article:modified_time\" content=\"2025-02-18T06:08:47+00:00\" \/>\n<meta property=\"og:image\" content=\"https:\/\/visionarymarketing.com\/wp-content\/uploads\/2025\/02\/img-3767-scaled.jpeg\" \/>\n\t<meta property=\"og:image:width\" content=\"2560\" \/>\n\t<meta property=\"og:image:height\" content=\"1440\" \/>\n\t<meta property=\"og:image:type\" content=\"image\/jpeg\" \/>\n<meta name=\"author\" content=\"Yann Gourvennec\" \/>\n<meta name=\"twitter:card\" content=\"summary_large_image\" \/>\n<meta name=\"twitter:creator\" content=\"@ygourven\" \/>\n<meta name=\"twitter:site\" content=\"@ygourven\" \/>\n<meta name=\"twitter:label1\" content=\"\u00c9crit par\" \/>\n\t<meta name=\"twitter:data1\" content=\"Yann Gourvennec\" \/>\n\t<meta name=\"twitter:label2\" content=\"Dur\u00e9e de lecture estim\u00e9e\" \/>\n\t<meta name=\"twitter:data2\" content=\"7 minutes\" \/>\n<script type=\"application\/ld+json\" class=\"yoast-schema-graph\">{\"@context\":\"https:\\\/\\\/schema.org\",\"@graph\":[{\"@type\":\"NewsArticle\",\"@id\":\"https:\\\/\\\/visionarymarketing.com\\\/fr\\\/2025\\\/02\\\/06\\\/lia-au-coeur-des-cyber-menaces-en-2025-selon-lanssi\\\/#article\",\"isPartOf\":{\"@id\":\"https:\\\/\\\/visionarymarketing.com\\\/fr\\\/2025\\\/02\\\/06\\\/lia-au-coeur-des-cyber-menaces-en-2025-selon-lanssi\\\/\"},\"author\":{\"name\":\"Yann Gourvennec\",\"@id\":\"https:\\\/\\\/visionarymarketing.com\\\/fr\\\/#\\\/schema\\\/person\\\/3754fee1e558f47b8deb46f53c37423e\"},\"headline\":\"L\u2019IA au c\u0153ur des cyber menaces en 2025 selon l\u2019ANSSI\",\"datePublished\":\"2025-02-06T11:29:00+00:00\",\"dateModified\":\"2025-02-18T06:08:47+00:00\",\"mainEntityOfPage\":{\"@id\":\"https:\\\/\\\/visionarymarketing.com\\\/fr\\\/2025\\\/02\\\/06\\\/lia-au-coeur-des-cyber-menaces-en-2025-selon-lanssi\\\/\"},\"wordCount\":1549,\"commentCount\":0,\"image\":{\"@id\":\"https:\\\/\\\/visionarymarketing.com\\\/fr\\\/2025\\\/02\\\/06\\\/lia-au-coeur-des-cyber-menaces-en-2025-selon-lanssi\\\/#primaryimage\"},\"thumbnailUrl\":\"https:\\\/\\\/visionarymarketing.com\\\/wp-content\\\/uploads\\\/2025\\\/02\\\/img-3767-scaled.jpeg\",\"articleSection\":[\"IA et Big Data\",\"IT du futur aujourd'hui\"],\"inLanguage\":\"fr-FR\",\"potentialAction\":[{\"@type\":\"CommentAction\",\"name\":\"Comment\",\"target\":[\"https:\\\/\\\/visionarymarketing.com\\\/fr\\\/2025\\\/02\\\/06\\\/lia-au-coeur-des-cyber-menaces-en-2025-selon-lanssi\\\/#respond\"]}]},{\"@type\":\"WebPage\",\"@id\":\"https:\\\/\\\/visionarymarketing.com\\\/fr\\\/2025\\\/02\\\/06\\\/lia-au-coeur-des-cyber-menaces-en-2025-selon-lanssi\\\/\",\"url\":\"https:\\\/\\\/visionarymarketing.com\\\/fr\\\/2025\\\/02\\\/06\\\/lia-au-coeur-des-cyber-menaces-en-2025-selon-lanssi\\\/\",\"name\":\"L\u2019IA au c\u0153ur des cyber menaces en 2025 selon l\u2019ANSSI\",\"isPartOf\":{\"@id\":\"https:\\\/\\\/visionarymarketing.com\\\/fr\\\/#website\"},\"primaryImageOfPage\":{\"@id\":\"https:\\\/\\\/visionarymarketing.com\\\/fr\\\/2025\\\/02\\\/06\\\/lia-au-coeur-des-cyber-menaces-en-2025-selon-lanssi\\\/#primaryimage\"},\"image\":{\"@id\":\"https:\\\/\\\/visionarymarketing.com\\\/fr\\\/2025\\\/02\\\/06\\\/lia-au-coeur-des-cyber-menaces-en-2025-selon-lanssi\\\/#primaryimage\"},\"thumbnailUrl\":\"https:\\\/\\\/visionarymarketing.com\\\/wp-content\\\/uploads\\\/2025\\\/02\\\/img-3767-scaled.jpeg\",\"datePublished\":\"2025-02-06T11:29:00+00:00\",\"dateModified\":\"2025-02-18T06:08:47+00:00\",\"author\":{\"@id\":\"https:\\\/\\\/visionarymarketing.com\\\/fr\\\/#\\\/schema\\\/person\\\/3754fee1e558f47b8deb46f53c37423e\"},\"description\":\"Emmanuel Na\u00ebgelen est g\u00e9n\u00e9ral de brigade a\u00e9rienne. Il a, en sa qualit\u00e9 de DG adjoint de l\u2019ANSSI (Agence nationale de la s\u00e9curit\u00e9 des syst\u00e8mes\",\"breadcrumb\":{\"@id\":\"https:\\\/\\\/visionarymarketing.com\\\/fr\\\/2025\\\/02\\\/06\\\/lia-au-coeur-des-cyber-menaces-en-2025-selon-lanssi\\\/#breadcrumb\"},\"inLanguage\":\"fr-FR\",\"potentialAction\":[{\"@type\":\"ReadAction\",\"target\":[\"https:\\\/\\\/visionarymarketing.com\\\/fr\\\/2025\\\/02\\\/06\\\/lia-au-coeur-des-cyber-menaces-en-2025-selon-lanssi\\\/\"]}]},{\"@type\":\"ImageObject\",\"inLanguage\":\"fr-FR\",\"@id\":\"https:\\\/\\\/visionarymarketing.com\\\/fr\\\/2025\\\/02\\\/06\\\/lia-au-coeur-des-cyber-menaces-en-2025-selon-lanssi\\\/#primaryimage\",\"url\":\"https:\\\/\\\/visionarymarketing.com\\\/wp-content\\\/uploads\\\/2025\\\/02\\\/img-3767-scaled.jpeg\",\"contentUrl\":\"https:\\\/\\\/visionarymarketing.com\\\/wp-content\\\/uploads\\\/2025\\\/02\\\/img-3767-scaled.jpeg\",\"width\":1920,\"height\":1080},{\"@type\":\"BreadcrumbList\",\"@id\":\"https:\\\/\\\/visionarymarketing.com\\\/fr\\\/2025\\\/02\\\/06\\\/lia-au-coeur-des-cyber-menaces-en-2025-selon-lanssi\\\/#breadcrumb\",\"itemListElement\":[{\"@type\":\"ListItem\",\"position\":1,\"name\":\"Home\",\"item\":\"https:\\\/\\\/visionarymarketing.com\\\/fr\\\/\"},{\"@type\":\"ListItem\",\"position\":2,\"name\":\"L\u2019IA au c\u0153ur des cyber menaces en 2025 selon l\u2019ANSSI\"}]},{\"@type\":\"WebSite\",\"@id\":\"https:\\\/\\\/visionarymarketing.com\\\/fr\\\/#website\",\"url\":\"https:\\\/\\\/visionarymarketing.com\\\/fr\\\/\",\"name\":\"Marketing and Innovation\",\"description\":\"Site d&#039;infos ind\u00e9pendant, depuis 1996\",\"potentialAction\":[{\"@type\":\"SearchAction\",\"target\":{\"@type\":\"EntryPoint\",\"urlTemplate\":\"https:\\\/\\\/visionarymarketing.com\\\/fr\\\/?s={search_term_string}\"},\"query-input\":{\"@type\":\"PropertyValueSpecification\",\"valueRequired\":true,\"valueName\":\"search_term_string\"}}],\"inLanguage\":\"fr-FR\"},{\"@type\":\"Person\",\"@id\":\"https:\\\/\\\/visionarymarketing.com\\\/fr\\\/#\\\/schema\\\/person\\\/3754fee1e558f47b8deb46f53c37423e\",\"name\":\"Yann Gourvennec\",\"image\":{\"@type\":\"ImageObject\",\"inLanguage\":\"fr-FR\",\"@id\":\"https:\\\/\\\/secure.gravatar.com\\\/avatar\\\/5972001801e8de5692a3e31224e85769f50a55fb8b679749f9c8d1868cceff14?s=96&d=initials&r=g&initials=yg\",\"url\":\"https:\\\/\\\/secure.gravatar.com\\\/avatar\\\/5972001801e8de5692a3e31224e85769f50a55fb8b679749f9c8d1868cceff14?s=96&d=initials&r=g&initials=yg\",\"contentUrl\":\"https:\\\/\\\/secure.gravatar.com\\\/avatar\\\/5972001801e8de5692a3e31224e85769f50a55fb8b679749f9c8d1868cceff14?s=96&d=initials&r=g&initials=yg\",\"caption\":\"Yann Gourvennec\"},\"description\":\"Yann Gourvennec created visionarymarketing.com in 1996. He is a speaker and author of many books. In 2014 he went from intrapreneur to entrepreneur, when he created his digital marketing agency. Yann Gourvennec a cr\u00e9\u00e9 visionarymarketing.com en 1996. Il est conf\u00e9rencier et auteur de plusieurs livres. En 2014, il est pass\u00e9 d'intrapreneur \u00e0 entrepreneur en cr\u00e9ant son agence de marketing num\u00e9rique.\",\"sameAs\":[\"https:\\\/\\\/visionarymarketing.com\",\"http:\\\/\\\/facebook.com\\\/ygourven\",\"http:\\\/\\\/linkedin.com\\\/in\\\/ygourven\",\"https:\\\/\\\/x.com\\\/ygourven\",\"https:\\\/\\\/www.youtube.com\\\/c\\\/visionarymarketingagency\"],\"url\":\"https:\\\/\\\/visionarymarketing.com\\\/fr\\\/author\\\/yann-gourvennec\\\/\"}]}<\/script>\n<!-- \/ Yoast SEO plugin. -->","yoast_head_json":{"title":"L\u2019IA au c\u0153ur des cyber menaces en 2025 selon l\u2019ANSSI","description":"Emmanuel Na\u00ebgelen est g\u00e9n\u00e9ral de brigade a\u00e9rienne. Il a, en sa qualit\u00e9 de DG adjoint de l\u2019ANSSI (Agence nationale de la s\u00e9curit\u00e9 des syst\u00e8mes","robots":{"index":"index","follow":"follow","max-snippet":"max-snippet:-1","max-image-preview":"max-image-preview:large","max-video-preview":"max-video-preview:-1"},"canonical":"https:\/\/visionarymarketing.com\/fr\/2025\/02\/06\/lia-au-coeur-des-cyber-menaces-en-2025-selon-lanssi\/","og_locale":"fr_FR","og_type":"article","og_title":"L\u2019IA au c\u0153ur des cyber menaces en 2025 selon l\u2019ANSSI","og_description":"Emmanuel Na\u00ebgelen est g\u00e9n\u00e9ral de brigade a\u00e9rienne. Il a, en sa qualit\u00e9 de DG adjoint de l\u2019ANSSI (Agence nationale de la s\u00e9curit\u00e9 des syst\u00e8mes","og_url":"https:\/\/visionarymarketing.com\/fr\/2025\/02\/06\/lia-au-coeur-des-cyber-menaces-en-2025-selon-lanssi\/","og_site_name":"Marketing and Innovation","article_publisher":"https:\/\/www.facebook.com\/vismktg","article_author":"http:\/\/facebook.com\/ygourven","article_published_time":"2025-02-06T11:29:00+00:00","article_modified_time":"2025-02-18T06:08:47+00:00","og_image":[{"width":2560,"height":1440,"url":"https:\/\/visionarymarketing.com\/wp-content\/uploads\/2025\/02\/img-3767-scaled.jpeg","type":"image\/jpeg"}],"author":"Yann Gourvennec","twitter_card":"summary_large_image","twitter_creator":"@ygourven","twitter_site":"@ygourven","twitter_misc":{"\u00c9crit par":"Yann Gourvennec","Dur\u00e9e de lecture estim\u00e9e":"7 minutes"},"schema":{"@context":"https:\/\/schema.org","@graph":[{"@type":"NewsArticle","@id":"https:\/\/visionarymarketing.com\/fr\/2025\/02\/06\/lia-au-coeur-des-cyber-menaces-en-2025-selon-lanssi\/#article","isPartOf":{"@id":"https:\/\/visionarymarketing.com\/fr\/2025\/02\/06\/lia-au-coeur-des-cyber-menaces-en-2025-selon-lanssi\/"},"author":{"name":"Yann Gourvennec","@id":"https:\/\/visionarymarketing.com\/fr\/#\/schema\/person\/3754fee1e558f47b8deb46f53c37423e"},"headline":"L\u2019IA au c\u0153ur des cyber menaces en 2025 selon l\u2019ANSSI","datePublished":"2025-02-06T11:29:00+00:00","dateModified":"2025-02-18T06:08:47+00:00","mainEntityOfPage":{"@id":"https:\/\/visionarymarketing.com\/fr\/2025\/02\/06\/lia-au-coeur-des-cyber-menaces-en-2025-selon-lanssi\/"},"wordCount":1549,"commentCount":0,"image":{"@id":"https:\/\/visionarymarketing.com\/fr\/2025\/02\/06\/lia-au-coeur-des-cyber-menaces-en-2025-selon-lanssi\/#primaryimage"},"thumbnailUrl":"https:\/\/visionarymarketing.com\/wp-content\/uploads\/2025\/02\/img-3767-scaled.jpeg","articleSection":["IA et Big Data","IT du futur aujourd'hui"],"inLanguage":"fr-FR","potentialAction":[{"@type":"CommentAction","name":"Comment","target":["https:\/\/visionarymarketing.com\/fr\/2025\/02\/06\/lia-au-coeur-des-cyber-menaces-en-2025-selon-lanssi\/#respond"]}]},{"@type":"WebPage","@id":"https:\/\/visionarymarketing.com\/fr\/2025\/02\/06\/lia-au-coeur-des-cyber-menaces-en-2025-selon-lanssi\/","url":"https:\/\/visionarymarketing.com\/fr\/2025\/02\/06\/lia-au-coeur-des-cyber-menaces-en-2025-selon-lanssi\/","name":"L\u2019IA au c\u0153ur des cyber menaces en 2025 selon l\u2019ANSSI","isPartOf":{"@id":"https:\/\/visionarymarketing.com\/fr\/#website"},"primaryImageOfPage":{"@id":"https:\/\/visionarymarketing.com\/fr\/2025\/02\/06\/lia-au-coeur-des-cyber-menaces-en-2025-selon-lanssi\/#primaryimage"},"image":{"@id":"https:\/\/visionarymarketing.com\/fr\/2025\/02\/06\/lia-au-coeur-des-cyber-menaces-en-2025-selon-lanssi\/#primaryimage"},"thumbnailUrl":"https:\/\/visionarymarketing.com\/wp-content\/uploads\/2025\/02\/img-3767-scaled.jpeg","datePublished":"2025-02-06T11:29:00+00:00","dateModified":"2025-02-18T06:08:47+00:00","author":{"@id":"https:\/\/visionarymarketing.com\/fr\/#\/schema\/person\/3754fee1e558f47b8deb46f53c37423e"},"description":"Emmanuel Na\u00ebgelen est g\u00e9n\u00e9ral de brigade a\u00e9rienne. Il a, en sa qualit\u00e9 de DG adjoint de l\u2019ANSSI (Agence nationale de la s\u00e9curit\u00e9 des syst\u00e8mes","breadcrumb":{"@id":"https:\/\/visionarymarketing.com\/fr\/2025\/02\/06\/lia-au-coeur-des-cyber-menaces-en-2025-selon-lanssi\/#breadcrumb"},"inLanguage":"fr-FR","potentialAction":[{"@type":"ReadAction","target":["https:\/\/visionarymarketing.com\/fr\/2025\/02\/06\/lia-au-coeur-des-cyber-menaces-en-2025-selon-lanssi\/"]}]},{"@type":"ImageObject","inLanguage":"fr-FR","@id":"https:\/\/visionarymarketing.com\/fr\/2025\/02\/06\/lia-au-coeur-des-cyber-menaces-en-2025-selon-lanssi\/#primaryimage","url":"https:\/\/visionarymarketing.com\/wp-content\/uploads\/2025\/02\/img-3767-scaled.jpeg","contentUrl":"https:\/\/visionarymarketing.com\/wp-content\/uploads\/2025\/02\/img-3767-scaled.jpeg","width":1920,"height":1080},{"@type":"BreadcrumbList","@id":"https:\/\/visionarymarketing.com\/fr\/2025\/02\/06\/lia-au-coeur-des-cyber-menaces-en-2025-selon-lanssi\/#breadcrumb","itemListElement":[{"@type":"ListItem","position":1,"name":"Home","item":"https:\/\/visionarymarketing.com\/fr\/"},{"@type":"ListItem","position":2,"name":"L\u2019IA au c\u0153ur des cyber menaces en 2025 selon l\u2019ANSSI"}]},{"@type":"WebSite","@id":"https:\/\/visionarymarketing.com\/fr\/#website","url":"https:\/\/visionarymarketing.com\/fr\/","name":"Marketing and Innovation","description":"Site d&#039;infos ind\u00e9pendant, depuis 1996","potentialAction":[{"@type":"SearchAction","target":{"@type":"EntryPoint","urlTemplate":"https:\/\/visionarymarketing.com\/fr\/?s={search_term_string}"},"query-input":{"@type":"PropertyValueSpecification","valueRequired":true,"valueName":"search_term_string"}}],"inLanguage":"fr-FR"},{"@type":"Person","@id":"https:\/\/visionarymarketing.com\/fr\/#\/schema\/person\/3754fee1e558f47b8deb46f53c37423e","name":"Yann Gourvennec","image":{"@type":"ImageObject","inLanguage":"fr-FR","@id":"https:\/\/secure.gravatar.com\/avatar\/5972001801e8de5692a3e31224e85769f50a55fb8b679749f9c8d1868cceff14?s=96&d=initials&r=g&initials=yg","url":"https:\/\/secure.gravatar.com\/avatar\/5972001801e8de5692a3e31224e85769f50a55fb8b679749f9c8d1868cceff14?s=96&d=initials&r=g&initials=yg","contentUrl":"https:\/\/secure.gravatar.com\/avatar\/5972001801e8de5692a3e31224e85769f50a55fb8b679749f9c8d1868cceff14?s=96&d=initials&r=g&initials=yg","caption":"Yann Gourvennec"},"description":"Yann Gourvennec created visionarymarketing.com in 1996. He is a speaker and author of many books. In 2014 he went from intrapreneur to entrepreneur, when he created his digital marketing agency. Yann Gourvennec a cr\u00e9\u00e9 visionarymarketing.com en 1996. Il est conf\u00e9rencier et auteur de plusieurs livres. En 2014, il est pass\u00e9 d'intrapreneur \u00e0 entrepreneur en cr\u00e9ant son agence de marketing num\u00e9rique.","sameAs":["https:\/\/visionarymarketing.com","http:\/\/facebook.com\/ygourven","http:\/\/linkedin.com\/in\/ygourven","https:\/\/x.com\/ygourven","https:\/\/www.youtube.com\/c\/visionarymarketingagency"],"url":"https:\/\/visionarymarketing.com\/fr\/author\/yann-gourvennec\/"}]}},"_links":{"self":[{"href":"https:\/\/visionarymarketing.com\/fr\/wp-json\/wp\/v2\/posts\/82570","targetHints":{"allow":["GET"]}}],"collection":[{"href":"https:\/\/visionarymarketing.com\/fr\/wp-json\/wp\/v2\/posts"}],"about":[{"href":"https:\/\/visionarymarketing.com\/fr\/wp-json\/wp\/v2\/types\/post"}],"author":[{"embeddable":true,"href":"https:\/\/visionarymarketing.com\/fr\/wp-json\/wp\/v2\/users\/2"}],"replies":[{"embeddable":true,"href":"https:\/\/visionarymarketing.com\/fr\/wp-json\/wp\/v2\/comments?post=82570"}],"version-history":[{"count":0,"href":"https:\/\/visionarymarketing.com\/fr\/wp-json\/wp\/v2\/posts\/82570\/revisions"}],"wp:featuredmedia":[{"embeddable":true,"href":"https:\/\/visionarymarketing.com\/fr\/wp-json\/wp\/v2\/media\/82572"}],"wp:attachment":[{"href":"https:\/\/visionarymarketing.com\/fr\/wp-json\/wp\/v2\/media?parent=82570"}],"wp:term":[{"taxonomy":"category","embeddable":true,"href":"https:\/\/visionarymarketing.com\/fr\/wp-json\/wp\/v2\/categories?post=82570"},{"taxonomy":"post_tag","embeddable":true,"href":"https:\/\/visionarymarketing.com\/fr\/wp-json\/wp\/v2\/tags?post=82570"}],"curies":[{"name":"wp","href":"https:\/\/api.w.org\/{rel}","templated":true}]}}