{"id":8250,"date":"2013-04-27T07:49:11","date_gmt":"2013-04-27T05:49:11","guid":{"rendered":"https:\/\/visionary.wordpress.com\/?p=8250"},"modified":"2023-07-11T09:28:45","modified_gmt":"2023-07-11T07:28:45","slug":"le-web-social","status":"publish","type":"post","link":"https:\/\/visionarymarketing.com\/fr\/2013\/04\/27\/le-web-social\/","title":{"rendered":"Le Web social, n&rsquo;est pas mort &#8230; Il s&rsquo;est juste professionnalis\u00e9 !"},"content":{"rendered":"<p><i>Le Web social n&rsquo;est pas\u00a0mort il\u00a0bouge\u00a0encore. Si vous avez besoin d&rsquo;une preuve de la concordance des temps entre l&rsquo;\u00e9clatement de la bulle (2000 et 2001-2002 en France) et la p\u00e9riode actuelle, p\u00e9riode de professionnalisation du Web, il suffit de vous replacer dans le d\u00e9bat au travers des \u00e9changes de blogs avec mes amis <\/i><a style=\"font-style: italic;\" href=\"https:\/\/web.archive.org\/web\/20230131140136\/https:\/\/gregorypouy.blogs.com\/marketing\/2013\/04\/facebook-home-va-t-il-pr%C3%A9cipiter-la-fin-du-web-social-.html\" target=\"_blank\" rel=\"noopener noreferrer\">Gr\u00e9gory Pouy<\/a><i> et <\/i><a style=\"font-style: italic;\" href=\"https:\/\/www.itforbusiness.fr\/grosse-facebook-fatigue-1627\" target=\"_blank\" rel=\"noopener noreferrer\">Herv\u00e9 Kabla<\/a><i>. \u00c9changes d&rsquo;ailleurs fort courtois et amicaux, tout n&rsquo;est donc pas mort dans la sph\u00e8re des \u00ab bisounours \u00bb 2.0. Alors, qu&rsquo;en est-il vraiment ? Revenons, comme toujours avec froideur et recul sur les \u00e9v\u00e9nements et leur interpr\u00e9tation\u2026 Et voyons pourquoi je pense que la conclusion qui voudrait que le Web social est mort <\/i><a style=\"font-style: italic;\" href=\"https:\/\/visionarymarketing.com\/fr\/2021\/02\/blog-b2b\/\">est fausse<\/a><i>.<\/i><\/p>\n<h2>Le Web social, n&rsquo;est pas mort &#8230; Il s&rsquo;est juste professionnalis\u00e9 !<\/h2>\n<figure id=\"attachment_34676\" aria-describedby=\"caption-attachment-34676\" style=\"width: 650px\" class=\"wp-caption alignright\"><img decoding=\"async\" class=\"wp-image-34676 size-full\" src=\"https:\/\/visionarymarketing.com\/wp-content\/uploads\/2013\/04\/49152782293_109342b09c_c.jpg\" alt=\"Le Web Social\" width=\"650\" height=\"434\" srcset=\"https:\/\/visionarymarketing.com\/wp-content\/uploads\/2013\/04\/49152782293_109342b09c_c.jpg 650w, https:\/\/visionarymarketing.com\/wp-content\/uploads\/2013\/04\/49152782293_109342b09c_c-449x300.jpg 449w\" sizes=\"(max-width: 650px) 100vw, 650px\" \/><figcaption id=\"caption-attachment-34676\" class=\"wp-caption-text\">Le Web social n&rsquo;est pas\u00a0mort il\u00a0bouge\u00a0encore.<\/figcaption><\/figure>\n<p><b>Un seul \u00eatre vous manque\u2026<\/b><!--more--><\/p>\n<p>Partons de ce constat qui peut nous rassembler : si Facebook a d\u00e9pass\u00e9 le milliard d&rsquo;utilisateurs vers la mi 2012, il est vrai que l&rsquo;audience du plus gros de nos r\u00e9seaux sociaux stagne. Un bref regard \u00e0 Social Bakers montre que l&rsquo;audience du r\u00e9seau de Monsieur Zuckerberg est en effet rest\u00e9e \u00e0 environ 1 milliard d&rsquo;utilisateurs. Cela doit sans doute \u00eatre tr\u00e8s grave. Certes, Google+ annonce des chiffres mirobolants, mais chacun sait, sauf \u00e0 \u00eatre vraiment de mauvaise foi, qu&rsquo;il ne s&rsquo;y passe pas grand-chose. Les sources me disent m\u00eame que les \u00ab rats \u00bb (les initiateurs du projet chez Google) auraient m\u00eame d\u00e9j\u00e0 quitt\u00e9 ce navire. Facebook reste donc, qu&rsquo;on le veuille ou non incontournable. Et si cela changeait ? Eh bien, nous passerions \u00e0 l&rsquo;outil suivant, cela ne serait pas la premi\u00e8re fois.<\/p>\n<p><em><span style=\"color: #4f81bd;\">[Facebook est-il devenu un d\u00e9sert ? \u2026. hmmmm]<\/span><\/em><\/p>\n<p>Revenons sur les notes de ce d\u00e9bat qui a eu lieu dans la premi\u00e8re moiti\u00e9 d&rsquo;avril au salon marketing direct, que j&rsquo;ai anim\u00e9 comme tous les ans, et dont <span class=\"removed_link\" title=\"http:\/\/www.mdirect-expo.fr\/COMIT%C3%89+DE+PROGRAMME_3071_3428.html\">j\u2019\u00e9tais membre du comit\u00e9 de programme<\/span> ; il s&rsquo;intitulait <span class=\"removed_link\" title=\"http:\/\/www.mdirect-expo.fr\/preinscription-conferences.html?orderby=time&amp;step=1\">\u00ab Facebook pour les marques, comment l&rsquo;aborder \u00bb<\/span>. Il regroupait un panel de qualit\u00e9 et les \u00e9changes \u00e9taient de tr\u00e8s bon niveau, voire tr\u00e8s techniques, signe, s&rsquo;il en fallait, que la professionnalisation des m\u00e9dias sociaux est une r\u00e9alit\u00e9. Pour \u00eatre tout \u00e0 fait franc, je me demande m\u00eame si la salle a vraiment tout compris tant c&rsquo;\u00e9tait technique.<\/p>\n<p>Voici les pan\u00e9listes :<\/p>\n<ul>\n<li>Marilyne Lacaze, directrice digitale du parc Ast\u00e9rix<\/li>\n<li>Danielle Kindermans, Directeur des Op\u00e9rations Digitales chez GRENADE &amp; SPARKS<\/li>\n<li>Laurent Michel, patron de Playapp<\/li>\n<li>Benjamin Lemaire, responsable des m\u00e9dias sociaux de Gaumont Path\u00e9<\/li>\n<\/ul>\n<p><b>1. Le constat : on ne se pose plus la question<\/b><\/p>\n<p>Premier tour de table : la question de savoir si on \u00e9tait pr\u00e9sent sur Facebook ne se pose plus. Certes, il y a les \u00ab Loved brands \u00bb comme parc Ast\u00e9rix ou Gaumont Path\u00e9 qui sont un peu atypiques, mais Laurent Michel a aussi cit\u00e9 des clients comme la mutuelle des arm\u00e9es (UNEO) qui avait su aussi tirer parti du r\u00e9seau. On passe donc \u00e0 la question suivante\u2026<\/p>\n<div id=\"scid:5737277B-5D6D-4f48-ABFC-DD9C333F4C5D:97043172-3924-4593-81a1-381b938fc31d\" class=\"wlWriterEditableSmartContent\" style=\"margin: 0 auto; width: 448px; display: block; float: none; padding: 0;\"><\/div>\n<p><b>2. Professionnalisation<\/b><\/p>\n<p>Marilyne, a d\u00e9clar\u00e9 \u00e0 juste titre \u00ab c\u2019est hallucinant qu&rsquo;on ne parle que de Facebook \u00bb car elle pr\u00e9f\u00e8re parler de CRM et de \u00ab lever les barri\u00e8res \u00e0 l&rsquo;entr\u00e9e \u00bb gr\u00e2ce aux m\u00e9dias sociaux. La d\u00e9marche se professionnalise, la \u00ab course aux fans \u00bb que nous avons tr\u00e8s t\u00f4t d\u00e9cri\u00e9e, est finie. Ouf ! Attachez vos ceintures. Gaumont approuve la m\u00eame strat\u00e9gie de Parc Ast\u00e9rix, car leur m\u00e9tier est de \u00ab vendre des billets \u00bb et non pas d&rsquo;accumuler les fans sur Facebook. D&rsquo;ailleurs Benjamin Lemaire fait remarquer que 250 000 fans, \u00ab c&rsquo;est ridicule, mais il faut bien commencer quelque part \u00bb, en faisant r\u00e9f\u00e9rence \u00e0 la proportion de fans par rapport au nombre de clients. L&rsquo;objectif n\u2019est donc pas d&rsquo;essayer de faire concurrence au commerce, mais bien \u00ab d&rsquo;amener les clients dans les cin\u00e9mas \u00e0 partir des m\u00e9dias sociaux \u00bb, m\u00eame si au d\u00e9part on parle \u00e0 une petite proportion de gens.<\/p>\n<p>Laurent Michel a ajout\u00e9 qu&rsquo;on peut int\u00e9grer Facebook \u00e0 plein d&rsquo;endroits : le nombre de fans est un chiffre concret pour se comparer aux autres certes, mais la bataille de Facebook en ce moment est sur le flux d&rsquo;actualit\u00e9s des utilisateurs et non pas sur les pages des marques. il y a donc \u00ab une nouvelle strat\u00e9gie \u00e0 repenser \u00bb selon lui.<\/p>\n<p>Damien insiste \u00e9galement sur Facebook comme plateforme technique, via opengraph2. La principale fonction de Facebook se reporte sur son Facebook connect et son login, qui lui est comptabilis\u00e9 avec les statistiques de Facebook. Ceci permet de rebondir sur ses audiences et de profiter de leur capacit\u00e9 sociale ; sans \u00eatre obnubil\u00e9 par sa page fan.<\/p>\n<p><b>3. Facebook fatigue &#8230; mon \u0153il !<br \/>\n<\/b><\/p>\n<p>Benjamin Lemaire nous a rappel\u00e9 que \u00ab on a tous le souvenir de MySpace \u00bb. La m\u00eame chose peut arriver donc \u00e0 Facebook. \u00ab Notre m\u00e9tier n&rsquo;est pas de faire des m\u00e9dias sociaux mais de vendre des billets \u00bb a-t-il rappel\u00e9 \u00e0 juste titre. Il y a donc des gens qui risquent de quitter Facebook\u2026 Mais les internautes continueront d\u2019initier des discussions !<\/p>\n<p>Marilyne a fait \u00e9galement allusion au fameux rapport montr\u00e9 par Gr\u00e9gory sur les digital d\u00e9tox (Dagobert) en montrant fac\u00e9tieusement une bouteille de boisson de r\u00e9gime ; mais elle a expliqu\u00e9 que c&rsquo;\u00e9tait un peu \u00ab comme une crise d&rsquo;adolescence \u00bb. Dans cette crise, on peut moins manger, \u00ab Maisonneuve passait de manger \u00bb. Il faut donc \u00ab revenir aux fondamentaux et \u00ab se poser la question de savoir ce que veulent les gens \u00bb. Damien Kindermans a pr\u00e9cis\u00e9 que le Web communautaire a exist\u00e9 avant (c&rsquo;est un ancien de multimania il y a 14 ans, il sait de quoi il parle) et il existera apr\u00e8s. Int\u00e9grer le communautaire dans le service ou le produit, c&rsquo;est baser sa strat\u00e9gie sur ses clients.<\/p>\n<p>Damien cependant fait remarquer que pour la premi\u00e8re fois, on avait des fermetures de comptes, et m\u00eame qu\u2019il y avait une sorte de parano\u00efa s\u00e9curitaire, relay\u00e9e par les m\u00e9dias ; dans un sens c&rsquo;est plut\u00f4t bon cela permet de d&rsquo;\u00e9viter les exc\u00e8s.<\/p>\n<p>Laurent Michel a fait quand m\u00eame remarquer que 1 milliard d&rsquo;utilisateurs sur 2 milliards d&rsquo;internautes est peut-\u00eatre le signe que l&rsquo;on avait atteint un plateau et que cela \u00e9tait normal. Facebook repr\u00e9sente encore selon lui environ 40 % du temps sur les smartphones (chiffre comscore), et Facebook est rapidement devenu le premier acteur de la publicit\u00e9 mobile (meilleure r\u00e9gie sur ce canal). Dans l&rsquo;avenir, il est difficile de savoir ce qu&rsquo;ils vont faire. Quant \u00e0 Google +, Laurent insiste sur le fait que ces 500 millions d&rsquo;utilisateurs, sont souvent pouss\u00e9s par Gmail.<\/p>\n<p>Un exemple concret, il cite les pages du PSG, avec 2.8 millions de fans sur Facebook et \u00e0 peine 220 000 sur Google+. 15 000 like sur Facebook sur le m\u00eame poste, g\u00e9n\u00e8rent environ 87+ sur Google +. Fin de la d\u00e9monstration.<\/p>\n<p>Marilyne Lacaze a enfonc\u00e9 le clou en disant que Google+ c&rsquo;\u00e9tait \u00ab quasi rien du tout \u00bb, et qu&rsquo;elle pr\u00e9f\u00e9rait se focaliser sur des outils comme tripadvisor par exemple, tr\u00e8s important dans le domaine du tourisme.<\/p>\n<p>La question de la Facebook fatigue n&rsquo;a donc pas soulev\u00e9 de d\u00e9bat parmi nos professionnels, la question ne semble pas \u00eatre l\u00e0<\/p>\n<p><b>4. Le Web social et le mass social media<\/b><\/p>\n<p>J&rsquo;ai voulu amener le panel sur cette question de savoir si on n\u2019\u00e9tait pas pass\u00e9 du social m\u00e9dia, micro cibl\u00e9 \u00e9thique et responsable, au mass social media, publicitaire et intrusif.<\/p>\n<p>Marilyne fait remarquer que cela rejoignait la fameuse question du ROI que nous nous posons depuis de nombreuses ann\u00e9es, et qui commence \u00e0 trouver de v\u00e9ritables r\u00e9ponses aujourd&rsquo;hui. Cette question trouve sa r\u00e9ponse dans la vente, mais aussi la collecte de donn\u00e9es (au travers des jeux) mais aussi au travers de techniques publicitaires sophistiqu\u00e9es comme le RTB (vente de banni\u00e8res en temps r\u00e9el aux ench\u00e8res) et des formes innovantes de publicit\u00e9 sociale.<\/p>\n<p>Elle a fait remarquer que c&rsquo;\u00e9tait m\u00eame le sujet sur lequel elle investissait de plus en plus. Une proportion non n\u00e9gligeable de leur budget Google qui passe dans les m\u00e9dias sociaux, c&rsquo;est un risque, mais qu&rsquo;elle assume car le retour sur investissement et les impacts sur les fr\u00e9quentations des visiteurs sont bons. Le parc Ast\u00e9rix se lance donc courageusement sur toutes les nouvelles formes de publicit\u00e9 en faisant baisser les publicit\u00e9s \u00e0 la performance et en diminuant la pression publicitaire sur les clients. L&rsquo;objectif c&rsquo;est de faire de la publicit\u00e9 sociale en se basant sur la pr\u00e9f\u00e9rence des amis.<\/p>\n<p>Les autres participants ont \u00e9galement acquiesc\u00e9 sur ce point en confirmant l&rsquo;importance de la publicit\u00e9 sur le social. Laurent Michel, qui a commenc\u00e9 sur Facebook en 2009 fait \u00e9galement remarquer que les tarifs de la publicit\u00e9 sociale avaient bien augment\u00e9 depuis lors. Si en 2009, pour arriver \u00e0 2000 fans, un budget de 1000 \u20ac en Facebook ads \u00e9tait suffisant, en 2013 le dispositif se doit d&rsquo;\u00eatre beaucoup plus complexe, avec 20 % de ce budget sur la production de jeux et 80 % sur le m\u00e9dia en achat d&rsquo;espaces, et un co\u00fbt final \u00e0 l&rsquo;arriv\u00e9e qui se rapproche de 1\u20ac par fan (l\u2019exemple donn\u00e9 a \u00e9t\u00e9 un fabricant de pneus, mais j\u2019\u00e9tais arriv\u00e9 \u00e0 la m\u00eame conclusion sur d\u2019autres secteurs).<\/p>\n","protected":false},"excerpt":{"rendered":"<p>Le Web social n&rsquo;est pas\u00a0mort il\u00a0bouge\u00a0encore. Si vous avez besoin d&rsquo;une preuve de la concordance des temps entre l&rsquo;\u00e9clatement de la bulle (2000 et 2001-2002 en France) et la p\u00e9riode actuelle, p\u00e9riode de professionnalisation du Web, il suffit de vous replacer dans le d\u00e9bat au travers des \u00e9changes de blogs avec mes amis Gr\u00e9gory Pouy &hellip;<\/p>\n","protected":false},"author":2,"featured_media":34676,"comment_status":"open","ping_status":"open","sticky":false,"template":"","format":"standard","meta":{"footnotes":""},"categories":[25],"tags":[],"class_list":["post-8250","post","type-post","status-publish","format-standard","has-post-thumbnail","hentry","category-medias-sociaux"],"yoast_head":"<!-- This site is optimized with the Yoast SEO plugin v27.4 - https:\/\/yoast.com\/product\/yoast-seo-wordpress\/ -->\n<title>Le Web social, n&#039;est pas mort ... Il s&#039;est juste professionnalis\u00e9 !<\/title>\n<meta name=\"description\" content=\"voyons pourquoi je pense que la conclusion qui voudrait que le Web social est mort est fausse. Avec une interview de Marilyne Lacaze.\" \/>\n<meta name=\"robots\" content=\"index, follow, max-snippet:-1, max-image-preview:large, max-video-preview:-1\" \/>\n<link rel=\"canonical\" href=\"https:\/\/visionarymarketing.com\/fr\/2013\/04\/27\/le-web-social\/\" \/>\n<meta property=\"og:locale\" content=\"fr_FR\" \/>\n<meta property=\"og:type\" content=\"article\" \/>\n<meta property=\"og:title\" content=\"Le Web social, n&#039;est pas mort ... Il s&#039;est juste professionnalis\u00e9 !\" \/>\n<meta property=\"og:description\" content=\"voyons pourquoi je pense que la conclusion qui voudrait que le Web social est mort est fausse. Avec une interview de Marilyne Lacaze.\" \/>\n<meta property=\"og:url\" content=\"https:\/\/visionarymarketing.com\/fr\/2013\/04\/27\/le-web-social\/\" \/>\n<meta property=\"og:site_name\" content=\"Marketing and Innovation\" \/>\n<meta property=\"article:publisher\" content=\"https:\/\/www.facebook.com\/vismktg\" \/>\n<meta property=\"article:author\" content=\"http:\/\/facebook.com\/ygourven\" \/>\n<meta property=\"article:published_time\" content=\"2013-04-27T05:49:11+00:00\" \/>\n<meta property=\"article:modified_time\" content=\"2023-07-11T07:28:45+00:00\" \/>\n<meta property=\"og:image\" content=\"https:\/\/visionarymarketing.com\/wp-content\/uploads\/2013\/04\/49152782293_109342b09c_c.jpg\" \/>\n\t<meta property=\"og:image:width\" content=\"650\" \/>\n\t<meta property=\"og:image:height\" content=\"434\" \/>\n\t<meta property=\"og:image:type\" content=\"image\/jpeg\" \/>\n<meta name=\"author\" content=\"Yann Gourvennec\" \/>\n<meta name=\"twitter:card\" content=\"summary_large_image\" \/>\n<meta name=\"twitter:creator\" content=\"@ygourven\" \/>\n<meta name=\"twitter:site\" content=\"@ygourven\" \/>\n<meta name=\"twitter:label1\" content=\"\u00c9crit par\" \/>\n\t<meta name=\"twitter:data1\" content=\"Yann Gourvennec\" \/>\n\t<meta name=\"twitter:label2\" content=\"Dur\u00e9e de lecture estim\u00e9e\" \/>\n\t<meta name=\"twitter:data2\" content=\"7 minutes\" \/>\n<script type=\"application\/ld+json\" class=\"yoast-schema-graph\">{\"@context\":\"https:\\\/\\\/schema.org\",\"@graph\":[{\"@type\":\"NewsArticle\",\"@id\":\"https:\\\/\\\/visionarymarketing.com\\\/fr\\\/2013\\\/04\\\/27\\\/le-web-social\\\/#article\",\"isPartOf\":{\"@id\":\"https:\\\/\\\/visionarymarketing.com\\\/fr\\\/2013\\\/04\\\/27\\\/le-web-social\\\/\"},\"author\":{\"name\":\"Yann Gourvennec\",\"@id\":\"https:\\\/\\\/visionarymarketing.com\\\/fr\\\/#\\\/schema\\\/person\\\/3754fee1e558f47b8deb46f53c37423e\"},\"headline\":\"Le Web social, n&rsquo;est pas mort &#8230; Il s&rsquo;est juste professionnalis\u00e9 !\",\"datePublished\":\"2013-04-27T05:49:11+00:00\",\"dateModified\":\"2023-07-11T07:28:45+00:00\",\"mainEntityOfPage\":{\"@id\":\"https:\\\/\\\/visionarymarketing.com\\\/fr\\\/2013\\\/04\\\/27\\\/le-web-social\\\/\"},\"wordCount\":1614,\"commentCount\":0,\"image\":{\"@id\":\"https:\\\/\\\/visionarymarketing.com\\\/fr\\\/2013\\\/04\\\/27\\\/le-web-social\\\/#primaryimage\"},\"thumbnailUrl\":\"https:\\\/\\\/visionarymarketing.com\\\/wp-content\\\/uploads\\\/2013\\\/04\\\/49152782293_109342b09c_c.jpg\",\"articleSection\":[\"m\u00e9dias \\\/ r\u00e9seaux sociaux\"],\"inLanguage\":\"fr-FR\",\"potentialAction\":[{\"@type\":\"CommentAction\",\"name\":\"Comment\",\"target\":[\"https:\\\/\\\/visionarymarketing.com\\\/fr\\\/2013\\\/04\\\/27\\\/le-web-social\\\/#respond\"]}]},{\"@type\":\"WebPage\",\"@id\":\"https:\\\/\\\/visionarymarketing.com\\\/fr\\\/2013\\\/04\\\/27\\\/le-web-social\\\/\",\"url\":\"https:\\\/\\\/visionarymarketing.com\\\/fr\\\/2013\\\/04\\\/27\\\/le-web-social\\\/\",\"name\":\"Le Web social, n'est pas mort ... Il s'est juste professionnalis\u00e9 !\",\"isPartOf\":{\"@id\":\"https:\\\/\\\/visionarymarketing.com\\\/fr\\\/#website\"},\"primaryImageOfPage\":{\"@id\":\"https:\\\/\\\/visionarymarketing.com\\\/fr\\\/2013\\\/04\\\/27\\\/le-web-social\\\/#primaryimage\"},\"image\":{\"@id\":\"https:\\\/\\\/visionarymarketing.com\\\/fr\\\/2013\\\/04\\\/27\\\/le-web-social\\\/#primaryimage\"},\"thumbnailUrl\":\"https:\\\/\\\/visionarymarketing.com\\\/wp-content\\\/uploads\\\/2013\\\/04\\\/49152782293_109342b09c_c.jpg\",\"datePublished\":\"2013-04-27T05:49:11+00:00\",\"dateModified\":\"2023-07-11T07:28:45+00:00\",\"author\":{\"@id\":\"https:\\\/\\\/visionarymarketing.com\\\/fr\\\/#\\\/schema\\\/person\\\/3754fee1e558f47b8deb46f53c37423e\"},\"description\":\"voyons pourquoi je pense que la conclusion qui voudrait que le Web social est mort est fausse. Avec une interview de Marilyne Lacaze.\",\"breadcrumb\":{\"@id\":\"https:\\\/\\\/visionarymarketing.com\\\/fr\\\/2013\\\/04\\\/27\\\/le-web-social\\\/#breadcrumb\"},\"inLanguage\":\"fr-FR\",\"potentialAction\":[{\"@type\":\"ReadAction\",\"target\":[\"https:\\\/\\\/visionarymarketing.com\\\/fr\\\/2013\\\/04\\\/27\\\/le-web-social\\\/\"]}]},{\"@type\":\"ImageObject\",\"inLanguage\":\"fr-FR\",\"@id\":\"https:\\\/\\\/visionarymarketing.com\\\/fr\\\/2013\\\/04\\\/27\\\/le-web-social\\\/#primaryimage\",\"url\":\"https:\\\/\\\/visionarymarketing.com\\\/wp-content\\\/uploads\\\/2013\\\/04\\\/49152782293_109342b09c_c.jpg\",\"contentUrl\":\"https:\\\/\\\/visionarymarketing.com\\\/wp-content\\\/uploads\\\/2013\\\/04\\\/49152782293_109342b09c_c.jpg\",\"width\":650,\"height\":434,\"caption\":\"Web Social\"},{\"@type\":\"BreadcrumbList\",\"@id\":\"https:\\\/\\\/visionarymarketing.com\\\/fr\\\/2013\\\/04\\\/27\\\/le-web-social\\\/#breadcrumb\",\"itemListElement\":[{\"@type\":\"ListItem\",\"position\":1,\"name\":\"Home\",\"item\":\"https:\\\/\\\/visionarymarketing.com\\\/fr\\\/\"},{\"@type\":\"ListItem\",\"position\":2,\"name\":\"Le Web social, n&rsquo;est pas mort &#8230; Il s&rsquo;est juste professionnalis\u00e9 !\"}]},{\"@type\":\"WebSite\",\"@id\":\"https:\\\/\\\/visionarymarketing.com\\\/fr\\\/#website\",\"url\":\"https:\\\/\\\/visionarymarketing.com\\\/fr\\\/\",\"name\":\"Marketing and Innovation\",\"description\":\"Site d&#039;infos ind\u00e9pendant, depuis 1996\",\"potentialAction\":[{\"@type\":\"SearchAction\",\"target\":{\"@type\":\"EntryPoint\",\"urlTemplate\":\"https:\\\/\\\/visionarymarketing.com\\\/fr\\\/?s={search_term_string}\"},\"query-input\":{\"@type\":\"PropertyValueSpecification\",\"valueRequired\":true,\"valueName\":\"search_term_string\"}}],\"inLanguage\":\"fr-FR\"},{\"@type\":\"Person\",\"@id\":\"https:\\\/\\\/visionarymarketing.com\\\/fr\\\/#\\\/schema\\\/person\\\/3754fee1e558f47b8deb46f53c37423e\",\"name\":\"Yann Gourvennec\",\"image\":{\"@type\":\"ImageObject\",\"inLanguage\":\"fr-FR\",\"@id\":\"https:\\\/\\\/secure.gravatar.com\\\/avatar\\\/5972001801e8de5692a3e31224e85769f50a55fb8b679749f9c8d1868cceff14?s=96&d=initials&r=g&initials=yg\",\"url\":\"https:\\\/\\\/secure.gravatar.com\\\/avatar\\\/5972001801e8de5692a3e31224e85769f50a55fb8b679749f9c8d1868cceff14?s=96&d=initials&r=g&initials=yg\",\"contentUrl\":\"https:\\\/\\\/secure.gravatar.com\\\/avatar\\\/5972001801e8de5692a3e31224e85769f50a55fb8b679749f9c8d1868cceff14?s=96&d=initials&r=g&initials=yg\",\"caption\":\"Yann Gourvennec\"},\"description\":\"Yann Gourvennec created visionarymarketing.com in 1996. He is a speaker and author of many books. In 2014 he went from intrapreneur to entrepreneur, when he created his digital marketing agency. Yann Gourvennec a cr\u00e9\u00e9 visionarymarketing.com en 1996. Il est conf\u00e9rencier et auteur de plusieurs livres. En 2014, il est pass\u00e9 d'intrapreneur \u00e0 entrepreneur en cr\u00e9ant son agence de marketing num\u00e9rique.\",\"sameAs\":[\"https:\\\/\\\/visionarymarketing.com\",\"http:\\\/\\\/facebook.com\\\/ygourven\",\"http:\\\/\\\/linkedin.com\\\/in\\\/ygourven\",\"https:\\\/\\\/x.com\\\/ygourven\",\"https:\\\/\\\/www.youtube.com\\\/c\\\/visionarymarketingagency\"],\"url\":\"https:\\\/\\\/visionarymarketing.com\\\/fr\\\/author\\\/yann-gourvennec\\\/\"}]}<\/script>\n<!-- \/ Yoast SEO plugin. -->","yoast_head_json":{"title":"Le Web social, n'est pas mort ... Il s'est juste professionnalis\u00e9 !","description":"voyons pourquoi je pense que la conclusion qui voudrait que le Web social est mort est fausse. Avec une interview de Marilyne Lacaze.","robots":{"index":"index","follow":"follow","max-snippet":"max-snippet:-1","max-image-preview":"max-image-preview:large","max-video-preview":"max-video-preview:-1"},"canonical":"https:\/\/visionarymarketing.com\/fr\/2013\/04\/27\/le-web-social\/","og_locale":"fr_FR","og_type":"article","og_title":"Le Web social, n'est pas mort ... Il s'est juste professionnalis\u00e9 !","og_description":"voyons pourquoi je pense que la conclusion qui voudrait que le Web social est mort est fausse. Avec une interview de Marilyne Lacaze.","og_url":"https:\/\/visionarymarketing.com\/fr\/2013\/04\/27\/le-web-social\/","og_site_name":"Marketing and Innovation","article_publisher":"https:\/\/www.facebook.com\/vismktg","article_author":"http:\/\/facebook.com\/ygourven","article_published_time":"2013-04-27T05:49:11+00:00","article_modified_time":"2023-07-11T07:28:45+00:00","og_image":[{"width":650,"height":434,"url":"https:\/\/visionarymarketing.com\/wp-content\/uploads\/2013\/04\/49152782293_109342b09c_c.jpg","type":"image\/jpeg"}],"author":"Yann Gourvennec","twitter_card":"summary_large_image","twitter_creator":"@ygourven","twitter_site":"@ygourven","twitter_misc":{"\u00c9crit par":"Yann Gourvennec","Dur\u00e9e de lecture estim\u00e9e":"7 minutes"},"schema":{"@context":"https:\/\/schema.org","@graph":[{"@type":"NewsArticle","@id":"https:\/\/visionarymarketing.com\/fr\/2013\/04\/27\/le-web-social\/#article","isPartOf":{"@id":"https:\/\/visionarymarketing.com\/fr\/2013\/04\/27\/le-web-social\/"},"author":{"name":"Yann Gourvennec","@id":"https:\/\/visionarymarketing.com\/fr\/#\/schema\/person\/3754fee1e558f47b8deb46f53c37423e"},"headline":"Le Web social, n&rsquo;est pas mort &#8230; Il s&rsquo;est juste professionnalis\u00e9 !","datePublished":"2013-04-27T05:49:11+00:00","dateModified":"2023-07-11T07:28:45+00:00","mainEntityOfPage":{"@id":"https:\/\/visionarymarketing.com\/fr\/2013\/04\/27\/le-web-social\/"},"wordCount":1614,"commentCount":0,"image":{"@id":"https:\/\/visionarymarketing.com\/fr\/2013\/04\/27\/le-web-social\/#primaryimage"},"thumbnailUrl":"https:\/\/visionarymarketing.com\/wp-content\/uploads\/2013\/04\/49152782293_109342b09c_c.jpg","articleSection":["m\u00e9dias \/ r\u00e9seaux sociaux"],"inLanguage":"fr-FR","potentialAction":[{"@type":"CommentAction","name":"Comment","target":["https:\/\/visionarymarketing.com\/fr\/2013\/04\/27\/le-web-social\/#respond"]}]},{"@type":"WebPage","@id":"https:\/\/visionarymarketing.com\/fr\/2013\/04\/27\/le-web-social\/","url":"https:\/\/visionarymarketing.com\/fr\/2013\/04\/27\/le-web-social\/","name":"Le Web social, n'est pas mort ... Il s'est juste professionnalis\u00e9 !","isPartOf":{"@id":"https:\/\/visionarymarketing.com\/fr\/#website"},"primaryImageOfPage":{"@id":"https:\/\/visionarymarketing.com\/fr\/2013\/04\/27\/le-web-social\/#primaryimage"},"image":{"@id":"https:\/\/visionarymarketing.com\/fr\/2013\/04\/27\/le-web-social\/#primaryimage"},"thumbnailUrl":"https:\/\/visionarymarketing.com\/wp-content\/uploads\/2013\/04\/49152782293_109342b09c_c.jpg","datePublished":"2013-04-27T05:49:11+00:00","dateModified":"2023-07-11T07:28:45+00:00","author":{"@id":"https:\/\/visionarymarketing.com\/fr\/#\/schema\/person\/3754fee1e558f47b8deb46f53c37423e"},"description":"voyons pourquoi je pense que la conclusion qui voudrait que le Web social est mort est fausse. Avec une interview de Marilyne Lacaze.","breadcrumb":{"@id":"https:\/\/visionarymarketing.com\/fr\/2013\/04\/27\/le-web-social\/#breadcrumb"},"inLanguage":"fr-FR","potentialAction":[{"@type":"ReadAction","target":["https:\/\/visionarymarketing.com\/fr\/2013\/04\/27\/le-web-social\/"]}]},{"@type":"ImageObject","inLanguage":"fr-FR","@id":"https:\/\/visionarymarketing.com\/fr\/2013\/04\/27\/le-web-social\/#primaryimage","url":"https:\/\/visionarymarketing.com\/wp-content\/uploads\/2013\/04\/49152782293_109342b09c_c.jpg","contentUrl":"https:\/\/visionarymarketing.com\/wp-content\/uploads\/2013\/04\/49152782293_109342b09c_c.jpg","width":650,"height":434,"caption":"Web Social"},{"@type":"BreadcrumbList","@id":"https:\/\/visionarymarketing.com\/fr\/2013\/04\/27\/le-web-social\/#breadcrumb","itemListElement":[{"@type":"ListItem","position":1,"name":"Home","item":"https:\/\/visionarymarketing.com\/fr\/"},{"@type":"ListItem","position":2,"name":"Le Web social, n&rsquo;est pas mort &#8230; Il s&rsquo;est juste professionnalis\u00e9 !"}]},{"@type":"WebSite","@id":"https:\/\/visionarymarketing.com\/fr\/#website","url":"https:\/\/visionarymarketing.com\/fr\/","name":"Marketing and Innovation","description":"Site d&#039;infos ind\u00e9pendant, depuis 1996","potentialAction":[{"@type":"SearchAction","target":{"@type":"EntryPoint","urlTemplate":"https:\/\/visionarymarketing.com\/fr\/?s={search_term_string}"},"query-input":{"@type":"PropertyValueSpecification","valueRequired":true,"valueName":"search_term_string"}}],"inLanguage":"fr-FR"},{"@type":"Person","@id":"https:\/\/visionarymarketing.com\/fr\/#\/schema\/person\/3754fee1e558f47b8deb46f53c37423e","name":"Yann Gourvennec","image":{"@type":"ImageObject","inLanguage":"fr-FR","@id":"https:\/\/secure.gravatar.com\/avatar\/5972001801e8de5692a3e31224e85769f50a55fb8b679749f9c8d1868cceff14?s=96&d=initials&r=g&initials=yg","url":"https:\/\/secure.gravatar.com\/avatar\/5972001801e8de5692a3e31224e85769f50a55fb8b679749f9c8d1868cceff14?s=96&d=initials&r=g&initials=yg","contentUrl":"https:\/\/secure.gravatar.com\/avatar\/5972001801e8de5692a3e31224e85769f50a55fb8b679749f9c8d1868cceff14?s=96&d=initials&r=g&initials=yg","caption":"Yann Gourvennec"},"description":"Yann Gourvennec created visionarymarketing.com in 1996. He is a speaker and author of many books. In 2014 he went from intrapreneur to entrepreneur, when he created his digital marketing agency. Yann Gourvennec a cr\u00e9\u00e9 visionarymarketing.com en 1996. Il est conf\u00e9rencier et auteur de plusieurs livres. En 2014, il est pass\u00e9 d'intrapreneur \u00e0 entrepreneur en cr\u00e9ant son agence de marketing num\u00e9rique.","sameAs":["https:\/\/visionarymarketing.com","http:\/\/facebook.com\/ygourven","http:\/\/linkedin.com\/in\/ygourven","https:\/\/x.com\/ygourven","https:\/\/www.youtube.com\/c\/visionarymarketingagency"],"url":"https:\/\/visionarymarketing.com\/fr\/author\/yann-gourvennec\/"}]}},"_links":{"self":[{"href":"https:\/\/visionarymarketing.com\/fr\/wp-json\/wp\/v2\/posts\/8250","targetHints":{"allow":["GET"]}}],"collection":[{"href":"https:\/\/visionarymarketing.com\/fr\/wp-json\/wp\/v2\/posts"}],"about":[{"href":"https:\/\/visionarymarketing.com\/fr\/wp-json\/wp\/v2\/types\/post"}],"author":[{"embeddable":true,"href":"https:\/\/visionarymarketing.com\/fr\/wp-json\/wp\/v2\/users\/2"}],"replies":[{"embeddable":true,"href":"https:\/\/visionarymarketing.com\/fr\/wp-json\/wp\/v2\/comments?post=8250"}],"version-history":[{"count":0,"href":"https:\/\/visionarymarketing.com\/fr\/wp-json\/wp\/v2\/posts\/8250\/revisions"}],"wp:featuredmedia":[{"embeddable":true,"href":"https:\/\/visionarymarketing.com\/fr\/wp-json\/wp\/v2\/media\/34676"}],"wp:attachment":[{"href":"https:\/\/visionarymarketing.com\/fr\/wp-json\/wp\/v2\/media?parent=8250"}],"wp:term":[{"taxonomy":"category","embeddable":true,"href":"https:\/\/visionarymarketing.com\/fr\/wp-json\/wp\/v2\/categories?post=8250"},{"taxonomy":"post_tag","embeddable":true,"href":"https:\/\/visionarymarketing.com\/fr\/wp-json\/wp\/v2\/tags?post=8250"}],"curies":[{"name":"wp","href":"https:\/\/api.w.org\/{rel}","templated":true}]}}