{"id":81726,"date":"2024-10-28T16:02:22","date_gmt":"2024-10-28T15:02:22","guid":{"rendered":"https:\/\/visionarymarketing.com\/?p=81726"},"modified":"2024-10-28T19:12:38","modified_gmt":"2024-10-28T18:12:38","slug":"communication-interne-retrouver-la-voix-de-lauthenticite","status":"publish","type":"post","link":"https:\/\/visionarymarketing.com\/fr\/2024\/10\/28\/communication-interne-retrouver-la-voix-de-lauthenticite\/","title":{"rendered":"Communication interne : retrouver la voix de l\u2019authenticit\u00e9"},"content":{"rendered":"<p><i>Olivier Cimeli\u00e8re enjoint les entreprises \u00e0 arr\u00eater les \u00ab\u00a0coups de com\u2019\u00a0\u00bb dans leur communication interne, \u00e0 retrouver l\u2019authenticit\u00e9, \u00e0 mobiliser leurs employ\u00e9s pour aller de l\u2019avant ensemble, et \u00e0 sortir du contr\u00f4le syst\u00e9matique et permanent. Un ensemble de bonnes pratiques et conseils de bon sens, distill\u00e9s par Olivier avec son habituel franc-parler. Des conseils que les lecteurs retrouveront dans son dernier livre, ENTREPRISES : ET SI VOUS ARR\u00caTIEZ LE COUP DE COM\u2019 ? paru chez Eyrolles en 2024.<span class=\"Apple-converted-space\">\u00a0<\/span><\/i><\/p>\n<h2>Communication interne : retrouver la voix de l\u2019authenticit\u00e9<\/h2>\n<figure id=\"attachment_81729\" aria-describedby=\"caption-attachment-81729\" style=\"width: 1200px\" class=\"wp-caption alignnone\"><img decoding=\"async\" class=\"wp-image-81729 size-full\" style=\"font-weight: bold; color: #767676;\" src=\"https:\/\/visionarymarketing.com\/wp-content\/uploads\/2024\/10\/51426656945-8436e757fc-k.jpg\" alt=\"La communication interne des entreprises a besoin d\u2019\u00eatre bien d\u00e9poussi\u00e9r\u00e9e nous dit Olivier Cimeli\u00e8re dans son dernier ouvrage .\" width=\"1200\" height=\"730\" srcset=\"https:\/\/visionarymarketing.com\/wp-content\/uploads\/2024\/10\/51426656945-8436e757fc-k.jpg 1200w, https:\/\/visionarymarketing.com\/wp-content\/uploads\/2024\/10\/51426656945-8436e757fc-k-493x300.jpg 493w, https:\/\/visionarymarketing.com\/wp-content\/uploads\/2024\/10\/51426656945-8436e757fc-k-1024x623.jpg 1024w, https:\/\/visionarymarketing.com\/wp-content\/uploads\/2024\/10\/51426656945-8436e757fc-k-768x467.jpg 768w\" sizes=\"(max-width: 1200px) 100vw, 1200px\" \/><figcaption id=\"caption-attachment-81729\" class=\"wp-caption-text\">La communication interne des entreprises a besoin d\u2019\u00eatre bien d\u00e9poussi\u00e9r\u00e9e nous dit Olivier Cimeli\u00e8re dans son dernier ouvrage.<\/figcaption><\/figure>\n<h3>Qu\u2019entends-tu par \u00ab\u00a0coups de com\u2019\u00a0\u00bb?<span class=\"Apple-converted-space\">\u00a0<\/span><\/h3>\n<p><b>OC<\/b>. Le coup de com, c&rsquo;est l&rsquo;obsession de faire le buzz, la une des m\u00e9dias, de tirer la couverture \u00e0 soi, d&rsquo;\u00eatre visible partout et tout le temps. Au d\u00e9part, c&rsquo;\u00e9tait l&rsquo;obsession des politiques, \u00e7a l&rsquo;est toujours d&rsquo;ailleurs, mais les entreprises s&rsquo;inscrivent de plus en plus dans cette d\u00e9marche. Et je trouve cela dommage. Cela fait perdre en profondeur et en perspective en mati\u00e8re de communication.<!--more--><\/p>\n<p>Le coup de com, c&rsquo;est l&rsquo;obsession de faire le buzz, la une des m\u00e9dias, de tirer la couverture \u00e0 soi, d&rsquo;\u00eatre visible partout et tout le temps.<\/p>\n<h3>La communication interne peut-elle encore r\u00e9enchanter l\u2019entreprise ?<\/h3>\n<p><b>OC<\/b>. Oui, je le pense. Malgr\u00e9 les programmes de bien-\u00eatre, de bienveillance, d&rsquo;inclusion des collaborateurs, les entreprises ont droit \u00e0 <b>la d\u00e9mission silencieuse<\/b>.<span class=\"Apple-converted-space\">\u00a0<\/span><\/p>\n<p>Certains employ\u00e9s rentrent dans la routine et ne vont pas au-del\u00e0. D\u2019autres font des burn-outs, d\u2019autres encore sont victimes de harc\u00e8lement moral, ou pire. Ces ph\u00e9nom\u00e8nes ne refluent pas.<span class=\"Apple-converted-space\">\u00a0<\/span><\/p>\n<p>L&rsquo;entreprise a donc besoin d&rsquo;\u00eatre r\u00e9enchant\u00e9e qu&rsquo;on lui retrouve du sens.<span class=\"Apple-converted-space\">\u00a0<\/span><\/p>\n<figure id=\"attachment_81728\" aria-describedby=\"caption-attachment-81728\" style=\"width: 1154px\" class=\"wp-caption aligncenter\"><img decoding=\"async\" class=\"wp-image-81728 size-full\" src=\"https:\/\/visionarymarketing.com\/wp-content\/uploads\/2024\/10\/ygourven-conceptual-photography-showing-a-large-corporate-intra-97dae2c4-c361-4ed3-9f2c-465498dfbc19-e1730139096102.jpg\" alt=\"Communication interne\" width=\"1154\" height=\"608\" srcset=\"https:\/\/visionarymarketing.com\/wp-content\/uploads\/2024\/10\/ygourven-conceptual-photography-showing-a-large-corporate-intra-97dae2c4-c361-4ed3-9f2c-465498dfbc19-e1730139096102.jpg 1154w, https:\/\/visionarymarketing.com\/wp-content\/uploads\/2024\/10\/ygourven-conceptual-photography-showing-a-large-corporate-intra-97dae2c4-c361-4ed3-9f2c-465498dfbc19-e1730139096102-500x263.jpg 500w, https:\/\/visionarymarketing.com\/wp-content\/uploads\/2024\/10\/ygourven-conceptual-photography-showing-a-large-corporate-intra-97dae2c4-c361-4ed3-9f2c-465498dfbc19-e1730139096102-1024x540.jpg 1024w, https:\/\/visionarymarketing.com\/wp-content\/uploads\/2024\/10\/ygourven-conceptual-photography-showing-a-large-corporate-intra-97dae2c4-c361-4ed3-9f2c-465498dfbc19-e1730139096102-768x405.jpg 768w\" sizes=\"(max-width: 1154px) 100vw, 1154px\" \/><figcaption id=\"caption-attachment-81728\" class=\"wp-caption-text\">Tant de communication interne, et moi et moi et moi ! Image produite avec Midjourney en mode personn<\/figcaption><\/figure>\n<p>\u00c0 cela s\u2019est ajout\u00e9 le t\u00e9l\u00e9travail, qui dilue les liens sociaux, avec une moindre pr\u00e9sence au bureau et un temps accru derri\u00e8re l\u2019\u00e9cran.<span class=\"Apple-converted-space\">\u00a0<\/span><\/p>\n<p>Cela interroge sur la place de la culture d&rsquo;entreprise, de l\u2019adh\u00e9sion, de la fid\u00e9lit\u00e9 et de la loyaut\u00e9 \u00e0 son employeur, alors que finalement on se rend de moins en moins souvent dans ses locaux.<\/p>\n<h3>N&rsquo;y a-t-il pas une perte de profondeur dans les contenus ?<\/h3>\n<p><b>OC<\/b>. Les m\u00e9dias chauds, sur lequel on peut publier permanence, nous inscrivent dans le temps r\u00e9el ou quasi-temps r\u00e9el. Cela nous fait perdre le recul qu&rsquo;on avait avec le journal d&rsquo;entreprise.<span class=\"Apple-converted-space\">\u00a0<\/span><\/p>\n<p>Avec celui-ci, on pouvait faire de longs reportages plus d\u00e9taill\u00e9s, revenir sur des \u00e9v\u00e9nements, des projets qui avaient \u00e9t\u00e9 lanc\u00e9s. Il y avait vraiment une temporalit\u00e9 diff\u00e9rente.<span class=\"Apple-converted-space\">\u00a0<\/span><\/p>\n<p>Avec le digital, il est tr\u00e8s dur de faire des formats longs. Certains m\u00e9dias savent tr\u00e8s bien le faire, comme le New York Times ou Le Monde. Mais cela demande d&rsquo;\u00e9normes moyens et une \u00e9quipe sp\u00e9cialis\u00e9e.<span class=\"Apple-converted-space\">\u00a0<\/span><\/p>\n<p>De plus, la communication interne a \u00e9t\u00e9 beaucoup influenc\u00e9e par le marketing. En cons\u00e9quence, on lance des campagnes, des concours, et on finit par en perdre de vue l&rsquo;essentiel.<\/p>\n<h3>Raconte-nous ton exp\u00e9rience sur le journal Nestl\u00e9 Waters de 1997 \u00e0 2007<\/h3>\n<p><b>OC<\/b>.<span class=\"Apple-converted-space\">\u00a0 <\/span>C&rsquo;est une de mes plus belles aventures professionnelles. J\u2019en \u00e9tais un des contributeurs, pas le seul cr\u00e9ateur. Nous l\u2019avons lanc\u00e9 alors que Nestl\u00e9 Waters se d\u00e9veloppait \u00e0 une vitesse \u00e9clair dans le monde entier.<span class=\"Apple-converted-space\">\u00a0<\/span><\/p>\n<p>Il y avait vraiment la n\u00e9cessit\u00e9 d&rsquo;activer les choses pour b\u00e2tir une culture interne qui puisse rassembler une communaut\u00e9, malgr\u00e9 les diff\u00e9rences d\u2019approches dans tous les pays.<\/p>\n<p>C\u2019\u00e9tait une revue \u00e9conomique, du type des Enjeux les \u00c9chos ou de Capital.<span class=\"Apple-converted-space\">\u00a0<\/span><\/p>\n<p>Je suis un ancien journaliste, j\u2019ai donc voulu penser la revue comme s\u2019il s\u2019agissait d\u2019un magazine qu&rsquo;on ach\u00e8te dans les kiosques, avec des reportages longs.<\/p>\n<p>\u00c0 chaque num\u00e9ro, on couvrait deux march\u00e9s, ce qui nous a valu \u00e0 moi et \u00e0 mon \u00e9quipe de beaux voyages, puisque Nestl\u00e9 Waters est pr\u00e9sent sur tout le globe.<\/p>\n<p>On y d\u00e9cortiquait vraiment les modes de consommation, les circuits de distribution, on mettait en valeur bien \u00e9videmment aussi les \u00e9quipes. <b>On y expliquait ce que faisait la concurrence<\/b>. Ce n\u2019\u00e9tait pas une petite victoire, car mon pr\u00e9sident de l&rsquo;\u00e9poque ne voulait pas qu&rsquo;on en parle.<span class=\"Apple-converted-space\">\u00a0<\/span><\/p>\n<p>Je lui ai dit : \u00ab Je ne comprends pas, toute la journ\u00e9e on ne fait que parler d&rsquo;elle dans nos r\u00e9unions, et on l&rsquo;observe en permanence. Pourquoi dans le journal, n\u2019existerait-elle pas ? \u00bb Avec neutralit\u00e9 et bienveillance, bien entendu.<span class=\"Apple-converted-space\">\u00a0<\/span><\/p>\n<figure id=\"attachment_81727\" aria-describedby=\"caption-attachment-81727\" style=\"width: 1200px\" class=\"wp-caption aligncenter\"><img decoding=\"async\" class=\"wp-image-81727 size-full\" src=\"https:\/\/visionarymarketing.com\/wp-content\/uploads\/2024\/10\/ygourven-conceptual-photography-showing-a-large-corporate-intra-c731d6e1-05e3-40d0-9b5e-0355c9f3b8e8.jpg\" alt=\"Communication interne\" width=\"1200\" height=\"673\" srcset=\"https:\/\/visionarymarketing.com\/wp-content\/uploads\/2024\/10\/ygourven-conceptual-photography-showing-a-large-corporate-intra-c731d6e1-05e3-40d0-9b5e-0355c9f3b8e8.jpg 1200w, https:\/\/visionarymarketing.com\/wp-content\/uploads\/2024\/10\/ygourven-conceptual-photography-showing-a-large-corporate-intra-c731d6e1-05e3-40d0-9b5e-0355c9f3b8e8-500x280.jpg 500w, https:\/\/visionarymarketing.com\/wp-content\/uploads\/2024\/10\/ygourven-conceptual-photography-showing-a-large-corporate-intra-c731d6e1-05e3-40d0-9b5e-0355c9f3b8e8-1024x574.jpg 1024w, https:\/\/visionarymarketing.com\/wp-content\/uploads\/2024\/10\/ygourven-conceptual-photography-showing-a-large-corporate-intra-c731d6e1-05e3-40d0-9b5e-0355c9f3b8e8-768x431.jpg 768w, https:\/\/visionarymarketing.com\/wp-content\/uploads\/2024\/10\/ygourven-conceptual-photography-showing-a-large-corporate-intra-c731d6e1-05e3-40d0-9b5e-0355c9f3b8e8-390x220.jpg 390w\" sizes=\"(max-width: 1200px) 100vw, 1200px\" \/><figcaption id=\"caption-attachment-81727\" class=\"wp-caption-text\">Et si votre communication interne devenait collaborative ? Image produite avec Midjourney en mode personnalis\u00e9\u00a0<\/figcaption><\/figure>\n<p>Ce journal, au d\u00e9but, on a eu un peu de mal \u00e0 le faire vivre, car certaines filiales n&rsquo;avaient pas de pratique de la communication interne. D&rsquo;autres \u00e9taient un peu m\u00e9fiantes parce que ce contenu venait du si\u00e8ge.<span class=\"Apple-converted-space\">\u00a0<\/span><\/p>\n<p>Et comme nous avions trouv\u00e9 une tonalit\u00e9 originale, le succ\u00e8s est venu assez rapidement.<\/p>\n<p>Certains chefs de march\u00e9 m&rsquo;\u00e9crivaient pour me dire : \u00ab\u00a0Ah ! Mais on a fait \u00e7a il y a trois mois, il faudrait que tu viennes, \u00e7a doit faire la une ! \u00bb<\/p>\n<p>Finalement, nous n\u2019avions plus besoin de chercher des sujets, les propositions affluaient et les managers aimaient ce \u00ab canard\u00a0\u00bb, qui a fini par basculer au 100\u00a0% anglais.<span class=\"Apple-converted-space\">\u00a0<\/span><\/p>\n<p>Puis, malheureusement, un nouveau PDG est arriv\u00e9 et on est pass\u00e9s au tout digital. Et le journal a tr\u00e8s vite cess\u00e9 de para\u00eetre.<\/p>\n<p>Pourtant, le passage au num\u00e9rique ne d\u00e9gage pas toujours les \u00e9conomies escompt\u00e9es. Si on veut un intranet digne de ce nom, il faut de la production vid\u00e9o, du contenu \u00e9crit, du graphisme, etc. Et si l\u2019on additionne tous ces co\u00fbts, la facture peut parfois \u00eatre bien sup\u00e9rieure \u00e0 celle d&rsquo;un journal imprim\u00e9.<\/p>\n<h3>Tu d\u00e9cris que l&rsquo;intranet n\u2019a pas \u00e9t\u00e9 \u00ab\u00a0ringardis\u00e9\u00a0\u00bb par le RSE<\/h3>\n<p><b>OC<\/b>. Le <a href=\"https:\/\/visionarymarketing.com\/fr\/2012\/01\/31\/rse-reseau-social-entreprise\/\">r\u00e9seau social d\u2019entreprise<\/a> (RSE) a \u00e9t\u00e9 pr\u00e9sent\u00e9 il y a quelques ann\u00e9es comme le successeur de l\u2019intranet. Ce dernier \u00e9tait consid\u00e9r\u00e9 comme statique et pas assez collaboratif. La mode \u00e9tait au Facebook at work, devenu Facebook Workplace. Pourtant, Meta a annonc\u00e9 r\u00e9cemment qu&rsquo;il mettait fin \u00e0 la commercialisation de ce produit. Cela en dit long sur le succ\u00e8s qu\u2019il a rencontr\u00e9.<span class=\"Apple-converted-space\">\u00a0<\/span><\/p>\n<blockquote class=\"quote-light\"><p>Chronologie de la saga Facebook Workplace<\/p>\n<ul>\n<li style=\"list-style-type: none;\">\n<ul>\n<li style=\"list-style-type: none;\">\n<ul>\n<li style=\"list-style-type: none;\">\n<ul>\n<li>Annonce et Beta (2015) de Facebook at Work<\/li>\n<li>Lancement officiel en 2016 avec <a href=\"https:\/\/www.computerweekly.com\/news\/450400824\/Facebook-at-Work-comes-out-of-beta-and-launches-as-Workplace\">1 000 organisations<\/a><\/li>\n<li>Facebook at work est <a href=\"https:\/\/www.perfectsearchmedia.com\/blog\/facebook-rebranding-should-my-business\">renomm\u00e9 Workplace<\/a> (2018)<\/li>\n<li>Workplace for Good (2018), nouvelle initiative \u00e0 l\u2019attention des associations sans but lucratif et organisations \u00e9ducatives<\/li>\n<li>Safety Check Feature (2018), fonctionnalit\u00e9 permettant aux organisations de garder le contr\u00f4le sur la s\u00e9curit\u00e9 des employ\u00e9s en cas de crise<\/li>\n<li>En mai 2021, Workplace atteint les <a href=\"https:\/\/en.wikipedia.org\/wiki\/Workplace_(software)\">7 millions d\u2019utilisateurs payants<\/a><\/li>\n<li>2024: Meta annonce <a href=\"https:\/\/www.larksuite.com\/en_us\/blog\/from-meta-workplace-to-new-horizons-navigating-the-future-of-enterprise-communication\">l\u2019arr\u00eat de Workplace en 2026<\/a>, montrant ainsi un revirement strat\u00e9gique de l\u2019entreprise.<\/li>\n<\/ul>\n<\/li>\n<\/ul>\n<\/li>\n<\/ul>\n<\/li>\n<\/ul>\n<\/blockquote>\n<p>L\u2019intranet a toujours sa place, parce que c&rsquo;est un r\u00e9pertoire d&rsquo;informations utiles. C&rsquo;est un moyen de se tenir au courant aussi sur la vie de l&rsquo;entreprise, les mouvements, les produits, etc.<span class=\"Apple-converted-space\">\u00a0<\/span><\/p>\n<p>Sur un r\u00e9seau d&rsquo;entreprises, vous ne pouvez pas vous exprimer comme sur LinkedIn ou Facebook. M\u00eame si vous policez votre discours cela introduit un biais. J\u2019ai v\u00e9cu chez Ericsson l&rsquo;arriv\u00e9e d&rsquo;un r\u00e9seau social d\u2019entreprise. C\u2019\u00e9tait la franche rigolade. Il y avait ceux qui en faisaient des tonnes pour montrer qu&rsquo;ils \u00e9taient hyper enthousiastes.<span class=\"Apple-converted-space\">\u00a0<\/span><\/p>\n<p>De temps en temps, il y en avait un ou deux, qui essayaient effectivement de faire un peu de bruit, et puis bon voyant que \u00e7a ne prenait pas, on arr\u00eatait progressivement de l\u2019utiliser.<\/p>\n<p>En parall\u00e8le se sont impos\u00e9s des outils collaboratifs comme Slack, Bootcamp\u2026 Il y en avait plein. On \u00e9tait comme des hamsters dans la roue \u00e0 essayer de lire tout un tas de fils de discussion sur diff\u00e9rents projets dans lesquels on \u00e9tait engag\u00e9s.<span class=\"Apple-converted-space\">\u00a0<\/span><\/p>\n<p>Et \u00e0 force, fatalement, le cerveau a aussi ses limites. Et on se focalisait uniquement sur les sujets li\u00e9s \u00e0 notre travail.<\/p>\n<h3>Comment faire pour que les contenus de l\u2019intranet soient int\u00e9ressants ?<\/h3>\n<p><b>OC<\/b>. Le but n&rsquo;est pas de cr\u00e9er un forum o\u00f9 tout le monde va s&rsquo;\u00e9charper. \u00c7a n&rsquo;apporte rien pour l&rsquo;entreprise. \u00c9videmment que l&rsquo;intranet est l\u00e0 pour faire entendre la voix de la direction, \u00e7a me semble essentiel. Une absence de prise de parole de la direction envers ses collaborateurs poserait de s\u00e9rieux probl\u00e8mes.<span class=\"Apple-converted-space\">\u00a0<\/span><\/p>\n<p><a href=\"https:\/\/www.amazon.fr\/Entreprises-arr\u00eatiez-d\u00e9fis-relever-communication\/dp\/2416015753\/ref=sr_1_1?__mk_fr_FR=\u00c5M\u00c5\u017d\u00d5\u00d1&amp;crid=J77HRNE4GDNR&amp;dib=eyJ2IjoiMSJ9.E2HciF39VFVltwYjoAzUTh7zTDSpx53gCDdqgWujSkySlfkMDZAe7yNcfgMBGyOtgfboWr9IefgdZYghm2NMz6X5SJJjZ6ing6cTDcnCwmJJqP86ZEW3ikLbtCFaFRhI.YpCAYlBbQchosin-jHI0iwyPj4LygA2-ervU7ROEYoQ&amp;dib_tag=se&amp;keywords=arr\u00eatez+le+coup+de+com&amp;qid=1730127297&amp;sprefix=arr\u00eatez+le+coup+de+com%2Caps%2C70&amp;sr=8-1\" target=\"_blank\" rel=\"noopener\"><img decoding=\"async\" class=\"alignright wp-image-81732 size-medium\" src=\"https:\/\/visionarymarketing.com\/wp-content\/uploads\/2024\/10\/thumbnail-101410-188x300.jpeg\" alt=\"Communication interne\" width=\"188\" height=\"300\" srcset=\"https:\/\/visionarymarketing.com\/wp-content\/uploads\/2024\/10\/thumbnail-101410-188x300.jpeg 188w, https:\/\/visionarymarketing.com\/wp-content\/uploads\/2024\/10\/thumbnail-101410-643x1024.jpeg 643w, https:\/\/visionarymarketing.com\/wp-content\/uploads\/2024\/10\/thumbnail-101410-768x1224.jpeg 768w, https:\/\/visionarymarketing.com\/wp-content\/uploads\/2024\/10\/thumbnail-101410-964x1536.jpeg 964w, https:\/\/visionarymarketing.com\/wp-content\/uploads\/2024\/10\/thumbnail-101410.jpeg 1080w\" sizes=\"(max-width: 188px) 100vw, 188px\" \/><\/a>Mais ce que j&rsquo;ai toujours d\u00e9plor\u00e9, c&rsquo;est que dans l&rsquo;intranet, on validait, survalidait, voire aseptisait les contenus qu&rsquo;on proposait. En m\u00eame temps, \u00e0 l&rsquo;ext\u00e9rieur tout le monde peut trouver des informations sur son entreprise. Alors qu\u2019elles auraient pu avoir tout \u00e0 fait leur place dans des circuits de communication interne.<span class=\"Apple-converted-space\">\u00a0<\/span><\/p>\n<p>Mais souvent, on a peur, et la DRH fait le m\u00e9nage. J\u2019ai un lourd v\u00e9cu en ce domaine. Et \u00e0 force, en effet, l\u2019intranet n\u2019est plus que la voix de son ma\u00eetre. Et c&rsquo;est dommage. On devrait faire comme la presse, proposer \u00e0 des cadres et m\u00eame des non-cadres, d\u2019\u00e9crire des petites tribunes en rapport avec la vie de l&rsquo;entreprise, ses produits, ses services, une sorte de bo\u00eete \u00e0 id\u00e9es.<span class=\"Apple-converted-space\">\u00a0<\/span><\/p>\n<p>Cela contribuerait vraiment \u00e0 nourrir le corps social de l&rsquo;entreprise, qui a tendance \u00e0 se d\u00e9liter progressivement, on en parlait en introduction.<span class=\"Apple-converted-space\">\u00a0<\/span><\/p>\n<h3>C&rsquo;est ce que tu appelles la co-construction pour r\u00e9enchanter la communication interne de l\u2019entreprise<\/h3>\n<p><b>OC<\/b>. Veolia l\u2019a fait en rapport avec la transition \u00e9cologique avec son programme <a href=\"https:\/\/www.veolia.com\/fr\/groupe\/notre-raison-detre-mouvement\/plus-1-ecologie-actions\">+1 pour une \u00e9cologie en actions<\/a> [NDLR Voir la brochure ci-apr\u00e8s]. Depuis un an et demi, j&rsquo;en parle dans le livre, Veolia a associ\u00e9 tous les collaborateurs dans le monde entier, sur la base du volontariat. Ils ont rassembl\u00e9 suffisamment de contributeurs pour co-construire cette vision d&rsquo;une mani\u00e8re tr\u00e8s concr\u00e8te.<\/p>\n\n\t\t<div class=\"wppdfemb-frame-container-1\" style=\"-webkit-overflow-scrolling:auto;\">\n\t\t\t<iframe class=\"pdfembed-iframe nonfullscreen wppdf-emb-iframe-1\"\n\t\t\t\tsrc=\"https:\/\/visionarymarketing.com\/fr\/?pdfemb-data=eyJ1cmwiOiJodHRwczpcL1wvdmlzaW9uYXJ5bWFya2V0aW5nLmNvbVwvd3AtY29udGVudFwvdXBsb2Fkc1wvMjAyNFwvMTBcL3Zlb2xpYS1sZWFmbGV0LXBsdXMtdW4tZnIucGRmIiwiaW5kZXgiOjEsInBkZklEIjo4MTczMX0\"\n\t\t\t\t\t\t\t\tdata-pdf-id=\"81731\"\n\t\t\t\tdata-pdf-index=\"1\"\n\t\t\t\tstyle=\"border:none;width:100%;max-width:100%;height:100vh;\"\n\t\t\t\tscrolling=\"yes\">\n\t\t\t<\/iframe>\n\t\t<\/div>\n\n\t\t\n<p>Pour leur prochain plan strat\u00e9gique, ils ont d\u00e9cid\u00e9 d\u2019appliquer la m\u00eame m\u00e9thode.<span class=\"Apple-converted-space\">\u00a0<\/span><\/p>\n<p>Ce qu\u2019il fait en retenir c\u2019est que s&rsquo;il y a vraiment la volont\u00e9 politique de la direction g\u00e9n\u00e9rale, une d\u00e9marche de communication collaborative peut fonctionner, quelle que soit la taille de l\u2019entreprise.<span class=\"Apple-converted-space\">\u00a0<\/span><\/p>\n<h3>Tu \u00e9voques la porosit\u00e9 entre la communication interne et externe<\/h3>\n<p><b>OC<\/b>. Il faut donner envie aux candidats de consid\u00e9rer certains secteurs d&rsquo;activit\u00e9, certaines entreprises qui n&rsquo;\u00e9taient pas forc\u00e9ment dans le radar de ces chercheurs d\u2019emplois.<span class=\"Apple-converted-space\">\u00a0<\/span><\/p>\n<p>Sauf que beaucoup d\u2019entreprises plaquent avant tout des fantasmes sur la marque employeur. Au d\u00e9triment de l\u2019authenticit\u00e9.<span class=\"Apple-converted-space\">\u00a0<\/span><\/p>\n<p>Cela produit des campagnes marketing tr\u00e8s professionnelles, qui n\u2019ont rien \u00e0 envier aux publicit\u00e9s classiques. Le probl\u00e8me, c&rsquo;est qu\u2019elles sont compl\u00e8tement d\u00e9corr\u00e9l\u00e9es de la r\u00e9alit\u00e9 de l\u2019entreprise. Quand les salari\u00e9s les<span class=\"Apple-converted-space\">\u00a0 <\/span>voient, ils ne reconnaissent pas leur quotidien, leur v\u00e9cu, leur exp\u00e9rience,<span class=\"Apple-converted-space\">\u00a0<\/span><\/p>\n<p>Une vraie bonne communication externe doit \u00eatre compl\u00e8tement raccord avec l\u2019interne.<\/p>\n<p>Prenons Amazon, qui s\u2019est associ\u00e9e au mouvement Black Lives Matter en se plaignant de l\u2019injustice v\u00e9cue par les noirs. Sauf que l\u2019on s&rsquo;aper\u00e7oit dans le rapport annuel d&rsquo;Amazon, <a href=\"https:\/\/www.vox.com\/recode\/2021\/2\/26\/22297554\/amazon-race-black-diversity-inclusion\">que les moins bien choy\u00e9s dans l&rsquo;entreprise, sont pr\u00e9cis\u00e9ment les populations afro-africaines<\/a> dont les postes sont les moins bien pay\u00e9s et les plus durs, dans les entrep\u00f4ts et la logistique.<span class=\"Apple-converted-space\">\u00a0<\/span><\/p>\n<p>C\u2019est bien de s&rsquo;associer \u00e0 des causes, c&rsquo;est encore mieux de s\u2019appliquer \u00e0 soi-m\u00eame les principes qu\u2019on d\u00e9fend.<span class=\"Apple-converted-space\">\u00a0<\/span><\/p>\n<h3>Il y a 15 ans, SG ou Arcelor faisaient t\u00e9moigner les employ\u00e9s ouvertement. Est-ce encore envisageable aujourd&rsquo;hui ?<\/h3>\n<p><b>OC<\/b>. C&rsquo;est de moins en moins facile \u00e0 faire. La peur est l\u00e0, on veut tout cadrer, avec les fameux \u00ab\u00a0\u00e9l\u00e9ments de langage \u00bb.<\/p>\n<p>C&rsquo;est tr\u00e8s dommage. Il y a \u00e9norm\u00e9ment de salari\u00e9s qui sont r\u00e9ellement motiv\u00e9s et qui ont envie de s\u2019exprimer positivement sur l\u2019entreprise avec leurs propres mots.<span class=\"Apple-converted-space\">\u00a0 <\/span>Pourquoi ne pas s&rsquo;appuyer l\u00e0-dessus ?<\/p>\n<p>Il ya quelques ann\u00e9es, je pensais r\u00e9ellement qu&rsquo;on se dirigeait, avec les r\u00e9seaux sociaux, vers une lib\u00e9ralisation de la parole. En fait, non, la tendance s\u2019est invers\u00e9e, et le contr\u00f4le absolu est revenu. Pourtant, personne n\u2019est dupe.<span class=\"Apple-converted-space\">\u00a0<\/span><\/p>\n<p>C&rsquo;est dommage, mais j&rsquo;ose esp\u00e9rer que davantage d\u2019entreprises vont demander \u00e0 leurs employ\u00e9s de communiquer, autrement qu\u2019avec l\u2019\u00ab employee advocacy\u00a0\u00bb sur les r\u00e9seaux sociaux.<span class=\"Apple-converted-space\">\u00a0<\/span><\/p>\n<p>Il faut \u00e9viter de demander \u00e0 des arm\u00e9es de clones de r\u00e9p\u00e9ter la m\u00eame chose. \u00c7a n&rsquo;a aucun int\u00e9r\u00eat.<span class=\"Apple-converted-space\">\u00a0<\/span><\/p>\n<p>Par contre, si on embarque des salari\u00e9s, si on les laisse libres de s&rsquo;exprimer sur des th\u00e8mes en rapport avec le m\u00e9tier de l\u2019entreprise, je peux garantir que \u00e7a donne une autre coloration \u00e0 l&rsquo;image de l&rsquo;entreprise.<\/p>\n<p>Ceci, tout en \u00e9dictant quelques r\u00e8gles pour \u00e9viter les d\u00e9rapages.<span class=\"Apple-converted-space\">\u00a0<\/span><\/p>\n<p>Ainsi, l\u2019entreprise ne sera plus seulement incarn\u00e9e par les dirigeants, mais aussi par ses salari\u00e9s. \u00c0 l&rsquo;heure de la marque employeur, cela devient un sacr\u00e9 atout.<\/p>\n<p><a href=\"https:\/\/www.amazon.fr\/Entreprises-arr\u00eatiez-d\u00e9fis-relever-communication\/dp\/2416015753\/ref=sr_1_1?__mk_fr_FR=\u00c5M\u00c5\u017d\u00d5\u00d1&amp;crid=J77HRNE4GDNR&amp;dib=eyJ2IjoiMSJ9.E2HciF39VFVltwYjoAzUTh7zTDSpx53gCDdqgWujSkySlfkMDZAe7yNcfgMBGyOtgfboWr9IefgdZYghm2NMz6X5SJJjZ6ing6cTDcnCwmJJqP86ZEW3ikLbtCFaFRhI.YpCAYlBbQchosin-jHI0iwyPj4LygA2-ervU7ROEYoQ&amp;dib_tag=se&amp;keywords=arr\u00eatez+le+coup+de+com&amp;qid=1730127297&amp;sprefix=arr\u00eatez+le+coup+de+com%2Caps%2C70&amp;sr=8-1\"><img decoding=\"async\" class=\"aligncenter wp-image-23414 size-full\" src=\"https:\/\/visionarymarketing.com\/wp-content\/uploads\/2017\/02\/tous-boutons.png\" alt=\"acheter le livre\" width=\"450\" height=\"75\" \/><\/a><\/p>\n<div itemscope itemtype=\"http:\/\/schema.org\/AudioObject\"><meta itemprop=\"name\" content=\"Communication interne : retrouver la voix de l\u2019authenticit\u00e9\" \/><meta itemprop=\"uploadDate\" content=\"2024-10-28T16:02:22+01:00\" \/><meta itemprop=\"encodingFormat\" content=\"audio\/mpeg\" \/><meta itemprop=\"duration\" content=\"PT24M47S\" \/><meta itemprop=\"description\" content=\"Olivier Cimeli\u00e8re enjoint les entreprises \u00e0 arr\u00eater les \u00ab\u00a0coups de com\u2019\u00a0\u00bb dans leur communication interne, \u00e0 retrouver l\u2019authenticit\u00e9, \u00e0 mobiliser leurs employ\u00e9s pour aller de l\u2019avant ensemble, et \u00e0 sortir du contr\u00f4le syst\u00e9matique et permanent. Un en...\" \/><meta itemprop=\"contentUrl\" content=\"https:\/\/media.blubrry.com\/visionarymarketing_les\/agence.visionarymarketing.com\/files\/podcasts\/2024-06-24-O-Cimeliere-coupdecomm-STEREO-EDITE-midown.mp3\" \/><meta itemprop=\"contentSize\" content=\"16.2\" \/><div class=\"powerpress_player\" id=\"powerpress_player_7065\"><audio class=\"wp-audio-shortcode\" id=\"audio-81726-1\" preload=\"none\" style=\"width: 100%;\" controls=\"controls\"><source type=\"audio\/mpeg\" src=\"https:\/\/media.blubrry.com\/visionarymarketing_les\/agence.visionarymarketing.com\/files\/podcasts\/2024-06-24-O-Cimeliere-coupdecomm-STEREO-EDITE-midown.mp3?_=1\" \/><a href=\"https:\/\/media.blubrry.com\/visionarymarketing_les\/agence.visionarymarketing.com\/files\/podcasts\/2024-06-24-O-Cimeliere-coupdecomm-STEREO-EDITE-midown.mp3\">https:\/\/media.blubrry.com\/visionarymarketing_les\/agence.visionarymarketing.com\/files\/podcasts\/2024-06-24-O-Cimeliere-coupdecomm-STEREO-EDITE-midown.mp3<\/a><\/audio><\/div><\/div><p class=\"powerpress_links powerpress_links_mp3\" style=\"margin-bottom: 1px !important;\">Podcast: <a href=\"https:\/\/media.blubrry.com\/visionarymarketing_les\/agence.visionarymarketing.com\/files\/podcasts\/2024-06-24-O-Cimeliere-coupdecomm-STEREO-EDITE-midown.mp3\" class=\"powerpress_link_pinw\" target=\"_blank\" title=\"Play in new window\" onclick=\"return powerpress_pinw('https:\/\/visionarymarketing.com\/fr\/\/?powerpress_pinw=81726-podcast');\" rel=\"nofollow\">Play in new window<\/a> | <a href=\"https:\/\/media.blubrry.com\/visionarymarketing_les\/agence.visionarymarketing.com\/files\/podcasts\/2024-06-24-O-Cimeliere-coupdecomm-STEREO-EDITE-midown.mp3\" class=\"powerpress_link_d\" title=\"Download\" rel=\"nofollow\" download=\"2024-06-24-O-Cimeliere-coupdecomm-STEREO-EDITE-midown.mp3\">Download<\/a> (Duration: 24:47 &#8212; 16.2MB)<\/p><p class=\"powerpress_links powerpress_subscribe_links\">Subscribe: <a href=\"https:\/\/itunes.apple.com\/us\/podcast\/visionarymarketing-les-interviews\/id731295319?mt=2&amp;ls=1#episodeGuid=https%3A%2F%2Fvisionarymarketing.com%2F%3Fp%3D81726\" class=\"powerpress_link_subscribe powerpress_link_subscribe_itunes\" target=\"_blank\" title=\"Subscribe on Apple Podcasts\" rel=\"nofollow\">Apple Podcasts<\/a> | <a href=\"https:\/\/open.spotify.com\/show\/52VnZ1mhVSnDs4tQOx7Vuc\" class=\"powerpress_link_subscribe powerpress_link_subscribe_spotify\" target=\"_blank\" title=\"Subscribe on Spotify\" rel=\"nofollow\">Spotify<\/a> | <a href=\"https:\/\/subscribeonandroid.com\/visionarymarketing.com\/fr\/feed\/podcast\/\" class=\"powerpress_link_subscribe powerpress_link_subscribe_android\" target=\"_blank\" title=\"Subscribe on Android\" rel=\"nofollow\">Android<\/a> | <a href=\"https:\/\/visionarymarketing.com\/fr\/feed\/podcast\/\" class=\"powerpress_link_subscribe powerpress_link_subscribe_rss\" target=\"_blank\" title=\"Subscribe via RSS\" rel=\"nofollow\">RSS<\/a><\/p>","protected":false},"excerpt":{"rendered":"<p>Olivier Cimeli\u00e8re enjoint les entreprises \u00e0 arr\u00eater les \u00ab\u00a0coups de com\u2019\u00a0\u00bb dans leur communication interne, \u00e0 retrouver l\u2019authenticit\u00e9, \u00e0 mobiliser leurs employ\u00e9s pour aller de l\u2019avant ensemble, et \u00e0 sortir du contr\u00f4le syst\u00e9matique et permanent. Un ensemble de bonnes pratiques et conseils de bon sens, distill\u00e9s par Olivier avec son habituel franc-parler. Des conseils que &hellip;<\/p>\n","protected":false},"author":2,"featured_media":81729,"comment_status":"open","ping_status":"open","sticky":false,"template":"","format":"standard","meta":{"footnotes":""},"categories":[1613],"tags":[],"class_list":["post-81726","post","type-post","status-publish","format-standard","has-post-thumbnail","hentry","category-marketing-digital-marketing"],"yoast_head":"<!-- This site is optimized with the Yoast SEO plugin v27.4 - https:\/\/yoast.com\/product\/yoast-seo-wordpress\/ -->\n<title>Communication interne : retrouver la voix de l\u2019authenticit\u00e9<\/title>\n<meta name=\"description\" content=\"Olivier Cimeli\u00e8re enjoint les entreprises \u00e0 arr\u00eater les \u00ab\u00a0coups de com\u2019\u00a0\u00bb dans leur communication interne, et \u00e0 retrouver l\u2019authenticit\u00e9\" \/>\n<meta name=\"robots\" content=\"index, follow, max-snippet:-1, max-image-preview:large, max-video-preview:-1\" \/>\n<link rel=\"canonical\" href=\"https:\/\/visionarymarketing.com\/fr\/2024\/10\/28\/communication-interne-retrouver-la-voix-de-lauthenticite\/\" \/>\n<meta property=\"og:locale\" content=\"fr_FR\" \/>\n<meta property=\"og:type\" content=\"article\" \/>\n<meta property=\"og:title\" content=\"Communication interne : retrouver la voix de l\u2019authenticit\u00e9\" \/>\n<meta property=\"og:description\" content=\"Olivier Cimeli\u00e8re enjoint les entreprises \u00e0 arr\u00eater les \u00ab\u00a0coups de com\u2019\u00a0\u00bb dans leur communication interne, et \u00e0 retrouver l\u2019authenticit\u00e9\" \/>\n<meta property=\"og:url\" content=\"https:\/\/visionarymarketing.com\/fr\/2024\/10\/28\/communication-interne-retrouver-la-voix-de-lauthenticite\/\" \/>\n<meta property=\"og:site_name\" content=\"Marketing and Innovation\" \/>\n<meta property=\"article:publisher\" content=\"https:\/\/www.facebook.com\/vismktg\" \/>\n<meta property=\"article:author\" content=\"http:\/\/facebook.com\/ygourven\" \/>\n<meta property=\"article:published_time\" content=\"2024-10-28T15:02:22+00:00\" \/>\n<meta property=\"article:modified_time\" content=\"2024-10-28T18:12:38+00:00\" \/>\n<meta property=\"og:image\" content=\"https:\/\/visionarymarketing.com\/wp-content\/uploads\/2024\/10\/51426656945-8436e757fc-k.jpg\" \/>\n\t<meta property=\"og:image:width\" content=\"1200\" \/>\n\t<meta property=\"og:image:height\" content=\"730\" \/>\n\t<meta property=\"og:image:type\" content=\"image\/jpeg\" \/>\n<meta name=\"author\" content=\"Yann Gourvennec\" \/>\n<meta name=\"twitter:card\" content=\"summary_large_image\" \/>\n<meta name=\"twitter:creator\" content=\"@ygourven\" \/>\n<meta name=\"twitter:site\" content=\"@ygourven\" \/>\n<meta name=\"twitter:label1\" content=\"\u00c9crit par\" \/>\n\t<meta name=\"twitter:data1\" content=\"Yann Gourvennec\" \/>\n\t<meta name=\"twitter:label2\" content=\"Dur\u00e9e de lecture estim\u00e9e\" \/>\n\t<meta name=\"twitter:data2\" content=\"10 minutes\" \/>\n<script type=\"application\/ld+json\" class=\"yoast-schema-graph\">{\"@context\":\"https:\\\/\\\/schema.org\",\"@graph\":[{\"@type\":\"NewsArticle\",\"@id\":\"https:\\\/\\\/visionarymarketing.com\\\/fr\\\/2024\\\/10\\\/28\\\/communication-interne-retrouver-la-voix-de-lauthenticite\\\/#article\",\"isPartOf\":{\"@id\":\"https:\\\/\\\/visionarymarketing.com\\\/fr\\\/2024\\\/10\\\/28\\\/communication-interne-retrouver-la-voix-de-lauthenticite\\\/\"},\"author\":{\"name\":\"Yann Gourvennec\",\"@id\":\"https:\\\/\\\/visionarymarketing.com\\\/fr\\\/#\\\/schema\\\/person\\\/3754fee1e558f47b8deb46f53c37423e\"},\"headline\":\"Communication interne : retrouver la voix de l\u2019authenticit\u00e9\",\"datePublished\":\"2024-10-28T15:02:22+00:00\",\"dateModified\":\"2024-10-28T18:12:38+00:00\",\"mainEntityOfPage\":{\"@id\":\"https:\\\/\\\/visionarymarketing.com\\\/fr\\\/2024\\\/10\\\/28\\\/communication-interne-retrouver-la-voix-de-lauthenticite\\\/\"},\"wordCount\":2289,\"commentCount\":0,\"image\":{\"@id\":\"https:\\\/\\\/visionarymarketing.com\\\/fr\\\/2024\\\/10\\\/28\\\/communication-interne-retrouver-la-voix-de-lauthenticite\\\/#primaryimage\"},\"thumbnailUrl\":\"https:\\\/\\\/visionarymarketing.com\\\/wp-content\\\/uploads\\\/2024\\\/10\\\/51426656945-8436e757fc-k.jpg\",\"articleSection\":[\"marketing digital\"],\"inLanguage\":\"fr-FR\",\"potentialAction\":[{\"@type\":\"CommentAction\",\"name\":\"Comment\",\"target\":[\"https:\\\/\\\/visionarymarketing.com\\\/fr\\\/2024\\\/10\\\/28\\\/communication-interne-retrouver-la-voix-de-lauthenticite\\\/#respond\"]}]},{\"@type\":\"WebPage\",\"@id\":\"https:\\\/\\\/visionarymarketing.com\\\/fr\\\/2024\\\/10\\\/28\\\/communication-interne-retrouver-la-voix-de-lauthenticite\\\/\",\"url\":\"https:\\\/\\\/visionarymarketing.com\\\/fr\\\/2024\\\/10\\\/28\\\/communication-interne-retrouver-la-voix-de-lauthenticite\\\/\",\"name\":\"Communication interne : retrouver la voix de l\u2019authenticit\u00e9\",\"isPartOf\":{\"@id\":\"https:\\\/\\\/visionarymarketing.com\\\/fr\\\/#website\"},\"primaryImageOfPage\":{\"@id\":\"https:\\\/\\\/visionarymarketing.com\\\/fr\\\/2024\\\/10\\\/28\\\/communication-interne-retrouver-la-voix-de-lauthenticite\\\/#primaryimage\"},\"image\":{\"@id\":\"https:\\\/\\\/visionarymarketing.com\\\/fr\\\/2024\\\/10\\\/28\\\/communication-interne-retrouver-la-voix-de-lauthenticite\\\/#primaryimage\"},\"thumbnailUrl\":\"https:\\\/\\\/visionarymarketing.com\\\/wp-content\\\/uploads\\\/2024\\\/10\\\/51426656945-8436e757fc-k.jpg\",\"datePublished\":\"2024-10-28T15:02:22+00:00\",\"dateModified\":\"2024-10-28T18:12:38+00:00\",\"author\":{\"@id\":\"https:\\\/\\\/visionarymarketing.com\\\/fr\\\/#\\\/schema\\\/person\\\/3754fee1e558f47b8deb46f53c37423e\"},\"description\":\"Olivier Cimeli\u00e8re enjoint les entreprises \u00e0 arr\u00eater les \u00ab\u00a0coups de com\u2019\u00a0\u00bb dans leur communication interne, et \u00e0 retrouver l\u2019authenticit\u00e9\",\"breadcrumb\":{\"@id\":\"https:\\\/\\\/visionarymarketing.com\\\/fr\\\/2024\\\/10\\\/28\\\/communication-interne-retrouver-la-voix-de-lauthenticite\\\/#breadcrumb\"},\"inLanguage\":\"fr-FR\",\"potentialAction\":[{\"@type\":\"ReadAction\",\"target\":[\"https:\\\/\\\/visionarymarketing.com\\\/fr\\\/2024\\\/10\\\/28\\\/communication-interne-retrouver-la-voix-de-lauthenticite\\\/\"]}]},{\"@type\":\"ImageObject\",\"inLanguage\":\"fr-FR\",\"@id\":\"https:\\\/\\\/visionarymarketing.com\\\/fr\\\/2024\\\/10\\\/28\\\/communication-interne-retrouver-la-voix-de-lauthenticite\\\/#primaryimage\",\"url\":\"https:\\\/\\\/visionarymarketing.com\\\/wp-content\\\/uploads\\\/2024\\\/10\\\/51426656945-8436e757fc-k.jpg\",\"contentUrl\":\"https:\\\/\\\/visionarymarketing.com\\\/wp-content\\\/uploads\\\/2024\\\/10\\\/51426656945-8436e757fc-k.jpg\",\"width\":1200,\"height\":730,\"caption\":\"antimuseum.com\"},{\"@type\":\"BreadcrumbList\",\"@id\":\"https:\\\/\\\/visionarymarketing.com\\\/fr\\\/2024\\\/10\\\/28\\\/communication-interne-retrouver-la-voix-de-lauthenticite\\\/#breadcrumb\",\"itemListElement\":[{\"@type\":\"ListItem\",\"position\":1,\"name\":\"Home\",\"item\":\"https:\\\/\\\/visionarymarketing.com\\\/fr\\\/\"},{\"@type\":\"ListItem\",\"position\":2,\"name\":\"Communication interne : retrouver la voix de l\u2019authenticit\u00e9\"}]},{\"@type\":\"WebSite\",\"@id\":\"https:\\\/\\\/visionarymarketing.com\\\/fr\\\/#website\",\"url\":\"https:\\\/\\\/visionarymarketing.com\\\/fr\\\/\",\"name\":\"Marketing and Innovation\",\"description\":\"Site d&#039;infos ind\u00e9pendant, depuis 1996\",\"potentialAction\":[{\"@type\":\"SearchAction\",\"target\":{\"@type\":\"EntryPoint\",\"urlTemplate\":\"https:\\\/\\\/visionarymarketing.com\\\/fr\\\/?s={search_term_string}\"},\"query-input\":{\"@type\":\"PropertyValueSpecification\",\"valueRequired\":true,\"valueName\":\"search_term_string\"}}],\"inLanguage\":\"fr-FR\"},{\"@type\":\"Person\",\"@id\":\"https:\\\/\\\/visionarymarketing.com\\\/fr\\\/#\\\/schema\\\/person\\\/3754fee1e558f47b8deb46f53c37423e\",\"name\":\"Yann Gourvennec\",\"image\":{\"@type\":\"ImageObject\",\"inLanguage\":\"fr-FR\",\"@id\":\"https:\\\/\\\/secure.gravatar.com\\\/avatar\\\/5972001801e8de5692a3e31224e85769f50a55fb8b679749f9c8d1868cceff14?s=96&d=initials&r=g&initials=yg\",\"url\":\"https:\\\/\\\/secure.gravatar.com\\\/avatar\\\/5972001801e8de5692a3e31224e85769f50a55fb8b679749f9c8d1868cceff14?s=96&d=initials&r=g&initials=yg\",\"contentUrl\":\"https:\\\/\\\/secure.gravatar.com\\\/avatar\\\/5972001801e8de5692a3e31224e85769f50a55fb8b679749f9c8d1868cceff14?s=96&d=initials&r=g&initials=yg\",\"caption\":\"Yann Gourvennec\"},\"description\":\"Yann Gourvennec created visionarymarketing.com in 1996. He is a speaker and author of many books. In 2014 he went from intrapreneur to entrepreneur, when he created his digital marketing agency. Yann Gourvennec a cr\u00e9\u00e9 visionarymarketing.com en 1996. Il est conf\u00e9rencier et auteur de plusieurs livres. En 2014, il est pass\u00e9 d'intrapreneur \u00e0 entrepreneur en cr\u00e9ant son agence de marketing num\u00e9rique.\",\"sameAs\":[\"https:\\\/\\\/visionarymarketing.com\",\"http:\\\/\\\/facebook.com\\\/ygourven\",\"http:\\\/\\\/linkedin.com\\\/in\\\/ygourven\",\"https:\\\/\\\/x.com\\\/ygourven\",\"https:\\\/\\\/www.youtube.com\\\/c\\\/visionarymarketingagency\"],\"url\":\"https:\\\/\\\/visionarymarketing.com\\\/fr\\\/author\\\/yann-gourvennec\\\/\"}]}<\/script>\n<!-- \/ Yoast SEO plugin. -->","yoast_head_json":{"title":"Communication interne : retrouver la voix de l\u2019authenticit\u00e9","description":"Olivier Cimeli\u00e8re enjoint les entreprises \u00e0 arr\u00eater les \u00ab\u00a0coups de com\u2019\u00a0\u00bb dans leur communication interne, et \u00e0 retrouver l\u2019authenticit\u00e9","robots":{"index":"index","follow":"follow","max-snippet":"max-snippet:-1","max-image-preview":"max-image-preview:large","max-video-preview":"max-video-preview:-1"},"canonical":"https:\/\/visionarymarketing.com\/fr\/2024\/10\/28\/communication-interne-retrouver-la-voix-de-lauthenticite\/","og_locale":"fr_FR","og_type":"article","og_title":"Communication interne : retrouver la voix de l\u2019authenticit\u00e9","og_description":"Olivier Cimeli\u00e8re enjoint les entreprises \u00e0 arr\u00eater les \u00ab\u00a0coups de com\u2019\u00a0\u00bb dans leur communication interne, et \u00e0 retrouver l\u2019authenticit\u00e9","og_url":"https:\/\/visionarymarketing.com\/fr\/2024\/10\/28\/communication-interne-retrouver-la-voix-de-lauthenticite\/","og_site_name":"Marketing and Innovation","article_publisher":"https:\/\/www.facebook.com\/vismktg","article_author":"http:\/\/facebook.com\/ygourven","article_published_time":"2024-10-28T15:02:22+00:00","article_modified_time":"2024-10-28T18:12:38+00:00","og_image":[{"width":1200,"height":730,"url":"https:\/\/visionarymarketing.com\/wp-content\/uploads\/2024\/10\/51426656945-8436e757fc-k.jpg","type":"image\/jpeg"}],"author":"Yann Gourvennec","twitter_card":"summary_large_image","twitter_creator":"@ygourven","twitter_site":"@ygourven","twitter_misc":{"\u00c9crit par":"Yann Gourvennec","Dur\u00e9e de lecture estim\u00e9e":"10 minutes"},"schema":{"@context":"https:\/\/schema.org","@graph":[{"@type":"NewsArticle","@id":"https:\/\/visionarymarketing.com\/fr\/2024\/10\/28\/communication-interne-retrouver-la-voix-de-lauthenticite\/#article","isPartOf":{"@id":"https:\/\/visionarymarketing.com\/fr\/2024\/10\/28\/communication-interne-retrouver-la-voix-de-lauthenticite\/"},"author":{"name":"Yann Gourvennec","@id":"https:\/\/visionarymarketing.com\/fr\/#\/schema\/person\/3754fee1e558f47b8deb46f53c37423e"},"headline":"Communication interne : retrouver la voix de l\u2019authenticit\u00e9","datePublished":"2024-10-28T15:02:22+00:00","dateModified":"2024-10-28T18:12:38+00:00","mainEntityOfPage":{"@id":"https:\/\/visionarymarketing.com\/fr\/2024\/10\/28\/communication-interne-retrouver-la-voix-de-lauthenticite\/"},"wordCount":2289,"commentCount":0,"image":{"@id":"https:\/\/visionarymarketing.com\/fr\/2024\/10\/28\/communication-interne-retrouver-la-voix-de-lauthenticite\/#primaryimage"},"thumbnailUrl":"https:\/\/visionarymarketing.com\/wp-content\/uploads\/2024\/10\/51426656945-8436e757fc-k.jpg","articleSection":["marketing digital"],"inLanguage":"fr-FR","potentialAction":[{"@type":"CommentAction","name":"Comment","target":["https:\/\/visionarymarketing.com\/fr\/2024\/10\/28\/communication-interne-retrouver-la-voix-de-lauthenticite\/#respond"]}]},{"@type":"WebPage","@id":"https:\/\/visionarymarketing.com\/fr\/2024\/10\/28\/communication-interne-retrouver-la-voix-de-lauthenticite\/","url":"https:\/\/visionarymarketing.com\/fr\/2024\/10\/28\/communication-interne-retrouver-la-voix-de-lauthenticite\/","name":"Communication interne : retrouver la voix de l\u2019authenticit\u00e9","isPartOf":{"@id":"https:\/\/visionarymarketing.com\/fr\/#website"},"primaryImageOfPage":{"@id":"https:\/\/visionarymarketing.com\/fr\/2024\/10\/28\/communication-interne-retrouver-la-voix-de-lauthenticite\/#primaryimage"},"image":{"@id":"https:\/\/visionarymarketing.com\/fr\/2024\/10\/28\/communication-interne-retrouver-la-voix-de-lauthenticite\/#primaryimage"},"thumbnailUrl":"https:\/\/visionarymarketing.com\/wp-content\/uploads\/2024\/10\/51426656945-8436e757fc-k.jpg","datePublished":"2024-10-28T15:02:22+00:00","dateModified":"2024-10-28T18:12:38+00:00","author":{"@id":"https:\/\/visionarymarketing.com\/fr\/#\/schema\/person\/3754fee1e558f47b8deb46f53c37423e"},"description":"Olivier Cimeli\u00e8re enjoint les entreprises \u00e0 arr\u00eater les \u00ab\u00a0coups de com\u2019\u00a0\u00bb dans leur communication interne, et \u00e0 retrouver l\u2019authenticit\u00e9","breadcrumb":{"@id":"https:\/\/visionarymarketing.com\/fr\/2024\/10\/28\/communication-interne-retrouver-la-voix-de-lauthenticite\/#breadcrumb"},"inLanguage":"fr-FR","potentialAction":[{"@type":"ReadAction","target":["https:\/\/visionarymarketing.com\/fr\/2024\/10\/28\/communication-interne-retrouver-la-voix-de-lauthenticite\/"]}]},{"@type":"ImageObject","inLanguage":"fr-FR","@id":"https:\/\/visionarymarketing.com\/fr\/2024\/10\/28\/communication-interne-retrouver-la-voix-de-lauthenticite\/#primaryimage","url":"https:\/\/visionarymarketing.com\/wp-content\/uploads\/2024\/10\/51426656945-8436e757fc-k.jpg","contentUrl":"https:\/\/visionarymarketing.com\/wp-content\/uploads\/2024\/10\/51426656945-8436e757fc-k.jpg","width":1200,"height":730,"caption":"antimuseum.com"},{"@type":"BreadcrumbList","@id":"https:\/\/visionarymarketing.com\/fr\/2024\/10\/28\/communication-interne-retrouver-la-voix-de-lauthenticite\/#breadcrumb","itemListElement":[{"@type":"ListItem","position":1,"name":"Home","item":"https:\/\/visionarymarketing.com\/fr\/"},{"@type":"ListItem","position":2,"name":"Communication interne : retrouver la voix de l\u2019authenticit\u00e9"}]},{"@type":"WebSite","@id":"https:\/\/visionarymarketing.com\/fr\/#website","url":"https:\/\/visionarymarketing.com\/fr\/","name":"Marketing and Innovation","description":"Site d&#039;infos ind\u00e9pendant, depuis 1996","potentialAction":[{"@type":"SearchAction","target":{"@type":"EntryPoint","urlTemplate":"https:\/\/visionarymarketing.com\/fr\/?s={search_term_string}"},"query-input":{"@type":"PropertyValueSpecification","valueRequired":true,"valueName":"search_term_string"}}],"inLanguage":"fr-FR"},{"@type":"Person","@id":"https:\/\/visionarymarketing.com\/fr\/#\/schema\/person\/3754fee1e558f47b8deb46f53c37423e","name":"Yann Gourvennec","image":{"@type":"ImageObject","inLanguage":"fr-FR","@id":"https:\/\/secure.gravatar.com\/avatar\/5972001801e8de5692a3e31224e85769f50a55fb8b679749f9c8d1868cceff14?s=96&d=initials&r=g&initials=yg","url":"https:\/\/secure.gravatar.com\/avatar\/5972001801e8de5692a3e31224e85769f50a55fb8b679749f9c8d1868cceff14?s=96&d=initials&r=g&initials=yg","contentUrl":"https:\/\/secure.gravatar.com\/avatar\/5972001801e8de5692a3e31224e85769f50a55fb8b679749f9c8d1868cceff14?s=96&d=initials&r=g&initials=yg","caption":"Yann Gourvennec"},"description":"Yann Gourvennec created visionarymarketing.com in 1996. He is a speaker and author of many books. In 2014 he went from intrapreneur to entrepreneur, when he created his digital marketing agency. Yann Gourvennec a cr\u00e9\u00e9 visionarymarketing.com en 1996. Il est conf\u00e9rencier et auteur de plusieurs livres. En 2014, il est pass\u00e9 d'intrapreneur \u00e0 entrepreneur en cr\u00e9ant son agence de marketing num\u00e9rique.","sameAs":["https:\/\/visionarymarketing.com","http:\/\/facebook.com\/ygourven","http:\/\/linkedin.com\/in\/ygourven","https:\/\/x.com\/ygourven","https:\/\/www.youtube.com\/c\/visionarymarketingagency"],"url":"https:\/\/visionarymarketing.com\/fr\/author\/yann-gourvennec\/"}]}},"_links":{"self":[{"href":"https:\/\/visionarymarketing.com\/fr\/wp-json\/wp\/v2\/posts\/81726","targetHints":{"allow":["GET"]}}],"collection":[{"href":"https:\/\/visionarymarketing.com\/fr\/wp-json\/wp\/v2\/posts"}],"about":[{"href":"https:\/\/visionarymarketing.com\/fr\/wp-json\/wp\/v2\/types\/post"}],"author":[{"embeddable":true,"href":"https:\/\/visionarymarketing.com\/fr\/wp-json\/wp\/v2\/users\/2"}],"replies":[{"embeddable":true,"href":"https:\/\/visionarymarketing.com\/fr\/wp-json\/wp\/v2\/comments?post=81726"}],"version-history":[{"count":0,"href":"https:\/\/visionarymarketing.com\/fr\/wp-json\/wp\/v2\/posts\/81726\/revisions"}],"wp:featuredmedia":[{"embeddable":true,"href":"https:\/\/visionarymarketing.com\/fr\/wp-json\/wp\/v2\/media\/81729"}],"wp:attachment":[{"href":"https:\/\/visionarymarketing.com\/fr\/wp-json\/wp\/v2\/media?parent=81726"}],"wp:term":[{"taxonomy":"category","embeddable":true,"href":"https:\/\/visionarymarketing.com\/fr\/wp-json\/wp\/v2\/categories?post=81726"},{"taxonomy":"post_tag","embeddable":true,"href":"https:\/\/visionarymarketing.com\/fr\/wp-json\/wp\/v2\/tags?post=81726"}],"curies":[{"name":"wp","href":"https:\/\/api.w.org\/{rel}","templated":true}]}}