{"id":81564,"date":"2024-10-11T10:29:29","date_gmt":"2024-10-11T08:29:29","guid":{"rendered":"https:\/\/visionarymarketing.com\/?p=81564"},"modified":"2024-10-11T10:29:29","modified_gmt":"2024-10-11T08:29:29","slug":"accessibilite-des-sites-web","status":"publish","type":"post","link":"https:\/\/visionarymarketing.com\/fr\/2024\/10\/11\/accessibilite-des-sites-web\/","title":{"rendered":"Accessibilit\u00e9 des sites Web"},"content":{"rendered":"<p><em>Une d\u00e9cision de justice* particuli\u00e8rement importante est tomb\u00e9e en mai pour le compte de l&rsquo;association APIDV (Accompagner pour promouvoir et int\u00e9grer les d\u00e9ficiences visuelles) qui a assign\u00e9 l&rsquo;\u00c9tat en justice pour ne pas avoir respect\u00e9 sa propre loi sur l&rsquo;accessibilit\u00e9 des sites Web pendant 19 ans. Nous avons interview\u00e9 <\/em><a href=\"https:\/\/www.apidv.org\/qui-sommes-nous\/\"><em>Pierre Marragou<\/em><\/a><em>, pr\u00e9sident d\u2019APIDV et <\/em><a href=\"https:\/\/www.linkedin.com\/in\/edouard-b%C3%A9darrides-a587bb2a\/\"><em>\u00c9douard B\u00e9darrides<\/em><\/a><em>, entrepreneur, membre d&rsquo;Int\u00e9r\u00eat \u00e0 Agir. Cette d\u00e9cision n&rsquo;est pas seulement importante pour la mise en conformit\u00e9 des ENT (Environnements Num\u00e9riques de Travail de l&rsquo;\u00e9ducation nationale). Elle est \u00e9galement un signal fort envoy\u00e9 vers toutes les grandes entreprises, publiques et priv\u00e9es, qui vont devoir se mettre en conformit\u00e9.<\/em><\/p>\n<p>* disponible en fin de billet<\/p>\n<h2>Accessibilit\u00e9 des sites Web, les entreprises publiques et priv\u00e9es somm\u00e9es de se mettre en conformit\u00e9<\/h2>\n<figure id=\"attachment_81570\" aria-describedby=\"caption-attachment-81570\" style=\"width: 1200px\" class=\"wp-caption aligncenter\"><img decoding=\"async\" class=\"wp-image-81570 size-full\" src=\"https:\/\/visionarymarketing.com\/wp-content\/uploads\/2024\/10\/ygourven-a-visually-impaired-student-using-a-braille-keyboard-t-d25ece89-fb36-4789-8556-ffffc4eea2ef.jpg\" alt=\"Accessibilit\u00e9 des sites Web\" width=\"1200\" height=\"673\" srcset=\"https:\/\/visionarymarketing.com\/wp-content\/uploads\/2024\/10\/ygourven-a-visually-impaired-student-using-a-braille-keyboard-t-d25ece89-fb36-4789-8556-ffffc4eea2ef.jpg 1200w, https:\/\/visionarymarketing.com\/wp-content\/uploads\/2024\/10\/ygourven-a-visually-impaired-student-using-a-braille-keyboard-t-d25ece89-fb36-4789-8556-ffffc4eea2ef-500x280.jpg 500w, https:\/\/visionarymarketing.com\/wp-content\/uploads\/2024\/10\/ygourven-a-visually-impaired-student-using-a-braille-keyboard-t-d25ece89-fb36-4789-8556-ffffc4eea2ef-1024x574.jpg 1024w, https:\/\/visionarymarketing.com\/wp-content\/uploads\/2024\/10\/ygourven-a-visually-impaired-student-using-a-braille-keyboard-t-d25ece89-fb36-4789-8556-ffffc4eea2ef-768x431.jpg 768w, https:\/\/visionarymarketing.com\/wp-content\/uploads\/2024\/10\/ygourven-a-visually-impaired-student-using-a-braille-keyboard-t-d25ece89-fb36-4789-8556-ffffc4eea2ef-390x220.jpg 390w\" sizes=\"(max-width: 1200px) 100vw, 1200px\" \/><figcaption id=\"caption-attachment-81570\" class=\"wp-caption-text\">L&rsquo;accessibilit\u00e9 des sites Web ne concerne pas que l&rsquo;\u00e9ducation nationale, c&rsquo;est une obligation pour toutes les entreprises priv\u00e9es de plus de 250 millions d&rsquo;euros de CA \u2014 image produite avec Midjourney en mode personnalis\u00e9<\/figcaption><\/figure>\n<p><strong>Pierre Marragou.<\/strong> La loi de 2005 sur le handicap, adopt\u00e9e et approuv\u00e9e par les d\u00e9put\u00e9s et les s\u00e9nateurs, stipulait que l&rsquo;ensemble des services publics devaient avoir des sites Internet et des logiciels accessibles.<!--more--><\/p>\n<p>Accessible, cela signifie qu&rsquo;ils respectent un certain nombre de normes qui rendent le logiciel et le site utilisables, notamment par les personnes aveugles et malvoyantes. Pendant des ann\u00e9es, cette loi n&rsquo;a pas \u00e9t\u00e9 respect\u00e9e, notamment au sein des \u00e9coles, puisqu&rsquo;un certain nombre de parents d&rsquo;\u00e9l\u00e8ves, d&rsquo;enseignants ou d&rsquo;\u00e9l\u00e8ves eux-m\u00eames aveugles ou malvoyants ne pouvaient pas utiliser <strong>le logiciel de vie scolaire <\/strong>(alias ENT ou Espace Num\u00e9rique de Travail), donc l&rsquo;\u00e9quivalent du cahier de textes, du cahier de liaison, qui permet de faire le lien entre les enseignants, les parents et les \u00e9l\u00e8ves.<\/p>\n<figure id=\"attachment_81569\" aria-describedby=\"caption-attachment-81569\" style=\"width: 1200px\" class=\"wp-caption aligncenter\"><img decoding=\"async\" class=\"wp-image-81569 size-full\" src=\"https:\/\/visionarymarketing.com\/wp-content\/uploads\/2024\/10\/ygourven-split-screen-image-left-side-shows-a-frustrated-blind-ea6e7cae-875c-4fa0-8d44-7ceeb02c114b.jpg\" alt=\"Accessibilit\u00e9 des sites Web\" width=\"1200\" height=\"673\" srcset=\"https:\/\/visionarymarketing.com\/wp-content\/uploads\/2024\/10\/ygourven-split-screen-image-left-side-shows-a-frustrated-blind-ea6e7cae-875c-4fa0-8d44-7ceeb02c114b.jpg 1200w, https:\/\/visionarymarketing.com\/wp-content\/uploads\/2024\/10\/ygourven-split-screen-image-left-side-shows-a-frustrated-blind-ea6e7cae-875c-4fa0-8d44-7ceeb02c114b-500x280.jpg 500w, https:\/\/visionarymarketing.com\/wp-content\/uploads\/2024\/10\/ygourven-split-screen-image-left-side-shows-a-frustrated-blind-ea6e7cae-875c-4fa0-8d44-7ceeb02c114b-1024x574.jpg 1024w, https:\/\/visionarymarketing.com\/wp-content\/uploads\/2024\/10\/ygourven-split-screen-image-left-side-shows-a-frustrated-blind-ea6e7cae-875c-4fa0-8d44-7ceeb02c114b-768x431.jpg 768w, https:\/\/visionarymarketing.com\/wp-content\/uploads\/2024\/10\/ygourven-split-screen-image-left-side-shows-a-frustrated-blind-ea6e7cae-875c-4fa0-8d44-7ceeb02c114b-390x220.jpg 390w\" sizes=\"(max-width: 1200px) 100vw, 1200px\" \/><figcaption id=\"caption-attachment-81569\" class=\"wp-caption-text\">Toutes les entreprises devraient revoir l&rsquo;accessibilit\u00e9 de leurs sites Web nous dit le pr\u00e9sident de l&rsquo;APIDV, sans avoir besoin d&rsquo;attendre la sanction \u2014 image produite avec Midjourney en mode personnalis\u00e9<\/figcaption><\/figure>\n<p>Ce type de logiciels n&rsquo;\u00e9tant pas accessibles, nous avons demand\u00e9 \u00e0 l&rsquo;\u00c9tat de faire respecter la loi. C&rsquo;\u00e9tait la secr\u00e9taire d&rsquo;\u00c9tat <a href=\"https:\/\/fr.wikipedia.org\/wiki\/Sophie_Cluzel\" target=\"_blank\" rel=\"noopener\">Sophie Cluzel<\/a> \u00e0 l&rsquo;\u00e9poque. Celle-ci a refus\u00e9 de le faire en estimant que les logiciels de vie scolaire ne faisaient pas partie des obligations de la loi. Le tribunal nous a donn\u00e9 raison et a donc donn\u00e9 tort \u00e0 l&rsquo;\u00c9tat de fa\u00e7on sym\u00e9trique, en disant que celui-ci devait faire respecter la loi.<\/p>\n<h3>Pouvez-vous nous dire d\u00e9j\u00e0 combien de personnes malvoyantes sont concern\u00e9es<\/h3>\n<p><strong>PM.<\/strong> La part de la population concern\u00e9e en France par l&rsquo;accessibilit\u00e9 num\u00e9rique \u00e0 des degr\u00e9s de malvoyance divers est de 12 millions de personnes sur 68 millions d&rsquo;habitants*.<\/p>\n<p><em>* NDLR Selon l\u2019Insee et nos recherches, ce chiffre se situerait plut\u00f4t aux alentours de 7 millions de personnes, soit 10 % de la population fran\u00e7aise. Un chiffre n\u00e9anmoins consid\u00e9rable \u2014 source <\/em><a href=\"https:\/\/handirect.fr\/laccessibilite-numerique-en-france-est-tres-en-retard\/\"><em>Handirect<\/em><\/a><\/p>\n<figure id=\"attachment_81574\" aria-describedby=\"caption-attachment-81574\" style=\"width: 1448px\" class=\"wp-caption aligncenter\"><img decoding=\"async\" class=\"wp-image-81574 size-full\" src=\"https:\/\/visionarymarketing.com\/wp-content\/uploads\/2024\/10\/barometre-accessibilite-numerique-2023-1-1448x2048-1.jpg\" alt=\"Barom\u00e8tre de l'accessibilit\u00e9 des sites Web de la fin 2023 \u2014 Source : handirect\" width=\"1448\" height=\"2048\" srcset=\"https:\/\/visionarymarketing.com\/wp-content\/uploads\/2024\/10\/barometre-accessibilite-numerique-2023-1-1448x2048-1.jpg 1448w, https:\/\/visionarymarketing.com\/wp-content\/uploads\/2024\/10\/barometre-accessibilite-numerique-2023-1-1448x2048-1-212x300.jpg 212w, https:\/\/visionarymarketing.com\/wp-content\/uploads\/2024\/10\/barometre-accessibilite-numerique-2023-1-1448x2048-1-724x1024.jpg 724w, https:\/\/visionarymarketing.com\/wp-content\/uploads\/2024\/10\/barometre-accessibilite-numerique-2023-1-1448x2048-1-768x1086.jpg 768w, https:\/\/visionarymarketing.com\/wp-content\/uploads\/2024\/10\/barometre-accessibilite-numerique-2023-1-1448x2048-1-1086x1536.jpg 1086w\" sizes=\"(max-width: 1448px) 100vw, 1448px\" \/><figcaption id=\"caption-attachment-81574\" class=\"wp-caption-text\">Barom\u00e8tre de l&rsquo;accessibilit\u00e9 num\u00e9rique de la fin 2023 \u2014 Source : handirect<\/figcaption><\/figure>\n<p>Barom\u00e8tre de l&rsquo;accessibilit\u00e9 num\u00e9rique de la fin 2023 \u2014 Source : <a href=\"https:\/\/handirect.fr\/laccessibilite-numerique-en-france-est-tres-en-retard\/\">handirect<\/a><\/p>\n<p>En revanche, les statistiques sur le nombre d&rsquo;enseignants ou d\u2019\u00e9l\u00e8ves aveugles ne sont pas disponibles. Mais quand on regarde le nombre d&rsquo;\u00e9coles o\u00f9 ce type de logiciel est utilis\u00e9, c&rsquo;est plus de 80\u00a0% des coll\u00e8ges et des lyc\u00e9es qui utilisent ce type de logiciel. C&rsquo;est 20\u00a0% des \u00e9tablissements dans le primaire. Donc, quand on voit que l&rsquo;accessibilit\u00e9 num\u00e9rique concerne un cinqui\u00e8me de la population, \u00e7a repr\u00e9sente un nombre de personnes significatif.<\/p>\n<h3>\u00c9douard, quelles injonctions qui ont \u00e9t\u00e9 envoy\u00e9es en direction de l&rsquo;\u00c9tat ?<\/h3>\n<p><strong>\u00c9douard B\u00e9darrides. <\/strong>Le jugement qui a \u00e9t\u00e9 rendu oblige l&rsquo;ARCOM, qui est d\u00e9sormais charg\u00e9e de l&rsquo;application de cette loi de 2005, \u00e0 mettre en \u0153uvre ses pouvoirs pour v\u00e9rifier si, oui ou non, les logiciels de vie scolaire sont conformes aux normes d&rsquo;accessibilit\u00e9.<\/p>\n<p>On attend donc avec impatience la d\u00e9cision qu&rsquo;elle va rendre et qui va nous permettre de savoir dans quelle direction avancer par la suite.<\/p>\n<h3>Que va-t-il se passer concr\u00e8tement \u00a0?<\/h3>\n<p><strong>EB<\/strong>. Il est \u00e9videmment tr\u00e8s probable que l&rsquo;ARCOM \u2014\u00a0une entit\u00e9 ind\u00e9pendante \u2014\u00a0 souligne \u00e0 son tour les carences et qu&rsquo;elle formule des injonctions pour les combler. Ce qui veut dire que la balle sera dans le camp de toutes les entreprises publiques et de toutes les entreprises priv\u00e9es qui r\u00e9alisent un chiffre d&rsquo;affaires sup\u00e9rieur \u00e0 250 millions d&rsquo;euros. <strong>Elles devront \u00eatre particuli\u00e8rement vigilantes pour que leur site soit enfin accessible \u00e0 tous<\/strong>.<\/p>\n<p><strong>PM<\/strong>. La suite du processus ne d\u00e9pend pas que de l&rsquo;ARCOM, elle va d\u00e9pendre aussi de la rapidit\u00e9 avec laquelle les entreprises mettent en \u0153uvre des corrections. L&rsquo;ARCOM a saisi les entreprises qui d\u00e9veloppent des logiciels de vie scolaire et les pouvoirs publics, en leur demandant quelles \u00e9taient les mesures qu&rsquo;elles allaient prendre pour combler ce manque d&rsquo;accessibilit\u00e9. Concr\u00e8tement, le r\u00e9sultat d\u00e9pendra de la nature et de la rapidit\u00e9 de la r\u00e9ponse \u00e0 cette injonction.<\/p>\n<p>En cas d&rsquo;inaction totale des structures vis\u00e9es, l&rsquo;ARCOM peut aller jusqu&rsquo;\u00e0 prononcer des sanctions. \u00c9videmment, nous restons extr\u00eamement vigilants de fa\u00e7on \u00e0 faire avancer le plus vite possible ces sujets-l\u00e0.<\/p>\n<h3>En d\u2019autres termes, il faut attendre.<\/h3>\n<p><strong>EB<\/strong>. L&rsquo;ARCOM donne aux entreprises concern\u00e9es jusqu&rsquo;\u00e0 a d\u00e9but novembre pour r\u00e9pondre \u00e0 ses sollicitations. Donc, nous aurons du nouveau d\u00e8s le mois prochain.<\/p>\n<h3>Quid des entreprises plus petites, doivent-elles se mettre en conformit\u00e9\u00a0?<\/h3>\n<p><strong>EB<\/strong>. Non, la loi cible les acteurs qui ont un impact maximal. C&rsquo;est pour cette raison que nous nous sommes dirig\u00e9s vers la mission de service public de l&rsquo;\u00e9ducation. Ce qui se passe \u00e0 l&rsquo;\u00e9cole, c&rsquo;est le futur en puissance.<\/p>\n<p><strong>PM<\/strong>. Le niveau d&rsquo;obligation n&rsquo;est pas du tout le m\u00eame pour les petites entreprises. J&rsquo;invite n\u00e9anmoins tous les d\u00e9veloppeurs \u00e0 se renseigner sur l&rsquo;accessibilit\u00e9 num\u00e9rique et \u00e0 identifier des petites choses qui peuvent \u00eatre am\u00e9lior\u00e9es sur leur site Internet et qui faciliteront la vie aux internautes aveugles ou malvoyants. M\u00eame sans \u00eatre menac\u00e9 par une amende.<\/p>\n<h3>Pourquoi ne pas s\u2019adresser aussi aux \u00e9diteurs de logiciels, \u00e0 commencer par WordPress, qui \u00e9quipe \u00e0 peu pr\u00e8s 90\u00a0% des sites de la plan\u00e8te\u00a0?<\/h3>\n<p><strong>PM<\/strong>. On prend la suggestion. Mais nous nous attaquons \u00e0 tous ceux qui ne respectent pas la loi dans le but que \u00e7a avance.<\/p>\n<h4>Ci-dessous le CP de l&rsquo;APIDV et le jugement du tribunal de commerce de Paris<\/h4>\n<p>\n\t\t<div class=\"wppdfemb-frame-container-1\" style=\"-webkit-overflow-scrolling:auto;\">\n\t\t\t<iframe class=\"pdfembed-iframe nonfullscreen wppdf-emb-iframe-1\"\n\t\t\t\tsrc=\"https:\/\/visionarymarketing.com\/fr\/?pdfemb-data=eyJ1cmwiOiJodHRwczpcL1wvdmlzaW9uYXJ5bWFya2V0aW5nLmNvbVwvd3AtY29udGVudFwvdXBsb2Fkc1wvMjAyNFwvMTBcL2NwLWNvbmRhbW5hdGlvbi1kZS1sZXRhdC1wb3VyLWluYWNjZXNzaWJpbGl0ZS1udW1lcmlxdWUtZGUtbG9naWNpZWxzLWF1eC1wZXJzb25uZXMtZGVmaWNpZW50ZXMtdmlzdWVsbGVzLnBkZiIsInRpdGxlIjoiQ1AgQ29uZGFtbmF0aW9uIGRlIGxcdTIwMTlcdTAwYzl0YXQgcG91ciBpbmFjY2Vzc2liaWxpdFx1MDBlOSBudW1cdTAwZTlyaXF1ZSBkZSBsb2dpY2llbHMgYXV4IHBlcnNvbm5lcyBkXHUwMGU5ZmljaWVudGVzIHZpc3VlbGxlcyIsImluZGV4IjoxLCJwZGZJRCI6ODE1NzJ9\"\n\t\t\t\ttitle=\"CP Condamnation de l\u2019\u00c9tat pour inaccessibilit\u00e9 num\u00e9rique de logiciels aux personnes d\u00e9ficientes visuelles\"\t\t\t\tdata-pdf-id=\"81572\"\n\t\t\t\tdata-pdf-index=\"1\"\n\t\t\t\tstyle=\"border:none;width:100%;max-width:100%;height:100vh;\"\n\t\t\t\tscrolling=\"yes\">\n\t\t\t<\/iframe>\n\t\t<\/div>\n\n\t\t \n\t\t<div class=\"wppdfemb-frame-container-2\" style=\"-webkit-overflow-scrolling:auto;\">\n\t\t\t<iframe class=\"pdfembed-iframe nonfullscreen wppdf-emb-iframe-2\"\n\t\t\t\tsrc=\"https:\/\/visionarymarketing.com\/fr\/?pdfemb-data=eyJ1cmwiOiJodHRwczpcL1wvdmlzaW9uYXJ5bWFya2V0aW5nLmNvbVwvd3AtY29udGVudFwvdXBsb2Fkc1wvMjAyNFwvMTBcL2RlY2lzaW9uLXRyaWJ1bmFsLWFkbWluaXN0cmF0aWYtcGFyaXMucGRmIiwidGl0bGUiOiJEXHUwMGU5Y2lzaW9uIFRyaWJ1bmFsIEFkbWluaXN0cmF0aWYgUGFyaXMiLCJpbmRleCI6MiwicGRmSUQiOjgxNTczfQ\"\n\t\t\t\ttitle=\"D\u00e9cision Tribunal Administratif Paris\"\t\t\t\tdata-pdf-id=\"81573\"\n\t\t\t\tdata-pdf-index=\"2\"\n\t\t\t\tstyle=\"border:none;width:100%;max-width:100%;height:100vh;\"\n\t\t\t\tscrolling=\"yes\">\n\t\t\t<\/iframe>\n\t\t<\/div>\n\n\t\t<\/p>\n<div itemscope itemtype=\"http:\/\/schema.org\/AudioObject\"><meta itemprop=\"name\" content=\"Accessibilit\u00e9 des sites Web\" \/><meta itemprop=\"uploadDate\" content=\"2024-10-11T10:29:29+02:00\" \/><meta itemprop=\"encodingFormat\" content=\"audio\/mpeg\" \/><meta itemprop=\"duration\" content=\"PT11M58S\" \/><meta itemprop=\"description\" content=\"Une d\u00e9cision de justice* particuli\u00e8rement importante est tomb\u00e9e en mai pour le compte de l&#039;association APIDV (Accompagner pour promouvoir et int\u00e9grer les d\u00e9ficiences visuelles) qui a assign\u00e9 l&#039;\u00c9tat en justice pour ne pas avoir respect\u00e9 sa propre loi ...\" \/><meta itemprop=\"contentUrl\" content=\"https:\/\/media.blubrry.com\/visionarymarketing_les\/agence.visionarymarketing.com\/files\/podcasts\/2024-10-11-APIDV-accessibilite-mixdown.mp3\" \/><meta itemprop=\"contentSize\" content=\"11.7\" \/><div class=\"powerpress_player\" id=\"powerpress_player_3477\"><audio class=\"wp-audio-shortcode\" id=\"audio-81564-1\" preload=\"none\" style=\"width: 100%;\" controls=\"controls\"><source type=\"audio\/mpeg\" src=\"https:\/\/media.blubrry.com\/visionarymarketing_les\/agence.visionarymarketing.com\/files\/podcasts\/2024-10-11-APIDV-accessibilite-mixdown.mp3?_=1\" \/><a href=\"https:\/\/media.blubrry.com\/visionarymarketing_les\/agence.visionarymarketing.com\/files\/podcasts\/2024-10-11-APIDV-accessibilite-mixdown.mp3\">https:\/\/media.blubrry.com\/visionarymarketing_les\/agence.visionarymarketing.com\/files\/podcasts\/2024-10-11-APIDV-accessibilite-mixdown.mp3<\/a><\/audio><\/div><\/div><p class=\"powerpress_links powerpress_links_mp3\" style=\"margin-bottom: 1px !important;\">Podcast: <a href=\"https:\/\/media.blubrry.com\/visionarymarketing_les\/agence.visionarymarketing.com\/files\/podcasts\/2024-10-11-APIDV-accessibilite-mixdown.mp3\" class=\"powerpress_link_pinw\" target=\"_blank\" title=\"Play in new window\" onclick=\"return powerpress_pinw('https:\/\/visionarymarketing.com\/fr\/\/?powerpress_pinw=81564-podcast');\" rel=\"nofollow\">Play in new window<\/a> | <a href=\"https:\/\/media.blubrry.com\/visionarymarketing_les\/agence.visionarymarketing.com\/files\/podcasts\/2024-10-11-APIDV-accessibilite-mixdown.mp3\" class=\"powerpress_link_d\" title=\"Download\" rel=\"nofollow\" download=\"2024-10-11-APIDV-accessibilite-mixdown.mp3\">Download<\/a> (Duration: 11:58 &#8212; 11.7MB)<\/p><p class=\"powerpress_links powerpress_subscribe_links\">Subscribe: <a href=\"https:\/\/itunes.apple.com\/us\/podcast\/visionarymarketing-les-interviews\/id731295319?mt=2&amp;ls=1#episodeGuid=https%3A%2F%2Fvisionarymarketing.com%2F%3Fp%3D81564\" class=\"powerpress_link_subscribe powerpress_link_subscribe_itunes\" target=\"_blank\" title=\"Subscribe on Apple Podcasts\" rel=\"nofollow\">Apple Podcasts<\/a> | <a href=\"https:\/\/open.spotify.com\/show\/52VnZ1mhVSnDs4tQOx7Vuc\" class=\"powerpress_link_subscribe powerpress_link_subscribe_spotify\" target=\"_blank\" title=\"Subscribe on Spotify\" rel=\"nofollow\">Spotify<\/a> | <a href=\"https:\/\/subscribeonandroid.com\/visionarymarketing.com\/fr\/feed\/podcast\/\" class=\"powerpress_link_subscribe powerpress_link_subscribe_android\" target=\"_blank\" title=\"Subscribe on Android\" rel=\"nofollow\">Android<\/a> | <a href=\"https:\/\/visionarymarketing.com\/fr\/feed\/podcast\/\" class=\"powerpress_link_subscribe powerpress_link_subscribe_rss\" target=\"_blank\" title=\"Subscribe via RSS\" rel=\"nofollow\">RSS<\/a><\/p>","protected":false},"excerpt":{"rendered":"<p>Une d\u00e9cision de justice* particuli\u00e8rement importante est tomb\u00e9e en mai pour le compte de l&rsquo;association APIDV (Accompagner pour promouvoir et int\u00e9grer les d\u00e9ficiences visuelles) qui a assign\u00e9 l&rsquo;\u00c9tat en justice pour ne pas avoir respect\u00e9 sa propre loi sur l&rsquo;accessibilit\u00e9 des sites Web pendant 19 ans. Nous avons interview\u00e9 Pierre Marragou, pr\u00e9sident d\u2019APIDV et \u00c9douard &hellip;<\/p>\n","protected":false},"author":2,"featured_media":81570,"comment_status":"open","ping_status":"open","sticky":false,"template":"","format":"standard","meta":{"footnotes":""},"categories":[1613],"tags":[],"class_list":["post-81564","post","type-post","status-publish","format-standard","has-post-thumbnail","hentry","category-marketing-digital-marketing"],"yoast_head":"<!-- This site is optimized with the Yoast SEO plugin v27.4 - https:\/\/yoast.com\/product\/yoast-seo-wordpress\/ -->\n<title>Accessibilit\u00e9 des sites Web<\/title>\n<meta name=\"description\" content=\"APIDV a poursuivi l&#039;\u00c9tat pour non conformit\u00e9 \u00e0 l&#039;accessibilit\u00e9 des sites Web pendant 19 ans. Toute les grosses entreprises sont concern\u00e9es.\" \/>\n<meta name=\"robots\" content=\"index, follow, max-snippet:-1, max-image-preview:large, max-video-preview:-1\" \/>\n<link rel=\"canonical\" href=\"https:\/\/visionarymarketing.com\/fr\/2024\/10\/11\/accessibilite-des-sites-web\/\" \/>\n<meta property=\"og:locale\" content=\"fr_FR\" \/>\n<meta property=\"og:type\" content=\"article\" \/>\n<meta property=\"og:title\" content=\"Accessibilit\u00e9 des sites Web\" \/>\n<meta property=\"og:description\" content=\"APIDV a poursuivi l&#039;\u00c9tat pour non conformit\u00e9 \u00e0 l&#039;accessibilit\u00e9 des sites Web pendant 19 ans. Toute les grosses entreprises sont concern\u00e9es.\" \/>\n<meta property=\"og:url\" content=\"https:\/\/visionarymarketing.com\/fr\/2024\/10\/11\/accessibilite-des-sites-web\/\" \/>\n<meta property=\"og:site_name\" content=\"Marketing and Innovation\" \/>\n<meta property=\"article:publisher\" content=\"https:\/\/www.facebook.com\/vismktg\" \/>\n<meta property=\"article:author\" content=\"http:\/\/facebook.com\/ygourven\" \/>\n<meta property=\"article:published_time\" content=\"2024-10-11T08:29:29+00:00\" \/>\n<meta property=\"og:image\" content=\"https:\/\/visionarymarketing.com\/wp-content\/uploads\/2024\/10\/ygourven-a-visually-impaired-student-using-a-braille-keyboard-t-d25ece89-fb36-4789-8556-ffffc4eea2ef.jpg\" \/>\n\t<meta property=\"og:image:width\" content=\"1200\" \/>\n\t<meta property=\"og:image:height\" content=\"673\" \/>\n\t<meta property=\"og:image:type\" content=\"image\/jpeg\" \/>\n<meta name=\"author\" content=\"Yann Gourvennec\" \/>\n<meta name=\"twitter:card\" content=\"summary_large_image\" \/>\n<meta name=\"twitter:creator\" content=\"@ygourven\" \/>\n<meta name=\"twitter:site\" content=\"@ygourven\" \/>\n<meta name=\"twitter:label1\" content=\"\u00c9crit par\" \/>\n\t<meta name=\"twitter:data1\" content=\"Yann Gourvennec\" \/>\n\t<meta name=\"twitter:label2\" content=\"Dur\u00e9e de lecture estim\u00e9e\" \/>\n\t<meta name=\"twitter:data2\" content=\"6 minutes\" \/>\n<script type=\"application\/ld+json\" class=\"yoast-schema-graph\">{\"@context\":\"https:\\\/\\\/schema.org\",\"@graph\":[{\"@type\":\"NewsArticle\",\"@id\":\"https:\\\/\\\/visionarymarketing.com\\\/fr\\\/2024\\\/10\\\/11\\\/accessibilite-des-sites-web\\\/#article\",\"isPartOf\":{\"@id\":\"https:\\\/\\\/visionarymarketing.com\\\/fr\\\/2024\\\/10\\\/11\\\/accessibilite-des-sites-web\\\/\"},\"author\":{\"name\":\"Yann Gourvennec\",\"@id\":\"https:\\\/\\\/visionarymarketing.com\\\/fr\\\/#\\\/schema\\\/person\\\/3754fee1e558f47b8deb46f53c37423e\"},\"headline\":\"Accessibilit\u00e9 des sites Web\",\"datePublished\":\"2024-10-11T08:29:29+00:00\",\"mainEntityOfPage\":{\"@id\":\"https:\\\/\\\/visionarymarketing.com\\\/fr\\\/2024\\\/10\\\/11\\\/accessibilite-des-sites-web\\\/\"},\"wordCount\":1186,\"commentCount\":1,\"image\":{\"@id\":\"https:\\\/\\\/visionarymarketing.com\\\/fr\\\/2024\\\/10\\\/11\\\/accessibilite-des-sites-web\\\/#primaryimage\"},\"thumbnailUrl\":\"https:\\\/\\\/visionarymarketing.com\\\/wp-content\\\/uploads\\\/2024\\\/10\\\/ygourven-a-visually-impaired-student-using-a-braille-keyboard-t-d25ece89-fb36-4789-8556-ffffc4eea2ef.jpg\",\"articleSection\":[\"marketing digital\"],\"inLanguage\":\"fr-FR\",\"potentialAction\":[{\"@type\":\"CommentAction\",\"name\":\"Comment\",\"target\":[\"https:\\\/\\\/visionarymarketing.com\\\/fr\\\/2024\\\/10\\\/11\\\/accessibilite-des-sites-web\\\/#respond\"]}]},{\"@type\":\"WebPage\",\"@id\":\"https:\\\/\\\/visionarymarketing.com\\\/fr\\\/2024\\\/10\\\/11\\\/accessibilite-des-sites-web\\\/\",\"url\":\"https:\\\/\\\/visionarymarketing.com\\\/fr\\\/2024\\\/10\\\/11\\\/accessibilite-des-sites-web\\\/\",\"name\":\"Accessibilit\u00e9 des sites Web\",\"isPartOf\":{\"@id\":\"https:\\\/\\\/visionarymarketing.com\\\/fr\\\/#website\"},\"primaryImageOfPage\":{\"@id\":\"https:\\\/\\\/visionarymarketing.com\\\/fr\\\/2024\\\/10\\\/11\\\/accessibilite-des-sites-web\\\/#primaryimage\"},\"image\":{\"@id\":\"https:\\\/\\\/visionarymarketing.com\\\/fr\\\/2024\\\/10\\\/11\\\/accessibilite-des-sites-web\\\/#primaryimage\"},\"thumbnailUrl\":\"https:\\\/\\\/visionarymarketing.com\\\/wp-content\\\/uploads\\\/2024\\\/10\\\/ygourven-a-visually-impaired-student-using-a-braille-keyboard-t-d25ece89-fb36-4789-8556-ffffc4eea2ef.jpg\",\"datePublished\":\"2024-10-11T08:29:29+00:00\",\"author\":{\"@id\":\"https:\\\/\\\/visionarymarketing.com\\\/fr\\\/#\\\/schema\\\/person\\\/3754fee1e558f47b8deb46f53c37423e\"},\"description\":\"APIDV a poursuivi l'\u00c9tat pour non conformit\u00e9 \u00e0 l'accessibilit\u00e9 des sites Web pendant 19 ans. Toute les grosses entreprises sont concern\u00e9es.\",\"breadcrumb\":{\"@id\":\"https:\\\/\\\/visionarymarketing.com\\\/fr\\\/2024\\\/10\\\/11\\\/accessibilite-des-sites-web\\\/#breadcrumb\"},\"inLanguage\":\"fr-FR\",\"potentialAction\":[{\"@type\":\"ReadAction\",\"target\":[\"https:\\\/\\\/visionarymarketing.com\\\/fr\\\/2024\\\/10\\\/11\\\/accessibilite-des-sites-web\\\/\"]}]},{\"@type\":\"ImageObject\",\"inLanguage\":\"fr-FR\",\"@id\":\"https:\\\/\\\/visionarymarketing.com\\\/fr\\\/2024\\\/10\\\/11\\\/accessibilite-des-sites-web\\\/#primaryimage\",\"url\":\"https:\\\/\\\/visionarymarketing.com\\\/wp-content\\\/uploads\\\/2024\\\/10\\\/ygourven-a-visually-impaired-student-using-a-braille-keyboard-t-d25ece89-fb36-4789-8556-ffffc4eea2ef.jpg\",\"contentUrl\":\"https:\\\/\\\/visionarymarketing.com\\\/wp-content\\\/uploads\\\/2024\\\/10\\\/ygourven-a-visually-impaired-student-using-a-braille-keyboard-t-d25ece89-fb36-4789-8556-ffffc4eea2ef.jpg\",\"width\":1200,\"height\":673,\"caption\":\"Accessibilit\u00e9 des sites Web\"},{\"@type\":\"BreadcrumbList\",\"@id\":\"https:\\\/\\\/visionarymarketing.com\\\/fr\\\/2024\\\/10\\\/11\\\/accessibilite-des-sites-web\\\/#breadcrumb\",\"itemListElement\":[{\"@type\":\"ListItem\",\"position\":1,\"name\":\"Home\",\"item\":\"https:\\\/\\\/visionarymarketing.com\\\/fr\\\/\"},{\"@type\":\"ListItem\",\"position\":2,\"name\":\"Accessibilit\u00e9 des sites Web\"}]},{\"@type\":\"WebSite\",\"@id\":\"https:\\\/\\\/visionarymarketing.com\\\/fr\\\/#website\",\"url\":\"https:\\\/\\\/visionarymarketing.com\\\/fr\\\/\",\"name\":\"Marketing and Innovation\",\"description\":\"Site d&#039;infos ind\u00e9pendant, depuis 1996\",\"potentialAction\":[{\"@type\":\"SearchAction\",\"target\":{\"@type\":\"EntryPoint\",\"urlTemplate\":\"https:\\\/\\\/visionarymarketing.com\\\/fr\\\/?s={search_term_string}\"},\"query-input\":{\"@type\":\"PropertyValueSpecification\",\"valueRequired\":true,\"valueName\":\"search_term_string\"}}],\"inLanguage\":\"fr-FR\"},{\"@type\":\"Person\",\"@id\":\"https:\\\/\\\/visionarymarketing.com\\\/fr\\\/#\\\/schema\\\/person\\\/3754fee1e558f47b8deb46f53c37423e\",\"name\":\"Yann Gourvennec\",\"image\":{\"@type\":\"ImageObject\",\"inLanguage\":\"fr-FR\",\"@id\":\"https:\\\/\\\/secure.gravatar.com\\\/avatar\\\/5972001801e8de5692a3e31224e85769f50a55fb8b679749f9c8d1868cceff14?s=96&d=initials&r=g&initials=yg\",\"url\":\"https:\\\/\\\/secure.gravatar.com\\\/avatar\\\/5972001801e8de5692a3e31224e85769f50a55fb8b679749f9c8d1868cceff14?s=96&d=initials&r=g&initials=yg\",\"contentUrl\":\"https:\\\/\\\/secure.gravatar.com\\\/avatar\\\/5972001801e8de5692a3e31224e85769f50a55fb8b679749f9c8d1868cceff14?s=96&d=initials&r=g&initials=yg\",\"caption\":\"Yann Gourvennec\"},\"description\":\"Yann Gourvennec created visionarymarketing.com in 1996. He is a speaker and author of many books. In 2014 he went from intrapreneur to entrepreneur, when he created his digital marketing agency. Yann Gourvennec a cr\u00e9\u00e9 visionarymarketing.com en 1996. Il est conf\u00e9rencier et auteur de plusieurs livres. En 2014, il est pass\u00e9 d'intrapreneur \u00e0 entrepreneur en cr\u00e9ant son agence de marketing num\u00e9rique.\",\"sameAs\":[\"https:\\\/\\\/visionarymarketing.com\",\"http:\\\/\\\/facebook.com\\\/ygourven\",\"http:\\\/\\\/linkedin.com\\\/in\\\/ygourven\",\"https:\\\/\\\/x.com\\\/ygourven\",\"https:\\\/\\\/www.youtube.com\\\/c\\\/visionarymarketingagency\"],\"url\":\"https:\\\/\\\/visionarymarketing.com\\\/fr\\\/author\\\/yann-gourvennec\\\/\"}]}<\/script>\n<!-- \/ Yoast SEO plugin. -->","yoast_head_json":{"title":"Accessibilit\u00e9 des sites Web","description":"APIDV a poursuivi l'\u00c9tat pour non conformit\u00e9 \u00e0 l'accessibilit\u00e9 des sites Web pendant 19 ans. Toute les grosses entreprises sont concern\u00e9es.","robots":{"index":"index","follow":"follow","max-snippet":"max-snippet:-1","max-image-preview":"max-image-preview:large","max-video-preview":"max-video-preview:-1"},"canonical":"https:\/\/visionarymarketing.com\/fr\/2024\/10\/11\/accessibilite-des-sites-web\/","og_locale":"fr_FR","og_type":"article","og_title":"Accessibilit\u00e9 des sites Web","og_description":"APIDV a poursuivi l'\u00c9tat pour non conformit\u00e9 \u00e0 l'accessibilit\u00e9 des sites Web pendant 19 ans. Toute les grosses entreprises sont concern\u00e9es.","og_url":"https:\/\/visionarymarketing.com\/fr\/2024\/10\/11\/accessibilite-des-sites-web\/","og_site_name":"Marketing and Innovation","article_publisher":"https:\/\/www.facebook.com\/vismktg","article_author":"http:\/\/facebook.com\/ygourven","article_published_time":"2024-10-11T08:29:29+00:00","og_image":[{"width":1200,"height":673,"url":"https:\/\/visionarymarketing.com\/wp-content\/uploads\/2024\/10\/ygourven-a-visually-impaired-student-using-a-braille-keyboard-t-d25ece89-fb36-4789-8556-ffffc4eea2ef.jpg","type":"image\/jpeg"}],"author":"Yann Gourvennec","twitter_card":"summary_large_image","twitter_creator":"@ygourven","twitter_site":"@ygourven","twitter_misc":{"\u00c9crit par":"Yann Gourvennec","Dur\u00e9e de lecture estim\u00e9e":"6 minutes"},"schema":{"@context":"https:\/\/schema.org","@graph":[{"@type":"NewsArticle","@id":"https:\/\/visionarymarketing.com\/fr\/2024\/10\/11\/accessibilite-des-sites-web\/#article","isPartOf":{"@id":"https:\/\/visionarymarketing.com\/fr\/2024\/10\/11\/accessibilite-des-sites-web\/"},"author":{"name":"Yann Gourvennec","@id":"https:\/\/visionarymarketing.com\/fr\/#\/schema\/person\/3754fee1e558f47b8deb46f53c37423e"},"headline":"Accessibilit\u00e9 des sites Web","datePublished":"2024-10-11T08:29:29+00:00","mainEntityOfPage":{"@id":"https:\/\/visionarymarketing.com\/fr\/2024\/10\/11\/accessibilite-des-sites-web\/"},"wordCount":1186,"commentCount":1,"image":{"@id":"https:\/\/visionarymarketing.com\/fr\/2024\/10\/11\/accessibilite-des-sites-web\/#primaryimage"},"thumbnailUrl":"https:\/\/visionarymarketing.com\/wp-content\/uploads\/2024\/10\/ygourven-a-visually-impaired-student-using-a-braille-keyboard-t-d25ece89-fb36-4789-8556-ffffc4eea2ef.jpg","articleSection":["marketing digital"],"inLanguage":"fr-FR","potentialAction":[{"@type":"CommentAction","name":"Comment","target":["https:\/\/visionarymarketing.com\/fr\/2024\/10\/11\/accessibilite-des-sites-web\/#respond"]}]},{"@type":"WebPage","@id":"https:\/\/visionarymarketing.com\/fr\/2024\/10\/11\/accessibilite-des-sites-web\/","url":"https:\/\/visionarymarketing.com\/fr\/2024\/10\/11\/accessibilite-des-sites-web\/","name":"Accessibilit\u00e9 des sites Web","isPartOf":{"@id":"https:\/\/visionarymarketing.com\/fr\/#website"},"primaryImageOfPage":{"@id":"https:\/\/visionarymarketing.com\/fr\/2024\/10\/11\/accessibilite-des-sites-web\/#primaryimage"},"image":{"@id":"https:\/\/visionarymarketing.com\/fr\/2024\/10\/11\/accessibilite-des-sites-web\/#primaryimage"},"thumbnailUrl":"https:\/\/visionarymarketing.com\/wp-content\/uploads\/2024\/10\/ygourven-a-visually-impaired-student-using-a-braille-keyboard-t-d25ece89-fb36-4789-8556-ffffc4eea2ef.jpg","datePublished":"2024-10-11T08:29:29+00:00","author":{"@id":"https:\/\/visionarymarketing.com\/fr\/#\/schema\/person\/3754fee1e558f47b8deb46f53c37423e"},"description":"APIDV a poursuivi l'\u00c9tat pour non conformit\u00e9 \u00e0 l'accessibilit\u00e9 des sites Web pendant 19 ans. Toute les grosses entreprises sont concern\u00e9es.","breadcrumb":{"@id":"https:\/\/visionarymarketing.com\/fr\/2024\/10\/11\/accessibilite-des-sites-web\/#breadcrumb"},"inLanguage":"fr-FR","potentialAction":[{"@type":"ReadAction","target":["https:\/\/visionarymarketing.com\/fr\/2024\/10\/11\/accessibilite-des-sites-web\/"]}]},{"@type":"ImageObject","inLanguage":"fr-FR","@id":"https:\/\/visionarymarketing.com\/fr\/2024\/10\/11\/accessibilite-des-sites-web\/#primaryimage","url":"https:\/\/visionarymarketing.com\/wp-content\/uploads\/2024\/10\/ygourven-a-visually-impaired-student-using-a-braille-keyboard-t-d25ece89-fb36-4789-8556-ffffc4eea2ef.jpg","contentUrl":"https:\/\/visionarymarketing.com\/wp-content\/uploads\/2024\/10\/ygourven-a-visually-impaired-student-using-a-braille-keyboard-t-d25ece89-fb36-4789-8556-ffffc4eea2ef.jpg","width":1200,"height":673,"caption":"Accessibilit\u00e9 des sites Web"},{"@type":"BreadcrumbList","@id":"https:\/\/visionarymarketing.com\/fr\/2024\/10\/11\/accessibilite-des-sites-web\/#breadcrumb","itemListElement":[{"@type":"ListItem","position":1,"name":"Home","item":"https:\/\/visionarymarketing.com\/fr\/"},{"@type":"ListItem","position":2,"name":"Accessibilit\u00e9 des sites Web"}]},{"@type":"WebSite","@id":"https:\/\/visionarymarketing.com\/fr\/#website","url":"https:\/\/visionarymarketing.com\/fr\/","name":"Marketing and Innovation","description":"Site d&#039;infos ind\u00e9pendant, depuis 1996","potentialAction":[{"@type":"SearchAction","target":{"@type":"EntryPoint","urlTemplate":"https:\/\/visionarymarketing.com\/fr\/?s={search_term_string}"},"query-input":{"@type":"PropertyValueSpecification","valueRequired":true,"valueName":"search_term_string"}}],"inLanguage":"fr-FR"},{"@type":"Person","@id":"https:\/\/visionarymarketing.com\/fr\/#\/schema\/person\/3754fee1e558f47b8deb46f53c37423e","name":"Yann Gourvennec","image":{"@type":"ImageObject","inLanguage":"fr-FR","@id":"https:\/\/secure.gravatar.com\/avatar\/5972001801e8de5692a3e31224e85769f50a55fb8b679749f9c8d1868cceff14?s=96&d=initials&r=g&initials=yg","url":"https:\/\/secure.gravatar.com\/avatar\/5972001801e8de5692a3e31224e85769f50a55fb8b679749f9c8d1868cceff14?s=96&d=initials&r=g&initials=yg","contentUrl":"https:\/\/secure.gravatar.com\/avatar\/5972001801e8de5692a3e31224e85769f50a55fb8b679749f9c8d1868cceff14?s=96&d=initials&r=g&initials=yg","caption":"Yann Gourvennec"},"description":"Yann Gourvennec created visionarymarketing.com in 1996. He is a speaker and author of many books. In 2014 he went from intrapreneur to entrepreneur, when he created his digital marketing agency. Yann Gourvennec a cr\u00e9\u00e9 visionarymarketing.com en 1996. Il est conf\u00e9rencier et auteur de plusieurs livres. En 2014, il est pass\u00e9 d'intrapreneur \u00e0 entrepreneur en cr\u00e9ant son agence de marketing num\u00e9rique.","sameAs":["https:\/\/visionarymarketing.com","http:\/\/facebook.com\/ygourven","http:\/\/linkedin.com\/in\/ygourven","https:\/\/x.com\/ygourven","https:\/\/www.youtube.com\/c\/visionarymarketingagency"],"url":"https:\/\/visionarymarketing.com\/fr\/author\/yann-gourvennec\/"}]}},"_links":{"self":[{"href":"https:\/\/visionarymarketing.com\/fr\/wp-json\/wp\/v2\/posts\/81564","targetHints":{"allow":["GET"]}}],"collection":[{"href":"https:\/\/visionarymarketing.com\/fr\/wp-json\/wp\/v2\/posts"}],"about":[{"href":"https:\/\/visionarymarketing.com\/fr\/wp-json\/wp\/v2\/types\/post"}],"author":[{"embeddable":true,"href":"https:\/\/visionarymarketing.com\/fr\/wp-json\/wp\/v2\/users\/2"}],"replies":[{"embeddable":true,"href":"https:\/\/visionarymarketing.com\/fr\/wp-json\/wp\/v2\/comments?post=81564"}],"version-history":[{"count":0,"href":"https:\/\/visionarymarketing.com\/fr\/wp-json\/wp\/v2\/posts\/81564\/revisions"}],"wp:featuredmedia":[{"embeddable":true,"href":"https:\/\/visionarymarketing.com\/fr\/wp-json\/wp\/v2\/media\/81570"}],"wp:attachment":[{"href":"https:\/\/visionarymarketing.com\/fr\/wp-json\/wp\/v2\/media?parent=81564"}],"wp:term":[{"taxonomy":"category","embeddable":true,"href":"https:\/\/visionarymarketing.com\/fr\/wp-json\/wp\/v2\/categories?post=81564"},{"taxonomy":"post_tag","embeddable":true,"href":"https:\/\/visionarymarketing.com\/fr\/wp-json\/wp\/v2\/tags?post=81564"}],"curies":[{"name":"wp","href":"https:\/\/api.w.org\/{rel}","templated":true}]}}