{"id":8144,"date":"2013-04-18T06:20:08","date_gmt":"2013-04-18T04:20:08","guid":{"rendered":"https:\/\/visionary.wordpress.com\/?p=8144"},"modified":"2021-02-09T08:14:31","modified_gmt":"2021-02-09T07:14:31","slug":"1ere-en-france-ladetem-demande-a-50-blogueurs-de-voter-pour-lexcellence-marketing-avis-aux-candidats","status":"publish","type":"post","link":"https:\/\/visionarymarketing.com\/fr\/2013\/04\/18\/1ere-en-france-ladetem-demande-a-50-blogueurs-de-voter-pour-lexcellence-marketing-avis-aux-candidats\/","title":{"rendered":"l&rsquo;Adetem demande \u00e0 50 blogueurs de voter pour l&rsquo;excellence marketing &#8230; avis aux candidats !"},"content":{"rendered":"<p><img decoding=\"async\" style=\"background-image: none; margin: 0 10px 0 0; padding-left: 0; padding-right: 0; display: inline; float: left; padding-top: 0; border-width: 0;\" src=\"https:\/\/denisfailly.blogspirit.com\/media\/01\/02\/1684431014.png\" alt=\"http:\/\/denisfailly.blogspirit.com\/media\/01\/02\/1684431014.png\" align=\"left\" border=\"0\" \/><\/p>\n<p>L\u2019Adetem a bient\u00f4t 60 ans ! Qui a dit que le marketing \u00e9tait une discipline nouvelle ? Or, \u00e0 l\u2019occasion de cet anniversaire, la <strong><a href=\"https:\/\/web.archive.org\/web\/20160220041536\/http:\/\/nuitdumarketing.adetem.org\/\" target=\"_blank\" rel=\"noopener noreferrer\">premi\u00e8re association des professionnels du marketing en France<\/a><\/strong>, a d\u00e9cid\u00e9 de r\u00e9compenser pour la premi\u00e8re fois <strong>l\u2019excellence marketing \u00e0 travers 5 prix dont un Prix remis par un coll\u00e8ge de blogueurs marketing<\/strong>.<\/p>\n<p><strong>Une premi\u00e8re en France : <span class=\"removed_link\" title=\"http:\/\/nuitdumarketing.adetem.org\/prix\/blogueurs\/\">un coll\u00e8ge de blogeurs marketing r\u00e9compensera la strat\u00e9gie la plus innovante !<\/span><\/strong><\/p>\n<p>J\u2019ai l\u2019honneur et le plaisir de faire partie de ce coll\u00e8ge de blogueurs, o\u00f9 l\u2019on trouve bien des amis et confr\u00e8res dont les sympathiques t\u00eates de pipe sont ci-dessous.<\/p>\n<p>&nbsp;<\/p>\n<p>Ce coll\u00e8ge des blogueurs est une premi\u00e8re en France, on saluera encore une innovation sign\u00e9e Adetem ! Ce coll\u00e8ge d\u00e9cernera l\u02bcun des 5 Prix de l\u02bcexcellence marketing.<\/p>\n<p><strong>5 Prix en tout seront remis par 5 coll\u00e8ges \u00e9lecteurs :<\/strong><\/p>\n<ul>\n<li>Le <a href=\"https:\/\/web.archive.org\/web\/20150202050133\/http:\/\/nuitdumarketing.adetem.org:80\/prix\/grand-prix\/\">Grand Prix<\/a> remis par un Jury compos\u00e9 de 15 personnalit\u00e9s du monde du marketing et de la communication<\/li>\n<li>Le <span class=\"removed_link\" title=\"http:\/\/nuitdumarketing.adetem.org\/prix\/blogueurs\/\">Prix des blogueurs<\/span> d\u00e9sign\u00e9 par le coll\u00e8ge des blogueurs<\/li>\n<li>Le <span class=\"removed_link\" title=\"http:\/\/nuitdumarketing.adetem.org\/prix\/efficacite-marketing\/\">Prix de l\u2019efficacit\u00e9 marketing<\/span> d\u00e9sign\u00e9 par les pr\u00e9sidents et animateurs des clubs nationaux et r\u00e9gionaux de l\u2019Adetem ainsi que les membres du Comit\u00e9 d\u2019\u00e9thique de l\u2019Adetem<\/li>\n<li>Le <span class=\"removed_link\" title=\"http:\/\/nuitdumarketing.adetem.org\/prix\/coup-de-coeur\/\">Coup de coeur<\/span>, r\u00e9sultat des votes en ligne des 1500 membres de l\u2019Adetem<\/li>\n<li>Le <span class=\"removed_link\" title=\"http:\/\/nuitdumarketing.adetem.org\/prix\/pme\/\">Grand prix PME<\/span> d\u00e9sign\u00e9 par un coll\u00e8ge sp\u00e9cial PME<\/li>\n<\/ul>\n<p>Le jury, prestigieux, est constitu\u00e9 de 12 personnalit\u00e9s du marketing et pr\u00e9sid\u00e9 par Gr\u00e9goire Champetier, directeur g\u00e9n\u00e9ral marketing d\u2019Accor.<br \/>\n<strong>\u2028Les Prix seront remis le 4 juillet 2013 lors de la 8e Nuit du Marketing.<br \/>\n<\/strong><\/p>\n<p><em><span style=\"color: #4f81bd;\">Le jury \u2026 o\u00f9 on reconna\u00eet quelques t\u00eates connues \u2026 sous la Pr\u00e9sidence de <\/span><\/em>Gr\u00e9goire Champetier, Directeur g\u00e9n\u00e9ral marketing \u2013 Accor<\/p>\n<p><span style=\"background-color: #ffff00;\">Les dossiers de candidature doivent \u00eatre envoy\u00e9s avant le <strong>31 mai 2013<\/strong> \u00e0 l\u2019adresse suivante : Adetem \u2013 Prix de l\u2019excellence marketing 2013 \u2013 12 rue de Milan \u2013 75009 Paris <\/span><\/p>\n<p><strong>Le dossier de candidature comprendra<\/strong> :<\/p>\n<ul>\n<li>1 pr\u00e9sentation Powerpoint de <strong>6 slides<\/strong>* maximum (au-del\u00e0 de ce nombre de slides, le dossier ne sera pas \u00e9tudi\u00e9)<\/li>\n<li>Les supports physiques s\u2019ils sont pertinents<\/li>\n<li>Le logo de votre soci\u00e9t\u00e9 et une photo de son repr\u00e9sentant marketing<\/li>\n<li>Vos coordonn\u00e9es compl\u00e8tes : chef de projet, agence et assistante<\/li>\n<li>Le r\u00e8glement de vos droits d\u2019inscription : <strong>90 \u20ac HT<\/strong> soit 107,64 \u20ac TTC<\/li>\n<\/ul>\n<p>*<strong>D\u00e9tail de la pr\u00e9sentation Powerpoint en 6 slides<\/strong> :<\/p>\n<ul>\n<li>1 slide : <strong>contexte<\/strong> (probl\u00e9matique et objectifs)<\/li>\n<li>2 slides : <strong>strat\u00e9gie<\/strong> (\u00e9tapes, business model, ressources humaines et financi\u00e8res, strat\u00e9gie sur les m\u00e9dias sociaux)<\/li>\n<li>1 slide : <strong>mise en \u0153uvre et r\u00e9alisation<\/strong><\/li>\n<li>2 slides : <strong>facteurs cl\u00e9s de succ\u00e8s et r\u00e9sultats probants<\/strong> (qualitatifs et quantitatifs \/ comparatif avant-apr\u00e8s)<\/li>\n<\/ul>\n<p>&nbsp;<\/p>\n<p><strong>Calendrier<\/strong><\/p>\n<ul>\n<li><strong>Du 26 mars au 30 mai 2013 : pr\u00e9-s\u00e9lection<\/strong><br \/>\nLe comit\u00e9 d\u2019organisation \u00e9tablit une short-list sur la base de la lecture des \u00e9l\u00e9ments du dossier de candidature.<\/li>\n<li><strong>30 mai 2013 : cl\u00f4ture du d\u00e9p\u00f4t des candidatures<\/strong><\/li>\n<li><strong>Du 5 juin au 25 juin 2013 : vote en ligne du coll\u00e8ge \u00e9lecteur<\/strong><\/li>\n<li><strong>4 juillet : r\u00e9v\u00e9lation du palmar\u00e8s<\/strong><\/li>\n<\/ul>\n<p><span style=\"background-color: #ffff00;\"><strong>pour tout renseignement : Estelle Burget \u2013 <\/strong><\/span><a href=\"mailto:estelle.burget\u201d@&quot;adetem.net\"><span style=\"background-color: #ffff00;\"><strong>estelle.burget\u201d@\u201dadetem.net<\/strong><\/span><\/a><span style=\"background-color: #ffff00;\"><strong> \u2013 01 53 32 30 03 \u2013 06 07 61 39 54<\/strong><\/span><\/p>\n<p><strong>\u00e0 vos souris \u2026 !<\/strong><\/p>\n","protected":false},"excerpt":{"rendered":"<p>L\u2019Adetem a bient\u00f4t 60 ans ! Qui a dit que le marketing \u00e9tait une discipline nouvelle ? Or, \u00e0 l\u2019occasion de cet anniversaire, la premi\u00e8re association des professionnels du marketing en France, a d\u00e9cid\u00e9 de r\u00e9compenser pour la premi\u00e8re fois l\u2019excellence marketing \u00e0 travers 5 prix dont un Prix remis par un coll\u00e8ge de blogueurs &hellip;<\/p>\n","protected":false},"author":2,"featured_media":34068,"comment_status":"open","ping_status":"open","sticky":false,"template":"","format":"standard","meta":{"footnotes":""},"categories":[6],"tags":[],"class_list":["post-8144","post","type-post","status-publish","format-standard","has-post-thumbnail","hentry","category-marketing-innovation-fr"],"yoast_head":"<!-- This site is optimized with the Yoast SEO plugin v27.4 - https:\/\/yoast.com\/product\/yoast-seo-wordpress\/ -->\n<title>l&#039;Adetem demande \u00e0 50 blogueurs de voter pour l&#039;excellence marketing ... avis aux candidats !<\/title>\n<meta name=\"description\" content=\"L\u2019Adetem a bient\u00f4t 60 ans ! Qui a dit que le marketing \u00e9tait une discipline nouvelle ? Or, \u00e0 l\u2019occasion de cet anniversaire, la premi\u00e8re association des\" \/>\n<meta name=\"robots\" content=\"index, follow, max-snippet:-1, max-image-preview:large, max-video-preview:-1\" \/>\n<link rel=\"canonical\" href=\"https:\/\/visionarymarketing.com\/fr\/2013\/04\/18\/1ere-en-france-ladetem-demande-a-50-blogueurs-de-voter-pour-lexcellence-marketing-avis-aux-candidats\/\" \/>\n<meta property=\"og:locale\" content=\"fr_FR\" \/>\n<meta property=\"og:type\" content=\"article\" \/>\n<meta property=\"og:title\" content=\"l&#039;Adetem demande \u00e0 50 blogueurs de voter pour l&#039;excellence marketing ... avis aux candidats !\" \/>\n<meta property=\"og:description\" content=\"L\u2019Adetem a bient\u00f4t 60 ans ! Qui a dit que le marketing \u00e9tait une discipline nouvelle ? Or, \u00e0 l\u2019occasion de cet anniversaire, la premi\u00e8re association des\" \/>\n<meta property=\"og:url\" content=\"https:\/\/visionarymarketing.com\/fr\/2013\/04\/18\/1ere-en-france-ladetem-demande-a-50-blogueurs-de-voter-pour-lexcellence-marketing-avis-aux-candidats\/\" \/>\n<meta property=\"og:site_name\" content=\"Marketing and Innovation\" \/>\n<meta property=\"article:publisher\" content=\"https:\/\/www.facebook.com\/vismktg\" \/>\n<meta property=\"article:author\" content=\"http:\/\/facebook.com\/ygourven\" \/>\n<meta property=\"article:published_time\" content=\"2013-04-18T04:20:08+00:00\" \/>\n<meta property=\"article:modified_time\" content=\"2021-02-09T07:14:31+00:00\" \/>\n<meta property=\"og:image\" content=\"https:\/\/visionarymarketing.com\/wp-content\/uploads\/2019\/11\/47966166841_7e51243587_c.jpg\" \/>\n\t<meta property=\"og:image:width\" content=\"644\" \/>\n\t<meta property=\"og:image:height\" content=\"430\" \/>\n\t<meta property=\"og:image:type\" content=\"image\/jpeg\" \/>\n<meta name=\"author\" content=\"Yann Gourvennec\" \/>\n<meta name=\"twitter:card\" content=\"summary_large_image\" \/>\n<meta name=\"twitter:creator\" content=\"@ygourven\" \/>\n<meta name=\"twitter:site\" content=\"@ygourven\" \/>\n<meta name=\"twitter:label1\" content=\"\u00c9crit par\" \/>\n\t<meta name=\"twitter:data1\" content=\"Yann Gourvennec\" \/>\n\t<meta name=\"twitter:label2\" content=\"Dur\u00e9e de lecture estim\u00e9e\" \/>\n\t<meta name=\"twitter:data2\" content=\"3 minutes\" \/>\n<script type=\"application\/ld+json\" class=\"yoast-schema-graph\">{\"@context\":\"https:\\\/\\\/schema.org\",\"@graph\":[{\"@type\":\"NewsArticle\",\"@id\":\"https:\\\/\\\/visionarymarketing.com\\\/fr\\\/2013\\\/04\\\/18\\\/1ere-en-france-ladetem-demande-a-50-blogueurs-de-voter-pour-lexcellence-marketing-avis-aux-candidats\\\/#article\",\"isPartOf\":{\"@id\":\"https:\\\/\\\/visionarymarketing.com\\\/fr\\\/2013\\\/04\\\/18\\\/1ere-en-france-ladetem-demande-a-50-blogueurs-de-voter-pour-lexcellence-marketing-avis-aux-candidats\\\/\"},\"author\":{\"name\":\"Yann Gourvennec\",\"@id\":\"https:\\\/\\\/visionarymarketing.com\\\/fr\\\/#\\\/schema\\\/person\\\/3754fee1e558f47b8deb46f53c37423e\"},\"headline\":\"l&rsquo;Adetem demande \u00e0 50 blogueurs de voter pour l&rsquo;excellence marketing &#8230; avis aux candidats !\",\"datePublished\":\"2013-04-18T04:20:08+00:00\",\"dateModified\":\"2021-02-09T07:14:31+00:00\",\"mainEntityOfPage\":{\"@id\":\"https:\\\/\\\/visionarymarketing.com\\\/fr\\\/2013\\\/04\\\/18\\\/1ere-en-france-ladetem-demande-a-50-blogueurs-de-voter-pour-lexcellence-marketing-avis-aux-candidats\\\/\"},\"wordCount\":536,\"commentCount\":0,\"image\":{\"@id\":\"https:\\\/\\\/visionarymarketing.com\\\/fr\\\/2013\\\/04\\\/18\\\/1ere-en-france-ladetem-demande-a-50-blogueurs-de-voter-pour-lexcellence-marketing-avis-aux-candidats\\\/#primaryimage\"},\"thumbnailUrl\":\"https:\\\/\\\/visionarymarketing.com\\\/wp-content\\\/uploads\\\/2019\\\/11\\\/47966166841_7e51243587_c.jpg\",\"articleSection\":[\"Marketing &amp; Innovation\"],\"inLanguage\":\"fr-FR\",\"potentialAction\":[{\"@type\":\"CommentAction\",\"name\":\"Comment\",\"target\":[\"https:\\\/\\\/visionarymarketing.com\\\/fr\\\/2013\\\/04\\\/18\\\/1ere-en-france-ladetem-demande-a-50-blogueurs-de-voter-pour-lexcellence-marketing-avis-aux-candidats\\\/#respond\"]}]},{\"@type\":\"WebPage\",\"@id\":\"https:\\\/\\\/visionarymarketing.com\\\/fr\\\/2013\\\/04\\\/18\\\/1ere-en-france-ladetem-demande-a-50-blogueurs-de-voter-pour-lexcellence-marketing-avis-aux-candidats\\\/\",\"url\":\"https:\\\/\\\/visionarymarketing.com\\\/fr\\\/2013\\\/04\\\/18\\\/1ere-en-france-ladetem-demande-a-50-blogueurs-de-voter-pour-lexcellence-marketing-avis-aux-candidats\\\/\",\"name\":\"l'Adetem demande \u00e0 50 blogueurs de voter pour l'excellence marketing ... avis aux candidats !\",\"isPartOf\":{\"@id\":\"https:\\\/\\\/visionarymarketing.com\\\/fr\\\/#website\"},\"primaryImageOfPage\":{\"@id\":\"https:\\\/\\\/visionarymarketing.com\\\/fr\\\/2013\\\/04\\\/18\\\/1ere-en-france-ladetem-demande-a-50-blogueurs-de-voter-pour-lexcellence-marketing-avis-aux-candidats\\\/#primaryimage\"},\"image\":{\"@id\":\"https:\\\/\\\/visionarymarketing.com\\\/fr\\\/2013\\\/04\\\/18\\\/1ere-en-france-ladetem-demande-a-50-blogueurs-de-voter-pour-lexcellence-marketing-avis-aux-candidats\\\/#primaryimage\"},\"thumbnailUrl\":\"https:\\\/\\\/visionarymarketing.com\\\/wp-content\\\/uploads\\\/2019\\\/11\\\/47966166841_7e51243587_c.jpg\",\"datePublished\":\"2013-04-18T04:20:08+00:00\",\"dateModified\":\"2021-02-09T07:14:31+00:00\",\"author\":{\"@id\":\"https:\\\/\\\/visionarymarketing.com\\\/fr\\\/#\\\/schema\\\/person\\\/3754fee1e558f47b8deb46f53c37423e\"},\"description\":\"L\u2019Adetem a bient\u00f4t 60 ans ! Qui a dit que le marketing \u00e9tait une discipline nouvelle ? Or, \u00e0 l\u2019occasion de cet anniversaire, la premi\u00e8re association des\",\"breadcrumb\":{\"@id\":\"https:\\\/\\\/visionarymarketing.com\\\/fr\\\/2013\\\/04\\\/18\\\/1ere-en-france-ladetem-demande-a-50-blogueurs-de-voter-pour-lexcellence-marketing-avis-aux-candidats\\\/#breadcrumb\"},\"inLanguage\":\"fr-FR\",\"potentialAction\":[{\"@type\":\"ReadAction\",\"target\":[\"https:\\\/\\\/visionarymarketing.com\\\/fr\\\/2013\\\/04\\\/18\\\/1ere-en-france-ladetem-demande-a-50-blogueurs-de-voter-pour-lexcellence-marketing-avis-aux-candidats\\\/\"]}]},{\"@type\":\"ImageObject\",\"inLanguage\":\"fr-FR\",\"@id\":\"https:\\\/\\\/visionarymarketing.com\\\/fr\\\/2013\\\/04\\\/18\\\/1ere-en-france-ladetem-demande-a-50-blogueurs-de-voter-pour-lexcellence-marketing-avis-aux-candidats\\\/#primaryimage\",\"url\":\"https:\\\/\\\/visionarymarketing.com\\\/wp-content\\\/uploads\\\/2019\\\/11\\\/47966166841_7e51243587_c.jpg\",\"contentUrl\":\"https:\\\/\\\/visionarymarketing.com\\\/wp-content\\\/uploads\\\/2019\\\/11\\\/47966166841_7e51243587_c.jpg\",\"width\":644,\"height\":430},{\"@type\":\"BreadcrumbList\",\"@id\":\"https:\\\/\\\/visionarymarketing.com\\\/fr\\\/2013\\\/04\\\/18\\\/1ere-en-france-ladetem-demande-a-50-blogueurs-de-voter-pour-lexcellence-marketing-avis-aux-candidats\\\/#breadcrumb\",\"itemListElement\":[{\"@type\":\"ListItem\",\"position\":1,\"name\":\"Home\",\"item\":\"https:\\\/\\\/visionarymarketing.com\\\/fr\\\/\"},{\"@type\":\"ListItem\",\"position\":2,\"name\":\"l&rsquo;Adetem demande \u00e0 50 blogueurs de voter pour l&rsquo;excellence marketing &#8230; avis aux candidats !\"}]},{\"@type\":\"WebSite\",\"@id\":\"https:\\\/\\\/visionarymarketing.com\\\/fr\\\/#website\",\"url\":\"https:\\\/\\\/visionarymarketing.com\\\/fr\\\/\",\"name\":\"Marketing and Innovation\",\"description\":\"Site d&#039;infos ind\u00e9pendant, depuis 1996\",\"potentialAction\":[{\"@type\":\"SearchAction\",\"target\":{\"@type\":\"EntryPoint\",\"urlTemplate\":\"https:\\\/\\\/visionarymarketing.com\\\/fr\\\/?s={search_term_string}\"},\"query-input\":{\"@type\":\"PropertyValueSpecification\",\"valueRequired\":true,\"valueName\":\"search_term_string\"}}],\"inLanguage\":\"fr-FR\"},{\"@type\":\"Person\",\"@id\":\"https:\\\/\\\/visionarymarketing.com\\\/fr\\\/#\\\/schema\\\/person\\\/3754fee1e558f47b8deb46f53c37423e\",\"name\":\"Yann Gourvennec\",\"image\":{\"@type\":\"ImageObject\",\"inLanguage\":\"fr-FR\",\"@id\":\"https:\\\/\\\/secure.gravatar.com\\\/avatar\\\/5972001801e8de5692a3e31224e85769f50a55fb8b679749f9c8d1868cceff14?s=96&d=initials&r=g&initials=yg\",\"url\":\"https:\\\/\\\/secure.gravatar.com\\\/avatar\\\/5972001801e8de5692a3e31224e85769f50a55fb8b679749f9c8d1868cceff14?s=96&d=initials&r=g&initials=yg\",\"contentUrl\":\"https:\\\/\\\/secure.gravatar.com\\\/avatar\\\/5972001801e8de5692a3e31224e85769f50a55fb8b679749f9c8d1868cceff14?s=96&d=initials&r=g&initials=yg\",\"caption\":\"Yann Gourvennec\"},\"description\":\"Yann Gourvennec created visionarymarketing.com in 1996. He is a speaker and author of many books. In 2014 he went from intrapreneur to entrepreneur, when he created his digital marketing agency. Yann Gourvennec a cr\u00e9\u00e9 visionarymarketing.com en 1996. Il est conf\u00e9rencier et auteur de plusieurs livres. En 2014, il est pass\u00e9 d'intrapreneur \u00e0 entrepreneur en cr\u00e9ant son agence de marketing num\u00e9rique.\",\"sameAs\":[\"https:\\\/\\\/visionarymarketing.com\",\"http:\\\/\\\/facebook.com\\\/ygourven\",\"http:\\\/\\\/linkedin.com\\\/in\\\/ygourven\",\"https:\\\/\\\/x.com\\\/ygourven\",\"https:\\\/\\\/www.youtube.com\\\/c\\\/visionarymarketingagency\"],\"url\":\"https:\\\/\\\/visionarymarketing.com\\\/fr\\\/author\\\/yann-gourvennec\\\/\"}]}<\/script>\n<!-- \/ Yoast SEO plugin. -->","yoast_head_json":{"title":"l'Adetem demande \u00e0 50 blogueurs de voter pour l'excellence marketing ... avis aux candidats !","description":"L\u2019Adetem a bient\u00f4t 60 ans ! Qui a dit que le marketing \u00e9tait une discipline nouvelle ? Or, \u00e0 l\u2019occasion de cet anniversaire, la premi\u00e8re association des","robots":{"index":"index","follow":"follow","max-snippet":"max-snippet:-1","max-image-preview":"max-image-preview:large","max-video-preview":"max-video-preview:-1"},"canonical":"https:\/\/visionarymarketing.com\/fr\/2013\/04\/18\/1ere-en-france-ladetem-demande-a-50-blogueurs-de-voter-pour-lexcellence-marketing-avis-aux-candidats\/","og_locale":"fr_FR","og_type":"article","og_title":"l'Adetem demande \u00e0 50 blogueurs de voter pour l'excellence marketing ... avis aux candidats !","og_description":"L\u2019Adetem a bient\u00f4t 60 ans ! Qui a dit que le marketing \u00e9tait une discipline nouvelle ? Or, \u00e0 l\u2019occasion de cet anniversaire, la premi\u00e8re association des","og_url":"https:\/\/visionarymarketing.com\/fr\/2013\/04\/18\/1ere-en-france-ladetem-demande-a-50-blogueurs-de-voter-pour-lexcellence-marketing-avis-aux-candidats\/","og_site_name":"Marketing and Innovation","article_publisher":"https:\/\/www.facebook.com\/vismktg","article_author":"http:\/\/facebook.com\/ygourven","article_published_time":"2013-04-18T04:20:08+00:00","article_modified_time":"2021-02-09T07:14:31+00:00","og_image":[{"width":644,"height":430,"url":"https:\/\/visionarymarketing.com\/wp-content\/uploads\/2019\/11\/47966166841_7e51243587_c.jpg","type":"image\/jpeg"}],"author":"Yann Gourvennec","twitter_card":"summary_large_image","twitter_creator":"@ygourven","twitter_site":"@ygourven","twitter_misc":{"\u00c9crit par":"Yann Gourvennec","Dur\u00e9e de lecture estim\u00e9e":"3 minutes"},"schema":{"@context":"https:\/\/schema.org","@graph":[{"@type":"NewsArticle","@id":"https:\/\/visionarymarketing.com\/fr\/2013\/04\/18\/1ere-en-france-ladetem-demande-a-50-blogueurs-de-voter-pour-lexcellence-marketing-avis-aux-candidats\/#article","isPartOf":{"@id":"https:\/\/visionarymarketing.com\/fr\/2013\/04\/18\/1ere-en-france-ladetem-demande-a-50-blogueurs-de-voter-pour-lexcellence-marketing-avis-aux-candidats\/"},"author":{"name":"Yann Gourvennec","@id":"https:\/\/visionarymarketing.com\/fr\/#\/schema\/person\/3754fee1e558f47b8deb46f53c37423e"},"headline":"l&rsquo;Adetem demande \u00e0 50 blogueurs de voter pour l&rsquo;excellence marketing &#8230; avis aux candidats !","datePublished":"2013-04-18T04:20:08+00:00","dateModified":"2021-02-09T07:14:31+00:00","mainEntityOfPage":{"@id":"https:\/\/visionarymarketing.com\/fr\/2013\/04\/18\/1ere-en-france-ladetem-demande-a-50-blogueurs-de-voter-pour-lexcellence-marketing-avis-aux-candidats\/"},"wordCount":536,"commentCount":0,"image":{"@id":"https:\/\/visionarymarketing.com\/fr\/2013\/04\/18\/1ere-en-france-ladetem-demande-a-50-blogueurs-de-voter-pour-lexcellence-marketing-avis-aux-candidats\/#primaryimage"},"thumbnailUrl":"https:\/\/visionarymarketing.com\/wp-content\/uploads\/2019\/11\/47966166841_7e51243587_c.jpg","articleSection":["Marketing &amp; Innovation"],"inLanguage":"fr-FR","potentialAction":[{"@type":"CommentAction","name":"Comment","target":["https:\/\/visionarymarketing.com\/fr\/2013\/04\/18\/1ere-en-france-ladetem-demande-a-50-blogueurs-de-voter-pour-lexcellence-marketing-avis-aux-candidats\/#respond"]}]},{"@type":"WebPage","@id":"https:\/\/visionarymarketing.com\/fr\/2013\/04\/18\/1ere-en-france-ladetem-demande-a-50-blogueurs-de-voter-pour-lexcellence-marketing-avis-aux-candidats\/","url":"https:\/\/visionarymarketing.com\/fr\/2013\/04\/18\/1ere-en-france-ladetem-demande-a-50-blogueurs-de-voter-pour-lexcellence-marketing-avis-aux-candidats\/","name":"l'Adetem demande \u00e0 50 blogueurs de voter pour l'excellence marketing ... avis aux candidats !","isPartOf":{"@id":"https:\/\/visionarymarketing.com\/fr\/#website"},"primaryImageOfPage":{"@id":"https:\/\/visionarymarketing.com\/fr\/2013\/04\/18\/1ere-en-france-ladetem-demande-a-50-blogueurs-de-voter-pour-lexcellence-marketing-avis-aux-candidats\/#primaryimage"},"image":{"@id":"https:\/\/visionarymarketing.com\/fr\/2013\/04\/18\/1ere-en-france-ladetem-demande-a-50-blogueurs-de-voter-pour-lexcellence-marketing-avis-aux-candidats\/#primaryimage"},"thumbnailUrl":"https:\/\/visionarymarketing.com\/wp-content\/uploads\/2019\/11\/47966166841_7e51243587_c.jpg","datePublished":"2013-04-18T04:20:08+00:00","dateModified":"2021-02-09T07:14:31+00:00","author":{"@id":"https:\/\/visionarymarketing.com\/fr\/#\/schema\/person\/3754fee1e558f47b8deb46f53c37423e"},"description":"L\u2019Adetem a bient\u00f4t 60 ans ! Qui a dit que le marketing \u00e9tait une discipline nouvelle ? Or, \u00e0 l\u2019occasion de cet anniversaire, la premi\u00e8re association des","breadcrumb":{"@id":"https:\/\/visionarymarketing.com\/fr\/2013\/04\/18\/1ere-en-france-ladetem-demande-a-50-blogueurs-de-voter-pour-lexcellence-marketing-avis-aux-candidats\/#breadcrumb"},"inLanguage":"fr-FR","potentialAction":[{"@type":"ReadAction","target":["https:\/\/visionarymarketing.com\/fr\/2013\/04\/18\/1ere-en-france-ladetem-demande-a-50-blogueurs-de-voter-pour-lexcellence-marketing-avis-aux-candidats\/"]}]},{"@type":"ImageObject","inLanguage":"fr-FR","@id":"https:\/\/visionarymarketing.com\/fr\/2013\/04\/18\/1ere-en-france-ladetem-demande-a-50-blogueurs-de-voter-pour-lexcellence-marketing-avis-aux-candidats\/#primaryimage","url":"https:\/\/visionarymarketing.com\/wp-content\/uploads\/2019\/11\/47966166841_7e51243587_c.jpg","contentUrl":"https:\/\/visionarymarketing.com\/wp-content\/uploads\/2019\/11\/47966166841_7e51243587_c.jpg","width":644,"height":430},{"@type":"BreadcrumbList","@id":"https:\/\/visionarymarketing.com\/fr\/2013\/04\/18\/1ere-en-france-ladetem-demande-a-50-blogueurs-de-voter-pour-lexcellence-marketing-avis-aux-candidats\/#breadcrumb","itemListElement":[{"@type":"ListItem","position":1,"name":"Home","item":"https:\/\/visionarymarketing.com\/fr\/"},{"@type":"ListItem","position":2,"name":"l&rsquo;Adetem demande \u00e0 50 blogueurs de voter pour l&rsquo;excellence marketing &#8230; avis aux candidats !"}]},{"@type":"WebSite","@id":"https:\/\/visionarymarketing.com\/fr\/#website","url":"https:\/\/visionarymarketing.com\/fr\/","name":"Marketing and Innovation","description":"Site d&#039;infos ind\u00e9pendant, depuis 1996","potentialAction":[{"@type":"SearchAction","target":{"@type":"EntryPoint","urlTemplate":"https:\/\/visionarymarketing.com\/fr\/?s={search_term_string}"},"query-input":{"@type":"PropertyValueSpecification","valueRequired":true,"valueName":"search_term_string"}}],"inLanguage":"fr-FR"},{"@type":"Person","@id":"https:\/\/visionarymarketing.com\/fr\/#\/schema\/person\/3754fee1e558f47b8deb46f53c37423e","name":"Yann Gourvennec","image":{"@type":"ImageObject","inLanguage":"fr-FR","@id":"https:\/\/secure.gravatar.com\/avatar\/5972001801e8de5692a3e31224e85769f50a55fb8b679749f9c8d1868cceff14?s=96&d=initials&r=g&initials=yg","url":"https:\/\/secure.gravatar.com\/avatar\/5972001801e8de5692a3e31224e85769f50a55fb8b679749f9c8d1868cceff14?s=96&d=initials&r=g&initials=yg","contentUrl":"https:\/\/secure.gravatar.com\/avatar\/5972001801e8de5692a3e31224e85769f50a55fb8b679749f9c8d1868cceff14?s=96&d=initials&r=g&initials=yg","caption":"Yann Gourvennec"},"description":"Yann Gourvennec created visionarymarketing.com in 1996. He is a speaker and author of many books. In 2014 he went from intrapreneur to entrepreneur, when he created his digital marketing agency. Yann Gourvennec a cr\u00e9\u00e9 visionarymarketing.com en 1996. Il est conf\u00e9rencier et auteur de plusieurs livres. En 2014, il est pass\u00e9 d'intrapreneur \u00e0 entrepreneur en cr\u00e9ant son agence de marketing num\u00e9rique.","sameAs":["https:\/\/visionarymarketing.com","http:\/\/facebook.com\/ygourven","http:\/\/linkedin.com\/in\/ygourven","https:\/\/x.com\/ygourven","https:\/\/www.youtube.com\/c\/visionarymarketingagency"],"url":"https:\/\/visionarymarketing.com\/fr\/author\/yann-gourvennec\/"}]}},"_links":{"self":[{"href":"https:\/\/visionarymarketing.com\/fr\/wp-json\/wp\/v2\/posts\/8144","targetHints":{"allow":["GET"]}}],"collection":[{"href":"https:\/\/visionarymarketing.com\/fr\/wp-json\/wp\/v2\/posts"}],"about":[{"href":"https:\/\/visionarymarketing.com\/fr\/wp-json\/wp\/v2\/types\/post"}],"author":[{"embeddable":true,"href":"https:\/\/visionarymarketing.com\/fr\/wp-json\/wp\/v2\/users\/2"}],"replies":[{"embeddable":true,"href":"https:\/\/visionarymarketing.com\/fr\/wp-json\/wp\/v2\/comments?post=8144"}],"version-history":[{"count":0,"href":"https:\/\/visionarymarketing.com\/fr\/wp-json\/wp\/v2\/posts\/8144\/revisions"}],"wp:featuredmedia":[{"embeddable":true,"href":"https:\/\/visionarymarketing.com\/fr\/wp-json\/wp\/v2\/media\/34068"}],"wp:attachment":[{"href":"https:\/\/visionarymarketing.com\/fr\/wp-json\/wp\/v2\/media?parent=8144"}],"wp:term":[{"taxonomy":"category","embeddable":true,"href":"https:\/\/visionarymarketing.com\/fr\/wp-json\/wp\/v2\/categories?post=8144"},{"taxonomy":"post_tag","embeddable":true,"href":"https:\/\/visionarymarketing.com\/fr\/wp-json\/wp\/v2\/tags?post=8144"}],"curies":[{"name":"wp","href":"https:\/\/api.w.org\/{rel}","templated":true}]}}