{"id":81382,"date":"2024-09-25T17:43:21","date_gmt":"2024-09-25T15:43:21","guid":{"rendered":"https:\/\/visionarymarketing.com\/?p=81382"},"modified":"2024-09-25T17:43:21","modified_gmt":"2024-09-25T15:43:21","slug":"design","status":"publish","type":"post","link":"https:\/\/visionarymarketing.com\/fr\/2024\/09\/25\/design\/","title":{"rendered":"Vers un renouveau du design ?"},"content":{"rendered":"<p><em>Une fois n&rsquo;est pas coutume, je vais reprendre un communiqu\u00e9 de presse qui me semble particuli\u00e8rement int\u00e9ressant, et qui est li\u00e9 \u00e0 la huiti\u00e8me \u00e9dition de l&rsquo;\u00e9v\u00e9nement <strong>In Design We Trust<\/strong>, auquel les reporters de Visionary Marketing se rendront le mardi 8 octobre \u00e0 l&rsquo;espace Saint-Martin \u00e0 Paris \u00e0 18h00.<\/em><\/p>\n<h2>\u00c9v\u00e9nement : in design we trust<\/h2>\n<figure id=\"attachment_81384\" aria-describedby=\"caption-attachment-81384\" style=\"width: 1200px\" class=\"wp-caption aligncenter\"><img decoding=\"async\" class=\"wp-image-81384 size-full\" src=\"https:\/\/visionarymarketing.com\/wp-content\/uploads\/2024\/09\/logo-idwt.jpg\" alt=\"Design\" width=\"1200\" height=\"635\" srcset=\"https:\/\/visionarymarketing.com\/wp-content\/uploads\/2024\/09\/logo-idwt.jpg 1200w, https:\/\/visionarymarketing.com\/wp-content\/uploads\/2024\/09\/logo-idwt-500x265.jpg 500w, https:\/\/visionarymarketing.com\/wp-content\/uploads\/2024\/09\/logo-idwt-1024x542.jpg 1024w, https:\/\/visionarymarketing.com\/wp-content\/uploads\/2024\/09\/logo-idwt-768x406.jpg 768w\" sizes=\"(max-width: 1200px) 100vw, 1200px\" \/><figcaption id=\"caption-attachment-81384\" class=\"wp-caption-text\">Le logo, tr\u00e8s styl\u00e9, de l&rsquo;\u00e9v\u00e9nement<\/figcaption><\/figure>\n<h3>Un \u00e9v\u00e9nement sur le renouveau du style<\/h3>\n<p>L\u2019ADC &#8211; Association Design Conseil \u2013 nous a averti de la tenue de la 8i\u00e8me \u00e9dition de son \u00e9v\u00e9nement In Design We Trust qui aura lieu le mardi 8 octobre \u00e0 l\u2019espace Saint-Martin.<!--more--><\/p>\n<blockquote class=\"quote-light\"><p>L\u2019\u00e9v\u00e8nement sera organis\u00e9 cette ann\u00e9e sur le th\u00e8me de \u00ab Faites-moi du nouveau \u00bb<\/p><\/blockquote>\n<p>Un \u00e9v\u00e9nement qui pose des questions de fond sur le design et la nouveaut\u00e9, ce qui ne sera pas sans attrait pour les lecteurs de Visionary Marketing. Je cite :<\/p>\n<ul>\n<li>\u00ab C\u2019est quoi faire du nouveau ?<\/li>\n<li>On recycle sans r\u00e9chauffer, mais \u00e7a c\u2019\u00e9tait \u00e0 la mode il y a 20 ans, et si on demandait \u00e0 <a href=\"https:\/\/visionarymarketing.com\/fr\/2023\/11\/20\/ia-generatives-et-contenu\/\">l\u2019IA<\/a>\u2026 ?<\/li>\n<\/ul>\n<p>\u00ab Autant de questions qui trouveront leurs r\u00e9ponses par et dans le design \u00bb, nous explique le communiqu\u00e9 de presse. Ce th\u00e8me sera trait\u00e9 sous plusieurs angles, selon l\u2019inspiration de chacun, en toute libert\u00e9, pour c\u00e9l\u00e9brer la cr\u00e9ativit\u00e9 de notre activit\u00e9, le design.<\/p>\n<blockquote class=\"quote-light\"><p>L\u2019id\u00e9e est de s\u2019ouvrir l\u2019esprit, de s\u2019\u00e9tonner, de partager des points de vue vari\u00e9s et inspirants sur un sujet donn\u00e9 entre cr\u00e9atifs des agences de design adh\u00e9rentes de l\u2019association. Il s\u2019agit d\u2019un moment festif qui c\u00e9l\u00e8bre la cr\u00e9ativit\u00e9, le c\u0153ur de tous les m\u00e9tiers du design. Les agences participantes monteront sur sc\u00e8ne, certaines en bin\u00f4me pour exposer leurs points de vue sur ce th\u00e8me, \u00e0 savoir donc \u00ab Faites-moi du nouveau \u00bb. Cette ann\u00e9e encore, deux \u00e9coles de design seront partenaires de l\u2019\u00e9v\u00e9nement, place \u00e0 : e-artsup et Intuit-lab !<\/p><\/blockquote>\n<p>Au programme :<br \/>\n18h30 : Accueil et ouverture des portes<br \/>\n18h45 : Introduction de la Pr\u00e9sidente de l\u2019ADC, Delphine Dauge, et de l\u2019ensemble des membres du Bureau.<br \/>\n19h00 : D\u00e9but des pr\u00e9sentations<\/p>\n<p>14 agences interviendront pour pr\u00e9senter leurs travaux.<\/p>\n<p><strong>Les sujets pr\u00e9sent\u00e9s :<\/strong><\/p>\n<ol>\n<li>17mars : M\u00e9line Carlotti &amp; Pierre-Baptiste Harrivelle &#8211; \u00ab Anatomie de la nouveaut\u00e9 \u00bb<\/li>\n<li>4uatre : Am\u00e9lie Allegret &amp; Lucas Toso \u2013 \u00ab Le lexique des nouveaux mots du design \u00bb<\/li>\n<li>Carr\u00e9 Basset : Pauline Meslier &amp; L\u00e9na Szerada &amp; Sarah Brossard &#8211; \u00ab Le nouveau est d\u00e9j\u00e0 vu \u00bb<\/li>\n<li>CBA : Fabien Maschi &amp; David Jannot \u2013 \u00ab Le nouveau\u2026 R\u00e9alit\u00e9 ou Illusion ? \u00bb<\/li>\n<li>Dragon Rouge : Kheireddine Sidhoum<\/li>\n<li>Extr\u00eame : Charlotte Roux-Pineau &amp; C\u00e9dric Martineaud &#8211; \u00ab Essentiel ADN \u00bb<\/li>\n<li>FutureBrand : Pauline Baron &amp; Hugo Couvry &#8211; \u00ab Dis Siri, fais-moi du neuf \u00bb<\/li>\n<li>Landor : Aksel Oz &amp; Jocelain Keith &#8211; \u00ab ACPNUPCE &#8211; Analyse Crois\u00e9e et Perceptions du Nouveau et de son Utilit\u00e9 au prisme de la Culture et de son Epoque \u00bb<\/li>\n<li>Leroy Tremblot : Thibault Van der Shootent &amp; Julien Boyon \u2013 \u00ab R\u00e9conciliation ph\u00e9nom\u00e9nologique de la nouveaut\u00e9 pragmatique et de la nouveaut\u00e9 perceptive au prisme d\u2019une observation philosophique compar\u00e9e \u00bb<\/li>\n<li>Namibie &amp; Seenk : Sophie Gay &amp; Rapha\u00eblle Gasnier \u2013 \u00ab Bref, on a pris un brief \u00bb<\/li>\n<li>Pixelis : L\u00e9a Brosseau &amp; Th\u00e9o Mahut<\/li>\n<li>Sixi\u00e8me Son : Eva Van Woerkom &amp; Alexis Mangou &#8211; \u00ab La nouveaut\u00e9 n&rsquo;existe pas, puisqu&rsquo;elle est partout. La nouveaut\u00e9 est partout, tout est une question de perspective. \u00bb<\/li>\n<li>Team Cr\u00e9atif : C\u00e9dric Desmonts-Dumousseau &#8211; \u00ab Qui du Neuf ou de l&rsquo;Ampoule arrive le premier ? \u00bb<\/li>\n<li>Ecoles : Willy Albouy (E-Artsup) x Ludivine Fossey (Intuit-lab) &#8211; \u00ab Nous, vos nouveaux. Faut-il \u00eatre nouveau pour faire du nouveau ? \u00bb<\/li>\n<\/ol>\n<p>20h30 : Conclusion et remerciements<br \/>\n21h00 : Cocktail<\/p>\n<p>L&rsquo;\u00e9v\u00e9nement \u00e9tant d\u00e9j\u00e0 complet, inutile de vous inscrire. Il vous faudra attendre notre compte-rendu.<\/p>\n<h4>\u00c0 propos de l\u2019ADC<\/h4>\n<p><em>L\u2019Association ADC regroupe les grandes agences de design fran\u00e7aises depuis 1988. Ses r\u00f4les majeurs sont de repr\u00e9senter les agences de design fran\u00e7aises, de promouvoir les m\u00e9tiers du design en France et l\u2019image des agences fran\u00e7aises \u00e0 l\u2019international, ainsi que d\u2019encourager rencontres et \u00e9changes entre professionnels du design. L\u2019association g\u00e8re les contacts avec la presse et organise des manifestations tourn\u00e9es vers la profession, les annonceurs, les pouvoirs publics, les m\u00e9dias et le grand public. Avec ses adh\u00e9rents, l\u2019ADC souhaite valoriser la capacit\u00e9 d\u2019anticipation et de vision en amont du design mais aussi l\u2019ambition du design d\u2019\u00eatre un levier de cr\u00e9ation de valeur \u00e0 court, moyen et long terme. Elle s\u2019attache \u00e0 montrer au march\u00e9 fran\u00e7ais, \u00e0 toutes les entreprises fran\u00e7aises quelle que soit leur taille, que la force de leur marque repose sur le design. Plus d\u2019infos sur <a href=\"https:\/\/www.adc-asso.com\" target=\"_blank\" rel=\"noopener\">www.adc-asso.com<\/a><\/em><\/p>\n","protected":false},"excerpt":{"rendered":"<p>Une fois n&rsquo;est pas coutume, je vais reprendre un communiqu\u00e9 de presse qui me semble particuli\u00e8rement int\u00e9ressant, et qui est li\u00e9 \u00e0 la huiti\u00e8me \u00e9dition de l&rsquo;\u00e9v\u00e9nement In Design We Trust, auquel les reporters de Visionary Marketing se rendront le mardi 8 octobre \u00e0 l&rsquo;espace Saint-Martin \u00e0 Paris \u00e0 18h00. \u00c9v\u00e9nement : in design we &hellip;<\/p>\n","protected":false},"author":2,"featured_media":81384,"comment_status":"open","ping_status":"open","sticky":false,"template":"","format":"standard","meta":{"footnotes":""},"categories":[5127],"tags":[],"class_list":["post-81382","post","type-post","status-publish","format-standard","has-post-thumbnail","hentry","category-breves"],"yoast_head":"<!-- This site is optimized with the Yoast SEO plugin v27.5 - https:\/\/yoast.com\/product\/yoast-seo-wordpress\/ -->\n<title>Design : le renouveau est-il possible ?<\/title>\n<meta name=\"description\" content=\"C&#039;est la huiti\u00e8me \u00e9dition de l&#039;\u00e9v\u00e9nement In Design We Trust, auquel les reporters de Visionary Marketing se rendront le 8 octobre \u00e0 Paris.\" \/>\n<meta name=\"robots\" content=\"index, follow, max-snippet:-1, max-image-preview:large, max-video-preview:-1\" \/>\n<link rel=\"canonical\" href=\"https:\/\/visionarymarketing.com\/fr\/2024\/09\/25\/design\/\" \/>\n<meta property=\"og:locale\" content=\"fr_FR\" \/>\n<meta property=\"og:type\" content=\"article\" \/>\n<meta property=\"og:title\" content=\"Design : le renouveau est-il possible ?\" \/>\n<meta property=\"og:description\" content=\"C&#039;est la huiti\u00e8me \u00e9dition de l&#039;\u00e9v\u00e9nement In Design We Trust, auquel les reporters de Visionary Marketing se rendront le 8 octobre \u00e0 Paris.\" \/>\n<meta property=\"og:url\" content=\"https:\/\/visionarymarketing.com\/fr\/2024\/09\/25\/design\/\" \/>\n<meta property=\"og:site_name\" content=\"Marketing and Innovation\" \/>\n<meta property=\"article:publisher\" content=\"https:\/\/www.facebook.com\/vismktg\" \/>\n<meta property=\"article:author\" content=\"http:\/\/facebook.com\/ygourven\" \/>\n<meta property=\"article:published_time\" content=\"2024-09-25T15:43:21+00:00\" \/>\n<meta property=\"og:image\" content=\"https:\/\/visionarymarketing.com\/wp-content\/uploads\/2024\/09\/logo-idwt.jpg\" \/>\n\t<meta property=\"og:image:width\" content=\"1200\" \/>\n\t<meta property=\"og:image:height\" content=\"635\" \/>\n\t<meta property=\"og:image:type\" content=\"image\/jpeg\" \/>\n<meta name=\"author\" content=\"Yann Gourvennec\" \/>\n<meta name=\"twitter:card\" content=\"summary_large_image\" \/>\n<meta name=\"twitter:creator\" content=\"@ygourven\" \/>\n<meta name=\"twitter:site\" content=\"@ygourven\" \/>\n<meta name=\"twitter:label1\" content=\"\u00c9crit par\" \/>\n\t<meta name=\"twitter:data1\" content=\"Yann Gourvennec\" \/>\n\t<meta name=\"twitter:label2\" content=\"Dur\u00e9e de lecture estim\u00e9e\" \/>\n\t<meta name=\"twitter:data2\" content=\"3 minutes\" \/>\n<script type=\"application\/ld+json\" class=\"yoast-schema-graph\">{\"@context\":\"https:\\\/\\\/schema.org\",\"@graph\":[{\"@type\":\"NewsArticle\",\"@id\":\"https:\\\/\\\/visionarymarketing.com\\\/fr\\\/2024\\\/09\\\/25\\\/design\\\/#article\",\"isPartOf\":{\"@id\":\"https:\\\/\\\/visionarymarketing.com\\\/fr\\\/2024\\\/09\\\/25\\\/design\\\/\"},\"author\":{\"name\":\"Yann Gourvennec\",\"@id\":\"https:\\\/\\\/visionarymarketing.com\\\/fr\\\/#\\\/schema\\\/person\\\/3754fee1e558f47b8deb46f53c37423e\"},\"headline\":\"Vers un renouveau du design ?\",\"datePublished\":\"2024-09-25T15:43:21+00:00\",\"mainEntityOfPage\":{\"@id\":\"https:\\\/\\\/visionarymarketing.com\\\/fr\\\/2024\\\/09\\\/25\\\/design\\\/\"},\"wordCount\":809,\"commentCount\":1,\"image\":{\"@id\":\"https:\\\/\\\/visionarymarketing.com\\\/fr\\\/2024\\\/09\\\/25\\\/design\\\/#primaryimage\"},\"thumbnailUrl\":\"https:\\\/\\\/visionarymarketing.com\\\/wp-content\\\/uploads\\\/2024\\\/09\\\/logo-idwt.jpg\",\"articleSection\":[\"Br\u00e8ves\"],\"inLanguage\":\"fr-FR\",\"potentialAction\":[{\"@type\":\"CommentAction\",\"name\":\"Comment\",\"target\":[\"https:\\\/\\\/visionarymarketing.com\\\/fr\\\/2024\\\/09\\\/25\\\/design\\\/#respond\"]}]},{\"@type\":\"WebPage\",\"@id\":\"https:\\\/\\\/visionarymarketing.com\\\/fr\\\/2024\\\/09\\\/25\\\/design\\\/\",\"url\":\"https:\\\/\\\/visionarymarketing.com\\\/fr\\\/2024\\\/09\\\/25\\\/design\\\/\",\"name\":\"Design : le renouveau est-il possible ?\",\"isPartOf\":{\"@id\":\"https:\\\/\\\/visionarymarketing.com\\\/fr\\\/#website\"},\"primaryImageOfPage\":{\"@id\":\"https:\\\/\\\/visionarymarketing.com\\\/fr\\\/2024\\\/09\\\/25\\\/design\\\/#primaryimage\"},\"image\":{\"@id\":\"https:\\\/\\\/visionarymarketing.com\\\/fr\\\/2024\\\/09\\\/25\\\/design\\\/#primaryimage\"},\"thumbnailUrl\":\"https:\\\/\\\/visionarymarketing.com\\\/wp-content\\\/uploads\\\/2024\\\/09\\\/logo-idwt.jpg\",\"datePublished\":\"2024-09-25T15:43:21+00:00\",\"author\":{\"@id\":\"https:\\\/\\\/visionarymarketing.com\\\/fr\\\/#\\\/schema\\\/person\\\/3754fee1e558f47b8deb46f53c37423e\"},\"description\":\"C'est la huiti\u00e8me \u00e9dition de l'\u00e9v\u00e9nement In Design We Trust, auquel les reporters de Visionary Marketing se rendront le 8 octobre \u00e0 Paris.\",\"breadcrumb\":{\"@id\":\"https:\\\/\\\/visionarymarketing.com\\\/fr\\\/2024\\\/09\\\/25\\\/design\\\/#breadcrumb\"},\"inLanguage\":\"fr-FR\",\"potentialAction\":[{\"@type\":\"ReadAction\",\"target\":[\"https:\\\/\\\/visionarymarketing.com\\\/fr\\\/2024\\\/09\\\/25\\\/design\\\/\"]}]},{\"@type\":\"ImageObject\",\"inLanguage\":\"fr-FR\",\"@id\":\"https:\\\/\\\/visionarymarketing.com\\\/fr\\\/2024\\\/09\\\/25\\\/design\\\/#primaryimage\",\"url\":\"https:\\\/\\\/visionarymarketing.com\\\/wp-content\\\/uploads\\\/2024\\\/09\\\/logo-idwt.jpg\",\"contentUrl\":\"https:\\\/\\\/visionarymarketing.com\\\/wp-content\\\/uploads\\\/2024\\\/09\\\/logo-idwt.jpg\",\"width\":1200,\"height\":635},{\"@type\":\"BreadcrumbList\",\"@id\":\"https:\\\/\\\/visionarymarketing.com\\\/fr\\\/2024\\\/09\\\/25\\\/design\\\/#breadcrumb\",\"itemListElement\":[{\"@type\":\"ListItem\",\"position\":1,\"name\":\"Home\",\"item\":\"https:\\\/\\\/visionarymarketing.com\\\/fr\\\/\"},{\"@type\":\"ListItem\",\"position\":2,\"name\":\"Vers un renouveau du design ?\"}]},{\"@type\":\"WebSite\",\"@id\":\"https:\\\/\\\/visionarymarketing.com\\\/fr\\\/#website\",\"url\":\"https:\\\/\\\/visionarymarketing.com\\\/fr\\\/\",\"name\":\"Marketing and Innovation\",\"description\":\"Site d&#039;infos ind\u00e9pendant, depuis 1996\",\"potentialAction\":[{\"@type\":\"SearchAction\",\"target\":{\"@type\":\"EntryPoint\",\"urlTemplate\":\"https:\\\/\\\/visionarymarketing.com\\\/fr\\\/?s={search_term_string}\"},\"query-input\":{\"@type\":\"PropertyValueSpecification\",\"valueRequired\":true,\"valueName\":\"search_term_string\"}}],\"inLanguage\":\"fr-FR\"},{\"@type\":\"Person\",\"@id\":\"https:\\\/\\\/visionarymarketing.com\\\/fr\\\/#\\\/schema\\\/person\\\/3754fee1e558f47b8deb46f53c37423e\",\"name\":\"Yann Gourvennec\",\"image\":{\"@type\":\"ImageObject\",\"inLanguage\":\"fr-FR\",\"@id\":\"https:\\\/\\\/secure.gravatar.com\\\/avatar\\\/5972001801e8de5692a3e31224e85769f50a55fb8b679749f9c8d1868cceff14?s=96&d=initials&r=g&initials=yg\",\"url\":\"https:\\\/\\\/secure.gravatar.com\\\/avatar\\\/5972001801e8de5692a3e31224e85769f50a55fb8b679749f9c8d1868cceff14?s=96&d=initials&r=g&initials=yg\",\"contentUrl\":\"https:\\\/\\\/secure.gravatar.com\\\/avatar\\\/5972001801e8de5692a3e31224e85769f50a55fb8b679749f9c8d1868cceff14?s=96&d=initials&r=g&initials=yg\",\"caption\":\"Yann Gourvennec\"},\"description\":\"Yann Gourvennec created visionarymarketing.com in 1996. He is a speaker and author of many books. In 2014 he went from intrapreneur to entrepreneur, when he created his digital marketing agency. Yann Gourvennec a cr\u00e9\u00e9 visionarymarketing.com en 1996. Il est conf\u00e9rencier et auteur de plusieurs livres. En 2014, il est pass\u00e9 d'intrapreneur \u00e0 entrepreneur en cr\u00e9ant son agence de marketing num\u00e9rique.\",\"sameAs\":[\"https:\\\/\\\/visionarymarketing.com\",\"http:\\\/\\\/facebook.com\\\/ygourven\",\"http:\\\/\\\/linkedin.com\\\/in\\\/ygourven\",\"https:\\\/\\\/x.com\\\/ygourven\",\"https:\\\/\\\/www.youtube.com\\\/c\\\/visionarymarketingagency\"],\"url\":\"https:\\\/\\\/visionarymarketing.com\\\/fr\\\/author\\\/yann-gourvennec\\\/\"}]}<\/script>\n<!-- \/ Yoast SEO plugin. -->","yoast_head_json":{"title":"Design : le renouveau est-il possible ?","description":"C'est la huiti\u00e8me \u00e9dition de l'\u00e9v\u00e9nement In Design We Trust, auquel les reporters de Visionary Marketing se rendront le 8 octobre \u00e0 Paris.","robots":{"index":"index","follow":"follow","max-snippet":"max-snippet:-1","max-image-preview":"max-image-preview:large","max-video-preview":"max-video-preview:-1"},"canonical":"https:\/\/visionarymarketing.com\/fr\/2024\/09\/25\/design\/","og_locale":"fr_FR","og_type":"article","og_title":"Design : le renouveau est-il possible ?","og_description":"C'est la huiti\u00e8me \u00e9dition de l'\u00e9v\u00e9nement In Design We Trust, auquel les reporters de Visionary Marketing se rendront le 8 octobre \u00e0 Paris.","og_url":"https:\/\/visionarymarketing.com\/fr\/2024\/09\/25\/design\/","og_site_name":"Marketing and Innovation","article_publisher":"https:\/\/www.facebook.com\/vismktg","article_author":"http:\/\/facebook.com\/ygourven","article_published_time":"2024-09-25T15:43:21+00:00","og_image":[{"width":1200,"height":635,"url":"https:\/\/visionarymarketing.com\/wp-content\/uploads\/2024\/09\/logo-idwt.jpg","type":"image\/jpeg"}],"author":"Yann Gourvennec","twitter_card":"summary_large_image","twitter_creator":"@ygourven","twitter_site":"@ygourven","twitter_misc":{"\u00c9crit par":"Yann Gourvennec","Dur\u00e9e de lecture estim\u00e9e":"3 minutes"},"schema":{"@context":"https:\/\/schema.org","@graph":[{"@type":"NewsArticle","@id":"https:\/\/visionarymarketing.com\/fr\/2024\/09\/25\/design\/#article","isPartOf":{"@id":"https:\/\/visionarymarketing.com\/fr\/2024\/09\/25\/design\/"},"author":{"name":"Yann Gourvennec","@id":"https:\/\/visionarymarketing.com\/fr\/#\/schema\/person\/3754fee1e558f47b8deb46f53c37423e"},"headline":"Vers un renouveau du design ?","datePublished":"2024-09-25T15:43:21+00:00","mainEntityOfPage":{"@id":"https:\/\/visionarymarketing.com\/fr\/2024\/09\/25\/design\/"},"wordCount":809,"commentCount":1,"image":{"@id":"https:\/\/visionarymarketing.com\/fr\/2024\/09\/25\/design\/#primaryimage"},"thumbnailUrl":"https:\/\/visionarymarketing.com\/wp-content\/uploads\/2024\/09\/logo-idwt.jpg","articleSection":["Br\u00e8ves"],"inLanguage":"fr-FR","potentialAction":[{"@type":"CommentAction","name":"Comment","target":["https:\/\/visionarymarketing.com\/fr\/2024\/09\/25\/design\/#respond"]}]},{"@type":"WebPage","@id":"https:\/\/visionarymarketing.com\/fr\/2024\/09\/25\/design\/","url":"https:\/\/visionarymarketing.com\/fr\/2024\/09\/25\/design\/","name":"Design : le renouveau est-il possible ?","isPartOf":{"@id":"https:\/\/visionarymarketing.com\/fr\/#website"},"primaryImageOfPage":{"@id":"https:\/\/visionarymarketing.com\/fr\/2024\/09\/25\/design\/#primaryimage"},"image":{"@id":"https:\/\/visionarymarketing.com\/fr\/2024\/09\/25\/design\/#primaryimage"},"thumbnailUrl":"https:\/\/visionarymarketing.com\/wp-content\/uploads\/2024\/09\/logo-idwt.jpg","datePublished":"2024-09-25T15:43:21+00:00","author":{"@id":"https:\/\/visionarymarketing.com\/fr\/#\/schema\/person\/3754fee1e558f47b8deb46f53c37423e"},"description":"C'est la huiti\u00e8me \u00e9dition de l'\u00e9v\u00e9nement In Design We Trust, auquel les reporters de Visionary Marketing se rendront le 8 octobre \u00e0 Paris.","breadcrumb":{"@id":"https:\/\/visionarymarketing.com\/fr\/2024\/09\/25\/design\/#breadcrumb"},"inLanguage":"fr-FR","potentialAction":[{"@type":"ReadAction","target":["https:\/\/visionarymarketing.com\/fr\/2024\/09\/25\/design\/"]}]},{"@type":"ImageObject","inLanguage":"fr-FR","@id":"https:\/\/visionarymarketing.com\/fr\/2024\/09\/25\/design\/#primaryimage","url":"https:\/\/visionarymarketing.com\/wp-content\/uploads\/2024\/09\/logo-idwt.jpg","contentUrl":"https:\/\/visionarymarketing.com\/wp-content\/uploads\/2024\/09\/logo-idwt.jpg","width":1200,"height":635},{"@type":"BreadcrumbList","@id":"https:\/\/visionarymarketing.com\/fr\/2024\/09\/25\/design\/#breadcrumb","itemListElement":[{"@type":"ListItem","position":1,"name":"Home","item":"https:\/\/visionarymarketing.com\/fr\/"},{"@type":"ListItem","position":2,"name":"Vers un renouveau du design ?"}]},{"@type":"WebSite","@id":"https:\/\/visionarymarketing.com\/fr\/#website","url":"https:\/\/visionarymarketing.com\/fr\/","name":"Marketing and Innovation","description":"Site d&#039;infos ind\u00e9pendant, depuis 1996","potentialAction":[{"@type":"SearchAction","target":{"@type":"EntryPoint","urlTemplate":"https:\/\/visionarymarketing.com\/fr\/?s={search_term_string}"},"query-input":{"@type":"PropertyValueSpecification","valueRequired":true,"valueName":"search_term_string"}}],"inLanguage":"fr-FR"},{"@type":"Person","@id":"https:\/\/visionarymarketing.com\/fr\/#\/schema\/person\/3754fee1e558f47b8deb46f53c37423e","name":"Yann Gourvennec","image":{"@type":"ImageObject","inLanguage":"fr-FR","@id":"https:\/\/secure.gravatar.com\/avatar\/5972001801e8de5692a3e31224e85769f50a55fb8b679749f9c8d1868cceff14?s=96&d=initials&r=g&initials=yg","url":"https:\/\/secure.gravatar.com\/avatar\/5972001801e8de5692a3e31224e85769f50a55fb8b679749f9c8d1868cceff14?s=96&d=initials&r=g&initials=yg","contentUrl":"https:\/\/secure.gravatar.com\/avatar\/5972001801e8de5692a3e31224e85769f50a55fb8b679749f9c8d1868cceff14?s=96&d=initials&r=g&initials=yg","caption":"Yann Gourvennec"},"description":"Yann Gourvennec created visionarymarketing.com in 1996. He is a speaker and author of many books. In 2014 he went from intrapreneur to entrepreneur, when he created his digital marketing agency. Yann Gourvennec a cr\u00e9\u00e9 visionarymarketing.com en 1996. Il est conf\u00e9rencier et auteur de plusieurs livres. En 2014, il est pass\u00e9 d'intrapreneur \u00e0 entrepreneur en cr\u00e9ant son agence de marketing num\u00e9rique.","sameAs":["https:\/\/visionarymarketing.com","http:\/\/facebook.com\/ygourven","http:\/\/linkedin.com\/in\/ygourven","https:\/\/x.com\/ygourven","https:\/\/www.youtube.com\/c\/visionarymarketingagency"],"url":"https:\/\/visionarymarketing.com\/fr\/author\/yann-gourvennec\/"}]}},"_links":{"self":[{"href":"https:\/\/visionarymarketing.com\/fr\/wp-json\/wp\/v2\/posts\/81382","targetHints":{"allow":["GET"]}}],"collection":[{"href":"https:\/\/visionarymarketing.com\/fr\/wp-json\/wp\/v2\/posts"}],"about":[{"href":"https:\/\/visionarymarketing.com\/fr\/wp-json\/wp\/v2\/types\/post"}],"author":[{"embeddable":true,"href":"https:\/\/visionarymarketing.com\/fr\/wp-json\/wp\/v2\/users\/2"}],"replies":[{"embeddable":true,"href":"https:\/\/visionarymarketing.com\/fr\/wp-json\/wp\/v2\/comments?post=81382"}],"version-history":[{"count":0,"href":"https:\/\/visionarymarketing.com\/fr\/wp-json\/wp\/v2\/posts\/81382\/revisions"}],"wp:featuredmedia":[{"embeddable":true,"href":"https:\/\/visionarymarketing.com\/fr\/wp-json\/wp\/v2\/media\/81384"}],"wp:attachment":[{"href":"https:\/\/visionarymarketing.com\/fr\/wp-json\/wp\/v2\/media?parent=81382"}],"wp:term":[{"taxonomy":"category","embeddable":true,"href":"https:\/\/visionarymarketing.com\/fr\/wp-json\/wp\/v2\/categories?post=81382"},{"taxonomy":"post_tag","embeddable":true,"href":"https:\/\/visionarymarketing.com\/fr\/wp-json\/wp\/v2\/tags?post=81382"}],"curies":[{"name":"wp","href":"https:\/\/api.w.org\/{rel}","templated":true}]}}