{"id":81327,"date":"2024-09-20T20:13:06","date_gmt":"2024-09-20T18:13:06","guid":{"rendered":"https:\/\/visionarymarketing.com\/?p=81327"},"modified":"2024-09-20T20:19:09","modified_gmt":"2024-09-20T18:19:09","slug":"nrf-europe-le-futur-nom-de-paris-retail-week","status":"publish","type":"post","link":"https:\/\/visionarymarketing.com\/fr\/2024\/09\/20\/nrf-europe-le-futur-nom-de-paris-retail-week\/","title":{"rendered":"NRF Europe : le futur nom de Paris Retail Week"},"content":{"rendered":"<p class=\"p2\"><em>Paris Retail Week sera bient\u00f4t rebaptis\u00e9e NRF Europe. Matthew Shay, pr\u00e9sident-directeur g\u00e9n\u00e9ral de la NRF et Laurent Noel, directeur g\u00e9n\u00e9ral de division du g\u00e9ant fran\u00e7ais de l&rsquo;\u00e9v\u00e9nementiel B2B Comexposium ont fait une annonce surprise sur la sc\u00e8ne principale du salon Paris Retail Week \u00e0 Paris le 17 septembre 2024. Visionary Marketing est un partenaire m\u00e9dia de Comexposium et du <a href=\"https:\/\/www.parisretailweek.com\/en\" target=\"_blank\" rel=\"noopener\">Salon Paris Retail Week<\/a>.<\/em><\/p>\n<h2 class=\"p2\">PRW et NRF unissent leurs forces pour cr\u00e9er une s\u00e9rie d&rsquo;\u00e9v\u00e9nements mondiaux consacr\u00e9s au commerce de d\u00e9tail<\/h2>\n<p><img decoding=\"async\" class=\"aligncenter wp-image-81302 size-full\" src=\"https:\/\/visionarymarketing.com\/wp-content\/uploads\/2024\/09\/prw-yag-1-paris-retail-week-logo.jpg\" alt=\"NRF EUrope\" width=\"1029\" height=\"686\" srcset=\"https:\/\/visionarymarketing.com\/wp-content\/uploads\/2024\/09\/prw-yag-1-paris-retail-week-logo.jpg 1029w, https:\/\/visionarymarketing.com\/wp-content\/uploads\/2024\/09\/prw-yag-1-paris-retail-week-logo-450x300.jpg 450w, https:\/\/visionarymarketing.com\/wp-content\/uploads\/2024\/09\/prw-yag-1-paris-retail-week-logo-1024x683.jpg 1024w, https:\/\/visionarymarketing.com\/wp-content\/uploads\/2024\/09\/prw-yag-1-paris-retail-week-logo-768x512.jpg 768w\" sizes=\"(max-width: 1029px) 100vw, 1029px\" \/><\/p>\n<p class=\"p2\">La <a href=\"https:\/\/nrf.com\" target=\"_blank\" rel=\"noopener\">National Retail Federation<\/a> est l&rsquo;association am\u00e9ricaine qui repr\u00e9sente l&rsquo;industrie du commerce de d\u00e9tail, a d\u00e9clar\u00e9 Shay. \u00ab\u00a0Nous avons des membres dans le monde entier. Nous organisons des manifestations sur un certain nombre de march\u00e9s, notamment \u00e0 New York en janvier. Nous avons pr\u00e8s de 50 000 participants et 40 000 exposants\u00a0\u00bb, a-t-il ajout\u00e9.<!--more--><\/p>\n<figure id=\"attachment_81320\" aria-describedby=\"caption-attachment-81320\" style=\"width: 1029px\" class=\"wp-caption aligncenter\"><img decoding=\"async\" class=\"size-full wp-image-81320\" src=\"https:\/\/visionarymarketing.com\/wp-content\/uploads\/2024\/09\/prw-yag-5.jpg\" alt=\"De gauche \u00e0 droite, Noel de Comexposium, Matt Shay (NRF) et Arnaud Gallet (Directeur de l'\u00e9v\u00e9nement pour PRW)\" width=\"1029\" height=\"686\" srcset=\"https:\/\/visionarymarketing.com\/wp-content\/uploads\/2024\/09\/prw-yag-5.jpg 1029w, https:\/\/visionarymarketing.com\/wp-content\/uploads\/2024\/09\/prw-yag-5-450x300.jpg 450w, https:\/\/visionarymarketing.com\/wp-content\/uploads\/2024\/09\/prw-yag-5-1024x683.jpg 1024w, https:\/\/visionarymarketing.com\/wp-content\/uploads\/2024\/09\/prw-yag-5-768x512.jpg 768w\" sizes=\"(max-width: 1029px) 100vw, 1029px\" \/><figcaption id=\"caption-attachment-81320\" class=\"wp-caption-text\">De gauche \u00e0 droite, Noel de Comexposium, Matt Shay (NRF) et Arnaud Galler (Directeur de l&rsquo;\u00e9v\u00e9nement pour PRW)<\/figcaption><\/figure>\n<p class=\"p2\">Paris Retail Week et la National Retail Federation ont d\u00e9j\u00e0 collabor\u00e9 pour lancer l&rsquo;\u00e9v\u00e9nement NRF retail \u00e0 Singapour, d\u00e9di\u00e9 \u00e0 l&rsquo;Asie-Pacifique.<\/p>\n<p class=\"p2\">\u00ab\u00a0Nous avons donc d\u00e9cid\u00e9 d&rsquo;approfondir notre relation et nous sommes tr\u00e8s heureux que la Paris Retail Week 2025 soit rebaptis\u00e9e NRF 25 Retail&rsquo;s Big Show, Europe. Et nous continuerons \u00e0 d\u00e9velopper les \u00e9v\u00e9nements ensemble \u00e0 Paris, en France et dans toute l&rsquo;Europe\u00a0\u00bb, a-t-il conclu.<\/p>\n<p class=\"p2\">En attendant, nous continuerons \u00e0 rendre compte de certaines des histoires les plus int\u00e9ressantes concernant le salon PRW 2024.<\/p>\n","protected":false},"excerpt":{"rendered":"<p>Paris Retail Week sera bient\u00f4t rebaptis\u00e9e NRF Europe. Matthew Shay, pr\u00e9sident-directeur g\u00e9n\u00e9ral de la NRF et Laurent Noel, directeur g\u00e9n\u00e9ral de division du g\u00e9ant fran\u00e7ais de l&rsquo;\u00e9v\u00e9nementiel B2B Comexposium ont fait une annonce surprise sur la sc\u00e8ne principale du salon Paris Retail Week \u00e0 Paris le 17 septembre 2024. Visionary Marketing est un partenaire m\u00e9dia &hellip;<\/p>\n","protected":false},"author":2,"featured_media":81330,"comment_status":"closed","ping_status":"closed","sticky":false,"template":"","format":"standard","meta":{"footnotes":""},"categories":[5127],"tags":[],"class_list":["post-81327","post","type-post","status-publish","format-standard","has-post-thumbnail","hentry","category-breves"],"yoast_head":"<!-- This site is optimized with the Yoast SEO plugin v27.4 - https:\/\/yoast.com\/product\/yoast-seo-wordpress\/ -->\n<title>NRF Europe : le futur nom de Paris Retail Week<\/title>\n<meta name=\"description\" content=\"Paris Retail Week sera bient\u00f4t rebaptis\u00e9e NRF Europe. Matthew Shay, pr\u00e9sident-directeur g\u00e9n\u00e9ral de la NRF et Laurent Noel, directeur g\u00e9n\u00e9ral de division\" \/>\n<meta name=\"robots\" content=\"index, follow, max-snippet:-1, max-image-preview:large, max-video-preview:-1\" \/>\n<link rel=\"canonical\" href=\"https:\/\/visionarymarketing.com\/fr\/2024\/09\/20\/nrf-europe-le-futur-nom-de-paris-retail-week\/\" \/>\n<meta property=\"og:locale\" content=\"fr_FR\" \/>\n<meta property=\"og:type\" content=\"article\" \/>\n<meta property=\"og:title\" content=\"NRF Europe : le futur nom de Paris Retail Week\" \/>\n<meta property=\"og:description\" content=\"Paris Retail Week sera bient\u00f4t rebaptis\u00e9e NRF Europe. Matthew Shay, pr\u00e9sident-directeur g\u00e9n\u00e9ral de la NRF et Laurent Noel, directeur g\u00e9n\u00e9ral de division\" \/>\n<meta property=\"og:url\" content=\"https:\/\/visionarymarketing.com\/fr\/2024\/09\/20\/nrf-europe-le-futur-nom-de-paris-retail-week\/\" \/>\n<meta property=\"og:site_name\" content=\"Marketing and Innovation\" \/>\n<meta property=\"article:publisher\" content=\"https:\/\/www.facebook.com\/vismktg\" \/>\n<meta property=\"article:author\" content=\"http:\/\/facebook.com\/ygourven\" \/>\n<meta property=\"article:published_time\" content=\"2024-09-20T18:13:06+00:00\" \/>\n<meta property=\"article:modified_time\" content=\"2024-09-20T18:19:09+00:00\" \/>\n<meta property=\"og:image\" content=\"https:\/\/visionarymarketing.com\/wp-content\/uploads\/2024\/09\/prw-yag-1-paris-retail-week-logo-1.jpg\" \/>\n\t<meta property=\"og:image:width\" content=\"1029\" \/>\n\t<meta property=\"og:image:height\" content=\"686\" \/>\n\t<meta property=\"og:image:type\" content=\"image\/jpeg\" \/>\n<meta name=\"author\" content=\"Yann Gourvennec\" \/>\n<meta name=\"twitter:card\" content=\"summary_large_image\" \/>\n<meta name=\"twitter:creator\" content=\"@ygourven\" \/>\n<meta name=\"twitter:site\" content=\"@ygourven\" \/>\n<meta name=\"twitter:label1\" content=\"\u00c9crit par\" \/>\n\t<meta name=\"twitter:data1\" content=\"Yann Gourvennec\" \/>\n\t<meta name=\"twitter:label2\" content=\"Dur\u00e9e de lecture estim\u00e9e\" \/>\n\t<meta name=\"twitter:data2\" content=\"2 minutes\" \/>\n<script type=\"application\/ld+json\" class=\"yoast-schema-graph\">{\"@context\":\"https:\\\/\\\/schema.org\",\"@graph\":[{\"@type\":\"NewsArticle\",\"@id\":\"https:\\\/\\\/visionarymarketing.com\\\/fr\\\/2024\\\/09\\\/20\\\/nrf-europe-le-futur-nom-de-paris-retail-week\\\/#article\",\"isPartOf\":{\"@id\":\"https:\\\/\\\/visionarymarketing.com\\\/fr\\\/2024\\\/09\\\/20\\\/nrf-europe-le-futur-nom-de-paris-retail-week\\\/\"},\"author\":{\"name\":\"Yann Gourvennec\",\"@id\":\"https:\\\/\\\/visionarymarketing.com\\\/fr\\\/#\\\/schema\\\/person\\\/3754fee1e558f47b8deb46f53c37423e\"},\"headline\":\"NRF Europe : le futur nom de Paris Retail Week\",\"datePublished\":\"2024-09-20T18:13:06+00:00\",\"dateModified\":\"2024-09-20T18:19:09+00:00\",\"mainEntityOfPage\":{\"@id\":\"https:\\\/\\\/visionarymarketing.com\\\/fr\\\/2024\\\/09\\\/20\\\/nrf-europe-le-futur-nom-de-paris-retail-week\\\/\"},\"wordCount\":279,\"image\":{\"@id\":\"https:\\\/\\\/visionarymarketing.com\\\/fr\\\/2024\\\/09\\\/20\\\/nrf-europe-le-futur-nom-de-paris-retail-week\\\/#primaryimage\"},\"thumbnailUrl\":\"https:\\\/\\\/visionarymarketing.com\\\/wp-content\\\/uploads\\\/2024\\\/09\\\/prw-yag-1-paris-retail-week-logo-1.jpg\",\"articleSection\":[\"Br\u00e8ves\"],\"inLanguage\":\"fr-FR\"},{\"@type\":\"WebPage\",\"@id\":\"https:\\\/\\\/visionarymarketing.com\\\/fr\\\/2024\\\/09\\\/20\\\/nrf-europe-le-futur-nom-de-paris-retail-week\\\/\",\"url\":\"https:\\\/\\\/visionarymarketing.com\\\/fr\\\/2024\\\/09\\\/20\\\/nrf-europe-le-futur-nom-de-paris-retail-week\\\/\",\"name\":\"NRF Europe : le futur nom de Paris Retail Week\",\"isPartOf\":{\"@id\":\"https:\\\/\\\/visionarymarketing.com\\\/fr\\\/#website\"},\"primaryImageOfPage\":{\"@id\":\"https:\\\/\\\/visionarymarketing.com\\\/fr\\\/2024\\\/09\\\/20\\\/nrf-europe-le-futur-nom-de-paris-retail-week\\\/#primaryimage\"},\"image\":{\"@id\":\"https:\\\/\\\/visionarymarketing.com\\\/fr\\\/2024\\\/09\\\/20\\\/nrf-europe-le-futur-nom-de-paris-retail-week\\\/#primaryimage\"},\"thumbnailUrl\":\"https:\\\/\\\/visionarymarketing.com\\\/wp-content\\\/uploads\\\/2024\\\/09\\\/prw-yag-1-paris-retail-week-logo-1.jpg\",\"datePublished\":\"2024-09-20T18:13:06+00:00\",\"dateModified\":\"2024-09-20T18:19:09+00:00\",\"author\":{\"@id\":\"https:\\\/\\\/visionarymarketing.com\\\/fr\\\/#\\\/schema\\\/person\\\/3754fee1e558f47b8deb46f53c37423e\"},\"description\":\"Paris Retail Week sera bient\u00f4t rebaptis\u00e9e NRF Europe. Matthew Shay, pr\u00e9sident-directeur g\u00e9n\u00e9ral de la NRF et Laurent Noel, directeur g\u00e9n\u00e9ral de division\",\"breadcrumb\":{\"@id\":\"https:\\\/\\\/visionarymarketing.com\\\/fr\\\/2024\\\/09\\\/20\\\/nrf-europe-le-futur-nom-de-paris-retail-week\\\/#breadcrumb\"},\"inLanguage\":\"fr-FR\",\"potentialAction\":[{\"@type\":\"ReadAction\",\"target\":[\"https:\\\/\\\/visionarymarketing.com\\\/fr\\\/2024\\\/09\\\/20\\\/nrf-europe-le-futur-nom-de-paris-retail-week\\\/\"]}]},{\"@type\":\"ImageObject\",\"inLanguage\":\"fr-FR\",\"@id\":\"https:\\\/\\\/visionarymarketing.com\\\/fr\\\/2024\\\/09\\\/20\\\/nrf-europe-le-futur-nom-de-paris-retail-week\\\/#primaryimage\",\"url\":\"https:\\\/\\\/visionarymarketing.com\\\/wp-content\\\/uploads\\\/2024\\\/09\\\/prw-yag-1-paris-retail-week-logo-1.jpg\",\"contentUrl\":\"https:\\\/\\\/visionarymarketing.com\\\/wp-content\\\/uploads\\\/2024\\\/09\\\/prw-yag-1-paris-retail-week-logo-1.jpg\",\"width\":1029,\"height\":686},{\"@type\":\"BreadcrumbList\",\"@id\":\"https:\\\/\\\/visionarymarketing.com\\\/fr\\\/2024\\\/09\\\/20\\\/nrf-europe-le-futur-nom-de-paris-retail-week\\\/#breadcrumb\",\"itemListElement\":[{\"@type\":\"ListItem\",\"position\":1,\"name\":\"Home\",\"item\":\"https:\\\/\\\/visionarymarketing.com\\\/fr\\\/\"},{\"@type\":\"ListItem\",\"position\":2,\"name\":\"NRF Europe : le futur nom de Paris Retail Week\"}]},{\"@type\":\"WebSite\",\"@id\":\"https:\\\/\\\/visionarymarketing.com\\\/fr\\\/#website\",\"url\":\"https:\\\/\\\/visionarymarketing.com\\\/fr\\\/\",\"name\":\"Marketing and Innovation\",\"description\":\"Site d&#039;infos ind\u00e9pendant, depuis 1996\",\"potentialAction\":[{\"@type\":\"SearchAction\",\"target\":{\"@type\":\"EntryPoint\",\"urlTemplate\":\"https:\\\/\\\/visionarymarketing.com\\\/fr\\\/?s={search_term_string}\"},\"query-input\":{\"@type\":\"PropertyValueSpecification\",\"valueRequired\":true,\"valueName\":\"search_term_string\"}}],\"inLanguage\":\"fr-FR\"},{\"@type\":\"Person\",\"@id\":\"https:\\\/\\\/visionarymarketing.com\\\/fr\\\/#\\\/schema\\\/person\\\/3754fee1e558f47b8deb46f53c37423e\",\"name\":\"Yann Gourvennec\",\"image\":{\"@type\":\"ImageObject\",\"inLanguage\":\"fr-FR\",\"@id\":\"https:\\\/\\\/secure.gravatar.com\\\/avatar\\\/5972001801e8de5692a3e31224e85769f50a55fb8b679749f9c8d1868cceff14?s=96&d=initials&r=g&initials=yg\",\"url\":\"https:\\\/\\\/secure.gravatar.com\\\/avatar\\\/5972001801e8de5692a3e31224e85769f50a55fb8b679749f9c8d1868cceff14?s=96&d=initials&r=g&initials=yg\",\"contentUrl\":\"https:\\\/\\\/secure.gravatar.com\\\/avatar\\\/5972001801e8de5692a3e31224e85769f50a55fb8b679749f9c8d1868cceff14?s=96&d=initials&r=g&initials=yg\",\"caption\":\"Yann Gourvennec\"},\"description\":\"Yann Gourvennec created visionarymarketing.com in 1996. He is a speaker and author of many books. In 2014 he went from intrapreneur to entrepreneur, when he created his digital marketing agency. Yann Gourvennec a cr\u00e9\u00e9 visionarymarketing.com en 1996. Il est conf\u00e9rencier et auteur de plusieurs livres. En 2014, il est pass\u00e9 d'intrapreneur \u00e0 entrepreneur en cr\u00e9ant son agence de marketing num\u00e9rique.\",\"sameAs\":[\"https:\\\/\\\/visionarymarketing.com\",\"http:\\\/\\\/facebook.com\\\/ygourven\",\"http:\\\/\\\/linkedin.com\\\/in\\\/ygourven\",\"https:\\\/\\\/x.com\\\/ygourven\",\"https:\\\/\\\/www.youtube.com\\\/c\\\/visionarymarketingagency\"],\"url\":\"https:\\\/\\\/visionarymarketing.com\\\/fr\\\/author\\\/yann-gourvennec\\\/\"}]}<\/script>\n<!-- \/ Yoast SEO plugin. -->","yoast_head_json":{"title":"NRF Europe : le futur nom de Paris Retail Week","description":"Paris Retail Week sera bient\u00f4t rebaptis\u00e9e NRF Europe. Matthew Shay, pr\u00e9sident-directeur g\u00e9n\u00e9ral de la NRF et Laurent Noel, directeur g\u00e9n\u00e9ral de division","robots":{"index":"index","follow":"follow","max-snippet":"max-snippet:-1","max-image-preview":"max-image-preview:large","max-video-preview":"max-video-preview:-1"},"canonical":"https:\/\/visionarymarketing.com\/fr\/2024\/09\/20\/nrf-europe-le-futur-nom-de-paris-retail-week\/","og_locale":"fr_FR","og_type":"article","og_title":"NRF Europe : le futur nom de Paris Retail Week","og_description":"Paris Retail Week sera bient\u00f4t rebaptis\u00e9e NRF Europe. Matthew Shay, pr\u00e9sident-directeur g\u00e9n\u00e9ral de la NRF et Laurent Noel, directeur g\u00e9n\u00e9ral de division","og_url":"https:\/\/visionarymarketing.com\/fr\/2024\/09\/20\/nrf-europe-le-futur-nom-de-paris-retail-week\/","og_site_name":"Marketing and Innovation","article_publisher":"https:\/\/www.facebook.com\/vismktg","article_author":"http:\/\/facebook.com\/ygourven","article_published_time":"2024-09-20T18:13:06+00:00","article_modified_time":"2024-09-20T18:19:09+00:00","og_image":[{"width":1029,"height":686,"url":"https:\/\/visionarymarketing.com\/wp-content\/uploads\/2024\/09\/prw-yag-1-paris-retail-week-logo-1.jpg","type":"image\/jpeg"}],"author":"Yann Gourvennec","twitter_card":"summary_large_image","twitter_creator":"@ygourven","twitter_site":"@ygourven","twitter_misc":{"\u00c9crit par":"Yann Gourvennec","Dur\u00e9e de lecture estim\u00e9e":"2 minutes"},"schema":{"@context":"https:\/\/schema.org","@graph":[{"@type":"NewsArticle","@id":"https:\/\/visionarymarketing.com\/fr\/2024\/09\/20\/nrf-europe-le-futur-nom-de-paris-retail-week\/#article","isPartOf":{"@id":"https:\/\/visionarymarketing.com\/fr\/2024\/09\/20\/nrf-europe-le-futur-nom-de-paris-retail-week\/"},"author":{"name":"Yann Gourvennec","@id":"https:\/\/visionarymarketing.com\/fr\/#\/schema\/person\/3754fee1e558f47b8deb46f53c37423e"},"headline":"NRF Europe : le futur nom de Paris Retail Week","datePublished":"2024-09-20T18:13:06+00:00","dateModified":"2024-09-20T18:19:09+00:00","mainEntityOfPage":{"@id":"https:\/\/visionarymarketing.com\/fr\/2024\/09\/20\/nrf-europe-le-futur-nom-de-paris-retail-week\/"},"wordCount":279,"image":{"@id":"https:\/\/visionarymarketing.com\/fr\/2024\/09\/20\/nrf-europe-le-futur-nom-de-paris-retail-week\/#primaryimage"},"thumbnailUrl":"https:\/\/visionarymarketing.com\/wp-content\/uploads\/2024\/09\/prw-yag-1-paris-retail-week-logo-1.jpg","articleSection":["Br\u00e8ves"],"inLanguage":"fr-FR"},{"@type":"WebPage","@id":"https:\/\/visionarymarketing.com\/fr\/2024\/09\/20\/nrf-europe-le-futur-nom-de-paris-retail-week\/","url":"https:\/\/visionarymarketing.com\/fr\/2024\/09\/20\/nrf-europe-le-futur-nom-de-paris-retail-week\/","name":"NRF Europe : le futur nom de Paris Retail Week","isPartOf":{"@id":"https:\/\/visionarymarketing.com\/fr\/#website"},"primaryImageOfPage":{"@id":"https:\/\/visionarymarketing.com\/fr\/2024\/09\/20\/nrf-europe-le-futur-nom-de-paris-retail-week\/#primaryimage"},"image":{"@id":"https:\/\/visionarymarketing.com\/fr\/2024\/09\/20\/nrf-europe-le-futur-nom-de-paris-retail-week\/#primaryimage"},"thumbnailUrl":"https:\/\/visionarymarketing.com\/wp-content\/uploads\/2024\/09\/prw-yag-1-paris-retail-week-logo-1.jpg","datePublished":"2024-09-20T18:13:06+00:00","dateModified":"2024-09-20T18:19:09+00:00","author":{"@id":"https:\/\/visionarymarketing.com\/fr\/#\/schema\/person\/3754fee1e558f47b8deb46f53c37423e"},"description":"Paris Retail Week sera bient\u00f4t rebaptis\u00e9e NRF Europe. Matthew Shay, pr\u00e9sident-directeur g\u00e9n\u00e9ral de la NRF et Laurent Noel, directeur g\u00e9n\u00e9ral de division","breadcrumb":{"@id":"https:\/\/visionarymarketing.com\/fr\/2024\/09\/20\/nrf-europe-le-futur-nom-de-paris-retail-week\/#breadcrumb"},"inLanguage":"fr-FR","potentialAction":[{"@type":"ReadAction","target":["https:\/\/visionarymarketing.com\/fr\/2024\/09\/20\/nrf-europe-le-futur-nom-de-paris-retail-week\/"]}]},{"@type":"ImageObject","inLanguage":"fr-FR","@id":"https:\/\/visionarymarketing.com\/fr\/2024\/09\/20\/nrf-europe-le-futur-nom-de-paris-retail-week\/#primaryimage","url":"https:\/\/visionarymarketing.com\/wp-content\/uploads\/2024\/09\/prw-yag-1-paris-retail-week-logo-1.jpg","contentUrl":"https:\/\/visionarymarketing.com\/wp-content\/uploads\/2024\/09\/prw-yag-1-paris-retail-week-logo-1.jpg","width":1029,"height":686},{"@type":"BreadcrumbList","@id":"https:\/\/visionarymarketing.com\/fr\/2024\/09\/20\/nrf-europe-le-futur-nom-de-paris-retail-week\/#breadcrumb","itemListElement":[{"@type":"ListItem","position":1,"name":"Home","item":"https:\/\/visionarymarketing.com\/fr\/"},{"@type":"ListItem","position":2,"name":"NRF Europe : le futur nom de Paris Retail Week"}]},{"@type":"WebSite","@id":"https:\/\/visionarymarketing.com\/fr\/#website","url":"https:\/\/visionarymarketing.com\/fr\/","name":"Marketing and Innovation","description":"Site d&#039;infos ind\u00e9pendant, depuis 1996","potentialAction":[{"@type":"SearchAction","target":{"@type":"EntryPoint","urlTemplate":"https:\/\/visionarymarketing.com\/fr\/?s={search_term_string}"},"query-input":{"@type":"PropertyValueSpecification","valueRequired":true,"valueName":"search_term_string"}}],"inLanguage":"fr-FR"},{"@type":"Person","@id":"https:\/\/visionarymarketing.com\/fr\/#\/schema\/person\/3754fee1e558f47b8deb46f53c37423e","name":"Yann Gourvennec","image":{"@type":"ImageObject","inLanguage":"fr-FR","@id":"https:\/\/secure.gravatar.com\/avatar\/5972001801e8de5692a3e31224e85769f50a55fb8b679749f9c8d1868cceff14?s=96&d=initials&r=g&initials=yg","url":"https:\/\/secure.gravatar.com\/avatar\/5972001801e8de5692a3e31224e85769f50a55fb8b679749f9c8d1868cceff14?s=96&d=initials&r=g&initials=yg","contentUrl":"https:\/\/secure.gravatar.com\/avatar\/5972001801e8de5692a3e31224e85769f50a55fb8b679749f9c8d1868cceff14?s=96&d=initials&r=g&initials=yg","caption":"Yann Gourvennec"},"description":"Yann Gourvennec created visionarymarketing.com in 1996. He is a speaker and author of many books. In 2014 he went from intrapreneur to entrepreneur, when he created his digital marketing agency. Yann Gourvennec a cr\u00e9\u00e9 visionarymarketing.com en 1996. Il est conf\u00e9rencier et auteur de plusieurs livres. En 2014, il est pass\u00e9 d'intrapreneur \u00e0 entrepreneur en cr\u00e9ant son agence de marketing num\u00e9rique.","sameAs":["https:\/\/visionarymarketing.com","http:\/\/facebook.com\/ygourven","http:\/\/linkedin.com\/in\/ygourven","https:\/\/x.com\/ygourven","https:\/\/www.youtube.com\/c\/visionarymarketingagency"],"url":"https:\/\/visionarymarketing.com\/fr\/author\/yann-gourvennec\/"}]}},"_links":{"self":[{"href":"https:\/\/visionarymarketing.com\/fr\/wp-json\/wp\/v2\/posts\/81327","targetHints":{"allow":["GET"]}}],"collection":[{"href":"https:\/\/visionarymarketing.com\/fr\/wp-json\/wp\/v2\/posts"}],"about":[{"href":"https:\/\/visionarymarketing.com\/fr\/wp-json\/wp\/v2\/types\/post"}],"author":[{"embeddable":true,"href":"https:\/\/visionarymarketing.com\/fr\/wp-json\/wp\/v2\/users\/2"}],"replies":[{"embeddable":true,"href":"https:\/\/visionarymarketing.com\/fr\/wp-json\/wp\/v2\/comments?post=81327"}],"version-history":[{"count":0,"href":"https:\/\/visionarymarketing.com\/fr\/wp-json\/wp\/v2\/posts\/81327\/revisions"}],"wp:featuredmedia":[{"embeddable":true,"href":"https:\/\/visionarymarketing.com\/fr\/wp-json\/wp\/v2\/media\/81330"}],"wp:attachment":[{"href":"https:\/\/visionarymarketing.com\/fr\/wp-json\/wp\/v2\/media?parent=81327"}],"wp:term":[{"taxonomy":"category","embeddable":true,"href":"https:\/\/visionarymarketing.com\/fr\/wp-json\/wp\/v2\/categories?post=81327"},{"taxonomy":"post_tag","embeddable":true,"href":"https:\/\/visionarymarketing.com\/fr\/wp-json\/wp\/v2\/tags?post=81327"}],"curies":[{"name":"wp","href":"https:\/\/api.w.org\/{rel}","templated":true}]}}