{"id":81262,"date":"2024-09-09T10:05:21","date_gmt":"2024-09-09T08:05:21","guid":{"rendered":"https:\/\/visionarymarketing.com\/?p=81262"},"modified":"2024-09-09T11:08:54","modified_gmt":"2024-09-09T09:08:54","slug":"la-photo-le-salon-2024-lia-la-loi-et-les-influenceurs","status":"publish","type":"post","link":"https:\/\/visionarymarketing.com\/fr\/2024\/09\/09\/la-photo-le-salon-2024-lia-la-loi-et-les-influenceurs\/","title":{"rendered":"La photo, le salon 2024, l&rsquo;IA et les influenceurs"},"content":{"rendered":"<div class=\"mceTemp\"><\/div>\n<p><em>Le monde de la photo est en \u00e9bullition et pas seulement parce que le salon de la photo 2024 se profile \u00e0 l&rsquo;horizon. \u00c0 ce sujet, antimuseum.com, notre site de photographie a publi\u00e9 un article circonstanci\u00e9 sur une session de photos portraits qui s&rsquo;est d\u00e9roul\u00e9e l&rsquo;ann\u00e9e derni\u00e8re pendant ce salon, en pr\u00e9ambule du nouveau. Tant qu&rsquo;on y \u00e9tait, nous avons aussi ajout\u00e9 \u00e0 ce billet une analyse du livre de Dominique Agius sur la lumi\u00e8re dans la photographie de portraits. Mais si la photo est en \u00e9bullition, c&rsquo;est surtout encore et toujours \u00e0 cause de l&rsquo;IA. Zoom sur quelques vid\u00e9os d&rsquo;influenceurs qui nous ont int\u00e9ress\u00e9s.<\/em><\/p>\n<h2>La photo, le salon 2024, l&rsquo;IA et les influenceurs<\/h2>\n<p><img decoding=\"async\" class=\"aligncenter wp-image-81273 size-full\" style=\"font-weight: bold; color: #767676;\" src=\"https:\/\/visionarymarketing.com\/wp-content\/uploads\/2024\/09\/23-10-salon-photo-2087-1.jpg\" alt=\"Le salon de la photo 2024\" width=\"1778\" height=\"1000\" srcset=\"https:\/\/visionarymarketing.com\/wp-content\/uploads\/2024\/09\/23-10-salon-photo-2087-1.jpg 1778w, https:\/\/visionarymarketing.com\/wp-content\/uploads\/2024\/09\/23-10-salon-photo-2087-1-500x281.jpg 500w, https:\/\/visionarymarketing.com\/wp-content\/uploads\/2024\/09\/23-10-salon-photo-2087-1-1024x576.jpg 1024w, https:\/\/visionarymarketing.com\/wp-content\/uploads\/2024\/09\/23-10-salon-photo-2087-1-768x432.jpg 768w, https:\/\/visionarymarketing.com\/wp-content\/uploads\/2024\/09\/23-10-salon-photo-2087-1-1536x864.jpg 1536w, https:\/\/visionarymarketing.com\/wp-content\/uploads\/2024\/09\/23-10-salon-photo-2087-1-390x220.jpg 390w\" sizes=\"(max-width: 1778px) 100vw, 1778px\" \/><\/p>\n<p>Le salon de la photo 2024 : sans avoir besoin de se contorsionner, il faut y aller ! Comme lundi les organisateurs de l&rsquo;\u00e9v\u00e9nement, Comexposium, \u00ab <strong>L\u2019image est reine<\/strong> et la pratique de la <strong>photographie <\/strong>et de la <strong>vid\u00e9o<\/strong> en France n\u2019a jamais \u00e9t\u00e9 aussi dynamique \u00bb. C&rsquo;est sans doute le paradoxe de la photographie, elle est \u00e0 la fois tr\u00e8s populaire et m\u00eame de plus en plus populaire de plus en plus utilis\u00e9, son emploi pour les marques et l&rsquo;image de marque et de plus en plus important et en m\u00eame temps, on verra un peu plus loin des d\u00e9fis se profilent pour les professionnels.<\/p>\n<p>Sans doute est-ce d&rsquo;ailleurs un ph\u00e9nom\u00e8ne qui ne date pas d&rsquo;hier, mais qui s&rsquo;est largement intensifi\u00e9 avec l&rsquo;apport de l&rsquo;intelligence artificielle dans les outils de production num\u00e9rique, il existe une tendance \u00e0 professionaliser les amateurs et \u00e0 d\u00e9fier les professionnels dans ce domaine.<\/p>\n<h3>Le salon de la photo 2024 : pour <em>tous<\/em> les photographes<\/h3>\n<p>Le salon de la photographie quant \u00e0 lui s&rsquo;adresse \u00e0 tous les photographes. Comme l&rsquo;indique le visuel ci-dessous.<\/p>\n<figure id=\"attachment_81266\" aria-describedby=\"caption-attachment-81266\" style=\"width: 1182px\" class=\"wp-caption aligncenter\"><img decoding=\"async\" class=\"wp-image-81266 size-full\" src=\"https:\/\/visionarymarketing.com\/wp-content\/uploads\/2024\/09\/salon-de-la-photos-1-1.jpg\" alt=\"Salon de la photo 2024 : un salon pour tous les photographes\" width=\"1182\" height=\"347\" srcset=\"https:\/\/visionarymarketing.com\/wp-content\/uploads\/2024\/09\/salon-de-la-photos-1-1.jpg 1182w, https:\/\/visionarymarketing.com\/wp-content\/uploads\/2024\/09\/salon-de-la-photos-1-1-500x147.jpg 500w, https:\/\/visionarymarketing.com\/wp-content\/uploads\/2024\/09\/salon-de-la-photos-1-1-1024x301.jpg 1024w, https:\/\/visionarymarketing.com\/wp-content\/uploads\/2024\/09\/salon-de-la-photos-1-1-768x225.jpg 768w\" sizes=\"(max-width: 1182px) 100vw, 1182px\" \/><figcaption id=\"caption-attachment-81266\" class=\"wp-caption-text\">Salon de la photo 2024 : un salon pour tous les photographes<\/figcaption><\/figure>\n<p>Tout le monde y trouvera son compte, y compris les \u00ab <a href=\"https:\/\/visionarymarketing.com\/fr\/2021\/01\/14\/createurs-de-contenus\/\"><strong>cr\u00e9ateurs de contenus<\/strong><\/a> \u00bb qui ont besoin de la photographie pour illustrer leurs blogs, leurs sites Web et leurs livrables client.<\/p>\n<p>Cette ann\u00e9e, le salon se tiendra du <strong>10 au 13\u00a0octobre 2024 de 10\u00a0h \u00e0 19\u00a0h <\/strong>\u00e0 la grande halle de La Villette \u00e0 Paris.<\/p>\n<p>Voici quelques temps forts issus du programme du salon :<\/p>\n<ol>\n<li><strong>Ateliers et Formations :<\/strong> ateliers et masterclasses, photographie de rue, portrait, l&rsquo;architecture et noir et blanc. Sessions pour tous les niveaux, de d\u00e9butant \u00e0 expert, et men\u00e9es par des professionnels de renom.<\/li>\n<li><strong>Animations et Expositions :<\/strong> notamment \u00ab\u00a0<strong>La Grande Expo<\/strong>,\u00a0\u00bb qui pr\u00e9sente une collection photographique de la Fnac en collaboration avec le mus\u00e9e Nic\u00e9phore Ni\u00e9pce. Il y a aussi les \u00ab\u00a0Photo Spots,\u00a0\u00bb des espaces pratiques pour exp\u00e9rimenter diff\u00e9rentes techniques photographiques.<\/li>\n<li><strong>Conf\u00e9rences et Rencontres :<\/strong> Des conf\u00e9rences et des rencontres avec des photographes c\u00e9l\u00e8bres et des experts de l&rsquo;industrie sont organis\u00e9es sur la Sc\u00e8ne Live. Les \u00ab\u00a0Grandes Rencontres\u00a0\u00bb permettent aux participants de d\u00e9couvrir le processus cr\u00e9atif de photographes renomm\u00e9s et de dialoguer avec eux.<\/li>\n<li><strong>Le Forum des Pros :<\/strong> Un espace d\u00e9di\u00e9 aux professionnels avec des conf\u00e9rences et ateliers ax\u00e9s sur le d\u00e9veloppement de leur activit\u00e9, les derni\u00e8res innovations en mati\u00e8re de mat\u00e9riel et des solutions adapt\u00e9es aux besoins des photographes professionnels.<\/li>\n<li><strong>Concours et Prix :<\/strong> \u00ab\u00a0Les Zooms\u00a0\u00bb est un concours qui r\u00e9compense les meilleurs photographes avec deux prix : un d\u00e9cern\u00e9 par le public et l&rsquo;autre par un jury de la presse.<\/li>\n<\/ol>\n<p>Programme complet sur le <a href=\"https:\/\/www.lesalondelaphoto.com\/fr-FR\/animations-ateliers\/programme-salon\" target=\"_new\" rel=\"noopener\">site officiel du Salon de la Photo<\/a>\u200b<\/p>\n<p><a href=\"https:\/\/www.lesalondelaphoto.com\/fr-FR\/infos-pratiques\/billetterie?o=ADLG-ORGANIQUE_SITEWEB-WEB&amp;utm_source=website&amp;utm_medium=organic&amp;utm_campaign=salondelaphoto-2024-conversion-billetterieorganique-fr&amp;utm_content=cxpm&amp;utm_term=visiteur\" target=\"_blank\" rel=\"noopener\"><img decoding=\"async\" class=\"aligncenter wp-image-81255 size-full\" src=\"https:\/\/visionarymarketing.com\/wp-content\/uploads\/2024\/09\/retailigence-inscription.jpg\" alt=\"Salon de la photo 2024\" width=\"450\" height=\"75\" \/><\/a><\/p>\n<p style=\"font-weight: 400;\">Pour mieux vous rendre compte de la valeur de cet \u00e9v\u00e9nement, nous avons r\u00e9dig\u00e9 <a href=\"https:\/\/antimuseum.com\/2024\/09\/06\/portrait-de-studio\/\" target=\"_blank\" rel=\"noopener\">un article complet sur antimuseum.com<\/a> d\u00e9crivant une s\u00e9ance de photo portrait avec flash <a href=\"https:\/\/antimuseum.com\/2024\/09\/06\/portrait-de-studio\/\" target=\"_blank\" rel=\"noopener\">r\u00e9alis\u00e9e par Little Shao lors de l&rsquo;\u00e9dition pr\u00e9c\u00e9dente<\/a>. Cette session proprement extraordinaire a \u00e9t\u00e9 r\u00e9alis\u00e9e devant une foule compacte, ce qui montre l&rsquo;engouement du public pour la photographie, y compris pour des choses tr\u00e8s techniques comme la photographie de portrait.<\/p>\n<figure id=\"attachment_81272\" aria-describedby=\"caption-attachment-81272\" style=\"width: 1778px\" class=\"wp-caption aligncenter\"><img decoding=\"async\" class=\"wp-image-81272 size-full\" src=\"https:\/\/visionarymarketing.com\/wp-content\/uploads\/2024\/09\/23-10-salon-photo-2068.webp\" alt=\"le salon de la photo 2024\" width=\"1778\" height=\"1000\" srcset=\"https:\/\/visionarymarketing.com\/wp-content\/uploads\/2024\/09\/23-10-salon-photo-2068.webp 1778w, https:\/\/visionarymarketing.com\/wp-content\/uploads\/2024\/09\/23-10-salon-photo-2068-500x281.webp 500w, https:\/\/visionarymarketing.com\/wp-content\/uploads\/2024\/09\/23-10-salon-photo-2068-1024x576.webp 1024w, https:\/\/visionarymarketing.com\/wp-content\/uploads\/2024\/09\/23-10-salon-photo-2068-768x432.webp 768w, https:\/\/visionarymarketing.com\/wp-content\/uploads\/2024\/09\/23-10-salon-photo-2068-1536x864.webp 1536w, https:\/\/visionarymarketing.com\/wp-content\/uploads\/2024\/09\/23-10-salon-photo-2068-390x220.webp 390w\" sizes=\"(max-width: 1778px) 100vw, 1778px\" \/><figcaption id=\"caption-attachment-81272\" class=\"wp-caption-text\">Le salon de la photo en 2023 et l&rsquo;\u00e9dition 2024 promet d&rsquo;\u00eatre tout aussi passionnante<\/figcaption><\/figure>\n<h4>Un livre sur la lumi\u00e8re de studio pour le portrait<\/h4>\n<p style=\"font-weight: 400;\"><img decoding=\"async\" class=\"alignright size-medium wp-image-81271\" src=\"https:\/\/visionarymarketing.com\/wp-content\/uploads\/2024\/09\/2024-09-lumiere-studio-portrait-page-1-213x300.jpg\" alt=\"\" width=\"213\" height=\"300\" \/>En parlant de technique sur ce sujet, nous signalons \u00e9galement la sortie d&rsquo;un livre que nous avons analys\u00e9 dans le m\u00eame billet. \u00c9crit par Dominique Agius et publi\u00e9 chez Eyrolles, il d\u00e9crit en d\u00e9tail toutes les principales techniques de lumi\u00e8re pour le portrait. Il s&rsquo;agit d&rsquo;un ouvrage tr\u00e8s didactique.<\/p>\n<p style=\"font-weight: 400;\">Comme je l&rsquo;ai annonc\u00e9 pr\u00e9c\u00e9demment, certains influenceurs comme Tony et Chelsea Northrup, que j&rsquo;appr\u00e9cie particuli\u00e8rement pour leur professionnalisme et leur p\u00e9dagogie, se sont fait l&rsquo;\u00e9cho de plusieurs soucis relev\u00e9s par bien des photographes ici et l\u00e0.<\/p>\n<h3>Les d\u00e9fis des photographes \u00e0 l&rsquo;\u00e8re de l&rsquo;IA<\/h3>\n<p style=\"font-weight: 400;\">Comme ils sont experts Adobe et qu&rsquo;ils travaillent avec cette marque depuis des ann\u00e9es, et qu&rsquo;ils \u00e9crivent des livres sur tous leurs produits, comme Lightroom avec un nouvel ouvrage qui va sortir incessamment, ils se sont particuli\u00e8rement focalis\u00e9s sur la suite Creative Cloud.<\/p>\n<p style=\"font-weight: 400;\">Bien qu&rsquo;ils soient partenaires de cette marque <em>[transparence: avec laquelle <a href=\"https:\/\/visionarymarketing.com\/fr\/2022\/11\/16\/transformation-digitale-d-adobe\/\">il nous arrive de travailler<\/a> ou de collaborer<\/em>], ils ont \u00e9mis plusieurs critiques qui vont certainement au-del\u00e0 de la marque elle-m\u00eame et qui s&rsquo;adressent \u00e0 l&rsquo;ensemble des \u00e9diteurs de logiciels int\u00e9grant l&rsquo;intelligence artificielle.<\/p>\n<h3>Usages de l&rsquo;IA dans Photoshop<\/h3>\n<p style=\"font-weight: 400;\">Je vous conseille particuli\u00e8rement cette vid\u00e9o de Tony qui explique et d\u00e9montre les usages de l&rsquo;intelligence artificielle et de la g\u00e9n\u00e9ration d&rsquo;images par Firefly \u00e0 l&rsquo;int\u00e9rieur de Photoshop directement. Comme il\u00a0l&rsquo;indique\u00a0dans une autre vid\u00e9o, on\u00a0finit par douter\u00a0m\u00eame des photos qui sont r\u00e9elles et qui finissent par \u00eatre\u00a0point\u00e9es\u00a0du doigt comme \u00e9tant manipul\u00e9es.<\/p>\n<p><iframe title=\"New Photoshop AI REPLACES the Digital Camera?! SERIOUSLY\" width=\"500\" height=\"281\" src=\"https:\/\/www.youtube.com\/embed\/r6N6y7HqrFw?feature=oembed\" frameborder=\"0\" allow=\"accelerometer; autoplay; clipboard-write; encrypted-media; gyroscope; picture-in-picture; web-share\" referrerpolicy=\"strict-origin-when-cross-origin\" allowfullscreen><\/iframe><\/p>\n<p style=\"font-weight: 400;\">C&rsquo;est un sujet de d\u00e9bat. D&rsquo;un c\u00f4t\u00e9, il est banal, car on se souvient de nombreuses photos\u00a0manipul\u00e9es, notamment par des dictateurs, en particulier Staline, qui avait pour habitude de faire dispara\u00eetre ses opposants (dans tous les sens du terme &#8211; <a href=\"https:\/\/www.erepublik.com\/en\/article\/2748763\" target=\"_blank\" rel=\"noopener\">source et explications ici<\/a>).<\/p>\n<figure id=\"attachment_81276\" aria-describedby=\"caption-attachment-81276\" style=\"width: 950px\" class=\"wp-caption aligncenter\"><a href=\"https:\/\/www.erepublik.com\/en\/article\/2748763\"><img decoding=\"async\" class=\"wp-image-81276 size-full\" src=\"https:\/\/visionarymarketing.com\/wp-content\/uploads\/2024\/09\/stalin-photo-manipulation-1.jpg\" alt=\"\" width=\"950\" height=\"1600\" srcset=\"https:\/\/visionarymarketing.com\/wp-content\/uploads\/2024\/09\/stalin-photo-manipulation-1.jpg 950w, https:\/\/visionarymarketing.com\/wp-content\/uploads\/2024\/09\/stalin-photo-manipulation-1-178x300.jpg 178w, https:\/\/visionarymarketing.com\/wp-content\/uploads\/2024\/09\/stalin-photo-manipulation-1-608x1024.jpg 608w, https:\/\/visionarymarketing.com\/wp-content\/uploads\/2024\/09\/stalin-photo-manipulation-1-768x1293.jpg 768w, https:\/\/visionarymarketing.com\/wp-content\/uploads\/2024\/09\/stalin-photo-manipulation-1-912x1536.jpg 912w\" sizes=\"(max-width: 950px) 100vw, 950px\" \/><\/a><figcaption id=\"caption-attachment-81276\" class=\"wp-caption-text\">Staline et ses \u00ab\u00a0amis \u00bb, avant et apr\u00e8s retouche (et goulag)<\/figcaption><\/figure>\n<h3>Une question de masse comme toujours \u00e0 l&rsquo;\u00e8re digitale<\/h3>\n<p style=\"font-weight: 400;\">En m\u00eame temps, cette banalit\u00e9 est renforc\u00e9e dans la mesure o\u00f9 tout le monde peut\u00a0d\u00e9sormais manipuler facilement ses photos. Comme souvent avec le digital, la question est plus une affaire de masse que de probl\u00e8me de fond.<\/p>\n<p style=\"font-weight: 400;\">N\u00e9anmoins, nous ferons remarquer que l&rsquo;immense majorit\u00e9 des producteurs d&rsquo;images g\u00e9n\u00e9r\u00e9es par l&rsquo;intelligence artificielle fournissent des r\u00e9sultats d&rsquo;une confondante banalit\u00e9, <a href=\"https:\/\/visionarymarketing.com\/fr\/2023\/11\/20\/ia-generatives-et-contenu\/\">comme nous l&rsquo;avons d\u00e9j\u00e0 signal\u00e9 dans un autre billet<\/a>.<\/p>\n<h3>\u00c0 quoi servent nos photos ?<\/h3>\n<p style=\"font-weight: 400;\">Autre vid\u00e9o int\u00e9ressante et qui pousse \u00e0 l&rsquo;interrogation. Celle relative au r\u00e9cent toll\u00e9 autour des changements des conditions g\u00e9n\u00e9rales d&rsquo;Adobe. Ceux-ci ont soulev\u00e9 nombre de questions chez les photographes qui se sont inqui\u00e9t\u00e9s de savoir \u00e0 quoi pouvaient \u00eatre utilis\u00e9s leurs photographies et leurs droits\u00a0\u00e0 la propri\u00e9t\u00e9 intellectuelle.<\/p>\n<p><iframe title=\"Adobe updates the Terms of Service, but...\" width=\"500\" height=\"281\" src=\"https:\/\/www.youtube.com\/embed\/tpbbschYKjE?start=378&#038;feature=oembed\" frameborder=\"0\" allow=\"accelerometer; autoplay; clipboard-write; encrypted-media; gyroscope; picture-in-picture; web-share\" referrerpolicy=\"strict-origin-when-cross-origin\" allowfullscreen><\/iframe><\/p>\n<h3>Rapport \u00e0 l&rsquo;image : un bouleversement \u00e0 m\u00e9diter lors du salon de la photo 2024<\/h3>\n<p style=\"font-weight: 400;\">Ces sujets sont assez \u00e9pineux et difficiles \u00e0 d\u00e9m\u00ealer. Notre rapport \u00e0 l&rsquo;image est en train de changer en profondeur; l&rsquo;intelligence artificielle y est certainement pour quelque chose, mais elle n&rsquo;est pas seule. Les r\u00e9seaux sociaux ont depuis longtemps renvers\u00e9 notre rapport \u00e0 l&rsquo;image, et m\u00eame Internet avant cela, en permettant \u00e0 des \u00ab proams \u00bb (<a href=\"https:\/\/visionarymarketing.com\/fr\/2011\/08\/23\/contenu-brand-content\/\">professionnels\/amateurs<\/a>) de se lancer et de casser les codes pourtant bien rod\u00e9s des professionnels et de la corporation.<\/p>\n<p style=\"font-weight: 400;\">Pour toutes ces raisons, nous vous conseillons vivement de vous rendre sur le salon de la photo en 2024 \u00e0 la Grande Halle de La Villette du 10 au 13\u00a0octobre 2024.<\/p>\n","protected":false},"excerpt":{"rendered":"<p>Le monde de la photo est en \u00e9bullition et pas seulement parce que le salon de la photo 2024 se profile \u00e0 l&rsquo;horizon. \u00c0 ce sujet, antimuseum.com, notre site de photographie a publi\u00e9 un article circonstanci\u00e9 sur une session de photos portraits qui s&rsquo;est d\u00e9roul\u00e9e l&rsquo;ann\u00e9e derni\u00e8re pendant ce salon, en pr\u00e9ambule du nouveau. Tant &hellip;<\/p>\n","protected":false},"author":2,"featured_media":81273,"comment_status":"open","ping_status":"open","sticky":false,"template":"","format":"standard","meta":{"footnotes":""},"categories":[5127,2894],"tags":[],"class_list":["post-81262","post","type-post","status-publish","format-standard","has-post-thumbnail","hentry","category-breves","category-ia-big-data"],"yoast_head":"<!-- This site is optimized with the Yoast SEO plugin v27.5 - https:\/\/yoast.com\/product\/yoast-seo-wordpress\/ -->\n<title>salon de la photo 2024, photo, IA et influenceurs<\/title>\n<meta name=\"description\" content=\"La photo est en \u00e9bullition et pas seulement car le salon de la photo 2024 se profile \u00e0 l&#039;horizon. Nous avons publi\u00e9 un article sur ce sujet\" \/>\n<meta name=\"robots\" content=\"index, follow, max-snippet:-1, max-image-preview:large, max-video-preview:-1\" \/>\n<link rel=\"canonical\" href=\"https:\/\/visionarymarketing.com\/fr\/2024\/09\/09\/la-photo-le-salon-2024-lia-la-loi-et-les-influenceurs\/\" \/>\n<meta property=\"og:locale\" content=\"fr_FR\" \/>\n<meta property=\"og:type\" content=\"article\" \/>\n<meta property=\"og:title\" content=\"salon de la photo 2024, photo, IA et influenceurs\" \/>\n<meta property=\"og:description\" content=\"La photo est en \u00e9bullition et pas seulement car le salon de la photo 2024 se profile \u00e0 l&#039;horizon. Nous avons publi\u00e9 un article sur ce sujet\" \/>\n<meta property=\"og:url\" content=\"https:\/\/visionarymarketing.com\/fr\/2024\/09\/09\/la-photo-le-salon-2024-lia-la-loi-et-les-influenceurs\/\" \/>\n<meta property=\"og:site_name\" content=\"Marketing and Innovation\" \/>\n<meta property=\"article:publisher\" content=\"https:\/\/www.facebook.com\/vismktg\" \/>\n<meta property=\"article:author\" content=\"http:\/\/facebook.com\/ygourven\" \/>\n<meta property=\"article:published_time\" content=\"2024-09-09T08:05:21+00:00\" \/>\n<meta property=\"article:modified_time\" content=\"2024-09-09T09:08:54+00:00\" \/>\n<meta property=\"og:image\" content=\"https:\/\/visionarymarketing.com\/wp-content\/uploads\/2024\/09\/23-10-salon-photo-2087-1.jpg\" \/>\n\t<meta property=\"og:image:width\" content=\"1778\" \/>\n\t<meta property=\"og:image:height\" content=\"1000\" \/>\n\t<meta property=\"og:image:type\" content=\"image\/jpeg\" \/>\n<meta name=\"author\" content=\"Yann Gourvennec\" \/>\n<meta name=\"twitter:card\" content=\"summary_large_image\" \/>\n<meta name=\"twitter:creator\" content=\"@ygourven\" \/>\n<meta name=\"twitter:site\" content=\"@ygourven\" \/>\n<meta name=\"twitter:label1\" content=\"\u00c9crit par\" \/>\n\t<meta name=\"twitter:data1\" content=\"Yann Gourvennec\" \/>\n\t<meta name=\"twitter:label2\" content=\"Dur\u00e9e de lecture estim\u00e9e\" \/>\n\t<meta name=\"twitter:data2\" content=\"7 minutes\" \/>\n<script type=\"application\/ld+json\" class=\"yoast-schema-graph\">{\"@context\":\"https:\\\/\\\/schema.org\",\"@graph\":[{\"@type\":\"NewsArticle\",\"@id\":\"https:\\\/\\\/visionarymarketing.com\\\/fr\\\/2024\\\/09\\\/09\\\/la-photo-le-salon-2024-lia-la-loi-et-les-influenceurs\\\/#article\",\"isPartOf\":{\"@id\":\"https:\\\/\\\/visionarymarketing.com\\\/fr\\\/2024\\\/09\\\/09\\\/la-photo-le-salon-2024-lia-la-loi-et-les-influenceurs\\\/\"},\"author\":{\"name\":\"Yann Gourvennec\",\"@id\":\"https:\\\/\\\/visionarymarketing.com\\\/fr\\\/#\\\/schema\\\/person\\\/3754fee1e558f47b8deb46f53c37423e\"},\"headline\":\"La photo, le salon 2024, l&rsquo;IA et les influenceurs\",\"datePublished\":\"2024-09-09T08:05:21+00:00\",\"dateModified\":\"2024-09-09T09:08:54+00:00\",\"mainEntityOfPage\":{\"@id\":\"https:\\\/\\\/visionarymarketing.com\\\/fr\\\/2024\\\/09\\\/09\\\/la-photo-le-salon-2024-lia-la-loi-et-les-influenceurs\\\/\"},\"wordCount\":1374,\"commentCount\":0,\"image\":{\"@id\":\"https:\\\/\\\/visionarymarketing.com\\\/fr\\\/2024\\\/09\\\/09\\\/la-photo-le-salon-2024-lia-la-loi-et-les-influenceurs\\\/#primaryimage\"},\"thumbnailUrl\":\"https:\\\/\\\/visionarymarketing.com\\\/wp-content\\\/uploads\\\/2024\\\/09\\\/23-10-salon-photo-2087-1.jpg\",\"articleSection\":[\"Br\u00e8ves\",\"IA et Big Data\"],\"inLanguage\":\"fr-FR\",\"potentialAction\":[{\"@type\":\"CommentAction\",\"name\":\"Comment\",\"target\":[\"https:\\\/\\\/visionarymarketing.com\\\/fr\\\/2024\\\/09\\\/09\\\/la-photo-le-salon-2024-lia-la-loi-et-les-influenceurs\\\/#respond\"]}]},{\"@type\":\"WebPage\",\"@id\":\"https:\\\/\\\/visionarymarketing.com\\\/fr\\\/2024\\\/09\\\/09\\\/la-photo-le-salon-2024-lia-la-loi-et-les-influenceurs\\\/\",\"url\":\"https:\\\/\\\/visionarymarketing.com\\\/fr\\\/2024\\\/09\\\/09\\\/la-photo-le-salon-2024-lia-la-loi-et-les-influenceurs\\\/\",\"name\":\"salon de la photo 2024, photo, IA et influenceurs\",\"isPartOf\":{\"@id\":\"https:\\\/\\\/visionarymarketing.com\\\/fr\\\/#website\"},\"primaryImageOfPage\":{\"@id\":\"https:\\\/\\\/visionarymarketing.com\\\/fr\\\/2024\\\/09\\\/09\\\/la-photo-le-salon-2024-lia-la-loi-et-les-influenceurs\\\/#primaryimage\"},\"image\":{\"@id\":\"https:\\\/\\\/visionarymarketing.com\\\/fr\\\/2024\\\/09\\\/09\\\/la-photo-le-salon-2024-lia-la-loi-et-les-influenceurs\\\/#primaryimage\"},\"thumbnailUrl\":\"https:\\\/\\\/visionarymarketing.com\\\/wp-content\\\/uploads\\\/2024\\\/09\\\/23-10-salon-photo-2087-1.jpg\",\"datePublished\":\"2024-09-09T08:05:21+00:00\",\"dateModified\":\"2024-09-09T09:08:54+00:00\",\"author\":{\"@id\":\"https:\\\/\\\/visionarymarketing.com\\\/fr\\\/#\\\/schema\\\/person\\\/3754fee1e558f47b8deb46f53c37423e\"},\"description\":\"La photo est en \u00e9bullition et pas seulement car le salon de la photo 2024 se profile \u00e0 l'horizon. Nous avons publi\u00e9 un article sur ce sujet\",\"breadcrumb\":{\"@id\":\"https:\\\/\\\/visionarymarketing.com\\\/fr\\\/2024\\\/09\\\/09\\\/la-photo-le-salon-2024-lia-la-loi-et-les-influenceurs\\\/#breadcrumb\"},\"inLanguage\":\"fr-FR\",\"potentialAction\":[{\"@type\":\"ReadAction\",\"target\":[\"https:\\\/\\\/visionarymarketing.com\\\/fr\\\/2024\\\/09\\\/09\\\/la-photo-le-salon-2024-lia-la-loi-et-les-influenceurs\\\/\"]}]},{\"@type\":\"ImageObject\",\"inLanguage\":\"fr-FR\",\"@id\":\"https:\\\/\\\/visionarymarketing.com\\\/fr\\\/2024\\\/09\\\/09\\\/la-photo-le-salon-2024-lia-la-loi-et-les-influenceurs\\\/#primaryimage\",\"url\":\"https:\\\/\\\/visionarymarketing.com\\\/wp-content\\\/uploads\\\/2024\\\/09\\\/23-10-salon-photo-2087-1.jpg\",\"contentUrl\":\"https:\\\/\\\/visionarymarketing.com\\\/wp-content\\\/uploads\\\/2024\\\/09\\\/23-10-salon-photo-2087-1.jpg\",\"width\":1778,\"height\":1000},{\"@type\":\"BreadcrumbList\",\"@id\":\"https:\\\/\\\/visionarymarketing.com\\\/fr\\\/2024\\\/09\\\/09\\\/la-photo-le-salon-2024-lia-la-loi-et-les-influenceurs\\\/#breadcrumb\",\"itemListElement\":[{\"@type\":\"ListItem\",\"position\":1,\"name\":\"Home\",\"item\":\"https:\\\/\\\/visionarymarketing.com\\\/fr\\\/\"},{\"@type\":\"ListItem\",\"position\":2,\"name\":\"La photo, le salon 2024, l&#8217;IA et les influenceurs\"}]},{\"@type\":\"WebSite\",\"@id\":\"https:\\\/\\\/visionarymarketing.com\\\/fr\\\/#website\",\"url\":\"https:\\\/\\\/visionarymarketing.com\\\/fr\\\/\",\"name\":\"Marketing and Innovation\",\"description\":\"Site d&#039;infos ind\u00e9pendant, depuis 1996\",\"potentialAction\":[{\"@type\":\"SearchAction\",\"target\":{\"@type\":\"EntryPoint\",\"urlTemplate\":\"https:\\\/\\\/visionarymarketing.com\\\/fr\\\/?s={search_term_string}\"},\"query-input\":{\"@type\":\"PropertyValueSpecification\",\"valueRequired\":true,\"valueName\":\"search_term_string\"}}],\"inLanguage\":\"fr-FR\"},{\"@type\":\"Person\",\"@id\":\"https:\\\/\\\/visionarymarketing.com\\\/fr\\\/#\\\/schema\\\/person\\\/3754fee1e558f47b8deb46f53c37423e\",\"name\":\"Yann Gourvennec\",\"image\":{\"@type\":\"ImageObject\",\"inLanguage\":\"fr-FR\",\"@id\":\"https:\\\/\\\/secure.gravatar.com\\\/avatar\\\/5972001801e8de5692a3e31224e85769f50a55fb8b679749f9c8d1868cceff14?s=96&d=initials&r=g&initials=yg\",\"url\":\"https:\\\/\\\/secure.gravatar.com\\\/avatar\\\/5972001801e8de5692a3e31224e85769f50a55fb8b679749f9c8d1868cceff14?s=96&d=initials&r=g&initials=yg\",\"contentUrl\":\"https:\\\/\\\/secure.gravatar.com\\\/avatar\\\/5972001801e8de5692a3e31224e85769f50a55fb8b679749f9c8d1868cceff14?s=96&d=initials&r=g&initials=yg\",\"caption\":\"Yann Gourvennec\"},\"description\":\"Yann Gourvennec created visionarymarketing.com in 1996. He is a speaker and author of many books. In 2014 he went from intrapreneur to entrepreneur, when he created his digital marketing agency. Yann Gourvennec a cr\u00e9\u00e9 visionarymarketing.com en 1996. Il est conf\u00e9rencier et auteur de plusieurs livres. En 2014, il est pass\u00e9 d'intrapreneur \u00e0 entrepreneur en cr\u00e9ant son agence de marketing num\u00e9rique.\",\"sameAs\":[\"https:\\\/\\\/visionarymarketing.com\",\"http:\\\/\\\/facebook.com\\\/ygourven\",\"http:\\\/\\\/linkedin.com\\\/in\\\/ygourven\",\"https:\\\/\\\/x.com\\\/ygourven\",\"https:\\\/\\\/www.youtube.com\\\/c\\\/visionarymarketingagency\"],\"url\":\"https:\\\/\\\/visionarymarketing.com\\\/fr\\\/author\\\/yann-gourvennec\\\/\"}]}<\/script>\n<!-- \/ Yoast SEO plugin. -->","yoast_head_json":{"title":"salon de la photo 2024, photo, IA et influenceurs","description":"La photo est en \u00e9bullition et pas seulement car le salon de la photo 2024 se profile \u00e0 l'horizon. Nous avons publi\u00e9 un article sur ce sujet","robots":{"index":"index","follow":"follow","max-snippet":"max-snippet:-1","max-image-preview":"max-image-preview:large","max-video-preview":"max-video-preview:-1"},"canonical":"https:\/\/visionarymarketing.com\/fr\/2024\/09\/09\/la-photo-le-salon-2024-lia-la-loi-et-les-influenceurs\/","og_locale":"fr_FR","og_type":"article","og_title":"salon de la photo 2024, photo, IA et influenceurs","og_description":"La photo est en \u00e9bullition et pas seulement car le salon de la photo 2024 se profile \u00e0 l'horizon. Nous avons publi\u00e9 un article sur ce sujet","og_url":"https:\/\/visionarymarketing.com\/fr\/2024\/09\/09\/la-photo-le-salon-2024-lia-la-loi-et-les-influenceurs\/","og_site_name":"Marketing and Innovation","article_publisher":"https:\/\/www.facebook.com\/vismktg","article_author":"http:\/\/facebook.com\/ygourven","article_published_time":"2024-09-09T08:05:21+00:00","article_modified_time":"2024-09-09T09:08:54+00:00","og_image":[{"width":1778,"height":1000,"url":"https:\/\/visionarymarketing.com\/wp-content\/uploads\/2024\/09\/23-10-salon-photo-2087-1.jpg","type":"image\/jpeg"}],"author":"Yann Gourvennec","twitter_card":"summary_large_image","twitter_creator":"@ygourven","twitter_site":"@ygourven","twitter_misc":{"\u00c9crit par":"Yann Gourvennec","Dur\u00e9e de lecture estim\u00e9e":"7 minutes"},"schema":{"@context":"https:\/\/schema.org","@graph":[{"@type":"NewsArticle","@id":"https:\/\/visionarymarketing.com\/fr\/2024\/09\/09\/la-photo-le-salon-2024-lia-la-loi-et-les-influenceurs\/#article","isPartOf":{"@id":"https:\/\/visionarymarketing.com\/fr\/2024\/09\/09\/la-photo-le-salon-2024-lia-la-loi-et-les-influenceurs\/"},"author":{"name":"Yann Gourvennec","@id":"https:\/\/visionarymarketing.com\/fr\/#\/schema\/person\/3754fee1e558f47b8deb46f53c37423e"},"headline":"La photo, le salon 2024, l&rsquo;IA et les influenceurs","datePublished":"2024-09-09T08:05:21+00:00","dateModified":"2024-09-09T09:08:54+00:00","mainEntityOfPage":{"@id":"https:\/\/visionarymarketing.com\/fr\/2024\/09\/09\/la-photo-le-salon-2024-lia-la-loi-et-les-influenceurs\/"},"wordCount":1374,"commentCount":0,"image":{"@id":"https:\/\/visionarymarketing.com\/fr\/2024\/09\/09\/la-photo-le-salon-2024-lia-la-loi-et-les-influenceurs\/#primaryimage"},"thumbnailUrl":"https:\/\/visionarymarketing.com\/wp-content\/uploads\/2024\/09\/23-10-salon-photo-2087-1.jpg","articleSection":["Br\u00e8ves","IA et Big Data"],"inLanguage":"fr-FR","potentialAction":[{"@type":"CommentAction","name":"Comment","target":["https:\/\/visionarymarketing.com\/fr\/2024\/09\/09\/la-photo-le-salon-2024-lia-la-loi-et-les-influenceurs\/#respond"]}]},{"@type":"WebPage","@id":"https:\/\/visionarymarketing.com\/fr\/2024\/09\/09\/la-photo-le-salon-2024-lia-la-loi-et-les-influenceurs\/","url":"https:\/\/visionarymarketing.com\/fr\/2024\/09\/09\/la-photo-le-salon-2024-lia-la-loi-et-les-influenceurs\/","name":"salon de la photo 2024, photo, IA et influenceurs","isPartOf":{"@id":"https:\/\/visionarymarketing.com\/fr\/#website"},"primaryImageOfPage":{"@id":"https:\/\/visionarymarketing.com\/fr\/2024\/09\/09\/la-photo-le-salon-2024-lia-la-loi-et-les-influenceurs\/#primaryimage"},"image":{"@id":"https:\/\/visionarymarketing.com\/fr\/2024\/09\/09\/la-photo-le-salon-2024-lia-la-loi-et-les-influenceurs\/#primaryimage"},"thumbnailUrl":"https:\/\/visionarymarketing.com\/wp-content\/uploads\/2024\/09\/23-10-salon-photo-2087-1.jpg","datePublished":"2024-09-09T08:05:21+00:00","dateModified":"2024-09-09T09:08:54+00:00","author":{"@id":"https:\/\/visionarymarketing.com\/fr\/#\/schema\/person\/3754fee1e558f47b8deb46f53c37423e"},"description":"La photo est en \u00e9bullition et pas seulement car le salon de la photo 2024 se profile \u00e0 l'horizon. Nous avons publi\u00e9 un article sur ce sujet","breadcrumb":{"@id":"https:\/\/visionarymarketing.com\/fr\/2024\/09\/09\/la-photo-le-salon-2024-lia-la-loi-et-les-influenceurs\/#breadcrumb"},"inLanguage":"fr-FR","potentialAction":[{"@type":"ReadAction","target":["https:\/\/visionarymarketing.com\/fr\/2024\/09\/09\/la-photo-le-salon-2024-lia-la-loi-et-les-influenceurs\/"]}]},{"@type":"ImageObject","inLanguage":"fr-FR","@id":"https:\/\/visionarymarketing.com\/fr\/2024\/09\/09\/la-photo-le-salon-2024-lia-la-loi-et-les-influenceurs\/#primaryimage","url":"https:\/\/visionarymarketing.com\/wp-content\/uploads\/2024\/09\/23-10-salon-photo-2087-1.jpg","contentUrl":"https:\/\/visionarymarketing.com\/wp-content\/uploads\/2024\/09\/23-10-salon-photo-2087-1.jpg","width":1778,"height":1000},{"@type":"BreadcrumbList","@id":"https:\/\/visionarymarketing.com\/fr\/2024\/09\/09\/la-photo-le-salon-2024-lia-la-loi-et-les-influenceurs\/#breadcrumb","itemListElement":[{"@type":"ListItem","position":1,"name":"Home","item":"https:\/\/visionarymarketing.com\/fr\/"},{"@type":"ListItem","position":2,"name":"La photo, le salon 2024, l&#8217;IA et les influenceurs"}]},{"@type":"WebSite","@id":"https:\/\/visionarymarketing.com\/fr\/#website","url":"https:\/\/visionarymarketing.com\/fr\/","name":"Marketing and Innovation","description":"Site d&#039;infos ind\u00e9pendant, depuis 1996","potentialAction":[{"@type":"SearchAction","target":{"@type":"EntryPoint","urlTemplate":"https:\/\/visionarymarketing.com\/fr\/?s={search_term_string}"},"query-input":{"@type":"PropertyValueSpecification","valueRequired":true,"valueName":"search_term_string"}}],"inLanguage":"fr-FR"},{"@type":"Person","@id":"https:\/\/visionarymarketing.com\/fr\/#\/schema\/person\/3754fee1e558f47b8deb46f53c37423e","name":"Yann Gourvennec","image":{"@type":"ImageObject","inLanguage":"fr-FR","@id":"https:\/\/secure.gravatar.com\/avatar\/5972001801e8de5692a3e31224e85769f50a55fb8b679749f9c8d1868cceff14?s=96&d=initials&r=g&initials=yg","url":"https:\/\/secure.gravatar.com\/avatar\/5972001801e8de5692a3e31224e85769f50a55fb8b679749f9c8d1868cceff14?s=96&d=initials&r=g&initials=yg","contentUrl":"https:\/\/secure.gravatar.com\/avatar\/5972001801e8de5692a3e31224e85769f50a55fb8b679749f9c8d1868cceff14?s=96&d=initials&r=g&initials=yg","caption":"Yann Gourvennec"},"description":"Yann Gourvennec created visionarymarketing.com in 1996. He is a speaker and author of many books. In 2014 he went from intrapreneur to entrepreneur, when he created his digital marketing agency. Yann Gourvennec a cr\u00e9\u00e9 visionarymarketing.com en 1996. Il est conf\u00e9rencier et auteur de plusieurs livres. En 2014, il est pass\u00e9 d'intrapreneur \u00e0 entrepreneur en cr\u00e9ant son agence de marketing num\u00e9rique.","sameAs":["https:\/\/visionarymarketing.com","http:\/\/facebook.com\/ygourven","http:\/\/linkedin.com\/in\/ygourven","https:\/\/x.com\/ygourven","https:\/\/www.youtube.com\/c\/visionarymarketingagency"],"url":"https:\/\/visionarymarketing.com\/fr\/author\/yann-gourvennec\/"}]}},"_links":{"self":[{"href":"https:\/\/visionarymarketing.com\/fr\/wp-json\/wp\/v2\/posts\/81262","targetHints":{"allow":["GET"]}}],"collection":[{"href":"https:\/\/visionarymarketing.com\/fr\/wp-json\/wp\/v2\/posts"}],"about":[{"href":"https:\/\/visionarymarketing.com\/fr\/wp-json\/wp\/v2\/types\/post"}],"author":[{"embeddable":true,"href":"https:\/\/visionarymarketing.com\/fr\/wp-json\/wp\/v2\/users\/2"}],"replies":[{"embeddable":true,"href":"https:\/\/visionarymarketing.com\/fr\/wp-json\/wp\/v2\/comments?post=81262"}],"version-history":[{"count":0,"href":"https:\/\/visionarymarketing.com\/fr\/wp-json\/wp\/v2\/posts\/81262\/revisions"}],"wp:featuredmedia":[{"embeddable":true,"href":"https:\/\/visionarymarketing.com\/fr\/wp-json\/wp\/v2\/media\/81273"}],"wp:attachment":[{"href":"https:\/\/visionarymarketing.com\/fr\/wp-json\/wp\/v2\/media?parent=81262"}],"wp:term":[{"taxonomy":"category","embeddable":true,"href":"https:\/\/visionarymarketing.com\/fr\/wp-json\/wp\/v2\/categories?post=81262"},{"taxonomy":"post_tag","embeddable":true,"href":"https:\/\/visionarymarketing.com\/fr\/wp-json\/wp\/v2\/tags?post=81262"}],"curies":[{"name":"wp","href":"https:\/\/api.w.org\/{rel}","templated":true}]}}