{"id":81239,"date":"2024-09-04T18:33:26","date_gmt":"2024-09-04T16:33:26","guid":{"rendered":"https:\/\/visionarymarketing.com\/?p=81239"},"modified":"2024-09-04T18:34:22","modified_gmt":"2024-09-04T16:34:22","slug":"cest-la-reprise-apres-la-pause-digitale","status":"publish","type":"post","link":"https:\/\/visionarymarketing.com\/fr\/2024\/09\/04\/cest-la-reprise-apres-la-pause-digitale\/","title":{"rendered":"C&rsquo;est la reprise apr\u00e8s la pause digitale"},"content":{"rendered":"<p><em>C&rsquo;est la rentr\u00e9e apr\u00e8s la pause digitale. Et le retour a \u00e9t\u00e9 brutal. WordPress semble avoir attrap\u00e9 une maladie dite de l&rsquo;\u00ab autoload \u00bb qui l&#8217;emp\u00eache de tenir debout plus de quelques jours. C&rsquo;est bien ennuyeux et cela nous fait prendre conscience de la fragilit\u00e9 de ces technologies. Mais cela d\u00e9veloppe aussi notre adaptabilit\u00e9. Depuis, je suis devenu un expert en sauvegardes de base de donn\u00e9es et de \u00ab Rollbacks \u00bb aussi manuels qu\u2019hypoth\u00e9tiques. La faiblesse de ces technologies oblige \u00e0 plus d&rsquo;ing\u00e9nuit\u00e9. Et mon fid\u00e8le ami Herv\u00e9 Kabla, toujours pr\u00eat \u00e0 donner un coup de main, veille au grain avec son \u0153il particuli\u00e8rement aff\u00fbt\u00e9. Nous sommes couverts.\u00a0<\/em><\/p>\n<h2>C&rsquo;est la reprise apr\u00e8s la pause digitale<\/h2>\n<figure id=\"attachment_81240\" aria-describedby=\"caption-attachment-81240\" style=\"width: 1029px\" class=\"wp-caption aligncenter\"><img decoding=\"async\" class=\"wp-image-81240 size-full\" src=\"https:\/\/visionarymarketing.com\/wp-content\/uploads\/2024\/09\/53866578791-2a5f2b585b-k.jpg\" alt=\"C'est la rentr\u00e9e\" width=\"1029\" height=\"686\" srcset=\"https:\/\/visionarymarketing.com\/wp-content\/uploads\/2024\/09\/53866578791-2a5f2b585b-k.jpg 1029w, https:\/\/visionarymarketing.com\/wp-content\/uploads\/2024\/09\/53866578791-2a5f2b585b-k-450x300.jpg 450w, https:\/\/visionarymarketing.com\/wp-content\/uploads\/2024\/09\/53866578791-2a5f2b585b-k-1024x683.jpg 1024w, https:\/\/visionarymarketing.com\/wp-content\/uploads\/2024\/09\/53866578791-2a5f2b585b-k-768x512.jpg 768w\" sizes=\"(max-width: 1029px) 100vw, 1029px\" \/><figcaption id=\"caption-attachment-81240\" class=\"wp-caption-text\">C&rsquo;est la rentr\u00e9e sur visionarymarkerting.com et antimuseum.com. Il va falloir remettre le caf\u00e9 sur le po\u00eale.<\/figcaption><\/figure>\n<p><!--more--><\/p>\n<p>Lundi, alors que je donnais une conf\u00e9rence d&rsquo;ouverture \u00e0 EM Normandie avec Vincent Dutot, directeur de programme et ami de longue date ex-PSB, nous essayions vainement de brancher mon Mac \u00e9quip\u00e9 de prises USB C sur un superbe \u00e9cran iiYamma flambant neuf. Las de la chose, je bricolai rapidement un lien court pour ma pr\u00e9sentation et mon menti.com et hop ! la le\u00e7on pouvait se poursuivre gr\u00e2ce au papier que j&rsquo;avais eu la pr\u00e9sence d&rsquo;esprit de pr\u00e9parer.<\/p>\n<blockquote class=\"quote-light\"><p>Le papier ! Vieille technologie, mais fiable.<\/p><\/blockquote>\n<p>\u00ab Voil\u00e0 la premi\u00e8re le\u00e7on de l&rsquo;innovation \u00bb, expliquai-je aux \u00e9l\u00e8ves qui venaient d&rsquo;int\u00e9grer l&rsquo;\u00e9cole et qui pour la plupart sont n\u00e9s apr\u00e8s 2000. M\u00eame si vous prenez l&rsquo;innovation pour ancienne et int\u00e9gr\u00e9e, brancher un vulgaire ordinateur personnel sur un \u00e9cran tout neuf <strong>cause exactement les m\u00eames probl\u00e8mes que ceux qu&rsquo;on rencontrait chez Unisys en&#8230; 1988 !<\/strong><\/p>\n<p>Sauf qu&rsquo;\u00e0 l&rsquo;\u00e9poque on avait des BARCO qui co\u00fbtaient tr\u00e8s cher, mais qui marchaient parfaitement avec un bon vieux c\u00e2ble universel. Cette le\u00e7on de l&rsquo;innovation, il faudra aussi s&rsquo;en souvenir quand on fera le bilan de la bulle de <a href=\"https:\/\/visionarymarketing.com\/fr\/2024\/06\/24\/ia-generative-defis\/\">l&rsquo;IA<\/a> que Benedict Evans ou Daron Acemoglu ont d\u00e9nonc\u00e9.<\/p>\n<figure id=\"attachment_81241\" aria-describedby=\"caption-attachment-81241\" style=\"width: 1920px\" class=\"wp-caption aligncenter\"><img decoding=\"async\" class=\"wp-image-81241 size-full\" src=\"https:\/\/visionarymarketing.com\/wp-content\/uploads\/2024\/09\/4d15aff8-71e5-4ae3-a922-dc544313478a-1920x1080-1.png\" alt=\"\" width=\"1920\" height=\"1080\" srcset=\"https:\/\/visionarymarketing.com\/wp-content\/uploads\/2024\/09\/4d15aff8-71e5-4ae3-a922-dc544313478a-1920x1080-1.png 1920w, https:\/\/visionarymarketing.com\/wp-content\/uploads\/2024\/09\/4d15aff8-71e5-4ae3-a922-dc544313478a-1920x1080-1-500x281.png 500w, https:\/\/visionarymarketing.com\/wp-content\/uploads\/2024\/09\/4d15aff8-71e5-4ae3-a922-dc544313478a-1920x1080-1-1024x576.png 1024w, https:\/\/visionarymarketing.com\/wp-content\/uploads\/2024\/09\/4d15aff8-71e5-4ae3-a922-dc544313478a-1920x1080-1-768x432.png 768w, https:\/\/visionarymarketing.com\/wp-content\/uploads\/2024\/09\/4d15aff8-71e5-4ae3-a922-dc544313478a-1920x1080-1-1536x864.png 1536w, https:\/\/visionarymarketing.com\/wp-content\/uploads\/2024\/09\/4d15aff8-71e5-4ae3-a922-dc544313478a-1920x1080-1-390x220.png 390w\" sizes=\"(max-width: 1920px) 100vw, 1920px\" \/><figcaption id=\"caption-attachment-81241\" class=\"wp-caption-text\">Source Reuters via Benedict Evans<\/figcaption><\/figure>\n<p>\u00c0 suivre&#8230;<\/p>\n","protected":false},"excerpt":{"rendered":"<p>C&rsquo;est la rentr\u00e9e apr\u00e8s la pause digitale. Et le retour a \u00e9t\u00e9 brutal. WordPress semble avoir attrap\u00e9 une maladie dite de l&rsquo;\u00ab autoload \u00bb qui l&#8217;emp\u00eache de tenir debout plus de quelques jours. C&rsquo;est bien ennuyeux et cela nous fait prendre conscience de la fragilit\u00e9 de ces technologies. Mais cela d\u00e9veloppe aussi notre adaptabilit\u00e9. Depuis, &hellip;<\/p>\n","protected":false},"author":2,"featured_media":81240,"comment_status":"open","ping_status":"open","sticky":false,"template":"","format":"standard","meta":{"footnotes":""},"categories":[5127],"tags":[],"class_list":["post-81239","post","type-post","status-publish","format-standard","has-post-thumbnail","hentry","category-breves"],"yoast_head":"<!-- This site is optimized with the Yoast SEO plugin v27.4 - https:\/\/yoast.com\/product\/yoast-seo-wordpress\/ -->\n<title>C&#039;est la reprise apr\u00e8s la pause digitale<\/title>\n<meta name=\"description\" content=\"C&#039;est la rentr\u00e9e apr\u00e8s une pause digitale estivale tr\u00e8s longue. Le retour a \u00e9t\u00e9 brutal. Wordpress a attrap\u00e9 une maladie dite de l&#039;\u00ab autoload \u00bb\" \/>\n<meta name=\"robots\" content=\"index, follow, max-snippet:-1, max-image-preview:large, max-video-preview:-1\" \/>\n<link rel=\"canonical\" href=\"https:\/\/visionarymarketing.com\/fr\/2024\/09\/04\/cest-la-reprise-apres-la-pause-digitale\/\" \/>\n<meta property=\"og:locale\" content=\"fr_FR\" \/>\n<meta property=\"og:type\" content=\"article\" \/>\n<meta property=\"og:title\" content=\"C&#039;est la reprise apr\u00e8s la pause digitale\" \/>\n<meta property=\"og:description\" content=\"C&#039;est la rentr\u00e9e apr\u00e8s une pause digitale estivale tr\u00e8s longue. Le retour a \u00e9t\u00e9 brutal. Wordpress a attrap\u00e9 une maladie dite de l&#039;\u00ab autoload \u00bb\" \/>\n<meta property=\"og:url\" content=\"https:\/\/visionarymarketing.com\/fr\/2024\/09\/04\/cest-la-reprise-apres-la-pause-digitale\/\" \/>\n<meta property=\"og:site_name\" content=\"Marketing and Innovation\" \/>\n<meta property=\"article:publisher\" content=\"https:\/\/www.facebook.com\/vismktg\" \/>\n<meta property=\"article:author\" content=\"http:\/\/facebook.com\/ygourven\" \/>\n<meta property=\"article:published_time\" content=\"2024-09-04T16:33:26+00:00\" \/>\n<meta property=\"article:modified_time\" content=\"2024-09-04T16:34:22+00:00\" \/>\n<meta property=\"og:image\" content=\"https:\/\/visionarymarketing.com\/wp-content\/uploads\/2024\/09\/53866578791-2a5f2b585b-k.jpg\" \/>\n\t<meta property=\"og:image:width\" content=\"1029\" \/>\n\t<meta property=\"og:image:height\" content=\"686\" \/>\n\t<meta property=\"og:image:type\" content=\"image\/jpeg\" \/>\n<meta name=\"author\" content=\"Yann Gourvennec\" \/>\n<meta name=\"twitter:card\" content=\"summary_large_image\" \/>\n<meta name=\"twitter:creator\" content=\"@ygourven\" \/>\n<meta name=\"twitter:site\" content=\"@ygourven\" \/>\n<meta name=\"twitter:label1\" content=\"\u00c9crit par\" \/>\n\t<meta name=\"twitter:data1\" content=\"Yann Gourvennec\" \/>\n\t<meta name=\"twitter:label2\" content=\"Dur\u00e9e de lecture estim\u00e9e\" \/>\n\t<meta name=\"twitter:data2\" content=\"3 minutes\" \/>\n<script type=\"application\/ld+json\" class=\"yoast-schema-graph\">{\"@context\":\"https:\\\/\\\/schema.org\",\"@graph\":[{\"@type\":\"NewsArticle\",\"@id\":\"https:\\\/\\\/visionarymarketing.com\\\/fr\\\/2024\\\/09\\\/04\\\/cest-la-reprise-apres-la-pause-digitale\\\/#article\",\"isPartOf\":{\"@id\":\"https:\\\/\\\/visionarymarketing.com\\\/fr\\\/2024\\\/09\\\/04\\\/cest-la-reprise-apres-la-pause-digitale\\\/\"},\"author\":{\"name\":\"Yann Gourvennec\",\"@id\":\"https:\\\/\\\/visionarymarketing.com\\\/fr\\\/#\\\/schema\\\/person\\\/3754fee1e558f47b8deb46f53c37423e\"},\"headline\":\"C&rsquo;est la reprise apr\u00e8s la pause digitale\",\"datePublished\":\"2024-09-04T16:33:26+00:00\",\"dateModified\":\"2024-09-04T16:34:22+00:00\",\"mainEntityOfPage\":{\"@id\":\"https:\\\/\\\/visionarymarketing.com\\\/fr\\\/2024\\\/09\\\/04\\\/cest-la-reprise-apres-la-pause-digitale\\\/\"},\"wordCount\":394,\"commentCount\":0,\"image\":{\"@id\":\"https:\\\/\\\/visionarymarketing.com\\\/fr\\\/2024\\\/09\\\/04\\\/cest-la-reprise-apres-la-pause-digitale\\\/#primaryimage\"},\"thumbnailUrl\":\"https:\\\/\\\/visionarymarketing.com\\\/wp-content\\\/uploads\\\/2024\\\/09\\\/53866578791-2a5f2b585b-k.jpg\",\"articleSection\":[\"Br\u00e8ves\"],\"inLanguage\":\"fr-FR\",\"potentialAction\":[{\"@type\":\"CommentAction\",\"name\":\"Comment\",\"target\":[\"https:\\\/\\\/visionarymarketing.com\\\/fr\\\/2024\\\/09\\\/04\\\/cest-la-reprise-apres-la-pause-digitale\\\/#respond\"]}]},{\"@type\":\"WebPage\",\"@id\":\"https:\\\/\\\/visionarymarketing.com\\\/fr\\\/2024\\\/09\\\/04\\\/cest-la-reprise-apres-la-pause-digitale\\\/\",\"url\":\"https:\\\/\\\/visionarymarketing.com\\\/fr\\\/2024\\\/09\\\/04\\\/cest-la-reprise-apres-la-pause-digitale\\\/\",\"name\":\"C'est la reprise apr\u00e8s la pause digitale\",\"isPartOf\":{\"@id\":\"https:\\\/\\\/visionarymarketing.com\\\/fr\\\/#website\"},\"primaryImageOfPage\":{\"@id\":\"https:\\\/\\\/visionarymarketing.com\\\/fr\\\/2024\\\/09\\\/04\\\/cest-la-reprise-apres-la-pause-digitale\\\/#primaryimage\"},\"image\":{\"@id\":\"https:\\\/\\\/visionarymarketing.com\\\/fr\\\/2024\\\/09\\\/04\\\/cest-la-reprise-apres-la-pause-digitale\\\/#primaryimage\"},\"thumbnailUrl\":\"https:\\\/\\\/visionarymarketing.com\\\/wp-content\\\/uploads\\\/2024\\\/09\\\/53866578791-2a5f2b585b-k.jpg\",\"datePublished\":\"2024-09-04T16:33:26+00:00\",\"dateModified\":\"2024-09-04T16:34:22+00:00\",\"author\":{\"@id\":\"https:\\\/\\\/visionarymarketing.com\\\/fr\\\/#\\\/schema\\\/person\\\/3754fee1e558f47b8deb46f53c37423e\"},\"description\":\"C'est la rentr\u00e9e apr\u00e8s une pause digitale estivale tr\u00e8s longue. Le retour a \u00e9t\u00e9 brutal. Wordpress a attrap\u00e9 une maladie dite de l'\u00ab autoload \u00bb\",\"breadcrumb\":{\"@id\":\"https:\\\/\\\/visionarymarketing.com\\\/fr\\\/2024\\\/09\\\/04\\\/cest-la-reprise-apres-la-pause-digitale\\\/#breadcrumb\"},\"inLanguage\":\"fr-FR\",\"potentialAction\":[{\"@type\":\"ReadAction\",\"target\":[\"https:\\\/\\\/visionarymarketing.com\\\/fr\\\/2024\\\/09\\\/04\\\/cest-la-reprise-apres-la-pause-digitale\\\/\"]}]},{\"@type\":\"ImageObject\",\"inLanguage\":\"fr-FR\",\"@id\":\"https:\\\/\\\/visionarymarketing.com\\\/fr\\\/2024\\\/09\\\/04\\\/cest-la-reprise-apres-la-pause-digitale\\\/#primaryimage\",\"url\":\"https:\\\/\\\/visionarymarketing.com\\\/wp-content\\\/uploads\\\/2024\\\/09\\\/53866578791-2a5f2b585b-k.jpg\",\"contentUrl\":\"https:\\\/\\\/visionarymarketing.com\\\/wp-content\\\/uploads\\\/2024\\\/09\\\/53866578791-2a5f2b585b-k.jpg\",\"width\":1029,\"height\":686,\"caption\":\"antimuseum.com\"},{\"@type\":\"BreadcrumbList\",\"@id\":\"https:\\\/\\\/visionarymarketing.com\\\/fr\\\/2024\\\/09\\\/04\\\/cest-la-reprise-apres-la-pause-digitale\\\/#breadcrumb\",\"itemListElement\":[{\"@type\":\"ListItem\",\"position\":1,\"name\":\"Home\",\"item\":\"https:\\\/\\\/visionarymarketing.com\\\/fr\\\/\"},{\"@type\":\"ListItem\",\"position\":2,\"name\":\"C&#8217;est la reprise apr\u00e8s la pause digitale\"}]},{\"@type\":\"WebSite\",\"@id\":\"https:\\\/\\\/visionarymarketing.com\\\/fr\\\/#website\",\"url\":\"https:\\\/\\\/visionarymarketing.com\\\/fr\\\/\",\"name\":\"Marketing and Innovation\",\"description\":\"Site d&#039;infos ind\u00e9pendant, depuis 1996\",\"potentialAction\":[{\"@type\":\"SearchAction\",\"target\":{\"@type\":\"EntryPoint\",\"urlTemplate\":\"https:\\\/\\\/visionarymarketing.com\\\/fr\\\/?s={search_term_string}\"},\"query-input\":{\"@type\":\"PropertyValueSpecification\",\"valueRequired\":true,\"valueName\":\"search_term_string\"}}],\"inLanguage\":\"fr-FR\"},{\"@type\":\"Person\",\"@id\":\"https:\\\/\\\/visionarymarketing.com\\\/fr\\\/#\\\/schema\\\/person\\\/3754fee1e558f47b8deb46f53c37423e\",\"name\":\"Yann Gourvennec\",\"image\":{\"@type\":\"ImageObject\",\"inLanguage\":\"fr-FR\",\"@id\":\"https:\\\/\\\/secure.gravatar.com\\\/avatar\\\/5972001801e8de5692a3e31224e85769f50a55fb8b679749f9c8d1868cceff14?s=96&d=initials&r=g&initials=yg\",\"url\":\"https:\\\/\\\/secure.gravatar.com\\\/avatar\\\/5972001801e8de5692a3e31224e85769f50a55fb8b679749f9c8d1868cceff14?s=96&d=initials&r=g&initials=yg\",\"contentUrl\":\"https:\\\/\\\/secure.gravatar.com\\\/avatar\\\/5972001801e8de5692a3e31224e85769f50a55fb8b679749f9c8d1868cceff14?s=96&d=initials&r=g&initials=yg\",\"caption\":\"Yann Gourvennec\"},\"description\":\"Yann Gourvennec created visionarymarketing.com in 1996. He is a speaker and author of many books. In 2014 he went from intrapreneur to entrepreneur, when he created his digital marketing agency. Yann Gourvennec a cr\u00e9\u00e9 visionarymarketing.com en 1996. Il est conf\u00e9rencier et auteur de plusieurs livres. En 2014, il est pass\u00e9 d'intrapreneur \u00e0 entrepreneur en cr\u00e9ant son agence de marketing num\u00e9rique.\",\"sameAs\":[\"https:\\\/\\\/visionarymarketing.com\",\"http:\\\/\\\/facebook.com\\\/ygourven\",\"http:\\\/\\\/linkedin.com\\\/in\\\/ygourven\",\"https:\\\/\\\/x.com\\\/ygourven\",\"https:\\\/\\\/www.youtube.com\\\/c\\\/visionarymarketingagency\"],\"url\":\"https:\\\/\\\/visionarymarketing.com\\\/fr\\\/author\\\/yann-gourvennec\\\/\"}]}<\/script>\n<!-- \/ Yoast SEO plugin. -->","yoast_head_json":{"title":"C'est la reprise apr\u00e8s la pause digitale","description":"C'est la rentr\u00e9e apr\u00e8s une pause digitale estivale tr\u00e8s longue. Le retour a \u00e9t\u00e9 brutal. Wordpress a attrap\u00e9 une maladie dite de l'\u00ab autoload \u00bb","robots":{"index":"index","follow":"follow","max-snippet":"max-snippet:-1","max-image-preview":"max-image-preview:large","max-video-preview":"max-video-preview:-1"},"canonical":"https:\/\/visionarymarketing.com\/fr\/2024\/09\/04\/cest-la-reprise-apres-la-pause-digitale\/","og_locale":"fr_FR","og_type":"article","og_title":"C'est la reprise apr\u00e8s la pause digitale","og_description":"C'est la rentr\u00e9e apr\u00e8s une pause digitale estivale tr\u00e8s longue. Le retour a \u00e9t\u00e9 brutal. Wordpress a attrap\u00e9 une maladie dite de l'\u00ab autoload \u00bb","og_url":"https:\/\/visionarymarketing.com\/fr\/2024\/09\/04\/cest-la-reprise-apres-la-pause-digitale\/","og_site_name":"Marketing and Innovation","article_publisher":"https:\/\/www.facebook.com\/vismktg","article_author":"http:\/\/facebook.com\/ygourven","article_published_time":"2024-09-04T16:33:26+00:00","article_modified_time":"2024-09-04T16:34:22+00:00","og_image":[{"width":1029,"height":686,"url":"https:\/\/visionarymarketing.com\/wp-content\/uploads\/2024\/09\/53866578791-2a5f2b585b-k.jpg","type":"image\/jpeg"}],"author":"Yann Gourvennec","twitter_card":"summary_large_image","twitter_creator":"@ygourven","twitter_site":"@ygourven","twitter_misc":{"\u00c9crit par":"Yann Gourvennec","Dur\u00e9e de lecture estim\u00e9e":"3 minutes"},"schema":{"@context":"https:\/\/schema.org","@graph":[{"@type":"NewsArticle","@id":"https:\/\/visionarymarketing.com\/fr\/2024\/09\/04\/cest-la-reprise-apres-la-pause-digitale\/#article","isPartOf":{"@id":"https:\/\/visionarymarketing.com\/fr\/2024\/09\/04\/cest-la-reprise-apres-la-pause-digitale\/"},"author":{"name":"Yann Gourvennec","@id":"https:\/\/visionarymarketing.com\/fr\/#\/schema\/person\/3754fee1e558f47b8deb46f53c37423e"},"headline":"C&rsquo;est la reprise apr\u00e8s la pause digitale","datePublished":"2024-09-04T16:33:26+00:00","dateModified":"2024-09-04T16:34:22+00:00","mainEntityOfPage":{"@id":"https:\/\/visionarymarketing.com\/fr\/2024\/09\/04\/cest-la-reprise-apres-la-pause-digitale\/"},"wordCount":394,"commentCount":0,"image":{"@id":"https:\/\/visionarymarketing.com\/fr\/2024\/09\/04\/cest-la-reprise-apres-la-pause-digitale\/#primaryimage"},"thumbnailUrl":"https:\/\/visionarymarketing.com\/wp-content\/uploads\/2024\/09\/53866578791-2a5f2b585b-k.jpg","articleSection":["Br\u00e8ves"],"inLanguage":"fr-FR","potentialAction":[{"@type":"CommentAction","name":"Comment","target":["https:\/\/visionarymarketing.com\/fr\/2024\/09\/04\/cest-la-reprise-apres-la-pause-digitale\/#respond"]}]},{"@type":"WebPage","@id":"https:\/\/visionarymarketing.com\/fr\/2024\/09\/04\/cest-la-reprise-apres-la-pause-digitale\/","url":"https:\/\/visionarymarketing.com\/fr\/2024\/09\/04\/cest-la-reprise-apres-la-pause-digitale\/","name":"C'est la reprise apr\u00e8s la pause digitale","isPartOf":{"@id":"https:\/\/visionarymarketing.com\/fr\/#website"},"primaryImageOfPage":{"@id":"https:\/\/visionarymarketing.com\/fr\/2024\/09\/04\/cest-la-reprise-apres-la-pause-digitale\/#primaryimage"},"image":{"@id":"https:\/\/visionarymarketing.com\/fr\/2024\/09\/04\/cest-la-reprise-apres-la-pause-digitale\/#primaryimage"},"thumbnailUrl":"https:\/\/visionarymarketing.com\/wp-content\/uploads\/2024\/09\/53866578791-2a5f2b585b-k.jpg","datePublished":"2024-09-04T16:33:26+00:00","dateModified":"2024-09-04T16:34:22+00:00","author":{"@id":"https:\/\/visionarymarketing.com\/fr\/#\/schema\/person\/3754fee1e558f47b8deb46f53c37423e"},"description":"C'est la rentr\u00e9e apr\u00e8s une pause digitale estivale tr\u00e8s longue. Le retour a \u00e9t\u00e9 brutal. Wordpress a attrap\u00e9 une maladie dite de l'\u00ab autoload \u00bb","breadcrumb":{"@id":"https:\/\/visionarymarketing.com\/fr\/2024\/09\/04\/cest-la-reprise-apres-la-pause-digitale\/#breadcrumb"},"inLanguage":"fr-FR","potentialAction":[{"@type":"ReadAction","target":["https:\/\/visionarymarketing.com\/fr\/2024\/09\/04\/cest-la-reprise-apres-la-pause-digitale\/"]}]},{"@type":"ImageObject","inLanguage":"fr-FR","@id":"https:\/\/visionarymarketing.com\/fr\/2024\/09\/04\/cest-la-reprise-apres-la-pause-digitale\/#primaryimage","url":"https:\/\/visionarymarketing.com\/wp-content\/uploads\/2024\/09\/53866578791-2a5f2b585b-k.jpg","contentUrl":"https:\/\/visionarymarketing.com\/wp-content\/uploads\/2024\/09\/53866578791-2a5f2b585b-k.jpg","width":1029,"height":686,"caption":"antimuseum.com"},{"@type":"BreadcrumbList","@id":"https:\/\/visionarymarketing.com\/fr\/2024\/09\/04\/cest-la-reprise-apres-la-pause-digitale\/#breadcrumb","itemListElement":[{"@type":"ListItem","position":1,"name":"Home","item":"https:\/\/visionarymarketing.com\/fr\/"},{"@type":"ListItem","position":2,"name":"C&#8217;est la reprise apr\u00e8s la pause digitale"}]},{"@type":"WebSite","@id":"https:\/\/visionarymarketing.com\/fr\/#website","url":"https:\/\/visionarymarketing.com\/fr\/","name":"Marketing and Innovation","description":"Site d&#039;infos ind\u00e9pendant, depuis 1996","potentialAction":[{"@type":"SearchAction","target":{"@type":"EntryPoint","urlTemplate":"https:\/\/visionarymarketing.com\/fr\/?s={search_term_string}"},"query-input":{"@type":"PropertyValueSpecification","valueRequired":true,"valueName":"search_term_string"}}],"inLanguage":"fr-FR"},{"@type":"Person","@id":"https:\/\/visionarymarketing.com\/fr\/#\/schema\/person\/3754fee1e558f47b8deb46f53c37423e","name":"Yann Gourvennec","image":{"@type":"ImageObject","inLanguage":"fr-FR","@id":"https:\/\/secure.gravatar.com\/avatar\/5972001801e8de5692a3e31224e85769f50a55fb8b679749f9c8d1868cceff14?s=96&d=initials&r=g&initials=yg","url":"https:\/\/secure.gravatar.com\/avatar\/5972001801e8de5692a3e31224e85769f50a55fb8b679749f9c8d1868cceff14?s=96&d=initials&r=g&initials=yg","contentUrl":"https:\/\/secure.gravatar.com\/avatar\/5972001801e8de5692a3e31224e85769f50a55fb8b679749f9c8d1868cceff14?s=96&d=initials&r=g&initials=yg","caption":"Yann Gourvennec"},"description":"Yann Gourvennec created visionarymarketing.com in 1996. He is a speaker and author of many books. In 2014 he went from intrapreneur to entrepreneur, when he created his digital marketing agency. Yann Gourvennec a cr\u00e9\u00e9 visionarymarketing.com en 1996. Il est conf\u00e9rencier et auteur de plusieurs livres. En 2014, il est pass\u00e9 d'intrapreneur \u00e0 entrepreneur en cr\u00e9ant son agence de marketing num\u00e9rique.","sameAs":["https:\/\/visionarymarketing.com","http:\/\/facebook.com\/ygourven","http:\/\/linkedin.com\/in\/ygourven","https:\/\/x.com\/ygourven","https:\/\/www.youtube.com\/c\/visionarymarketingagency"],"url":"https:\/\/visionarymarketing.com\/fr\/author\/yann-gourvennec\/"}]}},"_links":{"self":[{"href":"https:\/\/visionarymarketing.com\/fr\/wp-json\/wp\/v2\/posts\/81239","targetHints":{"allow":["GET"]}}],"collection":[{"href":"https:\/\/visionarymarketing.com\/fr\/wp-json\/wp\/v2\/posts"}],"about":[{"href":"https:\/\/visionarymarketing.com\/fr\/wp-json\/wp\/v2\/types\/post"}],"author":[{"embeddable":true,"href":"https:\/\/visionarymarketing.com\/fr\/wp-json\/wp\/v2\/users\/2"}],"replies":[{"embeddable":true,"href":"https:\/\/visionarymarketing.com\/fr\/wp-json\/wp\/v2\/comments?post=81239"}],"version-history":[{"count":0,"href":"https:\/\/visionarymarketing.com\/fr\/wp-json\/wp\/v2\/posts\/81239\/revisions"}],"wp:featuredmedia":[{"embeddable":true,"href":"https:\/\/visionarymarketing.com\/fr\/wp-json\/wp\/v2\/media\/81240"}],"wp:attachment":[{"href":"https:\/\/visionarymarketing.com\/fr\/wp-json\/wp\/v2\/media?parent=81239"}],"wp:term":[{"taxonomy":"category","embeddable":true,"href":"https:\/\/visionarymarketing.com\/fr\/wp-json\/wp\/v2\/categories?post=81239"},{"taxonomy":"post_tag","embeddable":true,"href":"https:\/\/visionarymarketing.com\/fr\/wp-json\/wp\/v2\/tags?post=81239"}],"curies":[{"name":"wp","href":"https:\/\/api.w.org\/{rel}","templated":true}]}}