{"id":8070,"date":"2013-04-09T07:00:35","date_gmt":"2013-04-09T07:00:35","guid":{"rendered":"http:\/\/visionary.wordpress.com\/?p=8070"},"modified":"2024-05-15T10:28:36","modified_gmt":"2024-05-15T08:28:36","slug":"fatigue-facebook","status":"publish","type":"post","link":"https:\/\/visionarymarketing.com\/fr\/2013\/04\/09\/fatigue-facebook\/","title":{"rendered":"R\u00e9flexions (\u00e0 froid) sur la Fatigue Facebook et Facebook Home"},"content":{"rendered":"<p><em>Je vous livre ici quelques r\u00e9flexions sur la fatigue Facebook. Il est triste de voir qu&rsquo;un vieil outil est en train de mourir, et quand cela arrive, une s\u00e9quence nostalgie s&rsquo;ouvre &#8230; En essayant de mettre un commentaire sur <a href=\"https:\/\/web.archive.org\/web\/20230529093239\/https:\/\/gregorypouy.blogs.com\/marketing\/2013\/04\/facebook-home-contexte-enjeux-et-implications-pour-les-marques-.html\" target=\"_blank\" rel=\"noopener noreferrer\">le blog de Gregory Pouy<\/a> qui est un des survivants de <a href=\"https:\/\/typepad.com\/\" target=\"_blank\" rel=\"noopener noreferrer\">Typepad<\/a> (dont je fus client, ainsi que de Movable Type, d\u2019o\u00f9 la s\u00e9quence nostalgie), et n\u2019y arrivant pas, je me suis r\u00e9solu \u00e0 ajouter ce commentaire sur mon propre blog. Car il est tentant de toujours r\u00e9agir \u00e0 chaud \u00e0 l\u2019actualit\u00e9, m\u00eame s\u2019il est b\u00e9n\u00e9fique de savoir se h\u00e2ter lentement (Festina Lente puisque nous sommes dans les citations, d\u2019Auguste cette fois-ci, <a href=\"https:\/\/en.wikipedia.org\/wiki\/Festina_lente\" target=\"_blank\" rel=\"noopener noreferrer\">par la bouche de Suetone<\/a>). <\/em><\/p>\n<blockquote class=\"quote-light\"><p>\u201cLa chouette de Minerve* ne prend son envol qu\u2019\u00e0 la tomb\u00e9e de la nuit\u201d Hegel<\/p><\/blockquote>\n<h3>R\u00e9flexions (\u00e0 froid) sur la Fatigue Facebook et Facebook Home<\/h3>\n<figure id=\"attachment_62020\" aria-describedby=\"caption-attachment-62020\" style=\"width: 520px\" class=\"wp-caption aligncenter\"><img decoding=\"async\" class=\"wp-image-62020 size-full\" src=\"https:\/\/visionarymarketing.com\/wp-content\/uploads\/2013\/04\/jumpstory-download20210306-171420.jpg\" alt=\"R\u00e9flexions (\u00e0 froid) sur la Fatigue Facebook et Facebook Home\" width=\"520\" height=\"340\" srcset=\"https:\/\/visionarymarketing.com\/wp-content\/uploads\/2013\/04\/jumpstory-download20210306-171420.jpg 520w, https:\/\/visionarymarketing.com\/wp-content\/uploads\/2013\/04\/jumpstory-download20210306-171420-459x300.jpg 459w\" sizes=\"(max-width: 520px) 100vw, 520px\" \/><figcaption id=\"caption-attachment-62020\" class=\"wp-caption-text\">R\u00e9flexions (\u00e0 froid) sur la Fatigue Facebook et Facebook Home<\/figcaption><\/figure>\n<p>Dans un article publi\u00e9 la semaine derni\u00e8re au beau milieu de la folie Facebook Home \u2013 qui semble avoir \u00e9t\u00e9 extermin\u00e9e par l\u2019affaire Cahuzac et achev\u00e9e par la mort de Thatcher \u2026 Ah ! le temps m\u00e9diatique ! \u2013 Gregory analyse lancement de cette nouvelle \u201cpage d\u2019accueil\u201d mobile en expliquant qu\u2019elle se justifie par la \u201cFacebook fatigue\u201d (un <a href=\"http:\/\/www.forbes.com\/sites\/jeffbercovici\/2013\/04\/04\/is-facebook-home-facebooks-answer-to-facebook-fatigue\/\" target=\"_blank\" rel=\"noopener noreferrer\">th\u00e8me m\u00e9m\u00e9tique<\/a>). Or, <span class=\"removed_link\" title=\"http:\/\/www.innovationgeneration.com\/author.asp?section_id=2570&amp;doc_id=257991\">j\u2019ai \u00e9crit, il y a quelques mois, qu\u2019il n\u2019y avait pas de Facebook fatigue<\/span>. J\u2019ai donc d\u00fb me tromper.<!--more--><\/p>\n<p>\u00e0 moins que \u2026<\/p>\n<p><a href=\"https:\/\/visionarymarketing.com\/wp-content\/uploads\/2013\/04\/facebook.jpg\"><img decoding=\"async\" class=\"aligncenter wp-image-8077 size-large\" src=\"https:\/\/visionarymarketing.com\/wp-content\/uploads\/2013\/04\/facebook.jpg?w=490\" alt=\"Facebook fatigue\" width=\"490\" height=\"241\" \/><\/a><\/p>\n<p style=\"text-align: left;\"><span style=\"color: #3366ff;\"><em>[image tir\u00e9e du blog de la HBR \u2013 du 26 F\u00e9vrier 2008, traitant de la Facebook Fatigue]<\/em><\/span><\/p>\n<p><strong><!--more-->Facebook ou Social Media Fatigue ? \u2026<\/strong><\/p>\n<p>Je suis partag\u00e9 sur cette histoire de \u00ab\u00a0Facebook fatigue\u00a0\u00bb. Greg avance que la publicit\u00e9 en est la raison, mais si\u00a0 nous devions jeter les services qui nous pourrissent de pub, on arr\u00eaterait imm\u00e9diatement d&rsquo;utiliser Google et Yahoo! mail pour commencer. <a href=\"http:\/\/www.socialbakers.com\/facebook-statistics\/\" target=\"_blank\" rel=\"noopener noreferrer\">OK, il y a une l\u00e9g\u00e8re baisse d\u2019utilisateurs Facebook<\/a> (attention il y a des variations de mois en mois \u00e0 cause des purges de faux comptes) mais je ne vois pas encore de challenger \u00e9merger. L\u2019ouverture d\u2019App.net s\u2019est faite dans la discr\u00e9tion la plus totale (on peut le d\u00e9plorer, je le d\u00e9plore moi-m\u00eame), car l\u2019investissement pour recr\u00e9er un environnement de type Facebook sur un autre service est un fardeau trop lourd pour l\u2019utilisateur\u2026 jusqu\u2019\u00e0 l\u2019arriv\u00e9e d\u2019une nouvelle r\u00e9volution, ce qui finira bien par \u00eatre le cas\u2026 un jour.<\/p>\n<p>En attendant, ce n&rsquo;est pas le cas &#8230; et <a href=\"https:\/\/web.archive.org\/web\/20140329214324\/http:\/\/recrutementmediassociaux.com:80\/qui-tuera-le-cv-les-candidats-ou-les-recruteurs\/\" target=\"_blank\" rel=\"noopener noreferrer\">J\u00e9r\u00f4me Tyerninck, fondateur de Smartrecruiters \u00e0 San Francisco annonce fi\u00e8rement d\u00e9j\u00e0 recevoir 40% de demandes via les m\u00e9dias sociaux. Dans cette passionnante interview<\/a> (voir la fin de l&rsquo;article), il explique aussi pourquoi c&rsquo;est Facebook, et non LinkedIn, qui est consid\u00e9r\u00e9 comme l&rsquo;espace de vie des utilisateurs lambda&#8230; et pas seulement : c&rsquo;est aussi le moyen de se connecter \u00e0 tout et n&rsquo;importe quoi. C&rsquo;est l&rsquo;effet plateforme, qui fait vraiment la force de Facebook. Je ne sais pas pour vous, mais en ce qui me concerne, et bien que je n&rsquo;utilise pas beaucoup Facebook proprement dit, le Facebook connect est devenu mon Single Sign-on, \u00e0 tel point que je suis connect\u00e9 toute la journ\u00e9e via mon navigateur Firefox ! Alors, oui ! je passe moins de temps, voire pas du tout, sur mon mur, mais Facebook devient ma plateforme universelle. C&rsquo;est imbattable (imaginez les donn\u00e9es marketing et le chiffre d&rsquo;affaires qui en d\u00e9coulera &#8211; je parle des donn\u00e9es statistiques l\u00e9gales, et non des donn\u00e9es personnelles).<\/p>\n<p><strong>Si la pub est la raison de la fatigue, Google+ va faire un carton \u2026 euh !<\/strong><\/p>\n<p>Tiens, prenons <a href=\"http:\/\/plus.google.com\" target=\"_blank\" rel=\"noopener noreferrer\">Google +<\/a> &#8211; qui n&rsquo;a pas de pub &#8211; ne fait pas vraiment flores et est un d\u00e9sert de partages (et encore, je l&rsquo;utilise beaucoup, donc on ne peut pas m\u2019accuser de mauvaise foi). Alors, peut-\u00eatre devrions nous parler de Social Media Fatigue &#8230; Il est vrai que <a href=\"https:\/\/visionarymarketing.com\/2012\/11\/13\/les-medias-sociaux-sont-devenus-ennuyeux-mais-ils-ne-sont-pas-morts\/\" target=\"_blank\" rel=\"noopener noreferrer\">Brogan a d\u00e9j\u00e0 r\u00e9gl\u00e9 son compte au Web social : qui est devenue \u201cch\u2026.t\u201d selon lui<\/a>.<\/p>\n<p>En tout cas, que Facebook\u00a0 devienne une plateforme de pub et cherche \u00e0 dominer le monde (et Google) ne me surprend pas. C&rsquo;est leur but. Et ils ont plut\u00f4t su jouer de la pression publicitaire pour g\u00e9n\u00e9rer 4 milliards $ en 2 ans, en partant de rien, sans trop perdre de monde. Finalement, ce n&rsquo;est pas si mal, pour de la fatigue !<\/p>\n<p><strong>Mobile first : en avant toute !<\/strong><\/p>\n<p>Le vrai challenge en fait, c&rsquo;est que FB a la pression (boursi\u00e8re) pour devenir une \u00ab\u00a0mobile first company\u00a0\u00bb et qu&rsquo;il fallait qu&rsquo;ils frappent fort. Ils ont d\u00e9j\u00e0 am\u00e9lior\u00e9 leur app et \u00e7a ne suffit pas (en fait elle change tout le temps, ils ont compris le message). Alors ils ont fait un \u00ab\u00a0coup\u00a0\u00bb marketing en sortant du cadre et en proposant quelque chose qui n&rsquo;est ni un OS ni une app, ni une Web app. Et Greg l&rsquo;a dit : \u201cl&rsquo;annonce d&rsquo;un Facebook Phone a fait courir<a href=\"https:\/\/web.archive.org\/web\/20210304202245\/https:\/\/mashable.com\/2013\/04\/04\/facebook-phone-history\/\"> les plus folles rumeurs<\/a>\u201d. Donc c&rsquo;est plut\u00f4t r\u00e9ussi pour l&rsquo;instant.<\/p>\n<p><strong>Les pays \u00e9mergents sont-ils une cible possible pour Home ?<\/strong><\/p>\n<p>La question suivante, c&rsquo;est \u00ab\u00a0est-ce que \u00e7a va marcher ?\u00a0\u00bb J\u2019\u00e9tais d&rsquo;accord avec Gregory pour dire que \u2013 \u00e0 premi\u00e8re vue &#8211; le \u00ab\u00a0sweet spot\u00a0\u00bb serait plut\u00f4t les pays \u00e9mergents o\u00f9 Facebook est consid\u00e9r\u00e9 comme essentiel (et donc pourrait venir \u00e9touffer Android), si l\u2019on en croit cette histoire de Facebook Fatigue, mais l\u2019image de la HBR ci-dessus peut provoquer un tant soit peu de r\u00e9flexion \u2026<\/p>\n<p>sauf que cette histoire de pays \u00e9mergents ne tient pas vraiment \u2026<\/p>\n<p>Sur les march\u00e9s \u00e9mergents, ce sont surtout les \u201cfeature phones\u201d (t\u00e9l\u00e9phones classiques \u00e0 touche) qui dominent ; pour des raisons \u00e9conomiques \u00e9videntes.\u00a0 Le vrai challenge dans ces pays, c&rsquo;est de passer au Smartphone, mais avec des mat\u00e9riels bien meilleur march\u00e9 et avec &#8211; probablement &#8211; des OS ouverts de type Firefox, Tizen ou Ubuntu ou Sailfish ( voir <span class=\"removed_link\" title=\"http:\/\/wp.me\/pfXk-RD\">mon rapport sur ZTE \u00e0 Barcelone en F\u00e9vrier<\/span>). C&rsquo;est clairement le march\u00e9 pour ces t\u00e9l\u00e9phones l\u00e0, bien que j&rsquo;aie \u00e9t\u00e9 tr\u00e8s d\u00e9\u00e7u (et surpris) de la faible r\u00e9ception de la conf de Presse de Firefox\/Ubuntu\/Sailfish o\u00f9 les pr\u00e9sentations n&rsquo;\u00e9taient d&rsquo;ailleurs pas de qualit\u00e9 (trop tautologiques : on est open parce qu&rsquo;il faut \u00eatre open &#8230; c&rsquo;est un peu faible). D\u2019ailleurs, je n\u2019ai pas couvert cette conf\u00e9rence de Presse, mais je vais peut-\u00eatre y revenir maintenant que l\u2019oiseau de Minerve etc. etc.<\/p>\n<p><strong>Il y a mieux \u2026 mais moins spectaculaire<\/strong><\/p>\n<p>Donc tout cela ne me para\u00eet pas, finalement, illogique. Si je suis franchement sceptique sur le fait de prendre la main sur le Smartphone de l&rsquo;utilisateur et d&rsquo;essayer de lui aspirer tout son temps de surf, cela ne veut pas dire que l\u2019objectif \u00e0 court terme n\u2019est pas atteint par Facebook. Au contraire. Et le temps m\u00e9diatique \u00e9tant ce qu\u2019il est (1 \u00e0 2 semaines), nous aurons vite oubli\u00e9 \u2026 Pas s\u00fbr qu\u2019on ait m\u00eame encore l\u2019occasion d\u2019en parler <a href=\"http:\/\/amonboss.com\" target=\"_blank\" rel=\"noopener noreferrer\">dans notre livre qui sortira en Juin<\/a> \u2026 d\u2019ici l\u00e0 tout le monde aura zapp\u00e9.<\/p>\n<p>Il y avait sans doute d&rsquo;autres mani\u00e8res de faire. Comme <span class=\"removed_link\" title=\"http:\/\/rockmelt.com\">Rockmelt<\/span> (h\u00e9las d\u00e9funt sur PC) et <span class=\"removed_link\" title=\"http:\/\/yoono.com\">Yoono<\/span> (Firefox) qui permettent de maximiser la connexion Facebook, sans intrusion.<\/p>\n<p>&#8230; mais cela aurait \u00e9t\u00e9 beaucoup moins spectaculaire.<\/p>\n<ul>\n<li><span style=\"background-color: #ffff00;\">Pour lire l\u2019article de Gregory Pouy du 05\/04: \u201c<\/span><a href=\"https:\/\/web.archive.org\/web\/20230604182608\/https:\/\/www.gregorypouy.fr\/post\/facebook-home-contexte-enjeux-et-implications-pour-les-marques\" target=\"_blank\" rel=\"noopener\"><span style=\"background-color: #ffff00;\">Facebook Home: contexte, enjeux et implications pour les marques<\/span><\/a><span style=\"background-color: #ffff00;\">\u201d<\/span><\/li>\n<\/ul>\n<hr \/>\n<p><strong>\u00e0 propos de Hegel<\/strong><\/p>\n<p><em>* en Allemand : \u201cDie Eule der Minerva beginnt erst mit der einbrechenden D\u00e4mmerung ihren Flug\u201d G F Hegel, Fondements de la philosophie du droit. La Chouette, embl\u00e8me de Minerve (Athena chez les Grecs) est l\u2019oiseau de la sagesse. La phrase veut dire que ce n\u2019est qu\u2019avec le recul que l\u2019on comprend l\u2019Histoire \u2026 une phrase que beaucoup de journalistes ont oubli\u00e9 de lire, h\u00e9las.<\/em><\/p>\n","protected":false},"excerpt":{"rendered":"<p>Je vous livre ici quelques r\u00e9flexions sur la fatigue Facebook. Il est triste de voir qu&rsquo;un vieil outil est en train de mourir, et quand cela arrive, une s\u00e9quence nostalgie s&rsquo;ouvre &#8230; En essayant de mettre un commentaire sur le blog de Gregory Pouy qui est un des survivants de Typepad (dont je fus client, &hellip;<\/p>\n","protected":false},"author":2,"featured_media":62020,"comment_status":"open","ping_status":"open","sticky":false,"template":"","format":"standard","meta":{"footnotes":""},"categories":[25],"tags":[],"class_list":["post-8070","post","type-post","status-publish","format-standard","has-post-thumbnail","hentry","category-medias-sociaux"],"yoast_head":"<!-- This site is optimized with the Yoast SEO plugin v27.4 - https:\/\/yoast.com\/product\/yoast-seo-wordpress\/ -->\n<title>R\u00e9flexions (\u00e0 froid) sur la Fatigue Facebook et Facebook Home<\/title>\n<meta name=\"description\" content=\"Je vous livre ici quelques r\u00e9flexions sur la fatigue Facebook. Il est triste de voir qu&#039;un vieil outil est en train de mourir, et quand cela arrive, une\" \/>\n<meta name=\"robots\" content=\"index, follow, max-snippet:-1, max-image-preview:large, max-video-preview:-1\" \/>\n<link rel=\"canonical\" href=\"https:\/\/visionarymarketing.com\/fr\/2013\/04\/09\/fatigue-facebook\/\" \/>\n<meta property=\"og:locale\" content=\"fr_FR\" \/>\n<meta property=\"og:type\" content=\"article\" \/>\n<meta property=\"og:title\" content=\"R\u00e9flexions (\u00e0 froid) sur la Fatigue Facebook et Facebook Home\" \/>\n<meta property=\"og:description\" content=\"Je vous livre ici quelques r\u00e9flexions sur la fatigue Facebook. Il est triste de voir qu&#039;un vieil outil est en train de mourir, et quand cela arrive, une\" \/>\n<meta property=\"og:url\" content=\"https:\/\/visionarymarketing.com\/fr\/2013\/04\/09\/fatigue-facebook\/\" \/>\n<meta property=\"og:site_name\" content=\"Marketing and Innovation\" \/>\n<meta property=\"article:publisher\" content=\"https:\/\/www.facebook.com\/vismktg\" \/>\n<meta property=\"article:author\" content=\"http:\/\/facebook.com\/ygourven\" \/>\n<meta property=\"article:published_time\" content=\"2013-04-09T07:00:35+00:00\" \/>\n<meta property=\"article:modified_time\" content=\"2024-05-15T08:28:36+00:00\" \/>\n<meta property=\"og:image\" content=\"https:\/\/visionarymarketing.com\/wp-content\/uploads\/2013\/04\/jumpstory-download20210306-171420.jpg\" \/>\n\t<meta property=\"og:image:width\" content=\"520\" \/>\n\t<meta property=\"og:image:height\" content=\"340\" \/>\n\t<meta property=\"og:image:type\" content=\"image\/jpeg\" \/>\n<meta name=\"author\" content=\"Yann Gourvennec\" \/>\n<meta name=\"twitter:card\" content=\"summary_large_image\" \/>\n<meta name=\"twitter:creator\" content=\"@ygourven\" \/>\n<meta name=\"twitter:site\" content=\"@ygourven\" \/>\n<meta name=\"twitter:label1\" content=\"\u00c9crit par\" \/>\n\t<meta name=\"twitter:data1\" content=\"Yann Gourvennec\" \/>\n\t<meta name=\"twitter:label2\" content=\"Dur\u00e9e de lecture estim\u00e9e\" \/>\n\t<meta name=\"twitter:data2\" content=\"6 minutes\" \/>\n<script type=\"application\/ld+json\" class=\"yoast-schema-graph\">{\"@context\":\"https:\\\/\\\/schema.org\",\"@graph\":[{\"@type\":\"NewsArticle\",\"@id\":\"https:\\\/\\\/visionarymarketing.com\\\/fr\\\/2013\\\/04\\\/09\\\/fatigue-facebook\\\/#article\",\"isPartOf\":{\"@id\":\"https:\\\/\\\/visionarymarketing.com\\\/fr\\\/2013\\\/04\\\/09\\\/fatigue-facebook\\\/\"},\"author\":{\"name\":\"Yann Gourvennec\",\"@id\":\"https:\\\/\\\/visionarymarketing.com\\\/fr\\\/#\\\/schema\\\/person\\\/3754fee1e558f47b8deb46f53c37423e\"},\"headline\":\"R\u00e9flexions (\u00e0 froid) sur la Fatigue Facebook et Facebook Home\",\"datePublished\":\"2013-04-09T07:00:35+00:00\",\"dateModified\":\"2024-05-15T08:28:36+00:00\",\"mainEntityOfPage\":{\"@id\":\"https:\\\/\\\/visionarymarketing.com\\\/fr\\\/2013\\\/04\\\/09\\\/fatigue-facebook\\\/\"},\"wordCount\":1378,\"commentCount\":0,\"image\":{\"@id\":\"https:\\\/\\\/visionarymarketing.com\\\/fr\\\/2013\\\/04\\\/09\\\/fatigue-facebook\\\/#primaryimage\"},\"thumbnailUrl\":\"https:\\\/\\\/visionarymarketing.com\\\/wp-content\\\/uploads\\\/2013\\\/04\\\/jumpstory-download20210306-171420.jpg\",\"articleSection\":[\"m\u00e9dias \\\/ r\u00e9seaux sociaux\"],\"inLanguage\":\"fr-FR\",\"potentialAction\":[{\"@type\":\"CommentAction\",\"name\":\"Comment\",\"target\":[\"https:\\\/\\\/visionarymarketing.com\\\/fr\\\/2013\\\/04\\\/09\\\/fatigue-facebook\\\/#respond\"]}]},{\"@type\":\"WebPage\",\"@id\":\"https:\\\/\\\/visionarymarketing.com\\\/fr\\\/2013\\\/04\\\/09\\\/fatigue-facebook\\\/\",\"url\":\"https:\\\/\\\/visionarymarketing.com\\\/fr\\\/2013\\\/04\\\/09\\\/fatigue-facebook\\\/\",\"name\":\"R\u00e9flexions (\u00e0 froid) sur la Fatigue Facebook et Facebook Home\",\"isPartOf\":{\"@id\":\"https:\\\/\\\/visionarymarketing.com\\\/fr\\\/#website\"},\"primaryImageOfPage\":{\"@id\":\"https:\\\/\\\/visionarymarketing.com\\\/fr\\\/2013\\\/04\\\/09\\\/fatigue-facebook\\\/#primaryimage\"},\"image\":{\"@id\":\"https:\\\/\\\/visionarymarketing.com\\\/fr\\\/2013\\\/04\\\/09\\\/fatigue-facebook\\\/#primaryimage\"},\"thumbnailUrl\":\"https:\\\/\\\/visionarymarketing.com\\\/wp-content\\\/uploads\\\/2013\\\/04\\\/jumpstory-download20210306-171420.jpg\",\"datePublished\":\"2013-04-09T07:00:35+00:00\",\"dateModified\":\"2024-05-15T08:28:36+00:00\",\"author\":{\"@id\":\"https:\\\/\\\/visionarymarketing.com\\\/fr\\\/#\\\/schema\\\/person\\\/3754fee1e558f47b8deb46f53c37423e\"},\"description\":\"Je vous livre ici quelques r\u00e9flexions sur la fatigue Facebook. Il est triste de voir qu'un vieil outil est en train de mourir, et quand cela arrive, une\",\"breadcrumb\":{\"@id\":\"https:\\\/\\\/visionarymarketing.com\\\/fr\\\/2013\\\/04\\\/09\\\/fatigue-facebook\\\/#breadcrumb\"},\"inLanguage\":\"fr-FR\",\"potentialAction\":[{\"@type\":\"ReadAction\",\"target\":[\"https:\\\/\\\/visionarymarketing.com\\\/fr\\\/2013\\\/04\\\/09\\\/fatigue-facebook\\\/\"]}]},{\"@type\":\"ImageObject\",\"inLanguage\":\"fr-FR\",\"@id\":\"https:\\\/\\\/visionarymarketing.com\\\/fr\\\/2013\\\/04\\\/09\\\/fatigue-facebook\\\/#primaryimage\",\"url\":\"https:\\\/\\\/visionarymarketing.com\\\/wp-content\\\/uploads\\\/2013\\\/04\\\/jumpstory-download20210306-171420.jpg\",\"contentUrl\":\"https:\\\/\\\/visionarymarketing.com\\\/wp-content\\\/uploads\\\/2013\\\/04\\\/jumpstory-download20210306-171420.jpg\",\"width\":520,\"height\":340},{\"@type\":\"BreadcrumbList\",\"@id\":\"https:\\\/\\\/visionarymarketing.com\\\/fr\\\/2013\\\/04\\\/09\\\/fatigue-facebook\\\/#breadcrumb\",\"itemListElement\":[{\"@type\":\"ListItem\",\"position\":1,\"name\":\"Home\",\"item\":\"https:\\\/\\\/visionarymarketing.com\\\/fr\\\/\"},{\"@type\":\"ListItem\",\"position\":2,\"name\":\"R\u00e9flexions (\u00e0 froid) sur la Fatigue Facebook et Facebook Home\"}]},{\"@type\":\"WebSite\",\"@id\":\"https:\\\/\\\/visionarymarketing.com\\\/fr\\\/#website\",\"url\":\"https:\\\/\\\/visionarymarketing.com\\\/fr\\\/\",\"name\":\"Marketing and Innovation\",\"description\":\"Site d&#039;infos ind\u00e9pendant, depuis 1996\",\"potentialAction\":[{\"@type\":\"SearchAction\",\"target\":{\"@type\":\"EntryPoint\",\"urlTemplate\":\"https:\\\/\\\/visionarymarketing.com\\\/fr\\\/?s={search_term_string}\"},\"query-input\":{\"@type\":\"PropertyValueSpecification\",\"valueRequired\":true,\"valueName\":\"search_term_string\"}}],\"inLanguage\":\"fr-FR\"},{\"@type\":\"Person\",\"@id\":\"https:\\\/\\\/visionarymarketing.com\\\/fr\\\/#\\\/schema\\\/person\\\/3754fee1e558f47b8deb46f53c37423e\",\"name\":\"Yann Gourvennec\",\"image\":{\"@type\":\"ImageObject\",\"inLanguage\":\"fr-FR\",\"@id\":\"https:\\\/\\\/secure.gravatar.com\\\/avatar\\\/5972001801e8de5692a3e31224e85769f50a55fb8b679749f9c8d1868cceff14?s=96&d=initials&r=g&initials=yg\",\"url\":\"https:\\\/\\\/secure.gravatar.com\\\/avatar\\\/5972001801e8de5692a3e31224e85769f50a55fb8b679749f9c8d1868cceff14?s=96&d=initials&r=g&initials=yg\",\"contentUrl\":\"https:\\\/\\\/secure.gravatar.com\\\/avatar\\\/5972001801e8de5692a3e31224e85769f50a55fb8b679749f9c8d1868cceff14?s=96&d=initials&r=g&initials=yg\",\"caption\":\"Yann Gourvennec\"},\"description\":\"Yann Gourvennec created visionarymarketing.com in 1996. He is a speaker and author of many books. In 2014 he went from intrapreneur to entrepreneur, when he created his digital marketing agency. Yann Gourvennec a cr\u00e9\u00e9 visionarymarketing.com en 1996. Il est conf\u00e9rencier et auteur de plusieurs livres. En 2014, il est pass\u00e9 d'intrapreneur \u00e0 entrepreneur en cr\u00e9ant son agence de marketing num\u00e9rique.\",\"sameAs\":[\"https:\\\/\\\/visionarymarketing.com\",\"http:\\\/\\\/facebook.com\\\/ygourven\",\"http:\\\/\\\/linkedin.com\\\/in\\\/ygourven\",\"https:\\\/\\\/x.com\\\/ygourven\",\"https:\\\/\\\/www.youtube.com\\\/c\\\/visionarymarketingagency\"],\"url\":\"https:\\\/\\\/visionarymarketing.com\\\/fr\\\/author\\\/yann-gourvennec\\\/\"}]}<\/script>\n<!-- \/ Yoast SEO plugin. -->","yoast_head_json":{"title":"R\u00e9flexions (\u00e0 froid) sur la Fatigue Facebook et Facebook Home","description":"Je vous livre ici quelques r\u00e9flexions sur la fatigue Facebook. Il est triste de voir qu'un vieil outil est en train de mourir, et quand cela arrive, une","robots":{"index":"index","follow":"follow","max-snippet":"max-snippet:-1","max-image-preview":"max-image-preview:large","max-video-preview":"max-video-preview:-1"},"canonical":"https:\/\/visionarymarketing.com\/fr\/2013\/04\/09\/fatigue-facebook\/","og_locale":"fr_FR","og_type":"article","og_title":"R\u00e9flexions (\u00e0 froid) sur la Fatigue Facebook et Facebook Home","og_description":"Je vous livre ici quelques r\u00e9flexions sur la fatigue Facebook. Il est triste de voir qu'un vieil outil est en train de mourir, et quand cela arrive, une","og_url":"https:\/\/visionarymarketing.com\/fr\/2013\/04\/09\/fatigue-facebook\/","og_site_name":"Marketing and Innovation","article_publisher":"https:\/\/www.facebook.com\/vismktg","article_author":"http:\/\/facebook.com\/ygourven","article_published_time":"2013-04-09T07:00:35+00:00","article_modified_time":"2024-05-15T08:28:36+00:00","og_image":[{"width":520,"height":340,"url":"https:\/\/visionarymarketing.com\/wp-content\/uploads\/2013\/04\/jumpstory-download20210306-171420.jpg","type":"image\/jpeg"}],"author":"Yann Gourvennec","twitter_card":"summary_large_image","twitter_creator":"@ygourven","twitter_site":"@ygourven","twitter_misc":{"\u00c9crit par":"Yann Gourvennec","Dur\u00e9e de lecture estim\u00e9e":"6 minutes"},"schema":{"@context":"https:\/\/schema.org","@graph":[{"@type":"NewsArticle","@id":"https:\/\/visionarymarketing.com\/fr\/2013\/04\/09\/fatigue-facebook\/#article","isPartOf":{"@id":"https:\/\/visionarymarketing.com\/fr\/2013\/04\/09\/fatigue-facebook\/"},"author":{"name":"Yann Gourvennec","@id":"https:\/\/visionarymarketing.com\/fr\/#\/schema\/person\/3754fee1e558f47b8deb46f53c37423e"},"headline":"R\u00e9flexions (\u00e0 froid) sur la Fatigue Facebook et Facebook Home","datePublished":"2013-04-09T07:00:35+00:00","dateModified":"2024-05-15T08:28:36+00:00","mainEntityOfPage":{"@id":"https:\/\/visionarymarketing.com\/fr\/2013\/04\/09\/fatigue-facebook\/"},"wordCount":1378,"commentCount":0,"image":{"@id":"https:\/\/visionarymarketing.com\/fr\/2013\/04\/09\/fatigue-facebook\/#primaryimage"},"thumbnailUrl":"https:\/\/visionarymarketing.com\/wp-content\/uploads\/2013\/04\/jumpstory-download20210306-171420.jpg","articleSection":["m\u00e9dias \/ r\u00e9seaux sociaux"],"inLanguage":"fr-FR","potentialAction":[{"@type":"CommentAction","name":"Comment","target":["https:\/\/visionarymarketing.com\/fr\/2013\/04\/09\/fatigue-facebook\/#respond"]}]},{"@type":"WebPage","@id":"https:\/\/visionarymarketing.com\/fr\/2013\/04\/09\/fatigue-facebook\/","url":"https:\/\/visionarymarketing.com\/fr\/2013\/04\/09\/fatigue-facebook\/","name":"R\u00e9flexions (\u00e0 froid) sur la Fatigue Facebook et Facebook Home","isPartOf":{"@id":"https:\/\/visionarymarketing.com\/fr\/#website"},"primaryImageOfPage":{"@id":"https:\/\/visionarymarketing.com\/fr\/2013\/04\/09\/fatigue-facebook\/#primaryimage"},"image":{"@id":"https:\/\/visionarymarketing.com\/fr\/2013\/04\/09\/fatigue-facebook\/#primaryimage"},"thumbnailUrl":"https:\/\/visionarymarketing.com\/wp-content\/uploads\/2013\/04\/jumpstory-download20210306-171420.jpg","datePublished":"2013-04-09T07:00:35+00:00","dateModified":"2024-05-15T08:28:36+00:00","author":{"@id":"https:\/\/visionarymarketing.com\/fr\/#\/schema\/person\/3754fee1e558f47b8deb46f53c37423e"},"description":"Je vous livre ici quelques r\u00e9flexions sur la fatigue Facebook. Il est triste de voir qu'un vieil outil est en train de mourir, et quand cela arrive, une","breadcrumb":{"@id":"https:\/\/visionarymarketing.com\/fr\/2013\/04\/09\/fatigue-facebook\/#breadcrumb"},"inLanguage":"fr-FR","potentialAction":[{"@type":"ReadAction","target":["https:\/\/visionarymarketing.com\/fr\/2013\/04\/09\/fatigue-facebook\/"]}]},{"@type":"ImageObject","inLanguage":"fr-FR","@id":"https:\/\/visionarymarketing.com\/fr\/2013\/04\/09\/fatigue-facebook\/#primaryimage","url":"https:\/\/visionarymarketing.com\/wp-content\/uploads\/2013\/04\/jumpstory-download20210306-171420.jpg","contentUrl":"https:\/\/visionarymarketing.com\/wp-content\/uploads\/2013\/04\/jumpstory-download20210306-171420.jpg","width":520,"height":340},{"@type":"BreadcrumbList","@id":"https:\/\/visionarymarketing.com\/fr\/2013\/04\/09\/fatigue-facebook\/#breadcrumb","itemListElement":[{"@type":"ListItem","position":1,"name":"Home","item":"https:\/\/visionarymarketing.com\/fr\/"},{"@type":"ListItem","position":2,"name":"R\u00e9flexions (\u00e0 froid) sur la Fatigue Facebook et Facebook Home"}]},{"@type":"WebSite","@id":"https:\/\/visionarymarketing.com\/fr\/#website","url":"https:\/\/visionarymarketing.com\/fr\/","name":"Marketing and Innovation","description":"Site d&#039;infos ind\u00e9pendant, depuis 1996","potentialAction":[{"@type":"SearchAction","target":{"@type":"EntryPoint","urlTemplate":"https:\/\/visionarymarketing.com\/fr\/?s={search_term_string}"},"query-input":{"@type":"PropertyValueSpecification","valueRequired":true,"valueName":"search_term_string"}}],"inLanguage":"fr-FR"},{"@type":"Person","@id":"https:\/\/visionarymarketing.com\/fr\/#\/schema\/person\/3754fee1e558f47b8deb46f53c37423e","name":"Yann Gourvennec","image":{"@type":"ImageObject","inLanguage":"fr-FR","@id":"https:\/\/secure.gravatar.com\/avatar\/5972001801e8de5692a3e31224e85769f50a55fb8b679749f9c8d1868cceff14?s=96&d=initials&r=g&initials=yg","url":"https:\/\/secure.gravatar.com\/avatar\/5972001801e8de5692a3e31224e85769f50a55fb8b679749f9c8d1868cceff14?s=96&d=initials&r=g&initials=yg","contentUrl":"https:\/\/secure.gravatar.com\/avatar\/5972001801e8de5692a3e31224e85769f50a55fb8b679749f9c8d1868cceff14?s=96&d=initials&r=g&initials=yg","caption":"Yann Gourvennec"},"description":"Yann Gourvennec created visionarymarketing.com in 1996. He is a speaker and author of many books. In 2014 he went from intrapreneur to entrepreneur, when he created his digital marketing agency. Yann Gourvennec a cr\u00e9\u00e9 visionarymarketing.com en 1996. Il est conf\u00e9rencier et auteur de plusieurs livres. En 2014, il est pass\u00e9 d'intrapreneur \u00e0 entrepreneur en cr\u00e9ant son agence de marketing num\u00e9rique.","sameAs":["https:\/\/visionarymarketing.com","http:\/\/facebook.com\/ygourven","http:\/\/linkedin.com\/in\/ygourven","https:\/\/x.com\/ygourven","https:\/\/www.youtube.com\/c\/visionarymarketingagency"],"url":"https:\/\/visionarymarketing.com\/fr\/author\/yann-gourvennec\/"}]}},"_links":{"self":[{"href":"https:\/\/visionarymarketing.com\/fr\/wp-json\/wp\/v2\/posts\/8070","targetHints":{"allow":["GET"]}}],"collection":[{"href":"https:\/\/visionarymarketing.com\/fr\/wp-json\/wp\/v2\/posts"}],"about":[{"href":"https:\/\/visionarymarketing.com\/fr\/wp-json\/wp\/v2\/types\/post"}],"author":[{"embeddable":true,"href":"https:\/\/visionarymarketing.com\/fr\/wp-json\/wp\/v2\/users\/2"}],"replies":[{"embeddable":true,"href":"https:\/\/visionarymarketing.com\/fr\/wp-json\/wp\/v2\/comments?post=8070"}],"version-history":[{"count":0,"href":"https:\/\/visionarymarketing.com\/fr\/wp-json\/wp\/v2\/posts\/8070\/revisions"}],"wp:featuredmedia":[{"embeddable":true,"href":"https:\/\/visionarymarketing.com\/fr\/wp-json\/wp\/v2\/media\/62020"}],"wp:attachment":[{"href":"https:\/\/visionarymarketing.com\/fr\/wp-json\/wp\/v2\/media?parent=8070"}],"wp:term":[{"taxonomy":"category","embeddable":true,"href":"https:\/\/visionarymarketing.com\/fr\/wp-json\/wp\/v2\/categories?post=8070"},{"taxonomy":"post_tag","embeddable":true,"href":"https:\/\/visionarymarketing.com\/fr\/wp-json\/wp\/v2\/tags?post=8070"}],"curies":[{"name":"wp","href":"https:\/\/api.w.org\/{rel}","templated":true}]}}