{"id":80571,"date":"2024-05-21T09:13:00","date_gmt":"2024-05-21T07:13:00","guid":{"rendered":"https:\/\/visionarymarketing.com\/?p=80571"},"modified":"2024-05-23T15:20:22","modified_gmt":"2024-05-23T13:20:22","slug":"deconsommation","status":"publish","type":"post","link":"https:\/\/visionarymarketing.com\/fr\/2024\/05\/21\/deconsommation\/","title":{"rendered":"Le marketeur de demain, un d\u00e9marketeur ?"},"content":{"rendered":"<p><em>Le sujet de la d\u00e9consommation est hautement pol\u00e9mique, suffisamment pour d\u00e9clencher des discussions passionnelles et teint\u00e9es d&rsquo;id\u00e9ologie. Notre ami et confr\u00e8re Fr\u00e9d\u00e9ric Canevet a quant \u00e0 lui franchi le pas, et bien d\u00e9cid\u00e9 \u00e0 faire \u00e9voluer le marketing, il nous propose directement d&rsquo;adapter nos pratiques \u00e0 la d\u00e9consommation. Car selon lui, ce mouvement est in\u00e9vitable, et si les d\u00e9cisions vont \u00eatre douloureuses, elles <a href=\"https:\/\/visionarymarketing.com\/fr\/2023\/03\/10\/liberte-egalite-mobilite\/\">n&rsquo;en seront pas moins incontournables<\/a>. J&rsquo;ai interview\u00e9 Fr\u00e9d\u00e9ric sur le s<\/em><em>alon All4Marketing pour \u00e9voquer son nouveau livre sorti chez Eyrolles. Celui-ci s&rsquo;intitule <strong>Adapter son business dans un monde en d\u00e9consommation<\/strong>. Une pirouette assez spectaculaire pour l&rsquo;auteur d&rsquo;un pr\u00e9c\u00e9dent ouvrage sur le Growth hacking. Cette interview et ce livre seront-ils suffisants pour faire basculer les marketeurs de la croissance vers la d\u00e9croissance et la d\u00e9consommation ? Visionary Marketing a men\u00e9 l&rsquo;enqu\u00eate en se faisant parfois, l&rsquo;avocat du diable.<\/em><\/p>\n<h2>D\u00e9consommation : le marketeur de demain sera-t-il un d\u00e9marketeur ?<\/h2>\n<figure id=\"attachment_80573\" aria-describedby=\"caption-attachment-80573\" style=\"width: 1200px\" class=\"wp-caption aligncenter\"><img decoding=\"async\" class=\"wp-image-80573 size-full\" src=\"https:\/\/visionarymarketing.com\/wp-content\/uploads\/2024\/05\/53700641285-cef202531a-k-e1716450583498.jpg\" alt=\"Allons-nous vers un monde de d\u00e9consommation ? La r\u00e9ponse de Fr\u00e9d\u00e9ric Canevet est un oui sans ambigu\u00eft\u00e9. Nous en profitons pour vous pr\u00e9senter votre prochaine voiture \u2014 photo Antimuseum.com Yann Gourvennec photography\" width=\"1200\" height=\"676\" srcset=\"https:\/\/visionarymarketing.com\/wp-content\/uploads\/2024\/05\/53700641285-cef202531a-k-e1716450583498.jpg 1200w, https:\/\/visionarymarketing.com\/wp-content\/uploads\/2024\/05\/53700641285-cef202531a-k-e1716450583498-500x282.jpg 500w, https:\/\/visionarymarketing.com\/wp-content\/uploads\/2024\/05\/53700641285-cef202531a-k-e1716450583498-1024x577.jpg 1024w, https:\/\/visionarymarketing.com\/wp-content\/uploads\/2024\/05\/53700641285-cef202531a-k-e1716450583498-768x433.jpg 768w, https:\/\/visionarymarketing.com\/wp-content\/uploads\/2024\/05\/53700641285-cef202531a-k-e1716450583498-390x220.jpg 390w\" sizes=\"(max-width: 1200px) 100vw, 1200px\" \/><figcaption id=\"caption-attachment-80573\" class=\"wp-caption-text\">Allons-nous vers un monde de d\u00e9consommation ? La r\u00e9ponse de Fr\u00e9d\u00e9ric Canevet est un oui sans ambigu\u00eft\u00e9. Nous en profitons pour vous pr\u00e9senter votre prochaine voiture \u2014 photo <a href=\"https:\/\/Antimuseum.com\" target=\"_blank\" rel=\"noopener\">Antimuseum.com<\/a> Yann Gourvennec photography<\/figcaption><\/figure>\n<h3>Avec ce livre sur la d\u00e9consommation, tu vas sans doute te faire des amis !<\/h3>\n<p><strong>FC<\/strong>. Oui, c&rsquo;est vrai que ce livre-l\u00e0 ne va pas faire plaisir \u00e0 tout le monde. M\u00eame moi j\u2019h\u00e9site \u00e0 le pr\u00e9senter \u00e0 tout le monde, car parler de d\u00e9croissance, \u00e7a fait peur. Et c&rsquo;est pour \u00e7a que d&rsquo;ailleurs, le titre du bouquin ne contient pas ce mot de d\u00e9croissance. \u00c7a fait peur aux gens.<\/p>\n<blockquote class=\"quote-light\"><p>Le livre ne contient pas le mot de \u00ab\u00a0d\u00e9croissance\u00a0\u00bb, car cela fait peur.<\/p><\/blockquote>\n<p>Quoiqu\u2019il en soit, il y a de gros probl\u00e8mes \u00e0 anticiper et il faut agir d\u00e8s maintenant pour que la crise \u00e0 venir soit la moins dure possible.<\/p>\n<figure id=\"attachment_80574\" aria-describedby=\"caption-attachment-80574\" style=\"width: 1456px\" class=\"wp-caption aligncenter\"><img decoding=\"async\" class=\"wp-image-80574 size-full\" src=\"https:\/\/visionarymarketing.com\/wp-content\/uploads\/2024\/05\/ygourven-customers-have-left-the-supermarket-the-shelves-are-em-f440e816-0471-4f89-b72c-4097646c7143.jpg\" alt=\"d\u00e9consommation\" width=\"1456\" height=\"816\" srcset=\"https:\/\/visionarymarketing.com\/wp-content\/uploads\/2024\/05\/ygourven-customers-have-left-the-supermarket-the-shelves-are-em-f440e816-0471-4f89-b72c-4097646c7143.jpg 1456w, https:\/\/visionarymarketing.com\/wp-content\/uploads\/2024\/05\/ygourven-customers-have-left-the-supermarket-the-shelves-are-em-f440e816-0471-4f89-b72c-4097646c7143-500x280.jpg 500w, https:\/\/visionarymarketing.com\/wp-content\/uploads\/2024\/05\/ygourven-customers-have-left-the-supermarket-the-shelves-are-em-f440e816-0471-4f89-b72c-4097646c7143-1024x574.jpg 1024w, https:\/\/visionarymarketing.com\/wp-content\/uploads\/2024\/05\/ygourven-customers-have-left-the-supermarket-the-shelves-are-em-f440e816-0471-4f89-b72c-4097646c7143-768x430.jpg 768w, https:\/\/visionarymarketing.com\/wp-content\/uploads\/2024\/05\/ygourven-customers-have-left-the-supermarket-the-shelves-are-em-f440e816-0471-4f89-b72c-4097646c7143-390x220.jpg 390w\" sizes=\"(max-width: 1456px) 100vw, 1456px\" \/><figcaption id=\"caption-attachment-80574\" class=\"wp-caption-text\">Le cauchemar du marketeur grand public, sans aucun doute : des consommateurs qui d\u00e9serteraient les all\u00e9es des supermarch\u00e9s ? Verrons-nous un jour le sc\u00e9nario du Bonheur des dames se d\u00e9rouler \u00e0 l&rsquo;envers ? \u2014 image produite avec Midjourney<\/figcaption><\/figure>\n<h3>Tu parles de la crise \u00e0 venir, cette permacrise, ce n\u2019est pas assez ?<\/h3>\n<p><strong>FC.<\/strong> Ce n\u2019est que le d\u00e9but, malheureusement.<\/p>\n<p>Dans les ann\u00e9es 70, on a v\u00e9cu une croissance exponentielle de la consommation, qui s&rsquo;est encore acc\u00e9l\u00e9r\u00e9e ces derni\u00e8res ann\u00e9es. Cela \u00e9tait d\u00fb \u00e0 l\u2019\u00e9nergie abondante, aux mati\u00e8res premi\u00e8res qu&rsquo;on pouvait extraire, \u00e0 l&rsquo;exploitation des ressources naturelles.<\/p>\n<p>Or les diff\u00e9rentes \u00e9nergies sont cumulatives. Tout le monde parle de transition \u00e9nerg\u00e9tique, mais cela n\u2019existe pas. Et \u00e0 un moment on finira par buter sur des pics.<br \/>\nPour la consommation de p\u00e9trole par exemple, mais \u00e9galement le phosphate, dont nous disposons de stocks pour 60 ans seulement.<\/p>\n<figure id=\"attachment_80582\" aria-describedby=\"caption-attachment-80582\" style=\"width: 2466px\" class=\"wp-caption aligncenter\"><img decoding=\"async\" class=\"size-full wp-image-80582\" src=\"https:\/\/visionarymarketing.com\/wp-content\/uploads\/2024\/05\/screenshot-2024-05-21-at-090454.jpg\" alt=\"d\u00e9consommation\" width=\"2466\" height=\"1564\" srcset=\"https:\/\/visionarymarketing.com\/wp-content\/uploads\/2024\/05\/screenshot-2024-05-21-at-090454.jpg 1920w, https:\/\/visionarymarketing.com\/wp-content\/uploads\/2024\/05\/screenshot-2024-05-21-at-090454-473x300.jpg 473w, https:\/\/visionarymarketing.com\/wp-content\/uploads\/2024\/05\/screenshot-2024-05-21-at-090454-1024x649.jpg 1024w, https:\/\/visionarymarketing.com\/wp-content\/uploads\/2024\/05\/screenshot-2024-05-21-at-090454-768x487.jpg 768w, https:\/\/visionarymarketing.com\/wp-content\/uploads\/2024\/05\/screenshot-2024-05-21-at-090454-1536x974.jpg 1536w\" sizes=\"(max-width: 2466px) 100vw, 2466px\" \/><figcaption id=\"caption-attachment-80582\" class=\"wp-caption-text\">La d\u00e9consommation n&rsquo;est pas un choix, mais une obligation selon Fr\u00e9d\u00e9ric Canevet &#8211; illustration issue du livre.<\/figcaption><\/figure>\n<h3>Pourtant, <a href=\"https:\/\/www.polytechnique-insights.com\/tribunes\/energie\/les-immenses-reserves-de-petrole-face-a-lenjeu-de-reduction-de-la-consommation\/\" target=\"_blank\" rel=\"noopener\">un rapport des mines<\/a> d\u00e9clare qu\u2019il n\u2019y aura pas de peak oil. Car on mesure les stocks, mais pas les r\u00e9serves.<\/h3>\n<p><strong>FC.<\/strong> C\u2019est tout \u00e0 fait vrai. Il y a des r\u00e9serves cach\u00e9es qui seront d\u00e9couvertes. Mais le probl\u00e8me, c&rsquo;est qu&rsquo;avec ce qu&rsquo;on a d\u00e9j\u00e0 consomm\u00e9, on est d\u00e9j\u00e0 \u00e0 2 degr\u00e9s de r\u00e9chauffement moyen de la plan\u00e8te.<\/p>\n<p>Si nous allons en chercher encore plus, irons-nous \u00e0 4, 6 ou 10 degr\u00e9s ? Il n&rsquo;y aura plus de terre \u00e0 ce r\u00e9gime.<br \/>\nEn dehors de ces moyennes, ce sont des pics de chaleur auxquels nous aurons \u00e0 faire face.<br \/>\nEt ce ne sera peut-\u00eatre pas en France que cela sera le pire. Mais en Afrique ou en Asie, on ne pourra plus vivre.<br \/>\nDans ces pays o\u00f9 il fera encore beaucoup plus chaud que d\u2019ordinaire, l&rsquo;agriculture sera beaucoup plus complexe.<\/p>\n<p>Et dans des pays comme la Tunisie o\u00f9 il y a d\u00e9j\u00e0 de grosses p\u00e9nuries alimentaires, ils n&rsquo;ont pas les moyens de faire venir toutes les denr\u00e9es n\u00e9cessaires. Ces gens-l\u00e0 n&rsquo;auront plus de perspectives. Que vont-ils faire ? Ils viendront en Europe et cela cr\u00e9era des tensions suppl\u00e9mentaires.<\/p>\n<p>2 degr\u00e9s en moyenne, c\u2019est \u00e9norme !<\/p>\n<h3>Parlons marketing : on va passe au \u00ab demarketing \u00bb si je comprends bien ?<\/h3>\n<p><strong>FC.<\/strong> Je pars de ce constat.<\/p>\n<p>Aujourd\u2019hui toutes les entreprises font un peu de RSE, mais elles ne le font pas de mani\u00e8re naturelle. Il leur faut une obligation.<\/p>\n<p>Et la RSE, c&rsquo;est juste un premier pilier. On fait de petits gestes, mais on ne va pas toucher au c\u0153ur de business.<br \/>\nCe livre est l\u00e0 pour \u00e7a.<\/p>\n<p>D\u2019abord il faut faire un bilan, c\u2019est le sujet du premier chapitre. J\u2019ai voulu faire dans la simplicit\u00e9. Il faut juste appuyer l\u00e0 o\u00f9 \u00e7a fait mal et faire prendre conscience que les mod\u00e8les d\u2019affaires ne sont pas r\u00e9silients.<\/p>\n<h3>Imaginons qu&rsquo;avec ce ph\u00e9nom\u00e8ne de d\u00e9consommation, tout d&rsquo;un coup, le CA baisse de 20 ou 30 %, comment l\u2019organisation va-t-elle pouvoir r\u00e9agir ? En g\u00e9n\u00e9ral, le r\u00e9sultat, c&rsquo;est qu&rsquo;on licencie ou qu\u2019on ferme la boutique.<\/h3>\n<p><strong>FC.<\/strong> Exactement, sauf que cela se fait dans la pr\u00e9cipitation sans v\u00e9ritable r\u00e9flexion ni anticipation.<br \/>\nTel est l\u2019objectif de l\u2019ouvrage. \u00c9viter la panique et amener les entreprises \u00e0 anticiper.<\/p>\n<h3>Mais comment faire bouger les climatosceptiques et ils sont nombreux dans le business ?<\/h3>\n<p><strong>FC.<\/strong> Ces gens-l\u00e0 ont une vision tr\u00e8s court-termiste. Ce que je dis dans le livre c\u2019est \u00ab arr\u00eatez de penser au chiffre d&rsquo;affaires, pensez \u00e0 vos marges ! \u00bb.<\/p>\n<p>C&rsquo;est le sujet du deuxi\u00e8me chapitre.<\/p>\n<figure id=\"attachment_80583\" aria-describedby=\"caption-attachment-80583\" style=\"width: 2390px\" class=\"wp-caption aligncenter\"><img decoding=\"async\" class=\"size-full wp-image-80583\" src=\"https:\/\/visionarymarketing.com\/wp-content\/uploads\/2024\/05\/screenshot-2024-05-21-at-090637.jpg\" alt=\"d\u00e9consommation\" width=\"2390\" height=\"1644\" srcset=\"https:\/\/visionarymarketing.com\/wp-content\/uploads\/2024\/05\/screenshot-2024-05-21-at-090637.jpg 1920w, https:\/\/visionarymarketing.com\/wp-content\/uploads\/2024\/05\/screenshot-2024-05-21-at-090637-436x300.jpg 436w, https:\/\/visionarymarketing.com\/wp-content\/uploads\/2024\/05\/screenshot-2024-05-21-at-090637-1024x704.jpg 1024w, https:\/\/visionarymarketing.com\/wp-content\/uploads\/2024\/05\/screenshot-2024-05-21-at-090637-768x528.jpg 768w, https:\/\/visionarymarketing.com\/wp-content\/uploads\/2024\/05\/screenshot-2024-05-21-at-090637-1536x1057.jpg 1536w, https:\/\/visionarymarketing.com\/wp-content\/uploads\/2024\/05\/screenshot-2024-05-21-at-090637-220x150.jpg 220w\" sizes=\"(max-width: 2390px) 100vw, 2390px\" \/><figcaption id=\"caption-attachment-80583\" class=\"wp-caption-text\">Face \u00e0 l&rsquo;urgence climatique, diff\u00e9rentes attitudes, fort oppos\u00e9es et clivantes \u2014 illustration issue du livre<\/figcaption><\/figure>\n<h3>OK, mais si ton CA baisse tes concurrents vont se frotter les mains !<\/h3>\n<p><strong>FC.<\/strong> Oui, tout \u00e0 fait, on ne peut agir seul. Personnellement je suis persuad\u00e9 que c&rsquo;est le grand public qui va pousser le monde professionnel \u00e0 agir.<\/p>\n<p>Mais quelque part, on n&rsquo;aura pas le choix, car la crise sera bel et bien l\u00e0.<\/p>\n<p>Ce deuxi\u00e8me chapitre est l\u00e0 pour expliquer comment rendre son entreprise frugale, et au-del\u00e0, plus r\u00e9siliente tout en r\u00e9duisant son impact.<\/p>\n<h3>Comment l\u2019Europe arrivera-t-elle ainsi \u00e0 rattraper le retard de croissance sur l\u2019Am\u00e9rique alors que le foss\u00e9 s\u2019est creus\u00e9 ces derni\u00e8res ann\u00e9es ?<\/h3>\n<p><strong>FC.<\/strong> Ce n&rsquo;est pas la bonne question !<\/p>\n<p>Le but n&rsquo;est pas de consommer autant, de continuer la croissance, mais de se dire comment faire pour d\u00e9cro\u00eetre.<\/p>\n<p>Puisqu&rsquo;en fait, le probl\u00e8me actuel est d\u00fb \u00e0 la surexploitation du monde. Il faut donc r\u00e9duire la voilure. Donc, vendre moins, et essayer de le faire le plus rapidement possible.<\/p>\n<figure id=\"attachment_80584\" aria-describedby=\"caption-attachment-80584\" style=\"width: 1220px\" class=\"wp-caption aligncenter\"><img decoding=\"async\" class=\"wp-image-80584 size-full\" src=\"https:\/\/visionarymarketing.com\/wp-content\/uploads\/2024\/05\/screenshot-2024-05-21-at-090756.jpg\" alt=\"le livre de Fr\u00e9d\u00e9ric Canevet\" width=\"1220\" height=\"862\" srcset=\"https:\/\/visionarymarketing.com\/wp-content\/uploads\/2024\/05\/screenshot-2024-05-21-at-090756.jpg 1220w, https:\/\/visionarymarketing.com\/wp-content\/uploads\/2024\/05\/screenshot-2024-05-21-at-090756-425x300.jpg 425w, https:\/\/visionarymarketing.com\/wp-content\/uploads\/2024\/05\/screenshot-2024-05-21-at-090756-1024x724.jpg 1024w, https:\/\/visionarymarketing.com\/wp-content\/uploads\/2024\/05\/screenshot-2024-05-21-at-090756-768x543.jpg 768w\" sizes=\"(max-width: 1220px) 100vw, 1220px\" \/><figcaption id=\"caption-attachment-80584\" class=\"wp-caption-text\">La croissance, c&rsquo;est so last year ! &#8211; couverture du livre de Fr\u00e9d\u00e9ric Canevet chez Eyrolles<\/figcaption><\/figure>\n<h3>Mais comment passer \u00e0 la d\u00e9consommation ? En devenant amish ?<\/h3>\n<p><strong>FC.<\/strong> Non, en devenant agiles.<\/p>\n<p>Et c&rsquo;est la deuxi\u00e8me partie du livre, je r\u00e9duis en fait ma voilure, je suis&#8230; plus agile et je suis capable d&rsquo;\u00eatre plus r\u00e9silient face aux temp\u00eates \u00e0 venir.<\/p>\n<p>Ensuite, la troisi\u00e8me et quatri\u00e8me partie sont d\u00e9di\u00e9es \u00e0 la fa\u00e7on de faire des offres qui vont r\u00e9sister \u00e0 cela. Et je dis clairement que quand tu es dans une p\u00e9riode de croissance, comme on est actuellement, les mauvais s&rsquo;en sortent.<\/p>\n<p>Quand on est en p\u00e9riode de r\u00e9cession, de d\u00e9croissance, qu&rsquo;est-ce qui va se passer ? Les mauvais vont mourir en premier, pas les meilleurs.<\/p>\n<h3>Justement, le meilleur ce ne serait pas Total par hasard ?<\/h3>\n<p><strong>FC.<\/strong> Certes, mais ils finiront aussi par avoir des difficult\u00e9s, car l\u2019exploitation du p\u00e9trole finira par ne plus rapporter, car son extraction co\u00fbtera de plus en plus cher.<\/p>\n<p>Mais sur le long terme, \u00e7a ne marchera pas.<\/p>\n<p>Et surtout, ils doivent assumer leur responsabilit\u00e9. Timoth\u00e9e Parrique explique qu\u2019on ne peut pas faire une r\u00e9volution environnementale tout seuls.<\/p>\n<p>Je me dis qu\u2019il faut progressivement faire \u00e9voluer l&rsquo;\u00e9conomie actuelle pour pouvoir faire \u00e9merger une nouvelle \u00e9conomie. Mais il n&rsquo;y aura pas de solution simple. Le futur va \u00eatre tr\u00e8s compliqu\u00e9 et les d\u00e9cisions \u00e0 prendre seront toutes difficiles.<\/p>\n<p>Nous conseillons au lecteur d\u2019\u00e9couter l\u2019int\u00e9gralit\u00e9 de nos \u00e9changes avec Fr\u00e9d\u00e9ric dans le podcast associ\u00e9 \u00e0 ce billet.<\/p>\n<p><a href=\"https:\/\/izibook.eyrolles.com\/produit\/11811516\/9782212764482\/adapter-son-business-dans-un-monde-en-deconsommation\" target=\"_blank\" rel=\"noopener\"><img decoding=\"async\" class=\"aligncenter wp-image-23414 size-full\" src=\"https:\/\/visionarymarketing.com\/wp-content\/uploads\/2017\/02\/tous-boutons.png\" alt=\"acheter le livre sur la d\u00e9consommation\" width=\"450\" height=\"75\" \/><\/a><\/p>\n<div itemscope itemtype=\"http:\/\/schema.org\/AudioObject\"><meta itemprop=\"name\" content=\"Le marketeur de demain, un d\u00e9marketeur ?\" \/><meta itemprop=\"uploadDate\" content=\"2024-05-21T09:13:00+02:00\" \/><meta itemprop=\"encodingFormat\" content=\"audio\/mpeg\" \/><meta itemprop=\"description\" content=\"Le sujet de la d\u00e9consommation est hautement pol\u00e9mique, suffisamment pour d\u00e9clencher des discussions passionnelles et teint\u00e9es d&#039;id\u00e9ologie. Notre ami et confr\u00e8re Fr\u00e9d\u00e9ric Canevet a quant \u00e0 lui franchi le pas, et bien d\u00e9cid\u00e9 \u00e0 faire \u00e9voluer le marketin...\" \/><meta itemprop=\"contentUrl\" content=\"https:\/\/media.blubrry.com\/visionarymarketing_les\/agence.visionarymarketing.com\/files\/podcasts\/2024-05-21-FC-deconsommation-mixdown.mp3\" \/><meta itemprop=\"contentSize\" content=\"18.4\" \/><div class=\"powerpress_player\" id=\"powerpress_player_5964\"><audio class=\"wp-audio-shortcode\" id=\"audio-80571-1\" preload=\"none\" style=\"width: 100%;\" controls=\"controls\"><source type=\"audio\/mpeg\" src=\"https:\/\/media.blubrry.com\/visionarymarketing_les\/agence.visionarymarketing.com\/files\/podcasts\/2024-05-21-FC-deconsommation-mixdown.mp3?_=1\" \/><a href=\"https:\/\/media.blubrry.com\/visionarymarketing_les\/agence.visionarymarketing.com\/files\/podcasts\/2024-05-21-FC-deconsommation-mixdown.mp3\">https:\/\/media.blubrry.com\/visionarymarketing_les\/agence.visionarymarketing.com\/files\/podcasts\/2024-05-21-FC-deconsommation-mixdown.mp3<\/a><\/audio><\/div><\/div><p class=\"powerpress_links powerpress_links_mp3\" style=\"margin-bottom: 1px !important;\">Podcast: <a href=\"https:\/\/media.blubrry.com\/visionarymarketing_les\/agence.visionarymarketing.com\/files\/podcasts\/2024-05-21-FC-deconsommation-mixdown.mp3\" class=\"powerpress_link_pinw\" target=\"_blank\" title=\"Play in new window\" onclick=\"return powerpress_pinw('https:\/\/visionarymarketing.com\/fr\/\/?powerpress_pinw=80571-podcast');\" rel=\"nofollow\">Play in new window<\/a> | <a href=\"https:\/\/media.blubrry.com\/visionarymarketing_les\/agence.visionarymarketing.com\/files\/podcasts\/2024-05-21-FC-deconsommation-mixdown.mp3\" class=\"powerpress_link_d\" title=\"Download\" rel=\"nofollow\" download=\"2024-05-21-FC-deconsommation-mixdown.mp3\">Download<\/a> (18.4MB)<\/p><p class=\"powerpress_links powerpress_subscribe_links\">Subscribe: <a href=\"https:\/\/itunes.apple.com\/us\/podcast\/visionarymarketing-les-interviews\/id731295319?mt=2&amp;ls=1#episodeGuid=https%3A%2F%2Fvisionarymarketing.com%2F%3Fp%3D80571\" class=\"powerpress_link_subscribe powerpress_link_subscribe_itunes\" target=\"_blank\" title=\"Subscribe on Apple Podcasts\" rel=\"nofollow\">Apple Podcasts<\/a> | <a href=\"https:\/\/open.spotify.com\/show\/52VnZ1mhVSnDs4tQOx7Vuc\" class=\"powerpress_link_subscribe powerpress_link_subscribe_spotify\" target=\"_blank\" title=\"Subscribe on Spotify\" rel=\"nofollow\">Spotify<\/a> | <a href=\"https:\/\/subscribeonandroid.com\/visionarymarketing.com\/fr\/feed\/podcast\/\" class=\"powerpress_link_subscribe powerpress_link_subscribe_android\" target=\"_blank\" title=\"Subscribe on Android\" rel=\"nofollow\">Android<\/a> | <a href=\"https:\/\/visionarymarketing.com\/fr\/feed\/podcast\/\" class=\"powerpress_link_subscribe powerpress_link_subscribe_rss\" target=\"_blank\" title=\"Subscribe via RSS\" rel=\"nofollow\">RSS<\/a><\/p>","protected":false},"excerpt":{"rendered":"<p>Le sujet de la d\u00e9consommation est hautement pol\u00e9mique, suffisamment pour d\u00e9clencher des discussions passionnelles et teint\u00e9es d&rsquo;id\u00e9ologie. Notre ami et confr\u00e8re Fr\u00e9d\u00e9ric Canevet a quant \u00e0 lui franchi le pas, et bien d\u00e9cid\u00e9 \u00e0 faire \u00e9voluer le marketing, il nous propose directement d&rsquo;adapter nos pratiques \u00e0 la d\u00e9consommation. Car selon lui, ce mouvement est in\u00e9vitable, &hellip;<\/p>\n","protected":false},"author":2,"featured_media":80573,"comment_status":"open","ping_status":"open","sticky":false,"template":"","format":"standard","meta":{"footnotes":""},"categories":[1613],"tags":[],"class_list":["post-80571","post","type-post","status-publish","format-standard","has-post-thumbnail","hentry","category-marketing-digital-marketing"],"yoast_head":"<!-- This site is optimized with the Yoast SEO plugin v27.5 - https:\/\/yoast.com\/product\/yoast-seo-wordpress\/ -->\n<title>D\u00e9consommation : nouvelle mission du marketeur du 21e si\u00e8cle ?<\/title>\n<meta name=\"description\" content=\"Le sujet de la d\u00e9consommation est hautement pol\u00e9mique. Selon Fr\u00e9d\u00e9ric Canvet il est cependant incontournable\" \/>\n<meta name=\"robots\" content=\"index, follow, max-snippet:-1, max-image-preview:large, max-video-preview:-1\" \/>\n<link rel=\"canonical\" href=\"https:\/\/visionarymarketing.com\/fr\/2024\/05\/21\/deconsommation\/\" \/>\n<meta property=\"og:locale\" content=\"fr_FR\" \/>\n<meta property=\"og:type\" content=\"article\" \/>\n<meta property=\"og:title\" content=\"D\u00e9consommation : nouvelle mission du marketeur du 21e si\u00e8cle ?\" \/>\n<meta property=\"og:description\" content=\"Le sujet de la d\u00e9consommation est hautement pol\u00e9mique. Selon Fr\u00e9d\u00e9ric Canvet il est cependant incontournable\" \/>\n<meta property=\"og:url\" content=\"https:\/\/visionarymarketing.com\/fr\/2024\/05\/21\/deconsommation\/\" \/>\n<meta property=\"og:site_name\" content=\"Marketing and Innovation\" \/>\n<meta property=\"article:publisher\" content=\"https:\/\/www.facebook.com\/vismktg\" \/>\n<meta property=\"article:author\" content=\"http:\/\/facebook.com\/ygourven\" \/>\n<meta property=\"article:published_time\" content=\"2024-05-21T07:13:00+00:00\" \/>\n<meta property=\"article:modified_time\" content=\"2024-05-23T13:20:22+00:00\" \/>\n<meta property=\"og:image\" content=\"https:\/\/visionarymarketing.com\/wp-content\/uploads\/2024\/05\/53700641285-cef202531a-k-e1716450583498.jpg\" \/>\n\t<meta property=\"og:image:width\" content=\"1200\" \/>\n\t<meta property=\"og:image:height\" content=\"676\" \/>\n\t<meta property=\"og:image:type\" content=\"image\/jpeg\" \/>\n<meta name=\"author\" content=\"Yann Gourvennec\" \/>\n<meta name=\"twitter:card\" content=\"summary_large_image\" \/>\n<meta name=\"twitter:creator\" content=\"@ygourven\" \/>\n<meta name=\"twitter:site\" content=\"@ygourven\" \/>\n<meta name=\"twitter:label1\" content=\"\u00c9crit par\" \/>\n\t<meta name=\"twitter:data1\" content=\"Yann Gourvennec\" \/>\n\t<meta name=\"twitter:label2\" content=\"Dur\u00e9e de lecture estim\u00e9e\" \/>\n\t<meta name=\"twitter:data2\" content=\"7 minutes\" \/>\n<script type=\"application\/ld+json\" class=\"yoast-schema-graph\">{\"@context\":\"https:\\\/\\\/schema.org\",\"@graph\":[{\"@type\":\"NewsArticle\",\"@id\":\"https:\\\/\\\/visionarymarketing.com\\\/fr\\\/2024\\\/05\\\/21\\\/deconsommation\\\/#article\",\"isPartOf\":{\"@id\":\"https:\\\/\\\/visionarymarketing.com\\\/fr\\\/2024\\\/05\\\/21\\\/deconsommation\\\/\"},\"author\":{\"name\":\"Yann Gourvennec\",\"@id\":\"https:\\\/\\\/visionarymarketing.com\\\/fr\\\/#\\\/schema\\\/person\\\/3754fee1e558f47b8deb46f53c37423e\"},\"headline\":\"Le marketeur de demain, un d\u00e9marketeur ?\",\"datePublished\":\"2024-05-21T07:13:00+00:00\",\"dateModified\":\"2024-05-23T13:20:22+00:00\",\"mainEntityOfPage\":{\"@id\":\"https:\\\/\\\/visionarymarketing.com\\\/fr\\\/2024\\\/05\\\/21\\\/deconsommation\\\/\"},\"wordCount\":1478,\"commentCount\":1,\"image\":{\"@id\":\"https:\\\/\\\/visionarymarketing.com\\\/fr\\\/2024\\\/05\\\/21\\\/deconsommation\\\/#primaryimage\"},\"thumbnailUrl\":\"https:\\\/\\\/visionarymarketing.com\\\/wp-content\\\/uploads\\\/2024\\\/05\\\/53700641285-cef202531a-k-e1716450583498.jpg\",\"articleSection\":[\"marketing digital\"],\"inLanguage\":\"fr-FR\",\"potentialAction\":[{\"@type\":\"CommentAction\",\"name\":\"Comment\",\"target\":[\"https:\\\/\\\/visionarymarketing.com\\\/fr\\\/2024\\\/05\\\/21\\\/deconsommation\\\/#respond\"]}]},{\"@type\":\"WebPage\",\"@id\":\"https:\\\/\\\/visionarymarketing.com\\\/fr\\\/2024\\\/05\\\/21\\\/deconsommation\\\/\",\"url\":\"https:\\\/\\\/visionarymarketing.com\\\/fr\\\/2024\\\/05\\\/21\\\/deconsommation\\\/\",\"name\":\"D\u00e9consommation : nouvelle mission du marketeur du 21e si\u00e8cle ?\",\"isPartOf\":{\"@id\":\"https:\\\/\\\/visionarymarketing.com\\\/fr\\\/#website\"},\"primaryImageOfPage\":{\"@id\":\"https:\\\/\\\/visionarymarketing.com\\\/fr\\\/2024\\\/05\\\/21\\\/deconsommation\\\/#primaryimage\"},\"image\":{\"@id\":\"https:\\\/\\\/visionarymarketing.com\\\/fr\\\/2024\\\/05\\\/21\\\/deconsommation\\\/#primaryimage\"},\"thumbnailUrl\":\"https:\\\/\\\/visionarymarketing.com\\\/wp-content\\\/uploads\\\/2024\\\/05\\\/53700641285-cef202531a-k-e1716450583498.jpg\",\"datePublished\":\"2024-05-21T07:13:00+00:00\",\"dateModified\":\"2024-05-23T13:20:22+00:00\",\"author\":{\"@id\":\"https:\\\/\\\/visionarymarketing.com\\\/fr\\\/#\\\/schema\\\/person\\\/3754fee1e558f47b8deb46f53c37423e\"},\"description\":\"Le sujet de la d\u00e9consommation est hautement pol\u00e9mique. Selon Fr\u00e9d\u00e9ric Canvet il est cependant incontournable\",\"breadcrumb\":{\"@id\":\"https:\\\/\\\/visionarymarketing.com\\\/fr\\\/2024\\\/05\\\/21\\\/deconsommation\\\/#breadcrumb\"},\"inLanguage\":\"fr-FR\",\"potentialAction\":[{\"@type\":\"ReadAction\",\"target\":[\"https:\\\/\\\/visionarymarketing.com\\\/fr\\\/2024\\\/05\\\/21\\\/deconsommation\\\/\"]}]},{\"@type\":\"ImageObject\",\"inLanguage\":\"fr-FR\",\"@id\":\"https:\\\/\\\/visionarymarketing.com\\\/fr\\\/2024\\\/05\\\/21\\\/deconsommation\\\/#primaryimage\",\"url\":\"https:\\\/\\\/visionarymarketing.com\\\/wp-content\\\/uploads\\\/2024\\\/05\\\/53700641285-cef202531a-k-e1716450583498.jpg\",\"contentUrl\":\"https:\\\/\\\/visionarymarketing.com\\\/wp-content\\\/uploads\\\/2024\\\/05\\\/53700641285-cef202531a-k-e1716450583498.jpg\",\"width\":1200,\"height\":676},{\"@type\":\"BreadcrumbList\",\"@id\":\"https:\\\/\\\/visionarymarketing.com\\\/fr\\\/2024\\\/05\\\/21\\\/deconsommation\\\/#breadcrumb\",\"itemListElement\":[{\"@type\":\"ListItem\",\"position\":1,\"name\":\"Home\",\"item\":\"https:\\\/\\\/visionarymarketing.com\\\/fr\\\/\"},{\"@type\":\"ListItem\",\"position\":2,\"name\":\"Le marketeur de demain, un d\u00e9marketeur ?\"}]},{\"@type\":\"WebSite\",\"@id\":\"https:\\\/\\\/visionarymarketing.com\\\/fr\\\/#website\",\"url\":\"https:\\\/\\\/visionarymarketing.com\\\/fr\\\/\",\"name\":\"Marketing and Innovation\",\"description\":\"Site d&#039;infos ind\u00e9pendant, depuis 1996\",\"potentialAction\":[{\"@type\":\"SearchAction\",\"target\":{\"@type\":\"EntryPoint\",\"urlTemplate\":\"https:\\\/\\\/visionarymarketing.com\\\/fr\\\/?s={search_term_string}\"},\"query-input\":{\"@type\":\"PropertyValueSpecification\",\"valueRequired\":true,\"valueName\":\"search_term_string\"}}],\"inLanguage\":\"fr-FR\"},{\"@type\":\"Person\",\"@id\":\"https:\\\/\\\/visionarymarketing.com\\\/fr\\\/#\\\/schema\\\/person\\\/3754fee1e558f47b8deb46f53c37423e\",\"name\":\"Yann Gourvennec\",\"image\":{\"@type\":\"ImageObject\",\"inLanguage\":\"fr-FR\",\"@id\":\"https:\\\/\\\/secure.gravatar.com\\\/avatar\\\/5972001801e8de5692a3e31224e85769f50a55fb8b679749f9c8d1868cceff14?s=96&d=initials&r=g&initials=yg\",\"url\":\"https:\\\/\\\/secure.gravatar.com\\\/avatar\\\/5972001801e8de5692a3e31224e85769f50a55fb8b679749f9c8d1868cceff14?s=96&d=initials&r=g&initials=yg\",\"contentUrl\":\"https:\\\/\\\/secure.gravatar.com\\\/avatar\\\/5972001801e8de5692a3e31224e85769f50a55fb8b679749f9c8d1868cceff14?s=96&d=initials&r=g&initials=yg\",\"caption\":\"Yann Gourvennec\"},\"description\":\"Yann Gourvennec created visionarymarketing.com in 1996. He is a speaker and author of many books. In 2014 he went from intrapreneur to entrepreneur, when he created his digital marketing agency. Yann Gourvennec a cr\u00e9\u00e9 visionarymarketing.com en 1996. Il est conf\u00e9rencier et auteur de plusieurs livres. En 2014, il est pass\u00e9 d'intrapreneur \u00e0 entrepreneur en cr\u00e9ant son agence de marketing num\u00e9rique.\",\"sameAs\":[\"https:\\\/\\\/visionarymarketing.com\",\"http:\\\/\\\/facebook.com\\\/ygourven\",\"http:\\\/\\\/linkedin.com\\\/in\\\/ygourven\",\"https:\\\/\\\/x.com\\\/ygourven\",\"https:\\\/\\\/www.youtube.com\\\/c\\\/visionarymarketingagency\"],\"url\":\"https:\\\/\\\/visionarymarketing.com\\\/fr\\\/author\\\/yann-gourvennec\\\/\"}]}<\/script>\n<!-- \/ Yoast SEO plugin. -->","yoast_head_json":{"title":"D\u00e9consommation : nouvelle mission du marketeur du 21e si\u00e8cle ?","description":"Le sujet de la d\u00e9consommation est hautement pol\u00e9mique. Selon Fr\u00e9d\u00e9ric Canvet il est cependant incontournable","robots":{"index":"index","follow":"follow","max-snippet":"max-snippet:-1","max-image-preview":"max-image-preview:large","max-video-preview":"max-video-preview:-1"},"canonical":"https:\/\/visionarymarketing.com\/fr\/2024\/05\/21\/deconsommation\/","og_locale":"fr_FR","og_type":"article","og_title":"D\u00e9consommation : nouvelle mission du marketeur du 21e si\u00e8cle ?","og_description":"Le sujet de la d\u00e9consommation est hautement pol\u00e9mique. Selon Fr\u00e9d\u00e9ric Canvet il est cependant incontournable","og_url":"https:\/\/visionarymarketing.com\/fr\/2024\/05\/21\/deconsommation\/","og_site_name":"Marketing and Innovation","article_publisher":"https:\/\/www.facebook.com\/vismktg","article_author":"http:\/\/facebook.com\/ygourven","article_published_time":"2024-05-21T07:13:00+00:00","article_modified_time":"2024-05-23T13:20:22+00:00","og_image":[{"width":1200,"height":676,"url":"https:\/\/visionarymarketing.com\/wp-content\/uploads\/2024\/05\/53700641285-cef202531a-k-e1716450583498.jpg","type":"image\/jpeg"}],"author":"Yann Gourvennec","twitter_card":"summary_large_image","twitter_creator":"@ygourven","twitter_site":"@ygourven","twitter_misc":{"\u00c9crit par":"Yann Gourvennec","Dur\u00e9e de lecture estim\u00e9e":"7 minutes"},"schema":{"@context":"https:\/\/schema.org","@graph":[{"@type":"NewsArticle","@id":"https:\/\/visionarymarketing.com\/fr\/2024\/05\/21\/deconsommation\/#article","isPartOf":{"@id":"https:\/\/visionarymarketing.com\/fr\/2024\/05\/21\/deconsommation\/"},"author":{"name":"Yann Gourvennec","@id":"https:\/\/visionarymarketing.com\/fr\/#\/schema\/person\/3754fee1e558f47b8deb46f53c37423e"},"headline":"Le marketeur de demain, un d\u00e9marketeur ?","datePublished":"2024-05-21T07:13:00+00:00","dateModified":"2024-05-23T13:20:22+00:00","mainEntityOfPage":{"@id":"https:\/\/visionarymarketing.com\/fr\/2024\/05\/21\/deconsommation\/"},"wordCount":1478,"commentCount":1,"image":{"@id":"https:\/\/visionarymarketing.com\/fr\/2024\/05\/21\/deconsommation\/#primaryimage"},"thumbnailUrl":"https:\/\/visionarymarketing.com\/wp-content\/uploads\/2024\/05\/53700641285-cef202531a-k-e1716450583498.jpg","articleSection":["marketing digital"],"inLanguage":"fr-FR","potentialAction":[{"@type":"CommentAction","name":"Comment","target":["https:\/\/visionarymarketing.com\/fr\/2024\/05\/21\/deconsommation\/#respond"]}]},{"@type":"WebPage","@id":"https:\/\/visionarymarketing.com\/fr\/2024\/05\/21\/deconsommation\/","url":"https:\/\/visionarymarketing.com\/fr\/2024\/05\/21\/deconsommation\/","name":"D\u00e9consommation : nouvelle mission du marketeur du 21e si\u00e8cle ?","isPartOf":{"@id":"https:\/\/visionarymarketing.com\/fr\/#website"},"primaryImageOfPage":{"@id":"https:\/\/visionarymarketing.com\/fr\/2024\/05\/21\/deconsommation\/#primaryimage"},"image":{"@id":"https:\/\/visionarymarketing.com\/fr\/2024\/05\/21\/deconsommation\/#primaryimage"},"thumbnailUrl":"https:\/\/visionarymarketing.com\/wp-content\/uploads\/2024\/05\/53700641285-cef202531a-k-e1716450583498.jpg","datePublished":"2024-05-21T07:13:00+00:00","dateModified":"2024-05-23T13:20:22+00:00","author":{"@id":"https:\/\/visionarymarketing.com\/fr\/#\/schema\/person\/3754fee1e558f47b8deb46f53c37423e"},"description":"Le sujet de la d\u00e9consommation est hautement pol\u00e9mique. Selon Fr\u00e9d\u00e9ric Canvet il est cependant incontournable","breadcrumb":{"@id":"https:\/\/visionarymarketing.com\/fr\/2024\/05\/21\/deconsommation\/#breadcrumb"},"inLanguage":"fr-FR","potentialAction":[{"@type":"ReadAction","target":["https:\/\/visionarymarketing.com\/fr\/2024\/05\/21\/deconsommation\/"]}]},{"@type":"ImageObject","inLanguage":"fr-FR","@id":"https:\/\/visionarymarketing.com\/fr\/2024\/05\/21\/deconsommation\/#primaryimage","url":"https:\/\/visionarymarketing.com\/wp-content\/uploads\/2024\/05\/53700641285-cef202531a-k-e1716450583498.jpg","contentUrl":"https:\/\/visionarymarketing.com\/wp-content\/uploads\/2024\/05\/53700641285-cef202531a-k-e1716450583498.jpg","width":1200,"height":676},{"@type":"BreadcrumbList","@id":"https:\/\/visionarymarketing.com\/fr\/2024\/05\/21\/deconsommation\/#breadcrumb","itemListElement":[{"@type":"ListItem","position":1,"name":"Home","item":"https:\/\/visionarymarketing.com\/fr\/"},{"@type":"ListItem","position":2,"name":"Le marketeur de demain, un d\u00e9marketeur ?"}]},{"@type":"WebSite","@id":"https:\/\/visionarymarketing.com\/fr\/#website","url":"https:\/\/visionarymarketing.com\/fr\/","name":"Marketing and Innovation","description":"Site d&#039;infos ind\u00e9pendant, depuis 1996","potentialAction":[{"@type":"SearchAction","target":{"@type":"EntryPoint","urlTemplate":"https:\/\/visionarymarketing.com\/fr\/?s={search_term_string}"},"query-input":{"@type":"PropertyValueSpecification","valueRequired":true,"valueName":"search_term_string"}}],"inLanguage":"fr-FR"},{"@type":"Person","@id":"https:\/\/visionarymarketing.com\/fr\/#\/schema\/person\/3754fee1e558f47b8deb46f53c37423e","name":"Yann Gourvennec","image":{"@type":"ImageObject","inLanguage":"fr-FR","@id":"https:\/\/secure.gravatar.com\/avatar\/5972001801e8de5692a3e31224e85769f50a55fb8b679749f9c8d1868cceff14?s=96&d=initials&r=g&initials=yg","url":"https:\/\/secure.gravatar.com\/avatar\/5972001801e8de5692a3e31224e85769f50a55fb8b679749f9c8d1868cceff14?s=96&d=initials&r=g&initials=yg","contentUrl":"https:\/\/secure.gravatar.com\/avatar\/5972001801e8de5692a3e31224e85769f50a55fb8b679749f9c8d1868cceff14?s=96&d=initials&r=g&initials=yg","caption":"Yann Gourvennec"},"description":"Yann Gourvennec created visionarymarketing.com in 1996. He is a speaker and author of many books. In 2014 he went from intrapreneur to entrepreneur, when he created his digital marketing agency. Yann Gourvennec a cr\u00e9\u00e9 visionarymarketing.com en 1996. Il est conf\u00e9rencier et auteur de plusieurs livres. En 2014, il est pass\u00e9 d'intrapreneur \u00e0 entrepreneur en cr\u00e9ant son agence de marketing num\u00e9rique.","sameAs":["https:\/\/visionarymarketing.com","http:\/\/facebook.com\/ygourven","http:\/\/linkedin.com\/in\/ygourven","https:\/\/x.com\/ygourven","https:\/\/www.youtube.com\/c\/visionarymarketingagency"],"url":"https:\/\/visionarymarketing.com\/fr\/author\/yann-gourvennec\/"}]}},"_links":{"self":[{"href":"https:\/\/visionarymarketing.com\/fr\/wp-json\/wp\/v2\/posts\/80571","targetHints":{"allow":["GET"]}}],"collection":[{"href":"https:\/\/visionarymarketing.com\/fr\/wp-json\/wp\/v2\/posts"}],"about":[{"href":"https:\/\/visionarymarketing.com\/fr\/wp-json\/wp\/v2\/types\/post"}],"author":[{"embeddable":true,"href":"https:\/\/visionarymarketing.com\/fr\/wp-json\/wp\/v2\/users\/2"}],"replies":[{"embeddable":true,"href":"https:\/\/visionarymarketing.com\/fr\/wp-json\/wp\/v2\/comments?post=80571"}],"version-history":[{"count":0,"href":"https:\/\/visionarymarketing.com\/fr\/wp-json\/wp\/v2\/posts\/80571\/revisions"}],"wp:featuredmedia":[{"embeddable":true,"href":"https:\/\/visionarymarketing.com\/fr\/wp-json\/wp\/v2\/media\/80573"}],"wp:attachment":[{"href":"https:\/\/visionarymarketing.com\/fr\/wp-json\/wp\/v2\/media?parent=80571"}],"wp:term":[{"taxonomy":"category","embeddable":true,"href":"https:\/\/visionarymarketing.com\/fr\/wp-json\/wp\/v2\/categories?post=80571"},{"taxonomy":"post_tag","embeddable":true,"href":"https:\/\/visionarymarketing.com\/fr\/wp-json\/wp\/v2\/tags?post=80571"}],"curies":[{"name":"wp","href":"https:\/\/api.w.org\/{rel}","templated":true}]}}