{"id":8057,"date":"2013-04-08T07:32:53","date_gmt":"2013-04-08T05:32:53","guid":{"rendered":"http:\/\/visionary.wordpress.com\/?p=8057"},"modified":"2022-03-13T18:00:21","modified_gmt":"2022-03-13T17:00:21","slug":"air-france-survole-les-medias-sociaux","status":"publish","type":"post","link":"https:\/\/visionarymarketing.com\/fr\/2013\/04\/08\/air-france-survole-les-medias-sociaux\/","title":{"rendered":"Air France survole les m\u00e9dias sociaux"},"content":{"rendered":"<p><em>Air France ma\u00eetrise les m\u00e9dias sociaux. Dans cette interview, on retrouvera <span title=\"https:\/\/fr.linkedin.com\/pub\/arnaud-bourge\/7\/a85\/a87\">Arnaud Bourge<\/span>, responsable des social media de la <a href=\"https:\/\/twitter.com\/airfrancefr\" target=\"_blank\" rel=\"noopener noreferrer\">compagnie a\u00e9rienne<\/a>, et d\u00e9j\u00e0 <a href=\"https:\/\/web.archive.org\/web\/20140625003400\/http:\/\/www.media-aces.org:80\/2012\/10\/20\/conference-media-aces-le-25-octobre-2012-chez-ubifrance\/\" target=\"_blank\" rel=\"noopener noreferrer\">intervenu il y a quelque temps, en octobre 2012, lors de la conf\u00e9rence Media Aces qui s&rsquo;\u00e9tait tenue chez Ubifrance<\/a>. Il y d\u00e9crit par le menu la strat\u00e9gie digitale de la compagne, sa d\u00e9clinaison dans les r\u00e9seaux sociaux, et les tactiques d&rsquo;outils qui sont utilis\u00e9s au quotidien pour la gestion des crises, mais aussi la communication.<\/em><\/p>\n<h2>Air France survole les m\u00e9dias sociaux<\/h2>\n<p><a href=\"https:\/\/visionarymarketing.com\/wp-content\/uploads\/2013\/04\/jumpstory-download20201114-091333-scaled-e1605345276981.jpg\"><img decoding=\"async\" class=\"size-full wp-image-59541 aligncenter\" src=\"https:\/\/visionarymarketing.com\/wp-content\/uploads\/2013\/04\/jumpstory-download20201114-091333-scaled-e1605345276981.jpg\" alt=\"Air France M\u00e9dias Sociaux\" width=\"519\" height=\"340\" srcset=\"https:\/\/visionarymarketing.com\/wp-content\/uploads\/2013\/04\/jumpstory-download20201114-091333-scaled-e1605345276981.jpg 519w, https:\/\/visionarymarketing.com\/wp-content\/uploads\/2013\/04\/jumpstory-download20201114-091333-scaled-e1605345276981-458x300.jpg 458w\" sizes=\"(max-width: 519px) 100vw, 519px\" \/><\/a><\/p>\n<p>Le cas Air France est particuli\u00e8rement int\u00e9ressant, car il s&rsquo;agit d&rsquo;une soci\u00e9t\u00e9 tr\u00e8s riche pour laquelle les r\u00e9seaux sociaux ne veulent pas seulement dire \u00ab\u00a0relation client\u00a0\u00bb, ni encore moins \u00ab\u00a0communication\u00a0\u00bb, mais un riche mix de tous ces \u00e9l\u00e9ments.<\/p>\n<p>Je vous recommande particuli\u00e8rement cette interview r\u00e9alis\u00e9e par Frenchweb dans le cadre de son \u00ab <a href=\"http:\/\/frenchweb.fr\/tag\/social-media-mag\/\" target=\"_blank\" rel=\"noopener noreferrer\">social media mag<\/a> \u00bb, un rendez-vous mensuel consacr\u00e9 aux m\u00e9dias sociaux et au Community Management. J&rsquo;ai eu la chance d&rsquo;inaugurer cette s\u00e9rie que je recommande chaudement \u00e0 tous :<\/p>\n<p><iframe title=\"[Social Media Mag #4] Arnaud Bourge, Air France\" frameborder=\"0\" width=\"500\" height=\"282\" src=\"https:\/\/geo.dailymotion.com\/player.html?video=xxzyb5&#038;\" allowfullscreen allow=\"autoplay; fullscreen; picture-in-picture; web-share\"><\/iframe><\/p>\n<p><em>Pour ceux qui se poseraient la question, le terme \u00ab\u00a0survoler\u00a0\u00bb, dans ce cas, d\u00e9signe ici non pas le d\u00e9tachement mais le fait de ma\u00eetriser son domaine.<\/em><\/p>\n","protected":false},"excerpt":{"rendered":"<p>Air France ma\u00eetrise les m\u00e9dias sociaux. Dans cette interview, on retrouvera Arnaud Bourge, responsable des social media de la compagnie a\u00e9rienne, et d\u00e9j\u00e0 intervenu il y a quelque temps, en octobre 2012, lors de la conf\u00e9rence Media Aces qui s&rsquo;\u00e9tait tenue chez Ubifrance. Il y d\u00e9crit par le menu la strat\u00e9gie digitale de la compagne, &hellip;<\/p>\n","protected":false},"author":2,"featured_media":59541,"comment_status":"open","ping_status":"open","sticky":false,"template":"","format":"standard","meta":{"footnotes":""},"categories":[25],"tags":[],"class_list":["post-8057","post","type-post","status-publish","format-standard","has-post-thumbnail","hentry","category-medias-sociaux"],"yoast_head":"<!-- This site is optimized with the Yoast SEO plugin v27.5 - https:\/\/yoast.com\/product\/yoast-seo-wordpress\/ -->\n<title>Air France survole les m\u00e9dias sociaux - Visionary Marketing<\/title>\n<meta name=\"description\" content=\"Air France ma\u00eetrise les m\u00e9dias sociaux. Dans cette interview, on retrouvera Arnaud Bourge, responsable des m\u00e9dias sociaux d&#039;Air France\" \/>\n<meta name=\"robots\" content=\"noindex, follow\" \/>\n<meta property=\"og:locale\" content=\"fr_FR\" \/>\n<meta property=\"og:type\" content=\"article\" \/>\n<meta property=\"og:title\" content=\"Air France survole les m\u00e9dias sociaux - Visionary Marketing\" \/>\n<meta property=\"og:description\" content=\"Air France ma\u00eetrise les m\u00e9dias sociaux. Dans cette interview, on retrouvera Arnaud Bourge, responsable des m\u00e9dias sociaux d&#039;Air France\" \/>\n<meta property=\"og:url\" content=\"https:\/\/visionarymarketing.com\/fr\/2013\/04\/08\/air-france-survole-les-medias-sociaux\/\" \/>\n<meta property=\"og:site_name\" content=\"Marketing and Innovation\" \/>\n<meta property=\"article:publisher\" content=\"https:\/\/www.facebook.com\/vismktg\" \/>\n<meta property=\"article:author\" content=\"http:\/\/facebook.com\/ygourven\" \/>\n<meta property=\"article:published_time\" content=\"2013-04-08T05:32:53+00:00\" \/>\n<meta property=\"article:modified_time\" content=\"2022-03-13T17:00:21+00:00\" \/>\n<meta property=\"og:image\" content=\"https:\/\/visionarymarketing.com\/wp-content\/uploads\/2013\/04\/jumpstory-download20201114-091333-scaled-e1605345276981.jpg\" \/>\n\t<meta property=\"og:image:width\" content=\"519\" \/>\n\t<meta property=\"og:image:height\" content=\"340\" \/>\n\t<meta property=\"og:image:type\" content=\"image\/jpeg\" \/>\n<meta name=\"author\" content=\"Yann Gourvennec\" \/>\n<meta name=\"twitter:card\" content=\"summary_large_image\" \/>\n<meta name=\"twitter:creator\" content=\"@ygourven\" \/>\n<meta name=\"twitter:site\" content=\"@ygourven\" \/>\n<meta name=\"twitter:label1\" content=\"\u00c9crit par\" \/>\n\t<meta name=\"twitter:data1\" content=\"Yann Gourvennec\" \/>\n\t<meta name=\"twitter:label2\" content=\"Dur\u00e9e de lecture estim\u00e9e\" \/>\n\t<meta name=\"twitter:data2\" content=\"1 minute\" \/>\n<script type=\"application\/ld+json\" class=\"yoast-schema-graph\">{\"@context\":\"https:\\\/\\\/schema.org\",\"@graph\":[{\"@type\":\"NewsArticle\",\"@id\":\"https:\\\/\\\/visionarymarketing.com\\\/fr\\\/2013\\\/04\\\/08\\\/air-france-survole-les-medias-sociaux\\\/#article\",\"isPartOf\":{\"@id\":\"https:\\\/\\\/visionarymarketing.com\\\/fr\\\/2013\\\/04\\\/08\\\/air-france-survole-les-medias-sociaux\\\/\"},\"author\":{\"name\":\"Yann Gourvennec\",\"@id\":\"https:\\\/\\\/visionarymarketing.com\\\/fr\\\/#\\\/schema\\\/person\\\/3754fee1e558f47b8deb46f53c37423e\"},\"headline\":\"Air France survole les m\u00e9dias sociaux\",\"datePublished\":\"2013-04-08T05:32:53+00:00\",\"dateModified\":\"2022-03-13T17:00:21+00:00\",\"mainEntityOfPage\":{\"@id\":\"https:\\\/\\\/visionarymarketing.com\\\/fr\\\/2013\\\/04\\\/08\\\/air-france-survole-les-medias-sociaux\\\/\"},\"wordCount\":233,\"commentCount\":0,\"image\":{\"@id\":\"https:\\\/\\\/visionarymarketing.com\\\/fr\\\/2013\\\/04\\\/08\\\/air-france-survole-les-medias-sociaux\\\/#primaryimage\"},\"thumbnailUrl\":\"https:\\\/\\\/visionarymarketing.com\\\/wp-content\\\/uploads\\\/2013\\\/04\\\/jumpstory-download20201114-091333-scaled-e1605345276981.jpg\",\"articleSection\":[\"m\u00e9dias \\\/ r\u00e9seaux sociaux\"],\"inLanguage\":\"fr-FR\",\"potentialAction\":[{\"@type\":\"CommentAction\",\"name\":\"Comment\",\"target\":[\"https:\\\/\\\/visionarymarketing.com\\\/fr\\\/2013\\\/04\\\/08\\\/air-france-survole-les-medias-sociaux\\\/#respond\"]}]},{\"@type\":\"WebPage\",\"@id\":\"https:\\\/\\\/visionarymarketing.com\\\/fr\\\/2013\\\/04\\\/08\\\/air-france-survole-les-medias-sociaux\\\/\",\"url\":\"https:\\\/\\\/visionarymarketing.com\\\/fr\\\/2013\\\/04\\\/08\\\/air-france-survole-les-medias-sociaux\\\/\",\"name\":\"Air France survole les m\u00e9dias sociaux - Visionary Marketing\",\"isPartOf\":{\"@id\":\"https:\\\/\\\/visionarymarketing.com\\\/fr\\\/#website\"},\"primaryImageOfPage\":{\"@id\":\"https:\\\/\\\/visionarymarketing.com\\\/fr\\\/2013\\\/04\\\/08\\\/air-france-survole-les-medias-sociaux\\\/#primaryimage\"},\"image\":{\"@id\":\"https:\\\/\\\/visionarymarketing.com\\\/fr\\\/2013\\\/04\\\/08\\\/air-france-survole-les-medias-sociaux\\\/#primaryimage\"},\"thumbnailUrl\":\"https:\\\/\\\/visionarymarketing.com\\\/wp-content\\\/uploads\\\/2013\\\/04\\\/jumpstory-download20201114-091333-scaled-e1605345276981.jpg\",\"datePublished\":\"2013-04-08T05:32:53+00:00\",\"dateModified\":\"2022-03-13T17:00:21+00:00\",\"author\":{\"@id\":\"https:\\\/\\\/visionarymarketing.com\\\/fr\\\/#\\\/schema\\\/person\\\/3754fee1e558f47b8deb46f53c37423e\"},\"description\":\"Air France ma\u00eetrise les m\u00e9dias sociaux. Dans cette interview, on retrouvera Arnaud Bourge, responsable des m\u00e9dias sociaux d'Air France\",\"breadcrumb\":{\"@id\":\"https:\\\/\\\/visionarymarketing.com\\\/fr\\\/2013\\\/04\\\/08\\\/air-france-survole-les-medias-sociaux\\\/#breadcrumb\"},\"inLanguage\":\"fr-FR\",\"potentialAction\":[{\"@type\":\"ReadAction\",\"target\":[\"https:\\\/\\\/visionarymarketing.com\\\/fr\\\/2013\\\/04\\\/08\\\/air-france-survole-les-medias-sociaux\\\/\"]}]},{\"@type\":\"ImageObject\",\"inLanguage\":\"fr-FR\",\"@id\":\"https:\\\/\\\/visionarymarketing.com\\\/fr\\\/2013\\\/04\\\/08\\\/air-france-survole-les-medias-sociaux\\\/#primaryimage\",\"url\":\"https:\\\/\\\/visionarymarketing.com\\\/wp-content\\\/uploads\\\/2013\\\/04\\\/jumpstory-download20201114-091333-scaled-e1605345276981.jpg\",\"contentUrl\":\"https:\\\/\\\/visionarymarketing.com\\\/wp-content\\\/uploads\\\/2013\\\/04\\\/jumpstory-download20201114-091333-scaled-e1605345276981.jpg\",\"width\":519,\"height\":340,\"caption\":\"Air France M\u00e9dias Sociaux\"},{\"@type\":\"BreadcrumbList\",\"@id\":\"https:\\\/\\\/visionarymarketing.com\\\/fr\\\/2013\\\/04\\\/08\\\/air-france-survole-les-medias-sociaux\\\/#breadcrumb\",\"itemListElement\":[{\"@type\":\"ListItem\",\"position\":1,\"name\":\"Home\",\"item\":\"https:\\\/\\\/visionarymarketing.com\\\/fr\\\/\"},{\"@type\":\"ListItem\",\"position\":2,\"name\":\"Air France survole les m\u00e9dias sociaux\"}]},{\"@type\":\"WebSite\",\"@id\":\"https:\\\/\\\/visionarymarketing.com\\\/fr\\\/#website\",\"url\":\"https:\\\/\\\/visionarymarketing.com\\\/fr\\\/\",\"name\":\"Marketing and Innovation\",\"description\":\"Site d&#039;infos ind\u00e9pendant, depuis 1996\",\"potentialAction\":[{\"@type\":\"SearchAction\",\"target\":{\"@type\":\"EntryPoint\",\"urlTemplate\":\"https:\\\/\\\/visionarymarketing.com\\\/fr\\\/?s={search_term_string}\"},\"query-input\":{\"@type\":\"PropertyValueSpecification\",\"valueRequired\":true,\"valueName\":\"search_term_string\"}}],\"inLanguage\":\"fr-FR\"},{\"@type\":\"Person\",\"@id\":\"https:\\\/\\\/visionarymarketing.com\\\/fr\\\/#\\\/schema\\\/person\\\/3754fee1e558f47b8deb46f53c37423e\",\"name\":\"Yann Gourvennec\",\"image\":{\"@type\":\"ImageObject\",\"inLanguage\":\"fr-FR\",\"@id\":\"https:\\\/\\\/secure.gravatar.com\\\/avatar\\\/5972001801e8de5692a3e31224e85769f50a55fb8b679749f9c8d1868cceff14?s=96&d=initials&r=g&initials=yg\",\"url\":\"https:\\\/\\\/secure.gravatar.com\\\/avatar\\\/5972001801e8de5692a3e31224e85769f50a55fb8b679749f9c8d1868cceff14?s=96&d=initials&r=g&initials=yg\",\"contentUrl\":\"https:\\\/\\\/secure.gravatar.com\\\/avatar\\\/5972001801e8de5692a3e31224e85769f50a55fb8b679749f9c8d1868cceff14?s=96&d=initials&r=g&initials=yg\",\"caption\":\"Yann Gourvennec\"},\"description\":\"Yann Gourvennec created visionarymarketing.com in 1996. He is a speaker and author of many books. In 2014 he went from intrapreneur to entrepreneur, when he created his digital marketing agency. Yann Gourvennec a cr\u00e9\u00e9 visionarymarketing.com en 1996. Il est conf\u00e9rencier et auteur de plusieurs livres. En 2014, il est pass\u00e9 d'intrapreneur \u00e0 entrepreneur en cr\u00e9ant son agence de marketing num\u00e9rique.\",\"sameAs\":[\"https:\\\/\\\/visionarymarketing.com\",\"http:\\\/\\\/facebook.com\\\/ygourven\",\"http:\\\/\\\/linkedin.com\\\/in\\\/ygourven\",\"https:\\\/\\\/x.com\\\/ygourven\",\"https:\\\/\\\/www.youtube.com\\\/c\\\/visionarymarketingagency\"],\"url\":\"https:\\\/\\\/visionarymarketing.com\\\/fr\\\/author\\\/yann-gourvennec\\\/\"}]}<\/script>\n<!-- \/ Yoast SEO plugin. -->","yoast_head_json":{"title":"Air France survole les m\u00e9dias sociaux - Visionary Marketing","description":"Air France ma\u00eetrise les m\u00e9dias sociaux. Dans cette interview, on retrouvera Arnaud Bourge, responsable des m\u00e9dias sociaux d'Air France","robots":{"index":"noindex","follow":"follow"},"og_locale":"fr_FR","og_type":"article","og_title":"Air France survole les m\u00e9dias sociaux - Visionary Marketing","og_description":"Air France ma\u00eetrise les m\u00e9dias sociaux. Dans cette interview, on retrouvera Arnaud Bourge, responsable des m\u00e9dias sociaux d'Air France","og_url":"https:\/\/visionarymarketing.com\/fr\/2013\/04\/08\/air-france-survole-les-medias-sociaux\/","og_site_name":"Marketing and Innovation","article_publisher":"https:\/\/www.facebook.com\/vismktg","article_author":"http:\/\/facebook.com\/ygourven","article_published_time":"2013-04-08T05:32:53+00:00","article_modified_time":"2022-03-13T17:00:21+00:00","og_image":[{"width":519,"height":340,"url":"https:\/\/visionarymarketing.com\/wp-content\/uploads\/2013\/04\/jumpstory-download20201114-091333-scaled-e1605345276981.jpg","type":"image\/jpeg"}],"author":"Yann Gourvennec","twitter_card":"summary_large_image","twitter_creator":"@ygourven","twitter_site":"@ygourven","twitter_misc":{"\u00c9crit par":"Yann Gourvennec","Dur\u00e9e de lecture estim\u00e9e":"1 minute"},"schema":{"@context":"https:\/\/schema.org","@graph":[{"@type":"NewsArticle","@id":"https:\/\/visionarymarketing.com\/fr\/2013\/04\/08\/air-france-survole-les-medias-sociaux\/#article","isPartOf":{"@id":"https:\/\/visionarymarketing.com\/fr\/2013\/04\/08\/air-france-survole-les-medias-sociaux\/"},"author":{"name":"Yann Gourvennec","@id":"https:\/\/visionarymarketing.com\/fr\/#\/schema\/person\/3754fee1e558f47b8deb46f53c37423e"},"headline":"Air France survole les m\u00e9dias sociaux","datePublished":"2013-04-08T05:32:53+00:00","dateModified":"2022-03-13T17:00:21+00:00","mainEntityOfPage":{"@id":"https:\/\/visionarymarketing.com\/fr\/2013\/04\/08\/air-france-survole-les-medias-sociaux\/"},"wordCount":233,"commentCount":0,"image":{"@id":"https:\/\/visionarymarketing.com\/fr\/2013\/04\/08\/air-france-survole-les-medias-sociaux\/#primaryimage"},"thumbnailUrl":"https:\/\/visionarymarketing.com\/wp-content\/uploads\/2013\/04\/jumpstory-download20201114-091333-scaled-e1605345276981.jpg","articleSection":["m\u00e9dias \/ r\u00e9seaux sociaux"],"inLanguage":"fr-FR","potentialAction":[{"@type":"CommentAction","name":"Comment","target":["https:\/\/visionarymarketing.com\/fr\/2013\/04\/08\/air-france-survole-les-medias-sociaux\/#respond"]}]},{"@type":"WebPage","@id":"https:\/\/visionarymarketing.com\/fr\/2013\/04\/08\/air-france-survole-les-medias-sociaux\/","url":"https:\/\/visionarymarketing.com\/fr\/2013\/04\/08\/air-france-survole-les-medias-sociaux\/","name":"Air France survole les m\u00e9dias sociaux - Visionary Marketing","isPartOf":{"@id":"https:\/\/visionarymarketing.com\/fr\/#website"},"primaryImageOfPage":{"@id":"https:\/\/visionarymarketing.com\/fr\/2013\/04\/08\/air-france-survole-les-medias-sociaux\/#primaryimage"},"image":{"@id":"https:\/\/visionarymarketing.com\/fr\/2013\/04\/08\/air-france-survole-les-medias-sociaux\/#primaryimage"},"thumbnailUrl":"https:\/\/visionarymarketing.com\/wp-content\/uploads\/2013\/04\/jumpstory-download20201114-091333-scaled-e1605345276981.jpg","datePublished":"2013-04-08T05:32:53+00:00","dateModified":"2022-03-13T17:00:21+00:00","author":{"@id":"https:\/\/visionarymarketing.com\/fr\/#\/schema\/person\/3754fee1e558f47b8deb46f53c37423e"},"description":"Air France ma\u00eetrise les m\u00e9dias sociaux. Dans cette interview, on retrouvera Arnaud Bourge, responsable des m\u00e9dias sociaux d'Air France","breadcrumb":{"@id":"https:\/\/visionarymarketing.com\/fr\/2013\/04\/08\/air-france-survole-les-medias-sociaux\/#breadcrumb"},"inLanguage":"fr-FR","potentialAction":[{"@type":"ReadAction","target":["https:\/\/visionarymarketing.com\/fr\/2013\/04\/08\/air-france-survole-les-medias-sociaux\/"]}]},{"@type":"ImageObject","inLanguage":"fr-FR","@id":"https:\/\/visionarymarketing.com\/fr\/2013\/04\/08\/air-france-survole-les-medias-sociaux\/#primaryimage","url":"https:\/\/visionarymarketing.com\/wp-content\/uploads\/2013\/04\/jumpstory-download20201114-091333-scaled-e1605345276981.jpg","contentUrl":"https:\/\/visionarymarketing.com\/wp-content\/uploads\/2013\/04\/jumpstory-download20201114-091333-scaled-e1605345276981.jpg","width":519,"height":340,"caption":"Air France M\u00e9dias Sociaux"},{"@type":"BreadcrumbList","@id":"https:\/\/visionarymarketing.com\/fr\/2013\/04\/08\/air-france-survole-les-medias-sociaux\/#breadcrumb","itemListElement":[{"@type":"ListItem","position":1,"name":"Home","item":"https:\/\/visionarymarketing.com\/fr\/"},{"@type":"ListItem","position":2,"name":"Air France survole les m\u00e9dias sociaux"}]},{"@type":"WebSite","@id":"https:\/\/visionarymarketing.com\/fr\/#website","url":"https:\/\/visionarymarketing.com\/fr\/","name":"Marketing and Innovation","description":"Site d&#039;infos ind\u00e9pendant, depuis 1996","potentialAction":[{"@type":"SearchAction","target":{"@type":"EntryPoint","urlTemplate":"https:\/\/visionarymarketing.com\/fr\/?s={search_term_string}"},"query-input":{"@type":"PropertyValueSpecification","valueRequired":true,"valueName":"search_term_string"}}],"inLanguage":"fr-FR"},{"@type":"Person","@id":"https:\/\/visionarymarketing.com\/fr\/#\/schema\/person\/3754fee1e558f47b8deb46f53c37423e","name":"Yann Gourvennec","image":{"@type":"ImageObject","inLanguage":"fr-FR","@id":"https:\/\/secure.gravatar.com\/avatar\/5972001801e8de5692a3e31224e85769f50a55fb8b679749f9c8d1868cceff14?s=96&d=initials&r=g&initials=yg","url":"https:\/\/secure.gravatar.com\/avatar\/5972001801e8de5692a3e31224e85769f50a55fb8b679749f9c8d1868cceff14?s=96&d=initials&r=g&initials=yg","contentUrl":"https:\/\/secure.gravatar.com\/avatar\/5972001801e8de5692a3e31224e85769f50a55fb8b679749f9c8d1868cceff14?s=96&d=initials&r=g&initials=yg","caption":"Yann Gourvennec"},"description":"Yann Gourvennec created visionarymarketing.com in 1996. He is a speaker and author of many books. In 2014 he went from intrapreneur to entrepreneur, when he created his digital marketing agency. Yann Gourvennec a cr\u00e9\u00e9 visionarymarketing.com en 1996. Il est conf\u00e9rencier et auteur de plusieurs livres. En 2014, il est pass\u00e9 d'intrapreneur \u00e0 entrepreneur en cr\u00e9ant son agence de marketing num\u00e9rique.","sameAs":["https:\/\/visionarymarketing.com","http:\/\/facebook.com\/ygourven","http:\/\/linkedin.com\/in\/ygourven","https:\/\/x.com\/ygourven","https:\/\/www.youtube.com\/c\/visionarymarketingagency"],"url":"https:\/\/visionarymarketing.com\/fr\/author\/yann-gourvennec\/"}]}},"_links":{"self":[{"href":"https:\/\/visionarymarketing.com\/fr\/wp-json\/wp\/v2\/posts\/8057","targetHints":{"allow":["GET"]}}],"collection":[{"href":"https:\/\/visionarymarketing.com\/fr\/wp-json\/wp\/v2\/posts"}],"about":[{"href":"https:\/\/visionarymarketing.com\/fr\/wp-json\/wp\/v2\/types\/post"}],"author":[{"embeddable":true,"href":"https:\/\/visionarymarketing.com\/fr\/wp-json\/wp\/v2\/users\/2"}],"replies":[{"embeddable":true,"href":"https:\/\/visionarymarketing.com\/fr\/wp-json\/wp\/v2\/comments?post=8057"}],"version-history":[{"count":0,"href":"https:\/\/visionarymarketing.com\/fr\/wp-json\/wp\/v2\/posts\/8057\/revisions"}],"wp:featuredmedia":[{"embeddable":true,"href":"https:\/\/visionarymarketing.com\/fr\/wp-json\/wp\/v2\/media\/59541"}],"wp:attachment":[{"href":"https:\/\/visionarymarketing.com\/fr\/wp-json\/wp\/v2\/media?parent=8057"}],"wp:term":[{"taxonomy":"category","embeddable":true,"href":"https:\/\/visionarymarketing.com\/fr\/wp-json\/wp\/v2\/categories?post=8057"},{"taxonomy":"post_tag","embeddable":true,"href":"https:\/\/visionarymarketing.com\/fr\/wp-json\/wp\/v2\/tags?post=8057"}],"curies":[{"name":"wp","href":"https:\/\/api.w.org\/{rel}","templated":true}]}}