{"id":80186,"date":"2024-04-22T07:30:11","date_gmt":"2024-04-22T05:30:11","guid":{"rendered":"https:\/\/visionarymarketing.com\/?p=80186"},"modified":"2024-04-22T07:37:44","modified_gmt":"2024-04-22T05:37:44","slug":"start-ups-du-numerique","status":"publish","type":"post","link":"https:\/\/visionarymarketing.com\/fr\/2024\/04\/22\/start-ups-du-numerique\/","title":{"rendered":"5 ann\u00e9es qui ont transform\u00e9 start-ups et TPE du num\u00e9rique"},"content":{"rendered":"<p><em>Quel a \u00e9t\u00e9 l&rsquo;impact de la p\u00e9riode 2019-2024 sur les start-ups et les TPE du num\u00e9rique? Pour le savoir, <a href=\"https:\/\/visionarymarketing.com\/fr\/2023\/01\/09\/levees-de-fonds\/\">Evolena<\/a> a men\u00e9 l&rsquo;<span style=\"font-family: -apple-system, BlinkMacSystemFont, 'Segoe UI', Roboto, Oxygen, Oxygen-Sans, Ubuntu, Cantarell, 'Helvetica Neue', 'Open Sans', Arial, sans-serif;\">enqu\u00eate. Celle-ci est n\u00e9e d\u2019un brainstorming entre les associ\u00e9s du cabinet dans le courant du mois de novembre 2023. Celui-ci \u00e9tait initialement centr\u00e9 sur l\u2019analyse du march\u00e9 et plus pr\u00e9cis\u00e9ment l\u2019\u00e9volution de la demande, afin de lui permettre d\u2019adapter, si n\u00e9cessaire, sa strat\u00e9gie. Cette enqu\u00eate a d\u00e9montr\u00e9 que plus qu&rsquo;une crise, ce que traversaient les start-ups et les TPE du num\u00e9rique actuellement \u00e9tait un v\u00e9ritable changement dans les mod\u00e8les d&rsquo;affaires et de financement.\u00a0<\/span><\/em><\/p>\n<h2>5 ann\u00e9es qui ont transform\u00e9 start-ups et TPE du num\u00e9rique : livre blanc<\/h2>\n<figure id=\"attachment_80191\" aria-describedby=\"caption-attachment-80191\" style=\"width: 1200px\" class=\"wp-caption aligncenter\"><img decoding=\"async\" class=\"wp-image-80191 size-full\" src=\"https:\/\/visionarymarketing.com\/wp-content\/uploads\/2024\/04\/49007282177-697da1e01d-6k.jpg\" alt=\"Livre blanc start-ups du num\u00e9rique\" width=\"1200\" height=\"628\" srcset=\"https:\/\/visionarymarketing.com\/wp-content\/uploads\/2024\/04\/49007282177-697da1e01d-6k.jpg 1200w, https:\/\/visionarymarketing.com\/wp-content\/uploads\/2024\/04\/49007282177-697da1e01d-6k-500x262.jpg 500w, https:\/\/visionarymarketing.com\/wp-content\/uploads\/2024\/04\/49007282177-697da1e01d-6k-1024x536.jpg 1024w, https:\/\/visionarymarketing.com\/wp-content\/uploads\/2024\/04\/49007282177-697da1e01d-6k-768x402.jpg 768w\" sizes=\"(max-width: 1200px) 100vw, 1200px\" \/><figcaption id=\"caption-attachment-80191\" class=\"wp-caption-text\">Livre blanc : 5 ann\u00e9es (2019-2024) qui ont transform\u00e9 les start-ups et les TPE du num\u00e9rique &#8211; photo Yann Gourvennec <a href=\"https:\/\/antimuseum.com\" target=\"_blank\" rel=\"noopener\">Antimuseum.com<\/a><\/figcaption><\/figure>\n<p>En mati\u00e8re de strat\u00e9gie, il est particuli\u00e8rement inefficace de changer trop souvent de cap. Nos confr\u00e8res d&rsquo;Evolena conseillent donc \u00e0 leurs clients de r\u00e9viser celle-ci semestriellement, et d&rsquo;interroger leurs propres clients (mieux encore, de le faire faire). \u00ab La r\u00e9flexion n\u2019est jamais aussi bien nourrie que quand elle s\u2019inspire des informations les plus pertinentes, c\u2019est-\u00e0-dire de celles qui proviennent des clients \u00bb, explique Franck Lacombe.<!--more--><\/p>\n<p><a href=\"https:\/\/evolena.com\" target=\"_blank\" rel=\"noopener\">Franck<\/a> a donc suivi ses propres conseils et a lanc\u00e9 cette enqu\u00eate fin 2023.<\/p>\n<p>Ils ont donc interview\u00e9 une trentaine personnes, clients ou anciens clients, et \u00e9galement des g\u00e9rants de fonds d\u2019investissement, des responsables d\u2019incubateurs, des patrons de cabinets de conseil en fusion-acquisition, des confr\u00e8res-accompagnateurs de start-ups et des agences de notations qui repr\u00e9sentent l\u2019\u00e9cosyst\u00e8me fran\u00e7ais des start-ups et des TPE de la Tech sur l\u2019ensemble du territoire.<\/p>\n<h3>Les hypoth\u00e8ses \u00e0 v\u00e9rifier<\/h3>\n<p>Les consultants d&rsquo;Evolena sont partis de <strong>l\u2019hypoth\u00e8se, \u00e0 v\u00e9rifier que les cinq ann\u00e9es \u00e9coul\u00e9es auront \u00e9t\u00e9 un tournant<\/strong> marquant, sur bien des points, et qu\u2019il y a eu un \u00ab\u2009avant\u2009\u00bb et un \u00ab\u2009apr\u00e8s\u2009\u00bb. Pour cela, ils ont <span style=\"font-family: -apple-system, BlinkMacSystemFont, 'Segoe UI', Roboto, Oxygen, Oxygen-Sans, Ubuntu, Cantarell, 'Helvetica Neue', 'Open Sans', Arial, sans-serif;\">interrog\u00e9 leurs interlocuteurs sur plusieurs th\u00e8mes :<\/span><\/p>\n<ol>\n<li>Comment ont \u00e9volu\u00e9 leurs r\u00e9sultats durant cette p\u00e9riode\u2009?<\/li>\n<li>\u00c0 quels changements nos dirigeants de start-ups et de TPE de la Tech ont-ils d\u00fb faire face durant cette p\u00e9riode\u2009? et, en particulier, comment ont-ils \u00e9t\u00e9 impact\u00e9s par\u00a0:<\/li>\n<li>Le passage au t\u00e9l\u00e9travail et, au-del\u00e0, aux changements d\u2019attitude des salari\u00e9s par rapport au travail, tel que cont\u00e9 ici ou l\u00e0 par plusieurs sociologues et observateurs du monde du travail\u2009;<\/li>\n<li>Le passage de l\u2019argent\u00a0\u00ab\u2009facile et pas cher\u2009\u00bb \u00e0 \u00ab\u2009rare et cher\u2009\u00bb\u2009;<\/li>\n<li>D\u2019\u00e9ventuels changements d\u2019attitude par les grands donneurs d\u2019ordre.<\/li>\n<li>Quelles sont les fonctions de l\u2019entreprise qui n\u2019\u00e9taient pas prioritaires et qui le sont devenues\u2009?<\/li>\n<li>Quel est, aujourd\u2019hui, leur sentiment par rapport au risque\u2009? Est-il plus ou moins important qu\u2019il y a 5\u00a0ans\u2009?<\/li>\n<li>Si les choses \u00e9taient \u00e0 refaire, que feraient-ils diff\u00e9remment\u2009?<\/li>\n<li>Quels conseils donneraient-ils aux entrepreneurs qui se lancent maintenant\u2009?<\/li>\n<li>Quels sont les domaines o\u00f9 ils ont, aujourd\u2019hui, besoin de s\u2019am\u00e9liorer\u2009?<\/li>\n<li>Sur qui peuvent-ils compter pour cela\u2009?<\/li>\n<li>Sont-ils, dans l\u2019ensemble, plut\u00f4t optimistes ou pessimistes\u2009?<\/li>\n<li>Ont-ils, durant ces 5\u00a0ann\u00e9es, envisag\u00e9 ne serait-ce qu\u2019un moment, de vendre ou de fermer et de tout quitter\u2009?<\/li>\n<\/ol>\n<h3>Un livre blanc bourr\u00e9 d&rsquo;images, d&rsquo;anecdotes, d&rsquo;analyses&#8230;<\/h3>\n<p>Visionary Marketing a assist\u00e9 Evolena dans la construction de ce livre blanc, sa r\u00e9daction et sa mise en forme. Les photos originales sont de Yann Gourvennec &#8211; <a href=\"https:\/\/antimuseum.com\" target=\"_blank\" rel=\"noopener\">Antimuseum.com.<\/a><\/p>\n<p><em>Pour t\u00e9l\u00e9charger le rapport d&rsquo;\u00e9tude Evolena sur la transformation des TPE et start-ups de la Tech dans la p\u00e9riode 2019-2024, veuillez remplir le formulaire suivant pour que nous puissions vous le faire parvenir directement dans votre bo\u00eete email.\u00a0<\/em><\/p>\n<p><iframe style=\"display: block; margin-left: auto; margin-right: auto; max-width: 100%;\" src=\"https:\/\/9d79cb1d.sibforms.com\/serve\/MUIFAAyqmPdcm1UMdPhimLC3n1gMgd2f-ahBfxmFt1dT11CquVSU_UGbeJivFlwUbm6Mk_9lYo3VLsdVepjPgMVKN6T7CFJeqCoiiHu0Tcr4O21vuW1wqnPlvroW9e9eWbRM-_J2oDn3ypCkm6U9Igt0lQv9iJwJ__RQAp7fwdg8NVUQhNEwhoKduGotdwGCtKiyIZnROWwsn0zQ\" width=\"850\" height=\"1100\" frameborder=\"0\" scrolling=\"auto\" allowfullscreen=\"allowfullscreen\"><\/iframe><\/p>\n","protected":false},"excerpt":{"rendered":"<p>Quel a \u00e9t\u00e9 l&rsquo;impact de la p\u00e9riode 2019-2024 sur les start-ups et les TPE du num\u00e9rique? Pour le savoir, Evolena a men\u00e9 l&rsquo;enqu\u00eate. Celle-ci est n\u00e9e d\u2019un brainstorming entre les associ\u00e9s du cabinet dans le courant du mois de novembre 2023. Celui-ci \u00e9tait initialement centr\u00e9 sur l\u2019analyse du march\u00e9 et plus pr\u00e9cis\u00e9ment l\u2019\u00e9volution de la &hellip;<\/p>\n","protected":false},"author":2,"featured_media":80191,"comment_status":"open","ping_status":"open","sticky":false,"template":"","format":"standard","meta":{"footnotes":""},"categories":[1613],"tags":[],"class_list":["post-80186","post","type-post","status-publish","format-standard","has-post-thumbnail","hentry","category-marketing-digital-marketing"],"yoast_head":"<!-- This site is optimized with the Yoast SEO plugin v27.5 - https:\/\/yoast.com\/product\/yoast-seo-wordpress\/ -->\n<title>Start-ups du num\u00e9rique : 5 ann\u00e9es de bouleversement 2019-2024<\/title>\n<meta name=\"description\" content=\"Quel a \u00e9t\u00e9 l&#039;impact de la p\u00e9riode 2019-2024 sur les start-ups et les TPE du num\u00e9rique? Pour le savoir, Evolena a men\u00e9 l&#039;enqu\u00eate\" \/>\n<meta name=\"robots\" content=\"index, follow, max-snippet:-1, max-image-preview:large, max-video-preview:-1\" \/>\n<link rel=\"canonical\" href=\"https:\/\/visionarymarketing.com\/fr\/2024\/04\/22\/start-ups-du-numerique\/\" \/>\n<meta property=\"og:locale\" content=\"fr_FR\" \/>\n<meta property=\"og:type\" content=\"article\" \/>\n<meta property=\"og:title\" content=\"Start-ups du num\u00e9rique : 5 ann\u00e9es de bouleversement 2019-2024\" \/>\n<meta property=\"og:description\" content=\"Quel a \u00e9t\u00e9 l&#039;impact de la p\u00e9riode 2019-2024 sur les start-ups et les TPE du num\u00e9rique? Pour le savoir, Evolena a men\u00e9 l&#039;enqu\u00eate\" \/>\n<meta property=\"og:url\" content=\"https:\/\/visionarymarketing.com\/fr\/2024\/04\/22\/start-ups-du-numerique\/\" \/>\n<meta property=\"og:site_name\" content=\"Marketing and Innovation\" \/>\n<meta property=\"article:publisher\" content=\"https:\/\/www.facebook.com\/vismktg\" \/>\n<meta property=\"article:author\" content=\"http:\/\/facebook.com\/ygourven\" \/>\n<meta property=\"article:published_time\" content=\"2024-04-22T05:30:11+00:00\" \/>\n<meta property=\"article:modified_time\" content=\"2024-04-22T05:37:44+00:00\" \/>\n<meta property=\"og:image\" content=\"https:\/\/visionarymarketing.com\/wp-content\/uploads\/2024\/04\/49007282177-697da1e01d-6k.jpg\" \/>\n\t<meta property=\"og:image:width\" content=\"1200\" \/>\n\t<meta property=\"og:image:height\" content=\"628\" \/>\n\t<meta property=\"og:image:type\" content=\"image\/jpeg\" \/>\n<meta name=\"author\" content=\"Yann Gourvennec\" \/>\n<meta name=\"twitter:card\" content=\"summary_large_image\" \/>\n<meta name=\"twitter:creator\" content=\"@ygourven\" \/>\n<meta name=\"twitter:site\" content=\"@ygourven\" \/>\n<meta name=\"twitter:label1\" content=\"\u00c9crit par\" \/>\n\t<meta name=\"twitter:data1\" content=\"Yann Gourvennec\" \/>\n\t<meta name=\"twitter:label2\" content=\"Dur\u00e9e de lecture estim\u00e9e\" \/>\n\t<meta name=\"twitter:data2\" content=\"3 minutes\" \/>\n<script type=\"application\/ld+json\" class=\"yoast-schema-graph\">{\"@context\":\"https:\\\/\\\/schema.org\",\"@graph\":[{\"@type\":\"NewsArticle\",\"@id\":\"https:\\\/\\\/visionarymarketing.com\\\/fr\\\/2024\\\/04\\\/22\\\/start-ups-du-numerique\\\/#article\",\"isPartOf\":{\"@id\":\"https:\\\/\\\/visionarymarketing.com\\\/fr\\\/2024\\\/04\\\/22\\\/start-ups-du-numerique\\\/\"},\"author\":{\"name\":\"Yann Gourvennec\",\"@id\":\"https:\\\/\\\/visionarymarketing.com\\\/fr\\\/#\\\/schema\\\/person\\\/3754fee1e558f47b8deb46f53c37423e\"},\"headline\":\"5 ann\u00e9es qui ont transform\u00e9 start-ups et TPE du num\u00e9rique\",\"datePublished\":\"2024-04-22T05:30:11+00:00\",\"dateModified\":\"2024-04-22T05:37:44+00:00\",\"mainEntityOfPage\":{\"@id\":\"https:\\\/\\\/visionarymarketing.com\\\/fr\\\/2024\\\/04\\\/22\\\/start-ups-du-numerique\\\/\"},\"wordCount\":659,\"commentCount\":0,\"image\":{\"@id\":\"https:\\\/\\\/visionarymarketing.com\\\/fr\\\/2024\\\/04\\\/22\\\/start-ups-du-numerique\\\/#primaryimage\"},\"thumbnailUrl\":\"https:\\\/\\\/visionarymarketing.com\\\/wp-content\\\/uploads\\\/2024\\\/04\\\/49007282177-697da1e01d-6k.jpg\",\"articleSection\":[\"marketing digital\"],\"inLanguage\":\"fr-FR\",\"potentialAction\":[{\"@type\":\"CommentAction\",\"name\":\"Comment\",\"target\":[\"https:\\\/\\\/visionarymarketing.com\\\/fr\\\/2024\\\/04\\\/22\\\/start-ups-du-numerique\\\/#respond\"]}]},{\"@type\":\"WebPage\",\"@id\":\"https:\\\/\\\/visionarymarketing.com\\\/fr\\\/2024\\\/04\\\/22\\\/start-ups-du-numerique\\\/\",\"url\":\"https:\\\/\\\/visionarymarketing.com\\\/fr\\\/2024\\\/04\\\/22\\\/start-ups-du-numerique\\\/\",\"name\":\"Start-ups du num\u00e9rique : 5 ann\u00e9es de bouleversement 2019-2024\",\"isPartOf\":{\"@id\":\"https:\\\/\\\/visionarymarketing.com\\\/fr\\\/#website\"},\"primaryImageOfPage\":{\"@id\":\"https:\\\/\\\/visionarymarketing.com\\\/fr\\\/2024\\\/04\\\/22\\\/start-ups-du-numerique\\\/#primaryimage\"},\"image\":{\"@id\":\"https:\\\/\\\/visionarymarketing.com\\\/fr\\\/2024\\\/04\\\/22\\\/start-ups-du-numerique\\\/#primaryimage\"},\"thumbnailUrl\":\"https:\\\/\\\/visionarymarketing.com\\\/wp-content\\\/uploads\\\/2024\\\/04\\\/49007282177-697da1e01d-6k.jpg\",\"datePublished\":\"2024-04-22T05:30:11+00:00\",\"dateModified\":\"2024-04-22T05:37:44+00:00\",\"author\":{\"@id\":\"https:\\\/\\\/visionarymarketing.com\\\/fr\\\/#\\\/schema\\\/person\\\/3754fee1e558f47b8deb46f53c37423e\"},\"description\":\"Quel a \u00e9t\u00e9 l'impact de la p\u00e9riode 2019-2024 sur les start-ups et les TPE du num\u00e9rique? Pour le savoir, Evolena a men\u00e9 l'enqu\u00eate\",\"breadcrumb\":{\"@id\":\"https:\\\/\\\/visionarymarketing.com\\\/fr\\\/2024\\\/04\\\/22\\\/start-ups-du-numerique\\\/#breadcrumb\"},\"inLanguage\":\"fr-FR\",\"potentialAction\":[{\"@type\":\"ReadAction\",\"target\":[\"https:\\\/\\\/visionarymarketing.com\\\/fr\\\/2024\\\/04\\\/22\\\/start-ups-du-numerique\\\/\"]}]},{\"@type\":\"ImageObject\",\"inLanguage\":\"fr-FR\",\"@id\":\"https:\\\/\\\/visionarymarketing.com\\\/fr\\\/2024\\\/04\\\/22\\\/start-ups-du-numerique\\\/#primaryimage\",\"url\":\"https:\\\/\\\/visionarymarketing.com\\\/wp-content\\\/uploads\\\/2024\\\/04\\\/49007282177-697da1e01d-6k.jpg\",\"contentUrl\":\"https:\\\/\\\/visionarymarketing.com\\\/wp-content\\\/uploads\\\/2024\\\/04\\\/49007282177-697da1e01d-6k.jpg\",\"width\":1200,\"height\":628},{\"@type\":\"BreadcrumbList\",\"@id\":\"https:\\\/\\\/visionarymarketing.com\\\/fr\\\/2024\\\/04\\\/22\\\/start-ups-du-numerique\\\/#breadcrumb\",\"itemListElement\":[{\"@type\":\"ListItem\",\"position\":1,\"name\":\"Home\",\"item\":\"https:\\\/\\\/visionarymarketing.com\\\/fr\\\/\"},{\"@type\":\"ListItem\",\"position\":2,\"name\":\"5 ann\u00e9es qui ont transform\u00e9 start-ups et TPE du num\u00e9rique\"}]},{\"@type\":\"WebSite\",\"@id\":\"https:\\\/\\\/visionarymarketing.com\\\/fr\\\/#website\",\"url\":\"https:\\\/\\\/visionarymarketing.com\\\/fr\\\/\",\"name\":\"Marketing and Innovation\",\"description\":\"Site d&#039;infos ind\u00e9pendant, depuis 1996\",\"potentialAction\":[{\"@type\":\"SearchAction\",\"target\":{\"@type\":\"EntryPoint\",\"urlTemplate\":\"https:\\\/\\\/visionarymarketing.com\\\/fr\\\/?s={search_term_string}\"},\"query-input\":{\"@type\":\"PropertyValueSpecification\",\"valueRequired\":true,\"valueName\":\"search_term_string\"}}],\"inLanguage\":\"fr-FR\"},{\"@type\":\"Person\",\"@id\":\"https:\\\/\\\/visionarymarketing.com\\\/fr\\\/#\\\/schema\\\/person\\\/3754fee1e558f47b8deb46f53c37423e\",\"name\":\"Yann Gourvennec\",\"image\":{\"@type\":\"ImageObject\",\"inLanguage\":\"fr-FR\",\"@id\":\"https:\\\/\\\/secure.gravatar.com\\\/avatar\\\/5972001801e8de5692a3e31224e85769f50a55fb8b679749f9c8d1868cceff14?s=96&d=initials&r=g&initials=yg\",\"url\":\"https:\\\/\\\/secure.gravatar.com\\\/avatar\\\/5972001801e8de5692a3e31224e85769f50a55fb8b679749f9c8d1868cceff14?s=96&d=initials&r=g&initials=yg\",\"contentUrl\":\"https:\\\/\\\/secure.gravatar.com\\\/avatar\\\/5972001801e8de5692a3e31224e85769f50a55fb8b679749f9c8d1868cceff14?s=96&d=initials&r=g&initials=yg\",\"caption\":\"Yann Gourvennec\"},\"description\":\"Yann Gourvennec created visionarymarketing.com in 1996. He is a speaker and author of many books. In 2014 he went from intrapreneur to entrepreneur, when he created his digital marketing agency. Yann Gourvennec a cr\u00e9\u00e9 visionarymarketing.com en 1996. Il est conf\u00e9rencier et auteur de plusieurs livres. En 2014, il est pass\u00e9 d'intrapreneur \u00e0 entrepreneur en cr\u00e9ant son agence de marketing num\u00e9rique.\",\"sameAs\":[\"https:\\\/\\\/visionarymarketing.com\",\"http:\\\/\\\/facebook.com\\\/ygourven\",\"http:\\\/\\\/linkedin.com\\\/in\\\/ygourven\",\"https:\\\/\\\/x.com\\\/ygourven\",\"https:\\\/\\\/www.youtube.com\\\/c\\\/visionarymarketingagency\"],\"url\":\"https:\\\/\\\/visionarymarketing.com\\\/fr\\\/author\\\/yann-gourvennec\\\/\"}]}<\/script>\n<!-- \/ Yoast SEO plugin. -->","yoast_head_json":{"title":"Start-ups du num\u00e9rique : 5 ann\u00e9es de bouleversement 2019-2024","description":"Quel a \u00e9t\u00e9 l'impact de la p\u00e9riode 2019-2024 sur les start-ups et les TPE du num\u00e9rique? Pour le savoir, Evolena a men\u00e9 l'enqu\u00eate","robots":{"index":"index","follow":"follow","max-snippet":"max-snippet:-1","max-image-preview":"max-image-preview:large","max-video-preview":"max-video-preview:-1"},"canonical":"https:\/\/visionarymarketing.com\/fr\/2024\/04\/22\/start-ups-du-numerique\/","og_locale":"fr_FR","og_type":"article","og_title":"Start-ups du num\u00e9rique : 5 ann\u00e9es de bouleversement 2019-2024","og_description":"Quel a \u00e9t\u00e9 l'impact de la p\u00e9riode 2019-2024 sur les start-ups et les TPE du num\u00e9rique? Pour le savoir, Evolena a men\u00e9 l'enqu\u00eate","og_url":"https:\/\/visionarymarketing.com\/fr\/2024\/04\/22\/start-ups-du-numerique\/","og_site_name":"Marketing and Innovation","article_publisher":"https:\/\/www.facebook.com\/vismktg","article_author":"http:\/\/facebook.com\/ygourven","article_published_time":"2024-04-22T05:30:11+00:00","article_modified_time":"2024-04-22T05:37:44+00:00","og_image":[{"width":1200,"height":628,"url":"https:\/\/visionarymarketing.com\/wp-content\/uploads\/2024\/04\/49007282177-697da1e01d-6k.jpg","type":"image\/jpeg"}],"author":"Yann Gourvennec","twitter_card":"summary_large_image","twitter_creator":"@ygourven","twitter_site":"@ygourven","twitter_misc":{"\u00c9crit par":"Yann Gourvennec","Dur\u00e9e de lecture estim\u00e9e":"3 minutes"},"schema":{"@context":"https:\/\/schema.org","@graph":[{"@type":"NewsArticle","@id":"https:\/\/visionarymarketing.com\/fr\/2024\/04\/22\/start-ups-du-numerique\/#article","isPartOf":{"@id":"https:\/\/visionarymarketing.com\/fr\/2024\/04\/22\/start-ups-du-numerique\/"},"author":{"name":"Yann Gourvennec","@id":"https:\/\/visionarymarketing.com\/fr\/#\/schema\/person\/3754fee1e558f47b8deb46f53c37423e"},"headline":"5 ann\u00e9es qui ont transform\u00e9 start-ups et TPE du num\u00e9rique","datePublished":"2024-04-22T05:30:11+00:00","dateModified":"2024-04-22T05:37:44+00:00","mainEntityOfPage":{"@id":"https:\/\/visionarymarketing.com\/fr\/2024\/04\/22\/start-ups-du-numerique\/"},"wordCount":659,"commentCount":0,"image":{"@id":"https:\/\/visionarymarketing.com\/fr\/2024\/04\/22\/start-ups-du-numerique\/#primaryimage"},"thumbnailUrl":"https:\/\/visionarymarketing.com\/wp-content\/uploads\/2024\/04\/49007282177-697da1e01d-6k.jpg","articleSection":["marketing digital"],"inLanguage":"fr-FR","potentialAction":[{"@type":"CommentAction","name":"Comment","target":["https:\/\/visionarymarketing.com\/fr\/2024\/04\/22\/start-ups-du-numerique\/#respond"]}]},{"@type":"WebPage","@id":"https:\/\/visionarymarketing.com\/fr\/2024\/04\/22\/start-ups-du-numerique\/","url":"https:\/\/visionarymarketing.com\/fr\/2024\/04\/22\/start-ups-du-numerique\/","name":"Start-ups du num\u00e9rique : 5 ann\u00e9es de bouleversement 2019-2024","isPartOf":{"@id":"https:\/\/visionarymarketing.com\/fr\/#website"},"primaryImageOfPage":{"@id":"https:\/\/visionarymarketing.com\/fr\/2024\/04\/22\/start-ups-du-numerique\/#primaryimage"},"image":{"@id":"https:\/\/visionarymarketing.com\/fr\/2024\/04\/22\/start-ups-du-numerique\/#primaryimage"},"thumbnailUrl":"https:\/\/visionarymarketing.com\/wp-content\/uploads\/2024\/04\/49007282177-697da1e01d-6k.jpg","datePublished":"2024-04-22T05:30:11+00:00","dateModified":"2024-04-22T05:37:44+00:00","author":{"@id":"https:\/\/visionarymarketing.com\/fr\/#\/schema\/person\/3754fee1e558f47b8deb46f53c37423e"},"description":"Quel a \u00e9t\u00e9 l'impact de la p\u00e9riode 2019-2024 sur les start-ups et les TPE du num\u00e9rique? Pour le savoir, Evolena a men\u00e9 l'enqu\u00eate","breadcrumb":{"@id":"https:\/\/visionarymarketing.com\/fr\/2024\/04\/22\/start-ups-du-numerique\/#breadcrumb"},"inLanguage":"fr-FR","potentialAction":[{"@type":"ReadAction","target":["https:\/\/visionarymarketing.com\/fr\/2024\/04\/22\/start-ups-du-numerique\/"]}]},{"@type":"ImageObject","inLanguage":"fr-FR","@id":"https:\/\/visionarymarketing.com\/fr\/2024\/04\/22\/start-ups-du-numerique\/#primaryimage","url":"https:\/\/visionarymarketing.com\/wp-content\/uploads\/2024\/04\/49007282177-697da1e01d-6k.jpg","contentUrl":"https:\/\/visionarymarketing.com\/wp-content\/uploads\/2024\/04\/49007282177-697da1e01d-6k.jpg","width":1200,"height":628},{"@type":"BreadcrumbList","@id":"https:\/\/visionarymarketing.com\/fr\/2024\/04\/22\/start-ups-du-numerique\/#breadcrumb","itemListElement":[{"@type":"ListItem","position":1,"name":"Home","item":"https:\/\/visionarymarketing.com\/fr\/"},{"@type":"ListItem","position":2,"name":"5 ann\u00e9es qui ont transform\u00e9 start-ups et TPE du num\u00e9rique"}]},{"@type":"WebSite","@id":"https:\/\/visionarymarketing.com\/fr\/#website","url":"https:\/\/visionarymarketing.com\/fr\/","name":"Marketing and Innovation","description":"Site d&#039;infos ind\u00e9pendant, depuis 1996","potentialAction":[{"@type":"SearchAction","target":{"@type":"EntryPoint","urlTemplate":"https:\/\/visionarymarketing.com\/fr\/?s={search_term_string}"},"query-input":{"@type":"PropertyValueSpecification","valueRequired":true,"valueName":"search_term_string"}}],"inLanguage":"fr-FR"},{"@type":"Person","@id":"https:\/\/visionarymarketing.com\/fr\/#\/schema\/person\/3754fee1e558f47b8deb46f53c37423e","name":"Yann Gourvennec","image":{"@type":"ImageObject","inLanguage":"fr-FR","@id":"https:\/\/secure.gravatar.com\/avatar\/5972001801e8de5692a3e31224e85769f50a55fb8b679749f9c8d1868cceff14?s=96&d=initials&r=g&initials=yg","url":"https:\/\/secure.gravatar.com\/avatar\/5972001801e8de5692a3e31224e85769f50a55fb8b679749f9c8d1868cceff14?s=96&d=initials&r=g&initials=yg","contentUrl":"https:\/\/secure.gravatar.com\/avatar\/5972001801e8de5692a3e31224e85769f50a55fb8b679749f9c8d1868cceff14?s=96&d=initials&r=g&initials=yg","caption":"Yann Gourvennec"},"description":"Yann Gourvennec created visionarymarketing.com in 1996. He is a speaker and author of many books. In 2014 he went from intrapreneur to entrepreneur, when he created his digital marketing agency. Yann Gourvennec a cr\u00e9\u00e9 visionarymarketing.com en 1996. Il est conf\u00e9rencier et auteur de plusieurs livres. En 2014, il est pass\u00e9 d'intrapreneur \u00e0 entrepreneur en cr\u00e9ant son agence de marketing num\u00e9rique.","sameAs":["https:\/\/visionarymarketing.com","http:\/\/facebook.com\/ygourven","http:\/\/linkedin.com\/in\/ygourven","https:\/\/x.com\/ygourven","https:\/\/www.youtube.com\/c\/visionarymarketingagency"],"url":"https:\/\/visionarymarketing.com\/fr\/author\/yann-gourvennec\/"}]}},"_links":{"self":[{"href":"https:\/\/visionarymarketing.com\/fr\/wp-json\/wp\/v2\/posts\/80186","targetHints":{"allow":["GET"]}}],"collection":[{"href":"https:\/\/visionarymarketing.com\/fr\/wp-json\/wp\/v2\/posts"}],"about":[{"href":"https:\/\/visionarymarketing.com\/fr\/wp-json\/wp\/v2\/types\/post"}],"author":[{"embeddable":true,"href":"https:\/\/visionarymarketing.com\/fr\/wp-json\/wp\/v2\/users\/2"}],"replies":[{"embeddable":true,"href":"https:\/\/visionarymarketing.com\/fr\/wp-json\/wp\/v2\/comments?post=80186"}],"version-history":[{"count":0,"href":"https:\/\/visionarymarketing.com\/fr\/wp-json\/wp\/v2\/posts\/80186\/revisions"}],"wp:featuredmedia":[{"embeddable":true,"href":"https:\/\/visionarymarketing.com\/fr\/wp-json\/wp\/v2\/media\/80191"}],"wp:attachment":[{"href":"https:\/\/visionarymarketing.com\/fr\/wp-json\/wp\/v2\/media?parent=80186"}],"wp:term":[{"taxonomy":"category","embeddable":true,"href":"https:\/\/visionarymarketing.com\/fr\/wp-json\/wp\/v2\/categories?post=80186"},{"taxonomy":"post_tag","embeddable":true,"href":"https:\/\/visionarymarketing.com\/fr\/wp-json\/wp\/v2\/tags?post=80186"}],"curies":[{"name":"wp","href":"https:\/\/api.w.org\/{rel}","templated":true}]}}