{"id":80159,"date":"2024-04-18T07:32:22","date_gmt":"2024-04-18T05:32:22","guid":{"rendered":"https:\/\/visionarymarketing.com\/?p=80159"},"modified":"2024-04-18T07:53:26","modified_gmt":"2024-04-18T05:53:26","slug":"demobilite-drive-to-zero-2024","status":"publish","type":"post","link":"https:\/\/visionarymarketing.com\/fr\/2024\/04\/18\/demobilite-drive-to-zero-2024\/","title":{"rendered":"Drive to Zero 2024, des nouvelles mobilit\u00e9s \u00e0 la d\u00e9mobilit\u00e9"},"content":{"rendered":"<p><i style=\"font-weight: 400;\">Au\u00a0<\/i><i>c\u0153ur<\/i><i style=\"font-weight: 400;\">\u00a0des nouvelles mobilit\u00e9s, il y a la <a href=\"https:\/\/visionarymarketing.com\/fr\/2022\/03\/14\/intermodalite\/\">intermodalit\u00e9 et multimodalit\u00e9<\/a>, mais connaissez-vous la\u00a0<\/i><i>d\u00e9mobilit\u00e9<\/i><i style=\"font-weight: 400;\"> ?<\/i><i style=\"font-weight: 400;\">\u00a0St\u00e9phanie Gay est l\u2019organisatrice de Drive to Zero, un \u00e9v\u00e9nement exceptionnel d\u00e9di\u00e9 aux mobilit\u00e9s de nouvelle g\u00e9n\u00e9ration, dont Visionary Marketing est partenaire m\u00e9dia. Nous l\u2019avons interview\u00e9e pour comprendre le r\u00f4le que peuvent jouer les entreprises, appr\u00e9hender les d\u00e9fis et les opportunit\u00e9s des nouvelles mobilit\u00e9s et guider nos lecteurs. Ceux-ci ne manqueront pas de s\u2019inscrire \u00e0 cet \u00e9v\u00e9nement qui aura lieu les 28 et 29\u00a0mai 2024 \u00e0 Longchamp, haut lieu du cyclisme amateur parisien. Comme l\u2019explique St\u00e9phanie, \u00ab\u00a0d&rsquo;un point A \u00e0 un point B, on empruntera sans doute plusieurs modes de transport, que nous partagerons avec plusieurs usagers\u00a0\u00bb et c\u2019est pour dessiner ce nouveau monde que Drive to Zero a \u00e9t\u00e9 cr\u00e9\u00e9. Une utopie\u00a0? Sans aucun doute, mais c\u2019est avec elles que l\u2019on changera le monde, il est urgent d\u2019y croire et d\u2019y participer.<\/i><\/p>\n<h1>Drive to Zero 2024, des nouvelles mobilit\u00e9s \u00e0 la d\u00e9mobilit\u00e9<\/h1>\n<figure id=\"attachment_80156\" aria-describedby=\"caption-attachment-80156\" style=\"width: 1200px\" class=\"wp-caption aligncenter\"><img decoding=\"async\" class=\"size-full wp-image-80156\" src=\"https:\/\/visionarymarketing.com\/wp-content\/uploads\/2024\/04\/8875330601-53f15ce062-k.jpg\" alt=\"Drive to Zero 2024\" width=\"1200\" height=\"628\" srcset=\"https:\/\/visionarymarketing.com\/wp-content\/uploads\/2024\/04\/8875330601-53f15ce062-k.jpg 1200w, https:\/\/visionarymarketing.com\/wp-content\/uploads\/2024\/04\/8875330601-53f15ce062-k-500x262.jpg 500w, https:\/\/visionarymarketing.com\/wp-content\/uploads\/2024\/04\/8875330601-53f15ce062-k-1024x536.jpg 1024w, https:\/\/visionarymarketing.com\/wp-content\/uploads\/2024\/04\/8875330601-53f15ce062-k-768x402.jpg 768w\" sizes=\"(max-width: 1200px) 100vw, 1200px\" \/><figcaption id=\"caption-attachment-80156\" class=\"wp-caption-text\">Drive to Zero 2024 : nous ne manquerons pas de nous rendre \u00e0 Longchamp en v\u00e9lo, mais il est possible \u00e9galement d\u2019y aller \u00e0 cheval \u2013 photo Yann Gourvennec photographies <a href=\"https:\/\/vismktg.info\/studio\" target=\"_blank\" rel=\"noopener\">antimuseum.com<\/a><\/figcaption><\/figure>\n<h3>L\u2019imp\u00e9ratif climatique est-il bien per\u00e7u par tous les chefs d&rsquo;entreprise?<\/h3>\n<p>Le sujet de l&rsquo;acceptabilit\u00e9 est un vrai sujet. Je pense que l&rsquo;\u00e9pisode entre Jean Jouzel et Patrick Pouyann\u00e9 de 2023 (NDLR Voir <a href=\"https:\/\/www.lemonde.fr\/idees\/article\/2023\/09\/13\/entre-jouzel-et-pouyanne-la-puissance-publique-doit-choisir_6189107_3232.html\">cet article du Monde<\/a>) est une belle illustration des d\u00e9bats de soci\u00e9t\u00e9 sur ce sujet.<!--more--><\/p>\n<p>La transformation de nos modes de transport et de nos modes de vie pour r\u00e9duire notre impact sur le climat touche un certain nombre de sujets extr\u00eamement personnels li\u00e9s \u00e0 nos besoins et usages.<\/p>\n<p>Le salon Drive to Zero et l&rsquo;ensemble de ses partenaires, f\u00e9d\u00e9rations, associations, repr\u00e9sentent des entrepreneurs et des entreprises, des acteurs institutionnels, des collectivit\u00e9s, des infrastructures, des \u00e9nerg\u00e9ticiens et des acteurs de l&rsquo;automobile et\/ou du transport routier.<\/p>\n<p>Ces acteurs-l\u00e0 comprennent bien cet imp\u00e9ratif et rencontrent des probl\u00e9matiques \u00e0 fois similaires et diff\u00e9rentes.<\/p>\n<blockquote class=\"quote-light\"><p>Nous avons r\u00e9uni ces diff\u00e9rents acteurs du Drive to Zero autour d&rsquo;une pr\u00e9occupation qui \u00e9tait l&rsquo;usage de la route, avec au centre, les usagers.<\/p><\/blockquote>\n<p>Car c&rsquo;est aussi le voyageur qui se pose ces questions-l\u00e0, et ces entreprises sont au c\u0153ur des questions que nous nous posons dans nos foyers.<\/p>\n<p>Ces questions sont l\u00e9gitimes et Drive to Zero a pour but de poser les bonnes questions, de provoquer l\u2019acc\u00e9l\u00e9ration de l\u2019arriv\u00e9e de solutions adapt\u00e9es \u00e0 nos usages, et de rappeler que la libert\u00e9 de se d\u00e9placer, ou de ne pas se d\u00e9placer, reste un choix et qu\u2019elle ne doit pas \u00eatre impos\u00e9e par des technologies ni des dogmes.<\/p>\n<figure id=\"attachment_80160\" aria-describedby=\"caption-attachment-80160\" style=\"width: 1200px\" class=\"wp-caption aligncenter\"><img decoding=\"async\" class=\"size-full wp-image-80160\" src=\"https:\/\/visionarymarketing.com\/wp-content\/uploads\/2024\/04\/53238282035-e68afa8ab1-k.jpg\" alt=\"Drive to Zero 2024\" width=\"1200\" height=\"800\" srcset=\"https:\/\/visionarymarketing.com\/wp-content\/uploads\/2024\/04\/53238282035-e68afa8ab1-k.jpg 1200w, https:\/\/visionarymarketing.com\/wp-content\/uploads\/2024\/04\/53238282035-e68afa8ab1-k-450x300.jpg 450w, https:\/\/visionarymarketing.com\/wp-content\/uploads\/2024\/04\/53238282035-e68afa8ab1-k-1024x683.jpg 1024w, https:\/\/visionarymarketing.com\/wp-content\/uploads\/2024\/04\/53238282035-e68afa8ab1-k-768x512.jpg 768w\" sizes=\"(max-width: 1200px) 100vw, 1200px\" \/><figcaption id=\"caption-attachment-80160\" class=\"wp-caption-text\">Le v\u00e9lo ne permet pas seulement de se d\u00e9placer, il vous offre aussi de jolis levers de soleil. Et bien entendu, nous nous rendrons en Brompton \u00e0 Drive to Zero, dont les organisateurs acceptent de mettre notre petit v\u00e9lo pliant au vestiaire.<\/figcaption><\/figure>\n<h3>Quel r\u00f4le doivent jouer les chefs d&rsquo;entreprise d&rsquo;aujourd&rsquo;hui et de demain\u00a0?<\/h3>\n<p>Leurs enjeux sont nombreux et l\u2019impact des transformations sur leurs activit\u00e9s est important.<\/p>\n<p>Leur r\u00f4le est de rester \u00e0 l&rsquo;\u00e9coute, de remettre les pratiques et les besoins au centre, en ouvrant le dialogue, et en cassant les silos entre les diff\u00e9rentes industries et activit\u00e9s. C&rsquo;est dans les d\u00e9bats que nous trouverons les solutions, certainement plus proches de la multimodalit\u00e9 que d&rsquo;une modalit\u00e9 unique.<\/p>\n<p>C\u2019est ce qu&rsquo;on essaie de proposer sur Drive to Zero, rassembler, organiser des tables rondes qui donnent la parole \u00e0 l&rsquo;ensemble des modalit\u00e9s pour dessiner, en fin de compte, des modes de mobilit\u00e9 multiples adapt\u00e9s.<\/p>\n<blockquote class=\"quote-light\"><p>D&rsquo;un point A \u00e0 un point B, finalement, on empruntera sans doute plusieurs modes de transport, que nous partagerons avec plusieurs usagers.<\/p><\/blockquote>\n<h3>Votre avis sur le projet de renforcement de la multimodalit\u00e9 \u00e0 la SNCF\u00a0?<\/h3>\n<p>Le premier sujet, c&rsquo;est celui des <strong>infrastructures<\/strong>, de la <strong>disponibilit\u00e9<\/strong> du <strong>rail<\/strong> sur l&rsquo;ensemble de notre pays, puisque nous vivons dans des territoires tr\u00e8s urbains o\u00f9 les modes de transport collectif sont assez nombreux. Il faut pouvoir, dans certains cas, se passer de sa voiture, ou de disposer de sa voiture sur un circuit court puis de prendre le train.<\/p>\n<p>Pouvoir associer un mode de transport pi\u00e9ton, puis le v\u00e9lo, puis le train pour se d\u00e9placer au quotidien ou pendant ses loisirs est un vrai besoin. Les v\u00e9los restent des \u00e9quipements qui prennent de la place dans les trains ou dans les cars.<\/p>\n<blockquote class=\"quote-light\"><p>La multimodalit\u00e9 va r\u00e9clamer des am\u00e9nagements plus importants que de simples espaces pour d\u00e9poser les valises.<\/p><\/blockquote>\n<h3>Cela existe en Suisse depuis des ann\u00e9es. Pourquoi est-ce si long en France\u00a0?<\/h3>\n<p>Le sujet de l&rsquo;usage et de la pratique, et la culture rentrent en ligne de compte dans les d\u00e9cisions.<\/p>\n<p>\u00c9videmment, l&rsquo;adaptation de nos trains pour proposer des wagons compl\u00e9mentaires qui permettent de mettre \u00e0 disposition ce mode de transport doux serait bienvenue. Il faut le proposer et laisser les usagers s&rsquo;habituer.<\/p>\n<p>Sans doute qu&rsquo;il y aura de nombreux cyclistes en France qui seront ravis de pouvoir faire comme cela.<\/p>\n<p><i>NDLR On rappellera qu\u2019en \u00cele-de-France seuls les v\u00e9los pliants sont autoris\u00e9s dans le m\u00e9tro et dans le RER, et que pour prendre le train, les cyclistes doivent attendre le week-end ou voyager en dehors des heures de pointe et prendre le bon wagon, d\u2019ailleurs encombr\u00e9 de pi\u00e9tons le plus souvent non coop\u00e9ratifs. Il faudra\u00a0effectivement changer\u00a0les habitudes et la culture.<\/i><\/p>\n<h3>Quand verrons-nous v\u00e9ritablement nos rues et nos routes se transformer\u00a0?<\/h3>\n<p>Le partage de la route est un sujet. Elle est partag\u00e9e par les camions, les voitures de diff\u00e9rentes tailles, de diff\u00e9rentes vitesses, les v\u00e9los et demain par ce qu&rsquo;on appelle les v\u00e9hicules interm\u00e9diaires, ces v\u00e9hicules hybrides entre le v\u00e9lo et la voiture, plus l\u00e9gers et z\u00e9ro carbone.<\/p>\n<figure id=\"attachment_80164\" aria-describedby=\"caption-attachment-80164\" style=\"width: 2371px\" class=\"wp-caption aligncenter\"><a href=\"https:\/\/www.pedalocab.net\/french\/\" target=\"_blank\" rel=\"noopener\"><img decoding=\"async\" class=\"wp-image-80164 size-full\" src=\"https:\/\/visionarymarketing.com\/wp-content\/uploads\/2024\/04\/protos.jpeg\" alt=\"Pedalocab Drive to Zero\" width=\"2371\" height=\"1359\" srcset=\"https:\/\/visionarymarketing.com\/wp-content\/uploads\/2024\/04\/protos.jpeg 1920w, https:\/\/visionarymarketing.com\/wp-content\/uploads\/2024\/04\/protos-500x287.jpeg 500w, https:\/\/visionarymarketing.com\/wp-content\/uploads\/2024\/04\/protos-1024x587.jpeg 1024w, https:\/\/visionarymarketing.com\/wp-content\/uploads\/2024\/04\/protos-768x440.jpeg 768w, https:\/\/visionarymarketing.com\/wp-content\/uploads\/2024\/04\/protos-1536x880.jpeg 1536w\" sizes=\"(max-width: 2371px) 100vw, 2371px\" \/><\/a><figcaption id=\"caption-attachment-80164\" class=\"wp-caption-text\">Beno\u00eet Dehais, un ing\u00e9nieur Fran\u00e7ais bas\u00e9 en Allemagne a con\u00e7u le <a href=\"https:\/\/www.pedalocab.net\/french\/\" target=\"_blank\" rel=\"noopener\">Pedalocab<\/a>, un v\u00e9hicule l\u00e9ger \u00e0 assistance \u00e9lectrique. Plus qu&rsquo;un bricolage ing\u00e9nieux, un v\u00e9hicule de l&rsquo;avenir \u2014<\/figcaption><\/figure>\n<p>D&rsquo;ailleurs, vous aurez l&rsquo;occasion d&rsquo;en d\u00e9couvrir et de pouvoir en tester \u00e0 l&rsquo;occasion de Drive to Zero avec l&rsquo;association <a href=\"https:\/\/www.aveli.org\/\">Aveli<\/a> et le <a href=\"https:\/\/xd.ademe.fr\/\">programme Extr\u00eame D\u00e9fi de l&rsquo;ADEME<\/a>, une solution de rechange pour les non-cyclistes et les personnes \u00e0 mobilit\u00e9 r\u00e9duite.<\/p>\n<p>Nos infrastructures ont \u00e9t\u00e9 con\u00e7ues pour accueillir des v\u00e9hicules toujours plus lourds, donc des voitures, des camions. C\u2019est un risque notable pour les cyclistes quand ils se retrouvent sur certaines routes de campagne \u00e0 croiser ces v\u00e9hicules plus lourds \u00e0 pleine vitesse.<\/p>\n<p>La s\u00e9curisation de nos espaces routiers, elle, se fait au fur et \u00e0 mesure. Alors c&rsquo;est vrai qu&rsquo;elle se fait beaucoup plus dans les villes, grandes ou moyennes. Elle se fait aussi entre collectivit\u00e9s, parce que le sujet des espaces cyclables n\u00e9cessite aussi un dialogue pour \u00e9viter les ruptures urbaines.<\/p>\n<h3>Y a-t-il un rendez-vous \u00e0 ne pas rater le 28-29\u00a0mai \u00e0 Longchamp\u00a0?<\/h3>\n<p>Le programme de Drive to Zero est assez large. Il aborde les enjeux d&rsquo;acceptabilit\u00e9, de gouvernance, de financement, de technologie et d&rsquo;innovation.<\/p>\n<p>Il est une conf\u00e9rence qui attirera l&rsquo;attention de vos auditeurs, c&rsquo;est celle qui sera consacr\u00e9e \u00e0 la \u00ab\u00a0d\u00e9mobilit\u00e9\u00a0\u00bb. Ce mot peut appara\u00eetre comme un mot extr\u00eamement n\u00e9gatif.<\/p>\n<p>Au lieu d\u2019inciter \u00e0 ne plus bouger, derri\u00e8re ce sujet de d\u00e9mobilit\u00e9, il y a un v\u00e9ritable appel \u00e0 la libert\u00e9. Finalement, qui va d\u00e9cider des mobilit\u00e9s\u00a0? Les pouvoirs publics\u00a0? Les technologies ? Le climat ou les usagers\u00a0?<\/p>\n<p>Nous mettons la question sur la table avec un panel d&rsquo;intervenants qui auront l&rsquo;occasion de d\u00e9battre. Autour de la d\u00e9mobilit\u00e9, nous trouverons sans doute une partie de la solution \u00e0 notre probl\u00e8me de mobilit\u00e9 dans l\u2019avenir.<\/p>\n<p><a href=\"https:\/\/event.drivetozero.fr\" target=\"_blank\" rel=\"noopener\"><img decoding=\"async\" class=\"aligncenter wp-image-79424 size-full\" src=\"https:\/\/visionarymarketing.com\/wp-content\/uploads\/2024\/02\/tous-boutons-s-inscrire-evenement.png\" alt=\"S'inscrire maintenant\" width=\"500\" height=\"75\" \/><\/a><\/p>\n<div itemscope itemtype=\"http:\/\/schema.org\/AudioObject\"><meta itemprop=\"name\" content=\"Drive to Zero 2024, des nouvelles mobilit\u00e9s \u00e0 la d\u00e9mobilit\u00e9\" \/><meta itemprop=\"uploadDate\" content=\"2024-04-18T07:32:22+02:00\" \/><meta itemprop=\"encodingFormat\" content=\"audio\/mpeg\" \/><meta itemprop=\"duration\" content=\"PT13M22S\" \/><meta itemprop=\"description\" content=\"Au\u00a0c\u0153ur\u00a0des nouvelles mobilit\u00e9s, il y a la intermodalit\u00e9 et multimodalit\u00e9, mais connaissez-vous la\u00a0d\u00e9mobilit\u00e9 ?\u00a0St\u00e9phanie Gay est l\u2019organisatrice de Drive to Zero, un \u00e9v\u00e9nement exceptionnel d\u00e9di\u00e9 aux mobilit\u00e9s de nouvelle g\u00e9n\u00e9ration, dont Visionary M...\" \/><meta itemprop=\"contentUrl\" content=\"https:\/\/media.blubrry.com\/visionarymarketing_les\/agence.visionarymarketing.com\/files\/podcasts\/2024-04-17-Drive-to-zero-SG-RAW-mixdown.mp3\" \/><meta itemprop=\"contentSize\" content=\"12.3\" \/><div class=\"powerpress_player\" id=\"powerpress_player_325\"><audio class=\"wp-audio-shortcode\" id=\"audio-80159-1\" preload=\"none\" style=\"width: 100%;\" controls=\"controls\"><source type=\"audio\/mpeg\" src=\"https:\/\/media.blubrry.com\/visionarymarketing_les\/agence.visionarymarketing.com\/files\/podcasts\/2024-04-17-Drive-to-zero-SG-RAW-mixdown.mp3?_=1\" \/><a href=\"https:\/\/media.blubrry.com\/visionarymarketing_les\/agence.visionarymarketing.com\/files\/podcasts\/2024-04-17-Drive-to-zero-SG-RAW-mixdown.mp3\">https:\/\/media.blubrry.com\/visionarymarketing_les\/agence.visionarymarketing.com\/files\/podcasts\/2024-04-17-Drive-to-zero-SG-RAW-mixdown.mp3<\/a><\/audio><\/div><\/div><p class=\"powerpress_links powerpress_links_mp3\" style=\"margin-bottom: 1px !important;\">Podcast: <a href=\"https:\/\/media.blubrry.com\/visionarymarketing_les\/agence.visionarymarketing.com\/files\/podcasts\/2024-04-17-Drive-to-zero-SG-RAW-mixdown.mp3\" class=\"powerpress_link_pinw\" target=\"_blank\" title=\"Play in new window\" onclick=\"return powerpress_pinw('https:\/\/visionarymarketing.com\/fr\/\/?powerpress_pinw=80159-podcast');\" rel=\"nofollow\">Play in new window<\/a> | <a href=\"https:\/\/media.blubrry.com\/visionarymarketing_les\/agence.visionarymarketing.com\/files\/podcasts\/2024-04-17-Drive-to-zero-SG-RAW-mixdown.mp3\" class=\"powerpress_link_d\" title=\"Download\" rel=\"nofollow\" download=\"2024-04-17-Drive-to-zero-SG-RAW-mixdown.mp3\">Download<\/a> (Duration: 13:22 &#8212; 12.3MB)<\/p><p class=\"powerpress_links powerpress_subscribe_links\">Subscribe: <a href=\"https:\/\/itunes.apple.com\/us\/podcast\/visionarymarketing-les-interviews\/id731295319?mt=2&amp;ls=1#episodeGuid=https%3A%2F%2Fvisionarymarketing.com%2F%3Fp%3D80159\" class=\"powerpress_link_subscribe powerpress_link_subscribe_itunes\" target=\"_blank\" title=\"Subscribe on Apple Podcasts\" rel=\"nofollow\">Apple Podcasts<\/a> | <a href=\"https:\/\/open.spotify.com\/show\/52VnZ1mhVSnDs4tQOx7Vuc\" class=\"powerpress_link_subscribe powerpress_link_subscribe_spotify\" target=\"_blank\" title=\"Subscribe on Spotify\" rel=\"nofollow\">Spotify<\/a> | <a href=\"https:\/\/subscribeonandroid.com\/visionarymarketing.com\/fr\/feed\/podcast\/\" class=\"powerpress_link_subscribe powerpress_link_subscribe_android\" target=\"_blank\" title=\"Subscribe on Android\" rel=\"nofollow\">Android<\/a> | <a href=\"https:\/\/visionarymarketing.com\/fr\/feed\/podcast\/\" class=\"powerpress_link_subscribe powerpress_link_subscribe_rss\" target=\"_blank\" title=\"Subscribe via RSS\" rel=\"nofollow\">RSS<\/a><\/p>","protected":false},"excerpt":{"rendered":"<p>Au\u00a0c\u0153ur\u00a0des nouvelles mobilit\u00e9s, il y a la intermodalit\u00e9 et multimodalit\u00e9, mais connaissez-vous la\u00a0d\u00e9mobilit\u00e9 ?\u00a0St\u00e9phanie Gay est l\u2019organisatrice de Drive to Zero, un \u00e9v\u00e9nement exceptionnel d\u00e9di\u00e9 aux mobilit\u00e9s de nouvelle g\u00e9n\u00e9ration, dont Visionary Marketing est partenaire m\u00e9dia. Nous l\u2019avons interview\u00e9e pour comprendre le r\u00f4le que peuvent jouer les entreprises, appr\u00e9hender les d\u00e9fis et les opportunit\u00e9s des &hellip;<\/p>\n","protected":false},"author":2,"featured_media":80156,"comment_status":"open","ping_status":"open","sticky":false,"template":"","format":"standard","meta":{"footnotes":""},"categories":[4062,6],"tags":[],"class_list":["post-80159","post","type-post","status-publish","format-standard","has-post-thumbnail","hentry","category-a-la-une","category-marketing-innovation-fr"],"yoast_head":"<!-- This site is optimized with the Yoast SEO plugin v27.5 - https:\/\/yoast.com\/product\/yoast-seo-wordpress\/ -->\n<title>Drive to Zero 2024 nouvelles mobilit\u00e9s et d\u00e9mobilit\u00e9<\/title>\n<meta name=\"description\" content=\"Au\u00a0c\u0153ur\u00a0des nouvelles mobilit\u00e9s, il y a multimodalit\u00e9, et d\u00e9mobilit\u00e9.\u00a0Nous avons interview\u00e9 St\u00e9phanie Gay organisatrice de Drive to Zero\" \/>\n<meta name=\"robots\" content=\"index, follow, max-snippet:-1, max-image-preview:large, max-video-preview:-1\" \/>\n<link rel=\"canonical\" href=\"https:\/\/visionarymarketing.com\/fr\/2024\/04\/18\/demobilite-drive-to-zero-2024\/\" \/>\n<meta property=\"og:locale\" content=\"fr_FR\" \/>\n<meta property=\"og:type\" content=\"article\" \/>\n<meta property=\"og:title\" content=\"Drive to Zero 2024 nouvelles mobilit\u00e9s et d\u00e9mobilit\u00e9\" \/>\n<meta property=\"og:description\" content=\"Au\u00a0c\u0153ur\u00a0des nouvelles mobilit\u00e9s, il y a multimodalit\u00e9, et d\u00e9mobilit\u00e9.\u00a0Nous avons interview\u00e9 St\u00e9phanie Gay organisatrice de Drive to Zero\" \/>\n<meta property=\"og:url\" content=\"https:\/\/visionarymarketing.com\/fr\/2024\/04\/18\/demobilite-drive-to-zero-2024\/\" \/>\n<meta property=\"og:site_name\" content=\"Marketing and Innovation\" \/>\n<meta property=\"article:publisher\" content=\"https:\/\/www.facebook.com\/vismktg\" \/>\n<meta property=\"article:author\" content=\"http:\/\/facebook.com\/ygourven\" \/>\n<meta property=\"article:published_time\" content=\"2024-04-18T05:32:22+00:00\" \/>\n<meta property=\"article:modified_time\" content=\"2024-04-18T05:53:26+00:00\" \/>\n<meta property=\"og:image\" content=\"https:\/\/visionarymarketing.com\/wp-content\/uploads\/2024\/04\/8875330601-53f15ce062-k.jpg\" \/>\n\t<meta property=\"og:image:width\" content=\"1200\" \/>\n\t<meta property=\"og:image:height\" content=\"628\" \/>\n\t<meta property=\"og:image:type\" content=\"image\/jpeg\" \/>\n<meta name=\"author\" content=\"Yann Gourvennec\" \/>\n<meta name=\"twitter:card\" content=\"summary_large_image\" \/>\n<meta name=\"twitter:creator\" content=\"@ygourven\" \/>\n<meta name=\"twitter:site\" content=\"@ygourven\" \/>\n<meta name=\"twitter:label1\" content=\"\u00c9crit par\" \/>\n\t<meta name=\"twitter:data1\" content=\"Yann Gourvennec\" \/>\n\t<meta name=\"twitter:label2\" content=\"Dur\u00e9e de lecture estim\u00e9e\" \/>\n\t<meta name=\"twitter:data2\" content=\"7 minutes\" \/>\n<script type=\"application\/ld+json\" class=\"yoast-schema-graph\">{\"@context\":\"https:\\\/\\\/schema.org\",\"@graph\":[{\"@type\":\"NewsArticle\",\"@id\":\"https:\\\/\\\/visionarymarketing.com\\\/fr\\\/2024\\\/04\\\/18\\\/demobilite-drive-to-zero-2024\\\/#article\",\"isPartOf\":{\"@id\":\"https:\\\/\\\/visionarymarketing.com\\\/fr\\\/2024\\\/04\\\/18\\\/demobilite-drive-to-zero-2024\\\/\"},\"author\":{\"name\":\"Yann Gourvennec\",\"@id\":\"https:\\\/\\\/visionarymarketing.com\\\/fr\\\/#\\\/schema\\\/person\\\/3754fee1e558f47b8deb46f53c37423e\"},\"headline\":\"Drive to Zero 2024, des nouvelles mobilit\u00e9s \u00e0 la d\u00e9mobilit\u00e9\",\"datePublished\":\"2024-04-18T05:32:22+00:00\",\"dateModified\":\"2024-04-18T05:53:26+00:00\",\"mainEntityOfPage\":{\"@id\":\"https:\\\/\\\/visionarymarketing.com\\\/fr\\\/2024\\\/04\\\/18\\\/demobilite-drive-to-zero-2024\\\/\"},\"wordCount\":1406,\"commentCount\":0,\"image\":{\"@id\":\"https:\\\/\\\/visionarymarketing.com\\\/fr\\\/2024\\\/04\\\/18\\\/demobilite-drive-to-zero-2024\\\/#primaryimage\"},\"thumbnailUrl\":\"https:\\\/\\\/visionarymarketing.com\\\/wp-content\\\/uploads\\\/2024\\\/04\\\/8875330601-53f15ce062-k.jpg\",\"articleSection\":[\"A la une\",\"Marketing &amp; Innovation\"],\"inLanguage\":\"fr-FR\",\"potentialAction\":[{\"@type\":\"CommentAction\",\"name\":\"Comment\",\"target\":[\"https:\\\/\\\/visionarymarketing.com\\\/fr\\\/2024\\\/04\\\/18\\\/demobilite-drive-to-zero-2024\\\/#respond\"]}]},{\"@type\":\"WebPage\",\"@id\":\"https:\\\/\\\/visionarymarketing.com\\\/fr\\\/2024\\\/04\\\/18\\\/demobilite-drive-to-zero-2024\\\/\",\"url\":\"https:\\\/\\\/visionarymarketing.com\\\/fr\\\/2024\\\/04\\\/18\\\/demobilite-drive-to-zero-2024\\\/\",\"name\":\"Drive to Zero 2024 nouvelles mobilit\u00e9s et d\u00e9mobilit\u00e9\",\"isPartOf\":{\"@id\":\"https:\\\/\\\/visionarymarketing.com\\\/fr\\\/#website\"},\"primaryImageOfPage\":{\"@id\":\"https:\\\/\\\/visionarymarketing.com\\\/fr\\\/2024\\\/04\\\/18\\\/demobilite-drive-to-zero-2024\\\/#primaryimage\"},\"image\":{\"@id\":\"https:\\\/\\\/visionarymarketing.com\\\/fr\\\/2024\\\/04\\\/18\\\/demobilite-drive-to-zero-2024\\\/#primaryimage\"},\"thumbnailUrl\":\"https:\\\/\\\/visionarymarketing.com\\\/wp-content\\\/uploads\\\/2024\\\/04\\\/8875330601-53f15ce062-k.jpg\",\"datePublished\":\"2024-04-18T05:32:22+00:00\",\"dateModified\":\"2024-04-18T05:53:26+00:00\",\"author\":{\"@id\":\"https:\\\/\\\/visionarymarketing.com\\\/fr\\\/#\\\/schema\\\/person\\\/3754fee1e558f47b8deb46f53c37423e\"},\"description\":\"Au\u00a0c\u0153ur\u00a0des nouvelles mobilit\u00e9s, il y a multimodalit\u00e9, et d\u00e9mobilit\u00e9.\u00a0Nous avons interview\u00e9 St\u00e9phanie Gay organisatrice de Drive to Zero\",\"breadcrumb\":{\"@id\":\"https:\\\/\\\/visionarymarketing.com\\\/fr\\\/2024\\\/04\\\/18\\\/demobilite-drive-to-zero-2024\\\/#breadcrumb\"},\"inLanguage\":\"fr-FR\",\"potentialAction\":[{\"@type\":\"ReadAction\",\"target\":[\"https:\\\/\\\/visionarymarketing.com\\\/fr\\\/2024\\\/04\\\/18\\\/demobilite-drive-to-zero-2024\\\/\"]}]},{\"@type\":\"ImageObject\",\"inLanguage\":\"fr-FR\",\"@id\":\"https:\\\/\\\/visionarymarketing.com\\\/fr\\\/2024\\\/04\\\/18\\\/demobilite-drive-to-zero-2024\\\/#primaryimage\",\"url\":\"https:\\\/\\\/visionarymarketing.com\\\/wp-content\\\/uploads\\\/2024\\\/04\\\/8875330601-53f15ce062-k.jpg\",\"contentUrl\":\"https:\\\/\\\/visionarymarketing.com\\\/wp-content\\\/uploads\\\/2024\\\/04\\\/8875330601-53f15ce062-k.jpg\",\"width\":1200,\"height\":628,\"caption\":\"Drive to Zero 2024\"},{\"@type\":\"BreadcrumbList\",\"@id\":\"https:\\\/\\\/visionarymarketing.com\\\/fr\\\/2024\\\/04\\\/18\\\/demobilite-drive-to-zero-2024\\\/#breadcrumb\",\"itemListElement\":[{\"@type\":\"ListItem\",\"position\":1,\"name\":\"Home\",\"item\":\"https:\\\/\\\/visionarymarketing.com\\\/fr\\\/\"},{\"@type\":\"ListItem\",\"position\":2,\"name\":\"Drive to Zero 2024, des nouvelles mobilit\u00e9s \u00e0 la d\u00e9mobilit\u00e9\"}]},{\"@type\":\"WebSite\",\"@id\":\"https:\\\/\\\/visionarymarketing.com\\\/fr\\\/#website\",\"url\":\"https:\\\/\\\/visionarymarketing.com\\\/fr\\\/\",\"name\":\"Marketing and Innovation\",\"description\":\"Site d&#039;infos ind\u00e9pendant, depuis 1996\",\"potentialAction\":[{\"@type\":\"SearchAction\",\"target\":{\"@type\":\"EntryPoint\",\"urlTemplate\":\"https:\\\/\\\/visionarymarketing.com\\\/fr\\\/?s={search_term_string}\"},\"query-input\":{\"@type\":\"PropertyValueSpecification\",\"valueRequired\":true,\"valueName\":\"search_term_string\"}}],\"inLanguage\":\"fr-FR\"},{\"@type\":\"Person\",\"@id\":\"https:\\\/\\\/visionarymarketing.com\\\/fr\\\/#\\\/schema\\\/person\\\/3754fee1e558f47b8deb46f53c37423e\",\"name\":\"Yann Gourvennec\",\"image\":{\"@type\":\"ImageObject\",\"inLanguage\":\"fr-FR\",\"@id\":\"https:\\\/\\\/secure.gravatar.com\\\/avatar\\\/5972001801e8de5692a3e31224e85769f50a55fb8b679749f9c8d1868cceff14?s=96&d=initials&r=g&initials=yg\",\"url\":\"https:\\\/\\\/secure.gravatar.com\\\/avatar\\\/5972001801e8de5692a3e31224e85769f50a55fb8b679749f9c8d1868cceff14?s=96&d=initials&r=g&initials=yg\",\"contentUrl\":\"https:\\\/\\\/secure.gravatar.com\\\/avatar\\\/5972001801e8de5692a3e31224e85769f50a55fb8b679749f9c8d1868cceff14?s=96&d=initials&r=g&initials=yg\",\"caption\":\"Yann Gourvennec\"},\"description\":\"Yann Gourvennec created visionarymarketing.com in 1996. He is a speaker and author of many books. In 2014 he went from intrapreneur to entrepreneur, when he created his digital marketing agency. Yann Gourvennec a cr\u00e9\u00e9 visionarymarketing.com en 1996. Il est conf\u00e9rencier et auteur de plusieurs livres. En 2014, il est pass\u00e9 d'intrapreneur \u00e0 entrepreneur en cr\u00e9ant son agence de marketing num\u00e9rique.\",\"sameAs\":[\"https:\\\/\\\/visionarymarketing.com\",\"http:\\\/\\\/facebook.com\\\/ygourven\",\"http:\\\/\\\/linkedin.com\\\/in\\\/ygourven\",\"https:\\\/\\\/x.com\\\/ygourven\",\"https:\\\/\\\/www.youtube.com\\\/c\\\/visionarymarketingagency\"],\"url\":\"https:\\\/\\\/visionarymarketing.com\\\/fr\\\/author\\\/yann-gourvennec\\\/\"}]}<\/script>\n<!-- \/ Yoast SEO plugin. -->","yoast_head_json":{"title":"Drive to Zero 2024 nouvelles mobilit\u00e9s et d\u00e9mobilit\u00e9","description":"Au\u00a0c\u0153ur\u00a0des nouvelles mobilit\u00e9s, il y a multimodalit\u00e9, et d\u00e9mobilit\u00e9.\u00a0Nous avons interview\u00e9 St\u00e9phanie Gay organisatrice de Drive to Zero","robots":{"index":"index","follow":"follow","max-snippet":"max-snippet:-1","max-image-preview":"max-image-preview:large","max-video-preview":"max-video-preview:-1"},"canonical":"https:\/\/visionarymarketing.com\/fr\/2024\/04\/18\/demobilite-drive-to-zero-2024\/","og_locale":"fr_FR","og_type":"article","og_title":"Drive to Zero 2024 nouvelles mobilit\u00e9s et d\u00e9mobilit\u00e9","og_description":"Au\u00a0c\u0153ur\u00a0des nouvelles mobilit\u00e9s, il y a multimodalit\u00e9, et d\u00e9mobilit\u00e9.\u00a0Nous avons interview\u00e9 St\u00e9phanie Gay organisatrice de Drive to Zero","og_url":"https:\/\/visionarymarketing.com\/fr\/2024\/04\/18\/demobilite-drive-to-zero-2024\/","og_site_name":"Marketing and Innovation","article_publisher":"https:\/\/www.facebook.com\/vismktg","article_author":"http:\/\/facebook.com\/ygourven","article_published_time":"2024-04-18T05:32:22+00:00","article_modified_time":"2024-04-18T05:53:26+00:00","og_image":[{"width":1200,"height":628,"url":"https:\/\/visionarymarketing.com\/wp-content\/uploads\/2024\/04\/8875330601-53f15ce062-k.jpg","type":"image\/jpeg"}],"author":"Yann Gourvennec","twitter_card":"summary_large_image","twitter_creator":"@ygourven","twitter_site":"@ygourven","twitter_misc":{"\u00c9crit par":"Yann Gourvennec","Dur\u00e9e de lecture estim\u00e9e":"7 minutes"},"schema":{"@context":"https:\/\/schema.org","@graph":[{"@type":"NewsArticle","@id":"https:\/\/visionarymarketing.com\/fr\/2024\/04\/18\/demobilite-drive-to-zero-2024\/#article","isPartOf":{"@id":"https:\/\/visionarymarketing.com\/fr\/2024\/04\/18\/demobilite-drive-to-zero-2024\/"},"author":{"name":"Yann Gourvennec","@id":"https:\/\/visionarymarketing.com\/fr\/#\/schema\/person\/3754fee1e558f47b8deb46f53c37423e"},"headline":"Drive to Zero 2024, des nouvelles mobilit\u00e9s \u00e0 la d\u00e9mobilit\u00e9","datePublished":"2024-04-18T05:32:22+00:00","dateModified":"2024-04-18T05:53:26+00:00","mainEntityOfPage":{"@id":"https:\/\/visionarymarketing.com\/fr\/2024\/04\/18\/demobilite-drive-to-zero-2024\/"},"wordCount":1406,"commentCount":0,"image":{"@id":"https:\/\/visionarymarketing.com\/fr\/2024\/04\/18\/demobilite-drive-to-zero-2024\/#primaryimage"},"thumbnailUrl":"https:\/\/visionarymarketing.com\/wp-content\/uploads\/2024\/04\/8875330601-53f15ce062-k.jpg","articleSection":["A la une","Marketing &amp; Innovation"],"inLanguage":"fr-FR","potentialAction":[{"@type":"CommentAction","name":"Comment","target":["https:\/\/visionarymarketing.com\/fr\/2024\/04\/18\/demobilite-drive-to-zero-2024\/#respond"]}]},{"@type":"WebPage","@id":"https:\/\/visionarymarketing.com\/fr\/2024\/04\/18\/demobilite-drive-to-zero-2024\/","url":"https:\/\/visionarymarketing.com\/fr\/2024\/04\/18\/demobilite-drive-to-zero-2024\/","name":"Drive to Zero 2024 nouvelles mobilit\u00e9s et d\u00e9mobilit\u00e9","isPartOf":{"@id":"https:\/\/visionarymarketing.com\/fr\/#website"},"primaryImageOfPage":{"@id":"https:\/\/visionarymarketing.com\/fr\/2024\/04\/18\/demobilite-drive-to-zero-2024\/#primaryimage"},"image":{"@id":"https:\/\/visionarymarketing.com\/fr\/2024\/04\/18\/demobilite-drive-to-zero-2024\/#primaryimage"},"thumbnailUrl":"https:\/\/visionarymarketing.com\/wp-content\/uploads\/2024\/04\/8875330601-53f15ce062-k.jpg","datePublished":"2024-04-18T05:32:22+00:00","dateModified":"2024-04-18T05:53:26+00:00","author":{"@id":"https:\/\/visionarymarketing.com\/fr\/#\/schema\/person\/3754fee1e558f47b8deb46f53c37423e"},"description":"Au\u00a0c\u0153ur\u00a0des nouvelles mobilit\u00e9s, il y a multimodalit\u00e9, et d\u00e9mobilit\u00e9.\u00a0Nous avons interview\u00e9 St\u00e9phanie Gay organisatrice de Drive to Zero","breadcrumb":{"@id":"https:\/\/visionarymarketing.com\/fr\/2024\/04\/18\/demobilite-drive-to-zero-2024\/#breadcrumb"},"inLanguage":"fr-FR","potentialAction":[{"@type":"ReadAction","target":["https:\/\/visionarymarketing.com\/fr\/2024\/04\/18\/demobilite-drive-to-zero-2024\/"]}]},{"@type":"ImageObject","inLanguage":"fr-FR","@id":"https:\/\/visionarymarketing.com\/fr\/2024\/04\/18\/demobilite-drive-to-zero-2024\/#primaryimage","url":"https:\/\/visionarymarketing.com\/wp-content\/uploads\/2024\/04\/8875330601-53f15ce062-k.jpg","contentUrl":"https:\/\/visionarymarketing.com\/wp-content\/uploads\/2024\/04\/8875330601-53f15ce062-k.jpg","width":1200,"height":628,"caption":"Drive to Zero 2024"},{"@type":"BreadcrumbList","@id":"https:\/\/visionarymarketing.com\/fr\/2024\/04\/18\/demobilite-drive-to-zero-2024\/#breadcrumb","itemListElement":[{"@type":"ListItem","position":1,"name":"Home","item":"https:\/\/visionarymarketing.com\/fr\/"},{"@type":"ListItem","position":2,"name":"Drive to Zero 2024, des nouvelles mobilit\u00e9s \u00e0 la d\u00e9mobilit\u00e9"}]},{"@type":"WebSite","@id":"https:\/\/visionarymarketing.com\/fr\/#website","url":"https:\/\/visionarymarketing.com\/fr\/","name":"Marketing and Innovation","description":"Site d&#039;infos ind\u00e9pendant, depuis 1996","potentialAction":[{"@type":"SearchAction","target":{"@type":"EntryPoint","urlTemplate":"https:\/\/visionarymarketing.com\/fr\/?s={search_term_string}"},"query-input":{"@type":"PropertyValueSpecification","valueRequired":true,"valueName":"search_term_string"}}],"inLanguage":"fr-FR"},{"@type":"Person","@id":"https:\/\/visionarymarketing.com\/fr\/#\/schema\/person\/3754fee1e558f47b8deb46f53c37423e","name":"Yann Gourvennec","image":{"@type":"ImageObject","inLanguage":"fr-FR","@id":"https:\/\/secure.gravatar.com\/avatar\/5972001801e8de5692a3e31224e85769f50a55fb8b679749f9c8d1868cceff14?s=96&d=initials&r=g&initials=yg","url":"https:\/\/secure.gravatar.com\/avatar\/5972001801e8de5692a3e31224e85769f50a55fb8b679749f9c8d1868cceff14?s=96&d=initials&r=g&initials=yg","contentUrl":"https:\/\/secure.gravatar.com\/avatar\/5972001801e8de5692a3e31224e85769f50a55fb8b679749f9c8d1868cceff14?s=96&d=initials&r=g&initials=yg","caption":"Yann Gourvennec"},"description":"Yann Gourvennec created visionarymarketing.com in 1996. He is a speaker and author of many books. In 2014 he went from intrapreneur to entrepreneur, when he created his digital marketing agency. Yann Gourvennec a cr\u00e9\u00e9 visionarymarketing.com en 1996. Il est conf\u00e9rencier et auteur de plusieurs livres. En 2014, il est pass\u00e9 d'intrapreneur \u00e0 entrepreneur en cr\u00e9ant son agence de marketing num\u00e9rique.","sameAs":["https:\/\/visionarymarketing.com","http:\/\/facebook.com\/ygourven","http:\/\/linkedin.com\/in\/ygourven","https:\/\/x.com\/ygourven","https:\/\/www.youtube.com\/c\/visionarymarketingagency"],"url":"https:\/\/visionarymarketing.com\/fr\/author\/yann-gourvennec\/"}]}},"_links":{"self":[{"href":"https:\/\/visionarymarketing.com\/fr\/wp-json\/wp\/v2\/posts\/80159","targetHints":{"allow":["GET"]}}],"collection":[{"href":"https:\/\/visionarymarketing.com\/fr\/wp-json\/wp\/v2\/posts"}],"about":[{"href":"https:\/\/visionarymarketing.com\/fr\/wp-json\/wp\/v2\/types\/post"}],"author":[{"embeddable":true,"href":"https:\/\/visionarymarketing.com\/fr\/wp-json\/wp\/v2\/users\/2"}],"replies":[{"embeddable":true,"href":"https:\/\/visionarymarketing.com\/fr\/wp-json\/wp\/v2\/comments?post=80159"}],"version-history":[{"count":0,"href":"https:\/\/visionarymarketing.com\/fr\/wp-json\/wp\/v2\/posts\/80159\/revisions"}],"wp:featuredmedia":[{"embeddable":true,"href":"https:\/\/visionarymarketing.com\/fr\/wp-json\/wp\/v2\/media\/80156"}],"wp:attachment":[{"href":"https:\/\/visionarymarketing.com\/fr\/wp-json\/wp\/v2\/media?parent=80159"}],"wp:term":[{"taxonomy":"category","embeddable":true,"href":"https:\/\/visionarymarketing.com\/fr\/wp-json\/wp\/v2\/categories?post=80159"},{"taxonomy":"post_tag","embeddable":true,"href":"https:\/\/visionarymarketing.com\/fr\/wp-json\/wp\/v2\/tags?post=80159"}],"curies":[{"name":"wp","href":"https:\/\/api.w.org\/{rel}","templated":true}]}}