{"id":80136,"date":"2024-04-17T09:22:05","date_gmt":"2024-04-17T07:22:05","guid":{"rendered":"https:\/\/visionarymarketing.com\/?p=80136"},"modified":"2024-04-17T09:27:52","modified_gmt":"2024-04-17T07:27:52","slug":"web-crash-le-web-va-t-il-disparaitre","status":"publish","type":"post","link":"https:\/\/visionarymarketing.com\/fr\/2024\/04\/17\/web-crash-le-web-va-t-il-disparaitre\/","title":{"rendered":"Web crash : le web va-t-il dispara\u00eetre\u00a0?"},"content":{"rendered":"<p><em>Web Crash d\u00e9crit un monde num\u00e9rique en pleine mutation. Mais le Web ira-t-il jusqu&rsquo;\u00e0 dispara\u00eetre en 2040 comme le pr\u00e9dit le livre ? Je me suis pos\u00e9 cette question, et bien d&rsquo;autres, en lisant Web Crash le dernier livre de Maria Mercanti Gu\u00e9rin que j\u2019ai accueillie dans nos locaux. Et la r\u00e9ponse n\u2019est pas simple. Elle nous d\u00e9crit une situation assez apocalyptique, d\u2019un Web, et aussi de ses utilisateurs, qui sont devenus fous et hors de contr\u00f4le. \u00c0 tel point que la toile pourrait dispara\u00eetre en 2040 comme le sugg\u00e8re une nouvelle introductive \u00e0 son livre, \u00e9crite par une IA. Une vision assez noire du Web, qui sonne juste sur bien des points. Maria a cependant ponctu\u00e9 notre interview d\u2019une note plus optimiste. Ouf !<\/em><\/p>\n<h2>Web crash: le Web va-t-il dispara\u00eetre\u00a0?<\/h2>\n<figure id=\"attachment_80138\" aria-describedby=\"caption-attachment-80138\" style=\"width: 1200px\" class=\"wp-caption aligncenter\"><img decoding=\"async\" class=\"wp-image-80138 size-full\" src=\"https:\/\/visionarymarketing.com\/wp-content\/uploads\/2024\/04\/web-crash-maria-mercanti-guerin-e1713338622811.jpg\" alt=\"Maria Mercanti Gu\u00e9rin - Web crash\" width=\"1200\" height=\"628\" srcset=\"https:\/\/visionarymarketing.com\/wp-content\/uploads\/2024\/04\/web-crash-maria-mercanti-guerin-e1713338622811.jpg 1200w, https:\/\/visionarymarketing.com\/wp-content\/uploads\/2024\/04\/web-crash-maria-mercanti-guerin-e1713338622811-500x262.jpg 500w, https:\/\/visionarymarketing.com\/wp-content\/uploads\/2024\/04\/web-crash-maria-mercanti-guerin-e1713338622811-1024x536.jpg 1024w, https:\/\/visionarymarketing.com\/wp-content\/uploads\/2024\/04\/web-crash-maria-mercanti-guerin-e1713338622811-768x402.jpg 768w\" sizes=\"(max-width: 1200px) 100vw, 1200px\" \/><figcaption id=\"caption-attachment-80138\" class=\"wp-caption-text\">Maria Mercanti Gu\u00e9rin a \u00e9crit Web crash<\/figcaption><\/figure>\n<p style=\"font-weight: 400;\">Maria Mercanti Gu\u00e9rin est l\u2019autrice du r\u00e9cent Web Crash, un livre inventif, fouill\u00e9 et extr\u00eamement bien document\u00e9 qui nous interpelle sur l\u2019avenir du Web. Un Web qui \u00ab\u00a0ne dispara\u00eetra probablement pas en 2040\u00a0\u00bb nous dit-elle, \u00ab\u00a0mais qui sera extr\u00eamement diff\u00e9rent de celui qu&rsquo;on conna\u00eet\u00a0\u00bb.<!--more--><\/p>\n<p style=\"font-weight: 400;\">Un Web qui est en butte \u00e0 toutes les critiques et dont elle reconna\u00eet que \u00ab\u00a0s\u2019il est parfois nul, \u00e0 d\u2019autres moments il est tr\u00e8s bien\u00a0\u00bb<\/p>\n<p style=\"font-weight: 400;\">Je la rejoins quand elle nous dit que \u00ab\u00a0le vrai probl\u00e8me c\u2019est qu\u2019il ne donne pas la meilleure image de lui-m\u00eame\u00a0\u00bb. Ce qui incite certains leaders d&rsquo;opinion \u00e0 le d\u00e9serter du moins en partie.<\/p>\n<p style=\"font-weight: 400;\">Et en effet, en pr\u00e9parant le <a href=\"https:\/\/numerikissimo.fr\/\">Numerikissimo<\/a> 2024, l\u2019annuaire des top acteurs du Web, je me suis rendu compte qu\u2019environ les 2\/3 des personnalit\u00e9s du Web fran\u00e7ais avaient d\u00e9sert\u00e9 au moins un des r\u00e9seaux sociaux, souvent X et quasi syst\u00e9matiquement Facebook. Le signe d\u2019un malaise qui ne trompe pas.<\/p>\n<p style=\"font-weight: 400;\">Voici le compte-rendu abr\u00e9g\u00e9 de mon long entretien avec Maria que vous retrouverez in extenso dans la vid\u00e9o et le podcast associ\u00e9s.<\/p>\n<h3>Ta vision du num\u00e9rique est assez noire, comment continuer \u00e0 l\u2019enseigner\u00a0?<\/h3>\n<p style=\"font-weight: 400;\">J&rsquo;ai commenc\u00e9 \u00e0 enseigner le digital il y a presque 20 ans. Au d\u00e9but, c&rsquo;\u00e9tait un monde de simplicit\u00e9 extr\u00eame et tr\u00e8s efficace commercialement. Face aux g\u00e9ants des m\u00e9dias traditionnels, le digital \u00e9tait un petit David, tr\u00e8s agile et int\u00e9ressant. En tant que chercheur, c\u2019\u00e9tait un lieu formidable de partage de la connaissance. Mais je l&rsquo;ai vu peu \u00e0 peu devenir la proie du mercantilisme et \u00e0 se complexifier.<\/p>\n<p style=\"font-weight: 400;\">J&rsquo;avais dans mes cours beaucoup de directeurs marketing ou de la communication en formation continue, qui me montraient leurs campagnes, Google Ads ou Facebook et qui me disaient qu\u2019ils \u00e9taient d\u00e9\u00e7us.<\/p>\n<p style=\"font-weight: 400;\">Cela m&rsquo;a mis un peu la puce \u00e0 l&rsquo;oreille et j&rsquo;ai commenc\u00e9 \u00e0 creuser.<\/p>\n<p style=\"font-weight: 400;\">Or il est tr\u00e8s difficile de se faire une id\u00e9e. On est face \u00e0 des quantit\u00e9s de chiffres, de livres blancs, de rapports\u2026 mais les \u00e9diteurs de ces donn\u00e9es sont juges et parties. Ils vous expliquent combien le Web est formidable et \u00e0 quel point les ROI sont merveilleux, mais ils pr\u00eachent surtout pour leur paroisse.<\/p>\n<h3>Faut-il donc arr\u00eater d\u2019enseigner le marketing digital\u00a0?<\/h3>\n<p style=\"font-weight: 400;\">Pas pour moi. J&rsquo;enseigne de plus en plus le Web 3 et je n&rsquo;ai pas arr\u00eat\u00e9 d&rsquo;enseigner le marketing digital. Quand on se lance dans le marketing, il y a des quantit\u00e9s de bases \u00e0 conna\u00eetre, le marketing digital en fait partie. Je conseille \u00e0 mes \u00e9tudiants d\u2019\u00eatre les plus \u00ab\u00a0techno\u00a0\u00bb possible, de s\u2019int\u00e9resser aux nouveaut\u00e9s. Mais j&rsquo;enseigne diff\u00e9remment.<\/p>\n<blockquote class=\"quote-light\">\n<p style=\"font-weight: 400;\">Avant, dans l&rsquo;enseignement, on pouvait passer \u00e9norm\u00e9ment de temps sur Google Ads. Maintenant, je suis moins ax\u00e9e sur les outils.<\/p>\n<\/blockquote>\n<p><iframe title=\"[Fr]  Web Crash : avec Maria Mercanti Gu\u00e9rin version longue\" width=\"500\" height=\"281\" src=\"https:\/\/www.youtube.com\/embed\/lwBX11YkgxM?feature=oembed\" frameborder=\"0\" allow=\"accelerometer; autoplay; clipboard-write; encrypted-media; gyroscope; picture-in-picture; web-share\" referrerpolicy=\"strict-origin-when-cross-origin\" allowfullscreen><\/iframe><\/p>\n<h3>Ce livre est-il un avertissement ou une remontrance et envers qui\u00a0?<\/h3>\n<p style=\"font-weight: 400;\">C\u2019est une remontrance envers les principaux ordinateurs du Web du fait de ce qu\u2019ils en ont fait. Ce n\u2019est pas une remontrance envers les directeurs marketing. Ils sont pris dans un \u00e9cosyst\u00e8me dont on ne peut sortir.<\/p>\n<p style=\"font-weight: 400;\">Sortir de l&rsquo;\u00e9cosyst\u00e8me Google par exemple. Je rencontre des marketeurs qui sont oblig\u00e9s d&rsquo;arr\u00eater GA 4 par exemple, et cela compte que c&rsquo;est extr\u00eamement complexe. Ils en ont parfaitement conscience. Je n\u2019ai pas besoin de leur dire.<\/p>\n<blockquote class=\"quote-light\">\n<p style=\"font-weight: 400;\">Je fustigerais plus tous ces parasites des m\u00e9dias sociaux qui gravitent autour du Web et vous promettent de devenir riches. C&rsquo;est ennuyeux.<\/p>\n<\/blockquote>\n<p style=\"font-weight: 400;\">Les utilisateurs aussi sont pieds et poings li\u00e9s. Cela pose d&rsquo;ailleurs question, y compris pour nos d\u00e9mocraties.<\/p>\n<h3>Ce que tu d\u00e9cris n\u2019est-il pas le travers du marketing depuis toujours ?<\/h3>\n<p style=\"font-weight: 400;\">Oui, mais ici cela prend des proportions \u00e9normes. Sur Tik Tok par exemple, il y a 100 000 influenceurs. Si on consid\u00e8re qu&rsquo;un influenceur est une sorte de m\u00e9dia, cela commence \u00e0 faire beaucoup.<\/p>\n<p style=\"font-weight: 400;\">En parall\u00e8le, il y a beaucoup d&rsquo;affaires autour des faux influenceurs, sur le dropshipping, en bref de vilaines affaires de tromperie. Il y a trop de monde sur le march\u00e9 et des gens qui se lancent sur le Web et n\u2019apportent aucune valeur.<\/p>\n<p style=\"font-weight: 400;\">Quelque part, il y aura un tournant, une sorte de nettoyage, les barri\u00e8res \u00e0 l\u2019entr\u00e9e seront plus grandes et on devra se recentrer sur un Web plus petit, avec moins d&rsquo;acteurs. Ce ne sera pas plus mal.<\/p>\n<h3>Faut-il d\u00e9brancher Internet\u00a0?<\/h3>\n<p style=\"font-weight: 400;\">Le Web, la couche applicative de l\u2019Internet, est un outil formidable, mais fragile qui peut \u00eatre compl\u00e8tement submerg\u00e9 par les masses de donn\u00e9es, les bots, les hackers, les probl\u00e9matiques de cybers\u00e9curit\u00e9. Par ailleurs, les c\u00e2bles sous-marins ne sont pas assez s\u00e9curis\u00e9s. Dans des contextes g\u00e9opolitiques compliqu\u00e9s, on pourrait couper des c\u00e2bles sans aucun probl\u00e8me et neutraliser ses adversaires.<\/p>\n<blockquote class=\"quote-light\">\n<p style=\"font-weight: 400;\">L\u2019Internet est de plus en plus fragile.<\/p>\n<\/blockquote>\n<h3>Le combat pour un Web comme espace de libert\u00e9 est-il perdu\u00a0?<\/h3>\n<p style=\"font-weight: 400;\">Dans le livre, je fais l&rsquo;hypoth\u00e8se qu\u2019il restera un Web militant. Pour les m\u00e9dias, le mod\u00e8le d&rsquo;abonnement payant ne marche pas, mais le mod\u00e8le de dons sur certains m\u00e9dias et sur certaines communaut\u00e9s tr\u00e8s impliqu\u00e9es fonctionne bien.<\/p>\n<p style=\"font-weight: 400;\">Ce Web militant peut vivre avec tr\u00e8s peu d&rsquo;argent et il pourra survivre. Tim Berners Lee, la grande figure du Web, s\u2019est toujours battu contre sa mon\u00e9tisation.<\/p>\n<p style=\"font-weight: 400;\">De mon c\u00f4t\u00e9, je suis un peu d\u00e9\u00e7ue par ce qui arrive au Web3. C\u2019est un Web qui se veut d\u00e9centralis\u00e9 et qui s\u2019est cr\u00e9\u00e9 contre les banques, mais qui devient extr\u00eamement mon\u00e9tis\u00e9. C\u2019est un gros point d&rsquo;interrogation.<\/p>\n<h3>Tu as produit la fiction de ton introduction en t\u2019aidant d\u2019une IA. Signe que la fragilit\u00e9 d&rsquo;Internet est in\u00e9luctable\u00a0?<\/h3>\n<p style=\"font-weight: 400;\">Cette fiction a \u00e9t\u00e9 co\u00e9crite avec une IA. Sans moi, elle ne pouvait pas l&rsquo;\u00e9crire, et sans elle peut-\u00eatre que je l\u2019aurais \u00e9crite moins bien ou en tout cas j\u2019aurais mis plus de temps.<\/p>\n<p style=\"font-weight: 400;\">En fait, le Web est de plus en plus automatis\u00e9, la place de l\u2019homme est en question et ce n\u2019\u00e9tait pas la promesse du d\u00e9part. Au d\u00e9but, on voyait le Web comme un espace de conversations. Avec le Web 2.0, tout le monde avait son espace d\u2019expression. J&rsquo;ai beaucoup aim\u00e9 cette p\u00e9riode-l\u00e0.<\/p>\n<blockquote class=\"quote-light\">\n<p style=\"font-weight: 400;\">En fait, le ver \u00e9tait dans le fruit.<\/p>\n<\/blockquote>\n<p style=\"font-weight: 400;\">Pour le marketing, en ce moment, je regarde \u00e0 nouveau vers la t\u00e9l\u00e9. C\u2019est un outil int\u00e9ressant, et la radio \u00e9galement. Quand on parle de campagne de communication g\u00e9n\u00e9rale, c&rsquo;est une bonne chose de revenir au multim\u00e9dia et au \u00ab\u00a0cross canal\u00a0\u00bb, au bon vieux m\u00e9dia planning et de ne pas faire que du digital. Ceci, d\u2019autant plus que les statistiques de consultation du m\u00e9dia t\u00e9l\u00e9visuel vont bient\u00f4t inclure les consultations sur mobiles et ordinateurs et que cela va faire monter les prix d\u2019achat d\u2019espace. Il faut acheter maintenant.<\/p>\n<h3>Si les campagnes digitales ne fonctionnent pas, la faute \u00e0 qui\u00a0?<\/h3>\n<p style=\"font-weight: 400;\">Les marketeurs n\u2019ont pas toujours les bons chiffres, on dispose de beaucoup de KPI, mais beaucoup de directeurs marketing me disent \u00ab\u00a0je n\u2019y comprends plus rien et finalement ce qui m&rsquo;int\u00e9resse c&rsquo;est l\u2019incr\u00e9mental\u00a0\u00bb. Les marketeurs sont perdus.<\/p>\n<p style=\"font-weight: 400;\">Les achats programmatiques et la gestion des campagnes sont tr\u00e8s compliqu\u00e9s.<\/p>\n<h3>Le directeur marketing de demain sera-t-il un algorithme\u00a0?<\/h3>\n<p style=\"font-weight: 400;\">Oui, c\u2019est possible, comme le directeur financier ou comme le DRH.<\/p>\n<h3>Qui est responsable de l\u2019explosion des CPC\u00a0?<\/h3>\n<p style=\"font-weight: 400;\">D\u00e8s qu\u2019un secteur est dynamique en mati\u00e8re de demande des consommateurs, les CPL augmentent. Quand j&rsquo;ai commenc\u00e9 dans la pub on faisait de la n\u00e9gociation, m\u00eame si cela s\u2019est compliqu\u00e9 avec la loi Sapin. Aujourd&rsquo;hui, on ne peut plus rien n\u00e9gocier.<\/p>\n<p style=\"font-weight: 400;\">Avec Google Ads par exemple, on a l&rsquo;impression que si on met plus cher sur la table on va gagner l&rsquo;ench\u00e8re, mais en fait non\u00a0; \u00e0 cause du quality score. Quand on passe par des DSP, on ne se parle plus.<\/p>\n<blockquote class=\"quote-light\">\n<p style=\"font-weight: 400;\">Les machines n\u00e9gocient avec les machines, il n\u2019y a plus de contact humain.<\/p>\n<\/blockquote>\n<h3>Quelles alternatives \u00e0 la pub en ligne\u00a0?<\/h3>\n<p style=\"font-weight: 400;\">En inbound aussi il y a trop d\u2019acteurs. Trop de sites qui ne cherchent que du Google Adsense, \u00e7a n\u2019a plus aucun int\u00e9r\u00eat. On voit aussi qu\u2019Amazon est d\u00e9bord\u00e9 par les livres \u00e9crits par l&rsquo;IA. C\u2019est un signe que le r\u00e9dactionnel sera de plus en plus entre les mains de ces machines.<\/p>\n<p style=\"font-weight: 400;\">Mais beaucoup de mes \u00e9tudiants font du B2B et je les encourage \u00e0 faire de l\u2019inbound d&rsquo;expertise. Dans ce cas-l\u00e0, on survit.<\/p>\n<h3>Les taux d&rsquo;engagement aussi (page 235) sont tomb\u00e9s \u00e0 0\u00a0!<\/h3>\n<p style=\"font-weight: 400;\">Alors oui, alors je pense qu&rsquo;il y a quand m\u00eame une sorte de fatigue digitale, qui est due aux r\u00e9seaux sociaux. Sur Facebook, on n\u2019a plus la photo du petit dernier qui vient de na\u00eetre, mais par contre, on a la pub de la derni\u00e8re marque qui arrive sur votre feed. C\u2019est un serpent qui se mord la queue. Les co\u00fbts sont \u00e9normes, et la mon\u00e9tisation est donc obligatoire, donc on fait de la pub, mais \u00e0 force, il y a moins de place pour l&rsquo;UGC et en fin de compte, on ne voit plus les contenus humains.<\/p>\n<h3>Quid des nouveaux r\u00e9seaux sociaux comme Bluesky, Threads et les autres\u00a0?<\/h3>\n<p style=\"font-weight: 400;\">Ce sont des lancements d&rsquo;opportunit\u00e9s. On profite de la faiblesse d&rsquo;un r\u00e9seau qui s&rsquo;\u00e9tait bien install\u00e9 pour essayer d&rsquo;en installer un autre. Mais il y a beaucoup de naissances et beaucoup de morts.<\/p>\n<p style=\"font-weight: 400;\">Mais l\u2019internaute lambda a-t-il envie d&rsquo;investir du temps sur ces nouveaux r\u00e9seaux\u00a0? Il y a une barri\u00e8re li\u00e9e \u00e0 l\u2019adoption, la compr\u00e9hension du nouveau r\u00e9seau. Y trouvera-t-il du plaisir\u00a0? Je ne suis pas s\u00fbre.<\/p>\n<p style=\"font-weight: 400;\">Il s\u2019agit plus d\u2019une strat\u00e9gie d\u2019offre o\u00f9 il s\u2019agit de profiter des derniers micro-oc\u00e9ans bleus qui restent. Ce sont des lancements intempestifs et continus de nouveaux produits.<\/p>\n<p style=\"font-weight: 400;\">Ce n\u2019est pas un signe que l\u2019on va retrouver les fameuses conversations du Cluetrain Manifesto, je n\u2019y crois pas.<\/p>\n<h3>Passons aux jeunes et Internet\u00a0: tu nous parles du comportement de Fogg<\/h3>\n<p style=\"font-weight: 400;\">Il y a 3 piliers au mod\u00e8le de Fogg\u00a0: la motivation, la capacit\u00e9 et les d\u00e9clencheurs.<\/p>\n<p style=\"font-weight: 400;\">J&rsquo;ai \u00e9tudi\u00e9 ce mod\u00e8le pour comprendre par exemple le jeu du foulard. Pourquoi les jeunes font-ils des choses stupides sur le r\u00e9seau, qui peuvent m\u00eame les amener \u00e0 en mourir\u00a0?<\/p>\n<p style=\"font-weight: 400;\">Fogg d\u00e9crit que dans l&rsquo;univers du Web<\/p>\n<ul>\n<li>On a la motivation du fait des impressions et des likes<\/li>\n<li>On y a la capacit\u00e9, car il est d\u00e9sormais tr\u00e8s facile de faire une vid\u00e9o courte avec son mobile<\/li>\n<li>Et on y a des d\u00e9clencheurs multiples qui peuvent \u00eatre des incitations \u00ab\u00a0d\u2019amis\u00a0\u00bb de camarades de classe, l&rsquo;imitation des influenceurs, car on a envie de leur ressembler.<\/li>\n<\/ul>\n<p style=\"font-weight: 400;\">Ces 3 \u00e9l\u00e9ments pris en m\u00eame temps am\u00e8nent les gens \u00e0 faire des choses stupides.<\/p>\n<p style=\"font-weight: 400;\">J&rsquo;ai trouv\u00e9 que ce mod\u00e8le permettait de bien comprendre les situations et les comportements extr\u00eames sur le Web.<\/p>\n<h3>Est-ce que tu es optimiste ou pessimiste vis-\u00e0-vis des jeunes\u00a0?<\/h3>\n<p style=\"font-weight: 400;\">\u00c7a d\u00e9pend.<\/p>\n<p style=\"font-weight: 400;\">Parfois, je me dis qu\u2019ils sont trop souvent sur leur mobile, passifs, et qu\u2019ils ne savent pas servir d&rsquo;un ordinateur.<\/p>\n<p style=\"font-weight: 400;\">M\u00eame si je consid\u00e8re que le Web est en train de changer, je leur dis toujours \u00ab\u00a0Faites des choses sur le Web, montez votre site, votre blog, ne soyez pas passifs\u00a0!\u00a0\u00bb.<\/p>\n<p style=\"font-weight: 400;\">Je me bats contre la passivit\u00e9. R\u00e9cemment, je leur ai interdit le mobile en classe, car leur capacit\u00e9 d&rsquo;attention est trop faible. Je leur demande de prendre des notes et j&rsquo;ai d\u00e9cid\u00e9 de revoir totalement la fa\u00e7on dont je fais cours.<\/p>\n<p style=\"font-weight: 400;\">Je vais enregistrer tous mes cours, ils devront les visionner avant et dans le temps de cours, on sera actifs. Ces nouveaux usages du Web m\u2019am\u00e8nent \u00e0 me poser des questions continuellement sur mon m\u00e9tier d\u2019enseignante.<\/p>\n<p style=\"font-weight: 400;\">Mais il faut aussi tenir compte du fait qu\u2019ils n\u2019ont pas la m\u00eame vie que nous. Quand j&rsquo;ai fait des \u00e9tudes, je me consacrais \u00e0 100\u00a0% \u00e0 elles. Aujourd\u2019hui, on demande beaucoup aux \u00e9tudiants. On leur demande d&rsquo;\u00eatre \u00e0 la fois professionnels, performants dans leur entreprise, de faire des \u00e9tudes. C\u2019est tr\u00e8s dur pour eux.<\/p>\n<h3>Comment vois-tu l\u2019avenir\u00a0?<\/h3>\n<blockquote class=\"quote-light\">\n<p style=\"font-weight: 400;\">Le mobile est la porte ouverte vers le futur.<\/p>\n<\/blockquote>\n<p style=\"font-weight: 400;\">Dans Web crash, je d\u00e9cris \u00e0 la fin du livre diff\u00e9rents Web possibles et je parle du <a href=\"https:\/\/www.sciencedirect.com\/science\/article\/pii\/S0001407920306154\" target=\"_blank\" rel=\"noopener\">Web ICO<\/a> (interface cerveau-ordinateur). C&rsquo;est d\u00e9j\u00e0 dans les cartons, des bandeaux, des lentilles avec de la r\u00e9alit\u00e9 augment\u00e9e, des lunettes connect\u00e9es.<\/p>\n<p style=\"font-weight: 400;\">Les montres connect\u00e9es et le mobile sont d\u00e9j\u00e0 les pr\u00e9curseurs de ce nouveau Web. C\u2019est un Web qui va s&rsquo;int\u00e9grer \u00e0 notre corps et il est presque d\u00e9j\u00e0 l\u00e0.<\/p>\n<p style=\"font-weight: 400;\">Il va devenir un super 2e cerveau en quelque sorte. Pour moi, ce n\u2019est pas du tout un gadget.<\/p>\n<p style=\"font-weight: 400;\">\u00c0 terme, c&rsquo;est un point d&rsquo;entr\u00e9e sur autre chose de plus int\u00e9ressant, et peut \u00eatre plus inqui\u00e9tant aussi.<\/p>\n<h3>L\u00e0, Web Crash bascule dans le transhumanisme\u00a0!?<\/h3>\n<p style=\"font-weight: 400;\">Certes, mais c&rsquo;est dans les cartons, tout est d\u00e9j\u00e0 pr\u00eat. On attend peut-\u00eatre juste une plus grande acceptation de ces technologies, qui font tr\u00e8s peur \u00e9videmment.<\/p>\n<h3>Tu \u00e9cris que l\u2019IA g\u00e9n\u00e9rative comme la fin du Web humain, pourquoi ton livre est-il bourr\u00e9 d\u2019images IA\u00a0?<\/h3>\n<p style=\"font-weight: 400;\">Je suis une grande fan de ce que font ces IA. En tant que blogueur, on doit prendre des illustrations dans les banques d\u2019images. C&rsquo;est tr\u00e8s compliqu\u00e9. Or, l\u00e0, d&rsquo;un seul coup, tu as une autonomie totale et tu peux mettre les images que tu veux sur chaque article. Tu as juste \u00e0 les d\u00e9crire.<\/p>\n<p style=\"font-weight: 400;\">Avec ChatGPT, je me perfectionne sur Air, mais il ne le fait pas \u00e0 ma place. Il me signale que j\u2019ai commis une faute sur telle ligne de code, c\u2019est tout.<\/p>\n<h3>Donc ce n&rsquo;est pas la fin du Web humain\u00a0!<\/h3>\n<p style=\"font-weight: 400;\">C\u2019est la fin d\u2019une grande partie du Web humain quand m\u00eame.<\/p>\n<p style=\"font-weight: 400;\">On se pose des questions. Que vont devenir les CMS ? C&rsquo;est dommage, car WordPress c&rsquo;\u00e9tait g\u00e9nial \u00e0 \u00e9tudier. Avec ces IA, on fait des e-mails, des posts adapt\u00e9s \u00e0 chaque r\u00e9seau social.<\/p>\n<blockquote class=\"quote-light\">\n<p style=\"font-weight: 400;\">\u00c0 terme, il y aura beaucoup moins de monde qui travaillera sur le Web et pour le Web.<\/p>\n<\/blockquote>\n<p style=\"font-weight: 400;\">Combien d&#8217;emplois vont dispara\u00eetre ? C\u2019est un sujet pol\u00e9mique, on ne sait pas. Mais il est clair que pour moi, c\u2019est un tournant pour majeur de l&rsquo;Internet.<\/p>\n<h3>Pour conclure, peut-on inventer un nouveau Web plus respectueux et plus cr\u00e9atif\u00a0?<\/h3>\n<blockquote class=\"quote-light\">\n<p style=\"font-weight: 400;\">Certains de mes \u00e9tudiants travaillent sur les serveurs verts, et les sites Internet responsables. Il y en a qui ont cr\u00e9\u00e9 des entreprises tout jeunes sur le sujet. Je suis assez bluff\u00e9e par ce qu&rsquo;ils font.<\/p>\n<\/blockquote>\n<p style=\"font-weight: 400;\">C\u2019est peut-\u00eatre dans 10 ans que l\u2019on se rendra compte que le Web a tellement chang\u00e9. Les objets connect\u00e9s, l\u2019IOT, qui ont d\u00e9j\u00e0 trouv\u00e9 sa place dans les industries et les usines.<\/p>\n<p style=\"font-weight: 400;\">Cela va absolument tout r\u00e9volutionner, et puis il faut \u00eatre id\u00e9aliste dans la vie !<\/p>\n<p><img decoding=\"async\" class=\"aligncenter size-full wp-image-23414\" src=\"https:\/\/visionarymarketing.com\/wp-content\/uploads\/2017\/02\/tous-boutons.png\" alt=\"acheter le livre\" width=\"450\" height=\"75\" \/><\/p>\n<div itemscope itemtype=\"http:\/\/schema.org\/AudioObject\"><meta itemprop=\"name\" content=\"Web crash : le web va-t-il dispara\u00eetre\u00a0?\" \/><meta itemprop=\"uploadDate\" content=\"2024-04-17T09:22:05+02:00\" \/><meta itemprop=\"encodingFormat\" content=\"audio\/mpeg\" \/><meta itemprop=\"duration\" content=\"PT42M15S\" \/><meta itemprop=\"description\" content=\"Web Crash d\u00e9crit un monde num\u00e9rique en pleine mutation. Mais le Web ira-t-il jusqu&#039;\u00e0 dispara\u00eetre en 2040 comme le pr\u00e9dit le livre ? Je me suis pos\u00e9 cette question, et bien d&#039;autres, en lisant Web Crash le dernier livre de Maria Mercanti Gu\u00e9rin que j\u2019...\" \/><meta itemprop=\"contentUrl\" content=\"https:\/\/media.blubrry.com\/visionarymarketing_les\/agence.visionarymarketing.com\/files\/podcasts\/2024-04-17-Web-Crash-Mixdown.mp3\" \/><meta itemprop=\"contentSize\" content=\"38.7\" \/><div class=\"powerpress_player\" id=\"powerpress_player_5874\"><audio class=\"wp-audio-shortcode\" id=\"audio-80136-1\" preload=\"none\" style=\"width: 100%;\" controls=\"controls\"><source type=\"audio\/mpeg\" src=\"https:\/\/media.blubrry.com\/visionarymarketing_les\/agence.visionarymarketing.com\/files\/podcasts\/2024-04-17-Web-Crash-Mixdown.mp3?_=1\" \/><a href=\"https:\/\/media.blubrry.com\/visionarymarketing_les\/agence.visionarymarketing.com\/files\/podcasts\/2024-04-17-Web-Crash-Mixdown.mp3\">https:\/\/media.blubrry.com\/visionarymarketing_les\/agence.visionarymarketing.com\/files\/podcasts\/2024-04-17-Web-Crash-Mixdown.mp3<\/a><\/audio><\/div><\/div><p class=\"powerpress_links powerpress_links_mp3\" style=\"margin-bottom: 1px !important;\">Podcast: <a href=\"https:\/\/media.blubrry.com\/visionarymarketing_les\/agence.visionarymarketing.com\/files\/podcasts\/2024-04-17-Web-Crash-Mixdown.mp3\" class=\"powerpress_link_pinw\" target=\"_blank\" title=\"Play in new window\" onclick=\"return powerpress_pinw('https:\/\/visionarymarketing.com\/fr\/\/?powerpress_pinw=80136-podcast');\" rel=\"nofollow\">Play in new window<\/a> | <a href=\"https:\/\/media.blubrry.com\/visionarymarketing_les\/agence.visionarymarketing.com\/files\/podcasts\/2024-04-17-Web-Crash-Mixdown.mp3\" class=\"powerpress_link_d\" title=\"Download\" rel=\"nofollow\" download=\"2024-04-17-Web-Crash-Mixdown.mp3\">Download<\/a> (Duration: 42:15 &#8212; 38.7MB)<\/p><p class=\"powerpress_links powerpress_subscribe_links\">Subscribe: <a href=\"https:\/\/itunes.apple.com\/us\/podcast\/visionarymarketing-les-interviews\/id731295319?mt=2&amp;ls=1#episodeGuid=https%3A%2F%2Fvisionarymarketing.com%2F%3Fp%3D80136\" class=\"powerpress_link_subscribe powerpress_link_subscribe_itunes\" target=\"_blank\" title=\"Subscribe on Apple Podcasts\" rel=\"nofollow\">Apple Podcasts<\/a> | <a href=\"https:\/\/open.spotify.com\/show\/52VnZ1mhVSnDs4tQOx7Vuc\" class=\"powerpress_link_subscribe powerpress_link_subscribe_spotify\" target=\"_blank\" title=\"Subscribe on Spotify\" rel=\"nofollow\">Spotify<\/a> | <a href=\"https:\/\/subscribeonandroid.com\/visionarymarketing.com\/fr\/feed\/podcast\/\" class=\"powerpress_link_subscribe powerpress_link_subscribe_android\" target=\"_blank\" title=\"Subscribe on Android\" rel=\"nofollow\">Android<\/a> | <a href=\"https:\/\/visionarymarketing.com\/fr\/feed\/podcast\/\" class=\"powerpress_link_subscribe powerpress_link_subscribe_rss\" target=\"_blank\" title=\"Subscribe via RSS\" rel=\"nofollow\">RSS<\/a><\/p>","protected":false},"excerpt":{"rendered":"<p>Web Crash d\u00e9crit un monde num\u00e9rique en pleine mutation. Mais le Web ira-t-il jusqu&rsquo;\u00e0 dispara\u00eetre en 2040 comme le pr\u00e9dit le livre ? Je me suis pos\u00e9 cette question, et bien d&rsquo;autres, en lisant Web Crash le dernier livre de Maria Mercanti Gu\u00e9rin que j\u2019ai accueillie dans nos locaux. Et la r\u00e9ponse n\u2019est pas simple. &hellip;<\/p>\n","protected":false},"author":2,"featured_media":80138,"comment_status":"open","ping_status":"open","sticky":false,"template":"","format":"standard","meta":{"footnotes":""},"categories":[4062,1613],"tags":[],"class_list":["post-80136","post","type-post","status-publish","format-standard","has-post-thumbnail","hentry","category-a-la-une","category-marketing-digital-marketing"],"yoast_head":"<!-- This site is optimized with the Yoast SEO plugin v27.5 - https:\/\/yoast.com\/product\/yoast-seo-wordpress\/ -->\n<title>Web crash : le web va-t-il dispara\u00eetre\u00a0?<\/title>\n<meta name=\"description\" content=\"Web Crash : le web dispara\u00eetra-t-il en 2040 avant ou jamais ? Maria Mercanti Gu\u00e9rin d\u00e9crit une vision apocalyptique du Web.\" \/>\n<meta name=\"robots\" content=\"index, follow, max-snippet:-1, max-image-preview:large, max-video-preview:-1\" \/>\n<link rel=\"canonical\" href=\"https:\/\/visionarymarketing.com\/fr\/2024\/04\/17\/web-crash-le-web-va-t-il-disparaitre\/\" \/>\n<meta property=\"og:locale\" content=\"fr_FR\" \/>\n<meta property=\"og:type\" content=\"article\" \/>\n<meta property=\"og:title\" content=\"Web crash : le web va-t-il dispara\u00eetre\u00a0?\" \/>\n<meta property=\"og:description\" content=\"Web Crash : le web dispara\u00eetra-t-il en 2040 avant ou jamais ? Maria Mercanti Gu\u00e9rin d\u00e9crit une vision apocalyptique du Web.\" \/>\n<meta property=\"og:url\" content=\"https:\/\/visionarymarketing.com\/fr\/2024\/04\/17\/web-crash-le-web-va-t-il-disparaitre\/\" \/>\n<meta property=\"og:site_name\" content=\"Marketing and Innovation\" \/>\n<meta property=\"article:publisher\" content=\"https:\/\/www.facebook.com\/vismktg\" \/>\n<meta property=\"article:author\" content=\"http:\/\/facebook.com\/ygourven\" \/>\n<meta property=\"article:published_time\" content=\"2024-04-17T07:22:05+00:00\" \/>\n<meta property=\"article:modified_time\" content=\"2024-04-17T07:27:52+00:00\" \/>\n<meta property=\"og:image\" content=\"https:\/\/visionarymarketing.com\/wp-content\/uploads\/2024\/04\/web-crash-maria-mercanti-guerin-e1713338622811.jpg\" \/>\n\t<meta property=\"og:image:width\" content=\"1200\" \/>\n\t<meta property=\"og:image:height\" content=\"628\" \/>\n\t<meta property=\"og:image:type\" content=\"image\/jpeg\" \/>\n<meta name=\"author\" content=\"Yann Gourvennec\" \/>\n<meta name=\"twitter:card\" content=\"summary_large_image\" \/>\n<meta name=\"twitter:creator\" content=\"@ygourven\" \/>\n<meta name=\"twitter:site\" content=\"@ygourven\" \/>\n<meta name=\"twitter:label1\" content=\"\u00c9crit par\" \/>\n\t<meta name=\"twitter:data1\" content=\"Yann Gourvennec\" \/>\n\t<meta name=\"twitter:label2\" content=\"Dur\u00e9e de lecture estim\u00e9e\" \/>\n\t<meta name=\"twitter:data2\" content=\"11 minutes\" \/>\n<script type=\"application\/ld+json\" class=\"yoast-schema-graph\">{\"@context\":\"https:\\\/\\\/schema.org\",\"@graph\":[{\"@type\":\"NewsArticle\",\"@id\":\"https:\\\/\\\/visionarymarketing.com\\\/fr\\\/2024\\\/04\\\/17\\\/web-crash-le-web-va-t-il-disparaitre\\\/#article\",\"isPartOf\":{\"@id\":\"https:\\\/\\\/visionarymarketing.com\\\/fr\\\/2024\\\/04\\\/17\\\/web-crash-le-web-va-t-il-disparaitre\\\/\"},\"author\":{\"name\":\"Yann Gourvennec\",\"@id\":\"https:\\\/\\\/visionarymarketing.com\\\/fr\\\/#\\\/schema\\\/person\\\/3754fee1e558f47b8deb46f53c37423e\"},\"headline\":\"Web crash : le web va-t-il dispara\u00eetre\u00a0?\",\"datePublished\":\"2024-04-17T07:22:05+00:00\",\"dateModified\":\"2024-04-17T07:27:52+00:00\",\"mainEntityOfPage\":{\"@id\":\"https:\\\/\\\/visionarymarketing.com\\\/fr\\\/2024\\\/04\\\/17\\\/web-crash-le-web-va-t-il-disparaitre\\\/\"},\"wordCount\":2834,\"commentCount\":0,\"image\":{\"@id\":\"https:\\\/\\\/visionarymarketing.com\\\/fr\\\/2024\\\/04\\\/17\\\/web-crash-le-web-va-t-il-disparaitre\\\/#primaryimage\"},\"thumbnailUrl\":\"https:\\\/\\\/visionarymarketing.com\\\/wp-content\\\/uploads\\\/2024\\\/04\\\/web-crash-maria-mercanti-guerin-e1713338622811.jpg\",\"articleSection\":[\"A la une\",\"marketing digital\"],\"inLanguage\":\"fr-FR\",\"potentialAction\":[{\"@type\":\"CommentAction\",\"name\":\"Comment\",\"target\":[\"https:\\\/\\\/visionarymarketing.com\\\/fr\\\/2024\\\/04\\\/17\\\/web-crash-le-web-va-t-il-disparaitre\\\/#respond\"]}]},{\"@type\":\"WebPage\",\"@id\":\"https:\\\/\\\/visionarymarketing.com\\\/fr\\\/2024\\\/04\\\/17\\\/web-crash-le-web-va-t-il-disparaitre\\\/\",\"url\":\"https:\\\/\\\/visionarymarketing.com\\\/fr\\\/2024\\\/04\\\/17\\\/web-crash-le-web-va-t-il-disparaitre\\\/\",\"name\":\"Web crash : le web va-t-il dispara\u00eetre\u00a0?\",\"isPartOf\":{\"@id\":\"https:\\\/\\\/visionarymarketing.com\\\/fr\\\/#website\"},\"primaryImageOfPage\":{\"@id\":\"https:\\\/\\\/visionarymarketing.com\\\/fr\\\/2024\\\/04\\\/17\\\/web-crash-le-web-va-t-il-disparaitre\\\/#primaryimage\"},\"image\":{\"@id\":\"https:\\\/\\\/visionarymarketing.com\\\/fr\\\/2024\\\/04\\\/17\\\/web-crash-le-web-va-t-il-disparaitre\\\/#primaryimage\"},\"thumbnailUrl\":\"https:\\\/\\\/visionarymarketing.com\\\/wp-content\\\/uploads\\\/2024\\\/04\\\/web-crash-maria-mercanti-guerin-e1713338622811.jpg\",\"datePublished\":\"2024-04-17T07:22:05+00:00\",\"dateModified\":\"2024-04-17T07:27:52+00:00\",\"author\":{\"@id\":\"https:\\\/\\\/visionarymarketing.com\\\/fr\\\/#\\\/schema\\\/person\\\/3754fee1e558f47b8deb46f53c37423e\"},\"description\":\"Web Crash : le web dispara\u00eetra-t-il en 2040 avant ou jamais ? Maria Mercanti Gu\u00e9rin d\u00e9crit une vision apocalyptique du Web.\",\"breadcrumb\":{\"@id\":\"https:\\\/\\\/visionarymarketing.com\\\/fr\\\/2024\\\/04\\\/17\\\/web-crash-le-web-va-t-il-disparaitre\\\/#breadcrumb\"},\"inLanguage\":\"fr-FR\",\"potentialAction\":[{\"@type\":\"ReadAction\",\"target\":[\"https:\\\/\\\/visionarymarketing.com\\\/fr\\\/2024\\\/04\\\/17\\\/web-crash-le-web-va-t-il-disparaitre\\\/\"]}]},{\"@type\":\"ImageObject\",\"inLanguage\":\"fr-FR\",\"@id\":\"https:\\\/\\\/visionarymarketing.com\\\/fr\\\/2024\\\/04\\\/17\\\/web-crash-le-web-va-t-il-disparaitre\\\/#primaryimage\",\"url\":\"https:\\\/\\\/visionarymarketing.com\\\/wp-content\\\/uploads\\\/2024\\\/04\\\/web-crash-maria-mercanti-guerin-e1713338622811.jpg\",\"contentUrl\":\"https:\\\/\\\/visionarymarketing.com\\\/wp-content\\\/uploads\\\/2024\\\/04\\\/web-crash-maria-mercanti-guerin-e1713338622811.jpg\",\"width\":1200,\"height\":628,\"caption\":\"Maria Mercanti Gu\u00e9rin\"},{\"@type\":\"BreadcrumbList\",\"@id\":\"https:\\\/\\\/visionarymarketing.com\\\/fr\\\/2024\\\/04\\\/17\\\/web-crash-le-web-va-t-il-disparaitre\\\/#breadcrumb\",\"itemListElement\":[{\"@type\":\"ListItem\",\"position\":1,\"name\":\"Home\",\"item\":\"https:\\\/\\\/visionarymarketing.com\\\/fr\\\/\"},{\"@type\":\"ListItem\",\"position\":2,\"name\":\"Web crash : le web va-t-il dispara\u00eetre\u00a0?\"}]},{\"@type\":\"WebSite\",\"@id\":\"https:\\\/\\\/visionarymarketing.com\\\/fr\\\/#website\",\"url\":\"https:\\\/\\\/visionarymarketing.com\\\/fr\\\/\",\"name\":\"Marketing and Innovation\",\"description\":\"Site d&#039;infos ind\u00e9pendant, depuis 1996\",\"potentialAction\":[{\"@type\":\"SearchAction\",\"target\":{\"@type\":\"EntryPoint\",\"urlTemplate\":\"https:\\\/\\\/visionarymarketing.com\\\/fr\\\/?s={search_term_string}\"},\"query-input\":{\"@type\":\"PropertyValueSpecification\",\"valueRequired\":true,\"valueName\":\"search_term_string\"}}],\"inLanguage\":\"fr-FR\"},{\"@type\":\"Person\",\"@id\":\"https:\\\/\\\/visionarymarketing.com\\\/fr\\\/#\\\/schema\\\/person\\\/3754fee1e558f47b8deb46f53c37423e\",\"name\":\"Yann Gourvennec\",\"image\":{\"@type\":\"ImageObject\",\"inLanguage\":\"fr-FR\",\"@id\":\"https:\\\/\\\/secure.gravatar.com\\\/avatar\\\/5972001801e8de5692a3e31224e85769f50a55fb8b679749f9c8d1868cceff14?s=96&d=initials&r=g&initials=yg\",\"url\":\"https:\\\/\\\/secure.gravatar.com\\\/avatar\\\/5972001801e8de5692a3e31224e85769f50a55fb8b679749f9c8d1868cceff14?s=96&d=initials&r=g&initials=yg\",\"contentUrl\":\"https:\\\/\\\/secure.gravatar.com\\\/avatar\\\/5972001801e8de5692a3e31224e85769f50a55fb8b679749f9c8d1868cceff14?s=96&d=initials&r=g&initials=yg\",\"caption\":\"Yann Gourvennec\"},\"description\":\"Yann Gourvennec created visionarymarketing.com in 1996. He is a speaker and author of many books. In 2014 he went from intrapreneur to entrepreneur, when he created his digital marketing agency. Yann Gourvennec a cr\u00e9\u00e9 visionarymarketing.com en 1996. Il est conf\u00e9rencier et auteur de plusieurs livres. En 2014, il est pass\u00e9 d'intrapreneur \u00e0 entrepreneur en cr\u00e9ant son agence de marketing num\u00e9rique.\",\"sameAs\":[\"https:\\\/\\\/visionarymarketing.com\",\"http:\\\/\\\/facebook.com\\\/ygourven\",\"http:\\\/\\\/linkedin.com\\\/in\\\/ygourven\",\"https:\\\/\\\/x.com\\\/ygourven\",\"https:\\\/\\\/www.youtube.com\\\/c\\\/visionarymarketingagency\"],\"url\":\"https:\\\/\\\/visionarymarketing.com\\\/fr\\\/author\\\/yann-gourvennec\\\/\"}]}<\/script>\n<!-- \/ Yoast SEO plugin. -->","yoast_head_json":{"title":"Web crash : le web va-t-il dispara\u00eetre\u00a0?","description":"Web Crash : le web dispara\u00eetra-t-il en 2040 avant ou jamais ? Maria Mercanti Gu\u00e9rin d\u00e9crit une vision apocalyptique du Web.","robots":{"index":"index","follow":"follow","max-snippet":"max-snippet:-1","max-image-preview":"max-image-preview:large","max-video-preview":"max-video-preview:-1"},"canonical":"https:\/\/visionarymarketing.com\/fr\/2024\/04\/17\/web-crash-le-web-va-t-il-disparaitre\/","og_locale":"fr_FR","og_type":"article","og_title":"Web crash : le web va-t-il dispara\u00eetre\u00a0?","og_description":"Web Crash : le web dispara\u00eetra-t-il en 2040 avant ou jamais ? Maria Mercanti Gu\u00e9rin d\u00e9crit une vision apocalyptique du Web.","og_url":"https:\/\/visionarymarketing.com\/fr\/2024\/04\/17\/web-crash-le-web-va-t-il-disparaitre\/","og_site_name":"Marketing and Innovation","article_publisher":"https:\/\/www.facebook.com\/vismktg","article_author":"http:\/\/facebook.com\/ygourven","article_published_time":"2024-04-17T07:22:05+00:00","article_modified_time":"2024-04-17T07:27:52+00:00","og_image":[{"width":1200,"height":628,"url":"https:\/\/visionarymarketing.com\/wp-content\/uploads\/2024\/04\/web-crash-maria-mercanti-guerin-e1713338622811.jpg","type":"image\/jpeg"}],"author":"Yann Gourvennec","twitter_card":"summary_large_image","twitter_creator":"@ygourven","twitter_site":"@ygourven","twitter_misc":{"\u00c9crit par":"Yann Gourvennec","Dur\u00e9e de lecture estim\u00e9e":"11 minutes"},"schema":{"@context":"https:\/\/schema.org","@graph":[{"@type":"NewsArticle","@id":"https:\/\/visionarymarketing.com\/fr\/2024\/04\/17\/web-crash-le-web-va-t-il-disparaitre\/#article","isPartOf":{"@id":"https:\/\/visionarymarketing.com\/fr\/2024\/04\/17\/web-crash-le-web-va-t-il-disparaitre\/"},"author":{"name":"Yann Gourvennec","@id":"https:\/\/visionarymarketing.com\/fr\/#\/schema\/person\/3754fee1e558f47b8deb46f53c37423e"},"headline":"Web crash : le web va-t-il dispara\u00eetre\u00a0?","datePublished":"2024-04-17T07:22:05+00:00","dateModified":"2024-04-17T07:27:52+00:00","mainEntityOfPage":{"@id":"https:\/\/visionarymarketing.com\/fr\/2024\/04\/17\/web-crash-le-web-va-t-il-disparaitre\/"},"wordCount":2834,"commentCount":0,"image":{"@id":"https:\/\/visionarymarketing.com\/fr\/2024\/04\/17\/web-crash-le-web-va-t-il-disparaitre\/#primaryimage"},"thumbnailUrl":"https:\/\/visionarymarketing.com\/wp-content\/uploads\/2024\/04\/web-crash-maria-mercanti-guerin-e1713338622811.jpg","articleSection":["A la une","marketing digital"],"inLanguage":"fr-FR","potentialAction":[{"@type":"CommentAction","name":"Comment","target":["https:\/\/visionarymarketing.com\/fr\/2024\/04\/17\/web-crash-le-web-va-t-il-disparaitre\/#respond"]}]},{"@type":"WebPage","@id":"https:\/\/visionarymarketing.com\/fr\/2024\/04\/17\/web-crash-le-web-va-t-il-disparaitre\/","url":"https:\/\/visionarymarketing.com\/fr\/2024\/04\/17\/web-crash-le-web-va-t-il-disparaitre\/","name":"Web crash : le web va-t-il dispara\u00eetre\u00a0?","isPartOf":{"@id":"https:\/\/visionarymarketing.com\/fr\/#website"},"primaryImageOfPage":{"@id":"https:\/\/visionarymarketing.com\/fr\/2024\/04\/17\/web-crash-le-web-va-t-il-disparaitre\/#primaryimage"},"image":{"@id":"https:\/\/visionarymarketing.com\/fr\/2024\/04\/17\/web-crash-le-web-va-t-il-disparaitre\/#primaryimage"},"thumbnailUrl":"https:\/\/visionarymarketing.com\/wp-content\/uploads\/2024\/04\/web-crash-maria-mercanti-guerin-e1713338622811.jpg","datePublished":"2024-04-17T07:22:05+00:00","dateModified":"2024-04-17T07:27:52+00:00","author":{"@id":"https:\/\/visionarymarketing.com\/fr\/#\/schema\/person\/3754fee1e558f47b8deb46f53c37423e"},"description":"Web Crash : le web dispara\u00eetra-t-il en 2040 avant ou jamais ? Maria Mercanti Gu\u00e9rin d\u00e9crit une vision apocalyptique du Web.","breadcrumb":{"@id":"https:\/\/visionarymarketing.com\/fr\/2024\/04\/17\/web-crash-le-web-va-t-il-disparaitre\/#breadcrumb"},"inLanguage":"fr-FR","potentialAction":[{"@type":"ReadAction","target":["https:\/\/visionarymarketing.com\/fr\/2024\/04\/17\/web-crash-le-web-va-t-il-disparaitre\/"]}]},{"@type":"ImageObject","inLanguage":"fr-FR","@id":"https:\/\/visionarymarketing.com\/fr\/2024\/04\/17\/web-crash-le-web-va-t-il-disparaitre\/#primaryimage","url":"https:\/\/visionarymarketing.com\/wp-content\/uploads\/2024\/04\/web-crash-maria-mercanti-guerin-e1713338622811.jpg","contentUrl":"https:\/\/visionarymarketing.com\/wp-content\/uploads\/2024\/04\/web-crash-maria-mercanti-guerin-e1713338622811.jpg","width":1200,"height":628,"caption":"Maria Mercanti Gu\u00e9rin"},{"@type":"BreadcrumbList","@id":"https:\/\/visionarymarketing.com\/fr\/2024\/04\/17\/web-crash-le-web-va-t-il-disparaitre\/#breadcrumb","itemListElement":[{"@type":"ListItem","position":1,"name":"Home","item":"https:\/\/visionarymarketing.com\/fr\/"},{"@type":"ListItem","position":2,"name":"Web crash : le web va-t-il dispara\u00eetre\u00a0?"}]},{"@type":"WebSite","@id":"https:\/\/visionarymarketing.com\/fr\/#website","url":"https:\/\/visionarymarketing.com\/fr\/","name":"Marketing and Innovation","description":"Site d&#039;infos ind\u00e9pendant, depuis 1996","potentialAction":[{"@type":"SearchAction","target":{"@type":"EntryPoint","urlTemplate":"https:\/\/visionarymarketing.com\/fr\/?s={search_term_string}"},"query-input":{"@type":"PropertyValueSpecification","valueRequired":true,"valueName":"search_term_string"}}],"inLanguage":"fr-FR"},{"@type":"Person","@id":"https:\/\/visionarymarketing.com\/fr\/#\/schema\/person\/3754fee1e558f47b8deb46f53c37423e","name":"Yann Gourvennec","image":{"@type":"ImageObject","inLanguage":"fr-FR","@id":"https:\/\/secure.gravatar.com\/avatar\/5972001801e8de5692a3e31224e85769f50a55fb8b679749f9c8d1868cceff14?s=96&d=initials&r=g&initials=yg","url":"https:\/\/secure.gravatar.com\/avatar\/5972001801e8de5692a3e31224e85769f50a55fb8b679749f9c8d1868cceff14?s=96&d=initials&r=g&initials=yg","contentUrl":"https:\/\/secure.gravatar.com\/avatar\/5972001801e8de5692a3e31224e85769f50a55fb8b679749f9c8d1868cceff14?s=96&d=initials&r=g&initials=yg","caption":"Yann Gourvennec"},"description":"Yann Gourvennec created visionarymarketing.com in 1996. He is a speaker and author of many books. In 2014 he went from intrapreneur to entrepreneur, when he created his digital marketing agency. Yann Gourvennec a cr\u00e9\u00e9 visionarymarketing.com en 1996. Il est conf\u00e9rencier et auteur de plusieurs livres. En 2014, il est pass\u00e9 d'intrapreneur \u00e0 entrepreneur en cr\u00e9ant son agence de marketing num\u00e9rique.","sameAs":["https:\/\/visionarymarketing.com","http:\/\/facebook.com\/ygourven","http:\/\/linkedin.com\/in\/ygourven","https:\/\/x.com\/ygourven","https:\/\/www.youtube.com\/c\/visionarymarketingagency"],"url":"https:\/\/visionarymarketing.com\/fr\/author\/yann-gourvennec\/"}]}},"_links":{"self":[{"href":"https:\/\/visionarymarketing.com\/fr\/wp-json\/wp\/v2\/posts\/80136","targetHints":{"allow":["GET"]}}],"collection":[{"href":"https:\/\/visionarymarketing.com\/fr\/wp-json\/wp\/v2\/posts"}],"about":[{"href":"https:\/\/visionarymarketing.com\/fr\/wp-json\/wp\/v2\/types\/post"}],"author":[{"embeddable":true,"href":"https:\/\/visionarymarketing.com\/fr\/wp-json\/wp\/v2\/users\/2"}],"replies":[{"embeddable":true,"href":"https:\/\/visionarymarketing.com\/fr\/wp-json\/wp\/v2\/comments?post=80136"}],"version-history":[{"count":0,"href":"https:\/\/visionarymarketing.com\/fr\/wp-json\/wp\/v2\/posts\/80136\/revisions"}],"wp:featuredmedia":[{"embeddable":true,"href":"https:\/\/visionarymarketing.com\/fr\/wp-json\/wp\/v2\/media\/80138"}],"wp:attachment":[{"href":"https:\/\/visionarymarketing.com\/fr\/wp-json\/wp\/v2\/media?parent=80136"}],"wp:term":[{"taxonomy":"category","embeddable":true,"href":"https:\/\/visionarymarketing.com\/fr\/wp-json\/wp\/v2\/categories?post=80136"},{"taxonomy":"post_tag","embeddable":true,"href":"https:\/\/visionarymarketing.com\/fr\/wp-json\/wp\/v2\/tags?post=80136"}],"curies":[{"name":"wp","href":"https:\/\/api.w.org\/{rel}","templated":true}]}}