{"id":7947,"date":"2013-03-22T13:14:12","date_gmt":"2013-03-22T12:14:12","guid":{"rendered":"http:\/\/visionary.wordpress.com\/?p=7947"},"modified":"2021-04-23T15:44:07","modified_gmt":"2021-04-23T13:44:07","slug":"tendances-et-reflexions-sur-le-contenu-digital-ma-presentation-jcw-de-lille","status":"publish","type":"post","link":"https:\/\/visionarymarketing.com\/fr\/2013\/03\/22\/tendances-et-reflexions-sur-le-contenu-digital-ma-presentation-jcw-de-lille\/","title":{"rendered":"Tendances et r\u00e9flexions : 9 constats sur le contenu digital"},"content":{"rendered":"<p><span style=\"color: #646b86;\"><em>Je vous livre ici mes 9 constats sur le contenu digital, dans le cadre de la retranscription de la r\u00e9p\u00e9tition du de la pr\u00e9sentation pour <strong><a href=\"http:\/\/leszed.ed-productions.com\/journees-du-contenu-web-a-lille-2013\/\" target=\"_blank\" rel=\"noopener noreferrer\">les journ\u00e9es du contenu Web 2013 qui aura lieu ce soir \u00e0 Lille, vers 18.00<\/a><\/strong>. Le titre de cette pr\u00e9sentation est quelque peu immodeste parce que cal\u00e9 sur le sujet impos\u00e9 par \u00c9ric Delcroix qui m\u2019a incit\u00e9 \u00e0 livrer mes tendances et mes r\u00e9flexions sur le contenu digital. J\u2019ai quant \u00e0 moi ajout\u00e9 cette r\u00e9f\u00e9rence \u00e0 un \u00ab digital native \u00bb de fa\u00e7on un peu fac\u00e9tieuse, vu mon \u00e2ge avanc\u00e9, mais c\u2019est justement introduire ce sujet de l\u2019avenir pour le contenu sur le Web et le sortir du sch\u00e9ma caricatural qui voudrait que les jeunes en soient, et pas les \u00ab\u00a0vieux\u00a0\u00bb. La r\u00e9alit\u00e9 du terrain est que la soci\u00e9t\u00e9 tout enti\u00e8re et le monde des affaires en particulier \u00e9voluent, et ce de mani\u00e8re lente, et ils progressent dans leur production et leur consommation de contenus digitaux.<\/em><\/span><\/p>\n<h2>Tendances et r\u00e9flexions : 9 constats sur le contenu digital<\/h2>\n<figure id=\"attachment_7950\" aria-describedby=\"caption-attachment-7950\" style=\"width: 519px\" class=\"wp-caption aligncenter\"><img decoding=\"async\" class=\"wp-image-7950 size-full\" src=\"https:\/\/visionarymarketing.com\/wp-content\/uploads\/2013\/03\/leconetenuweb_thumb-e1615055681461.jpg\" alt=\"Tendances et r\u00e9flexions : 9 constats sur le contenu digital\" width=\"519\" height=\"340\" \/><figcaption id=\"caption-attachment-7950\" class=\"wp-caption-text\">Tendances et r\u00e9flexions : 9 constats sur le contenu digital<\/figcaption><\/figure>\n<p>C\u2019est donc un sujet tr\u00e8s vaste et cela m&rsquo;a fait r\u00e9fl\u00e9chir \u00e0 savoir comment j&rsquo;allais aborder cela, surtout en connaissant l&rsquo;art difficile des pr\u00e9dictions, ceci n\u2019est pas toujours \u00e9vident ; donc j&rsquo;ai essay\u00e9 de partir du concret et de faire quelque chose de simple en partant de mes observations. Je ferai donc 9 constats (qui sont devenus 10 cet apr\u00e8s-midi dans la version d\u00e9finitive de la pr\u00e9sentation) autour du contenu digital (11 si on rajoute celui emprunt\u00e9 \u00e0 Daniel B\u00f4).<\/p>\n<p>[slideshare id=17497677&amp;doc=jcw13-lille-22032013-130322032355-phpapp01]<\/p>\n<p><b>Mes 9 constats autour du contenu digital :<\/b><\/p>\n<ol>\n<li>le Web n\u2019est pas mort. Voici un sujet trait\u00e9 \u00e0 fond dans notre prochain ouvrage, <i><a href=\"https:\/\/amonboss.com\/\">la communication digitale expliqu\u00e9e \u00e0 mon boss<\/a><\/i><\/li>\n<li><a href=\"https:\/\/visionarymarketing.com\/fr\/2012\/12\/blogs-pas-morts\/\" target=\"_blank\" rel=\"noopener noreferrer\">les blogs non plus<\/a> ne sont pas morts ! et cela fait \u00e9cho \u00e0 un article \u00e0 succ\u00e8s sur mon propre blog ;<\/li>\n<li>le Web, 20 ans apr\u00e8s, est toujours aussi mal compris, non seulement dans son fonctionnement, mais aussi dans son utilit\u00e9 et son caract\u00e8re strat\u00e9gique \u2026 d\u2019o\u00f9 <a href=\"http:\/\/amonboss.com\" target=\"_blank\" rel=\"noopener noreferrer\">notre livre et son sujet<\/a> ;<\/li>\n<li>l\u2019UGC est aussi une bataille \u00e0 flanc de coteau, masqu\u00e9e par des ph\u00e9nom\u00e8nes mim\u00e9tiques (de \u00ab <a href=\"http:\/\/knowyourmeme.com\" target=\"_blank\" rel=\"noopener noreferrer\">meme<\/a> \u00bb) tels les <a href=\"https:\/\/visionarymarketing.com\/2013\/03\/12\/harlem-shake-nouvelle-forme-de-communion-universelle\/\" target=\"_blank\" rel=\"noopener noreferrer\">Harlem Shakes<\/a> (largement d\u00e9battus et analys\u00e9s dans notre ouvrage \u00e9galement). Les diff\u00e9rences culturelles sont \u00e9normes ;<\/li>\n<\/ol>\n<ul>\n<li>4 bis ou 5 dans la nouvelles num\u00e9rotation, je parlerai des partages de photo\u2026 un oubli regrettable pour un photographe amateur comme moi ;<\/li>\n<\/ul>\n<ol start=\"5\">\n<li>rapport d\u2019\u00e9tonnement sur la vid\u00e9o : c\u2019est facile et pourtant c\u2019est tr\u00e8s difficile et \u2013 quoi qu\u2019on en dise \u2013 les audiences restent assez faibles, notamment d\u00e8s que les contenus deviennent un peu s\u00e9rieux ;<\/li>\n<li>idem sur les podcats : une pratique g\u00e9niale qui n\u2019a pas r\u00e9volutionn\u00e9 le contenu Web ; peut-\u00eatre la radio, et encore \u2026 l\u2019engouement est pass\u00e9 ;<\/li>\n<li>mes exp\u00e9riences sur la Web radio ont \u00e9t\u00e9 assez frustrantes \u00e9galement malgr\u00e9 l\u2019int\u00e9r\u00eat ind\u00e9niable de ce m\u00e9dia. Mais sa difficult\u00e9 de mise en \u0153uvre \u2013 rien \u00e0 faire, c\u2019est un m\u00e9tier ! \u2013 fait que le recours \u00e0 des professionnels est indispensable. Les usages en interne sont probants dans certains cas, mais il y a encore des progr\u00e8s \u00e0 faire ;<\/li>\n<li>les \u00e9v\u00e9nementiels et le contenu de marque font bon m\u00e9nage, ce n\u2019est pas une nouveaut\u00e9, mais \u2026 ;<\/li>\n<li>rappelons-le encore une fois, le B2B fait partie des privil\u00e9gi\u00e9s car son ad\u00e9quation au contenu de marque est total ;<\/li>\n<li>la 10<sup>\u00e8me<\/sup> constatation (11<sup>\u00e8me<\/sup> dans la nouvelle num\u00e9rotation) serait celle de Daniel B\u00f4 qui annonce l\u2019\u00e9tape d\u2019apr\u00e8s du contenu de marque, \u00e0 savoir la culture de marque, \u00ab v\u00e9ritable pont entre la marque et les clients \u00bb.<\/li>\n<\/ol>\n<p><b>ma conclusion est bas\u00e9e sur 4 points principaux : <\/b><\/p>\n<ol>\n<li>un monde en constante \u00e9volution<\/li>\n<li>faire du contenu de marque mais ne pas oublier les fondamentaux<\/li>\n<li>faire du contenu mais penser culture<\/li>\n<li>exp\u00e9rimenter mais ne pas croire aux miracles<\/li>\n<\/ol>\n<p>Le hashtag de cet \u00e9v\u00e9nement lillois est #JCW : \u00e0 vos souris !<\/p>\n","protected":false},"excerpt":{"rendered":"<p>Je vous livre ici mes 9 constats sur le contenu digital, dans le cadre de la retranscription de la r\u00e9p\u00e9tition du de la pr\u00e9sentation pour les journ\u00e9es du contenu Web 2013 qui aura lieu ce soir \u00e0 Lille, vers 18.00. Le titre de cette pr\u00e9sentation est quelque peu immodeste parce que cal\u00e9 sur le sujet &hellip;<\/p>\n","protected":false},"author":2,"featured_media":7950,"comment_status":"open","ping_status":"open","sticky":false,"template":"","format":"standard","meta":{"footnotes":""},"categories":[2852],"tags":[],"class_list":["post-7947","post","type-post","status-publish","format-standard","has-post-thumbnail","hentry","category-content-marketing"],"yoast_head":"<!-- This site is optimized with the Yoast SEO plugin v27.4 - https:\/\/yoast.com\/product\/yoast-seo-wordpress\/ -->\n<title>Tendances et r\u00e9flexions : 9 constats sur le contenu digital<\/title>\n<meta name=\"description\" content=\"Je vous livre ici mes tendances sur le contenu digital, dans le cadre de la pr\u00e9sentation pour les journ\u00e9es du contenu Web 2013 \u00e0 Lille\" \/>\n<meta name=\"robots\" content=\"index, follow, max-snippet:-1, max-image-preview:large, max-video-preview:-1\" \/>\n<link rel=\"canonical\" href=\"https:\/\/visionarymarketing.com\/fr\/2013\/03\/22\/tendances-et-reflexions-sur-le-contenu-digital-ma-presentation-jcw-de-lille\/\" \/>\n<meta property=\"og:locale\" content=\"fr_FR\" \/>\n<meta property=\"og:type\" content=\"article\" \/>\n<meta property=\"og:title\" content=\"Tendances et r\u00e9flexions : 9 constats sur le contenu digital\" \/>\n<meta property=\"og:description\" content=\"Je vous livre ici mes tendances sur le contenu digital, dans le cadre de la pr\u00e9sentation pour les journ\u00e9es du contenu Web 2013 \u00e0 Lille\" \/>\n<meta property=\"og:url\" content=\"https:\/\/visionarymarketing.com\/fr\/2013\/03\/22\/tendances-et-reflexions-sur-le-contenu-digital-ma-presentation-jcw-de-lille\/\" \/>\n<meta property=\"og:site_name\" content=\"Marketing and Innovation\" \/>\n<meta property=\"article:publisher\" content=\"https:\/\/www.facebook.com\/vismktg\" \/>\n<meta property=\"article:author\" content=\"http:\/\/facebook.com\/ygourven\" \/>\n<meta property=\"article:published_time\" content=\"2013-03-22T12:14:12+00:00\" \/>\n<meta property=\"article:modified_time\" content=\"2021-04-23T13:44:07+00:00\" \/>\n<meta property=\"og:image\" content=\"https:\/\/visionarymarketing.com\/wp-content\/uploads\/2013\/03\/leconetenuweb_thumb-e1615055681461.jpg\" \/>\n\t<meta property=\"og:image:width\" content=\"644\" \/>\n\t<meta property=\"og:image:height\" content=\"432\" \/>\n\t<meta property=\"og:image:type\" content=\"image\/jpeg\" \/>\n<meta name=\"author\" content=\"Yann Gourvennec\" \/>\n<meta name=\"twitter:card\" content=\"summary_large_image\" \/>\n<meta name=\"twitter:creator\" content=\"@ygourven\" \/>\n<meta name=\"twitter:site\" content=\"@ygourven\" \/>\n<meta name=\"twitter:label1\" content=\"\u00c9crit par\" \/>\n\t<meta name=\"twitter:data1\" content=\"Yann Gourvennec\" \/>\n\t<meta name=\"twitter:label2\" content=\"Dur\u00e9e de lecture estim\u00e9e\" \/>\n\t<meta name=\"twitter:data2\" content=\"3 minutes\" \/>\n<script type=\"application\/ld+json\" class=\"yoast-schema-graph\">{\"@context\":\"https:\\\/\\\/schema.org\",\"@graph\":[{\"@type\":\"NewsArticle\",\"@id\":\"https:\\\/\\\/visionarymarketing.com\\\/fr\\\/2013\\\/03\\\/22\\\/tendances-et-reflexions-sur-le-contenu-digital-ma-presentation-jcw-de-lille\\\/#article\",\"isPartOf\":{\"@id\":\"https:\\\/\\\/visionarymarketing.com\\\/fr\\\/2013\\\/03\\\/22\\\/tendances-et-reflexions-sur-le-contenu-digital-ma-presentation-jcw-de-lille\\\/\"},\"author\":{\"name\":\"Yann Gourvennec\",\"@id\":\"https:\\\/\\\/visionarymarketing.com\\\/fr\\\/#\\\/schema\\\/person\\\/3754fee1e558f47b8deb46f53c37423e\"},\"headline\":\"Tendances et r\u00e9flexions : 9 constats sur le contenu digital\",\"datePublished\":\"2013-03-22T12:14:12+00:00\",\"dateModified\":\"2021-04-23T13:44:07+00:00\",\"mainEntityOfPage\":{\"@id\":\"https:\\\/\\\/visionarymarketing.com\\\/fr\\\/2013\\\/03\\\/22\\\/tendances-et-reflexions-sur-le-contenu-digital-ma-presentation-jcw-de-lille\\\/\"},\"wordCount\":702,\"commentCount\":0,\"image\":{\"@id\":\"https:\\\/\\\/visionarymarketing.com\\\/fr\\\/2013\\\/03\\\/22\\\/tendances-et-reflexions-sur-le-contenu-digital-ma-presentation-jcw-de-lille\\\/#primaryimage\"},\"thumbnailUrl\":\"https:\\\/\\\/visionarymarketing.com\\\/wp-content\\\/uploads\\\/2013\\\/03\\\/leconetenuweb_thumb-e1615055681461.jpg\",\"articleSection\":[\"Content Marketing\"],\"inLanguage\":\"fr-FR\",\"potentialAction\":[{\"@type\":\"CommentAction\",\"name\":\"Comment\",\"target\":[\"https:\\\/\\\/visionarymarketing.com\\\/fr\\\/2013\\\/03\\\/22\\\/tendances-et-reflexions-sur-le-contenu-digital-ma-presentation-jcw-de-lille\\\/#respond\"]}]},{\"@type\":\"WebPage\",\"@id\":\"https:\\\/\\\/visionarymarketing.com\\\/fr\\\/2013\\\/03\\\/22\\\/tendances-et-reflexions-sur-le-contenu-digital-ma-presentation-jcw-de-lille\\\/\",\"url\":\"https:\\\/\\\/visionarymarketing.com\\\/fr\\\/2013\\\/03\\\/22\\\/tendances-et-reflexions-sur-le-contenu-digital-ma-presentation-jcw-de-lille\\\/\",\"name\":\"Tendances et r\u00e9flexions : 9 constats sur le contenu digital\",\"isPartOf\":{\"@id\":\"https:\\\/\\\/visionarymarketing.com\\\/fr\\\/#website\"},\"primaryImageOfPage\":{\"@id\":\"https:\\\/\\\/visionarymarketing.com\\\/fr\\\/2013\\\/03\\\/22\\\/tendances-et-reflexions-sur-le-contenu-digital-ma-presentation-jcw-de-lille\\\/#primaryimage\"},\"image\":{\"@id\":\"https:\\\/\\\/visionarymarketing.com\\\/fr\\\/2013\\\/03\\\/22\\\/tendances-et-reflexions-sur-le-contenu-digital-ma-presentation-jcw-de-lille\\\/#primaryimage\"},\"thumbnailUrl\":\"https:\\\/\\\/visionarymarketing.com\\\/wp-content\\\/uploads\\\/2013\\\/03\\\/leconetenuweb_thumb-e1615055681461.jpg\",\"datePublished\":\"2013-03-22T12:14:12+00:00\",\"dateModified\":\"2021-04-23T13:44:07+00:00\",\"author\":{\"@id\":\"https:\\\/\\\/visionarymarketing.com\\\/fr\\\/#\\\/schema\\\/person\\\/3754fee1e558f47b8deb46f53c37423e\"},\"description\":\"Je vous livre ici mes tendances sur le contenu digital, dans le cadre de la pr\u00e9sentation pour les journ\u00e9es du contenu Web 2013 \u00e0 Lille\",\"breadcrumb\":{\"@id\":\"https:\\\/\\\/visionarymarketing.com\\\/fr\\\/2013\\\/03\\\/22\\\/tendances-et-reflexions-sur-le-contenu-digital-ma-presentation-jcw-de-lille\\\/#breadcrumb\"},\"inLanguage\":\"fr-FR\",\"potentialAction\":[{\"@type\":\"ReadAction\",\"target\":[\"https:\\\/\\\/visionarymarketing.com\\\/fr\\\/2013\\\/03\\\/22\\\/tendances-et-reflexions-sur-le-contenu-digital-ma-presentation-jcw-de-lille\\\/\"]}]},{\"@type\":\"ImageObject\",\"inLanguage\":\"fr-FR\",\"@id\":\"https:\\\/\\\/visionarymarketing.com\\\/fr\\\/2013\\\/03\\\/22\\\/tendances-et-reflexions-sur-le-contenu-digital-ma-presentation-jcw-de-lille\\\/#primaryimage\",\"url\":\"https:\\\/\\\/visionarymarketing.com\\\/wp-content\\\/uploads\\\/2013\\\/03\\\/leconetenuweb_thumb-e1615055681461.jpg\",\"contentUrl\":\"https:\\\/\\\/visionarymarketing.com\\\/wp-content\\\/uploads\\\/2013\\\/03\\\/leconetenuweb_thumb-e1615055681461.jpg\",\"width\":644,\"height\":432},{\"@type\":\"BreadcrumbList\",\"@id\":\"https:\\\/\\\/visionarymarketing.com\\\/fr\\\/2013\\\/03\\\/22\\\/tendances-et-reflexions-sur-le-contenu-digital-ma-presentation-jcw-de-lille\\\/#breadcrumb\",\"itemListElement\":[{\"@type\":\"ListItem\",\"position\":1,\"name\":\"Home\",\"item\":\"https:\\\/\\\/visionarymarketing.com\\\/fr\\\/\"},{\"@type\":\"ListItem\",\"position\":2,\"name\":\"Tendances et r\u00e9flexions : 9 constats sur le contenu digital\"}]},{\"@type\":\"WebSite\",\"@id\":\"https:\\\/\\\/visionarymarketing.com\\\/fr\\\/#website\",\"url\":\"https:\\\/\\\/visionarymarketing.com\\\/fr\\\/\",\"name\":\"Marketing and Innovation\",\"description\":\"Site d&#039;infos ind\u00e9pendant, depuis 1996\",\"potentialAction\":[{\"@type\":\"SearchAction\",\"target\":{\"@type\":\"EntryPoint\",\"urlTemplate\":\"https:\\\/\\\/visionarymarketing.com\\\/fr\\\/?s={search_term_string}\"},\"query-input\":{\"@type\":\"PropertyValueSpecification\",\"valueRequired\":true,\"valueName\":\"search_term_string\"}}],\"inLanguage\":\"fr-FR\"},{\"@type\":\"Person\",\"@id\":\"https:\\\/\\\/visionarymarketing.com\\\/fr\\\/#\\\/schema\\\/person\\\/3754fee1e558f47b8deb46f53c37423e\",\"name\":\"Yann Gourvennec\",\"image\":{\"@type\":\"ImageObject\",\"inLanguage\":\"fr-FR\",\"@id\":\"https:\\\/\\\/secure.gravatar.com\\\/avatar\\\/5972001801e8de5692a3e31224e85769f50a55fb8b679749f9c8d1868cceff14?s=96&d=initials&r=g&initials=yg\",\"url\":\"https:\\\/\\\/secure.gravatar.com\\\/avatar\\\/5972001801e8de5692a3e31224e85769f50a55fb8b679749f9c8d1868cceff14?s=96&d=initials&r=g&initials=yg\",\"contentUrl\":\"https:\\\/\\\/secure.gravatar.com\\\/avatar\\\/5972001801e8de5692a3e31224e85769f50a55fb8b679749f9c8d1868cceff14?s=96&d=initials&r=g&initials=yg\",\"caption\":\"Yann Gourvennec\"},\"description\":\"Yann Gourvennec created visionarymarketing.com in 1996. He is a speaker and author of many books. In 2014 he went from intrapreneur to entrepreneur, when he created his digital marketing agency. Yann Gourvennec a cr\u00e9\u00e9 visionarymarketing.com en 1996. Il est conf\u00e9rencier et auteur de plusieurs livres. En 2014, il est pass\u00e9 d'intrapreneur \u00e0 entrepreneur en cr\u00e9ant son agence de marketing num\u00e9rique.\",\"sameAs\":[\"https:\\\/\\\/visionarymarketing.com\",\"http:\\\/\\\/facebook.com\\\/ygourven\",\"http:\\\/\\\/linkedin.com\\\/in\\\/ygourven\",\"https:\\\/\\\/x.com\\\/ygourven\",\"https:\\\/\\\/www.youtube.com\\\/c\\\/visionarymarketingagency\"],\"url\":\"https:\\\/\\\/visionarymarketing.com\\\/fr\\\/author\\\/yann-gourvennec\\\/\"}]}<\/script>\n<!-- \/ Yoast SEO plugin. -->","yoast_head_json":{"title":"Tendances et r\u00e9flexions : 9 constats sur le contenu digital","description":"Je vous livre ici mes tendances sur le contenu digital, dans le cadre de la pr\u00e9sentation pour les journ\u00e9es du contenu Web 2013 \u00e0 Lille","robots":{"index":"index","follow":"follow","max-snippet":"max-snippet:-1","max-image-preview":"max-image-preview:large","max-video-preview":"max-video-preview:-1"},"canonical":"https:\/\/visionarymarketing.com\/fr\/2013\/03\/22\/tendances-et-reflexions-sur-le-contenu-digital-ma-presentation-jcw-de-lille\/","og_locale":"fr_FR","og_type":"article","og_title":"Tendances et r\u00e9flexions : 9 constats sur le contenu digital","og_description":"Je vous livre ici mes tendances sur le contenu digital, dans le cadre de la pr\u00e9sentation pour les journ\u00e9es du contenu Web 2013 \u00e0 Lille","og_url":"https:\/\/visionarymarketing.com\/fr\/2013\/03\/22\/tendances-et-reflexions-sur-le-contenu-digital-ma-presentation-jcw-de-lille\/","og_site_name":"Marketing and Innovation","article_publisher":"https:\/\/www.facebook.com\/vismktg","article_author":"http:\/\/facebook.com\/ygourven","article_published_time":"2013-03-22T12:14:12+00:00","article_modified_time":"2021-04-23T13:44:07+00:00","og_image":[{"width":644,"height":432,"url":"https:\/\/visionarymarketing.com\/wp-content\/uploads\/2013\/03\/leconetenuweb_thumb-e1615055681461.jpg","type":"image\/jpeg"}],"author":"Yann Gourvennec","twitter_card":"summary_large_image","twitter_creator":"@ygourven","twitter_site":"@ygourven","twitter_misc":{"\u00c9crit par":"Yann Gourvennec","Dur\u00e9e de lecture estim\u00e9e":"3 minutes"},"schema":{"@context":"https:\/\/schema.org","@graph":[{"@type":"NewsArticle","@id":"https:\/\/visionarymarketing.com\/fr\/2013\/03\/22\/tendances-et-reflexions-sur-le-contenu-digital-ma-presentation-jcw-de-lille\/#article","isPartOf":{"@id":"https:\/\/visionarymarketing.com\/fr\/2013\/03\/22\/tendances-et-reflexions-sur-le-contenu-digital-ma-presentation-jcw-de-lille\/"},"author":{"name":"Yann Gourvennec","@id":"https:\/\/visionarymarketing.com\/fr\/#\/schema\/person\/3754fee1e558f47b8deb46f53c37423e"},"headline":"Tendances et r\u00e9flexions : 9 constats sur le contenu digital","datePublished":"2013-03-22T12:14:12+00:00","dateModified":"2021-04-23T13:44:07+00:00","mainEntityOfPage":{"@id":"https:\/\/visionarymarketing.com\/fr\/2013\/03\/22\/tendances-et-reflexions-sur-le-contenu-digital-ma-presentation-jcw-de-lille\/"},"wordCount":702,"commentCount":0,"image":{"@id":"https:\/\/visionarymarketing.com\/fr\/2013\/03\/22\/tendances-et-reflexions-sur-le-contenu-digital-ma-presentation-jcw-de-lille\/#primaryimage"},"thumbnailUrl":"https:\/\/visionarymarketing.com\/wp-content\/uploads\/2013\/03\/leconetenuweb_thumb-e1615055681461.jpg","articleSection":["Content Marketing"],"inLanguage":"fr-FR","potentialAction":[{"@type":"CommentAction","name":"Comment","target":["https:\/\/visionarymarketing.com\/fr\/2013\/03\/22\/tendances-et-reflexions-sur-le-contenu-digital-ma-presentation-jcw-de-lille\/#respond"]}]},{"@type":"WebPage","@id":"https:\/\/visionarymarketing.com\/fr\/2013\/03\/22\/tendances-et-reflexions-sur-le-contenu-digital-ma-presentation-jcw-de-lille\/","url":"https:\/\/visionarymarketing.com\/fr\/2013\/03\/22\/tendances-et-reflexions-sur-le-contenu-digital-ma-presentation-jcw-de-lille\/","name":"Tendances et r\u00e9flexions : 9 constats sur le contenu digital","isPartOf":{"@id":"https:\/\/visionarymarketing.com\/fr\/#website"},"primaryImageOfPage":{"@id":"https:\/\/visionarymarketing.com\/fr\/2013\/03\/22\/tendances-et-reflexions-sur-le-contenu-digital-ma-presentation-jcw-de-lille\/#primaryimage"},"image":{"@id":"https:\/\/visionarymarketing.com\/fr\/2013\/03\/22\/tendances-et-reflexions-sur-le-contenu-digital-ma-presentation-jcw-de-lille\/#primaryimage"},"thumbnailUrl":"https:\/\/visionarymarketing.com\/wp-content\/uploads\/2013\/03\/leconetenuweb_thumb-e1615055681461.jpg","datePublished":"2013-03-22T12:14:12+00:00","dateModified":"2021-04-23T13:44:07+00:00","author":{"@id":"https:\/\/visionarymarketing.com\/fr\/#\/schema\/person\/3754fee1e558f47b8deb46f53c37423e"},"description":"Je vous livre ici mes tendances sur le contenu digital, dans le cadre de la pr\u00e9sentation pour les journ\u00e9es du contenu Web 2013 \u00e0 Lille","breadcrumb":{"@id":"https:\/\/visionarymarketing.com\/fr\/2013\/03\/22\/tendances-et-reflexions-sur-le-contenu-digital-ma-presentation-jcw-de-lille\/#breadcrumb"},"inLanguage":"fr-FR","potentialAction":[{"@type":"ReadAction","target":["https:\/\/visionarymarketing.com\/fr\/2013\/03\/22\/tendances-et-reflexions-sur-le-contenu-digital-ma-presentation-jcw-de-lille\/"]}]},{"@type":"ImageObject","inLanguage":"fr-FR","@id":"https:\/\/visionarymarketing.com\/fr\/2013\/03\/22\/tendances-et-reflexions-sur-le-contenu-digital-ma-presentation-jcw-de-lille\/#primaryimage","url":"https:\/\/visionarymarketing.com\/wp-content\/uploads\/2013\/03\/leconetenuweb_thumb-e1615055681461.jpg","contentUrl":"https:\/\/visionarymarketing.com\/wp-content\/uploads\/2013\/03\/leconetenuweb_thumb-e1615055681461.jpg","width":644,"height":432},{"@type":"BreadcrumbList","@id":"https:\/\/visionarymarketing.com\/fr\/2013\/03\/22\/tendances-et-reflexions-sur-le-contenu-digital-ma-presentation-jcw-de-lille\/#breadcrumb","itemListElement":[{"@type":"ListItem","position":1,"name":"Home","item":"https:\/\/visionarymarketing.com\/fr\/"},{"@type":"ListItem","position":2,"name":"Tendances et r\u00e9flexions : 9 constats sur le contenu digital"}]},{"@type":"WebSite","@id":"https:\/\/visionarymarketing.com\/fr\/#website","url":"https:\/\/visionarymarketing.com\/fr\/","name":"Marketing and Innovation","description":"Site d&#039;infos ind\u00e9pendant, depuis 1996","potentialAction":[{"@type":"SearchAction","target":{"@type":"EntryPoint","urlTemplate":"https:\/\/visionarymarketing.com\/fr\/?s={search_term_string}"},"query-input":{"@type":"PropertyValueSpecification","valueRequired":true,"valueName":"search_term_string"}}],"inLanguage":"fr-FR"},{"@type":"Person","@id":"https:\/\/visionarymarketing.com\/fr\/#\/schema\/person\/3754fee1e558f47b8deb46f53c37423e","name":"Yann Gourvennec","image":{"@type":"ImageObject","inLanguage":"fr-FR","@id":"https:\/\/secure.gravatar.com\/avatar\/5972001801e8de5692a3e31224e85769f50a55fb8b679749f9c8d1868cceff14?s=96&d=initials&r=g&initials=yg","url":"https:\/\/secure.gravatar.com\/avatar\/5972001801e8de5692a3e31224e85769f50a55fb8b679749f9c8d1868cceff14?s=96&d=initials&r=g&initials=yg","contentUrl":"https:\/\/secure.gravatar.com\/avatar\/5972001801e8de5692a3e31224e85769f50a55fb8b679749f9c8d1868cceff14?s=96&d=initials&r=g&initials=yg","caption":"Yann Gourvennec"},"description":"Yann Gourvennec created visionarymarketing.com in 1996. He is a speaker and author of many books. In 2014 he went from intrapreneur to entrepreneur, when he created his digital marketing agency. Yann Gourvennec a cr\u00e9\u00e9 visionarymarketing.com en 1996. Il est conf\u00e9rencier et auteur de plusieurs livres. En 2014, il est pass\u00e9 d'intrapreneur \u00e0 entrepreneur en cr\u00e9ant son agence de marketing num\u00e9rique.","sameAs":["https:\/\/visionarymarketing.com","http:\/\/facebook.com\/ygourven","http:\/\/linkedin.com\/in\/ygourven","https:\/\/x.com\/ygourven","https:\/\/www.youtube.com\/c\/visionarymarketingagency"],"url":"https:\/\/visionarymarketing.com\/fr\/author\/yann-gourvennec\/"}]}},"_links":{"self":[{"href":"https:\/\/visionarymarketing.com\/fr\/wp-json\/wp\/v2\/posts\/7947","targetHints":{"allow":["GET"]}}],"collection":[{"href":"https:\/\/visionarymarketing.com\/fr\/wp-json\/wp\/v2\/posts"}],"about":[{"href":"https:\/\/visionarymarketing.com\/fr\/wp-json\/wp\/v2\/types\/post"}],"author":[{"embeddable":true,"href":"https:\/\/visionarymarketing.com\/fr\/wp-json\/wp\/v2\/users\/2"}],"replies":[{"embeddable":true,"href":"https:\/\/visionarymarketing.com\/fr\/wp-json\/wp\/v2\/comments?post=7947"}],"version-history":[{"count":0,"href":"https:\/\/visionarymarketing.com\/fr\/wp-json\/wp\/v2\/posts\/7947\/revisions"}],"wp:featuredmedia":[{"embeddable":true,"href":"https:\/\/visionarymarketing.com\/fr\/wp-json\/wp\/v2\/media\/7950"}],"wp:attachment":[{"href":"https:\/\/visionarymarketing.com\/fr\/wp-json\/wp\/v2\/media?parent=7947"}],"wp:term":[{"taxonomy":"category","embeddable":true,"href":"https:\/\/visionarymarketing.com\/fr\/wp-json\/wp\/v2\/categories?post=7947"},{"taxonomy":"post_tag","embeddable":true,"href":"https:\/\/visionarymarketing.com\/fr\/wp-json\/wp\/v2\/tags?post=7947"}],"curies":[{"name":"wp","href":"https:\/\/api.w.org\/{rel}","templated":true}]}}