{"id":79069,"date":"2024-01-22T08:30:08","date_gmt":"2024-01-22T07:30:08","guid":{"rendered":"https:\/\/visionarymarketing.com\/?p=79069"},"modified":"2024-02-08T16:03:53","modified_gmt":"2024-02-08T15:03:53","slug":"prendre-la-parole-en-public","status":"publish","type":"post","link":"https:\/\/visionarymarketing.com\/fr\/2024\/01\/22\/prendre-la-parole-en-public\/","title":{"rendered":"Prendre la parole en public"},"content":{"rendered":"<p><i>Prendre la parole en public n&rsquo;est pas un art, c&rsquo;est un apprentissage. Telle est la le\u00e7on que j&rsquo;ai apprise de Sophie Backer, autrice de <a href=\"https:\/\/www.eyrolles.com\/Loisirs\/Livre\/pour-oser-prendre-la-parole-9782416008917\/\" target=\"_blank\" rel=\"noopener\">Pour oser prendre la parole en public<\/a> chez <a href=\"https:\/\/visionarymarketing.com\/fr\/2023\/03\/livre-marketing-digital\/\">Eyrolles<\/a>. Sophie a commenc\u00e9 sa carri\u00e8re comme journaliste de radio. Entre autres choses, elle r\u00e9alisait beaucoup d&rsquo;interviews et elle \u00ab s&rsquo;est rendu compte de la question de l&rsquo;impact de la prise de parole en public \u00bb.<\/i><\/p>\n<h2>Conseils de pro pour prendre la parole en public<\/h2>\n<p><i>C&rsquo;est ce qui l&rsquo;a amen\u00e9e \u00e0 son deuxi\u00e8me m\u00e9tier, son m\u00e9tier d&rsquo;aujourd&rsquo;hui, celui de coach et de formatrice en prise de parole. Cette question de la prise de parole en public peut para\u00eetre simple, et\u00a0pourtant \u00ab elle est compliqu\u00e9e pour tout le monde, y compris pour des personnalit\u00e9s politiques ou des intervenants ayant l&rsquo;habitude de cet\u00a0exercice \u00bb, nous explique Sophie.\u00a0<\/i><i>On s&rsquo;en \u00e9tait aper\u00e7u lors des derni\u00e8res \u00e9lections pr\u00e9sidentielles. Loin de nous donner des recettes miracles, Sophie Backer nous\u00a0enjoint de travailler et de pratiquer, car la\u00a0qualit\u00e9 de cette prise de parole en\u00a0public est essentielle \u00e0 l&rsquo;impact de nos discours.\u00a0<\/i><\/p>\n<figure id=\"attachment_79074\" aria-describedby=\"caption-attachment-79074\" style=\"width: 1000px\" class=\"wp-caption alignnone\"><img decoding=\"async\" class=\"wp-image-79074 size-full\" src=\"https:\/\/visionarymarketing.com\/wp-content\/uploads\/2024\/01\/ygourven-a-female-manager-talking-to-her-team-300-attendees-con-3eab4ec7-c38b-460f-80bf-4e086cf9eae1-e1705847651744.jpg\" alt=\"Prise de parole en public\" width=\"1000\" height=\"667\" srcset=\"https:\/\/visionarymarketing.com\/wp-content\/uploads\/2024\/01\/ygourven-a-female-manager-talking-to-her-team-300-attendees-con-3eab4ec7-c38b-460f-80bf-4e086cf9eae1-e1705847651744.jpg 1000w, https:\/\/visionarymarketing.com\/wp-content\/uploads\/2024\/01\/ygourven-a-female-manager-talking-to-her-team-300-attendees-con-3eab4ec7-c38b-460f-80bf-4e086cf9eae1-e1705847651744-450x300.jpg 450w, https:\/\/visionarymarketing.com\/wp-content\/uploads\/2024\/01\/ygourven-a-female-manager-talking-to-her-team-300-attendees-con-3eab4ec7-c38b-460f-80bf-4e086cf9eae1-e1705847651744-768x512.jpg 768w\" sizes=\"(max-width: 1000px) 100vw, 1000px\" \/><figcaption id=\"caption-attachment-79074\" class=\"wp-caption-text\">Prendre la parole en public et avoir un impact sur son audience n&rsquo;est pas un art, c&rsquo;est le r\u00e9sultat d&rsquo;un apprentissage d&rsquo;une m\u00e9thode, la m\u00e9thode du losange \u2014\u00a0image produite avec Midjourney<\/figcaption><\/figure>\n<h3>Est-ce naturel de prendre la parole en public\u00a0?<\/h3>\n<p>La difficult\u00e9 avec la prise de parole dans les m\u00e9dias, c&rsquo;est qu&rsquo;il faut \u00eatre tout de suite int\u00e9ressant. Ce n\u2019est pas naturel pour tout le monde. De mon exp\u00e9rience de journaliste intervieweuse, j&rsquo;ai tir\u00e9 quelques enseignements et aussi une m\u00e9thode, la <a href=\"https:\/\/sophie-backer-conseil.eu\/fonctionnement-formations\/methode-losange\/\" target=\"_blank\" rel=\"noopener\"><strong>m\u00e9thode du losange<\/strong><\/a>, pour augmenter son impact le plus rapidement possible.<\/p>\n<h3>Vous parlez \u00ab\u00a0d\u2019affronter la soci\u00e9t\u00e9 civile\u00a0\u00bb. Pourquoi ce terme ?<\/h3>\n<p>J\u2019ai invent\u00e9 un personnage, Michel, qui est le prototype des personnes que j&rsquo;accompagne. Pourquoi affronter la soci\u00e9t\u00e9 ? Car la prise de parole est toujours engageante, elle oblige \u00e0 sortir de soi. Et c&rsquo;est en cela que c\u2019est un exercice diff\u00e9rent. Le parler sort comme il vient.<\/p>\n<p>Mais dans la prise de parole, on a cet objectif d&rsquo;impact. D\u2019o\u00f9 cette notion d&rsquo;affrontement. Et quand je parle de soci\u00e9t\u00e9 civile, c&rsquo;est parce que les collaborateurs de Michel, aujourd&rsquo;hui, ne sont plus de simples collaborateurs.<\/p>\n<p>Ce ne sont pas juste des personnes soumises \u00e0 l&rsquo;autorit\u00e9 d&rsquo;un patron comme dans un mod\u00e8le ancien. Ce collaborateur appartient \u00e0 une soci\u00e9t\u00e9, il a des opinions, des \u00e9motions, des attentes, il a toute sa singularit\u00e9. C&rsquo;est en cela que pour un manager, s&rsquo;adresser \u00e0 son \u00e9quipe, c&rsquo;est d\u00e9j\u00e0 un exercice de prise de parole.<\/p>\n<figure id=\"attachment_79073\" aria-describedby=\"caption-attachment-79073\" style=\"width: 1024px\" class=\"wp-caption aligncenter\"><img decoding=\"async\" class=\"wp-image-79073 size-large\" src=\"https:\/\/visionarymarketing.com\/wp-content\/uploads\/2024\/01\/ygourven-a-female-manager-talking-to-her-team-300-attendees-con-60e413a5-62ea-48ef-9c39-2debbcece06f-1024x683.jpg\" alt=\"prendre la parole en public\" width=\"1024\" height=\"683\" srcset=\"https:\/\/visionarymarketing.com\/wp-content\/uploads\/2024\/01\/ygourven-a-female-manager-talking-to-her-team-300-attendees-con-60e413a5-62ea-48ef-9c39-2debbcece06f-1024x683.jpg 1024w, https:\/\/visionarymarketing.com\/wp-content\/uploads\/2024\/01\/ygourven-a-female-manager-talking-to-her-team-300-attendees-con-60e413a5-62ea-48ef-9c39-2debbcece06f-450x300.jpg 450w, https:\/\/visionarymarketing.com\/wp-content\/uploads\/2024\/01\/ygourven-a-female-manager-talking-to-her-team-300-attendees-con-60e413a5-62ea-48ef-9c39-2debbcece06f-768x512.jpg 768w, https:\/\/visionarymarketing.com\/wp-content\/uploads\/2024\/01\/ygourven-a-female-manager-talking-to-her-team-300-attendees-con-60e413a5-62ea-48ef-9c39-2debbcece06f.jpg 1344w\" sizes=\"(max-width: 1024px) 100vw, 1024px\" \/><figcaption id=\"caption-attachment-79073\" class=\"wp-caption-text\">Prendre la parole en public paralyse beaucoup de gens nous apprend Sophie Backer, y compris des personnes a priori aguerries comme les politiques \u2014 image con\u00e7ue avec Midjourney<\/figcaption><\/figure>\n<h3>Et puis c\u2019est aussi affronter la soci\u00e9t\u00e9 civile<\/h3>\n<p>L&rsquo;entreprise s&rsquo;ouvre sans cesse davantage sur la soci\u00e9t\u00e9 civile et de plus en plus souvent, les managers ou les dirigeants sortent du huis clos de l&rsquo;entreprise et sont forc\u00e9s de rencontrer des associations de riverains, d&rsquo;usagers, d&rsquo;intervenir dans des colloques, des conf\u00e9rences en tant qu&rsquo;experts de leur domaine. Ce sujet de la prise de parole revient donc souvent.<\/p>\n<h3>Vous \u00e9crivez \u00ab\u00a0nous sommes pass\u00e9s du d\u00e9but de l&rsquo;\u00e8re de l&rsquo;Encyclop\u00e9die de Diderot \u00e0 celle de TikTok\u00a0\u00bb<\/h3>\n<p>Alors oui, je parle volontiers de changement de paradigme \u00e0 beaucoup d&rsquo;\u00e9gards quand je fais r\u00e9f\u00e9rence \u00e0 cela. Quand Diderot a \u00e9crit l&rsquo;Encyclop\u00e9die, on \u00e9tait dans un monde o\u00f9 le pouvoir allait \u00e0 celui qui d\u00e9tenait le savoir. L&rsquo;intention de l&rsquo;Encyclop\u00e9die \u00e9tait justement de mettre cette connaissance \u00e0 la disposition du plus grand nombre, pour une soci\u00e9t\u00e9 plus \u00e9galitaire.<\/p>\n<blockquote class=\"quote-light\"><p>\u00c0 l\u2019\u00e8re de TikTok, la quantit\u00e9 d&rsquo;information ne conf\u00e8re plus aucun pouvoir. Ce qui va donner le pouvoir aujourd\u2019hui c&rsquo;est la qualit\u00e9 de l&rsquo;\u00e9mission, la capacit\u00e9 \u00e0 se faire entendre, \u00e0 se faire comprendre.<\/p><\/blockquote>\n<p>Bien s\u00fbr, TikTok est \u00e0 l&rsquo;extr\u00eame oppos\u00e9 de cela. Je ne l\u2019utilise pas ni n\u2019en ma\u00eetrise les codes. Et c&rsquo;est en cela que la prise de parole est compliqu\u00e9e aujourd&rsquo;hui. C&rsquo;est-\u00e0-dire qu&rsquo;on navigue encore entre deux mondes.<\/p>\n<p>Diderot, c&rsquo;est certes un peu loin de nous. Mais \u00e0 la fin du XX\u1d49 si\u00e8cle, avant les m\u00e9dias sociaux, avant le smartphone, avant Internet, nous \u00e9tions encore dans un monde o\u00f9 la quantit\u00e9 d&rsquo;informations donnait du pouvoir, alors qu&rsquo;aujourd&rsquo;hui, c&rsquo;est bien la mani\u00e8re dont vous allez d\u00e9livrer une information, donc la capacit\u00e9 \u00e0 la prise de parole et \u00e0 avoir un impact qui va vous donner du pouvoir.<\/p>\n<h3>Pourquoi bien prendre la parole en public est-il difficile\u00a0?<\/h3>\n<p>Prendre la parole demande de se positionner de mani\u00e8re volontariste.\u00a0Prendre la parole c&rsquo;est prendre sa place.<\/p>\n<p>Avant mai 68, la prise de parole \u00e9tait r\u00e9serv\u00e9e \u00e0 certains, mais depuis lors, n&rsquo;importe quel manager ou collaborateur dans n&rsquo;importe quelle r\u00e9union de service se trouve en situation de devoir prendre sa place et de prendre la parole.<\/p>\n<p>\u00c0 l&rsquo;\u00e9cole, on nous apprend une fable de La Fontaine ou la vie de Jules C\u00e9sar. Puis un professeur m&rsquo;interroge et nous r\u00e9citons notre le\u00e7on. Prendre la parole est un exercice totalement diff\u00e9rent, il s\u2019agit de parler en tant que personne. Quand je r\u00e9cite la le\u00e7on sur Jules C\u00e9sar, je restitue juste un savoir appris par c\u0153ur.<\/p>\n<p>En France, depuis 2021, a \u00e9t\u00e9 instaur\u00e9 un exercice de grand oral au bac. Au d\u00e9but, il \u00e9tait suppos\u00e9 devoir se faire sans pense-b\u00eate, sans papier, sans slides.<\/p>\n<p>Tout pense-b\u00eate ligote l&rsquo;orateur et va l&#8217;emp\u00eacher d&rsquo;\u00eatre impactant. Pour avoir un impact, il faut \u00eatre dans l&rsquo;impulsion et non dans la restitution.<\/p>\n<figure id=\"attachment_79075\" aria-describedby=\"caption-attachment-79075\" style=\"width: 164px\" class=\"wp-caption alignright\"><a href=\"https:\/\/www.eyrolles.com\/Loisirs\/Livre\/pour-oser-prendre-la-parole-9782416008917\/\" target=\"_blank\" rel=\"noopener\"><img decoding=\"async\" class=\"wp-image-79075 size-full\" src=\"https:\/\/visionarymarketing.com\/wp-content\/uploads\/2024\/01\/61tjkjxbgwl-ac-uf10001000-ql80-e1705860939860.jpg\" alt=\"pour oser prendre la parole\" width=\"164\" height=\"250\" \/><\/a><figcaption id=\"caption-attachment-79075\" class=\"wp-caption-text\"><a href=\"https:\/\/www.eyrolles.com\/Loisirs\/Livre\/pour-oser-prendre-la-parole-9782416008917\/\" target=\"_blank\" rel=\"noopener\">acheter le livre<\/a><\/figcaption><\/figure>\n<h3>Vous \u00e9crivez que prendre la parole en public est toujours conditionn\u00e9e par le trio \u00e9metteur r\u00e9cepteur et contexte. Que voulez-vous dire\u00a0?<\/h3>\n<p>pour oser prendre la paroleOn entend parfois des orateurs qui parlent pour eux-m\u00eames et se font plaisir. L\u2019auditoire ne les comprend pas, il a du mal \u00e0 suivre. M\u00eame si ce sont de grands experts. Jusqu&rsquo;\u00e0 la fin du XX\u1d49 si\u00e8cle, l&rsquo;orateur \u00e9tait en position de pouvoir, du fait que la parole publique \u00e9tait rare et r\u00e9serv\u00e9e \u00e0 certains. Dans le monde contemporain, c&rsquo;est \u00e0 l&rsquo;orateur de devoir faire l&rsquo;effort de se faire comprendre par son auditoire.<\/p>\n<p>\u00c9galement, en tant qu\u2019ancienne journaliste, il m\u2019appara\u00eet que le contexte influe beaucoup sur les attentes de l&rsquo;auditoire. On l&rsquo;a vu par exemple pendant la s\u00e9quence du Covid.<\/p>\n<h4>Le contexte de la crise<\/h4>\n<p>J&rsquo;ai beaucoup travaill\u00e9 \u00e0 ce moment-l\u00e0 avec des managers qui me disaient qu\u2019ils n&rsquo;arrivaient plus \u00e0 se faire entendre de la m\u00eame mani\u00e8re. Le contexte de crise impactait les diff\u00e9rents membres des \u00e9quipes qui, du fait de la crise, r\u00e9agissaient diff\u00e9remment.<\/p>\n<p>Je constate aussi que quand quelqu&rsquo;un, par exemple, va raconter ses vacances \u00e0 son meilleur ami ou \u00e0 son coll\u00e8gue de bureau, il va s\u2019adapter au contexte, au lieu, aux moments, \u00e0 l&rsquo;ambiance. Et il ne racontera jamais ses vacances de la m\u00eame mani\u00e8re.<\/p>\n<p>C\u2019est cela le trio \u00e9metteur, r\u00e9cepteur et contexte.<\/p>\n<h3>Vous d\u00e9montez ce que vous appelez le mythe du charisme. Que vous voulez-vous dire par l\u00e0\u00a0?<\/h3>\n<p>Quand je parle de mythe du charisme, c&rsquo;est quand on croit qu&rsquo;il y a des gens qui sont dou\u00e9s pour la prise de parole.<\/p>\n<p>Or, je pose le principe qui est que la prise de parole est une comp\u00e9tence comme une autre, comme le piano, la guitare, le football ou le tennis. Certains sont peut-\u00eatre effectivement plus dou\u00e9s que d&rsquo;autres au d\u00e9part. Tout le monde ne deviendra pas champion \u00e0 Roland Garros.<\/p>\n<p>Mais dans ma pratique professionnelle, ce qui compte, c&rsquo;est de faire en sorte que chaque manager, dirigeant ou \u00e9lu qui se trouve face \u00e0 un public se fasse entendre de la bonne mani\u00e8re.<\/p>\n<p>Donc il ne s&rsquo;agit pas pour moi de travailler sur le d\u00e9veloppement d&rsquo;une personnalit\u00e9. Je me base sur les mots, sur la structure narrative, le registre lexical et c&rsquo;est pour cela que j&rsquo;ai cr\u00e9\u00e9 une m\u00e9thode.<\/p>\n<p>Avec cette m\u00e9thode, vous allez pouvoir apprendre et en apprenant, vous ferez baisser le stress. L\u2019apprentissage vous donnera les codes, les processus de construction d&rsquo;une prise de parole efficace.<br \/>\nCeux qui veulent mobiliser des foules enti\u00e8res veulent qu&rsquo;on les adore. Pour moi, ce n&rsquo;est pas le sujet. C&rsquo;est en cela que je parle d&rsquo;un mythe, du mythe du charisme.<\/p>\n<h3>Vous parlez de glossophobie, qu\u2019est-ce donc\u00a0?<\/h3>\n<p>C&rsquo;est la hantise de prendre la parole en public qui touche la tr\u00e8s grande majorit\u00e9 d&rsquo;entre nous. C&rsquo;est une situation dans laquelle on se rend compte du regard de l&rsquo;autre, de son jugement.<\/p>\n<p>Quand je discute au restaurant avec mes amis, les \u00e9changes se font facilement. Quand je prends la parole dans une r\u00e9union, normalement, les autres s&rsquo;arr\u00eatent de parler et les regards se tournent vers moi. Et on m&rsquo;\u00e9coute. Et de ce fait, je sens ce regard des autres sur moi. C&rsquo;est \u00e7a qui, de mon point de vue, est la cause premi\u00e8re du stress.<\/p>\n<h3>Vous parlez d&rsquo;un double jugement sur soi et ce qu&rsquo;on dit. Comment s\u2019y soustraire\u00a0?<\/h3>\n<p>On ne s\u2019y soustrait pas, on le contourne.<\/p>\n<p>Quand j&rsquo;accompagne mes clients, je travaille toujours avec des enregistrements audio et vid\u00e9o. Tr\u00e8s souvent, je me rends compte que les gens ne savent pas dire ce qu&rsquo;est une bonne et une mauvaise prise de parole.<br \/>\nCeux qui s\u2019aiment bien, pour simplifier, trouvent qu&rsquo;ils parlent bien et pour ceux qui ne s&rsquo;aiment pas, c\u2019est l\u2019inverse. Mais la r\u00e9alit\u00e9 est beaucoup plus subtile que cela.<\/p>\n<p>On peut ne pas aimer du tout, par exemple, une personnalit\u00e9 politique pour laquelle on ne votera jamais, et trouver qu\u2019elle a une prise de parole tout \u00e0 fait efficace. \u00c0 l&rsquo;inverse, quelqu&rsquo;un que j&rsquo;aime bien, avec qui j&rsquo;adh\u00e8re, peut parfois passer compl\u00e8tement \u00e0 c\u00f4t\u00e9.<\/p>\n<blockquote class=\"quote-light\"><p>Mon travail consiste \u00e0 inculquer les crit\u00e8res objectifs de performance verbale et non verbale. C\u2019est cela qui va permettre \u00e0 l\u2019apprenant de ma\u00eetriser l&rsquo;exercice de prise de parole.<\/p><\/blockquote>\n<p>C\u2019est cette ma\u00eetrise de l&rsquo;exercice qui permet de faire baisser le stress. Il ne s\u2019agit ni de s\u2019y soustraire ni de le combattre, mais de le contourner, de faire autrement.<\/p>\n<p><a href=\"https:\/\/www.eyrolles.com\/Loisirs\/Livre\/pour-oser-prendre-la-parole-9782416008917\/\" target=\"_blank\" rel=\"noopener\"><img decoding=\"async\" class=\"wp-image-63852 size-full aligncenter\" src=\"https:\/\/visionarymarketing.com\/wp-content\/uploads\/2021\/06\/tous-boutons-jaune-acheter-le-livre.png\" alt=\"Oser prendre la parole en public\" width=\"450\" height=\"75\" \/><\/a><\/p>\n<div itemscope itemtype=\"http:\/\/schema.org\/AudioObject\"><meta itemprop=\"name\" content=\"Prendre la parole en public\" \/><meta itemprop=\"uploadDate\" content=\"2024-01-22T08:30:08+01:00\" \/><meta itemprop=\"encodingFormat\" content=\"audio\/mpeg\" \/><meta itemprop=\"duration\" content=\"PT25M32S\" \/><meta itemprop=\"description\" content=\"Prendre la parole en public n&#039;est pas un art, c&#039;est un apprentissage. Telle est la le\u00e7on que j&#039;ai apprise de Sophie Backer, autrice de Pour oser prendre la parole en public chez Eyrolles. Sophie a commenc\u00e9 sa carri\u00e8re comme journaliste de radio. Entr...\" \/><meta itemprop=\"contentUrl\" content=\"https:\/\/media.blubrry.com\/visionarymarketing_les\/agence.visionarymarketing.com\/files\/podcasts\/2024-01-22-S-Backer-prise-parole-mixdown.mp3\" \/><meta itemprop=\"contentSize\" content=\"13.4\" \/><div class=\"powerpress_player\" id=\"powerpress_player_4539\"><audio class=\"wp-audio-shortcode\" id=\"audio-79069-1\" preload=\"none\" style=\"width: 100%;\" controls=\"controls\"><source type=\"audio\/mpeg\" src=\"https:\/\/media.blubrry.com\/visionarymarketing_les\/agence.visionarymarketing.com\/files\/podcasts\/2024-01-22-S-Backer-prise-parole-mixdown.mp3?_=1\" \/><a href=\"https:\/\/media.blubrry.com\/visionarymarketing_les\/agence.visionarymarketing.com\/files\/podcasts\/2024-01-22-S-Backer-prise-parole-mixdown.mp3\">https:\/\/media.blubrry.com\/visionarymarketing_les\/agence.visionarymarketing.com\/files\/podcasts\/2024-01-22-S-Backer-prise-parole-mixdown.mp3<\/a><\/audio><\/div><\/div><p class=\"powerpress_links powerpress_links_mp3\" style=\"margin-bottom: 1px !important;\">Podcast: <a href=\"https:\/\/media.blubrry.com\/visionarymarketing_les\/agence.visionarymarketing.com\/files\/podcasts\/2024-01-22-S-Backer-prise-parole-mixdown.mp3\" class=\"powerpress_link_pinw\" target=\"_blank\" title=\"Play in new window\" onclick=\"return powerpress_pinw('https:\/\/visionarymarketing.com\/fr\/\/?powerpress_pinw=79069-podcast');\" rel=\"nofollow\">Play in new window<\/a> | <a href=\"https:\/\/media.blubrry.com\/visionarymarketing_les\/agence.visionarymarketing.com\/files\/podcasts\/2024-01-22-S-Backer-prise-parole-mixdown.mp3\" class=\"powerpress_link_d\" title=\"Download\" rel=\"nofollow\" download=\"2024-01-22-S-Backer-prise-parole-mixdown.mp3\">Download<\/a> (Duration: 25:32 &#8212; 13.4MB)<\/p><p class=\"powerpress_links powerpress_subscribe_links\">Subscribe: <a href=\"https:\/\/itunes.apple.com\/us\/podcast\/visionarymarketing-les-interviews\/id731295319?mt=2&amp;ls=1#episodeGuid=https%3A%2F%2Fvisionarymarketing.com%2F%3Fp%3D79069\" class=\"powerpress_link_subscribe powerpress_link_subscribe_itunes\" target=\"_blank\" title=\"Subscribe on Apple Podcasts\" rel=\"nofollow\">Apple Podcasts<\/a> | <a href=\"https:\/\/open.spotify.com\/show\/52VnZ1mhVSnDs4tQOx7Vuc\" class=\"powerpress_link_subscribe powerpress_link_subscribe_spotify\" target=\"_blank\" title=\"Subscribe on Spotify\" rel=\"nofollow\">Spotify<\/a> | <a href=\"https:\/\/subscribeonandroid.com\/visionarymarketing.com\/fr\/feed\/podcast\/\" class=\"powerpress_link_subscribe powerpress_link_subscribe_android\" target=\"_blank\" title=\"Subscribe on Android\" rel=\"nofollow\">Android<\/a> | <a href=\"https:\/\/visionarymarketing.com\/fr\/feed\/podcast\/\" class=\"powerpress_link_subscribe powerpress_link_subscribe_rss\" target=\"_blank\" title=\"Subscribe via RSS\" rel=\"nofollow\">RSS<\/a><\/p>","protected":false},"excerpt":{"rendered":"<p>Prendre la parole en public n&rsquo;est pas un art, c&rsquo;est un apprentissage. Telle est la le\u00e7on que j&rsquo;ai apprise de Sophie Backer, autrice de Pour oser prendre la parole en public chez Eyrolles. Sophie a commenc\u00e9 sa carri\u00e8re comme journaliste de radio. Entre autres choses, elle r\u00e9alisait beaucoup d&rsquo;interviews et elle \u00ab s&rsquo;est rendu compte &hellip;<\/p>\n","protected":false},"author":2,"featured_media":79078,"comment_status":"open","ping_status":"open","sticky":false,"template":"","format":"standard","meta":{"footnotes":""},"categories":[4062,248],"tags":[],"class_list":["post-79069","post","type-post","status-publish","format-standard","has-post-thumbnail","hentry","category-a-la-une","category-livres-marketing"],"yoast_head":"<!-- This site is optimized with the Yoast SEO plugin v27.5 - https:\/\/yoast.com\/product\/yoast-seo-wordpress\/ -->\n<title>Prendre la parole en public : de l&#039;importance de l&#039;apprentissage<\/title>\n<meta name=\"description\" content=\"Prendre la parole en public n&#039;est pas un art, c&#039;est une apprentissage. C&#039;est la le\u00e7on apprise de Sophie Backer, coach en prise de parole\" \/>\n<meta name=\"robots\" content=\"index, follow, max-snippet:-1, max-image-preview:large, max-video-preview:-1\" \/>\n<link rel=\"canonical\" href=\"https:\/\/visionarymarketing.com\/fr\/2024\/01\/22\/prendre-la-parole-en-public\/\" \/>\n<meta property=\"og:locale\" content=\"fr_FR\" \/>\n<meta property=\"og:type\" content=\"article\" \/>\n<meta property=\"og:title\" content=\"Prendre la parole en public : de l&#039;importance de l&#039;apprentissage\" \/>\n<meta property=\"og:description\" content=\"Prendre la parole en public n&#039;est pas un art, c&#039;est une apprentissage. C&#039;est la le\u00e7on apprise de Sophie Backer, coach en prise de parole\" \/>\n<meta property=\"og:url\" content=\"https:\/\/visionarymarketing.com\/fr\/2024\/01\/22\/prendre-la-parole-en-public\/\" \/>\n<meta property=\"og:site_name\" content=\"Marketing and Innovation\" \/>\n<meta property=\"article:publisher\" content=\"https:\/\/www.facebook.com\/vismktg\" \/>\n<meta property=\"article:author\" content=\"http:\/\/facebook.com\/ygourven\" \/>\n<meta property=\"article:published_time\" content=\"2024-01-22T07:30:08+00:00\" \/>\n<meta property=\"article:modified_time\" content=\"2024-02-08T15:03:53+00:00\" \/>\n<meta property=\"og:image\" content=\"https:\/\/visionarymarketing.com\/wp-content\/uploads\/2024\/01\/61tjkjxbgwl-ac-uf10001000-ql80-1.jpg\" \/>\n\t<meta property=\"og:image:width\" content=\"1920\" \/>\n\t<meta property=\"og:image:height\" content=\"1080\" \/>\n\t<meta property=\"og:image:type\" content=\"image\/jpeg\" \/>\n<meta name=\"author\" content=\"Yann Gourvennec\" \/>\n<meta name=\"twitter:card\" content=\"summary_large_image\" \/>\n<meta name=\"twitter:creator\" content=\"@ygourven\" \/>\n<meta name=\"twitter:site\" content=\"@ygourven\" \/>\n<meta name=\"twitter:label1\" content=\"\u00c9crit par\" \/>\n\t<meta name=\"twitter:data1\" content=\"Yann Gourvennec\" \/>\n\t<meta name=\"twitter:label2\" content=\"Dur\u00e9e de lecture estim\u00e9e\" \/>\n\t<meta name=\"twitter:data2\" content=\"8 minutes\" \/>\n<script type=\"application\/ld+json\" class=\"yoast-schema-graph\">{\"@context\":\"https:\\\/\\\/schema.org\",\"@graph\":[{\"@type\":\"NewsArticle\",\"@id\":\"https:\\\/\\\/visionarymarketing.com\\\/fr\\\/2024\\\/01\\\/22\\\/prendre-la-parole-en-public\\\/#article\",\"isPartOf\":{\"@id\":\"https:\\\/\\\/visionarymarketing.com\\\/fr\\\/2024\\\/01\\\/22\\\/prendre-la-parole-en-public\\\/\"},\"author\":{\"name\":\"Yann Gourvennec\",\"@id\":\"https:\\\/\\\/visionarymarketing.com\\\/fr\\\/#\\\/schema\\\/person\\\/3754fee1e558f47b8deb46f53c37423e\"},\"headline\":\"Prendre la parole en public\",\"datePublished\":\"2024-01-22T07:30:08+00:00\",\"dateModified\":\"2024-02-08T15:03:53+00:00\",\"mainEntityOfPage\":{\"@id\":\"https:\\\/\\\/visionarymarketing.com\\\/fr\\\/2024\\\/01\\\/22\\\/prendre-la-parole-en-public\\\/\"},\"wordCount\":1864,\"commentCount\":1,\"image\":{\"@id\":\"https:\\\/\\\/visionarymarketing.com\\\/fr\\\/2024\\\/01\\\/22\\\/prendre-la-parole-en-public\\\/#primaryimage\"},\"thumbnailUrl\":\"https:\\\/\\\/visionarymarketing.com\\\/wp-content\\\/uploads\\\/2024\\\/01\\\/61tjkjxbgwl-ac-uf10001000-ql80-1.jpg\",\"articleSection\":[\"A la une\",\"livres marketing\"],\"inLanguage\":\"fr-FR\",\"potentialAction\":[{\"@type\":\"CommentAction\",\"name\":\"Comment\",\"target\":[\"https:\\\/\\\/visionarymarketing.com\\\/fr\\\/2024\\\/01\\\/22\\\/prendre-la-parole-en-public\\\/#respond\"]}]},{\"@type\":\"WebPage\",\"@id\":\"https:\\\/\\\/visionarymarketing.com\\\/fr\\\/2024\\\/01\\\/22\\\/prendre-la-parole-en-public\\\/\",\"url\":\"https:\\\/\\\/visionarymarketing.com\\\/fr\\\/2024\\\/01\\\/22\\\/prendre-la-parole-en-public\\\/\",\"name\":\"Prendre la parole en public : de l'importance de l'apprentissage\",\"isPartOf\":{\"@id\":\"https:\\\/\\\/visionarymarketing.com\\\/fr\\\/#website\"},\"primaryImageOfPage\":{\"@id\":\"https:\\\/\\\/visionarymarketing.com\\\/fr\\\/2024\\\/01\\\/22\\\/prendre-la-parole-en-public\\\/#primaryimage\"},\"image\":{\"@id\":\"https:\\\/\\\/visionarymarketing.com\\\/fr\\\/2024\\\/01\\\/22\\\/prendre-la-parole-en-public\\\/#primaryimage\"},\"thumbnailUrl\":\"https:\\\/\\\/visionarymarketing.com\\\/wp-content\\\/uploads\\\/2024\\\/01\\\/61tjkjxbgwl-ac-uf10001000-ql80-1.jpg\",\"datePublished\":\"2024-01-22T07:30:08+00:00\",\"dateModified\":\"2024-02-08T15:03:53+00:00\",\"author\":{\"@id\":\"https:\\\/\\\/visionarymarketing.com\\\/fr\\\/#\\\/schema\\\/person\\\/3754fee1e558f47b8deb46f53c37423e\"},\"description\":\"Prendre la parole en public n'est pas un art, c'est une apprentissage. C'est la le\u00e7on apprise de Sophie Backer, coach en prise de parole\",\"breadcrumb\":{\"@id\":\"https:\\\/\\\/visionarymarketing.com\\\/fr\\\/2024\\\/01\\\/22\\\/prendre-la-parole-en-public\\\/#breadcrumb\"},\"inLanguage\":\"fr-FR\",\"potentialAction\":[{\"@type\":\"ReadAction\",\"target\":[\"https:\\\/\\\/visionarymarketing.com\\\/fr\\\/2024\\\/01\\\/22\\\/prendre-la-parole-en-public\\\/\"]}]},{\"@type\":\"ImageObject\",\"inLanguage\":\"fr-FR\",\"@id\":\"https:\\\/\\\/visionarymarketing.com\\\/fr\\\/2024\\\/01\\\/22\\\/prendre-la-parole-en-public\\\/#primaryimage\",\"url\":\"https:\\\/\\\/visionarymarketing.com\\\/wp-content\\\/uploads\\\/2024\\\/01\\\/61tjkjxbgwl-ac-uf10001000-ql80-1.jpg\",\"contentUrl\":\"https:\\\/\\\/visionarymarketing.com\\\/wp-content\\\/uploads\\\/2024\\\/01\\\/61tjkjxbgwl-ac-uf10001000-ql80-1.jpg\",\"width\":1920,\"height\":1080,\"caption\":\"Prise de parole en public\"},{\"@type\":\"BreadcrumbList\",\"@id\":\"https:\\\/\\\/visionarymarketing.com\\\/fr\\\/2024\\\/01\\\/22\\\/prendre-la-parole-en-public\\\/#breadcrumb\",\"itemListElement\":[{\"@type\":\"ListItem\",\"position\":1,\"name\":\"Home\",\"item\":\"https:\\\/\\\/visionarymarketing.com\\\/fr\\\/\"},{\"@type\":\"ListItem\",\"position\":2,\"name\":\"Prendre la parole en public\"}]},{\"@type\":\"WebSite\",\"@id\":\"https:\\\/\\\/visionarymarketing.com\\\/fr\\\/#website\",\"url\":\"https:\\\/\\\/visionarymarketing.com\\\/fr\\\/\",\"name\":\"Marketing and Innovation\",\"description\":\"Site d&#039;infos ind\u00e9pendant, depuis 1996\",\"potentialAction\":[{\"@type\":\"SearchAction\",\"target\":{\"@type\":\"EntryPoint\",\"urlTemplate\":\"https:\\\/\\\/visionarymarketing.com\\\/fr\\\/?s={search_term_string}\"},\"query-input\":{\"@type\":\"PropertyValueSpecification\",\"valueRequired\":true,\"valueName\":\"search_term_string\"}}],\"inLanguage\":\"fr-FR\"},{\"@type\":\"Person\",\"@id\":\"https:\\\/\\\/visionarymarketing.com\\\/fr\\\/#\\\/schema\\\/person\\\/3754fee1e558f47b8deb46f53c37423e\",\"name\":\"Yann Gourvennec\",\"image\":{\"@type\":\"ImageObject\",\"inLanguage\":\"fr-FR\",\"@id\":\"https:\\\/\\\/secure.gravatar.com\\\/avatar\\\/5972001801e8de5692a3e31224e85769f50a55fb8b679749f9c8d1868cceff14?s=96&d=initials&r=g&initials=yg\",\"url\":\"https:\\\/\\\/secure.gravatar.com\\\/avatar\\\/5972001801e8de5692a3e31224e85769f50a55fb8b679749f9c8d1868cceff14?s=96&d=initials&r=g&initials=yg\",\"contentUrl\":\"https:\\\/\\\/secure.gravatar.com\\\/avatar\\\/5972001801e8de5692a3e31224e85769f50a55fb8b679749f9c8d1868cceff14?s=96&d=initials&r=g&initials=yg\",\"caption\":\"Yann Gourvennec\"},\"description\":\"Yann Gourvennec created visionarymarketing.com in 1996. He is a speaker and author of many books. In 2014 he went from intrapreneur to entrepreneur, when he created his digital marketing agency. Yann Gourvennec a cr\u00e9\u00e9 visionarymarketing.com en 1996. Il est conf\u00e9rencier et auteur de plusieurs livres. En 2014, il est pass\u00e9 d'intrapreneur \u00e0 entrepreneur en cr\u00e9ant son agence de marketing num\u00e9rique.\",\"sameAs\":[\"https:\\\/\\\/visionarymarketing.com\",\"http:\\\/\\\/facebook.com\\\/ygourven\",\"http:\\\/\\\/linkedin.com\\\/in\\\/ygourven\",\"https:\\\/\\\/x.com\\\/ygourven\",\"https:\\\/\\\/www.youtube.com\\\/c\\\/visionarymarketingagency\"],\"url\":\"https:\\\/\\\/visionarymarketing.com\\\/fr\\\/author\\\/yann-gourvennec\\\/\"}]}<\/script>\n<!-- \/ Yoast SEO plugin. -->","yoast_head_json":{"title":"Prendre la parole en public : de l'importance de l'apprentissage","description":"Prendre la parole en public n'est pas un art, c'est une apprentissage. C'est la le\u00e7on apprise de Sophie Backer, coach en prise de parole","robots":{"index":"index","follow":"follow","max-snippet":"max-snippet:-1","max-image-preview":"max-image-preview:large","max-video-preview":"max-video-preview:-1"},"canonical":"https:\/\/visionarymarketing.com\/fr\/2024\/01\/22\/prendre-la-parole-en-public\/","og_locale":"fr_FR","og_type":"article","og_title":"Prendre la parole en public : de l'importance de l'apprentissage","og_description":"Prendre la parole en public n'est pas un art, c'est une apprentissage. C'est la le\u00e7on apprise de Sophie Backer, coach en prise de parole","og_url":"https:\/\/visionarymarketing.com\/fr\/2024\/01\/22\/prendre-la-parole-en-public\/","og_site_name":"Marketing and Innovation","article_publisher":"https:\/\/www.facebook.com\/vismktg","article_author":"http:\/\/facebook.com\/ygourven","article_published_time":"2024-01-22T07:30:08+00:00","article_modified_time":"2024-02-08T15:03:53+00:00","og_image":[{"width":1920,"height":1080,"url":"https:\/\/visionarymarketing.com\/wp-content\/uploads\/2024\/01\/61tjkjxbgwl-ac-uf10001000-ql80-1.jpg","type":"image\/jpeg"}],"author":"Yann Gourvennec","twitter_card":"summary_large_image","twitter_creator":"@ygourven","twitter_site":"@ygourven","twitter_misc":{"\u00c9crit par":"Yann Gourvennec","Dur\u00e9e de lecture estim\u00e9e":"8 minutes"},"schema":{"@context":"https:\/\/schema.org","@graph":[{"@type":"NewsArticle","@id":"https:\/\/visionarymarketing.com\/fr\/2024\/01\/22\/prendre-la-parole-en-public\/#article","isPartOf":{"@id":"https:\/\/visionarymarketing.com\/fr\/2024\/01\/22\/prendre-la-parole-en-public\/"},"author":{"name":"Yann Gourvennec","@id":"https:\/\/visionarymarketing.com\/fr\/#\/schema\/person\/3754fee1e558f47b8deb46f53c37423e"},"headline":"Prendre la parole en public","datePublished":"2024-01-22T07:30:08+00:00","dateModified":"2024-02-08T15:03:53+00:00","mainEntityOfPage":{"@id":"https:\/\/visionarymarketing.com\/fr\/2024\/01\/22\/prendre-la-parole-en-public\/"},"wordCount":1864,"commentCount":1,"image":{"@id":"https:\/\/visionarymarketing.com\/fr\/2024\/01\/22\/prendre-la-parole-en-public\/#primaryimage"},"thumbnailUrl":"https:\/\/visionarymarketing.com\/wp-content\/uploads\/2024\/01\/61tjkjxbgwl-ac-uf10001000-ql80-1.jpg","articleSection":["A la une","livres marketing"],"inLanguage":"fr-FR","potentialAction":[{"@type":"CommentAction","name":"Comment","target":["https:\/\/visionarymarketing.com\/fr\/2024\/01\/22\/prendre-la-parole-en-public\/#respond"]}]},{"@type":"WebPage","@id":"https:\/\/visionarymarketing.com\/fr\/2024\/01\/22\/prendre-la-parole-en-public\/","url":"https:\/\/visionarymarketing.com\/fr\/2024\/01\/22\/prendre-la-parole-en-public\/","name":"Prendre la parole en public : de l'importance de l'apprentissage","isPartOf":{"@id":"https:\/\/visionarymarketing.com\/fr\/#website"},"primaryImageOfPage":{"@id":"https:\/\/visionarymarketing.com\/fr\/2024\/01\/22\/prendre-la-parole-en-public\/#primaryimage"},"image":{"@id":"https:\/\/visionarymarketing.com\/fr\/2024\/01\/22\/prendre-la-parole-en-public\/#primaryimage"},"thumbnailUrl":"https:\/\/visionarymarketing.com\/wp-content\/uploads\/2024\/01\/61tjkjxbgwl-ac-uf10001000-ql80-1.jpg","datePublished":"2024-01-22T07:30:08+00:00","dateModified":"2024-02-08T15:03:53+00:00","author":{"@id":"https:\/\/visionarymarketing.com\/fr\/#\/schema\/person\/3754fee1e558f47b8deb46f53c37423e"},"description":"Prendre la parole en public n'est pas un art, c'est une apprentissage. C'est la le\u00e7on apprise de Sophie Backer, coach en prise de parole","breadcrumb":{"@id":"https:\/\/visionarymarketing.com\/fr\/2024\/01\/22\/prendre-la-parole-en-public\/#breadcrumb"},"inLanguage":"fr-FR","potentialAction":[{"@type":"ReadAction","target":["https:\/\/visionarymarketing.com\/fr\/2024\/01\/22\/prendre-la-parole-en-public\/"]}]},{"@type":"ImageObject","inLanguage":"fr-FR","@id":"https:\/\/visionarymarketing.com\/fr\/2024\/01\/22\/prendre-la-parole-en-public\/#primaryimage","url":"https:\/\/visionarymarketing.com\/wp-content\/uploads\/2024\/01\/61tjkjxbgwl-ac-uf10001000-ql80-1.jpg","contentUrl":"https:\/\/visionarymarketing.com\/wp-content\/uploads\/2024\/01\/61tjkjxbgwl-ac-uf10001000-ql80-1.jpg","width":1920,"height":1080,"caption":"Prise de parole en public"},{"@type":"BreadcrumbList","@id":"https:\/\/visionarymarketing.com\/fr\/2024\/01\/22\/prendre-la-parole-en-public\/#breadcrumb","itemListElement":[{"@type":"ListItem","position":1,"name":"Home","item":"https:\/\/visionarymarketing.com\/fr\/"},{"@type":"ListItem","position":2,"name":"Prendre la parole en public"}]},{"@type":"WebSite","@id":"https:\/\/visionarymarketing.com\/fr\/#website","url":"https:\/\/visionarymarketing.com\/fr\/","name":"Marketing and Innovation","description":"Site d&#039;infos ind\u00e9pendant, depuis 1996","potentialAction":[{"@type":"SearchAction","target":{"@type":"EntryPoint","urlTemplate":"https:\/\/visionarymarketing.com\/fr\/?s={search_term_string}"},"query-input":{"@type":"PropertyValueSpecification","valueRequired":true,"valueName":"search_term_string"}}],"inLanguage":"fr-FR"},{"@type":"Person","@id":"https:\/\/visionarymarketing.com\/fr\/#\/schema\/person\/3754fee1e558f47b8deb46f53c37423e","name":"Yann Gourvennec","image":{"@type":"ImageObject","inLanguage":"fr-FR","@id":"https:\/\/secure.gravatar.com\/avatar\/5972001801e8de5692a3e31224e85769f50a55fb8b679749f9c8d1868cceff14?s=96&d=initials&r=g&initials=yg","url":"https:\/\/secure.gravatar.com\/avatar\/5972001801e8de5692a3e31224e85769f50a55fb8b679749f9c8d1868cceff14?s=96&d=initials&r=g&initials=yg","contentUrl":"https:\/\/secure.gravatar.com\/avatar\/5972001801e8de5692a3e31224e85769f50a55fb8b679749f9c8d1868cceff14?s=96&d=initials&r=g&initials=yg","caption":"Yann Gourvennec"},"description":"Yann Gourvennec created visionarymarketing.com in 1996. He is a speaker and author of many books. In 2014 he went from intrapreneur to entrepreneur, when he created his digital marketing agency. Yann Gourvennec a cr\u00e9\u00e9 visionarymarketing.com en 1996. Il est conf\u00e9rencier et auteur de plusieurs livres. En 2014, il est pass\u00e9 d'intrapreneur \u00e0 entrepreneur en cr\u00e9ant son agence de marketing num\u00e9rique.","sameAs":["https:\/\/visionarymarketing.com","http:\/\/facebook.com\/ygourven","http:\/\/linkedin.com\/in\/ygourven","https:\/\/x.com\/ygourven","https:\/\/www.youtube.com\/c\/visionarymarketingagency"],"url":"https:\/\/visionarymarketing.com\/fr\/author\/yann-gourvennec\/"}]}},"_links":{"self":[{"href":"https:\/\/visionarymarketing.com\/fr\/wp-json\/wp\/v2\/posts\/79069","targetHints":{"allow":["GET"]}}],"collection":[{"href":"https:\/\/visionarymarketing.com\/fr\/wp-json\/wp\/v2\/posts"}],"about":[{"href":"https:\/\/visionarymarketing.com\/fr\/wp-json\/wp\/v2\/types\/post"}],"author":[{"embeddable":true,"href":"https:\/\/visionarymarketing.com\/fr\/wp-json\/wp\/v2\/users\/2"}],"replies":[{"embeddable":true,"href":"https:\/\/visionarymarketing.com\/fr\/wp-json\/wp\/v2\/comments?post=79069"}],"version-history":[{"count":0,"href":"https:\/\/visionarymarketing.com\/fr\/wp-json\/wp\/v2\/posts\/79069\/revisions"}],"wp:featuredmedia":[{"embeddable":true,"href":"https:\/\/visionarymarketing.com\/fr\/wp-json\/wp\/v2\/media\/79078"}],"wp:attachment":[{"href":"https:\/\/visionarymarketing.com\/fr\/wp-json\/wp\/v2\/media?parent=79069"}],"wp:term":[{"taxonomy":"category","embeddable":true,"href":"https:\/\/visionarymarketing.com\/fr\/wp-json\/wp\/v2\/categories?post=79069"},{"taxonomy":"post_tag","embeddable":true,"href":"https:\/\/visionarymarketing.com\/fr\/wp-json\/wp\/v2\/tags?post=79069"}],"curies":[{"name":"wp","href":"https:\/\/api.w.org\/{rel}","templated":true}]}}