{"id":78524,"date":"2023-11-24T11:24:48","date_gmt":"2023-11-24T10:24:48","guid":{"rendered":"https:\/\/visionarymarketing.com\/?p=78524"},"modified":"2023-11-24T12:00:47","modified_gmt":"2023-11-24T11:00:47","slug":"tech-for-retail-2023","status":"publish","type":"post","link":"https:\/\/visionarymarketing.com\/fr\/2023\/11\/24\/tech-for-retail-2023\/","title":{"rendered":"Visionary Marketing partenaire m\u00e9dia Tech for Retail 2023"},"content":{"rendered":"<p><em><a href=\"https:\/\/visionarymarketing.com\/fr\/2022\/10\/passeport-numerique-produit\/\">Comme l&rsquo;ann\u00e9e derni\u00e8re<\/a>, Visionary Marketing sera <strong><a href=\"https:\/\/www.techforretail.com\/presse\/\" target=\"_blank\" rel=\"noopener\">partenaire m\u00e9dia<\/a> du salon Tech For Retail<\/strong>, <a href=\"https:\/\/www.techforretail.com\" target=\"_blank\" rel=\"noopener\">le salon europ\u00e9en du retail<\/a> est de retour les 28 et 29 novembre \u00e0 Paris Expo, Porte de Versailles (Hall 4). Tech For Retail est le salon d\u00e9di\u00e9 \u00e0 100% aux innovations technologiques et solutions \u00e9co-responsables pour les commerces physiques et la vente en ligne.<\/em><\/p>\n<h2>R\u00e9inventer la distribution au salon Tech for Retail<\/h2>\n<figure id=\"attachment_78525\" aria-describedby=\"caption-attachment-78525\" style=\"width: 1000px\" class=\"wp-caption aligncenter\"><img decoding=\"async\" class=\"wp-image-78525 size-full\" src=\"https:\/\/visionarymarketing.com\/wp-content\/uploads\/2023\/11\/tech-for-retail-1536x1072-3427623030-e1700820178401.jpg\" alt=\"\" width=\"1000\" height=\"698\" srcset=\"https:\/\/visionarymarketing.com\/wp-content\/uploads\/2023\/11\/tech-for-retail-1536x1072-3427623030-e1700820178401.jpg 1000w, https:\/\/visionarymarketing.com\/wp-content\/uploads\/2023\/11\/tech-for-retail-1536x1072-3427623030-e1700820178401-430x300.jpg 430w, https:\/\/visionarymarketing.com\/wp-content\/uploads\/2023\/11\/tech-for-retail-1536x1072-3427623030-e1700820178401-768x536.jpg 768w\" sizes=\"(max-width: 1000px) 100vw, 1000px\" \/><figcaption id=\"caption-attachment-78525\" class=\"wp-caption-text\">Le salon Tech for Retail 2023 se tiendra \u00e0 Paris les 28 et 29 novembre 2023 et Visionary Marketing sera sur le pont pour y interviewer les soci\u00e9t\u00e9s les plus innovantes.<\/figcaption><\/figure>\n<p>Visionary Marketing sera \u00e0 nouveau partenaire m\u00e9dia du salon Tech for Retail cette ann\u00e9e. Le salon a pour ambition de \u00ab\u00a0cr\u00e9er l\u2019\u00e9cosyst\u00e8me favorable au d\u00e9ploiement et au d\u00e9veloppement des outils digitaux en accompagnant le secteur du retail dans cette r\u00e9volution\u00a0\u00bb.<!--more--><\/p>\n<h3>Quelques innovations pr\u00e9sent\u00e9es au salon<\/h3>\n<p>Il est impossible de les citer toutes mais en voici quelques unes s\u00e9lectionn\u00e9es parmi la liste communiqu\u00e9e par le salon.<\/p>\n<figure id=\"attachment_78526\" aria-describedby=\"caption-attachment-78526\" style=\"width: 1024px\" class=\"wp-caption aligncenter\"><img decoding=\"async\" class=\"wp-image-78526 size-large\" src=\"https:\/\/visionarymarketing.com\/wp-content\/uploads\/2023\/11\/tech-for-retail-boxy-e1700821305906-1024x578.jpg\" alt=\"Tech for Retail\" width=\"1024\" height=\"578\" srcset=\"https:\/\/visionarymarketing.com\/wp-content\/uploads\/2023\/11\/tech-for-retail-boxy-e1700821305906-1024x578.jpg 1024w, https:\/\/visionarymarketing.com\/wp-content\/uploads\/2023\/11\/tech-for-retail-boxy-e1700821305906-500x282.jpg 500w, https:\/\/visionarymarketing.com\/wp-content\/uploads\/2023\/11\/tech-for-retail-boxy-e1700821305906-768x434.jpg 768w, https:\/\/visionarymarketing.com\/wp-content\/uploads\/2023\/11\/tech-for-retail-boxy-e1700821305906-390x220.jpg 390w, https:\/\/visionarymarketing.com\/wp-content\/uploads\/2023\/11\/tech-for-retail-boxy-e1700821305906.jpg 1123w\" sizes=\"(max-width: 1024px) 100vw, 1024px\" \/><figcaption id=\"caption-attachment-78526\" class=\"wp-caption-text\">Boxy sera pr\u00e9sent au salon Tech for Retail<\/figcaption><\/figure>\n<p>On remarquera au passage un grand nombre d&rsquo;innovations d\u00e9di\u00e9es \u00e0 l&rsquo;\u00e9conomie circulaire, un sujet qui nous int\u00e9resse au plus haut point :<\/p>\n<ul>\n<li><a href=\"https:\/\/www.findr.io\" target=\"_blank\" rel=\"noopener\"><strong>FindR<\/strong><\/a> d\u00e9tourne aujourd&rsquo;hui du QR code informatif habituel en cr\u00e9ant des stickers dot\u00e9s de QR code uniques afin d&rsquo;aider les gens \u00e0 retrouver leurs objets perdus<\/li>\n<li><a href=\"https:\/\/www.refive.io\/fr\/conservez\/\" target=\"_blank\" rel=\"noopener\"><strong>Refive<\/strong><\/a> offre aux d\u00e9taillants le moyen le plus simple de collecter des donn\u00e9es sur les clients en magasin et de personnaliser l&rsquo;engagement gr\u00e2ce au ticket de caisse intelligent via QR Code.<\/li>\n<li><a href=\"https:\/\/www.geev.com\/fr\" target=\"_blank\" rel=\"noopener\"><strong>Geev<\/strong><\/a>, accompagne les enseignes \u00e0 d\u00e9ployer leur strat\u00e9gie seconde vie : \u00e9coulement des invendus et produits en fin de vie, circularit\u00e9 et reprise des produits des clients, programme anti-gaspi\u2026<\/li>\n<li><a href=\"https:\/\/greendid.com\" target=\"_blank\" rel=\"noopener\"><strong>Greendid<\/strong><\/a> propose aux enseignes une plateforme SaaS qui permet aux consommateurs de revendre leurs biens d\u2019\u00e9quipements (high-tech, loisirs, mobilit\u00e9, etc.) simplement et instantan\u00e9ment \u00e0 des professionnels du reconditionnement contre des bons d\u2019achat !<\/li>\n<li><a href=\"https:\/\/wetri.eu\" target=\"_blank\" rel=\"noopener\"><strong>Wetri<\/strong><\/a>, gr\u00e2ce \u00e0 son application, elle incite les consommateurs \u00e0 rapporter leurs produits usag\u00e9s en magasins partenaires. Les diff\u00e9rents gisements de produits collect\u00e9s peuvent ainsi \u00eatre valoris\u00e9s efficacement par l\u2019enseigne ou une entreprise sp\u00e9cialis\u00e9e dans la r\u00e9paration, le r\u00e9emploi ou le recyclage de ces produits.<\/li>\n<li><a href=\"https:\/\/ary.eu\" target=\"_blank\" rel=\"noopener\"><strong>ARY<\/strong><\/a>: Communication VR &#8211; Explorez la visualisation via le t\u00e9l\u00e9phone de l&rsquo;utilisateur, r\u00e9v\u00e9lant des contenus positionn\u00e9s \u00e0 des endroits strat\u00e9giques. Dites adieu aux \u00e9crans et affiches conventionnels, et d\u00e9couvrez une nouvelle \u00e8re de communication visuelle via le t\u00e9l\u00e9phone, incluant affiches, photos, vid\u00e9os, objets 3D, mannequins en 3D statique ou dynamique.<\/li>\n<li><a href=\"https:\/\/www.getboxy.co\" target=\"_blank\" rel=\"noopener\"><strong>Boxy<\/strong><\/a>: Un magasin totalement autonome &#8211; plongez dans l&rsquo;avenir du retail avec ce concept novateur.<\/li>\n<\/ul>\n<p>&#8230; Liste non exhaustive<\/p>\n<p><a href=\"https:\/\/www.techforretail.com\" target=\"_blank\" rel=\"noopener\"><img decoding=\"async\" class=\"aligncenter wp-image-78531 size-full\" src=\"https:\/\/visionarymarketing.com\/wp-content\/uploads\/2023\/11\/tech-for-retil-inscription-1-e1700823588765.png\" alt=\"Techn for retail inscription \" width=\"593\" height=\"378\" srcset=\"https:\/\/visionarymarketing.com\/wp-content\/uploads\/2023\/11\/tech-for-retil-inscription-1-e1700823588765.png 593w, https:\/\/visionarymarketing.com\/wp-content\/uploads\/2023\/11\/tech-for-retil-inscription-1-e1700823588765-471x300.png 471w\" sizes=\"(max-width: 593px) 100vw, 593px\" \/><\/a><\/p>\n<h3><\/h3>\n<h3>Propos du salon Tech for Retail<\/h3>\n<p>Tech for Retail est le salon europ\u00e9en qui r\u00e9invente le retail. Il propose un panorama complet et pertinent des outils digitaux et innovations technologiques et \u00e9co-responsables aux m\u00e9tiers du Retail.<br \/>\nPour cette 3\u00e8me \u00e9dition, +100 conf\u00e9rences r\u00e9uniront des leaders du secteur autour de th\u00e9matiques comme le retail media, le parcours client, l\u2019\u00e9conomie circulaire, la business intelligence, la logistique, la cybers\u00e9curit\u00e9, la gestion des talents\u2026 Le coup d\u2019envoi sera donn\u00e9 par Thierry Cotillard, Pr\u00e9sident du groupement Les Mousquetaires et de nombreux visiteurs et exposants venus d\u2019Italie, des Pays-Bas et des \u00c9tats-Unis sont attendus.<\/p>\n","protected":false},"excerpt":{"rendered":"<p>Comme l&rsquo;ann\u00e9e derni\u00e8re, Visionary Marketing sera partenaire m\u00e9dia du salon Tech For Retail, le salon europ\u00e9en du retail est de retour les 28 et 29 novembre \u00e0 Paris Expo, Porte de Versailles (Hall 4). Tech For Retail est le salon d\u00e9di\u00e9 \u00e0 100% aux innovations technologiques et solutions \u00e9co-responsables pour les commerces physiques et la &hellip;<\/p>\n","protected":false},"author":2,"featured_media":78525,"comment_status":"open","ping_status":"open","sticky":false,"template":"","format":"standard","meta":{"footnotes":""},"categories":[4062,5127],"tags":[],"class_list":["post-78524","post","type-post","status-publish","format-standard","has-post-thumbnail","hentry","category-a-la-une","category-breves"],"yoast_head":"<!-- This site is optimized with the Yoast SEO plugin v27.5 - https:\/\/yoast.com\/product\/yoast-seo-wordpress\/ -->\n<title>Tech for Retail 2023 : Visionary Marketing partenaire m\u00e9dia<\/title>\n<meta name=\"description\" content=\"Visionary Marketing sera partenaire m\u00e9dia du salon Tech For Retail 2023, le salon europ\u00e9en du retail, les 28 et 29 novembre \u00e0 Paris Expo\" \/>\n<meta name=\"robots\" content=\"index, follow, max-snippet:-1, max-image-preview:large, max-video-preview:-1\" \/>\n<link rel=\"canonical\" href=\"https:\/\/visionarymarketing.com\/fr\/2023\/11\/24\/tech-for-retail-2023\/\" \/>\n<meta property=\"og:locale\" content=\"fr_FR\" \/>\n<meta property=\"og:type\" content=\"article\" \/>\n<meta property=\"og:title\" content=\"Tech for Retail 2023 : Visionary Marketing partenaire m\u00e9dia\" \/>\n<meta property=\"og:description\" content=\"Visionary Marketing sera partenaire m\u00e9dia du salon Tech For Retail 2023, le salon europ\u00e9en du retail, les 28 et 29 novembre \u00e0 Paris Expo\" \/>\n<meta property=\"og:url\" content=\"https:\/\/visionarymarketing.com\/fr\/2023\/11\/24\/tech-for-retail-2023\/\" \/>\n<meta property=\"og:site_name\" content=\"Marketing and Innovation\" \/>\n<meta property=\"article:publisher\" content=\"https:\/\/www.facebook.com\/vismktg\" \/>\n<meta property=\"article:author\" content=\"http:\/\/facebook.com\/ygourven\" \/>\n<meta property=\"article:published_time\" content=\"2023-11-24T10:24:48+00:00\" \/>\n<meta property=\"article:modified_time\" content=\"2023-11-24T11:00:47+00:00\" \/>\n<meta property=\"og:image\" content=\"https:\/\/visionarymarketing.com\/wp-content\/uploads\/2023\/11\/tech-for-retail-1536x1072-3427623030-e1700820178401.jpg\" \/>\n\t<meta property=\"og:image:width\" content=\"1000\" \/>\n\t<meta property=\"og:image:height\" content=\"698\" \/>\n\t<meta property=\"og:image:type\" content=\"image\/jpeg\" \/>\n<meta name=\"author\" content=\"Yann Gourvennec\" \/>\n<meta name=\"twitter:card\" content=\"summary_large_image\" \/>\n<meta name=\"twitter:creator\" content=\"@ygourven\" \/>\n<meta name=\"twitter:site\" content=\"@ygourven\" \/>\n<meta name=\"twitter:label1\" content=\"\u00c9crit par\" \/>\n\t<meta name=\"twitter:data1\" content=\"Yann Gourvennec\" \/>\n\t<meta name=\"twitter:label2\" content=\"Dur\u00e9e de lecture estim\u00e9e\" \/>\n\t<meta name=\"twitter:data2\" content=\"3 minutes\" \/>\n<script type=\"application\/ld+json\" class=\"yoast-schema-graph\">{\"@context\":\"https:\\\/\\\/schema.org\",\"@graph\":[{\"@type\":\"NewsArticle\",\"@id\":\"https:\\\/\\\/visionarymarketing.com\\\/fr\\\/2023\\\/11\\\/24\\\/tech-for-retail-2023\\\/#article\",\"isPartOf\":{\"@id\":\"https:\\\/\\\/visionarymarketing.com\\\/fr\\\/2023\\\/11\\\/24\\\/tech-for-retail-2023\\\/\"},\"author\":{\"name\":\"Yann Gourvennec\",\"@id\":\"https:\\\/\\\/visionarymarketing.com\\\/fr\\\/#\\\/schema\\\/person\\\/3754fee1e558f47b8deb46f53c37423e\"},\"headline\":\"Visionary Marketing partenaire m\u00e9dia Tech for Retail 2023\",\"datePublished\":\"2023-11-24T10:24:48+00:00\",\"dateModified\":\"2023-11-24T11:00:47+00:00\",\"mainEntityOfPage\":{\"@id\":\"https:\\\/\\\/visionarymarketing.com\\\/fr\\\/2023\\\/11\\\/24\\\/tech-for-retail-2023\\\/\"},\"wordCount\":596,\"commentCount\":1,\"image\":{\"@id\":\"https:\\\/\\\/visionarymarketing.com\\\/fr\\\/2023\\\/11\\\/24\\\/tech-for-retail-2023\\\/#primaryimage\"},\"thumbnailUrl\":\"https:\\\/\\\/visionarymarketing.com\\\/wp-content\\\/uploads\\\/2023\\\/11\\\/tech-for-retail-1536x1072-3427623030-e1700820178401.jpg\",\"articleSection\":[\"A la une\",\"Br\u00e8ves\"],\"inLanguage\":\"fr-FR\",\"potentialAction\":[{\"@type\":\"CommentAction\",\"name\":\"Comment\",\"target\":[\"https:\\\/\\\/visionarymarketing.com\\\/fr\\\/2023\\\/11\\\/24\\\/tech-for-retail-2023\\\/#respond\"]}]},{\"@type\":\"WebPage\",\"@id\":\"https:\\\/\\\/visionarymarketing.com\\\/fr\\\/2023\\\/11\\\/24\\\/tech-for-retail-2023\\\/\",\"url\":\"https:\\\/\\\/visionarymarketing.com\\\/fr\\\/2023\\\/11\\\/24\\\/tech-for-retail-2023\\\/\",\"name\":\"Tech for Retail 2023 : Visionary Marketing partenaire m\u00e9dia\",\"isPartOf\":{\"@id\":\"https:\\\/\\\/visionarymarketing.com\\\/fr\\\/#website\"},\"primaryImageOfPage\":{\"@id\":\"https:\\\/\\\/visionarymarketing.com\\\/fr\\\/2023\\\/11\\\/24\\\/tech-for-retail-2023\\\/#primaryimage\"},\"image\":{\"@id\":\"https:\\\/\\\/visionarymarketing.com\\\/fr\\\/2023\\\/11\\\/24\\\/tech-for-retail-2023\\\/#primaryimage\"},\"thumbnailUrl\":\"https:\\\/\\\/visionarymarketing.com\\\/wp-content\\\/uploads\\\/2023\\\/11\\\/tech-for-retail-1536x1072-3427623030-e1700820178401.jpg\",\"datePublished\":\"2023-11-24T10:24:48+00:00\",\"dateModified\":\"2023-11-24T11:00:47+00:00\",\"author\":{\"@id\":\"https:\\\/\\\/visionarymarketing.com\\\/fr\\\/#\\\/schema\\\/person\\\/3754fee1e558f47b8deb46f53c37423e\"},\"description\":\"Visionary Marketing sera partenaire m\u00e9dia du salon Tech For Retail 2023, le salon europ\u00e9en du retail, les 28 et 29 novembre \u00e0 Paris Expo\",\"breadcrumb\":{\"@id\":\"https:\\\/\\\/visionarymarketing.com\\\/fr\\\/2023\\\/11\\\/24\\\/tech-for-retail-2023\\\/#breadcrumb\"},\"inLanguage\":\"fr-FR\",\"potentialAction\":[{\"@type\":\"ReadAction\",\"target\":[\"https:\\\/\\\/visionarymarketing.com\\\/fr\\\/2023\\\/11\\\/24\\\/tech-for-retail-2023\\\/\"]}]},{\"@type\":\"ImageObject\",\"inLanguage\":\"fr-FR\",\"@id\":\"https:\\\/\\\/visionarymarketing.com\\\/fr\\\/2023\\\/11\\\/24\\\/tech-for-retail-2023\\\/#primaryimage\",\"url\":\"https:\\\/\\\/visionarymarketing.com\\\/wp-content\\\/uploads\\\/2023\\\/11\\\/tech-for-retail-1536x1072-3427623030-e1700820178401.jpg\",\"contentUrl\":\"https:\\\/\\\/visionarymarketing.com\\\/wp-content\\\/uploads\\\/2023\\\/11\\\/tech-for-retail-1536x1072-3427623030-e1700820178401.jpg\",\"width\":1000,\"height\":698,\"caption\":\"Tech for Retail\"},{\"@type\":\"BreadcrumbList\",\"@id\":\"https:\\\/\\\/visionarymarketing.com\\\/fr\\\/2023\\\/11\\\/24\\\/tech-for-retail-2023\\\/#breadcrumb\",\"itemListElement\":[{\"@type\":\"ListItem\",\"position\":1,\"name\":\"Home\",\"item\":\"https:\\\/\\\/visionarymarketing.com\\\/fr\\\/\"},{\"@type\":\"ListItem\",\"position\":2,\"name\":\"Visionary Marketing partenaire m\u00e9dia Tech for Retail 2023\"}]},{\"@type\":\"WebSite\",\"@id\":\"https:\\\/\\\/visionarymarketing.com\\\/fr\\\/#website\",\"url\":\"https:\\\/\\\/visionarymarketing.com\\\/fr\\\/\",\"name\":\"Marketing and Innovation\",\"description\":\"Site d&#039;infos ind\u00e9pendant, depuis 1996\",\"potentialAction\":[{\"@type\":\"SearchAction\",\"target\":{\"@type\":\"EntryPoint\",\"urlTemplate\":\"https:\\\/\\\/visionarymarketing.com\\\/fr\\\/?s={search_term_string}\"},\"query-input\":{\"@type\":\"PropertyValueSpecification\",\"valueRequired\":true,\"valueName\":\"search_term_string\"}}],\"inLanguage\":\"fr-FR\"},{\"@type\":\"Person\",\"@id\":\"https:\\\/\\\/visionarymarketing.com\\\/fr\\\/#\\\/schema\\\/person\\\/3754fee1e558f47b8deb46f53c37423e\",\"name\":\"Yann Gourvennec\",\"image\":{\"@type\":\"ImageObject\",\"inLanguage\":\"fr-FR\",\"@id\":\"https:\\\/\\\/secure.gravatar.com\\\/avatar\\\/5972001801e8de5692a3e31224e85769f50a55fb8b679749f9c8d1868cceff14?s=96&d=initials&r=g&initials=yg\",\"url\":\"https:\\\/\\\/secure.gravatar.com\\\/avatar\\\/5972001801e8de5692a3e31224e85769f50a55fb8b679749f9c8d1868cceff14?s=96&d=initials&r=g&initials=yg\",\"contentUrl\":\"https:\\\/\\\/secure.gravatar.com\\\/avatar\\\/5972001801e8de5692a3e31224e85769f50a55fb8b679749f9c8d1868cceff14?s=96&d=initials&r=g&initials=yg\",\"caption\":\"Yann Gourvennec\"},\"description\":\"Yann Gourvennec created visionarymarketing.com in 1996. He is a speaker and author of many books. In 2014 he went from intrapreneur to entrepreneur, when he created his digital marketing agency. Yann Gourvennec a cr\u00e9\u00e9 visionarymarketing.com en 1996. Il est conf\u00e9rencier et auteur de plusieurs livres. En 2014, il est pass\u00e9 d'intrapreneur \u00e0 entrepreneur en cr\u00e9ant son agence de marketing num\u00e9rique.\",\"sameAs\":[\"https:\\\/\\\/visionarymarketing.com\",\"http:\\\/\\\/facebook.com\\\/ygourven\",\"http:\\\/\\\/linkedin.com\\\/in\\\/ygourven\",\"https:\\\/\\\/x.com\\\/ygourven\",\"https:\\\/\\\/www.youtube.com\\\/c\\\/visionarymarketingagency\"],\"url\":\"https:\\\/\\\/visionarymarketing.com\\\/fr\\\/author\\\/yann-gourvennec\\\/\"}]}<\/script>\n<!-- \/ Yoast SEO plugin. -->","yoast_head_json":{"title":"Tech for Retail 2023 : Visionary Marketing partenaire m\u00e9dia","description":"Visionary Marketing sera partenaire m\u00e9dia du salon Tech For Retail 2023, le salon europ\u00e9en du retail, les 28 et 29 novembre \u00e0 Paris Expo","robots":{"index":"index","follow":"follow","max-snippet":"max-snippet:-1","max-image-preview":"max-image-preview:large","max-video-preview":"max-video-preview:-1"},"canonical":"https:\/\/visionarymarketing.com\/fr\/2023\/11\/24\/tech-for-retail-2023\/","og_locale":"fr_FR","og_type":"article","og_title":"Tech for Retail 2023 : Visionary Marketing partenaire m\u00e9dia","og_description":"Visionary Marketing sera partenaire m\u00e9dia du salon Tech For Retail 2023, le salon europ\u00e9en du retail, les 28 et 29 novembre \u00e0 Paris Expo","og_url":"https:\/\/visionarymarketing.com\/fr\/2023\/11\/24\/tech-for-retail-2023\/","og_site_name":"Marketing and Innovation","article_publisher":"https:\/\/www.facebook.com\/vismktg","article_author":"http:\/\/facebook.com\/ygourven","article_published_time":"2023-11-24T10:24:48+00:00","article_modified_time":"2023-11-24T11:00:47+00:00","og_image":[{"width":1000,"height":698,"url":"https:\/\/visionarymarketing.com\/wp-content\/uploads\/2023\/11\/tech-for-retail-1536x1072-3427623030-e1700820178401.jpg","type":"image\/jpeg"}],"author":"Yann Gourvennec","twitter_card":"summary_large_image","twitter_creator":"@ygourven","twitter_site":"@ygourven","twitter_misc":{"\u00c9crit par":"Yann Gourvennec","Dur\u00e9e de lecture estim\u00e9e":"3 minutes"},"schema":{"@context":"https:\/\/schema.org","@graph":[{"@type":"NewsArticle","@id":"https:\/\/visionarymarketing.com\/fr\/2023\/11\/24\/tech-for-retail-2023\/#article","isPartOf":{"@id":"https:\/\/visionarymarketing.com\/fr\/2023\/11\/24\/tech-for-retail-2023\/"},"author":{"name":"Yann Gourvennec","@id":"https:\/\/visionarymarketing.com\/fr\/#\/schema\/person\/3754fee1e558f47b8deb46f53c37423e"},"headline":"Visionary Marketing partenaire m\u00e9dia Tech for Retail 2023","datePublished":"2023-11-24T10:24:48+00:00","dateModified":"2023-11-24T11:00:47+00:00","mainEntityOfPage":{"@id":"https:\/\/visionarymarketing.com\/fr\/2023\/11\/24\/tech-for-retail-2023\/"},"wordCount":596,"commentCount":1,"image":{"@id":"https:\/\/visionarymarketing.com\/fr\/2023\/11\/24\/tech-for-retail-2023\/#primaryimage"},"thumbnailUrl":"https:\/\/visionarymarketing.com\/wp-content\/uploads\/2023\/11\/tech-for-retail-1536x1072-3427623030-e1700820178401.jpg","articleSection":["A la une","Br\u00e8ves"],"inLanguage":"fr-FR","potentialAction":[{"@type":"CommentAction","name":"Comment","target":["https:\/\/visionarymarketing.com\/fr\/2023\/11\/24\/tech-for-retail-2023\/#respond"]}]},{"@type":"WebPage","@id":"https:\/\/visionarymarketing.com\/fr\/2023\/11\/24\/tech-for-retail-2023\/","url":"https:\/\/visionarymarketing.com\/fr\/2023\/11\/24\/tech-for-retail-2023\/","name":"Tech for Retail 2023 : Visionary Marketing partenaire m\u00e9dia","isPartOf":{"@id":"https:\/\/visionarymarketing.com\/fr\/#website"},"primaryImageOfPage":{"@id":"https:\/\/visionarymarketing.com\/fr\/2023\/11\/24\/tech-for-retail-2023\/#primaryimage"},"image":{"@id":"https:\/\/visionarymarketing.com\/fr\/2023\/11\/24\/tech-for-retail-2023\/#primaryimage"},"thumbnailUrl":"https:\/\/visionarymarketing.com\/wp-content\/uploads\/2023\/11\/tech-for-retail-1536x1072-3427623030-e1700820178401.jpg","datePublished":"2023-11-24T10:24:48+00:00","dateModified":"2023-11-24T11:00:47+00:00","author":{"@id":"https:\/\/visionarymarketing.com\/fr\/#\/schema\/person\/3754fee1e558f47b8deb46f53c37423e"},"description":"Visionary Marketing sera partenaire m\u00e9dia du salon Tech For Retail 2023, le salon europ\u00e9en du retail, les 28 et 29 novembre \u00e0 Paris Expo","breadcrumb":{"@id":"https:\/\/visionarymarketing.com\/fr\/2023\/11\/24\/tech-for-retail-2023\/#breadcrumb"},"inLanguage":"fr-FR","potentialAction":[{"@type":"ReadAction","target":["https:\/\/visionarymarketing.com\/fr\/2023\/11\/24\/tech-for-retail-2023\/"]}]},{"@type":"ImageObject","inLanguage":"fr-FR","@id":"https:\/\/visionarymarketing.com\/fr\/2023\/11\/24\/tech-for-retail-2023\/#primaryimage","url":"https:\/\/visionarymarketing.com\/wp-content\/uploads\/2023\/11\/tech-for-retail-1536x1072-3427623030-e1700820178401.jpg","contentUrl":"https:\/\/visionarymarketing.com\/wp-content\/uploads\/2023\/11\/tech-for-retail-1536x1072-3427623030-e1700820178401.jpg","width":1000,"height":698,"caption":"Tech for Retail"},{"@type":"BreadcrumbList","@id":"https:\/\/visionarymarketing.com\/fr\/2023\/11\/24\/tech-for-retail-2023\/#breadcrumb","itemListElement":[{"@type":"ListItem","position":1,"name":"Home","item":"https:\/\/visionarymarketing.com\/fr\/"},{"@type":"ListItem","position":2,"name":"Visionary Marketing partenaire m\u00e9dia Tech for Retail 2023"}]},{"@type":"WebSite","@id":"https:\/\/visionarymarketing.com\/fr\/#website","url":"https:\/\/visionarymarketing.com\/fr\/","name":"Marketing and Innovation","description":"Site d&#039;infos ind\u00e9pendant, depuis 1996","potentialAction":[{"@type":"SearchAction","target":{"@type":"EntryPoint","urlTemplate":"https:\/\/visionarymarketing.com\/fr\/?s={search_term_string}"},"query-input":{"@type":"PropertyValueSpecification","valueRequired":true,"valueName":"search_term_string"}}],"inLanguage":"fr-FR"},{"@type":"Person","@id":"https:\/\/visionarymarketing.com\/fr\/#\/schema\/person\/3754fee1e558f47b8deb46f53c37423e","name":"Yann Gourvennec","image":{"@type":"ImageObject","inLanguage":"fr-FR","@id":"https:\/\/secure.gravatar.com\/avatar\/5972001801e8de5692a3e31224e85769f50a55fb8b679749f9c8d1868cceff14?s=96&d=initials&r=g&initials=yg","url":"https:\/\/secure.gravatar.com\/avatar\/5972001801e8de5692a3e31224e85769f50a55fb8b679749f9c8d1868cceff14?s=96&d=initials&r=g&initials=yg","contentUrl":"https:\/\/secure.gravatar.com\/avatar\/5972001801e8de5692a3e31224e85769f50a55fb8b679749f9c8d1868cceff14?s=96&d=initials&r=g&initials=yg","caption":"Yann Gourvennec"},"description":"Yann Gourvennec created visionarymarketing.com in 1996. He is a speaker and author of many books. In 2014 he went from intrapreneur to entrepreneur, when he created his digital marketing agency. Yann Gourvennec a cr\u00e9\u00e9 visionarymarketing.com en 1996. Il est conf\u00e9rencier et auteur de plusieurs livres. En 2014, il est pass\u00e9 d'intrapreneur \u00e0 entrepreneur en cr\u00e9ant son agence de marketing num\u00e9rique.","sameAs":["https:\/\/visionarymarketing.com","http:\/\/facebook.com\/ygourven","http:\/\/linkedin.com\/in\/ygourven","https:\/\/x.com\/ygourven","https:\/\/www.youtube.com\/c\/visionarymarketingagency"],"url":"https:\/\/visionarymarketing.com\/fr\/author\/yann-gourvennec\/"}]}},"_links":{"self":[{"href":"https:\/\/visionarymarketing.com\/fr\/wp-json\/wp\/v2\/posts\/78524","targetHints":{"allow":["GET"]}}],"collection":[{"href":"https:\/\/visionarymarketing.com\/fr\/wp-json\/wp\/v2\/posts"}],"about":[{"href":"https:\/\/visionarymarketing.com\/fr\/wp-json\/wp\/v2\/types\/post"}],"author":[{"embeddable":true,"href":"https:\/\/visionarymarketing.com\/fr\/wp-json\/wp\/v2\/users\/2"}],"replies":[{"embeddable":true,"href":"https:\/\/visionarymarketing.com\/fr\/wp-json\/wp\/v2\/comments?post=78524"}],"version-history":[{"count":0,"href":"https:\/\/visionarymarketing.com\/fr\/wp-json\/wp\/v2\/posts\/78524\/revisions"}],"wp:featuredmedia":[{"embeddable":true,"href":"https:\/\/visionarymarketing.com\/fr\/wp-json\/wp\/v2\/media\/78525"}],"wp:attachment":[{"href":"https:\/\/visionarymarketing.com\/fr\/wp-json\/wp\/v2\/media?parent=78524"}],"wp:term":[{"taxonomy":"category","embeddable":true,"href":"https:\/\/visionarymarketing.com\/fr\/wp-json\/wp\/v2\/categories?post=78524"},{"taxonomy":"post_tag","embeddable":true,"href":"https:\/\/visionarymarketing.com\/fr\/wp-json\/wp\/v2\/tags?post=78524"}],"curies":[{"name":"wp","href":"https:\/\/api.w.org\/{rel}","templated":true}]}}