{"id":7839,"date":"2013-02-25T09:00:49","date_gmt":"2013-02-25T09:00:49","guid":{"rendered":"https:\/\/visionary.wordpress.com\/?p=7839"},"modified":"2021-03-13T11:37:33","modified_gmt":"2021-03-13T10:37:33","slug":"mobile-world-congress","status":"publish","type":"post","link":"https:\/\/visionarymarketing.com\/fr\/2013\/02\/25\/mobile-world-congress\/","title":{"rendered":"Barcelone, capitale mondiale du Mobile World Congress"},"content":{"rendered":"<p>Le 24 f\u00e9vrier 2013, nous avons visit\u00e9 le nouveau site de la <a href=\"https:\/\/www.firabarcelona.com\/en\/gran-via\/\" target=\"_blank\" rel=\"noopener\">Grand Fira<\/a> qui est le tout nouveau lieu de la conf\u00e9rence Mobile World Congress de Barcelone. Tout ici est absolument neuf et m\u00eame s&rsquo;ils ont construit de fausses colonnes \u00e0 l&rsquo;entr\u00e9e afin de rappeler aux visiteurs l&rsquo;ancien lieu de la convention, cela manque un peu de l\u2019\u00e9clat des vieux b\u00e2timents romantiques de la vieille Fira non loin de la Plaza de Espanya.<\/p>\n<h2>Barcelone, capitale mondiale du Mobile World Congress<\/h2>\n<figure id=\"attachment_11374\" aria-describedby=\"caption-attachment-11374\" style=\"width: 519px\" class=\"wp-caption aligncenter\"><img decoding=\"async\" class=\"wp-image-11374 size-full\" src=\"https:\/\/visionarymarketing.com\/wp-content\/uploads\/2013\/02\/dsc2575_thumb1-e1615631577849.jpg\" alt=\"A Barcelone, le Mobile World Congress transforme la cit\u00e9 catalane en capitale mondiale des t\u00e9l\u00e9coms\" width=\"519\" height=\"340\" \/><figcaption id=\"caption-attachment-11374\" class=\"wp-caption-text\">A Barcelone, le Mobile World Congress transforme la cit\u00e9 catalane en capitale mondiale des t\u00e9l\u00e9coms<\/figcaption><\/figure>\n<p><!--more--><\/p>\n<p>N\u00e9anmoins, ce nouveau lieu de conf\u00e9rence, comme son nom l&rsquo;indique, est encore bien plus grand et on s&rsquo;attend \u00e0 ce que beaucoup de choses se passent en termes d&rsquo;innovation sur les stands. La promesse de la conf\u00e9rence est qu&rsquo;un nouvel horizon pour les t\u00e9l\u00e9communications nous attend.<\/p>\n<p>Un futur, certainement, o\u00f9 le <b>NFC<\/b> va jouer un tr\u00e8s grand r\u00f4le, car l&rsquo;acronyme en trois lettres est absolument pr\u00e9sent partout cette ann\u00e9e.<\/p>\n<p>On a m\u00eame demand\u00e9 aux d\u00e9tenteurs des passes de presse de faire leur enregistrement exclusivement au travers des postes MRC, et j&rsquo;ai \u00e9t\u00e9 personnellement tr\u00e8s frustr\u00e9 de ne pas avoir pris le temps de renouveler mon t\u00e9l\u00e9phone il y a quelques mois et d&rsquo;avoir achet\u00e9 un Galaxy SIII flambant neuf, par exemple.<\/p>\n<p><a href=\"https:\/\/visionarymarketing.com\/wp-content\/uploads\/2013\/02\/dsc2569.jpg\"><img decoding=\"async\" style=\"background-image: none; padding-left: 0; padding-right: 0; display: inline; padding-top: 0; border: 0;\" title=\"the venue isn't decorated yet ...\" src=\"https:\/\/visionarymarketing.com\/wp-content\/uploads\/2013\/02\/dsc2569_thumb.jpg\" alt=\"the venue isn't decorated yet ...\" width=\"644\" height=\"432\" border=\"0\" \/><\/a><\/p>\n<p><em><span style=\"color: #0000ff;\">[Au Mobile World Congress, la veille au soir, rien ne transpara\u00eet. La presse est accueillie au milieu de deux rideaux noirs qui cachent aux yeux des curieux ce qui pourrait se passer demain. Nul doute que les d\u00e9corateurs vont travailler toute la nuit]<\/span><\/em><\/p>\n<p>En parlant de Samsung, nous avons \u00e9t\u00e9 accueillis par un petit stand de la marque cor\u00e9enne \u00e0 la sortie de la station de m\u00e9tro Fira.<\/p>\n<p>Ceci est probablement un signe qu&rsquo;ils vont nous montrer de grandes choses cette ann\u00e9e. Pourtant, jusqu&rsquo;ici, nous n&rsquo;avons rien vu qui fasse appel rappelle \u00e0 Android comme l&rsquo;an dernier. 2012 avait d\u00e9finitivement \u00e9t\u00e9 l&rsquo;ann\u00e9e d&rsquo;Android.<\/p>\n<p>Cela veut-il dire que Google, comme je l&rsquo;ai entendu sous forme de rumeurs hier, se demanderait s\u2019il ne serait pas opportun de renommer son OS mobile en utilisant son nom de marque principale (comme ils l\u2019ont fait en rempla\u00e7ant le vieil Android Market par Google Play) ? Ou cela signifie-t-il que de nouveaux acteurs sont en train de pr\u00e9parer la grosse artillerie cette ann\u00e9e comme la fondation Mozilla par exemple.<\/p>\n<p>Un nouveau syst\u00e8me d&rsquo;exploitation (OS) dans l&rsquo;environnement mobile est donc une possibilit\u00e9. C&rsquo;est l&rsquo;avenir qui nous le dira, car je suis d\u00e9j\u00e0 enregistr\u00e9 pour la conf\u00e9rence de presse de ces nouveaux syst\u00e8mes d&rsquo;exportation mobile ainsi que l&rsquo;annonce tr\u00e8s attendue deux \u00e9t\u00e9. Restez donc branch\u00e9s sur le live orange blog pour plus de nouvelles sur ces sujets avec nos blogueurs invit\u00e9s.<\/p>\n","protected":false},"excerpt":{"rendered":"<p>Le 24 f\u00e9vrier 2013, nous avons visit\u00e9 le nouveau site de la Grand Fira qui est le tout nouveau lieu de la conf\u00e9rence Mobile World Congress de Barcelone. Tout ici est absolument neuf et m\u00eame s&rsquo;ils ont construit de fausses colonnes \u00e0 l&rsquo;entr\u00e9e afin de rappeler aux visiteurs l&rsquo;ancien lieu de la convention, cela manque &hellip;<\/p>\n","protected":false},"author":2,"featured_media":7836,"comment_status":"open","ping_status":"open","sticky":false,"template":"","format":"standard","meta":{"footnotes":""},"categories":[4065],"tags":[],"class_list":["post-7839","post","type-post","status-publish","format-standard","has-post-thumbnail","hentry","category-it-du-futur-aujourdhui"],"yoast_head":"<!-- This site is optimized with the Yoast SEO plugin v27.5 - https:\/\/yoast.com\/product\/yoast-seo-wordpress\/ -->\n<title>Barcelone Mobile World Congress : capitale mondiale du mobile<\/title>\n<meta name=\"description\" content=\"Le 24 f\u00e9vrier 2013, nous avons visit\u00e9 le nouveau site de la Grand Fira le nouveau lieu de la conf\u00e9rence Mobile World Congress de Barcelone\" \/>\n<meta name=\"robots\" content=\"index, follow, max-snippet:-1, max-image-preview:large, max-video-preview:-1\" \/>\n<link rel=\"canonical\" href=\"https:\/\/visionarymarketing.com\/fr\/2013\/02\/25\/mobile-world-congress\/\" \/>\n<meta property=\"og:locale\" content=\"fr_FR\" \/>\n<meta property=\"og:type\" content=\"article\" \/>\n<meta property=\"og:title\" content=\"Barcelone Mobile World Congress : capitale mondiale du mobile\" \/>\n<meta property=\"og:description\" content=\"Le 24 f\u00e9vrier 2013, nous avons visit\u00e9 le nouveau site de la Grand Fira le nouveau lieu de la conf\u00e9rence Mobile World Congress de Barcelone\" \/>\n<meta property=\"og:url\" content=\"https:\/\/visionarymarketing.com\/fr\/2013\/02\/25\/mobile-world-congress\/\" \/>\n<meta property=\"og:site_name\" content=\"Marketing and Innovation\" \/>\n<meta property=\"article:publisher\" content=\"https:\/\/www.facebook.com\/vismktg\" \/>\n<meta property=\"article:author\" content=\"http:\/\/facebook.com\/ygourven\" \/>\n<meta property=\"article:published_time\" content=\"2013-02-25T09:00:49+00:00\" \/>\n<meta property=\"article:modified_time\" content=\"2021-03-13T10:37:33+00:00\" \/>\n<meta property=\"og:image\" content=\"https:\/\/visionarymarketing.com\/wp-content\/uploads\/2013\/02\/dsc2575_thumb.jpg\" \/>\n\t<meta property=\"og:image:width\" content=\"644\" \/>\n\t<meta property=\"og:image:height\" content=\"432\" \/>\n\t<meta property=\"og:image:type\" content=\"image\/jpeg\" \/>\n<meta name=\"author\" content=\"Yann Gourvennec\" \/>\n<meta name=\"twitter:card\" content=\"summary_large_image\" \/>\n<meta name=\"twitter:creator\" content=\"@ygourven\" \/>\n<meta name=\"twitter:site\" content=\"@ygourven\" \/>\n<meta name=\"twitter:label1\" content=\"\u00c9crit par\" \/>\n\t<meta name=\"twitter:data1\" content=\"Yann Gourvennec\" \/>\n\t<meta name=\"twitter:label2\" content=\"Dur\u00e9e de lecture estim\u00e9e\" \/>\n\t<meta name=\"twitter:data2\" content=\"3 minutes\" \/>\n<script type=\"application\/ld+json\" class=\"yoast-schema-graph\">{\"@context\":\"https:\\\/\\\/schema.org\",\"@graph\":[{\"@type\":\"NewsArticle\",\"@id\":\"https:\\\/\\\/visionarymarketing.com\\\/fr\\\/2013\\\/02\\\/25\\\/mobile-world-congress\\\/#article\",\"isPartOf\":{\"@id\":\"https:\\\/\\\/visionarymarketing.com\\\/fr\\\/2013\\\/02\\\/25\\\/mobile-world-congress\\\/\"},\"author\":{\"name\":\"Yann Gourvennec\",\"@id\":\"https:\\\/\\\/visionarymarketing.com\\\/fr\\\/#\\\/schema\\\/person\\\/3754fee1e558f47b8deb46f53c37423e\"},\"headline\":\"Barcelone, capitale mondiale du Mobile World Congress\",\"datePublished\":\"2013-02-25T09:00:49+00:00\",\"dateModified\":\"2021-03-13T10:37:33+00:00\",\"mainEntityOfPage\":{\"@id\":\"https:\\\/\\\/visionarymarketing.com\\\/fr\\\/2013\\\/02\\\/25\\\/mobile-world-congress\\\/\"},\"wordCount\":520,\"commentCount\":0,\"image\":{\"@id\":\"https:\\\/\\\/visionarymarketing.com\\\/fr\\\/2013\\\/02\\\/25\\\/mobile-world-congress\\\/#primaryimage\"},\"thumbnailUrl\":\"https:\\\/\\\/visionarymarketing.com\\\/wp-content\\\/uploads\\\/2013\\\/02\\\/dsc2575_thumb.jpg\",\"articleSection\":[\"IT du futur aujourd'hui\"],\"inLanguage\":\"fr-FR\",\"potentialAction\":[{\"@type\":\"CommentAction\",\"name\":\"Comment\",\"target\":[\"https:\\\/\\\/visionarymarketing.com\\\/fr\\\/2013\\\/02\\\/25\\\/mobile-world-congress\\\/#respond\"]}]},{\"@type\":\"WebPage\",\"@id\":\"https:\\\/\\\/visionarymarketing.com\\\/fr\\\/2013\\\/02\\\/25\\\/mobile-world-congress\\\/\",\"url\":\"https:\\\/\\\/visionarymarketing.com\\\/fr\\\/2013\\\/02\\\/25\\\/mobile-world-congress\\\/\",\"name\":\"Barcelone Mobile World Congress : capitale mondiale du mobile\",\"isPartOf\":{\"@id\":\"https:\\\/\\\/visionarymarketing.com\\\/fr\\\/#website\"},\"primaryImageOfPage\":{\"@id\":\"https:\\\/\\\/visionarymarketing.com\\\/fr\\\/2013\\\/02\\\/25\\\/mobile-world-congress\\\/#primaryimage\"},\"image\":{\"@id\":\"https:\\\/\\\/visionarymarketing.com\\\/fr\\\/2013\\\/02\\\/25\\\/mobile-world-congress\\\/#primaryimage\"},\"thumbnailUrl\":\"https:\\\/\\\/visionarymarketing.com\\\/wp-content\\\/uploads\\\/2013\\\/02\\\/dsc2575_thumb.jpg\",\"datePublished\":\"2013-02-25T09:00:49+00:00\",\"dateModified\":\"2021-03-13T10:37:33+00:00\",\"author\":{\"@id\":\"https:\\\/\\\/visionarymarketing.com\\\/fr\\\/#\\\/schema\\\/person\\\/3754fee1e558f47b8deb46f53c37423e\"},\"description\":\"Le 24 f\u00e9vrier 2013, nous avons visit\u00e9 le nouveau site de la Grand Fira le nouveau lieu de la conf\u00e9rence Mobile World Congress de Barcelone\",\"breadcrumb\":{\"@id\":\"https:\\\/\\\/visionarymarketing.com\\\/fr\\\/2013\\\/02\\\/25\\\/mobile-world-congress\\\/#breadcrumb\"},\"inLanguage\":\"fr-FR\",\"potentialAction\":[{\"@type\":\"ReadAction\",\"target\":[\"https:\\\/\\\/visionarymarketing.com\\\/fr\\\/2013\\\/02\\\/25\\\/mobile-world-congress\\\/\"]}]},{\"@type\":\"ImageObject\",\"inLanguage\":\"fr-FR\",\"@id\":\"https:\\\/\\\/visionarymarketing.com\\\/fr\\\/2013\\\/02\\\/25\\\/mobile-world-congress\\\/#primaryimage\",\"url\":\"https:\\\/\\\/visionarymarketing.com\\\/wp-content\\\/uploads\\\/2013\\\/02\\\/dsc2575_thumb.jpg\",\"contentUrl\":\"https:\\\/\\\/visionarymarketing.com\\\/wp-content\\\/uploads\\\/2013\\\/02\\\/dsc2575_thumb.jpg\",\"width\":644,\"height\":432},{\"@type\":\"BreadcrumbList\",\"@id\":\"https:\\\/\\\/visionarymarketing.com\\\/fr\\\/2013\\\/02\\\/25\\\/mobile-world-congress\\\/#breadcrumb\",\"itemListElement\":[{\"@type\":\"ListItem\",\"position\":1,\"name\":\"Home\",\"item\":\"https:\\\/\\\/visionarymarketing.com\\\/fr\\\/\"},{\"@type\":\"ListItem\",\"position\":2,\"name\":\"Barcelone, capitale mondiale du Mobile World Congress\"}]},{\"@type\":\"WebSite\",\"@id\":\"https:\\\/\\\/visionarymarketing.com\\\/fr\\\/#website\",\"url\":\"https:\\\/\\\/visionarymarketing.com\\\/fr\\\/\",\"name\":\"Marketing and Innovation\",\"description\":\"Site d&#039;infos ind\u00e9pendant, depuis 1996\",\"potentialAction\":[{\"@type\":\"SearchAction\",\"target\":{\"@type\":\"EntryPoint\",\"urlTemplate\":\"https:\\\/\\\/visionarymarketing.com\\\/fr\\\/?s={search_term_string}\"},\"query-input\":{\"@type\":\"PropertyValueSpecification\",\"valueRequired\":true,\"valueName\":\"search_term_string\"}}],\"inLanguage\":\"fr-FR\"},{\"@type\":\"Person\",\"@id\":\"https:\\\/\\\/visionarymarketing.com\\\/fr\\\/#\\\/schema\\\/person\\\/3754fee1e558f47b8deb46f53c37423e\",\"name\":\"Yann Gourvennec\",\"image\":{\"@type\":\"ImageObject\",\"inLanguage\":\"fr-FR\",\"@id\":\"https:\\\/\\\/secure.gravatar.com\\\/avatar\\\/5972001801e8de5692a3e31224e85769f50a55fb8b679749f9c8d1868cceff14?s=96&d=initials&r=g&initials=yg\",\"url\":\"https:\\\/\\\/secure.gravatar.com\\\/avatar\\\/5972001801e8de5692a3e31224e85769f50a55fb8b679749f9c8d1868cceff14?s=96&d=initials&r=g&initials=yg\",\"contentUrl\":\"https:\\\/\\\/secure.gravatar.com\\\/avatar\\\/5972001801e8de5692a3e31224e85769f50a55fb8b679749f9c8d1868cceff14?s=96&d=initials&r=g&initials=yg\",\"caption\":\"Yann Gourvennec\"},\"description\":\"Yann Gourvennec created visionarymarketing.com in 1996. He is a speaker and author of many books. In 2014 he went from intrapreneur to entrepreneur, when he created his digital marketing agency. Yann Gourvennec a cr\u00e9\u00e9 visionarymarketing.com en 1996. Il est conf\u00e9rencier et auteur de plusieurs livres. En 2014, il est pass\u00e9 d'intrapreneur \u00e0 entrepreneur en cr\u00e9ant son agence de marketing num\u00e9rique.\",\"sameAs\":[\"https:\\\/\\\/visionarymarketing.com\",\"http:\\\/\\\/facebook.com\\\/ygourven\",\"http:\\\/\\\/linkedin.com\\\/in\\\/ygourven\",\"https:\\\/\\\/x.com\\\/ygourven\",\"https:\\\/\\\/www.youtube.com\\\/c\\\/visionarymarketingagency\"],\"url\":\"https:\\\/\\\/visionarymarketing.com\\\/fr\\\/author\\\/yann-gourvennec\\\/\"}]}<\/script>\n<!-- \/ Yoast SEO plugin. -->","yoast_head_json":{"title":"Barcelone Mobile World Congress : capitale mondiale du mobile","description":"Le 24 f\u00e9vrier 2013, nous avons visit\u00e9 le nouveau site de la Grand Fira le nouveau lieu de la conf\u00e9rence Mobile World Congress de Barcelone","robots":{"index":"index","follow":"follow","max-snippet":"max-snippet:-1","max-image-preview":"max-image-preview:large","max-video-preview":"max-video-preview:-1"},"canonical":"https:\/\/visionarymarketing.com\/fr\/2013\/02\/25\/mobile-world-congress\/","og_locale":"fr_FR","og_type":"article","og_title":"Barcelone Mobile World Congress : capitale mondiale du mobile","og_description":"Le 24 f\u00e9vrier 2013, nous avons visit\u00e9 le nouveau site de la Grand Fira le nouveau lieu de la conf\u00e9rence Mobile World Congress de Barcelone","og_url":"https:\/\/visionarymarketing.com\/fr\/2013\/02\/25\/mobile-world-congress\/","og_site_name":"Marketing and Innovation","article_publisher":"https:\/\/www.facebook.com\/vismktg","article_author":"http:\/\/facebook.com\/ygourven","article_published_time":"2013-02-25T09:00:49+00:00","article_modified_time":"2021-03-13T10:37:33+00:00","og_image":[{"width":644,"height":432,"url":"https:\/\/visionarymarketing.com\/wp-content\/uploads\/2013\/02\/dsc2575_thumb.jpg","type":"image\/jpeg"}],"author":"Yann Gourvennec","twitter_card":"summary_large_image","twitter_creator":"@ygourven","twitter_site":"@ygourven","twitter_misc":{"\u00c9crit par":"Yann Gourvennec","Dur\u00e9e de lecture estim\u00e9e":"3 minutes"},"schema":{"@context":"https:\/\/schema.org","@graph":[{"@type":"NewsArticle","@id":"https:\/\/visionarymarketing.com\/fr\/2013\/02\/25\/mobile-world-congress\/#article","isPartOf":{"@id":"https:\/\/visionarymarketing.com\/fr\/2013\/02\/25\/mobile-world-congress\/"},"author":{"name":"Yann Gourvennec","@id":"https:\/\/visionarymarketing.com\/fr\/#\/schema\/person\/3754fee1e558f47b8deb46f53c37423e"},"headline":"Barcelone, capitale mondiale du Mobile World Congress","datePublished":"2013-02-25T09:00:49+00:00","dateModified":"2021-03-13T10:37:33+00:00","mainEntityOfPage":{"@id":"https:\/\/visionarymarketing.com\/fr\/2013\/02\/25\/mobile-world-congress\/"},"wordCount":520,"commentCount":0,"image":{"@id":"https:\/\/visionarymarketing.com\/fr\/2013\/02\/25\/mobile-world-congress\/#primaryimage"},"thumbnailUrl":"https:\/\/visionarymarketing.com\/wp-content\/uploads\/2013\/02\/dsc2575_thumb.jpg","articleSection":["IT du futur aujourd'hui"],"inLanguage":"fr-FR","potentialAction":[{"@type":"CommentAction","name":"Comment","target":["https:\/\/visionarymarketing.com\/fr\/2013\/02\/25\/mobile-world-congress\/#respond"]}]},{"@type":"WebPage","@id":"https:\/\/visionarymarketing.com\/fr\/2013\/02\/25\/mobile-world-congress\/","url":"https:\/\/visionarymarketing.com\/fr\/2013\/02\/25\/mobile-world-congress\/","name":"Barcelone Mobile World Congress : capitale mondiale du mobile","isPartOf":{"@id":"https:\/\/visionarymarketing.com\/fr\/#website"},"primaryImageOfPage":{"@id":"https:\/\/visionarymarketing.com\/fr\/2013\/02\/25\/mobile-world-congress\/#primaryimage"},"image":{"@id":"https:\/\/visionarymarketing.com\/fr\/2013\/02\/25\/mobile-world-congress\/#primaryimage"},"thumbnailUrl":"https:\/\/visionarymarketing.com\/wp-content\/uploads\/2013\/02\/dsc2575_thumb.jpg","datePublished":"2013-02-25T09:00:49+00:00","dateModified":"2021-03-13T10:37:33+00:00","author":{"@id":"https:\/\/visionarymarketing.com\/fr\/#\/schema\/person\/3754fee1e558f47b8deb46f53c37423e"},"description":"Le 24 f\u00e9vrier 2013, nous avons visit\u00e9 le nouveau site de la Grand Fira le nouveau lieu de la conf\u00e9rence Mobile World Congress de Barcelone","breadcrumb":{"@id":"https:\/\/visionarymarketing.com\/fr\/2013\/02\/25\/mobile-world-congress\/#breadcrumb"},"inLanguage":"fr-FR","potentialAction":[{"@type":"ReadAction","target":["https:\/\/visionarymarketing.com\/fr\/2013\/02\/25\/mobile-world-congress\/"]}]},{"@type":"ImageObject","inLanguage":"fr-FR","@id":"https:\/\/visionarymarketing.com\/fr\/2013\/02\/25\/mobile-world-congress\/#primaryimage","url":"https:\/\/visionarymarketing.com\/wp-content\/uploads\/2013\/02\/dsc2575_thumb.jpg","contentUrl":"https:\/\/visionarymarketing.com\/wp-content\/uploads\/2013\/02\/dsc2575_thumb.jpg","width":644,"height":432},{"@type":"BreadcrumbList","@id":"https:\/\/visionarymarketing.com\/fr\/2013\/02\/25\/mobile-world-congress\/#breadcrumb","itemListElement":[{"@type":"ListItem","position":1,"name":"Home","item":"https:\/\/visionarymarketing.com\/fr\/"},{"@type":"ListItem","position":2,"name":"Barcelone, capitale mondiale du Mobile World Congress"}]},{"@type":"WebSite","@id":"https:\/\/visionarymarketing.com\/fr\/#website","url":"https:\/\/visionarymarketing.com\/fr\/","name":"Marketing and Innovation","description":"Site d&#039;infos ind\u00e9pendant, depuis 1996","potentialAction":[{"@type":"SearchAction","target":{"@type":"EntryPoint","urlTemplate":"https:\/\/visionarymarketing.com\/fr\/?s={search_term_string}"},"query-input":{"@type":"PropertyValueSpecification","valueRequired":true,"valueName":"search_term_string"}}],"inLanguage":"fr-FR"},{"@type":"Person","@id":"https:\/\/visionarymarketing.com\/fr\/#\/schema\/person\/3754fee1e558f47b8deb46f53c37423e","name":"Yann Gourvennec","image":{"@type":"ImageObject","inLanguage":"fr-FR","@id":"https:\/\/secure.gravatar.com\/avatar\/5972001801e8de5692a3e31224e85769f50a55fb8b679749f9c8d1868cceff14?s=96&d=initials&r=g&initials=yg","url":"https:\/\/secure.gravatar.com\/avatar\/5972001801e8de5692a3e31224e85769f50a55fb8b679749f9c8d1868cceff14?s=96&d=initials&r=g&initials=yg","contentUrl":"https:\/\/secure.gravatar.com\/avatar\/5972001801e8de5692a3e31224e85769f50a55fb8b679749f9c8d1868cceff14?s=96&d=initials&r=g&initials=yg","caption":"Yann Gourvennec"},"description":"Yann Gourvennec created visionarymarketing.com in 1996. He is a speaker and author of many books. In 2014 he went from intrapreneur to entrepreneur, when he created his digital marketing agency. Yann Gourvennec a cr\u00e9\u00e9 visionarymarketing.com en 1996. Il est conf\u00e9rencier et auteur de plusieurs livres. En 2014, il est pass\u00e9 d'intrapreneur \u00e0 entrepreneur en cr\u00e9ant son agence de marketing num\u00e9rique.","sameAs":["https:\/\/visionarymarketing.com","http:\/\/facebook.com\/ygourven","http:\/\/linkedin.com\/in\/ygourven","https:\/\/x.com\/ygourven","https:\/\/www.youtube.com\/c\/visionarymarketingagency"],"url":"https:\/\/visionarymarketing.com\/fr\/author\/yann-gourvennec\/"}]}},"_links":{"self":[{"href":"https:\/\/visionarymarketing.com\/fr\/wp-json\/wp\/v2\/posts\/7839","targetHints":{"allow":["GET"]}}],"collection":[{"href":"https:\/\/visionarymarketing.com\/fr\/wp-json\/wp\/v2\/posts"}],"about":[{"href":"https:\/\/visionarymarketing.com\/fr\/wp-json\/wp\/v2\/types\/post"}],"author":[{"embeddable":true,"href":"https:\/\/visionarymarketing.com\/fr\/wp-json\/wp\/v2\/users\/2"}],"replies":[{"embeddable":true,"href":"https:\/\/visionarymarketing.com\/fr\/wp-json\/wp\/v2\/comments?post=7839"}],"version-history":[{"count":0,"href":"https:\/\/visionarymarketing.com\/fr\/wp-json\/wp\/v2\/posts\/7839\/revisions"}],"wp:featuredmedia":[{"embeddable":true,"href":"https:\/\/visionarymarketing.com\/fr\/wp-json\/wp\/v2\/media\/7836"}],"wp:attachment":[{"href":"https:\/\/visionarymarketing.com\/fr\/wp-json\/wp\/v2\/media?parent=7839"}],"wp:term":[{"taxonomy":"category","embeddable":true,"href":"https:\/\/visionarymarketing.com\/fr\/wp-json\/wp\/v2\/categories?post=7839"},{"taxonomy":"post_tag","embeddable":true,"href":"https:\/\/visionarymarketing.com\/fr\/wp-json\/wp\/v2\/tags?post=7839"}],"curies":[{"name":"wp","href":"https:\/\/api.w.org\/{rel}","templated":true}]}}