{"id":7826,"date":"2013-02-25T08:15:12","date_gmt":"2013-02-25T08:15:12","guid":{"rendered":"http:\/\/visionary.wordpress.com\/?p=7826"},"modified":"2024-06-21T11:07:07","modified_gmt":"2024-06-21T09:07:07","slug":"synthesio-met-le-nigeria-sur-la-carte-du-social-media-week-2013-smw13","status":"publish","type":"post","link":"https:\/\/visionarymarketing.com\/fr\/2013\/02\/25\/synthesio-met-le-nigeria-sur-la-carte-du-social-media-week-2013-smw13\/","title":{"rendered":"Synthesio met Media Aces sur la carte du Social Media Week"},"content":{"rendered":"<p><em>C&rsquo;est d&rsquo;abord un grand honneur d&rsquo;\u00eatre au tableau de chasse des \u00ab\u00a0influenceurs\u00a0\u00bb de la social media week de la semaine derni\u00e8re. <span title=\"http:\/\/new.livestream.com\/smwparis\/events\/1862140\">Il est vrai que l&rsquo;\u00e9v\u00e9nement Media Aces du 18 f\u00e9vrier 2013 avait \u00e9t\u00e9 tr\u00e8s bien pr\u00e9par\u00e9 par Jean Marc Goachet de Mines Paristech et mon comp\u00e8re Herv\u00e9 Kabla<\/span> (parti skier ce jour l\u00e0). Il est donc un peu normal, vu la force de cet \u00e9v\u00e9nement qui a vite pris une bonne place dans le classement des tendances de Twitter (trending topics), que mon compte Twitter soit troisi\u00e8me de la France, \u00e9tant donn\u00e9 que je faisais\u00a0 le live tweet &#8230; pas de miracle. Un certain nombre de choses \u00e9tonnent un peu cependant dans ce rapport.<\/em><\/p>\n<h2>Synthesio met Media Aces sur la carte du Social Media Week<\/h2>\n<figure id=\"attachment_61821\" aria-describedby=\"caption-attachment-61821\" style=\"width: 520px\" class=\"wp-caption aligncenter\"><img decoding=\"async\" class=\"wp-image-61821 size-full\" src=\"https:\/\/visionarymarketing.com\/wp-content\/uploads\/2009\/09\/twitter-jumpstory-download20210305-200813.jpg\" alt=\"Synthesio met Media Aces sur la carte du Social Media Week\" width=\"520\" height=\"340\" srcset=\"https:\/\/visionarymarketing.com\/wp-content\/uploads\/2009\/09\/twitter-jumpstory-download20210305-200813.jpg 520w, https:\/\/visionarymarketing.com\/wp-content\/uploads\/2009\/09\/twitter-jumpstory-download20210305-200813-459x300.jpg 459w\" sizes=\"(max-width: 520px) 100vw, 520px\" \/><figcaption id=\"caption-attachment-61821\" class=\"wp-caption-text\">Synthesio met Media Aces sur la carte du Social Media Week<\/figcaption><\/figure>\n<p><!--more--><\/p>\n<p>D&rsquo;abord, le fait que le Royaume Uni soit si faible et que l&rsquo;Italie soit si forte ! Voil\u00e0 qui est \u00e9trange. Que la France cartonne ne m&rsquo;\u00e9tonne gu\u00e8re. Pour faire beaucoup d&rsquo;\u00e9v\u00e9nements en Europe et ailleurs, je vois bien que nous sommes meilleurs que nous le croyons. Apr\u00e8s tout si des entreprises comme <a href=\"https:\/\/www.goto.com\/connect\" target=\"_blank\" rel=\"noopener noreferrer\">Jive<\/a> viennent \u00e9tablir leur si\u00e8ge europ\u00e9en en France, c&rsquo;est qu&rsquo;il y a une raison (<a href=\"https:\/\/visionarymarketing.com\/fr\/2013\/02\/convaincre-utilisateurs-rse\/\" target=\"_blank\" rel=\"noopener noreferrer\">voir mon compte-rendu sur le rapport Lecko<\/a>). Plus \u00e9tonnant encore, la pr\u00e9sence du Nig\u00e9ria (Sic!) <span title=\"http:\/\/synthesio.com\/corporate\/en\/2013\/events\/francais-social-media-week-2013-halftime-report\/\">dans le rapport Synthesio des influenceurs<\/span>, au-dessus de l&rsquo;Allemagne (certes ils ne sont pas tr\u00e8s nerveux en social media en Allemagne si on omet quelques champions comme Amiando &#8230;mais quand-m\u00eame ! ils ont d&rsquo;autres chats \u00e0 fouetter que des lolcats \u00e0 Lagos en ce moment). Serait-ce le d\u00e9tail qui cloche ? Ah ! Le difficile m\u00e9tier que voil\u00e0 de mesurer \u00ab\u00a0l&rsquo;influence\u00a0\u00bb, cet ingr\u00e9dient impalpable et pourtant si visible &#8230;<\/p>\n<p>\u00ab\u00a0La Semaine des m\u00e9dias sociaux est un \u00e9v\u00e9nement mondial qui met en relation des personnes et des organisations du monde entier, par la collaboration, l&rsquo;apprentissage et le partage d&rsquo;id\u00e9es. Cette semaine, 10 villes du monde entier c\u00e9l\u00e8brent l&rsquo;\u00e9norme impact social, culturel et \u00e9conomique des m\u00e9dias sociaux.<\/p>\n<p>La Semaine des m\u00e9dias sociaux est devenue une plateforme et une communaut\u00e9 incroyables qui comptent aujourd&rsquo;hui plus de 100 000 membres. Cette ann\u00e9e, la SMW f\u00eate son cinqui\u00e8me anniversaire et marque cette \u00e9tape importante avec un th\u00e8me global unificateur qui repr\u00e9sente la connectivit\u00e9 et l&rsquo;ouverture du monde num\u00e9rique collaboratif. Ce th\u00e8me global est \u00e9vident lorsqu&rsquo;on examine l&rsquo;\u00e9norme engouement suscit\u00e9 par l&rsquo;\u00e9v\u00e9nement \u00e0 travers le monde.<\/p>\n<p>Chez Synthesio, nous sautons sur l&rsquo;occasion de suivre les conversations mondiales autour d&rsquo;un \u00e9v\u00e9nement de cette ampleur avec une telle fr\u00e9n\u00e9sie sur le web. Nous avons donc d\u00e9cid\u00e9 de prendre une gorg\u00e9e de notre Twitter Firehose et de suivre toutes les conversations Twitter autour de la Semaine des m\u00e9dias sociaux 2013, afin de vous fournir des informations int\u00e9ressantes sur la port\u00e9e globale de l&rsquo;\u00e9v\u00e9nement, les sujets tendances, et enfin, notre liste des principaux influenceurs qui alimentent les conversations.<\/p>\n<p>C&rsquo;est maintenant la mi-temps de la SMW13 et nous vous invitons \u00e0 vous lever, \u00e0 vous \u00e9tirer, \u00e0 prendre un verre et \u00e0 appr\u00e9cier le Synthesio SMW Halftime Report. F\u00e9licitations aux meilleurs influenceurs des \u00c9tats-Unis, de France, du Royaume-Uni et de Singapour, et n&rsquo;oubliez pas de revenir pour l&rsquo;analyse compl\u00e8te d&rsquo;apr\u00e8s-match !<\/p>\n<p>via Social Media Week 2013 &#8211; Halftime Report &#8211; Synthesio #SMW13.<\/p>\n<p><a href=\"https:\/\/visionarymarketing.com\/wp-content\/uploads\/2013\/02\/socialmediaweekinfluencers2013.jpg\"><img decoding=\"async\" class=\"aligncenter size-full wp-image-7828\" src=\"https:\/\/visionarymarketing.com\/wp-content\/uploads\/2013\/02\/socialmediaweekinfluencers2013.jpg\" alt=\"socialmediaweekinfluencers2013\" width=\"490\" height=\"2211\" srcset=\"https:\/\/visionarymarketing.com\/wp-content\/uploads\/2013\/02\/socialmediaweekinfluencers2013.jpg 550w, https:\/\/visionarymarketing.com\/wp-content\/uploads\/2013\/02\/socialmediaweekinfluencers2013-227x1024.jpg 227w, https:\/\/visionarymarketing.com\/wp-content\/uploads\/2013\/02\/socialmediaweekinfluencers2013-454x2048.jpg 454w\" sizes=\"(max-width: 490px) 100vw, 490px\" \/><\/a><\/p>\n","protected":false},"excerpt":{"rendered":"<p>C&rsquo;est d&rsquo;abord un grand honneur d&rsquo;\u00eatre au tableau de chasse des \u00ab\u00a0influenceurs\u00a0\u00bb de la social media week de la semaine derni\u00e8re. Il est vrai que l&rsquo;\u00e9v\u00e9nement Media Aces du 18 f\u00e9vrier 2013 avait \u00e9t\u00e9 tr\u00e8s bien pr\u00e9par\u00e9 par Jean Marc Goachet de Mines Paristech et mon comp\u00e8re Herv\u00e9 Kabla (parti skier ce jour l\u00e0). Il &hellip;<\/p>\n","protected":false},"author":2,"featured_media":61821,"comment_status":"open","ping_status":"open","sticky":false,"template":"","format":"standard","meta":{"footnotes":""},"categories":[25],"tags":[],"class_list":["post-7826","post","type-post","status-publish","format-standard","has-post-thumbnail","hentry","category-medias-sociaux"],"yoast_head":"<!-- This site is optimized with the Yoast SEO plugin v27.4 - https:\/\/yoast.com\/product\/yoast-seo-wordpress\/ -->\n<title>Synthesio met Media Aces sur la carte du Social Media Week<\/title>\n<meta name=\"description\" content=\"C&#039;est d&#039;abord un grand honneur d&#039;\u00eatre au tableau de chasse des &quot;influenceurs&quot; de la social media week de la semaine derni\u00e8re. Il est vrai que l&#039;\u00e9v\u00e9nement\" \/>\n<meta name=\"robots\" content=\"index, follow, max-snippet:-1, max-image-preview:large, max-video-preview:-1\" \/>\n<link rel=\"canonical\" href=\"https:\/\/visionarymarketing.com\/fr\/2013\/02\/25\/synthesio-met-le-nigeria-sur-la-carte-du-social-media-week-2013-smw13\/\" \/>\n<meta property=\"og:locale\" content=\"fr_FR\" \/>\n<meta property=\"og:type\" content=\"article\" \/>\n<meta property=\"og:title\" content=\"Synthesio met Media Aces sur la carte du Social Media Week\" \/>\n<meta property=\"og:description\" content=\"C&#039;est d&#039;abord un grand honneur d&#039;\u00eatre au tableau de chasse des &quot;influenceurs&quot; de la social media week de la semaine derni\u00e8re. Il est vrai que l&#039;\u00e9v\u00e9nement\" \/>\n<meta property=\"og:url\" content=\"https:\/\/visionarymarketing.com\/fr\/2013\/02\/25\/synthesio-met-le-nigeria-sur-la-carte-du-social-media-week-2013-smw13\/\" \/>\n<meta property=\"og:site_name\" content=\"Marketing and Innovation\" \/>\n<meta property=\"article:publisher\" content=\"https:\/\/www.facebook.com\/vismktg\" \/>\n<meta property=\"article:author\" content=\"http:\/\/facebook.com\/ygourven\" \/>\n<meta property=\"article:published_time\" content=\"2013-02-25T08:15:12+00:00\" \/>\n<meta property=\"article:modified_time\" content=\"2024-06-21T09:07:07+00:00\" \/>\n<meta property=\"og:image\" content=\"https:\/\/visionarymarketing.com\/wp-content\/uploads\/2009\/09\/twitter-jumpstory-download20210305-200813.jpg\" \/>\n\t<meta property=\"og:image:width\" content=\"520\" \/>\n\t<meta property=\"og:image:height\" content=\"340\" \/>\n\t<meta property=\"og:image:type\" content=\"image\/jpeg\" \/>\n<meta name=\"author\" content=\"Yann Gourvennec\" \/>\n<meta name=\"twitter:card\" content=\"summary_large_image\" \/>\n<meta name=\"twitter:creator\" content=\"@ygourven\" \/>\n<meta name=\"twitter:site\" content=\"@ygourven\" \/>\n<meta name=\"twitter:label1\" content=\"\u00c9crit par\" \/>\n\t<meta name=\"twitter:data1\" content=\"Yann Gourvennec\" \/>\n\t<meta name=\"twitter:label2\" content=\"Dur\u00e9e de lecture estim\u00e9e\" \/>\n\t<meta name=\"twitter:data2\" content=\"3 minutes\" \/>\n<script type=\"application\/ld+json\" class=\"yoast-schema-graph\">{\"@context\":\"https:\\\/\\\/schema.org\",\"@graph\":[{\"@type\":\"NewsArticle\",\"@id\":\"https:\\\/\\\/visionarymarketing.com\\\/fr\\\/2013\\\/02\\\/25\\\/synthesio-met-le-nigeria-sur-la-carte-du-social-media-week-2013-smw13\\\/#article\",\"isPartOf\":{\"@id\":\"https:\\\/\\\/visionarymarketing.com\\\/fr\\\/2013\\\/02\\\/25\\\/synthesio-met-le-nigeria-sur-la-carte-du-social-media-week-2013-smw13\\\/\"},\"author\":{\"name\":\"Yann Gourvennec\",\"@id\":\"https:\\\/\\\/visionarymarketing.com\\\/fr\\\/#\\\/schema\\\/person\\\/3754fee1e558f47b8deb46f53c37423e\"},\"headline\":\"Synthesio met Media Aces sur la carte du Social Media Week\",\"datePublished\":\"2013-02-25T08:15:12+00:00\",\"dateModified\":\"2024-06-21T09:07:07+00:00\",\"mainEntityOfPage\":{\"@id\":\"https:\\\/\\\/visionarymarketing.com\\\/fr\\\/2013\\\/02\\\/25\\\/synthesio-met-le-nigeria-sur-la-carte-du-social-media-week-2013-smw13\\\/\"},\"wordCount\":613,\"commentCount\":0,\"image\":{\"@id\":\"https:\\\/\\\/visionarymarketing.com\\\/fr\\\/2013\\\/02\\\/25\\\/synthesio-met-le-nigeria-sur-la-carte-du-social-media-week-2013-smw13\\\/#primaryimage\"},\"thumbnailUrl\":\"https:\\\/\\\/visionarymarketing.com\\\/wp-content\\\/uploads\\\/2009\\\/09\\\/twitter-jumpstory-download20210305-200813.jpg\",\"articleSection\":[\"m\u00e9dias \\\/ r\u00e9seaux sociaux\"],\"inLanguage\":\"fr-FR\",\"potentialAction\":[{\"@type\":\"CommentAction\",\"name\":\"Comment\",\"target\":[\"https:\\\/\\\/visionarymarketing.com\\\/fr\\\/2013\\\/02\\\/25\\\/synthesio-met-le-nigeria-sur-la-carte-du-social-media-week-2013-smw13\\\/#respond\"]}]},{\"@type\":\"WebPage\",\"@id\":\"https:\\\/\\\/visionarymarketing.com\\\/fr\\\/2013\\\/02\\\/25\\\/synthesio-met-le-nigeria-sur-la-carte-du-social-media-week-2013-smw13\\\/\",\"url\":\"https:\\\/\\\/visionarymarketing.com\\\/fr\\\/2013\\\/02\\\/25\\\/synthesio-met-le-nigeria-sur-la-carte-du-social-media-week-2013-smw13\\\/\",\"name\":\"Synthesio met Media Aces sur la carte du Social Media Week\",\"isPartOf\":{\"@id\":\"https:\\\/\\\/visionarymarketing.com\\\/fr\\\/#website\"},\"primaryImageOfPage\":{\"@id\":\"https:\\\/\\\/visionarymarketing.com\\\/fr\\\/2013\\\/02\\\/25\\\/synthesio-met-le-nigeria-sur-la-carte-du-social-media-week-2013-smw13\\\/#primaryimage\"},\"image\":{\"@id\":\"https:\\\/\\\/visionarymarketing.com\\\/fr\\\/2013\\\/02\\\/25\\\/synthesio-met-le-nigeria-sur-la-carte-du-social-media-week-2013-smw13\\\/#primaryimage\"},\"thumbnailUrl\":\"https:\\\/\\\/visionarymarketing.com\\\/wp-content\\\/uploads\\\/2009\\\/09\\\/twitter-jumpstory-download20210305-200813.jpg\",\"datePublished\":\"2013-02-25T08:15:12+00:00\",\"dateModified\":\"2024-06-21T09:07:07+00:00\",\"author\":{\"@id\":\"https:\\\/\\\/visionarymarketing.com\\\/fr\\\/#\\\/schema\\\/person\\\/3754fee1e558f47b8deb46f53c37423e\"},\"description\":\"C'est d'abord un grand honneur d'\u00eatre au tableau de chasse des \\\"influenceurs\\\" de la social media week de la semaine derni\u00e8re. Il est vrai que l'\u00e9v\u00e9nement\",\"breadcrumb\":{\"@id\":\"https:\\\/\\\/visionarymarketing.com\\\/fr\\\/2013\\\/02\\\/25\\\/synthesio-met-le-nigeria-sur-la-carte-du-social-media-week-2013-smw13\\\/#breadcrumb\"},\"inLanguage\":\"fr-FR\",\"potentialAction\":[{\"@type\":\"ReadAction\",\"target\":[\"https:\\\/\\\/visionarymarketing.com\\\/fr\\\/2013\\\/02\\\/25\\\/synthesio-met-le-nigeria-sur-la-carte-du-social-media-week-2013-smw13\\\/\"]}]},{\"@type\":\"ImageObject\",\"inLanguage\":\"fr-FR\",\"@id\":\"https:\\\/\\\/visionarymarketing.com\\\/fr\\\/2013\\\/02\\\/25\\\/synthesio-met-le-nigeria-sur-la-carte-du-social-media-week-2013-smw13\\\/#primaryimage\",\"url\":\"https:\\\/\\\/visionarymarketing.com\\\/wp-content\\\/uploads\\\/2009\\\/09\\\/twitter-jumpstory-download20210305-200813.jpg\",\"contentUrl\":\"https:\\\/\\\/visionarymarketing.com\\\/wp-content\\\/uploads\\\/2009\\\/09\\\/twitter-jumpstory-download20210305-200813.jpg\",\"width\":520,\"height\":340,\"caption\":\"Twitter n'est pas mort\"},{\"@type\":\"BreadcrumbList\",\"@id\":\"https:\\\/\\\/visionarymarketing.com\\\/fr\\\/2013\\\/02\\\/25\\\/synthesio-met-le-nigeria-sur-la-carte-du-social-media-week-2013-smw13\\\/#breadcrumb\",\"itemListElement\":[{\"@type\":\"ListItem\",\"position\":1,\"name\":\"Home\",\"item\":\"https:\\\/\\\/visionarymarketing.com\\\/fr\\\/\"},{\"@type\":\"ListItem\",\"position\":2,\"name\":\"Synthesio met Media Aces sur la carte du Social Media Week\"}]},{\"@type\":\"WebSite\",\"@id\":\"https:\\\/\\\/visionarymarketing.com\\\/fr\\\/#website\",\"url\":\"https:\\\/\\\/visionarymarketing.com\\\/fr\\\/\",\"name\":\"Marketing and Innovation\",\"description\":\"Site d&#039;infos ind\u00e9pendant, depuis 1996\",\"potentialAction\":[{\"@type\":\"SearchAction\",\"target\":{\"@type\":\"EntryPoint\",\"urlTemplate\":\"https:\\\/\\\/visionarymarketing.com\\\/fr\\\/?s={search_term_string}\"},\"query-input\":{\"@type\":\"PropertyValueSpecification\",\"valueRequired\":true,\"valueName\":\"search_term_string\"}}],\"inLanguage\":\"fr-FR\"},{\"@type\":\"Person\",\"@id\":\"https:\\\/\\\/visionarymarketing.com\\\/fr\\\/#\\\/schema\\\/person\\\/3754fee1e558f47b8deb46f53c37423e\",\"name\":\"Yann Gourvennec\",\"image\":{\"@type\":\"ImageObject\",\"inLanguage\":\"fr-FR\",\"@id\":\"https:\\\/\\\/secure.gravatar.com\\\/avatar\\\/5972001801e8de5692a3e31224e85769f50a55fb8b679749f9c8d1868cceff14?s=96&d=initials&r=g&initials=yg\",\"url\":\"https:\\\/\\\/secure.gravatar.com\\\/avatar\\\/5972001801e8de5692a3e31224e85769f50a55fb8b679749f9c8d1868cceff14?s=96&d=initials&r=g&initials=yg\",\"contentUrl\":\"https:\\\/\\\/secure.gravatar.com\\\/avatar\\\/5972001801e8de5692a3e31224e85769f50a55fb8b679749f9c8d1868cceff14?s=96&d=initials&r=g&initials=yg\",\"caption\":\"Yann Gourvennec\"},\"description\":\"Yann Gourvennec created visionarymarketing.com in 1996. He is a speaker and author of many books. In 2014 he went from intrapreneur to entrepreneur, when he created his digital marketing agency. Yann Gourvennec a cr\u00e9\u00e9 visionarymarketing.com en 1996. Il est conf\u00e9rencier et auteur de plusieurs livres. En 2014, il est pass\u00e9 d'intrapreneur \u00e0 entrepreneur en cr\u00e9ant son agence de marketing num\u00e9rique.\",\"sameAs\":[\"https:\\\/\\\/visionarymarketing.com\",\"http:\\\/\\\/facebook.com\\\/ygourven\",\"http:\\\/\\\/linkedin.com\\\/in\\\/ygourven\",\"https:\\\/\\\/x.com\\\/ygourven\",\"https:\\\/\\\/www.youtube.com\\\/c\\\/visionarymarketingagency\"],\"url\":\"https:\\\/\\\/visionarymarketing.com\\\/fr\\\/author\\\/yann-gourvennec\\\/\"}]}<\/script>\n<!-- \/ Yoast SEO plugin. -->","yoast_head_json":{"title":"Synthesio met Media Aces sur la carte du Social Media Week","description":"C'est d'abord un grand honneur d'\u00eatre au tableau de chasse des \"influenceurs\" de la social media week de la semaine derni\u00e8re. Il est vrai que l'\u00e9v\u00e9nement","robots":{"index":"index","follow":"follow","max-snippet":"max-snippet:-1","max-image-preview":"max-image-preview:large","max-video-preview":"max-video-preview:-1"},"canonical":"https:\/\/visionarymarketing.com\/fr\/2013\/02\/25\/synthesio-met-le-nigeria-sur-la-carte-du-social-media-week-2013-smw13\/","og_locale":"fr_FR","og_type":"article","og_title":"Synthesio met Media Aces sur la carte du Social Media Week","og_description":"C'est d'abord un grand honneur d'\u00eatre au tableau de chasse des \"influenceurs\" de la social media week de la semaine derni\u00e8re. Il est vrai que l'\u00e9v\u00e9nement","og_url":"https:\/\/visionarymarketing.com\/fr\/2013\/02\/25\/synthesio-met-le-nigeria-sur-la-carte-du-social-media-week-2013-smw13\/","og_site_name":"Marketing and Innovation","article_publisher":"https:\/\/www.facebook.com\/vismktg","article_author":"http:\/\/facebook.com\/ygourven","article_published_time":"2013-02-25T08:15:12+00:00","article_modified_time":"2024-06-21T09:07:07+00:00","og_image":[{"width":520,"height":340,"url":"https:\/\/visionarymarketing.com\/wp-content\/uploads\/2009\/09\/twitter-jumpstory-download20210305-200813.jpg","type":"image\/jpeg"}],"author":"Yann Gourvennec","twitter_card":"summary_large_image","twitter_creator":"@ygourven","twitter_site":"@ygourven","twitter_misc":{"\u00c9crit par":"Yann Gourvennec","Dur\u00e9e de lecture estim\u00e9e":"3 minutes"},"schema":{"@context":"https:\/\/schema.org","@graph":[{"@type":"NewsArticle","@id":"https:\/\/visionarymarketing.com\/fr\/2013\/02\/25\/synthesio-met-le-nigeria-sur-la-carte-du-social-media-week-2013-smw13\/#article","isPartOf":{"@id":"https:\/\/visionarymarketing.com\/fr\/2013\/02\/25\/synthesio-met-le-nigeria-sur-la-carte-du-social-media-week-2013-smw13\/"},"author":{"name":"Yann Gourvennec","@id":"https:\/\/visionarymarketing.com\/fr\/#\/schema\/person\/3754fee1e558f47b8deb46f53c37423e"},"headline":"Synthesio met Media Aces sur la carte du Social Media Week","datePublished":"2013-02-25T08:15:12+00:00","dateModified":"2024-06-21T09:07:07+00:00","mainEntityOfPage":{"@id":"https:\/\/visionarymarketing.com\/fr\/2013\/02\/25\/synthesio-met-le-nigeria-sur-la-carte-du-social-media-week-2013-smw13\/"},"wordCount":613,"commentCount":0,"image":{"@id":"https:\/\/visionarymarketing.com\/fr\/2013\/02\/25\/synthesio-met-le-nigeria-sur-la-carte-du-social-media-week-2013-smw13\/#primaryimage"},"thumbnailUrl":"https:\/\/visionarymarketing.com\/wp-content\/uploads\/2009\/09\/twitter-jumpstory-download20210305-200813.jpg","articleSection":["m\u00e9dias \/ r\u00e9seaux sociaux"],"inLanguage":"fr-FR","potentialAction":[{"@type":"CommentAction","name":"Comment","target":["https:\/\/visionarymarketing.com\/fr\/2013\/02\/25\/synthesio-met-le-nigeria-sur-la-carte-du-social-media-week-2013-smw13\/#respond"]}]},{"@type":"WebPage","@id":"https:\/\/visionarymarketing.com\/fr\/2013\/02\/25\/synthesio-met-le-nigeria-sur-la-carte-du-social-media-week-2013-smw13\/","url":"https:\/\/visionarymarketing.com\/fr\/2013\/02\/25\/synthesio-met-le-nigeria-sur-la-carte-du-social-media-week-2013-smw13\/","name":"Synthesio met Media Aces sur la carte du Social Media Week","isPartOf":{"@id":"https:\/\/visionarymarketing.com\/fr\/#website"},"primaryImageOfPage":{"@id":"https:\/\/visionarymarketing.com\/fr\/2013\/02\/25\/synthesio-met-le-nigeria-sur-la-carte-du-social-media-week-2013-smw13\/#primaryimage"},"image":{"@id":"https:\/\/visionarymarketing.com\/fr\/2013\/02\/25\/synthesio-met-le-nigeria-sur-la-carte-du-social-media-week-2013-smw13\/#primaryimage"},"thumbnailUrl":"https:\/\/visionarymarketing.com\/wp-content\/uploads\/2009\/09\/twitter-jumpstory-download20210305-200813.jpg","datePublished":"2013-02-25T08:15:12+00:00","dateModified":"2024-06-21T09:07:07+00:00","author":{"@id":"https:\/\/visionarymarketing.com\/fr\/#\/schema\/person\/3754fee1e558f47b8deb46f53c37423e"},"description":"C'est d'abord un grand honneur d'\u00eatre au tableau de chasse des \"influenceurs\" de la social media week de la semaine derni\u00e8re. Il est vrai que l'\u00e9v\u00e9nement","breadcrumb":{"@id":"https:\/\/visionarymarketing.com\/fr\/2013\/02\/25\/synthesio-met-le-nigeria-sur-la-carte-du-social-media-week-2013-smw13\/#breadcrumb"},"inLanguage":"fr-FR","potentialAction":[{"@type":"ReadAction","target":["https:\/\/visionarymarketing.com\/fr\/2013\/02\/25\/synthesio-met-le-nigeria-sur-la-carte-du-social-media-week-2013-smw13\/"]}]},{"@type":"ImageObject","inLanguage":"fr-FR","@id":"https:\/\/visionarymarketing.com\/fr\/2013\/02\/25\/synthesio-met-le-nigeria-sur-la-carte-du-social-media-week-2013-smw13\/#primaryimage","url":"https:\/\/visionarymarketing.com\/wp-content\/uploads\/2009\/09\/twitter-jumpstory-download20210305-200813.jpg","contentUrl":"https:\/\/visionarymarketing.com\/wp-content\/uploads\/2009\/09\/twitter-jumpstory-download20210305-200813.jpg","width":520,"height":340,"caption":"Twitter n'est pas mort"},{"@type":"BreadcrumbList","@id":"https:\/\/visionarymarketing.com\/fr\/2013\/02\/25\/synthesio-met-le-nigeria-sur-la-carte-du-social-media-week-2013-smw13\/#breadcrumb","itemListElement":[{"@type":"ListItem","position":1,"name":"Home","item":"https:\/\/visionarymarketing.com\/fr\/"},{"@type":"ListItem","position":2,"name":"Synthesio met Media Aces sur la carte du Social Media Week"}]},{"@type":"WebSite","@id":"https:\/\/visionarymarketing.com\/fr\/#website","url":"https:\/\/visionarymarketing.com\/fr\/","name":"Marketing and Innovation","description":"Site d&#039;infos ind\u00e9pendant, depuis 1996","potentialAction":[{"@type":"SearchAction","target":{"@type":"EntryPoint","urlTemplate":"https:\/\/visionarymarketing.com\/fr\/?s={search_term_string}"},"query-input":{"@type":"PropertyValueSpecification","valueRequired":true,"valueName":"search_term_string"}}],"inLanguage":"fr-FR"},{"@type":"Person","@id":"https:\/\/visionarymarketing.com\/fr\/#\/schema\/person\/3754fee1e558f47b8deb46f53c37423e","name":"Yann Gourvennec","image":{"@type":"ImageObject","inLanguage":"fr-FR","@id":"https:\/\/secure.gravatar.com\/avatar\/5972001801e8de5692a3e31224e85769f50a55fb8b679749f9c8d1868cceff14?s=96&d=initials&r=g&initials=yg","url":"https:\/\/secure.gravatar.com\/avatar\/5972001801e8de5692a3e31224e85769f50a55fb8b679749f9c8d1868cceff14?s=96&d=initials&r=g&initials=yg","contentUrl":"https:\/\/secure.gravatar.com\/avatar\/5972001801e8de5692a3e31224e85769f50a55fb8b679749f9c8d1868cceff14?s=96&d=initials&r=g&initials=yg","caption":"Yann Gourvennec"},"description":"Yann Gourvennec created visionarymarketing.com in 1996. He is a speaker and author of many books. In 2014 he went from intrapreneur to entrepreneur, when he created his digital marketing agency. Yann Gourvennec a cr\u00e9\u00e9 visionarymarketing.com en 1996. Il est conf\u00e9rencier et auteur de plusieurs livres. En 2014, il est pass\u00e9 d'intrapreneur \u00e0 entrepreneur en cr\u00e9ant son agence de marketing num\u00e9rique.","sameAs":["https:\/\/visionarymarketing.com","http:\/\/facebook.com\/ygourven","http:\/\/linkedin.com\/in\/ygourven","https:\/\/x.com\/ygourven","https:\/\/www.youtube.com\/c\/visionarymarketingagency"],"url":"https:\/\/visionarymarketing.com\/fr\/author\/yann-gourvennec\/"}]}},"_links":{"self":[{"href":"https:\/\/visionarymarketing.com\/fr\/wp-json\/wp\/v2\/posts\/7826","targetHints":{"allow":["GET"]}}],"collection":[{"href":"https:\/\/visionarymarketing.com\/fr\/wp-json\/wp\/v2\/posts"}],"about":[{"href":"https:\/\/visionarymarketing.com\/fr\/wp-json\/wp\/v2\/types\/post"}],"author":[{"embeddable":true,"href":"https:\/\/visionarymarketing.com\/fr\/wp-json\/wp\/v2\/users\/2"}],"replies":[{"embeddable":true,"href":"https:\/\/visionarymarketing.com\/fr\/wp-json\/wp\/v2\/comments?post=7826"}],"version-history":[{"count":0,"href":"https:\/\/visionarymarketing.com\/fr\/wp-json\/wp\/v2\/posts\/7826\/revisions"}],"wp:featuredmedia":[{"embeddable":true,"href":"https:\/\/visionarymarketing.com\/fr\/wp-json\/wp\/v2\/media\/61821"}],"wp:attachment":[{"href":"https:\/\/visionarymarketing.com\/fr\/wp-json\/wp\/v2\/media?parent=7826"}],"wp:term":[{"taxonomy":"category","embeddable":true,"href":"https:\/\/visionarymarketing.com\/fr\/wp-json\/wp\/v2\/categories?post=7826"},{"taxonomy":"post_tag","embeddable":true,"href":"https:\/\/visionarymarketing.com\/fr\/wp-json\/wp\/v2\/tags?post=7826"}],"curies":[{"name":"wp","href":"https:\/\/api.w.org\/{rel}","templated":true}]}}